{"id":16883,"date":"2022-09-12T09:30:10","date_gmt":"2022-09-12T07:30:10","guid":{"rendered":"https:\/\/www.organisator.ch\/?p=16883"},"modified":"2022-09-12T11:44:23","modified_gmt":"2022-09-12T09:44:23","slug":"retrospective-sges-2022-raccomplissement-manque","status":"publish","type":"post","link":"https:\/\/www.organisator.ch\/fr\/sustainability\/2022-09-12\/rueckblick-sges-2022-versaeumtes-nachholen\/","title":{"rendered":"R\u00e9trospective SGES 2022 : \"Rattraper le retard\"."},"content":{"rendered":"<figure id=\"attachment_16884\" aria-describedby=\"caption-attachment-16884\" style=\"width: 680px\" class=\"wp-caption alignnone\"><img loading=\"lazy\" decoding=\"async\" class=\"size-full wp-image-16884\" src=\"https:\/\/www.organisator.ch\/wp-content\/uploads\/2022\/09\/Ruckblick-SGES-2022-Versaumtes-nachholen_Organisator.jpg\" alt=\"\" width=\"680\" height=\"452\" srcset=\"https:\/\/www.organisator.ch\/wp-content\/uploads\/2022\/09\/Ruckblick-SGES-2022-Versaumtes-nachholen_Organisator.jpg 680w, https:\/\/www.organisator.ch\/wp-content\/uploads\/2022\/09\/Ruckblick-SGES-2022-Versaumtes-nachholen_Organisator-18x12.jpg 18w, https:\/\/www.organisator.ch\/wp-content\/uploads\/2022\/09\/Ruckblick-SGES-2022-Versaumtes-nachholen_Organisator-263x175.jpg 263w, https:\/\/www.organisator.ch\/wp-content\/uploads\/2022\/09\/Ruckblick-SGES-2022-Versaumtes-nachholen_Organisator-527x350.jpg 527w, https:\/\/www.organisator.ch\/wp-content\/uploads\/2022\/09\/Ruckblick-SGES-2022-Versaumtes-nachholen_Organisator-300x199.jpg 300w\" sizes=\"auto, (max-width: 680px) 100vw, 680px\" \/><figcaption id=\"caption-attachment-16884\" class=\"wp-caption-text\">Lors du SGES 2022, le conseiller national J\u00fcrg Grossen a clairement critiqu\u00e9 la politique climatique du Conseil f\u00e9d\u00e9ral. (Image ; Thomas Berner)<\/figcaption><\/figure>\n<p>L'\u00e9conomie verte est l'une des principales tendances d'avenir. Dans un avenir proche, de plus en plus d'entreprises s'occuperont concr\u00e8tement, d'une mani\u00e8re ou d'une autre, de produits durables - et pour toutes les autres, les r\u00e9glementations et autres contraintes, telles que le changement climatique et la crise \u00e9nerg\u00e9tique, devraient \u00e0 elles seules conduire \u00e0 s'occuper davantage d'\u00e9conomie durable. La situation actuelle en mati\u00e8re d'approvisionnement \u00e9nerg\u00e9tique montre clairement que nous devons maintenant \"rattraper ce qui a \u00e9t\u00e9 n\u00e9glig\u00e9\". \"Nous ne sommes pas face \u00e0 une crise \u00e9nerg\u00e9tique, mais dans une crise \u00e9nerg\u00e9tique\", a d\u00e9clar\u00e9 le maire de Berne Alec von Graffenried dans son message de bienvenue au premier jour du Swiss Green Economy Symposium SGES, et il a avou\u00e9 : \"Nous devons agir maintenant\".<\/p>\n<h3>SGES : Le sommet \u00e9conomique \"vert\" depuis 2013<\/h3>\n<p>Depuis 2013, le Swiss Green Economy Symposium (SGES) montre \u00e0 l'aide d'exemples concrets comment l'\u00e9conomie, la politique, la science et les ONG peuvent contribuer ensemble \u00e0 une plus grande prosp\u00e9rit\u00e9, \u00e0 la protection de l'environnement et \u00e0 une cohabitation plus pacifique. Cette ann\u00e9e, l'\u00e9v\u00e9nement \u00e9tait plac\u00e9 sous la devise \"Collaborer de mani\u00e8re responsable et courageuse\". Lors des deux journ\u00e9es du symposium, les 7 et 8 septembre 2022, des questions d'actualit\u00e9 relatives \u00e0 l'\u00e9conomie circulaire, \u00e0 la protection du climat et \u00e0 la responsabilit\u00e9 sociale ont \u00e9t\u00e9 discut\u00e9es lors de s\u00e9ances pl\u00e9ni\u00e8res et de divers forums dits d'innovation. Ernst Ulrich von Weizs\u00e4cker, pr\u00e9sident d'honneur du Club de Rome, qui a attir\u00e9 l'attention pour la premi\u00e8re fois sur les limites de la croissance il y a 50 ans. Aujourd'hui, force est de constater que les appels de 1972 ont malheureusement gagn\u00e9 en urgence - dans le monde entier, mais aussi en Suisse.<\/p>\n<h3>Protection du climat : avons-nous encore assez de temps ?<\/h3>\n<p>Lors de la premi\u00e8re journ\u00e9e du SGES 2022, Katrin Schneeberger, directrice de l'Office f\u00e9d\u00e9ral de l'environnement (OFEV), a donn\u00e9 un aper\u00e7u de l'\u00e9tat de l'\u00e9conomie circulaire en Suisse. Bien que beaucoup soit d\u00e9j\u00e0 fait, il y a encore beaucoup de marge de progression : ainsi, seules 12% des entreprises suisses ont des activit\u00e9s circulaires dans leurs activit\u00e9s. Seules 9% d'entre elles investissent plus de 10% dans l'\u00e9conomie circulaire. Et 12 pour cent seulement des entreprises suisses r\u00e9alisent plus de 10 pour cent de leur chiffre d'affaires avec l'\u00e9conomie circulaire. Sur le th\u00e8me de la protection du climat, le conseiller national J\u00fcrg Grossen a tir\u00e9 \u00e0 boulets rouges sur le Conseil f\u00e9d\u00e9ral. Celui-ci n'a pas su poser les jalons \u00e0 temps et doit maintenant agir en permanence avec des mesures d'urgence. J\u00fcrg Grossen voit justement dans la num\u00e9risation les plus grandes chances : gr\u00e2ce \u00e0 une technologie intelligente, il est possible d'\u00e9conomiser jusqu'\u00e0 80 pour cent d'\u00e9nergie, comme il l'a expliqu\u00e9 \u00e0 l'aide du b\u00e2timent de sa propre entreprise. \"C'est de cela qu'il faut parler, pas d'une plus grande production d'\u00e9nergie\", a d\u00e9clar\u00e9 Grossen. L'action de quelques militants pour le climat a \u00e9galement montr\u00e9 \u00e0 quel point la discussion est actuellement proverbiale. Ils ont fait irruption sur la sc\u00e8ne et ont demand\u00e9 au participant au d\u00e9bat, Juan Beer, CEO de la Zurich Assurance, que son entreprise abandonne imm\u00e9diatement tous ses investissements dans le p\u00e9trole et le gaz. \"Nous sommes dans une transition et cela prend du temps\", a r\u00e9pliqu\u00e9 Beer, en soulignant que les premi\u00e8res mesures pour sortir du p\u00e9trole et du gaz avaient d\u00e9j\u00e0 \u00e9t\u00e9 prises.<\/p>\n<p>Les r\u00e9cits existants ne fonctionnent plus, comme l'a \u00e9galement soulign\u00e9 David Sch\u00e4rer de Rod Kommunikation le premier jour du symposium. Les entreprises doivent \u00eatre encore plus conscientes de leur responsabilit\u00e9 sociale. Les exemples sont de plus en plus nombreux. Une pionni\u00e8re dans ce domaine est par exemple Migros qui, avec son Pour-cent culturel, investit chaque ann\u00e9e des sommes consid\u00e9rables dans la vie sociale et culturelle.<\/p>\n<h3>La protection du climat dans les entreprises : Il reste encore beaucoup \u00e0 faire<\/h3>\n<p>Le courage et la responsabilit\u00e9 n\u00e9cessaires pour des \u00e9nergies s\u00fbres et durables ont \u00e9t\u00e9 approfondis le deuxi\u00e8me jour de la manifestation. La question de savoir comment parvenir \u00e0 une Suisse globale et durable en collaborant davantage a \u00e9galement \u00e9t\u00e9 abord\u00e9e. Comme lors de la premi\u00e8re journ\u00e9e, divers forums d'innovation ont \u00e9t\u00e9 organis\u00e9s pour traiter de l'\u00e9conomie circulaire, de la protection du climat et de la responsabilit\u00e9 sociale en se concentrant sur certains secteurs. Il a ainsi \u00e9t\u00e9 question de la gestion de l'\u00e9nergie dans les b\u00e2timents, de la logistique urbaine, des instruments de financement durables, de la communication sur la durabilit\u00e9 ou de la protection concr\u00e8te du climat dans les entreprises. Dans ce contexte, la Swiss Climate Action Initiative (SCAI) a \u00e9t\u00e9 pr\u00e9sent\u00e9e. Celle-ci a pour objectif de d\u00e9velopper, entre autres, un guide pour les PME, \u00e0 l'aide duquel celles-ci peuvent \u00e9laborer leur propre feuille de route pour atteindre les objectifs climatiques. Un cockpit d'information sur le climat ainsi que la mise en \u0153uvre de la protection du climat tout au long des cha\u00eenes d'approvisionnement sont \u00e9galement au c\u0153ur de cette initiative.<\/p>\n<h3>Prochain SGES : 6 et 7 septembre 2023<\/h3>\n<p>Outre les expos\u00e9s et les forums d'innovation, une petite exposition a \u00e9t\u00e9 organis\u00e9e avec 16 organisations participantes. Il s'agissait de diff\u00e9rentes innovations permettant d'atteindre certains des 17 objectifs de durabilit\u00e9 de l'ONU. On y trouvait par exemple des solutions en bioplastique, des mat\u00e9riaux de construction durables ainsi que des offres de conseil et de formation continue. Avec un total de 250 intervenants, 16 forums d'innovation et 11 keynotes, le SGES a \u00e9t\u00e9 \u00e0 la hauteur de son ambition d'\u00eatre le sommet \u00e9conomique le plus complet de Suisse en mati\u00e8re d'\u00e9conomie verte. Pourtant, on a parfois encore eu l'impression d'\u00e9voluer dans une \"bulle de personnes partageant les m\u00eames id\u00e9es\", pour lesquelles la direction est claire : les paroles doivent maintenant \u00eatre suivies d'actes. Les actions \u00e9clair teint\u00e9es d'id\u00e9ologie ou la politique d'obstruction syst\u00e9matique ne sont pas tr\u00e8s efficaces. N\u00e9anmoins, lors des deux journ\u00e9es du symposium, la direction de l'objectif n\u00b0 17 de l'Agenda 2030 de l'ONU \u00e9tait la bonne : \"Renforcer les moyens de mise en \u0153uvre et donner un nouveau souffle au partenariat mondial pour le d\u00e9veloppement durable\". Le prochain Swiss Green Economy Symposium aura lieu les 6 et 7 septembre 2023.<\/p>\n<p><em><a href=\"http:\/\/www.sges,ch\">Plus d'informations<\/a><\/em><\/p>","protected":false},"excerpt":{"rendered":"<p>Green Economy geh\u00f6rt zu den wichtigsten Zukunftstrends. In naher Zukunft werden wohl immer mehr Unternehmen sich in irgendeiner Form konkret mit nachhaltigen Produkten besch\u00e4ftigen \u2013 und f\u00fcr alle anderen d\u00fcrften allein schon Regulierungen und andere Sachzw\u00e4nge wie Klimawandel und Energiekrise zu einer verst\u00e4rkten Besch\u00e4ftigung mit nachhaltiger Wirtschaft f\u00fchren. Die aktuelle Situation bei der Energieversorgung zeige [&hellip;]<\/p>\n","protected":false},"author":4,"featured_media":16884,"comment_status":"closed","ping_status":"closed","sticky":false,"template":"","format":"standard","meta":{"_acf_changed":false,"_yoast_wpseo_focuskw":"SGES","_yoast_wpseo_metadesc":"Am 7. und 8. September 2022 trafen sich mehrere hundert Teilnehmende in Winterthur zum Swiss Green Economy Symposium SGES.","articlekey":"","footnotes":""},"categories":[580],"tags":[193,358,502],"class_list":["post-16883","post","type-post","status-publish","format-standard","has-post-thumbnail","hentry","category-sustainability","tag-fachkongressfachmesse","tag-nachhaltige-wirtschaft","tag-veranstaltungen"],"acf":[],"yoast_head":"<!-- This site is optimized with the Yoast SEO plugin v27.4 - https:\/\/yoast.com\/product\/yoast-seo-wordpress\/ -->\n<title>R\u00fcckblick SGES 2022: \u00abVers\u00e4umtes nachholen\u00bb - Organisator<\/title>\n<meta name=\"description\" content=\"Am 7. und 8. September 2022 trafen sich mehrere hundert Teilnehmende in Winterthur zum Swiss Green Economy Symposium SGES.\" \/>\n<meta name=\"robots\" content=\"index, follow, max-snippet:-1, max-image-preview:large, max-video-preview:-1\" \/>\n<link rel=\"canonical\" href=\"https:\/\/www.organisator.ch\/fr\/sustainability\/2022-09-12\/retrospective-sges-2022-raccomplissement-manque\/\" \/>\n<meta property=\"og:locale\" content=\"fr_FR\" \/>\n<meta property=\"og:type\" content=\"article\" \/>\n<meta property=\"og:title\" content=\"R\u00fcckblick SGES 2022: \u00abVers\u00e4umtes nachholen\u00bb\" \/>\n<meta property=\"og:description\" content=\"Am 7. und 8. September 2022 trafen sich mehrere hundert Teilnehmende in Winterthur zum Swiss Green Economy Symposium SGES.\" \/>\n<meta property=\"og:url\" content=\"https:\/\/www.organisator.ch\/fr\/sustainability\/2022-09-12\/retrospective-sges-2022-raccomplissement-manque\/\" \/>\n<meta property=\"og:site_name\" content=\"Organisator\" \/>\n<meta property=\"article:publisher\" content=\"https:\/\/www.facebook.com\/OrganisatorFachmagazin\" \/>\n<meta property=\"article:published_time\" content=\"2022-09-12T07:30:10+00:00\" \/>\n<meta property=\"article:modified_time\" content=\"2022-09-12T09:44:23+00:00\" \/>\n<meta property=\"og:image\" content=\"https:\/\/www.organisator.ch\/wp-content\/uploads\/2022\/09\/Ruckblick-SGES-2022-Versaumtes-nachholen_Organisator.jpg\" \/>\n\t<meta property=\"og:image:width\" content=\"680\" \/>\n\t<meta property=\"og:image:height\" content=\"452\" \/>\n\t<meta property=\"og:image:type\" content=\"image\/jpeg\" \/>\n<meta name=\"author\" content=\"thomas.berner\" \/>\n<meta name=\"twitter:card\" content=\"summary_large_image\" \/>\n<meta name=\"twitter:title\" content=\"#R\u00fcckblick #SGES 2022: \u00abVers\u00e4umtes nachholen\u00bb\" \/>\n<meta name=\"twitter:description\" content=\"Am 7. und 8. September 2022 trafen sich mehrere hundert Teilnehmende in #Winterthur zum Swiss Green Economy Symposium #SGES.\" \/>\n<meta name=\"twitter:image\" content=\"https:\/\/www.organisator.ch\/wp-content\/uploads\/2022\/09\/Ruckblick-SGES-2022-Versaumtes-nachholen_Organisator.jpg\" \/>\n<script type=\"application\/ld+json\" class=\"yoast-schema-graph\">{\"@context\":\"https:\\\/\\\/schema.org\",\"@graph\":[{\"@type\":\"Article\",\"@id\":\"https:\\\/\\\/www.organisator.ch\\\/sustainability\\\/2022-09-12\\\/rueckblick-sges-2022-versaeumtes-nachholen\\\/#article\",\"isPartOf\":{\"@id\":\"https:\\\/\\\/www.organisator.ch\\\/sustainability\\\/2022-09-12\\\/rueckblick-sges-2022-versaeumtes-nachholen\\\/\"},\"author\":{\"name\":\"thomas.berner\",\"@id\":\"https:\\\/\\\/www.organisator.ch\\\/#\\\/schema\\\/person\\\/6f650f90b2842cd4c0cc334b4e36f67e\"},\"headline\":\"R\u00fcckblick SGES 2022: \u00abVers\u00e4umtes nachholen\u00bb\",\"datePublished\":\"2022-09-12T07:30:10+00:00\",\"dateModified\":\"2022-09-12T09:44:23+00:00\",\"mainEntityOfPage\":{\"@id\":\"https:\\\/\\\/www.organisator.ch\\\/sustainability\\\/2022-09-12\\\/rueckblick-sges-2022-versaeumtes-nachholen\\\/\"},\"wordCount\":865,\"publisher\":{\"@id\":\"https:\\\/\\\/www.organisator.ch\\\/#organization\"},\"image\":{\"@id\":\"https:\\\/\\\/www.organisator.ch\\\/sustainability\\\/2022-09-12\\\/rueckblick-sges-2022-versaeumtes-nachholen\\\/#primaryimage\"},\"thumbnailUrl\":\"https:\\\/\\\/www.organisator.ch\\\/wp-content\\\/uploads\\\/2022\\\/09\\\/Ruckblick-SGES-2022-Versaumtes-nachholen_Organisator.jpg\",\"keywords\":[\"Fachkongress\\\/Fachmesse\",\"Nachhaltige Wirtschaft\",\"Veranstaltungen\"],\"articleSection\":[\"SUSTAINABILITY\"],\"inLanguage\":\"fr-FR\"},{\"@type\":\"WebPage\",\"@id\":\"https:\\\/\\\/www.organisator.ch\\\/sustainability\\\/2022-09-12\\\/rueckblick-sges-2022-versaeumtes-nachholen\\\/\",\"url\":\"https:\\\/\\\/www.organisator.ch\\\/sustainability\\\/2022-09-12\\\/rueckblick-sges-2022-versaeumtes-nachholen\\\/\",\"name\":\"R\u00fcckblick SGES 2022: \u00abVers\u00e4umtes nachholen\u00bb - Organisator\",\"isPartOf\":{\"@id\":\"https:\\\/\\\/www.organisator.ch\\\/#website\"},\"primaryImageOfPage\":{\"@id\":\"https:\\\/\\\/www.organisator.ch\\\/sustainability\\\/2022-09-12\\\/rueckblick-sges-2022-versaeumtes-nachholen\\\/#primaryimage\"},\"image\":{\"@id\":\"https:\\\/\\\/www.organisator.ch\\\/sustainability\\\/2022-09-12\\\/rueckblick-sges-2022-versaeumtes-nachholen\\\/#primaryimage\"},\"thumbnailUrl\":\"https:\\\/\\\/www.organisator.ch\\\/wp-content\\\/uploads\\\/2022\\\/09\\\/Ruckblick-SGES-2022-Versaumtes-nachholen_Organisator.jpg\",\"datePublished\":\"2022-09-12T07:30:10+00:00\",\"dateModified\":\"2022-09-12T09:44:23+00:00\",\"description\":\"Am 7. und 8. September 2022 trafen sich mehrere hundert Teilnehmende in Winterthur zum Swiss Green Economy Symposium SGES.\",\"breadcrumb\":{\"@id\":\"https:\\\/\\\/www.organisator.ch\\\/sustainability\\\/2022-09-12\\\/rueckblick-sges-2022-versaeumtes-nachholen\\\/#breadcrumb\"},\"inLanguage\":\"fr-FR\",\"potentialAction\":[{\"@type\":\"ReadAction\",\"target\":[\"https:\\\/\\\/www.organisator.ch\\\/sustainability\\\/2022-09-12\\\/rueckblick-sges-2022-versaeumtes-nachholen\\\/\"]}]},{\"@type\":\"ImageObject\",\"inLanguage\":\"fr-FR\",\"@id\":\"https:\\\/\\\/www.organisator.ch\\\/sustainability\\\/2022-09-12\\\/rueckblick-sges-2022-versaeumtes-nachholen\\\/#primaryimage\",\"url\":\"https:\\\/\\\/www.organisator.ch\\\/wp-content\\\/uploads\\\/2022\\\/09\\\/Ruckblick-SGES-2022-Versaumtes-nachholen_Organisator.jpg\",\"contentUrl\":\"https:\\\/\\\/www.organisator.ch\\\/wp-content\\\/uploads\\\/2022\\\/09\\\/Ruckblick-SGES-2022-Versaumtes-nachholen_Organisator.jpg\",\"width\":680,\"height\":452,\"caption\":\"Nationalrat J\u00fcrg Grossen \u00e4usserte am SGES 2022 deutliche Kritik an der Klimapolitik des Bundesrats. (Bild; Thomas Berner)\"},{\"@type\":\"BreadcrumbList\",\"@id\":\"https:\\\/\\\/www.organisator.ch\\\/sustainability\\\/2022-09-12\\\/rueckblick-sges-2022-versaeumtes-nachholen\\\/#breadcrumb\",\"itemListElement\":[{\"@type\":\"ListItem\",\"position\":1,\"name\":\"Home\",\"item\":\"https:\\\/\\\/www.organisator.ch\\\/\"},{\"@type\":\"ListItem\",\"position\":2,\"name\":\"R\u00fcckblick SGES 2022: \u00abVers\u00e4umtes nachholen\u00bb\"}]},{\"@type\":\"WebSite\",\"@id\":\"https:\\\/\\\/www.organisator.ch\\\/#website\",\"url\":\"https:\\\/\\\/www.organisator.ch\\\/\",\"name\":\"Organisator\",\"description\":\"Kompetent. Praxisnah. Der ORGANISATOR bereitet in 10 Ausgaben pro Jahr die wesentlichen Themen f\u00fcr F\u00fchrungskr\u00e4fte von KMU auf.\",\"publisher\":{\"@id\":\"https:\\\/\\\/www.organisator.ch\\\/#organization\"},\"potentialAction\":[{\"@type\":\"SearchAction\",\"target\":{\"@type\":\"EntryPoint\",\"urlTemplate\":\"https:\\\/\\\/www.organisator.ch\\\/?s={search_term_string}\"},\"query-input\":{\"@type\":\"PropertyValueSpecification\",\"valueRequired\":true,\"valueName\":\"search_term_string\"}}],\"inLanguage\":\"fr-FR\"},{\"@type\":\"Organization\",\"@id\":\"https:\\\/\\\/www.organisator.ch\\\/#organization\",\"name\":\"Organisator\",\"url\":\"https:\\\/\\\/www.organisator.ch\\\/\",\"logo\":{\"@type\":\"ImageObject\",\"inLanguage\":\"fr-FR\",\"@id\":\"https:\\\/\\\/www.organisator.ch\\\/#\\\/schema\\\/logo\\\/image\\\/\",\"url\":\"https:\\\/\\\/www.organisator.ch\\\/wp-content\\\/uploads\\\/2022\\\/01\\\/Logo_Organisator_Website.png\",\"contentUrl\":\"https:\\\/\\\/www.organisator.ch\\\/wp-content\\\/uploads\\\/2022\\\/01\\\/Logo_Organisator_Website.png\",\"width\":800,\"height\":77,\"caption\":\"Organisator\"},\"image\":{\"@id\":\"https:\\\/\\\/www.organisator.ch\\\/#\\\/schema\\\/logo\\\/image\\\/\"},\"sameAs\":[\"https:\\\/\\\/www.facebook.com\\\/OrganisatorFachmagazin\",\"https:\\\/\\\/www.linkedin.com\\\/showcase\\\/organisator-das-magazin-fr-kmu\",\"https:\\\/\\\/www.xing.com\\\/news\\\/pages\\\/organisator-ch-695\",\"https:\\\/\\\/www.youtube.com\\\/channel\\\/UCGP2Sq0iWaZwT3BdIAQFYpw\"]},{\"@type\":\"Person\",\"@id\":\"https:\\\/\\\/www.organisator.ch\\\/#\\\/schema\\\/person\\\/6f650f90b2842cd4c0cc334b4e36f67e\",\"name\":\"thomas.berner\",\"image\":{\"@type\":\"ImageObject\",\"inLanguage\":\"fr-FR\",\"@id\":\"https:\\\/\\\/secure.gravatar.com\\\/avatar\\\/ac5001d2a36cb6c6cd3e50789007ffca834b477b74a2144564522e944eabff61?s=96&d=mm&r=g\",\"url\":\"https:\\\/\\\/secure.gravatar.com\\\/avatar\\\/ac5001d2a36cb6c6cd3e50789007ffca834b477b74a2144564522e944eabff61?s=96&d=mm&r=g\",\"contentUrl\":\"https:\\\/\\\/secure.gravatar.com\\\/avatar\\\/ac5001d2a36cb6c6cd3e50789007ffca834b477b74a2144564522e944eabff61?s=96&d=mm&r=g\",\"caption\":\"thomas.berner\"},\"url\":\"https:\\\/\\\/www.organisator.ch\\\/fr\\\/author\\\/thomas-berner\\\/\"}]}<\/script>\n<!-- \/ Yoast SEO plugin. -->","yoast_head_json":{"title":"R\u00e9trospective SGES 2022 : \"Rattraper le retard\" - Organisateur","description":"Les 7 et 8 septembre 2022, plusieurs centaines de participants se sont retrouv\u00e9s \u00e0 Winterthur pour le Swiss Green Economy Symposium SGES.","robots":{"index":"index","follow":"follow","max-snippet":"max-snippet:-1","max-image-preview":"max-image-preview:large","max-video-preview":"max-video-preview:-1"},"canonical":"https:\/\/www.organisator.ch\/fr\/sustainability\/2022-09-12\/retrospective-sges-2022-raccomplissement-manque\/","og_locale":"fr_FR","og_type":"article","og_title":"R\u00fcckblick SGES 2022: \u00abVers\u00e4umtes nachholen\u00bb","og_description":"Am 7. und 8. September 2022 trafen sich mehrere hundert Teilnehmende in Winterthur zum Swiss Green Economy Symposium SGES.","og_url":"https:\/\/www.organisator.ch\/fr\/sustainability\/2022-09-12\/retrospective-sges-2022-raccomplissement-manque\/","og_site_name":"Organisator","article_publisher":"https:\/\/www.facebook.com\/OrganisatorFachmagazin","article_published_time":"2022-09-12T07:30:10+00:00","article_modified_time":"2022-09-12T09:44:23+00:00","og_image":[{"width":680,"height":452,"url":"https:\/\/www.organisator.ch\/wp-content\/uploads\/2022\/09\/Ruckblick-SGES-2022-Versaumtes-nachholen_Organisator.jpg","type":"image\/jpeg"}],"author":"thomas.berner","twitter_card":"summary_large_image","twitter_title":"#R\u00fcckblick #SGES 2022: \u00abVers\u00e4umtes nachholen\u00bb","twitter_description":"Am 7. und 8. September 2022 trafen sich mehrere hundert Teilnehmende in #Winterthur zum Swiss Green Economy Symposium #SGES.","twitter_image":"https:\/\/www.organisator.ch\/wp-content\/uploads\/2022\/09\/Ruckblick-SGES-2022-Versaumtes-nachholen_Organisator.jpg","schema":{"@context":"https:\/\/schema.org","@graph":[{"@type":"Article","@id":"https:\/\/www.organisator.ch\/sustainability\/2022-09-12\/rueckblick-sges-2022-versaeumtes-nachholen\/#article","isPartOf":{"@id":"https:\/\/www.organisator.ch\/sustainability\/2022-09-12\/rueckblick-sges-2022-versaeumtes-nachholen\/"},"author":{"name":"thomas.berner","@id":"https:\/\/www.organisator.ch\/#\/schema\/person\/6f650f90b2842cd4c0cc334b4e36f67e"},"headline":"R\u00fcckblick SGES 2022: \u00abVers\u00e4umtes nachholen\u00bb","datePublished":"2022-09-12T07:30:10+00:00","dateModified":"2022-09-12T09:44:23+00:00","mainEntityOfPage":{"@id":"https:\/\/www.organisator.ch\/sustainability\/2022-09-12\/rueckblick-sges-2022-versaeumtes-nachholen\/"},"wordCount":865,"publisher":{"@id":"https:\/\/www.organisator.ch\/#organization"},"image":{"@id":"https:\/\/www.organisator.ch\/sustainability\/2022-09-12\/rueckblick-sges-2022-versaeumtes-nachholen\/#primaryimage"},"thumbnailUrl":"https:\/\/www.organisator.ch\/wp-content\/uploads\/2022\/09\/Ruckblick-SGES-2022-Versaumtes-nachholen_Organisator.jpg","keywords":["Fachkongress\/Fachmesse","Nachhaltige Wirtschaft","Veranstaltungen"],"articleSection":["SUSTAINABILITY"],"inLanguage":"fr-FR"},{"@type":"WebPage","@id":"https:\/\/www.organisator.ch\/sustainability\/2022-09-12\/rueckblick-sges-2022-versaeumtes-nachholen\/","url":"https:\/\/www.organisator.ch\/sustainability\/2022-09-12\/rueckblick-sges-2022-versaeumtes-nachholen\/","name":"R\u00e9trospective SGES 2022 : \"Rattraper le retard\" - Organisateur","isPartOf":{"@id":"https:\/\/www.organisator.ch\/#website"},"primaryImageOfPage":{"@id":"https:\/\/www.organisator.ch\/sustainability\/2022-09-12\/rueckblick-sges-2022-versaeumtes-nachholen\/#primaryimage"},"image":{"@id":"https:\/\/www.organisator.ch\/sustainability\/2022-09-12\/rueckblick-sges-2022-versaeumtes-nachholen\/#primaryimage"},"thumbnailUrl":"https:\/\/www.organisator.ch\/wp-content\/uploads\/2022\/09\/Ruckblick-SGES-2022-Versaumtes-nachholen_Organisator.jpg","datePublished":"2022-09-12T07:30:10+00:00","dateModified":"2022-09-12T09:44:23+00:00","description":"Les 7 et 8 septembre 2022, plusieurs centaines de participants se sont retrouv\u00e9s \u00e0 Winterthur pour le Swiss Green Economy Symposium SGES.","breadcrumb":{"@id":"https:\/\/www.organisator.ch\/sustainability\/2022-09-12\/rueckblick-sges-2022-versaeumtes-nachholen\/#breadcrumb"},"inLanguage":"fr-FR","potentialAction":[{"@type":"ReadAction","target":["https:\/\/www.organisator.ch\/sustainability\/2022-09-12\/rueckblick-sges-2022-versaeumtes-nachholen\/"]}]},{"@type":"ImageObject","inLanguage":"fr-FR","@id":"https:\/\/www.organisator.ch\/sustainability\/2022-09-12\/rueckblick-sges-2022-versaeumtes-nachholen\/#primaryimage","url":"https:\/\/www.organisator.ch\/wp-content\/uploads\/2022\/09\/Ruckblick-SGES-2022-Versaumtes-nachholen_Organisator.jpg","contentUrl":"https:\/\/www.organisator.ch\/wp-content\/uploads\/2022\/09\/Ruckblick-SGES-2022-Versaumtes-nachholen_Organisator.jpg","width":680,"height":452,"caption":"Nationalrat J\u00fcrg Grossen \u00e4usserte am SGES 2022 deutliche Kritik an der Klimapolitik des Bundesrats. (Bild; Thomas Berner)"},{"@type":"BreadcrumbList","@id":"https:\/\/www.organisator.ch\/sustainability\/2022-09-12\/rueckblick-sges-2022-versaeumtes-nachholen\/#breadcrumb","itemListElement":[{"@type":"ListItem","position":1,"name":"Home","item":"https:\/\/www.organisator.ch\/"},{"@type":"ListItem","position":2,"name":"R\u00fcckblick SGES 2022: \u00abVers\u00e4umtes nachholen\u00bb"}]},{"@type":"WebSite","@id":"https:\/\/www.organisator.ch\/#website","url":"https:\/\/www.organisator.ch\/","name":"Organisateur","description":"Comp\u00e9tence et comp\u00e9tence. Proches de la pratique. L'ORGANISATEUR pr\u00e9pare 10 num\u00e9ros par an sur les th\u00e8mes essentiels pour les dirigeants de PME.","publisher":{"@id":"https:\/\/www.organisator.ch\/#organization"},"potentialAction":[{"@type":"SearchAction","target":{"@type":"EntryPoint","urlTemplate":"https:\/\/www.organisator.ch\/?s={search_term_string}"},"query-input":{"@type":"PropertyValueSpecification","valueRequired":true,"valueName":"search_term_string"}}],"inLanguage":"fr-FR"},{"@type":"Organization","@id":"https:\/\/www.organisator.ch\/#organization","name":"Organisateur","url":"https:\/\/www.organisator.ch\/","logo":{"@type":"ImageObject","inLanguage":"fr-FR","@id":"https:\/\/www.organisator.ch\/#\/schema\/logo\/image\/","url":"https:\/\/www.organisator.ch\/wp-content\/uploads\/2022\/01\/Logo_Organisator_Website.png","contentUrl":"https:\/\/www.organisator.ch\/wp-content\/uploads\/2022\/01\/Logo_Organisator_Website.png","width":800,"height":77,"caption":"Organisator"},"image":{"@id":"https:\/\/www.organisator.ch\/#\/schema\/logo\/image\/"},"sameAs":["https:\/\/www.facebook.com\/OrganisatorFachmagazin","https:\/\/www.linkedin.com\/showcase\/organisator-das-magazin-fr-kmu","https:\/\/www.xing.com\/news\/pages\/organisator-ch-695","https:\/\/www.youtube.com\/channel\/UCGP2Sq0iWaZwT3BdIAQFYpw"]},{"@type":"Person","@id":"https:\/\/www.organisator.ch\/#\/schema\/person\/6f650f90b2842cd4c0cc334b4e36f67e","name":"thomas.berner","image":{"@type":"ImageObject","inLanguage":"fr-FR","@id":"https:\/\/secure.gravatar.com\/avatar\/ac5001d2a36cb6c6cd3e50789007ffca834b477b74a2144564522e944eabff61?s=96&d=mm&r=g","url":"https:\/\/secure.gravatar.com\/avatar\/ac5001d2a36cb6c6cd3e50789007ffca834b477b74a2144564522e944eabff61?s=96&d=mm&r=g","contentUrl":"https:\/\/secure.gravatar.com\/avatar\/ac5001d2a36cb6c6cd3e50789007ffca834b477b74a2144564522e944eabff61?s=96&d=mm&r=g","caption":"thomas.berner"},"url":"https:\/\/www.organisator.ch\/fr\/author\/thomas-berner\/"}]}},"_links":{"self":[{"href":"https:\/\/www.organisator.ch\/fr\/wp-json\/wp\/v2\/posts\/16883","targetHints":{"allow":["GET"]}}],"collection":[{"href":"https:\/\/www.organisator.ch\/fr\/wp-json\/wp\/v2\/posts"}],"about":[{"href":"https:\/\/www.organisator.ch\/fr\/wp-json\/wp\/v2\/types\/post"}],"author":[{"embeddable":true,"href":"https:\/\/www.organisator.ch\/fr\/wp-json\/wp\/v2\/users\/4"}],"replies":[{"embeddable":true,"href":"https:\/\/www.organisator.ch\/fr\/wp-json\/wp\/v2\/comments?post=16883"}],"version-history":[{"count":5,"href":"https:\/\/www.organisator.ch\/fr\/wp-json\/wp\/v2\/posts\/16883\/revisions"}],"predecessor-version":[{"id":16901,"href":"https:\/\/www.organisator.ch\/fr\/wp-json\/wp\/v2\/posts\/16883\/revisions\/16901"}],"wp:featuredmedia":[{"embeddable":true,"href":"https:\/\/www.organisator.ch\/fr\/wp-json\/wp\/v2\/media\/16884"}],"wp:attachment":[{"href":"https:\/\/www.organisator.ch\/fr\/wp-json\/wp\/v2\/media?parent=16883"}],"wp:term":[{"taxonomy":"category","embeddable":true,"href":"https:\/\/www.organisator.ch\/fr\/wp-json\/wp\/v2\/categories?post=16883"},{"taxonomy":"post_tag","embeddable":true,"href":"https:\/\/www.organisator.ch\/fr\/wp-json\/wp\/v2\/tags?post=16883"}],"curies":[{"name":"wp","href":"https:\/\/api.w.org\/{rel}","templated":true}]}}