{"id":16905,"date":"2022-09-13T06:48:23","date_gmt":"2022-09-13T04:48:23","guid":{"rendered":"https:\/\/www.organisator.ch\/?p=16905"},"modified":"2022-09-12T17:57:14","modified_gmt":"2022-09-12T15:57:14","slug":"rolf-g-schmid-wird-neuer-verwaltungsratspraesident-von-revendo","status":"publish","type":"post","link":"https:\/\/www.organisator.ch\/fr\/management\/2022-09-13\/rolf-g-schmid-wird-neuer-verwaltungsratspraesident-von-revendo\/","title":{"rendered":"Rolf G. Schmid devient le nouveau pr\u00e9sident du conseil d'administration de Revendo"},"content":{"rendered":"<figure id=\"attachment_16906\" aria-describedby=\"caption-attachment-16906\" style=\"width: 680px\" class=\"wp-caption alignnone\"><img loading=\"lazy\" decoding=\"async\" class=\"size-full wp-image-16906\" src=\"https:\/\/www.organisator.ch\/wp-content\/uploads\/2022\/09\/Rolf-G.-Schmid-wird-neuer-Verwaltungsratsprasident-von-Revendo_Organisator.jpg\" alt=\"\" width=\"680\" height=\"446\" srcset=\"https:\/\/www.organisator.ch\/wp-content\/uploads\/2022\/09\/Rolf-G.-Schmid-wird-neuer-Verwaltungsratsprasident-von-Revendo_Organisator.jpg 680w, https:\/\/www.organisator.ch\/wp-content\/uploads\/2022\/09\/Rolf-G.-Schmid-wird-neuer-Verwaltungsratsprasident-von-Revendo_Organisator-18x12.jpg 18w, https:\/\/www.organisator.ch\/wp-content\/uploads\/2022\/09\/Rolf-G.-Schmid-wird-neuer-Verwaltungsratsprasident-von-Revendo_Organisator-267x175.jpg 267w, https:\/\/www.organisator.ch\/wp-content\/uploads\/2022\/09\/Rolf-G.-Schmid-wird-neuer-Verwaltungsratsprasident-von-Revendo_Organisator-534x350.jpg 534w, https:\/\/www.organisator.ch\/wp-content\/uploads\/2022\/09\/Rolf-G.-Schmid-wird-neuer-Verwaltungsratsprasident-von-Revendo_Organisator-300x197.jpg 300w\" sizes=\"auto, (max-width: 680px) 100vw, 680px\" \/><figcaption id=\"caption-attachment-16906\" class=\"wp-caption-text\">Revendo d\u00e9veloppe sa croissance dans la r\u00e9gion DACH (ici un aper\u00e7u de la filiale de Vienne) et renforce son conseil d'administration et son management. (Image : Revendo.ch<\/figcaption><\/figure>\n<p>Revendo a de grands projets pour l'avenir. En Suisse, l'entreprise a d\u00e9j\u00e0 pu \u00e9tablir son concept de produits reconditionn\u00e9s et est devenue, selon ses propres dires, le leader du march\u00e9 dans ce domaine. Ce n'est que r\u00e9cemment que l'entreprise a acquis une <a href=\"https:\/\/www.organisator.ch\/de\/sustainability\/2022-09-02\/gemeinsam-gegen-elektroschrott-revendo-und-salt-geben-partnerschaft-bekannt\/\">Partenariat avec un grand fournisseur de services de t\u00e9l\u00e9communications<\/a> a \u00e9t\u00e9 re\u00e7ue.<\/p>\n<h3>Nouveau pr\u00e9sident du conseil d'administration de Revendo : Rolf G. Schmid<\/h3>\n<p>Revendo veut maintenant profiter des ann\u00e9es \u00e0 venir pour d\u00e9velopper sa pr\u00e9sence en Suisse et s'\u00e9tablir en tant que marque en Autriche et en Allemagne. Et ce, avec le grand objectif d'offrir une seconde vie \u00e0 un million d'appareils par an d'ici 2025. Pour atteindre cet objectif, il faut beaucoup de savoir-faire. L'entreprise a fait appel \u00e0 ce savoir-faire en la personne de Rolf G. Schmid et l'a nomm\u00e9 pr\u00e9sident du conseil d'administration. L'ancien directeur de l'entreprise de sports de montagne Mammut Sportsgroup AG apporte avec lui 20 ans d'exp\u00e9rience dans le domaine de l'internationalisation et du retail. Rolf G. Schmid, le nouveau pr\u00e9sident du conseil d'administration de Revendo, a \u00e9tabli la marque Mammut au niveau international et a d\u00e9cupl\u00e9 le chiffre d'affaires. Il dispose donc de l'exp\u00e9rience strat\u00e9gique dont Revendo a besoin pour les prochaines \u00e9tapes de son d\u00e9veloppement. Aujourd'hui, Rolf G. Schmid est membre \u00e0 plein temps du conseil d'administration de diff\u00e9rentes entreprises telles que Competec AG \/ Brack, La Mobili\u00e8re, Mobility et Fenix Outdoor International AG.<\/p>\n<h3>Poursuivre la croissance avec un management plus large<\/h3>\n<p>En outre, Revendo a restructur\u00e9 son \u00e9quipe de gestion op\u00e9rationnelle au d\u00e9but de l'ann\u00e9e et a \u00e9largi les diff\u00e9rents domaines de responsabilit\u00e9. Gr\u00e2ce \u00e0 l'augmentation des comp\u00e9tences, certains postes ont pu \u00eatre renforc\u00e9s et d'autres compl\u00e9t\u00e9s. Gr\u00e2ce \u00e0 ces changements, Revendo se voit arm\u00e9 pour une croissance durable dans la r\u00e9gion DACH. La direction se compose d\u00e9sormais comme suit : Pour les finances, Revendo a pu s'attacher les services de Daniela Leipert en tant que directrice financi\u00e8re, qui a auparavant occup\u00e9 des fonctions de direction dans le secteur pharmaceutique au sein du d\u00e9partement des finances et du contr\u00f4le de gestion. Le marketing est d\u00e9sormais occup\u00e9 par Mirco Helbling en tant que CMO. Il a auparavant travaill\u00e9 comme<br \/>\ndirecteur marketing au sein du groupe PCP et chez Mobilezone. Pour la direction du d\u00e9partement des ressources humaines, Revendo a pu s'attacher les services de Franziska Buser en tant que CHRO. Elle a travaill\u00e9 de nombreuses ann\u00e9es comme directrice d'\u00e9cole. Roman Holzweber dirige les op\u00e9rations en tant que COO et a travaill\u00e9 auparavant dans le domaine des services chez Sony et dans l'entreprise Bachmann. Christian Rickenbacher a pu \u00eatre recrut\u00e9 en interne en tant que CTO. Laurenz Ginat, co-fondateur et directeur, reprend le poste de Chief Retail Officer afin de d\u00e9velopper les activit\u00e9s de d\u00e9tail \u00e0 l'\u00e9chelle internationale et Aurel Greiner, fondateur et directeur, reprend le poste de CEO.<\/p>\n<p><em>Source : <a href=\"http:\/\/www.revendo.ch\">Revendo<\/a><\/em><\/p>","protected":false},"excerpt":{"rendered":"<p>Revendo hat grosse Pl\u00e4ne f\u00fcr die Zukunft. In der Schweiz konnte das Unternehmen sein Refurbished-Konzept bereits etablieren und wurde nach eigenen Angaben zum Marktf\u00fchrer in diesem Bereich. Erst k\u00fcrzlich ist das Unternehmen eine Partnerschaft mit einem grossen Telekom-Dienstleister eingegangen. Neuer Verwaltungsratspr\u00e4sident von Revendo: Rolf G. Schmid Nun will Revendo die kommenden Jahre nutzen, um die [&hellip;]<\/p>\n","protected":false},"author":4,"featured_media":16906,"comment_status":"closed","ping_status":"closed","sticky":false,"template":"","format":"standard","meta":{"_acf_changed":false,"_yoast_wpseo_focuskw":"Verwaltungsratspr\u00e4sident von Revendo","_yoast_wpseo_metadesc":"Rolf G. Schmid wird neuer Verwaltungsratspr\u00e4sident von Revendo. Zudem erweiterte das Unternehmen sein operatives Management.","articlekey":"","footnotes":""},"categories":[28],"tags":[335,381,492,2471],"class_list":["post-16905","post","type-post","status-publish","format-standard","has-post-thumbnail","hentry","category-management","tag-management-und-unternehmensfuehrung","tag-personalia","tag-unternehmen","tag-verwaltungsrat"],"acf":[],"yoast_head":"<!-- This site is optimized with the Yoast SEO plugin v27.5 - https:\/\/yoast.com\/product\/yoast-seo-wordpress\/ -->\n<title>Rolf G. Schmid wird neuer Verwaltungsratspr\u00e4sident von Revendo - Organisator<\/title>\n<meta name=\"description\" content=\"Rolf G. Schmid wird neuer Verwaltungsratspr\u00e4sident von Revendo. Zudem erweiterte das Unternehmen sein operatives Management.\" \/>\n<meta name=\"robots\" content=\"index, follow, max-snippet:-1, max-image-preview:large, max-video-preview:-1\" \/>\n<link rel=\"canonical\" href=\"https:\/\/www.organisator.ch\/fr\/gestion-2\/2022-09-13\/rolf-g-schmid-wird-neuer-verwaltungsratspraesident-von-revendo\/\" \/>\n<meta property=\"og:locale\" content=\"fr_FR\" \/>\n<meta property=\"og:type\" content=\"article\" \/>\n<meta property=\"og:title\" content=\"Rolf G. Schmid wird neuer Verwaltungsratspr\u00e4sident von Revendo\" \/>\n<meta property=\"og:description\" content=\"Rolf G. Schmid wird neuer Verwaltungsratspr\u00e4sident von Revendo. Zudem erweiterte das Unternehmen sein operatives Management.\" \/>\n<meta property=\"og:url\" content=\"https:\/\/www.organisator.ch\/fr\/gestion-2\/2022-09-13\/rolf-g-schmid-wird-neuer-verwaltungsratspraesident-von-revendo\/\" \/>\n<meta property=\"og:site_name\" content=\"Organisator\" \/>\n<meta property=\"article:publisher\" content=\"https:\/\/www.facebook.com\/OrganisatorFachmagazin\" \/>\n<meta property=\"article:published_time\" content=\"2022-09-13T04:48:23+00:00\" \/>\n<meta property=\"og:image\" content=\"https:\/\/www.organisator.ch\/wp-content\/uploads\/2022\/09\/Rolf-G.-Schmid-wird-neuer-Verwaltungsratsprasident-von-Revendo_Organisator.jpg\" \/>\n\t<meta property=\"og:image:width\" content=\"680\" \/>\n\t<meta property=\"og:image:height\" content=\"446\" \/>\n\t<meta property=\"og:image:type\" content=\"image\/jpeg\" \/>\n<meta name=\"author\" content=\"thomas.berner\" \/>\n<meta name=\"twitter:card\" content=\"summary_large_image\" \/>\n<meta name=\"twitter:title\" content=\"Rolf G. Schmid wird neuer #Verwaltungsratspr\u00e4sident von #Revendo\" \/>\n<meta name=\"twitter:description\" content=\"Rolf G. Schmid wird neuer #Verwaltungsratspr\u00e4sident von #Revendo. Zudem erweiterte das Unternehmen sein operatives #Management.\" \/>\n<meta name=\"twitter:image\" content=\"https:\/\/www.organisator.ch\/wp-content\/uploads\/2022\/09\/Rolf-G.-Schmid-wird-neuer-Verwaltungsratsprasident-von-Revendo_Organisator.jpg\" \/>\n<script type=\"application\/ld+json\" class=\"yoast-schema-graph\">{\"@context\":\"https:\\\/\\\/schema.org\",\"@graph\":[{\"@type\":\"Article\",\"@id\":\"https:\\\/\\\/www.organisator.ch\\\/management\\\/2022-09-13\\\/rolf-g-schmid-wird-neuer-verwaltungsratspraesident-von-revendo\\\/#article\",\"isPartOf\":{\"@id\":\"https:\\\/\\\/www.organisator.ch\\\/management\\\/2022-09-13\\\/rolf-g-schmid-wird-neuer-verwaltungsratspraesident-von-revendo\\\/\"},\"author\":{\"name\":\"thomas.berner\",\"@id\":\"https:\\\/\\\/www.organisator.ch\\\/#\\\/schema\\\/person\\\/6f650f90b2842cd4c0cc334b4e36f67e\"},\"headline\":\"Rolf G. Schmid wird neuer Verwaltungsratspr\u00e4sident von Revendo\",\"datePublished\":\"2022-09-13T04:48:23+00:00\",\"mainEntityOfPage\":{\"@id\":\"https:\\\/\\\/www.organisator.ch\\\/management\\\/2022-09-13\\\/rolf-g-schmid-wird-neuer-verwaltungsratspraesident-von-revendo\\\/\"},\"wordCount\":450,\"publisher\":{\"@id\":\"https:\\\/\\\/www.organisator.ch\\\/#organization\"},\"image\":{\"@id\":\"https:\\\/\\\/www.organisator.ch\\\/management\\\/2022-09-13\\\/rolf-g-schmid-wird-neuer-verwaltungsratspraesident-von-revendo\\\/#primaryimage\"},\"thumbnailUrl\":\"https:\\\/\\\/www.organisator.ch\\\/wp-content\\\/uploads\\\/2022\\\/09\\\/Rolf-G.-Schmid-wird-neuer-Verwaltungsratsprasident-von-Revendo_Organisator.jpg\",\"keywords\":[\"Management und Unternehmensf\u00fchrung\",\"Personalia\",\"Unternehmen\",\"Verwaltungsrat\"],\"articleSection\":[\"MANAGEMENT\"],\"inLanguage\":\"fr-FR\"},{\"@type\":\"WebPage\",\"@id\":\"https:\\\/\\\/www.organisator.ch\\\/management\\\/2022-09-13\\\/rolf-g-schmid-wird-neuer-verwaltungsratspraesident-von-revendo\\\/\",\"url\":\"https:\\\/\\\/www.organisator.ch\\\/management\\\/2022-09-13\\\/rolf-g-schmid-wird-neuer-verwaltungsratspraesident-von-revendo\\\/\",\"name\":\"Rolf G. Schmid wird neuer Verwaltungsratspr\u00e4sident von Revendo - Organisator\",\"isPartOf\":{\"@id\":\"https:\\\/\\\/www.organisator.ch\\\/#website\"},\"primaryImageOfPage\":{\"@id\":\"https:\\\/\\\/www.organisator.ch\\\/management\\\/2022-09-13\\\/rolf-g-schmid-wird-neuer-verwaltungsratspraesident-von-revendo\\\/#primaryimage\"},\"image\":{\"@id\":\"https:\\\/\\\/www.organisator.ch\\\/management\\\/2022-09-13\\\/rolf-g-schmid-wird-neuer-verwaltungsratspraesident-von-revendo\\\/#primaryimage\"},\"thumbnailUrl\":\"https:\\\/\\\/www.organisator.ch\\\/wp-content\\\/uploads\\\/2022\\\/09\\\/Rolf-G.-Schmid-wird-neuer-Verwaltungsratsprasident-von-Revendo_Organisator.jpg\",\"datePublished\":\"2022-09-13T04:48:23+00:00\",\"description\":\"Rolf G. Schmid wird neuer Verwaltungsratspr\u00e4sident von Revendo. Zudem erweiterte das Unternehmen sein operatives Management.\",\"breadcrumb\":{\"@id\":\"https:\\\/\\\/www.organisator.ch\\\/management\\\/2022-09-13\\\/rolf-g-schmid-wird-neuer-verwaltungsratspraesident-von-revendo\\\/#breadcrumb\"},\"inLanguage\":\"fr-FR\",\"potentialAction\":[{\"@type\":\"ReadAction\",\"target\":[\"https:\\\/\\\/www.organisator.ch\\\/management\\\/2022-09-13\\\/rolf-g-schmid-wird-neuer-verwaltungsratspraesident-von-revendo\\\/\"]}]},{\"@type\":\"ImageObject\",\"inLanguage\":\"fr-FR\",\"@id\":\"https:\\\/\\\/www.organisator.ch\\\/management\\\/2022-09-13\\\/rolf-g-schmid-wird-neuer-verwaltungsratspraesident-von-revendo\\\/#primaryimage\",\"url\":\"https:\\\/\\\/www.organisator.ch\\\/wp-content\\\/uploads\\\/2022\\\/09\\\/Rolf-G.-Schmid-wird-neuer-Verwaltungsratsprasident-von-Revendo_Organisator.jpg\",\"contentUrl\":\"https:\\\/\\\/www.organisator.ch\\\/wp-content\\\/uploads\\\/2022\\\/09\\\/Rolf-G.-Schmid-wird-neuer-Verwaltungsratsprasident-von-Revendo_Organisator.jpg\",\"width\":680,\"height\":446,\"caption\":\"Revendo baut sein Wachstum in der DACH-Region (hier ein Blick in die Filiale in Wien) aus und verst\u00e4rkt Verwaltungsrat und Management. (Bild: Revendo.ch\"},{\"@type\":\"BreadcrumbList\",\"@id\":\"https:\\\/\\\/www.organisator.ch\\\/management\\\/2022-09-13\\\/rolf-g-schmid-wird-neuer-verwaltungsratspraesident-von-revendo\\\/#breadcrumb\",\"itemListElement\":[{\"@type\":\"ListItem\",\"position\":1,\"name\":\"Home\",\"item\":\"https:\\\/\\\/www.organisator.ch\\\/\"},{\"@type\":\"ListItem\",\"position\":2,\"name\":\"Rolf G. Schmid wird neuer Verwaltungsratspr\u00e4sident von Revendo\"}]},{\"@type\":\"WebSite\",\"@id\":\"https:\\\/\\\/www.organisator.ch\\\/#website\",\"url\":\"https:\\\/\\\/www.organisator.ch\\\/\",\"name\":\"Organisator\",\"description\":\"Kompetent. Praxisnah. Der ORGANISATOR bereitet in 10 Ausgaben pro Jahr die wesentlichen Themen f\u00fcr F\u00fchrungskr\u00e4fte von KMU auf.\",\"publisher\":{\"@id\":\"https:\\\/\\\/www.organisator.ch\\\/#organization\"},\"potentialAction\":[{\"@type\":\"SearchAction\",\"target\":{\"@type\":\"EntryPoint\",\"urlTemplate\":\"https:\\\/\\\/www.organisator.ch\\\/?s={search_term_string}\"},\"query-input\":{\"@type\":\"PropertyValueSpecification\",\"valueRequired\":true,\"valueName\":\"search_term_string\"}}],\"inLanguage\":\"fr-FR\"},{\"@type\":\"Organization\",\"@id\":\"https:\\\/\\\/www.organisator.ch\\\/#organization\",\"name\":\"Organisator\",\"url\":\"https:\\\/\\\/www.organisator.ch\\\/\",\"logo\":{\"@type\":\"ImageObject\",\"inLanguage\":\"fr-FR\",\"@id\":\"https:\\\/\\\/www.organisator.ch\\\/#\\\/schema\\\/logo\\\/image\\\/\",\"url\":\"https:\\\/\\\/www.organisator.ch\\\/wp-content\\\/uploads\\\/2022\\\/01\\\/Logo_Organisator_Website.png\",\"contentUrl\":\"https:\\\/\\\/www.organisator.ch\\\/wp-content\\\/uploads\\\/2022\\\/01\\\/Logo_Organisator_Website.png\",\"width\":800,\"height\":77,\"caption\":\"Organisator\"},\"image\":{\"@id\":\"https:\\\/\\\/www.organisator.ch\\\/#\\\/schema\\\/logo\\\/image\\\/\"},\"sameAs\":[\"https:\\\/\\\/www.facebook.com\\\/OrganisatorFachmagazin\",\"https:\\\/\\\/www.linkedin.com\\\/showcase\\\/organisator-das-magazin-fr-kmu\",\"https:\\\/\\\/www.xing.com\\\/news\\\/pages\\\/organisator-ch-695\",\"https:\\\/\\\/www.youtube.com\\\/channel\\\/UCGP2Sq0iWaZwT3BdIAQFYpw\"]},{\"@type\":\"Person\",\"@id\":\"https:\\\/\\\/www.organisator.ch\\\/#\\\/schema\\\/person\\\/6f650f90b2842cd4c0cc334b4e36f67e\",\"name\":\"thomas.berner\",\"image\":{\"@type\":\"ImageObject\",\"inLanguage\":\"fr-FR\",\"@id\":\"https:\\\/\\\/secure.gravatar.com\\\/avatar\\\/ac5001d2a36cb6c6cd3e50789007ffca834b477b74a2144564522e944eabff61?s=96&d=mm&r=g\",\"url\":\"https:\\\/\\\/secure.gravatar.com\\\/avatar\\\/ac5001d2a36cb6c6cd3e50789007ffca834b477b74a2144564522e944eabff61?s=96&d=mm&r=g\",\"contentUrl\":\"https:\\\/\\\/secure.gravatar.com\\\/avatar\\\/ac5001d2a36cb6c6cd3e50789007ffca834b477b74a2144564522e944eabff61?s=96&d=mm&r=g\",\"caption\":\"thomas.berner\"},\"url\":\"https:\\\/\\\/www.organisator.ch\\\/fr\\\/author\\\/thomas-berner\\\/\"}]}<\/script>\n<!-- \/ Yoast SEO plugin. -->","yoast_head_json":{"title":"Rolf G. Schmid devient le nouveau pr\u00e9sident du conseil d'administration de Revendo - Organisateur","description":"Rolf G. Schmid devient le nouveau pr\u00e9sident du conseil d'administration de Revendo. L'entreprise a par ailleurs \u00e9largi son management op\u00e9rationnel.","robots":{"index":"index","follow":"follow","max-snippet":"max-snippet:-1","max-image-preview":"max-image-preview:large","max-video-preview":"max-video-preview:-1"},"canonical":"https:\/\/www.organisator.ch\/fr\/gestion-2\/2022-09-13\/rolf-g-schmid-wird-neuer-verwaltungsratspraesident-von-revendo\/","og_locale":"fr_FR","og_type":"article","og_title":"Rolf G. Schmid wird neuer Verwaltungsratspr\u00e4sident von Revendo","og_description":"Rolf G. Schmid wird neuer Verwaltungsratspr\u00e4sident von Revendo. Zudem erweiterte das Unternehmen sein operatives Management.","og_url":"https:\/\/www.organisator.ch\/fr\/gestion-2\/2022-09-13\/rolf-g-schmid-wird-neuer-verwaltungsratspraesident-von-revendo\/","og_site_name":"Organisator","article_publisher":"https:\/\/www.facebook.com\/OrganisatorFachmagazin","article_published_time":"2022-09-13T04:48:23+00:00","og_image":[{"width":680,"height":446,"url":"https:\/\/www.organisator.ch\/wp-content\/uploads\/2022\/09\/Rolf-G.-Schmid-wird-neuer-Verwaltungsratsprasident-von-Revendo_Organisator.jpg","type":"image\/jpeg"}],"author":"thomas.berner","twitter_card":"summary_large_image","twitter_title":"Rolf G. Schmid wird neuer #Verwaltungsratspr\u00e4sident von #Revendo","twitter_description":"Rolf G. Schmid wird neuer #Verwaltungsratspr\u00e4sident von #Revendo. Zudem erweiterte das Unternehmen sein operatives #Management.","twitter_image":"https:\/\/www.organisator.ch\/wp-content\/uploads\/2022\/09\/Rolf-G.-Schmid-wird-neuer-Verwaltungsratsprasident-von-Revendo_Organisator.jpg","schema":{"@context":"https:\/\/schema.org","@graph":[{"@type":"Article","@id":"https:\/\/www.organisator.ch\/management\/2022-09-13\/rolf-g-schmid-wird-neuer-verwaltungsratspraesident-von-revendo\/#article","isPartOf":{"@id":"https:\/\/www.organisator.ch\/management\/2022-09-13\/rolf-g-schmid-wird-neuer-verwaltungsratspraesident-von-revendo\/"},"author":{"name":"thomas.berner","@id":"https:\/\/www.organisator.ch\/#\/schema\/person\/6f650f90b2842cd4c0cc334b4e36f67e"},"headline":"Rolf G. Schmid wird neuer Verwaltungsratspr\u00e4sident von Revendo","datePublished":"2022-09-13T04:48:23+00:00","mainEntityOfPage":{"@id":"https:\/\/www.organisator.ch\/management\/2022-09-13\/rolf-g-schmid-wird-neuer-verwaltungsratspraesident-von-revendo\/"},"wordCount":450,"publisher":{"@id":"https:\/\/www.organisator.ch\/#organization"},"image":{"@id":"https:\/\/www.organisator.ch\/management\/2022-09-13\/rolf-g-schmid-wird-neuer-verwaltungsratspraesident-von-revendo\/#primaryimage"},"thumbnailUrl":"https:\/\/www.organisator.ch\/wp-content\/uploads\/2022\/09\/Rolf-G.-Schmid-wird-neuer-Verwaltungsratsprasident-von-Revendo_Organisator.jpg","keywords":["Management und Unternehmensf\u00fchrung","Personalia","Unternehmen","Verwaltungsrat"],"articleSection":["MANAGEMENT"],"inLanguage":"fr-FR"},{"@type":"WebPage","@id":"https:\/\/www.organisator.ch\/management\/2022-09-13\/rolf-g-schmid-wird-neuer-verwaltungsratspraesident-von-revendo\/","url":"https:\/\/www.organisator.ch\/management\/2022-09-13\/rolf-g-schmid-wird-neuer-verwaltungsratspraesident-von-revendo\/","name":"Rolf G. Schmid devient le nouveau pr\u00e9sident du conseil d'administration de Revendo - Organisateur","isPartOf":{"@id":"https:\/\/www.organisator.ch\/#website"},"primaryImageOfPage":{"@id":"https:\/\/www.organisator.ch\/management\/2022-09-13\/rolf-g-schmid-wird-neuer-verwaltungsratspraesident-von-revendo\/#primaryimage"},"image":{"@id":"https:\/\/www.organisator.ch\/management\/2022-09-13\/rolf-g-schmid-wird-neuer-verwaltungsratspraesident-von-revendo\/#primaryimage"},"thumbnailUrl":"https:\/\/www.organisator.ch\/wp-content\/uploads\/2022\/09\/Rolf-G.-Schmid-wird-neuer-Verwaltungsratsprasident-von-Revendo_Organisator.jpg","datePublished":"2022-09-13T04:48:23+00:00","description":"Rolf G. Schmid devient le nouveau pr\u00e9sident du conseil d'administration de Revendo. L'entreprise a par ailleurs \u00e9largi son management op\u00e9rationnel.","breadcrumb":{"@id":"https:\/\/www.organisator.ch\/management\/2022-09-13\/rolf-g-schmid-wird-neuer-verwaltungsratspraesident-von-revendo\/#breadcrumb"},"inLanguage":"fr-FR","potentialAction":[{"@type":"ReadAction","target":["https:\/\/www.organisator.ch\/management\/2022-09-13\/rolf-g-schmid-wird-neuer-verwaltungsratspraesident-von-revendo\/"]}]},{"@type":"ImageObject","inLanguage":"fr-FR","@id":"https:\/\/www.organisator.ch\/management\/2022-09-13\/rolf-g-schmid-wird-neuer-verwaltungsratspraesident-von-revendo\/#primaryimage","url":"https:\/\/www.organisator.ch\/wp-content\/uploads\/2022\/09\/Rolf-G.-Schmid-wird-neuer-Verwaltungsratsprasident-von-Revendo_Organisator.jpg","contentUrl":"https:\/\/www.organisator.ch\/wp-content\/uploads\/2022\/09\/Rolf-G.-Schmid-wird-neuer-Verwaltungsratsprasident-von-Revendo_Organisator.jpg","width":680,"height":446,"caption":"Revendo baut sein Wachstum in der DACH-Region (hier ein Blick in die Filiale in Wien) aus und verst\u00e4rkt Verwaltungsrat und Management. (Bild: Revendo.ch"},{"@type":"BreadcrumbList","@id":"https:\/\/www.organisator.ch\/management\/2022-09-13\/rolf-g-schmid-wird-neuer-verwaltungsratspraesident-von-revendo\/#breadcrumb","itemListElement":[{"@type":"ListItem","position":1,"name":"Home","item":"https:\/\/www.organisator.ch\/"},{"@type":"ListItem","position":2,"name":"Rolf G. Schmid wird neuer Verwaltungsratspr\u00e4sident von Revendo"}]},{"@type":"WebSite","@id":"https:\/\/www.organisator.ch\/#website","url":"https:\/\/www.organisator.ch\/","name":"Organisateur","description":"Comp\u00e9tence et comp\u00e9tence. Proches de la pratique. L'ORGANISATEUR pr\u00e9pare 10 num\u00e9ros par an sur les th\u00e8mes essentiels pour les dirigeants de PME.","publisher":{"@id":"https:\/\/www.organisator.ch\/#organization"},"potentialAction":[{"@type":"SearchAction","target":{"@type":"EntryPoint","urlTemplate":"https:\/\/www.organisator.ch\/?s={search_term_string}"},"query-input":{"@type":"PropertyValueSpecification","valueRequired":true,"valueName":"search_term_string"}}],"inLanguage":"fr-FR"},{"@type":"Organization","@id":"https:\/\/www.organisator.ch\/#organization","name":"Organisateur","url":"https:\/\/www.organisator.ch\/","logo":{"@type":"ImageObject","inLanguage":"fr-FR","@id":"https:\/\/www.organisator.ch\/#\/schema\/logo\/image\/","url":"https:\/\/www.organisator.ch\/wp-content\/uploads\/2022\/01\/Logo_Organisator_Website.png","contentUrl":"https:\/\/www.organisator.ch\/wp-content\/uploads\/2022\/01\/Logo_Organisator_Website.png","width":800,"height":77,"caption":"Organisator"},"image":{"@id":"https:\/\/www.organisator.ch\/#\/schema\/logo\/image\/"},"sameAs":["https:\/\/www.facebook.com\/OrganisatorFachmagazin","https:\/\/www.linkedin.com\/showcase\/organisator-das-magazin-fr-kmu","https:\/\/www.xing.com\/news\/pages\/organisator-ch-695","https:\/\/www.youtube.com\/channel\/UCGP2Sq0iWaZwT3BdIAQFYpw"]},{"@type":"Person","@id":"https:\/\/www.organisator.ch\/#\/schema\/person\/6f650f90b2842cd4c0cc334b4e36f67e","name":"thomas.berner","image":{"@type":"ImageObject","inLanguage":"fr-FR","@id":"https:\/\/secure.gravatar.com\/avatar\/ac5001d2a36cb6c6cd3e50789007ffca834b477b74a2144564522e944eabff61?s=96&d=mm&r=g","url":"https:\/\/secure.gravatar.com\/avatar\/ac5001d2a36cb6c6cd3e50789007ffca834b477b74a2144564522e944eabff61?s=96&d=mm&r=g","contentUrl":"https:\/\/secure.gravatar.com\/avatar\/ac5001d2a36cb6c6cd3e50789007ffca834b477b74a2144564522e944eabff61?s=96&d=mm&r=g","caption":"thomas.berner"},"url":"https:\/\/www.organisator.ch\/fr\/author\/thomas-berner\/"}]}},"_links":{"self":[{"href":"https:\/\/www.organisator.ch\/fr\/wp-json\/wp\/v2\/posts\/16905","targetHints":{"allow":["GET"]}}],"collection":[{"href":"https:\/\/www.organisator.ch\/fr\/wp-json\/wp\/v2\/posts"}],"about":[{"href":"https:\/\/www.organisator.ch\/fr\/wp-json\/wp\/v2\/types\/post"}],"author":[{"embeddable":true,"href":"https:\/\/www.organisator.ch\/fr\/wp-json\/wp\/v2\/users\/4"}],"replies":[{"embeddable":true,"href":"https:\/\/www.organisator.ch\/fr\/wp-json\/wp\/v2\/comments?post=16905"}],"version-history":[{"count":2,"href":"https:\/\/www.organisator.ch\/fr\/wp-json\/wp\/v2\/posts\/16905\/revisions"}],"predecessor-version":[{"id":16908,"href":"https:\/\/www.organisator.ch\/fr\/wp-json\/wp\/v2\/posts\/16905\/revisions\/16908"}],"wp:featuredmedia":[{"embeddable":true,"href":"https:\/\/www.organisator.ch\/fr\/wp-json\/wp\/v2\/media\/16906"}],"wp:attachment":[{"href":"https:\/\/www.organisator.ch\/fr\/wp-json\/wp\/v2\/media?parent=16905"}],"wp:term":[{"taxonomy":"category","embeddable":true,"href":"https:\/\/www.organisator.ch\/fr\/wp-json\/wp\/v2\/categories?post=16905"},{"taxonomy":"post_tag","embeddable":true,"href":"https:\/\/www.organisator.ch\/fr\/wp-json\/wp\/v2\/tags?post=16905"}],"curies":[{"name":"wp","href":"https:\/\/api.w.org\/{rel}","templated":true}]}}