{"id":16924,"date":"2022-09-14T09:37:16","date_gmt":"2022-09-14T07:37:16","guid":{"rendered":"https:\/\/www.organisator.ch\/?p=16924"},"modified":"2022-09-14T09:37:16","modified_gmt":"2022-09-14T07:37:16","slug":"besonders-gefragt-arbeitnehmende-mit-qualifikationen-im-bereich-nachhaltigkeit","status":"publish","type":"post","link":"https:\/\/www.organisator.ch\/fr\/human-resources\/2022-09-14\/besonders-gefragt-arbeitnehmende-mit-qualifikationen-im-bereich-nachhaltigkeit\/","title":{"rendered":"Particuli\u00e8rement demand\u00e9s : les travailleurs ayant des qualifications dans le domaine du d\u00e9veloppement durable"},"content":{"rendered":"<figure id=\"attachment_16926\" aria-describedby=\"caption-attachment-16926\" style=\"width: 680px\" class=\"wp-caption alignnone\"><img loading=\"lazy\" decoding=\"async\" class=\"size-full wp-image-16926\" src=\"https:\/\/www.organisator.ch\/wp-content\/uploads\/2022\/09\/Besonders-gefragt-Arbeitnehmende-mit-Qualifikationen-im-Bereich-Nachhaltigkeit-1_Organisator.jpg\" alt=\"\" width=\"680\" height=\"447\" srcset=\"https:\/\/www.organisator.ch\/wp-content\/uploads\/2022\/09\/Besonders-gefragt-Arbeitnehmende-mit-Qualifikationen-im-Bereich-Nachhaltigkeit-1_Organisator.jpg 680w, https:\/\/www.organisator.ch\/wp-content\/uploads\/2022\/09\/Besonders-gefragt-Arbeitnehmende-mit-Qualifikationen-im-Bereich-Nachhaltigkeit-1_Organisator-18x12.jpg 18w, https:\/\/www.organisator.ch\/wp-content\/uploads\/2022\/09\/Besonders-gefragt-Arbeitnehmende-mit-Qualifikationen-im-Bereich-Nachhaltigkeit-1_Organisator-266x175.jpg 266w, https:\/\/www.organisator.ch\/wp-content\/uploads\/2022\/09\/Besonders-gefragt-Arbeitnehmende-mit-Qualifikationen-im-Bereich-Nachhaltigkeit-1_Organisator-532x350.jpg 532w, https:\/\/www.organisator.ch\/wp-content\/uploads\/2022\/09\/Besonders-gefragt-Arbeitnehmende-mit-Qualifikationen-im-Bereich-Nachhaltigkeit-1_Organisator-300x197.jpg 300w\" sizes=\"auto, (max-width: 680px) 100vw, 680px\" \/><figcaption id=\"caption-attachment-16926\" class=\"wp-caption-text\">Les personnes qualifi\u00e9es dans le domaine du d\u00e9veloppement durable sont actuellement particuli\u00e8rement recherch\u00e9es sur le march\u00e9 du travail. (Image : Pixabay.com)<\/figcaption><\/figure>\n<p>L'enqu\u00eate ManpowerGroup sur les Perspectives d'Emploi montre que les employeurs suisses sont optimistes malgr\u00e9 les risques globaux et r\u00e9gionaux. Les perspectives d'emploi s'\u00e9l\u00e8vent \u00e0 211 ppm pour le quatri\u00e8me trimestre 2022 et \u00e0 301 ppm pour le reste du monde. \"Si l'on tient compte du fait que l'enqu\u00eate a \u00e9t\u00e9 men\u00e9e sous l'influence de risques g\u00e9opolitiques et \u00e9conomiques accrus, de la guerre en Ukraine ou des suites de la pand\u00e9mie, les perspectives d'emploi peuvent toujours \u00eatre consid\u00e9r\u00e9es comme positives. Il convient de noter que dans le domaine de la durabilit\u00e9 ou ESG, les entreprises citent en premier lieu les aspects sociaux tels que la sant\u00e9, la diversit\u00e9 ou l'engagement social. C'est un indicateur de la prise de conscience de la n\u00e9cessit\u00e9 d'investir durablement dans le capital humain pour recruter et fid\u00e9liser les collaborateurs et de r\u00e9pondre aux besoins de flexibilit\u00e9 par exemple\", r\u00e9sume Jan Jacob, Country Manager ManpowerGroup Suisse, \u00e0 propos du march\u00e9 suisse du travail.<\/p>\n<h3>Demande de personnes qualifi\u00e9es dans le domaine du d\u00e9veloppement durable<\/h3>\n<p>De nombreuses entreprises disposent d'un programme de durabilit\u00e9 ou ESG. Les priorit\u00e9s sont toutefois fix\u00e9es diff\u00e9remment et diff\u00e9rentes qualifications sont recherch\u00e9es en cons\u00e9quence. Au cours des 12 prochains mois, 37% des entreprises interrog\u00e9es pr\u00e9voient de recruter des collaborateurs capables de soutenir les am\u00e9liorations en mati\u00e8re d'impact environnemental. 34% recherchent des sp\u00e9cialistes pour d\u00e9velopper la gouvernance et 33% des talents pour faire avancer les aspects sociaux tels que la s\u00e9curit\u00e9, la sant\u00e9, la diversit\u00e9 ou l'engagement social. Selon les entreprises interrog\u00e9es, les programmes ESG sont\/ont \u00e9t\u00e9 introduits avant tout pour r\u00e9duire les co\u00fbts, pour se conformer aux prescriptions ou pour construire une r\u00e9putation. Par ailleurs, les valeurs, les attentes externes, mais aussi l'utilit\u00e9 pour le recrutement et la fid\u00e9lisation des collaborateurs ont \u00e9t\u00e9 cit\u00e9es comme des raisons importantes pour la mise en \u0153uvre de strat\u00e9gies durables.<\/p>\n<figure id=\"attachment_16925\" aria-describedby=\"caption-attachment-16925\" style=\"width: 680px\" class=\"wp-caption alignnone\"><img loading=\"lazy\" decoding=\"async\" class=\"size-full wp-image-16925\" src=\"https:\/\/www.organisator.ch\/wp-content\/uploads\/2022\/09\/Besonders-gefragt-Arbeitnehmende-mit-Qualifikationen-im-Bereich-Nachhaltigkeit-2_Organisator.jpg\" alt=\"\" width=\"680\" height=\"282\" srcset=\"https:\/\/www.organisator.ch\/wp-content\/uploads\/2022\/09\/Besonders-gefragt-Arbeitnehmende-mit-Qualifikationen-im-Bereich-Nachhaltigkeit-2_Organisator.jpg 680w, https:\/\/www.organisator.ch\/wp-content\/uploads\/2022\/09\/Besonders-gefragt-Arbeitnehmende-mit-Qualifikationen-im-Bereich-Nachhaltigkeit-2_Organisator-18x7.jpg 18w, https:\/\/www.organisator.ch\/wp-content\/uploads\/2022\/09\/Besonders-gefragt-Arbeitnehmende-mit-Qualifikationen-im-Bereich-Nachhaltigkeit-2_Organisator-375x156.jpg 375w, https:\/\/www.organisator.ch\/wp-content\/uploads\/2022\/09\/Besonders-gefragt-Arbeitnehmende-mit-Qualifikationen-im-Bereich-Nachhaltigkeit-2_Organisator-300x124.jpg 300w\" sizes=\"auto, (max-width: 680px) 100vw, 680px\" \/><figcaption id=\"caption-attachment-16925\" class=\"wp-caption-text\">graphique : Manpower Group<\/figcaption><\/figure>\n<p>Pour mettre en \u0153uvre leur strat\u00e9gie de durabilit\u00e9, 80% des entreprises interrog\u00e9es misent sur des solutions internes (plusieurs r\u00e9ponses possibles). Les collaborateurs doivent continuer \u00e0 \u00eatre qualifi\u00e9s et form\u00e9s (43%), des collaborateurs suppl\u00e9mentaires doivent \u00eatre engag\u00e9s (39%) et des responsabilit\u00e9s ESG suppl\u00e9mentaires doivent \u00eatre attribu\u00e9es aux fonctions existantes (37%). 29% des entreprises font appel \u00e0 des consultants externes pour devenir plus durables. Seuls 8% des personnes interrog\u00e9es ont d\u00e9clar\u00e9 que toutes les qualifications n\u00e9cessaires \u00e9taient disponibles au sein de l'entreprise. \"Ce sont surtout les collaborateurs disposant d'un savoir-faire dans les domaines de l'environnement, de la sant\u00e9 et de la s\u00e9curit\u00e9 qui sont recherch\u00e9s. Parmi les dix premi\u00e8res citations pour les qualifications sp\u00e9cifiques figurent notamment le recyclage et la gestion des d\u00e9chets, la gestion des \u00e9cosyst\u00e8mes et de la biodiversit\u00e9, la planification des ressources humaines ou la cybers\u00e9curit\u00e9. Cela montre la diversit\u00e9 de l'approche des entreprises en mati\u00e8re de durabilit\u00e9\", souligne Jan Jacob.<\/p>\n<h3>Les perspectives d'emploi restent optimistes<\/h3>\n<p>Les intentions d'embauche des employeuses suisses, positives cette ann\u00e9e, se maintiennent au quatri\u00e8me trimestre 2022. 36% des entreprises pr\u00e9voient d'embaucher du personnel, 16% pr\u00e9voient de licencier. La pr\u00e9vision nette d'emploi ajust\u00e9e* qui en r\u00e9sulte, soit 21%, s'inscrit dans la lign\u00e9e des perspectives sup\u00e9rieures \u00e0 la moyenne pour cette ann\u00e9e. En comparaison avec le quatri\u00e8me trimestre 2021 (8%), les perspectives d'emploi s'am\u00e9liorent de 14 points. Les sept r\u00e9gions suisses annoncent des perspectives d'emploi positives pour le quatri\u00e8me trimestre 2022. La tendance optimiste se poursuit donc cette ann\u00e9e, m\u00eame si, par rapport au troisi\u00e8me trimestre 2022, 5 r\u00e9gions sur 7 pr\u00e9voient des perspectives nettes d'emploi en baisse.<\/p>\n<h3>Les secteurs primaire et secondaire en plein essor<\/h3>\n<p>A l'exception du secteur Activit\u00e9s financi\u00e8res, assurance et immobilier, les perspectives de recrutement sont positives dans tous les secteurs d'activit\u00e9 pour le 4e trimestre 2022, ainsi que par rapport au 4e trimestre 2021. Par rapport au 3e trimestre 2022, 6 des 11 secteurs annoncent toutefois une baisse de l'emploi. Les employ\u00e9s du secteur de la \"production primaire\" sont les principaux b\u00e9n\u00e9ficiaires de cette \u00e9volution positive (perspectives nettes d'emploi : +21 points par rapport au T3 2022, +33 points par rapport au T4 2021). Les perspectives d'emploi sont \u00e9galement exceptionnelles dans le secteur \"Production, transformation\". Dans ce secteur, les perspectives nettes d'emploi s'\u00e9l\u00e8vent \u00e0 34%. L'augmentation des perspectives d'emploi dans ces deux segments pourrait s'expliquer par la volont\u00e9 des employeurs d'anticiper les difficult\u00e9s d'approvisionnement. Le secteur de l'\u00e9nergie, en particulier, est en plein essor. Les sp\u00e9cialistes du photovolta\u00efque sont particuli\u00e8rement recherch\u00e9s, ce qui souligne les r\u00e9sultats de ce secteur.<br \/>\nLa baisse des recrutements (-8% Pr\u00e9vision Nette d'Emploi T4 2022, -37 points par rapport au T3 2022) dans le secteur \"Banque, finance, assurance et immobilier\" est probablement due au contexte \u00e9conomique.<\/p>\n<p><em>Source : <a href=\"http:\/\/www.manpower.ch\">Manpower Group<\/a><\/em><\/p>","protected":false},"excerpt":{"rendered":"<p>Der aktuelle ManpowerGroup Employment Outlook Survey zeigt: Trotz globaler wie auch regionaler Risiken sind die Schweizer Arbeitgeberinnen optimistisch. F\u00fcr Q4 2022 liegen die Besch\u00e4ftigungsaussichten bei 21%, weltweit wird mit einem Nettobesch\u00e4ftigungsausblick von 30% gerechnet. \u00abBer\u00fccksichtigt man, dass die Umfrage unter dem Eindruck von gestiegenen geopolitischen und wirtschaftlichen Risiken, dem Krieg in der Ukraine oder den [&hellip;]<\/p>\n","protected":false},"author":4,"featured_media":16926,"comment_status":"closed","ping_status":"closed","sticky":false,"template":"","format":"standard","meta":{"_acf_changed":false,"_yoast_wpseo_focuskw":"Bereich Nachhaltigkeit","_yoast_wpseo_metadesc":"Die Besch\u00e4ftigungsaussichten sind weiterhin positiv. Arbeitnehmende mit Qualifikationen im Bereich Nachhaltigkeit sind gefragt.","articlekey":"","footnotes":""},"categories":[579],"tags":[47,254,358,487],"class_list":["post-16924","post","type-post","status-publish","format-standard","has-post-thumbnail","hentry","category-human-resources","tag-arbeitsmarkt","tag-hrm","tag-nachhaltige-wirtschaft","tag-umfrage"],"acf":[],"yoast_head":"<!-- This site is optimized with the Yoast SEO plugin v27.4 - https:\/\/yoast.com\/product\/yoast-seo-wordpress\/ -->\n<title>Besonders gefragt: Arbeitnehmende mit Qualifikationen im Bereich Nachhaltigkeit - Organisator<\/title>\n<meta name=\"description\" content=\"Die Besch\u00e4ftigungsaussichten sind weiterhin positiv. Arbeitnehmende mit Qualifikationen im Bereich Nachhaltigkeit sind gefragt.\" \/>\n<meta name=\"robots\" content=\"index, follow, max-snippet:-1, max-image-preview:large, max-video-preview:-1\" \/>\n<link rel=\"canonical\" href=\"https:\/\/www.organisator.ch\/fr\/ressources-humaines\/2022-09-14\/besonders-gefragt-arbeitnehmende-mit-qualifikationen-im-bereich-nachhaltigkeit\/\" \/>\n<meta property=\"og:locale\" content=\"fr_FR\" \/>\n<meta property=\"og:type\" content=\"article\" \/>\n<meta property=\"og:title\" content=\"Besonders gefragt: Arbeitnehmende mit Qualifikationen im Bereich Nachhaltigkeit\" \/>\n<meta property=\"og:description\" content=\"Die Besch\u00e4ftigungsaussichten sind weiterhin positiv. Arbeitnehmende mit Qualifikationen im Bereich Nachhaltigkeit sind gefragt.\" \/>\n<meta property=\"og:url\" content=\"https:\/\/www.organisator.ch\/fr\/ressources-humaines\/2022-09-14\/besonders-gefragt-arbeitnehmende-mit-qualifikationen-im-bereich-nachhaltigkeit\/\" \/>\n<meta property=\"og:site_name\" content=\"Organisator\" \/>\n<meta property=\"article:publisher\" content=\"https:\/\/www.facebook.com\/OrganisatorFachmagazin\" \/>\n<meta property=\"article:published_time\" content=\"2022-09-14T07:37:16+00:00\" \/>\n<meta property=\"og:image\" content=\"https:\/\/www.organisator.ch\/wp-content\/uploads\/2022\/09\/Besonders-gefragt-Arbeitnehmende-mit-Qualifikationen-im-Bereich-Nachhaltigkeit-1_Organisator.jpg\" \/>\n\t<meta property=\"og:image:width\" content=\"680\" \/>\n\t<meta property=\"og:image:height\" content=\"447\" \/>\n\t<meta property=\"og:image:type\" content=\"image\/jpeg\" \/>\n<meta name=\"author\" content=\"thomas.berner\" \/>\n<meta name=\"twitter:card\" content=\"summary_large_image\" \/>\n<meta name=\"twitter:title\" content=\"Besonders gefragt: #Arbeitnehmende mit Qualifikationen im Bereich #Nachhaltigkeit\" \/>\n<meta name=\"twitter:description\" content=\"Die #Besch\u00e4ftigungsaussichten sind weiterhin positiv. #Arbeitnehmende mit Qualifikationen im Bereich #Nachhaltigkeit sind gefragt.\" \/>\n<meta name=\"twitter:image\" content=\"https:\/\/www.organisator.ch\/wp-content\/uploads\/2022\/09\/Besonders-gefragt-Arbeitnehmende-mit-Qualifikationen-im-Bereich-Nachhaltigkeit-1_Organisator.jpg\" \/>\n<script type=\"application\/ld+json\" class=\"yoast-schema-graph\">{\"@context\":\"https:\\\/\\\/schema.org\",\"@graph\":[{\"@type\":\"Article\",\"@id\":\"https:\\\/\\\/www.organisator.ch\\\/human-resources\\\/2022-09-14\\\/besonders-gefragt-arbeitnehmende-mit-qualifikationen-im-bereich-nachhaltigkeit\\\/#article\",\"isPartOf\":{\"@id\":\"https:\\\/\\\/www.organisator.ch\\\/human-resources\\\/2022-09-14\\\/besonders-gefragt-arbeitnehmende-mit-qualifikationen-im-bereich-nachhaltigkeit\\\/\"},\"author\":{\"name\":\"thomas.berner\",\"@id\":\"https:\\\/\\\/www.organisator.ch\\\/#\\\/schema\\\/person\\\/6f650f90b2842cd4c0cc334b4e36f67e\"},\"headline\":\"Besonders gefragt: Arbeitnehmende mit Qualifikationen im Bereich Nachhaltigkeit\",\"datePublished\":\"2022-09-14T07:37:16+00:00\",\"mainEntityOfPage\":{\"@id\":\"https:\\\/\\\/www.organisator.ch\\\/human-resources\\\/2022-09-14\\\/besonders-gefragt-arbeitnehmende-mit-qualifikationen-im-bereich-nachhaltigkeit\\\/\"},\"wordCount\":678,\"publisher\":{\"@id\":\"https:\\\/\\\/www.organisator.ch\\\/#organization\"},\"image\":{\"@id\":\"https:\\\/\\\/www.organisator.ch\\\/human-resources\\\/2022-09-14\\\/besonders-gefragt-arbeitnehmende-mit-qualifikationen-im-bereich-nachhaltigkeit\\\/#primaryimage\"},\"thumbnailUrl\":\"https:\\\/\\\/www.organisator.ch\\\/wp-content\\\/uploads\\\/2022\\\/09\\\/Besonders-gefragt-Arbeitnehmende-mit-Qualifikationen-im-Bereich-Nachhaltigkeit-1_Organisator.jpg\",\"keywords\":[\"Arbeitsmarkt\",\"HRM\",\"Nachhaltige Wirtschaft\",\"Umfrage\"],\"articleSection\":[\"HUMAN RESOURCES\"],\"inLanguage\":\"fr-FR\"},{\"@type\":\"WebPage\",\"@id\":\"https:\\\/\\\/www.organisator.ch\\\/human-resources\\\/2022-09-14\\\/besonders-gefragt-arbeitnehmende-mit-qualifikationen-im-bereich-nachhaltigkeit\\\/\",\"url\":\"https:\\\/\\\/www.organisator.ch\\\/human-resources\\\/2022-09-14\\\/besonders-gefragt-arbeitnehmende-mit-qualifikationen-im-bereich-nachhaltigkeit\\\/\",\"name\":\"Besonders gefragt: Arbeitnehmende mit Qualifikationen im Bereich Nachhaltigkeit - Organisator\",\"isPartOf\":{\"@id\":\"https:\\\/\\\/www.organisator.ch\\\/#website\"},\"primaryImageOfPage\":{\"@id\":\"https:\\\/\\\/www.organisator.ch\\\/human-resources\\\/2022-09-14\\\/besonders-gefragt-arbeitnehmende-mit-qualifikationen-im-bereich-nachhaltigkeit\\\/#primaryimage\"},\"image\":{\"@id\":\"https:\\\/\\\/www.organisator.ch\\\/human-resources\\\/2022-09-14\\\/besonders-gefragt-arbeitnehmende-mit-qualifikationen-im-bereich-nachhaltigkeit\\\/#primaryimage\"},\"thumbnailUrl\":\"https:\\\/\\\/www.organisator.ch\\\/wp-content\\\/uploads\\\/2022\\\/09\\\/Besonders-gefragt-Arbeitnehmende-mit-Qualifikationen-im-Bereich-Nachhaltigkeit-1_Organisator.jpg\",\"datePublished\":\"2022-09-14T07:37:16+00:00\",\"description\":\"Die Besch\u00e4ftigungsaussichten sind weiterhin positiv. Arbeitnehmende mit Qualifikationen im Bereich Nachhaltigkeit sind gefragt.\",\"breadcrumb\":{\"@id\":\"https:\\\/\\\/www.organisator.ch\\\/human-resources\\\/2022-09-14\\\/besonders-gefragt-arbeitnehmende-mit-qualifikationen-im-bereich-nachhaltigkeit\\\/#breadcrumb\"},\"inLanguage\":\"fr-FR\",\"potentialAction\":[{\"@type\":\"ReadAction\",\"target\":[\"https:\\\/\\\/www.organisator.ch\\\/human-resources\\\/2022-09-14\\\/besonders-gefragt-arbeitnehmende-mit-qualifikationen-im-bereich-nachhaltigkeit\\\/\"]}]},{\"@type\":\"ImageObject\",\"inLanguage\":\"fr-FR\",\"@id\":\"https:\\\/\\\/www.organisator.ch\\\/human-resources\\\/2022-09-14\\\/besonders-gefragt-arbeitnehmende-mit-qualifikationen-im-bereich-nachhaltigkeit\\\/#primaryimage\",\"url\":\"https:\\\/\\\/www.organisator.ch\\\/wp-content\\\/uploads\\\/2022\\\/09\\\/Besonders-gefragt-Arbeitnehmende-mit-Qualifikationen-im-Bereich-Nachhaltigkeit-1_Organisator.jpg\",\"contentUrl\":\"https:\\\/\\\/www.organisator.ch\\\/wp-content\\\/uploads\\\/2022\\\/09\\\/Besonders-gefragt-Arbeitnehmende-mit-Qualifikationen-im-Bereich-Nachhaltigkeit-1_Organisator.jpg\",\"width\":680,\"height\":447,\"caption\":\"Auf dem Arbeitsmarkt derzeit besonders gefragt sind qualifizierte Personen im Bereich Nachhaltigkeit. (Bild: Pixabay.com)\"},{\"@type\":\"BreadcrumbList\",\"@id\":\"https:\\\/\\\/www.organisator.ch\\\/human-resources\\\/2022-09-14\\\/besonders-gefragt-arbeitnehmende-mit-qualifikationen-im-bereich-nachhaltigkeit\\\/#breadcrumb\",\"itemListElement\":[{\"@type\":\"ListItem\",\"position\":1,\"name\":\"Home\",\"item\":\"https:\\\/\\\/www.organisator.ch\\\/\"},{\"@type\":\"ListItem\",\"position\":2,\"name\":\"Besonders gefragt: Arbeitnehmende mit Qualifikationen im Bereich Nachhaltigkeit\"}]},{\"@type\":\"WebSite\",\"@id\":\"https:\\\/\\\/www.organisator.ch\\\/#website\",\"url\":\"https:\\\/\\\/www.organisator.ch\\\/\",\"name\":\"Organisator\",\"description\":\"Kompetent. Praxisnah. Der ORGANISATOR bereitet in 10 Ausgaben pro Jahr die wesentlichen Themen f\u00fcr F\u00fchrungskr\u00e4fte von KMU auf.\",\"publisher\":{\"@id\":\"https:\\\/\\\/www.organisator.ch\\\/#organization\"},\"potentialAction\":[{\"@type\":\"SearchAction\",\"target\":{\"@type\":\"EntryPoint\",\"urlTemplate\":\"https:\\\/\\\/www.organisator.ch\\\/?s={search_term_string}\"},\"query-input\":{\"@type\":\"PropertyValueSpecification\",\"valueRequired\":true,\"valueName\":\"search_term_string\"}}],\"inLanguage\":\"fr-FR\"},{\"@type\":\"Organization\",\"@id\":\"https:\\\/\\\/www.organisator.ch\\\/#organization\",\"name\":\"Organisator\",\"url\":\"https:\\\/\\\/www.organisator.ch\\\/\",\"logo\":{\"@type\":\"ImageObject\",\"inLanguage\":\"fr-FR\",\"@id\":\"https:\\\/\\\/www.organisator.ch\\\/#\\\/schema\\\/logo\\\/image\\\/\",\"url\":\"https:\\\/\\\/www.organisator.ch\\\/wp-content\\\/uploads\\\/2022\\\/01\\\/Logo_Organisator_Website.png\",\"contentUrl\":\"https:\\\/\\\/www.organisator.ch\\\/wp-content\\\/uploads\\\/2022\\\/01\\\/Logo_Organisator_Website.png\",\"width\":800,\"height\":77,\"caption\":\"Organisator\"},\"image\":{\"@id\":\"https:\\\/\\\/www.organisator.ch\\\/#\\\/schema\\\/logo\\\/image\\\/\"},\"sameAs\":[\"https:\\\/\\\/www.facebook.com\\\/OrganisatorFachmagazin\",\"https:\\\/\\\/www.linkedin.com\\\/showcase\\\/organisator-das-magazin-fr-kmu\",\"https:\\\/\\\/www.xing.com\\\/news\\\/pages\\\/organisator-ch-695\",\"https:\\\/\\\/www.youtube.com\\\/channel\\\/UCGP2Sq0iWaZwT3BdIAQFYpw\"]},{\"@type\":\"Person\",\"@id\":\"https:\\\/\\\/www.organisator.ch\\\/#\\\/schema\\\/person\\\/6f650f90b2842cd4c0cc334b4e36f67e\",\"name\":\"thomas.berner\",\"image\":{\"@type\":\"ImageObject\",\"inLanguage\":\"fr-FR\",\"@id\":\"https:\\\/\\\/secure.gravatar.com\\\/avatar\\\/ac5001d2a36cb6c6cd3e50789007ffca834b477b74a2144564522e944eabff61?s=96&d=mm&r=g\",\"url\":\"https:\\\/\\\/secure.gravatar.com\\\/avatar\\\/ac5001d2a36cb6c6cd3e50789007ffca834b477b74a2144564522e944eabff61?s=96&d=mm&r=g\",\"contentUrl\":\"https:\\\/\\\/secure.gravatar.com\\\/avatar\\\/ac5001d2a36cb6c6cd3e50789007ffca834b477b74a2144564522e944eabff61?s=96&d=mm&r=g\",\"caption\":\"thomas.berner\"},\"url\":\"https:\\\/\\\/www.organisator.ch\\\/fr\\\/author\\\/thomas-berner\\\/\"}]}<\/script>\n<!-- \/ Yoast SEO plugin. -->","yoast_head_json":{"title":"Particuli\u00e8rement demand\u00e9s : les travailleurs ayant des qualifications dans le domaine du d\u00e9veloppement durable - Organisateur","description":"Les perspectives d'emploi restent positives. Les travailleurs disposant de qualifications dans le domaine du d\u00e9veloppement durable sont tr\u00e8s demand\u00e9s.","robots":{"index":"index","follow":"follow","max-snippet":"max-snippet:-1","max-image-preview":"max-image-preview:large","max-video-preview":"max-video-preview:-1"},"canonical":"https:\/\/www.organisator.ch\/fr\/ressources-humaines\/2022-09-14\/besonders-gefragt-arbeitnehmende-mit-qualifikationen-im-bereich-nachhaltigkeit\/","og_locale":"fr_FR","og_type":"article","og_title":"Besonders gefragt: Arbeitnehmende mit Qualifikationen im Bereich Nachhaltigkeit","og_description":"Die Besch\u00e4ftigungsaussichten sind weiterhin positiv. Arbeitnehmende mit Qualifikationen im Bereich Nachhaltigkeit sind gefragt.","og_url":"https:\/\/www.organisator.ch\/fr\/ressources-humaines\/2022-09-14\/besonders-gefragt-arbeitnehmende-mit-qualifikationen-im-bereich-nachhaltigkeit\/","og_site_name":"Organisator","article_publisher":"https:\/\/www.facebook.com\/OrganisatorFachmagazin","article_published_time":"2022-09-14T07:37:16+00:00","og_image":[{"width":680,"height":447,"url":"https:\/\/www.organisator.ch\/wp-content\/uploads\/2022\/09\/Besonders-gefragt-Arbeitnehmende-mit-Qualifikationen-im-Bereich-Nachhaltigkeit-1_Organisator.jpg","type":"image\/jpeg"}],"author":"thomas.berner","twitter_card":"summary_large_image","twitter_title":"Besonders gefragt: #Arbeitnehmende mit Qualifikationen im Bereich #Nachhaltigkeit","twitter_description":"Die #Besch\u00e4ftigungsaussichten sind weiterhin positiv. #Arbeitnehmende mit Qualifikationen im Bereich #Nachhaltigkeit sind gefragt.","twitter_image":"https:\/\/www.organisator.ch\/wp-content\/uploads\/2022\/09\/Besonders-gefragt-Arbeitnehmende-mit-Qualifikationen-im-Bereich-Nachhaltigkeit-1_Organisator.jpg","schema":{"@context":"https:\/\/schema.org","@graph":[{"@type":"Article","@id":"https:\/\/www.organisator.ch\/human-resources\/2022-09-14\/besonders-gefragt-arbeitnehmende-mit-qualifikationen-im-bereich-nachhaltigkeit\/#article","isPartOf":{"@id":"https:\/\/www.organisator.ch\/human-resources\/2022-09-14\/besonders-gefragt-arbeitnehmende-mit-qualifikationen-im-bereich-nachhaltigkeit\/"},"author":{"name":"thomas.berner","@id":"https:\/\/www.organisator.ch\/#\/schema\/person\/6f650f90b2842cd4c0cc334b4e36f67e"},"headline":"Besonders gefragt: Arbeitnehmende mit Qualifikationen im Bereich Nachhaltigkeit","datePublished":"2022-09-14T07:37:16+00:00","mainEntityOfPage":{"@id":"https:\/\/www.organisator.ch\/human-resources\/2022-09-14\/besonders-gefragt-arbeitnehmende-mit-qualifikationen-im-bereich-nachhaltigkeit\/"},"wordCount":678,"publisher":{"@id":"https:\/\/www.organisator.ch\/#organization"},"image":{"@id":"https:\/\/www.organisator.ch\/human-resources\/2022-09-14\/besonders-gefragt-arbeitnehmende-mit-qualifikationen-im-bereich-nachhaltigkeit\/#primaryimage"},"thumbnailUrl":"https:\/\/www.organisator.ch\/wp-content\/uploads\/2022\/09\/Besonders-gefragt-Arbeitnehmende-mit-Qualifikationen-im-Bereich-Nachhaltigkeit-1_Organisator.jpg","keywords":["Arbeitsmarkt","HRM","Nachhaltige Wirtschaft","Umfrage"],"articleSection":["HUMAN RESOURCES"],"inLanguage":"fr-FR"},{"@type":"WebPage","@id":"https:\/\/www.organisator.ch\/human-resources\/2022-09-14\/besonders-gefragt-arbeitnehmende-mit-qualifikationen-im-bereich-nachhaltigkeit\/","url":"https:\/\/www.organisator.ch\/human-resources\/2022-09-14\/besonders-gefragt-arbeitnehmende-mit-qualifikationen-im-bereich-nachhaltigkeit\/","name":"Particuli\u00e8rement demand\u00e9s : les travailleurs ayant des qualifications dans le domaine du d\u00e9veloppement durable - Organisateur","isPartOf":{"@id":"https:\/\/www.organisator.ch\/#website"},"primaryImageOfPage":{"@id":"https:\/\/www.organisator.ch\/human-resources\/2022-09-14\/besonders-gefragt-arbeitnehmende-mit-qualifikationen-im-bereich-nachhaltigkeit\/#primaryimage"},"image":{"@id":"https:\/\/www.organisator.ch\/human-resources\/2022-09-14\/besonders-gefragt-arbeitnehmende-mit-qualifikationen-im-bereich-nachhaltigkeit\/#primaryimage"},"thumbnailUrl":"https:\/\/www.organisator.ch\/wp-content\/uploads\/2022\/09\/Besonders-gefragt-Arbeitnehmende-mit-Qualifikationen-im-Bereich-Nachhaltigkeit-1_Organisator.jpg","datePublished":"2022-09-14T07:37:16+00:00","description":"Les perspectives d'emploi restent positives. Les travailleurs disposant de qualifications dans le domaine du d\u00e9veloppement durable sont tr\u00e8s demand\u00e9s.","breadcrumb":{"@id":"https:\/\/www.organisator.ch\/human-resources\/2022-09-14\/besonders-gefragt-arbeitnehmende-mit-qualifikationen-im-bereich-nachhaltigkeit\/#breadcrumb"},"inLanguage":"fr-FR","potentialAction":[{"@type":"ReadAction","target":["https:\/\/www.organisator.ch\/human-resources\/2022-09-14\/besonders-gefragt-arbeitnehmende-mit-qualifikationen-im-bereich-nachhaltigkeit\/"]}]},{"@type":"ImageObject","inLanguage":"fr-FR","@id":"https:\/\/www.organisator.ch\/human-resources\/2022-09-14\/besonders-gefragt-arbeitnehmende-mit-qualifikationen-im-bereich-nachhaltigkeit\/#primaryimage","url":"https:\/\/www.organisator.ch\/wp-content\/uploads\/2022\/09\/Besonders-gefragt-Arbeitnehmende-mit-Qualifikationen-im-Bereich-Nachhaltigkeit-1_Organisator.jpg","contentUrl":"https:\/\/www.organisator.ch\/wp-content\/uploads\/2022\/09\/Besonders-gefragt-Arbeitnehmende-mit-Qualifikationen-im-Bereich-Nachhaltigkeit-1_Organisator.jpg","width":680,"height":447,"caption":"Auf dem Arbeitsmarkt derzeit besonders gefragt sind qualifizierte Personen im Bereich Nachhaltigkeit. (Bild: Pixabay.com)"},{"@type":"BreadcrumbList","@id":"https:\/\/www.organisator.ch\/human-resources\/2022-09-14\/besonders-gefragt-arbeitnehmende-mit-qualifikationen-im-bereich-nachhaltigkeit\/#breadcrumb","itemListElement":[{"@type":"ListItem","position":1,"name":"Home","item":"https:\/\/www.organisator.ch\/"},{"@type":"ListItem","position":2,"name":"Besonders gefragt: Arbeitnehmende mit Qualifikationen im Bereich Nachhaltigkeit"}]},{"@type":"WebSite","@id":"https:\/\/www.organisator.ch\/#website","url":"https:\/\/www.organisator.ch\/","name":"Organisateur","description":"Comp\u00e9tence et comp\u00e9tence. Proches de la pratique. L'ORGANISATEUR pr\u00e9pare 10 num\u00e9ros par an sur les th\u00e8mes essentiels pour les dirigeants de PME.","publisher":{"@id":"https:\/\/www.organisator.ch\/#organization"},"potentialAction":[{"@type":"SearchAction","target":{"@type":"EntryPoint","urlTemplate":"https:\/\/www.organisator.ch\/?s={search_term_string}"},"query-input":{"@type":"PropertyValueSpecification","valueRequired":true,"valueName":"search_term_string"}}],"inLanguage":"fr-FR"},{"@type":"Organization","@id":"https:\/\/www.organisator.ch\/#organization","name":"Organisateur","url":"https:\/\/www.organisator.ch\/","logo":{"@type":"ImageObject","inLanguage":"fr-FR","@id":"https:\/\/www.organisator.ch\/#\/schema\/logo\/image\/","url":"https:\/\/www.organisator.ch\/wp-content\/uploads\/2022\/01\/Logo_Organisator_Website.png","contentUrl":"https:\/\/www.organisator.ch\/wp-content\/uploads\/2022\/01\/Logo_Organisator_Website.png","width":800,"height":77,"caption":"Organisator"},"image":{"@id":"https:\/\/www.organisator.ch\/#\/schema\/logo\/image\/"},"sameAs":["https:\/\/www.facebook.com\/OrganisatorFachmagazin","https:\/\/www.linkedin.com\/showcase\/organisator-das-magazin-fr-kmu","https:\/\/www.xing.com\/news\/pages\/organisator-ch-695","https:\/\/www.youtube.com\/channel\/UCGP2Sq0iWaZwT3BdIAQFYpw"]},{"@type":"Person","@id":"https:\/\/www.organisator.ch\/#\/schema\/person\/6f650f90b2842cd4c0cc334b4e36f67e","name":"thomas.berner","image":{"@type":"ImageObject","inLanguage":"fr-FR","@id":"https:\/\/secure.gravatar.com\/avatar\/ac5001d2a36cb6c6cd3e50789007ffca834b477b74a2144564522e944eabff61?s=96&d=mm&r=g","url":"https:\/\/secure.gravatar.com\/avatar\/ac5001d2a36cb6c6cd3e50789007ffca834b477b74a2144564522e944eabff61?s=96&d=mm&r=g","contentUrl":"https:\/\/secure.gravatar.com\/avatar\/ac5001d2a36cb6c6cd3e50789007ffca834b477b74a2144564522e944eabff61?s=96&d=mm&r=g","caption":"thomas.berner"},"url":"https:\/\/www.organisator.ch\/fr\/author\/thomas-berner\/"}]}},"_links":{"self":[{"href":"https:\/\/www.organisator.ch\/fr\/wp-json\/wp\/v2\/posts\/16924","targetHints":{"allow":["GET"]}}],"collection":[{"href":"https:\/\/www.organisator.ch\/fr\/wp-json\/wp\/v2\/posts"}],"about":[{"href":"https:\/\/www.organisator.ch\/fr\/wp-json\/wp\/v2\/types\/post"}],"author":[{"embeddable":true,"href":"https:\/\/www.organisator.ch\/fr\/wp-json\/wp\/v2\/users\/4"}],"replies":[{"embeddable":true,"href":"https:\/\/www.organisator.ch\/fr\/wp-json\/wp\/v2\/comments?post=16924"}],"version-history":[{"count":1,"href":"https:\/\/www.organisator.ch\/fr\/wp-json\/wp\/v2\/posts\/16924\/revisions"}],"predecessor-version":[{"id":16927,"href":"https:\/\/www.organisator.ch\/fr\/wp-json\/wp\/v2\/posts\/16924\/revisions\/16927"}],"wp:featuredmedia":[{"embeddable":true,"href":"https:\/\/www.organisator.ch\/fr\/wp-json\/wp\/v2\/media\/16926"}],"wp:attachment":[{"href":"https:\/\/www.organisator.ch\/fr\/wp-json\/wp\/v2\/media?parent=16924"}],"wp:term":[{"taxonomy":"category","embeddable":true,"href":"https:\/\/www.organisator.ch\/fr\/wp-json\/wp\/v2\/categories?post=16924"},{"taxonomy":"post_tag","embeddable":true,"href":"https:\/\/www.organisator.ch\/fr\/wp-json\/wp\/v2\/tags?post=16924"}],"curies":[{"name":"wp","href":"https:\/\/api.w.org\/{rel}","templated":true}]}}