{"id":16966,"date":"2022-09-19T14:28:42","date_gmt":"2022-09-19T12:28:42","guid":{"rendered":"https:\/\/www.organisator.ch\/?p=16966"},"modified":"2022-09-19T14:28:42","modified_gmt":"2022-09-19T12:28:42","slug":"weiterbildung-zum-e-commerce-spezialist-neue-karrierechance","status":"publish","type":"post","link":"https:\/\/www.organisator.ch\/fr\/weiterbildung\/2022-09-19\/weiterbildung-zum-e-commerce-spezialist-neue-karrierechance\/","title":{"rendered":"Formation continue de sp\u00e9cialiste du commerce \u00e9lectronique : Nouvelle opportunit\u00e9 de carri\u00e8re"},"content":{"rendered":"<figure id=\"attachment_16967\" aria-describedby=\"caption-attachment-16967\" style=\"width: 680px\" class=\"wp-caption alignnone\"><img loading=\"lazy\" decoding=\"async\" class=\"size-full wp-image-16967\" src=\"https:\/\/www.organisator.ch\/wp-content\/uploads\/2022\/09\/Weiterbildung-zum-E-Commerce-Spezialist-Neue-Karrierechance_Organisator.jpg\" alt=\"\" width=\"680\" height=\"453\" srcset=\"https:\/\/www.organisator.ch\/wp-content\/uploads\/2022\/09\/Weiterbildung-zum-E-Commerce-Spezialist-Neue-Karrierechance_Organisator.jpg 680w, https:\/\/www.organisator.ch\/wp-content\/uploads\/2022\/09\/Weiterbildung-zum-E-Commerce-Spezialist-Neue-Karrierechance_Organisator-18x12.jpg 18w, https:\/\/www.organisator.ch\/wp-content\/uploads\/2022\/09\/Weiterbildung-zum-E-Commerce-Spezialist-Neue-Karrierechance_Organisator-263x175.jpg 263w, https:\/\/www.organisator.ch\/wp-content\/uploads\/2022\/09\/Weiterbildung-zum-E-Commerce-Spezialist-Neue-Karrierechance_Organisator-525x350.jpg 525w, https:\/\/www.organisator.ch\/wp-content\/uploads\/2022\/09\/Weiterbildung-zum-E-Commerce-Spezialist-Neue-Karrierechance_Organisator-300x200.jpg 300w\" sizes=\"auto, (max-width: 680px) 100vw, 680px\" \/><figcaption id=\"caption-attachment-16967\" class=\"wp-caption-text\">Un(e) sp\u00e9cialiste du commerce \u00e9lectronique met en place des boutiques en ligne ou des plateformes num\u00e9riques pour la vente de produits et de services. (Image : Unsplash.com)<\/figcaption><\/figure>\n<p>En 2021, la Suisse se trouvait en sixi\u00e8me position dans le commerce en ligne europ\u00e9en, devant l'Allemagne, la Belgique et la France. C'est ce que montre un classement publi\u00e9 par l'Office f\u00e9d\u00e9ral de la statistique. Selon le portail Statista, plus de 58 % de la population mondiale effectuaient un achat en ligne une fois par semaine en 2021. Chez les Allemands, ce chiffre n'\u00e9tait que de 42 %. Jusqu'\u00e0 r\u00e9cemment, la Suisse \u00e9tait consid\u00e9r\u00e9e comme un pays \u00e0 la tra\u00eene dans le domaine du commerce \u00e9lectronique. Aujourd'hui, elle rattrape son retard. En 2021, le commerce en ligne y a augment\u00e9 de pr\u00e8s de 10 %. Le commerce \u00e9lectronique national en profite \u00e9galement de plus en plus. Alors qu'entre 2010 et 2018, les Suisses commandaient de plus en plus de marchandises en ligne depuis l'\u00e9tranger, cette part diminue ou stagne depuis 2019. En 2021, le commerce \u00e9lectronique suisse a r\u00e9alis\u00e9 un chiffre d'affaires total de CHF 14,4 milliards.<\/p>\n<h3><strong>Plus de e-commerce dans le commerce de gros <\/strong><\/h3>\n<p>Le commerce \u00e9lectronique prend \u00e9galement de plus en plus d'importance dans le B2B. C'est ce que confirme Ueli Stursberg, premier secr\u00e9taire de Commerce Suisse et responsable de la formation : \"Les innovations dans le commerce \u00e9lectronique concernent de plus en plus le commerce entre les entreprises, comme par exemple dans le commerce de gros. Nous nous attendons ici \u00e0 une croissance plus forte. Car la g\u00e9n\u00e9ration qui si\u00e8ge d\u00e9sormais dans les entreprises et prend des d\u00e9cisions est, en tant que consommateur, habitu\u00e9e au commerce en ligne. Elle exige des normes similaires de la part des fournisseurs. C'est pourquoi les sp\u00e9cialistes chevronn\u00e9s sont tr\u00e8s demand\u00e9s\".<\/p>\n<h3><strong>Premier dipl\u00f4me f\u00e9d\u00e9ral de sp\u00e9cialiste en commerce \u00e9lectronique<\/strong><\/h3>\n<p>Ces derni\u00e8res ann\u00e9es, les collaborateurs du commerce \u00e9lectronique suisse ont souvent d\u00fb \u00e9largir leurs connaissances sur le tas. D\u00e9sormais, la branche a lanc\u00e9 une formation continue au niveau de l'examen professionnel f\u00e9d\u00e9ral. Les candidat(e)s justifient d'une formation de base dans le commerce de d\u00e9tail, dans le commerce ou en tant que m\u00e9diamaticien(ne) et disposent d'au moins deux ans de pratique professionnelle. D'autres formations initiales sont accept\u00e9es. Les premi\u00e8res formations continues de sp\u00e9cialiste en commerce \u00e9lectronique pourront \u00eatre suivies \u00e0 partir de l'automne 2022, en commen\u00e7ant par la Suisse al\u00e9manique. Sept examens modulaires doivent \u00eatre pass\u00e9s. Les premiers dipl\u00f4mes sont attendus en 2024. Le nouveau dipl\u00f4me f\u00e9d\u00e9ral simplifie le recrutement et la carri\u00e8re sur le march\u00e9 en pleine croissance du commerce \u00e9lectronique. L'ODA Formation du commerce de d\u00e9tail suisse, Handelsverband.swiss, l'association des entreprises de commerce \u00e9lectronique, et l'association fa\u00eeti\u00e8re du commerce suisse font partie des organismes responsables. Les sp\u00e9cialistes du commerce \u00e9lectronique mettent en place des boutiques en ligne ou des plateformes num\u00e9riques pour la vente de services ou de produits. En outre, ils les exploitent et les d\u00e9veloppent.<\/p>\n<p><em>Source : <a href=\"http:\/\/www.handel-schweiz.com\">Commerce Suisse<\/a><\/em><\/p>","protected":false},"excerpt":{"rendered":"<p>Im europ\u00e4ischen Onlinehandel lag die Schweiz im Jahr 2021 an sechster Stelle, vor Deutschland, Belgien und Frankreich. Das zeigt eine vom Bundesamt f\u00fcr Statistik publizierte Rangliste. Laut dem Portal Statista t\u00e4tigten im Jahr 2021 \u00fcber 58 % der Weltbev\u00f6lkerung einmal pro Woche einen Onlinekauf. Bei den Deutschen waren dies erst 42 %. Die Schweiz galt [&hellip;]<\/p>\n","protected":false},"author":4,"featured_media":16967,"comment_status":"closed","ping_status":"closed","sticky":false,"template":"","format":"standard","meta":{"_acf_changed":false,"_yoast_wpseo_focuskw":"E-Commerce Spezialist","_yoast_wpseo_metadesc":"Die frisch lancierte Weiterbildung E-Commerce Spezialist auf Stufe eidg. Berufspr\u00fcfung f\u00f6rdert Karrieren im Schweizer Onlinehandel.","articlekey":"","footnotes":""},"categories":[30],"tags":[62,163,294],"class_list":["post-16966","post","type-post","status-publish","format-standard","has-post-thumbnail","hentry","category-weiterbildung","tag-aus-weiterbildung","tag-e-commerce","tag-karriere"],"acf":[],"yoast_head":"<!-- This site is optimized with the Yoast SEO plugin v27.5 - https:\/\/yoast.com\/product\/yoast-seo-wordpress\/ -->\n<title>Weiterbildung zum E-Commerce Spezialist: Neue Karrierechance - Organisator<\/title>\n<meta name=\"description\" content=\"Die frisch lancierte Weiterbildung E-Commerce Spezialist auf Stufe eidg. Berufspr\u00fcfung f\u00f6rdert Karrieren im Schweizer Onlinehandel.\" \/>\n<meta name=\"robots\" content=\"index, follow, max-snippet:-1, max-image-preview:large, max-video-preview:-1\" \/>\n<link rel=\"canonical\" href=\"https:\/\/www.organisator.ch\/fr\/formation-continue-2\/2022-09-19\/weiterbildung-zum-e-commerce-spezialist-neue-karrierechance\/\" \/>\n<meta property=\"og:locale\" content=\"fr_FR\" \/>\n<meta property=\"og:type\" content=\"article\" \/>\n<meta property=\"og:title\" content=\"Weiterbildung zum E-Commerce Spezialist: Neue Karrierechance\" \/>\n<meta property=\"og:description\" content=\"Die frisch lancierte Weiterbildung E-Commerce Spezialist auf Stufe eidg. Berufspr\u00fcfung f\u00f6rdert Karrieren im Schweizer Onlinehandel.\" \/>\n<meta property=\"og:url\" content=\"https:\/\/www.organisator.ch\/fr\/formation-continue-2\/2022-09-19\/weiterbildung-zum-e-commerce-spezialist-neue-karrierechance\/\" \/>\n<meta property=\"og:site_name\" content=\"Organisator\" \/>\n<meta property=\"article:publisher\" content=\"https:\/\/www.facebook.com\/OrganisatorFachmagazin\" \/>\n<meta property=\"article:published_time\" content=\"2022-09-19T12:28:42+00:00\" \/>\n<meta property=\"og:image\" content=\"https:\/\/www.organisator.ch\/wp-content\/uploads\/2022\/09\/Weiterbildung-zum-E-Commerce-Spezialist-Neue-Karrierechance_Organisator.jpg\" \/>\n\t<meta property=\"og:image:width\" content=\"680\" \/>\n\t<meta property=\"og:image:height\" content=\"453\" \/>\n\t<meta property=\"og:image:type\" content=\"image\/jpeg\" \/>\n<meta name=\"author\" content=\"thomas.berner\" \/>\n<meta name=\"twitter:card\" content=\"summary_large_image\" \/>\n<meta name=\"twitter:title\" content=\"#Weiterbildung zum #E-Commerce Spezialist: Neue #Karrierechance\" \/>\n<meta name=\"twitter:description\" content=\"Die frisch lancierte #Weiterbildung #E-Commerce #Spezialist auf Stufe eidg. #Berufspr\u00fcfung f\u00f6rdert #Karrieren im Schweizer #Onlinehandel.\" \/>\n<meta name=\"twitter:image\" content=\"https:\/\/www.organisator.ch\/wp-content\/uploads\/2022\/09\/Weiterbildung-zum-E-Commerce-Spezialist-Neue-Karrierechance_Organisator.jpg\" \/>\n<script type=\"application\/ld+json\" class=\"yoast-schema-graph\">{\"@context\":\"https:\\\/\\\/schema.org\",\"@graph\":[{\"@type\":\"Article\",\"@id\":\"https:\\\/\\\/www.organisator.ch\\\/weiterbildung\\\/2022-09-19\\\/weiterbildung-zum-e-commerce-spezialist-neue-karrierechance\\\/#article\",\"isPartOf\":{\"@id\":\"https:\\\/\\\/www.organisator.ch\\\/weiterbildung\\\/2022-09-19\\\/weiterbildung-zum-e-commerce-spezialist-neue-karrierechance\\\/\"},\"author\":{\"name\":\"thomas.berner\",\"@id\":\"https:\\\/\\\/www.organisator.ch\\\/#\\\/schema\\\/person\\\/6f650f90b2842cd4c0cc334b4e36f67e\"},\"headline\":\"Weiterbildung zum E-Commerce Spezialist: Neue Karrierechance\",\"datePublished\":\"2022-09-19T12:28:42+00:00\",\"mainEntityOfPage\":{\"@id\":\"https:\\\/\\\/www.organisator.ch\\\/weiterbildung\\\/2022-09-19\\\/weiterbildung-zum-e-commerce-spezialist-neue-karrierechance\\\/\"},\"wordCount\":393,\"publisher\":{\"@id\":\"https:\\\/\\\/www.organisator.ch\\\/#organization\"},\"image\":{\"@id\":\"https:\\\/\\\/www.organisator.ch\\\/weiterbildung\\\/2022-09-19\\\/weiterbildung-zum-e-commerce-spezialist-neue-karrierechance\\\/#primaryimage\"},\"thumbnailUrl\":\"https:\\\/\\\/www.organisator.ch\\\/wp-content\\\/uploads\\\/2022\\\/09\\\/Weiterbildung-zum-E-Commerce-Spezialist-Neue-Karrierechance_Organisator.jpg\",\"keywords\":[\"Aus-\\\/Weiterbildung\",\"E-Commerce\",\"Karriere\"],\"articleSection\":[\"WEITERBILDUNG\"],\"inLanguage\":\"fr-FR\"},{\"@type\":\"WebPage\",\"@id\":\"https:\\\/\\\/www.organisator.ch\\\/weiterbildung\\\/2022-09-19\\\/weiterbildung-zum-e-commerce-spezialist-neue-karrierechance\\\/\",\"url\":\"https:\\\/\\\/www.organisator.ch\\\/weiterbildung\\\/2022-09-19\\\/weiterbildung-zum-e-commerce-spezialist-neue-karrierechance\\\/\",\"name\":\"Weiterbildung zum E-Commerce Spezialist: Neue Karrierechance - Organisator\",\"isPartOf\":{\"@id\":\"https:\\\/\\\/www.organisator.ch\\\/#website\"},\"primaryImageOfPage\":{\"@id\":\"https:\\\/\\\/www.organisator.ch\\\/weiterbildung\\\/2022-09-19\\\/weiterbildung-zum-e-commerce-spezialist-neue-karrierechance\\\/#primaryimage\"},\"image\":{\"@id\":\"https:\\\/\\\/www.organisator.ch\\\/weiterbildung\\\/2022-09-19\\\/weiterbildung-zum-e-commerce-spezialist-neue-karrierechance\\\/#primaryimage\"},\"thumbnailUrl\":\"https:\\\/\\\/www.organisator.ch\\\/wp-content\\\/uploads\\\/2022\\\/09\\\/Weiterbildung-zum-E-Commerce-Spezialist-Neue-Karrierechance_Organisator.jpg\",\"datePublished\":\"2022-09-19T12:28:42+00:00\",\"description\":\"Die frisch lancierte Weiterbildung E-Commerce Spezialist auf Stufe eidg. Berufspr\u00fcfung f\u00f6rdert Karrieren im Schweizer Onlinehandel.\",\"breadcrumb\":{\"@id\":\"https:\\\/\\\/www.organisator.ch\\\/weiterbildung\\\/2022-09-19\\\/weiterbildung-zum-e-commerce-spezialist-neue-karrierechance\\\/#breadcrumb\"},\"inLanguage\":\"fr-FR\",\"potentialAction\":[{\"@type\":\"ReadAction\",\"target\":[\"https:\\\/\\\/www.organisator.ch\\\/weiterbildung\\\/2022-09-19\\\/weiterbildung-zum-e-commerce-spezialist-neue-karrierechance\\\/\"]}]},{\"@type\":\"ImageObject\",\"inLanguage\":\"fr-FR\",\"@id\":\"https:\\\/\\\/www.organisator.ch\\\/weiterbildung\\\/2022-09-19\\\/weiterbildung-zum-e-commerce-spezialist-neue-karrierechance\\\/#primaryimage\",\"url\":\"https:\\\/\\\/www.organisator.ch\\\/wp-content\\\/uploads\\\/2022\\\/09\\\/Weiterbildung-zum-E-Commerce-Spezialist-Neue-Karrierechance_Organisator.jpg\",\"contentUrl\":\"https:\\\/\\\/www.organisator.ch\\\/wp-content\\\/uploads\\\/2022\\\/09\\\/Weiterbildung-zum-E-Commerce-Spezialist-Neue-Karrierechance_Organisator.jpg\",\"width\":680,\"height\":453,\"caption\":\"Eine E-Commerce Spezialistin (oder ein E-Commerce Spezialist) baut Onlineshops oder digitale Plattformen f\u00fcr den Verkauf von Produkten und Dienstleistungen auf. (Bild: Unsplash.com)\"},{\"@type\":\"BreadcrumbList\",\"@id\":\"https:\\\/\\\/www.organisator.ch\\\/weiterbildung\\\/2022-09-19\\\/weiterbildung-zum-e-commerce-spezialist-neue-karrierechance\\\/#breadcrumb\",\"itemListElement\":[{\"@type\":\"ListItem\",\"position\":1,\"name\":\"Home\",\"item\":\"https:\\\/\\\/www.organisator.ch\\\/\"},{\"@type\":\"ListItem\",\"position\":2,\"name\":\"Weiterbildung zum E-Commerce Spezialist: Neue Karrierechance\"}]},{\"@type\":\"WebSite\",\"@id\":\"https:\\\/\\\/www.organisator.ch\\\/#website\",\"url\":\"https:\\\/\\\/www.organisator.ch\\\/\",\"name\":\"Organisator\",\"description\":\"Kompetent. Praxisnah. Der ORGANISATOR bereitet in 10 Ausgaben pro Jahr die wesentlichen Themen f\u00fcr F\u00fchrungskr\u00e4fte von KMU auf.\",\"publisher\":{\"@id\":\"https:\\\/\\\/www.organisator.ch\\\/#organization\"},\"potentialAction\":[{\"@type\":\"SearchAction\",\"target\":{\"@type\":\"EntryPoint\",\"urlTemplate\":\"https:\\\/\\\/www.organisator.ch\\\/?s={search_term_string}\"},\"query-input\":{\"@type\":\"PropertyValueSpecification\",\"valueRequired\":true,\"valueName\":\"search_term_string\"}}],\"inLanguage\":\"fr-FR\"},{\"@type\":\"Organization\",\"@id\":\"https:\\\/\\\/www.organisator.ch\\\/#organization\",\"name\":\"Organisator\",\"url\":\"https:\\\/\\\/www.organisator.ch\\\/\",\"logo\":{\"@type\":\"ImageObject\",\"inLanguage\":\"fr-FR\",\"@id\":\"https:\\\/\\\/www.organisator.ch\\\/#\\\/schema\\\/logo\\\/image\\\/\",\"url\":\"https:\\\/\\\/www.organisator.ch\\\/wp-content\\\/uploads\\\/2022\\\/01\\\/Logo_Organisator_Website.png\",\"contentUrl\":\"https:\\\/\\\/www.organisator.ch\\\/wp-content\\\/uploads\\\/2022\\\/01\\\/Logo_Organisator_Website.png\",\"width\":800,\"height\":77,\"caption\":\"Organisator\"},\"image\":{\"@id\":\"https:\\\/\\\/www.organisator.ch\\\/#\\\/schema\\\/logo\\\/image\\\/\"},\"sameAs\":[\"https:\\\/\\\/www.facebook.com\\\/OrganisatorFachmagazin\",\"https:\\\/\\\/www.linkedin.com\\\/showcase\\\/organisator-das-magazin-fr-kmu\",\"https:\\\/\\\/www.xing.com\\\/news\\\/pages\\\/organisator-ch-695\",\"https:\\\/\\\/www.youtube.com\\\/channel\\\/UCGP2Sq0iWaZwT3BdIAQFYpw\"]},{\"@type\":\"Person\",\"@id\":\"https:\\\/\\\/www.organisator.ch\\\/#\\\/schema\\\/person\\\/6f650f90b2842cd4c0cc334b4e36f67e\",\"name\":\"thomas.berner\",\"image\":{\"@type\":\"ImageObject\",\"inLanguage\":\"fr-FR\",\"@id\":\"https:\\\/\\\/secure.gravatar.com\\\/avatar\\\/ac5001d2a36cb6c6cd3e50789007ffca834b477b74a2144564522e944eabff61?s=96&d=mm&r=g\",\"url\":\"https:\\\/\\\/secure.gravatar.com\\\/avatar\\\/ac5001d2a36cb6c6cd3e50789007ffca834b477b74a2144564522e944eabff61?s=96&d=mm&r=g\",\"contentUrl\":\"https:\\\/\\\/secure.gravatar.com\\\/avatar\\\/ac5001d2a36cb6c6cd3e50789007ffca834b477b74a2144564522e944eabff61?s=96&d=mm&r=g\",\"caption\":\"thomas.berner\"},\"url\":\"https:\\\/\\\/www.organisator.ch\\\/fr\\\/author\\\/thomas-berner\\\/\"}]}<\/script>\n<!-- \/ Yoast SEO plugin. -->","yoast_head_json":{"title":"Formation continue de sp\u00e9cialiste du commerce \u00e9lectronique : Nouvelle opportunit\u00e9 de carri\u00e8re - Organisateur","description":"La formation continue de niveau examen professionnel f\u00e9d\u00e9ral de sp\u00e9cialiste en commerce \u00e9lectronique, qui vient d'\u00eatre lanc\u00e9e, favorise les carri\u00e8res dans le commerce en ligne suisse.","robots":{"index":"index","follow":"follow","max-snippet":"max-snippet:-1","max-image-preview":"max-image-preview:large","max-video-preview":"max-video-preview:-1"},"canonical":"https:\/\/www.organisator.ch\/fr\/formation-continue-2\/2022-09-19\/weiterbildung-zum-e-commerce-spezialist-neue-karrierechance\/","og_locale":"fr_FR","og_type":"article","og_title":"Weiterbildung zum E-Commerce Spezialist: Neue Karrierechance","og_description":"Die frisch lancierte Weiterbildung E-Commerce Spezialist auf Stufe eidg. Berufspr\u00fcfung f\u00f6rdert Karrieren im Schweizer Onlinehandel.","og_url":"https:\/\/www.organisator.ch\/fr\/formation-continue-2\/2022-09-19\/weiterbildung-zum-e-commerce-spezialist-neue-karrierechance\/","og_site_name":"Organisator","article_publisher":"https:\/\/www.facebook.com\/OrganisatorFachmagazin","article_published_time":"2022-09-19T12:28:42+00:00","og_image":[{"width":680,"height":453,"url":"https:\/\/www.organisator.ch\/wp-content\/uploads\/2022\/09\/Weiterbildung-zum-E-Commerce-Spezialist-Neue-Karrierechance_Organisator.jpg","type":"image\/jpeg"}],"author":"thomas.berner","twitter_card":"summary_large_image","twitter_title":"#Weiterbildung zum #E-Commerce Spezialist: Neue #Karrierechance","twitter_description":"Die frisch lancierte #Weiterbildung #E-Commerce #Spezialist auf Stufe eidg. #Berufspr\u00fcfung f\u00f6rdert #Karrieren im Schweizer #Onlinehandel.","twitter_image":"https:\/\/www.organisator.ch\/wp-content\/uploads\/2022\/09\/Weiterbildung-zum-E-Commerce-Spezialist-Neue-Karrierechance_Organisator.jpg","schema":{"@context":"https:\/\/schema.org","@graph":[{"@type":"Article","@id":"https:\/\/www.organisator.ch\/weiterbildung\/2022-09-19\/weiterbildung-zum-e-commerce-spezialist-neue-karrierechance\/#article","isPartOf":{"@id":"https:\/\/www.organisator.ch\/weiterbildung\/2022-09-19\/weiterbildung-zum-e-commerce-spezialist-neue-karrierechance\/"},"author":{"name":"thomas.berner","@id":"https:\/\/www.organisator.ch\/#\/schema\/person\/6f650f90b2842cd4c0cc334b4e36f67e"},"headline":"Weiterbildung zum E-Commerce Spezialist: Neue Karrierechance","datePublished":"2022-09-19T12:28:42+00:00","mainEntityOfPage":{"@id":"https:\/\/www.organisator.ch\/weiterbildung\/2022-09-19\/weiterbildung-zum-e-commerce-spezialist-neue-karrierechance\/"},"wordCount":393,"publisher":{"@id":"https:\/\/www.organisator.ch\/#organization"},"image":{"@id":"https:\/\/www.organisator.ch\/weiterbildung\/2022-09-19\/weiterbildung-zum-e-commerce-spezialist-neue-karrierechance\/#primaryimage"},"thumbnailUrl":"https:\/\/www.organisator.ch\/wp-content\/uploads\/2022\/09\/Weiterbildung-zum-E-Commerce-Spezialist-Neue-Karrierechance_Organisator.jpg","keywords":["Aus-\/Weiterbildung","E-Commerce","Karriere"],"articleSection":["WEITERBILDUNG"],"inLanguage":"fr-FR"},{"@type":"WebPage","@id":"https:\/\/www.organisator.ch\/weiterbildung\/2022-09-19\/weiterbildung-zum-e-commerce-spezialist-neue-karrierechance\/","url":"https:\/\/www.organisator.ch\/weiterbildung\/2022-09-19\/weiterbildung-zum-e-commerce-spezialist-neue-karrierechance\/","name":"Formation continue de sp\u00e9cialiste du commerce \u00e9lectronique : Nouvelle opportunit\u00e9 de carri\u00e8re - Organisateur","isPartOf":{"@id":"https:\/\/www.organisator.ch\/#website"},"primaryImageOfPage":{"@id":"https:\/\/www.organisator.ch\/weiterbildung\/2022-09-19\/weiterbildung-zum-e-commerce-spezialist-neue-karrierechance\/#primaryimage"},"image":{"@id":"https:\/\/www.organisator.ch\/weiterbildung\/2022-09-19\/weiterbildung-zum-e-commerce-spezialist-neue-karrierechance\/#primaryimage"},"thumbnailUrl":"https:\/\/www.organisator.ch\/wp-content\/uploads\/2022\/09\/Weiterbildung-zum-E-Commerce-Spezialist-Neue-Karrierechance_Organisator.jpg","datePublished":"2022-09-19T12:28:42+00:00","description":"La formation continue de niveau examen professionnel f\u00e9d\u00e9ral de sp\u00e9cialiste en commerce \u00e9lectronique, qui vient d'\u00eatre lanc\u00e9e, favorise les carri\u00e8res dans le commerce en ligne suisse.","breadcrumb":{"@id":"https:\/\/www.organisator.ch\/weiterbildung\/2022-09-19\/weiterbildung-zum-e-commerce-spezialist-neue-karrierechance\/#breadcrumb"},"inLanguage":"fr-FR","potentialAction":[{"@type":"ReadAction","target":["https:\/\/www.organisator.ch\/weiterbildung\/2022-09-19\/weiterbildung-zum-e-commerce-spezialist-neue-karrierechance\/"]}]},{"@type":"ImageObject","inLanguage":"fr-FR","@id":"https:\/\/www.organisator.ch\/weiterbildung\/2022-09-19\/weiterbildung-zum-e-commerce-spezialist-neue-karrierechance\/#primaryimage","url":"https:\/\/www.organisator.ch\/wp-content\/uploads\/2022\/09\/Weiterbildung-zum-E-Commerce-Spezialist-Neue-Karrierechance_Organisator.jpg","contentUrl":"https:\/\/www.organisator.ch\/wp-content\/uploads\/2022\/09\/Weiterbildung-zum-E-Commerce-Spezialist-Neue-Karrierechance_Organisator.jpg","width":680,"height":453,"caption":"Eine E-Commerce Spezialistin (oder ein E-Commerce Spezialist) baut Onlineshops oder digitale Plattformen f\u00fcr den Verkauf von Produkten und Dienstleistungen auf. (Bild: Unsplash.com)"},{"@type":"BreadcrumbList","@id":"https:\/\/www.organisator.ch\/weiterbildung\/2022-09-19\/weiterbildung-zum-e-commerce-spezialist-neue-karrierechance\/#breadcrumb","itemListElement":[{"@type":"ListItem","position":1,"name":"Home","item":"https:\/\/www.organisator.ch\/"},{"@type":"ListItem","position":2,"name":"Weiterbildung zum E-Commerce Spezialist: Neue Karrierechance"}]},{"@type":"WebSite","@id":"https:\/\/www.organisator.ch\/#website","url":"https:\/\/www.organisator.ch\/","name":"Organisateur","description":"Comp\u00e9tence et comp\u00e9tence. Proches de la pratique. L'ORGANISATEUR pr\u00e9pare 10 num\u00e9ros par an sur les th\u00e8mes essentiels pour les dirigeants de PME.","publisher":{"@id":"https:\/\/www.organisator.ch\/#organization"},"potentialAction":[{"@type":"SearchAction","target":{"@type":"EntryPoint","urlTemplate":"https:\/\/www.organisator.ch\/?s={search_term_string}"},"query-input":{"@type":"PropertyValueSpecification","valueRequired":true,"valueName":"search_term_string"}}],"inLanguage":"fr-FR"},{"@type":"Organization","@id":"https:\/\/www.organisator.ch\/#organization","name":"Organisateur","url":"https:\/\/www.organisator.ch\/","logo":{"@type":"ImageObject","inLanguage":"fr-FR","@id":"https:\/\/www.organisator.ch\/#\/schema\/logo\/image\/","url":"https:\/\/www.organisator.ch\/wp-content\/uploads\/2022\/01\/Logo_Organisator_Website.png","contentUrl":"https:\/\/www.organisator.ch\/wp-content\/uploads\/2022\/01\/Logo_Organisator_Website.png","width":800,"height":77,"caption":"Organisator"},"image":{"@id":"https:\/\/www.organisator.ch\/#\/schema\/logo\/image\/"},"sameAs":["https:\/\/www.facebook.com\/OrganisatorFachmagazin","https:\/\/www.linkedin.com\/showcase\/organisator-das-magazin-fr-kmu","https:\/\/www.xing.com\/news\/pages\/organisator-ch-695","https:\/\/www.youtube.com\/channel\/UCGP2Sq0iWaZwT3BdIAQFYpw"]},{"@type":"Person","@id":"https:\/\/www.organisator.ch\/#\/schema\/person\/6f650f90b2842cd4c0cc334b4e36f67e","name":"thomas.berner","image":{"@type":"ImageObject","inLanguage":"fr-FR","@id":"https:\/\/secure.gravatar.com\/avatar\/ac5001d2a36cb6c6cd3e50789007ffca834b477b74a2144564522e944eabff61?s=96&d=mm&r=g","url":"https:\/\/secure.gravatar.com\/avatar\/ac5001d2a36cb6c6cd3e50789007ffca834b477b74a2144564522e944eabff61?s=96&d=mm&r=g","contentUrl":"https:\/\/secure.gravatar.com\/avatar\/ac5001d2a36cb6c6cd3e50789007ffca834b477b74a2144564522e944eabff61?s=96&d=mm&r=g","caption":"thomas.berner"},"url":"https:\/\/www.organisator.ch\/fr\/author\/thomas-berner\/"}]}},"_links":{"self":[{"href":"https:\/\/www.organisator.ch\/fr\/wp-json\/wp\/v2\/posts\/16966","targetHints":{"allow":["GET"]}}],"collection":[{"href":"https:\/\/www.organisator.ch\/fr\/wp-json\/wp\/v2\/posts"}],"about":[{"href":"https:\/\/www.organisator.ch\/fr\/wp-json\/wp\/v2\/types\/post"}],"author":[{"embeddable":true,"href":"https:\/\/www.organisator.ch\/fr\/wp-json\/wp\/v2\/users\/4"}],"replies":[{"embeddable":true,"href":"https:\/\/www.organisator.ch\/fr\/wp-json\/wp\/v2\/comments?post=16966"}],"version-history":[{"count":1,"href":"https:\/\/www.organisator.ch\/fr\/wp-json\/wp\/v2\/posts\/16966\/revisions"}],"predecessor-version":[{"id":16968,"href":"https:\/\/www.organisator.ch\/fr\/wp-json\/wp\/v2\/posts\/16966\/revisions\/16968"}],"wp:featuredmedia":[{"embeddable":true,"href":"https:\/\/www.organisator.ch\/fr\/wp-json\/wp\/v2\/media\/16967"}],"wp:attachment":[{"href":"https:\/\/www.organisator.ch\/fr\/wp-json\/wp\/v2\/media?parent=16966"}],"wp:term":[{"taxonomy":"category","embeddable":true,"href":"https:\/\/www.organisator.ch\/fr\/wp-json\/wp\/v2\/categories?post=16966"},{"taxonomy":"post_tag","embeddable":true,"href":"https:\/\/www.organisator.ch\/fr\/wp-json\/wp\/v2\/tags?post=16966"}],"curies":[{"name":"wp","href":"https:\/\/api.w.org\/{rel}","templated":true}]}}