{"id":16992,"date":"2022-09-21T08:42:03","date_gmt":"2022-09-21T06:42:03","guid":{"rendered":"https:\/\/www.organisator.ch\/?p=16992"},"modified":"2022-10-12T09:32:38","modified_gmt":"2022-10-12T07:32:38","slug":"kyburz-switzerland-ist-gewinner-des-prix-svc-wirtschaftsraum-zuerich-2022","status":"publish","type":"post","link":"https:\/\/www.organisator.ch\/fr\/management\/2022-09-21\/kyburz-switzerland-ist-gewinner-des-prix-svc-wirtschaftsraum-zuerich-2022\/","title":{"rendered":"Kyburz Switzerland est le laur\u00e9at du Prix SVC Espace \u00e9conomique Zurich 2022"},"content":{"rendered":"<figure id=\"attachment_16993\" aria-describedby=\"caption-attachment-16993\" style=\"width: 680px\" class=\"wp-caption alignnone\"><img loading=\"lazy\" decoding=\"async\" class=\"size-full wp-image-16993\" src=\"https:\/\/www.organisator.ch\/wp-content\/uploads\/2022\/09\/Kyburz-Switzerland-ist-Gewinner-des-Prix-SVC-Wirtschaftsraum-Zurich-2022-1_Organisator.jpg\" alt=\"\" width=\"680\" height=\"452\" srcset=\"https:\/\/www.organisator.ch\/wp-content\/uploads\/2022\/09\/Kyburz-Switzerland-ist-Gewinner-des-Prix-SVC-Wirtschaftsraum-Zurich-2022-1_Organisator.jpg 680w, https:\/\/www.organisator.ch\/wp-content\/uploads\/2022\/09\/Kyburz-Switzerland-ist-Gewinner-des-Prix-SVC-Wirtschaftsraum-Zurich-2022-1_Organisator-18x12.jpg 18w, https:\/\/www.organisator.ch\/wp-content\/uploads\/2022\/09\/Kyburz-Switzerland-ist-Gewinner-des-Prix-SVC-Wirtschaftsraum-Zurich-2022-1_Organisator-263x175.jpg 263w, https:\/\/www.organisator.ch\/wp-content\/uploads\/2022\/09\/Kyburz-Switzerland-ist-Gewinner-des-Prix-SVC-Wirtschaftsraum-Zurich-2022-1_Organisator-527x350.jpg 527w, https:\/\/www.organisator.ch\/wp-content\/uploads\/2022\/09\/Kyburz-Switzerland-ist-Gewinner-des-Prix-SVC-Wirtschaftsraum-Zurich-2022-1_Organisator-300x199.jpg 300w\" sizes=\"auto, (max-width: 680px) 100vw, 680px\" \/><figcaption id=\"caption-attachment-16993\" class=\"wp-caption-text\">Martin Kyburz, directeur et propri\u00e9taire de Kyburz Switzerland, se r\u00e9jouit d'avoir remport\u00e9 le Prix SVC Wirtschaftsraum Z\u00fcrich. Le pr\u00e9sident du SVC, Andreas Gerber, applaudit. (Photo : Thomas Berner)<\/figcaption><\/figure>\n<p>Depuis plus de 30 ans, Kyburz Switzerland de Freienstein est le leader international des solutions de mobilit\u00e9 et de transport de haute qualit\u00e9. Ce qui a commenc\u00e9 en 1991, ann\u00e9e de sa fondation, par la construction de v\u00e9hicules solaires, s'est entre-temps d\u00e9velopp\u00e9 en une production de v\u00e9hicules \u00e9lectriques de haute qualit\u00e9 pour les entreprises de livraison et les entreprises industrielles. La solution t\u00e9l\u00e9matique maison minimise les processus administratifs et am\u00e9liore la rentabilit\u00e9 des grandes flottes. Les scooters \u00e9lectriques jaunes \u00e0 trois roues de la Poste suisse, par exemple, font d\u00e9sormais partie int\u00e9grante de notre paysage routier. Des services de livraison en Australie, en Finlande ou en Islande misent d\u00e9sormais sur les v\u00e9hicules Kyburz. De m\u00eame, le proc\u00e9d\u00e9 de recyclage Kyburz pour les batteries lithium-ion est probablement le plus efficace au monde : selon les indications du directeur et propri\u00e9taire Martin Kyburz, 91 pour cent des mat\u00e9riaux recyclables contenus dans une batterie peuvent \u00eatre r\u00e9cup\u00e9r\u00e9s. Le concept de durabilit\u00e9 des v\u00e9hicules Kyburz est impressionnant : apr\u00e8s huit ans de service, les v\u00e9hicules de livraison sont retir\u00e9s, enti\u00e8rement r\u00e9vis\u00e9s et peuvent alors \u00eatre remis en circulation \u00e0 l'\u00e9tat quasi neuf.<\/p>\n<h3><strong>Martin Kyburz : \"H\u00e9, l'\u00e9quipe, c'est votre prix\".<\/strong><\/h3>\n<p>Daniel L\u00e4ubli, pr\u00e9sident du jury du Prix SVC Wirtschaftsraum Z\u00fcrich et Senior Partner de McKinsey &amp; Company Z\u00fcrich, a rendu hommage au laur\u00e9at du premier prix dans son \u00e9loge. Selon lui, l'histoire de la croissance que l'entreprise a connue au niveau national et international est impressionnante - ils \u00e9taient d\u00e9j\u00e0 en avance sur leur temps d\u00e8s leur cr\u00e9ation. \"Cette victoire r\u00e9compense surtout le fait que l'\u00e9quipe de Kyburz Switzerland est compos\u00e9e de bricoleurs passionn\u00e9s et exp\u00e9riment\u00e9s - toujours \u00e0 la recherche de la solution du prochain grand probl\u00e8me\". Actuellement, ils se consacrent \u00e0 rien de moins que la fabrication de nouvelles batteries \u00e0 partir de la mati\u00e8re premi\u00e8re r\u00e9cup\u00e9r\u00e9e lors du processus de recyclage.<\/p>\n<p>Dans son discours de remerciement, Martin Kyburz a plac\u00e9 son \u00e9quipe au centre de l'attention : \"H\u00e9, \u00e9quipe, c'est votre prix\", a-t-il lanc\u00e9 \u00e0 ses coll\u00e8gues pr\u00e9sents. Pour lui, remporter ce troph\u00e9e est une r\u00e9compense pour la passion qu'il met chaque jour \u00e0 innover et \u00e0 cr\u00e9er des emplois.<\/p>\n<h3><strong>Outre Kyburz Switzerland, quatre autres entreprises ont \u00e9t\u00e9 honor\u00e9es<\/strong><\/h3>\n<p>La deuxi\u00e8me place est revenue \u00e0 G. Bopp &amp; Co. AG de Zurich, qui est depuis des d\u00e9cennies l'un des principaux fabricants mondiaux de tissus m\u00e9talliques pour des applications exigeantes et vari\u00e9es. Si, lors de la cr\u00e9ation de l'entreprise en 1881, il s'agissait encore de fabriquer des tamis et des grilles de haute qualit\u00e9, stables et fiables, les tissus sont aujourd'hui souvent des composants importants dans des processus tr\u00e8s complexes dans l'industrie ou dans la recherche et le d\u00e9veloppement. C'est avec fiert\u00e9 que David Rolny, membre du conseil d'administration de l'entreprise, a rappel\u00e9 que la NASA comptait \u00e9galement parmi ses clients et que des produits de G. Bopp &amp; Co. avaient \u00e9t\u00e9 utilis\u00e9s lors des missions Apollo sur la lune.<\/p>\n<figure id=\"attachment_16994\" aria-describedby=\"caption-attachment-16994\" style=\"width: 680px\" class=\"wp-caption alignnone\"><img loading=\"lazy\" decoding=\"async\" class=\"size-full wp-image-16994\" src=\"https:\/\/www.organisator.ch\/wp-content\/uploads\/2022\/09\/Kyburz-Switzerland-ist-Gewinner-des-Prix-SVC-Wirtschaftsraum-Zurich-2022-3_Organisator.jpg\" alt=\"\" width=\"680\" height=\"452\" srcset=\"https:\/\/www.organisator.ch\/wp-content\/uploads\/2022\/09\/Kyburz-Switzerland-ist-Gewinner-des-Prix-SVC-Wirtschaftsraum-Zurich-2022-3_Organisator.jpg 680w, https:\/\/www.organisator.ch\/wp-content\/uploads\/2022\/09\/Kyburz-Switzerland-ist-Gewinner-des-Prix-SVC-Wirtschaftsraum-Zurich-2022-3_Organisator-18x12.jpg 18w, https:\/\/www.organisator.ch\/wp-content\/uploads\/2022\/09\/Kyburz-Switzerland-ist-Gewinner-des-Prix-SVC-Wirtschaftsraum-Zurich-2022-3_Organisator-263x175.jpg 263w, https:\/\/www.organisator.ch\/wp-content\/uploads\/2022\/09\/Kyburz-Switzerland-ist-Gewinner-des-Prix-SVC-Wirtschaftsraum-Zurich-2022-3_Organisator-527x350.jpg 527w, https:\/\/www.organisator.ch\/wp-content\/uploads\/2022\/09\/Kyburz-Switzerland-ist-Gewinner-des-Prix-SVC-Wirtschaftsraum-Zurich-2022-3_Organisator-300x199.jpg 300w\" sizes=\"auto, (max-width: 680px) 100vw, 680px\" \/><figcaption id=\"caption-attachment-16994\" class=\"wp-caption-text\">Attente impatiente de l'annonce du classement (de g. \u00e0 dr.) : Guy Petignat (Falu AG), David Rolny (G. Bopp &amp; Co. AG), Martin Kyburz (Kyburz Switzerland AG), Nils Planzer (Planzer Transport AG) et Marco Hirsbrunner (South Pole). (Photo : Thomas Berner)<\/figcaption><\/figure>\n<p>La troisi\u00e8me place est revenue \u00e0 Planzer Transport AG, une soci\u00e9t\u00e9 anonyme familiale depuis 1966. Selon la devise \"Tout d'une seule main\", la client\u00e8le profite de diverses prestations et solutions globales en mati\u00e8re de logistique - de la logistique de stockage au service de colis en passant par le transport de marchandises de d\u00e9tail. Un accent particulier est mis sur le th\u00e8me de la durabilit\u00e9. Ainsi, plus de 60% des envois effectuent la majeure partie de leur trajet de transport de mani\u00e8re \u00e9cologique par le rail. Les autres laur\u00e9ats de la soir\u00e9e sont Falu AG de R\u00fcti, le leader de la fabrication d'installations pour la production et l'emballage de cotons-tiges et de tampons d'ouate, ainsi que South Pole de Zurich, d\u00e9veloppeur de projets de protection climatique de pr\u00e8s de 1'000<\/p>\n<h3><strong>Processus du jury, message de bienvenue du gouvernement et panel \u00e9conomique<\/strong><\/h3>\n<p>Avec le Prix SVC Wirtschaftsraum Z\u00fcrich, le Swiss Venture Club (SVC) r\u00e9compense les petites et moyennes entreprises (PME) de la r\u00e9gion qui r\u00e9ussissent. Au cours d'une proc\u00e9dure en plusieurs \u00e9tapes, le jury compos\u00e9 de 20 experts a pr\u00e9alablement d\u00e9sign\u00e9 les cinq entreprises finalistes et leur a rendu visite lors d'un voyage du jury. Selon des crit\u00e8res clairement d\u00e9finis, l'entreprise gagnante a \u00e9t\u00e9 d\u00e9sign\u00e9e parmi toutes les entreprises nomin\u00e9es.<\/p>\n<p>Cette manifestation solennelle et passionnante, anim\u00e9e une nouvelle fois avec humour et comp\u00e9tence par Nik Hartmann, a r\u00e9uni quelque 1400 participants au Kongresshaus de Zurich. La conseill\u00e8re d'Etat Carmen Walker Sp\u00e4h a transmis le message de bienvenue et a soulign\u00e9 que les d\u00e9veloppements innovants des PME constituaient l'\u00e9pine dorsale de l'\u00e9conomie zurichoise. Il est donc essentiel d'\u00eatre \u00e0 la pointe de l'innovation. Cela cr\u00e9e des emplois et de la prosp\u00e9rit\u00e9. Dans le panel \u00e9conomique sur le th\u00e8me \"Crise, guerre et changement climatique - rien ne peut \u00e9branler l'\u00e9conomie suisse ? Daniela Bosshardt-Hengartner, conseill\u00e8re d'entreprise et membre du conseil d'administration, Anita Buchli, directrice de la ZHAW entrepreneurship, Andreas Gerber, pr\u00e9sident du SVC et responsable de la client\u00e8le entreprises du Credit Suisse (Suisse) SA, ainsi que Valentin Vogt, pr\u00e9sident de l'Union patronale suisse, ont donn\u00e9 un aper\u00e7u des d\u00e9fis actuels et des solutions propos\u00e9es par l'\u00e9conomie suisse.<\/p>\n<p>La table ronde organis\u00e9e l'apr\u00e8s-midi avec Ancillo Canepa (pr\u00e9sident du FC Zurich) et Marinko Jurendic (directeur sportif du FC Zurich) sur les strat\u00e9gies, les \u00e9motions et la passion dans la gestion du FCZ \u00e0 travers les hauts et les bas du succ\u00e8s sportif a \u00e9galement connu un grand succ\u00e8s.<\/p>\n<p><em>Source et informations compl\u00e9mentaires : <a href=\"http:\/\/www.svc.swiss\">www.svc.swiss<\/a><\/em><\/p>","protected":false},"excerpt":{"rendered":"<p>Kyburz Switzerland aus Freienstein ist seit mehr als 30 Jahren internationaler Leader f\u00fcr hochwertige Mobilit\u00e4ts- und Transportl\u00f6sungen. Was im Gr\u00fcndungsjahr 1991 mit der Konstruktion von Solarmobilen begann, hat sich inzwischen zur Produktion von qualitativ hochstehenden Elektrofahrzeuge f\u00fcr Zustell- und Industriebetriebe entwickelt. Die hauseigene Telematik-L\u00f6sung minimiert die administrativen Abl\u00e4ufe und verbessert die Wirtschaftlichkeit grosser Flotten. Nicht [&hellip;]<\/p>\n","protected":false},"author":4,"featured_media":16993,"comment_status":"closed","ping_status":"closed","sticky":false,"template":"","format":"standard","meta":{"_acf_changed":false,"_yoast_wpseo_focuskw":"Kyburz Switzerland","_yoast_wpseo_metadesc":"Kyburz Switzerland AG aus Freienstein ist die Siegerin des Prix SVC Wirtschaftsraum Z\u00fcrich 2022. Der Preis wurde am 20. September verliehen.","articlekey":"","footnotes":""},"categories":[28],"tags":[66,390,492],"class_list":["post-16992","post","type-post","status-publish","format-standard","has-post-thumbnail","hentry","category-management","tag-awards","tag-prix-svc","tag-unternehmen"],"acf":[],"yoast_head":"<!-- This site is optimized with the Yoast SEO plugin v27.5 - https:\/\/yoast.com\/product\/yoast-seo-wordpress\/ -->\n<title>Kyburz Switzerland ist Gewinner des Prix SVC Wirtschaftsraum Z\u00fcrich 2022 - Organisator<\/title>\n<meta name=\"description\" content=\"Kyburz Switzerland AG aus Freienstein ist die Siegerin des Prix SVC Wirtschaftsraum Z\u00fcrich 2022. Der Preis wurde am 20. September verliehen.\" \/>\n<meta name=\"robots\" content=\"index, follow, max-snippet:-1, max-image-preview:large, max-video-preview:-1\" \/>\n<link rel=\"canonical\" href=\"https:\/\/www.organisator.ch\/fr\/gestion-2\/2022-09-21\/kyburz-switzerland-ist-gewinner-des-prix-svc-wirtschaftsraum-zuerich-2022\/\" \/>\n<meta property=\"og:locale\" content=\"fr_FR\" \/>\n<meta property=\"og:type\" content=\"article\" \/>\n<meta property=\"og:title\" content=\"Kyburz Switzerland ist Gewinner des Prix SVC Wirtschaftsraum Z\u00fcrich 2022\" \/>\n<meta property=\"og:description\" content=\"Kyburz Switzerland AG aus Freienstein ist die Siegerin des Prix SVC Wirtschaftsraum Z\u00fcrich 2022. Der Preis wurde am 20. September verliehen.\" \/>\n<meta property=\"og:url\" content=\"https:\/\/www.organisator.ch\/fr\/gestion-2\/2022-09-21\/kyburz-switzerland-ist-gewinner-des-prix-svc-wirtschaftsraum-zuerich-2022\/\" \/>\n<meta property=\"og:site_name\" content=\"Organisator\" \/>\n<meta property=\"article:publisher\" content=\"https:\/\/www.facebook.com\/OrganisatorFachmagazin\" \/>\n<meta property=\"article:published_time\" content=\"2022-09-21T06:42:03+00:00\" \/>\n<meta property=\"article:modified_time\" content=\"2022-10-12T07:32:38+00:00\" \/>\n<meta property=\"og:image\" content=\"https:\/\/www.organisator.ch\/wp-content\/uploads\/2022\/09\/Kyburz-Switzerland-ist-Gewinner-des-Prix-SVC-Wirtschaftsraum-Zurich-2022-1_Organisator.jpg\" \/>\n\t<meta property=\"og:image:width\" content=\"680\" \/>\n\t<meta property=\"og:image:height\" content=\"452\" \/>\n\t<meta property=\"og:image:type\" content=\"image\/jpeg\" \/>\n<meta name=\"author\" content=\"thomas.berner\" \/>\n<meta name=\"twitter:card\" content=\"summary_large_image\" \/>\n<meta name=\"twitter:title\" content=\"#Kyburz Switzerland ist Gewinner des Prix #SVC Wirtschaftsraum Z\u00fcrich 2022\" \/>\n<meta name=\"twitter:description\" content=\"#Kyburz Switzerland AG aus #Freienstein ist die Siegerin des Prix #SVC Wirtschaftsraum Z\u00fcrich 2022. Der Preis wurde am 20. September verliehen.\" \/>\n<meta name=\"twitter:image\" content=\"https:\/\/www.organisator.ch\/wp-content\/uploads\/2022\/09\/Kyburz-Switzerland-ist-Gewinner-des-Prix-SVC-Wirtschaftsraum-Zurich-2022-1_Organisator.jpg\" \/>\n<script type=\"application\/ld+json\" class=\"yoast-schema-graph\">{\"@context\":\"https:\\\/\\\/schema.org\",\"@graph\":[{\"@type\":\"Article\",\"@id\":\"https:\\\/\\\/www.organisator.ch\\\/management\\\/2022-09-21\\\/kyburz-switzerland-ist-gewinner-des-prix-svc-wirtschaftsraum-zuerich-2022\\\/#article\",\"isPartOf\":{\"@id\":\"https:\\\/\\\/www.organisator.ch\\\/management\\\/2022-09-21\\\/kyburz-switzerland-ist-gewinner-des-prix-svc-wirtschaftsraum-zuerich-2022\\\/\"},\"author\":{\"name\":\"thomas.berner\",\"@id\":\"https:\\\/\\\/www.organisator.ch\\\/#\\\/schema\\\/person\\\/6f650f90b2842cd4c0cc334b4e36f67e\"},\"headline\":\"Kyburz Switzerland ist Gewinner des Prix SVC Wirtschaftsraum Z\u00fcrich 2022\",\"datePublished\":\"2022-09-21T06:42:03+00:00\",\"dateModified\":\"2022-10-12T07:32:38+00:00\",\"mainEntityOfPage\":{\"@id\":\"https:\\\/\\\/www.organisator.ch\\\/management\\\/2022-09-21\\\/kyburz-switzerland-ist-gewinner-des-prix-svc-wirtschaftsraum-zuerich-2022\\\/\"},\"wordCount\":877,\"publisher\":{\"@id\":\"https:\\\/\\\/www.organisator.ch\\\/#organization\"},\"image\":{\"@id\":\"https:\\\/\\\/www.organisator.ch\\\/management\\\/2022-09-21\\\/kyburz-switzerland-ist-gewinner-des-prix-svc-wirtschaftsraum-zuerich-2022\\\/#primaryimage\"},\"thumbnailUrl\":\"https:\\\/\\\/www.organisator.ch\\\/wp-content\\\/uploads\\\/2022\\\/09\\\/Kyburz-Switzerland-ist-Gewinner-des-Prix-SVC-Wirtschaftsraum-Zurich-2022-1_Organisator.jpg\",\"keywords\":[\"Awards\",\"Prix SVC\",\"Unternehmen\"],\"articleSection\":[\"MANAGEMENT\"],\"inLanguage\":\"fr-FR\"},{\"@type\":\"WebPage\",\"@id\":\"https:\\\/\\\/www.organisator.ch\\\/management\\\/2022-09-21\\\/kyburz-switzerland-ist-gewinner-des-prix-svc-wirtschaftsraum-zuerich-2022\\\/\",\"url\":\"https:\\\/\\\/www.organisator.ch\\\/management\\\/2022-09-21\\\/kyburz-switzerland-ist-gewinner-des-prix-svc-wirtschaftsraum-zuerich-2022\\\/\",\"name\":\"Kyburz Switzerland ist Gewinner des Prix SVC Wirtschaftsraum Z\u00fcrich 2022 - Organisator\",\"isPartOf\":{\"@id\":\"https:\\\/\\\/www.organisator.ch\\\/#website\"},\"primaryImageOfPage\":{\"@id\":\"https:\\\/\\\/www.organisator.ch\\\/management\\\/2022-09-21\\\/kyburz-switzerland-ist-gewinner-des-prix-svc-wirtschaftsraum-zuerich-2022\\\/#primaryimage\"},\"image\":{\"@id\":\"https:\\\/\\\/www.organisator.ch\\\/management\\\/2022-09-21\\\/kyburz-switzerland-ist-gewinner-des-prix-svc-wirtschaftsraum-zuerich-2022\\\/#primaryimage\"},\"thumbnailUrl\":\"https:\\\/\\\/www.organisator.ch\\\/wp-content\\\/uploads\\\/2022\\\/09\\\/Kyburz-Switzerland-ist-Gewinner-des-Prix-SVC-Wirtschaftsraum-Zurich-2022-1_Organisator.jpg\",\"datePublished\":\"2022-09-21T06:42:03+00:00\",\"dateModified\":\"2022-10-12T07:32:38+00:00\",\"description\":\"Kyburz Switzerland AG aus Freienstein ist die Siegerin des Prix SVC Wirtschaftsraum Z\u00fcrich 2022. Der Preis wurde am 20. September verliehen.\",\"breadcrumb\":{\"@id\":\"https:\\\/\\\/www.organisator.ch\\\/management\\\/2022-09-21\\\/kyburz-switzerland-ist-gewinner-des-prix-svc-wirtschaftsraum-zuerich-2022\\\/#breadcrumb\"},\"inLanguage\":\"fr-FR\",\"potentialAction\":[{\"@type\":\"ReadAction\",\"target\":[\"https:\\\/\\\/www.organisator.ch\\\/management\\\/2022-09-21\\\/kyburz-switzerland-ist-gewinner-des-prix-svc-wirtschaftsraum-zuerich-2022\\\/\"]}]},{\"@type\":\"ImageObject\",\"inLanguage\":\"fr-FR\",\"@id\":\"https:\\\/\\\/www.organisator.ch\\\/management\\\/2022-09-21\\\/kyburz-switzerland-ist-gewinner-des-prix-svc-wirtschaftsraum-zuerich-2022\\\/#primaryimage\",\"url\":\"https:\\\/\\\/www.organisator.ch\\\/wp-content\\\/uploads\\\/2022\\\/09\\\/Kyburz-Switzerland-ist-Gewinner-des-Prix-SVC-Wirtschaftsraum-Zurich-2022-1_Organisator.jpg\",\"contentUrl\":\"https:\\\/\\\/www.organisator.ch\\\/wp-content\\\/uploads\\\/2022\\\/09\\\/Kyburz-Switzerland-ist-Gewinner-des-Prix-SVC-Wirtschaftsraum-Zurich-2022-1_Organisator.jpg\",\"width\":680,\"height\":452,\"caption\":\"Martin Kyburz, Gesch\u00e4ftsf\u00fchrer und Inhaber von Kyburz Switzerland freut sich \u00fcber den Gewinn des Prix SVC Wirtschaftsraums Z\u00fcrich. (Bild: Thomas Berner)\"},{\"@type\":\"BreadcrumbList\",\"@id\":\"https:\\\/\\\/www.organisator.ch\\\/management\\\/2022-09-21\\\/kyburz-switzerland-ist-gewinner-des-prix-svc-wirtschaftsraum-zuerich-2022\\\/#breadcrumb\",\"itemListElement\":[{\"@type\":\"ListItem\",\"position\":1,\"name\":\"Home\",\"item\":\"https:\\\/\\\/www.organisator.ch\\\/\"},{\"@type\":\"ListItem\",\"position\":2,\"name\":\"Kyburz Switzerland ist Gewinner des Prix SVC Wirtschaftsraum Z\u00fcrich 2022\"}]},{\"@type\":\"WebSite\",\"@id\":\"https:\\\/\\\/www.organisator.ch\\\/#website\",\"url\":\"https:\\\/\\\/www.organisator.ch\\\/\",\"name\":\"Organisator\",\"description\":\"Kompetent. Praxisnah. Der ORGANISATOR bereitet in 10 Ausgaben pro Jahr die wesentlichen Themen f\u00fcr F\u00fchrungskr\u00e4fte von KMU auf.\",\"publisher\":{\"@id\":\"https:\\\/\\\/www.organisator.ch\\\/#organization\"},\"potentialAction\":[{\"@type\":\"SearchAction\",\"target\":{\"@type\":\"EntryPoint\",\"urlTemplate\":\"https:\\\/\\\/www.organisator.ch\\\/?s={search_term_string}\"},\"query-input\":{\"@type\":\"PropertyValueSpecification\",\"valueRequired\":true,\"valueName\":\"search_term_string\"}}],\"inLanguage\":\"fr-FR\"},{\"@type\":\"Organization\",\"@id\":\"https:\\\/\\\/www.organisator.ch\\\/#organization\",\"name\":\"Organisator\",\"url\":\"https:\\\/\\\/www.organisator.ch\\\/\",\"logo\":{\"@type\":\"ImageObject\",\"inLanguage\":\"fr-FR\",\"@id\":\"https:\\\/\\\/www.organisator.ch\\\/#\\\/schema\\\/logo\\\/image\\\/\",\"url\":\"https:\\\/\\\/www.organisator.ch\\\/wp-content\\\/uploads\\\/2022\\\/01\\\/Logo_Organisator_Website.png\",\"contentUrl\":\"https:\\\/\\\/www.organisator.ch\\\/wp-content\\\/uploads\\\/2022\\\/01\\\/Logo_Organisator_Website.png\",\"width\":800,\"height\":77,\"caption\":\"Organisator\"},\"image\":{\"@id\":\"https:\\\/\\\/www.organisator.ch\\\/#\\\/schema\\\/logo\\\/image\\\/\"},\"sameAs\":[\"https:\\\/\\\/www.facebook.com\\\/OrganisatorFachmagazin\",\"https:\\\/\\\/www.linkedin.com\\\/showcase\\\/organisator-das-magazin-fr-kmu\",\"https:\\\/\\\/www.xing.com\\\/news\\\/pages\\\/organisator-ch-695\",\"https:\\\/\\\/www.youtube.com\\\/channel\\\/UCGP2Sq0iWaZwT3BdIAQFYpw\"]},{\"@type\":\"Person\",\"@id\":\"https:\\\/\\\/www.organisator.ch\\\/#\\\/schema\\\/person\\\/6f650f90b2842cd4c0cc334b4e36f67e\",\"name\":\"thomas.berner\",\"image\":{\"@type\":\"ImageObject\",\"inLanguage\":\"fr-FR\",\"@id\":\"https:\\\/\\\/secure.gravatar.com\\\/avatar\\\/ac5001d2a36cb6c6cd3e50789007ffca834b477b74a2144564522e944eabff61?s=96&d=mm&r=g\",\"url\":\"https:\\\/\\\/secure.gravatar.com\\\/avatar\\\/ac5001d2a36cb6c6cd3e50789007ffca834b477b74a2144564522e944eabff61?s=96&d=mm&r=g\",\"contentUrl\":\"https:\\\/\\\/secure.gravatar.com\\\/avatar\\\/ac5001d2a36cb6c6cd3e50789007ffca834b477b74a2144564522e944eabff61?s=96&d=mm&r=g\",\"caption\":\"thomas.berner\"},\"url\":\"https:\\\/\\\/www.organisator.ch\\\/fr\\\/author\\\/thomas-berner\\\/\"}]}<\/script>\n<!-- \/ Yoast SEO plugin. -->","yoast_head_json":{"title":"Kyburz Switzerland est le laur\u00e9at du Prix SVC Espace \u00e9conomique Zurich 2022 - Organisateur","description":"Kyburz Switzerland AG de Freienstein est la laur\u00e9ate du Prix SVC Espace \u00e9conomique Zurich 2022, qui a \u00e9t\u00e9 d\u00e9cern\u00e9 le 20 septembre.","robots":{"index":"index","follow":"follow","max-snippet":"max-snippet:-1","max-image-preview":"max-image-preview:large","max-video-preview":"max-video-preview:-1"},"canonical":"https:\/\/www.organisator.ch\/fr\/gestion-2\/2022-09-21\/kyburz-switzerland-ist-gewinner-des-prix-svc-wirtschaftsraum-zuerich-2022\/","og_locale":"fr_FR","og_type":"article","og_title":"Kyburz Switzerland ist Gewinner des Prix SVC Wirtschaftsraum Z\u00fcrich 2022","og_description":"Kyburz Switzerland AG aus Freienstein ist die Siegerin des Prix SVC Wirtschaftsraum Z\u00fcrich 2022. Der Preis wurde am 20. September verliehen.","og_url":"https:\/\/www.organisator.ch\/fr\/gestion-2\/2022-09-21\/kyburz-switzerland-ist-gewinner-des-prix-svc-wirtschaftsraum-zuerich-2022\/","og_site_name":"Organisator","article_publisher":"https:\/\/www.facebook.com\/OrganisatorFachmagazin","article_published_time":"2022-09-21T06:42:03+00:00","article_modified_time":"2022-10-12T07:32:38+00:00","og_image":[{"width":680,"height":452,"url":"https:\/\/www.organisator.ch\/wp-content\/uploads\/2022\/09\/Kyburz-Switzerland-ist-Gewinner-des-Prix-SVC-Wirtschaftsraum-Zurich-2022-1_Organisator.jpg","type":"image\/jpeg"}],"author":"thomas.berner","twitter_card":"summary_large_image","twitter_title":"#Kyburz Switzerland ist Gewinner des Prix #SVC Wirtschaftsraum Z\u00fcrich 2022","twitter_description":"#Kyburz Switzerland AG aus #Freienstein ist die Siegerin des Prix #SVC Wirtschaftsraum Z\u00fcrich 2022. Der Preis wurde am 20. September verliehen.","twitter_image":"https:\/\/www.organisator.ch\/wp-content\/uploads\/2022\/09\/Kyburz-Switzerland-ist-Gewinner-des-Prix-SVC-Wirtschaftsraum-Zurich-2022-1_Organisator.jpg","schema":{"@context":"https:\/\/schema.org","@graph":[{"@type":"Article","@id":"https:\/\/www.organisator.ch\/management\/2022-09-21\/kyburz-switzerland-ist-gewinner-des-prix-svc-wirtschaftsraum-zuerich-2022\/#article","isPartOf":{"@id":"https:\/\/www.organisator.ch\/management\/2022-09-21\/kyburz-switzerland-ist-gewinner-des-prix-svc-wirtschaftsraum-zuerich-2022\/"},"author":{"name":"thomas.berner","@id":"https:\/\/www.organisator.ch\/#\/schema\/person\/6f650f90b2842cd4c0cc334b4e36f67e"},"headline":"Kyburz Switzerland ist Gewinner des Prix SVC Wirtschaftsraum Z\u00fcrich 2022","datePublished":"2022-09-21T06:42:03+00:00","dateModified":"2022-10-12T07:32:38+00:00","mainEntityOfPage":{"@id":"https:\/\/www.organisator.ch\/management\/2022-09-21\/kyburz-switzerland-ist-gewinner-des-prix-svc-wirtschaftsraum-zuerich-2022\/"},"wordCount":877,"publisher":{"@id":"https:\/\/www.organisator.ch\/#organization"},"image":{"@id":"https:\/\/www.organisator.ch\/management\/2022-09-21\/kyburz-switzerland-ist-gewinner-des-prix-svc-wirtschaftsraum-zuerich-2022\/#primaryimage"},"thumbnailUrl":"https:\/\/www.organisator.ch\/wp-content\/uploads\/2022\/09\/Kyburz-Switzerland-ist-Gewinner-des-Prix-SVC-Wirtschaftsraum-Zurich-2022-1_Organisator.jpg","keywords":["Awards","Prix SVC","Unternehmen"],"articleSection":["MANAGEMENT"],"inLanguage":"fr-FR"},{"@type":"WebPage","@id":"https:\/\/www.organisator.ch\/management\/2022-09-21\/kyburz-switzerland-ist-gewinner-des-prix-svc-wirtschaftsraum-zuerich-2022\/","url":"https:\/\/www.organisator.ch\/management\/2022-09-21\/kyburz-switzerland-ist-gewinner-des-prix-svc-wirtschaftsraum-zuerich-2022\/","name":"Kyburz Switzerland est le laur\u00e9at du Prix SVC Espace \u00e9conomique Zurich 2022 - Organisateur","isPartOf":{"@id":"https:\/\/www.organisator.ch\/#website"},"primaryImageOfPage":{"@id":"https:\/\/www.organisator.ch\/management\/2022-09-21\/kyburz-switzerland-ist-gewinner-des-prix-svc-wirtschaftsraum-zuerich-2022\/#primaryimage"},"image":{"@id":"https:\/\/www.organisator.ch\/management\/2022-09-21\/kyburz-switzerland-ist-gewinner-des-prix-svc-wirtschaftsraum-zuerich-2022\/#primaryimage"},"thumbnailUrl":"https:\/\/www.organisator.ch\/wp-content\/uploads\/2022\/09\/Kyburz-Switzerland-ist-Gewinner-des-Prix-SVC-Wirtschaftsraum-Zurich-2022-1_Organisator.jpg","datePublished":"2022-09-21T06:42:03+00:00","dateModified":"2022-10-12T07:32:38+00:00","description":"Kyburz Switzerland AG de Freienstein est la laur\u00e9ate du Prix SVC Espace \u00e9conomique Zurich 2022, qui a \u00e9t\u00e9 d\u00e9cern\u00e9 le 20 septembre.","breadcrumb":{"@id":"https:\/\/www.organisator.ch\/management\/2022-09-21\/kyburz-switzerland-ist-gewinner-des-prix-svc-wirtschaftsraum-zuerich-2022\/#breadcrumb"},"inLanguage":"fr-FR","potentialAction":[{"@type":"ReadAction","target":["https:\/\/www.organisator.ch\/management\/2022-09-21\/kyburz-switzerland-ist-gewinner-des-prix-svc-wirtschaftsraum-zuerich-2022\/"]}]},{"@type":"ImageObject","inLanguage":"fr-FR","@id":"https:\/\/www.organisator.ch\/management\/2022-09-21\/kyburz-switzerland-ist-gewinner-des-prix-svc-wirtschaftsraum-zuerich-2022\/#primaryimage","url":"https:\/\/www.organisator.ch\/wp-content\/uploads\/2022\/09\/Kyburz-Switzerland-ist-Gewinner-des-Prix-SVC-Wirtschaftsraum-Zurich-2022-1_Organisator.jpg","contentUrl":"https:\/\/www.organisator.ch\/wp-content\/uploads\/2022\/09\/Kyburz-Switzerland-ist-Gewinner-des-Prix-SVC-Wirtschaftsraum-Zurich-2022-1_Organisator.jpg","width":680,"height":452,"caption":"Martin Kyburz, Gesch\u00e4ftsf\u00fchrer und Inhaber von Kyburz Switzerland freut sich \u00fcber den Gewinn des Prix SVC Wirtschaftsraums Z\u00fcrich. (Bild: Thomas Berner)"},{"@type":"BreadcrumbList","@id":"https:\/\/www.organisator.ch\/management\/2022-09-21\/kyburz-switzerland-ist-gewinner-des-prix-svc-wirtschaftsraum-zuerich-2022\/#breadcrumb","itemListElement":[{"@type":"ListItem","position":1,"name":"Home","item":"https:\/\/www.organisator.ch\/"},{"@type":"ListItem","position":2,"name":"Kyburz Switzerland ist Gewinner des Prix SVC Wirtschaftsraum Z\u00fcrich 2022"}]},{"@type":"WebSite","@id":"https:\/\/www.organisator.ch\/#website","url":"https:\/\/www.organisator.ch\/","name":"Organisateur","description":"Comp\u00e9tence et comp\u00e9tence. Proches de la pratique. L'ORGANISATEUR pr\u00e9pare 10 num\u00e9ros par an sur les th\u00e8mes essentiels pour les dirigeants de PME.","publisher":{"@id":"https:\/\/www.organisator.ch\/#organization"},"potentialAction":[{"@type":"SearchAction","target":{"@type":"EntryPoint","urlTemplate":"https:\/\/www.organisator.ch\/?s={search_term_string}"},"query-input":{"@type":"PropertyValueSpecification","valueRequired":true,"valueName":"search_term_string"}}],"inLanguage":"fr-FR"},{"@type":"Organization","@id":"https:\/\/www.organisator.ch\/#organization","name":"Organisateur","url":"https:\/\/www.organisator.ch\/","logo":{"@type":"ImageObject","inLanguage":"fr-FR","@id":"https:\/\/www.organisator.ch\/#\/schema\/logo\/image\/","url":"https:\/\/www.organisator.ch\/wp-content\/uploads\/2022\/01\/Logo_Organisator_Website.png","contentUrl":"https:\/\/www.organisator.ch\/wp-content\/uploads\/2022\/01\/Logo_Organisator_Website.png","width":800,"height":77,"caption":"Organisator"},"image":{"@id":"https:\/\/www.organisator.ch\/#\/schema\/logo\/image\/"},"sameAs":["https:\/\/www.facebook.com\/OrganisatorFachmagazin","https:\/\/www.linkedin.com\/showcase\/organisator-das-magazin-fr-kmu","https:\/\/www.xing.com\/news\/pages\/organisator-ch-695","https:\/\/www.youtube.com\/channel\/UCGP2Sq0iWaZwT3BdIAQFYpw"]},{"@type":"Person","@id":"https:\/\/www.organisator.ch\/#\/schema\/person\/6f650f90b2842cd4c0cc334b4e36f67e","name":"thomas.berner","image":{"@type":"ImageObject","inLanguage":"fr-FR","@id":"https:\/\/secure.gravatar.com\/avatar\/ac5001d2a36cb6c6cd3e50789007ffca834b477b74a2144564522e944eabff61?s=96&d=mm&r=g","url":"https:\/\/secure.gravatar.com\/avatar\/ac5001d2a36cb6c6cd3e50789007ffca834b477b74a2144564522e944eabff61?s=96&d=mm&r=g","contentUrl":"https:\/\/secure.gravatar.com\/avatar\/ac5001d2a36cb6c6cd3e50789007ffca834b477b74a2144564522e944eabff61?s=96&d=mm&r=g","caption":"thomas.berner"},"url":"https:\/\/www.organisator.ch\/fr\/author\/thomas-berner\/"}]}},"_links":{"self":[{"href":"https:\/\/www.organisator.ch\/fr\/wp-json\/wp\/v2\/posts\/16992","targetHints":{"allow":["GET"]}}],"collection":[{"href":"https:\/\/www.organisator.ch\/fr\/wp-json\/wp\/v2\/posts"}],"about":[{"href":"https:\/\/www.organisator.ch\/fr\/wp-json\/wp\/v2\/types\/post"}],"author":[{"embeddable":true,"href":"https:\/\/www.organisator.ch\/fr\/wp-json\/wp\/v2\/users\/4"}],"replies":[{"embeddable":true,"href":"https:\/\/www.organisator.ch\/fr\/wp-json\/wp\/v2\/comments?post=16992"}],"version-history":[{"count":3,"href":"https:\/\/www.organisator.ch\/fr\/wp-json\/wp\/v2\/posts\/16992\/revisions"}],"predecessor-version":[{"id":16997,"href":"https:\/\/www.organisator.ch\/fr\/wp-json\/wp\/v2\/posts\/16992\/revisions\/16997"}],"wp:featuredmedia":[{"embeddable":true,"href":"https:\/\/www.organisator.ch\/fr\/wp-json\/wp\/v2\/media\/16993"}],"wp:attachment":[{"href":"https:\/\/www.organisator.ch\/fr\/wp-json\/wp\/v2\/media?parent=16992"}],"wp:term":[{"taxonomy":"category","embeddable":true,"href":"https:\/\/www.organisator.ch\/fr\/wp-json\/wp\/v2\/categories?post=16992"},{"taxonomy":"post_tag","embeddable":true,"href":"https:\/\/www.organisator.ch\/fr\/wp-json\/wp\/v2\/tags?post=16992"}],"curies":[{"name":"wp","href":"https:\/\/api.w.org\/{rel}","templated":true}]}}