{"id":16998,"date":"2022-09-21T09:17:46","date_gmt":"2022-09-21T07:17:46","guid":{"rendered":"https:\/\/www.organisator.ch\/?p=16998"},"modified":"2022-09-21T09:19:26","modified_gmt":"2022-09-21T07:19:26","slug":"woran-strategische-kommunikation-scheitert","status":"publish","type":"post","link":"https:\/\/www.organisator.ch\/fr\/management\/2022-09-21\/woran-strategische-kommunikation-scheitert\/","title":{"rendered":"Les raisons de l'\u00e9chec de la communication strat\u00e9gique"},"content":{"rendered":"<figure id=\"attachment_16999\" aria-describedby=\"caption-attachment-16999\" style=\"width: 680px\" class=\"wp-caption alignnone\"><img loading=\"lazy\" decoding=\"async\" class=\"size-full wp-image-16999\" src=\"https:\/\/www.organisator.ch\/wp-content\/uploads\/2022\/09\/Woran-strategische-Kommunikation-scheitert_Organisator.jpg\" alt=\"\" width=\"680\" height=\"437\" srcset=\"https:\/\/www.organisator.ch\/wp-content\/uploads\/2022\/09\/Woran-strategische-Kommunikation-scheitert_Organisator.jpg 680w, https:\/\/www.organisator.ch\/wp-content\/uploads\/2022\/09\/Woran-strategische-Kommunikation-scheitert_Organisator-18x12.jpg 18w, https:\/\/www.organisator.ch\/wp-content\/uploads\/2022\/09\/Woran-strategische-Kommunikation-scheitert_Organisator-272x175.jpg 272w, https:\/\/www.organisator.ch\/wp-content\/uploads\/2022\/09\/Woran-strategische-Kommunikation-scheitert_Organisator-545x350.jpg 545w, https:\/\/www.organisator.ch\/wp-content\/uploads\/2022\/09\/Woran-strategische-Kommunikation-scheitert_Organisator-300x193.jpg 300w\" sizes=\"auto, (max-width: 680px) 100vw, 680px\" \/><figcaption id=\"caption-attachment-16999\" class=\"wp-caption-text\">Communication strat\u00e9gique : seule la moiti\u00e9 des entreprises travaille avec une strat\u00e9gie de communication clairement d\u00e9finie. La plupart du temps, ce sont les ressources en personnel, le manque de budget ou les limites des d\u00e9partements qui font d\u00e9faut. (Image : obs\/news aktuell (Suisse) SA)<\/figcaption><\/figure>\n<p>En f\u00e9vrier 2022, une enqu\u00eate a \u00e9t\u00e9 men\u00e9e pour le compte de Faktenkontor et news aktuell aupr\u00e8s de 255 professionnels de la communication issus d'entreprises, d'organisations et d'agences de RP en Allemagne et en Suisse. Les r\u00e9sultats montrent que de nombreuses entreprises n'ont pas ancr\u00e9 de strat\u00e9gie fixe et globale pour leur travail de communication : 50 % exactement misent actuellement sur des directives et des mesures d\u00e9finies, 45 % en revanche ne le font pas. Selon les professionnels des RP interrog\u00e9s, cette derni\u00e8re situation est principalement due au fait qu'ils ne disposent pas de ressources pour \u00e9laborer une strat\u00e9gie (42 %) ou qu'une strat\u00e9gie de communication n'est tout simplement pas n\u00e9cessaire (35 %). Toutefois, seuls 3 % des personnes interrog\u00e9es consid\u00e8rent cette d\u00e9marche comme totalement inutile. Il n'en reste pas moins que 6 % d'entre eux \u00e9laborent actuellement des mesures strat\u00e9giques.<\/p>\n<h3>Communication strat\u00e9gique : les ressources humaines et le budget font d\u00e9faut<\/h3>\n<p>Lorsqu'une strat\u00e9gie de communication existe, sa mise en \u0153uvre se heurte surtout \u00e0 un manque de ressources humaines (54 %) ou de budget (35 %). Les fronti\u00e8res entre les d\u00e9partements compliquent \u00e9galement la mise en \u0153uvre globale par les professionnels des RP (30 %). Pour pr\u00e8s d'un quart des personnes interrog\u00e9es, les probl\u00e8mes ont des racines un peu plus profondes : 24 % indiquent que les objectifs et les mesures fix\u00e9s ne peuvent pas \u00eatre mesur\u00e9s du tout. Environ un professionnel des RP sur six consid\u00e8re \u00e9galement la dispersion des mesures comme un grand d\u00e9fi (16 %). En revanche, il semble y avoir moins de probl\u00e8mes structurels : Seuls 12 % d\u00e9plorent un manque de contr\u00f4le de gestion ou des comp\u00e9tences trop floues.<\/p>\n<h3>Objectifs de la strat\u00e9gie de communication : confiance et r\u00e9putation<\/h3>\n<p>En revanche, les objectifs et les id\u00e9es que les entreprises associent \u00e0 une strat\u00e9gie de communication globale sont tr\u00e8s clairs : l'intention de cr\u00e9er de la confiance et de construire une r\u00e9putation arrive en t\u00eate (67 %). Le renforcement de la notori\u00e9t\u00e9 de la marque, d'un produit ou d'un service n'est pas beaucoup moins important (59 %). L'intention d'augmenter la notori\u00e9t\u00e9 de l'entreprise suit \u00e0 une certaine distance pour les personnes interrog\u00e9es (34 pour cent). Les objectifs \u00e9conomiques concrets n'arrivent qu'en quatri\u00e8me position : pour 32 pour cent, le soutien de la distribution en vue d'augmenter les ventes est un objectif important.<\/p>\n<h3>Les r\u00e9sultats en un coup d'\u0153il<\/h3>\n<p>Votre entreprise a-t-elle une strat\u00e9gie de communication globale, concr\u00e8tement \u00e9crite ?<\/p>\n<ul>\n<li>Oui 50%<\/li>\n<li>Non 45%<\/li>\n<li>Ne sait pas 4%<\/li>\n<\/ul>\n<p>Raisons de l'absence de strat\u00e9gie de communication<\/p>\n<ul>\n<li>Pas encore les ressources pour les cr\u00e9er 42%<\/li>\n<li>N'est pas utilis\u00e9 35%<\/li>\n<li>Ne sait pas comment aborder le sujet 10%<\/li>\n<li>Nous y travaillons 6%<\/li>\n<li>Est g\u00e9r\u00e9 \/ adapt\u00e9 de mani\u00e8re flexible 3%<\/li>\n<li>Jug\u00e9 inutile \/ non d\u00e9clench\u00e9 3%<\/li>\n<\/ul>\n<p>Obstacles \u00e0 la mise en \u0153uvre<\/p>\n<ul>\n<li>Manque de ressources humaines 54%<\/li>\n<li>Budget manquant 35%<\/li>\n<li>Les limites des d\u00e9partements emp\u00eachent une mise en \u0153uvre globale 30%<\/li>\n<li>D\u00e9finition d'objectifs et de mesures non mesurables 24%<\/li>\n<li>Dispersion des mesures 16%<\/li>\n<li>Absence de contr\u00f4le de gestion 12%<\/li>\n<li>Pas de comp\u00e9tences et de responsabilit\u00e9s claires 12%<\/li>\n<li>Groupes cibles internes non pris en compte 11%<\/li>\n<li>Strat\u00e9gie de communication pas clairement communiqu\u00e9e \u00e0 l'\u00e9quipe 9%<\/li>\n<li>Manque de soutien de la part de la direction 9%<\/li>\n<li>Objectifs, groupes cibles et messages formul\u00e9s de mani\u00e8re peu claire 8%<\/li>\n<li>Les contenus ne sont pas mis en place de mani\u00e8re adapt\u00e9e au canal 6%<\/li>\n<li>Aucune mesure concr\u00e8te d\u00e9duite 5%<\/li>\n<li>Le d\u00e9veloppement des th\u00e8mes passe \u00e0 c\u00f4t\u00e9 des groupes cibles 4%<\/li>\n<\/ul>\n<p>Les 5 principaux objectifs de la strat\u00e9gie de communication<\/p>\n<ul>\n<li>Cr\u00e9er la confiance et construire la r\u00e9putation 67%<\/li>\n<li>Augmenter la notori\u00e9t\u00e9 de la marque \/ des produits \/ des services 59%<\/li>\n<li>Augmenter la notori\u00e9t\u00e9 de l'entreprise 34%<\/li>\n<li>Soutenir la distribution et augmenter les ventes 32%<\/li>\n<li>Fid\u00e9liser les clients 23%<\/li>\n<\/ul>\n<p><em>Source : PR-Trendmonitor de <a href=\"http:\/\/www.newsaktuell.ch\">news actuel<\/a> et Faktenkontor<\/em><\/p>","protected":false},"excerpt":{"rendered":"<p>Im Februar 2022 wurde im Auftrag von Faktenkontor und news aktuell unter 255 Kommunikationsprofis aus Unternehmen, Organisationen und PR-Agenturen in Deutschland und der Schweiz durchgef\u00fchrt. Die Ergebnisse zeigen, dass viele Unternehmen f\u00fcr ihre Kommunikationsarbeit keine feste und \u00fcbergeordnete Strategie verankert haben: Genau 50 Prozent setzen aktuell auf definierte Vorgaben und Massnahmen, 45 Prozent hingegen nicht. [&hellip;]<\/p>\n","protected":false},"author":4,"featured_media":16999,"comment_status":"closed","ping_status":"closed","sticky":false,"template":"","format":"standard","meta":{"_acf_changed":false,"_yoast_wpseo_focuskw":"strategische Kommunikation","_yoast_wpseo_metadesc":"Fehlende Strategische Kommunikation: Nur die H\u00e4lfte der Unternehmen hat ihre Kommunikation klar definiert. Oft mangelt es an Ressourcen.","articlekey":"","footnotes":""},"categories":[28],"tags":[308,458,487],"class_list":["post-16998","post","type-post","status-publish","format-standard","has-post-thumbnail","hentry","category-management","tag-kommunikation","tag-strategie","tag-umfrage"],"acf":[],"yoast_head":"<!-- This site is optimized with the Yoast SEO plugin v27.4 - https:\/\/yoast.com\/product\/yoast-seo-wordpress\/ -->\n<title>Woran strategische Kommunikation scheitert - Organisator<\/title>\n<meta name=\"description\" content=\"Fehlende Strategische Kommunikation: Nur die H\u00e4lfte der Unternehmen hat ihre Kommunikation klar definiert. Oft mangelt es an Ressourcen.\" \/>\n<meta name=\"robots\" content=\"index, follow, max-snippet:-1, max-image-preview:large, max-video-preview:-1\" \/>\n<link rel=\"canonical\" href=\"https:\/\/www.organisator.ch\/fr\/gestion-2\/2022-09-21\/woran-strategische-kommunikation-scheitert\/\" \/>\n<meta property=\"og:locale\" content=\"fr_FR\" \/>\n<meta property=\"og:type\" content=\"article\" \/>\n<meta property=\"og:title\" content=\"Woran strategische Kommunikation scheitert\" \/>\n<meta property=\"og:description\" content=\"Fehlende strategische Kommunikation: Nur die H\u00e4lfte der Unternehmen hat ihre Kommunikation klar definiert. Oft mangelt es an Ressourcen.\" \/>\n<meta property=\"og:url\" content=\"https:\/\/www.organisator.ch\/fr\/gestion-2\/2022-09-21\/woran-strategische-kommunikation-scheitert\/\" \/>\n<meta property=\"og:site_name\" content=\"Organisator\" \/>\n<meta property=\"article:publisher\" content=\"https:\/\/www.facebook.com\/OrganisatorFachmagazin\" \/>\n<meta property=\"article:published_time\" content=\"2022-09-21T07:17:46+00:00\" \/>\n<meta property=\"article:modified_time\" content=\"2022-09-21T07:19:26+00:00\" \/>\n<meta property=\"og:image\" content=\"https:\/\/www.organisator.ch\/wp-content\/uploads\/2022\/09\/Woran-strategische-Kommunikation-scheitert_Organisator.jpg\" \/>\n\t<meta property=\"og:image:width\" content=\"680\" \/>\n\t<meta property=\"og:image:height\" content=\"437\" \/>\n\t<meta property=\"og:image:type\" content=\"image\/jpeg\" \/>\n<meta name=\"author\" content=\"thomas.berner\" \/>\n<meta name=\"twitter:card\" content=\"summary_large_image\" \/>\n<meta name=\"twitter:title\" content=\"Woran strategische #Kommunikation scheitert\" \/>\n<meta name=\"twitter:description\" content=\"Fehlende strategische #Kommunikation: Nur die H\u00e4lfte der Unternehmen hat ihre #Kommunikation klar definiert. Oft mangelt es an #Ressourcen.\" \/>\n<meta name=\"twitter:image\" content=\"https:\/\/www.organisator.ch\/wp-content\/uploads\/2022\/09\/Woran-strategische-Kommunikation-scheitert_Organisator.jpg\" \/>\n<script type=\"application\/ld+json\" class=\"yoast-schema-graph\">{\"@context\":\"https:\\\/\\\/schema.org\",\"@graph\":[{\"@type\":\"Article\",\"@id\":\"https:\\\/\\\/www.organisator.ch\\\/management\\\/2022-09-21\\\/woran-strategische-kommunikation-scheitert\\\/#article\",\"isPartOf\":{\"@id\":\"https:\\\/\\\/www.organisator.ch\\\/management\\\/2022-09-21\\\/woran-strategische-kommunikation-scheitert\\\/\"},\"author\":{\"name\":\"thomas.berner\",\"@id\":\"https:\\\/\\\/www.organisator.ch\\\/#\\\/schema\\\/person\\\/6f650f90b2842cd4c0cc334b4e36f67e\"},\"headline\":\"Woran strategische Kommunikation scheitert\",\"datePublished\":\"2022-09-21T07:17:46+00:00\",\"dateModified\":\"2022-09-21T07:19:26+00:00\",\"mainEntityOfPage\":{\"@id\":\"https:\\\/\\\/www.organisator.ch\\\/management\\\/2022-09-21\\\/woran-strategische-kommunikation-scheitert\\\/\"},\"wordCount\":514,\"publisher\":{\"@id\":\"https:\\\/\\\/www.organisator.ch\\\/#organization\"},\"image\":{\"@id\":\"https:\\\/\\\/www.organisator.ch\\\/management\\\/2022-09-21\\\/woran-strategische-kommunikation-scheitert\\\/#primaryimage\"},\"thumbnailUrl\":\"https:\\\/\\\/www.organisator.ch\\\/wp-content\\\/uploads\\\/2022\\\/09\\\/Woran-strategische-Kommunikation-scheitert_Organisator.jpg\",\"keywords\":[\"Kommunikation\",\"Strategie\",\"Umfrage\"],\"articleSection\":[\"MANAGEMENT\"],\"inLanguage\":\"fr-FR\"},{\"@type\":\"WebPage\",\"@id\":\"https:\\\/\\\/www.organisator.ch\\\/management\\\/2022-09-21\\\/woran-strategische-kommunikation-scheitert\\\/\",\"url\":\"https:\\\/\\\/www.organisator.ch\\\/management\\\/2022-09-21\\\/woran-strategische-kommunikation-scheitert\\\/\",\"name\":\"Woran strategische Kommunikation scheitert - Organisator\",\"isPartOf\":{\"@id\":\"https:\\\/\\\/www.organisator.ch\\\/#website\"},\"primaryImageOfPage\":{\"@id\":\"https:\\\/\\\/www.organisator.ch\\\/management\\\/2022-09-21\\\/woran-strategische-kommunikation-scheitert\\\/#primaryimage\"},\"image\":{\"@id\":\"https:\\\/\\\/www.organisator.ch\\\/management\\\/2022-09-21\\\/woran-strategische-kommunikation-scheitert\\\/#primaryimage\"},\"thumbnailUrl\":\"https:\\\/\\\/www.organisator.ch\\\/wp-content\\\/uploads\\\/2022\\\/09\\\/Woran-strategische-Kommunikation-scheitert_Organisator.jpg\",\"datePublished\":\"2022-09-21T07:17:46+00:00\",\"dateModified\":\"2022-09-21T07:19:26+00:00\",\"description\":\"Fehlende Strategische Kommunikation: Nur die H\u00e4lfte der Unternehmen hat ihre Kommunikation klar definiert. Oft mangelt es an Ressourcen.\",\"breadcrumb\":{\"@id\":\"https:\\\/\\\/www.organisator.ch\\\/management\\\/2022-09-21\\\/woran-strategische-kommunikation-scheitert\\\/#breadcrumb\"},\"inLanguage\":\"fr-FR\",\"potentialAction\":[{\"@type\":\"ReadAction\",\"target\":[\"https:\\\/\\\/www.organisator.ch\\\/management\\\/2022-09-21\\\/woran-strategische-kommunikation-scheitert\\\/\"]}]},{\"@type\":\"ImageObject\",\"inLanguage\":\"fr-FR\",\"@id\":\"https:\\\/\\\/www.organisator.ch\\\/management\\\/2022-09-21\\\/woran-strategische-kommunikation-scheitert\\\/#primaryimage\",\"url\":\"https:\\\/\\\/www.organisator.ch\\\/wp-content\\\/uploads\\\/2022\\\/09\\\/Woran-strategische-Kommunikation-scheitert_Organisator.jpg\",\"contentUrl\":\"https:\\\/\\\/www.organisator.ch\\\/wp-content\\\/uploads\\\/2022\\\/09\\\/Woran-strategische-Kommunikation-scheitert_Organisator.jpg\",\"width\":680,\"height\":437,\"caption\":\"Nur die H\u00e4lfte der Unternehmen arbeitet in ihrer Kommunikation mit einer klar definierten Strategie. Zumeist hapert es an personellen Ressourcen, fehlendem Budget oder an Abteilungsgrenzen. Zu diesem Ergebnis kommt der PR-Trendmonitor von news aktuell und Faktenkontor, an dem 255 Kommunikationsprofis aus Deutschland und der Schweiz teilgenommen haben. (Bild: obs\\\/news aktuell (Schweiz) AG)\"},{\"@type\":\"BreadcrumbList\",\"@id\":\"https:\\\/\\\/www.organisator.ch\\\/management\\\/2022-09-21\\\/woran-strategische-kommunikation-scheitert\\\/#breadcrumb\",\"itemListElement\":[{\"@type\":\"ListItem\",\"position\":1,\"name\":\"Home\",\"item\":\"https:\\\/\\\/www.organisator.ch\\\/\"},{\"@type\":\"ListItem\",\"position\":2,\"name\":\"Woran strategische Kommunikation scheitert\"}]},{\"@type\":\"WebSite\",\"@id\":\"https:\\\/\\\/www.organisator.ch\\\/#website\",\"url\":\"https:\\\/\\\/www.organisator.ch\\\/\",\"name\":\"Organisator\",\"description\":\"Kompetent. Praxisnah. Der ORGANISATOR bereitet in 10 Ausgaben pro Jahr die wesentlichen Themen f\u00fcr F\u00fchrungskr\u00e4fte von KMU auf.\",\"publisher\":{\"@id\":\"https:\\\/\\\/www.organisator.ch\\\/#organization\"},\"potentialAction\":[{\"@type\":\"SearchAction\",\"target\":{\"@type\":\"EntryPoint\",\"urlTemplate\":\"https:\\\/\\\/www.organisator.ch\\\/?s={search_term_string}\"},\"query-input\":{\"@type\":\"PropertyValueSpecification\",\"valueRequired\":true,\"valueName\":\"search_term_string\"}}],\"inLanguage\":\"fr-FR\"},{\"@type\":\"Organization\",\"@id\":\"https:\\\/\\\/www.organisator.ch\\\/#organization\",\"name\":\"Organisator\",\"url\":\"https:\\\/\\\/www.organisator.ch\\\/\",\"logo\":{\"@type\":\"ImageObject\",\"inLanguage\":\"fr-FR\",\"@id\":\"https:\\\/\\\/www.organisator.ch\\\/#\\\/schema\\\/logo\\\/image\\\/\",\"url\":\"https:\\\/\\\/www.organisator.ch\\\/wp-content\\\/uploads\\\/2022\\\/01\\\/Logo_Organisator_Website.png\",\"contentUrl\":\"https:\\\/\\\/www.organisator.ch\\\/wp-content\\\/uploads\\\/2022\\\/01\\\/Logo_Organisator_Website.png\",\"width\":800,\"height\":77,\"caption\":\"Organisator\"},\"image\":{\"@id\":\"https:\\\/\\\/www.organisator.ch\\\/#\\\/schema\\\/logo\\\/image\\\/\"},\"sameAs\":[\"https:\\\/\\\/www.facebook.com\\\/OrganisatorFachmagazin\",\"https:\\\/\\\/www.linkedin.com\\\/showcase\\\/organisator-das-magazin-fr-kmu\",\"https:\\\/\\\/www.xing.com\\\/news\\\/pages\\\/organisator-ch-695\",\"https:\\\/\\\/www.youtube.com\\\/channel\\\/UCGP2Sq0iWaZwT3BdIAQFYpw\"]},{\"@type\":\"Person\",\"@id\":\"https:\\\/\\\/www.organisator.ch\\\/#\\\/schema\\\/person\\\/6f650f90b2842cd4c0cc334b4e36f67e\",\"name\":\"thomas.berner\",\"image\":{\"@type\":\"ImageObject\",\"inLanguage\":\"fr-FR\",\"@id\":\"https:\\\/\\\/secure.gravatar.com\\\/avatar\\\/ac5001d2a36cb6c6cd3e50789007ffca834b477b74a2144564522e944eabff61?s=96&d=mm&r=g\",\"url\":\"https:\\\/\\\/secure.gravatar.com\\\/avatar\\\/ac5001d2a36cb6c6cd3e50789007ffca834b477b74a2144564522e944eabff61?s=96&d=mm&r=g\",\"contentUrl\":\"https:\\\/\\\/secure.gravatar.com\\\/avatar\\\/ac5001d2a36cb6c6cd3e50789007ffca834b477b74a2144564522e944eabff61?s=96&d=mm&r=g\",\"caption\":\"thomas.berner\"},\"url\":\"https:\\\/\\\/www.organisator.ch\\\/fr\\\/author\\\/thomas-berner\\\/\"}]}<\/script>\n<!-- \/ Yoast SEO plugin. -->","yoast_head_json":{"title":"Ce qui fait \u00e9chouer la communication strat\u00e9gique - Organisateur","description":"Manque de communication strat\u00e9gique : seule la moiti\u00e9 des entreprises ont clairement d\u00e9fini leur communication. Souvent, les ressources font d\u00e9faut.","robots":{"index":"index","follow":"follow","max-snippet":"max-snippet:-1","max-image-preview":"max-image-preview:large","max-video-preview":"max-video-preview:-1"},"canonical":"https:\/\/www.organisator.ch\/fr\/gestion-2\/2022-09-21\/woran-strategische-kommunikation-scheitert\/","og_locale":"fr_FR","og_type":"article","og_title":"Woran strategische Kommunikation scheitert","og_description":"Fehlende strategische Kommunikation: Nur die H\u00e4lfte der Unternehmen hat ihre Kommunikation klar definiert. Oft mangelt es an Ressourcen.","og_url":"https:\/\/www.organisator.ch\/fr\/gestion-2\/2022-09-21\/woran-strategische-kommunikation-scheitert\/","og_site_name":"Organisator","article_publisher":"https:\/\/www.facebook.com\/OrganisatorFachmagazin","article_published_time":"2022-09-21T07:17:46+00:00","article_modified_time":"2022-09-21T07:19:26+00:00","og_image":[{"width":680,"height":437,"url":"https:\/\/www.organisator.ch\/wp-content\/uploads\/2022\/09\/Woran-strategische-Kommunikation-scheitert_Organisator.jpg","type":"image\/jpeg"}],"author":"thomas.berner","twitter_card":"summary_large_image","twitter_title":"Woran strategische #Kommunikation scheitert","twitter_description":"Fehlende strategische #Kommunikation: Nur die H\u00e4lfte der Unternehmen hat ihre #Kommunikation klar definiert. Oft mangelt es an #Ressourcen.","twitter_image":"https:\/\/www.organisator.ch\/wp-content\/uploads\/2022\/09\/Woran-strategische-Kommunikation-scheitert_Organisator.jpg","schema":{"@context":"https:\/\/schema.org","@graph":[{"@type":"Article","@id":"https:\/\/www.organisator.ch\/management\/2022-09-21\/woran-strategische-kommunikation-scheitert\/#article","isPartOf":{"@id":"https:\/\/www.organisator.ch\/management\/2022-09-21\/woran-strategische-kommunikation-scheitert\/"},"author":{"name":"thomas.berner","@id":"https:\/\/www.organisator.ch\/#\/schema\/person\/6f650f90b2842cd4c0cc334b4e36f67e"},"headline":"Woran strategische Kommunikation scheitert","datePublished":"2022-09-21T07:17:46+00:00","dateModified":"2022-09-21T07:19:26+00:00","mainEntityOfPage":{"@id":"https:\/\/www.organisator.ch\/management\/2022-09-21\/woran-strategische-kommunikation-scheitert\/"},"wordCount":514,"publisher":{"@id":"https:\/\/www.organisator.ch\/#organization"},"image":{"@id":"https:\/\/www.organisator.ch\/management\/2022-09-21\/woran-strategische-kommunikation-scheitert\/#primaryimage"},"thumbnailUrl":"https:\/\/www.organisator.ch\/wp-content\/uploads\/2022\/09\/Woran-strategische-Kommunikation-scheitert_Organisator.jpg","keywords":["Kommunikation","Strategie","Umfrage"],"articleSection":["MANAGEMENT"],"inLanguage":"fr-FR"},{"@type":"WebPage","@id":"https:\/\/www.organisator.ch\/management\/2022-09-21\/woran-strategische-kommunikation-scheitert\/","url":"https:\/\/www.organisator.ch\/management\/2022-09-21\/woran-strategische-kommunikation-scheitert\/","name":"Ce qui fait \u00e9chouer la communication strat\u00e9gique - Organisateur","isPartOf":{"@id":"https:\/\/www.organisator.ch\/#website"},"primaryImageOfPage":{"@id":"https:\/\/www.organisator.ch\/management\/2022-09-21\/woran-strategische-kommunikation-scheitert\/#primaryimage"},"image":{"@id":"https:\/\/www.organisator.ch\/management\/2022-09-21\/woran-strategische-kommunikation-scheitert\/#primaryimage"},"thumbnailUrl":"https:\/\/www.organisator.ch\/wp-content\/uploads\/2022\/09\/Woran-strategische-Kommunikation-scheitert_Organisator.jpg","datePublished":"2022-09-21T07:17:46+00:00","dateModified":"2022-09-21T07:19:26+00:00","description":"Manque de communication strat\u00e9gique : seule la moiti\u00e9 des entreprises ont clairement d\u00e9fini leur communication. Souvent, les ressources font d\u00e9faut.","breadcrumb":{"@id":"https:\/\/www.organisator.ch\/management\/2022-09-21\/woran-strategische-kommunikation-scheitert\/#breadcrumb"},"inLanguage":"fr-FR","potentialAction":[{"@type":"ReadAction","target":["https:\/\/www.organisator.ch\/management\/2022-09-21\/woran-strategische-kommunikation-scheitert\/"]}]},{"@type":"ImageObject","inLanguage":"fr-FR","@id":"https:\/\/www.organisator.ch\/management\/2022-09-21\/woran-strategische-kommunikation-scheitert\/#primaryimage","url":"https:\/\/www.organisator.ch\/wp-content\/uploads\/2022\/09\/Woran-strategische-Kommunikation-scheitert_Organisator.jpg","contentUrl":"https:\/\/www.organisator.ch\/wp-content\/uploads\/2022\/09\/Woran-strategische-Kommunikation-scheitert_Organisator.jpg","width":680,"height":437,"caption":"Nur die H\u00e4lfte der Unternehmen arbeitet in ihrer Kommunikation mit einer klar definierten Strategie. Zumeist hapert es an personellen Ressourcen, fehlendem Budget oder an Abteilungsgrenzen. Zu diesem Ergebnis kommt der PR-Trendmonitor von news aktuell und Faktenkontor, an dem 255 Kommunikationsprofis aus Deutschland und der Schweiz teilgenommen haben. (Bild: obs\/news aktuell (Schweiz) AG)"},{"@type":"BreadcrumbList","@id":"https:\/\/www.organisator.ch\/management\/2022-09-21\/woran-strategische-kommunikation-scheitert\/#breadcrumb","itemListElement":[{"@type":"ListItem","position":1,"name":"Home","item":"https:\/\/www.organisator.ch\/"},{"@type":"ListItem","position":2,"name":"Woran strategische Kommunikation scheitert"}]},{"@type":"WebSite","@id":"https:\/\/www.organisator.ch\/#website","url":"https:\/\/www.organisator.ch\/","name":"Organisateur","description":"Comp\u00e9tence et comp\u00e9tence. Proches de la pratique. L'ORGANISATEUR pr\u00e9pare 10 num\u00e9ros par an sur les th\u00e8mes essentiels pour les dirigeants de PME.","publisher":{"@id":"https:\/\/www.organisator.ch\/#organization"},"potentialAction":[{"@type":"SearchAction","target":{"@type":"EntryPoint","urlTemplate":"https:\/\/www.organisator.ch\/?s={search_term_string}"},"query-input":{"@type":"PropertyValueSpecification","valueRequired":true,"valueName":"search_term_string"}}],"inLanguage":"fr-FR"},{"@type":"Organization","@id":"https:\/\/www.organisator.ch\/#organization","name":"Organisateur","url":"https:\/\/www.organisator.ch\/","logo":{"@type":"ImageObject","inLanguage":"fr-FR","@id":"https:\/\/www.organisator.ch\/#\/schema\/logo\/image\/","url":"https:\/\/www.organisator.ch\/wp-content\/uploads\/2022\/01\/Logo_Organisator_Website.png","contentUrl":"https:\/\/www.organisator.ch\/wp-content\/uploads\/2022\/01\/Logo_Organisator_Website.png","width":800,"height":77,"caption":"Organisator"},"image":{"@id":"https:\/\/www.organisator.ch\/#\/schema\/logo\/image\/"},"sameAs":["https:\/\/www.facebook.com\/OrganisatorFachmagazin","https:\/\/www.linkedin.com\/showcase\/organisator-das-magazin-fr-kmu","https:\/\/www.xing.com\/news\/pages\/organisator-ch-695","https:\/\/www.youtube.com\/channel\/UCGP2Sq0iWaZwT3BdIAQFYpw"]},{"@type":"Person","@id":"https:\/\/www.organisator.ch\/#\/schema\/person\/6f650f90b2842cd4c0cc334b4e36f67e","name":"thomas.berner","image":{"@type":"ImageObject","inLanguage":"fr-FR","@id":"https:\/\/secure.gravatar.com\/avatar\/ac5001d2a36cb6c6cd3e50789007ffca834b477b74a2144564522e944eabff61?s=96&d=mm&r=g","url":"https:\/\/secure.gravatar.com\/avatar\/ac5001d2a36cb6c6cd3e50789007ffca834b477b74a2144564522e944eabff61?s=96&d=mm&r=g","contentUrl":"https:\/\/secure.gravatar.com\/avatar\/ac5001d2a36cb6c6cd3e50789007ffca834b477b74a2144564522e944eabff61?s=96&d=mm&r=g","caption":"thomas.berner"},"url":"https:\/\/www.organisator.ch\/fr\/author\/thomas-berner\/"}]}},"_links":{"self":[{"href":"https:\/\/www.organisator.ch\/fr\/wp-json\/wp\/v2\/posts\/16998","targetHints":{"allow":["GET"]}}],"collection":[{"href":"https:\/\/www.organisator.ch\/fr\/wp-json\/wp\/v2\/posts"}],"about":[{"href":"https:\/\/www.organisator.ch\/fr\/wp-json\/wp\/v2\/types\/post"}],"author":[{"embeddable":true,"href":"https:\/\/www.organisator.ch\/fr\/wp-json\/wp\/v2\/users\/4"}],"replies":[{"embeddable":true,"href":"https:\/\/www.organisator.ch\/fr\/wp-json\/wp\/v2\/comments?post=16998"}],"version-history":[{"count":1,"href":"https:\/\/www.organisator.ch\/fr\/wp-json\/wp\/v2\/posts\/16998\/revisions"}],"predecessor-version":[{"id":17000,"href":"https:\/\/www.organisator.ch\/fr\/wp-json\/wp\/v2\/posts\/16998\/revisions\/17000"}],"wp:featuredmedia":[{"embeddable":true,"href":"https:\/\/www.organisator.ch\/fr\/wp-json\/wp\/v2\/media\/16999"}],"wp:attachment":[{"href":"https:\/\/www.organisator.ch\/fr\/wp-json\/wp\/v2\/media?parent=16998"}],"wp:term":[{"taxonomy":"category","embeddable":true,"href":"https:\/\/www.organisator.ch\/fr\/wp-json\/wp\/v2\/categories?post=16998"},{"taxonomy":"post_tag","embeddable":true,"href":"https:\/\/www.organisator.ch\/fr\/wp-json\/wp\/v2\/tags?post=16998"}],"curies":[{"name":"wp","href":"https:\/\/api.w.org\/{rel}","templated":true}]}}