{"id":1702,"date":"2017-03-30T17:28:29","date_gmt":"2017-03-30T15:28:29","guid":{"rendered":"https:\/\/www.organisator.ch\/?p=1702"},"modified":"2017-03-30T17:28:29","modified_gmt":"2017-03-30T15:28:29","slug":"wie-fuehrungskraefte-mit-topsharing-und-teilzeit-umgehen","status":"publish","type":"post","link":"https:\/\/www.organisator.ch\/fr\/human-resources\/hrm\/2017-03-30\/wie-fuehrungskraefte-mit-topsharing-und-teilzeit-umgehen\/","title":{"rendered":"Comment les cadres g\u00e8rent le \"top sharing et le temps partiel\" ?"},"content":{"rendered":"<figure id=\"attachment_1703\" aria-describedby=\"caption-attachment-1703\" style=\"width: 680px\" class=\"wp-caption alignnone\"><img loading=\"lazy\" decoding=\"async\" class=\"size-medium wp-image-1703\" src=\"https:\/\/www.organisator.ch\/wp-content\/uploads\/2017\/03\/Wie-F\u00fchrungskr\u00e4fte-mit-Topsharing-und-Teilzeit-umgehen-org-organisator.jpg\" alt=\"\" width=\"680\" height=\"454\" srcset=\"https:\/\/www.organisator.ch\/wp-content\/uploads\/2017\/03\/Wie-Fu\u0308hrungskra\u0308fte-mit-Topsharing-und-Teilzeit-umgehen-org-organisator.jpg 1580w, https:\/\/www.organisator.ch\/wp-content\/uploads\/2017\/03\/Wie-Fu\u0308hrungskra\u0308fte-mit-Topsharing-und-Teilzeit-umgehen-org-organisator-680x454.jpg 680w, https:\/\/www.organisator.ch\/wp-content\/uploads\/2017\/03\/Wie-Fu\u0308hrungskra\u0308fte-mit-Topsharing-und-Teilzeit-umgehen-org-organisator-1024x684.jpg 1024w, https:\/\/www.organisator.ch\/wp-content\/uploads\/2017\/03\/Wie-Fu\u0308hrungskra\u0308fte-mit-Topsharing-und-Teilzeit-umgehen-org-organisator-768x513.jpg 768w, https:\/\/www.organisator.ch\/wp-content\/uploads\/2017\/03\/Wie-Fu\u0308hrungskra\u0308fte-mit-Topsharing-und-Teilzeit-umgehen-org-organisator-1536x1026.jpg 1536w, https:\/\/www.organisator.ch\/wp-content\/uploads\/2017\/03\/Wie-Fu\u0308hrungskra\u0308fte-mit-Topsharing-und-Teilzeit-umgehen-org-organisator-16x12.jpg 16w, https:\/\/www.organisator.ch\/wp-content\/uploads\/2017\/03\/Wie-Fu\u0308hrungskra\u0308fte-mit-Topsharing-und-Teilzeit-umgehen-org-organisator-262x175.jpg 262w, https:\/\/www.organisator.ch\/wp-content\/uploads\/2017\/03\/Wie-Fu\u0308hrungskra\u0308fte-mit-Topsharing-und-Teilzeit-umgehen-org-organisator-524x350.jpg 524w, https:\/\/www.organisator.ch\/wp-content\/uploads\/2017\/03\/Wie-Fu\u0308hrungskra\u0308fte-mit-Topsharing-und-Teilzeit-umgehen-org-organisator-1198x800.jpg 1198w, https:\/\/www.organisator.ch\/wp-content\/uploads\/2017\/03\/Wie-Fu\u0308hrungskra\u0308fte-mit-Topsharing-und-Teilzeit-umgehen-org-organisator-920x614.jpg 920w, https:\/\/www.organisator.ch\/wp-content\/uploads\/2017\/03\/Wie-Fu\u0308hrungskra\u0308fte-mit-Topsharing-und-Teilzeit-umgehen-org-organisator-1400x935.jpg 1400w, https:\/\/www.organisator.ch\/wp-content\/uploads\/2017\/03\/Wie-Fu\u0308hrungskra\u0308fte-mit-Topsharing-und-Teilzeit-umgehen-org-organisator-300x200.jpg 300w\" sizes=\"auto, (max-width: 680px) 100vw, 680px\" \/><figcaption id=\"caption-attachment-1703\" class=\"wp-caption-text\">Que ce soit en Chine ou en Suisse, tout le monde n'a pas une approche aussi lib\u00e9rale du \"temps partiel\". (Copyright : Soho)<\/figcaption><\/figure>\n<p>Careerplus montre comment les cadres g\u00e8rent le temps partiel. Les mod\u00e8les de temps de travail flexibles facilitent l'acc\u00e8s des femmes aux postes de direction et des hommes au travail \u00e0 temps partiel. Bien que le besoin d'une organisation flexible du temps et du lieu de travail soit indiscutable, les mod\u00e8les de temps de travail correspondants ne trouvent un \u00e9cho que dans quelques entreprises. En 2015, seul un salari\u00e9 sur cinq occupant un poste de direction ou de superviseur travaillait \u00e0 temps partiel - les femmes \u00e9tant presque cinq fois plus nombreuses que les hommes.<\/p>\n<p><strong>Pr\u00e9jug\u00e9s en circulation <\/strong><\/p>\n<p>Les pr\u00e9jug\u00e9s, les anciens mod\u00e8les de r\u00f4les et les conceptions traditionnelles du leadership emp\u00eachent les femmes et les postes \u00e0 temps partiel de s'imposer au niveau du management. \"Les obstacles se trouvent souvent dans la t\u00eate des responsables\", explique la conseill\u00e8re en organisation Julia K. Kuark. Une croyance largement r\u00e9pandue veut que celui qui ne travaille pas \u00e0 temps plein ne s'engage pas non plus \u00e0 cent pour cent pour l'entreprise. En revanche, les r\u00e9sultats de diverses \u00e9tudes montrent que les mod\u00e8les de temps de travail flexibles sont rentables \u00e0 bien des \u00e9gards pour les entreprises.<\/p>\n<p>Non seulement leur introduction augmente la satisfaction au travail, la motivation et la productivit\u00e9 des employ\u00e9s, mais ils augmentent \u00e9galement l'attractivit\u00e9 de l'entreprise sur le march\u00e9 du travail et r\u00e9duisent les co\u00fbts de fluctuation et l'absent\u00e9isme. De quoi une entreprise doit-elle concr\u00e8tement tenir compte si elle veut promouvoir le temps de travail flexible ? Le livre blanc contient des exemples et des conseils tir\u00e9s de la pratique, ainsi que des r\u00e9sultats d'\u00e9tudes et des liens vers des sites web utiles.<\/p>\n<p>\"<strong>Le changement culturel au plus haut niveau\" <\/strong><\/p>\n<p>S'ouvrir en tant qu'entreprise \u00e0 des mod\u00e8les de temps de travail flexibles est un processus continu qui doit d'abord \u00eatre initi\u00e9 par les cadres sup\u00e9rieurs. Ce n'est que lorsque la conscience et l'acceptation des nouveaux besoins en mati\u00e8re de travail sont cr\u00e9\u00e9es au plus haut niveau que les efforts correspondants peuvent porter leurs fruits.<\/p>\n<p>Careerplus conseille aux employeurs de repenser d'abord la culture d'entreprise avant d'avancer dans des d\u00e9marches telles que l'am\u00e9nagement du poste de travail, la formation des collaborateurs ou les mises \u00e0 jour technologiques. \"Le changement de culture doit \u00eatre v\u00e9cu au plus haut niveau\", explique Jacqueline Scheuner, co-directrice de Careerplus. D\u00e9couvrez dans le livre blanc comment fonctionne la gestion \u00e0 temps partiel chez Careerplus.<\/p>\n<p><strong>Le livre blanc \"Une carri\u00e8re malgr\u00e9 le temps partiel ? Mod\u00e8les de travail flexibles pour les cadres\" (gratuit). <a href=\"https:\/\/www.careerplus.ch\/personalvermittlung\/gehaltsstudien\/teilzeit-karriere-flexible-arbeitszeit\">ici <\/a><\/strong><\/p>\n<p><strong><br \/>\n<\/strong><\/p>","protected":false},"excerpt":{"rendered":"<p>Careerplus zeigt wie F\u00fchrungsk\u00e4rfte mit Tielzeit umgehen. Flexible Arbeitszeitmodelle erleichtern Frauen den Weg in F\u00fchrungspositionen und M\u00e4nnern in die Teilzeitarbeit. Obwohl das Bed\u00fcrfnis nach flexibler Gestaltung von Arbeitszeit und -ort unbestritten ist, finden entsprechende Arbeitszeitmodelle erst in wenigen Unternehmen Anklang. Nur gerade jeder f\u00fcnfte Arbeitnehmer in der Unternehmensleitung oder mit Vorgesetztenfunktion war 2015 in einem [&hellip;]<\/p>\n","protected":false},"author":5,"featured_media":1703,"comment_status":"open","ping_status":"open","sticky":false,"template":"","format":"standard","meta":{"_acf_changed":false,"_yoast_wpseo_focuskw":"Teilzeit","_yoast_wpseo_metadesc":"","articlekey":"","footnotes":""},"categories":[26],"tags":[],"class_list":["post-1702","post","type-post","status-publish","format-standard","has-post-thumbnail","hentry","category-hrm"],"acf":[],"yoast_head":"<!-- This site is optimized with the Yoast SEO plugin v27.5 - https:\/\/yoast.com\/product\/yoast-seo-wordpress\/ -->\n<title>Wie F\u00fchrungskr\u00e4fte mit \u201eTopsharing und Teilzeit\u201c umgehen - Organisator<\/title>\n<meta name=\"robots\" content=\"index, follow, max-snippet:-1, max-image-preview:large, max-video-preview:-1\" \/>\n<link rel=\"canonical\" href=\"https:\/\/www.organisator.ch\/fr\/ressources-humaines\/hrm\/2017-03-30\/wie-fuehrungskraefte-mit-topsharing-und-teilzeit-umgehen\/\" \/>\n<meta property=\"og:locale\" content=\"fr_FR\" \/>\n<meta property=\"og:type\" content=\"article\" \/>\n<meta property=\"og:title\" content=\"Wie F\u00fchrungskr\u00e4fte mit \u201eTopsharing und Teilzeit\u201c umgehen - Organisator\" \/>\n<meta property=\"og:description\" content=\"Careerplus zeigt wie F\u00fchrungsk\u00e4rfte mit Tielzeit umgehen. Flexible Arbeitszeitmodelle erleichtern Frauen den Weg in F\u00fchrungspositionen und M\u00e4nnern in die Teilzeitarbeit. Obwohl das Bed\u00fcrfnis nach flexibler Gestaltung von Arbeitszeit und -ort unbestritten ist, finden entsprechende Arbeitszeitmodelle erst in wenigen Unternehmen Anklang. Nur gerade jeder f\u00fcnfte Arbeitnehmer in der Unternehmensleitung oder mit Vorgesetztenfunktion war 2015 in einem [&hellip;]\" \/>\n<meta property=\"og:url\" content=\"https:\/\/www.organisator.ch\/fr\/ressources-humaines\/hrm\/2017-03-30\/wie-fuehrungskraefte-mit-topsharing-und-teilzeit-umgehen\/\" \/>\n<meta property=\"og:site_name\" content=\"Organisator\" \/>\n<meta property=\"article:publisher\" content=\"https:\/\/www.facebook.com\/OrganisatorFachmagazin\" \/>\n<meta property=\"article:published_time\" content=\"2017-03-30T15:28:29+00:00\" \/>\n<meta property=\"og:image\" content=\"https:\/\/www.organisator.ch\/wp-content\/uploads\/2017\/03\/Wie-Fu\u0308hrungskra\u0308fte-mit-Topsharing-und-Teilzeit-umgehen-org-organisator.jpg\" \/>\n\t<meta property=\"og:image:width\" content=\"1580\" \/>\n\t<meta property=\"og:image:height\" content=\"1055\" \/>\n\t<meta property=\"og:image:type\" content=\"image\/jpeg\" \/>\n<meta name=\"author\" content=\"michael.merz\" \/>\n<meta name=\"twitter:card\" content=\"summary_large_image\" \/>\n<script type=\"application\/ld+json\" class=\"yoast-schema-graph\">{\"@context\":\"https:\\\/\\\/schema.org\",\"@graph\":[{\"@type\":\"Article\",\"@id\":\"https:\\\/\\\/www.organisator.ch\\\/human-resources\\\/hrm\\\/2017-03-30\\\/wie-fuehrungskraefte-mit-topsharing-und-teilzeit-umgehen\\\/#article\",\"isPartOf\":{\"@id\":\"https:\\\/\\\/www.organisator.ch\\\/human-resources\\\/hrm\\\/2017-03-30\\\/wie-fuehrungskraefte-mit-topsharing-und-teilzeit-umgehen\\\/\"},\"author\":{\"name\":\"michael.merz\",\"@id\":\"https:\\\/\\\/www.organisator.ch\\\/#\\\/schema\\\/person\\\/134708ca9321c57b0362cceb7948ffbd\"},\"headline\":\"Wie F\u00fchrungskr\u00e4fte mit \u201eTopsharing und Teilzeit\u201c umgehen\",\"datePublished\":\"2017-03-30T15:28:29+00:00\",\"mainEntityOfPage\":{\"@id\":\"https:\\\/\\\/www.organisator.ch\\\/human-resources\\\/hrm\\\/2017-03-30\\\/wie-fuehrungskraefte-mit-topsharing-und-teilzeit-umgehen\\\/\"},\"wordCount\":358,\"commentCount\":0,\"publisher\":{\"@id\":\"https:\\\/\\\/www.organisator.ch\\\/#organization\"},\"image\":{\"@id\":\"https:\\\/\\\/www.organisator.ch\\\/human-resources\\\/hrm\\\/2017-03-30\\\/wie-fuehrungskraefte-mit-topsharing-und-teilzeit-umgehen\\\/#primaryimage\"},\"thumbnailUrl\":\"https:\\\/\\\/www.organisator.ch\\\/wp-content\\\/uploads\\\/2017\\\/03\\\/Wie-Fu\u0308hrungskra\u0308fte-mit-Topsharing-und-Teilzeit-umgehen-org-organisator.jpg\",\"articleSection\":[\"HRM\"],\"inLanguage\":\"fr-FR\"},{\"@type\":\"WebPage\",\"@id\":\"https:\\\/\\\/www.organisator.ch\\\/human-resources\\\/hrm\\\/2017-03-30\\\/wie-fuehrungskraefte-mit-topsharing-und-teilzeit-umgehen\\\/\",\"url\":\"https:\\\/\\\/www.organisator.ch\\\/human-resources\\\/hrm\\\/2017-03-30\\\/wie-fuehrungskraefte-mit-topsharing-und-teilzeit-umgehen\\\/\",\"name\":\"Wie F\u00fchrungskr\u00e4fte mit \u201eTopsharing und Teilzeit\u201c umgehen - Organisator\",\"isPartOf\":{\"@id\":\"https:\\\/\\\/www.organisator.ch\\\/#website\"},\"primaryImageOfPage\":{\"@id\":\"https:\\\/\\\/www.organisator.ch\\\/human-resources\\\/hrm\\\/2017-03-30\\\/wie-fuehrungskraefte-mit-topsharing-und-teilzeit-umgehen\\\/#primaryimage\"},\"image\":{\"@id\":\"https:\\\/\\\/www.organisator.ch\\\/human-resources\\\/hrm\\\/2017-03-30\\\/wie-fuehrungskraefte-mit-topsharing-und-teilzeit-umgehen\\\/#primaryimage\"},\"thumbnailUrl\":\"https:\\\/\\\/www.organisator.ch\\\/wp-content\\\/uploads\\\/2017\\\/03\\\/Wie-Fu\u0308hrungskra\u0308fte-mit-Topsharing-und-Teilzeit-umgehen-org-organisator.jpg\",\"datePublished\":\"2017-03-30T15:28:29+00:00\",\"breadcrumb\":{\"@id\":\"https:\\\/\\\/www.organisator.ch\\\/human-resources\\\/hrm\\\/2017-03-30\\\/wie-fuehrungskraefte-mit-topsharing-und-teilzeit-umgehen\\\/#breadcrumb\"},\"inLanguage\":\"fr-FR\",\"potentialAction\":[{\"@type\":\"ReadAction\",\"target\":[\"https:\\\/\\\/www.organisator.ch\\\/human-resources\\\/hrm\\\/2017-03-30\\\/wie-fuehrungskraefte-mit-topsharing-und-teilzeit-umgehen\\\/\"]}]},{\"@type\":\"ImageObject\",\"inLanguage\":\"fr-FR\",\"@id\":\"https:\\\/\\\/www.organisator.ch\\\/human-resources\\\/hrm\\\/2017-03-30\\\/wie-fuehrungskraefte-mit-topsharing-und-teilzeit-umgehen\\\/#primaryimage\",\"url\":\"https:\\\/\\\/www.organisator.ch\\\/wp-content\\\/uploads\\\/2017\\\/03\\\/Wie-Fu\u0308hrungskra\u0308fte-mit-Topsharing-und-Teilzeit-umgehen-org-organisator.jpg\",\"contentUrl\":\"https:\\\/\\\/www.organisator.ch\\\/wp-content\\\/uploads\\\/2017\\\/03\\\/Wie-Fu\u0308hrungskra\u0308fte-mit-Topsharing-und-Teilzeit-umgehen-org-organisator.jpg\",\"width\":1580,\"height\":1055,\"caption\":\"Ob in China, oder in der Schweiz: Nicht alle gehen so liberal mit dem Thema Teilzeit um. (Copyright: Soho)\"},{\"@type\":\"BreadcrumbList\",\"@id\":\"https:\\\/\\\/www.organisator.ch\\\/human-resources\\\/hrm\\\/2017-03-30\\\/wie-fuehrungskraefte-mit-topsharing-und-teilzeit-umgehen\\\/#breadcrumb\",\"itemListElement\":[{\"@type\":\"ListItem\",\"position\":1,\"name\":\"Home\",\"item\":\"https:\\\/\\\/www.organisator.ch\\\/\"},{\"@type\":\"ListItem\",\"position\":2,\"name\":\"Wie F\u00fchrungskr\u00e4fte mit \u201eTopsharing und Teilzeit\u201c umgehen\"}]},{\"@type\":\"WebSite\",\"@id\":\"https:\\\/\\\/www.organisator.ch\\\/#website\",\"url\":\"https:\\\/\\\/www.organisator.ch\\\/\",\"name\":\"Organisator\",\"description\":\"Kompetent. Praxisnah. Der ORGANISATOR bereitet in 10 Ausgaben pro Jahr die wesentlichen Themen f\u00fcr F\u00fchrungskr\u00e4fte von KMU auf.\",\"publisher\":{\"@id\":\"https:\\\/\\\/www.organisator.ch\\\/#organization\"},\"potentialAction\":[{\"@type\":\"SearchAction\",\"target\":{\"@type\":\"EntryPoint\",\"urlTemplate\":\"https:\\\/\\\/www.organisator.ch\\\/?s={search_term_string}\"},\"query-input\":{\"@type\":\"PropertyValueSpecification\",\"valueRequired\":true,\"valueName\":\"search_term_string\"}}],\"inLanguage\":\"fr-FR\"},{\"@type\":\"Organization\",\"@id\":\"https:\\\/\\\/www.organisator.ch\\\/#organization\",\"name\":\"Organisator\",\"url\":\"https:\\\/\\\/www.organisator.ch\\\/\",\"logo\":{\"@type\":\"ImageObject\",\"inLanguage\":\"fr-FR\",\"@id\":\"https:\\\/\\\/www.organisator.ch\\\/#\\\/schema\\\/logo\\\/image\\\/\",\"url\":\"https:\\\/\\\/www.organisator.ch\\\/wp-content\\\/uploads\\\/2022\\\/01\\\/Logo_Organisator_Website.png\",\"contentUrl\":\"https:\\\/\\\/www.organisator.ch\\\/wp-content\\\/uploads\\\/2022\\\/01\\\/Logo_Organisator_Website.png\",\"width\":800,\"height\":77,\"caption\":\"Organisator\"},\"image\":{\"@id\":\"https:\\\/\\\/www.organisator.ch\\\/#\\\/schema\\\/logo\\\/image\\\/\"},\"sameAs\":[\"https:\\\/\\\/www.facebook.com\\\/OrganisatorFachmagazin\",\"https:\\\/\\\/www.linkedin.com\\\/showcase\\\/organisator-das-magazin-fr-kmu\",\"https:\\\/\\\/www.xing.com\\\/news\\\/pages\\\/organisator-ch-695\",\"https:\\\/\\\/www.youtube.com\\\/channel\\\/UCGP2Sq0iWaZwT3BdIAQFYpw\"]},{\"@type\":\"Person\",\"@id\":\"https:\\\/\\\/www.organisator.ch\\\/#\\\/schema\\\/person\\\/134708ca9321c57b0362cceb7948ffbd\",\"name\":\"michael.merz\",\"image\":{\"@type\":\"ImageObject\",\"inLanguage\":\"fr-FR\",\"@id\":\"https:\\\/\\\/secure.gravatar.com\\\/avatar\\\/?s=96&d=mm&r=g\",\"url\":\"https:\\\/\\\/secure.gravatar.com\\\/avatar\\\/?s=96&d=mm&r=g\",\"contentUrl\":\"https:\\\/\\\/secure.gravatar.com\\\/avatar\\\/?s=96&d=mm&r=g\",\"caption\":\"michael.merz\"},\"url\":\"https:\\\/\\\/www.organisator.ch\\\/fr\\\/author\\\/michael-merz\\\/\"}]}<\/script>\n<!-- \/ Yoast SEO plugin. -->","yoast_head_json":{"title":"Comment les cadres g\u00e8rent le \"top sharing et le temps partiel\" - Organisateur","robots":{"index":"index","follow":"follow","max-snippet":"max-snippet:-1","max-image-preview":"max-image-preview:large","max-video-preview":"max-video-preview:-1"},"canonical":"https:\/\/www.organisator.ch\/fr\/ressources-humaines\/hrm\/2017-03-30\/wie-fuehrungskraefte-mit-topsharing-und-teilzeit-umgehen\/","og_locale":"fr_FR","og_type":"article","og_title":"Wie F\u00fchrungskr\u00e4fte mit \u201eTopsharing und Teilzeit\u201c umgehen - Organisator","og_description":"Careerplus zeigt wie F\u00fchrungsk\u00e4rfte mit Tielzeit umgehen. Flexible Arbeitszeitmodelle erleichtern Frauen den Weg in F\u00fchrungspositionen und M\u00e4nnern in die Teilzeitarbeit. Obwohl das Bed\u00fcrfnis nach flexibler Gestaltung von Arbeitszeit und -ort unbestritten ist, finden entsprechende Arbeitszeitmodelle erst in wenigen Unternehmen Anklang. Nur gerade jeder f\u00fcnfte Arbeitnehmer in der Unternehmensleitung oder mit Vorgesetztenfunktion war 2015 in einem [&hellip;]","og_url":"https:\/\/www.organisator.ch\/fr\/ressources-humaines\/hrm\/2017-03-30\/wie-fuehrungskraefte-mit-topsharing-und-teilzeit-umgehen\/","og_site_name":"Organisator","article_publisher":"https:\/\/www.facebook.com\/OrganisatorFachmagazin","article_published_time":"2017-03-30T15:28:29+00:00","og_image":[{"width":1580,"height":1055,"url":"https:\/\/www.organisator.ch\/wp-content\/uploads\/2017\/03\/Wie-Fu\u0308hrungskra\u0308fte-mit-Topsharing-und-Teilzeit-umgehen-org-organisator.jpg","type":"image\/jpeg"}],"author":"michael.merz","twitter_card":"summary_large_image","schema":{"@context":"https:\/\/schema.org","@graph":[{"@type":"Article","@id":"https:\/\/www.organisator.ch\/human-resources\/hrm\/2017-03-30\/wie-fuehrungskraefte-mit-topsharing-und-teilzeit-umgehen\/#article","isPartOf":{"@id":"https:\/\/www.organisator.ch\/human-resources\/hrm\/2017-03-30\/wie-fuehrungskraefte-mit-topsharing-und-teilzeit-umgehen\/"},"author":{"name":"michael.merz","@id":"https:\/\/www.organisator.ch\/#\/schema\/person\/134708ca9321c57b0362cceb7948ffbd"},"headline":"Wie F\u00fchrungskr\u00e4fte mit \u201eTopsharing und Teilzeit\u201c umgehen","datePublished":"2017-03-30T15:28:29+00:00","mainEntityOfPage":{"@id":"https:\/\/www.organisator.ch\/human-resources\/hrm\/2017-03-30\/wie-fuehrungskraefte-mit-topsharing-und-teilzeit-umgehen\/"},"wordCount":358,"commentCount":0,"publisher":{"@id":"https:\/\/www.organisator.ch\/#organization"},"image":{"@id":"https:\/\/www.organisator.ch\/human-resources\/hrm\/2017-03-30\/wie-fuehrungskraefte-mit-topsharing-und-teilzeit-umgehen\/#primaryimage"},"thumbnailUrl":"https:\/\/www.organisator.ch\/wp-content\/uploads\/2017\/03\/Wie-Fu\u0308hrungskra\u0308fte-mit-Topsharing-und-Teilzeit-umgehen-org-organisator.jpg","articleSection":["HRM"],"inLanguage":"fr-FR"},{"@type":"WebPage","@id":"https:\/\/www.organisator.ch\/human-resources\/hrm\/2017-03-30\/wie-fuehrungskraefte-mit-topsharing-und-teilzeit-umgehen\/","url":"https:\/\/www.organisator.ch\/human-resources\/hrm\/2017-03-30\/wie-fuehrungskraefte-mit-topsharing-und-teilzeit-umgehen\/","name":"Comment les cadres g\u00e8rent le \"top sharing et le temps partiel\" - Organisateur","isPartOf":{"@id":"https:\/\/www.organisator.ch\/#website"},"primaryImageOfPage":{"@id":"https:\/\/www.organisator.ch\/human-resources\/hrm\/2017-03-30\/wie-fuehrungskraefte-mit-topsharing-und-teilzeit-umgehen\/#primaryimage"},"image":{"@id":"https:\/\/www.organisator.ch\/human-resources\/hrm\/2017-03-30\/wie-fuehrungskraefte-mit-topsharing-und-teilzeit-umgehen\/#primaryimage"},"thumbnailUrl":"https:\/\/www.organisator.ch\/wp-content\/uploads\/2017\/03\/Wie-Fu\u0308hrungskra\u0308fte-mit-Topsharing-und-Teilzeit-umgehen-org-organisator.jpg","datePublished":"2017-03-30T15:28:29+00:00","breadcrumb":{"@id":"https:\/\/www.organisator.ch\/human-resources\/hrm\/2017-03-30\/wie-fuehrungskraefte-mit-topsharing-und-teilzeit-umgehen\/#breadcrumb"},"inLanguage":"fr-FR","potentialAction":[{"@type":"ReadAction","target":["https:\/\/www.organisator.ch\/human-resources\/hrm\/2017-03-30\/wie-fuehrungskraefte-mit-topsharing-und-teilzeit-umgehen\/"]}]},{"@type":"ImageObject","inLanguage":"fr-FR","@id":"https:\/\/www.organisator.ch\/human-resources\/hrm\/2017-03-30\/wie-fuehrungskraefte-mit-topsharing-und-teilzeit-umgehen\/#primaryimage","url":"https:\/\/www.organisator.ch\/wp-content\/uploads\/2017\/03\/Wie-Fu\u0308hrungskra\u0308fte-mit-Topsharing-und-Teilzeit-umgehen-org-organisator.jpg","contentUrl":"https:\/\/www.organisator.ch\/wp-content\/uploads\/2017\/03\/Wie-Fu\u0308hrungskra\u0308fte-mit-Topsharing-und-Teilzeit-umgehen-org-organisator.jpg","width":1580,"height":1055,"caption":"Ob in China, oder in der Schweiz: Nicht alle gehen so liberal mit dem Thema Teilzeit um. (Copyright: Soho)"},{"@type":"BreadcrumbList","@id":"https:\/\/www.organisator.ch\/human-resources\/hrm\/2017-03-30\/wie-fuehrungskraefte-mit-topsharing-und-teilzeit-umgehen\/#breadcrumb","itemListElement":[{"@type":"ListItem","position":1,"name":"Home","item":"https:\/\/www.organisator.ch\/"},{"@type":"ListItem","position":2,"name":"Wie F\u00fchrungskr\u00e4fte mit \u201eTopsharing und Teilzeit\u201c umgehen"}]},{"@type":"WebSite","@id":"https:\/\/www.organisator.ch\/#website","url":"https:\/\/www.organisator.ch\/","name":"Organisateur","description":"Comp\u00e9tence et comp\u00e9tence. Proches de la pratique. L'ORGANISATEUR pr\u00e9pare 10 num\u00e9ros par an sur les th\u00e8mes essentiels pour les dirigeants de PME.","publisher":{"@id":"https:\/\/www.organisator.ch\/#organization"},"potentialAction":[{"@type":"SearchAction","target":{"@type":"EntryPoint","urlTemplate":"https:\/\/www.organisator.ch\/?s={search_term_string}"},"query-input":{"@type":"PropertyValueSpecification","valueRequired":true,"valueName":"search_term_string"}}],"inLanguage":"fr-FR"},{"@type":"Organization","@id":"https:\/\/www.organisator.ch\/#organization","name":"Organisateur","url":"https:\/\/www.organisator.ch\/","logo":{"@type":"ImageObject","inLanguage":"fr-FR","@id":"https:\/\/www.organisator.ch\/#\/schema\/logo\/image\/","url":"https:\/\/www.organisator.ch\/wp-content\/uploads\/2022\/01\/Logo_Organisator_Website.png","contentUrl":"https:\/\/www.organisator.ch\/wp-content\/uploads\/2022\/01\/Logo_Organisator_Website.png","width":800,"height":77,"caption":"Organisator"},"image":{"@id":"https:\/\/www.organisator.ch\/#\/schema\/logo\/image\/"},"sameAs":["https:\/\/www.facebook.com\/OrganisatorFachmagazin","https:\/\/www.linkedin.com\/showcase\/organisator-das-magazin-fr-kmu","https:\/\/www.xing.com\/news\/pages\/organisator-ch-695","https:\/\/www.youtube.com\/channel\/UCGP2Sq0iWaZwT3BdIAQFYpw"]},{"@type":"Person","@id":"https:\/\/www.organisator.ch\/#\/schema\/person\/134708ca9321c57b0362cceb7948ffbd","name":"michael.merz","image":{"@type":"ImageObject","inLanguage":"fr-FR","@id":"https:\/\/secure.gravatar.com\/avatar\/?s=96&d=mm&r=g","url":"https:\/\/secure.gravatar.com\/avatar\/?s=96&d=mm&r=g","contentUrl":"https:\/\/secure.gravatar.com\/avatar\/?s=96&d=mm&r=g","caption":"michael.merz"},"url":"https:\/\/www.organisator.ch\/fr\/author\/michael-merz\/"}]}},"_links":{"self":[{"href":"https:\/\/www.organisator.ch\/fr\/wp-json\/wp\/v2\/posts\/1702","targetHints":{"allow":["GET"]}}],"collection":[{"href":"https:\/\/www.organisator.ch\/fr\/wp-json\/wp\/v2\/posts"}],"about":[{"href":"https:\/\/www.organisator.ch\/fr\/wp-json\/wp\/v2\/types\/post"}],"author":[{"embeddable":true,"href":"https:\/\/www.organisator.ch\/fr\/wp-json\/wp\/v2\/users\/5"}],"replies":[{"embeddable":true,"href":"https:\/\/www.organisator.ch\/fr\/wp-json\/wp\/v2\/comments?post=1702"}],"version-history":[{"count":0,"href":"https:\/\/www.organisator.ch\/fr\/wp-json\/wp\/v2\/posts\/1702\/revisions"}],"wp:featuredmedia":[{"embeddable":true,"href":"https:\/\/www.organisator.ch\/fr\/wp-json\/wp\/v2\/media\/1703"}],"wp:attachment":[{"href":"https:\/\/www.organisator.ch\/fr\/wp-json\/wp\/v2\/media?parent=1702"}],"wp:term":[{"taxonomy":"category","embeddable":true,"href":"https:\/\/www.organisator.ch\/fr\/wp-json\/wp\/v2\/categories?post=1702"},{"taxonomy":"post_tag","embeddable":true,"href":"https:\/\/www.organisator.ch\/fr\/wp-json\/wp\/v2\/tags?post=1702"}],"curies":[{"name":"wp","href":"https:\/\/api.w.org\/{rel}","templated":true}]}}