{"id":17021,"date":"2022-09-22T13:48:02","date_gmt":"2022-09-22T11:48:02","guid":{"rendered":"https:\/\/www.werbewoche.ch\/?p=186776"},"modified":"2024-11-21T10:58:56","modified_gmt":"2024-11-21T09:58:56","slug":"positive-zahlen-von-mediafocus-werbemonat-august-2022-lag-14-prozent-uber-den-vorjahr","status":"publish","type":"post","link":"https:\/\/www.organisator.ch\/fr\/marketing\/2022-09-22\/positive-zahlen-von-mediafocus-werbemonat-august-2022-lag-14-prozent-uber-den-vorjahr\/","title":{"rendered":"Chiffres positifs de Mediafocus : le mois publicitaire d'ao\u00fbt 2022 a \u00e9t\u00e9 de 14% sup\u00e9rieur \u00e0 l'ann\u00e9e pr\u00e9c\u00e9dente"},"content":{"rendered":"<p><strong>Pression publicitaire sur le march\u00e9 global<\/strong><br \/>\r\nL'\u00e9volution de la pression publicitaire en ao\u00fbt 2022 en millions de francs bruts<\/p>\r\n<p><img class=\"lazy loaded alignnone wp-image-23862\" src=\"https:\/\/mediafocus.ch\/wp-content\/uploads\/2022\/09\/19_09_22_DE_Gesamtmarkt-1024x992.png\" alt=\"Pression publicitaire sur le march\u00e9 global\" width=\"1024\" height=\"992\" data-src=\"https:\/\/mediafocus.ch\/wp-content\/uploads\/2022\/09\/19_09_22_DE_Gesamtmarkt-1024x992.png\" data-srcset=\"https:\/\/mediafocus.ch\/wp-content\/uploads\/2022\/09\/19_09_22_DE_Gesamtmarkt-1024x992.png 1024w, https:\/\/mediafocus.ch\/wp-content\/uploads\/2022\/09\/19_09_22_DE_Gesamtmarkt-300x291.png 300w, https:\/\/mediafocus.ch\/wp-content\/uploads\/2022\/09\/19_09_22_DE_Gesamtmarkt-768x744.png 768w, https:\/\/mediafocus.ch\/wp-content\/uploads\/2022\/09\/19_09_22_DE_Gesamtmarkt.png 1261w\" data-sizes=\"(max-width: 1024px) 100vw, 1024px\" data-was-processed=\"true\" \/><\/p>\r\n<p>Au total, 15 branches augmentent leur pression publicitaire \u00e0 deux chiffres et contribuent ainsi \u00e0 ce que la pression publicitaire brute du mois d'ao\u00fbt se remette progressivement du creux estival pr\u00e9c\u00e9dent. La pression publicitaire totale en 2022 s'\u00e9l\u00e8ve \u00e0 3'990 millions de francs bruts, soit 34% de plus qu'en 2021.<\/p>\r\n<p>klh\u00f6o<img class=\"wp-image-23865 lazy loaded\" src=\"https:\/\/mediafocus.ch\/wp-content\/uploads\/2022\/09\/19_09_22_DE_Gesamtmarkt_Tabelle-1024x479.png\" alt=\"\" width=\"1024\" height=\"479\" data-src=\"https:\/\/mediafocus.ch\/wp-content\/uploads\/2022\/09\/19_09_22_DE_Gesamtmarkt_Tabelle-1024x479.png\" data-srcset=\"https:\/\/mediafocus.ch\/wp-content\/uploads\/2022\/09\/19_09_22_DE_Gesamtmarkt_Tabelle-1024x479.png 1024w, https:\/\/mediafocus.ch\/wp-content\/uploads\/2022\/09\/19_09_22_DE_Gesamtmarkt_Tabelle-300x140.png 300w, https:\/\/mediafocus.ch\/wp-content\/uploads\/2022\/09\/19_09_22_DE_Gesamtmarkt_Tabelle-768x359.png 768w, https:\/\/mediafocus.ch\/wp-content\/uploads\/2022\/09\/19_09_22_DE_Gesamtmarkt_Tabelle.png 1093w\" data-sizes=\"(max-width: 1024px) 100vw, 1024px\" data-was-processed=\"true\" \/><\/p>\r\n<h3><strong><br \/>\r\nLes t\u00e9l\u00e9communications repartent \u00e0 la hausse apr\u00e8s un creux en juillet<\/strong><\/h3>\r\n<p>16 branches sur 21 augmentent leur pression publicitaire en ao\u00fbt par rapport au m\u00eame mois de l'ann\u00e9e pr\u00e9c\u00e9dente. C'est le secteur du tabac qui affiche la plus forte augmentation (+137,9%).  La construction, l'industrie, l'am\u00e9nagement (+48 pour cent) enregistre la deuxi\u00e8me plus forte augmentation en pourcentage et reste ainsi \u00e0 la deuxi\u00e8me place du classement annuel derri\u00e8re le commerce de d\u00e9tail, qui augmente \u00e9galement plus que la moyenne en ao\u00fbt (26,5 pour cent). Comme le mois pr\u00e9c\u00e9dent, la troisi\u00e8me place est occup\u00e9e par les loisirs, la gastronomie et le tourisme. La branche a augment\u00e9 la pression publicitaire de 17,8 pour cent en ao\u00fbt.<\/p>\r\n<p>Le secteur des t\u00e9l\u00e9communications a pu augmenter sa pression publicitaire de 13 pour cent par rapport au m\u00eame mois de l'ann\u00e9e pr\u00e9c\u00e9dente. Compar\u00e9 au faible mois de juillet pr\u00e9c\u00e9dent, le chiffre est m\u00eame sup\u00e9rieur de 49 pour cent, la deuxi\u00e8me plus forte augmentation en pourcentage dans la comparaison du mois pr\u00e9c\u00e9dent apr\u00e8s le tabac (145 pour cent).<\/p>\r\n<h3>Cinq secteurs avec une pression publicitaire plus faible que l'ann\u00e9e pr\u00e9c\u00e9dente<\/h3>\r\n<p>Cinq secteurs enregistrent une baisse de la pression publicitaire par rapport au m\u00eame mois de l'ann\u00e9e pr\u00e9c\u00e9dente. La plus forte baisse est observ\u00e9e dans le secteur du nettoyage (-37,6%). Les secteurs de l'alimentation (-20,6%), du num\u00e9rique et du m\u00e9nage (-3,0%), des v\u00e9hicules (-13,6%) et des cosm\u00e9tiques et soins du corps (-0,9%) continuent de baisser la pression publicitaire en ao\u00fbt.<\/p>\r\n<p><img class=\"wp-image-23868 lazy loaded\" src=\"https:\/\/mediafocus.ch\/wp-content\/uploads\/2022\/09\/19_09_22_DE_Branchen-1024x592.png\" alt=\"\" width=\"1024\" height=\"592\" data-src=\"https:\/\/mediafocus.ch\/wp-content\/uploads\/2022\/09\/19_09_22_DE_Branchen-1024x592.png\" data-srcset=\"https:\/\/mediafocus.ch\/wp-content\/uploads\/2022\/09\/19_09_22_DE_Branchen-1024x592.png 1024w, https:\/\/mediafocus.ch\/wp-content\/uploads\/2022\/09\/19_09_22_DE_Branchen-300x174.png 300w, https:\/\/mediafocus.ch\/wp-content\/uploads\/2022\/09\/19_09_22_DE_Branchen-768x444.png 768w, https:\/\/mediafocus.ch\/wp-content\/uploads\/2022\/09\/19_09_22_DE_Branchen.png 1319w\" data-sizes=\"(max-width: 1024px) 100vw, 1024px\" data-was-processed=\"true\" \/><\/p>\r\n<h3><strong>Top annonceurs &amp; produits<\/strong><\/h3>\r\n<p class=\"has-medium-font-size\">Les principaux annonceurs et les produits et services les plus promus (hors publicit\u00e9 d'assortiment, d'image et cat\u00e9gories collectives) en ao\u00fbt 2022<\/p>\r\n<p><img class=\"wp-image-23881 lazy loaded\" src=\"https:\/\/mediafocus.ch\/wp-content\/uploads\/2022\/09\/19_09_22_DE_Werbungtreibende-1-1024x347.png\" alt=\"\" width=\"1024\" height=\"347\" data-src=\"https:\/\/mediafocus.ch\/wp-content\/uploads\/2022\/09\/19_09_22_DE_Werbungtreibende-1-1024x347.png\" data-srcset=\"https:\/\/mediafocus.ch\/wp-content\/uploads\/2022\/09\/19_09_22_DE_Werbungtreibende-1-1024x347.png 1024w, https:\/\/mediafocus.ch\/wp-content\/uploads\/2022\/09\/19_09_22_DE_Werbungtreibende-1-300x102.png 300w, https:\/\/mediafocus.ch\/wp-content\/uploads\/2022\/09\/19_09_22_DE_Werbungtreibende-1-768x260.png 768w, https:\/\/mediafocus.ch\/wp-content\/uploads\/2022\/09\/19_09_22_DE_Werbungtreibende-1.png 1291w\" data-sizes=\"(max-width: 1024px) 100vw, 1024px\" data-was-processed=\"true\" \/><\/p>\r\n<h3><strong>Mix m\u00e9dia<\/strong><\/h3>\r\n<p class=\"has-medium-font-size\">Media Mix pour le mois d'ao\u00fbt 2022<\/p>\r\n<p><img class=\"wp-image-23877 lazy loaded\" src=\"https:\/\/mediafocus.ch\/wp-content\/uploads\/2022\/09\/19_09_22_DE_Media-Mix-mit-Online.png\" alt=\"\" width=\"868\" height=\"361\" data-src=\"https:\/\/mediafocus.ch\/wp-content\/uploads\/2022\/09\/19_09_22_DE_Media-Mix-mit-Online.png\" data-srcset=\"https:\/\/mediafocus.ch\/wp-content\/uploads\/2022\/09\/19_09_22_DE_Media-Mix-mit-Online.png 868w, https:\/\/mediafocus.ch\/wp-content\/uploads\/2022\/09\/19_09_22_DE_Media-Mix-mit-Online-300x125.png 300w, https:\/\/mediafocus.ch\/wp-content\/uploads\/2022\/09\/19_09_22_DE_Media-Mix-mit-Online-768x319.png 768w\" data-sizes=\"(max-width: 868px) 100vw, 868px\" data-was-processed=\"true\" \/><\/p>\r\n<hr \/>\r\n<p><em>Plus d'informations sur Mediafocus sur <a href=\"https:\/\/mediafocus.ch\/publikationen\/werbemarkttrend\/werbemarkt-trend-august-2022\/?utm_source=PR&amp;utm_medium=newsletter&amp;utm_campaign=WMT_08_22\">mediafocus.ch<\/a><\/em><\/p>","protected":false},"excerpt":{"rendered":"<p>Werbedruck im Gesamtmarkt Die Entwicklung des Werbedrucks per August 2022 in Mio. Bruttofranken Insgesamt 15 Branchen steigern ihren Werbedruck im zweistelligen Bereich und tragen damit dazu bei, dass sich der Bruttowerbedruck im August allm\u00e4hlich vom vorherigen Sommerloch erholt. Der Gesamtwerbedruck im Jahr 2022 liegt bei 3\u2019990 Millionen Bruttofranken und somit 34 Prozent h\u00f6her als im [\u2026]<\/p>\n","protected":false},"author":8,"featured_media":0,"comment_status":"closed","ping_status":"closed","sticky":false,"template":"","format":"standard","meta":{"_acf_changed":false,"_yoast_wpseo_focuskw":"Werbedruck im Gesamtmarkt","_yoast_wpseo_metadesc":"Werbedruck im August 2022 steigt in 15 Branchen. Telekommunikation legt zu. Tabakbranche zeigt gr\u00f6\u00dfte Steigerung.","articlekey":"","footnotes":""},"categories":[29],"tags":[3400,3401],"class_list":["post-17021","post","type-post","status-publish","format-standard","hentry","category-marketing","tag-mediafocus","tag-werbemarkt"],"acf":[],"yoast_head":"<!-- This site is optimized with the Yoast SEO plugin v27.4 - https:\/\/yoast.com\/product\/yoast-seo-wordpress\/ -->\n<title>Positive Zahlen von Mediafocus: Werbemonat August 2022 lag 14 Prozent \u00fcber den Vorjahr - Organisator<\/title>\n<meta name=\"description\" content=\"Werbedruck im August 2022 steigt in 15 Branchen. Telekommunikation legt zu. Tabakbranche zeigt gr\u00f6\u00dfte Steigerung.\" \/>\n<meta name=\"robots\" content=\"index, follow, max-snippet:-1, max-image-preview:large, max-video-preview:-1\" \/>\n<link rel=\"canonical\" href=\"https:\/\/www.organisator.ch\/fr\/marketing\/2022-09-22\/positive-zahlen-von-mediafocus-werbemonat-august-2022-lag-14-prozent-uber-den-vorjahr\/\" \/>\n<meta property=\"og:locale\" content=\"fr_FR\" \/>\n<meta property=\"og:type\" content=\"article\" \/>\n<meta property=\"og:title\" content=\"Positive Zahlen von Mediafocus: Werbemonat August 2022 lag 14 Prozent \u00fcber den Vorjahr - Organisator\" \/>\n<meta property=\"og:description\" content=\"Werbedruck im August 2022 steigt in 15 Branchen. Telekommunikation legt zu. Tabakbranche zeigt gr\u00f6\u00dfte Steigerung.\" \/>\n<meta property=\"og:url\" content=\"https:\/\/www.organisator.ch\/fr\/marketing\/2022-09-22\/positive-zahlen-von-mediafocus-werbemonat-august-2022-lag-14-prozent-uber-den-vorjahr\/\" \/>\n<meta property=\"og:site_name\" content=\"Organisator\" \/>\n<meta property=\"article:publisher\" content=\"https:\/\/www.facebook.com\/OrganisatorFachmagazin\" \/>\n<meta property=\"article:published_time\" content=\"2022-09-22T11:48:02+00:00\" \/>\n<meta property=\"article:modified_time\" content=\"2024-11-21T09:58:56+00:00\" \/>\n<meta name=\"author\" content=\"galledia\" \/>\n<meta name=\"twitter:card\" content=\"summary_large_image\" \/>\n<meta name=\"twitter:creator\" content=\"@admin\" \/>\n<script type=\"application\/ld+json\" class=\"yoast-schema-graph\">{\"@context\":\"https:\\\/\\\/schema.org\",\"@graph\":[{\"@type\":\"Article\",\"@id\":\"https:\\\/\\\/www.organisator.ch\\\/marketing\\\/2022-09-22\\\/positive-zahlen-von-mediafocus-werbemonat-august-2022-lag-14-prozent-uber-den-vorjahr\\\/#article\",\"isPartOf\":{\"@id\":\"https:\\\/\\\/www.organisator.ch\\\/marketing\\\/2022-09-22\\\/positive-zahlen-von-mediafocus-werbemonat-august-2022-lag-14-prozent-uber-den-vorjahr\\\/\"},\"author\":{\"name\":\"galledia\",\"@id\":\"https:\\\/\\\/www.organisator.ch\\\/#\\\/schema\\\/person\\\/4e51799071cd2dd1232ac003643ef5f0\"},\"headline\":\"Positive Zahlen von Mediafocus: Werbemonat August 2022 lag 14 Prozent \u00fcber den Vorjahr\",\"datePublished\":\"2022-09-22T11:48:02+00:00\",\"dateModified\":\"2024-11-21T09:58:56+00:00\",\"mainEntityOfPage\":{\"@id\":\"https:\\\/\\\/www.organisator.ch\\\/marketing\\\/2022-09-22\\\/positive-zahlen-von-mediafocus-werbemonat-august-2022-lag-14-prozent-uber-den-vorjahr\\\/\"},\"wordCount\":273,\"publisher\":{\"@id\":\"https:\\\/\\\/www.organisator.ch\\\/#organization\"},\"image\":{\"@id\":\"https:\\\/\\\/www.organisator.ch\\\/marketing\\\/2022-09-22\\\/positive-zahlen-von-mediafocus-werbemonat-august-2022-lag-14-prozent-uber-den-vorjahr\\\/#primaryimage\"},\"thumbnailUrl\":\"https:\\\/\\\/mediafocus.ch\\\/wp-content\\\/uploads\\\/2022\\\/09\\\/19_09_22_DE_Gesamtmarkt-1024x992.png\",\"keywords\":[\"Mediafocus\",\"Werbemarkt\"],\"articleSection\":[\"MARKETING\"],\"inLanguage\":\"fr-FR\"},{\"@type\":\"WebPage\",\"@id\":\"https:\\\/\\\/www.organisator.ch\\\/marketing\\\/2022-09-22\\\/positive-zahlen-von-mediafocus-werbemonat-august-2022-lag-14-prozent-uber-den-vorjahr\\\/\",\"url\":\"https:\\\/\\\/www.organisator.ch\\\/marketing\\\/2022-09-22\\\/positive-zahlen-von-mediafocus-werbemonat-august-2022-lag-14-prozent-uber-den-vorjahr\\\/\",\"name\":\"Positive Zahlen von Mediafocus: Werbemonat August 2022 lag 14 Prozent \u00fcber den Vorjahr - Organisator\",\"isPartOf\":{\"@id\":\"https:\\\/\\\/www.organisator.ch\\\/#website\"},\"primaryImageOfPage\":{\"@id\":\"https:\\\/\\\/www.organisator.ch\\\/marketing\\\/2022-09-22\\\/positive-zahlen-von-mediafocus-werbemonat-august-2022-lag-14-prozent-uber-den-vorjahr\\\/#primaryimage\"},\"image\":{\"@id\":\"https:\\\/\\\/www.organisator.ch\\\/marketing\\\/2022-09-22\\\/positive-zahlen-von-mediafocus-werbemonat-august-2022-lag-14-prozent-uber-den-vorjahr\\\/#primaryimage\"},\"thumbnailUrl\":\"https:\\\/\\\/mediafocus.ch\\\/wp-content\\\/uploads\\\/2022\\\/09\\\/19_09_22_DE_Gesamtmarkt-1024x992.png\",\"datePublished\":\"2022-09-22T11:48:02+00:00\",\"dateModified\":\"2024-11-21T09:58:56+00:00\",\"description\":\"Werbedruck im August 2022 steigt in 15 Branchen. Telekommunikation legt zu. Tabakbranche zeigt gr\u00f6\u00dfte Steigerung.\",\"breadcrumb\":{\"@id\":\"https:\\\/\\\/www.organisator.ch\\\/marketing\\\/2022-09-22\\\/positive-zahlen-von-mediafocus-werbemonat-august-2022-lag-14-prozent-uber-den-vorjahr\\\/#breadcrumb\"},\"inLanguage\":\"fr-FR\",\"potentialAction\":[{\"@type\":\"ReadAction\",\"target\":[\"https:\\\/\\\/www.organisator.ch\\\/marketing\\\/2022-09-22\\\/positive-zahlen-von-mediafocus-werbemonat-august-2022-lag-14-prozent-uber-den-vorjahr\\\/\"]}]},{\"@type\":\"ImageObject\",\"inLanguage\":\"fr-FR\",\"@id\":\"https:\\\/\\\/www.organisator.ch\\\/marketing\\\/2022-09-22\\\/positive-zahlen-von-mediafocus-werbemonat-august-2022-lag-14-prozent-uber-den-vorjahr\\\/#primaryimage\",\"url\":\"https:\\\/\\\/mediafocus.ch\\\/wp-content\\\/uploads\\\/2022\\\/09\\\/19_09_22_DE_Gesamtmarkt-1024x992.png\",\"contentUrl\":\"https:\\\/\\\/mediafocus.ch\\\/wp-content\\\/uploads\\\/2022\\\/09\\\/19_09_22_DE_Gesamtmarkt-1024x992.png\"},{\"@type\":\"BreadcrumbList\",\"@id\":\"https:\\\/\\\/www.organisator.ch\\\/marketing\\\/2022-09-22\\\/positive-zahlen-von-mediafocus-werbemonat-august-2022-lag-14-prozent-uber-den-vorjahr\\\/#breadcrumb\",\"itemListElement\":[{\"@type\":\"ListItem\",\"position\":1,\"name\":\"Home\",\"item\":\"https:\\\/\\\/www.organisator.ch\\\/\"},{\"@type\":\"ListItem\",\"position\":2,\"name\":\"Positive Zahlen von Mediafocus: Werbemonat August 2022 lag 14 Prozent \u00fcber den Vorjahr\"}]},{\"@type\":\"WebSite\",\"@id\":\"https:\\\/\\\/www.organisator.ch\\\/#website\",\"url\":\"https:\\\/\\\/www.organisator.ch\\\/\",\"name\":\"Organisator\",\"description\":\"Kompetent. Praxisnah. Der ORGANISATOR bereitet in 10 Ausgaben pro Jahr die wesentlichen Themen f\u00fcr F\u00fchrungskr\u00e4fte von KMU auf.\",\"publisher\":{\"@id\":\"https:\\\/\\\/www.organisator.ch\\\/#organization\"},\"potentialAction\":[{\"@type\":\"SearchAction\",\"target\":{\"@type\":\"EntryPoint\",\"urlTemplate\":\"https:\\\/\\\/www.organisator.ch\\\/?s={search_term_string}\"},\"query-input\":{\"@type\":\"PropertyValueSpecification\",\"valueRequired\":true,\"valueName\":\"search_term_string\"}}],\"inLanguage\":\"fr-FR\"},{\"@type\":\"Organization\",\"@id\":\"https:\\\/\\\/www.organisator.ch\\\/#organization\",\"name\":\"Organisator\",\"url\":\"https:\\\/\\\/www.organisator.ch\\\/\",\"logo\":{\"@type\":\"ImageObject\",\"inLanguage\":\"fr-FR\",\"@id\":\"https:\\\/\\\/www.organisator.ch\\\/#\\\/schema\\\/logo\\\/image\\\/\",\"url\":\"https:\\\/\\\/www.organisator.ch\\\/wp-content\\\/uploads\\\/2022\\\/01\\\/Logo_Organisator_Website.png\",\"contentUrl\":\"https:\\\/\\\/www.organisator.ch\\\/wp-content\\\/uploads\\\/2022\\\/01\\\/Logo_Organisator_Website.png\",\"width\":800,\"height\":77,\"caption\":\"Organisator\"},\"image\":{\"@id\":\"https:\\\/\\\/www.organisator.ch\\\/#\\\/schema\\\/logo\\\/image\\\/\"},\"sameAs\":[\"https:\\\/\\\/www.facebook.com\\\/OrganisatorFachmagazin\",\"https:\\\/\\\/www.linkedin.com\\\/showcase\\\/organisator-das-magazin-fr-kmu\",\"https:\\\/\\\/www.xing.com\\\/news\\\/pages\\\/organisator-ch-695\",\"https:\\\/\\\/www.youtube.com\\\/channel\\\/UCGP2Sq0iWaZwT3BdIAQFYpw\"]},{\"@type\":\"Person\",\"@id\":\"https:\\\/\\\/www.organisator.ch\\\/#\\\/schema\\\/person\\\/4e51799071cd2dd1232ac003643ef5f0\",\"name\":\"galledia\",\"image\":{\"@type\":\"ImageObject\",\"inLanguage\":\"fr-FR\",\"@id\":\"https:\\\/\\\/secure.gravatar.com\\\/avatar\\\/78a7f90c01fc2bfc875782a0d4922b37cde2cf184ce347b91316d23cd7f69a36?s=96&d=mm&r=g\",\"url\":\"https:\\\/\\\/secure.gravatar.com\\\/avatar\\\/78a7f90c01fc2bfc875782a0d4922b37cde2cf184ce347b91316d23cd7f69a36?s=96&d=mm&r=g\",\"contentUrl\":\"https:\\\/\\\/secure.gravatar.com\\\/avatar\\\/78a7f90c01fc2bfc875782a0d4922b37cde2cf184ce347b91316d23cd7f69a36?s=96&d=mm&r=g\",\"caption\":\"galledia\"},\"sameAs\":[\"https:\\\/\\\/x.com\\\/admin\"],\"url\":\"https:\\\/\\\/www.organisator.ch\\\/fr\\\/author\\\/galledia\\\/\"}]}<\/script>\n<!-- \/ Yoast SEO plugin. -->","yoast_head_json":{"title":"Chiffres positifs de Mediafocus : le mois publicitaire d'ao\u00fbt 2022 a \u00e9t\u00e9 sup\u00e9rieur de 14% \u00e0 l'ann\u00e9e pr\u00e9c\u00e9dente - Organisateur","description":"La pression publicitaire en ao\u00fbt 2022 augmente dans 15 secteurs. Les t\u00e9l\u00e9communications augmentent. Le secteur du tabac affiche la plus forte hausse.","robots":{"index":"index","follow":"follow","max-snippet":"max-snippet:-1","max-image-preview":"max-image-preview:large","max-video-preview":"max-video-preview:-1"},"canonical":"https:\/\/www.organisator.ch\/fr\/marketing\/2022-09-22\/positive-zahlen-von-mediafocus-werbemonat-august-2022-lag-14-prozent-uber-den-vorjahr\/","og_locale":"fr_FR","og_type":"article","og_title":"Positive Zahlen von Mediafocus: Werbemonat August 2022 lag 14 Prozent \u00fcber den Vorjahr - Organisator","og_description":"Werbedruck im August 2022 steigt in 15 Branchen. Telekommunikation legt zu. Tabakbranche zeigt gr\u00f6\u00dfte Steigerung.","og_url":"https:\/\/www.organisator.ch\/fr\/marketing\/2022-09-22\/positive-zahlen-von-mediafocus-werbemonat-august-2022-lag-14-prozent-uber-den-vorjahr\/","og_site_name":"Organisator","article_publisher":"https:\/\/www.facebook.com\/OrganisatorFachmagazin","article_published_time":"2022-09-22T11:48:02+00:00","article_modified_time":"2024-11-21T09:58:56+00:00","author":"galledia","twitter_card":"summary_large_image","twitter_creator":"@admin","schema":{"@context":"https:\/\/schema.org","@graph":[{"@type":"Article","@id":"https:\/\/www.organisator.ch\/marketing\/2022-09-22\/positive-zahlen-von-mediafocus-werbemonat-august-2022-lag-14-prozent-uber-den-vorjahr\/#article","isPartOf":{"@id":"https:\/\/www.organisator.ch\/marketing\/2022-09-22\/positive-zahlen-von-mediafocus-werbemonat-august-2022-lag-14-prozent-uber-den-vorjahr\/"},"author":{"name":"galledia","@id":"https:\/\/www.organisator.ch\/#\/schema\/person\/4e51799071cd2dd1232ac003643ef5f0"},"headline":"Positive Zahlen von Mediafocus: Werbemonat August 2022 lag 14 Prozent \u00fcber den Vorjahr","datePublished":"2022-09-22T11:48:02+00:00","dateModified":"2024-11-21T09:58:56+00:00","mainEntityOfPage":{"@id":"https:\/\/www.organisator.ch\/marketing\/2022-09-22\/positive-zahlen-von-mediafocus-werbemonat-august-2022-lag-14-prozent-uber-den-vorjahr\/"},"wordCount":273,"publisher":{"@id":"https:\/\/www.organisator.ch\/#organization"},"image":{"@id":"https:\/\/www.organisator.ch\/marketing\/2022-09-22\/positive-zahlen-von-mediafocus-werbemonat-august-2022-lag-14-prozent-uber-den-vorjahr\/#primaryimage"},"thumbnailUrl":"https:\/\/mediafocus.ch\/wp-content\/uploads\/2022\/09\/19_09_22_DE_Gesamtmarkt-1024x992.png","keywords":["Mediafocus","Werbemarkt"],"articleSection":["MARKETING"],"inLanguage":"fr-FR"},{"@type":"WebPage","@id":"https:\/\/www.organisator.ch\/marketing\/2022-09-22\/positive-zahlen-von-mediafocus-werbemonat-august-2022-lag-14-prozent-uber-den-vorjahr\/","url":"https:\/\/www.organisator.ch\/marketing\/2022-09-22\/positive-zahlen-von-mediafocus-werbemonat-august-2022-lag-14-prozent-uber-den-vorjahr\/","name":"Chiffres positifs de Mediafocus : le mois publicitaire d'ao\u00fbt 2022 a \u00e9t\u00e9 sup\u00e9rieur de 14% \u00e0 l'ann\u00e9e pr\u00e9c\u00e9dente - Organisateur","isPartOf":{"@id":"https:\/\/www.organisator.ch\/#website"},"primaryImageOfPage":{"@id":"https:\/\/www.organisator.ch\/marketing\/2022-09-22\/positive-zahlen-von-mediafocus-werbemonat-august-2022-lag-14-prozent-uber-den-vorjahr\/#primaryimage"},"image":{"@id":"https:\/\/www.organisator.ch\/marketing\/2022-09-22\/positive-zahlen-von-mediafocus-werbemonat-august-2022-lag-14-prozent-uber-den-vorjahr\/#primaryimage"},"thumbnailUrl":"https:\/\/mediafocus.ch\/wp-content\/uploads\/2022\/09\/19_09_22_DE_Gesamtmarkt-1024x992.png","datePublished":"2022-09-22T11:48:02+00:00","dateModified":"2024-11-21T09:58:56+00:00","description":"La pression publicitaire en ao\u00fbt 2022 augmente dans 15 secteurs. Les t\u00e9l\u00e9communications augmentent. Le secteur du tabac affiche la plus forte hausse.","breadcrumb":{"@id":"https:\/\/www.organisator.ch\/marketing\/2022-09-22\/positive-zahlen-von-mediafocus-werbemonat-august-2022-lag-14-prozent-uber-den-vorjahr\/#breadcrumb"},"inLanguage":"fr-FR","potentialAction":[{"@type":"ReadAction","target":["https:\/\/www.organisator.ch\/marketing\/2022-09-22\/positive-zahlen-von-mediafocus-werbemonat-august-2022-lag-14-prozent-uber-den-vorjahr\/"]}]},{"@type":"ImageObject","inLanguage":"fr-FR","@id":"https:\/\/www.organisator.ch\/marketing\/2022-09-22\/positive-zahlen-von-mediafocus-werbemonat-august-2022-lag-14-prozent-uber-den-vorjahr\/#primaryimage","url":"https:\/\/mediafocus.ch\/wp-content\/uploads\/2022\/09\/19_09_22_DE_Gesamtmarkt-1024x992.png","contentUrl":"https:\/\/mediafocus.ch\/wp-content\/uploads\/2022\/09\/19_09_22_DE_Gesamtmarkt-1024x992.png"},{"@type":"BreadcrumbList","@id":"https:\/\/www.organisator.ch\/marketing\/2022-09-22\/positive-zahlen-von-mediafocus-werbemonat-august-2022-lag-14-prozent-uber-den-vorjahr\/#breadcrumb","itemListElement":[{"@type":"ListItem","position":1,"name":"Home","item":"https:\/\/www.organisator.ch\/"},{"@type":"ListItem","position":2,"name":"Positive Zahlen von Mediafocus: Werbemonat August 2022 lag 14 Prozent \u00fcber den Vorjahr"}]},{"@type":"WebSite","@id":"https:\/\/www.organisator.ch\/#website","url":"https:\/\/www.organisator.ch\/","name":"Organisateur","description":"Comp\u00e9tence et comp\u00e9tence. Proches de la pratique. L'ORGANISATEUR pr\u00e9pare 10 num\u00e9ros par an sur les th\u00e8mes essentiels pour les dirigeants de PME.","publisher":{"@id":"https:\/\/www.organisator.ch\/#organization"},"potentialAction":[{"@type":"SearchAction","target":{"@type":"EntryPoint","urlTemplate":"https:\/\/www.organisator.ch\/?s={search_term_string}"},"query-input":{"@type":"PropertyValueSpecification","valueRequired":true,"valueName":"search_term_string"}}],"inLanguage":"fr-FR"},{"@type":"Organization","@id":"https:\/\/www.organisator.ch\/#organization","name":"Organisateur","url":"https:\/\/www.organisator.ch\/","logo":{"@type":"ImageObject","inLanguage":"fr-FR","@id":"https:\/\/www.organisator.ch\/#\/schema\/logo\/image\/","url":"https:\/\/www.organisator.ch\/wp-content\/uploads\/2022\/01\/Logo_Organisator_Website.png","contentUrl":"https:\/\/www.organisator.ch\/wp-content\/uploads\/2022\/01\/Logo_Organisator_Website.png","width":800,"height":77,"caption":"Organisator"},"image":{"@id":"https:\/\/www.organisator.ch\/#\/schema\/logo\/image\/"},"sameAs":["https:\/\/www.facebook.com\/OrganisatorFachmagazin","https:\/\/www.linkedin.com\/showcase\/organisator-das-magazin-fr-kmu","https:\/\/www.xing.com\/news\/pages\/organisator-ch-695","https:\/\/www.youtube.com\/channel\/UCGP2Sq0iWaZwT3BdIAQFYpw"]},{"@type":"Person","@id":"https:\/\/www.organisator.ch\/#\/schema\/person\/4e51799071cd2dd1232ac003643ef5f0","name":"galledia","image":{"@type":"ImageObject","inLanguage":"fr-FR","@id":"https:\/\/secure.gravatar.com\/avatar\/78a7f90c01fc2bfc875782a0d4922b37cde2cf184ce347b91316d23cd7f69a36?s=96&d=mm&r=g","url":"https:\/\/secure.gravatar.com\/avatar\/78a7f90c01fc2bfc875782a0d4922b37cde2cf184ce347b91316d23cd7f69a36?s=96&d=mm&r=g","contentUrl":"https:\/\/secure.gravatar.com\/avatar\/78a7f90c01fc2bfc875782a0d4922b37cde2cf184ce347b91316d23cd7f69a36?s=96&d=mm&r=g","caption":"galledia"},"sameAs":["https:\/\/x.com\/admin"],"url":"https:\/\/www.organisator.ch\/fr\/author\/galledia\/"}]}},"_links":{"self":[{"href":"https:\/\/www.organisator.ch\/fr\/wp-json\/wp\/v2\/posts\/17021","targetHints":{"allow":["GET"]}}],"collection":[{"href":"https:\/\/www.organisator.ch\/fr\/wp-json\/wp\/v2\/posts"}],"about":[{"href":"https:\/\/www.organisator.ch\/fr\/wp-json\/wp\/v2\/types\/post"}],"author":[{"embeddable":true,"href":"https:\/\/www.organisator.ch\/fr\/wp-json\/wp\/v2\/users\/8"}],"replies":[{"embeddable":true,"href":"https:\/\/www.organisator.ch\/fr\/wp-json\/wp\/v2\/comments?post=17021"}],"version-history":[{"count":2,"href":"https:\/\/www.organisator.ch\/fr\/wp-json\/wp\/v2\/posts\/17021\/revisions"}],"predecessor-version":[{"id":33784,"href":"https:\/\/www.organisator.ch\/fr\/wp-json\/wp\/v2\/posts\/17021\/revisions\/33784"}],"wp:attachment":[{"href":"https:\/\/www.organisator.ch\/fr\/wp-json\/wp\/v2\/media?parent=17021"}],"wp:term":[{"taxonomy":"category","embeddable":true,"href":"https:\/\/www.organisator.ch\/fr\/wp-json\/wp\/v2\/categories?post=17021"},{"taxonomy":"post_tag","embeddable":true,"href":"https:\/\/www.organisator.ch\/fr\/wp-json\/wp\/v2\/tags?post=17021"}],"curies":[{"name":"wp","href":"https:\/\/api.w.org\/{rel}","templated":true}]}}