{"id":17040,"date":"2022-09-23T11:15:42","date_gmt":"2022-09-23T09:15:42","guid":{"rendered":"https:\/\/www.werbewoche.ch\/?p=186881"},"modified":"2024-11-21T10:29:06","modified_gmt":"2024-11-21T09:29:06","slug":"mona-und-mateo-neuer-markenauftritt-fuer-klara-basel","status":"publish","type":"post","link":"https:\/\/www.organisator.ch\/fr\/marketing\/2022-09-23\/mona-und-mateo-neuer-markenauftritt-fuer-klara-basel\/","title":{"rendered":"Mona et Mateo : nouvelle image de marque pour Klara Basel"},"content":{"rendered":"<p><img class=\"alignnone wp-image-186889 size-full\" src=\"https:\/\/www.werbewoche.ch\/wp-content\/uploads\/2022\/09\/MUM_fu%CC%88r_Klara_Plakat2.jpg\" alt=\"Klara Basel\" width=\"1200\" height=\"675\" \/><\/p>\r\n<p>Vom Espresso f\u00fcr unterwegs \u00fcber den Family Lunch am Mittag bis hin zum ausgiebigen Znacht mit Freunden an der Bar: Bei Klara im Kleinbasel gibt es neun K\u00fcchen und eine Bar \u2013 und das inzwischen seit f\u00fcnf Jahren. Zu diesem Anlass hat die Kreativagentur Mona und Mateo f\u00fcr das Gastrounternehmen einen neuen Markenauftritt und eine neue Kampagne entwickelt und umgesetzt.<\/p>\r\n<p>Im Mittelpunkt des neuen Auftritts steht das Konzept des Restaurants: Hier gibt es Platz f\u00fcr alle und alles. Dieser Freiraum diente als Konzeptvorlage und wurde als Gestaltungs- und Textmechanik interpretiert. Das zeigt sich etwa im neuen Logo, das den Freiraum als neun Abstandseinheiten \u2013 als Anspielung auf die neun K\u00fcchen \u2013 zwischen \u00abKlar\u00bb und \u00aba\u00bb darstellt. Die visuelle Trennung wird auch in den Headlines genutzt. Das \u00abK\u00bb steht Kopf und soll den Anspruch vermitteln, dass das Restaurant auch f\u00fcr nonkonforme und anders Lebende offen ist.<\/p>\r\n<p>Auch Website, Signaletik, der komplette Restaurationsbedarf sowie die Kommunikation sind Teil der Neugestaltung. Plakate in der Stadt machen auf das Rebranding aufmerksam und werben f\u00fcr einen Besuch.<\/p>\r\n<p><\/p>\r\n<div class=\"wp-video\" style=\"width: 768px\"><!-- [if lt IE 9]&gt;document.createElement('video');&lt;![endif]--> <video id=\"video-186881-1\" class=\"wp-video-shortcode\" preload=\"metadata\" controls=\"controls\" width=\"768\" height=\"432\"><a href=\"https:\/\/www.werbewoche.ch\/wp-content\/uploads\/2022\/09\/MUM_fu%CC%88r_Klara_Konzept.mp4\">https:\/\/www.werbewoche.ch\/wp-content\/uploads\/2022\/09\/MUM_fu\u0308r_Klara_Konzept.mp4<\/a><\/video><\/div>\r\n<div class=\"wp-video\" style=\"width: 768px\"><video id=\"video-186881-2\" class=\"wp-video-shortcode\" preload=\"metadata\" controls=\"controls\" width=\"768\" height=\"432\"><a href=\"https:\/\/www.werbewoche.ch\/wp-content\/uploads\/2022\/09\/MUM_fu%CC%88r_Klara_Webseite.mp4\">https:\/\/www.werbewoche.ch\/wp-content\/uploads\/2022\/09\/MUM_fu\u0308r_Klara_Webseite.mp4<\/a><\/video><\/div>\r\n<p><img class=\"alignnone wp-image-186888 size-full\" src=\"https:\/\/www.werbewoche.ch\/wp-content\/uploads\/2022\/09\/MUM_fu%CC%88r_Klara_Plakat1.jpg\" alt=\"\" width=\"1200\" height=\"675\" \/> <img class=\"alignnone wp-image-186887 size-full\" src=\"https:\/\/www.werbewoche.ch\/wp-content\/uploads\/2022\/09\/MUM_fu%CC%88r_Klara_Instagram.jpg\" alt=\"\" width=\"1200\" height=\"675\" \/> <img class=\"alignnone wp-image-186886 size-full\" src=\"https:\/\/www.werbewoche.ch\/wp-content\/uploads\/2022\/09\/MUM_fu%CC%88r-Klara_Plakate.jpg\" alt=\"\" width=\"1200\" height=\"675\" \/> <img class=\"alignnone wp-image-186885 size-full\" src=\"https:\/\/www.werbewoche.ch\/wp-content\/uploads\/2022\/09\/MUM_fu%CC%88r-Klara_Flyer2.jpg\" alt=\"\" width=\"1200\" height=\"675\" \/> <img class=\"alignnone size-full wp-image-186884\" src=\"https:\/\/www.werbewoche.ch\/wp-content\/uploads\/2022\/09\/MUM_fu%CC%88r-Klara_Flyer1.jpg\" alt=\"\" width=\"1200\" height=\"675\" \/><\/p>\r\n<hr \/>\r\n<p><strong>Verantwortlich bei Klara:<\/strong> Yannick Studer, Nik von Frankenberg. <strong>Verantwortlich bei Mona und Mateo:<\/strong> Sheena Czorniczek, Nadine Z\u00fcrcher, Lesley Ryffel, Hannah Mey, Mona Fluri, Mateo Sacchetti. <strong>Web Development:<\/strong> Lani Digital Design.<\/p>","protected":false},"excerpt":{"rendered":"<p>Vom Espresso f\u00fcr unterwegs \u00fcber den Family Lunch am Mittag bis hin zum ausgiebigen Znacht mit Freunden an der Bar: Bei Klara im Kleinbasel gibt es neun K\u00fcchen und eine Bar \u2013 und das inzwischen seit f\u00fcnf Jahren. Zu diesem Anlass hat die Kreativagentur Mona und Mateo f\u00fcr das Gastrounternehmen einen neuen Markenauftritt und eine [\u2026]<\/p>\n","protected":false},"author":8,"featured_media":0,"comment_status":"closed","ping_status":"closed","sticky":false,"template":"","format":"standard","meta":{"_acf_changed":false,"_yoast_wpseo_focuskw":"Klara Basel","_yoast_wpseo_metadesc":"Klara Basel feiert f\u00fcnf Jahre mit neuem Markenauftritt: Neun K\u00fcchen und eine Bar f\u00fcr alle. Jetzt entdecken!","articlekey":"","footnotes":""},"categories":[29],"tags":[3410,3411],"class_list":["post-17040","post","type-post","status-publish","format-standard","hentry","category-marketing","tag-gastronomie","tag-klara"],"acf":[],"yoast_head":"<!-- This site is optimized with the Yoast SEO plugin v27.5 - https:\/\/yoast.com\/product\/yoast-seo-wordpress\/ -->\n<title>Mona und Mateo: neuer Markenauftritt f\u00fcr Klara Basel - Organisator<\/title>\n<meta name=\"description\" content=\"Klara Basel feiert f\u00fcnf Jahre mit neuem Markenauftritt: Neun K\u00fcchen und eine Bar f\u00fcr alle. Jetzt entdecken!\" \/>\n<meta name=\"robots\" content=\"index, follow, max-snippet:-1, max-image-preview:large, max-video-preview:-1\" \/>\n<link rel=\"canonical\" href=\"https:\/\/www.organisator.ch\/fr\/marketing\/2022-09-23\/mona-und-mateo-neuer-markenauftritt-fuer-klara-basel\/\" \/>\n<meta property=\"og:locale\" content=\"fr_FR\" \/>\n<meta property=\"og:type\" content=\"article\" \/>\n<meta property=\"og:title\" content=\"Mona und Mateo: neuer Markenauftritt f\u00fcr Klara Basel - Organisator\" \/>\n<meta property=\"og:description\" content=\"Klara Basel feiert f\u00fcnf Jahre mit neuem Markenauftritt: Neun K\u00fcchen und eine Bar f\u00fcr alle. Jetzt entdecken!\" \/>\n<meta property=\"og:url\" content=\"https:\/\/www.organisator.ch\/fr\/marketing\/2022-09-23\/mona-und-mateo-neuer-markenauftritt-fuer-klara-basel\/\" \/>\n<meta property=\"og:site_name\" content=\"Organisator\" \/>\n<meta property=\"article:publisher\" content=\"https:\/\/www.facebook.com\/OrganisatorFachmagazin\" \/>\n<meta property=\"article:published_time\" content=\"2022-09-23T09:15:42+00:00\" \/>\n<meta property=\"article:modified_time\" content=\"2024-11-21T09:29:06+00:00\" \/>\n<meta name=\"author\" content=\"galledia\" \/>\n<meta name=\"twitter:card\" content=\"summary_large_image\" \/>\n<meta name=\"twitter:creator\" content=\"@admin\" \/>\n<script type=\"application\/ld+json\" class=\"yoast-schema-graph\">{\"@context\":\"https:\\\/\\\/schema.org\",\"@graph\":[{\"@type\":\"Article\",\"@id\":\"https:\\\/\\\/www.organisator.ch\\\/marketing\\\/2022-09-23\\\/mona-und-mateo-neuer-markenauftritt-fuer-klara-basel\\\/#article\",\"isPartOf\":{\"@id\":\"https:\\\/\\\/www.organisator.ch\\\/marketing\\\/2022-09-23\\\/mona-und-mateo-neuer-markenauftritt-fuer-klara-basel\\\/\"},\"author\":{\"name\":\"galledia\",\"@id\":\"https:\\\/\\\/www.organisator.ch\\\/#\\\/schema\\\/person\\\/4e51799071cd2dd1232ac003643ef5f0\"},\"headline\":\"Mona und Mateo: neuer Markenauftritt f\u00fcr Klara Basel\",\"datePublished\":\"2022-09-23T09:15:42+00:00\",\"dateModified\":\"2024-11-21T09:29:06+00:00\",\"mainEntityOfPage\":{\"@id\":\"https:\\\/\\\/www.organisator.ch\\\/marketing\\\/2022-09-23\\\/mona-und-mateo-neuer-markenauftritt-fuer-klara-basel\\\/\"},\"wordCount\":241,\"publisher\":{\"@id\":\"https:\\\/\\\/www.organisator.ch\\\/#organization\"},\"image\":{\"@id\":\"https:\\\/\\\/www.organisator.ch\\\/marketing\\\/2022-09-23\\\/mona-und-mateo-neuer-markenauftritt-fuer-klara-basel\\\/#primaryimage\"},\"thumbnailUrl\":\"https:\\\/\\\/www.werbewoche.ch\\\/wp-content\\\/uploads\\\/2022\\\/09\\\/MUM_fu%CC%88r_Klara_Plakat2.jpg\",\"keywords\":[\"Gastronomie\",\"Klara\"],\"articleSection\":[\"MARKETING\"],\"inLanguage\":\"fr-FR\"},{\"@type\":\"WebPage\",\"@id\":\"https:\\\/\\\/www.organisator.ch\\\/marketing\\\/2022-09-23\\\/mona-und-mateo-neuer-markenauftritt-fuer-klara-basel\\\/\",\"url\":\"https:\\\/\\\/www.organisator.ch\\\/marketing\\\/2022-09-23\\\/mona-und-mateo-neuer-markenauftritt-fuer-klara-basel\\\/\",\"name\":\"Mona und Mateo: neuer Markenauftritt f\u00fcr Klara Basel - Organisator\",\"isPartOf\":{\"@id\":\"https:\\\/\\\/www.organisator.ch\\\/#website\"},\"primaryImageOfPage\":{\"@id\":\"https:\\\/\\\/www.organisator.ch\\\/marketing\\\/2022-09-23\\\/mona-und-mateo-neuer-markenauftritt-fuer-klara-basel\\\/#primaryimage\"},\"image\":{\"@id\":\"https:\\\/\\\/www.organisator.ch\\\/marketing\\\/2022-09-23\\\/mona-und-mateo-neuer-markenauftritt-fuer-klara-basel\\\/#primaryimage\"},\"thumbnailUrl\":\"https:\\\/\\\/www.werbewoche.ch\\\/wp-content\\\/uploads\\\/2022\\\/09\\\/MUM_fu%CC%88r_Klara_Plakat2.jpg\",\"datePublished\":\"2022-09-23T09:15:42+00:00\",\"dateModified\":\"2024-11-21T09:29:06+00:00\",\"description\":\"Klara Basel feiert f\u00fcnf Jahre mit neuem Markenauftritt: Neun K\u00fcchen und eine Bar f\u00fcr alle. Jetzt entdecken!\",\"breadcrumb\":{\"@id\":\"https:\\\/\\\/www.organisator.ch\\\/marketing\\\/2022-09-23\\\/mona-und-mateo-neuer-markenauftritt-fuer-klara-basel\\\/#breadcrumb\"},\"inLanguage\":\"fr-FR\",\"potentialAction\":[{\"@type\":\"ReadAction\",\"target\":[\"https:\\\/\\\/www.organisator.ch\\\/marketing\\\/2022-09-23\\\/mona-und-mateo-neuer-markenauftritt-fuer-klara-basel\\\/\"]}]},{\"@type\":\"ImageObject\",\"inLanguage\":\"fr-FR\",\"@id\":\"https:\\\/\\\/www.organisator.ch\\\/marketing\\\/2022-09-23\\\/mona-und-mateo-neuer-markenauftritt-fuer-klara-basel\\\/#primaryimage\",\"url\":\"https:\\\/\\\/www.werbewoche.ch\\\/wp-content\\\/uploads\\\/2022\\\/09\\\/MUM_fu%CC%88r_Klara_Plakat2.jpg\",\"contentUrl\":\"https:\\\/\\\/www.werbewoche.ch\\\/wp-content\\\/uploads\\\/2022\\\/09\\\/MUM_fu%CC%88r_Klara_Plakat2.jpg\"},{\"@type\":\"BreadcrumbList\",\"@id\":\"https:\\\/\\\/www.organisator.ch\\\/marketing\\\/2022-09-23\\\/mona-und-mateo-neuer-markenauftritt-fuer-klara-basel\\\/#breadcrumb\",\"itemListElement\":[{\"@type\":\"ListItem\",\"position\":1,\"name\":\"Home\",\"item\":\"https:\\\/\\\/www.organisator.ch\\\/\"},{\"@type\":\"ListItem\",\"position\":2,\"name\":\"Mona und Mateo: neuer Markenauftritt f\u00fcr Klara Basel\"}]},{\"@type\":\"WebSite\",\"@id\":\"https:\\\/\\\/www.organisator.ch\\\/#website\",\"url\":\"https:\\\/\\\/www.organisator.ch\\\/\",\"name\":\"Organisator\",\"description\":\"Kompetent. Praxisnah. Der ORGANISATOR bereitet in 10 Ausgaben pro Jahr die wesentlichen Themen f\u00fcr F\u00fchrungskr\u00e4fte von KMU auf.\",\"publisher\":{\"@id\":\"https:\\\/\\\/www.organisator.ch\\\/#organization\"},\"potentialAction\":[{\"@type\":\"SearchAction\",\"target\":{\"@type\":\"EntryPoint\",\"urlTemplate\":\"https:\\\/\\\/www.organisator.ch\\\/?s={search_term_string}\"},\"query-input\":{\"@type\":\"PropertyValueSpecification\",\"valueRequired\":true,\"valueName\":\"search_term_string\"}}],\"inLanguage\":\"fr-FR\"},{\"@type\":\"Organization\",\"@id\":\"https:\\\/\\\/www.organisator.ch\\\/#organization\",\"name\":\"Organisator\",\"url\":\"https:\\\/\\\/www.organisator.ch\\\/\",\"logo\":{\"@type\":\"ImageObject\",\"inLanguage\":\"fr-FR\",\"@id\":\"https:\\\/\\\/www.organisator.ch\\\/#\\\/schema\\\/logo\\\/image\\\/\",\"url\":\"https:\\\/\\\/www.organisator.ch\\\/wp-content\\\/uploads\\\/2022\\\/01\\\/Logo_Organisator_Website.png\",\"contentUrl\":\"https:\\\/\\\/www.organisator.ch\\\/wp-content\\\/uploads\\\/2022\\\/01\\\/Logo_Organisator_Website.png\",\"width\":800,\"height\":77,\"caption\":\"Organisator\"},\"image\":{\"@id\":\"https:\\\/\\\/www.organisator.ch\\\/#\\\/schema\\\/logo\\\/image\\\/\"},\"sameAs\":[\"https:\\\/\\\/www.facebook.com\\\/OrganisatorFachmagazin\",\"https:\\\/\\\/www.linkedin.com\\\/showcase\\\/organisator-das-magazin-fr-kmu\",\"https:\\\/\\\/www.xing.com\\\/news\\\/pages\\\/organisator-ch-695\",\"https:\\\/\\\/www.youtube.com\\\/channel\\\/UCGP2Sq0iWaZwT3BdIAQFYpw\"]},{\"@type\":\"Person\",\"@id\":\"https:\\\/\\\/www.organisator.ch\\\/#\\\/schema\\\/person\\\/4e51799071cd2dd1232ac003643ef5f0\",\"name\":\"galledia\",\"image\":{\"@type\":\"ImageObject\",\"inLanguage\":\"fr-FR\",\"@id\":\"https:\\\/\\\/secure.gravatar.com\\\/avatar\\\/78a7f90c01fc2bfc875782a0d4922b37cde2cf184ce347b91316d23cd7f69a36?s=96&d=mm&r=g\",\"url\":\"https:\\\/\\\/secure.gravatar.com\\\/avatar\\\/78a7f90c01fc2bfc875782a0d4922b37cde2cf184ce347b91316d23cd7f69a36?s=96&d=mm&r=g\",\"contentUrl\":\"https:\\\/\\\/secure.gravatar.com\\\/avatar\\\/78a7f90c01fc2bfc875782a0d4922b37cde2cf184ce347b91316d23cd7f69a36?s=96&d=mm&r=g\",\"caption\":\"galledia\"},\"sameAs\":[\"https:\\\/\\\/x.com\\\/admin\"],\"url\":\"https:\\\/\\\/www.organisator.ch\\\/fr\\\/author\\\/galledia\\\/\"}]}<\/script>\n<!-- \/ Yoast SEO plugin. -->","yoast_head_json":{"title":"Mona et Mateo : nouvelle image de marque pour Klara Basel - Organisateur","description":"Klara Basel f\u00eate ses cinq ans avec une nouvelle image de marque : neuf cuisines et un bar pour tous. D\u00e9couvrez-le maintenant !","robots":{"index":"index","follow":"follow","max-snippet":"max-snippet:-1","max-image-preview":"max-image-preview:large","max-video-preview":"max-video-preview:-1"},"canonical":"https:\/\/www.organisator.ch\/fr\/marketing\/2022-09-23\/mona-und-mateo-neuer-markenauftritt-fuer-klara-basel\/","og_locale":"fr_FR","og_type":"article","og_title":"Mona und Mateo: neuer Markenauftritt f\u00fcr Klara Basel - Organisator","og_description":"Klara Basel feiert f\u00fcnf Jahre mit neuem Markenauftritt: Neun K\u00fcchen und eine Bar f\u00fcr alle. Jetzt entdecken!","og_url":"https:\/\/www.organisator.ch\/fr\/marketing\/2022-09-23\/mona-und-mateo-neuer-markenauftritt-fuer-klara-basel\/","og_site_name":"Organisator","article_publisher":"https:\/\/www.facebook.com\/OrganisatorFachmagazin","article_published_time":"2022-09-23T09:15:42+00:00","article_modified_time":"2024-11-21T09:29:06+00:00","author":"galledia","twitter_card":"summary_large_image","twitter_creator":"@admin","schema":{"@context":"https:\/\/schema.org","@graph":[{"@type":"Article","@id":"https:\/\/www.organisator.ch\/marketing\/2022-09-23\/mona-und-mateo-neuer-markenauftritt-fuer-klara-basel\/#article","isPartOf":{"@id":"https:\/\/www.organisator.ch\/marketing\/2022-09-23\/mona-und-mateo-neuer-markenauftritt-fuer-klara-basel\/"},"author":{"name":"galledia","@id":"https:\/\/www.organisator.ch\/#\/schema\/person\/4e51799071cd2dd1232ac003643ef5f0"},"headline":"Mona und Mateo: neuer Markenauftritt f\u00fcr Klara Basel","datePublished":"2022-09-23T09:15:42+00:00","dateModified":"2024-11-21T09:29:06+00:00","mainEntityOfPage":{"@id":"https:\/\/www.organisator.ch\/marketing\/2022-09-23\/mona-und-mateo-neuer-markenauftritt-fuer-klara-basel\/"},"wordCount":241,"publisher":{"@id":"https:\/\/www.organisator.ch\/#organization"},"image":{"@id":"https:\/\/www.organisator.ch\/marketing\/2022-09-23\/mona-und-mateo-neuer-markenauftritt-fuer-klara-basel\/#primaryimage"},"thumbnailUrl":"https:\/\/www.werbewoche.ch\/wp-content\/uploads\/2022\/09\/MUM_fu%CC%88r_Klara_Plakat2.jpg","keywords":["Gastronomie","Klara"],"articleSection":["MARKETING"],"inLanguage":"fr-FR"},{"@type":"WebPage","@id":"https:\/\/www.organisator.ch\/marketing\/2022-09-23\/mona-und-mateo-neuer-markenauftritt-fuer-klara-basel\/","url":"https:\/\/www.organisator.ch\/marketing\/2022-09-23\/mona-und-mateo-neuer-markenauftritt-fuer-klara-basel\/","name":"Mona et Mateo : nouvelle image de marque pour Klara Basel - Organisateur","isPartOf":{"@id":"https:\/\/www.organisator.ch\/#website"},"primaryImageOfPage":{"@id":"https:\/\/www.organisator.ch\/marketing\/2022-09-23\/mona-und-mateo-neuer-markenauftritt-fuer-klara-basel\/#primaryimage"},"image":{"@id":"https:\/\/www.organisator.ch\/marketing\/2022-09-23\/mona-und-mateo-neuer-markenauftritt-fuer-klara-basel\/#primaryimage"},"thumbnailUrl":"https:\/\/www.werbewoche.ch\/wp-content\/uploads\/2022\/09\/MUM_fu%CC%88r_Klara_Plakat2.jpg","datePublished":"2022-09-23T09:15:42+00:00","dateModified":"2024-11-21T09:29:06+00:00","description":"Klara Basel f\u00eate ses cinq ans avec une nouvelle image de marque : neuf cuisines et un bar pour tous. D\u00e9couvrez-le maintenant !","breadcrumb":{"@id":"https:\/\/www.organisator.ch\/marketing\/2022-09-23\/mona-und-mateo-neuer-markenauftritt-fuer-klara-basel\/#breadcrumb"},"inLanguage":"fr-FR","potentialAction":[{"@type":"ReadAction","target":["https:\/\/www.organisator.ch\/marketing\/2022-09-23\/mona-und-mateo-neuer-markenauftritt-fuer-klara-basel\/"]}]},{"@type":"ImageObject","inLanguage":"fr-FR","@id":"https:\/\/www.organisator.ch\/marketing\/2022-09-23\/mona-und-mateo-neuer-markenauftritt-fuer-klara-basel\/#primaryimage","url":"https:\/\/www.werbewoche.ch\/wp-content\/uploads\/2022\/09\/MUM_fu%CC%88r_Klara_Plakat2.jpg","contentUrl":"https:\/\/www.werbewoche.ch\/wp-content\/uploads\/2022\/09\/MUM_fu%CC%88r_Klara_Plakat2.jpg"},{"@type":"BreadcrumbList","@id":"https:\/\/www.organisator.ch\/marketing\/2022-09-23\/mona-und-mateo-neuer-markenauftritt-fuer-klara-basel\/#breadcrumb","itemListElement":[{"@type":"ListItem","position":1,"name":"Home","item":"https:\/\/www.organisator.ch\/"},{"@type":"ListItem","position":2,"name":"Mona und Mateo: neuer Markenauftritt f\u00fcr Klara Basel"}]},{"@type":"WebSite","@id":"https:\/\/www.organisator.ch\/#website","url":"https:\/\/www.organisator.ch\/","name":"Organisateur","description":"Comp\u00e9tence et comp\u00e9tence. Proches de la pratique. L'ORGANISATEUR pr\u00e9pare 10 num\u00e9ros par an sur les th\u00e8mes essentiels pour les dirigeants de PME.","publisher":{"@id":"https:\/\/www.organisator.ch\/#organization"},"potentialAction":[{"@type":"SearchAction","target":{"@type":"EntryPoint","urlTemplate":"https:\/\/www.organisator.ch\/?s={search_term_string}"},"query-input":{"@type":"PropertyValueSpecification","valueRequired":true,"valueName":"search_term_string"}}],"inLanguage":"fr-FR"},{"@type":"Organization","@id":"https:\/\/www.organisator.ch\/#organization","name":"Organisateur","url":"https:\/\/www.organisator.ch\/","logo":{"@type":"ImageObject","inLanguage":"fr-FR","@id":"https:\/\/www.organisator.ch\/#\/schema\/logo\/image\/","url":"https:\/\/www.organisator.ch\/wp-content\/uploads\/2022\/01\/Logo_Organisator_Website.png","contentUrl":"https:\/\/www.organisator.ch\/wp-content\/uploads\/2022\/01\/Logo_Organisator_Website.png","width":800,"height":77,"caption":"Organisator"},"image":{"@id":"https:\/\/www.organisator.ch\/#\/schema\/logo\/image\/"},"sameAs":["https:\/\/www.facebook.com\/OrganisatorFachmagazin","https:\/\/www.linkedin.com\/showcase\/organisator-das-magazin-fr-kmu","https:\/\/www.xing.com\/news\/pages\/organisator-ch-695","https:\/\/www.youtube.com\/channel\/UCGP2Sq0iWaZwT3BdIAQFYpw"]},{"@type":"Person","@id":"https:\/\/www.organisator.ch\/#\/schema\/person\/4e51799071cd2dd1232ac003643ef5f0","name":"galledia","image":{"@type":"ImageObject","inLanguage":"fr-FR","@id":"https:\/\/secure.gravatar.com\/avatar\/78a7f90c01fc2bfc875782a0d4922b37cde2cf184ce347b91316d23cd7f69a36?s=96&d=mm&r=g","url":"https:\/\/secure.gravatar.com\/avatar\/78a7f90c01fc2bfc875782a0d4922b37cde2cf184ce347b91316d23cd7f69a36?s=96&d=mm&r=g","contentUrl":"https:\/\/secure.gravatar.com\/avatar\/78a7f90c01fc2bfc875782a0d4922b37cde2cf184ce347b91316d23cd7f69a36?s=96&d=mm&r=g","caption":"galledia"},"sameAs":["https:\/\/x.com\/admin"],"url":"https:\/\/www.organisator.ch\/fr\/author\/galledia\/"}]}},"_links":{"self":[{"href":"https:\/\/www.organisator.ch\/fr\/wp-json\/wp\/v2\/posts\/17040","targetHints":{"allow":["GET"]}}],"collection":[{"href":"https:\/\/www.organisator.ch\/fr\/wp-json\/wp\/v2\/posts"}],"about":[{"href":"https:\/\/www.organisator.ch\/fr\/wp-json\/wp\/v2\/types\/post"}],"author":[{"embeddable":true,"href":"https:\/\/www.organisator.ch\/fr\/wp-json\/wp\/v2\/users\/8"}],"replies":[{"embeddable":true,"href":"https:\/\/www.organisator.ch\/fr\/wp-json\/wp\/v2\/comments?post=17040"}],"version-history":[{"count":2,"href":"https:\/\/www.organisator.ch\/fr\/wp-json\/wp\/v2\/posts\/17040\/revisions"}],"predecessor-version":[{"id":33772,"href":"https:\/\/www.organisator.ch\/fr\/wp-json\/wp\/v2\/posts\/17040\/revisions\/33772"}],"wp:attachment":[{"href":"https:\/\/www.organisator.ch\/fr\/wp-json\/wp\/v2\/media?parent=17040"}],"wp:term":[{"taxonomy":"category","embeddable":true,"href":"https:\/\/www.organisator.ch\/fr\/wp-json\/wp\/v2\/categories?post=17040"},{"taxonomy":"post_tag","embeddable":true,"href":"https:\/\/www.organisator.ch\/fr\/wp-json\/wp\/v2\/tags?post=17040"}],"curies":[{"name":"wp","href":"https:\/\/api.w.org\/{rel}","templated":true}]}}