{"id":17048,"date":"2022-09-30T15:00:27","date_gmt":"2022-09-30T13:00:27","guid":{"rendered":"https:\/\/www.organisator.ch\/?p=17048"},"modified":"2022-09-30T13:09:42","modified_gmt":"2022-09-30T11:09:42","slug":"auf-karrierekurs-mit-dem-dualen-bildungssystem","status":"publish","type":"post","link":"https:\/\/www.organisator.ch\/fr\/weiterbildung\/2022-09-30\/auf-karrierekurs-mit-dem-dualen-bildungssystem\/","title":{"rendered":"En route pour la carri\u00e8re avec le syst\u00e8me de formation en alternance"},"content":{"rendered":"<figure id=\"attachment_17049\" aria-describedby=\"caption-attachment-17049\" style=\"width: 680px\" class=\"wp-caption alignnone\"><img loading=\"lazy\" decoding=\"async\" class=\"size-full wp-image-17049\" src=\"https:\/\/www.organisator.ch\/wp-content\/uploads\/2022\/09\/Auf-Karrierekurs-mit-dem-dualen-Bildungssystem-1_Organisator.jpg\" alt=\"\" width=\"680\" height=\"479\" srcset=\"https:\/\/www.organisator.ch\/wp-content\/uploads\/2022\/09\/Auf-Karrierekurs-mit-dem-dualen-Bildungssystem-1_Organisator.jpg 680w, https:\/\/www.organisator.ch\/wp-content\/uploads\/2022\/09\/Auf-Karrierekurs-mit-dem-dualen-Bildungssystem-1_Organisator-18x12.jpg 18w, https:\/\/www.organisator.ch\/wp-content\/uploads\/2022\/09\/Auf-Karrierekurs-mit-dem-dualen-Bildungssystem-1_Organisator-248x175.jpg 248w, https:\/\/www.organisator.ch\/wp-content\/uploads\/2022\/09\/Auf-Karrierekurs-mit-dem-dualen-Bildungssystem-1_Organisator-497x350.jpg 497w, https:\/\/www.organisator.ch\/wp-content\/uploads\/2022\/09\/Auf-Karrierekurs-mit-dem-dualen-Bildungssystem-1_Organisator-300x211.jpg 300w\" sizes=\"auto, (max-width: 680px) 100vw, 680px\" \/><figcaption id=\"caption-attachment-17049\" class=\"wp-caption-text\">Choisir la bonne voie dans son parcours professionnel : Le syst\u00e8me de formation suisse offre de nombreuses possibilit\u00e9s. (Image : edupool.ch)<\/figcaption><\/figure>\n<h3><strong>Formation en cours d'emploi<\/strong><\/h3>\n<p>Dans ce domaine, les options sont innombrables : des s\u00e9minaires et des cours, mais aussi la possibilit\u00e9 d'entrer dans la formation professionnelle sup\u00e9rieure et d'obtenir un dipl\u00f4me reconnu au niveau f\u00e9d\u00e9ral. L'examen professionnel (brevet f\u00e9d\u00e9ral) et l'examen professionnel sup\u00e9rieur (dipl\u00f4me f\u00e9d\u00e9ral) attestent de connaissances sp\u00e9cialis\u00e9es approfondies dans un domaine pr\u00e9cis. Cette voie de formation se fonde sur l'exp\u00e9rience professionnelle. Elle combine l'enseignement et la pratique professionnelle et garantit ainsi le syst\u00e8me dual de la formation professionnelle, m\u00eame au niveau tertiaire. La formation est orient\u00e9e vers l'action et favorise la mise en pratique rapide de nouvelles connaissances sp\u00e9cialis\u00e9es. La formation professionnelle sup\u00e9rieure fournit ainsi \u00e0 l'\u00e9conomie suisse une main-d'\u0153uvre qualifi\u00e9e.<\/p>\n<h3><strong>\u00c9tape interm\u00e9diaire<\/strong><\/h3>\n<p>Les travailleurs ayant suivi un apprentissage et souhaitant se perfectionner par petites \u00e9tapes peuvent \u00e9largir leurs connaissances sp\u00e9cialis\u00e9es en obtenant une qualification suppl\u00e9mentaire \u00e0 un niveau interm\u00e9diaire entre la formation initiale et la formation professionnelle sup\u00e9rieure. Pour les personnes qui souhaitent r\u00e9int\u00e9grer la vie professionnelle, les personnes qui changent de voie et les praticiens sans dipl\u00f4me professionnel, ces formations continues offrent une alternative attrayante dans la planification individuelle de leur carri\u00e8re. Les conditions d'admission ouvertes permettent d'obtenir un dipl\u00f4me reconnu dans toute la Suisse. Ces formations continues sont ax\u00e9es sur la pratique, d\u00e9veloppent les comp\u00e9tences professionnelles et op\u00e9rationnelles et permettent aux titulaires de postes de travailler de mani\u00e8re autonome. Une plus-value directe pour les employeurs et les collaborateurs, car les connaissances acquises peuvent \u00eatre appliqu\u00e9es imm\u00e9diatement au quotidien.<\/p>\n<p>Trois formations continues edupool.ch int\u00e9ressantes pour les PME :<\/p>\n<h3><a href=\"https:\/\/www.edupool.ch\/rw?utm_source=organisator&amp;utm_medium=prokt22&amp;utm_campaign=rw\"><strong>Collaborateur(trice) sp\u00e9cialis\u00e9(e) en comptabilit\u00e9 edupool.ch<\/strong><\/a><\/h3>\n<p>Des connaissances professionnelles approfondies permettent \u00e0 vos collaborateurs d'effectuer de mani\u00e8re autonome des travaux op\u00e9rationnels dans la comptabilit\u00e9 financi\u00e8re et d'entreprise et de vous d\u00e9charger efficacement. Reconnu comme formation de base lors de l'admission \u00e0 l'examen professionnel f\u00e9d\u00e9ral, ce dipl\u00f4me permet \u00e9galement aux personnes n'ayant pas suivi d'apprentissage de commerce d'obtenir le brevet f\u00e9d\u00e9ral.<\/p>\n<figure id=\"attachment_17050\" aria-describedby=\"caption-attachment-17050\" style=\"width: 680px\" class=\"wp-caption alignnone\"><img loading=\"lazy\" decoding=\"async\" class=\"size-full wp-image-17050\" src=\"https:\/\/www.organisator.ch\/wp-content\/uploads\/2022\/09\/Auf-Karrierekurs-mit-dem-dualen-Bildungssystem-2_Organisator.jpg\" alt=\"\" width=\"680\" height=\"604\" srcset=\"https:\/\/www.organisator.ch\/wp-content\/uploads\/2022\/09\/Auf-Karrierekurs-mit-dem-dualen-Bildungssystem-2_Organisator.jpg 680w, https:\/\/www.organisator.ch\/wp-content\/uploads\/2022\/09\/Auf-Karrierekurs-mit-dem-dualen-Bildungssystem-2_Organisator-14x12.jpg 14w, https:\/\/www.organisator.ch\/wp-content\/uploads\/2022\/09\/Auf-Karrierekurs-mit-dem-dualen-Bildungssystem-2_Organisator-197x175.jpg 197w, https:\/\/www.organisator.ch\/wp-content\/uploads\/2022\/09\/Auf-Karrierekurs-mit-dem-dualen-Bildungssystem-2_Organisator-394x350.jpg 394w, https:\/\/www.organisator.ch\/wp-content\/uploads\/2022\/09\/Auf-Karrierekurs-mit-dem-dualen-Bildungssystem-2_Organisator-300x266.jpg 300w\" sizes=\"auto, (max-width: 680px) 100vw, 680px\" \/><figcaption id=\"caption-attachment-17050\" class=\"wp-caption-text\">(Image : edupool.ch)<\/figcaption><\/figure>\n<p>D'autre part, ce dipl\u00f4me est une \u00e9tape pr\u00e9alable \u00e0 la formation continue de <a href=\"https:\/\/www.edupool.ch\/th?utm_source=organisator&amp;utm_medium=prokt22&amp;utm_campaign=th\"><strong><em>Gestionnaire:en Fiduciaire edupool.ch<\/em><\/strong><\/a> et donc le d\u00e9but d'une carri\u00e8re r\u00e9ussie dans ce secteur \u00e9conomiquement important.<\/p>\n<figure id=\"attachment_17051\" aria-describedby=\"caption-attachment-17051\" style=\"width: 680px\" class=\"wp-caption alignnone\"><img loading=\"lazy\" decoding=\"async\" class=\"size-full wp-image-17051\" src=\"https:\/\/www.organisator.ch\/wp-content\/uploads\/2022\/09\/Auf-Karrierekurs-mit-dem-dualen-Bildungssystem-3_Organisator.jpg\" alt=\"\" width=\"680\" height=\"479\" srcset=\"https:\/\/www.organisator.ch\/wp-content\/uploads\/2022\/09\/Auf-Karrierekurs-mit-dem-dualen-Bildungssystem-3_Organisator.jpg 680w, https:\/\/www.organisator.ch\/wp-content\/uploads\/2022\/09\/Auf-Karrierekurs-mit-dem-dualen-Bildungssystem-3_Organisator-18x12.jpg 18w, https:\/\/www.organisator.ch\/wp-content\/uploads\/2022\/09\/Auf-Karrierekurs-mit-dem-dualen-Bildungssystem-3_Organisator-248x175.jpg 248w, https:\/\/www.organisator.ch\/wp-content\/uploads\/2022\/09\/Auf-Karrierekurs-mit-dem-dualen-Bildungssystem-3_Organisator-497x350.jpg 497w, https:\/\/www.organisator.ch\/wp-content\/uploads\/2022\/09\/Auf-Karrierekurs-mit-dem-dualen-Bildungssystem-3_Organisator-300x211.jpg 300w\" sizes=\"auto, (max-width: 680px) 100vw, 680px\" \/><figcaption id=\"caption-attachment-17051\" class=\"wp-caption-text\">(Image : edupool.ch)<\/figcaption><\/figure>\n<h3><a href=\"https:\/\/www.edupool.ch\/hwd?utm_source=organisator&amp;utm_medium=prokt22&amp;utm_campaign=hwd\"><strong>Dipl\u00f4me sup\u00e9rieur d'\u00e9conomie edupool.ch<\/strong><\/a><\/h3>\n<p>Cette fili\u00e8re de formation a une orientation g\u00e9n\u00e9raliste et transmet de vastes connaissances de base en mati\u00e8re de commerce et d'\u00e9conomie d'entreprise. Gr\u00e2ce au fort lien avec la pratique, les \u00e9tudiants apprennent \u00e0 utiliser efficacement les instruments modernes de gestion d'entreprise et \u00e0 comprendre les interactions entre les diff\u00e9rents secteurs de l'entreprise.<\/p>\n<figure id=\"attachment_17052\" aria-describedby=\"caption-attachment-17052\" style=\"width: 680px\" class=\"wp-caption alignnone\"><img loading=\"lazy\" decoding=\"async\" class=\"size-full wp-image-17052\" src=\"https:\/\/www.organisator.ch\/wp-content\/uploads\/2022\/09\/Auf-Karrierekurs-mit-dem-dualen-Bildungssystem-4_Organisator.jpg\" alt=\"\" width=\"680\" height=\"479\" srcset=\"https:\/\/www.organisator.ch\/wp-content\/uploads\/2022\/09\/Auf-Karrierekurs-mit-dem-dualen-Bildungssystem-4_Organisator.jpg 680w, https:\/\/www.organisator.ch\/wp-content\/uploads\/2022\/09\/Auf-Karrierekurs-mit-dem-dualen-Bildungssystem-4_Organisator-18x12.jpg 18w, https:\/\/www.organisator.ch\/wp-content\/uploads\/2022\/09\/Auf-Karrierekurs-mit-dem-dualen-Bildungssystem-4_Organisator-248x175.jpg 248w, https:\/\/www.organisator.ch\/wp-content\/uploads\/2022\/09\/Auf-Karrierekurs-mit-dem-dualen-Bildungssystem-4_Organisator-497x350.jpg 497w, https:\/\/www.organisator.ch\/wp-content\/uploads\/2022\/09\/Auf-Karrierekurs-mit-dem-dualen-Bildungssystem-4_Organisator-300x211.jpg 300w\" sizes=\"auto, (max-width: 680px) 100vw, 680px\" \/><figcaption id=\"caption-attachment-17052\" class=\"wp-caption-text\">(Image : edupool.ch)<\/figcaption><\/figure>\n<h3><strong>Label de qualit\u00e9 pour la formation continue commerciale<\/strong><\/h3>\n<p>edupool.ch est le label de qualit\u00e9 le plus important et l'organisation d'examens la plus importante de Suisse dans le domaine de la formation continue commerciale non formelle. Pionnier et leader du march\u00e9 au niveau du traitement des dossiers, il d\u00e9veloppe en outre des offres dans les domaines des connaissances de base, de la formation commerciale g\u00e9n\u00e9rale et des connaissances d'experts. Les dipl\u00f4mes et certificats edupool.ch, reconnus dans toute la Suisse, sont cosign\u00e9s par la Soci\u00e9t\u00e9 des employ\u00e9s de commerce et, selon l'orientation, par des associations sectorielles et professionnelles de renom. Formations continues avec le dipl\u00f4me reconnu dans toute la Suisse <a href=\"https:\/\/www.edupool.ch\/ff?utm_source=organisator&amp;utm_medium=prokt22&amp;utm_campaign=label\"><strong>Label de qualit\u00e9 edupool.ch<\/strong><\/a> sont organis\u00e9s par des <a href=\"https:\/\/www.edupool.ch\/schulen?utm_source=organisator&amp;utm_medium=prokt22&amp;utm_campaign=schulen\"><strong>\u00c9coles partenaires<\/strong><\/a> (centres de formation continue KV).<\/p>\n<figure id=\"attachment_17053\" aria-describedby=\"caption-attachment-17053\" style=\"width: 680px\" class=\"wp-caption alignnone\"><img loading=\"lazy\" decoding=\"async\" class=\"size-full wp-image-17053\" src=\"https:\/\/www.organisator.ch\/wp-content\/uploads\/2022\/09\/Auf-Karrierekurs-mit-dem-dualen-Bildungssystem-5_Organisator.jpg\" alt=\"\" width=\"680\" height=\"680\" srcset=\"https:\/\/www.organisator.ch\/wp-content\/uploads\/2022\/09\/Auf-Karrierekurs-mit-dem-dualen-Bildungssystem-5_Organisator.jpg 680w, https:\/\/www.organisator.ch\/wp-content\/uploads\/2022\/09\/Auf-Karrierekurs-mit-dem-dualen-Bildungssystem-5_Organisator-150x150.jpg 150w, https:\/\/www.organisator.ch\/wp-content\/uploads\/2022\/09\/Auf-Karrierekurs-mit-dem-dualen-Bildungssystem-5_Organisator-12x12.jpg 12w, https:\/\/www.organisator.ch\/wp-content\/uploads\/2022\/09\/Auf-Karrierekurs-mit-dem-dualen-Bildungssystem-5_Organisator-175x175.jpg 175w, https:\/\/www.organisator.ch\/wp-content\/uploads\/2022\/09\/Auf-Karrierekurs-mit-dem-dualen-Bildungssystem-5_Organisator-350x350.jpg 350w, https:\/\/www.organisator.ch\/wp-content\/uploads\/2022\/09\/Auf-Karrierekurs-mit-dem-dualen-Bildungssystem-5_Organisator-250x250.jpg 250w, https:\/\/www.organisator.ch\/wp-content\/uploads\/2022\/09\/Auf-Karrierekurs-mit-dem-dualen-Bildungssystem-5_Organisator-300x300.jpg 300w, https:\/\/www.organisator.ch\/wp-content\/uploads\/2022\/09\/Auf-Karrierekurs-mit-dem-dualen-Bildungssystem-5_Organisator-100x100.jpg 100w\" sizes=\"auto, (max-width: 680px) 100vw, 680px\" \/><figcaption id=\"caption-attachment-17053\" class=\"wp-caption-text\">(Image : edupool.ch)<\/figcaption><\/figure>\n<p style=\"text-align: left;\">Contact :<\/p>\n<p style=\"text-align: left;\"><img loading=\"lazy\" decoding=\"async\" class=\"alignleft wp-image-17057\" src=\"https:\/\/www.organisator.ch\/wp-content\/uploads\/2022\/10\/Logo-Edupool-neutral-RGB.png\" alt=\"\" width=\"200\" height=\"66\" srcset=\"https:\/\/www.organisator.ch\/wp-content\/uploads\/2022\/10\/Logo-Edupool-neutral-RGB.png 672w, https:\/\/www.organisator.ch\/wp-content\/uploads\/2022\/10\/Logo-Edupool-neutral-RGB-18x6.png 18w, https:\/\/www.organisator.ch\/wp-content\/uploads\/2022\/10\/Logo-Edupool-neutral-RGB-375x124.png 375w, https:\/\/www.organisator.ch\/wp-content\/uploads\/2022\/10\/Logo-Edupool-neutral-RGB-300x99.png 300w\" sizes=\"auto, (max-width: 200px) 100vw, 200px\" \/><\/p>\n<p style=\"text-align: left;\">edupool.ch<br \/>\nBaarerstrasse 77<br \/>\n6300 Zoug<br \/>\n041 726 55 66<br \/>\ninfo@edupool.ch<\/p>\n<p style=\"text-align: left;\"><a href=\"https:\/\/www.edupool.ch\/ff?utm_source=organisator&amp;utm_medium=prokt22&amp;utm_campaign=label\">www.edupool.ch<\/a><\/p>","protected":false},"excerpt":{"rendered":"<p>Berufsbegleitende Weiterbildung In diesem Bereich gibt es unz\u00e4hlige Optionen: Seminare und Kurse, aber auch die M\u00f6glichkeit in die h\u00f6here Berufsbildung einzutreten und einen eidgen\u00f6ssisch anerkannten Abschluss zu erlangen. Die Berufspr\u00fcfung (eidg. Fachausweis) und die h\u00f6here Fachpr\u00fcfung (eidg. Diplom) attestieren vertieftes Fachwissen auf einem bestimmten Gebiet. Dieser Bildungsweg baut auf der beruflichen Erfahrung auf. Er kombiniert [&hellip;]<\/p>\n","protected":false},"author":4,"featured_media":17049,"comment_status":"closed","ping_status":"closed","sticky":false,"template":"","format":"standard","meta":{"_acf_changed":false,"_yoast_wpseo_focuskw":"Karrierekurs","_yoast_wpseo_metadesc":"Mit der Kombination Betrieb und Berufsschule bietet das duale Bildungssystem eine hochstehende Grundbildung f\u00fcr den weiteren Karrierekurs.","articlekey":"","footnotes":""},"categories":[30],"tags":[62,294,2696],"class_list":["post-17048","post","type-post","status-publish","format-standard","has-post-thumbnail","hentry","category-weiterbildung","tag-aus-weiterbildung","tag-karriere","tag-publireportage"],"acf":[],"yoast_head":"<!-- This site is optimized with the Yoast SEO plugin v27.5 - https:\/\/yoast.com\/product\/yoast-seo-wordpress\/ -->\n<title>Auf Karrierekurs mit dem dualen Bildungssystem - Organisator<\/title>\n<meta name=\"description\" content=\"Mit der Kombination Betrieb und Berufsschule bietet das duale Bildungssystem eine hochstehende Grundbildung f\u00fcr den weiteren Karrierekurs.\" \/>\n<meta name=\"robots\" content=\"index, follow, max-snippet:-1, max-image-preview:large, max-video-preview:-1\" \/>\n<link rel=\"canonical\" href=\"https:\/\/www.organisator.ch\/fr\/formation-continue-2\/2022-09-30\/auf-karrierekurs-mit-dem-dualen-bildungssystem\/\" \/>\n<meta property=\"og:locale\" content=\"fr_FR\" \/>\n<meta property=\"og:type\" content=\"article\" \/>\n<meta property=\"og:title\" content=\"Auf Karrierekurs mit dem dualen Bildungssystem - Organisator\" \/>\n<meta property=\"og:description\" content=\"Mit der Kombination Betrieb und Berufsschule bietet das duale Bildungssystem eine hochstehende Grundbildung f\u00fcr den weiteren Karrierekurs.\" \/>\n<meta property=\"og:url\" content=\"https:\/\/www.organisator.ch\/fr\/formation-continue-2\/2022-09-30\/auf-karrierekurs-mit-dem-dualen-bildungssystem\/\" \/>\n<meta property=\"og:site_name\" content=\"Organisator\" \/>\n<meta property=\"article:publisher\" content=\"https:\/\/www.facebook.com\/OrganisatorFachmagazin\" \/>\n<meta property=\"article:published_time\" content=\"2022-09-30T13:00:27+00:00\" \/>\n<meta property=\"og:image\" content=\"https:\/\/www.organisator.ch\/wp-content\/uploads\/2022\/09\/Auf-Karrierekurs-mit-dem-dualen-Bildungssystem-1_Organisator.jpg\" \/>\n\t<meta property=\"og:image:width\" content=\"680\" \/>\n\t<meta property=\"og:image:height\" content=\"479\" \/>\n\t<meta property=\"og:image:type\" content=\"image\/jpeg\" \/>\n<meta name=\"author\" content=\"thomas.berner\" \/>\n<meta name=\"twitter:card\" content=\"summary_large_image\" \/>\n<script type=\"application\/ld+json\" class=\"yoast-schema-graph\">{\"@context\":\"https:\\\/\\\/schema.org\",\"@graph\":[{\"@type\":\"Article\",\"@id\":\"https:\\\/\\\/www.organisator.ch\\\/weiterbildung\\\/2022-09-30\\\/auf-karrierekurs-mit-dem-dualen-bildungssystem\\\/#article\",\"isPartOf\":{\"@id\":\"https:\\\/\\\/www.organisator.ch\\\/weiterbildung\\\/2022-09-30\\\/auf-karrierekurs-mit-dem-dualen-bildungssystem\\\/\"},\"author\":{\"name\":\"thomas.berner\",\"@id\":\"https:\\\/\\\/www.organisator.ch\\\/#\\\/schema\\\/person\\\/6f650f90b2842cd4c0cc334b4e36f67e\"},\"headline\":\"Auf Karrierekurs mit dem dualen Bildungssystem\",\"datePublished\":\"2022-09-30T13:00:27+00:00\",\"mainEntityOfPage\":{\"@id\":\"https:\\\/\\\/www.organisator.ch\\\/weiterbildung\\\/2022-09-30\\\/auf-karrierekurs-mit-dem-dualen-bildungssystem\\\/\"},\"wordCount\":510,\"publisher\":{\"@id\":\"https:\\\/\\\/www.organisator.ch\\\/#organization\"},\"image\":{\"@id\":\"https:\\\/\\\/www.organisator.ch\\\/weiterbildung\\\/2022-09-30\\\/auf-karrierekurs-mit-dem-dualen-bildungssystem\\\/#primaryimage\"},\"thumbnailUrl\":\"https:\\\/\\\/www.organisator.ch\\\/wp-content\\\/uploads\\\/2022\\\/09\\\/Auf-Karrierekurs-mit-dem-dualen-Bildungssystem-1_Organisator.jpg\",\"keywords\":[\"Aus-\\\/Weiterbildung\",\"Karriere\",\"Publireportage\"],\"articleSection\":[\"WEITERBILDUNG\"],\"inLanguage\":\"fr-FR\"},{\"@type\":\"WebPage\",\"@id\":\"https:\\\/\\\/www.organisator.ch\\\/weiterbildung\\\/2022-09-30\\\/auf-karrierekurs-mit-dem-dualen-bildungssystem\\\/\",\"url\":\"https:\\\/\\\/www.organisator.ch\\\/weiterbildung\\\/2022-09-30\\\/auf-karrierekurs-mit-dem-dualen-bildungssystem\\\/\",\"name\":\"Auf Karrierekurs mit dem dualen Bildungssystem - Organisator\",\"isPartOf\":{\"@id\":\"https:\\\/\\\/www.organisator.ch\\\/#website\"},\"primaryImageOfPage\":{\"@id\":\"https:\\\/\\\/www.organisator.ch\\\/weiterbildung\\\/2022-09-30\\\/auf-karrierekurs-mit-dem-dualen-bildungssystem\\\/#primaryimage\"},\"image\":{\"@id\":\"https:\\\/\\\/www.organisator.ch\\\/weiterbildung\\\/2022-09-30\\\/auf-karrierekurs-mit-dem-dualen-bildungssystem\\\/#primaryimage\"},\"thumbnailUrl\":\"https:\\\/\\\/www.organisator.ch\\\/wp-content\\\/uploads\\\/2022\\\/09\\\/Auf-Karrierekurs-mit-dem-dualen-Bildungssystem-1_Organisator.jpg\",\"datePublished\":\"2022-09-30T13:00:27+00:00\",\"description\":\"Mit der Kombination Betrieb und Berufsschule bietet das duale Bildungssystem eine hochstehende Grundbildung f\u00fcr den weiteren Karrierekurs.\",\"breadcrumb\":{\"@id\":\"https:\\\/\\\/www.organisator.ch\\\/weiterbildung\\\/2022-09-30\\\/auf-karrierekurs-mit-dem-dualen-bildungssystem\\\/#breadcrumb\"},\"inLanguage\":\"fr-FR\",\"potentialAction\":[{\"@type\":\"ReadAction\",\"target\":[\"https:\\\/\\\/www.organisator.ch\\\/weiterbildung\\\/2022-09-30\\\/auf-karrierekurs-mit-dem-dualen-bildungssystem\\\/\"]}]},{\"@type\":\"ImageObject\",\"inLanguage\":\"fr-FR\",\"@id\":\"https:\\\/\\\/www.organisator.ch\\\/weiterbildung\\\/2022-09-30\\\/auf-karrierekurs-mit-dem-dualen-bildungssystem\\\/#primaryimage\",\"url\":\"https:\\\/\\\/www.organisator.ch\\\/wp-content\\\/uploads\\\/2022\\\/09\\\/Auf-Karrierekurs-mit-dem-dualen-Bildungssystem-1_Organisator.jpg\",\"contentUrl\":\"https:\\\/\\\/www.organisator.ch\\\/wp-content\\\/uploads\\\/2022\\\/09\\\/Auf-Karrierekurs-mit-dem-dualen-Bildungssystem-1_Organisator.jpg\",\"width\":680,\"height\":479,\"caption\":\"Den richtigen Weg auf dem Karrierekurs w\u00e4hlen: Das Schweizer Bildungssystem bietet viele M\u00f6glichkeiten. (Bild: Edupool.ch)\"},{\"@type\":\"BreadcrumbList\",\"@id\":\"https:\\\/\\\/www.organisator.ch\\\/weiterbildung\\\/2022-09-30\\\/auf-karrierekurs-mit-dem-dualen-bildungssystem\\\/#breadcrumb\",\"itemListElement\":[{\"@type\":\"ListItem\",\"position\":1,\"name\":\"Home\",\"item\":\"https:\\\/\\\/www.organisator.ch\\\/\"},{\"@type\":\"ListItem\",\"position\":2,\"name\":\"Auf Karrierekurs mit dem dualen Bildungssystem\"}]},{\"@type\":\"WebSite\",\"@id\":\"https:\\\/\\\/www.organisator.ch\\\/#website\",\"url\":\"https:\\\/\\\/www.organisator.ch\\\/\",\"name\":\"Organisator\",\"description\":\"Kompetent. Praxisnah. Der ORGANISATOR bereitet in 10 Ausgaben pro Jahr die wesentlichen Themen f\u00fcr F\u00fchrungskr\u00e4fte von KMU auf.\",\"publisher\":{\"@id\":\"https:\\\/\\\/www.organisator.ch\\\/#organization\"},\"potentialAction\":[{\"@type\":\"SearchAction\",\"target\":{\"@type\":\"EntryPoint\",\"urlTemplate\":\"https:\\\/\\\/www.organisator.ch\\\/?s={search_term_string}\"},\"query-input\":{\"@type\":\"PropertyValueSpecification\",\"valueRequired\":true,\"valueName\":\"search_term_string\"}}],\"inLanguage\":\"fr-FR\"},{\"@type\":\"Organization\",\"@id\":\"https:\\\/\\\/www.organisator.ch\\\/#organization\",\"name\":\"Organisator\",\"url\":\"https:\\\/\\\/www.organisator.ch\\\/\",\"logo\":{\"@type\":\"ImageObject\",\"inLanguage\":\"fr-FR\",\"@id\":\"https:\\\/\\\/www.organisator.ch\\\/#\\\/schema\\\/logo\\\/image\\\/\",\"url\":\"https:\\\/\\\/www.organisator.ch\\\/wp-content\\\/uploads\\\/2022\\\/01\\\/Logo_Organisator_Website.png\",\"contentUrl\":\"https:\\\/\\\/www.organisator.ch\\\/wp-content\\\/uploads\\\/2022\\\/01\\\/Logo_Organisator_Website.png\",\"width\":800,\"height\":77,\"caption\":\"Organisator\"},\"image\":{\"@id\":\"https:\\\/\\\/www.organisator.ch\\\/#\\\/schema\\\/logo\\\/image\\\/\"},\"sameAs\":[\"https:\\\/\\\/www.facebook.com\\\/OrganisatorFachmagazin\",\"https:\\\/\\\/www.linkedin.com\\\/showcase\\\/organisator-das-magazin-fr-kmu\",\"https:\\\/\\\/www.xing.com\\\/news\\\/pages\\\/organisator-ch-695\",\"https:\\\/\\\/www.youtube.com\\\/channel\\\/UCGP2Sq0iWaZwT3BdIAQFYpw\"]},{\"@type\":\"Person\",\"@id\":\"https:\\\/\\\/www.organisator.ch\\\/#\\\/schema\\\/person\\\/6f650f90b2842cd4c0cc334b4e36f67e\",\"name\":\"thomas.berner\",\"image\":{\"@type\":\"ImageObject\",\"inLanguage\":\"fr-FR\",\"@id\":\"https:\\\/\\\/secure.gravatar.com\\\/avatar\\\/ac5001d2a36cb6c6cd3e50789007ffca834b477b74a2144564522e944eabff61?s=96&d=mm&r=g\",\"url\":\"https:\\\/\\\/secure.gravatar.com\\\/avatar\\\/ac5001d2a36cb6c6cd3e50789007ffca834b477b74a2144564522e944eabff61?s=96&d=mm&r=g\",\"contentUrl\":\"https:\\\/\\\/secure.gravatar.com\\\/avatar\\\/ac5001d2a36cb6c6cd3e50789007ffca834b477b74a2144564522e944eabff61?s=96&d=mm&r=g\",\"caption\":\"thomas.berner\"},\"url\":\"https:\\\/\\\/www.organisator.ch\\\/fr\\\/author\\\/thomas-berner\\\/\"}]}<\/script>\n<!-- \/ Yoast SEO plugin. -->","yoast_head_json":{"title":"En route pour la carri\u00e8re avec le syst\u00e8me de formation en alternance - Organisateur","description":"En combinant l'entreprise et l'\u00e9cole professionnelle, le syst\u00e8me de formation en alternance offre une formation de base de haut niveau pour la suite de la carri\u00e8re.","robots":{"index":"index","follow":"follow","max-snippet":"max-snippet:-1","max-image-preview":"max-image-preview:large","max-video-preview":"max-video-preview:-1"},"canonical":"https:\/\/www.organisator.ch\/fr\/formation-continue-2\/2022-09-30\/auf-karrierekurs-mit-dem-dualen-bildungssystem\/","og_locale":"fr_FR","og_type":"article","og_title":"Auf Karrierekurs mit dem dualen Bildungssystem - Organisator","og_description":"Mit der Kombination Betrieb und Berufsschule bietet das duale Bildungssystem eine hochstehende Grundbildung f\u00fcr den weiteren Karrierekurs.","og_url":"https:\/\/www.organisator.ch\/fr\/formation-continue-2\/2022-09-30\/auf-karrierekurs-mit-dem-dualen-bildungssystem\/","og_site_name":"Organisator","article_publisher":"https:\/\/www.facebook.com\/OrganisatorFachmagazin","article_published_time":"2022-09-30T13:00:27+00:00","og_image":[{"width":680,"height":479,"url":"https:\/\/www.organisator.ch\/wp-content\/uploads\/2022\/09\/Auf-Karrierekurs-mit-dem-dualen-Bildungssystem-1_Organisator.jpg","type":"image\/jpeg"}],"author":"thomas.berner","twitter_card":"summary_large_image","schema":{"@context":"https:\/\/schema.org","@graph":[{"@type":"Article","@id":"https:\/\/www.organisator.ch\/weiterbildung\/2022-09-30\/auf-karrierekurs-mit-dem-dualen-bildungssystem\/#article","isPartOf":{"@id":"https:\/\/www.organisator.ch\/weiterbildung\/2022-09-30\/auf-karrierekurs-mit-dem-dualen-bildungssystem\/"},"author":{"name":"thomas.berner","@id":"https:\/\/www.organisator.ch\/#\/schema\/person\/6f650f90b2842cd4c0cc334b4e36f67e"},"headline":"Auf Karrierekurs mit dem dualen Bildungssystem","datePublished":"2022-09-30T13:00:27+00:00","mainEntityOfPage":{"@id":"https:\/\/www.organisator.ch\/weiterbildung\/2022-09-30\/auf-karrierekurs-mit-dem-dualen-bildungssystem\/"},"wordCount":510,"publisher":{"@id":"https:\/\/www.organisator.ch\/#organization"},"image":{"@id":"https:\/\/www.organisator.ch\/weiterbildung\/2022-09-30\/auf-karrierekurs-mit-dem-dualen-bildungssystem\/#primaryimage"},"thumbnailUrl":"https:\/\/www.organisator.ch\/wp-content\/uploads\/2022\/09\/Auf-Karrierekurs-mit-dem-dualen-Bildungssystem-1_Organisator.jpg","keywords":["Aus-\/Weiterbildung","Karriere","Publireportage"],"articleSection":["WEITERBILDUNG"],"inLanguage":"fr-FR"},{"@type":"WebPage","@id":"https:\/\/www.organisator.ch\/weiterbildung\/2022-09-30\/auf-karrierekurs-mit-dem-dualen-bildungssystem\/","url":"https:\/\/www.organisator.ch\/weiterbildung\/2022-09-30\/auf-karrierekurs-mit-dem-dualen-bildungssystem\/","name":"En route pour la carri\u00e8re avec le syst\u00e8me de formation en alternance - Organisateur","isPartOf":{"@id":"https:\/\/www.organisator.ch\/#website"},"primaryImageOfPage":{"@id":"https:\/\/www.organisator.ch\/weiterbildung\/2022-09-30\/auf-karrierekurs-mit-dem-dualen-bildungssystem\/#primaryimage"},"image":{"@id":"https:\/\/www.organisator.ch\/weiterbildung\/2022-09-30\/auf-karrierekurs-mit-dem-dualen-bildungssystem\/#primaryimage"},"thumbnailUrl":"https:\/\/www.organisator.ch\/wp-content\/uploads\/2022\/09\/Auf-Karrierekurs-mit-dem-dualen-Bildungssystem-1_Organisator.jpg","datePublished":"2022-09-30T13:00:27+00:00","description":"En combinant l'entreprise et l'\u00e9cole professionnelle, le syst\u00e8me de formation en alternance offre une formation de base de haut niveau pour la suite de la carri\u00e8re.","breadcrumb":{"@id":"https:\/\/www.organisator.ch\/weiterbildung\/2022-09-30\/auf-karrierekurs-mit-dem-dualen-bildungssystem\/#breadcrumb"},"inLanguage":"fr-FR","potentialAction":[{"@type":"ReadAction","target":["https:\/\/www.organisator.ch\/weiterbildung\/2022-09-30\/auf-karrierekurs-mit-dem-dualen-bildungssystem\/"]}]},{"@type":"ImageObject","inLanguage":"fr-FR","@id":"https:\/\/www.organisator.ch\/weiterbildung\/2022-09-30\/auf-karrierekurs-mit-dem-dualen-bildungssystem\/#primaryimage","url":"https:\/\/www.organisator.ch\/wp-content\/uploads\/2022\/09\/Auf-Karrierekurs-mit-dem-dualen-Bildungssystem-1_Organisator.jpg","contentUrl":"https:\/\/www.organisator.ch\/wp-content\/uploads\/2022\/09\/Auf-Karrierekurs-mit-dem-dualen-Bildungssystem-1_Organisator.jpg","width":680,"height":479,"caption":"Den richtigen Weg auf dem Karrierekurs w\u00e4hlen: Das Schweizer Bildungssystem bietet viele M\u00f6glichkeiten. (Bild: Edupool.ch)"},{"@type":"BreadcrumbList","@id":"https:\/\/www.organisator.ch\/weiterbildung\/2022-09-30\/auf-karrierekurs-mit-dem-dualen-bildungssystem\/#breadcrumb","itemListElement":[{"@type":"ListItem","position":1,"name":"Home","item":"https:\/\/www.organisator.ch\/"},{"@type":"ListItem","position":2,"name":"Auf Karrierekurs mit dem dualen Bildungssystem"}]},{"@type":"WebSite","@id":"https:\/\/www.organisator.ch\/#website","url":"https:\/\/www.organisator.ch\/","name":"Organisateur","description":"Comp\u00e9tence et comp\u00e9tence. Proches de la pratique. L'ORGANISATEUR pr\u00e9pare 10 num\u00e9ros par an sur les th\u00e8mes essentiels pour les dirigeants de PME.","publisher":{"@id":"https:\/\/www.organisator.ch\/#organization"},"potentialAction":[{"@type":"SearchAction","target":{"@type":"EntryPoint","urlTemplate":"https:\/\/www.organisator.ch\/?s={search_term_string}"},"query-input":{"@type":"PropertyValueSpecification","valueRequired":true,"valueName":"search_term_string"}}],"inLanguage":"fr-FR"},{"@type":"Organization","@id":"https:\/\/www.organisator.ch\/#organization","name":"Organisateur","url":"https:\/\/www.organisator.ch\/","logo":{"@type":"ImageObject","inLanguage":"fr-FR","@id":"https:\/\/www.organisator.ch\/#\/schema\/logo\/image\/","url":"https:\/\/www.organisator.ch\/wp-content\/uploads\/2022\/01\/Logo_Organisator_Website.png","contentUrl":"https:\/\/www.organisator.ch\/wp-content\/uploads\/2022\/01\/Logo_Organisator_Website.png","width":800,"height":77,"caption":"Organisator"},"image":{"@id":"https:\/\/www.organisator.ch\/#\/schema\/logo\/image\/"},"sameAs":["https:\/\/www.facebook.com\/OrganisatorFachmagazin","https:\/\/www.linkedin.com\/showcase\/organisator-das-magazin-fr-kmu","https:\/\/www.xing.com\/news\/pages\/organisator-ch-695","https:\/\/www.youtube.com\/channel\/UCGP2Sq0iWaZwT3BdIAQFYpw"]},{"@type":"Person","@id":"https:\/\/www.organisator.ch\/#\/schema\/person\/6f650f90b2842cd4c0cc334b4e36f67e","name":"thomas.berner","image":{"@type":"ImageObject","inLanguage":"fr-FR","@id":"https:\/\/secure.gravatar.com\/avatar\/ac5001d2a36cb6c6cd3e50789007ffca834b477b74a2144564522e944eabff61?s=96&d=mm&r=g","url":"https:\/\/secure.gravatar.com\/avatar\/ac5001d2a36cb6c6cd3e50789007ffca834b477b74a2144564522e944eabff61?s=96&d=mm&r=g","contentUrl":"https:\/\/secure.gravatar.com\/avatar\/ac5001d2a36cb6c6cd3e50789007ffca834b477b74a2144564522e944eabff61?s=96&d=mm&r=g","caption":"thomas.berner"},"url":"https:\/\/www.organisator.ch\/fr\/author\/thomas-berner\/"}]}},"_links":{"self":[{"href":"https:\/\/www.organisator.ch\/fr\/wp-json\/wp\/v2\/posts\/17048","targetHints":{"allow":["GET"]}}],"collection":[{"href":"https:\/\/www.organisator.ch\/fr\/wp-json\/wp\/v2\/posts"}],"about":[{"href":"https:\/\/www.organisator.ch\/fr\/wp-json\/wp\/v2\/types\/post"}],"author":[{"embeddable":true,"href":"https:\/\/www.organisator.ch\/fr\/wp-json\/wp\/v2\/users\/4"}],"replies":[{"embeddable":true,"href":"https:\/\/www.organisator.ch\/fr\/wp-json\/wp\/v2\/comments?post=17048"}],"version-history":[{"count":10,"href":"https:\/\/www.organisator.ch\/fr\/wp-json\/wp\/v2\/posts\/17048\/revisions"}],"predecessor-version":[{"id":17068,"href":"https:\/\/www.organisator.ch\/fr\/wp-json\/wp\/v2\/posts\/17048\/revisions\/17068"}],"wp:featuredmedia":[{"embeddable":true,"href":"https:\/\/www.organisator.ch\/fr\/wp-json\/wp\/v2\/media\/17049"}],"wp:attachment":[{"href":"https:\/\/www.organisator.ch\/fr\/wp-json\/wp\/v2\/media?parent=17048"}],"wp:term":[{"taxonomy":"category","embeddable":true,"href":"https:\/\/www.organisator.ch\/fr\/wp-json\/wp\/v2\/categories?post=17048"},{"taxonomy":"post_tag","embeddable":true,"href":"https:\/\/www.organisator.ch\/fr\/wp-json\/wp\/v2\/tags?post=17048"}],"curies":[{"name":"wp","href":"https:\/\/api.w.org\/{rel}","templated":true}]}}