{"id":17082,"date":"2022-09-27T13:59:17","date_gmt":"2022-09-27T11:59:17","guid":{"rendered":"https:\/\/www.organisator.ch\/?p=17082"},"modified":"2022-09-27T13:59:17","modified_gmt":"2022-09-27T11:59:17","slug":"tedx-zu-digital-leadership-digitale-transformation-bedeutet-steter-wandel","status":"publish","type":"post","link":"https:\/\/www.organisator.ch\/fr\/weiterbildung\/2022-09-27\/tedx-zu-digital-leadership-digitale-transformation-bedeutet-steter-wandel\/","title":{"rendered":"TEDx sur le leadership num\u00e9rique : la transformation num\u00e9rique implique un changement constant"},"content":{"rendered":"<figure id=\"attachment_17083\" aria-describedby=\"caption-attachment-17083\" style=\"width: 680px\" class=\"wp-caption alignnone\"><img loading=\"lazy\" decoding=\"async\" class=\"size-medium wp-image-17083\" src=\"https:\/\/www.organisator.ch\/wp-content\/uploads\/2022\/09\/TEDx-zu-Digital-Leadership-Digitale-Transformation-bedeutet-steter-Wandel_Organisator-680x415.jpg\" alt=\"\" width=\"680\" height=\"415\" srcset=\"https:\/\/www.organisator.ch\/wp-content\/uploads\/2022\/09\/TEDx-zu-Digital-Leadership-Digitale-Transformation-bedeutet-steter-Wandel_Organisator-680x415.jpg 680w, https:\/\/www.organisator.ch\/wp-content\/uploads\/2022\/09\/TEDx-zu-Digital-Leadership-Digitale-Transformation-bedeutet-steter-Wandel_Organisator-1024x624.jpg 1024w, https:\/\/www.organisator.ch\/wp-content\/uploads\/2022\/09\/TEDx-zu-Digital-Leadership-Digitale-Transformation-bedeutet-steter-Wandel_Organisator-768x468.jpg 768w, https:\/\/www.organisator.ch\/wp-content\/uploads\/2022\/09\/TEDx-zu-Digital-Leadership-Digitale-Transformation-bedeutet-steter-Wandel_Organisator-18x12.jpg 18w, https:\/\/www.organisator.ch\/wp-content\/uploads\/2022\/09\/TEDx-zu-Digital-Leadership-Digitale-Transformation-bedeutet-steter-Wandel_Organisator-287x175.jpg 287w, https:\/\/www.organisator.ch\/wp-content\/uploads\/2022\/09\/TEDx-zu-Digital-Leadership-Digitale-Transformation-bedeutet-steter-Wandel_Organisator-574x350.jpg 574w, https:\/\/www.organisator.ch\/wp-content\/uploads\/2022\/09\/TEDx-zu-Digital-Leadership-Digitale-Transformation-bedeutet-steter-Wandel_Organisator-920x561.jpg 920w, https:\/\/www.organisator.ch\/wp-content\/uploads\/2022\/09\/TEDx-zu-Digital-Leadership-Digitale-Transformation-bedeutet-steter-Wandel_Organisator-300x183.jpg 300w, https:\/\/www.organisator.ch\/wp-content\/uploads\/2022\/09\/TEDx-zu-Digital-Leadership-Digitale-Transformation-bedeutet-steter-Wandel_Organisator.jpg 1125w\" sizes=\"auto, (max-width: 680px) 100vw, 680px\" \/><figcaption id=\"caption-attachment-17083\" class=\"wp-caption-text\">La HWZ organise l'\u00e9v\u00e9nement TEDxHWZ \"Enrich your mind\" en 2022. (Image : HWZ)<\/figcaption><\/figure>\n<p>Sous la direction des experts en leadership num\u00e9rique Sunnie J. Groeneveld, Manuel P. Nappo et Urs Bucher, des cadres, des lifelong learners et des experts en transformation num\u00e9rique participeront au troisi\u00e8me TEDxHWZ. Cette ann\u00e9e encore, ce TEDx se d\u00e9roulera sous une forme hybride \u00e0 la HWZ, avec un nombre de places limit\u00e9 et en ligne via le livestream. Avec dix contributions sur le th\u00e8me \"Enrich your mind\", des orateurs et oratrices chevronn\u00e9s inspireront et enthousiasmeront leur public le samedi 26 novembre 2022 avec des histoires passionnantes et des id\u00e9es r\u00e9volutionnaires. Lors de cette manifestation hybride, le public profitera des nombreux th\u00e8mes de discussion ainsi que de la possibilit\u00e9 d'\u00e9changer en direct et de mani\u00e8re interactive avec les participants et les intervenants dans des forums de discussion num\u00e9riques. Une mise en r\u00e9seau des personnes en vue de futures possibilit\u00e9s de coop\u00e9ration est ainsi encourag\u00e9e.<\/p>\n<h3><strong>Quels sont les objectifs de TEDxHWZ ? <\/strong><\/h3>\n<p>Dans le cadre de l'Executive MBA Digital Leadership HWZ, les \u00e9tudiants organisent leur propre \u00e9v\u00e9nement TEDx (universitaire). La HWZ est ainsi la premi\u00e8re haute \u00e9cole suisse \u00e0 avoir int\u00e9gr\u00e9 ce d\u00e9fi comme partie int\u00e9grante du programme d'\u00e9tudes. Les enseignants et les responsables de la fili\u00e8re inspirent et motivent les participants \u00e0 l'Executive MBA Digital Leadership \u00e0 d\u00e9velopper leur propre perspective sur les comp\u00e9tences de direction dans un avenir num\u00e9rique. En tant que Digital Leader, l'\u00e9quipe de TEDxHWZ 2022 souhaite pr\u00e9senter au public int\u00e9ress\u00e9 des id\u00e9es qui m\u00e9ritent d'\u00eatre transmises. L'\u00e9v\u00e9nement consiste en une s\u00e9rie de conf\u00e9rences et de performances dans le format bien connu de TED(x).<\/p>\n<p>Cette ann\u00e9e, TEDxHWZ se consacre \u00e0 la r\u00e9alit\u00e9 d'aujourd'hui, marqu\u00e9e par des \u00e9v\u00e9nements turbulents, qui deviennent ainsi la nouvelle normalit\u00e9. Il s'agit d'une multitude de d\u00e9fis qui s'influencent mutuellement. Cela exige \u00e0 son tour une r\u00e9silience individuelle. Relever ces d\u00e9fis exige une nouvelle approche et une nouvelle fa\u00e7on de penser. Les \u00e9quipes collaboratives et interdisciplinaires, avec leur intelligence collective, sont les mieux plac\u00e9es pour r\u00e9soudre des t\u00e2ches complexes dans un contexte syst\u00e9mique. Un changement et une adaptation permanents sont exig\u00e9s, ce qui fait de l'apprentissage tout au long de la vie une t\u00e2che permanente.<\/p>\n<h3><strong>Des orateurs de renom sur sc\u00e8ne<\/strong><\/h3>\n<p>Les dix intervenants, avec leurs histoires et leurs id\u00e9es passionnantes, montrent \u00e0 quel point il est important d'adopter diff\u00e9rentes perspectives dans la construction de notre avenir. Entre autres<strong> Nicolas Huxley <\/strong>en tant que conf\u00e9rencier. Il est entrepreneur et a fond\u00e9 au Cambodge l'entreprise de recyclage Elephbo, l'application d'\u00e9conomie circulaire TauschToni et une start-up de gadgets durables appel\u00e9e LilyBeKind. Il se consid\u00e8re comme un aventurier qui a d\u00e9j\u00e0 parcouru quatre continents \u00e0 v\u00e9lo et s'engage avec passion pour faire la diff\u00e9rence dans les pays en d\u00e9veloppement. Dans son expos\u00e9, il montrera comment le manque de concentration est un risque pour toute personne enthousiaste, tout cr\u00e9ateur curieux et tout entrepreneur. \"L'ardeur \u00e0 construire quelque chose de nouveau et \u00e0 saisir rapidement les opportunit\u00e9s comporte des pi\u00e8ges qui sont souvent sous-estim\u00e9s. Surtout dans les premi\u00e8res ann\u00e9es des start-ups, des dangers se cachent \u00e0 chaque coin de rue et doivent \u00eatre contourn\u00e9s efficacement\", souligne Nicolas Huxley. Nicolas Huxley parle de l'acte d'\u00e9quilibre du pivotement et de la pers\u00e9v\u00e9rance sur la base d'exp\u00e9riences authentiques tir\u00e9es de son parcours entrepreneurial. \"La focalisation est la cl\u00e9 des synergies magiques, c'est la base fondamentale pour devenir la personne go-to connue pour un sujet, et soudain les points se connectent d'eux-m\u00eames\", souligne Nicolas Huxley.<\/p>\n<p>De plus<strong> Suba Umathevan <\/strong>sur la sc\u00e8ne TEDx. Elle est titulaire d'un master en relations internationales avec sp\u00e9cialisation en droit international de l'Institut de hautes \u00e9tudes internationales et du d\u00e9veloppement de Gen\u00e8ve. Au cours de sa carri\u00e8re de plus de dix ans dans la gestion d'organisations \u00e0 but non lucratif, elle s'est concentr\u00e9e sur les droits des femmes et des enfants. Elle a \u00e9galement dirig\u00e9 des programmes de d\u00e9veloppement dans de nombreux pays d'Afrique, d'Asie et d'Am\u00e9rique du Sud et a formul\u00e9 des strat\u00e9gies pour aider les managers \u00e0 identifier les m\u00e9gatendances mondiales et \u00e0 se pr\u00e9parer aux changements. Avant de rejoindre la DROSOS FOUNDATION, Suba Umathevan a dirig\u00e9 Plan International Suisse, une organisation qui s'engage pour les droits des enfants et l'\u00e9galit\u00e9 des chances pour les filles. Suba Umathevan est membre de l'Assembl\u00e9e du Comit\u00e9 international du CICR. Elle parlera de la mani\u00e8re dont elle g\u00e8re son identit\u00e9 culturelle et sa diversit\u00e9. \"Ce que je consid\u00e9rais comme une faiblesse dans son enfance s'est transform\u00e9 en forces gr\u00e2ce \u00e0 sa propre authenticit\u00e9. La confrontation avec sa propre histoire a contribu\u00e9 \u00e0 faire tomber les barri\u00e8res culturelles et les normes sociales\", explique Suba Umathevan.<\/p>\n<p>Aussi <strong>Dr. Sarah Genner <\/strong>fera partie de TEDxHWZ. Sarah Genner est une experte num\u00e9rique confirm\u00e9e, conseill\u00e8re, membre du comit\u00e9 directeur de Zurich et directrice de fili\u00e8re \u00e0 la HWZ. Elle a obtenu tr\u00e8s t\u00f4t un doctorat en recherche sur Internet, enseigne dans diff\u00e9rentes universit\u00e9s et est conf\u00e9renci\u00e8re d'honneur. Elle se passionne pour les technologies num\u00e9riques et leurs effets complexes sur la soci\u00e9t\u00e9 et le monde du travail. Dans son TEDx Talk, elle montre comment nous devrions g\u00e9rer les possibilit\u00e9s infinies en fonction des ressources, lorsque nous sommes connect\u00e9s 24 heures sur 24. La question se pose de savoir si davantage de technologie nous rendra infiniment plus productifs. \"Dans la recherche d'une bonne vie num\u00e9rique, il s'agit de peser les risques et les avantages des technologies num\u00e9riques - dans notre vie priv\u00e9e et dans la collaboration dans le monde du travail\", souligne Sarah Genner.<\/p>\n<p><em>Plus d'informations : <\/em><em><a href=\"http:\/\/www.tedxhwz.ch\">www.tedxhwz.ch<\/a><\/em><\/p>","protected":false},"excerpt":{"rendered":"<p>Unter der Leitung der Digital Leadership Expert:innen Sunnie J. Groeneveld, Manuel P. Nappo und Urs Bucher bestreiten F\u00fchrungskr\u00e4fte, Lifelong Learners und Digital Transformation Expert:innen den dritten TEDxHWZ. Auch in diesem Jahr wird dieser TEDx in hybrider Form an der HWZ mit beschr\u00e4nkter Platzzahl und online via Livestream durchgef\u00fchrt. Mit zehn Beitr\u00e4gen zum Thema \u00abEnrich your [&hellip;]<\/p>\n","protected":false},"author":4,"featured_media":17083,"comment_status":"closed","ping_status":"closed","sticky":false,"template":"","format":"standard","meta":{"_acf_changed":false,"_yoast_wpseo_focuskw":"TEDx","_yoast_wpseo_metadesc":"Die Studiengruppe des Executive MBA Digital Leadership der HWZ organisiert im Rahmen ihrer Weiterbildung den n\u00e4chsten TEDx-Event.","articlekey":"","footnotes":""},"categories":[30],"tags":[62,982,156,188,192],"class_list":["post-17082","post","type-post","status-publish","format-standard","has-post-thumbnail","hentry","category-weiterbildung","tag-aus-weiterbildung","tag-digital-leadership","tag-digitalisierung","tag-events","tag-fachhochschulen"],"acf":[],"yoast_head":"<!-- This site is optimized with the Yoast SEO plugin v27.5 - https:\/\/yoast.com\/product\/yoast-seo-wordpress\/ -->\n<title>TEDx zu Digital Leadership: Digitale Transformation bedeutet steter Wandel - Organisator<\/title>\n<meta name=\"description\" content=\"Die Studiengruppe des Executive MBA Digital Leadership der HWZ organisiert im Rahmen ihrer Weiterbildung den n\u00e4chsten TEDx-Event.\" \/>\n<meta name=\"robots\" content=\"index, follow, max-snippet:-1, max-image-preview:large, max-video-preview:-1\" \/>\n<link rel=\"canonical\" href=\"https:\/\/www.organisator.ch\/fr\/formation-continue-2\/2022-09-27\/tedx-zu-digital-leadership-digitale-transformation-bedeutet-steter-wandel\/\" \/>\n<meta property=\"og:locale\" content=\"fr_FR\" \/>\n<meta property=\"og:type\" content=\"article\" \/>\n<meta property=\"og:title\" content=\"TEDx zu Digital Leadership: Digitale Transformation bedeutet steter Wandel\" \/>\n<meta property=\"og:description\" content=\"Die Studiengruppe des Executive MBA Digital Leadership der HWZ organisiert im Rahmen ihrer Weiterbildung den n\u00e4chsten TEDx-Event.\" \/>\n<meta property=\"og:url\" content=\"https:\/\/www.organisator.ch\/fr\/formation-continue-2\/2022-09-27\/tedx-zu-digital-leadership-digitale-transformation-bedeutet-steter-wandel\/\" \/>\n<meta property=\"og:site_name\" content=\"Organisator\" \/>\n<meta property=\"article:publisher\" content=\"https:\/\/www.facebook.com\/OrganisatorFachmagazin\" \/>\n<meta property=\"article:published_time\" content=\"2022-09-27T11:59:17+00:00\" \/>\n<meta property=\"og:image\" content=\"https:\/\/www.organisator.ch\/wp-content\/uploads\/2022\/09\/TEDx-zu-Digital-Leadership-Digitale-Transformation-bedeutet-steter-Wandel_Organisator.jpg\" \/>\n\t<meta property=\"og:image:width\" content=\"1125\" \/>\n\t<meta property=\"og:image:height\" content=\"686\" \/>\n\t<meta property=\"og:image:type\" content=\"image\/jpeg\" \/>\n<meta name=\"author\" content=\"thomas.berner\" \/>\n<meta name=\"twitter:card\" content=\"summary_large_image\" \/>\n<meta name=\"twitter:title\" content=\"#TEDx zu Digital Leadership: Digitale #Transformation bedeutet steter Wandel\" \/>\n<meta name=\"twitter:description\" content=\"Die #Studiengruppe des Executive #MBA Digital #Leadership der #HWZ organisiert im Rahmen ihrer Weiterbildung den n\u00e4chsten #TEDx-Event.\" \/>\n<meta name=\"twitter:image\" content=\"https:\/\/www.organisator.ch\/wp-content\/uploads\/2022\/09\/TEDx-zu-Digital-Leadership-Digitale-Transformation-bedeutet-steter-Wandel_Organisator.jpg\" \/>\n<script type=\"application\/ld+json\" class=\"yoast-schema-graph\">{\"@context\":\"https:\\\/\\\/schema.org\",\"@graph\":[{\"@type\":\"Article\",\"@id\":\"https:\\\/\\\/www.organisator.ch\\\/weiterbildung\\\/2022-09-27\\\/tedx-zu-digital-leadership-digitale-transformation-bedeutet-steter-wandel\\\/#article\",\"isPartOf\":{\"@id\":\"https:\\\/\\\/www.organisator.ch\\\/weiterbildung\\\/2022-09-27\\\/tedx-zu-digital-leadership-digitale-transformation-bedeutet-steter-wandel\\\/\"},\"author\":{\"name\":\"thomas.berner\",\"@id\":\"https:\\\/\\\/www.organisator.ch\\\/#\\\/schema\\\/person\\\/6f650f90b2842cd4c0cc334b4e36f67e\"},\"headline\":\"TEDx zu Digital Leadership: Digitale Transformation bedeutet steter Wandel\",\"datePublished\":\"2022-09-27T11:59:17+00:00\",\"mainEntityOfPage\":{\"@id\":\"https:\\\/\\\/www.organisator.ch\\\/weiterbildung\\\/2022-09-27\\\/tedx-zu-digital-leadership-digitale-transformation-bedeutet-steter-wandel\\\/\"},\"wordCount\":850,\"publisher\":{\"@id\":\"https:\\\/\\\/www.organisator.ch\\\/#organization\"},\"image\":{\"@id\":\"https:\\\/\\\/www.organisator.ch\\\/weiterbildung\\\/2022-09-27\\\/tedx-zu-digital-leadership-digitale-transformation-bedeutet-steter-wandel\\\/#primaryimage\"},\"thumbnailUrl\":\"https:\\\/\\\/www.organisator.ch\\\/wp-content\\\/uploads\\\/2022\\\/09\\\/TEDx-zu-Digital-Leadership-Digitale-Transformation-bedeutet-steter-Wandel_Organisator.jpg\",\"keywords\":[\"Aus-\\\/Weiterbildung\",\"Digital Leadership\",\"Digitalisierung\",\"Events\",\"Fachhochschulen\"],\"articleSection\":[\"WEITERBILDUNG\"],\"inLanguage\":\"fr-FR\"},{\"@type\":\"WebPage\",\"@id\":\"https:\\\/\\\/www.organisator.ch\\\/weiterbildung\\\/2022-09-27\\\/tedx-zu-digital-leadership-digitale-transformation-bedeutet-steter-wandel\\\/\",\"url\":\"https:\\\/\\\/www.organisator.ch\\\/weiterbildung\\\/2022-09-27\\\/tedx-zu-digital-leadership-digitale-transformation-bedeutet-steter-wandel\\\/\",\"name\":\"TEDx zu Digital Leadership: Digitale Transformation bedeutet steter Wandel - Organisator\",\"isPartOf\":{\"@id\":\"https:\\\/\\\/www.organisator.ch\\\/#website\"},\"primaryImageOfPage\":{\"@id\":\"https:\\\/\\\/www.organisator.ch\\\/weiterbildung\\\/2022-09-27\\\/tedx-zu-digital-leadership-digitale-transformation-bedeutet-steter-wandel\\\/#primaryimage\"},\"image\":{\"@id\":\"https:\\\/\\\/www.organisator.ch\\\/weiterbildung\\\/2022-09-27\\\/tedx-zu-digital-leadership-digitale-transformation-bedeutet-steter-wandel\\\/#primaryimage\"},\"thumbnailUrl\":\"https:\\\/\\\/www.organisator.ch\\\/wp-content\\\/uploads\\\/2022\\\/09\\\/TEDx-zu-Digital-Leadership-Digitale-Transformation-bedeutet-steter-Wandel_Organisator.jpg\",\"datePublished\":\"2022-09-27T11:59:17+00:00\",\"description\":\"Die Studiengruppe des Executive MBA Digital Leadership der HWZ organisiert im Rahmen ihrer Weiterbildung den n\u00e4chsten TEDx-Event.\",\"breadcrumb\":{\"@id\":\"https:\\\/\\\/www.organisator.ch\\\/weiterbildung\\\/2022-09-27\\\/tedx-zu-digital-leadership-digitale-transformation-bedeutet-steter-wandel\\\/#breadcrumb\"},\"inLanguage\":\"fr-FR\",\"potentialAction\":[{\"@type\":\"ReadAction\",\"target\":[\"https:\\\/\\\/www.organisator.ch\\\/weiterbildung\\\/2022-09-27\\\/tedx-zu-digital-leadership-digitale-transformation-bedeutet-steter-wandel\\\/\"]}]},{\"@type\":\"ImageObject\",\"inLanguage\":\"fr-FR\",\"@id\":\"https:\\\/\\\/www.organisator.ch\\\/weiterbildung\\\/2022-09-27\\\/tedx-zu-digital-leadership-digitale-transformation-bedeutet-steter-wandel\\\/#primaryimage\",\"url\":\"https:\\\/\\\/www.organisator.ch\\\/wp-content\\\/uploads\\\/2022\\\/09\\\/TEDx-zu-Digital-Leadership-Digitale-Transformation-bedeutet-steter-Wandel_Organisator.jpg\",\"contentUrl\":\"https:\\\/\\\/www.organisator.ch\\\/wp-content\\\/uploads\\\/2022\\\/09\\\/TEDx-zu-Digital-Leadership-Digitale-Transformation-bedeutet-steter-Wandel_Organisator.jpg\",\"width\":1125,\"height\":686,\"caption\":\"Die HWZ organisiert den TEDxHWZ-Event \u00abEnrich your mind\u00bb 2022. (Bild: HWZ)\"},{\"@type\":\"BreadcrumbList\",\"@id\":\"https:\\\/\\\/www.organisator.ch\\\/weiterbildung\\\/2022-09-27\\\/tedx-zu-digital-leadership-digitale-transformation-bedeutet-steter-wandel\\\/#breadcrumb\",\"itemListElement\":[{\"@type\":\"ListItem\",\"position\":1,\"name\":\"Home\",\"item\":\"https:\\\/\\\/www.organisator.ch\\\/\"},{\"@type\":\"ListItem\",\"position\":2,\"name\":\"TEDx zu Digital Leadership: Digitale Transformation bedeutet steter Wandel\"}]},{\"@type\":\"WebSite\",\"@id\":\"https:\\\/\\\/www.organisator.ch\\\/#website\",\"url\":\"https:\\\/\\\/www.organisator.ch\\\/\",\"name\":\"Organisator\",\"description\":\"Kompetent. Praxisnah. Der ORGANISATOR bereitet in 10 Ausgaben pro Jahr die wesentlichen Themen f\u00fcr F\u00fchrungskr\u00e4fte von KMU auf.\",\"publisher\":{\"@id\":\"https:\\\/\\\/www.organisator.ch\\\/#organization\"},\"potentialAction\":[{\"@type\":\"SearchAction\",\"target\":{\"@type\":\"EntryPoint\",\"urlTemplate\":\"https:\\\/\\\/www.organisator.ch\\\/?s={search_term_string}\"},\"query-input\":{\"@type\":\"PropertyValueSpecification\",\"valueRequired\":true,\"valueName\":\"search_term_string\"}}],\"inLanguage\":\"fr-FR\"},{\"@type\":\"Organization\",\"@id\":\"https:\\\/\\\/www.organisator.ch\\\/#organization\",\"name\":\"Organisator\",\"url\":\"https:\\\/\\\/www.organisator.ch\\\/\",\"logo\":{\"@type\":\"ImageObject\",\"inLanguage\":\"fr-FR\",\"@id\":\"https:\\\/\\\/www.organisator.ch\\\/#\\\/schema\\\/logo\\\/image\\\/\",\"url\":\"https:\\\/\\\/www.organisator.ch\\\/wp-content\\\/uploads\\\/2022\\\/01\\\/Logo_Organisator_Website.png\",\"contentUrl\":\"https:\\\/\\\/www.organisator.ch\\\/wp-content\\\/uploads\\\/2022\\\/01\\\/Logo_Organisator_Website.png\",\"width\":800,\"height\":77,\"caption\":\"Organisator\"},\"image\":{\"@id\":\"https:\\\/\\\/www.organisator.ch\\\/#\\\/schema\\\/logo\\\/image\\\/\"},\"sameAs\":[\"https:\\\/\\\/www.facebook.com\\\/OrganisatorFachmagazin\",\"https:\\\/\\\/www.linkedin.com\\\/showcase\\\/organisator-das-magazin-fr-kmu\",\"https:\\\/\\\/www.xing.com\\\/news\\\/pages\\\/organisator-ch-695\",\"https:\\\/\\\/www.youtube.com\\\/channel\\\/UCGP2Sq0iWaZwT3BdIAQFYpw\"]},{\"@type\":\"Person\",\"@id\":\"https:\\\/\\\/www.organisator.ch\\\/#\\\/schema\\\/person\\\/6f650f90b2842cd4c0cc334b4e36f67e\",\"name\":\"thomas.berner\",\"image\":{\"@type\":\"ImageObject\",\"inLanguage\":\"fr-FR\",\"@id\":\"https:\\\/\\\/secure.gravatar.com\\\/avatar\\\/ac5001d2a36cb6c6cd3e50789007ffca834b477b74a2144564522e944eabff61?s=96&d=mm&r=g\",\"url\":\"https:\\\/\\\/secure.gravatar.com\\\/avatar\\\/ac5001d2a36cb6c6cd3e50789007ffca834b477b74a2144564522e944eabff61?s=96&d=mm&r=g\",\"contentUrl\":\"https:\\\/\\\/secure.gravatar.com\\\/avatar\\\/ac5001d2a36cb6c6cd3e50789007ffca834b477b74a2144564522e944eabff61?s=96&d=mm&r=g\",\"caption\":\"thomas.berner\"},\"url\":\"https:\\\/\\\/www.organisator.ch\\\/fr\\\/author\\\/thomas-berner\\\/\"}]}<\/script>\n<!-- \/ Yoast SEO plugin. -->","yoast_head_json":{"title":"TEDx sur le leadership num\u00e9rique : la transformation num\u00e9rique implique un changement constant - Organisateur","description":"Le groupe d'\u00e9tude de l'Executive MBA Digital Leadership de la HWZ organise le prochain \u00e9v\u00e9nement TEDx dans le cadre de sa formation continue.","robots":{"index":"index","follow":"follow","max-snippet":"max-snippet:-1","max-image-preview":"max-image-preview:large","max-video-preview":"max-video-preview:-1"},"canonical":"https:\/\/www.organisator.ch\/fr\/formation-continue-2\/2022-09-27\/tedx-zu-digital-leadership-digitale-transformation-bedeutet-steter-wandel\/","og_locale":"fr_FR","og_type":"article","og_title":"TEDx zu Digital Leadership: Digitale Transformation bedeutet steter Wandel","og_description":"Die Studiengruppe des Executive MBA Digital Leadership der HWZ organisiert im Rahmen ihrer Weiterbildung den n\u00e4chsten TEDx-Event.","og_url":"https:\/\/www.organisator.ch\/fr\/formation-continue-2\/2022-09-27\/tedx-zu-digital-leadership-digitale-transformation-bedeutet-steter-wandel\/","og_site_name":"Organisator","article_publisher":"https:\/\/www.facebook.com\/OrganisatorFachmagazin","article_published_time":"2022-09-27T11:59:17+00:00","og_image":[{"width":1125,"height":686,"url":"https:\/\/www.organisator.ch\/wp-content\/uploads\/2022\/09\/TEDx-zu-Digital-Leadership-Digitale-Transformation-bedeutet-steter-Wandel_Organisator.jpg","type":"image\/jpeg"}],"author":"thomas.berner","twitter_card":"summary_large_image","twitter_title":"#TEDx zu Digital Leadership: Digitale #Transformation bedeutet steter Wandel","twitter_description":"Die #Studiengruppe des Executive #MBA Digital #Leadership der #HWZ organisiert im Rahmen ihrer Weiterbildung den n\u00e4chsten #TEDx-Event.","twitter_image":"https:\/\/www.organisator.ch\/wp-content\/uploads\/2022\/09\/TEDx-zu-Digital-Leadership-Digitale-Transformation-bedeutet-steter-Wandel_Organisator.jpg","schema":{"@context":"https:\/\/schema.org","@graph":[{"@type":"Article","@id":"https:\/\/www.organisator.ch\/weiterbildung\/2022-09-27\/tedx-zu-digital-leadership-digitale-transformation-bedeutet-steter-wandel\/#article","isPartOf":{"@id":"https:\/\/www.organisator.ch\/weiterbildung\/2022-09-27\/tedx-zu-digital-leadership-digitale-transformation-bedeutet-steter-wandel\/"},"author":{"name":"thomas.berner","@id":"https:\/\/www.organisator.ch\/#\/schema\/person\/6f650f90b2842cd4c0cc334b4e36f67e"},"headline":"TEDx zu Digital Leadership: Digitale Transformation bedeutet steter Wandel","datePublished":"2022-09-27T11:59:17+00:00","mainEntityOfPage":{"@id":"https:\/\/www.organisator.ch\/weiterbildung\/2022-09-27\/tedx-zu-digital-leadership-digitale-transformation-bedeutet-steter-wandel\/"},"wordCount":850,"publisher":{"@id":"https:\/\/www.organisator.ch\/#organization"},"image":{"@id":"https:\/\/www.organisator.ch\/weiterbildung\/2022-09-27\/tedx-zu-digital-leadership-digitale-transformation-bedeutet-steter-wandel\/#primaryimage"},"thumbnailUrl":"https:\/\/www.organisator.ch\/wp-content\/uploads\/2022\/09\/TEDx-zu-Digital-Leadership-Digitale-Transformation-bedeutet-steter-Wandel_Organisator.jpg","keywords":["Aus-\/Weiterbildung","Digital Leadership","Digitalisierung","Events","Fachhochschulen"],"articleSection":["WEITERBILDUNG"],"inLanguage":"fr-FR"},{"@type":"WebPage","@id":"https:\/\/www.organisator.ch\/weiterbildung\/2022-09-27\/tedx-zu-digital-leadership-digitale-transformation-bedeutet-steter-wandel\/","url":"https:\/\/www.organisator.ch\/weiterbildung\/2022-09-27\/tedx-zu-digital-leadership-digitale-transformation-bedeutet-steter-wandel\/","name":"TEDx sur le leadership num\u00e9rique : la transformation num\u00e9rique implique un changement constant - Organisateur","isPartOf":{"@id":"https:\/\/www.organisator.ch\/#website"},"primaryImageOfPage":{"@id":"https:\/\/www.organisator.ch\/weiterbildung\/2022-09-27\/tedx-zu-digital-leadership-digitale-transformation-bedeutet-steter-wandel\/#primaryimage"},"image":{"@id":"https:\/\/www.organisator.ch\/weiterbildung\/2022-09-27\/tedx-zu-digital-leadership-digitale-transformation-bedeutet-steter-wandel\/#primaryimage"},"thumbnailUrl":"https:\/\/www.organisator.ch\/wp-content\/uploads\/2022\/09\/TEDx-zu-Digital-Leadership-Digitale-Transformation-bedeutet-steter-Wandel_Organisator.jpg","datePublished":"2022-09-27T11:59:17+00:00","description":"Le groupe d'\u00e9tude de l'Executive MBA Digital Leadership de la HWZ organise le prochain \u00e9v\u00e9nement TEDx dans le cadre de sa formation continue.","breadcrumb":{"@id":"https:\/\/www.organisator.ch\/weiterbildung\/2022-09-27\/tedx-zu-digital-leadership-digitale-transformation-bedeutet-steter-wandel\/#breadcrumb"},"inLanguage":"fr-FR","potentialAction":[{"@type":"ReadAction","target":["https:\/\/www.organisator.ch\/weiterbildung\/2022-09-27\/tedx-zu-digital-leadership-digitale-transformation-bedeutet-steter-wandel\/"]}]},{"@type":"ImageObject","inLanguage":"fr-FR","@id":"https:\/\/www.organisator.ch\/weiterbildung\/2022-09-27\/tedx-zu-digital-leadership-digitale-transformation-bedeutet-steter-wandel\/#primaryimage","url":"https:\/\/www.organisator.ch\/wp-content\/uploads\/2022\/09\/TEDx-zu-Digital-Leadership-Digitale-Transformation-bedeutet-steter-Wandel_Organisator.jpg","contentUrl":"https:\/\/www.organisator.ch\/wp-content\/uploads\/2022\/09\/TEDx-zu-Digital-Leadership-Digitale-Transformation-bedeutet-steter-Wandel_Organisator.jpg","width":1125,"height":686,"caption":"Die HWZ organisiert den TEDxHWZ-Event \u00abEnrich your mind\u00bb 2022. (Bild: HWZ)"},{"@type":"BreadcrumbList","@id":"https:\/\/www.organisator.ch\/weiterbildung\/2022-09-27\/tedx-zu-digital-leadership-digitale-transformation-bedeutet-steter-wandel\/#breadcrumb","itemListElement":[{"@type":"ListItem","position":1,"name":"Home","item":"https:\/\/www.organisator.ch\/"},{"@type":"ListItem","position":2,"name":"TEDx zu Digital Leadership: Digitale Transformation bedeutet steter Wandel"}]},{"@type":"WebSite","@id":"https:\/\/www.organisator.ch\/#website","url":"https:\/\/www.organisator.ch\/","name":"Organisateur","description":"Comp\u00e9tence et comp\u00e9tence. Proches de la pratique. L'ORGANISATEUR pr\u00e9pare 10 num\u00e9ros par an sur les th\u00e8mes essentiels pour les dirigeants de PME.","publisher":{"@id":"https:\/\/www.organisator.ch\/#organization"},"potentialAction":[{"@type":"SearchAction","target":{"@type":"EntryPoint","urlTemplate":"https:\/\/www.organisator.ch\/?s={search_term_string}"},"query-input":{"@type":"PropertyValueSpecification","valueRequired":true,"valueName":"search_term_string"}}],"inLanguage":"fr-FR"},{"@type":"Organization","@id":"https:\/\/www.organisator.ch\/#organization","name":"Organisateur","url":"https:\/\/www.organisator.ch\/","logo":{"@type":"ImageObject","inLanguage":"fr-FR","@id":"https:\/\/www.organisator.ch\/#\/schema\/logo\/image\/","url":"https:\/\/www.organisator.ch\/wp-content\/uploads\/2022\/01\/Logo_Organisator_Website.png","contentUrl":"https:\/\/www.organisator.ch\/wp-content\/uploads\/2022\/01\/Logo_Organisator_Website.png","width":800,"height":77,"caption":"Organisator"},"image":{"@id":"https:\/\/www.organisator.ch\/#\/schema\/logo\/image\/"},"sameAs":["https:\/\/www.facebook.com\/OrganisatorFachmagazin","https:\/\/www.linkedin.com\/showcase\/organisator-das-magazin-fr-kmu","https:\/\/www.xing.com\/news\/pages\/organisator-ch-695","https:\/\/www.youtube.com\/channel\/UCGP2Sq0iWaZwT3BdIAQFYpw"]},{"@type":"Person","@id":"https:\/\/www.organisator.ch\/#\/schema\/person\/6f650f90b2842cd4c0cc334b4e36f67e","name":"thomas.berner","image":{"@type":"ImageObject","inLanguage":"fr-FR","@id":"https:\/\/secure.gravatar.com\/avatar\/ac5001d2a36cb6c6cd3e50789007ffca834b477b74a2144564522e944eabff61?s=96&d=mm&r=g","url":"https:\/\/secure.gravatar.com\/avatar\/ac5001d2a36cb6c6cd3e50789007ffca834b477b74a2144564522e944eabff61?s=96&d=mm&r=g","contentUrl":"https:\/\/secure.gravatar.com\/avatar\/ac5001d2a36cb6c6cd3e50789007ffca834b477b74a2144564522e944eabff61?s=96&d=mm&r=g","caption":"thomas.berner"},"url":"https:\/\/www.organisator.ch\/fr\/author\/thomas-berner\/"}]}},"_links":{"self":[{"href":"https:\/\/www.organisator.ch\/fr\/wp-json\/wp\/v2\/posts\/17082","targetHints":{"allow":["GET"]}}],"collection":[{"href":"https:\/\/www.organisator.ch\/fr\/wp-json\/wp\/v2\/posts"}],"about":[{"href":"https:\/\/www.organisator.ch\/fr\/wp-json\/wp\/v2\/types\/post"}],"author":[{"embeddable":true,"href":"https:\/\/www.organisator.ch\/fr\/wp-json\/wp\/v2\/users\/4"}],"replies":[{"embeddable":true,"href":"https:\/\/www.organisator.ch\/fr\/wp-json\/wp\/v2\/comments?post=17082"}],"version-history":[{"count":1,"href":"https:\/\/www.organisator.ch\/fr\/wp-json\/wp\/v2\/posts\/17082\/revisions"}],"predecessor-version":[{"id":17084,"href":"https:\/\/www.organisator.ch\/fr\/wp-json\/wp\/v2\/posts\/17082\/revisions\/17084"}],"wp:featuredmedia":[{"embeddable":true,"href":"https:\/\/www.organisator.ch\/fr\/wp-json\/wp\/v2\/media\/17083"}],"wp:attachment":[{"href":"https:\/\/www.organisator.ch\/fr\/wp-json\/wp\/v2\/media?parent=17082"}],"wp:term":[{"taxonomy":"category","embeddable":true,"href":"https:\/\/www.organisator.ch\/fr\/wp-json\/wp\/v2\/categories?post=17082"},{"taxonomy":"post_tag","embeddable":true,"href":"https:\/\/www.organisator.ch\/fr\/wp-json\/wp\/v2\/tags?post=17082"}],"curies":[{"name":"wp","href":"https:\/\/api.w.org\/{rel}","templated":true}]}}