{"id":17089,"date":"2022-09-27T14:20:23","date_gmt":"2022-09-27T12:20:23","guid":{"rendered":"https:\/\/www.werbewoche.ch\/?p=187176"},"modified":"2024-11-21T08:18:37","modified_gmt":"2024-11-21T07:18:37","slug":"credit-suisse-und-tbwazuerich-wuerdigen-roger-federer","status":"publish","type":"post","link":"https:\/\/www.organisator.ch\/fr\/marketing\/2022-09-27\/credit-suisse-und-tbwazuerich-wuerdigen-roger-federer\/","title":{"rendered":"Le Credit Suisse et TBWA\\NZurich rendent hommage \u00e0 Roger Federer"},"content":{"rendered":"<p><img class=\"aligncenter wp-image-187177 size-full\" src=\"https:\/\/www.werbewoche.ch\/wp-content\/uploads\/2022\/09\/CS_Sponsoring_RetirementRF_MockUpAnzeigen.jpg\" alt=\"Credit Suisse Roger\" width=\"1200\" height=\"800\" \/><\/p>\r\n<p>Il ne s'agit pas d'un v\u00e9ritable d\u00e9part. Selon ses propres indications, la banque restera aux c\u00f4t\u00e9s de Roger Federer. Le Credit Suisse est convaincu que ses qualit\u00e9s feront bouger les choses, et pas seulement dans le tennis professionnel. Car les personnes partent \u00e0 la retraite - pas la personnalit\u00e9.<\/p>\r\n<p>C'est dans cette optique qu'est n\u00e9e la campagne autour de l'annonce de sa retraite et de la Laver Cup : \"Attitude never retires\". Le jour suivant l'annonce de Federer, un post anim\u00e9 a \u00e9t\u00e9 mis en ligne sur les m\u00e9dias sociaux, qui compte parmi les posts du Credit Suisse Suisse ayant le plus attir\u00e9 l'attention. Tous les \u00e9l\u00e9ments d'images anim\u00e9es ont \u00e9t\u00e9 produits par TBWA\\Vido.<\/p>\r\n<p><\/p>\r\n<p><\/p>\r\n<p>D'autres mesures ont suivi, tant au niveau international que national, avec des annonces num\u00e9riques et imprim\u00e9es.<\/p>\r\n<hr \/>\r\n<p><strong>Responsable au Credit Suisse : <\/strong>Roman Reichelt (CMO) ; Dang Nguyen, Stephanie Trachsel, Reimund Immoos, Tanja Klotz (Strat\u00e9gie, Marque &amp; Publicit\u00e9) ; Sandra Caviezel, Mira Song M\u00e4der, Marcel Steiner (Sponsoring) ; Anette Hiscott, Simon Bachofner, Valon Saiti, Bettina Wolf (Digital &amp; Data Marketing). <strong>Agence responsable :<\/strong> TBWA\\Z\u00fcrich (concept), TBWA\\Vido (mise en \u0153uvre).<\/p>","protected":false},"excerpt":{"rendered":"<p>Ein wirklicher Abschied ist es nicht. Die Bank wird gem\u00e4ss eigenen Angaben an der Seite von Roger Federer bleiben. Credit Suisse sei \u00fcberzeugt, dass seine Qualit\u00e4ten nicht nur im professionellen Tennis vieles bewegen w\u00fcrden. Denn Personen gehen in den Ruhestand \u2013 die Pers\u00f6nlichkeit nicht. Unter diesem Gesichtspunkt entstand auch die Kampagne rund um die R\u00fccktrittsank\u00fcndigung [\u2026]<\/p>\n","protected":false},"author":8,"featured_media":0,"comment_status":"closed","ping_status":"closed","sticky":false,"template":"","format":"standard","meta":{"_acf_changed":false,"_yoast_wpseo_focuskw":"Credit Suisse Roger","_yoast_wpseo_metadesc":"Credit Suisse bleibt an der Seite von Roger Federer. Kampagne zur R\u00fccktrittsank\u00fcndigung und Laver Cup: \u201eAttitude never retires.\u201c","articlekey":"","footnotes":""},"categories":[29],"tags":[3421,3422,3423],"class_list":["post-17089","post","type-post","status-publish","format-standard","hentry","category-marketing","tag-tbwa","tag-tbwa-vido","tag-tennis"],"acf":[],"yoast_head":"<!-- This site is optimized with the Yoast SEO plugin v27.5 - https:\/\/yoast.com\/product\/yoast-seo-wordpress\/ -->\n<title>Credit Suisse und TBWA\\Z\u00fcrich w\u00fcrdigen Roger Federer - Organisator<\/title>\n<meta name=\"description\" content=\"Credit Suisse bleibt an der Seite von Roger Federer. Kampagne zur R\u00fccktrittsank\u00fcndigung und Laver Cup: \u201eAttitude never retires.\u201c\" \/>\n<meta name=\"robots\" content=\"index, follow, max-snippet:-1, max-image-preview:large, max-video-preview:-1\" \/>\n<link rel=\"canonical\" href=\"https:\/\/www.organisator.ch\/fr\/marketing\/2022-09-27\/credit-suisse-und-tbwazuerich-wuerdigen-roger-federer\/\" \/>\n<meta property=\"og:locale\" content=\"fr_FR\" \/>\n<meta property=\"og:type\" content=\"article\" \/>\n<meta property=\"og:title\" content=\"Credit Suisse und TBWA\\Z\u00fcrich w\u00fcrdigen Roger Federer - Organisator\" \/>\n<meta property=\"og:description\" content=\"Credit Suisse bleibt an der Seite von Roger Federer. Kampagne zur R\u00fccktrittsank\u00fcndigung und Laver Cup: \u201eAttitude never retires.\u201c\" \/>\n<meta property=\"og:url\" content=\"https:\/\/www.organisator.ch\/fr\/marketing\/2022-09-27\/credit-suisse-und-tbwazuerich-wuerdigen-roger-federer\/\" \/>\n<meta property=\"og:site_name\" content=\"Organisator\" \/>\n<meta property=\"article:publisher\" content=\"https:\/\/www.facebook.com\/OrganisatorFachmagazin\" \/>\n<meta property=\"article:published_time\" content=\"2022-09-27T12:20:23+00:00\" \/>\n<meta property=\"article:modified_time\" content=\"2024-11-21T07:18:37+00:00\" \/>\n<meta name=\"author\" content=\"galledia\" \/>\n<meta name=\"twitter:card\" content=\"summary_large_image\" \/>\n<meta name=\"twitter:creator\" content=\"@admin\" \/>\n<script type=\"application\/ld+json\" class=\"yoast-schema-graph\">{\"@context\":\"https:\\\/\\\/schema.org\",\"@graph\":[{\"@type\":\"Article\",\"@id\":\"https:\\\/\\\/www.organisator.ch\\\/marketing\\\/2022-09-27\\\/credit-suisse-und-tbwazuerich-wuerdigen-roger-federer\\\/#article\",\"isPartOf\":{\"@id\":\"https:\\\/\\\/www.organisator.ch\\\/marketing\\\/2022-09-27\\\/credit-suisse-und-tbwazuerich-wuerdigen-roger-federer\\\/\"},\"author\":{\"name\":\"galledia\",\"@id\":\"https:\\\/\\\/www.organisator.ch\\\/#\\\/schema\\\/person\\\/4e51799071cd2dd1232ac003643ef5f0\"},\"headline\":\"Credit Suisse und TBWA\\\\Z\u00fcrich w\u00fcrdigen Roger Federer\",\"datePublished\":\"2022-09-27T12:20:23+00:00\",\"dateModified\":\"2024-11-21T07:18:37+00:00\",\"mainEntityOfPage\":{\"@id\":\"https:\\\/\\\/www.organisator.ch\\\/marketing\\\/2022-09-27\\\/credit-suisse-und-tbwazuerich-wuerdigen-roger-federer\\\/\"},\"wordCount\":173,\"publisher\":{\"@id\":\"https:\\\/\\\/www.organisator.ch\\\/#organization\"},\"image\":{\"@id\":\"https:\\\/\\\/www.organisator.ch\\\/marketing\\\/2022-09-27\\\/credit-suisse-und-tbwazuerich-wuerdigen-roger-federer\\\/#primaryimage\"},\"thumbnailUrl\":\"https:\\\/\\\/www.werbewoche.ch\\\/wp-content\\\/uploads\\\/2022\\\/09\\\/CS_Sponsoring_RetirementRF_MockUpAnzeigen.jpg\",\"keywords\":[\"TBWA\",\"TBWA Vido\",\"Tennis\"],\"articleSection\":[\"MARKETING\"],\"inLanguage\":\"fr-FR\"},{\"@type\":\"WebPage\",\"@id\":\"https:\\\/\\\/www.organisator.ch\\\/marketing\\\/2022-09-27\\\/credit-suisse-und-tbwazuerich-wuerdigen-roger-federer\\\/\",\"url\":\"https:\\\/\\\/www.organisator.ch\\\/marketing\\\/2022-09-27\\\/credit-suisse-und-tbwazuerich-wuerdigen-roger-federer\\\/\",\"name\":\"Credit Suisse und TBWA\\\\Z\u00fcrich w\u00fcrdigen Roger Federer - Organisator\",\"isPartOf\":{\"@id\":\"https:\\\/\\\/www.organisator.ch\\\/#website\"},\"primaryImageOfPage\":{\"@id\":\"https:\\\/\\\/www.organisator.ch\\\/marketing\\\/2022-09-27\\\/credit-suisse-und-tbwazuerich-wuerdigen-roger-federer\\\/#primaryimage\"},\"image\":{\"@id\":\"https:\\\/\\\/www.organisator.ch\\\/marketing\\\/2022-09-27\\\/credit-suisse-und-tbwazuerich-wuerdigen-roger-federer\\\/#primaryimage\"},\"thumbnailUrl\":\"https:\\\/\\\/www.werbewoche.ch\\\/wp-content\\\/uploads\\\/2022\\\/09\\\/CS_Sponsoring_RetirementRF_MockUpAnzeigen.jpg\",\"datePublished\":\"2022-09-27T12:20:23+00:00\",\"dateModified\":\"2024-11-21T07:18:37+00:00\",\"description\":\"Credit Suisse bleibt an der Seite von Roger Federer. Kampagne zur R\u00fccktrittsank\u00fcndigung und Laver Cup: \u201eAttitude never retires.\u201c\",\"breadcrumb\":{\"@id\":\"https:\\\/\\\/www.organisator.ch\\\/marketing\\\/2022-09-27\\\/credit-suisse-und-tbwazuerich-wuerdigen-roger-federer\\\/#breadcrumb\"},\"inLanguage\":\"fr-FR\",\"potentialAction\":[{\"@type\":\"ReadAction\",\"target\":[\"https:\\\/\\\/www.organisator.ch\\\/marketing\\\/2022-09-27\\\/credit-suisse-und-tbwazuerich-wuerdigen-roger-federer\\\/\"]}]},{\"@type\":\"ImageObject\",\"inLanguage\":\"fr-FR\",\"@id\":\"https:\\\/\\\/www.organisator.ch\\\/marketing\\\/2022-09-27\\\/credit-suisse-und-tbwazuerich-wuerdigen-roger-federer\\\/#primaryimage\",\"url\":\"https:\\\/\\\/www.werbewoche.ch\\\/wp-content\\\/uploads\\\/2022\\\/09\\\/CS_Sponsoring_RetirementRF_MockUpAnzeigen.jpg\",\"contentUrl\":\"https:\\\/\\\/www.werbewoche.ch\\\/wp-content\\\/uploads\\\/2022\\\/09\\\/CS_Sponsoring_RetirementRF_MockUpAnzeigen.jpg\"},{\"@type\":\"BreadcrumbList\",\"@id\":\"https:\\\/\\\/www.organisator.ch\\\/marketing\\\/2022-09-27\\\/credit-suisse-und-tbwazuerich-wuerdigen-roger-federer\\\/#breadcrumb\",\"itemListElement\":[{\"@type\":\"ListItem\",\"position\":1,\"name\":\"Home\",\"item\":\"https:\\\/\\\/www.organisator.ch\\\/\"},{\"@type\":\"ListItem\",\"position\":2,\"name\":\"Credit Suisse und TBWA\\\\Z\u00fcrich w\u00fcrdigen Roger Federer\"}]},{\"@type\":\"WebSite\",\"@id\":\"https:\\\/\\\/www.organisator.ch\\\/#website\",\"url\":\"https:\\\/\\\/www.organisator.ch\\\/\",\"name\":\"Organisator\",\"description\":\"Kompetent. Praxisnah. Der ORGANISATOR bereitet in 10 Ausgaben pro Jahr die wesentlichen Themen f\u00fcr F\u00fchrungskr\u00e4fte von KMU auf.\",\"publisher\":{\"@id\":\"https:\\\/\\\/www.organisator.ch\\\/#organization\"},\"potentialAction\":[{\"@type\":\"SearchAction\",\"target\":{\"@type\":\"EntryPoint\",\"urlTemplate\":\"https:\\\/\\\/www.organisator.ch\\\/?s={search_term_string}\"},\"query-input\":{\"@type\":\"PropertyValueSpecification\",\"valueRequired\":true,\"valueName\":\"search_term_string\"}}],\"inLanguage\":\"fr-FR\"},{\"@type\":\"Organization\",\"@id\":\"https:\\\/\\\/www.organisator.ch\\\/#organization\",\"name\":\"Organisator\",\"url\":\"https:\\\/\\\/www.organisator.ch\\\/\",\"logo\":{\"@type\":\"ImageObject\",\"inLanguage\":\"fr-FR\",\"@id\":\"https:\\\/\\\/www.organisator.ch\\\/#\\\/schema\\\/logo\\\/image\\\/\",\"url\":\"https:\\\/\\\/www.organisator.ch\\\/wp-content\\\/uploads\\\/2022\\\/01\\\/Logo_Organisator_Website.png\",\"contentUrl\":\"https:\\\/\\\/www.organisator.ch\\\/wp-content\\\/uploads\\\/2022\\\/01\\\/Logo_Organisator_Website.png\",\"width\":800,\"height\":77,\"caption\":\"Organisator\"},\"image\":{\"@id\":\"https:\\\/\\\/www.organisator.ch\\\/#\\\/schema\\\/logo\\\/image\\\/\"},\"sameAs\":[\"https:\\\/\\\/www.facebook.com\\\/OrganisatorFachmagazin\",\"https:\\\/\\\/www.linkedin.com\\\/showcase\\\/organisator-das-magazin-fr-kmu\",\"https:\\\/\\\/www.xing.com\\\/news\\\/pages\\\/organisator-ch-695\",\"https:\\\/\\\/www.youtube.com\\\/channel\\\/UCGP2Sq0iWaZwT3BdIAQFYpw\"]},{\"@type\":\"Person\",\"@id\":\"https:\\\/\\\/www.organisator.ch\\\/#\\\/schema\\\/person\\\/4e51799071cd2dd1232ac003643ef5f0\",\"name\":\"galledia\",\"image\":{\"@type\":\"ImageObject\",\"inLanguage\":\"fr-FR\",\"@id\":\"https:\\\/\\\/secure.gravatar.com\\\/avatar\\\/78a7f90c01fc2bfc875782a0d4922b37cde2cf184ce347b91316d23cd7f69a36?s=96&d=mm&r=g\",\"url\":\"https:\\\/\\\/secure.gravatar.com\\\/avatar\\\/78a7f90c01fc2bfc875782a0d4922b37cde2cf184ce347b91316d23cd7f69a36?s=96&d=mm&r=g\",\"contentUrl\":\"https:\\\/\\\/secure.gravatar.com\\\/avatar\\\/78a7f90c01fc2bfc875782a0d4922b37cde2cf184ce347b91316d23cd7f69a36?s=96&d=mm&r=g\",\"caption\":\"galledia\"},\"sameAs\":[\"https:\\\/\\\/x.com\\\/admin\"],\"url\":\"https:\\\/\\\/www.organisator.ch\\\/fr\\\/author\\\/galledia\\\/\"}]}<\/script>\n<!-- \/ Yoast SEO plugin. -->","yoast_head_json":{"title":"Le Credit Suisse et TBWA\\NZurich rendent hommage \u00e0 Roger Federer - Organisateur","description":"Le Credit Suisse reste aux c\u00f4t\u00e9s de Roger Federer. Campagne pour l'annonce de la retraite et Laver Cup : \"Attitude never retires\".","robots":{"index":"index","follow":"follow","max-snippet":"max-snippet:-1","max-image-preview":"max-image-preview:large","max-video-preview":"max-video-preview:-1"},"canonical":"https:\/\/www.organisator.ch\/fr\/marketing\/2022-09-27\/credit-suisse-und-tbwazuerich-wuerdigen-roger-federer\/","og_locale":"fr_FR","og_type":"article","og_title":"Credit Suisse und TBWA\\Z\u00fcrich w\u00fcrdigen Roger Federer - Organisator","og_description":"Credit Suisse bleibt an der Seite von Roger Federer. Kampagne zur R\u00fccktrittsank\u00fcndigung und Laver Cup: \u201eAttitude never retires.\u201c","og_url":"https:\/\/www.organisator.ch\/fr\/marketing\/2022-09-27\/credit-suisse-und-tbwazuerich-wuerdigen-roger-federer\/","og_site_name":"Organisator","article_publisher":"https:\/\/www.facebook.com\/OrganisatorFachmagazin","article_published_time":"2022-09-27T12:20:23+00:00","article_modified_time":"2024-11-21T07:18:37+00:00","author":"galledia","twitter_card":"summary_large_image","twitter_creator":"@admin","schema":{"@context":"https:\/\/schema.org","@graph":[{"@type":"Article","@id":"https:\/\/www.organisator.ch\/marketing\/2022-09-27\/credit-suisse-und-tbwazuerich-wuerdigen-roger-federer\/#article","isPartOf":{"@id":"https:\/\/www.organisator.ch\/marketing\/2022-09-27\/credit-suisse-und-tbwazuerich-wuerdigen-roger-federer\/"},"author":{"name":"galledia","@id":"https:\/\/www.organisator.ch\/#\/schema\/person\/4e51799071cd2dd1232ac003643ef5f0"},"headline":"Credit Suisse und TBWA\\Z\u00fcrich w\u00fcrdigen Roger Federer","datePublished":"2022-09-27T12:20:23+00:00","dateModified":"2024-11-21T07:18:37+00:00","mainEntityOfPage":{"@id":"https:\/\/www.organisator.ch\/marketing\/2022-09-27\/credit-suisse-und-tbwazuerich-wuerdigen-roger-federer\/"},"wordCount":173,"publisher":{"@id":"https:\/\/www.organisator.ch\/#organization"},"image":{"@id":"https:\/\/www.organisator.ch\/marketing\/2022-09-27\/credit-suisse-und-tbwazuerich-wuerdigen-roger-federer\/#primaryimage"},"thumbnailUrl":"https:\/\/www.werbewoche.ch\/wp-content\/uploads\/2022\/09\/CS_Sponsoring_RetirementRF_MockUpAnzeigen.jpg","keywords":["TBWA","TBWA Vido","Tennis"],"articleSection":["MARKETING"],"inLanguage":"fr-FR"},{"@type":"WebPage","@id":"https:\/\/www.organisator.ch\/marketing\/2022-09-27\/credit-suisse-und-tbwazuerich-wuerdigen-roger-federer\/","url":"https:\/\/www.organisator.ch\/marketing\/2022-09-27\/credit-suisse-und-tbwazuerich-wuerdigen-roger-federer\/","name":"Le Credit Suisse et TBWA\\NZurich rendent hommage \u00e0 Roger Federer - Organisateur","isPartOf":{"@id":"https:\/\/www.organisator.ch\/#website"},"primaryImageOfPage":{"@id":"https:\/\/www.organisator.ch\/marketing\/2022-09-27\/credit-suisse-und-tbwazuerich-wuerdigen-roger-federer\/#primaryimage"},"image":{"@id":"https:\/\/www.organisator.ch\/marketing\/2022-09-27\/credit-suisse-und-tbwazuerich-wuerdigen-roger-federer\/#primaryimage"},"thumbnailUrl":"https:\/\/www.werbewoche.ch\/wp-content\/uploads\/2022\/09\/CS_Sponsoring_RetirementRF_MockUpAnzeigen.jpg","datePublished":"2022-09-27T12:20:23+00:00","dateModified":"2024-11-21T07:18:37+00:00","description":"Le Credit Suisse reste aux c\u00f4t\u00e9s de Roger Federer. Campagne pour l'annonce de la retraite et Laver Cup : \"Attitude never retires\".","breadcrumb":{"@id":"https:\/\/www.organisator.ch\/marketing\/2022-09-27\/credit-suisse-und-tbwazuerich-wuerdigen-roger-federer\/#breadcrumb"},"inLanguage":"fr-FR","potentialAction":[{"@type":"ReadAction","target":["https:\/\/www.organisator.ch\/marketing\/2022-09-27\/credit-suisse-und-tbwazuerich-wuerdigen-roger-federer\/"]}]},{"@type":"ImageObject","inLanguage":"fr-FR","@id":"https:\/\/www.organisator.ch\/marketing\/2022-09-27\/credit-suisse-und-tbwazuerich-wuerdigen-roger-federer\/#primaryimage","url":"https:\/\/www.werbewoche.ch\/wp-content\/uploads\/2022\/09\/CS_Sponsoring_RetirementRF_MockUpAnzeigen.jpg","contentUrl":"https:\/\/www.werbewoche.ch\/wp-content\/uploads\/2022\/09\/CS_Sponsoring_RetirementRF_MockUpAnzeigen.jpg"},{"@type":"BreadcrumbList","@id":"https:\/\/www.organisator.ch\/marketing\/2022-09-27\/credit-suisse-und-tbwazuerich-wuerdigen-roger-federer\/#breadcrumb","itemListElement":[{"@type":"ListItem","position":1,"name":"Home","item":"https:\/\/www.organisator.ch\/"},{"@type":"ListItem","position":2,"name":"Credit Suisse und TBWA\\Z\u00fcrich w\u00fcrdigen Roger Federer"}]},{"@type":"WebSite","@id":"https:\/\/www.organisator.ch\/#website","url":"https:\/\/www.organisator.ch\/","name":"Organisateur","description":"Comp\u00e9tence et comp\u00e9tence. Proches de la pratique. L'ORGANISATEUR pr\u00e9pare 10 num\u00e9ros par an sur les th\u00e8mes essentiels pour les dirigeants de PME.","publisher":{"@id":"https:\/\/www.organisator.ch\/#organization"},"potentialAction":[{"@type":"SearchAction","target":{"@type":"EntryPoint","urlTemplate":"https:\/\/www.organisator.ch\/?s={search_term_string}"},"query-input":{"@type":"PropertyValueSpecification","valueRequired":true,"valueName":"search_term_string"}}],"inLanguage":"fr-FR"},{"@type":"Organization","@id":"https:\/\/www.organisator.ch\/#organization","name":"Organisateur","url":"https:\/\/www.organisator.ch\/","logo":{"@type":"ImageObject","inLanguage":"fr-FR","@id":"https:\/\/www.organisator.ch\/#\/schema\/logo\/image\/","url":"https:\/\/www.organisator.ch\/wp-content\/uploads\/2022\/01\/Logo_Organisator_Website.png","contentUrl":"https:\/\/www.organisator.ch\/wp-content\/uploads\/2022\/01\/Logo_Organisator_Website.png","width":800,"height":77,"caption":"Organisator"},"image":{"@id":"https:\/\/www.organisator.ch\/#\/schema\/logo\/image\/"},"sameAs":["https:\/\/www.facebook.com\/OrganisatorFachmagazin","https:\/\/www.linkedin.com\/showcase\/organisator-das-magazin-fr-kmu","https:\/\/www.xing.com\/news\/pages\/organisator-ch-695","https:\/\/www.youtube.com\/channel\/UCGP2Sq0iWaZwT3BdIAQFYpw"]},{"@type":"Person","@id":"https:\/\/www.organisator.ch\/#\/schema\/person\/4e51799071cd2dd1232ac003643ef5f0","name":"galledia","image":{"@type":"ImageObject","inLanguage":"fr-FR","@id":"https:\/\/secure.gravatar.com\/avatar\/78a7f90c01fc2bfc875782a0d4922b37cde2cf184ce347b91316d23cd7f69a36?s=96&d=mm&r=g","url":"https:\/\/secure.gravatar.com\/avatar\/78a7f90c01fc2bfc875782a0d4922b37cde2cf184ce347b91316d23cd7f69a36?s=96&d=mm&r=g","contentUrl":"https:\/\/secure.gravatar.com\/avatar\/78a7f90c01fc2bfc875782a0d4922b37cde2cf184ce347b91316d23cd7f69a36?s=96&d=mm&r=g","caption":"galledia"},"sameAs":["https:\/\/x.com\/admin"],"url":"https:\/\/www.organisator.ch\/fr\/author\/galledia\/"}]}},"_links":{"self":[{"href":"https:\/\/www.organisator.ch\/fr\/wp-json\/wp\/v2\/posts\/17089","targetHints":{"allow":["GET"]}}],"collection":[{"href":"https:\/\/www.organisator.ch\/fr\/wp-json\/wp\/v2\/posts"}],"about":[{"href":"https:\/\/www.organisator.ch\/fr\/wp-json\/wp\/v2\/types\/post"}],"author":[{"embeddable":true,"href":"https:\/\/www.organisator.ch\/fr\/wp-json\/wp\/v2\/users\/8"}],"replies":[{"embeddable":true,"href":"https:\/\/www.organisator.ch\/fr\/wp-json\/wp\/v2\/comments?post=17089"}],"version-history":[{"count":3,"href":"https:\/\/www.organisator.ch\/fr\/wp-json\/wp\/v2\/posts\/17089\/revisions"}],"predecessor-version":[{"id":33760,"href":"https:\/\/www.organisator.ch\/fr\/wp-json\/wp\/v2\/posts\/17089\/revisions\/33760"}],"wp:attachment":[{"href":"https:\/\/www.organisator.ch\/fr\/wp-json\/wp\/v2\/media?parent=17089"}],"wp:term":[{"taxonomy":"category","embeddable":true,"href":"https:\/\/www.organisator.ch\/fr\/wp-json\/wp\/v2\/categories?post=17089"},{"taxonomy":"post_tag","embeddable":true,"href":"https:\/\/www.organisator.ch\/fr\/wp-json\/wp\/v2\/tags?post=17089"}],"curies":[{"name":"wp","href":"https:\/\/api.w.org\/{rel}","templated":true}]}}