{"id":1713,"date":"2018-05-29T17:11:03","date_gmt":"2018-05-29T15:11:03","guid":{"rendered":"https:\/\/www.umweltperspektiven.ch\/?p=1713"},"modified":"2022-02-09T11:10:54","modified_gmt":"2022-02-09T10:10:54","slug":"gefaehrlicher-einheitsmix-bei-blaualgen-in-seen","status":"publish","type":"post","link":"https:\/\/www.organisator.ch\/fr\/sustainability\/2018-05-29\/gefaehrlicher-einheitsmix-bei-blaualgen-in-seen\/","title":{"rendered":"Un m\u00e9lange unique et dangereux d'algues bleues dans les lacs"},"content":{"rendered":"<figure id=\"attachment_1714\" aria-describedby=\"caption-attachment-1714\" style=\"width: 680px\" class=\"wp-caption alignnone\"><img loading=\"lazy\" decoding=\"async\" class=\"size-medium wp-image-1714\" src=\"\/\/www.umweltperspektiven.ch\/wp-content\/uploads\/2018\/05\/Blaualgen-up_Umwelperspektiven.jpg\" alt=\"\" width=\"680\" height=\"453\" \/><figcaption id=\"caption-attachment-1714\" class=\"wp-caption-text\">Une \u00e9tude de l'EAWAG estime que les algues bleues pr\u00e9sentent un potentiel dangereux dans les eaux suisses. (Image : zVg)<\/figcaption><\/figure>\n<p>Les algues de construction, ou plus exactement les cyanobact\u00e9ries, sont des organismes capables de s'adapter. Dans les lacs, elles font partie du niveau le plus bas du r\u00e9seau alimentaire. Il y a une centaine d'ann\u00e9es encore, chaque lac abritait une diversit\u00e9 caract\u00e9ristique d'entre elles. Une \u00e9tude publi\u00e9e aujourd'hui par des chercheurs suisses et fran\u00e7ais dans la revue Nature - Ecology and Evolution montre que ces diff\u00e9rences s'amenuisent d'un lac \u00e0 l'autre, du lac de Constance au lac L\u00e9man, du lac de Hallwil au lac Majeur.<\/p>\n<p><strong>Carottes s\u00e9dimentaires de 10 lacs<\/strong><br \/>\nLes scientifiques ont pr\u00e9lev\u00e9 des carottes de s\u00e9diments dans 10 lacs, ont analys\u00e9 le patrimoine g\u00e9n\u00e9tique (ADN) des algues bleues dans les d\u00e9p\u00f4ts datables des 100 derni\u00e8res ann\u00e9es et ont proc\u00e9d\u00e9 \u00e0 une analyse statistique des donn\u00e9es. Ils ont ainsi pu suivre comment le nombre d'\"esp\u00e8ces\" g\u00e9n\u00e9tiquement diff\u00e9renciables a certes augment\u00e9 dans certains lacs, mais dont la composition devient de plus en plus uniforme sur l'ensemble des lacs. La proportion d'esp\u00e8ces et de groupes d'esp\u00e8ces rares, que l'on ne trouve que dans quelques lacs, diminue depuis 1950, tandis que la proportion d'esp\u00e8ces fr\u00e9quentes a quadrupl\u00e9.<\/p>\n<p><strong>Le changement climatique et la surfertilisation comme principales causes<\/strong><\/p>\n<p>L'\u00e9tude r\u00e9v\u00e8le deux raisons principales \u00e0 cette tendance : l'augmentation des temp\u00e9ratures et la fertilisation excessive de nombreux lacs dans les ann\u00e9es 1960 et 1970. Les temp\u00e9ratures plus \u00e9lev\u00e9es entra\u00eenent des phases prolong\u00e9es pendant lesquelles les lacs ne sont pas m\u00e9lang\u00e9s parce que l'eau de surface chaude et l\u00e9g\u00e8re ne descend pas en profondeur. L'algue sanguine de Bourgogne Planktothrix rubescens a par exemple profit\u00e9 de cette situation dans le lac de Zurich. Elle n'est pas appr\u00e9ci\u00e9e par les fournisseurs d'eau, car elle peut former des tapis d'algues rouges - d'o\u00f9 son nom - et est potentiellement toxique. \"En g\u00e9n\u00e9ral, les esp\u00e8ces qui semblent faire partie des profiteurs sont celles qui influencent activement leur position verticale dans le lac et qui peuvent vivre avec moins de lumi\u00e8re\", explique Marie-Eve Monchamp, auteur principal de l'\u00e9tude, \"et parmi ces esp\u00e8ces, beaucoup sont justement toxiques\". Outre l'algue sanguine de Bourgogne, les esp\u00e8ces Microcystis et l'esp\u00e8ce invasive Dolichospermum lemmermannii en font partie. Cette derni\u00e8re \u00e9tait jusqu'\u00e0 pr\u00e9sent surtout connue des lacs du nord des Alpes, mais elle se r\u00e9pand d\u00e9sormais aussi dans le sud.<\/p>\n<p><strong>Peu d'inversion de tendance malgr\u00e9 les changements environnementaux<\/strong><br \/>\nIl est int\u00e9ressant de constater que la tendance \u00e0 l'uniformit\u00e9 se poursuit malgr\u00e9 le recul des valeurs \u00e9lev\u00e9es de phosphore \u00e0 partir du milieu des ann\u00e9es 1970. Les auteurs l'expliquent notamment par le fait que, de mani\u00e8re g\u00e9n\u00e9rale, les conditions environnementales varient de moins en moins d'un lac \u00e0 l'autre. De m\u00eame, les diff\u00e9rences de temp\u00e9rature entre les lacs au sud et au nord des Alpes seraient devenues plus faibles 1\/2 Eawag : l'Institut de Recherche de l'Eau du Domaine des EPF. Enfin, les concentrations d'azote, le deuxi\u00e8me nutriment important, sont rest\u00e9es pratiquement inchang\u00e9es depuis les ann\u00e9es 1970.<\/p>\n<p><em>Cette \u00e9tude a \u00e9t\u00e9 r\u00e9alis\u00e9e dans le cadre du projet \"The impact of cyanobacterial blooms triggered by nutrient pollution on aquatic environments in the context of climate change\", soutenu par le Fonds national suisse FNS (n\u00b0 142165) .<\/em><\/p>\n<p><a href=\"\/\/www.eawag.ch\">www.eawag.ch<\/a><\/p>","protected":false},"excerpt":{"rendered":"<p>Baualgen, oder fachlich korrekt Cyanobakterien, sind anpassungsf\u00e4hige Organismen. Sie geh\u00f6ren im See zur untersten Stufe des Nahrungsnetzes. Noch vor rund 100 Jahren lebte in jedem See eine eigene, charakteristische Vielfalt von ihnen. Eine heute von Forscherinnen und Forschern aus der Schweiz und Frankreich in der Zeitschrift Nature &#8211; Ecology and Evolution ver\u00f6ffentlichte Studie zeigt nun, [&hellip;]<\/p>\n","protected":false},"author":5,"featured_media":9554,"comment_status":"open","ping_status":"open","sticky":false,"template":"","format":"standard","meta":{"_acf_changed":false,"_yoast_wpseo_focuskw":"Blaualgen","_yoast_wpseo_metadesc":"Die Zusammensetzung der Blaualgen in den Seen am Alpenrand wird seit fast 100 Jahren immer gleichf\u00f6rmiger. Profiteure der Klimaerw\u00e4rmung und des zeitweiligen N\u00e4hrstoff\u00fcberangebots sind dabei vor allem Arten, die sich sehr schnell an Ver\u00e4nderungen anpassen k\u00f6nnen und potentiell giftig sind.","articlekey":"","footnotes":""},"categories":[580],"tags":[767,853,600],"class_list":["post-1713","post","type-post","status-publish","format-standard","has-post-thumbnail","hentry","category-sustainability","tag-bakterien","tag-blaualgen","tag-wasser"],"acf":[],"yoast_head":"<!-- This site is optimized with the Yoast SEO plugin v27.5 - https:\/\/yoast.com\/product\/yoast-seo-wordpress\/ -->\n<title>Gef\u00e4hrlicher Einheitsmix bei Blaualgen in Seen - Organisator<\/title>\n<meta name=\"description\" content=\"Die Zusammensetzung der Blaualgen in den Seen am Alpenrand wird seit fast 100 Jahren immer gleichf\u00f6rmiger. Profiteure der Klimaerw\u00e4rmung und des zeitweiligen N\u00e4hrstoff\u00fcberangebots sind dabei vor allem Arten, die sich sehr schnell an Ver\u00e4nderungen anpassen k\u00f6nnen und potentiell giftig sind.\" \/>\n<meta name=\"robots\" content=\"index, follow, max-snippet:-1, max-image-preview:large, max-video-preview:-1\" \/>\n<link rel=\"canonical\" href=\"https:\/\/www.organisator.ch\/fr\/sustainability\/2018-05-29\/gefaehrlicher-einheitsmix-bei-blaualgen-in-seen\/\" \/>\n<meta property=\"og:locale\" content=\"fr_FR\" \/>\n<meta property=\"og:type\" content=\"article\" \/>\n<meta property=\"og:title\" content=\"Gef\u00e4hrlicher Einheitsmix bei Blaualgen in Seen - Organisator\" \/>\n<meta property=\"og:description\" content=\"Die Zusammensetzung der Blaualgen in den Seen am Alpenrand wird seit fast 100 Jahren immer gleichf\u00f6rmiger. Profiteure der Klimaerw\u00e4rmung und des zeitweiligen N\u00e4hrstoff\u00fcberangebots sind dabei vor allem Arten, die sich sehr schnell an Ver\u00e4nderungen anpassen k\u00f6nnen und potentiell giftig sind.\" \/>\n<meta property=\"og:url\" content=\"https:\/\/www.organisator.ch\/fr\/sustainability\/2018-05-29\/gefaehrlicher-einheitsmix-bei-blaualgen-in-seen\/\" \/>\n<meta property=\"og:site_name\" content=\"Organisator\" \/>\n<meta property=\"article:publisher\" content=\"https:\/\/www.facebook.com\/OrganisatorFachmagazin\" \/>\n<meta property=\"article:published_time\" content=\"2018-05-29T15:11:03+00:00\" \/>\n<meta property=\"article:modified_time\" content=\"2022-02-09T10:10:54+00:00\" \/>\n<meta property=\"og:image\" content=\"https:\/\/www.organisator.ch\/wp-content\/uploads\/2018\/05\/Blaualgen-up_Umwelperspektiven.jpg\" \/>\n\t<meta property=\"og:image:width\" content=\"1800\" \/>\n\t<meta property=\"og:image:height\" content=\"1200\" \/>\n\t<meta property=\"og:image:type\" content=\"image\/jpeg\" \/>\n<meta name=\"author\" content=\"michael.merz\" \/>\n<meta name=\"twitter:card\" content=\"summary_large_image\" \/>\n<script type=\"application\/ld+json\" class=\"yoast-schema-graph\">{\"@context\":\"https:\\\/\\\/schema.org\",\"@graph\":[{\"@type\":\"Article\",\"@id\":\"https:\\\/\\\/www.organisator.ch\\\/sustainability\\\/2018-05-29\\\/gefaehrlicher-einheitsmix-bei-blaualgen-in-seen\\\/#article\",\"isPartOf\":{\"@id\":\"https:\\\/\\\/www.organisator.ch\\\/sustainability\\\/2018-05-29\\\/gefaehrlicher-einheitsmix-bei-blaualgen-in-seen\\\/\"},\"author\":{\"name\":\"michael.merz\",\"@id\":\"https:\\\/\\\/www.organisator.ch\\\/#\\\/schema\\\/person\\\/134708ca9321c57b0362cceb7948ffbd\"},\"headline\":\"Gef\u00e4hrlicher Einheitsmix bei Blaualgen in Seen\",\"datePublished\":\"2018-05-29T15:11:03+00:00\",\"dateModified\":\"2022-02-09T10:10:54+00:00\",\"mainEntityOfPage\":{\"@id\":\"https:\\\/\\\/www.organisator.ch\\\/sustainability\\\/2018-05-29\\\/gefaehrlicher-einheitsmix-bei-blaualgen-in-seen\\\/\"},\"wordCount\":482,\"commentCount\":0,\"publisher\":{\"@id\":\"https:\\\/\\\/www.organisator.ch\\\/#organization\"},\"image\":{\"@id\":\"https:\\\/\\\/www.organisator.ch\\\/sustainability\\\/2018-05-29\\\/gefaehrlicher-einheitsmix-bei-blaualgen-in-seen\\\/#primaryimage\"},\"thumbnailUrl\":\"https:\\\/\\\/www.organisator.ch\\\/wp-content\\\/uploads\\\/2018\\\/05\\\/Blaualgen-up_Umwelperspektiven.jpg\",\"keywords\":[\"Bakterien\",\"Blaualgen\",\"WASSER\"],\"articleSection\":[\"SUSTAINABILITY\"],\"inLanguage\":\"fr-FR\"},{\"@type\":\"WebPage\",\"@id\":\"https:\\\/\\\/www.organisator.ch\\\/sustainability\\\/2018-05-29\\\/gefaehrlicher-einheitsmix-bei-blaualgen-in-seen\\\/\",\"url\":\"https:\\\/\\\/www.organisator.ch\\\/sustainability\\\/2018-05-29\\\/gefaehrlicher-einheitsmix-bei-blaualgen-in-seen\\\/\",\"name\":\"Gef\u00e4hrlicher Einheitsmix bei Blaualgen in Seen - Organisator\",\"isPartOf\":{\"@id\":\"https:\\\/\\\/www.organisator.ch\\\/#website\"},\"primaryImageOfPage\":{\"@id\":\"https:\\\/\\\/www.organisator.ch\\\/sustainability\\\/2018-05-29\\\/gefaehrlicher-einheitsmix-bei-blaualgen-in-seen\\\/#primaryimage\"},\"image\":{\"@id\":\"https:\\\/\\\/www.organisator.ch\\\/sustainability\\\/2018-05-29\\\/gefaehrlicher-einheitsmix-bei-blaualgen-in-seen\\\/#primaryimage\"},\"thumbnailUrl\":\"https:\\\/\\\/www.organisator.ch\\\/wp-content\\\/uploads\\\/2018\\\/05\\\/Blaualgen-up_Umwelperspektiven.jpg\",\"datePublished\":\"2018-05-29T15:11:03+00:00\",\"dateModified\":\"2022-02-09T10:10:54+00:00\",\"description\":\"Die Zusammensetzung der Blaualgen in den Seen am Alpenrand wird seit fast 100 Jahren immer gleichf\u00f6rmiger. Profiteure der Klimaerw\u00e4rmung und des zeitweiligen N\u00e4hrstoff\u00fcberangebots sind dabei vor allem Arten, die sich sehr schnell an Ver\u00e4nderungen anpassen k\u00f6nnen und potentiell giftig sind.\",\"breadcrumb\":{\"@id\":\"https:\\\/\\\/www.organisator.ch\\\/sustainability\\\/2018-05-29\\\/gefaehrlicher-einheitsmix-bei-blaualgen-in-seen\\\/#breadcrumb\"},\"inLanguage\":\"fr-FR\",\"potentialAction\":[{\"@type\":\"ReadAction\",\"target\":[\"https:\\\/\\\/www.organisator.ch\\\/sustainability\\\/2018-05-29\\\/gefaehrlicher-einheitsmix-bei-blaualgen-in-seen\\\/\"]}]},{\"@type\":\"ImageObject\",\"inLanguage\":\"fr-FR\",\"@id\":\"https:\\\/\\\/www.organisator.ch\\\/sustainability\\\/2018-05-29\\\/gefaehrlicher-einheitsmix-bei-blaualgen-in-seen\\\/#primaryimage\",\"url\":\"https:\\\/\\\/www.organisator.ch\\\/wp-content\\\/uploads\\\/2018\\\/05\\\/Blaualgen-up_Umwelperspektiven.jpg\",\"contentUrl\":\"https:\\\/\\\/www.organisator.ch\\\/wp-content\\\/uploads\\\/2018\\\/05\\\/Blaualgen-up_Umwelperspektiven.jpg\",\"width\":1800,\"height\":1200,\"caption\":\"Eine Untersuchung der EAWAG sieht gef\u00e4hrliches Potential bei Blaualgen in Schweizer Gew\u00e4ssern. (Bild: zVg)\"},{\"@type\":\"BreadcrumbList\",\"@id\":\"https:\\\/\\\/www.organisator.ch\\\/sustainability\\\/2018-05-29\\\/gefaehrlicher-einheitsmix-bei-blaualgen-in-seen\\\/#breadcrumb\",\"itemListElement\":[{\"@type\":\"ListItem\",\"position\":1,\"name\":\"Home\",\"item\":\"https:\\\/\\\/www.organisator.ch\\\/\"},{\"@type\":\"ListItem\",\"position\":2,\"name\":\"Gef\u00e4hrlicher Einheitsmix bei Blaualgen in Seen\"}]},{\"@type\":\"WebSite\",\"@id\":\"https:\\\/\\\/www.organisator.ch\\\/#website\",\"url\":\"https:\\\/\\\/www.organisator.ch\\\/\",\"name\":\"Organisator\",\"description\":\"Kompetent. Praxisnah. Der ORGANISATOR bereitet in 10 Ausgaben pro Jahr die wesentlichen Themen f\u00fcr F\u00fchrungskr\u00e4fte von KMU auf.\",\"publisher\":{\"@id\":\"https:\\\/\\\/www.organisator.ch\\\/#organization\"},\"potentialAction\":[{\"@type\":\"SearchAction\",\"target\":{\"@type\":\"EntryPoint\",\"urlTemplate\":\"https:\\\/\\\/www.organisator.ch\\\/?s={search_term_string}\"},\"query-input\":{\"@type\":\"PropertyValueSpecification\",\"valueRequired\":true,\"valueName\":\"search_term_string\"}}],\"inLanguage\":\"fr-FR\"},{\"@type\":\"Organization\",\"@id\":\"https:\\\/\\\/www.organisator.ch\\\/#organization\",\"name\":\"Organisator\",\"url\":\"https:\\\/\\\/www.organisator.ch\\\/\",\"logo\":{\"@type\":\"ImageObject\",\"inLanguage\":\"fr-FR\",\"@id\":\"https:\\\/\\\/www.organisator.ch\\\/#\\\/schema\\\/logo\\\/image\\\/\",\"url\":\"https:\\\/\\\/www.organisator.ch\\\/wp-content\\\/uploads\\\/2022\\\/01\\\/Logo_Organisator_Website.png\",\"contentUrl\":\"https:\\\/\\\/www.organisator.ch\\\/wp-content\\\/uploads\\\/2022\\\/01\\\/Logo_Organisator_Website.png\",\"width\":800,\"height\":77,\"caption\":\"Organisator\"},\"image\":{\"@id\":\"https:\\\/\\\/www.organisator.ch\\\/#\\\/schema\\\/logo\\\/image\\\/\"},\"sameAs\":[\"https:\\\/\\\/www.facebook.com\\\/OrganisatorFachmagazin\",\"https:\\\/\\\/www.linkedin.com\\\/showcase\\\/organisator-das-magazin-fr-kmu\",\"https:\\\/\\\/www.xing.com\\\/news\\\/pages\\\/organisator-ch-695\",\"https:\\\/\\\/www.youtube.com\\\/channel\\\/UCGP2Sq0iWaZwT3BdIAQFYpw\"]},{\"@type\":\"Person\",\"@id\":\"https:\\\/\\\/www.organisator.ch\\\/#\\\/schema\\\/person\\\/134708ca9321c57b0362cceb7948ffbd\",\"name\":\"michael.merz\",\"image\":{\"@type\":\"ImageObject\",\"inLanguage\":\"fr-FR\",\"@id\":\"https:\\\/\\\/secure.gravatar.com\\\/avatar\\\/?s=96&d=mm&r=g\",\"url\":\"https:\\\/\\\/secure.gravatar.com\\\/avatar\\\/?s=96&d=mm&r=g\",\"contentUrl\":\"https:\\\/\\\/secure.gravatar.com\\\/avatar\\\/?s=96&d=mm&r=g\",\"caption\":\"michael.merz\"},\"url\":\"https:\\\/\\\/www.organisator.ch\\\/fr\\\/author\\\/michael-merz\\\/\"}]}<\/script>\n<!-- \/ Yoast SEO plugin. -->","yoast_head_json":{"title":"M\u00e9lange unique et dangereux d'algues bleues dans les lacs - Organisateur","description":"La composition des algues bleues dans les lacs en bordure des Alpes devient de plus en plus uniforme depuis pr\u00e8s de 100 ans. Les esp\u00e8ces qui profitent du r\u00e9chauffement climatique et de la surabondance temporaire de nutriments sont surtout celles qui peuvent s'adapter tr\u00e8s rapidement aux changements et qui sont potentiellement toxiques.","robots":{"index":"index","follow":"follow","max-snippet":"max-snippet:-1","max-image-preview":"max-image-preview:large","max-video-preview":"max-video-preview:-1"},"canonical":"https:\/\/www.organisator.ch\/fr\/sustainability\/2018-05-29\/gefaehrlicher-einheitsmix-bei-blaualgen-in-seen\/","og_locale":"fr_FR","og_type":"article","og_title":"Gef\u00e4hrlicher Einheitsmix bei Blaualgen in Seen - Organisator","og_description":"Die Zusammensetzung der Blaualgen in den Seen am Alpenrand wird seit fast 100 Jahren immer gleichf\u00f6rmiger. Profiteure der Klimaerw\u00e4rmung und des zeitweiligen N\u00e4hrstoff\u00fcberangebots sind dabei vor allem Arten, die sich sehr schnell an Ver\u00e4nderungen anpassen k\u00f6nnen und potentiell giftig sind.","og_url":"https:\/\/www.organisator.ch\/fr\/sustainability\/2018-05-29\/gefaehrlicher-einheitsmix-bei-blaualgen-in-seen\/","og_site_name":"Organisator","article_publisher":"https:\/\/www.facebook.com\/OrganisatorFachmagazin","article_published_time":"2018-05-29T15:11:03+00:00","article_modified_time":"2022-02-09T10:10:54+00:00","og_image":[{"width":1800,"height":1200,"url":"https:\/\/www.organisator.ch\/wp-content\/uploads\/2018\/05\/Blaualgen-up_Umwelperspektiven.jpg","type":"image\/jpeg"}],"author":"michael.merz","twitter_card":"summary_large_image","schema":{"@context":"https:\/\/schema.org","@graph":[{"@type":"Article","@id":"https:\/\/www.organisator.ch\/sustainability\/2018-05-29\/gefaehrlicher-einheitsmix-bei-blaualgen-in-seen\/#article","isPartOf":{"@id":"https:\/\/www.organisator.ch\/sustainability\/2018-05-29\/gefaehrlicher-einheitsmix-bei-blaualgen-in-seen\/"},"author":{"name":"michael.merz","@id":"https:\/\/www.organisator.ch\/#\/schema\/person\/134708ca9321c57b0362cceb7948ffbd"},"headline":"Gef\u00e4hrlicher Einheitsmix bei Blaualgen in Seen","datePublished":"2018-05-29T15:11:03+00:00","dateModified":"2022-02-09T10:10:54+00:00","mainEntityOfPage":{"@id":"https:\/\/www.organisator.ch\/sustainability\/2018-05-29\/gefaehrlicher-einheitsmix-bei-blaualgen-in-seen\/"},"wordCount":482,"commentCount":0,"publisher":{"@id":"https:\/\/www.organisator.ch\/#organization"},"image":{"@id":"https:\/\/www.organisator.ch\/sustainability\/2018-05-29\/gefaehrlicher-einheitsmix-bei-blaualgen-in-seen\/#primaryimage"},"thumbnailUrl":"https:\/\/www.organisator.ch\/wp-content\/uploads\/2018\/05\/Blaualgen-up_Umwelperspektiven.jpg","keywords":["Bakterien","Blaualgen","WASSER"],"articleSection":["SUSTAINABILITY"],"inLanguage":"fr-FR"},{"@type":"WebPage","@id":"https:\/\/www.organisator.ch\/sustainability\/2018-05-29\/gefaehrlicher-einheitsmix-bei-blaualgen-in-seen\/","url":"https:\/\/www.organisator.ch\/sustainability\/2018-05-29\/gefaehrlicher-einheitsmix-bei-blaualgen-in-seen\/","name":"M\u00e9lange unique et dangereux d'algues bleues dans les lacs - Organisateur","isPartOf":{"@id":"https:\/\/www.organisator.ch\/#website"},"primaryImageOfPage":{"@id":"https:\/\/www.organisator.ch\/sustainability\/2018-05-29\/gefaehrlicher-einheitsmix-bei-blaualgen-in-seen\/#primaryimage"},"image":{"@id":"https:\/\/www.organisator.ch\/sustainability\/2018-05-29\/gefaehrlicher-einheitsmix-bei-blaualgen-in-seen\/#primaryimage"},"thumbnailUrl":"https:\/\/www.organisator.ch\/wp-content\/uploads\/2018\/05\/Blaualgen-up_Umwelperspektiven.jpg","datePublished":"2018-05-29T15:11:03+00:00","dateModified":"2022-02-09T10:10:54+00:00","description":"La composition des algues bleues dans les lacs en bordure des Alpes devient de plus en plus uniforme depuis pr\u00e8s de 100 ans. Les esp\u00e8ces qui profitent du r\u00e9chauffement climatique et de la surabondance temporaire de nutriments sont surtout celles qui peuvent s'adapter tr\u00e8s rapidement aux changements et qui sont potentiellement toxiques.","breadcrumb":{"@id":"https:\/\/www.organisator.ch\/sustainability\/2018-05-29\/gefaehrlicher-einheitsmix-bei-blaualgen-in-seen\/#breadcrumb"},"inLanguage":"fr-FR","potentialAction":[{"@type":"ReadAction","target":["https:\/\/www.organisator.ch\/sustainability\/2018-05-29\/gefaehrlicher-einheitsmix-bei-blaualgen-in-seen\/"]}]},{"@type":"ImageObject","inLanguage":"fr-FR","@id":"https:\/\/www.organisator.ch\/sustainability\/2018-05-29\/gefaehrlicher-einheitsmix-bei-blaualgen-in-seen\/#primaryimage","url":"https:\/\/www.organisator.ch\/wp-content\/uploads\/2018\/05\/Blaualgen-up_Umwelperspektiven.jpg","contentUrl":"https:\/\/www.organisator.ch\/wp-content\/uploads\/2018\/05\/Blaualgen-up_Umwelperspektiven.jpg","width":1800,"height":1200,"caption":"Eine Untersuchung der EAWAG sieht gef\u00e4hrliches Potential bei Blaualgen in Schweizer Gew\u00e4ssern. (Bild: zVg)"},{"@type":"BreadcrumbList","@id":"https:\/\/www.organisator.ch\/sustainability\/2018-05-29\/gefaehrlicher-einheitsmix-bei-blaualgen-in-seen\/#breadcrumb","itemListElement":[{"@type":"ListItem","position":1,"name":"Home","item":"https:\/\/www.organisator.ch\/"},{"@type":"ListItem","position":2,"name":"Gef\u00e4hrlicher Einheitsmix bei Blaualgen in Seen"}]},{"@type":"WebSite","@id":"https:\/\/www.organisator.ch\/#website","url":"https:\/\/www.organisator.ch\/","name":"Organisateur","description":"Comp\u00e9tence et comp\u00e9tence. Proches de la pratique. L'ORGANISATEUR pr\u00e9pare 10 num\u00e9ros par an sur les th\u00e8mes essentiels pour les dirigeants de PME.","publisher":{"@id":"https:\/\/www.organisator.ch\/#organization"},"potentialAction":[{"@type":"SearchAction","target":{"@type":"EntryPoint","urlTemplate":"https:\/\/www.organisator.ch\/?s={search_term_string}"},"query-input":{"@type":"PropertyValueSpecification","valueRequired":true,"valueName":"search_term_string"}}],"inLanguage":"fr-FR"},{"@type":"Organization","@id":"https:\/\/www.organisator.ch\/#organization","name":"Organisateur","url":"https:\/\/www.organisator.ch\/","logo":{"@type":"ImageObject","inLanguage":"fr-FR","@id":"https:\/\/www.organisator.ch\/#\/schema\/logo\/image\/","url":"https:\/\/www.organisator.ch\/wp-content\/uploads\/2022\/01\/Logo_Organisator_Website.png","contentUrl":"https:\/\/www.organisator.ch\/wp-content\/uploads\/2022\/01\/Logo_Organisator_Website.png","width":800,"height":77,"caption":"Organisator"},"image":{"@id":"https:\/\/www.organisator.ch\/#\/schema\/logo\/image\/"},"sameAs":["https:\/\/www.facebook.com\/OrganisatorFachmagazin","https:\/\/www.linkedin.com\/showcase\/organisator-das-magazin-fr-kmu","https:\/\/www.xing.com\/news\/pages\/organisator-ch-695","https:\/\/www.youtube.com\/channel\/UCGP2Sq0iWaZwT3BdIAQFYpw"]},{"@type":"Person","@id":"https:\/\/www.organisator.ch\/#\/schema\/person\/134708ca9321c57b0362cceb7948ffbd","name":"michael.merz","image":{"@type":"ImageObject","inLanguage":"fr-FR","@id":"https:\/\/secure.gravatar.com\/avatar\/?s=96&d=mm&r=g","url":"https:\/\/secure.gravatar.com\/avatar\/?s=96&d=mm&r=g","contentUrl":"https:\/\/secure.gravatar.com\/avatar\/?s=96&d=mm&r=g","caption":"michael.merz"},"url":"https:\/\/www.organisator.ch\/fr\/author\/michael-merz\/"}]}},"_links":{"self":[{"href":"https:\/\/www.organisator.ch\/fr\/wp-json\/wp\/v2\/posts\/1713","targetHints":{"allow":["GET"]}}],"collection":[{"href":"https:\/\/www.organisator.ch\/fr\/wp-json\/wp\/v2\/posts"}],"about":[{"href":"https:\/\/www.organisator.ch\/fr\/wp-json\/wp\/v2\/types\/post"}],"author":[{"embeddable":true,"href":"https:\/\/www.organisator.ch\/fr\/wp-json\/wp\/v2\/users\/5"}],"replies":[{"embeddable":true,"href":"https:\/\/www.organisator.ch\/fr\/wp-json\/wp\/v2\/comments?post=1713"}],"version-history":[{"count":1,"href":"https:\/\/www.organisator.ch\/fr\/wp-json\/wp\/v2\/posts\/1713\/revisions"}],"predecessor-version":[{"id":11031,"href":"https:\/\/www.organisator.ch\/fr\/wp-json\/wp\/v2\/posts\/1713\/revisions\/11031"}],"wp:featuredmedia":[{"embeddable":true,"href":"https:\/\/www.organisator.ch\/fr\/wp-json\/wp\/v2\/media\/9554"}],"wp:attachment":[{"href":"https:\/\/www.organisator.ch\/fr\/wp-json\/wp\/v2\/media?parent=1713"}],"wp:term":[{"taxonomy":"category","embeddable":true,"href":"https:\/\/www.organisator.ch\/fr\/wp-json\/wp\/v2\/categories?post=1713"},{"taxonomy":"post_tag","embeddable":true,"href":"https:\/\/www.organisator.ch\/fr\/wp-json\/wp\/v2\/tags?post=1713"}],"curies":[{"name":"wp","href":"https:\/\/api.w.org\/{rel}","templated":true}]}}