{"id":17134,"date":"2022-10-03T08:01:15","date_gmt":"2022-10-03T06:01:15","guid":{"rendered":"https:\/\/www.organisator.ch\/?p=17134"},"modified":"2022-10-03T08:01:15","modified_gmt":"2022-10-03T06:01:15","slug":"schweizweit-erster-master-in-logistik-und-supply-chain-management-lanciert","status":"publish","type":"post","link":"https:\/\/www.organisator.ch\/fr\/weiterbildung\/2022-10-03\/schweizweit-erster-master-in-logistik-und-supply-chain-management-lanciert\/","title":{"rendered":"Lancement du premier master en logistique et gestion de la cha\u00eene d'approvisionnement en Suisse"},"content":{"rendered":"<figure id=\"attachment_17135\" aria-describedby=\"caption-attachment-17135\" style=\"width: 680px\" class=\"wp-caption alignnone\"><img loading=\"lazy\" decoding=\"async\" class=\"size-full wp-image-17135\" src=\"https:\/\/www.organisator.ch\/wp-content\/uploads\/2022\/10\/Schweizweit-erster-Master-in-Logistik-und-Supply-Chain-Management-lanciert_Organisator.jpg\" alt=\"\" width=\"680\" height=\"453\" srcset=\"https:\/\/www.organisator.ch\/wp-content\/uploads\/2022\/10\/Schweizweit-erster-Master-in-Logistik-und-Supply-Chain-Management-lanciert_Organisator.jpg 680w, https:\/\/www.organisator.ch\/wp-content\/uploads\/2022\/10\/Schweizweit-erster-Master-in-Logistik-und-Supply-Chain-Management-lanciert_Organisator-18x12.jpg 18w, https:\/\/www.organisator.ch\/wp-content\/uploads\/2022\/10\/Schweizweit-erster-Master-in-Logistik-und-Supply-Chain-Management-lanciert_Organisator-263x175.jpg 263w, https:\/\/www.organisator.ch\/wp-content\/uploads\/2022\/10\/Schweizweit-erster-Master-in-Logistik-und-Supply-Chain-Management-lanciert_Organisator-525x350.jpg 525w, https:\/\/www.organisator.ch\/wp-content\/uploads\/2022\/10\/Schweizweit-erster-Master-in-Logistik-und-Supply-Chain-Management-lanciert_Organisator-300x200.jpg 300w\" sizes=\"auto, (max-width: 680px) 100vw, 680px\" \/><figcaption id=\"caption-attachment-17135\" class=\"wp-caption-text\">La Haute \u00e9cole de Lucerne lance le premier master de Suisse en logistique et gestion de la cha\u00eene d'approvisionnement. (Image : Haute \u00e9cole de Lucerne)<\/figcaption><\/figure>\n<p>Le v\u00e9lo que vous venez de commander ne sera pas livr\u00e9 avant un an ? Les stores ne peuvent pas \u00eatre r\u00e9par\u00e9s parce qu'il manque des pi\u00e8ces de rechange ? Les \u00e9tag\u00e8res du magasin de quartier sont vides ? La logistique des marchandises et des ressources repose sur des cha\u00eenes d'approvisionnement qui sont devenues de plus en plus complexes et donc vuln\u00e9rables au cours des derni\u00e8res d\u00e9cennies. Pour les entreprises, il est aujourd'hui essentiel de pouvoir compter sur des cha\u00eenes d'approvisionnement qui fonctionnent. \"Il n'est donc pas \u00e9tonnant que la plupart des entreprises investissent beaucoup dans une logistique intacte et une gestion efficace de la cha\u00eene d'approvisionnement\", explique Ilja B\u00e4umler, responsable du nouveau cursus \"Master in Logistik &amp; Supply Chain Management\", qui sera propos\u00e9 \u00e0 partir du semestre d'automne 2023 \u00e0 la Haute \u00e9cole de Lucerne. Le nouveau programme d'\u00e9tudes de master se penche explicitement sur les d\u00e9fis actuels et futurs des flux mondiaux de marchandises, d'informations et financiers.<\/p>\n<h3>La logistique comme facteur de r\u00e9ussite<\/h3>\n<p>Les d\u00e9fis li\u00e9s \u00e0 la logistique et aux cha\u00eenes d'approvisionnement affectent diff\u00e9rents secteurs d'activit\u00e9. Ils se posent aussi bien dans les entreprises du secteur logistique lui-m\u00eame que dans les entreprises d'autres secteurs. \"Il n'existe d\u00e9sormais pratiquement aucun secteur \u00e9conomique qui ne doive pas s'occuper des implications des flux mondiaux de marchandises et d'informations\", explique B\u00e4umler. Pour le directeur de la fili\u00e8re, il est donc clair que \"les entreprises peuvent se d\u00e9marquer de leurs concurrents gr\u00e2ce \u00e0 une gestion de la cha\u00eene d'approvisionnement et une logistique performantes. Elles ne se font plus seulement concurrence par la qualit\u00e9 de leurs produits et services, mais aussi et surtout par leurs cha\u00eenes d'approvisionnement\".<\/p>\n<h3>Master en logistique et gestion de la cha\u00eene d'approvisionnement contre la p\u00e9nurie de personnel qualifi\u00e9<\/h3>\n<p>Pour que les entreprises puissent se positionner en cons\u00e9quence, elles ont besoin de personnel qualifi\u00e9. Or, les professionnels de la logistique sont une denr\u00e9e rare, Ilja B\u00e4umler le sait pour en avoir discut\u00e9 avec des partenaires de terrain. \"Les \u00e9tudes du nouveau master en logistique permettent aux \u00e9tudiants d'assumer des fonctions techniques et de gestion exigeantes dans des secteurs o\u00f9 il est aujourd'hui particuli\u00e8rement difficile de trouver des sp\u00e9cialistes qualifi\u00e9s\", explique le directeur de la fili\u00e8re. Le programme de master est largement orient\u00e9 sur le plan th\u00e9matique. Outre les th\u00e8mes classiques de la logistique et de la gestion de la cha\u00eene d'approvisionnement, les \u00e9tudiants approfondissent \u00e9galement les domaines de l'informatique et de la num\u00e9risation, de la psychologie appliqu\u00e9e, de la science des donn\u00e9es ainsi que du leadership num\u00e9rique. B\u00e4umler en est certain : \"Il en r\u00e9sulte pour les dipl\u00f4m\u00e9-e-s une qualification particuli\u00e8rement \u00e9lev\u00e9e dans diff\u00e9rentes branches professionnelles\". Concr\u00e8tement, les \u00e9tudiants en Master in Logistik &amp; Supply Chain Management pourraient par exemple occuper plus tard un poste dans un d\u00e9partement logistique d'un grand groupe, travailler dans une PME en tant que Contract Logistics Manager ou travailler \u00e0 leur compte en tant que conseiller ou conseill\u00e8re d'entreprise.<\/p>\n<h3>Des \u00e9tudes flexibles et proches de la pratique<\/h3>\n<p>Afin de pr\u00e9parer au mieux les \u00e9tudiants aux d\u00e9fis r\u00e9els de l'\u00e9conomie, le programme de master est ax\u00e9 sur la pratique. Dans le cadre de diff\u00e9rents travaux de projet, les \u00e9tudiants approfondissent leurs connaissances \u00e0 l'aide de probl\u00e9matiques r\u00e9elles issues de multiples domaines d'application et en collaboration avec des partenaires pratiques. Ainsi, le programme d'\u00e9tudes est r\u00e9alis\u00e9 en coop\u00e9ration avec le Logistikum Schweiz et le Logistikum Ober\u00f6sterreich. Chaque semestre, les \u00e9tudiants suivent une semaine bloqu\u00e9e \u00e0 l'Innovation Lab d'Altdorf UR, o\u00f9 ils peuvent travailler avec des technologies dites \u00e9mergentes (par ex. la robotique collaborative, l'Internet des objets, la r\u00e9alit\u00e9 augment\u00e9e, etc. \"Nos enseignants disposent \u00e0 la fois de solides connaissances scientifiques et d'une exp\u00e9rience pratique actuelle\", pr\u00e9cise B\u00e4umler.<\/p>\n<p>Le programme de master est d\u00e9lib\u00e9r\u00e9ment con\u00e7u comme des \u00e9tudes \u00e0 temps partiel. Ilja B\u00e4umler : \"Nous voulons permettre aux \u00e9tudiantes et aux \u00e9tudiants de continuer \u00e0 travailler dans leur environnement professionnel tout en poursuivant leurs \u00e9tudes et de pouvoir int\u00e9grer leurs exp\u00e9riences pratiques dans l'enseignement\". Le d\u00e9but des \u00e9tudes est pr\u00e9vu pour le semestre d'automne 2023. La dur\u00e9e des \u00e9tudes est de quatre semestres \u00e0 temps partiel, une activit\u00e9 professionnelle parall\u00e8le est possible.<\/p>\n<p><em>Source : <a href=\"http:\/\/www.hslu.ch\">www.hslu.ch<\/a><\/em><\/p>","protected":false},"excerpt":{"rendered":"<p>Das neu bestellte Fahrrad wird erst in einem Jahr geliefert? Die Jalousien k\u00f6nnen nicht repariert werden, weil Ersatzteile fehlen? Im Quartierladen sind die Regale leer? Die Logistik von Waren und Ressourcen beruht auf Lieferketten, die in den letzten Jahrzehnten immer komplexer und dadurch verletzlicher geworden sind. F\u00fcr Unternehmen ist es heute zentral, auf funktionierende Lieferketten [&hellip;]<\/p>\n","protected":false},"author":4,"featured_media":0,"comment_status":"closed","ping_status":"closed","sticky":false,"template":"","format":"standard","meta":{"_acf_changed":false,"_yoast_wpseo_focuskw":"Master in Logistik","_yoast_wpseo_metadesc":"Der neue Master in Logistik & Supply Chain Management der Hochschule Luzern bildet ab Herbst 2023 sehnlichst erwartete Fachkr\u00e4fte aus.","articlekey":"","footnotes":""},"categories":[30],"tags":[62,192,194,328],"class_list":["post-17134","post","type-post","status-publish","format-standard","hentry","category-weiterbildung","tag-aus-weiterbildung","tag-fachhochschulen","tag-fachkraeftemangel","tag-logistik"],"acf":[],"yoast_head":"<!-- This site is optimized with the Yoast SEO plugin v27.5 - https:\/\/yoast.com\/product\/yoast-seo-wordpress\/ -->\n<title>Schweizweit erster Master in Logistik und Supply Chain Management lanciert - Organisator<\/title>\n<meta name=\"description\" content=\"Der neue Master in Logistik &amp; Supply Chain Management der Hochschule Luzern bildet ab Herbst 2023 sehnlichst erwartete Fachkr\u00e4fte aus.\" \/>\n<meta name=\"robots\" content=\"index, follow, max-snippet:-1, max-image-preview:large, max-video-preview:-1\" \/>\n<link rel=\"canonical\" href=\"https:\/\/www.organisator.ch\/fr\/formation-continue-2\/2022-10-03\/schweizweit-erster-master-in-logistik-und-supply-chain-management-lanciert\/\" \/>\n<meta property=\"og:locale\" content=\"fr_FR\" \/>\n<meta property=\"og:type\" content=\"article\" \/>\n<meta property=\"og:title\" content=\"Schweizweit erster Master in Logistik und Supply Chain Management lanciert\" \/>\n<meta property=\"og:description\" content=\"Der neue Master in Logistik &amp; Supply Chain Management der Hochschule Luzern bildet ab Herbst 2023 sehnlichst erwartete Fachkr\u00e4fte aus.\" \/>\n<meta property=\"og:url\" content=\"https:\/\/www.organisator.ch\/fr\/formation-continue-2\/2022-10-03\/schweizweit-erster-master-in-logistik-und-supply-chain-management-lanciert\/\" \/>\n<meta property=\"og:site_name\" content=\"Organisator\" \/>\n<meta property=\"article:publisher\" content=\"https:\/\/www.facebook.com\/OrganisatorFachmagazin\" \/>\n<meta property=\"article:published_time\" content=\"2022-10-03T06:01:15+00:00\" \/>\n<meta property=\"og:image\" content=\"https:\/\/www.organisator.ch\/wp-content\/uploads\/2022\/10\/Schweizweit-erster-Master-in-Logistik-und-Supply-Chain-Management-lanciert_Organisator.jpg\" \/>\n\t<meta property=\"og:image:width\" content=\"680\" \/>\n\t<meta property=\"og:image:height\" content=\"453\" \/>\n\t<meta property=\"og:image:type\" content=\"image\/jpeg\" \/>\n<meta name=\"author\" content=\"thomas.berner\" \/>\n<meta name=\"twitter:card\" content=\"summary_large_image\" \/>\n<meta name=\"twitter:title\" content=\"Schweizweit erster #Master in #Logistik und Supply Chain Management lanciert\" \/>\n<meta name=\"twitter:description\" content=\"Der neue #Master in #Logistik &amp; Supply Chain Management der #Hochschule #Luzern bildet ab Herbst 2023 sehnlichst erwartete #Fachkr\u00e4fte aus.\" \/>\n<meta name=\"twitter:image\" content=\"https:\/\/www.organisator.ch\/wp-content\/uploads\/2022\/10\/Schweizweit-erster-Master-in-Logistik-und-Supply-Chain-Management-lanciert_Organisator.jpg\" \/>\n<script type=\"application\/ld+json\" class=\"yoast-schema-graph\">{\"@context\":\"https:\\\/\\\/schema.org\",\"@graph\":[{\"@type\":\"Article\",\"@id\":\"https:\\\/\\\/www.organisator.ch\\\/weiterbildung\\\/2022-10-03\\\/schweizweit-erster-master-in-logistik-und-supply-chain-management-lanciert\\\/#article\",\"isPartOf\":{\"@id\":\"https:\\\/\\\/www.organisator.ch\\\/weiterbildung\\\/2022-10-03\\\/schweizweit-erster-master-in-logistik-und-supply-chain-management-lanciert\\\/\"},\"author\":{\"name\":\"thomas.berner\",\"@id\":\"https:\\\/\\\/www.organisator.ch\\\/#\\\/schema\\\/person\\\/6f650f90b2842cd4c0cc334b4e36f67e\"},\"headline\":\"Schweizweit erster Master in Logistik und Supply Chain Management lanciert\",\"datePublished\":\"2022-10-03T06:01:15+00:00\",\"mainEntityOfPage\":{\"@id\":\"https:\\\/\\\/www.organisator.ch\\\/weiterbildung\\\/2022-10-03\\\/schweizweit-erster-master-in-logistik-und-supply-chain-management-lanciert\\\/\"},\"wordCount\":589,\"publisher\":{\"@id\":\"https:\\\/\\\/www.organisator.ch\\\/#organization\"},\"image\":{\"@id\":\"https:\\\/\\\/www.organisator.ch\\\/weiterbildung\\\/2022-10-03\\\/schweizweit-erster-master-in-logistik-und-supply-chain-management-lanciert\\\/#primaryimage\"},\"thumbnailUrl\":\"https:\\\/\\\/www.organisator.ch\\\/wp-content\\\/uploads\\\/2022\\\/10\\\/Schweizweit-erster-Master-in-Logistik-und-Supply-Chain-Management-lanciert_Organisator.jpg\",\"keywords\":[\"Aus-\\\/Weiterbildung\",\"Fachhochschulen\",\"Fachkr\u00e4ftemangel\",\"Logistik\"],\"articleSection\":[\"WEITERBILDUNG\"],\"inLanguage\":\"fr-FR\"},{\"@type\":\"WebPage\",\"@id\":\"https:\\\/\\\/www.organisator.ch\\\/weiterbildung\\\/2022-10-03\\\/schweizweit-erster-master-in-logistik-und-supply-chain-management-lanciert\\\/\",\"url\":\"https:\\\/\\\/www.organisator.ch\\\/weiterbildung\\\/2022-10-03\\\/schweizweit-erster-master-in-logistik-und-supply-chain-management-lanciert\\\/\",\"name\":\"Schweizweit erster Master in Logistik und Supply Chain Management lanciert - Organisator\",\"isPartOf\":{\"@id\":\"https:\\\/\\\/www.organisator.ch\\\/#website\"},\"primaryImageOfPage\":{\"@id\":\"https:\\\/\\\/www.organisator.ch\\\/weiterbildung\\\/2022-10-03\\\/schweizweit-erster-master-in-logistik-und-supply-chain-management-lanciert\\\/#primaryimage\"},\"image\":{\"@id\":\"https:\\\/\\\/www.organisator.ch\\\/weiterbildung\\\/2022-10-03\\\/schweizweit-erster-master-in-logistik-und-supply-chain-management-lanciert\\\/#primaryimage\"},\"thumbnailUrl\":\"https:\\\/\\\/www.organisator.ch\\\/wp-content\\\/uploads\\\/2022\\\/10\\\/Schweizweit-erster-Master-in-Logistik-und-Supply-Chain-Management-lanciert_Organisator.jpg\",\"datePublished\":\"2022-10-03T06:01:15+00:00\",\"description\":\"Der neue Master in Logistik & Supply Chain Management der Hochschule Luzern bildet ab Herbst 2023 sehnlichst erwartete Fachkr\u00e4fte aus.\",\"breadcrumb\":{\"@id\":\"https:\\\/\\\/www.organisator.ch\\\/weiterbildung\\\/2022-10-03\\\/schweizweit-erster-master-in-logistik-und-supply-chain-management-lanciert\\\/#breadcrumb\"},\"inLanguage\":\"fr-FR\",\"potentialAction\":[{\"@type\":\"ReadAction\",\"target\":[\"https:\\\/\\\/www.organisator.ch\\\/weiterbildung\\\/2022-10-03\\\/schweizweit-erster-master-in-logistik-und-supply-chain-management-lanciert\\\/\"]}]},{\"@type\":\"ImageObject\",\"inLanguage\":\"fr-FR\",\"@id\":\"https:\\\/\\\/www.organisator.ch\\\/weiterbildung\\\/2022-10-03\\\/schweizweit-erster-master-in-logistik-und-supply-chain-management-lanciert\\\/#primaryimage\",\"url\":\"https:\\\/\\\/www.organisator.ch\\\/wp-content\\\/uploads\\\/2022\\\/10\\\/Schweizweit-erster-Master-in-Logistik-und-Supply-Chain-Management-lanciert_Organisator.jpg\",\"contentUrl\":\"https:\\\/\\\/www.organisator.ch\\\/wp-content\\\/uploads\\\/2022\\\/10\\\/Schweizweit-erster-Master-in-Logistik-und-Supply-Chain-Management-lanciert_Organisator.jpg\"},{\"@type\":\"BreadcrumbList\",\"@id\":\"https:\\\/\\\/www.organisator.ch\\\/weiterbildung\\\/2022-10-03\\\/schweizweit-erster-master-in-logistik-und-supply-chain-management-lanciert\\\/#breadcrumb\",\"itemListElement\":[{\"@type\":\"ListItem\",\"position\":1,\"name\":\"Home\",\"item\":\"https:\\\/\\\/www.organisator.ch\\\/\"},{\"@type\":\"ListItem\",\"position\":2,\"name\":\"Schweizweit erster Master in Logistik und Supply Chain Management lanciert\"}]},{\"@type\":\"WebSite\",\"@id\":\"https:\\\/\\\/www.organisator.ch\\\/#website\",\"url\":\"https:\\\/\\\/www.organisator.ch\\\/\",\"name\":\"Organisator\",\"description\":\"Kompetent. Praxisnah. Der ORGANISATOR bereitet in 10 Ausgaben pro Jahr die wesentlichen Themen f\u00fcr F\u00fchrungskr\u00e4fte von KMU auf.\",\"publisher\":{\"@id\":\"https:\\\/\\\/www.organisator.ch\\\/#organization\"},\"potentialAction\":[{\"@type\":\"SearchAction\",\"target\":{\"@type\":\"EntryPoint\",\"urlTemplate\":\"https:\\\/\\\/www.organisator.ch\\\/?s={search_term_string}\"},\"query-input\":{\"@type\":\"PropertyValueSpecification\",\"valueRequired\":true,\"valueName\":\"search_term_string\"}}],\"inLanguage\":\"fr-FR\"},{\"@type\":\"Organization\",\"@id\":\"https:\\\/\\\/www.organisator.ch\\\/#organization\",\"name\":\"Organisator\",\"url\":\"https:\\\/\\\/www.organisator.ch\\\/\",\"logo\":{\"@type\":\"ImageObject\",\"inLanguage\":\"fr-FR\",\"@id\":\"https:\\\/\\\/www.organisator.ch\\\/#\\\/schema\\\/logo\\\/image\\\/\",\"url\":\"https:\\\/\\\/www.organisator.ch\\\/wp-content\\\/uploads\\\/2022\\\/01\\\/Logo_Organisator_Website.png\",\"contentUrl\":\"https:\\\/\\\/www.organisator.ch\\\/wp-content\\\/uploads\\\/2022\\\/01\\\/Logo_Organisator_Website.png\",\"width\":800,\"height\":77,\"caption\":\"Organisator\"},\"image\":{\"@id\":\"https:\\\/\\\/www.organisator.ch\\\/#\\\/schema\\\/logo\\\/image\\\/\"},\"sameAs\":[\"https:\\\/\\\/www.facebook.com\\\/OrganisatorFachmagazin\",\"https:\\\/\\\/www.linkedin.com\\\/showcase\\\/organisator-das-magazin-fr-kmu\",\"https:\\\/\\\/www.xing.com\\\/news\\\/pages\\\/organisator-ch-695\",\"https:\\\/\\\/www.youtube.com\\\/channel\\\/UCGP2Sq0iWaZwT3BdIAQFYpw\"]},{\"@type\":\"Person\",\"@id\":\"https:\\\/\\\/www.organisator.ch\\\/#\\\/schema\\\/person\\\/6f650f90b2842cd4c0cc334b4e36f67e\",\"name\":\"thomas.berner\",\"image\":{\"@type\":\"ImageObject\",\"inLanguage\":\"fr-FR\",\"@id\":\"https:\\\/\\\/secure.gravatar.com\\\/avatar\\\/ac5001d2a36cb6c6cd3e50789007ffca834b477b74a2144564522e944eabff61?s=96&d=mm&r=g\",\"url\":\"https:\\\/\\\/secure.gravatar.com\\\/avatar\\\/ac5001d2a36cb6c6cd3e50789007ffca834b477b74a2144564522e944eabff61?s=96&d=mm&r=g\",\"contentUrl\":\"https:\\\/\\\/secure.gravatar.com\\\/avatar\\\/ac5001d2a36cb6c6cd3e50789007ffca834b477b74a2144564522e944eabff61?s=96&d=mm&r=g\",\"caption\":\"thomas.berner\"},\"url\":\"https:\\\/\\\/www.organisator.ch\\\/fr\\\/author\\\/thomas-berner\\\/\"}]}<\/script>\n<!-- \/ Yoast SEO plugin. -->","yoast_head_json":{"title":"Lancement du premier master de Suisse en logistique et gestion de la cha\u00eene d'approvisionnement - Organisateur","description":"Le nouveau master en logistique et gestion de la cha\u00eene d'approvisionnement de la Haute \u00e9cole de Lucerne formera des sp\u00e9cialistes tr\u00e8s attendus \u00e0 partir de l'automne 2023.","robots":{"index":"index","follow":"follow","max-snippet":"max-snippet:-1","max-image-preview":"max-image-preview:large","max-video-preview":"max-video-preview:-1"},"canonical":"https:\/\/www.organisator.ch\/fr\/formation-continue-2\/2022-10-03\/schweizweit-erster-master-in-logistik-und-supply-chain-management-lanciert\/","og_locale":"fr_FR","og_type":"article","og_title":"Schweizweit erster Master in Logistik und Supply Chain Management lanciert","og_description":"Der neue Master in Logistik & Supply Chain Management der Hochschule Luzern bildet ab Herbst 2023 sehnlichst erwartete Fachkr\u00e4fte aus.","og_url":"https:\/\/www.organisator.ch\/fr\/formation-continue-2\/2022-10-03\/schweizweit-erster-master-in-logistik-und-supply-chain-management-lanciert\/","og_site_name":"Organisator","article_publisher":"https:\/\/www.facebook.com\/OrganisatorFachmagazin","article_published_time":"2022-10-03T06:01:15+00:00","og_image":[{"width":680,"height":453,"url":"https:\/\/www.organisator.ch\/wp-content\/uploads\/2022\/10\/Schweizweit-erster-Master-in-Logistik-und-Supply-Chain-Management-lanciert_Organisator.jpg","type":"image\/jpeg"}],"author":"thomas.berner","twitter_card":"summary_large_image","twitter_title":"Schweizweit erster #Master in #Logistik und Supply Chain Management lanciert","twitter_description":"Der neue #Master in #Logistik & Supply Chain Management der #Hochschule #Luzern bildet ab Herbst 2023 sehnlichst erwartete #Fachkr\u00e4fte aus.","twitter_image":"https:\/\/www.organisator.ch\/wp-content\/uploads\/2022\/10\/Schweizweit-erster-Master-in-Logistik-und-Supply-Chain-Management-lanciert_Organisator.jpg","schema":{"@context":"https:\/\/schema.org","@graph":[{"@type":"Article","@id":"https:\/\/www.organisator.ch\/weiterbildung\/2022-10-03\/schweizweit-erster-master-in-logistik-und-supply-chain-management-lanciert\/#article","isPartOf":{"@id":"https:\/\/www.organisator.ch\/weiterbildung\/2022-10-03\/schweizweit-erster-master-in-logistik-und-supply-chain-management-lanciert\/"},"author":{"name":"thomas.berner","@id":"https:\/\/www.organisator.ch\/#\/schema\/person\/6f650f90b2842cd4c0cc334b4e36f67e"},"headline":"Schweizweit erster Master in Logistik und Supply Chain Management lanciert","datePublished":"2022-10-03T06:01:15+00:00","mainEntityOfPage":{"@id":"https:\/\/www.organisator.ch\/weiterbildung\/2022-10-03\/schweizweit-erster-master-in-logistik-und-supply-chain-management-lanciert\/"},"wordCount":589,"publisher":{"@id":"https:\/\/www.organisator.ch\/#organization"},"image":{"@id":"https:\/\/www.organisator.ch\/weiterbildung\/2022-10-03\/schweizweit-erster-master-in-logistik-und-supply-chain-management-lanciert\/#primaryimage"},"thumbnailUrl":"https:\/\/www.organisator.ch\/wp-content\/uploads\/2022\/10\/Schweizweit-erster-Master-in-Logistik-und-Supply-Chain-Management-lanciert_Organisator.jpg","keywords":["Aus-\/Weiterbildung","Fachhochschulen","Fachkr\u00e4ftemangel","Logistik"],"articleSection":["WEITERBILDUNG"],"inLanguage":"fr-FR"},{"@type":"WebPage","@id":"https:\/\/www.organisator.ch\/weiterbildung\/2022-10-03\/schweizweit-erster-master-in-logistik-und-supply-chain-management-lanciert\/","url":"https:\/\/www.organisator.ch\/weiterbildung\/2022-10-03\/schweizweit-erster-master-in-logistik-und-supply-chain-management-lanciert\/","name":"Lancement du premier master de Suisse en logistique et gestion de la cha\u00eene d'approvisionnement - Organisateur","isPartOf":{"@id":"https:\/\/www.organisator.ch\/#website"},"primaryImageOfPage":{"@id":"https:\/\/www.organisator.ch\/weiterbildung\/2022-10-03\/schweizweit-erster-master-in-logistik-und-supply-chain-management-lanciert\/#primaryimage"},"image":{"@id":"https:\/\/www.organisator.ch\/weiterbildung\/2022-10-03\/schweizweit-erster-master-in-logistik-und-supply-chain-management-lanciert\/#primaryimage"},"thumbnailUrl":"https:\/\/www.organisator.ch\/wp-content\/uploads\/2022\/10\/Schweizweit-erster-Master-in-Logistik-und-Supply-Chain-Management-lanciert_Organisator.jpg","datePublished":"2022-10-03T06:01:15+00:00","description":"Le nouveau master en logistique et gestion de la cha\u00eene d'approvisionnement de la Haute \u00e9cole de Lucerne formera des sp\u00e9cialistes tr\u00e8s attendus \u00e0 partir de l'automne 2023.","breadcrumb":{"@id":"https:\/\/www.organisator.ch\/weiterbildung\/2022-10-03\/schweizweit-erster-master-in-logistik-und-supply-chain-management-lanciert\/#breadcrumb"},"inLanguage":"fr-FR","potentialAction":[{"@type":"ReadAction","target":["https:\/\/www.organisator.ch\/weiterbildung\/2022-10-03\/schweizweit-erster-master-in-logistik-und-supply-chain-management-lanciert\/"]}]},{"@type":"ImageObject","inLanguage":"fr-FR","@id":"https:\/\/www.organisator.ch\/weiterbildung\/2022-10-03\/schweizweit-erster-master-in-logistik-und-supply-chain-management-lanciert\/#primaryimage","url":"https:\/\/www.organisator.ch\/wp-content\/uploads\/2022\/10\/Schweizweit-erster-Master-in-Logistik-und-Supply-Chain-Management-lanciert_Organisator.jpg","contentUrl":"https:\/\/www.organisator.ch\/wp-content\/uploads\/2022\/10\/Schweizweit-erster-Master-in-Logistik-und-Supply-Chain-Management-lanciert_Organisator.jpg"},{"@type":"BreadcrumbList","@id":"https:\/\/www.organisator.ch\/weiterbildung\/2022-10-03\/schweizweit-erster-master-in-logistik-und-supply-chain-management-lanciert\/#breadcrumb","itemListElement":[{"@type":"ListItem","position":1,"name":"Home","item":"https:\/\/www.organisator.ch\/"},{"@type":"ListItem","position":2,"name":"Schweizweit erster Master in Logistik und Supply Chain Management lanciert"}]},{"@type":"WebSite","@id":"https:\/\/www.organisator.ch\/#website","url":"https:\/\/www.organisator.ch\/","name":"Organisateur","description":"Comp\u00e9tence et comp\u00e9tence. Proches de la pratique. L'ORGANISATEUR pr\u00e9pare 10 num\u00e9ros par an sur les th\u00e8mes essentiels pour les dirigeants de PME.","publisher":{"@id":"https:\/\/www.organisator.ch\/#organization"},"potentialAction":[{"@type":"SearchAction","target":{"@type":"EntryPoint","urlTemplate":"https:\/\/www.organisator.ch\/?s={search_term_string}"},"query-input":{"@type":"PropertyValueSpecification","valueRequired":true,"valueName":"search_term_string"}}],"inLanguage":"fr-FR"},{"@type":"Organization","@id":"https:\/\/www.organisator.ch\/#organization","name":"Organisateur","url":"https:\/\/www.organisator.ch\/","logo":{"@type":"ImageObject","inLanguage":"fr-FR","@id":"https:\/\/www.organisator.ch\/#\/schema\/logo\/image\/","url":"https:\/\/www.organisator.ch\/wp-content\/uploads\/2022\/01\/Logo_Organisator_Website.png","contentUrl":"https:\/\/www.organisator.ch\/wp-content\/uploads\/2022\/01\/Logo_Organisator_Website.png","width":800,"height":77,"caption":"Organisator"},"image":{"@id":"https:\/\/www.organisator.ch\/#\/schema\/logo\/image\/"},"sameAs":["https:\/\/www.facebook.com\/OrganisatorFachmagazin","https:\/\/www.linkedin.com\/showcase\/organisator-das-magazin-fr-kmu","https:\/\/www.xing.com\/news\/pages\/organisator-ch-695","https:\/\/www.youtube.com\/channel\/UCGP2Sq0iWaZwT3BdIAQFYpw"]},{"@type":"Person","@id":"https:\/\/www.organisator.ch\/#\/schema\/person\/6f650f90b2842cd4c0cc334b4e36f67e","name":"thomas.berner","image":{"@type":"ImageObject","inLanguage":"fr-FR","@id":"https:\/\/secure.gravatar.com\/avatar\/ac5001d2a36cb6c6cd3e50789007ffca834b477b74a2144564522e944eabff61?s=96&d=mm&r=g","url":"https:\/\/secure.gravatar.com\/avatar\/ac5001d2a36cb6c6cd3e50789007ffca834b477b74a2144564522e944eabff61?s=96&d=mm&r=g","contentUrl":"https:\/\/secure.gravatar.com\/avatar\/ac5001d2a36cb6c6cd3e50789007ffca834b477b74a2144564522e944eabff61?s=96&d=mm&r=g","caption":"thomas.berner"},"url":"https:\/\/www.organisator.ch\/fr\/author\/thomas-berner\/"}]}},"_links":{"self":[{"href":"https:\/\/www.organisator.ch\/fr\/wp-json\/wp\/v2\/posts\/17134","targetHints":{"allow":["GET"]}}],"collection":[{"href":"https:\/\/www.organisator.ch\/fr\/wp-json\/wp\/v2\/posts"}],"about":[{"href":"https:\/\/www.organisator.ch\/fr\/wp-json\/wp\/v2\/types\/post"}],"author":[{"embeddable":true,"href":"https:\/\/www.organisator.ch\/fr\/wp-json\/wp\/v2\/users\/4"}],"replies":[{"embeddable":true,"href":"https:\/\/www.organisator.ch\/fr\/wp-json\/wp\/v2\/comments?post=17134"}],"version-history":[{"count":1,"href":"https:\/\/www.organisator.ch\/fr\/wp-json\/wp\/v2\/posts\/17134\/revisions"}],"predecessor-version":[{"id":17136,"href":"https:\/\/www.organisator.ch\/fr\/wp-json\/wp\/v2\/posts\/17134\/revisions\/17136"}],"wp:attachment":[{"href":"https:\/\/www.organisator.ch\/fr\/wp-json\/wp\/v2\/media?parent=17134"}],"wp:term":[{"taxonomy":"category","embeddable":true,"href":"https:\/\/www.organisator.ch\/fr\/wp-json\/wp\/v2\/categories?post=17134"},{"taxonomy":"post_tag","embeddable":true,"href":"https:\/\/www.organisator.ch\/fr\/wp-json\/wp\/v2\/tags?post=17134"}],"curies":[{"name":"wp","href":"https:\/\/api.w.org\/{rel}","templated":true}]}}