{"id":17138,"date":"2022-10-03T09:45:54","date_gmt":"2022-10-03T07:45:54","guid":{"rendered":"https:\/\/www.werbewoche.ch\/?p=187465"},"modified":"2024-11-21T07:51:28","modified_gmt":"2024-11-21T06:51:28","slug":"sunrise-ist-neu-sponsor-von-swiss-paralympic","status":"publish","type":"post","link":"https:\/\/www.organisator.ch\/fr\/marketing\/2022-10-03\/sunrise-ist-neu-sponsor-von-swiss-paralympic\/","title":{"rendered":"Sunrise est d\u00e9sormais sponsor de Swiss Paralympic"},"content":{"rendered":"<p>&nbsp;<\/p>\r\n<figure id=\"attachment_187466\" class=\"wp-caption alignnone\" style=\"width: 768px\" aria-describedby=\"caption-attachment-187466\"><img class=\"alignnone wp-image-187466 size-large\" src=\"https:\/\/www.werbewoche.ch\/wp-content\/uploads\/2022\/10\/Online_SwissParalympic-1024x683.jpeg\" alt=\"Sunrise Swiss Paralympic\" width=\"768\" height=\"512\" \/>\r\n<figcaption id=\"caption-attachment-187466\" class=\"wp-caption-text\">Sunrise est d\u00e9sormais sponsor et \"fournisseur\" de la fondation Swiss Paralympic.<\/figcaption>\r\n<\/figure>\r\n<p>Swiss Paralympic organise et finance la participation des athl\u00e8tes handicap\u00e9s suisses de haut niveau* aux Jeux paralympiques, aux championnats d'Europe et aux championnats du monde en grande partie gr\u00e2ce \u00e0 l'argent des sponsors et des donateurs. D\u00e9sormais, Sunrise finance en tant que \"fournisseur\" l'\u00e9quipement de comp\u00e9tition des para-skieurs jusqu'apr\u00e8s les Jeux d'hiver de Cortina 2026.<\/p>\r\n<p>\"Swiss Paralympic ne correspond pas seulement parfaitement \u00e0 la promesse de notre marque 'Dream Big. Do Big.' mais aussi \u00e0 notre culture d'entreprise. La diversit\u00e9, l'\u00e9galit\u00e9 et l'inclusion font partie de notre ADN. Nous voulons inspirer et soutenir les gens pour qu'ils r\u00eavent de grandes choses et fassent de grandes choses. Les athl\u00e8tes paralympiques sont un grand exemple pour nous tous et nous sommes tr\u00e8s fiers de les soutenir\", d\u00e9clare Andr\u00e9 Krause, CEO de Sunrise.<\/p>\r\n<p><img class=\"alignnone wp-image-187467 size-full\" src=\"https:\/\/www.werbewoche.ch\/wp-content\/uploads\/2022\/10\/Online_SwissParalympic_2-scaled.jpeg\" alt=\"\" width=\"1300\" height=\"866\" \/><\/p>\r\n<p>\"Le slogan de Sunrise doit \u00e9galement donner \u00e0 nos athl\u00e8tes une motivation suppl\u00e9mentaire pour la saison \u00e0 venir. Nous sommes heureux d'avoir trouv\u00e9 en Sunrise un fournisseur qui partage nos valeurs de 'diversit\u00e9 et d'inclusion'\", a d\u00e9clar\u00e9 la secr\u00e9taire g\u00e9n\u00e9rale de Swiss Paralympic, Conchita J\u00e4ger.<\/p>\r\n<h3>Un engagement \u00e0 long terme pour l'ensemble des sports de neige<\/h3>\r\n<p>L'engagement \u00e0 long terme et \u00e0 grande \u00e9chelle de Sunrise pour Swiss-Ski a pour objectif de soutenir durablement l'ensemble des sports de neige (des manifestations de la Coupe du monde suisse, du sport de la rel\u00e8ve et du sport de masse jusqu'\u00e0 la promotion dans les diff\u00e9rentes r\u00e9gions). Les athl\u00e8tes de Swiss-Ski et de Swiss Paralympic b\u00e9n\u00e9ficient \u00e9galement de ce partenariat. A partir de la saison 2022\/23, douze jeunes espoirs - appel\u00e9s Rising Stars de Swiss-Ski et de Swiss Paralympic - seront soutenus par un sponsoring de t\u00eate, des formations, etc.<\/p>\r\n<p>La B\u00e2loise Ellen Walther, qui n'a pas baiss\u00e9 les bras apr\u00e8s un grave accident de snowboard et qui est aujourd'hui une athl\u00e8te paralympique au d\u00e9part de courses internationales de SBX et de Banked Slalom, ainsi que le para-snowboardeur bernois Aron Fahrni seront d\u00e9sormais soutenus par le programme Sunrise Rising Stars.<\/p>","protected":false},"excerpt":{"rendered":"<p>\u00a0 Swiss Paralympic organisiert und finanziert die Teilnahme der Schweizer Behindertenspitzensportler*innen an Paralympics, Europa- und Weltmeisterschaften gr\u00f6sstenteils mit Sponsoren- und Spendergeldern. Neu finanziert Sunrise als \u00abSupplier\u00bb die Wettkampfausr\u00fcstung der Para-Skifahrerinnen und -fahrer bis nach den Winterspielen in Cortina 2026. \u00abSwiss Paralympic passt nicht nur bestens zu unserem Markenversprechen \u2018Dream Big. Do Big.\u2019 sondern auch zu [\u2026]<\/p>\n","protected":false},"author":8,"featured_media":0,"comment_status":"closed","ping_status":"closed","sticky":false,"template":"","format":"standard","meta":{"_acf_changed":false,"_yoast_wpseo_focuskw":"Sunrise Swiss Paralympic","_yoast_wpseo_metadesc":"Sunrise unterst\u00fctzt Swiss Paralympic als Sponsor. Finanzierung der Para-Skifahrer bis 2026. F\u00f6rderung von Vielfalt und Inklusion.","articlekey":"","footnotes":""},"categories":[29],"tags":[3427,3428],"class_list":["post-17138","post","type-post","status-publish","format-standard","hentry","category-marketing","tag-paralympics","tag-ski"],"acf":[],"yoast_head":"<!-- This site is optimized with the Yoast SEO plugin v27.5 - https:\/\/yoast.com\/product\/yoast-seo-wordpress\/ -->\n<title>Sunrise ist neu Sponsor von Swiss Paralympic - Organisator<\/title>\n<meta name=\"description\" content=\"Sunrise unterst\u00fctzt Swiss Paralympic als Sponsor. Finanzierung der Para-Skifahrer bis 2026. F\u00f6rderung von Vielfalt und Inklusion.\" \/>\n<meta name=\"robots\" content=\"index, follow, max-snippet:-1, max-image-preview:large, max-video-preview:-1\" \/>\n<link rel=\"canonical\" href=\"https:\/\/www.organisator.ch\/fr\/marketing\/2022-10-03\/sunrise-ist-neu-sponsor-von-swiss-paralympic\/\" \/>\n<meta property=\"og:locale\" content=\"fr_FR\" \/>\n<meta property=\"og:type\" content=\"article\" \/>\n<meta property=\"og:title\" content=\"Sunrise ist neu Sponsor von Swiss Paralympic - Organisator\" \/>\n<meta property=\"og:description\" content=\"Sunrise unterst\u00fctzt Swiss Paralympic als Sponsor. Finanzierung der Para-Skifahrer bis 2026. F\u00f6rderung von Vielfalt und Inklusion.\" \/>\n<meta property=\"og:url\" content=\"https:\/\/www.organisator.ch\/fr\/marketing\/2022-10-03\/sunrise-ist-neu-sponsor-von-swiss-paralympic\/\" \/>\n<meta property=\"og:site_name\" content=\"Organisator\" \/>\n<meta property=\"article:publisher\" content=\"https:\/\/www.facebook.com\/OrganisatorFachmagazin\" \/>\n<meta property=\"article:published_time\" content=\"2022-10-03T07:45:54+00:00\" \/>\n<meta property=\"article:modified_time\" content=\"2024-11-21T06:51:28+00:00\" \/>\n<meta name=\"author\" content=\"galledia\" \/>\n<meta name=\"twitter:card\" content=\"summary_large_image\" \/>\n<meta name=\"twitter:creator\" content=\"@admin\" \/>\n<script type=\"application\/ld+json\" class=\"yoast-schema-graph\">{\"@context\":\"https:\\\/\\\/schema.org\",\"@graph\":[{\"@type\":\"Article\",\"@id\":\"https:\\\/\\\/www.organisator.ch\\\/marketing\\\/2022-10-03\\\/sunrise-ist-neu-sponsor-von-swiss-paralympic\\\/#article\",\"isPartOf\":{\"@id\":\"https:\\\/\\\/www.organisator.ch\\\/marketing\\\/2022-10-03\\\/sunrise-ist-neu-sponsor-von-swiss-paralympic\\\/\"},\"author\":{\"name\":\"galledia\",\"@id\":\"https:\\\/\\\/www.organisator.ch\\\/#\\\/schema\\\/person\\\/4e51799071cd2dd1232ac003643ef5f0\"},\"headline\":\"Sunrise ist neu Sponsor von Swiss Paralympic\",\"datePublished\":\"2022-10-03T07:45:54+00:00\",\"dateModified\":\"2024-11-21T06:51:28+00:00\",\"mainEntityOfPage\":{\"@id\":\"https:\\\/\\\/www.organisator.ch\\\/marketing\\\/2022-10-03\\\/sunrise-ist-neu-sponsor-von-swiss-paralympic\\\/\"},\"wordCount\":294,\"publisher\":{\"@id\":\"https:\\\/\\\/www.organisator.ch\\\/#organization\"},\"image\":{\"@id\":\"https:\\\/\\\/www.organisator.ch\\\/marketing\\\/2022-10-03\\\/sunrise-ist-neu-sponsor-von-swiss-paralympic\\\/#primaryimage\"},\"thumbnailUrl\":\"https:\\\/\\\/www.werbewoche.ch\\\/wp-content\\\/uploads\\\/2022\\\/10\\\/Online_SwissParalympic-1024x683.jpeg\",\"keywords\":[\"paralympics\",\"Ski\"],\"articleSection\":[\"MARKETING\"],\"inLanguage\":\"fr-FR\"},{\"@type\":\"WebPage\",\"@id\":\"https:\\\/\\\/www.organisator.ch\\\/marketing\\\/2022-10-03\\\/sunrise-ist-neu-sponsor-von-swiss-paralympic\\\/\",\"url\":\"https:\\\/\\\/www.organisator.ch\\\/marketing\\\/2022-10-03\\\/sunrise-ist-neu-sponsor-von-swiss-paralympic\\\/\",\"name\":\"Sunrise ist neu Sponsor von Swiss Paralympic - Organisator\",\"isPartOf\":{\"@id\":\"https:\\\/\\\/www.organisator.ch\\\/#website\"},\"primaryImageOfPage\":{\"@id\":\"https:\\\/\\\/www.organisator.ch\\\/marketing\\\/2022-10-03\\\/sunrise-ist-neu-sponsor-von-swiss-paralympic\\\/#primaryimage\"},\"image\":{\"@id\":\"https:\\\/\\\/www.organisator.ch\\\/marketing\\\/2022-10-03\\\/sunrise-ist-neu-sponsor-von-swiss-paralympic\\\/#primaryimage\"},\"thumbnailUrl\":\"https:\\\/\\\/www.werbewoche.ch\\\/wp-content\\\/uploads\\\/2022\\\/10\\\/Online_SwissParalympic-1024x683.jpeg\",\"datePublished\":\"2022-10-03T07:45:54+00:00\",\"dateModified\":\"2024-11-21T06:51:28+00:00\",\"description\":\"Sunrise unterst\u00fctzt Swiss Paralympic als Sponsor. Finanzierung der Para-Skifahrer bis 2026. F\u00f6rderung von Vielfalt und Inklusion.\",\"breadcrumb\":{\"@id\":\"https:\\\/\\\/www.organisator.ch\\\/marketing\\\/2022-10-03\\\/sunrise-ist-neu-sponsor-von-swiss-paralympic\\\/#breadcrumb\"},\"inLanguage\":\"fr-FR\",\"potentialAction\":[{\"@type\":\"ReadAction\",\"target\":[\"https:\\\/\\\/www.organisator.ch\\\/marketing\\\/2022-10-03\\\/sunrise-ist-neu-sponsor-von-swiss-paralympic\\\/\"]}]},{\"@type\":\"ImageObject\",\"inLanguage\":\"fr-FR\",\"@id\":\"https:\\\/\\\/www.organisator.ch\\\/marketing\\\/2022-10-03\\\/sunrise-ist-neu-sponsor-von-swiss-paralympic\\\/#primaryimage\",\"url\":\"https:\\\/\\\/www.werbewoche.ch\\\/wp-content\\\/uploads\\\/2022\\\/10\\\/Online_SwissParalympic-1024x683.jpeg\",\"contentUrl\":\"https:\\\/\\\/www.werbewoche.ch\\\/wp-content\\\/uploads\\\/2022\\\/10\\\/Online_SwissParalympic-1024x683.jpeg\"},{\"@type\":\"BreadcrumbList\",\"@id\":\"https:\\\/\\\/www.organisator.ch\\\/marketing\\\/2022-10-03\\\/sunrise-ist-neu-sponsor-von-swiss-paralympic\\\/#breadcrumb\",\"itemListElement\":[{\"@type\":\"ListItem\",\"position\":1,\"name\":\"Home\",\"item\":\"https:\\\/\\\/www.organisator.ch\\\/\"},{\"@type\":\"ListItem\",\"position\":2,\"name\":\"Sunrise ist neu Sponsor von Swiss Paralympic\"}]},{\"@type\":\"WebSite\",\"@id\":\"https:\\\/\\\/www.organisator.ch\\\/#website\",\"url\":\"https:\\\/\\\/www.organisator.ch\\\/\",\"name\":\"Organisator\",\"description\":\"Kompetent. Praxisnah. Der ORGANISATOR bereitet in 10 Ausgaben pro Jahr die wesentlichen Themen f\u00fcr F\u00fchrungskr\u00e4fte von KMU auf.\",\"publisher\":{\"@id\":\"https:\\\/\\\/www.organisator.ch\\\/#organization\"},\"potentialAction\":[{\"@type\":\"SearchAction\",\"target\":{\"@type\":\"EntryPoint\",\"urlTemplate\":\"https:\\\/\\\/www.organisator.ch\\\/?s={search_term_string}\"},\"query-input\":{\"@type\":\"PropertyValueSpecification\",\"valueRequired\":true,\"valueName\":\"search_term_string\"}}],\"inLanguage\":\"fr-FR\"},{\"@type\":\"Organization\",\"@id\":\"https:\\\/\\\/www.organisator.ch\\\/#organization\",\"name\":\"Organisator\",\"url\":\"https:\\\/\\\/www.organisator.ch\\\/\",\"logo\":{\"@type\":\"ImageObject\",\"inLanguage\":\"fr-FR\",\"@id\":\"https:\\\/\\\/www.organisator.ch\\\/#\\\/schema\\\/logo\\\/image\\\/\",\"url\":\"https:\\\/\\\/www.organisator.ch\\\/wp-content\\\/uploads\\\/2022\\\/01\\\/Logo_Organisator_Website.png\",\"contentUrl\":\"https:\\\/\\\/www.organisator.ch\\\/wp-content\\\/uploads\\\/2022\\\/01\\\/Logo_Organisator_Website.png\",\"width\":800,\"height\":77,\"caption\":\"Organisator\"},\"image\":{\"@id\":\"https:\\\/\\\/www.organisator.ch\\\/#\\\/schema\\\/logo\\\/image\\\/\"},\"sameAs\":[\"https:\\\/\\\/www.facebook.com\\\/OrganisatorFachmagazin\",\"https:\\\/\\\/www.linkedin.com\\\/showcase\\\/organisator-das-magazin-fr-kmu\",\"https:\\\/\\\/www.xing.com\\\/news\\\/pages\\\/organisator-ch-695\",\"https:\\\/\\\/www.youtube.com\\\/channel\\\/UCGP2Sq0iWaZwT3BdIAQFYpw\"]},{\"@type\":\"Person\",\"@id\":\"https:\\\/\\\/www.organisator.ch\\\/#\\\/schema\\\/person\\\/4e51799071cd2dd1232ac003643ef5f0\",\"name\":\"galledia\",\"image\":{\"@type\":\"ImageObject\",\"inLanguage\":\"fr-FR\",\"@id\":\"https:\\\/\\\/secure.gravatar.com\\\/avatar\\\/78a7f90c01fc2bfc875782a0d4922b37cde2cf184ce347b91316d23cd7f69a36?s=96&d=mm&r=g\",\"url\":\"https:\\\/\\\/secure.gravatar.com\\\/avatar\\\/78a7f90c01fc2bfc875782a0d4922b37cde2cf184ce347b91316d23cd7f69a36?s=96&d=mm&r=g\",\"contentUrl\":\"https:\\\/\\\/secure.gravatar.com\\\/avatar\\\/78a7f90c01fc2bfc875782a0d4922b37cde2cf184ce347b91316d23cd7f69a36?s=96&d=mm&r=g\",\"caption\":\"galledia\"},\"sameAs\":[\"https:\\\/\\\/x.com\\\/admin\"],\"url\":\"https:\\\/\\\/www.organisator.ch\\\/fr\\\/author\\\/galledia\\\/\"}]}<\/script>\n<!-- \/ Yoast SEO plugin. -->","yoast_head_json":{"title":"Sunrise est d\u00e9sormais sponsor de Swiss Paralympic - Organisateur","description":"Sunrise soutient Swiss Paralympic en tant que sponsor. Financement des skieurs para jusqu'en 2026. Promotion de la diversit\u00e9 et de l'inclusion.","robots":{"index":"index","follow":"follow","max-snippet":"max-snippet:-1","max-image-preview":"max-image-preview:large","max-video-preview":"max-video-preview:-1"},"canonical":"https:\/\/www.organisator.ch\/fr\/marketing\/2022-10-03\/sunrise-ist-neu-sponsor-von-swiss-paralympic\/","og_locale":"fr_FR","og_type":"article","og_title":"Sunrise ist neu Sponsor von Swiss Paralympic - Organisator","og_description":"Sunrise unterst\u00fctzt Swiss Paralympic als Sponsor. Finanzierung der Para-Skifahrer bis 2026. F\u00f6rderung von Vielfalt und Inklusion.","og_url":"https:\/\/www.organisator.ch\/fr\/marketing\/2022-10-03\/sunrise-ist-neu-sponsor-von-swiss-paralympic\/","og_site_name":"Organisator","article_publisher":"https:\/\/www.facebook.com\/OrganisatorFachmagazin","article_published_time":"2022-10-03T07:45:54+00:00","article_modified_time":"2024-11-21T06:51:28+00:00","author":"galledia","twitter_card":"summary_large_image","twitter_creator":"@admin","schema":{"@context":"https:\/\/schema.org","@graph":[{"@type":"Article","@id":"https:\/\/www.organisator.ch\/marketing\/2022-10-03\/sunrise-ist-neu-sponsor-von-swiss-paralympic\/#article","isPartOf":{"@id":"https:\/\/www.organisator.ch\/marketing\/2022-10-03\/sunrise-ist-neu-sponsor-von-swiss-paralympic\/"},"author":{"name":"galledia","@id":"https:\/\/www.organisator.ch\/#\/schema\/person\/4e51799071cd2dd1232ac003643ef5f0"},"headline":"Sunrise ist neu Sponsor von Swiss Paralympic","datePublished":"2022-10-03T07:45:54+00:00","dateModified":"2024-11-21T06:51:28+00:00","mainEntityOfPage":{"@id":"https:\/\/www.organisator.ch\/marketing\/2022-10-03\/sunrise-ist-neu-sponsor-von-swiss-paralympic\/"},"wordCount":294,"publisher":{"@id":"https:\/\/www.organisator.ch\/#organization"},"image":{"@id":"https:\/\/www.organisator.ch\/marketing\/2022-10-03\/sunrise-ist-neu-sponsor-von-swiss-paralympic\/#primaryimage"},"thumbnailUrl":"https:\/\/www.werbewoche.ch\/wp-content\/uploads\/2022\/10\/Online_SwissParalympic-1024x683.jpeg","keywords":["paralympics","Ski"],"articleSection":["MARKETING"],"inLanguage":"fr-FR"},{"@type":"WebPage","@id":"https:\/\/www.organisator.ch\/marketing\/2022-10-03\/sunrise-ist-neu-sponsor-von-swiss-paralympic\/","url":"https:\/\/www.organisator.ch\/marketing\/2022-10-03\/sunrise-ist-neu-sponsor-von-swiss-paralympic\/","name":"Sunrise est d\u00e9sormais sponsor de Swiss Paralympic - Organisateur","isPartOf":{"@id":"https:\/\/www.organisator.ch\/#website"},"primaryImageOfPage":{"@id":"https:\/\/www.organisator.ch\/marketing\/2022-10-03\/sunrise-ist-neu-sponsor-von-swiss-paralympic\/#primaryimage"},"image":{"@id":"https:\/\/www.organisator.ch\/marketing\/2022-10-03\/sunrise-ist-neu-sponsor-von-swiss-paralympic\/#primaryimage"},"thumbnailUrl":"https:\/\/www.werbewoche.ch\/wp-content\/uploads\/2022\/10\/Online_SwissParalympic-1024x683.jpeg","datePublished":"2022-10-03T07:45:54+00:00","dateModified":"2024-11-21T06:51:28+00:00","description":"Sunrise soutient Swiss Paralympic en tant que sponsor. Financement des skieurs para jusqu'en 2026. Promotion de la diversit\u00e9 et de l'inclusion.","breadcrumb":{"@id":"https:\/\/www.organisator.ch\/marketing\/2022-10-03\/sunrise-ist-neu-sponsor-von-swiss-paralympic\/#breadcrumb"},"inLanguage":"fr-FR","potentialAction":[{"@type":"ReadAction","target":["https:\/\/www.organisator.ch\/marketing\/2022-10-03\/sunrise-ist-neu-sponsor-von-swiss-paralympic\/"]}]},{"@type":"ImageObject","inLanguage":"fr-FR","@id":"https:\/\/www.organisator.ch\/marketing\/2022-10-03\/sunrise-ist-neu-sponsor-von-swiss-paralympic\/#primaryimage","url":"https:\/\/www.werbewoche.ch\/wp-content\/uploads\/2022\/10\/Online_SwissParalympic-1024x683.jpeg","contentUrl":"https:\/\/www.werbewoche.ch\/wp-content\/uploads\/2022\/10\/Online_SwissParalympic-1024x683.jpeg"},{"@type":"BreadcrumbList","@id":"https:\/\/www.organisator.ch\/marketing\/2022-10-03\/sunrise-ist-neu-sponsor-von-swiss-paralympic\/#breadcrumb","itemListElement":[{"@type":"ListItem","position":1,"name":"Home","item":"https:\/\/www.organisator.ch\/"},{"@type":"ListItem","position":2,"name":"Sunrise ist neu Sponsor von Swiss Paralympic"}]},{"@type":"WebSite","@id":"https:\/\/www.organisator.ch\/#website","url":"https:\/\/www.organisator.ch\/","name":"Organisateur","description":"Comp\u00e9tence et comp\u00e9tence. Proches de la pratique. L'ORGANISATEUR pr\u00e9pare 10 num\u00e9ros par an sur les th\u00e8mes essentiels pour les dirigeants de PME.","publisher":{"@id":"https:\/\/www.organisator.ch\/#organization"},"potentialAction":[{"@type":"SearchAction","target":{"@type":"EntryPoint","urlTemplate":"https:\/\/www.organisator.ch\/?s={search_term_string}"},"query-input":{"@type":"PropertyValueSpecification","valueRequired":true,"valueName":"search_term_string"}}],"inLanguage":"fr-FR"},{"@type":"Organization","@id":"https:\/\/www.organisator.ch\/#organization","name":"Organisateur","url":"https:\/\/www.organisator.ch\/","logo":{"@type":"ImageObject","inLanguage":"fr-FR","@id":"https:\/\/www.organisator.ch\/#\/schema\/logo\/image\/","url":"https:\/\/www.organisator.ch\/wp-content\/uploads\/2022\/01\/Logo_Organisator_Website.png","contentUrl":"https:\/\/www.organisator.ch\/wp-content\/uploads\/2022\/01\/Logo_Organisator_Website.png","width":800,"height":77,"caption":"Organisator"},"image":{"@id":"https:\/\/www.organisator.ch\/#\/schema\/logo\/image\/"},"sameAs":["https:\/\/www.facebook.com\/OrganisatorFachmagazin","https:\/\/www.linkedin.com\/showcase\/organisator-das-magazin-fr-kmu","https:\/\/www.xing.com\/news\/pages\/organisator-ch-695","https:\/\/www.youtube.com\/channel\/UCGP2Sq0iWaZwT3BdIAQFYpw"]},{"@type":"Person","@id":"https:\/\/www.organisator.ch\/#\/schema\/person\/4e51799071cd2dd1232ac003643ef5f0","name":"galledia","image":{"@type":"ImageObject","inLanguage":"fr-FR","@id":"https:\/\/secure.gravatar.com\/avatar\/78a7f90c01fc2bfc875782a0d4922b37cde2cf184ce347b91316d23cd7f69a36?s=96&d=mm&r=g","url":"https:\/\/secure.gravatar.com\/avatar\/78a7f90c01fc2bfc875782a0d4922b37cde2cf184ce347b91316d23cd7f69a36?s=96&d=mm&r=g","contentUrl":"https:\/\/secure.gravatar.com\/avatar\/78a7f90c01fc2bfc875782a0d4922b37cde2cf184ce347b91316d23cd7f69a36?s=96&d=mm&r=g","caption":"galledia"},"sameAs":["https:\/\/x.com\/admin"],"url":"https:\/\/www.organisator.ch\/fr\/author\/galledia\/"}]}},"_links":{"self":[{"href":"https:\/\/www.organisator.ch\/fr\/wp-json\/wp\/v2\/posts\/17138","targetHints":{"allow":["GET"]}}],"collection":[{"href":"https:\/\/www.organisator.ch\/fr\/wp-json\/wp\/v2\/posts"}],"about":[{"href":"https:\/\/www.organisator.ch\/fr\/wp-json\/wp\/v2\/types\/post"}],"author":[{"embeddable":true,"href":"https:\/\/www.organisator.ch\/fr\/wp-json\/wp\/v2\/users\/8"}],"replies":[{"embeddable":true,"href":"https:\/\/www.organisator.ch\/fr\/wp-json\/wp\/v2\/comments?post=17138"}],"version-history":[{"count":3,"href":"https:\/\/www.organisator.ch\/fr\/wp-json\/wp\/v2\/posts\/17138\/revisions"}],"predecessor-version":[{"id":33748,"href":"https:\/\/www.organisator.ch\/fr\/wp-json\/wp\/v2\/posts\/17138\/revisions\/33748"}],"wp:attachment":[{"href":"https:\/\/www.organisator.ch\/fr\/wp-json\/wp\/v2\/media?parent=17138"}],"wp:term":[{"taxonomy":"category","embeddable":true,"href":"https:\/\/www.organisator.ch\/fr\/wp-json\/wp\/v2\/categories?post=17138"},{"taxonomy":"post_tag","embeddable":true,"href":"https:\/\/www.organisator.ch\/fr\/wp-json\/wp\/v2\/tags?post=17138"}],"curies":[{"name":"wp","href":"https:\/\/api.w.org\/{rel}","templated":true}]}}