{"id":17152,"date":"2022-10-05T09:12:28","date_gmt":"2022-10-05T07:12:28","guid":{"rendered":"https:\/\/www.organisator.ch\/?p=17152"},"modified":"2022-10-12T09:32:01","modified_gmt":"2022-10-12T07:32:01","slug":"rekorddeal-bei-staffelstart-von-die-hoehle-der-loewen-schweiz","status":"publish","type":"post","link":"https:\/\/www.organisator.ch\/fr\/management\/2022-10-05\/rekorddeal-bei-staffelstart-von-die-hoehle-der-loewen-schweiz\/","title":{"rendered":"Un accord record pour le lancement de la saison de \"Die H\u00f6hle der L\u00f6wen Schweiz"},"content":{"rendered":"<figure id=\"attachment_17153\" aria-describedby=\"caption-attachment-17153\" style=\"width: 680px\" class=\"wp-caption alignnone\"><img loading=\"lazy\" decoding=\"async\" class=\"size-full wp-image-17153\" src=\"https:\/\/www.organisator.ch\/wp-content\/uploads\/2022\/10\/Rekorddeal-bei-Staffelstart-von-Die-Hoehle-der-Loewen-Schweiz-1_Orgaisator.jpg\" alt=\"\" width=\"680\" height=\"454\" srcset=\"https:\/\/www.organisator.ch\/wp-content\/uploads\/2022\/10\/Rekorddeal-bei-Staffelstart-von-Die-Hoehle-der-Loewen-Schweiz-1_Orgaisator.jpg 680w, https:\/\/www.organisator.ch\/wp-content\/uploads\/2022\/10\/Rekorddeal-bei-Staffelstart-von-Die-Hoehle-der-Loewen-Schweiz-1_Orgaisator-18x12.jpg 18w, https:\/\/www.organisator.ch\/wp-content\/uploads\/2022\/10\/Rekorddeal-bei-Staffelstart-von-Die-Hoehle-der-Loewen-Schweiz-1_Orgaisator-262x175.jpg 262w, https:\/\/www.organisator.ch\/wp-content\/uploads\/2022\/10\/Rekorddeal-bei-Staffelstart-von-Die-Hoehle-der-Loewen-Schweiz-1_Orgaisator-524x350.jpg 524w, https:\/\/www.organisator.ch\/wp-content\/uploads\/2022\/10\/Rekorddeal-bei-Staffelstart-von-Die-Hoehle-der-Loewen-Schweiz-1_Orgaisator-300x200.jpg 300w\" sizes=\"auto, (max-width: 680px) 100vw, 680px\" \/><figcaption id=\"caption-attachment-17153\" class=\"wp-caption-text\">Bettina Hein teste le nouveau scooter \u00e9lectrique de SoFlow et a ensuite particip\u00e9 au deal record. (Photo : Filip Stropek \/ CH Media)<\/figcaption><\/figure>\n<p>C'est Tim Miljko, 21 ans, \u00e9tudiant \u00e0 la HSG, qui ouvre le bal avec sa soci\u00e9t\u00e9 <strong>\"PoCatWalk\" <\/strong>de Baar (ZG). Son id\u00e9e : lors de leurs achats de v\u00eatements, les jeunes essaient des tenues sur un podium. Ils prennent alors des photos qui sont mises en ligne. L'espoir est qu'il y ait un retour sur la tenue et de la publicit\u00e9 pour la marque. Son souhait : un investissement de 160'000 francs contre une participation de 20 pour cent dans l'entreprise. Mais les lions \u00e9taient sceptiques : cela peut-il fonctionner ? Le mod\u00e8le \u00e9conomique est-il correct ? Le ton \u00e9tait \u00e0 peu pr\u00e8s le suivant : Une bonne id\u00e9e en soi, mais qui n'est pas encore assez m\u00fbre pour qu'on y consacre de l'argent. C'est pourquoi aucun accord n'a \u00e9t\u00e9 conclu.<\/p>\n<h3>Un autre accord record devient r\u00e9alit\u00e9<\/h3>\n<p>Le premier a ensuite \u00e9t\u00e9 mis en jeu <strong>\"SoFlow\"<\/strong>Une entreprise de Flawil (SG) qui produit des solutions d'e-mobilit\u00e9, tant pour un usage priv\u00e9 qu'industriel. Un scooter sp\u00e9cial a justement \u00e9t\u00e9 d\u00e9velopp\u00e9 pour un grand constructeur automobile allemand, permettant aux collaborateurs de se d\u00e9placer rapidement et en toute s\u00e9curit\u00e9 sur le site de l'entreprise. Le chiffre d'affaires de l'entreprise fond\u00e9e en 2015 a \u00e9galement fait fr\u00e9mir les lions : entre 2016 et 2021, le chiffre d'affaires a \u00e9t\u00e9 multipli\u00e9 par six pour atteindre 14 millions de CHF, et on s'attend m\u00eame \u00e0 plus de 30 millions de CHF pour l'ann\u00e9e en cours. Les fondateurs Manuel Hug (34 ans) et Martin Neuckel (37 ans) veulent cependant d\u00e9velopper de nouveaux produits et ont \u00e9galement de grands projets. Leur vision est donc tr\u00e8s s\u00fbre d'elle : les lions doivent investir 1,3 million de francs. Alors que les lions J\u00fcrg Schwarzenbach et Lukas Speiser refusent, Bettina Hein, Roland Brack et Anja Graf s'engagent ensemble, mais exigent d'abord 7,5 pour cent de parts de l'entreprise. Mais ils se laissent finalement \"abaisser\" \u00e0 6,6 pour cent des parts - l'accord record est ainsi r\u00e9alis\u00e9. Fait remarquable : avec SoFlow, c'est d\u00e9j\u00e0 la deuxi\u00e8me entreprise de Flawil qui a pu r\u00e9colter un montant aussi \u00e9lev\u00e9. <a href=\"https:\/\/www.organisator.ch\/de\/management\/2021-11-10\/rekord-deal-bei-die-hoehle-der-loewen-schweiz-folge-3-3\/\">Un an auparavant, Feey avait \u00e9galement r\u00e9alis\u00e9 un investissement de 1,2 million<\/a> a \u00e9t\u00e9 d\u00e9croch\u00e9. Avec cet argent, SoFlow veut avant tout investir dans sa propre structure et agrandir son \u00e9quipe. Et l'entreprise vise \u00e9galement une plus grande internationalisation vers l'Espagne, la France, le Benelux et le Royaume-Uni.<\/p>\n<h3>De bonnes id\u00e9es, mais pas assez d\u00e9velopp\u00e9es<\/h3>\n<p>Les lionnes et les lions mordent \u00e0 l'hame\u00e7on des candidates suivantes : elles go\u00fbtent un <strong>\"Haricot\"<\/strong>Ils sont \u00e9tonn\u00e9s de voir \u00e0 quel point ils appr\u00e9cient ce snack prot\u00e9in\u00e9 \u00e0 base de haricots blancs. Mais elles trouvent plut\u00f4t indigeste l'\u00e9valuation de l'entreprise des fondatrices Nadine (27), Sarah (24) et Monika (27). Les sympathiques jeunes femmes souhaitent obtenir 230 000 francs et offrent en \u00e9change 8 pour cent des parts de l'entreprise. Le lion Tobias Reichmuth, en particulier, s'est interrog\u00e9 sur les chiffres d'affaires : Un investissement de ce montant est-il proportionnel aux 2000 \"morceaux de haricots\" vendus jusqu'\u00e0 pr\u00e9sent \u00e0 4.80 francs chacun ? La conclusion des cinq lions : un produit sympathique, mais malheureusement pas encore \"shelf-ready\", c'est pourquoi il n'y a pas eu de march\u00e9. Mais cela n'emp\u00eachera pas les trois jeunes femmes de vouloir poursuivre leur chemin avec pers\u00e9v\u00e9rance. Elles ont des projets pour cela.<\/p>\n<p>Gr\u00e2ce \u00e0 ces chiffres, les investisseurs ont \u00e9galement pu <strong>\"Loopia\" <\/strong>M\u00fche, une application d'\u00e9conomie circulaire d\u00e9velopp\u00e9e \u00e0 Zurich, qui vise \u00e0 prolonger la dur\u00e9e de vie des produits. L'id\u00e9e consiste en une plateforme en ligne qui illustre l'ensemble du cycle de vie d'un appareil : Lors de l'achat, la dur\u00e9e de la garantie est enregistr\u00e9e, les \u00e9ventuelles r\u00e9parations peuvent \u00e9galement \u00eatre \"comptabilis\u00e9es\" jusqu'\u00e0 l'\u00e9limination. Selon les indications des quatre fondateurs, diff\u00e9rents partenariats existent d\u00e9j\u00e0. \"Une vache \u00e0 lait qui pond des \u0153ufs\", constate le lion J\u00fcrg Schwarzenbach. L'entreprise souhaite obtenir 250'000 francs contre 5 pour cent de parts de l'entreprise pour pouvoir d\u00e9marrer avec son application. Car ils ne sont pas encore en direct, mais visent 12'000 utilisateurs dans une premi\u00e8re phase. 250 000 utilisateurs seraient n\u00e9cessaires pour atteindre le seuil de rentabilit\u00e9, qui se situerait \u00e0 3,8 millions de francs de chiffre d'affaires. Mais combien de temps faut-il pour atteindre cet objectif ? Bettina Hein r\u00e9sume l'ambiance parmi les investisseurs : \"Vous \u00eates arriv\u00e9s un peu trop t\u00f4t. Dans six mois, nous pourrions \u00e0 nouveau nous parler\", a-t-elle d\u00e9clar\u00e9, signalant ainsi au moins son int\u00e9r\u00eat pour la solution. Les quatre autres lions n'ont pas non plus pu se r\u00e9soudre \u00e0 investir.<\/p>\n<figure id=\"attachment_17154\" aria-describedby=\"caption-attachment-17154\" style=\"width: 680px\" class=\"wp-caption alignnone\"><img loading=\"lazy\" decoding=\"async\" class=\"size-full wp-image-17154\" src=\"https:\/\/www.organisator.ch\/wp-content\/uploads\/2022\/10\/Rekorddeal-bei-Staffelstart-von-Die-Hoehle-der-Loewen-Schweiz-2_Orgaisator.jpg\" alt=\"\" width=\"680\" height=\"454\" srcset=\"https:\/\/www.organisator.ch\/wp-content\/uploads\/2022\/10\/Rekorddeal-bei-Staffelstart-von-Die-Hoehle-der-Loewen-Schweiz-2_Orgaisator.jpg 680w, https:\/\/www.organisator.ch\/wp-content\/uploads\/2022\/10\/Rekorddeal-bei-Staffelstart-von-Die-Hoehle-der-Loewen-Schweiz-2_Orgaisator-18x12.jpg 18w, https:\/\/www.organisator.ch\/wp-content\/uploads\/2022\/10\/Rekorddeal-bei-Staffelstart-von-Die-Hoehle-der-Loewen-Schweiz-2_Orgaisator-262x175.jpg 262w, https:\/\/www.organisator.ch\/wp-content\/uploads\/2022\/10\/Rekorddeal-bei-Staffelstart-von-Die-Hoehle-der-Loewen-Schweiz-2_Orgaisator-524x350.jpg 524w, https:\/\/www.organisator.ch\/wp-content\/uploads\/2022\/10\/Rekorddeal-bei-Staffelstart-von-Die-Hoehle-der-Loewen-Schweiz-2_Orgaisator-300x200.jpg 300w\" sizes=\"auto, (max-width: 680px) 100vw, 680px\" \/><figcaption id=\"caption-attachment-17154\" class=\"wp-caption-text\">Convaincu par une id\u00e9e et une pr\u00e9sentation sympathiques : David Br\u00f6nnimann et sa solution \"Pumphead\". (Image : Filip Stropek \/ CH Media)<\/figcaption><\/figure>\n<h3>Un autre accord - et de nombreux conflits d'int\u00e9r\u00eats<\/h3>\n<p>Mais les lions et les louves se plaisent ensuite \u00e0 <strong>\"T\u00eate de pompe\"<\/strong>une start-up bernoise qui recycle des bouteilles usag\u00e9es avec des pompes, de sorte qu'elles puissent \u00eatre utilis\u00e9es par exemple comme distributeur de savon. Les investisseurs sont impressionn\u00e9s par la mani\u00e8re dont le fondateur de 29 ans, David Br\u00f6nnimann, gagne des clients et par le peu que cela lui co\u00fbte. Les lions Tobias Reichmuth et Bettina Hein proposent un march\u00e9 : 100 000 francs contre 20 pour cent de parts de l'entreprise. David Br\u00f6nnimann doit d'abord avaler un peu vide, car son seuil de douleur \u00e9tait de 15 pour cent. Mais il finit par accepter - apr\u00e8s tout, il re\u00e7oit aussi \"deux fois plus de puissance\", comme il le dit.<\/p>\n<p>Last but not least, les experts financiers saint-gallois de <strong>\"Kaspar&amp;\"<\/strong> pour obtenir les faveurs des lions et des louves. Sebastian (33), Jan-Philipp (35), Lukas (34) et Lauro (31) ont d\u00e9velopp\u00e9 une carte ou une application de compte qui permet aux non-initi\u00e9s d'investir en arrondissant simplement au franc sup\u00e9rieur lors du paiement. Les lions et les louves sont totalement enthousiastes. Et m\u00eame l'investissement souhait\u00e9 de 100 000 francs ne semblait pas \u00eatre un obstacle majeur au d\u00e9part. Mais il y avait un autre probl\u00e8me : quatre louves (Roland Brack, Bettina Hein, Lukas Speiser, J\u00fcrg Schwarzenbach) ont d\u00e9j\u00e0 investi dans des prestataires de services financiers similaires (par exemple Neon, Yapeal). Il y aurait donc des conflits d'int\u00e9r\u00eats. C'est pourquoi ils ont malheureusement d\u00fb refuser. Restait Anja Graf : mais comme elle ne s'int\u00e9resse pas aux applications financi\u00e8res, elle a \u00e9galement refus\u00e9. Le t\u00e9l\u00e9spectateur s'est pos\u00e9 la question suivante : un bon produit en soi arrive-t-il trop tard pour bouleverser un march\u00e9 d\u00e9j\u00e0 fortement occup\u00e9 ? Quelques ann\u00e9es plus t\u00f4t, \"Kaspar&amp;\" aurait peut-\u00eatre \u00e9t\u00e9 candidat \u00e0 un march\u00e9 record...<\/p>\n<p>Bilan de la premi\u00e8re \u00e9mission de la quatri\u00e8me saison : \u00e0 part le deal record, peu d'investissements ont \u00e9t\u00e9 r\u00e9alis\u00e9s, ce qui n'\u00e9tait pas d\u00fb aux bonnes id\u00e9es commerciales, mais peut-\u00eatre aux id\u00e9es trop ambitieuses des jeunes entrepreneurs - ou peut-\u00eatre aussi au fait de vouloir trop, trop t\u00f4t ? Ce fut certainement instructif pour tous.<\/p>\n<p><em>Plus d'informations sur les prochains envois : <a href=\"https:\/\/www.oneplus.ch\/detail\/1000604\">https:\/\/www.oneplus.ch\/detail\/1000604<\/a><\/em><\/p>","protected":false},"excerpt":{"rendered":"<p>Den Anfang macht der 21-j\u00e4hrige HSG-Student Tim Miljko mit seiner Firma \u00abPoCatWalk\u00bb aus Baar (ZG). Seine Idee: Beim Klamotten-Shoppen probieren junge Leute Outfits auf einem Catwalk. Dabei entstehen Fotos, die online gehen. Die Hoffnung dabei: Es gibt Feedback zum Outfit und Werbung f\u00fcr den Brand. Sein Wunsch nun: Ein Investment vom 160&#8217;000 Franken gegen einen [&hellip;]<\/p>\n","protected":false},"author":4,"featured_media":17153,"comment_status":"closed","ping_status":"closed","sticky":false,"template":"","format":"standard","meta":{"_acf_changed":false,"_yoast_wpseo_focuskw":"Rekorddeal","_yoast_wpseo_metadesc":"Ein Ostschweizer Jungunternehmen \u00fcberzeugte die Investoren in der H\u00f6hle der L\u00f6wen: Es kam zu einem Rekorddeal von 1,3 Millionen Franken.","articlekey":"","footnotes":""},"categories":[28],"tags":[2683,451,492],"class_list":["post-17152","post","type-post","status-publish","format-standard","has-post-thumbnail","hentry","category-management","tag-hoehle-der-loewen","tag-startups","tag-unternehmen"],"acf":[],"yoast_head":"<!-- This site is optimized with the Yoast SEO plugin v27.5 - https:\/\/yoast.com\/product\/yoast-seo-wordpress\/ -->\n<title>Rekorddeal bei Staffelstart von &quot;Die H\u00f6hle der L\u00f6wen Schweiz&quot; - Organisator<\/title>\n<meta name=\"description\" content=\"Ein Ostschweizer Jungunternehmen \u00fcberzeugte die Investoren in der H\u00f6hle der L\u00f6wen: Es kam zu einem Rekorddeal von 1,3 Millionen Franken.\" \/>\n<meta name=\"robots\" content=\"index, follow, max-snippet:-1, max-image-preview:large, max-video-preview:-1\" \/>\n<link rel=\"canonical\" href=\"https:\/\/www.organisator.ch\/fr\/gestion-2\/2022-10-05\/rekorddeal-bei-staffelstart-von-die-hoehle-der-loewen-schweiz\/\" \/>\n<meta property=\"og:locale\" content=\"fr_FR\" \/>\n<meta property=\"og:type\" content=\"article\" \/>\n<meta property=\"og:title\" content=\"Rekorddeal bei Staffelstart von &quot;Die H\u00f6hle der L\u00f6wen Schweiz&quot;\" \/>\n<meta property=\"og:description\" content=\"Ein Ostschweizer Jungunternehmen \u00fcberzeugte die Investoren in der H\u00f6hle der L\u00f6wen: Es kam zu einem Rekorddeal von 1,3 Millionen Franken.\" \/>\n<meta property=\"og:url\" content=\"https:\/\/www.organisator.ch\/fr\/gestion-2\/2022-10-05\/rekorddeal-bei-staffelstart-von-die-hoehle-der-loewen-schweiz\/\" \/>\n<meta property=\"og:site_name\" content=\"Organisator\" \/>\n<meta property=\"article:publisher\" content=\"https:\/\/www.facebook.com\/OrganisatorFachmagazin\" \/>\n<meta property=\"article:published_time\" content=\"2022-10-05T07:12:28+00:00\" \/>\n<meta property=\"article:modified_time\" content=\"2022-10-12T07:32:01+00:00\" \/>\n<meta property=\"og:image\" content=\"https:\/\/www.organisator.ch\/wp-content\/uploads\/2022\/10\/Rekorddeal-bei-Staffelstart-von-Die-Hoehle-der-Loewen-Schweiz-1_Orgaisator.jpg\" \/>\n\t<meta property=\"og:image:width\" content=\"680\" \/>\n\t<meta property=\"og:image:height\" content=\"454\" \/>\n\t<meta property=\"og:image:type\" content=\"image\/jpeg\" \/>\n<meta name=\"author\" content=\"thomas.berner\" \/>\n<meta name=\"twitter:card\" content=\"summary_large_image\" \/>\n<meta name=\"twitter:title\" content=\"#Rekorddeal bei #Staffelstart von &quot;Die H\u00f6hle der L\u00f6wen Schweiz&quot;\" \/>\n<meta name=\"twitter:description\" content=\"Ein Ostschweizer #Jungunternehmen \u00fcberzeugte die #Investoren in der H\u00f6hle der L\u00f6wen: Es kam zu einem #Rekorddeal von 1,3 Millionen Franken.\" \/>\n<meta name=\"twitter:image\" content=\"https:\/\/www.organisator.ch\/wp-content\/uploads\/2022\/10\/Rekorddeal-bei-Staffelstart-von-Die-Hoehle-der-Loewen-Schweiz-1_Orgaisator.jpg\" \/>\n<script type=\"application\/ld+json\" class=\"yoast-schema-graph\">{\"@context\":\"https:\\\/\\\/schema.org\",\"@graph\":[{\"@type\":\"Article\",\"@id\":\"https:\\\/\\\/www.organisator.ch\\\/management\\\/2022-10-05\\\/rekorddeal-bei-staffelstart-von-die-hoehle-der-loewen-schweiz\\\/#article\",\"isPartOf\":{\"@id\":\"https:\\\/\\\/www.organisator.ch\\\/management\\\/2022-10-05\\\/rekorddeal-bei-staffelstart-von-die-hoehle-der-loewen-schweiz\\\/\"},\"author\":{\"name\":\"thomas.berner\",\"@id\":\"https:\\\/\\\/www.organisator.ch\\\/#\\\/schema\\\/person\\\/6f650f90b2842cd4c0cc334b4e36f67e\"},\"headline\":\"Rekorddeal bei Staffelstart von &#8222;Die H\u00f6hle der L\u00f6wen Schweiz&#8220;\",\"datePublished\":\"2022-10-05T07:12:28+00:00\",\"dateModified\":\"2022-10-12T07:32:01+00:00\",\"mainEntityOfPage\":{\"@id\":\"https:\\\/\\\/www.organisator.ch\\\/management\\\/2022-10-05\\\/rekorddeal-bei-staffelstart-von-die-hoehle-der-loewen-schweiz\\\/\"},\"wordCount\":1084,\"publisher\":{\"@id\":\"https:\\\/\\\/www.organisator.ch\\\/#organization\"},\"image\":{\"@id\":\"https:\\\/\\\/www.organisator.ch\\\/management\\\/2022-10-05\\\/rekorddeal-bei-staffelstart-von-die-hoehle-der-loewen-schweiz\\\/#primaryimage\"},\"thumbnailUrl\":\"https:\\\/\\\/www.organisator.ch\\\/wp-content\\\/uploads\\\/2022\\\/10\\\/Rekorddeal-bei-Staffelstart-von-Die-Hoehle-der-Loewen-Schweiz-1_Orgaisator.jpg\",\"keywords\":[\"H\u00f6hle der L\u00f6wen\",\"Startups\",\"Unternehmen\"],\"articleSection\":[\"MANAGEMENT\"],\"inLanguage\":\"fr-FR\"},{\"@type\":\"WebPage\",\"@id\":\"https:\\\/\\\/www.organisator.ch\\\/management\\\/2022-10-05\\\/rekorddeal-bei-staffelstart-von-die-hoehle-der-loewen-schweiz\\\/\",\"url\":\"https:\\\/\\\/www.organisator.ch\\\/management\\\/2022-10-05\\\/rekorddeal-bei-staffelstart-von-die-hoehle-der-loewen-schweiz\\\/\",\"name\":\"Rekorddeal bei Staffelstart von \\\"Die H\u00f6hle der L\u00f6wen Schweiz\\\" - Organisator\",\"isPartOf\":{\"@id\":\"https:\\\/\\\/www.organisator.ch\\\/#website\"},\"primaryImageOfPage\":{\"@id\":\"https:\\\/\\\/www.organisator.ch\\\/management\\\/2022-10-05\\\/rekorddeal-bei-staffelstart-von-die-hoehle-der-loewen-schweiz\\\/#primaryimage\"},\"image\":{\"@id\":\"https:\\\/\\\/www.organisator.ch\\\/management\\\/2022-10-05\\\/rekorddeal-bei-staffelstart-von-die-hoehle-der-loewen-schweiz\\\/#primaryimage\"},\"thumbnailUrl\":\"https:\\\/\\\/www.organisator.ch\\\/wp-content\\\/uploads\\\/2022\\\/10\\\/Rekorddeal-bei-Staffelstart-von-Die-Hoehle-der-Loewen-Schweiz-1_Orgaisator.jpg\",\"datePublished\":\"2022-10-05T07:12:28+00:00\",\"dateModified\":\"2022-10-12T07:32:01+00:00\",\"description\":\"Ein Ostschweizer Jungunternehmen \u00fcberzeugte die Investoren in der H\u00f6hle der L\u00f6wen: Es kam zu einem Rekorddeal von 1,3 Millionen Franken.\",\"breadcrumb\":{\"@id\":\"https:\\\/\\\/www.organisator.ch\\\/management\\\/2022-10-05\\\/rekorddeal-bei-staffelstart-von-die-hoehle-der-loewen-schweiz\\\/#breadcrumb\"},\"inLanguage\":\"fr-FR\",\"potentialAction\":[{\"@type\":\"ReadAction\",\"target\":[\"https:\\\/\\\/www.organisator.ch\\\/management\\\/2022-10-05\\\/rekorddeal-bei-staffelstart-von-die-hoehle-der-loewen-schweiz\\\/\"]}]},{\"@type\":\"ImageObject\",\"inLanguage\":\"fr-FR\",\"@id\":\"https:\\\/\\\/www.organisator.ch\\\/management\\\/2022-10-05\\\/rekorddeal-bei-staffelstart-von-die-hoehle-der-loewen-schweiz\\\/#primaryimage\",\"url\":\"https:\\\/\\\/www.organisator.ch\\\/wp-content\\\/uploads\\\/2022\\\/10\\\/Rekorddeal-bei-Staffelstart-von-Die-Hoehle-der-Loewen-Schweiz-1_Orgaisator.jpg\",\"contentUrl\":\"https:\\\/\\\/www.organisator.ch\\\/wp-content\\\/uploads\\\/2022\\\/10\\\/Rekorddeal-bei-Staffelstart-von-Die-Hoehle-der-Loewen-Schweiz-1_Orgaisator.jpg\",\"width\":680,\"height\":454,\"caption\":\"Bettina Hein testet den neuen E-Scooter von SoFlow und beteiligte sich anschliessend am Rekorddeal. (Bild: Filip Stropek \\\/ CH Media)\"},{\"@type\":\"BreadcrumbList\",\"@id\":\"https:\\\/\\\/www.organisator.ch\\\/management\\\/2022-10-05\\\/rekorddeal-bei-staffelstart-von-die-hoehle-der-loewen-schweiz\\\/#breadcrumb\",\"itemListElement\":[{\"@type\":\"ListItem\",\"position\":1,\"name\":\"Home\",\"item\":\"https:\\\/\\\/www.organisator.ch\\\/\"},{\"@type\":\"ListItem\",\"position\":2,\"name\":\"Rekorddeal bei Staffelstart von &#8222;Die H\u00f6hle der L\u00f6wen Schweiz&#8220;\"}]},{\"@type\":\"WebSite\",\"@id\":\"https:\\\/\\\/www.organisator.ch\\\/#website\",\"url\":\"https:\\\/\\\/www.organisator.ch\\\/\",\"name\":\"Organisator\",\"description\":\"Kompetent. Praxisnah. Der ORGANISATOR bereitet in 10 Ausgaben pro Jahr die wesentlichen Themen f\u00fcr F\u00fchrungskr\u00e4fte von KMU auf.\",\"publisher\":{\"@id\":\"https:\\\/\\\/www.organisator.ch\\\/#organization\"},\"potentialAction\":[{\"@type\":\"SearchAction\",\"target\":{\"@type\":\"EntryPoint\",\"urlTemplate\":\"https:\\\/\\\/www.organisator.ch\\\/?s={search_term_string}\"},\"query-input\":{\"@type\":\"PropertyValueSpecification\",\"valueRequired\":true,\"valueName\":\"search_term_string\"}}],\"inLanguage\":\"fr-FR\"},{\"@type\":\"Organization\",\"@id\":\"https:\\\/\\\/www.organisator.ch\\\/#organization\",\"name\":\"Organisator\",\"url\":\"https:\\\/\\\/www.organisator.ch\\\/\",\"logo\":{\"@type\":\"ImageObject\",\"inLanguage\":\"fr-FR\",\"@id\":\"https:\\\/\\\/www.organisator.ch\\\/#\\\/schema\\\/logo\\\/image\\\/\",\"url\":\"https:\\\/\\\/www.organisator.ch\\\/wp-content\\\/uploads\\\/2022\\\/01\\\/Logo_Organisator_Website.png\",\"contentUrl\":\"https:\\\/\\\/www.organisator.ch\\\/wp-content\\\/uploads\\\/2022\\\/01\\\/Logo_Organisator_Website.png\",\"width\":800,\"height\":77,\"caption\":\"Organisator\"},\"image\":{\"@id\":\"https:\\\/\\\/www.organisator.ch\\\/#\\\/schema\\\/logo\\\/image\\\/\"},\"sameAs\":[\"https:\\\/\\\/www.facebook.com\\\/OrganisatorFachmagazin\",\"https:\\\/\\\/www.linkedin.com\\\/showcase\\\/organisator-das-magazin-fr-kmu\",\"https:\\\/\\\/www.xing.com\\\/news\\\/pages\\\/organisator-ch-695\",\"https:\\\/\\\/www.youtube.com\\\/channel\\\/UCGP2Sq0iWaZwT3BdIAQFYpw\"]},{\"@type\":\"Person\",\"@id\":\"https:\\\/\\\/www.organisator.ch\\\/#\\\/schema\\\/person\\\/6f650f90b2842cd4c0cc334b4e36f67e\",\"name\":\"thomas.berner\",\"image\":{\"@type\":\"ImageObject\",\"inLanguage\":\"fr-FR\",\"@id\":\"https:\\\/\\\/secure.gravatar.com\\\/avatar\\\/ac5001d2a36cb6c6cd3e50789007ffca834b477b74a2144564522e944eabff61?s=96&d=mm&r=g\",\"url\":\"https:\\\/\\\/secure.gravatar.com\\\/avatar\\\/ac5001d2a36cb6c6cd3e50789007ffca834b477b74a2144564522e944eabff61?s=96&d=mm&r=g\",\"contentUrl\":\"https:\\\/\\\/secure.gravatar.com\\\/avatar\\\/ac5001d2a36cb6c6cd3e50789007ffca834b477b74a2144564522e944eabff61?s=96&d=mm&r=g\",\"caption\":\"thomas.berner\"},\"url\":\"https:\\\/\\\/www.organisator.ch\\\/fr\\\/author\\\/thomas-berner\\\/\"}]}<\/script>\n<!-- \/ Yoast SEO plugin. -->","yoast_head_json":{"title":"Accord record pour le lancement de la saison de \"Die H\u00f6hle der L\u00f6wen Schweiz\" - Organisateur","description":"Une jeune entreprise de Suisse orientale a convaincu les investisseurs de l'\u00e9mission \"H\u00f6hle der L\u00f6wen\" : un accord record de 1,3 million de francs a \u00e9t\u00e9 conclu.","robots":{"index":"index","follow":"follow","max-snippet":"max-snippet:-1","max-image-preview":"max-image-preview:large","max-video-preview":"max-video-preview:-1"},"canonical":"https:\/\/www.organisator.ch\/fr\/gestion-2\/2022-10-05\/rekorddeal-bei-staffelstart-von-die-hoehle-der-loewen-schweiz\/","og_locale":"fr_FR","og_type":"article","og_title":"Rekorddeal bei Staffelstart von \"Die H\u00f6hle der L\u00f6wen Schweiz\"","og_description":"Ein Ostschweizer Jungunternehmen \u00fcberzeugte die Investoren in der H\u00f6hle der L\u00f6wen: Es kam zu einem Rekorddeal von 1,3 Millionen Franken.","og_url":"https:\/\/www.organisator.ch\/fr\/gestion-2\/2022-10-05\/rekorddeal-bei-staffelstart-von-die-hoehle-der-loewen-schweiz\/","og_site_name":"Organisator","article_publisher":"https:\/\/www.facebook.com\/OrganisatorFachmagazin","article_published_time":"2022-10-05T07:12:28+00:00","article_modified_time":"2022-10-12T07:32:01+00:00","og_image":[{"width":680,"height":454,"url":"https:\/\/www.organisator.ch\/wp-content\/uploads\/2022\/10\/Rekorddeal-bei-Staffelstart-von-Die-Hoehle-der-Loewen-Schweiz-1_Orgaisator.jpg","type":"image\/jpeg"}],"author":"thomas.berner","twitter_card":"summary_large_image","twitter_title":"#Rekorddeal bei #Staffelstart von \"Die H\u00f6hle der L\u00f6wen Schweiz\"","twitter_description":"Ein Ostschweizer #Jungunternehmen \u00fcberzeugte die #Investoren in der H\u00f6hle der L\u00f6wen: Es kam zu einem #Rekorddeal von 1,3 Millionen Franken.","twitter_image":"https:\/\/www.organisator.ch\/wp-content\/uploads\/2022\/10\/Rekorddeal-bei-Staffelstart-von-Die-Hoehle-der-Loewen-Schweiz-1_Orgaisator.jpg","schema":{"@context":"https:\/\/schema.org","@graph":[{"@type":"Article","@id":"https:\/\/www.organisator.ch\/management\/2022-10-05\/rekorddeal-bei-staffelstart-von-die-hoehle-der-loewen-schweiz\/#article","isPartOf":{"@id":"https:\/\/www.organisator.ch\/management\/2022-10-05\/rekorddeal-bei-staffelstart-von-die-hoehle-der-loewen-schweiz\/"},"author":{"name":"thomas.berner","@id":"https:\/\/www.organisator.ch\/#\/schema\/person\/6f650f90b2842cd4c0cc334b4e36f67e"},"headline":"Rekorddeal bei Staffelstart von &#8222;Die H\u00f6hle der L\u00f6wen Schweiz&#8220;","datePublished":"2022-10-05T07:12:28+00:00","dateModified":"2022-10-12T07:32:01+00:00","mainEntityOfPage":{"@id":"https:\/\/www.organisator.ch\/management\/2022-10-05\/rekorddeal-bei-staffelstart-von-die-hoehle-der-loewen-schweiz\/"},"wordCount":1084,"publisher":{"@id":"https:\/\/www.organisator.ch\/#organization"},"image":{"@id":"https:\/\/www.organisator.ch\/management\/2022-10-05\/rekorddeal-bei-staffelstart-von-die-hoehle-der-loewen-schweiz\/#primaryimage"},"thumbnailUrl":"https:\/\/www.organisator.ch\/wp-content\/uploads\/2022\/10\/Rekorddeal-bei-Staffelstart-von-Die-Hoehle-der-Loewen-Schweiz-1_Orgaisator.jpg","keywords":["H\u00f6hle der L\u00f6wen","Startups","Unternehmen"],"articleSection":["MANAGEMENT"],"inLanguage":"fr-FR"},{"@type":"WebPage","@id":"https:\/\/www.organisator.ch\/management\/2022-10-05\/rekorddeal-bei-staffelstart-von-die-hoehle-der-loewen-schweiz\/","url":"https:\/\/www.organisator.ch\/management\/2022-10-05\/rekorddeal-bei-staffelstart-von-die-hoehle-der-loewen-schweiz\/","name":"Accord record pour le lancement de la saison de \"Die H\u00f6hle der L\u00f6wen Schweiz\" - Organisateur","isPartOf":{"@id":"https:\/\/www.organisator.ch\/#website"},"primaryImageOfPage":{"@id":"https:\/\/www.organisator.ch\/management\/2022-10-05\/rekorddeal-bei-staffelstart-von-die-hoehle-der-loewen-schweiz\/#primaryimage"},"image":{"@id":"https:\/\/www.organisator.ch\/management\/2022-10-05\/rekorddeal-bei-staffelstart-von-die-hoehle-der-loewen-schweiz\/#primaryimage"},"thumbnailUrl":"https:\/\/www.organisator.ch\/wp-content\/uploads\/2022\/10\/Rekorddeal-bei-Staffelstart-von-Die-Hoehle-der-Loewen-Schweiz-1_Orgaisator.jpg","datePublished":"2022-10-05T07:12:28+00:00","dateModified":"2022-10-12T07:32:01+00:00","description":"Une jeune entreprise de Suisse orientale a convaincu les investisseurs de l'\u00e9mission \"H\u00f6hle der L\u00f6wen\" : un accord record de 1,3 million de francs a \u00e9t\u00e9 conclu.","breadcrumb":{"@id":"https:\/\/www.organisator.ch\/management\/2022-10-05\/rekorddeal-bei-staffelstart-von-die-hoehle-der-loewen-schweiz\/#breadcrumb"},"inLanguage":"fr-FR","potentialAction":[{"@type":"ReadAction","target":["https:\/\/www.organisator.ch\/management\/2022-10-05\/rekorddeal-bei-staffelstart-von-die-hoehle-der-loewen-schweiz\/"]}]},{"@type":"ImageObject","inLanguage":"fr-FR","@id":"https:\/\/www.organisator.ch\/management\/2022-10-05\/rekorddeal-bei-staffelstart-von-die-hoehle-der-loewen-schweiz\/#primaryimage","url":"https:\/\/www.organisator.ch\/wp-content\/uploads\/2022\/10\/Rekorddeal-bei-Staffelstart-von-Die-Hoehle-der-Loewen-Schweiz-1_Orgaisator.jpg","contentUrl":"https:\/\/www.organisator.ch\/wp-content\/uploads\/2022\/10\/Rekorddeal-bei-Staffelstart-von-Die-Hoehle-der-Loewen-Schweiz-1_Orgaisator.jpg","width":680,"height":454,"caption":"Bettina Hein testet den neuen E-Scooter von SoFlow und beteiligte sich anschliessend am Rekorddeal. (Bild: Filip Stropek \/ CH Media)"},{"@type":"BreadcrumbList","@id":"https:\/\/www.organisator.ch\/management\/2022-10-05\/rekorddeal-bei-staffelstart-von-die-hoehle-der-loewen-schweiz\/#breadcrumb","itemListElement":[{"@type":"ListItem","position":1,"name":"Home","item":"https:\/\/www.organisator.ch\/"},{"@type":"ListItem","position":2,"name":"Rekorddeal bei Staffelstart von &#8222;Die H\u00f6hle der L\u00f6wen Schweiz&#8220;"}]},{"@type":"WebSite","@id":"https:\/\/www.organisator.ch\/#website","url":"https:\/\/www.organisator.ch\/","name":"Organisateur","description":"Comp\u00e9tence et comp\u00e9tence. Proches de la pratique. L'ORGANISATEUR pr\u00e9pare 10 num\u00e9ros par an sur les th\u00e8mes essentiels pour les dirigeants de PME.","publisher":{"@id":"https:\/\/www.organisator.ch\/#organization"},"potentialAction":[{"@type":"SearchAction","target":{"@type":"EntryPoint","urlTemplate":"https:\/\/www.organisator.ch\/?s={search_term_string}"},"query-input":{"@type":"PropertyValueSpecification","valueRequired":true,"valueName":"search_term_string"}}],"inLanguage":"fr-FR"},{"@type":"Organization","@id":"https:\/\/www.organisator.ch\/#organization","name":"Organisateur","url":"https:\/\/www.organisator.ch\/","logo":{"@type":"ImageObject","inLanguage":"fr-FR","@id":"https:\/\/www.organisator.ch\/#\/schema\/logo\/image\/","url":"https:\/\/www.organisator.ch\/wp-content\/uploads\/2022\/01\/Logo_Organisator_Website.png","contentUrl":"https:\/\/www.organisator.ch\/wp-content\/uploads\/2022\/01\/Logo_Organisator_Website.png","width":800,"height":77,"caption":"Organisator"},"image":{"@id":"https:\/\/www.organisator.ch\/#\/schema\/logo\/image\/"},"sameAs":["https:\/\/www.facebook.com\/OrganisatorFachmagazin","https:\/\/www.linkedin.com\/showcase\/organisator-das-magazin-fr-kmu","https:\/\/www.xing.com\/news\/pages\/organisator-ch-695","https:\/\/www.youtube.com\/channel\/UCGP2Sq0iWaZwT3BdIAQFYpw"]},{"@type":"Person","@id":"https:\/\/www.organisator.ch\/#\/schema\/person\/6f650f90b2842cd4c0cc334b4e36f67e","name":"thomas.berner","image":{"@type":"ImageObject","inLanguage":"fr-FR","@id":"https:\/\/secure.gravatar.com\/avatar\/ac5001d2a36cb6c6cd3e50789007ffca834b477b74a2144564522e944eabff61?s=96&d=mm&r=g","url":"https:\/\/secure.gravatar.com\/avatar\/ac5001d2a36cb6c6cd3e50789007ffca834b477b74a2144564522e944eabff61?s=96&d=mm&r=g","contentUrl":"https:\/\/secure.gravatar.com\/avatar\/ac5001d2a36cb6c6cd3e50789007ffca834b477b74a2144564522e944eabff61?s=96&d=mm&r=g","caption":"thomas.berner"},"url":"https:\/\/www.organisator.ch\/fr\/author\/thomas-berner\/"}]}},"_links":{"self":[{"href":"https:\/\/www.organisator.ch\/fr\/wp-json\/wp\/v2\/posts\/17152","targetHints":{"allow":["GET"]}}],"collection":[{"href":"https:\/\/www.organisator.ch\/fr\/wp-json\/wp\/v2\/posts"}],"about":[{"href":"https:\/\/www.organisator.ch\/fr\/wp-json\/wp\/v2\/types\/post"}],"author":[{"embeddable":true,"href":"https:\/\/www.organisator.ch\/fr\/wp-json\/wp\/v2\/users\/4"}],"replies":[{"embeddable":true,"href":"https:\/\/www.organisator.ch\/fr\/wp-json\/wp\/v2\/comments?post=17152"}],"version-history":[{"count":2,"href":"https:\/\/www.organisator.ch\/fr\/wp-json\/wp\/v2\/posts\/17152\/revisions"}],"predecessor-version":[{"id":22910,"href":"https:\/\/www.organisator.ch\/fr\/wp-json\/wp\/v2\/posts\/17152\/revisions\/22910"}],"wp:featuredmedia":[{"embeddable":true,"href":"https:\/\/www.organisator.ch\/fr\/wp-json\/wp\/v2\/media\/17153"}],"wp:attachment":[{"href":"https:\/\/www.organisator.ch\/fr\/wp-json\/wp\/v2\/media?parent=17152"}],"wp:term":[{"taxonomy":"category","embeddable":true,"href":"https:\/\/www.organisator.ch\/fr\/wp-json\/wp\/v2\/categories?post=17152"},{"taxonomy":"post_tag","embeddable":true,"href":"https:\/\/www.organisator.ch\/fr\/wp-json\/wp\/v2\/tags?post=17152"}],"curies":[{"name":"wp","href":"https:\/\/api.w.org\/{rel}","templated":true}]}}