{"id":17166,"date":"2022-10-06T13:20:10","date_gmt":"2022-10-06T11:20:10","guid":{"rendered":"https:\/\/www.m-q.ch\/?p=17011"},"modified":"2024-11-21T07:34:47","modified_gmt":"2024-11-21T06:34:47","slug":"ecec-2022-europas-groesste-compliance-konferenz","status":"publish","type":"post","link":"https:\/\/www.organisator.ch\/fr\/operational-excellence\/2022-10-06\/ecec-2022-europas-groesste-compliance-konferenz\/","title":{"rendered":"ECEC 2022 : la plus grande conf\u00e9rence europ\u00e9enne sur la conformit\u00e9"},"content":{"rendered":"<figure id=\"attachment_17012\" class=\"wp-caption alignnone\" style=\"width: 680px\" aria-describedby=\"caption-attachment-17012\"><img class=\"alignnone wp-image-17012 size-full\" src=\"https:\/\/www.m-q.ch\/wp-content\/uploads\/2022\/10\/ECEC-2022-Europas-groesste-Compliance-Konferenz_MQ.jpg\" alt=\"ECEC 2022\" width=\"680\" height=\"457\" \/>\r\n<figcaption id=\"caption-attachment-17012\" class=\"wp-caption-text\">Outre le r\u00e9seautage, l'ECEC 2022 propose de nombreux keynotes, breakout sessions et masterclasses passionnants sur les th\u00e8mes de la conformit\u00e9 et de l'ESG. (Image : ECEC)<\/figcaption>\r\n<\/figure>\r\n<p>\"Le d\u00e9but de l'automne est la saison de l'ECEC ! Chaque ann\u00e9e, nous sommes \u00e0 nouveau surpris par la rapidit\u00e9 avec laquelle la conf\u00e9rence grandit et s'est \u00e9tablie comme plateforme de communication pour les professionnels de la conformit\u00e9, de l'\u00e9thique et aussi de l'ESG. Cela se voit aussi au grand nombre de conf\u00e9renciers et d'experts de haut niveau qui ont \u00e0 nouveau donn\u00e9 leur accord pour participer \u00e0 la plus grande rencontre europ\u00e9enne du secteur\", d\u00e9clare Marcus Sultzer, membre du directoire d'EQS Group, un fournisseur de logiciels et de services dans le domaine des technologies r\u00e9glementaires. L'ECEC 2022 aura lieu les 11 et 12 octobre.<\/p>\r\n<h3>ECEC 2022 avec des expos\u00e9s passionnants<\/h3>\r\n<p>Cette ann\u00e9e encore, il n'a pas \u00e9t\u00e9 difficile de composer un programme vari\u00e9 avec 70 intervenants pour les deux jours de conf\u00e9rence, comme le font savoir les organisateurs. L'histoire de Xavier Andr\u00e9 Justo, qui a r\u00e9v\u00e9l\u00e9 l'un des plus grands scandales financiers du monde, est aussi passionnante qu'un thriller. Gr\u00e2ce aux informations que le Suisse a donn\u00e9es \u00e0 un journal, il a \u00e9t\u00e9 r\u00e9v\u00e9l\u00e9 que le fonds souverain malaisien 1MDB avait \u00e9t\u00e9 litt\u00e9ralement pill\u00e9. Un scandale de plusieurs milliards aux cons\u00e9quences dramatiques pour le lanceur d'alerte, qui a subi des repr\u00e9sailles brutales et a m\u00eame pass\u00e9 18 mois dans une prison tha\u00eflandaise.<\/p>\r\n<p>Le deuxi\u00e8me jour de la conf\u00e9rence, le journaliste d'investigation Frederik Obermaier r\u00e9pondra \u00e0 la question de savoir pourquoi de nombreux lanceurs d'alerte connus s'adressent aux m\u00e9dias et n'utilisent pas les canaux internes pour attirer l'attention sur des dysfonctionnements. Le laur\u00e9at du prix Pulitzer a notamment initi\u00e9 avec ses coll\u00e8gues les r\u00e9v\u00e9lations des Panama Papers et des Suisse Secrets. Dans ce cadre, il a obtenu des informations et des donn\u00e9es importantes de sources anonymes.<\/p>\r\n<h3><strong>R\u00e9compense pour des projets de conformit\u00e9 exceptionnels<\/strong><\/h3>\r\n<p>Les finalistes qui concourent pour le \"ECEC-Award 2022\" avec leurs projets de conformit\u00e9 ont \u00e9galement \u00e9t\u00e9 d\u00e9sign\u00e9s. Le jury international a s\u00e9lectionn\u00e9 Novartis AG et T\u00dcV Austria parmi les nombreuses candidatures. Le vainqueur du prix sera \u00e0 nouveau d\u00e9sign\u00e9 par les participants \u00e0 la conf\u00e9rence lors d'un vote en direct \u00e0 la fin du deuxi\u00e8me jour de l'ECEC.<\/p>\r\n<p>M\u00eame si l'ECEC 2022 ouvre ses portes dans cinq jours d\u00e9j\u00e0 : Les retardataires ont encore la possibilit\u00e9 de se procurer un billet et d'acc\u00e9der ainsi gratuitement aux keynotes, aux discussions de panel, aux ateliers et aux discussions d'experts.<\/p>\r\n<p><em>Vous trouverez des informations sur le \"ECEC-Award 2022\" ainsi que sur tous les keynotes, pr\u00e9sentations et ateliers de la conf\u00e9rence de conformit\u00e9 de deux jours et sur l'inscription sous : <a href=\"https:\/\/eqs-cockpit.com\/cgi-bin\/fncls.ssp?fn=redirect&amp;url=46373c8da5737b08ca60f8afbaacb4a5&amp;application_id=1458371&amp;user_id=8511745&amp;application_name=news\">https:\/\/www.ecec-community.com<\/a><\/em><\/p>\n<p class=\"syndicated-attribution\">Cet article est paru initialement sur m-q.ch - <a href=\"https:\/\/www.m-q.ch\/de\/ecec-2022-europas-groesste-compliance-konferenz\/\" target=\"_blank\">https:\/\/www.m-q.ch\/de\/ecec-2022-europas-groesste-compliance-konferenz\/<\/a><\/p>","protected":false},"excerpt":{"rendered":"<p>\u201eHerbstanfang ist ECEC-Zeit! Wir sind jedes Jahr aufs Neue \u00fcberrascht, wie schnell die Konferenz w\u00e4chst und sich als Kommunikations-Plattform f\u00fcr Compliance-, Ethik- und auch ESG-Fachleute etabliert hat. Das l\u00e4sst sich auch an der erneut gro\u00dfen Zahl hochkar\u00e4tiger Sprecher und Experten ablesen, die ihre Zusage f\u00fcr Europas gr\u00f6sstes Branchentreffen gegeben haben\u201c, sagt Marcus Sultzer, Mitglied des [\u2026]<\/p>\n","protected":false},"author":8,"featured_media":0,"comment_status":"closed","ping_status":"closed","sticky":false,"template":"","format":"standard","meta":{"_acf_changed":false,"_yoast_wpseo_focuskw":"ECEC 2022","_yoast_wpseo_metadesc":"ECEC 2022: Europas gr\u00f6\u00dfte Compliance-Konferenz mit spannenden Keynotes, Workshops und Networking-M\u00f6glichkeiten. Jetzt anmelden.","articlekey":"","footnotes":""},"categories":[582],"tags":[],"class_list":["post-17166","post","type-post","status-publish","format-standard","hentry","category-operational-excellence"],"acf":[],"yoast_head":"<!-- This site is optimized with the Yoast SEO plugin v27.5 - https:\/\/yoast.com\/product\/yoast-seo-wordpress\/ -->\n<title>ECEC 2022: Europas gr\u00f6sste Compliance-Konferenz - Organisator<\/title>\n<meta name=\"description\" content=\"ECEC 2022: Europas gr\u00f6\u00dfte Compliance-Konferenz mit spannenden Keynotes, Workshops und Networking-M\u00f6glichkeiten. Jetzt anmelden.\" \/>\n<meta name=\"robots\" content=\"index, follow, max-snippet:-1, max-image-preview:large, max-video-preview:-1\" \/>\n<link rel=\"canonical\" href=\"https:\/\/www.organisator.ch\/fr\/excellence-operationnelle\/2022-10-06\/ecec-2022-europas-groesste-compliance-konferenz\/\" \/>\n<meta property=\"og:locale\" content=\"fr_FR\" \/>\n<meta property=\"og:type\" content=\"article\" \/>\n<meta property=\"og:title\" content=\"ECEC 2022: Europas gr\u00f6sste Compliance-Konferenz - Organisator\" \/>\n<meta property=\"og:description\" content=\"ECEC 2022: Europas gr\u00f6\u00dfte Compliance-Konferenz mit spannenden Keynotes, Workshops und Networking-M\u00f6glichkeiten. Jetzt anmelden.\" \/>\n<meta property=\"og:url\" content=\"https:\/\/www.organisator.ch\/fr\/excellence-operationnelle\/2022-10-06\/ecec-2022-europas-groesste-compliance-konferenz\/\" \/>\n<meta property=\"og:site_name\" content=\"Organisator\" \/>\n<meta property=\"article:publisher\" content=\"https:\/\/www.facebook.com\/OrganisatorFachmagazin\" \/>\n<meta property=\"article:published_time\" content=\"2022-10-06T11:20:10+00:00\" \/>\n<meta property=\"article:modified_time\" content=\"2024-11-21T06:34:47+00:00\" \/>\n<meta name=\"author\" content=\"galledia\" \/>\n<meta name=\"twitter:card\" content=\"summary_large_image\" \/>\n<meta name=\"twitter:creator\" content=\"@admin\" \/>\n<script type=\"application\/ld+json\" class=\"yoast-schema-graph\">{\"@context\":\"https:\\\/\\\/schema.org\",\"@graph\":[{\"@type\":\"Article\",\"@id\":\"https:\\\/\\\/www.organisator.ch\\\/operational-excellence\\\/2022-10-06\\\/ecec-2022-europas-groesste-compliance-konferenz\\\/#article\",\"isPartOf\":{\"@id\":\"https:\\\/\\\/www.organisator.ch\\\/operational-excellence\\\/2022-10-06\\\/ecec-2022-europas-groesste-compliance-konferenz\\\/\"},\"author\":{\"name\":\"galledia\",\"@id\":\"https:\\\/\\\/www.organisator.ch\\\/#\\\/schema\\\/person\\\/4e51799071cd2dd1232ac003643ef5f0\"},\"headline\":\"ECEC 2022: Europas gr\u00f6sste Compliance-Konferenz\",\"datePublished\":\"2022-10-06T11:20:10+00:00\",\"dateModified\":\"2024-11-21T06:34:47+00:00\",\"mainEntityOfPage\":{\"@id\":\"https:\\\/\\\/www.organisator.ch\\\/operational-excellence\\\/2022-10-06\\\/ecec-2022-europas-groesste-compliance-konferenz\\\/\"},\"wordCount\":384,\"publisher\":{\"@id\":\"https:\\\/\\\/www.organisator.ch\\\/#organization\"},\"image\":{\"@id\":\"https:\\\/\\\/www.organisator.ch\\\/operational-excellence\\\/2022-10-06\\\/ecec-2022-europas-groesste-compliance-konferenz\\\/#primaryimage\"},\"thumbnailUrl\":\"https:\\\/\\\/www.m-q.ch\\\/wp-content\\\/uploads\\\/2022\\\/10\\\/ECEC-2022-Europas-groesste-Compliance-Konferenz_MQ.jpg\",\"articleSection\":[\"OPERATIONAL EXCELLENCE\"],\"inLanguage\":\"fr-FR\"},{\"@type\":\"WebPage\",\"@id\":\"https:\\\/\\\/www.organisator.ch\\\/operational-excellence\\\/2022-10-06\\\/ecec-2022-europas-groesste-compliance-konferenz\\\/\",\"url\":\"https:\\\/\\\/www.organisator.ch\\\/operational-excellence\\\/2022-10-06\\\/ecec-2022-europas-groesste-compliance-konferenz\\\/\",\"name\":\"ECEC 2022: Europas gr\u00f6sste Compliance-Konferenz - Organisator\",\"isPartOf\":{\"@id\":\"https:\\\/\\\/www.organisator.ch\\\/#website\"},\"primaryImageOfPage\":{\"@id\":\"https:\\\/\\\/www.organisator.ch\\\/operational-excellence\\\/2022-10-06\\\/ecec-2022-europas-groesste-compliance-konferenz\\\/#primaryimage\"},\"image\":{\"@id\":\"https:\\\/\\\/www.organisator.ch\\\/operational-excellence\\\/2022-10-06\\\/ecec-2022-europas-groesste-compliance-konferenz\\\/#primaryimage\"},\"thumbnailUrl\":\"https:\\\/\\\/www.m-q.ch\\\/wp-content\\\/uploads\\\/2022\\\/10\\\/ECEC-2022-Europas-groesste-Compliance-Konferenz_MQ.jpg\",\"datePublished\":\"2022-10-06T11:20:10+00:00\",\"dateModified\":\"2024-11-21T06:34:47+00:00\",\"description\":\"ECEC 2022: Europas gr\u00f6\u00dfte Compliance-Konferenz mit spannenden Keynotes, Workshops und Networking-M\u00f6glichkeiten. Jetzt anmelden.\",\"breadcrumb\":{\"@id\":\"https:\\\/\\\/www.organisator.ch\\\/operational-excellence\\\/2022-10-06\\\/ecec-2022-europas-groesste-compliance-konferenz\\\/#breadcrumb\"},\"inLanguage\":\"fr-FR\",\"potentialAction\":[{\"@type\":\"ReadAction\",\"target\":[\"https:\\\/\\\/www.organisator.ch\\\/operational-excellence\\\/2022-10-06\\\/ecec-2022-europas-groesste-compliance-konferenz\\\/\"]}]},{\"@type\":\"ImageObject\",\"inLanguage\":\"fr-FR\",\"@id\":\"https:\\\/\\\/www.organisator.ch\\\/operational-excellence\\\/2022-10-06\\\/ecec-2022-europas-groesste-compliance-konferenz\\\/#primaryimage\",\"url\":\"https:\\\/\\\/www.m-q.ch\\\/wp-content\\\/uploads\\\/2022\\\/10\\\/ECEC-2022-Europas-groesste-Compliance-Konferenz_MQ.jpg\",\"contentUrl\":\"https:\\\/\\\/www.m-q.ch\\\/wp-content\\\/uploads\\\/2022\\\/10\\\/ECEC-2022-Europas-groesste-Compliance-Konferenz_MQ.jpg\"},{\"@type\":\"BreadcrumbList\",\"@id\":\"https:\\\/\\\/www.organisator.ch\\\/operational-excellence\\\/2022-10-06\\\/ecec-2022-europas-groesste-compliance-konferenz\\\/#breadcrumb\",\"itemListElement\":[{\"@type\":\"ListItem\",\"position\":1,\"name\":\"Home\",\"item\":\"https:\\\/\\\/www.organisator.ch\\\/\"},{\"@type\":\"ListItem\",\"position\":2,\"name\":\"ECEC 2022: Europas gr\u00f6sste Compliance-Konferenz\"}]},{\"@type\":\"WebSite\",\"@id\":\"https:\\\/\\\/www.organisator.ch\\\/#website\",\"url\":\"https:\\\/\\\/www.organisator.ch\\\/\",\"name\":\"Organisator\",\"description\":\"Kompetent. Praxisnah. Der ORGANISATOR bereitet in 10 Ausgaben pro Jahr die wesentlichen Themen f\u00fcr F\u00fchrungskr\u00e4fte von KMU auf.\",\"publisher\":{\"@id\":\"https:\\\/\\\/www.organisator.ch\\\/#organization\"},\"potentialAction\":[{\"@type\":\"SearchAction\",\"target\":{\"@type\":\"EntryPoint\",\"urlTemplate\":\"https:\\\/\\\/www.organisator.ch\\\/?s={search_term_string}\"},\"query-input\":{\"@type\":\"PropertyValueSpecification\",\"valueRequired\":true,\"valueName\":\"search_term_string\"}}],\"inLanguage\":\"fr-FR\"},{\"@type\":\"Organization\",\"@id\":\"https:\\\/\\\/www.organisator.ch\\\/#organization\",\"name\":\"Organisator\",\"url\":\"https:\\\/\\\/www.organisator.ch\\\/\",\"logo\":{\"@type\":\"ImageObject\",\"inLanguage\":\"fr-FR\",\"@id\":\"https:\\\/\\\/www.organisator.ch\\\/#\\\/schema\\\/logo\\\/image\\\/\",\"url\":\"https:\\\/\\\/www.organisator.ch\\\/wp-content\\\/uploads\\\/2022\\\/01\\\/Logo_Organisator_Website.png\",\"contentUrl\":\"https:\\\/\\\/www.organisator.ch\\\/wp-content\\\/uploads\\\/2022\\\/01\\\/Logo_Organisator_Website.png\",\"width\":800,\"height\":77,\"caption\":\"Organisator\"},\"image\":{\"@id\":\"https:\\\/\\\/www.organisator.ch\\\/#\\\/schema\\\/logo\\\/image\\\/\"},\"sameAs\":[\"https:\\\/\\\/www.facebook.com\\\/OrganisatorFachmagazin\",\"https:\\\/\\\/www.linkedin.com\\\/showcase\\\/organisator-das-magazin-fr-kmu\",\"https:\\\/\\\/www.xing.com\\\/news\\\/pages\\\/organisator-ch-695\",\"https:\\\/\\\/www.youtube.com\\\/channel\\\/UCGP2Sq0iWaZwT3BdIAQFYpw\"]},{\"@type\":\"Person\",\"@id\":\"https:\\\/\\\/www.organisator.ch\\\/#\\\/schema\\\/person\\\/4e51799071cd2dd1232ac003643ef5f0\",\"name\":\"galledia\",\"image\":{\"@type\":\"ImageObject\",\"inLanguage\":\"fr-FR\",\"@id\":\"https:\\\/\\\/secure.gravatar.com\\\/avatar\\\/78a7f90c01fc2bfc875782a0d4922b37cde2cf184ce347b91316d23cd7f69a36?s=96&d=mm&r=g\",\"url\":\"https:\\\/\\\/secure.gravatar.com\\\/avatar\\\/78a7f90c01fc2bfc875782a0d4922b37cde2cf184ce347b91316d23cd7f69a36?s=96&d=mm&r=g\",\"contentUrl\":\"https:\\\/\\\/secure.gravatar.com\\\/avatar\\\/78a7f90c01fc2bfc875782a0d4922b37cde2cf184ce347b91316d23cd7f69a36?s=96&d=mm&r=g\",\"caption\":\"galledia\"},\"sameAs\":[\"https:\\\/\\\/x.com\\\/admin\"],\"url\":\"https:\\\/\\\/www.organisator.ch\\\/fr\\\/author\\\/galledia\\\/\"}]}<\/script>\n<!-- \/ Yoast SEO plugin. -->","yoast_head_json":{"title":"ECEC 2022 : la plus grande conf\u00e9rence europ\u00e9enne sur la conformit\u00e9 - Organisateur","description":"ECEC 2022 : la plus grande conf\u00e9rence europ\u00e9enne sur la conformit\u00e9 avec des keynotes passionnantes, des ateliers et des possibilit\u00e9s de r\u00e9seautage. Inscrivez-vous d\u00e8s maintenant.","robots":{"index":"index","follow":"follow","max-snippet":"max-snippet:-1","max-image-preview":"max-image-preview:large","max-video-preview":"max-video-preview:-1"},"canonical":"https:\/\/www.organisator.ch\/fr\/excellence-operationnelle\/2022-10-06\/ecec-2022-europas-groesste-compliance-konferenz\/","og_locale":"fr_FR","og_type":"article","og_title":"ECEC 2022: Europas gr\u00f6sste Compliance-Konferenz - Organisator","og_description":"ECEC 2022: Europas gr\u00f6\u00dfte Compliance-Konferenz mit spannenden Keynotes, Workshops und Networking-M\u00f6glichkeiten. Jetzt anmelden.","og_url":"https:\/\/www.organisator.ch\/fr\/excellence-operationnelle\/2022-10-06\/ecec-2022-europas-groesste-compliance-konferenz\/","og_site_name":"Organisator","article_publisher":"https:\/\/www.facebook.com\/OrganisatorFachmagazin","article_published_time":"2022-10-06T11:20:10+00:00","article_modified_time":"2024-11-21T06:34:47+00:00","author":"galledia","twitter_card":"summary_large_image","twitter_creator":"@admin","schema":{"@context":"https:\/\/schema.org","@graph":[{"@type":"Article","@id":"https:\/\/www.organisator.ch\/operational-excellence\/2022-10-06\/ecec-2022-europas-groesste-compliance-konferenz\/#article","isPartOf":{"@id":"https:\/\/www.organisator.ch\/operational-excellence\/2022-10-06\/ecec-2022-europas-groesste-compliance-konferenz\/"},"author":{"name":"galledia","@id":"https:\/\/www.organisator.ch\/#\/schema\/person\/4e51799071cd2dd1232ac003643ef5f0"},"headline":"ECEC 2022: Europas gr\u00f6sste Compliance-Konferenz","datePublished":"2022-10-06T11:20:10+00:00","dateModified":"2024-11-21T06:34:47+00:00","mainEntityOfPage":{"@id":"https:\/\/www.organisator.ch\/operational-excellence\/2022-10-06\/ecec-2022-europas-groesste-compliance-konferenz\/"},"wordCount":384,"publisher":{"@id":"https:\/\/www.organisator.ch\/#organization"},"image":{"@id":"https:\/\/www.organisator.ch\/operational-excellence\/2022-10-06\/ecec-2022-europas-groesste-compliance-konferenz\/#primaryimage"},"thumbnailUrl":"https:\/\/www.m-q.ch\/wp-content\/uploads\/2022\/10\/ECEC-2022-Europas-groesste-Compliance-Konferenz_MQ.jpg","articleSection":["OPERATIONAL EXCELLENCE"],"inLanguage":"fr-FR"},{"@type":"WebPage","@id":"https:\/\/www.organisator.ch\/operational-excellence\/2022-10-06\/ecec-2022-europas-groesste-compliance-konferenz\/","url":"https:\/\/www.organisator.ch\/operational-excellence\/2022-10-06\/ecec-2022-europas-groesste-compliance-konferenz\/","name":"ECEC 2022 : la plus grande conf\u00e9rence europ\u00e9enne sur la conformit\u00e9 - Organisateur","isPartOf":{"@id":"https:\/\/www.organisator.ch\/#website"},"primaryImageOfPage":{"@id":"https:\/\/www.organisator.ch\/operational-excellence\/2022-10-06\/ecec-2022-europas-groesste-compliance-konferenz\/#primaryimage"},"image":{"@id":"https:\/\/www.organisator.ch\/operational-excellence\/2022-10-06\/ecec-2022-europas-groesste-compliance-konferenz\/#primaryimage"},"thumbnailUrl":"https:\/\/www.m-q.ch\/wp-content\/uploads\/2022\/10\/ECEC-2022-Europas-groesste-Compliance-Konferenz_MQ.jpg","datePublished":"2022-10-06T11:20:10+00:00","dateModified":"2024-11-21T06:34:47+00:00","description":"ECEC 2022 : la plus grande conf\u00e9rence europ\u00e9enne sur la conformit\u00e9 avec des keynotes passionnantes, des ateliers et des possibilit\u00e9s de r\u00e9seautage. Inscrivez-vous d\u00e8s maintenant.","breadcrumb":{"@id":"https:\/\/www.organisator.ch\/operational-excellence\/2022-10-06\/ecec-2022-europas-groesste-compliance-konferenz\/#breadcrumb"},"inLanguage":"fr-FR","potentialAction":[{"@type":"ReadAction","target":["https:\/\/www.organisator.ch\/operational-excellence\/2022-10-06\/ecec-2022-europas-groesste-compliance-konferenz\/"]}]},{"@type":"ImageObject","inLanguage":"fr-FR","@id":"https:\/\/www.organisator.ch\/operational-excellence\/2022-10-06\/ecec-2022-europas-groesste-compliance-konferenz\/#primaryimage","url":"https:\/\/www.m-q.ch\/wp-content\/uploads\/2022\/10\/ECEC-2022-Europas-groesste-Compliance-Konferenz_MQ.jpg","contentUrl":"https:\/\/www.m-q.ch\/wp-content\/uploads\/2022\/10\/ECEC-2022-Europas-groesste-Compliance-Konferenz_MQ.jpg"},{"@type":"BreadcrumbList","@id":"https:\/\/www.organisator.ch\/operational-excellence\/2022-10-06\/ecec-2022-europas-groesste-compliance-konferenz\/#breadcrumb","itemListElement":[{"@type":"ListItem","position":1,"name":"Home","item":"https:\/\/www.organisator.ch\/"},{"@type":"ListItem","position":2,"name":"ECEC 2022: Europas gr\u00f6sste Compliance-Konferenz"}]},{"@type":"WebSite","@id":"https:\/\/www.organisator.ch\/#website","url":"https:\/\/www.organisator.ch\/","name":"Organisateur","description":"Comp\u00e9tence et comp\u00e9tence. Proches de la pratique. L'ORGANISATEUR pr\u00e9pare 10 num\u00e9ros par an sur les th\u00e8mes essentiels pour les dirigeants de PME.","publisher":{"@id":"https:\/\/www.organisator.ch\/#organization"},"potentialAction":[{"@type":"SearchAction","target":{"@type":"EntryPoint","urlTemplate":"https:\/\/www.organisator.ch\/?s={search_term_string}"},"query-input":{"@type":"PropertyValueSpecification","valueRequired":true,"valueName":"search_term_string"}}],"inLanguage":"fr-FR"},{"@type":"Organization","@id":"https:\/\/www.organisator.ch\/#organization","name":"Organisateur","url":"https:\/\/www.organisator.ch\/","logo":{"@type":"ImageObject","inLanguage":"fr-FR","@id":"https:\/\/www.organisator.ch\/#\/schema\/logo\/image\/","url":"https:\/\/www.organisator.ch\/wp-content\/uploads\/2022\/01\/Logo_Organisator_Website.png","contentUrl":"https:\/\/www.organisator.ch\/wp-content\/uploads\/2022\/01\/Logo_Organisator_Website.png","width":800,"height":77,"caption":"Organisator"},"image":{"@id":"https:\/\/www.organisator.ch\/#\/schema\/logo\/image\/"},"sameAs":["https:\/\/www.facebook.com\/OrganisatorFachmagazin","https:\/\/www.linkedin.com\/showcase\/organisator-das-magazin-fr-kmu","https:\/\/www.xing.com\/news\/pages\/organisator-ch-695","https:\/\/www.youtube.com\/channel\/UCGP2Sq0iWaZwT3BdIAQFYpw"]},{"@type":"Person","@id":"https:\/\/www.organisator.ch\/#\/schema\/person\/4e51799071cd2dd1232ac003643ef5f0","name":"galledia","image":{"@type":"ImageObject","inLanguage":"fr-FR","@id":"https:\/\/secure.gravatar.com\/avatar\/78a7f90c01fc2bfc875782a0d4922b37cde2cf184ce347b91316d23cd7f69a36?s=96&d=mm&r=g","url":"https:\/\/secure.gravatar.com\/avatar\/78a7f90c01fc2bfc875782a0d4922b37cde2cf184ce347b91316d23cd7f69a36?s=96&d=mm&r=g","contentUrl":"https:\/\/secure.gravatar.com\/avatar\/78a7f90c01fc2bfc875782a0d4922b37cde2cf184ce347b91316d23cd7f69a36?s=96&d=mm&r=g","caption":"galledia"},"sameAs":["https:\/\/x.com\/admin"],"url":"https:\/\/www.organisator.ch\/fr\/author\/galledia\/"}]}},"_links":{"self":[{"href":"https:\/\/www.organisator.ch\/fr\/wp-json\/wp\/v2\/posts\/17166","targetHints":{"allow":["GET"]}}],"collection":[{"href":"https:\/\/www.organisator.ch\/fr\/wp-json\/wp\/v2\/posts"}],"about":[{"href":"https:\/\/www.organisator.ch\/fr\/wp-json\/wp\/v2\/types\/post"}],"author":[{"embeddable":true,"href":"https:\/\/www.organisator.ch\/fr\/wp-json\/wp\/v2\/users\/8"}],"replies":[{"embeddable":true,"href":"https:\/\/www.organisator.ch\/fr\/wp-json\/wp\/v2\/comments?post=17166"}],"version-history":[{"count":5,"href":"https:\/\/www.organisator.ch\/fr\/wp-json\/wp\/v2\/posts\/17166\/revisions"}],"predecessor-version":[{"id":33737,"href":"https:\/\/www.organisator.ch\/fr\/wp-json\/wp\/v2\/posts\/17166\/revisions\/33737"}],"wp:attachment":[{"href":"https:\/\/www.organisator.ch\/fr\/wp-json\/wp\/v2\/media?parent=17166"}],"wp:term":[{"taxonomy":"category","embeddable":true,"href":"https:\/\/www.organisator.ch\/fr\/wp-json\/wp\/v2\/categories?post=17166"},{"taxonomy":"post_tag","embeddable":true,"href":"https:\/\/www.organisator.ch\/fr\/wp-json\/wp\/v2\/tags?post=17166"}],"curies":[{"name":"wp","href":"https:\/\/api.w.org\/{rel}","templated":true}]}}