{"id":17172,"date":"2022-10-06T13:50:34","date_gmt":"2022-10-06T11:50:34","guid":{"rendered":"https:\/\/www.werbewoche.ch\/?p=187739"},"modified":"2024-11-21T07:31:43","modified_gmt":"2024-11-21T06:31:43","slug":"jim-jim-vergroessert-experiential-unit","status":"publish","type":"post","link":"https:\/\/www.organisator.ch\/fr\/marketing\/2022-10-06\/jim-jim-vergroessert-experiential-unit\/","title":{"rendered":"Jim &amp; Jim agrandit son unit\u00e9 d'exp\u00e9rimentation"},"content":{"rendered":"<p><\/p>\r\n<p>Avec des actions de marketing en direct, Jim &amp; Jim veut aller exactement l\u00e0 o\u00f9 se trouve son groupe cible. Apr\u00e8s avoir \u00e9t\u00e9 mise en veilleuse pendant deux ans en raison de la pand\u00e9mie, l'Experiential Unit de l'entreprise a fait un retour d'autant plus remarqu\u00e9. Pour les festivals ou les salons, Jim &amp; Jim d\u00e9veloppe des outils d'exp\u00e9rience sur mesure pour chaque entreprise. Les entreprises peuvent ainsi promouvoir leurs produits, v\u00e9hiculer des valeurs et des messages et les faire vivre. Pour ce faire, Jim &amp; Jim combine les approches hors ligne et en ligne afin de g\u00e9n\u00e9rer une port\u00e9e num\u00e9rique suppl\u00e9mentaire.<\/p>\r\n<h3><strong>Karaok\u00e9 en voiture au CokeStudio<\/strong><\/h3>\r\n<p>L'\u00e9t\u00e9 dernier, l'agence a particip\u00e9 \u00e0 quatre festivals pour Coca-Cola. Elle a mis\u00e9 sur la musique et le stand en n\u00e9on comme accroche-regard visuel. L'id\u00e9e du concept est d'associer le point de passion \"musique\" \u00e0 des th\u00e8mes actuels de la culture pop et du streaming afin d'enthousiasmer les jeunes. La pi\u00e8ce ma\u00eetresse \u00e9tait l'installation de karaok\u00e9 int\u00e9gr\u00e9e dans une voiture vintage des ann\u00e9es 80, r\u00e9alis\u00e9e en collaboration avec l'agence Made : Les visiteurs y chantaient leurs chansons pr\u00e9f\u00e9r\u00e9es et recevaient ensuite une vid\u00e9o de leur performance.<img class=\"aligncenter wp-image-187740 size-full\" src=\"https:\/\/www.werbewoche.ch\/wp-content\/uploads\/2022\/10\/jimjim-coke.jpg\" alt=\"Jim &amp; Jim Marketing en direct\" width=\"1200\" height=\"800\" \/><\/p>\r\n<h3><strong>Salutations num\u00e9riques de Heineken<\/strong><\/h3>\r\n<p>Sur les stands du festival pour Heineken, Jim &amp; Jim a permis aux visiteurs de se glisser rapidement dans un autre monde. Ils pouvaient cr\u00e9er et envoyer des vid\u00e9os d'eux, les montrant dans un jet priv\u00e9 imaginaire ou dans un bar de plage. Ce n'est qu'\u00e0 la toute fin que le lieu r\u00e9el \u00e9tait r\u00e9v\u00e9l\u00e9. En m\u00eame temps, il \u00e9tait possible de consommer des produits Heineken sur le stand, ce qui permettait de combiner l'activation et les ventes.<img class=\"aligncenter size-full wp-image-187741\" src=\"https:\/\/www.werbewoche.ch\/wp-content\/uploads\/2022\/10\/jim-jim-heineken.jpg\" alt=\"\" width=\"1200\" height=\"801\" \/><\/p>\r\n<h3><strong>L'univers des textiles pour Swiss Textiles<\/strong><\/h3>\r\n<p>Dans le cadre du projet pour Swiss Textiles, il s'agissait de ressentir les textiles avec tous les sens. Lors des SwissSkills \u00e0 Berne, les visiteurs* ont pu se plonger dans l'univers des textiles. Cela a \u00e9t\u00e9 rendu possible gr\u00e2ce \u00e0 un univers de d\u00e9couverte de 230 m\u00e8tres carr\u00e9s et un cin\u00e9ma en 4D. L'\u00e9quipe de contenu interne de Jim &amp; Jim a produit les vid\u00e9os correspondantes et Made s'est charg\u00e9 de la construction.<img class=\"aligncenter size-full wp-image-187742\" src=\"https:\/\/www.werbewoche.ch\/wp-content\/uploads\/2022\/10\/jimjim-textil.jpg\" alt=\"\" width=\"1200\" height=\"800\" \/><\/p>\r\n<h3><strong>Plus d'activation pour les chips Zweifel, le Sprite et la bi\u00e8re Moretti<\/strong><\/h3>\r\n<p>Par ailleurs, Jim &amp; Jim \u00e9tait pr\u00e9sent pour Zweifel \u00e0 sept festivals, \u00e0 la F\u00eate f\u00e9d\u00e9rale de lutte suisse et des jeux alpestres ESAF dans le canton de B\u00e2le-Campagne, ainsi que pour Birra Moretti au Street Food Festival \u00e0 Zurich. La marque Sprite a \u00e9galement \u00e9t\u00e9 activ\u00e9e lors de diff\u00e9rents open airs.<\/p>\r\n<hr \/>\r\n<p><strong>Responsable chez Coca-Cola : <\/strong>Marco Manzo, Tina Portmann, Benjamin Corpataux, Benjamin Frizzi. <strong>Responsable chez Sprite :<\/strong> Tina Portmann, Stanislava Giancola. <strong>Responsable chez <\/strong><strong>Textiles suisses :<\/strong> Selina Giordari, Michael Berger. <strong>Responsable chez Jim &amp; Jim :<\/strong> Fabio Emch, Robin Steiner, Tim Kesseli (strat\u00e9gie et concept) ; Robin Steiner, Tim Kesseli, In\u00e8s Wagner, Tobias Anderwert (direction de projet) ; Angela Ehrsam, Beatriz Machado, Helen R\u00f6hrig (graphisme et design);Made Marketing (d\u00e9veloppement, construction et logistique).<\/p>","protected":false},"excerpt":{"rendered":"<p>Mit Live-Marketing-Aktionen will Jim &amp; Jim genau dorthin gehen, wo sich die Zielgruppe tummelt. Nachdem die hauseigene Experiential Unit wegen der Pandemie zwei Jahre lang auf Sparflamme war, hat diese nun ein umso gr\u00f6sseres Comeback gegeben. F\u00fcr Festivals oder Messen entwickelt Jim &amp; Jim f\u00fcr jedes Unternehmen entsprechend massgeschneiderte Experiential-Tools. Unternehmen k\u00f6nnen so Produkte bewerben, [\u2026]<\/p>\n","protected":false},"author":8,"featured_media":0,"comment_status":"closed","ping_status":"closed","sticky":false,"template":"","format":"standard","meta":{"_acf_changed":false,"_yoast_wpseo_focuskw":"Jim & Jim Live-Marketing","_yoast_wpseo_metadesc":"Jim & Jim nutzen Live-Marketing bei Festivals f\u00fcr Coca-Cola, Heineken und andere Marken. Kreative Experiential-Tools begeistern Zielgruppen.","articlekey":"","footnotes":""},"categories":[29],"tags":[3429],"class_list":["post-17172","post","type-post","status-publish","format-standard","hentry","category-marketing","tag-jim-jim"],"acf":[],"yoast_head":"<!-- This site is optimized with the Yoast SEO plugin v27.5 - https:\/\/yoast.com\/product\/yoast-seo-wordpress\/ -->\n<title>Jim &amp; Jim vergr\u00f6ssert Experiential-Unit - Organisator<\/title>\n<meta name=\"description\" content=\"Jim &amp; Jim nutzen Live-Marketing bei Festivals f\u00fcr Coca-Cola, Heineken und andere Marken. Kreative Experiential-Tools begeistern Zielgruppen.\" \/>\n<meta name=\"robots\" content=\"index, follow, max-snippet:-1, max-image-preview:large, max-video-preview:-1\" \/>\n<link rel=\"canonical\" href=\"https:\/\/www.organisator.ch\/fr\/marketing\/2022-10-06\/jim-jim-vergroessert-experiential-unit\/\" \/>\n<meta property=\"og:locale\" content=\"fr_FR\" \/>\n<meta property=\"og:type\" content=\"article\" \/>\n<meta property=\"og:title\" content=\"Jim &amp; Jim vergr\u00f6ssert Experiential-Unit - Organisator\" \/>\n<meta property=\"og:description\" content=\"Jim &amp; Jim nutzen Live-Marketing bei Festivals f\u00fcr Coca-Cola, Heineken und andere Marken. Kreative Experiential-Tools begeistern Zielgruppen.\" \/>\n<meta property=\"og:url\" content=\"https:\/\/www.organisator.ch\/fr\/marketing\/2022-10-06\/jim-jim-vergroessert-experiential-unit\/\" \/>\n<meta property=\"og:site_name\" content=\"Organisator\" \/>\n<meta property=\"article:publisher\" content=\"https:\/\/www.facebook.com\/OrganisatorFachmagazin\" \/>\n<meta property=\"article:published_time\" content=\"2022-10-06T11:50:34+00:00\" \/>\n<meta property=\"article:modified_time\" content=\"2024-11-21T06:31:43+00:00\" \/>\n<meta name=\"author\" content=\"galledia\" \/>\n<meta name=\"twitter:card\" content=\"summary_large_image\" \/>\n<meta name=\"twitter:creator\" content=\"@admin\" \/>\n<script type=\"application\/ld+json\" class=\"yoast-schema-graph\">{\"@context\":\"https:\\\/\\\/schema.org\",\"@graph\":[{\"@type\":\"Article\",\"@id\":\"https:\\\/\\\/www.organisator.ch\\\/marketing\\\/2022-10-06\\\/jim-jim-vergroessert-experiential-unit\\\/#article\",\"isPartOf\":{\"@id\":\"https:\\\/\\\/www.organisator.ch\\\/marketing\\\/2022-10-06\\\/jim-jim-vergroessert-experiential-unit\\\/\"},\"author\":{\"name\":\"galledia\",\"@id\":\"https:\\\/\\\/www.organisator.ch\\\/#\\\/schema\\\/person\\\/4e51799071cd2dd1232ac003643ef5f0\"},\"headline\":\"Jim &amp; Jim vergr\u00f6ssert Experiential-Unit\",\"datePublished\":\"2022-10-06T11:50:34+00:00\",\"dateModified\":\"2024-11-21T06:31:43+00:00\",\"mainEntityOfPage\":{\"@id\":\"https:\\\/\\\/www.organisator.ch\\\/marketing\\\/2022-10-06\\\/jim-jim-vergroessert-experiential-unit\\\/\"},\"wordCount\":442,\"publisher\":{\"@id\":\"https:\\\/\\\/www.organisator.ch\\\/#organization\"},\"image\":{\"@id\":\"https:\\\/\\\/www.organisator.ch\\\/marketing\\\/2022-10-06\\\/jim-jim-vergroessert-experiential-unit\\\/#primaryimage\"},\"thumbnailUrl\":\"https:\\\/\\\/www.werbewoche.ch\\\/wp-content\\\/uploads\\\/2022\\\/10\\\/jimjim-coke.jpg\",\"keywords\":[\"Jim &amp; Jim\"],\"articleSection\":[\"MARKETING\"],\"inLanguage\":\"fr-FR\"},{\"@type\":\"WebPage\",\"@id\":\"https:\\\/\\\/www.organisator.ch\\\/marketing\\\/2022-10-06\\\/jim-jim-vergroessert-experiential-unit\\\/\",\"url\":\"https:\\\/\\\/www.organisator.ch\\\/marketing\\\/2022-10-06\\\/jim-jim-vergroessert-experiential-unit\\\/\",\"name\":\"Jim &amp; Jim vergr\u00f6ssert Experiential-Unit - Organisator\",\"isPartOf\":{\"@id\":\"https:\\\/\\\/www.organisator.ch\\\/#website\"},\"primaryImageOfPage\":{\"@id\":\"https:\\\/\\\/www.organisator.ch\\\/marketing\\\/2022-10-06\\\/jim-jim-vergroessert-experiential-unit\\\/#primaryimage\"},\"image\":{\"@id\":\"https:\\\/\\\/www.organisator.ch\\\/marketing\\\/2022-10-06\\\/jim-jim-vergroessert-experiential-unit\\\/#primaryimage\"},\"thumbnailUrl\":\"https:\\\/\\\/www.werbewoche.ch\\\/wp-content\\\/uploads\\\/2022\\\/10\\\/jimjim-coke.jpg\",\"datePublished\":\"2022-10-06T11:50:34+00:00\",\"dateModified\":\"2024-11-21T06:31:43+00:00\",\"description\":\"Jim & Jim nutzen Live-Marketing bei Festivals f\u00fcr Coca-Cola, Heineken und andere Marken. Kreative Experiential-Tools begeistern Zielgruppen.\",\"breadcrumb\":{\"@id\":\"https:\\\/\\\/www.organisator.ch\\\/marketing\\\/2022-10-06\\\/jim-jim-vergroessert-experiential-unit\\\/#breadcrumb\"},\"inLanguage\":\"fr-FR\",\"potentialAction\":[{\"@type\":\"ReadAction\",\"target\":[\"https:\\\/\\\/www.organisator.ch\\\/marketing\\\/2022-10-06\\\/jim-jim-vergroessert-experiential-unit\\\/\"]}]},{\"@type\":\"ImageObject\",\"inLanguage\":\"fr-FR\",\"@id\":\"https:\\\/\\\/www.organisator.ch\\\/marketing\\\/2022-10-06\\\/jim-jim-vergroessert-experiential-unit\\\/#primaryimage\",\"url\":\"https:\\\/\\\/www.werbewoche.ch\\\/wp-content\\\/uploads\\\/2022\\\/10\\\/jimjim-coke.jpg\",\"contentUrl\":\"https:\\\/\\\/www.werbewoche.ch\\\/wp-content\\\/uploads\\\/2022\\\/10\\\/jimjim-coke.jpg\"},{\"@type\":\"BreadcrumbList\",\"@id\":\"https:\\\/\\\/www.organisator.ch\\\/marketing\\\/2022-10-06\\\/jim-jim-vergroessert-experiential-unit\\\/#breadcrumb\",\"itemListElement\":[{\"@type\":\"ListItem\",\"position\":1,\"name\":\"Home\",\"item\":\"https:\\\/\\\/www.organisator.ch\\\/\"},{\"@type\":\"ListItem\",\"position\":2,\"name\":\"Jim &amp; Jim vergr\u00f6ssert Experiential-Unit\"}]},{\"@type\":\"WebSite\",\"@id\":\"https:\\\/\\\/www.organisator.ch\\\/#website\",\"url\":\"https:\\\/\\\/www.organisator.ch\\\/\",\"name\":\"Organisator\",\"description\":\"Kompetent. Praxisnah. Der ORGANISATOR bereitet in 10 Ausgaben pro Jahr die wesentlichen Themen f\u00fcr F\u00fchrungskr\u00e4fte von KMU auf.\",\"publisher\":{\"@id\":\"https:\\\/\\\/www.organisator.ch\\\/#organization\"},\"potentialAction\":[{\"@type\":\"SearchAction\",\"target\":{\"@type\":\"EntryPoint\",\"urlTemplate\":\"https:\\\/\\\/www.organisator.ch\\\/?s={search_term_string}\"},\"query-input\":{\"@type\":\"PropertyValueSpecification\",\"valueRequired\":true,\"valueName\":\"search_term_string\"}}],\"inLanguage\":\"fr-FR\"},{\"@type\":\"Organization\",\"@id\":\"https:\\\/\\\/www.organisator.ch\\\/#organization\",\"name\":\"Organisator\",\"url\":\"https:\\\/\\\/www.organisator.ch\\\/\",\"logo\":{\"@type\":\"ImageObject\",\"inLanguage\":\"fr-FR\",\"@id\":\"https:\\\/\\\/www.organisator.ch\\\/#\\\/schema\\\/logo\\\/image\\\/\",\"url\":\"https:\\\/\\\/www.organisator.ch\\\/wp-content\\\/uploads\\\/2022\\\/01\\\/Logo_Organisator_Website.png\",\"contentUrl\":\"https:\\\/\\\/www.organisator.ch\\\/wp-content\\\/uploads\\\/2022\\\/01\\\/Logo_Organisator_Website.png\",\"width\":800,\"height\":77,\"caption\":\"Organisator\"},\"image\":{\"@id\":\"https:\\\/\\\/www.organisator.ch\\\/#\\\/schema\\\/logo\\\/image\\\/\"},\"sameAs\":[\"https:\\\/\\\/www.facebook.com\\\/OrganisatorFachmagazin\",\"https:\\\/\\\/www.linkedin.com\\\/showcase\\\/organisator-das-magazin-fr-kmu\",\"https:\\\/\\\/www.xing.com\\\/news\\\/pages\\\/organisator-ch-695\",\"https:\\\/\\\/www.youtube.com\\\/channel\\\/UCGP2Sq0iWaZwT3BdIAQFYpw\"]},{\"@type\":\"Person\",\"@id\":\"https:\\\/\\\/www.organisator.ch\\\/#\\\/schema\\\/person\\\/4e51799071cd2dd1232ac003643ef5f0\",\"name\":\"galledia\",\"image\":{\"@type\":\"ImageObject\",\"inLanguage\":\"fr-FR\",\"@id\":\"https:\\\/\\\/secure.gravatar.com\\\/avatar\\\/78a7f90c01fc2bfc875782a0d4922b37cde2cf184ce347b91316d23cd7f69a36?s=96&d=mm&r=g\",\"url\":\"https:\\\/\\\/secure.gravatar.com\\\/avatar\\\/78a7f90c01fc2bfc875782a0d4922b37cde2cf184ce347b91316d23cd7f69a36?s=96&d=mm&r=g\",\"contentUrl\":\"https:\\\/\\\/secure.gravatar.com\\\/avatar\\\/78a7f90c01fc2bfc875782a0d4922b37cde2cf184ce347b91316d23cd7f69a36?s=96&d=mm&r=g\",\"caption\":\"galledia\"},\"sameAs\":[\"https:\\\/\\\/x.com\\\/admin\"],\"url\":\"https:\\\/\\\/www.organisator.ch\\\/fr\\\/author\\\/galledia\\\/\"}]}<\/script>\n<!-- \/ Yoast SEO plugin. -->","yoast_head_json":{"title":"Jim &amp; Jim agrandit son unit\u00e9 d'exp\u00e9rience - Organisateur","description":"Jim &amp; Jim utilisent le live marketing lors de festivals pour Coca-Cola, Heineken et d'autres marques. Des outils cr\u00e9atifs d'exp\u00e9rimentation enthousiasment les groupes cibles.","robots":{"index":"index","follow":"follow","max-snippet":"max-snippet:-1","max-image-preview":"max-image-preview:large","max-video-preview":"max-video-preview:-1"},"canonical":"https:\/\/www.organisator.ch\/fr\/marketing\/2022-10-06\/jim-jim-vergroessert-experiential-unit\/","og_locale":"fr_FR","og_type":"article","og_title":"Jim &amp; Jim vergr\u00f6ssert Experiential-Unit - Organisator","og_description":"Jim & Jim nutzen Live-Marketing bei Festivals f\u00fcr Coca-Cola, Heineken und andere Marken. Kreative Experiential-Tools begeistern Zielgruppen.","og_url":"https:\/\/www.organisator.ch\/fr\/marketing\/2022-10-06\/jim-jim-vergroessert-experiential-unit\/","og_site_name":"Organisator","article_publisher":"https:\/\/www.facebook.com\/OrganisatorFachmagazin","article_published_time":"2022-10-06T11:50:34+00:00","article_modified_time":"2024-11-21T06:31:43+00:00","author":"galledia","twitter_card":"summary_large_image","twitter_creator":"@admin","schema":{"@context":"https:\/\/schema.org","@graph":[{"@type":"Article","@id":"https:\/\/www.organisator.ch\/marketing\/2022-10-06\/jim-jim-vergroessert-experiential-unit\/#article","isPartOf":{"@id":"https:\/\/www.organisator.ch\/marketing\/2022-10-06\/jim-jim-vergroessert-experiential-unit\/"},"author":{"name":"galledia","@id":"https:\/\/www.organisator.ch\/#\/schema\/person\/4e51799071cd2dd1232ac003643ef5f0"},"headline":"Jim &amp; Jim vergr\u00f6ssert Experiential-Unit","datePublished":"2022-10-06T11:50:34+00:00","dateModified":"2024-11-21T06:31:43+00:00","mainEntityOfPage":{"@id":"https:\/\/www.organisator.ch\/marketing\/2022-10-06\/jim-jim-vergroessert-experiential-unit\/"},"wordCount":442,"publisher":{"@id":"https:\/\/www.organisator.ch\/#organization"},"image":{"@id":"https:\/\/www.organisator.ch\/marketing\/2022-10-06\/jim-jim-vergroessert-experiential-unit\/#primaryimage"},"thumbnailUrl":"https:\/\/www.werbewoche.ch\/wp-content\/uploads\/2022\/10\/jimjim-coke.jpg","keywords":["Jim &amp; Jim"],"articleSection":["MARKETING"],"inLanguage":"fr-FR"},{"@type":"WebPage","@id":"https:\/\/www.organisator.ch\/marketing\/2022-10-06\/jim-jim-vergroessert-experiential-unit\/","url":"https:\/\/www.organisator.ch\/marketing\/2022-10-06\/jim-jim-vergroessert-experiential-unit\/","name":"Jim &amp; Jim agrandit son unit\u00e9 d'exp\u00e9rience - Organisateur","isPartOf":{"@id":"https:\/\/www.organisator.ch\/#website"},"primaryImageOfPage":{"@id":"https:\/\/www.organisator.ch\/marketing\/2022-10-06\/jim-jim-vergroessert-experiential-unit\/#primaryimage"},"image":{"@id":"https:\/\/www.organisator.ch\/marketing\/2022-10-06\/jim-jim-vergroessert-experiential-unit\/#primaryimage"},"thumbnailUrl":"https:\/\/www.werbewoche.ch\/wp-content\/uploads\/2022\/10\/jimjim-coke.jpg","datePublished":"2022-10-06T11:50:34+00:00","dateModified":"2024-11-21T06:31:43+00:00","description":"Jim &amp; Jim utilisent le live marketing lors de festivals pour Coca-Cola, Heineken et d'autres marques. Des outils cr\u00e9atifs d'exp\u00e9rimentation enthousiasment les groupes cibles.","breadcrumb":{"@id":"https:\/\/www.organisator.ch\/marketing\/2022-10-06\/jim-jim-vergroessert-experiential-unit\/#breadcrumb"},"inLanguage":"fr-FR","potentialAction":[{"@type":"ReadAction","target":["https:\/\/www.organisator.ch\/marketing\/2022-10-06\/jim-jim-vergroessert-experiential-unit\/"]}]},{"@type":"ImageObject","inLanguage":"fr-FR","@id":"https:\/\/www.organisator.ch\/marketing\/2022-10-06\/jim-jim-vergroessert-experiential-unit\/#primaryimage","url":"https:\/\/www.werbewoche.ch\/wp-content\/uploads\/2022\/10\/jimjim-coke.jpg","contentUrl":"https:\/\/www.werbewoche.ch\/wp-content\/uploads\/2022\/10\/jimjim-coke.jpg"},{"@type":"BreadcrumbList","@id":"https:\/\/www.organisator.ch\/marketing\/2022-10-06\/jim-jim-vergroessert-experiential-unit\/#breadcrumb","itemListElement":[{"@type":"ListItem","position":1,"name":"Home","item":"https:\/\/www.organisator.ch\/"},{"@type":"ListItem","position":2,"name":"Jim &amp; Jim vergr\u00f6ssert Experiential-Unit"}]},{"@type":"WebSite","@id":"https:\/\/www.organisator.ch\/#website","url":"https:\/\/www.organisator.ch\/","name":"Organisateur","description":"Comp\u00e9tence et comp\u00e9tence. Proches de la pratique. L'ORGANISATEUR pr\u00e9pare 10 num\u00e9ros par an sur les th\u00e8mes essentiels pour les dirigeants de PME.","publisher":{"@id":"https:\/\/www.organisator.ch\/#organization"},"potentialAction":[{"@type":"SearchAction","target":{"@type":"EntryPoint","urlTemplate":"https:\/\/www.organisator.ch\/?s={search_term_string}"},"query-input":{"@type":"PropertyValueSpecification","valueRequired":true,"valueName":"search_term_string"}}],"inLanguage":"fr-FR"},{"@type":"Organization","@id":"https:\/\/www.organisator.ch\/#organization","name":"Organisateur","url":"https:\/\/www.organisator.ch\/","logo":{"@type":"ImageObject","inLanguage":"fr-FR","@id":"https:\/\/www.organisator.ch\/#\/schema\/logo\/image\/","url":"https:\/\/www.organisator.ch\/wp-content\/uploads\/2022\/01\/Logo_Organisator_Website.png","contentUrl":"https:\/\/www.organisator.ch\/wp-content\/uploads\/2022\/01\/Logo_Organisator_Website.png","width":800,"height":77,"caption":"Organisator"},"image":{"@id":"https:\/\/www.organisator.ch\/#\/schema\/logo\/image\/"},"sameAs":["https:\/\/www.facebook.com\/OrganisatorFachmagazin","https:\/\/www.linkedin.com\/showcase\/organisator-das-magazin-fr-kmu","https:\/\/www.xing.com\/news\/pages\/organisator-ch-695","https:\/\/www.youtube.com\/channel\/UCGP2Sq0iWaZwT3BdIAQFYpw"]},{"@type":"Person","@id":"https:\/\/www.organisator.ch\/#\/schema\/person\/4e51799071cd2dd1232ac003643ef5f0","name":"galledia","image":{"@type":"ImageObject","inLanguage":"fr-FR","@id":"https:\/\/secure.gravatar.com\/avatar\/78a7f90c01fc2bfc875782a0d4922b37cde2cf184ce347b91316d23cd7f69a36?s=96&d=mm&r=g","url":"https:\/\/secure.gravatar.com\/avatar\/78a7f90c01fc2bfc875782a0d4922b37cde2cf184ce347b91316d23cd7f69a36?s=96&d=mm&r=g","contentUrl":"https:\/\/secure.gravatar.com\/avatar\/78a7f90c01fc2bfc875782a0d4922b37cde2cf184ce347b91316d23cd7f69a36?s=96&d=mm&r=g","caption":"galledia"},"sameAs":["https:\/\/x.com\/admin"],"url":"https:\/\/www.organisator.ch\/fr\/author\/galledia\/"}]}},"_links":{"self":[{"href":"https:\/\/www.organisator.ch\/fr\/wp-json\/wp\/v2\/posts\/17172","targetHints":{"allow":["GET"]}}],"collection":[{"href":"https:\/\/www.organisator.ch\/fr\/wp-json\/wp\/v2\/posts"}],"about":[{"href":"https:\/\/www.organisator.ch\/fr\/wp-json\/wp\/v2\/types\/post"}],"author":[{"embeddable":true,"href":"https:\/\/www.organisator.ch\/fr\/wp-json\/wp\/v2\/users\/8"}],"replies":[{"embeddable":true,"href":"https:\/\/www.organisator.ch\/fr\/wp-json\/wp\/v2\/comments?post=17172"}],"version-history":[{"count":2,"href":"https:\/\/www.organisator.ch\/fr\/wp-json\/wp\/v2\/posts\/17172\/revisions"}],"predecessor-version":[{"id":33735,"href":"https:\/\/www.organisator.ch\/fr\/wp-json\/wp\/v2\/posts\/17172\/revisions\/33735"}],"wp:attachment":[{"href":"https:\/\/www.organisator.ch\/fr\/wp-json\/wp\/v2\/media?parent=17172"}],"wp:term":[{"taxonomy":"category","embeddable":true,"href":"https:\/\/www.organisator.ch\/fr\/wp-json\/wp\/v2\/categories?post=17172"},{"taxonomy":"post_tag","embeddable":true,"href":"https:\/\/www.organisator.ch\/fr\/wp-json\/wp\/v2\/tags?post=17172"}],"curies":[{"name":"wp","href":"https:\/\/api.w.org\/{rel}","templated":true}]}}