{"id":1721,"date":"2018-06-13T15:57:04","date_gmt":"2018-06-13T13:57:04","guid":{"rendered":"https:\/\/www.umweltperspektiven.ch\/?p=1721"},"modified":"2022-02-09T11:06:19","modified_gmt":"2022-02-09T10:06:19","slug":"leise-windenergie-neue-technik-aus-der-tierwelt-uebernommen","status":"publish","type":"post","link":"https:\/\/www.organisator.ch\/fr\/sustainability\/2018-06-13\/leise-windenergie-neue-technik-aus-der-tierwelt-uebernommen\/","title":{"rendered":"L'\u00e9nergie \u00e9olienne silencieuse : une nouvelle technique emprunt\u00e9e au monde animal"},"content":{"rendered":"<figure id=\"attachment_1722\" aria-describedby=\"caption-attachment-1722\" style=\"width: 680px\" class=\"wp-caption alignnone\"><img loading=\"lazy\" decoding=\"async\" class=\"size-medium wp-image-1722\" src=\"\/\/www.umweltperspektiven.ch\/wp-content\/uploads\/2018\/06\/Windenergie-neue-Technik-aus-der-Tierwelt-\u00fcbernommen-UP-umweltperspektiven.jpg\" alt=\"\" width=\"680\" height=\"494\" \/><figcaption id=\"caption-attachment-1722\" class=\"wp-caption-text\">Inspir\u00e9es des ailes des oiseaux, les pales des \u00e9oliennes sont d\u00e9sormais \"plum\u00e9es\", c'est-\u00e0-dire pourvues de cr\u00eates. (Image : CC0 Creative Commons)<\/figcaption><\/figure>\n<p>L'\u00e9nergie \u00e9olienne silencieuse a toujours \u00e9t\u00e9 un sujet politique. Jusqu'\u00e0 pr\u00e9sent, le secteur de l'\u00e9nergie \u00e9olienne a toujours rencontr\u00e9 des obstacles techniques dans son d\u00e9veloppement. Lorsque le vent \"s'arrache\" au bord de fuite des pales des \u00e9oliennes, il en r\u00e9sultait des turbulences de vent qui, malgr\u00e9 le respect de l'ordonnance sur la protection contre le bruit, provoquaient des bruits g\u00eanants lorsque les vents \u00e9taient plus forts.<\/p>\n<p>Les fabricants ont reconnu ce probl\u00e8me depuis un certain temps d\u00e9j\u00e0 et ont men\u00e9 des recherches \u00e0 diff\u00e9rents niveaux pour y rem\u00e9dier. Il en est r\u00e9sult\u00e9, entre autres, une sorte de \"plumage\", c'est-\u00e0-dire des peignes, qui ont \u00e9t\u00e9 copi\u00e9s sur les ailes des oiseaux. <strong>\u00a0<\/strong>\"La diminution des bruits est en moyenne de 3 d\u00e9cibels. Pour une route, cela serait comparable \u00e0 une r\u00e9duction de moiti\u00e9 du trafic routier\", explique Xavier Falourd, acousticien chez Prona SA, qui a effectu\u00e9 les mesures.<\/p>\n<p><strong>Comme une r\u00e9duction de moiti\u00e9 du trafic<br \/>\n<\/strong>Des mesures effectu\u00e9es sur les deux installations de Saint-Brais dans le Jura bernois avant et apr\u00e8s la mise \u00e0 niveau en juillet 2017 ont montr\u00e9 qu'une am\u00e9lioration significative est \u00e9galement obtenue avec une mise \u00e0 niveau :<\/p>\n<p>\"Les mesures de bruit effectu\u00e9es avant et apr\u00e8s la mise en place des peignes ont montr\u00e9 une diminution de 2 \u00e0 4 d\u00e9cibels\", explique Xavier Falourd. \"Cela repr\u00e9sente en moyenne 3 d\u00e9cibels pour un vent de plus de six m\u00e8tres par seconde \u00e0 la hauteur de la nacelle\", poursuit le sp\u00e9cialiste de l'acoustique. Lorsque le vent est moins fort, les \u00e9oliennes sont \u00e0 peine audibles.<\/p>\n<p>Mais m\u00eame en cas de vents forts, il est toujours possible de tenir une conversation sous les installations sur un ton de conversation normal.<\/p>\n<p><strong>Scientifiquement prouv\u00e9<br \/>\n<\/strong>D\u00e8s leur mise en service en 2009, les \u00e9oliennes de Saint-Brais r\u00e9pondaient aux exigences strictes de l'ordonnance sur la protection contre le bruit. En raison de leur situation topographique particuli\u00e8re, elles \u00e9taient n\u00e9anmoins audibles dans le village en cas de vents forts. Par respect pour la population, le propri\u00e9taire, la soci\u00e9t\u00e9 de participation citoyenne ADEV Windkraft AG, a toutefois r\u00e9duit la puissance des installations la nuit.<\/p>\n<p>\"Nous sommes tr\u00e8s heureux d'avoir enfin trouv\u00e9 une solution pour toutes les parties concern\u00e9es et que la nette am\u00e9lioration ait pu \u00eatre d\u00e9montr\u00e9e par les mesures scientifiques de Prona SA !\", explique Andreas Appenzeller, pr\u00e9sident de la direction d'ADEV Windkraft AG. Les \u00e9oliennes peuvent d\u00e9sormais produire de l'\u00e9lectricit\u00e9 24 heures sur 24 sans aucune restriction et sont d\u00e9sormais encore plus silencieuses, notamment en cas de vents forts.<\/p>\n<p><em>Pour en savoir plus sur l'Association pour la promotion de l'\u00e9nergie \u00e9olienne et ses projets, consultez le site <\/em><a href=\"\/\/www.suisse-eole.ch\"><em>http:\/\/www.suisse-eole.ch<\/em><\/a><\/p>\n<p>&nbsp;<\/p>\n<figure id=\"attachment_1725\" aria-describedby=\"caption-attachment-1725\" style=\"width: 680px\" class=\"wp-caption alignnone\"><img loading=\"lazy\" decoding=\"async\" class=\"size-medium wp-image-1725\" src=\"\/\/www.umweltperspektiven.ch\/wp-content\/uploads\/2018\/06\/Mont_Crosin_Copyright_Reto-Rigassi.jpg\" alt=\"\" width=\"680\" height=\"453\" \/><figcaption id=\"caption-attachment-1725\" class=\"wp-caption-text\">Sur la photo, une pale d'une des nouvelles \u00e9oliennes du Mont Juvent. Les installations plus anciennes peuvent \u00eatre \u00e9quip\u00e9es de tels peignes. (Photo : Reto Rigassi)<\/figcaption><\/figure>\n<p>&nbsp;<\/p>\n<p>&nbsp;<\/p>\n<p><strong><br \/>\n<\/strong><\/p>\n<p>&nbsp;<\/p>\n<p>&nbsp;<\/p>\n<p>&nbsp;<\/p>","protected":false},"excerpt":{"rendered":"<p>Leise Windenergie war immer ein Politikum. Bisher gab es im Windenergie-Bereich immer wieder technische Hindernisse in der Entwicklung. Wenn der Wind an der Hinterkante der Fl\u00fcgel von Windenergieanlagen \u201eabreisst\u201c, entstanden Windturbulenzen, die trotz Einhaltung der L\u00e4rmschutzverordnung bei st\u00e4rkeren Winden st\u00f6rende Ger\u00e4usche verursachen. Hersteller haben dieses Problem schon vor einiger Zeit erkannt und forschten auf verschiedenen [&hellip;]<\/p>\n","protected":false},"author":5,"featured_media":1722,"comment_status":"open","ping_status":"open","sticky":false,"template":"","format":"standard","meta":{"_acf_changed":false,"_yoast_wpseo_focuskw":"Windenergie","_yoast_wpseo_metadesc":"Und pl\u00f6tzlich spricht man von leiser Windenergie: Dabei bezieht man sich auf die Tier-, genauer gesagt auf die Vogelwelt.","articlekey":"","footnotes":""},"categories":[580],"tags":[691,1417,2569],"class_list":["post-1721","post","type-post","status-publish","format-standard","has-post-thumbnail","hentry","category-sustainability","tag-akustik","tag-innovationsforschung","tag-windenergie"],"acf":[],"yoast_head":"<!-- This site is optimized with the Yoast SEO plugin v27.5 - https:\/\/yoast.com\/product\/yoast-seo-wordpress\/ -->\n<title>Leise Windenergie: neue Technik aus der Tierwelt \u00fcbernommen - Organisator<\/title>\n<meta name=\"description\" content=\"Und pl\u00f6tzlich spricht man von leiser Windenergie: Dabei bezieht man sich auf die Tier-, genauer gesagt auf die Vogelwelt.\" \/>\n<meta name=\"robots\" content=\"index, follow, max-snippet:-1, max-image-preview:large, max-video-preview:-1\" \/>\n<link rel=\"canonical\" href=\"https:\/\/www.organisator.ch\/fr\/sustainability\/2018-06-13\/leise-windenergie-neue-technik-aus-der-tierwelt-uebernommen\/\" \/>\n<meta property=\"og:locale\" content=\"fr_FR\" \/>\n<meta property=\"og:type\" content=\"article\" \/>\n<meta property=\"og:title\" content=\"Leise Windenergie: neue Technik aus der Tierwelt \u00fcbernommen - Organisator\" \/>\n<meta property=\"og:description\" content=\"Und pl\u00f6tzlich spricht man von leiser Windenergie: Dabei bezieht man sich auf die Tier-, genauer gesagt auf die Vogelwelt.\" \/>\n<meta property=\"og:url\" content=\"https:\/\/www.organisator.ch\/fr\/sustainability\/2018-06-13\/leise-windenergie-neue-technik-aus-der-tierwelt-uebernommen\/\" \/>\n<meta property=\"og:site_name\" content=\"Organisator\" \/>\n<meta property=\"article:publisher\" content=\"https:\/\/www.facebook.com\/OrganisatorFachmagazin\" \/>\n<meta property=\"article:published_time\" content=\"2018-06-13T13:57:04+00:00\" \/>\n<meta property=\"article:modified_time\" content=\"2022-02-09T10:06:19+00:00\" \/>\n<meta property=\"og:image\" content=\"https:\/\/www.organisator.ch\/wp-content\/uploads\/2018\/06\/Windenergie-neue-Technik-aus-der-Tierwelt-uebernommen-UP-umweltperspektiven.jpg\" \/>\n\t<meta property=\"og:image:width\" content=\"1827\" \/>\n\t<meta property=\"og:image:height\" content=\"1328\" \/>\n\t<meta property=\"og:image:type\" content=\"image\/jpeg\" \/>\n<meta name=\"author\" content=\"michael.merz\" \/>\n<meta name=\"twitter:card\" content=\"summary_large_image\" \/>\n<script type=\"application\/ld+json\" class=\"yoast-schema-graph\">{\"@context\":\"https:\\\/\\\/schema.org\",\"@graph\":[{\"@type\":\"Article\",\"@id\":\"https:\\\/\\\/www.organisator.ch\\\/sustainability\\\/2018-06-13\\\/leise-windenergie-neue-technik-aus-der-tierwelt-uebernommen\\\/#article\",\"isPartOf\":{\"@id\":\"https:\\\/\\\/www.organisator.ch\\\/sustainability\\\/2018-06-13\\\/leise-windenergie-neue-technik-aus-der-tierwelt-uebernommen\\\/\"},\"author\":{\"name\":\"michael.merz\",\"@id\":\"https:\\\/\\\/www.organisator.ch\\\/#\\\/schema\\\/person\\\/134708ca9321c57b0362cceb7948ffbd\"},\"headline\":\"Leise Windenergie: neue Technik aus der Tierwelt \u00fcbernommen\",\"datePublished\":\"2018-06-13T13:57:04+00:00\",\"dateModified\":\"2022-02-09T10:06:19+00:00\",\"mainEntityOfPage\":{\"@id\":\"https:\\\/\\\/www.organisator.ch\\\/sustainability\\\/2018-06-13\\\/leise-windenergie-neue-technik-aus-der-tierwelt-uebernommen\\\/\"},\"wordCount\":466,\"commentCount\":0,\"publisher\":{\"@id\":\"https:\\\/\\\/www.organisator.ch\\\/#organization\"},\"image\":{\"@id\":\"https:\\\/\\\/www.organisator.ch\\\/sustainability\\\/2018-06-13\\\/leise-windenergie-neue-technik-aus-der-tierwelt-uebernommen\\\/#primaryimage\"},\"thumbnailUrl\":\"https:\\\/\\\/www.organisator.ch\\\/wp-content\\\/uploads\\\/2018\\\/06\\\/Windenergie-neue-Technik-aus-der-Tierwelt-uebernommen-UP-umweltperspektiven.jpg\",\"keywords\":[\"Akustik\",\"Innovationsforschung\",\"Windenergie\"],\"articleSection\":[\"SUSTAINABILITY\"],\"inLanguage\":\"fr-FR\"},{\"@type\":\"WebPage\",\"@id\":\"https:\\\/\\\/www.organisator.ch\\\/sustainability\\\/2018-06-13\\\/leise-windenergie-neue-technik-aus-der-tierwelt-uebernommen\\\/\",\"url\":\"https:\\\/\\\/www.organisator.ch\\\/sustainability\\\/2018-06-13\\\/leise-windenergie-neue-technik-aus-der-tierwelt-uebernommen\\\/\",\"name\":\"Leise Windenergie: neue Technik aus der Tierwelt \u00fcbernommen - Organisator\",\"isPartOf\":{\"@id\":\"https:\\\/\\\/www.organisator.ch\\\/#website\"},\"primaryImageOfPage\":{\"@id\":\"https:\\\/\\\/www.organisator.ch\\\/sustainability\\\/2018-06-13\\\/leise-windenergie-neue-technik-aus-der-tierwelt-uebernommen\\\/#primaryimage\"},\"image\":{\"@id\":\"https:\\\/\\\/www.organisator.ch\\\/sustainability\\\/2018-06-13\\\/leise-windenergie-neue-technik-aus-der-tierwelt-uebernommen\\\/#primaryimage\"},\"thumbnailUrl\":\"https:\\\/\\\/www.organisator.ch\\\/wp-content\\\/uploads\\\/2018\\\/06\\\/Windenergie-neue-Technik-aus-der-Tierwelt-uebernommen-UP-umweltperspektiven.jpg\",\"datePublished\":\"2018-06-13T13:57:04+00:00\",\"dateModified\":\"2022-02-09T10:06:19+00:00\",\"description\":\"Und pl\u00f6tzlich spricht man von leiser Windenergie: Dabei bezieht man sich auf die Tier-, genauer gesagt auf die Vogelwelt.\",\"breadcrumb\":{\"@id\":\"https:\\\/\\\/www.organisator.ch\\\/sustainability\\\/2018-06-13\\\/leise-windenergie-neue-technik-aus-der-tierwelt-uebernommen\\\/#breadcrumb\"},\"inLanguage\":\"fr-FR\",\"potentialAction\":[{\"@type\":\"ReadAction\",\"target\":[\"https:\\\/\\\/www.organisator.ch\\\/sustainability\\\/2018-06-13\\\/leise-windenergie-neue-technik-aus-der-tierwelt-uebernommen\\\/\"]}]},{\"@type\":\"ImageObject\",\"inLanguage\":\"fr-FR\",\"@id\":\"https:\\\/\\\/www.organisator.ch\\\/sustainability\\\/2018-06-13\\\/leise-windenergie-neue-technik-aus-der-tierwelt-uebernommen\\\/#primaryimage\",\"url\":\"https:\\\/\\\/www.organisator.ch\\\/wp-content\\\/uploads\\\/2018\\\/06\\\/Windenergie-neue-Technik-aus-der-Tierwelt-uebernommen-UP-umweltperspektiven.jpg\",\"contentUrl\":\"https:\\\/\\\/www.organisator.ch\\\/wp-content\\\/uploads\\\/2018\\\/06\\\/Windenergie-neue-Technik-aus-der-Tierwelt-uebernommen-UP-umweltperspektiven.jpg\",\"width\":1827,\"height\":1328,\"caption\":\"Den Fl\u00fcgel von V\u00f6geln abgeschaut sind die Fl\u00fcgel von Windenergieanlagen jetzt standardm\u00e4ssig \u201egefiedert, sprich mit K\u00e4mmen versehen. (Bild: CC0 Creative Commons)\"},{\"@type\":\"BreadcrumbList\",\"@id\":\"https:\\\/\\\/www.organisator.ch\\\/sustainability\\\/2018-06-13\\\/leise-windenergie-neue-technik-aus-der-tierwelt-uebernommen\\\/#breadcrumb\",\"itemListElement\":[{\"@type\":\"ListItem\",\"position\":1,\"name\":\"Home\",\"item\":\"https:\\\/\\\/www.organisator.ch\\\/\"},{\"@type\":\"ListItem\",\"position\":2,\"name\":\"Leise Windenergie: neue Technik aus der Tierwelt \u00fcbernommen\"}]},{\"@type\":\"WebSite\",\"@id\":\"https:\\\/\\\/www.organisator.ch\\\/#website\",\"url\":\"https:\\\/\\\/www.organisator.ch\\\/\",\"name\":\"Organisator\",\"description\":\"Kompetent. Praxisnah. Der ORGANISATOR bereitet in 10 Ausgaben pro Jahr die wesentlichen Themen f\u00fcr F\u00fchrungskr\u00e4fte von KMU auf.\",\"publisher\":{\"@id\":\"https:\\\/\\\/www.organisator.ch\\\/#organization\"},\"potentialAction\":[{\"@type\":\"SearchAction\",\"target\":{\"@type\":\"EntryPoint\",\"urlTemplate\":\"https:\\\/\\\/www.organisator.ch\\\/?s={search_term_string}\"},\"query-input\":{\"@type\":\"PropertyValueSpecification\",\"valueRequired\":true,\"valueName\":\"search_term_string\"}}],\"inLanguage\":\"fr-FR\"},{\"@type\":\"Organization\",\"@id\":\"https:\\\/\\\/www.organisator.ch\\\/#organization\",\"name\":\"Organisator\",\"url\":\"https:\\\/\\\/www.organisator.ch\\\/\",\"logo\":{\"@type\":\"ImageObject\",\"inLanguage\":\"fr-FR\",\"@id\":\"https:\\\/\\\/www.organisator.ch\\\/#\\\/schema\\\/logo\\\/image\\\/\",\"url\":\"https:\\\/\\\/www.organisator.ch\\\/wp-content\\\/uploads\\\/2022\\\/01\\\/Logo_Organisator_Website.png\",\"contentUrl\":\"https:\\\/\\\/www.organisator.ch\\\/wp-content\\\/uploads\\\/2022\\\/01\\\/Logo_Organisator_Website.png\",\"width\":800,\"height\":77,\"caption\":\"Organisator\"},\"image\":{\"@id\":\"https:\\\/\\\/www.organisator.ch\\\/#\\\/schema\\\/logo\\\/image\\\/\"},\"sameAs\":[\"https:\\\/\\\/www.facebook.com\\\/OrganisatorFachmagazin\",\"https:\\\/\\\/www.linkedin.com\\\/showcase\\\/organisator-das-magazin-fr-kmu\",\"https:\\\/\\\/www.xing.com\\\/news\\\/pages\\\/organisator-ch-695\",\"https:\\\/\\\/www.youtube.com\\\/channel\\\/UCGP2Sq0iWaZwT3BdIAQFYpw\"]},{\"@type\":\"Person\",\"@id\":\"https:\\\/\\\/www.organisator.ch\\\/#\\\/schema\\\/person\\\/134708ca9321c57b0362cceb7948ffbd\",\"name\":\"michael.merz\",\"image\":{\"@type\":\"ImageObject\",\"inLanguage\":\"fr-FR\",\"@id\":\"https:\\\/\\\/secure.gravatar.com\\\/avatar\\\/?s=96&d=mm&r=g\",\"url\":\"https:\\\/\\\/secure.gravatar.com\\\/avatar\\\/?s=96&d=mm&r=g\",\"contentUrl\":\"https:\\\/\\\/secure.gravatar.com\\\/avatar\\\/?s=96&d=mm&r=g\",\"caption\":\"michael.merz\"},\"url\":\"https:\\\/\\\/www.organisator.ch\\\/fr\\\/author\\\/michael-merz\\\/\"}]}<\/script>\n<!-- \/ Yoast SEO plugin. -->","yoast_head_json":{"title":"L'\u00e9nergie \u00e9olienne silencieuse : une nouvelle technique adopt\u00e9e par le monde animal - Organisateur","description":"Et soudain, on parle d'\u00e9nergie \u00e9olienne silencieuse : on se r\u00e9f\u00e8re alors \u00e0 la faune, et plus pr\u00e9cis\u00e9ment \u00e0 l'avifaune.","robots":{"index":"index","follow":"follow","max-snippet":"max-snippet:-1","max-image-preview":"max-image-preview:large","max-video-preview":"max-video-preview:-1"},"canonical":"https:\/\/www.organisator.ch\/fr\/sustainability\/2018-06-13\/leise-windenergie-neue-technik-aus-der-tierwelt-uebernommen\/","og_locale":"fr_FR","og_type":"article","og_title":"Leise Windenergie: neue Technik aus der Tierwelt \u00fcbernommen - Organisator","og_description":"Und pl\u00f6tzlich spricht man von leiser Windenergie: Dabei bezieht man sich auf die Tier-, genauer gesagt auf die Vogelwelt.","og_url":"https:\/\/www.organisator.ch\/fr\/sustainability\/2018-06-13\/leise-windenergie-neue-technik-aus-der-tierwelt-uebernommen\/","og_site_name":"Organisator","article_publisher":"https:\/\/www.facebook.com\/OrganisatorFachmagazin","article_published_time":"2018-06-13T13:57:04+00:00","article_modified_time":"2022-02-09T10:06:19+00:00","og_image":[{"width":1827,"height":1328,"url":"https:\/\/www.organisator.ch\/wp-content\/uploads\/2018\/06\/Windenergie-neue-Technik-aus-der-Tierwelt-uebernommen-UP-umweltperspektiven.jpg","type":"image\/jpeg"}],"author":"michael.merz","twitter_card":"summary_large_image","schema":{"@context":"https:\/\/schema.org","@graph":[{"@type":"Article","@id":"https:\/\/www.organisator.ch\/sustainability\/2018-06-13\/leise-windenergie-neue-technik-aus-der-tierwelt-uebernommen\/#article","isPartOf":{"@id":"https:\/\/www.organisator.ch\/sustainability\/2018-06-13\/leise-windenergie-neue-technik-aus-der-tierwelt-uebernommen\/"},"author":{"name":"michael.merz","@id":"https:\/\/www.organisator.ch\/#\/schema\/person\/134708ca9321c57b0362cceb7948ffbd"},"headline":"Leise Windenergie: neue Technik aus der Tierwelt \u00fcbernommen","datePublished":"2018-06-13T13:57:04+00:00","dateModified":"2022-02-09T10:06:19+00:00","mainEntityOfPage":{"@id":"https:\/\/www.organisator.ch\/sustainability\/2018-06-13\/leise-windenergie-neue-technik-aus-der-tierwelt-uebernommen\/"},"wordCount":466,"commentCount":0,"publisher":{"@id":"https:\/\/www.organisator.ch\/#organization"},"image":{"@id":"https:\/\/www.organisator.ch\/sustainability\/2018-06-13\/leise-windenergie-neue-technik-aus-der-tierwelt-uebernommen\/#primaryimage"},"thumbnailUrl":"https:\/\/www.organisator.ch\/wp-content\/uploads\/2018\/06\/Windenergie-neue-Technik-aus-der-Tierwelt-uebernommen-UP-umweltperspektiven.jpg","keywords":["Akustik","Innovationsforschung","Windenergie"],"articleSection":["SUSTAINABILITY"],"inLanguage":"fr-FR"},{"@type":"WebPage","@id":"https:\/\/www.organisator.ch\/sustainability\/2018-06-13\/leise-windenergie-neue-technik-aus-der-tierwelt-uebernommen\/","url":"https:\/\/www.organisator.ch\/sustainability\/2018-06-13\/leise-windenergie-neue-technik-aus-der-tierwelt-uebernommen\/","name":"L'\u00e9nergie \u00e9olienne silencieuse : une nouvelle technique adopt\u00e9e par le monde animal - Organisateur","isPartOf":{"@id":"https:\/\/www.organisator.ch\/#website"},"primaryImageOfPage":{"@id":"https:\/\/www.organisator.ch\/sustainability\/2018-06-13\/leise-windenergie-neue-technik-aus-der-tierwelt-uebernommen\/#primaryimage"},"image":{"@id":"https:\/\/www.organisator.ch\/sustainability\/2018-06-13\/leise-windenergie-neue-technik-aus-der-tierwelt-uebernommen\/#primaryimage"},"thumbnailUrl":"https:\/\/www.organisator.ch\/wp-content\/uploads\/2018\/06\/Windenergie-neue-Technik-aus-der-Tierwelt-uebernommen-UP-umweltperspektiven.jpg","datePublished":"2018-06-13T13:57:04+00:00","dateModified":"2022-02-09T10:06:19+00:00","description":"Et soudain, on parle d'\u00e9nergie \u00e9olienne silencieuse : on se r\u00e9f\u00e8re alors \u00e0 la faune, et plus pr\u00e9cis\u00e9ment \u00e0 l'avifaune.","breadcrumb":{"@id":"https:\/\/www.organisator.ch\/sustainability\/2018-06-13\/leise-windenergie-neue-technik-aus-der-tierwelt-uebernommen\/#breadcrumb"},"inLanguage":"fr-FR","potentialAction":[{"@type":"ReadAction","target":["https:\/\/www.organisator.ch\/sustainability\/2018-06-13\/leise-windenergie-neue-technik-aus-der-tierwelt-uebernommen\/"]}]},{"@type":"ImageObject","inLanguage":"fr-FR","@id":"https:\/\/www.organisator.ch\/sustainability\/2018-06-13\/leise-windenergie-neue-technik-aus-der-tierwelt-uebernommen\/#primaryimage","url":"https:\/\/www.organisator.ch\/wp-content\/uploads\/2018\/06\/Windenergie-neue-Technik-aus-der-Tierwelt-uebernommen-UP-umweltperspektiven.jpg","contentUrl":"https:\/\/www.organisator.ch\/wp-content\/uploads\/2018\/06\/Windenergie-neue-Technik-aus-der-Tierwelt-uebernommen-UP-umweltperspektiven.jpg","width":1827,"height":1328,"caption":"Den Fl\u00fcgel von V\u00f6geln abgeschaut sind die Fl\u00fcgel von Windenergieanlagen jetzt standardm\u00e4ssig \u201egefiedert, sprich mit K\u00e4mmen versehen. (Bild: CC0 Creative Commons)"},{"@type":"BreadcrumbList","@id":"https:\/\/www.organisator.ch\/sustainability\/2018-06-13\/leise-windenergie-neue-technik-aus-der-tierwelt-uebernommen\/#breadcrumb","itemListElement":[{"@type":"ListItem","position":1,"name":"Home","item":"https:\/\/www.organisator.ch\/"},{"@type":"ListItem","position":2,"name":"Leise Windenergie: neue Technik aus der Tierwelt \u00fcbernommen"}]},{"@type":"WebSite","@id":"https:\/\/www.organisator.ch\/#website","url":"https:\/\/www.organisator.ch\/","name":"Organisateur","description":"Comp\u00e9tence et comp\u00e9tence. Proches de la pratique. L'ORGANISATEUR pr\u00e9pare 10 num\u00e9ros par an sur les th\u00e8mes essentiels pour les dirigeants de PME.","publisher":{"@id":"https:\/\/www.organisator.ch\/#organization"},"potentialAction":[{"@type":"SearchAction","target":{"@type":"EntryPoint","urlTemplate":"https:\/\/www.organisator.ch\/?s={search_term_string}"},"query-input":{"@type":"PropertyValueSpecification","valueRequired":true,"valueName":"search_term_string"}}],"inLanguage":"fr-FR"},{"@type":"Organization","@id":"https:\/\/www.organisator.ch\/#organization","name":"Organisateur","url":"https:\/\/www.organisator.ch\/","logo":{"@type":"ImageObject","inLanguage":"fr-FR","@id":"https:\/\/www.organisator.ch\/#\/schema\/logo\/image\/","url":"https:\/\/www.organisator.ch\/wp-content\/uploads\/2022\/01\/Logo_Organisator_Website.png","contentUrl":"https:\/\/www.organisator.ch\/wp-content\/uploads\/2022\/01\/Logo_Organisator_Website.png","width":800,"height":77,"caption":"Organisator"},"image":{"@id":"https:\/\/www.organisator.ch\/#\/schema\/logo\/image\/"},"sameAs":["https:\/\/www.facebook.com\/OrganisatorFachmagazin","https:\/\/www.linkedin.com\/showcase\/organisator-das-magazin-fr-kmu","https:\/\/www.xing.com\/news\/pages\/organisator-ch-695","https:\/\/www.youtube.com\/channel\/UCGP2Sq0iWaZwT3BdIAQFYpw"]},{"@type":"Person","@id":"https:\/\/www.organisator.ch\/#\/schema\/person\/134708ca9321c57b0362cceb7948ffbd","name":"michael.merz","image":{"@type":"ImageObject","inLanguage":"fr-FR","@id":"https:\/\/secure.gravatar.com\/avatar\/?s=96&d=mm&r=g","url":"https:\/\/secure.gravatar.com\/avatar\/?s=96&d=mm&r=g","contentUrl":"https:\/\/secure.gravatar.com\/avatar\/?s=96&d=mm&r=g","caption":"michael.merz"},"url":"https:\/\/www.organisator.ch\/fr\/author\/michael-merz\/"}]}},"_links":{"self":[{"href":"https:\/\/www.organisator.ch\/fr\/wp-json\/wp\/v2\/posts\/1721","targetHints":{"allow":["GET"]}}],"collection":[{"href":"https:\/\/www.organisator.ch\/fr\/wp-json\/wp\/v2\/posts"}],"about":[{"href":"https:\/\/www.organisator.ch\/fr\/wp-json\/wp\/v2\/types\/post"}],"author":[{"embeddable":true,"href":"https:\/\/www.organisator.ch\/fr\/wp-json\/wp\/v2\/users\/5"}],"replies":[{"embeddable":true,"href":"https:\/\/www.organisator.ch\/fr\/wp-json\/wp\/v2\/comments?post=1721"}],"version-history":[{"count":1,"href":"https:\/\/www.organisator.ch\/fr\/wp-json\/wp\/v2\/posts\/1721\/revisions"}],"predecessor-version":[{"id":10568,"href":"https:\/\/www.organisator.ch\/fr\/wp-json\/wp\/v2\/posts\/1721\/revisions\/10568"}],"wp:featuredmedia":[{"embeddable":true,"href":"https:\/\/www.organisator.ch\/fr\/wp-json\/wp\/v2\/media\/1722"}],"wp:attachment":[{"href":"https:\/\/www.organisator.ch\/fr\/wp-json\/wp\/v2\/media?parent=1721"}],"wp:term":[{"taxonomy":"category","embeddable":true,"href":"https:\/\/www.organisator.ch\/fr\/wp-json\/wp\/v2\/categories?post=1721"},{"taxonomy":"post_tag","embeddable":true,"href":"https:\/\/www.organisator.ch\/fr\/wp-json\/wp\/v2\/tags?post=1721"}],"curies":[{"name":"wp","href":"https:\/\/api.w.org\/{rel}","templated":true}]}}