{"id":17212,"date":"2022-10-11T10:28:39","date_gmt":"2022-10-11T08:28:39","guid":{"rendered":"https:\/\/www.organisator.ch\/?p=17212"},"modified":"2022-10-11T10:28:39","modified_gmt":"2022-10-11T08:28:39","slug":"drei-von-vier-hr-fachpersonen-wollen-mehr-digitalisierung","status":"publish","type":"post","link":"https:\/\/www.organisator.ch\/fr\/human-resources\/2022-10-11\/drei-von-vier-hr-fachpersonen-wollen-mehr-digitalisierung\/","title":{"rendered":"Trois professionnels des RH sur quatre veulent plus de num\u00e9risation"},"content":{"rendered":"<figure id=\"attachment_17213\" aria-describedby=\"caption-attachment-17213\" style=\"width: 680px\" class=\"wp-caption alignnone\"><img loading=\"lazy\" decoding=\"async\" class=\"size-full wp-image-17213\" src=\"https:\/\/www.organisator.ch\/wp-content\/uploads\/2022\/10\/Drei-von-vier-HR-Fachpersonen-wollen-mehr-Digitalisierung-1_Organisator.jpg\" alt=\"\" width=\"680\" height=\"453\" srcset=\"https:\/\/www.organisator.ch\/wp-content\/uploads\/2022\/10\/Drei-von-vier-HR-Fachpersonen-wollen-mehr-Digitalisierung-1_Organisator.jpg 680w, https:\/\/www.organisator.ch\/wp-content\/uploads\/2022\/10\/Drei-von-vier-HR-Fachpersonen-wollen-mehr-Digitalisierung-1_Organisator-18x12.jpg 18w, https:\/\/www.organisator.ch\/wp-content\/uploads\/2022\/10\/Drei-von-vier-HR-Fachpersonen-wollen-mehr-Digitalisierung-1_Organisator-263x175.jpg 263w, https:\/\/www.organisator.ch\/wp-content\/uploads\/2022\/10\/Drei-von-vier-HR-Fachpersonen-wollen-mehr-Digitalisierung-1_Organisator-525x350.jpg 525w, https:\/\/www.organisator.ch\/wp-content\/uploads\/2022\/10\/Drei-von-vier-HR-Fachpersonen-wollen-mehr-Digitalisierung-1_Organisator-300x200.jpg 300w\" sizes=\"auto, (max-width: 680px) 100vw, 680px\" \/><figcaption id=\"caption-attachment-17213\" class=\"wp-caption-text\">Froncement de sourcils chez les sp\u00e9cialistes RH : Ils veulent plus de num\u00e9risation. (Image : Unsplash.com)<\/figcaption><\/figure>\n<p>Le processus de recrutement est de plus en plus complexe et la lutte pour le personnel qualifi\u00e9 est de plus en plus rude. La qualit\u00e9 des candidatures a nettement diminu\u00e9 ces derni\u00e8res ann\u00e9es - tous secteurs confondus<br \/>\nsur le long terme. Chaque mois, les PME traitent en moyenne 25 dossiers. Pour y acc\u00e9der, les voies classiques de publication d'offres d'emploi ne suffisent plus depuis longtemps. Malgr\u00e9 cela, les PME \u00e9voluent encore fortement dans leur zone de confort : environ 96 % publient des offres d'emploi via leur propre site Internet, 74 % via des portails d'emploi nationaux. Les PME n'exploitent que 30 % du potentiel qu'offre le recrutement par les m\u00e9dias sociaux - et ce, bien qu'environ 9 jeunes professionnels sur 10 (\u00e9tude James 2020) \u00e9voluent dans les m\u00e9dias sociaux. De nombreuses opportunit\u00e9s sont encore manqu\u00e9es dans ce domaine, \u00e9crivent les auteurs de l'\u00e9tude HRPuls, men\u00e9e par professional.ch en collaboration avec la ZHAW (d\u00e9partement de psychologie appliqu\u00e9e) aupr\u00e8s des professionnels des RH. Ainsi, malgr\u00e9 sa popularit\u00e9 toujours croissante aupr\u00e8s de la jeune g\u00e9n\u00e9ration, TikTok est le moins utilis\u00e9 dans le recrutement du personnel. Pas moins de 99,3 % des PME ne profitent pas encore des possibilit\u00e9s offertes par la plateforme en mati\u00e8re de recrutement.<\/p>\n<figure id=\"attachment_17214\" aria-describedby=\"caption-attachment-17214\" style=\"width: 680px\" class=\"wp-caption alignnone\"><img loading=\"lazy\" decoding=\"async\" class=\"size-full wp-image-17214\" src=\"https:\/\/www.organisator.ch\/wp-content\/uploads\/2022\/10\/Drei-von-vier-HR-Fachpersonen-wollen-mehr-Digitalisierung-2_Organisator.jpg\" alt=\"\" width=\"680\" height=\"383\" srcset=\"https:\/\/www.organisator.ch\/wp-content\/uploads\/2022\/10\/Drei-von-vier-HR-Fachpersonen-wollen-mehr-Digitalisierung-2_Organisator.jpg 680w, https:\/\/www.organisator.ch\/wp-content\/uploads\/2022\/10\/Drei-von-vier-HR-Fachpersonen-wollen-mehr-Digitalisierung-2_Organisator-18x10.jpg 18w, https:\/\/www.organisator.ch\/wp-content\/uploads\/2022\/10\/Drei-von-vier-HR-Fachpersonen-wollen-mehr-Digitalisierung-2_Organisator-311x175.jpg 311w, https:\/\/www.organisator.ch\/wp-content\/uploads\/2022\/10\/Drei-von-vier-HR-Fachpersonen-wollen-mehr-Digitalisierung-2_Organisator-621x350.jpg 621w, https:\/\/www.organisator.ch\/wp-content\/uploads\/2022\/10\/Drei-von-vier-HR-Fachpersonen-wollen-mehr-Digitalisierung-2_Organisator-300x169.jpg 300w\" sizes=\"auto, (max-width: 680px) 100vw, 680px\" \/><figcaption id=\"caption-attachment-17214\" class=\"wp-caption-text\">Les sp\u00e9cialistes RH des PME utilisent ces canaux pour le recrutement. (Graphique : professional.ch)<\/figcaption><\/figure>\n<h3>Les professionnels des RH : Insatisfaits de l'\u00e9tat de la num\u00e9risation<\/h3>\n<p>Les sp\u00e9cialistes RH estiment que leur niveau de num\u00e9risation est exactement de 50 %. Cela signifie donc que les PME n'ont exploit\u00e9 que la moiti\u00e9 de leur potentiel. Bien que plus de 85 % des professionnels RH soient g\u00e9n\u00e9ralement satisfaits de leur travail, l'image est diff\u00e9rente en ce qui concerne la num\u00e9risation. 76 % souhaitent davantage, voire beaucoup plus de num\u00e9risation. Celle-ci doit en premier lieu les d\u00e9charger, de sorte qu'il leur reste plus de temps pour le contact direct avec les collaborateurs. Seuls 18 % indiquent qu'ils sont satisfaits de l'\u00e9tat de la num\u00e9risation.<\/p>\n<h3>Un budget serr\u00e9 fait obstacle \u00e0 la num\u00e9risation<\/h3>\n<p>Mais quels sont les obstacles qui entravent les progr\u00e8s de la num\u00e9risation dans les services RH ? Le d\u00e9fi r\u00e9side dans le manque de budget. Environ 56 % y voient les plus grands probl\u00e8mes. Sur<br \/>\nLa deuxi\u00e8me place, avec 47 %, est due au manque de temps pour se familiariser avec de nouveaux outils et processus. On remarque que : Les services RH qui peuvent compter sur un soutien interne plus important ont tendance \u00e0 \u00eatre plus avanc\u00e9s dans la num\u00e9risation de leurs RH.<\/p>\n<figure id=\"attachment_17215\" aria-describedby=\"caption-attachment-17215\" style=\"width: 680px\" class=\"wp-caption alignnone\"><img loading=\"lazy\" decoding=\"async\" class=\"size-full wp-image-17215\" src=\"https:\/\/www.organisator.ch\/wp-content\/uploads\/2022\/10\/Drei-von-vier-HR-Fachpersonen-wollen-mehr-Digitalisierung-3_Organisator.jpg\" alt=\"\" width=\"680\" height=\"383\" srcset=\"https:\/\/www.organisator.ch\/wp-content\/uploads\/2022\/10\/Drei-von-vier-HR-Fachpersonen-wollen-mehr-Digitalisierung-3_Organisator.jpg 680w, https:\/\/www.organisator.ch\/wp-content\/uploads\/2022\/10\/Drei-von-vier-HR-Fachpersonen-wollen-mehr-Digitalisierung-3_Organisator-18x10.jpg 18w, https:\/\/www.organisator.ch\/wp-content\/uploads\/2022\/10\/Drei-von-vier-HR-Fachpersonen-wollen-mehr-Digitalisierung-3_Organisator-311x175.jpg 311w, https:\/\/www.organisator.ch\/wp-content\/uploads\/2022\/10\/Drei-von-vier-HR-Fachpersonen-wollen-mehr-Digitalisierung-3_Organisator-621x350.jpg 621w, https:\/\/www.organisator.ch\/wp-content\/uploads\/2022\/10\/Drei-von-vier-HR-Fachpersonen-wollen-mehr-Digitalisierung-3_Organisator-300x169.jpg 300w\" sizes=\"auto, (max-width: 680px) 100vw, 680px\" \/><figcaption id=\"caption-attachment-17215\" class=\"wp-caption-text\">C'est le degr\u00e9 de satisfaction des professionnels RH quant \u00e0 l'\u00e9tat de leur num\u00e9risation. (Graphique : professional.ch)<\/figcaption><\/figure>\n<h3>La num\u00e9risation offre de nombreuses opportunit\u00e9s<\/h3>\n<p>L'\u00e9tude montre que : La num\u00e9risation apporte \u00e0 tous les coins de rue des opportunit\u00e9s et des possibilit\u00e9s pour les RH dans les PME. Le plus grand potentiel est toutefois per\u00e7u dans trois domaines : Le recrutement par les m\u00e9dias sociaux ainsi que les dossiers num\u00e9riques du personnel et les \u00e9valuations des collaborateurs. Dans ce contexte, les processus doivent \u00eatre aussi peu co\u00fbteux, conviviaux et efficaces que possible. L'efficacit\u00e9 est un bon mot-cl\u00e9 : que veulent faire les sp\u00e9cialistes RH du temps ainsi gagn\u00e9 gr\u00e2ce \u00e0 la num\u00e9risation ? Ce temps doit \u00eatre investi dans le d\u00e9veloppement du personnel, les pr\u00e9occupations des collaborateurs et la pr\u00e9sence dans les m\u00e9dias sociaux.<\/p>\n<p>Source : HRpuls - so digital rekrutieren KMU (2022), r\u00e9alis\u00e9 par Michael Burtscher (ZHAW | Departement Angewandte Psychologie) sur mandat de <a href=\"https:\/\/www.professional.ch\/\">professional.ch<\/a><\/p>","protected":false},"excerpt":{"rendered":"<p>Der Rekrutierungsprozess wird immer aufwendiger, der Kampf um die Fachkr\u00e4fte h\u00e4rter. Die Qualit\u00e4t der Bewerbungen hat in den letzten Jahren deutlich abgenommen \u2013 \u00fcber alle Branchen hinweg. Monatlich bearbeiten KMU im Durchschnitt 25 Dossiers. Um an diese zu gelangen, reichen die klassischen Wege der Stellenausschreibung schon lange nicht mehr. Trotzdem bewegen sich KMU noch stark [&hellip;]<\/p>\n","protected":false},"author":4,"featured_media":17213,"comment_status":"closed","ping_status":"closed","sticky":false,"template":"","format":"standard","meta":{"_acf_changed":false,"_yoast_wpseo_focuskw":"HR-Fachpersonen","_yoast_wpseo_metadesc":"In den Bereichen der Rekrutierung und HR-Administration w\u00fcnschen sich HR-Fachpersonen deutlich mehr Digitalisierung, wie eine Studie zeigt.","articlekey":"","footnotes":""},"categories":[579],"tags":[156,3436,254,407,459],"class_list":["post-17212","post","type-post","status-publish","format-standard","has-post-thumbnail","hentry","category-human-resources","tag-digitalisierung","tag-hr-administration","tag-hrm","tag-recruiting","tag-studie"],"acf":[],"yoast_head":"<!-- This site is optimized with the Yoast SEO plugin v27.4 - https:\/\/yoast.com\/product\/yoast-seo-wordpress\/ -->\n<title>Drei von vier HR-Fachpersonen wollen mehr Digitalisierung - Organisator<\/title>\n<meta name=\"description\" content=\"In den Bereichen der Rekrutierung und HR-Administration w\u00fcnschen sich HR-Fachpersonen deutlich mehr Digitalisierung, wie eine Studie zeigt.\" \/>\n<meta name=\"robots\" content=\"index, follow, max-snippet:-1, max-image-preview:large, max-video-preview:-1\" \/>\n<link rel=\"canonical\" href=\"https:\/\/www.organisator.ch\/fr\/ressources-humaines\/2022-10-11\/drei-von-vier-hr-fachpersonen-wollen-mehr-digitalisierung\/\" \/>\n<meta property=\"og:locale\" content=\"fr_FR\" \/>\n<meta property=\"og:type\" content=\"article\" \/>\n<meta property=\"og:title\" content=\"Drei von vier HR-Fachpersonen wollen mehr Digitalisierung\" \/>\n<meta property=\"og:description\" content=\"In den Bereichen der Rekrutierung und HR-Administration w\u00fcnschen sich HR-Fachpersonen deutlich mehr Digitalisierung, wie eine Studie zeigt.\" \/>\n<meta property=\"og:url\" content=\"https:\/\/www.organisator.ch\/fr\/ressources-humaines\/2022-10-11\/drei-von-vier-hr-fachpersonen-wollen-mehr-digitalisierung\/\" \/>\n<meta property=\"og:site_name\" content=\"Organisator\" \/>\n<meta property=\"article:publisher\" content=\"https:\/\/www.facebook.com\/OrganisatorFachmagazin\" \/>\n<meta property=\"article:published_time\" content=\"2022-10-11T08:28:39+00:00\" \/>\n<meta property=\"og:image\" content=\"https:\/\/www.organisator.ch\/wp-content\/uploads\/2022\/10\/Drei-von-vier-HR-Fachpersonen-wollen-mehr-Digitalisierung-1_Organisator.jpg\" \/>\n\t<meta property=\"og:image:width\" content=\"680\" \/>\n\t<meta property=\"og:image:height\" content=\"453\" \/>\n\t<meta property=\"og:image:type\" content=\"image\/jpeg\" \/>\n<meta name=\"author\" content=\"thomas.berner\" \/>\n<meta name=\"twitter:card\" content=\"summary_large_image\" \/>\n<meta name=\"twitter:title\" content=\"Drei von vier #HR-Fachpersonen wollen mehr #Digitalisierung\" \/>\n<meta name=\"twitter:description\" content=\"In den Bereichen der #Rekrutierung und #HR-Administration w\u00fcnschen sich #HR-Fachpersonen deutlich mehr #Digitalisierung, wie eine Studie zeigt.\" \/>\n<meta name=\"twitter:image\" content=\"https:\/\/www.organisator.ch\/wp-content\/uploads\/2022\/10\/Drei-von-vier-HR-Fachpersonen-wollen-mehr-Digitalisierung-1_Organisator.jpg\" \/>\n<script type=\"application\/ld+json\" class=\"yoast-schema-graph\">{\"@context\":\"https:\\\/\\\/schema.org\",\"@graph\":[{\"@type\":\"Article\",\"@id\":\"https:\\\/\\\/www.organisator.ch\\\/human-resources\\\/2022-10-11\\\/drei-von-vier-hr-fachpersonen-wollen-mehr-digitalisierung\\\/#article\",\"isPartOf\":{\"@id\":\"https:\\\/\\\/www.organisator.ch\\\/human-resources\\\/2022-10-11\\\/drei-von-vier-hr-fachpersonen-wollen-mehr-digitalisierung\\\/\"},\"author\":{\"name\":\"thomas.berner\",\"@id\":\"https:\\\/\\\/www.organisator.ch\\\/#\\\/schema\\\/person\\\/6f650f90b2842cd4c0cc334b4e36f67e\"},\"headline\":\"Drei von vier HR-Fachpersonen wollen mehr Digitalisierung\",\"datePublished\":\"2022-10-11T08:28:39+00:00\",\"mainEntityOfPage\":{\"@id\":\"https:\\\/\\\/www.organisator.ch\\\/human-resources\\\/2022-10-11\\\/drei-von-vier-hr-fachpersonen-wollen-mehr-digitalisierung\\\/\"},\"wordCount\":504,\"publisher\":{\"@id\":\"https:\\\/\\\/www.organisator.ch\\\/#organization\"},\"image\":{\"@id\":\"https:\\\/\\\/www.organisator.ch\\\/human-resources\\\/2022-10-11\\\/drei-von-vier-hr-fachpersonen-wollen-mehr-digitalisierung\\\/#primaryimage\"},\"thumbnailUrl\":\"https:\\\/\\\/www.organisator.ch\\\/wp-content\\\/uploads\\\/2022\\\/10\\\/Drei-von-vier-HR-Fachpersonen-wollen-mehr-Digitalisierung-1_Organisator.jpg\",\"keywords\":[\"Digitalisierung\",\"HR-Administration\",\"HRM\",\"Recruiting\",\"Studie\"],\"articleSection\":[\"HUMAN RESOURCES\"],\"inLanguage\":\"fr-FR\"},{\"@type\":\"WebPage\",\"@id\":\"https:\\\/\\\/www.organisator.ch\\\/human-resources\\\/2022-10-11\\\/drei-von-vier-hr-fachpersonen-wollen-mehr-digitalisierung\\\/\",\"url\":\"https:\\\/\\\/www.organisator.ch\\\/human-resources\\\/2022-10-11\\\/drei-von-vier-hr-fachpersonen-wollen-mehr-digitalisierung\\\/\",\"name\":\"Drei von vier HR-Fachpersonen wollen mehr Digitalisierung - Organisator\",\"isPartOf\":{\"@id\":\"https:\\\/\\\/www.organisator.ch\\\/#website\"},\"primaryImageOfPage\":{\"@id\":\"https:\\\/\\\/www.organisator.ch\\\/human-resources\\\/2022-10-11\\\/drei-von-vier-hr-fachpersonen-wollen-mehr-digitalisierung\\\/#primaryimage\"},\"image\":{\"@id\":\"https:\\\/\\\/www.organisator.ch\\\/human-resources\\\/2022-10-11\\\/drei-von-vier-hr-fachpersonen-wollen-mehr-digitalisierung\\\/#primaryimage\"},\"thumbnailUrl\":\"https:\\\/\\\/www.organisator.ch\\\/wp-content\\\/uploads\\\/2022\\\/10\\\/Drei-von-vier-HR-Fachpersonen-wollen-mehr-Digitalisierung-1_Organisator.jpg\",\"datePublished\":\"2022-10-11T08:28:39+00:00\",\"description\":\"In den Bereichen der Rekrutierung und HR-Administration w\u00fcnschen sich HR-Fachpersonen deutlich mehr Digitalisierung, wie eine Studie zeigt.\",\"breadcrumb\":{\"@id\":\"https:\\\/\\\/www.organisator.ch\\\/human-resources\\\/2022-10-11\\\/drei-von-vier-hr-fachpersonen-wollen-mehr-digitalisierung\\\/#breadcrumb\"},\"inLanguage\":\"fr-FR\",\"potentialAction\":[{\"@type\":\"ReadAction\",\"target\":[\"https:\\\/\\\/www.organisator.ch\\\/human-resources\\\/2022-10-11\\\/drei-von-vier-hr-fachpersonen-wollen-mehr-digitalisierung\\\/\"]}]},{\"@type\":\"ImageObject\",\"inLanguage\":\"fr-FR\",\"@id\":\"https:\\\/\\\/www.organisator.ch\\\/human-resources\\\/2022-10-11\\\/drei-von-vier-hr-fachpersonen-wollen-mehr-digitalisierung\\\/#primaryimage\",\"url\":\"https:\\\/\\\/www.organisator.ch\\\/wp-content\\\/uploads\\\/2022\\\/10\\\/Drei-von-vier-HR-Fachpersonen-wollen-mehr-Digitalisierung-1_Organisator.jpg\",\"contentUrl\":\"https:\\\/\\\/www.organisator.ch\\\/wp-content\\\/uploads\\\/2022\\\/10\\\/Drei-von-vier-HR-Fachpersonen-wollen-mehr-Digitalisierung-1_Organisator.jpg\",\"width\":680,\"height\":453,\"caption\":\"Stirnrunzeln bei HR-Fachpersonen: Sie wollen mehr Digitalisierung. (Bild: Unsplash.com)\"},{\"@type\":\"BreadcrumbList\",\"@id\":\"https:\\\/\\\/www.organisator.ch\\\/human-resources\\\/2022-10-11\\\/drei-von-vier-hr-fachpersonen-wollen-mehr-digitalisierung\\\/#breadcrumb\",\"itemListElement\":[{\"@type\":\"ListItem\",\"position\":1,\"name\":\"Home\",\"item\":\"https:\\\/\\\/www.organisator.ch\\\/\"},{\"@type\":\"ListItem\",\"position\":2,\"name\":\"Drei von vier HR-Fachpersonen wollen mehr Digitalisierung\"}]},{\"@type\":\"WebSite\",\"@id\":\"https:\\\/\\\/www.organisator.ch\\\/#website\",\"url\":\"https:\\\/\\\/www.organisator.ch\\\/\",\"name\":\"Organisator\",\"description\":\"Kompetent. Praxisnah. Der ORGANISATOR bereitet in 10 Ausgaben pro Jahr die wesentlichen Themen f\u00fcr F\u00fchrungskr\u00e4fte von KMU auf.\",\"publisher\":{\"@id\":\"https:\\\/\\\/www.organisator.ch\\\/#organization\"},\"potentialAction\":[{\"@type\":\"SearchAction\",\"target\":{\"@type\":\"EntryPoint\",\"urlTemplate\":\"https:\\\/\\\/www.organisator.ch\\\/?s={search_term_string}\"},\"query-input\":{\"@type\":\"PropertyValueSpecification\",\"valueRequired\":true,\"valueName\":\"search_term_string\"}}],\"inLanguage\":\"fr-FR\"},{\"@type\":\"Organization\",\"@id\":\"https:\\\/\\\/www.organisator.ch\\\/#organization\",\"name\":\"Organisator\",\"url\":\"https:\\\/\\\/www.organisator.ch\\\/\",\"logo\":{\"@type\":\"ImageObject\",\"inLanguage\":\"fr-FR\",\"@id\":\"https:\\\/\\\/www.organisator.ch\\\/#\\\/schema\\\/logo\\\/image\\\/\",\"url\":\"https:\\\/\\\/www.organisator.ch\\\/wp-content\\\/uploads\\\/2022\\\/01\\\/Logo_Organisator_Website.png\",\"contentUrl\":\"https:\\\/\\\/www.organisator.ch\\\/wp-content\\\/uploads\\\/2022\\\/01\\\/Logo_Organisator_Website.png\",\"width\":800,\"height\":77,\"caption\":\"Organisator\"},\"image\":{\"@id\":\"https:\\\/\\\/www.organisator.ch\\\/#\\\/schema\\\/logo\\\/image\\\/\"},\"sameAs\":[\"https:\\\/\\\/www.facebook.com\\\/OrganisatorFachmagazin\",\"https:\\\/\\\/www.linkedin.com\\\/showcase\\\/organisator-das-magazin-fr-kmu\",\"https:\\\/\\\/www.xing.com\\\/news\\\/pages\\\/organisator-ch-695\",\"https:\\\/\\\/www.youtube.com\\\/channel\\\/UCGP2Sq0iWaZwT3BdIAQFYpw\"]},{\"@type\":\"Person\",\"@id\":\"https:\\\/\\\/www.organisator.ch\\\/#\\\/schema\\\/person\\\/6f650f90b2842cd4c0cc334b4e36f67e\",\"name\":\"thomas.berner\",\"image\":{\"@type\":\"ImageObject\",\"inLanguage\":\"fr-FR\",\"@id\":\"https:\\\/\\\/secure.gravatar.com\\\/avatar\\\/ac5001d2a36cb6c6cd3e50789007ffca834b477b74a2144564522e944eabff61?s=96&d=mm&r=g\",\"url\":\"https:\\\/\\\/secure.gravatar.com\\\/avatar\\\/ac5001d2a36cb6c6cd3e50789007ffca834b477b74a2144564522e944eabff61?s=96&d=mm&r=g\",\"contentUrl\":\"https:\\\/\\\/secure.gravatar.com\\\/avatar\\\/ac5001d2a36cb6c6cd3e50789007ffca834b477b74a2144564522e944eabff61?s=96&d=mm&r=g\",\"caption\":\"thomas.berner\"},\"url\":\"https:\\\/\\\/www.organisator.ch\\\/fr\\\/author\\\/thomas-berner\\\/\"}]}<\/script>\n<!-- \/ Yoast SEO plugin. -->","yoast_head_json":{"title":"Trois professionnels des RH sur quatre veulent plus de num\u00e9risation - Organisateur","description":"Dans les domaines du recrutement et de l'administration RH, les sp\u00e9cialistes RH souhaitent nettement plus de num\u00e9risation, comme le montre une \u00e9tude.","robots":{"index":"index","follow":"follow","max-snippet":"max-snippet:-1","max-image-preview":"max-image-preview:large","max-video-preview":"max-video-preview:-1"},"canonical":"https:\/\/www.organisator.ch\/fr\/ressources-humaines\/2022-10-11\/drei-von-vier-hr-fachpersonen-wollen-mehr-digitalisierung\/","og_locale":"fr_FR","og_type":"article","og_title":"Drei von vier HR-Fachpersonen wollen mehr Digitalisierung","og_description":"In den Bereichen der Rekrutierung und HR-Administration w\u00fcnschen sich HR-Fachpersonen deutlich mehr Digitalisierung, wie eine Studie zeigt.","og_url":"https:\/\/www.organisator.ch\/fr\/ressources-humaines\/2022-10-11\/drei-von-vier-hr-fachpersonen-wollen-mehr-digitalisierung\/","og_site_name":"Organisator","article_publisher":"https:\/\/www.facebook.com\/OrganisatorFachmagazin","article_published_time":"2022-10-11T08:28:39+00:00","og_image":[{"width":680,"height":453,"url":"https:\/\/www.organisator.ch\/wp-content\/uploads\/2022\/10\/Drei-von-vier-HR-Fachpersonen-wollen-mehr-Digitalisierung-1_Organisator.jpg","type":"image\/jpeg"}],"author":"thomas.berner","twitter_card":"summary_large_image","twitter_title":"Drei von vier #HR-Fachpersonen wollen mehr #Digitalisierung","twitter_description":"In den Bereichen der #Rekrutierung und #HR-Administration w\u00fcnschen sich #HR-Fachpersonen deutlich mehr #Digitalisierung, wie eine Studie zeigt.","twitter_image":"https:\/\/www.organisator.ch\/wp-content\/uploads\/2022\/10\/Drei-von-vier-HR-Fachpersonen-wollen-mehr-Digitalisierung-1_Organisator.jpg","schema":{"@context":"https:\/\/schema.org","@graph":[{"@type":"Article","@id":"https:\/\/www.organisator.ch\/human-resources\/2022-10-11\/drei-von-vier-hr-fachpersonen-wollen-mehr-digitalisierung\/#article","isPartOf":{"@id":"https:\/\/www.organisator.ch\/human-resources\/2022-10-11\/drei-von-vier-hr-fachpersonen-wollen-mehr-digitalisierung\/"},"author":{"name":"thomas.berner","@id":"https:\/\/www.organisator.ch\/#\/schema\/person\/6f650f90b2842cd4c0cc334b4e36f67e"},"headline":"Drei von vier HR-Fachpersonen wollen mehr Digitalisierung","datePublished":"2022-10-11T08:28:39+00:00","mainEntityOfPage":{"@id":"https:\/\/www.organisator.ch\/human-resources\/2022-10-11\/drei-von-vier-hr-fachpersonen-wollen-mehr-digitalisierung\/"},"wordCount":504,"publisher":{"@id":"https:\/\/www.organisator.ch\/#organization"},"image":{"@id":"https:\/\/www.organisator.ch\/human-resources\/2022-10-11\/drei-von-vier-hr-fachpersonen-wollen-mehr-digitalisierung\/#primaryimage"},"thumbnailUrl":"https:\/\/www.organisator.ch\/wp-content\/uploads\/2022\/10\/Drei-von-vier-HR-Fachpersonen-wollen-mehr-Digitalisierung-1_Organisator.jpg","keywords":["Digitalisierung","HR-Administration","HRM","Recruiting","Studie"],"articleSection":["HUMAN RESOURCES"],"inLanguage":"fr-FR"},{"@type":"WebPage","@id":"https:\/\/www.organisator.ch\/human-resources\/2022-10-11\/drei-von-vier-hr-fachpersonen-wollen-mehr-digitalisierung\/","url":"https:\/\/www.organisator.ch\/human-resources\/2022-10-11\/drei-von-vier-hr-fachpersonen-wollen-mehr-digitalisierung\/","name":"Trois professionnels des RH sur quatre veulent plus de num\u00e9risation - Organisateur","isPartOf":{"@id":"https:\/\/www.organisator.ch\/#website"},"primaryImageOfPage":{"@id":"https:\/\/www.organisator.ch\/human-resources\/2022-10-11\/drei-von-vier-hr-fachpersonen-wollen-mehr-digitalisierung\/#primaryimage"},"image":{"@id":"https:\/\/www.organisator.ch\/human-resources\/2022-10-11\/drei-von-vier-hr-fachpersonen-wollen-mehr-digitalisierung\/#primaryimage"},"thumbnailUrl":"https:\/\/www.organisator.ch\/wp-content\/uploads\/2022\/10\/Drei-von-vier-HR-Fachpersonen-wollen-mehr-Digitalisierung-1_Organisator.jpg","datePublished":"2022-10-11T08:28:39+00:00","description":"Dans les domaines du recrutement et de l'administration RH, les sp\u00e9cialistes RH souhaitent nettement plus de num\u00e9risation, comme le montre une \u00e9tude.","breadcrumb":{"@id":"https:\/\/www.organisator.ch\/human-resources\/2022-10-11\/drei-von-vier-hr-fachpersonen-wollen-mehr-digitalisierung\/#breadcrumb"},"inLanguage":"fr-FR","potentialAction":[{"@type":"ReadAction","target":["https:\/\/www.organisator.ch\/human-resources\/2022-10-11\/drei-von-vier-hr-fachpersonen-wollen-mehr-digitalisierung\/"]}]},{"@type":"ImageObject","inLanguage":"fr-FR","@id":"https:\/\/www.organisator.ch\/human-resources\/2022-10-11\/drei-von-vier-hr-fachpersonen-wollen-mehr-digitalisierung\/#primaryimage","url":"https:\/\/www.organisator.ch\/wp-content\/uploads\/2022\/10\/Drei-von-vier-HR-Fachpersonen-wollen-mehr-Digitalisierung-1_Organisator.jpg","contentUrl":"https:\/\/www.organisator.ch\/wp-content\/uploads\/2022\/10\/Drei-von-vier-HR-Fachpersonen-wollen-mehr-Digitalisierung-1_Organisator.jpg","width":680,"height":453,"caption":"Stirnrunzeln bei HR-Fachpersonen: Sie wollen mehr Digitalisierung. (Bild: Unsplash.com)"},{"@type":"BreadcrumbList","@id":"https:\/\/www.organisator.ch\/human-resources\/2022-10-11\/drei-von-vier-hr-fachpersonen-wollen-mehr-digitalisierung\/#breadcrumb","itemListElement":[{"@type":"ListItem","position":1,"name":"Home","item":"https:\/\/www.organisator.ch\/"},{"@type":"ListItem","position":2,"name":"Drei von vier HR-Fachpersonen wollen mehr Digitalisierung"}]},{"@type":"WebSite","@id":"https:\/\/www.organisator.ch\/#website","url":"https:\/\/www.organisator.ch\/","name":"Organisateur","description":"Comp\u00e9tence et comp\u00e9tence. Proches de la pratique. L'ORGANISATEUR pr\u00e9pare 10 num\u00e9ros par an sur les th\u00e8mes essentiels pour les dirigeants de PME.","publisher":{"@id":"https:\/\/www.organisator.ch\/#organization"},"potentialAction":[{"@type":"SearchAction","target":{"@type":"EntryPoint","urlTemplate":"https:\/\/www.organisator.ch\/?s={search_term_string}"},"query-input":{"@type":"PropertyValueSpecification","valueRequired":true,"valueName":"search_term_string"}}],"inLanguage":"fr-FR"},{"@type":"Organization","@id":"https:\/\/www.organisator.ch\/#organization","name":"Organisateur","url":"https:\/\/www.organisator.ch\/","logo":{"@type":"ImageObject","inLanguage":"fr-FR","@id":"https:\/\/www.organisator.ch\/#\/schema\/logo\/image\/","url":"https:\/\/www.organisator.ch\/wp-content\/uploads\/2022\/01\/Logo_Organisator_Website.png","contentUrl":"https:\/\/www.organisator.ch\/wp-content\/uploads\/2022\/01\/Logo_Organisator_Website.png","width":800,"height":77,"caption":"Organisator"},"image":{"@id":"https:\/\/www.organisator.ch\/#\/schema\/logo\/image\/"},"sameAs":["https:\/\/www.facebook.com\/OrganisatorFachmagazin","https:\/\/www.linkedin.com\/showcase\/organisator-das-magazin-fr-kmu","https:\/\/www.xing.com\/news\/pages\/organisator-ch-695","https:\/\/www.youtube.com\/channel\/UCGP2Sq0iWaZwT3BdIAQFYpw"]},{"@type":"Person","@id":"https:\/\/www.organisator.ch\/#\/schema\/person\/6f650f90b2842cd4c0cc334b4e36f67e","name":"thomas.berner","image":{"@type":"ImageObject","inLanguage":"fr-FR","@id":"https:\/\/secure.gravatar.com\/avatar\/ac5001d2a36cb6c6cd3e50789007ffca834b477b74a2144564522e944eabff61?s=96&d=mm&r=g","url":"https:\/\/secure.gravatar.com\/avatar\/ac5001d2a36cb6c6cd3e50789007ffca834b477b74a2144564522e944eabff61?s=96&d=mm&r=g","contentUrl":"https:\/\/secure.gravatar.com\/avatar\/ac5001d2a36cb6c6cd3e50789007ffca834b477b74a2144564522e944eabff61?s=96&d=mm&r=g","caption":"thomas.berner"},"url":"https:\/\/www.organisator.ch\/fr\/author\/thomas-berner\/"}]}},"_links":{"self":[{"href":"https:\/\/www.organisator.ch\/fr\/wp-json\/wp\/v2\/posts\/17212","targetHints":{"allow":["GET"]}}],"collection":[{"href":"https:\/\/www.organisator.ch\/fr\/wp-json\/wp\/v2\/posts"}],"about":[{"href":"https:\/\/www.organisator.ch\/fr\/wp-json\/wp\/v2\/types\/post"}],"author":[{"embeddable":true,"href":"https:\/\/www.organisator.ch\/fr\/wp-json\/wp\/v2\/users\/4"}],"replies":[{"embeddable":true,"href":"https:\/\/www.organisator.ch\/fr\/wp-json\/wp\/v2\/comments?post=17212"}],"version-history":[{"count":1,"href":"https:\/\/www.organisator.ch\/fr\/wp-json\/wp\/v2\/posts\/17212\/revisions"}],"predecessor-version":[{"id":17216,"href":"https:\/\/www.organisator.ch\/fr\/wp-json\/wp\/v2\/posts\/17212\/revisions\/17216"}],"wp:featuredmedia":[{"embeddable":true,"href":"https:\/\/www.organisator.ch\/fr\/wp-json\/wp\/v2\/media\/17213"}],"wp:attachment":[{"href":"https:\/\/www.organisator.ch\/fr\/wp-json\/wp\/v2\/media?parent=17212"}],"wp:term":[{"taxonomy":"category","embeddable":true,"href":"https:\/\/www.organisator.ch\/fr\/wp-json\/wp\/v2\/categories?post=17212"},{"taxonomy":"post_tag","embeddable":true,"href":"https:\/\/www.organisator.ch\/fr\/wp-json\/wp\/v2\/tags?post=17212"}],"curies":[{"name":"wp","href":"https:\/\/api.w.org\/{rel}","templated":true}]}}