{"id":17242,"date":"2022-10-13T08:10:03","date_gmt":"2022-10-13T06:10:03","guid":{"rendered":"https:\/\/www.organisator.ch\/?p=17242"},"modified":"2022-10-13T08:02:12","modified_gmt":"2022-10-13T06:02:12","slug":"neue-new-work-plattform-fuer-unternehmen-geht-live","status":"publish","type":"post","link":"https:\/\/www.organisator.ch\/fr\/management\/2022-10-13\/neue-new-work-plattform-fuer-unternehmen-geht-live\/","title":{"rendered":"La nouvelle plateforme New Work pour les entreprises est en ligne"},"content":{"rendered":"<figure id=\"attachment_17243\" aria-describedby=\"caption-attachment-17243\" style=\"width: 680px\" class=\"wp-caption alignnone\"><img loading=\"lazy\" decoding=\"async\" class=\"size-full wp-image-17243\" src=\"https:\/\/www.organisator.ch\/wp-content\/uploads\/2022\/10\/Neue-New-Work-Plattform-fuer-Unternehmen-geht-live_Organisator.jpg\" alt=\"\" width=\"680\" height=\"497\" srcset=\"https:\/\/www.organisator.ch\/wp-content\/uploads\/2022\/10\/Neue-New-Work-Plattform-fuer-Unternehmen-geht-live_Organisator.jpg 680w, https:\/\/www.organisator.ch\/wp-content\/uploads\/2022\/10\/Neue-New-Work-Plattform-fuer-Unternehmen-geht-live_Organisator-16x12.jpg 16w, https:\/\/www.organisator.ch\/wp-content\/uploads\/2022\/10\/Neue-New-Work-Plattform-fuer-Unternehmen-geht-live_Organisator-239x175.jpg 239w, https:\/\/www.organisator.ch\/wp-content\/uploads\/2022\/10\/Neue-New-Work-Plattform-fuer-Unternehmen-geht-live_Organisator-479x350.jpg 479w, https:\/\/www.organisator.ch\/wp-content\/uploads\/2022\/10\/Neue-New-Work-Plattform-fuer-Unternehmen-geht-live_Organisator-300x219.jpg 300w\" sizes=\"auto, (max-width: 680px) 100vw, 680px\" \/><figcaption id=\"caption-attachment-17243\" class=\"wp-caption-text\">Flesk est en ligne : une nouvelle plateforme New Work pour les entreprises afin de mettre en place des mod\u00e8les de travail flexibles. (Image : zVg \/ Flesk)<\/figcaption><\/figure>\n<p>La plate-forme New Work <a href=\"https:\/\/www.flesk.ch\/\">Flesk<\/a> offre un r\u00e9seau de services dans toute la Suisse <a href=\"https:\/\/www.flesk.ch\/netzwerk\">Espaces de travail<\/a> et permet aux entreprises d'acc\u00e9der \u00e0 des espaces de travail flexibles bien \u00e9quip\u00e9s et \u00e0 des salles de r\u00e9union pour leurs collaborateurs. Pendant la phase pilote de mars \u00e0 d\u00e9but octobre de cette ann\u00e9e, des moyennes et grandes entreprises des secteurs priv\u00e9 et public - notamment le canton de Saint-Gall, Bison, DEPT, GoBeyond et Ubique - ont pu tester le syst\u00e8me. Plus d'une centaine d'espaces de travail suisses y participent d\u00e9j\u00e0 et forment un r\u00e9seau dense de postes de travail qui permettent aux collaborateurs de travailler rapidement et de mani\u00e8re flexible en <a href=\"https:\/\/www.flesk.ch\/app\">Application Flesk<\/a> (iOS et Android). Comme Flesk se charge de la facturation des r\u00e9servations, les entreprises n'ont pas de travail administratif suppl\u00e9mentaire.<\/p>\n<h3><strong>Mise en \u0153uvre de formes de travail autod\u00e9termin\u00e9es et flexibles<\/strong><\/h3>\n<p>Flesk se d\u00e9finit comme une r\u00e9ponse possible \u00e0 l'\u00e9volution des valeurs du monde du travail, dans lequel le travail flexible, autod\u00e9termin\u00e9 et orient\u00e9 vers l'\u00e9quipe sont de nouveaux standards. La p\u00e9nurie de main-d'\u0153uvre qualifi\u00e9e et la forte interconnexion font que les collaborateurs et les \u00e9quipes veulent d\u00e9cider eux-m\u00eames comment, o\u00f9 et quand ils travaillent. Avec Flesk, les entreprises peuvent par exemple donner aux employ\u00e9s la possibilit\u00e9 d'utiliser des cadres de travail professionnels dans toute la Suisse, par exemple \u00e0 proximit\u00e9 de leur domicile pour r\u00e9duire les trajets, ou \u00e0 proximit\u00e9 d'un client pour des r\u00e9unions et des pr\u00e9sentations. Les collaborateurs peuvent choisir librement leur lieu de travail dans l'application afin de travailler l\u00e0 o\u00f9 ils se trouvent - en quelque sorte le \"bureau-GA\" pour la Suisse. Tous les postes de travail du r\u00e9seau disposent d'une infrastructure de haute qualit\u00e9 qui permet diff\u00e9rents settings comme le travail individuel, les appels vid\u00e9o ou les r\u00e9unions. Il en r\u00e9sulte non seulement un compl\u00e9ment au home office, mais aussi une occasion de r\u00e9unir des \u00e9quipes \u00e0 des postes de travail inspirants et de promouvoir des formes de travail cr\u00e9atives et coop\u00e9ratives.<\/p>\n<h3><strong>Utilisation efficace des ressources <\/strong><\/h3>\n<p>Depuis la pand\u00e9mie de Corona, la politique et l'\u00e9conomie ont pris conscience de l'importance du travail ind\u00e9pendant du lieu de travail. La crise climatique exige \u00e9galement un changement de mentalit\u00e9 en mati\u00e8re de mobilit\u00e9, le trajet domicile-travail jouant un r\u00f4le central. La plateforme New Work Flesk peut contribuer \u00e0 une r\u00e9duction durable des flux de pendulaires gr\u00e2ce \u00e0 son r\u00e9seau de postes de travail. Les vacances inutiles peuvent \u00eatre \u00e9vit\u00e9es et les fluctuations des capacit\u00e9s mieux absorb\u00e9es. Cette forme de gestion flexible des postes de travail peut aider les entreprises \u00e0 la fois \u00e0 augmenter la satisfaction des collaborateurs, qui ont un choix vari\u00e9 de settings, et \u00e0 utiliser les ressources plus efficacement et \u00e0 r\u00e9duire les co\u00fbts. La r\u00e9partition variable de la charge de travail des collaborateurs sur diff\u00e9rents sites externes permet d'\u00e9conomiser des frais de location et d'\u00e9nergie. Compte tenu de l'augmentation des co\u00fbts de l'\u00e9nergie, ce mod\u00e8le peut \u00e9galement repr\u00e9senter une alternative ou un compl\u00e9ment judicieux pour les entreprises.<\/p>\n<p><em>Plus d'informations :\u00a0<\/em><\/p>\n<ul>\n<li><em>Sur le web : <a href=\"https:\/\/flesk.ch\/\">https:\/\/flesk.ch<\/a>\u00a0<\/em><\/li>\n<li><em>Application iOS : <a href=\"https:\/\/apps.apple.com\/ch\/app\/flesk\/id1605931325\">https:\/\/apps.apple.com\/ch\/app\/flesk\/id1605931325<\/a><\/em><\/li>\n<li><em>Application Android : <a href=\"https:\/\/play.google.com\/store\/apps\/details?id=ch.flesk.app\">https:\/\/play.google.com\/store\/apps\/details?id=ch.flesk.app<\/a><\/em><\/li>\n<\/ul>","protected":false},"excerpt":{"rendered":"<p>Die New-Work-Plattform Flesk bietet ein schweizweites Netzwerk an Workspaces und erm\u00f6glicht Unternehmen den Zugang zu gut ausgestatteten flexiblen Arbeitspl\u00e4tzen und Meetingr\u00e4umen f\u00fcr ihre Mitarbeitenden. W\u00e4hrend der Pilot-Phase von M\u00e4rz bis Anfang Oktober dieses Jahres konnten mittlere und grosse Betriebe im privaten und \u00f6ffentlichen Sektor \u2013 u. a. der Kanton St. Gallen, Bison, DEPT, GoBeyond und [&hellip;]<\/p>\n","protected":false},"author":4,"featured_media":17243,"comment_status":"closed","ping_status":"closed","sticky":false,"template":"","format":"standard","meta":{"_acf_changed":false,"_yoast_wpseo_focuskw":"New-Work-Plattform","_yoast_wpseo_metadesc":"Die New-Work-Plattform Flesk beendet seine siebenmonatige Beta-Phase und hat per 12. Oktober den offiziellen Go Live verk\u00fcndet.","articlekey":"","footnotes":""},"categories":[28],"tags":[135,358,363,393],"class_list":["post-17242","post","type-post","status-publish","format-standard","has-post-thumbnail","hentry","category-management","tag-coworking","tag-nachhaltige-wirtschaft","tag-new-work","tag-produkte"],"acf":[],"yoast_head":"<!-- This site is optimized with the Yoast SEO plugin v27.5 - https:\/\/yoast.com\/product\/yoast-seo-wordpress\/ -->\n<title>Neue New-Work-Plattform f\u00fcr Unternehmen geht live - Organisator<\/title>\n<meta name=\"description\" content=\"Die New-Work-Plattform Flesk beendet seine siebenmonatige Beta-Phase und hat per 12. Oktober den offiziellen Go Live verk\u00fcndet.\" \/>\n<meta name=\"robots\" content=\"index, follow, max-snippet:-1, max-image-preview:large, max-video-preview:-1\" \/>\n<link rel=\"canonical\" href=\"https:\/\/www.organisator.ch\/fr\/gestion-2\/2022-10-13\/neue-new-work-plattform-fuer-unternehmen-geht-live\/\" \/>\n<meta property=\"og:locale\" content=\"fr_FR\" \/>\n<meta property=\"og:type\" content=\"article\" \/>\n<meta property=\"og:title\" content=\"Neue New-Work-Plattform f\u00fcr Unternehmen geht live\" \/>\n<meta property=\"og:description\" content=\"Die New-Work-Plattform Flesk beendet seine siebenmonatige Beta-Phase und hat per 12. Oktober den offiziellen Go Live verk\u00fcndet.\" \/>\n<meta property=\"og:url\" content=\"https:\/\/www.organisator.ch\/fr\/gestion-2\/2022-10-13\/neue-new-work-plattform-fuer-unternehmen-geht-live\/\" \/>\n<meta property=\"og:site_name\" content=\"Organisator\" \/>\n<meta property=\"article:publisher\" content=\"https:\/\/www.facebook.com\/OrganisatorFachmagazin\" \/>\n<meta property=\"article:published_time\" content=\"2022-10-13T06:10:03+00:00\" \/>\n<meta property=\"og:image\" content=\"https:\/\/www.organisator.ch\/wp-content\/uploads\/2022\/10\/Neue-New-Work-Plattform-fuer-Unternehmen-geht-live_Organisator.jpg\" \/>\n\t<meta property=\"og:image:width\" content=\"680\" \/>\n\t<meta property=\"og:image:height\" content=\"497\" \/>\n\t<meta property=\"og:image:type\" content=\"image\/jpeg\" \/>\n<meta name=\"author\" content=\"thomas.berner\" \/>\n<meta name=\"twitter:card\" content=\"summary_large_image\" \/>\n<meta name=\"twitter:title\" content=\"Neue #New-Work-Plattform f\u00fcr #Unternehmen geht live\" \/>\n<meta name=\"twitter:description\" content=\"Die #New-Work-Plattform #Flesk beendet seine siebenmonatige #Beta-Phase und hat per 12. Oktober den offiziellen Go Live verk\u00fcndet.\" \/>\n<meta name=\"twitter:image\" content=\"https:\/\/www.organisator.ch\/wp-content\/uploads\/2022\/10\/Neue-New-Work-Plattform-fuer-Unternehmen-geht-live_Organisator.jpg\" \/>\n<script type=\"application\/ld+json\" class=\"yoast-schema-graph\">{\"@context\":\"https:\\\/\\\/schema.org\",\"@graph\":[{\"@type\":\"Article\",\"@id\":\"https:\\\/\\\/www.organisator.ch\\\/management\\\/2022-10-13\\\/neue-new-work-plattform-fuer-unternehmen-geht-live\\\/#article\",\"isPartOf\":{\"@id\":\"https:\\\/\\\/www.organisator.ch\\\/management\\\/2022-10-13\\\/neue-new-work-plattform-fuer-unternehmen-geht-live\\\/\"},\"author\":{\"name\":\"thomas.berner\",\"@id\":\"https:\\\/\\\/www.organisator.ch\\\/#\\\/schema\\\/person\\\/6f650f90b2842cd4c0cc334b4e36f67e\"},\"headline\":\"Neue New-Work-Plattform f\u00fcr Unternehmen geht live\",\"datePublished\":\"2022-10-13T06:10:03+00:00\",\"mainEntityOfPage\":{\"@id\":\"https:\\\/\\\/www.organisator.ch\\\/management\\\/2022-10-13\\\/neue-new-work-plattform-fuer-unternehmen-geht-live\\\/\"},\"wordCount\":477,\"publisher\":{\"@id\":\"https:\\\/\\\/www.organisator.ch\\\/#organization\"},\"image\":{\"@id\":\"https:\\\/\\\/www.organisator.ch\\\/management\\\/2022-10-13\\\/neue-new-work-plattform-fuer-unternehmen-geht-live\\\/#primaryimage\"},\"thumbnailUrl\":\"https:\\\/\\\/www.organisator.ch\\\/wp-content\\\/uploads\\\/2022\\\/10\\\/Neue-New-Work-Plattform-fuer-Unternehmen-geht-live_Organisator.jpg\",\"keywords\":[\"Coworking\",\"Nachhaltige Wirtschaft\",\"New Work\",\"Produkte\"],\"articleSection\":[\"MANAGEMENT\"],\"inLanguage\":\"fr-FR\"},{\"@type\":\"WebPage\",\"@id\":\"https:\\\/\\\/www.organisator.ch\\\/management\\\/2022-10-13\\\/neue-new-work-plattform-fuer-unternehmen-geht-live\\\/\",\"url\":\"https:\\\/\\\/www.organisator.ch\\\/management\\\/2022-10-13\\\/neue-new-work-plattform-fuer-unternehmen-geht-live\\\/\",\"name\":\"Neue New-Work-Plattform f\u00fcr Unternehmen geht live - Organisator\",\"isPartOf\":{\"@id\":\"https:\\\/\\\/www.organisator.ch\\\/#website\"},\"primaryImageOfPage\":{\"@id\":\"https:\\\/\\\/www.organisator.ch\\\/management\\\/2022-10-13\\\/neue-new-work-plattform-fuer-unternehmen-geht-live\\\/#primaryimage\"},\"image\":{\"@id\":\"https:\\\/\\\/www.organisator.ch\\\/management\\\/2022-10-13\\\/neue-new-work-plattform-fuer-unternehmen-geht-live\\\/#primaryimage\"},\"thumbnailUrl\":\"https:\\\/\\\/www.organisator.ch\\\/wp-content\\\/uploads\\\/2022\\\/10\\\/Neue-New-Work-Plattform-fuer-Unternehmen-geht-live_Organisator.jpg\",\"datePublished\":\"2022-10-13T06:10:03+00:00\",\"description\":\"Die New-Work-Plattform Flesk beendet seine siebenmonatige Beta-Phase und hat per 12. Oktober den offiziellen Go Live verk\u00fcndet.\",\"breadcrumb\":{\"@id\":\"https:\\\/\\\/www.organisator.ch\\\/management\\\/2022-10-13\\\/neue-new-work-plattform-fuer-unternehmen-geht-live\\\/#breadcrumb\"},\"inLanguage\":\"fr-FR\",\"potentialAction\":[{\"@type\":\"ReadAction\",\"target\":[\"https:\\\/\\\/www.organisator.ch\\\/management\\\/2022-10-13\\\/neue-new-work-plattform-fuer-unternehmen-geht-live\\\/\"]}]},{\"@type\":\"ImageObject\",\"inLanguage\":\"fr-FR\",\"@id\":\"https:\\\/\\\/www.organisator.ch\\\/management\\\/2022-10-13\\\/neue-new-work-plattform-fuer-unternehmen-geht-live\\\/#primaryimage\",\"url\":\"https:\\\/\\\/www.organisator.ch\\\/wp-content\\\/uploads\\\/2022\\\/10\\\/Neue-New-Work-Plattform-fuer-Unternehmen-geht-live_Organisator.jpg\",\"contentUrl\":\"https:\\\/\\\/www.organisator.ch\\\/wp-content\\\/uploads\\\/2022\\\/10\\\/Neue-New-Work-Plattform-fuer-Unternehmen-geht-live_Organisator.jpg\",\"width\":680,\"height\":497,\"caption\":\"Flesk geht live: Eine neue New-Work-Plattform f\u00fcr Unternehmen zur Umsetzung flexibler Arbeitsmodelle. (Bild: zVg \\\/ Flesk)\"},{\"@type\":\"BreadcrumbList\",\"@id\":\"https:\\\/\\\/www.organisator.ch\\\/management\\\/2022-10-13\\\/neue-new-work-plattform-fuer-unternehmen-geht-live\\\/#breadcrumb\",\"itemListElement\":[{\"@type\":\"ListItem\",\"position\":1,\"name\":\"Home\",\"item\":\"https:\\\/\\\/www.organisator.ch\\\/\"},{\"@type\":\"ListItem\",\"position\":2,\"name\":\"Neue New-Work-Plattform f\u00fcr Unternehmen geht live\"}]},{\"@type\":\"WebSite\",\"@id\":\"https:\\\/\\\/www.organisator.ch\\\/#website\",\"url\":\"https:\\\/\\\/www.organisator.ch\\\/\",\"name\":\"Organisator\",\"description\":\"Kompetent. Praxisnah. Der ORGANISATOR bereitet in 10 Ausgaben pro Jahr die wesentlichen Themen f\u00fcr F\u00fchrungskr\u00e4fte von KMU auf.\",\"publisher\":{\"@id\":\"https:\\\/\\\/www.organisator.ch\\\/#organization\"},\"potentialAction\":[{\"@type\":\"SearchAction\",\"target\":{\"@type\":\"EntryPoint\",\"urlTemplate\":\"https:\\\/\\\/www.organisator.ch\\\/?s={search_term_string}\"},\"query-input\":{\"@type\":\"PropertyValueSpecification\",\"valueRequired\":true,\"valueName\":\"search_term_string\"}}],\"inLanguage\":\"fr-FR\"},{\"@type\":\"Organization\",\"@id\":\"https:\\\/\\\/www.organisator.ch\\\/#organization\",\"name\":\"Organisator\",\"url\":\"https:\\\/\\\/www.organisator.ch\\\/\",\"logo\":{\"@type\":\"ImageObject\",\"inLanguage\":\"fr-FR\",\"@id\":\"https:\\\/\\\/www.organisator.ch\\\/#\\\/schema\\\/logo\\\/image\\\/\",\"url\":\"https:\\\/\\\/www.organisator.ch\\\/wp-content\\\/uploads\\\/2022\\\/01\\\/Logo_Organisator_Website.png\",\"contentUrl\":\"https:\\\/\\\/www.organisator.ch\\\/wp-content\\\/uploads\\\/2022\\\/01\\\/Logo_Organisator_Website.png\",\"width\":800,\"height\":77,\"caption\":\"Organisator\"},\"image\":{\"@id\":\"https:\\\/\\\/www.organisator.ch\\\/#\\\/schema\\\/logo\\\/image\\\/\"},\"sameAs\":[\"https:\\\/\\\/www.facebook.com\\\/OrganisatorFachmagazin\",\"https:\\\/\\\/www.linkedin.com\\\/showcase\\\/organisator-das-magazin-fr-kmu\",\"https:\\\/\\\/www.xing.com\\\/news\\\/pages\\\/organisator-ch-695\",\"https:\\\/\\\/www.youtube.com\\\/channel\\\/UCGP2Sq0iWaZwT3BdIAQFYpw\"]},{\"@type\":\"Person\",\"@id\":\"https:\\\/\\\/www.organisator.ch\\\/#\\\/schema\\\/person\\\/6f650f90b2842cd4c0cc334b4e36f67e\",\"name\":\"thomas.berner\",\"image\":{\"@type\":\"ImageObject\",\"inLanguage\":\"fr-FR\",\"@id\":\"https:\\\/\\\/secure.gravatar.com\\\/avatar\\\/ac5001d2a36cb6c6cd3e50789007ffca834b477b74a2144564522e944eabff61?s=96&d=mm&r=g\",\"url\":\"https:\\\/\\\/secure.gravatar.com\\\/avatar\\\/ac5001d2a36cb6c6cd3e50789007ffca834b477b74a2144564522e944eabff61?s=96&d=mm&r=g\",\"contentUrl\":\"https:\\\/\\\/secure.gravatar.com\\\/avatar\\\/ac5001d2a36cb6c6cd3e50789007ffca834b477b74a2144564522e944eabff61?s=96&d=mm&r=g\",\"caption\":\"thomas.berner\"},\"url\":\"https:\\\/\\\/www.organisator.ch\\\/fr\\\/author\\\/thomas-berner\\\/\"}]}<\/script>\n<!-- \/ Yoast SEO plugin. -->","yoast_head_json":{"title":"La nouvelle plateforme New Work pour les entreprises est en ligne - Organisateur","description":"La plate-forme de travail Flesk termine sa phase b\u00eata de sept mois et a annonc\u00e9 son lancement officiel le 12 octobre.","robots":{"index":"index","follow":"follow","max-snippet":"max-snippet:-1","max-image-preview":"max-image-preview:large","max-video-preview":"max-video-preview:-1"},"canonical":"https:\/\/www.organisator.ch\/fr\/gestion-2\/2022-10-13\/neue-new-work-plattform-fuer-unternehmen-geht-live\/","og_locale":"fr_FR","og_type":"article","og_title":"Neue New-Work-Plattform f\u00fcr Unternehmen geht live","og_description":"Die New-Work-Plattform Flesk beendet seine siebenmonatige Beta-Phase und hat per 12. Oktober den offiziellen Go Live verk\u00fcndet.","og_url":"https:\/\/www.organisator.ch\/fr\/gestion-2\/2022-10-13\/neue-new-work-plattform-fuer-unternehmen-geht-live\/","og_site_name":"Organisator","article_publisher":"https:\/\/www.facebook.com\/OrganisatorFachmagazin","article_published_time":"2022-10-13T06:10:03+00:00","og_image":[{"width":680,"height":497,"url":"https:\/\/www.organisator.ch\/wp-content\/uploads\/2022\/10\/Neue-New-Work-Plattform-fuer-Unternehmen-geht-live_Organisator.jpg","type":"image\/jpeg"}],"author":"thomas.berner","twitter_card":"summary_large_image","twitter_title":"Neue #New-Work-Plattform f\u00fcr #Unternehmen geht live","twitter_description":"Die #New-Work-Plattform #Flesk beendet seine siebenmonatige #Beta-Phase und hat per 12. Oktober den offiziellen Go Live verk\u00fcndet.","twitter_image":"https:\/\/www.organisator.ch\/wp-content\/uploads\/2022\/10\/Neue-New-Work-Plattform-fuer-Unternehmen-geht-live_Organisator.jpg","schema":{"@context":"https:\/\/schema.org","@graph":[{"@type":"Article","@id":"https:\/\/www.organisator.ch\/management\/2022-10-13\/neue-new-work-plattform-fuer-unternehmen-geht-live\/#article","isPartOf":{"@id":"https:\/\/www.organisator.ch\/management\/2022-10-13\/neue-new-work-plattform-fuer-unternehmen-geht-live\/"},"author":{"name":"thomas.berner","@id":"https:\/\/www.organisator.ch\/#\/schema\/person\/6f650f90b2842cd4c0cc334b4e36f67e"},"headline":"Neue New-Work-Plattform f\u00fcr Unternehmen geht live","datePublished":"2022-10-13T06:10:03+00:00","mainEntityOfPage":{"@id":"https:\/\/www.organisator.ch\/management\/2022-10-13\/neue-new-work-plattform-fuer-unternehmen-geht-live\/"},"wordCount":477,"publisher":{"@id":"https:\/\/www.organisator.ch\/#organization"},"image":{"@id":"https:\/\/www.organisator.ch\/management\/2022-10-13\/neue-new-work-plattform-fuer-unternehmen-geht-live\/#primaryimage"},"thumbnailUrl":"https:\/\/www.organisator.ch\/wp-content\/uploads\/2022\/10\/Neue-New-Work-Plattform-fuer-Unternehmen-geht-live_Organisator.jpg","keywords":["Coworking","Nachhaltige Wirtschaft","New Work","Produkte"],"articleSection":["MANAGEMENT"],"inLanguage":"fr-FR"},{"@type":"WebPage","@id":"https:\/\/www.organisator.ch\/management\/2022-10-13\/neue-new-work-plattform-fuer-unternehmen-geht-live\/","url":"https:\/\/www.organisator.ch\/management\/2022-10-13\/neue-new-work-plattform-fuer-unternehmen-geht-live\/","name":"La nouvelle plateforme New Work pour les entreprises est en ligne - Organisateur","isPartOf":{"@id":"https:\/\/www.organisator.ch\/#website"},"primaryImageOfPage":{"@id":"https:\/\/www.organisator.ch\/management\/2022-10-13\/neue-new-work-plattform-fuer-unternehmen-geht-live\/#primaryimage"},"image":{"@id":"https:\/\/www.organisator.ch\/management\/2022-10-13\/neue-new-work-plattform-fuer-unternehmen-geht-live\/#primaryimage"},"thumbnailUrl":"https:\/\/www.organisator.ch\/wp-content\/uploads\/2022\/10\/Neue-New-Work-Plattform-fuer-Unternehmen-geht-live_Organisator.jpg","datePublished":"2022-10-13T06:10:03+00:00","description":"La plate-forme de travail Flesk termine sa phase b\u00eata de sept mois et a annonc\u00e9 son lancement officiel le 12 octobre.","breadcrumb":{"@id":"https:\/\/www.organisator.ch\/management\/2022-10-13\/neue-new-work-plattform-fuer-unternehmen-geht-live\/#breadcrumb"},"inLanguage":"fr-FR","potentialAction":[{"@type":"ReadAction","target":["https:\/\/www.organisator.ch\/management\/2022-10-13\/neue-new-work-plattform-fuer-unternehmen-geht-live\/"]}]},{"@type":"ImageObject","inLanguage":"fr-FR","@id":"https:\/\/www.organisator.ch\/management\/2022-10-13\/neue-new-work-plattform-fuer-unternehmen-geht-live\/#primaryimage","url":"https:\/\/www.organisator.ch\/wp-content\/uploads\/2022\/10\/Neue-New-Work-Plattform-fuer-Unternehmen-geht-live_Organisator.jpg","contentUrl":"https:\/\/www.organisator.ch\/wp-content\/uploads\/2022\/10\/Neue-New-Work-Plattform-fuer-Unternehmen-geht-live_Organisator.jpg","width":680,"height":497,"caption":"Flesk geht live: Eine neue New-Work-Plattform f\u00fcr Unternehmen zur Umsetzung flexibler Arbeitsmodelle. (Bild: zVg \/ Flesk)"},{"@type":"BreadcrumbList","@id":"https:\/\/www.organisator.ch\/management\/2022-10-13\/neue-new-work-plattform-fuer-unternehmen-geht-live\/#breadcrumb","itemListElement":[{"@type":"ListItem","position":1,"name":"Home","item":"https:\/\/www.organisator.ch\/"},{"@type":"ListItem","position":2,"name":"Neue New-Work-Plattform f\u00fcr Unternehmen geht live"}]},{"@type":"WebSite","@id":"https:\/\/www.organisator.ch\/#website","url":"https:\/\/www.organisator.ch\/","name":"Organisateur","description":"Comp\u00e9tence et comp\u00e9tence. Proches de la pratique. L'ORGANISATEUR pr\u00e9pare 10 num\u00e9ros par an sur les th\u00e8mes essentiels pour les dirigeants de PME.","publisher":{"@id":"https:\/\/www.organisator.ch\/#organization"},"potentialAction":[{"@type":"SearchAction","target":{"@type":"EntryPoint","urlTemplate":"https:\/\/www.organisator.ch\/?s={search_term_string}"},"query-input":{"@type":"PropertyValueSpecification","valueRequired":true,"valueName":"search_term_string"}}],"inLanguage":"fr-FR"},{"@type":"Organization","@id":"https:\/\/www.organisator.ch\/#organization","name":"Organisateur","url":"https:\/\/www.organisator.ch\/","logo":{"@type":"ImageObject","inLanguage":"fr-FR","@id":"https:\/\/www.organisator.ch\/#\/schema\/logo\/image\/","url":"https:\/\/www.organisator.ch\/wp-content\/uploads\/2022\/01\/Logo_Organisator_Website.png","contentUrl":"https:\/\/www.organisator.ch\/wp-content\/uploads\/2022\/01\/Logo_Organisator_Website.png","width":800,"height":77,"caption":"Organisator"},"image":{"@id":"https:\/\/www.organisator.ch\/#\/schema\/logo\/image\/"},"sameAs":["https:\/\/www.facebook.com\/OrganisatorFachmagazin","https:\/\/www.linkedin.com\/showcase\/organisator-das-magazin-fr-kmu","https:\/\/www.xing.com\/news\/pages\/organisator-ch-695","https:\/\/www.youtube.com\/channel\/UCGP2Sq0iWaZwT3BdIAQFYpw"]},{"@type":"Person","@id":"https:\/\/www.organisator.ch\/#\/schema\/person\/6f650f90b2842cd4c0cc334b4e36f67e","name":"thomas.berner","image":{"@type":"ImageObject","inLanguage":"fr-FR","@id":"https:\/\/secure.gravatar.com\/avatar\/ac5001d2a36cb6c6cd3e50789007ffca834b477b74a2144564522e944eabff61?s=96&d=mm&r=g","url":"https:\/\/secure.gravatar.com\/avatar\/ac5001d2a36cb6c6cd3e50789007ffca834b477b74a2144564522e944eabff61?s=96&d=mm&r=g","contentUrl":"https:\/\/secure.gravatar.com\/avatar\/ac5001d2a36cb6c6cd3e50789007ffca834b477b74a2144564522e944eabff61?s=96&d=mm&r=g","caption":"thomas.berner"},"url":"https:\/\/www.organisator.ch\/fr\/author\/thomas-berner\/"}]}},"_links":{"self":[{"href":"https:\/\/www.organisator.ch\/fr\/wp-json\/wp\/v2\/posts\/17242","targetHints":{"allow":["GET"]}}],"collection":[{"href":"https:\/\/www.organisator.ch\/fr\/wp-json\/wp\/v2\/posts"}],"about":[{"href":"https:\/\/www.organisator.ch\/fr\/wp-json\/wp\/v2\/types\/post"}],"author":[{"embeddable":true,"href":"https:\/\/www.organisator.ch\/fr\/wp-json\/wp\/v2\/users\/4"}],"replies":[{"embeddable":true,"href":"https:\/\/www.organisator.ch\/fr\/wp-json\/wp\/v2\/comments?post=17242"}],"version-history":[{"count":1,"href":"https:\/\/www.organisator.ch\/fr\/wp-json\/wp\/v2\/posts\/17242\/revisions"}],"predecessor-version":[{"id":17244,"href":"https:\/\/www.organisator.ch\/fr\/wp-json\/wp\/v2\/posts\/17242\/revisions\/17244"}],"wp:featuredmedia":[{"embeddable":true,"href":"https:\/\/www.organisator.ch\/fr\/wp-json\/wp\/v2\/media\/17243"}],"wp:attachment":[{"href":"https:\/\/www.organisator.ch\/fr\/wp-json\/wp\/v2\/media?parent=17242"}],"wp:term":[{"taxonomy":"category","embeddable":true,"href":"https:\/\/www.organisator.ch\/fr\/wp-json\/wp\/v2\/categories?post=17242"},{"taxonomy":"post_tag","embeddable":true,"href":"https:\/\/www.organisator.ch\/fr\/wp-json\/wp\/v2\/tags?post=17242"}],"curies":[{"name":"wp","href":"https:\/\/api.w.org\/{rel}","templated":true}]}}