{"id":17280,"date":"2022-10-18T04:25:23","date_gmt":"2022-10-18T02:25:23","guid":{"rendered":"https:\/\/www.organisator.ch\/?p=17280"},"modified":"2022-10-27T15:19:31","modified_gmt":"2022-10-27T13:19:31","slug":"die-top-5-tech-trends-fuer-2023","status":"publish","type":"post","link":"https:\/\/www.organisator.ch\/fr\/allgemein\/2022-10-18\/die-top-5-tech-trends-fuer-2023\/","title":{"rendered":"Le top 5 des tendances tech pour 2023"},"content":{"rendered":"<figure id=\"attachment_17281\" aria-describedby=\"caption-attachment-17281\" style=\"width: 680px\" class=\"wp-caption alignnone\"><img loading=\"lazy\" decoding=\"async\" class=\"size-full wp-image-17281\" src=\"https:\/\/www.organisator.ch\/wp-content\/uploads\/2022\/10\/Die-Top-5-Tech-Trends-fuer-2023_Organisator.jpg\" alt=\"\" width=\"680\" height=\"625\" srcset=\"https:\/\/www.organisator.ch\/wp-content\/uploads\/2022\/10\/Die-Top-5-Tech-Trends-fuer-2023_Organisator.jpg 680w, https:\/\/www.organisator.ch\/wp-content\/uploads\/2022\/10\/Die-Top-5-Tech-Trends-fuer-2023_Organisator-13x12.jpg 13w, https:\/\/www.organisator.ch\/wp-content\/uploads\/2022\/10\/Die-Top-5-Tech-Trends-fuer-2023_Organisator-190x175.jpg 190w, https:\/\/www.organisator.ch\/wp-content\/uploads\/2022\/10\/Die-Top-5-Tech-Trends-fuer-2023_Organisator-381x350.jpg 381w, https:\/\/www.organisator.ch\/wp-content\/uploads\/2022\/10\/Die-Top-5-Tech-Trends-fuer-2023_Organisator-300x276.jpg 300w\" sizes=\"auto, (max-width: 680px) 100vw, 680px\" \/><figcaption id=\"caption-attachment-17281\" class=\"wp-caption-text\">Les principales tendances tech en comparaison annuelle. (Graphique : BearingPoint)<\/figcaption><\/figure>\n<p>Selon le cabinet de conseil en management et technologie BearingPoint, les 5 tendances tech suivantes seront particuli\u00e8rement au centre des pr\u00e9occupations des entreprises l'ann\u00e9e prochaine : IA g\u00e9n\u00e9rative, Metaverse, plateformes cloud-natives, Embedded Data &amp; Analytics et Zero Trust at Scale. Pour d\u00e9couvrir ces tendances, plus de 1200 conseillers en technologie ont \u00e9t\u00e9 interrog\u00e9s.<\/p>\n<h3>L'IA toujours n\u00b01 des tendances technologiques<\/h3>\n<p>Selon les participants \u00e0 l'enqu\u00eate, l'intelligence artificielle (IA) est toujours en t\u00eate des tendances, mais avec un nouvel accent par rapport \u00e0 l'ann\u00e9e pr\u00e9c\u00e9dente. Cette ann\u00e9e, Metaverse a \u00e9t\u00e9 ajout\u00e9 \u00e0 la liste des principales tendances technologiques - cette tendance est \u00e9galement consid\u00e9r\u00e9e comme jouant un r\u00f4le important pour rendre les entreprises plus durables. Les donn\u00e9es int\u00e9gr\u00e9es et l'analytique occupent la quatri\u00e8me place pour la deuxi\u00e8me ann\u00e9e cons\u00e9cutive.<\/p>\n<p>Stefan Pechardscheck, responsable mondial de la technologie chez BearingPoint, commente ces conclusions comme suit : \"Nos nouvelles tendances technologiques r\u00e9pondent aux d\u00e9fis les plus urgents auxquels les entreprises sont confront\u00e9es. Nos cinq principales tendances technologiques pour 2023 sont de v\u00e9ritables game changers et peuvent constituer la base de nouveaux mod\u00e8les commerciaux. Les nouvelles tendances comme le m\u00e9tavers - dans lequel le num\u00e9rique et le r\u00e9el fusionnent - joueront un grand r\u00f4le dans la soci\u00e9t\u00e9, tout comme la durabilit\u00e9 par la substitution ou l'optimisation. Nos clients peuvent profiter de toutes ces technologies. Les outils num\u00e9riques s'am\u00e9liorent, les possibilit\u00e9s se multiplient et les entreprises ont davantage de potentiel pour cr\u00e9er de la valeur\".<\/p>\n<h3><strong>1. l'IA g\u00e9n\u00e9rative - acc\u00e9l\u00e9rer l'innovation gr\u00e2ce aux nouvelles donn\u00e9es<\/strong><\/h3>\n<p>L'IA g\u00e9n\u00e9rative est un terme large qui d\u00e9crit tout type d'intelligence artificielle qui utilise des algorithmes d'apprentissage pour g\u00e9n\u00e9rer de nouveaux objets num\u00e9riques tels que des images, des vid\u00e9os, de l'audio, du texte et du code. Le but d'un mod\u00e8le d'IA g\u00e9n\u00e9rative est de g\u00e9n\u00e9rer des donn\u00e9es synth\u00e9tiques et d'apprendre au mod\u00e8le \u00e0 tirer des conclusions sur les donn\u00e9es d'apprentissage les plus importantes.<\/p>\n<p>Alors que l'IA g\u00e9n\u00e9rative est souvent associ\u00e9e aux deep fakes, cette technologie joue un r\u00f4le de plus en plus important dans l'automatisation des processus r\u00e9p\u00e9titifs utilis\u00e9s dans la correction num\u00e9rique des images et de l'audio. L'IA g\u00e9n\u00e9rative est \u00e9galement utilis\u00e9e de mani\u00e8re exp\u00e9rimentale dans la fabrication comme outil de prototypage rapide et dans l'industrie pour am\u00e9liorer l'augmentation des donn\u00e9es pour l'automatisation des processus (RPA).<\/p>\n<p>Tomas Chroust, partenaire chez BearingPoint : \"Les solutions d'IA ne se contentent pas de faire des pr\u00e9visions, mais peuvent g\u00e9n\u00e9rer de nouvelles id\u00e9es sur la base de donn\u00e9es existantes. L'intelligence artificielle ouvre ainsi de nouvelles dimensions \u00e0 l'innovation\".<\/p>\n<h3><strong>2. m\u00e9taverse - fusion du num\u00e9rique et du r\u00e9el<\/strong><\/h3>\n<p>Le Metaverse brouille les fronti\u00e8res entre le monde physique et le monde num\u00e9rique, entre la r\u00e9alit\u00e9 r\u00e9elle et la r\u00e9alit\u00e9 virtuelle - un r\u00e9seau de mondes virtuels en 3D dans lequel les casques VR et AR permettent des connexions sociales. Le Metaverse est un univers num\u00e9rique permanent et vivant qui offre aux individus un sentiment de capacit\u00e9 d'action, de pr\u00e9sence sociale, une conscience spatiale commune et la possibilit\u00e9 de participer \u00e0 une vaste \u00e9conomie virtuelle ayant un profond impact sur la soci\u00e9t\u00e9.<\/p>\n<p>De plus, le Metaverse peut aider \u00e0 la transformation \u00e9cologique en aidant \u00e0 r\u00e9duire les \u00e9missions de CO2, que ce soit en rempla\u00e7ant les biens physiques et les r\u00e9unions par des solutions num\u00e9riques, en rempla\u00e7ant la pr\u00e9sence r\u00e9elle par des interactions virtuelles ou par des jumeaux num\u00e9riques qui nous aideront \u00e0 optimiser le monde physique.<\/p>\n<h3><strong>3. les plateformes natives du cloud - de nouvelles fa\u00e7ons de d\u00e9velopper des produits<\/strong><\/h3>\n<p>\u00c9tant donn\u00e9 que la plupart des organisations publiques et priv\u00e9es ont migr\u00e9 leurs syst\u00e8mes d'information h\u00e9rit\u00e9s vers le cloud selon le mod\u00e8le 6R (Rehost, Replatform, Repurchase, Rearchitecting, Retire and Retain), les \u00e9quipes de d\u00e9veloppement utilisent d\u00e9sormais des cadres et des plateformes cloud pour cr\u00e9er de nouvelles applications. Cette nouvelle approche du d\u00e9veloppement de produits est motiv\u00e9e par les promesses traditionnelles du cloud, telles que l'acc\u00e9l\u00e9ration des cycles de d\u00e9veloppement de produits, l'\u00e9volutivit\u00e9 des services g\u00e9r\u00e9s, les fonctionnalit\u00e9s innovantes du cloud (sans serveur, apprentissage automatique, analyses avanc\u00e9es) et les technologies durables, r\u00e9silientes et hautement automatis\u00e9es.<\/p>\n<p>Cette r\u00e9volution dans le d\u00e9veloppement de nouvelles applications pose des d\u00e9fis en termes de gestion du changement, des fournisseurs et des co\u00fbts et a un impact important sur la mani\u00e8re dont les organisations informatiques g\u00e8rent les talents et la culture d'entreprise.<\/p>\n<h3><strong>4. donn\u00e9es et analyses embarqu\u00e9es - pas de succ\u00e8s sans cas d'application r\u00e9alisables <\/strong><\/h3>\n<p>Les entreprises qui r\u00e9ussissent adoptent une approche globale et int\u00e8grent en permanence les donn\u00e9es et les analyses dans leur activit\u00e9. Elles sont \u00e9galement \u00e0 l'aff\u00fbt des nouvelles tendances et s'adaptent en cons\u00e9quence. Ce faisant, elles se d\u00e9placent toujours le long d'une feuille de route avec des initiatives et des cas d'utilisation qui les m\u00e8nent \u00e0 leurs objectifs. Les entreprises doivent d\u00e9finir et hi\u00e9rarchiser les cas d'utilisation r\u00e9alisables et travailler avec un plan global. Sans de tels cas d'utilisation et un plan correspondant, l'analyse des donn\u00e9es ne m\u00e8nera pas loin.<\/p>\n<h3><strong>5) Zero Trust at Scale - La cybers\u00e9curit\u00e9 au c\u0153ur de l'architecture de la s\u00e9curit\u00e9 de l'information<\/strong><\/h3>\n<p>Les entreprises op\u00e8rent de plus en plus dans des \u00e9cosyst\u00e8mes commerciaux complexes. Ceux-ci n\u00e9cessitent des connexions aux ressources informatiques d'un grand nombre d'utilisateurs issus de diff\u00e9rentes organisations, qui se connectent de n'importe o\u00f9 et depuis n'importe quel appareil. Tout cela se d\u00e9roule dans un contexte d'explosion des cybermenaces, qui n\u00e9cessite la promotion de la confiance z\u00e9ro comme principe architectural central. C'est pourquoi les responsables de la s\u00e9curit\u00e9 de l'information doivent mettre en \u0153uvre \u00e0 grande \u00e9chelle des solutions compl\u00e8tes, dynamiques et granulaires de contr\u00f4le des identit\u00e9s et des acc\u00e8s.<\/p>\n<p><em>Source : <a href=\"http:\/\/www.bearingpoint.com\">BearingPoint<\/a><\/em><\/p>","protected":false},"excerpt":{"rendered":"<p>Laut der Management- und Technologieberatung BearingPoint werden folgende 5 Tech-Trends im n\u00e4chsten Jahr besonders im Fokus der Unternehmen stehen: Generative KI, Metaverse, Cloud-native Plattformen, Embedded Data &amp; Analytics und Zero Trust at Scale. Um diese Trends herauszufinden, wurden \u00fcber 1200 Technologieberaterinnen und -berater befragt. KI immer noch Nr. 1 bei den Tech-Trends Den Umfrage-Teilnehmenden zufolge [&hellip;]<\/p>\n","protected":false},"author":4,"featured_media":0,"comment_status":"closed","ping_status":"closed","sticky":false,"template":"","format":"standard","meta":{"_acf_changed":false,"_yoast_wpseo_focuskw":"Tech-Trends","_yoast_wpseo_metadesc":"Die Management- und Technologieberatung BearingPoint hat in einer Befragung die wichtigsten Tech-Trends f\u00fcr 2023 identifiziert.","articlekey":"","footnotes":""},"categories":[1],"tags":[156,475,485,487],"class_list":["post-17280","post","type-post","status-publish","format-standard","hentry","category-allgemein","tag-digitalisierung","tag-technologie","tag-trends","tag-umfrage"],"acf":[],"yoast_head":"<!-- This site is optimized with the Yoast SEO plugin v27.5 - https:\/\/yoast.com\/product\/yoast-seo-wordpress\/ -->\n<title>Die Top 5 Tech-Trends f\u00fcr 2023 - Organisator<\/title>\n<meta name=\"description\" content=\"Die Management- und Technologieberatung BearingPoint hat in einer Befragung die wichtigsten Tech-Trends f\u00fcr 2023 identifiziert.\" \/>\n<meta name=\"robots\" content=\"index, follow, max-snippet:-1, max-image-preview:large, max-video-preview:-1\" \/>\n<link rel=\"canonical\" href=\"https:\/\/www.organisator.ch\/fr\/general\/2022-10-18\/die-top-5-tech-trends-fuer-2023\/\" \/>\n<meta property=\"og:locale\" content=\"fr_FR\" \/>\n<meta property=\"og:type\" content=\"article\" \/>\n<meta property=\"og:title\" content=\"Die Top 5 Tech-Trends f\u00fcr 2023\" \/>\n<meta property=\"og:description\" content=\"Die Management- und Technologieberatung BearingPoint hat in einer Befragung die wichtigsten Tech-Trends f\u00fcr 2023 identifiziert.\" \/>\n<meta property=\"og:url\" content=\"https:\/\/www.organisator.ch\/fr\/general\/2022-10-18\/die-top-5-tech-trends-fuer-2023\/\" \/>\n<meta property=\"og:site_name\" content=\"Organisator\" \/>\n<meta property=\"article:publisher\" content=\"https:\/\/www.facebook.com\/OrganisatorFachmagazin\" \/>\n<meta property=\"article:published_time\" content=\"2022-10-18T02:25:23+00:00\" \/>\n<meta property=\"article:modified_time\" content=\"2022-10-27T13:19:31+00:00\" \/>\n<meta property=\"og:image\" content=\"https:\/\/www.organisator.ch\/wp-content\/uploads\/2022\/10\/Die-Top-5-Tech-Trends-fuer-2023_Organisator.jpg\" \/>\n\t<meta property=\"og:image:width\" content=\"680\" \/>\n\t<meta property=\"og:image:height\" content=\"625\" \/>\n\t<meta property=\"og:image:type\" content=\"image\/jpeg\" \/>\n<meta name=\"author\" content=\"thomas.berner\" \/>\n<meta name=\"twitter:card\" content=\"summary_large_image\" \/>\n<meta name=\"twitter:title\" content=\"Die Top 5 #Tech-Trends f\u00fcr #2023\" \/>\n<meta name=\"twitter:description\" content=\"Die Management- und Technologieberatung #BearingPoint hat in einer #Befragung die wichtigsten #Tech-Trends f\u00fcr 2023 identifiziert.\" \/>\n<meta name=\"twitter:image\" content=\"https:\/\/www.organisator.ch\/wp-content\/uploads\/2022\/10\/Die-Top-5-Tech-Trends-fuer-2023_Organisator.jpg\" \/>\n<script type=\"application\/ld+json\" class=\"yoast-schema-graph\">{\"@context\":\"https:\\\/\\\/schema.org\",\"@graph\":[{\"@type\":\"Article\",\"@id\":\"https:\\\/\\\/www.organisator.ch\\\/allgemein\\\/2022-10-18\\\/die-top-5-tech-trends-fuer-2023\\\/#article\",\"isPartOf\":{\"@id\":\"https:\\\/\\\/www.organisator.ch\\\/allgemein\\\/2022-10-18\\\/die-top-5-tech-trends-fuer-2023\\\/\"},\"author\":{\"name\":\"thomas.berner\",\"@id\":\"https:\\\/\\\/www.organisator.ch\\\/#\\\/schema\\\/person\\\/6f650f90b2842cd4c0cc334b4e36f67e\"},\"headline\":\"Die Top 5 Tech-Trends f\u00fcr 2023\",\"datePublished\":\"2022-10-18T02:25:23+00:00\",\"dateModified\":\"2022-10-27T13:19:31+00:00\",\"mainEntityOfPage\":{\"@id\":\"https:\\\/\\\/www.organisator.ch\\\/allgemein\\\/2022-10-18\\\/die-top-5-tech-trends-fuer-2023\\\/\"},\"wordCount\":807,\"publisher\":{\"@id\":\"https:\\\/\\\/www.organisator.ch\\\/#organization\"},\"image\":{\"@id\":\"https:\\\/\\\/www.organisator.ch\\\/allgemein\\\/2022-10-18\\\/die-top-5-tech-trends-fuer-2023\\\/#primaryimage\"},\"thumbnailUrl\":\"https:\\\/\\\/www.organisator.ch\\\/wp-content\\\/uploads\\\/2022\\\/10\\\/Die-Top-5-Tech-Trends-fuer-2023_Organisator.jpg\",\"keywords\":[\"Digitalisierung\",\"Technologie\",\"Trends\",\"Umfrage\"],\"articleSection\":[\"Allgemein\"],\"inLanguage\":\"fr-FR\"},{\"@type\":\"WebPage\",\"@id\":\"https:\\\/\\\/www.organisator.ch\\\/allgemein\\\/2022-10-18\\\/die-top-5-tech-trends-fuer-2023\\\/\",\"url\":\"https:\\\/\\\/www.organisator.ch\\\/allgemein\\\/2022-10-18\\\/die-top-5-tech-trends-fuer-2023\\\/\",\"name\":\"Die Top 5 Tech-Trends f\u00fcr 2023 - Organisator\",\"isPartOf\":{\"@id\":\"https:\\\/\\\/www.organisator.ch\\\/#website\"},\"primaryImageOfPage\":{\"@id\":\"https:\\\/\\\/www.organisator.ch\\\/allgemein\\\/2022-10-18\\\/die-top-5-tech-trends-fuer-2023\\\/#primaryimage\"},\"image\":{\"@id\":\"https:\\\/\\\/www.organisator.ch\\\/allgemein\\\/2022-10-18\\\/die-top-5-tech-trends-fuer-2023\\\/#primaryimage\"},\"thumbnailUrl\":\"https:\\\/\\\/www.organisator.ch\\\/wp-content\\\/uploads\\\/2022\\\/10\\\/Die-Top-5-Tech-Trends-fuer-2023_Organisator.jpg\",\"datePublished\":\"2022-10-18T02:25:23+00:00\",\"dateModified\":\"2022-10-27T13:19:31+00:00\",\"description\":\"Die Management- und Technologieberatung BearingPoint hat in einer Befragung die wichtigsten Tech-Trends f\u00fcr 2023 identifiziert.\",\"breadcrumb\":{\"@id\":\"https:\\\/\\\/www.organisator.ch\\\/allgemein\\\/2022-10-18\\\/die-top-5-tech-trends-fuer-2023\\\/#breadcrumb\"},\"inLanguage\":\"fr-FR\",\"potentialAction\":[{\"@type\":\"ReadAction\",\"target\":[\"https:\\\/\\\/www.organisator.ch\\\/allgemein\\\/2022-10-18\\\/die-top-5-tech-trends-fuer-2023\\\/\"]}]},{\"@type\":\"ImageObject\",\"inLanguage\":\"fr-FR\",\"@id\":\"https:\\\/\\\/www.organisator.ch\\\/allgemein\\\/2022-10-18\\\/die-top-5-tech-trends-fuer-2023\\\/#primaryimage\",\"url\":\"https:\\\/\\\/www.organisator.ch\\\/wp-content\\\/uploads\\\/2022\\\/10\\\/Die-Top-5-Tech-Trends-fuer-2023_Organisator.jpg\",\"contentUrl\":\"https:\\\/\\\/www.organisator.ch\\\/wp-content\\\/uploads\\\/2022\\\/10\\\/Die-Top-5-Tech-Trends-fuer-2023_Organisator.jpg\"},{\"@type\":\"BreadcrumbList\",\"@id\":\"https:\\\/\\\/www.organisator.ch\\\/allgemein\\\/2022-10-18\\\/die-top-5-tech-trends-fuer-2023\\\/#breadcrumb\",\"itemListElement\":[{\"@type\":\"ListItem\",\"position\":1,\"name\":\"Home\",\"item\":\"https:\\\/\\\/www.organisator.ch\\\/\"},{\"@type\":\"ListItem\",\"position\":2,\"name\":\"Die Top 5 Tech-Trends f\u00fcr 2023\"}]},{\"@type\":\"WebSite\",\"@id\":\"https:\\\/\\\/www.organisator.ch\\\/#website\",\"url\":\"https:\\\/\\\/www.organisator.ch\\\/\",\"name\":\"Organisator\",\"description\":\"Kompetent. Praxisnah. Der ORGANISATOR bereitet in 10 Ausgaben pro Jahr die wesentlichen Themen f\u00fcr F\u00fchrungskr\u00e4fte von KMU auf.\",\"publisher\":{\"@id\":\"https:\\\/\\\/www.organisator.ch\\\/#organization\"},\"potentialAction\":[{\"@type\":\"SearchAction\",\"target\":{\"@type\":\"EntryPoint\",\"urlTemplate\":\"https:\\\/\\\/www.organisator.ch\\\/?s={search_term_string}\"},\"query-input\":{\"@type\":\"PropertyValueSpecification\",\"valueRequired\":true,\"valueName\":\"search_term_string\"}}],\"inLanguage\":\"fr-FR\"},{\"@type\":\"Organization\",\"@id\":\"https:\\\/\\\/www.organisator.ch\\\/#organization\",\"name\":\"Organisator\",\"url\":\"https:\\\/\\\/www.organisator.ch\\\/\",\"logo\":{\"@type\":\"ImageObject\",\"inLanguage\":\"fr-FR\",\"@id\":\"https:\\\/\\\/www.organisator.ch\\\/#\\\/schema\\\/logo\\\/image\\\/\",\"url\":\"https:\\\/\\\/www.organisator.ch\\\/wp-content\\\/uploads\\\/2022\\\/01\\\/Logo_Organisator_Website.png\",\"contentUrl\":\"https:\\\/\\\/www.organisator.ch\\\/wp-content\\\/uploads\\\/2022\\\/01\\\/Logo_Organisator_Website.png\",\"width\":800,\"height\":77,\"caption\":\"Organisator\"},\"image\":{\"@id\":\"https:\\\/\\\/www.organisator.ch\\\/#\\\/schema\\\/logo\\\/image\\\/\"},\"sameAs\":[\"https:\\\/\\\/www.facebook.com\\\/OrganisatorFachmagazin\",\"https:\\\/\\\/www.linkedin.com\\\/showcase\\\/organisator-das-magazin-fr-kmu\",\"https:\\\/\\\/www.xing.com\\\/news\\\/pages\\\/organisator-ch-695\",\"https:\\\/\\\/www.youtube.com\\\/channel\\\/UCGP2Sq0iWaZwT3BdIAQFYpw\"]},{\"@type\":\"Person\",\"@id\":\"https:\\\/\\\/www.organisator.ch\\\/#\\\/schema\\\/person\\\/6f650f90b2842cd4c0cc334b4e36f67e\",\"name\":\"thomas.berner\",\"image\":{\"@type\":\"ImageObject\",\"inLanguage\":\"fr-FR\",\"@id\":\"https:\\\/\\\/secure.gravatar.com\\\/avatar\\\/ac5001d2a36cb6c6cd3e50789007ffca834b477b74a2144564522e944eabff61?s=96&d=mm&r=g\",\"url\":\"https:\\\/\\\/secure.gravatar.com\\\/avatar\\\/ac5001d2a36cb6c6cd3e50789007ffca834b477b74a2144564522e944eabff61?s=96&d=mm&r=g\",\"contentUrl\":\"https:\\\/\\\/secure.gravatar.com\\\/avatar\\\/ac5001d2a36cb6c6cd3e50789007ffca834b477b74a2144564522e944eabff61?s=96&d=mm&r=g\",\"caption\":\"thomas.berner\"},\"url\":\"https:\\\/\\\/www.organisator.ch\\\/fr\\\/author\\\/thomas-berner\\\/\"}]}<\/script>\n<!-- \/ Yoast SEO plugin. -->","yoast_head_json":{"title":"Le top 5 des tendances tech pour 2023 - Organisateur","description":"Le cabinet de conseil en management et technologie BearingPoint a identifi\u00e9 dans une enqu\u00eate les principales tendances tech pour 2023.","robots":{"index":"index","follow":"follow","max-snippet":"max-snippet:-1","max-image-preview":"max-image-preview:large","max-video-preview":"max-video-preview:-1"},"canonical":"https:\/\/www.organisator.ch\/fr\/general\/2022-10-18\/die-top-5-tech-trends-fuer-2023\/","og_locale":"fr_FR","og_type":"article","og_title":"Die Top 5 Tech-Trends f\u00fcr 2023","og_description":"Die Management- und Technologieberatung BearingPoint hat in einer Befragung die wichtigsten Tech-Trends f\u00fcr 2023 identifiziert.","og_url":"https:\/\/www.organisator.ch\/fr\/general\/2022-10-18\/die-top-5-tech-trends-fuer-2023\/","og_site_name":"Organisator","article_publisher":"https:\/\/www.facebook.com\/OrganisatorFachmagazin","article_published_time":"2022-10-18T02:25:23+00:00","article_modified_time":"2022-10-27T13:19:31+00:00","og_image":[{"width":680,"height":625,"url":"https:\/\/www.organisator.ch\/wp-content\/uploads\/2022\/10\/Die-Top-5-Tech-Trends-fuer-2023_Organisator.jpg","type":"image\/jpeg"}],"author":"thomas.berner","twitter_card":"summary_large_image","twitter_title":"Die Top 5 #Tech-Trends f\u00fcr #2023","twitter_description":"Die Management- und Technologieberatung #BearingPoint hat in einer #Befragung die wichtigsten #Tech-Trends f\u00fcr 2023 identifiziert.","twitter_image":"https:\/\/www.organisator.ch\/wp-content\/uploads\/2022\/10\/Die-Top-5-Tech-Trends-fuer-2023_Organisator.jpg","schema":{"@context":"https:\/\/schema.org","@graph":[{"@type":"Article","@id":"https:\/\/www.organisator.ch\/allgemein\/2022-10-18\/die-top-5-tech-trends-fuer-2023\/#article","isPartOf":{"@id":"https:\/\/www.organisator.ch\/allgemein\/2022-10-18\/die-top-5-tech-trends-fuer-2023\/"},"author":{"name":"thomas.berner","@id":"https:\/\/www.organisator.ch\/#\/schema\/person\/6f650f90b2842cd4c0cc334b4e36f67e"},"headline":"Die Top 5 Tech-Trends f\u00fcr 2023","datePublished":"2022-10-18T02:25:23+00:00","dateModified":"2022-10-27T13:19:31+00:00","mainEntityOfPage":{"@id":"https:\/\/www.organisator.ch\/allgemein\/2022-10-18\/die-top-5-tech-trends-fuer-2023\/"},"wordCount":807,"publisher":{"@id":"https:\/\/www.organisator.ch\/#organization"},"image":{"@id":"https:\/\/www.organisator.ch\/allgemein\/2022-10-18\/die-top-5-tech-trends-fuer-2023\/#primaryimage"},"thumbnailUrl":"https:\/\/www.organisator.ch\/wp-content\/uploads\/2022\/10\/Die-Top-5-Tech-Trends-fuer-2023_Organisator.jpg","keywords":["Digitalisierung","Technologie","Trends","Umfrage"],"articleSection":["Allgemein"],"inLanguage":"fr-FR"},{"@type":"WebPage","@id":"https:\/\/www.organisator.ch\/allgemein\/2022-10-18\/die-top-5-tech-trends-fuer-2023\/","url":"https:\/\/www.organisator.ch\/allgemein\/2022-10-18\/die-top-5-tech-trends-fuer-2023\/","name":"Le top 5 des tendances tech pour 2023 - Organisateur","isPartOf":{"@id":"https:\/\/www.organisator.ch\/#website"},"primaryImageOfPage":{"@id":"https:\/\/www.organisator.ch\/allgemein\/2022-10-18\/die-top-5-tech-trends-fuer-2023\/#primaryimage"},"image":{"@id":"https:\/\/www.organisator.ch\/allgemein\/2022-10-18\/die-top-5-tech-trends-fuer-2023\/#primaryimage"},"thumbnailUrl":"https:\/\/www.organisator.ch\/wp-content\/uploads\/2022\/10\/Die-Top-5-Tech-Trends-fuer-2023_Organisator.jpg","datePublished":"2022-10-18T02:25:23+00:00","dateModified":"2022-10-27T13:19:31+00:00","description":"Le cabinet de conseil en management et technologie BearingPoint a identifi\u00e9 dans une enqu\u00eate les principales tendances tech pour 2023.","breadcrumb":{"@id":"https:\/\/www.organisator.ch\/allgemein\/2022-10-18\/die-top-5-tech-trends-fuer-2023\/#breadcrumb"},"inLanguage":"fr-FR","potentialAction":[{"@type":"ReadAction","target":["https:\/\/www.organisator.ch\/allgemein\/2022-10-18\/die-top-5-tech-trends-fuer-2023\/"]}]},{"@type":"ImageObject","inLanguage":"fr-FR","@id":"https:\/\/www.organisator.ch\/allgemein\/2022-10-18\/die-top-5-tech-trends-fuer-2023\/#primaryimage","url":"https:\/\/www.organisator.ch\/wp-content\/uploads\/2022\/10\/Die-Top-5-Tech-Trends-fuer-2023_Organisator.jpg","contentUrl":"https:\/\/www.organisator.ch\/wp-content\/uploads\/2022\/10\/Die-Top-5-Tech-Trends-fuer-2023_Organisator.jpg"},{"@type":"BreadcrumbList","@id":"https:\/\/www.organisator.ch\/allgemein\/2022-10-18\/die-top-5-tech-trends-fuer-2023\/#breadcrumb","itemListElement":[{"@type":"ListItem","position":1,"name":"Home","item":"https:\/\/www.organisator.ch\/"},{"@type":"ListItem","position":2,"name":"Die Top 5 Tech-Trends f\u00fcr 2023"}]},{"@type":"WebSite","@id":"https:\/\/www.organisator.ch\/#website","url":"https:\/\/www.organisator.ch\/","name":"Organisateur","description":"Comp\u00e9tence et comp\u00e9tence. Proches de la pratique. L'ORGANISATEUR pr\u00e9pare 10 num\u00e9ros par an sur les th\u00e8mes essentiels pour les dirigeants de PME.","publisher":{"@id":"https:\/\/www.organisator.ch\/#organization"},"potentialAction":[{"@type":"SearchAction","target":{"@type":"EntryPoint","urlTemplate":"https:\/\/www.organisator.ch\/?s={search_term_string}"},"query-input":{"@type":"PropertyValueSpecification","valueRequired":true,"valueName":"search_term_string"}}],"inLanguage":"fr-FR"},{"@type":"Organization","@id":"https:\/\/www.organisator.ch\/#organization","name":"Organisateur","url":"https:\/\/www.organisator.ch\/","logo":{"@type":"ImageObject","inLanguage":"fr-FR","@id":"https:\/\/www.organisator.ch\/#\/schema\/logo\/image\/","url":"https:\/\/www.organisator.ch\/wp-content\/uploads\/2022\/01\/Logo_Organisator_Website.png","contentUrl":"https:\/\/www.organisator.ch\/wp-content\/uploads\/2022\/01\/Logo_Organisator_Website.png","width":800,"height":77,"caption":"Organisator"},"image":{"@id":"https:\/\/www.organisator.ch\/#\/schema\/logo\/image\/"},"sameAs":["https:\/\/www.facebook.com\/OrganisatorFachmagazin","https:\/\/www.linkedin.com\/showcase\/organisator-das-magazin-fr-kmu","https:\/\/www.xing.com\/news\/pages\/organisator-ch-695","https:\/\/www.youtube.com\/channel\/UCGP2Sq0iWaZwT3BdIAQFYpw"]},{"@type":"Person","@id":"https:\/\/www.organisator.ch\/#\/schema\/person\/6f650f90b2842cd4c0cc334b4e36f67e","name":"thomas.berner","image":{"@type":"ImageObject","inLanguage":"fr-FR","@id":"https:\/\/secure.gravatar.com\/avatar\/ac5001d2a36cb6c6cd3e50789007ffca834b477b74a2144564522e944eabff61?s=96&d=mm&r=g","url":"https:\/\/secure.gravatar.com\/avatar\/ac5001d2a36cb6c6cd3e50789007ffca834b477b74a2144564522e944eabff61?s=96&d=mm&r=g","contentUrl":"https:\/\/secure.gravatar.com\/avatar\/ac5001d2a36cb6c6cd3e50789007ffca834b477b74a2144564522e944eabff61?s=96&d=mm&r=g","caption":"thomas.berner"},"url":"https:\/\/www.organisator.ch\/fr\/author\/thomas-berner\/"}]}},"_links":{"self":[{"href":"https:\/\/www.organisator.ch\/fr\/wp-json\/wp\/v2\/posts\/17280","targetHints":{"allow":["GET"]}}],"collection":[{"href":"https:\/\/www.organisator.ch\/fr\/wp-json\/wp\/v2\/posts"}],"about":[{"href":"https:\/\/www.organisator.ch\/fr\/wp-json\/wp\/v2\/types\/post"}],"author":[{"embeddable":true,"href":"https:\/\/www.organisator.ch\/fr\/wp-json\/wp\/v2\/users\/4"}],"replies":[{"embeddable":true,"href":"https:\/\/www.organisator.ch\/fr\/wp-json\/wp\/v2\/comments?post=17280"}],"version-history":[{"count":1,"href":"https:\/\/www.organisator.ch\/fr\/wp-json\/wp\/v2\/posts\/17280\/revisions"}],"predecessor-version":[{"id":17282,"href":"https:\/\/www.organisator.ch\/fr\/wp-json\/wp\/v2\/posts\/17280\/revisions\/17282"}],"wp:attachment":[{"href":"https:\/\/www.organisator.ch\/fr\/wp-json\/wp\/v2\/media?parent=17280"}],"wp:term":[{"taxonomy":"category","embeddable":true,"href":"https:\/\/www.organisator.ch\/fr\/wp-json\/wp\/v2\/categories?post=17280"},{"taxonomy":"post_tag","embeddable":true,"href":"https:\/\/www.organisator.ch\/fr\/wp-json\/wp\/v2\/tags?post=17280"}],"curies":[{"name":"wp","href":"https:\/\/api.w.org\/{rel}","templated":true}]}}