{"id":17289,"date":"2022-10-25T03:05:26","date_gmt":"2022-10-25T01:05:26","guid":{"rendered":"https:\/\/www.organisator.ch\/?p=17289"},"modified":"2022-10-14T13:21:05","modified_gmt":"2022-10-14T11:21:05","slug":"positive-veraenderung-durch-wertschaetzende-mitarbeiterfuehrung","status":"publish","type":"post","link":"https:\/\/www.organisator.ch\/fr\/human-resources\/2022-10-25\/positive-veraenderung-durch-wertschaetzende-mitarbeiterfuehrung\/","title":{"rendered":"Un changement positif gr\u00e2ce \u00e0 un management respectueux des collaborateurs"},"content":{"rendered":"<figure id=\"attachment_17294\" aria-describedby=\"caption-attachment-17294\" style=\"width: 680px\" class=\"wp-caption alignnone\"><img loading=\"lazy\" decoding=\"async\" class=\"size-full wp-image-17294\" src=\"https:\/\/www.organisator.ch\/wp-content\/uploads\/2022\/10\/PR_Helsana_Bild.jpg\" alt=\"\" width=\"680\" height=\"453\" srcset=\"https:\/\/www.organisator.ch\/wp-content\/uploads\/2022\/10\/PR_Helsana_Bild.jpg 680w, https:\/\/www.organisator.ch\/wp-content\/uploads\/2022\/10\/PR_Helsana_Bild-18x12.jpg 18w, https:\/\/www.organisator.ch\/wp-content\/uploads\/2022\/10\/PR_Helsana_Bild-263x175.jpg 263w, https:\/\/www.organisator.ch\/wp-content\/uploads\/2022\/10\/PR_Helsana_Bild-525x350.jpg 525w, https:\/\/www.organisator.ch\/wp-content\/uploads\/2022\/10\/PR_Helsana_Bild-300x200.jpg 300w\" sizes=\"auto, (max-width: 680px) 100vw, 680px\" \/><figcaption id=\"caption-attachment-17294\" class=\"wp-caption-text\">(Image : Helsana)<\/figcaption><\/figure>\n<p><em>Madame Colmenero, pourquoi vaut-il la peine d'investir dans une gestion de la sant\u00e9 en entreprise (GSE) ?<\/em><\/p>\n<p>Des collaborateurs en bonne sant\u00e9 sont plus motiv\u00e9s, plus performants, plus cr\u00e9atifs et plus loyaux - ce qui rend une entreprise plus performante et augmente son attractivit\u00e9 en tant qu'employeur. Si les collaborateurs sont malades ou absents, cela entra\u00eene des co\u00fbts. Les pertes de productivit\u00e9 dues au stress co\u00fbtent chaque ann\u00e9e plusieurs milliards de francs aux entreprises suisses.<\/p>\n<p><em>Comment la GSE influence-t-elle le succ\u00e8s ?<\/em><\/p>\n<p>Une gestion syst\u00e9matique de la sant\u00e9 n'a pas seulement un impact sur la sant\u00e9 de l'individu, mais aussi sur le climat de travail. On se sent valoris\u00e9, on est plus satisfait et on s'identifie \u00e0 l'entreprise. Cela augmente la motivation. Et cela r\u00e9duit le taux de fluctuation, ce qui est d\u00e9cisif dans les secteurs qui manquent de personnel qualifi\u00e9. Mais la GSE r\u00e9duit aussi l'absent\u00e9isme.<\/p>\n<p><em>Quel est le potentiel d'\u00e9conomie ?<\/em><\/p>\n<p>Des \u00e9tudes montrent que la GSE peut r\u00e9duire d'environ 20 % les co\u00fbts li\u00e9s aux absences. Le potentiel d'\u00e9conomie concret d\u00e9pend du nombre de collaborateurs, de la masse salariale et du taux d'absence. Ce que les employeurs oublient g\u00e9n\u00e9ralement : Outre ces co\u00fbts salariaux facilement calculables, il existe \u00e9galement des co\u00fbts indirects. Ceux-ci sont m\u00eame deux \u00e0 quatre fois plus \u00e9lev\u00e9s.<\/p>\n<p><em>Quels co\u00fbts indirects ?<\/em><\/p>\n<p>Si quelqu'un est absent, les collaborateurs pr\u00e9sents font des heures suppl\u00e9mentaires pour compenser le travail et sont davantage sollicit\u00e9s. Cela entra\u00eene souvent des absences suppl\u00e9mentaires. Les travailleurs temporaires doivent \u00eatre recrut\u00e9s et form\u00e9s. Pertes de production, retards de livraison, pertes de savoir-faire, co\u00fbts d'assurance plus \u00e9lev\u00e9s. Ces facteurs sont souvent m\u00e9connus.<\/p>\n<p><em>Et que doit investir une entreprise pour la GSE ?<\/em><\/p>\n<p>En premier lieu, il faut une responsabilit\u00e9 claire et des ressources pour cela. Et de la pers\u00e9v\u00e9rance. Car toutes les mesures ne donnent pas de r\u00e9sultats imm\u00e9diats. La GSE est un processus culturel. Il faut pers\u00e9v\u00e9rer et faire de la sant\u00e9 une valeur de l'entreprise. C'est un objectif \u00e0 moyen et long terme.<\/p>\n<p><em>O\u00f9 commence la GSE ?<\/em><\/p>\n<p>A tous les niveaux dans l'entreprise : pas seulement au niveau des conditions de travail et des processus, mais aussi au niveau de la sensibilisation et de la responsabilisation continues des cadres. Comment peuvent-ils diriger des collaborateurs en bonne sant\u00e9, sous pression ou malades ? Comment reconnaissent-ils les signaux pr\u00e9coces et peuvent-ils agir avant que quelqu'un ne soit absent ? Dans le travail de direction, l'accent ne doit pas \u00eatre mis uniquement sur les collaborateurs absents. Et enfin : comment chacun peut-il prendre soin de lui-m\u00eame ?<\/p>\n<p><em>A quoi les dirigeants doivent-ils \u00eatre attentifs ?<\/em><\/p>\n<p>Comme les mesures de GSE impliquent des changements, il est important que tout le monde soit impliqu\u00e9. Les meilleurs outils et initiatives n'apportent pas grand-chose si le th\u00e8me de la sant\u00e9 n'est pas accept\u00e9 et v\u00e9cu par tous au quotidien. Les cadres ont ici un r\u00f4le de mod\u00e8le \u00e0 jouer. Que se passe-t-il si mon sup\u00e9rieur m'envoie un e-mail la nuit ? Ce sont des finesses de comportement qui ont beaucoup d'effet. Et en plus, c'est gratuit.<\/p>\n<p><em>Qu'est-ce que la plupart des entreprises font de travers ?<\/em><\/p>\n<p>En r\u00e8gle g\u00e9n\u00e9rale, on met l'accent sur les collaborateurs malades. Mais comment vont les autres ? L'estime est par exemple un levier important et simple pour obtenir des changements positifs.<\/p>\n<p>&nbsp;<\/p>\n<blockquote>\n<h3>Outils Helsana pour une PME en bonne sant\u00e9<\/h3>\n<ul>\n<li>Pour la comp\u00e9tence en mati\u00e8re de sant\u00e9 au sein de l'\u00e9quipe : <a style=\"font-size: 16px;\" href=\"http:\/\/www.helsana.ch\/kurz-check-unternehmen\">helsana.ch\/entreprise-ch\u00e8que-court<\/a><\/li>\n<li>Bo\u00eete \u00e0 outils : <a style=\"font-size: 16px;\" href=\"http:\/\/www.helsana.ch\/kmu-werkzeugkoffer\">helsana.ch\/kmu-coffre \u00e0 outils<\/a><\/li>\n<\/ul>\n<p><a href=\"https:\/\/www.helsana.ch\/de\/unternehmen.html\"><img loading=\"lazy\" decoding=\"async\" class=\"alignnone wp-image-17292 size-full\" src=\"https:\/\/www.organisator.ch\/wp-content\/uploads\/2022\/10\/PR_Helsana_Logo.jpg\" alt=\"\" width=\"654\" height=\"289\" srcset=\"https:\/\/www.organisator.ch\/wp-content\/uploads\/2022\/10\/PR_Helsana_Logo.jpg 654w, https:\/\/www.organisator.ch\/wp-content\/uploads\/2022\/10\/PR_Helsana_Logo-18x8.jpg 18w, https:\/\/www.organisator.ch\/wp-content\/uploads\/2022\/10\/PR_Helsana_Logo-375x166.jpg 375w, https:\/\/www.organisator.ch\/wp-content\/uploads\/2022\/10\/PR_Helsana_Logo-300x133.jpg 300w\" sizes=\"auto, (max-width: 654px) 100vw, 654px\" \/><\/a><\/p><\/blockquote>","protected":false},"excerpt":{"rendered":"<p>Frau Colmenero, warum lohnt sich die Investition in ein betriebliches Gesundheitsmanagement (BGM)? Gesunde Mitarbeitende sind motivierter, leistungsf\u00e4higer, kreativer, loyaler \u2013 das macht ein Unternehmen erfolgreicher und steigert die Attraktivit\u00e4t als Arbeitgeber. Sind Mitarbeitende angeschlagen oder fallen sie aus, verursacht das Kosten. Stressbedingte Produktivit\u00e4tsverluste kosten Unternehmen in der Schweiz j\u00e4hrlich mehrere Milliarden Franken. Wie beeinflusst BGM [&hellip;]<\/p>\n","protected":false},"author":4,"featured_media":0,"comment_status":"closed","ping_status":"closed","sticky":false,"template":"","format":"standard","meta":{"_acf_changed":false,"_yoast_wpseo_focuskw":"Mitarbeiterf\u00fchrung","_yoast_wpseo_metadesc":"Fachspezialistin Silvia Colmenero von Helsana erkl\u00e4rt, wie BGM den Unternehmenserfolg beeinflusst und was Mitarbeiterf\u00fchrung damit zu tun hat","articlekey":"","footnotes":""},"categories":[579],"tags":[77,254,320,2696],"class_list":["post-17289","post","type-post","status-publish","format-standard","hentry","category-human-resources","tag-betriebliches-gesundheitsmanagement","tag-hrm","tag-leadership","tag-publireportage"],"acf":[],"yoast_head":"<!-- This site is optimized with the Yoast SEO plugin v27.4 - https:\/\/yoast.com\/product\/yoast-seo-wordpress\/ -->\n<title>Positive Ver\u00e4nderung durch wertsch\u00e4tzende Mitarbeiterf\u00fchrung - Organisator<\/title>\n<meta name=\"description\" content=\"Fachspezialistin Silvia Colmenero von Helsana erkl\u00e4rt, wie BGM den Unternehmenserfolg beeinflusst und was Mitarbeiterf\u00fchrung damit zu tun hat\" \/>\n<meta name=\"robots\" content=\"index, follow, max-snippet:-1, max-image-preview:large, max-video-preview:-1\" \/>\n<link rel=\"canonical\" href=\"https:\/\/www.organisator.ch\/fr\/ressources-humaines\/2022-10-25\/positive-veraenderung-durch-wertschaetzende-mitarbeiterfuehrung\/\" \/>\n<meta property=\"og:locale\" content=\"fr_FR\" \/>\n<meta property=\"og:type\" content=\"article\" \/>\n<meta property=\"og:title\" content=\"Positive Ver\u00e4nderung durch wertsch\u00e4tzende Mitarbeiterf\u00fchrung - Organisator\" \/>\n<meta property=\"og:description\" content=\"Fachspezialistin Silvia Colmenero von Helsana erkl\u00e4rt, wie BGM den Unternehmenserfolg beeinflusst und was Mitarbeiterf\u00fchrung damit zu tun hat\" \/>\n<meta property=\"og:url\" content=\"https:\/\/www.organisator.ch\/fr\/ressources-humaines\/2022-10-25\/positive-veraenderung-durch-wertschaetzende-mitarbeiterfuehrung\/\" \/>\n<meta property=\"og:site_name\" content=\"Organisator\" \/>\n<meta property=\"article:publisher\" content=\"https:\/\/www.facebook.com\/OrganisatorFachmagazin\" \/>\n<meta property=\"article:published_time\" content=\"2022-10-25T01:05:26+00:00\" \/>\n<meta property=\"og:image\" content=\"https:\/\/www.organisator.ch\/wp-content\/uploads\/2022\/10\/PR_Helsana_Bild.jpg\" \/>\n<meta name=\"author\" content=\"thomas.berner\" \/>\n<meta name=\"twitter:card\" content=\"summary_large_image\" \/>\n<script type=\"application\/ld+json\" class=\"yoast-schema-graph\">{\"@context\":\"https:\\\/\\\/schema.org\",\"@graph\":[{\"@type\":\"Article\",\"@id\":\"https:\\\/\\\/www.organisator.ch\\\/human-resources\\\/2022-10-25\\\/positive-veraenderung-durch-wertschaetzende-mitarbeiterfuehrung\\\/#article\",\"isPartOf\":{\"@id\":\"https:\\\/\\\/www.organisator.ch\\\/human-resources\\\/2022-10-25\\\/positive-veraenderung-durch-wertschaetzende-mitarbeiterfuehrung\\\/\"},\"author\":{\"name\":\"thomas.berner\",\"@id\":\"https:\\\/\\\/www.organisator.ch\\\/#\\\/schema\\\/person\\\/6f650f90b2842cd4c0cc334b4e36f67e\"},\"headline\":\"Positive Ver\u00e4nderung durch wertsch\u00e4tzende Mitarbeiterf\u00fchrung\",\"datePublished\":\"2022-10-25T01:05:26+00:00\",\"mainEntityOfPage\":{\"@id\":\"https:\\\/\\\/www.organisator.ch\\\/human-resources\\\/2022-10-25\\\/positive-veraenderung-durch-wertschaetzende-mitarbeiterfuehrung\\\/\"},\"wordCount\":491,\"publisher\":{\"@id\":\"https:\\\/\\\/www.organisator.ch\\\/#organization\"},\"image\":{\"@id\":\"https:\\\/\\\/www.organisator.ch\\\/human-resources\\\/2022-10-25\\\/positive-veraenderung-durch-wertschaetzende-mitarbeiterfuehrung\\\/#primaryimage\"},\"thumbnailUrl\":\"https:\\\/\\\/www.organisator.ch\\\/wp-content\\\/uploads\\\/2022\\\/10\\\/PR_Helsana_Bild.jpg\",\"keywords\":[\"Betriebliches Gesundheitsmanagement\",\"HRM\",\"Leadership\",\"Publireportage\"],\"articleSection\":[\"HUMAN RESOURCES\"],\"inLanguage\":\"fr-FR\"},{\"@type\":\"WebPage\",\"@id\":\"https:\\\/\\\/www.organisator.ch\\\/human-resources\\\/2022-10-25\\\/positive-veraenderung-durch-wertschaetzende-mitarbeiterfuehrung\\\/\",\"url\":\"https:\\\/\\\/www.organisator.ch\\\/human-resources\\\/2022-10-25\\\/positive-veraenderung-durch-wertschaetzende-mitarbeiterfuehrung\\\/\",\"name\":\"Positive Ver\u00e4nderung durch wertsch\u00e4tzende Mitarbeiterf\u00fchrung - Organisator\",\"isPartOf\":{\"@id\":\"https:\\\/\\\/www.organisator.ch\\\/#website\"},\"primaryImageOfPage\":{\"@id\":\"https:\\\/\\\/www.organisator.ch\\\/human-resources\\\/2022-10-25\\\/positive-veraenderung-durch-wertschaetzende-mitarbeiterfuehrung\\\/#primaryimage\"},\"image\":{\"@id\":\"https:\\\/\\\/www.organisator.ch\\\/human-resources\\\/2022-10-25\\\/positive-veraenderung-durch-wertschaetzende-mitarbeiterfuehrung\\\/#primaryimage\"},\"thumbnailUrl\":\"https:\\\/\\\/www.organisator.ch\\\/wp-content\\\/uploads\\\/2022\\\/10\\\/PR_Helsana_Bild.jpg\",\"datePublished\":\"2022-10-25T01:05:26+00:00\",\"description\":\"Fachspezialistin Silvia Colmenero von Helsana erkl\u00e4rt, wie BGM den Unternehmenserfolg beeinflusst und was Mitarbeiterf\u00fchrung damit zu tun hat\",\"breadcrumb\":{\"@id\":\"https:\\\/\\\/www.organisator.ch\\\/human-resources\\\/2022-10-25\\\/positive-veraenderung-durch-wertschaetzende-mitarbeiterfuehrung\\\/#breadcrumb\"},\"inLanguage\":\"fr-FR\",\"potentialAction\":[{\"@type\":\"ReadAction\",\"target\":[\"https:\\\/\\\/www.organisator.ch\\\/human-resources\\\/2022-10-25\\\/positive-veraenderung-durch-wertschaetzende-mitarbeiterfuehrung\\\/\"]}]},{\"@type\":\"ImageObject\",\"inLanguage\":\"fr-FR\",\"@id\":\"https:\\\/\\\/www.organisator.ch\\\/human-resources\\\/2022-10-25\\\/positive-veraenderung-durch-wertschaetzende-mitarbeiterfuehrung\\\/#primaryimage\",\"url\":\"https:\\\/\\\/www.organisator.ch\\\/wp-content\\\/uploads\\\/2022\\\/10\\\/PR_Helsana_Bild.jpg\",\"contentUrl\":\"https:\\\/\\\/www.organisator.ch\\\/wp-content\\\/uploads\\\/2022\\\/10\\\/PR_Helsana_Bild.jpg\"},{\"@type\":\"BreadcrumbList\",\"@id\":\"https:\\\/\\\/www.organisator.ch\\\/human-resources\\\/2022-10-25\\\/positive-veraenderung-durch-wertschaetzende-mitarbeiterfuehrung\\\/#breadcrumb\",\"itemListElement\":[{\"@type\":\"ListItem\",\"position\":1,\"name\":\"Home\",\"item\":\"https:\\\/\\\/www.organisator.ch\\\/\"},{\"@type\":\"ListItem\",\"position\":2,\"name\":\"Positive Ver\u00e4nderung durch wertsch\u00e4tzende Mitarbeiterf\u00fchrung\"}]},{\"@type\":\"WebSite\",\"@id\":\"https:\\\/\\\/www.organisator.ch\\\/#website\",\"url\":\"https:\\\/\\\/www.organisator.ch\\\/\",\"name\":\"Organisator\",\"description\":\"Kompetent. Praxisnah. Der ORGANISATOR bereitet in 10 Ausgaben pro Jahr die wesentlichen Themen f\u00fcr F\u00fchrungskr\u00e4fte von KMU auf.\",\"publisher\":{\"@id\":\"https:\\\/\\\/www.organisator.ch\\\/#organization\"},\"potentialAction\":[{\"@type\":\"SearchAction\",\"target\":{\"@type\":\"EntryPoint\",\"urlTemplate\":\"https:\\\/\\\/www.organisator.ch\\\/?s={search_term_string}\"},\"query-input\":{\"@type\":\"PropertyValueSpecification\",\"valueRequired\":true,\"valueName\":\"search_term_string\"}}],\"inLanguage\":\"fr-FR\"},{\"@type\":\"Organization\",\"@id\":\"https:\\\/\\\/www.organisator.ch\\\/#organization\",\"name\":\"Organisator\",\"url\":\"https:\\\/\\\/www.organisator.ch\\\/\",\"logo\":{\"@type\":\"ImageObject\",\"inLanguage\":\"fr-FR\",\"@id\":\"https:\\\/\\\/www.organisator.ch\\\/#\\\/schema\\\/logo\\\/image\\\/\",\"url\":\"https:\\\/\\\/www.organisator.ch\\\/wp-content\\\/uploads\\\/2022\\\/01\\\/Logo_Organisator_Website.png\",\"contentUrl\":\"https:\\\/\\\/www.organisator.ch\\\/wp-content\\\/uploads\\\/2022\\\/01\\\/Logo_Organisator_Website.png\",\"width\":800,\"height\":77,\"caption\":\"Organisator\"},\"image\":{\"@id\":\"https:\\\/\\\/www.organisator.ch\\\/#\\\/schema\\\/logo\\\/image\\\/\"},\"sameAs\":[\"https:\\\/\\\/www.facebook.com\\\/OrganisatorFachmagazin\",\"https:\\\/\\\/www.linkedin.com\\\/showcase\\\/organisator-das-magazin-fr-kmu\",\"https:\\\/\\\/www.xing.com\\\/news\\\/pages\\\/organisator-ch-695\",\"https:\\\/\\\/www.youtube.com\\\/channel\\\/UCGP2Sq0iWaZwT3BdIAQFYpw\"]},{\"@type\":\"Person\",\"@id\":\"https:\\\/\\\/www.organisator.ch\\\/#\\\/schema\\\/person\\\/6f650f90b2842cd4c0cc334b4e36f67e\",\"name\":\"thomas.berner\",\"image\":{\"@type\":\"ImageObject\",\"inLanguage\":\"fr-FR\",\"@id\":\"https:\\\/\\\/secure.gravatar.com\\\/avatar\\\/ac5001d2a36cb6c6cd3e50789007ffca834b477b74a2144564522e944eabff61?s=96&d=mm&r=g\",\"url\":\"https:\\\/\\\/secure.gravatar.com\\\/avatar\\\/ac5001d2a36cb6c6cd3e50789007ffca834b477b74a2144564522e944eabff61?s=96&d=mm&r=g\",\"contentUrl\":\"https:\\\/\\\/secure.gravatar.com\\\/avatar\\\/ac5001d2a36cb6c6cd3e50789007ffca834b477b74a2144564522e944eabff61?s=96&d=mm&r=g\",\"caption\":\"thomas.berner\"},\"url\":\"https:\\\/\\\/www.organisator.ch\\\/fr\\\/author\\\/thomas-berner\\\/\"}]}<\/script>\n<!-- \/ Yoast SEO plugin. -->","yoast_head_json":{"title":"Un changement positif gr\u00e2ce \u00e0 un management respectueux des collaborateurs - Organisateur","description":"La sp\u00e9cialiste Silvia Colmenero d'Helsana explique comment la GSE influence le succ\u00e8s de l'entreprise et ce que la gestion des collaborateurs a \u00e0 voir avec elle","robots":{"index":"index","follow":"follow","max-snippet":"max-snippet:-1","max-image-preview":"max-image-preview:large","max-video-preview":"max-video-preview:-1"},"canonical":"https:\/\/www.organisator.ch\/fr\/ressources-humaines\/2022-10-25\/positive-veraenderung-durch-wertschaetzende-mitarbeiterfuehrung\/","og_locale":"fr_FR","og_type":"article","og_title":"Positive Ver\u00e4nderung durch wertsch\u00e4tzende Mitarbeiterf\u00fchrung - Organisator","og_description":"Fachspezialistin Silvia Colmenero von Helsana erkl\u00e4rt, wie BGM den Unternehmenserfolg beeinflusst und was Mitarbeiterf\u00fchrung damit zu tun hat","og_url":"https:\/\/www.organisator.ch\/fr\/ressources-humaines\/2022-10-25\/positive-veraenderung-durch-wertschaetzende-mitarbeiterfuehrung\/","og_site_name":"Organisator","article_publisher":"https:\/\/www.facebook.com\/OrganisatorFachmagazin","article_published_time":"2022-10-25T01:05:26+00:00","og_image":[{"url":"https:\/\/www.organisator.ch\/wp-content\/uploads\/2022\/10\/PR_Helsana_Bild.jpg","type":"","width":"","height":""}],"author":"thomas.berner","twitter_card":"summary_large_image","schema":{"@context":"https:\/\/schema.org","@graph":[{"@type":"Article","@id":"https:\/\/www.organisator.ch\/human-resources\/2022-10-25\/positive-veraenderung-durch-wertschaetzende-mitarbeiterfuehrung\/#article","isPartOf":{"@id":"https:\/\/www.organisator.ch\/human-resources\/2022-10-25\/positive-veraenderung-durch-wertschaetzende-mitarbeiterfuehrung\/"},"author":{"name":"thomas.berner","@id":"https:\/\/www.organisator.ch\/#\/schema\/person\/6f650f90b2842cd4c0cc334b4e36f67e"},"headline":"Positive Ver\u00e4nderung durch wertsch\u00e4tzende Mitarbeiterf\u00fchrung","datePublished":"2022-10-25T01:05:26+00:00","mainEntityOfPage":{"@id":"https:\/\/www.organisator.ch\/human-resources\/2022-10-25\/positive-veraenderung-durch-wertschaetzende-mitarbeiterfuehrung\/"},"wordCount":491,"publisher":{"@id":"https:\/\/www.organisator.ch\/#organization"},"image":{"@id":"https:\/\/www.organisator.ch\/human-resources\/2022-10-25\/positive-veraenderung-durch-wertschaetzende-mitarbeiterfuehrung\/#primaryimage"},"thumbnailUrl":"https:\/\/www.organisator.ch\/wp-content\/uploads\/2022\/10\/PR_Helsana_Bild.jpg","keywords":["Betriebliches Gesundheitsmanagement","HRM","Leadership","Publireportage"],"articleSection":["HUMAN RESOURCES"],"inLanguage":"fr-FR"},{"@type":"WebPage","@id":"https:\/\/www.organisator.ch\/human-resources\/2022-10-25\/positive-veraenderung-durch-wertschaetzende-mitarbeiterfuehrung\/","url":"https:\/\/www.organisator.ch\/human-resources\/2022-10-25\/positive-veraenderung-durch-wertschaetzende-mitarbeiterfuehrung\/","name":"Un changement positif gr\u00e2ce \u00e0 un management respectueux des collaborateurs - Organisateur","isPartOf":{"@id":"https:\/\/www.organisator.ch\/#website"},"primaryImageOfPage":{"@id":"https:\/\/www.organisator.ch\/human-resources\/2022-10-25\/positive-veraenderung-durch-wertschaetzende-mitarbeiterfuehrung\/#primaryimage"},"image":{"@id":"https:\/\/www.organisator.ch\/human-resources\/2022-10-25\/positive-veraenderung-durch-wertschaetzende-mitarbeiterfuehrung\/#primaryimage"},"thumbnailUrl":"https:\/\/www.organisator.ch\/wp-content\/uploads\/2022\/10\/PR_Helsana_Bild.jpg","datePublished":"2022-10-25T01:05:26+00:00","description":"La sp\u00e9cialiste Silvia Colmenero d'Helsana explique comment la GSE influence le succ\u00e8s de l'entreprise et ce que la gestion des collaborateurs a \u00e0 voir avec elle","breadcrumb":{"@id":"https:\/\/www.organisator.ch\/human-resources\/2022-10-25\/positive-veraenderung-durch-wertschaetzende-mitarbeiterfuehrung\/#breadcrumb"},"inLanguage":"fr-FR","potentialAction":[{"@type":"ReadAction","target":["https:\/\/www.organisator.ch\/human-resources\/2022-10-25\/positive-veraenderung-durch-wertschaetzende-mitarbeiterfuehrung\/"]}]},{"@type":"ImageObject","inLanguage":"fr-FR","@id":"https:\/\/www.organisator.ch\/human-resources\/2022-10-25\/positive-veraenderung-durch-wertschaetzende-mitarbeiterfuehrung\/#primaryimage","url":"https:\/\/www.organisator.ch\/wp-content\/uploads\/2022\/10\/PR_Helsana_Bild.jpg","contentUrl":"https:\/\/www.organisator.ch\/wp-content\/uploads\/2022\/10\/PR_Helsana_Bild.jpg"},{"@type":"BreadcrumbList","@id":"https:\/\/www.organisator.ch\/human-resources\/2022-10-25\/positive-veraenderung-durch-wertschaetzende-mitarbeiterfuehrung\/#breadcrumb","itemListElement":[{"@type":"ListItem","position":1,"name":"Home","item":"https:\/\/www.organisator.ch\/"},{"@type":"ListItem","position":2,"name":"Positive Ver\u00e4nderung durch wertsch\u00e4tzende Mitarbeiterf\u00fchrung"}]},{"@type":"WebSite","@id":"https:\/\/www.organisator.ch\/#website","url":"https:\/\/www.organisator.ch\/","name":"Organisateur","description":"Comp\u00e9tence et comp\u00e9tence. Proches de la pratique. L'ORGANISATEUR pr\u00e9pare 10 num\u00e9ros par an sur les th\u00e8mes essentiels pour les dirigeants de PME.","publisher":{"@id":"https:\/\/www.organisator.ch\/#organization"},"potentialAction":[{"@type":"SearchAction","target":{"@type":"EntryPoint","urlTemplate":"https:\/\/www.organisator.ch\/?s={search_term_string}"},"query-input":{"@type":"PropertyValueSpecification","valueRequired":true,"valueName":"search_term_string"}}],"inLanguage":"fr-FR"},{"@type":"Organization","@id":"https:\/\/www.organisator.ch\/#organization","name":"Organisateur","url":"https:\/\/www.organisator.ch\/","logo":{"@type":"ImageObject","inLanguage":"fr-FR","@id":"https:\/\/www.organisator.ch\/#\/schema\/logo\/image\/","url":"https:\/\/www.organisator.ch\/wp-content\/uploads\/2022\/01\/Logo_Organisator_Website.png","contentUrl":"https:\/\/www.organisator.ch\/wp-content\/uploads\/2022\/01\/Logo_Organisator_Website.png","width":800,"height":77,"caption":"Organisator"},"image":{"@id":"https:\/\/www.organisator.ch\/#\/schema\/logo\/image\/"},"sameAs":["https:\/\/www.facebook.com\/OrganisatorFachmagazin","https:\/\/www.linkedin.com\/showcase\/organisator-das-magazin-fr-kmu","https:\/\/www.xing.com\/news\/pages\/organisator-ch-695","https:\/\/www.youtube.com\/channel\/UCGP2Sq0iWaZwT3BdIAQFYpw"]},{"@type":"Person","@id":"https:\/\/www.organisator.ch\/#\/schema\/person\/6f650f90b2842cd4c0cc334b4e36f67e","name":"thomas.berner","image":{"@type":"ImageObject","inLanguage":"fr-FR","@id":"https:\/\/secure.gravatar.com\/avatar\/ac5001d2a36cb6c6cd3e50789007ffca834b477b74a2144564522e944eabff61?s=96&d=mm&r=g","url":"https:\/\/secure.gravatar.com\/avatar\/ac5001d2a36cb6c6cd3e50789007ffca834b477b74a2144564522e944eabff61?s=96&d=mm&r=g","contentUrl":"https:\/\/secure.gravatar.com\/avatar\/ac5001d2a36cb6c6cd3e50789007ffca834b477b74a2144564522e944eabff61?s=96&d=mm&r=g","caption":"thomas.berner"},"url":"https:\/\/www.organisator.ch\/fr\/author\/thomas-berner\/"}]}},"_links":{"self":[{"href":"https:\/\/www.organisator.ch\/fr\/wp-json\/wp\/v2\/posts\/17289","targetHints":{"allow":["GET"]}}],"collection":[{"href":"https:\/\/www.organisator.ch\/fr\/wp-json\/wp\/v2\/posts"}],"about":[{"href":"https:\/\/www.organisator.ch\/fr\/wp-json\/wp\/v2\/types\/post"}],"author":[{"embeddable":true,"href":"https:\/\/www.organisator.ch\/fr\/wp-json\/wp\/v2\/users\/4"}],"replies":[{"embeddable":true,"href":"https:\/\/www.organisator.ch\/fr\/wp-json\/wp\/v2\/comments?post=17289"}],"version-history":[{"count":4,"href":"https:\/\/www.organisator.ch\/fr\/wp-json\/wp\/v2\/posts\/17289\/revisions"}],"predecessor-version":[{"id":17295,"href":"https:\/\/www.organisator.ch\/fr\/wp-json\/wp\/v2\/posts\/17289\/revisions\/17295"}],"wp:attachment":[{"href":"https:\/\/www.organisator.ch\/fr\/wp-json\/wp\/v2\/media?parent=17289"}],"wp:term":[{"taxonomy":"category","embeddable":true,"href":"https:\/\/www.organisator.ch\/fr\/wp-json\/wp\/v2\/categories?post=17289"},{"taxonomy":"post_tag","embeddable":true,"href":"https:\/\/www.organisator.ch\/fr\/wp-json\/wp\/v2\/tags?post=17289"}],"curies":[{"name":"wp","href":"https:\/\/api.w.org\/{rel}","templated":true}]}}