{"id":17316,"date":"2022-10-25T03:51:27","date_gmt":"2022-10-25T01:51:27","guid":{"rendered":"https:\/\/www.organisator.ch\/?p=17316"},"modified":"2022-10-14T14:10:14","modified_gmt":"2022-10-14T12:10:14","slug":"individuelle-software-fuer-unternehmen","status":"publish","type":"post","link":"https:\/\/www.organisator.ch\/fr\/management\/it\/2022-10-25\/individuelle-software-fuer-unternehmen\/","title":{"rendered":"Logiciels personnalis\u00e9s pour les entreprises"},"content":{"rendered":"<section class=\"placed focus\">\n<figure id=\"attachment_17319\" aria-describedby=\"caption-attachment-17319\" style=\"width: 680px\" class=\"wp-caption alignnone\"><img loading=\"lazy\" decoding=\"async\" class=\"size-full wp-image-17319\" src=\"https:\/\/www.organisator.ch\/wp-content\/uploads\/2022\/10\/Individuelle-Software-fuer-Unternehmen_Organiastor.jpg\" alt=\"\" width=\"680\" height=\"454\" srcset=\"https:\/\/www.organisator.ch\/wp-content\/uploads\/2022\/10\/Individuelle-Software-fuer-Unternehmen_Organiastor.jpg 680w, https:\/\/www.organisator.ch\/wp-content\/uploads\/2022\/10\/Individuelle-Software-fuer-Unternehmen_Organiastor-18x12.jpg 18w, https:\/\/www.organisator.ch\/wp-content\/uploads\/2022\/10\/Individuelle-Software-fuer-Unternehmen_Organiastor-262x175.jpg 262w, https:\/\/www.organisator.ch\/wp-content\/uploads\/2022\/10\/Individuelle-Software-fuer-Unternehmen_Organiastor-524x350.jpg 524w, https:\/\/www.organisator.ch\/wp-content\/uploads\/2022\/10\/Individuelle-Software-fuer-Unternehmen_Organiastor-300x200.jpg 300w\" sizes=\"auto, (max-width: 680px) 100vw, 680px\" \/><figcaption id=\"caption-attachment-17319\" class=\"wp-caption-text\">(Image : zVg)<\/figcaption><\/figure>\n<p>Nous ne parlons pas seulement de num\u00e9risation - nous la faisons passer au niveau sup\u00e9rieur pour nos clients. Notre objectif est de simplifier les processus de travail dans des environnements r\u00e9glementaires complexes et de contribuer ainsi \u00e0 accro\u00eetre l'efficacit\u00e9. Nous apprenons continuellement de nos clients. Et eux de nous. C'est pourquoi un bon logiciel commence par l'\u00e9coute. Ce n'est qu'ainsi que nous d\u00e9veloppons des solutions qui r\u00e9sistent aux d\u00e9fis du temps et r\u00e9pondent aux besoins des clients, qu'il s'agisse de la num\u00e9risation de documents, de l'optimisation et de l'automatisation de processus ou de la modernisation de logiciels d'entreprise. Nous nous penchons d'abord intensivement sur les processus de travail des clients et ce n'est qu'ensuite que nous \u00e9laborons les fonctions logicielles appropri\u00e9es.<\/p>\n<p>Nos clients - plusieurs multinationales suisses de premier plan ainsi que 20 cantons suisses - nous accordent leur confiance pour le d\u00e9veloppement et la maintenance de leurs syst\u00e8mes logiciels personnalis\u00e9s. En tant que partenaire fiable, nous les accompagnons depuis l'id\u00e9e du projet jusqu'\u00e0 son impl\u00e9mentation et bien au-del\u00e0. Gr\u00e2ce \u00e0 nos solutions logicielles, les clients assurent non seulement leur efficacit\u00e9 et une qualit\u00e9 \u00e9lev\u00e9e des processus, mais aussi leur comp\u00e9titivit\u00e9. Nos solutions reposent sur des standards que les clients peuvent facilement adapter \u00e0 la structure de leur entreprise et \u00e0 leur univers de processus. La flexibilit\u00e9 d'adaptation aux changements du march\u00e9 et la facilit\u00e9 d'utilisation sont tr\u00e8s appr\u00e9ci\u00e9es. C'est pourquoi nous d\u00e9veloppons les logiciels en \u00e9troite collaboration avec les utilisateurs et non pas en vase clos. Nous ne nous conformons pas \u00e0 un cahier des charges rigide et renon\u00e7ons aux fioritures inutiles. Et nous travaillons syst\u00e9matiquement avec notre <a href=\"https:\/\/www.loewenfels.ch\/\">Cadre Agile de L\u00f6wenfels<\/a>Il s'agit d'un syst\u00e8me de gestion de la qualit\u00e9 qui est utilis\u00e9 depuis plus de dix ans et qui fait l'objet d'un d\u00e9veloppement continu.<\/p>\n<h3>Un savoir fort<\/h3>\n<p>Des collaborateurs bien form\u00e9s et notre m\u00e9thode de travail coh\u00e9rente - tels sont nos atouts. En plus de nos connaissances approfondies en informatique, nous apportons \u00e9galement un vaste savoir-faire dans le domaine de l'assurance sociale. Vous pouvez faire confiance \u00e0 nos connaissances et \u00e0 un conseil \u00e9quitable. Car pour vous fournir la meilleure solution logicielle possible, nous travaillons de mani\u00e8re progressive, transparente et agile. Chez nous, l'\u00e9tat de d\u00e9veloppement d'un logiciel est contr\u00f4l\u00e9 \u00e0 intervalles rapproch\u00e9s et adapt\u00e9 aux souhaits du client. Si les besoins \u00e9voluent, nous pouvons adapter la solution en peu de temps. Nos outils et technologies contribuent \u00e0 garantir la haute qualit\u00e9 du logiciel. En tant que client, vous n'avez ainsi qu'un minimum de tests \u00e0 effectuer et vous pouvez compter sur des am\u00e9liorations constantes. Car, en toute honn\u00eatet\u00e9, nous aimons les logiciels fiables et les partenariats durables. Vous aussi ?<\/p>\n<p>M\u00eame apr\u00e8s l'introduction, nos \u00e9quipes agiles sont \u00e0 votre disposition avec un support bien rod\u00e9. En tant que fournisseur de logiciels comp\u00e9tent et exp\u00e9riment\u00e9, nous vous soutenons et vous accompagnons de mani\u00e8re globale : de l'id\u00e9e de projet \u00e0 l'introduction, en cours d'exploitation comme pour les projets futurs. Tout \u00e0 fait selon la devise : \"Swiss Software Built to Last.\" Nous mettons le turbo pour la num\u00e9risation de nos clients !<\/p>\n<\/section>\n<section class=\"placed\">\u00a0<\/section>\n<section class=\"placed\">\n<blockquote><p><strong>Contact<\/strong><\/p>\n<p>L\u00f6wenfels Partner AG<br \/>\nMaihofstrasse 1<br \/>\nCH-6004 Lucerne<br \/>\nT +41 41 418 44 00<\/p>\n<p><a href=\"mailto:info@loewenfels.ch\">info@loewenfels.ch<\/a><br \/>\n<a href=\"http:\/\/www.loewenfels.ch\">www.loewenfels.ch<\/a><\/p>\n<p><img loading=\"lazy\" decoding=\"async\" class=\"alignnone size-full wp-image-17317\" src=\"https:\/\/www.organisator.ch\/wp-content\/uploads\/2022\/10\/Individuelle-Software-fuer-Unternehmen-Logo_Organiastor.jpg\" alt=\"\" width=\"340\" height=\"149\" srcset=\"https:\/\/www.organisator.ch\/wp-content\/uploads\/2022\/10\/Individuelle-Software-fuer-Unternehmen-Logo_Organiastor.jpg 340w, https:\/\/www.organisator.ch\/wp-content\/uploads\/2022\/10\/Individuelle-Software-fuer-Unternehmen-Logo_Organiastor-18x8.jpg 18w, https:\/\/www.organisator.ch\/wp-content\/uploads\/2022\/10\/Individuelle-Software-fuer-Unternehmen-Logo_Organiastor-300x131.jpg 300w\" sizes=\"auto, (max-width: 340px) 100vw, 340px\" \/><\/p><\/blockquote>\n<\/section>","protected":false},"excerpt":{"rendered":"<p>Wir reden nicht nur von Digitalisierung \u2013 wir bringen sie bei unseren Kunden auf das n\u00e4chste Level. Denn unser Ziel ist es, Arbeitsabl\u00e4ufe in komplexen regulatorischen Umgebungen zu vereinfachen und somit zur Effizienzsteigerung zu verhelfen. Dabei lernen wir kontinuierlich von unseren Kunden. Und sie von uns. Deshalb f\u00e4ngt eine gute Software mit Zuh\u00f6ren an. Nur [&hellip;]<\/p>\n","protected":false},"author":4,"featured_media":17319,"comment_status":"closed","ping_status":"closed","sticky":false,"template":"","format":"standard","meta":{"_acf_changed":false,"_yoast_wpseo_focuskw":"Individuelle Software","_yoast_wpseo_metadesc":"Seit \u00fcber 30 Jahren steht die Firma L\u00f6wenfels f\u00fcr individuelle Software. Im Mittelpunkt stehen dabei die Kundenbed\u00fcrfnisse.","articlekey":"","footnotes":""},"categories":[27],"tags":[156,287,2696],"class_list":["post-17316","post","type-post","status-publish","format-standard","has-post-thumbnail","hentry","category-it","tag-digitalisierung","tag-itbusiness-software","tag-publireportage"],"acf":[],"yoast_head":"<!-- This site is optimized with the Yoast SEO plugin v27.5 - https:\/\/yoast.com\/product\/yoast-seo-wordpress\/ -->\n<title>Individuelle Software f\u00fcr Unternehmen - Organisator<\/title>\n<meta name=\"description\" content=\"Seit \u00fcber 30 Jahren steht die Firma L\u00f6wenfels f\u00fcr individuelle Software. Im Mittelpunkt stehen dabei die Kundenbed\u00fcrfnisse.\" \/>\n<meta name=\"robots\" content=\"index, follow, max-snippet:-1, max-image-preview:large, max-video-preview:-1\" \/>\n<link rel=\"canonical\" href=\"https:\/\/www.organisator.ch\/fr\/gestion-2\/it\/2022-10-25\/individuelle-software-fuer-unternehmen\/\" \/>\n<meta property=\"og:locale\" content=\"fr_FR\" \/>\n<meta property=\"og:type\" content=\"article\" \/>\n<meta property=\"og:title\" content=\"Individuelle Software f\u00fcr Unternehmen - Organisator\" \/>\n<meta property=\"og:description\" content=\"Seit \u00fcber 30 Jahren steht die Firma L\u00f6wenfels f\u00fcr individuelle Software. Im Mittelpunkt stehen dabei die Kundenbed\u00fcrfnisse.\" \/>\n<meta property=\"og:url\" content=\"https:\/\/www.organisator.ch\/fr\/gestion-2\/it\/2022-10-25\/individuelle-software-fuer-unternehmen\/\" \/>\n<meta property=\"og:site_name\" content=\"Organisator\" \/>\n<meta property=\"article:publisher\" content=\"https:\/\/www.facebook.com\/OrganisatorFachmagazin\" \/>\n<meta property=\"article:published_time\" content=\"2022-10-25T01:51:27+00:00\" \/>\n<meta property=\"og:image\" content=\"https:\/\/www.organisator.ch\/wp-content\/uploads\/2022\/10\/Individuelle-Software-fuer-Unternehmen_Organiastor.jpg\" \/>\n\t<meta property=\"og:image:width\" content=\"680\" \/>\n\t<meta property=\"og:image:height\" content=\"454\" \/>\n\t<meta property=\"og:image:type\" content=\"image\/jpeg\" \/>\n<meta name=\"author\" content=\"thomas.berner\" \/>\n<meta name=\"twitter:card\" content=\"summary_large_image\" \/>\n<script type=\"application\/ld+json\" class=\"yoast-schema-graph\">{\"@context\":\"https:\\\/\\\/schema.org\",\"@graph\":[{\"@type\":\"Article\",\"@id\":\"https:\\\/\\\/www.organisator.ch\\\/management\\\/it\\\/2022-10-25\\\/individuelle-software-fuer-unternehmen\\\/#article\",\"isPartOf\":{\"@id\":\"https:\\\/\\\/www.organisator.ch\\\/management\\\/it\\\/2022-10-25\\\/individuelle-software-fuer-unternehmen\\\/\"},\"author\":{\"name\":\"thomas.berner\",\"@id\":\"https:\\\/\\\/www.organisator.ch\\\/#\\\/schema\\\/person\\\/6f650f90b2842cd4c0cc334b4e36f67e\"},\"headline\":\"Individuelle Software f\u00fcr Unternehmen\",\"datePublished\":\"2022-10-25T01:51:27+00:00\",\"mainEntityOfPage\":{\"@id\":\"https:\\\/\\\/www.organisator.ch\\\/management\\\/it\\\/2022-10-25\\\/individuelle-software-fuer-unternehmen\\\/\"},\"wordCount\":486,\"publisher\":{\"@id\":\"https:\\\/\\\/www.organisator.ch\\\/#organization\"},\"image\":{\"@id\":\"https:\\\/\\\/www.organisator.ch\\\/management\\\/it\\\/2022-10-25\\\/individuelle-software-fuer-unternehmen\\\/#primaryimage\"},\"thumbnailUrl\":\"https:\\\/\\\/www.organisator.ch\\\/wp-content\\\/uploads\\\/2022\\\/10\\\/Individuelle-Software-fuer-Unternehmen_Organiastor.jpg\",\"keywords\":[\"Digitalisierung\",\"IT\u2009&amp;\u2009Business Software\",\"Publireportage\"],\"articleSection\":[\"IT\"],\"inLanguage\":\"fr-FR\"},{\"@type\":\"WebPage\",\"@id\":\"https:\\\/\\\/www.organisator.ch\\\/management\\\/it\\\/2022-10-25\\\/individuelle-software-fuer-unternehmen\\\/\",\"url\":\"https:\\\/\\\/www.organisator.ch\\\/management\\\/it\\\/2022-10-25\\\/individuelle-software-fuer-unternehmen\\\/\",\"name\":\"Individuelle Software f\u00fcr Unternehmen - Organisator\",\"isPartOf\":{\"@id\":\"https:\\\/\\\/www.organisator.ch\\\/#website\"},\"primaryImageOfPage\":{\"@id\":\"https:\\\/\\\/www.organisator.ch\\\/management\\\/it\\\/2022-10-25\\\/individuelle-software-fuer-unternehmen\\\/#primaryimage\"},\"image\":{\"@id\":\"https:\\\/\\\/www.organisator.ch\\\/management\\\/it\\\/2022-10-25\\\/individuelle-software-fuer-unternehmen\\\/#primaryimage\"},\"thumbnailUrl\":\"https:\\\/\\\/www.organisator.ch\\\/wp-content\\\/uploads\\\/2022\\\/10\\\/Individuelle-Software-fuer-Unternehmen_Organiastor.jpg\",\"datePublished\":\"2022-10-25T01:51:27+00:00\",\"description\":\"Seit \u00fcber 30 Jahren steht die Firma L\u00f6wenfels f\u00fcr individuelle Software. Im Mittelpunkt stehen dabei die Kundenbed\u00fcrfnisse.\",\"breadcrumb\":{\"@id\":\"https:\\\/\\\/www.organisator.ch\\\/management\\\/it\\\/2022-10-25\\\/individuelle-software-fuer-unternehmen\\\/#breadcrumb\"},\"inLanguage\":\"fr-FR\",\"potentialAction\":[{\"@type\":\"ReadAction\",\"target\":[\"https:\\\/\\\/www.organisator.ch\\\/management\\\/it\\\/2022-10-25\\\/individuelle-software-fuer-unternehmen\\\/\"]}]},{\"@type\":\"ImageObject\",\"inLanguage\":\"fr-FR\",\"@id\":\"https:\\\/\\\/www.organisator.ch\\\/management\\\/it\\\/2022-10-25\\\/individuelle-software-fuer-unternehmen\\\/#primaryimage\",\"url\":\"https:\\\/\\\/www.organisator.ch\\\/wp-content\\\/uploads\\\/2022\\\/10\\\/Individuelle-Software-fuer-Unternehmen_Organiastor.jpg\",\"contentUrl\":\"https:\\\/\\\/www.organisator.ch\\\/wp-content\\\/uploads\\\/2022\\\/10\\\/Individuelle-Software-fuer-Unternehmen_Organiastor.jpg\",\"width\":680,\"height\":454,\"caption\":\"(Bild: zVg)\"},{\"@type\":\"BreadcrumbList\",\"@id\":\"https:\\\/\\\/www.organisator.ch\\\/management\\\/it\\\/2022-10-25\\\/individuelle-software-fuer-unternehmen\\\/#breadcrumb\",\"itemListElement\":[{\"@type\":\"ListItem\",\"position\":1,\"name\":\"Home\",\"item\":\"https:\\\/\\\/www.organisator.ch\\\/\"},{\"@type\":\"ListItem\",\"position\":2,\"name\":\"Individuelle Software f\u00fcr Unternehmen\"}]},{\"@type\":\"WebSite\",\"@id\":\"https:\\\/\\\/www.organisator.ch\\\/#website\",\"url\":\"https:\\\/\\\/www.organisator.ch\\\/\",\"name\":\"Organisator\",\"description\":\"Kompetent. Praxisnah. Der ORGANISATOR bereitet in 10 Ausgaben pro Jahr die wesentlichen Themen f\u00fcr F\u00fchrungskr\u00e4fte von KMU auf.\",\"publisher\":{\"@id\":\"https:\\\/\\\/www.organisator.ch\\\/#organization\"},\"potentialAction\":[{\"@type\":\"SearchAction\",\"target\":{\"@type\":\"EntryPoint\",\"urlTemplate\":\"https:\\\/\\\/www.organisator.ch\\\/?s={search_term_string}\"},\"query-input\":{\"@type\":\"PropertyValueSpecification\",\"valueRequired\":true,\"valueName\":\"search_term_string\"}}],\"inLanguage\":\"fr-FR\"},{\"@type\":\"Organization\",\"@id\":\"https:\\\/\\\/www.organisator.ch\\\/#organization\",\"name\":\"Organisator\",\"url\":\"https:\\\/\\\/www.organisator.ch\\\/\",\"logo\":{\"@type\":\"ImageObject\",\"inLanguage\":\"fr-FR\",\"@id\":\"https:\\\/\\\/www.organisator.ch\\\/#\\\/schema\\\/logo\\\/image\\\/\",\"url\":\"https:\\\/\\\/www.organisator.ch\\\/wp-content\\\/uploads\\\/2022\\\/01\\\/Logo_Organisator_Website.png\",\"contentUrl\":\"https:\\\/\\\/www.organisator.ch\\\/wp-content\\\/uploads\\\/2022\\\/01\\\/Logo_Organisator_Website.png\",\"width\":800,\"height\":77,\"caption\":\"Organisator\"},\"image\":{\"@id\":\"https:\\\/\\\/www.organisator.ch\\\/#\\\/schema\\\/logo\\\/image\\\/\"},\"sameAs\":[\"https:\\\/\\\/www.facebook.com\\\/OrganisatorFachmagazin\",\"https:\\\/\\\/www.linkedin.com\\\/showcase\\\/organisator-das-magazin-fr-kmu\",\"https:\\\/\\\/www.xing.com\\\/news\\\/pages\\\/organisator-ch-695\",\"https:\\\/\\\/www.youtube.com\\\/channel\\\/UCGP2Sq0iWaZwT3BdIAQFYpw\"]},{\"@type\":\"Person\",\"@id\":\"https:\\\/\\\/www.organisator.ch\\\/#\\\/schema\\\/person\\\/6f650f90b2842cd4c0cc334b4e36f67e\",\"name\":\"thomas.berner\",\"image\":{\"@type\":\"ImageObject\",\"inLanguage\":\"fr-FR\",\"@id\":\"https:\\\/\\\/secure.gravatar.com\\\/avatar\\\/ac5001d2a36cb6c6cd3e50789007ffca834b477b74a2144564522e944eabff61?s=96&d=mm&r=g\",\"url\":\"https:\\\/\\\/secure.gravatar.com\\\/avatar\\\/ac5001d2a36cb6c6cd3e50789007ffca834b477b74a2144564522e944eabff61?s=96&d=mm&r=g\",\"contentUrl\":\"https:\\\/\\\/secure.gravatar.com\\\/avatar\\\/ac5001d2a36cb6c6cd3e50789007ffca834b477b74a2144564522e944eabff61?s=96&d=mm&r=g\",\"caption\":\"thomas.berner\"},\"url\":\"https:\\\/\\\/www.organisator.ch\\\/fr\\\/author\\\/thomas-berner\\\/\"}]}<\/script>\n<!-- \/ Yoast SEO plugin. -->","yoast_head_json":{"title":"Logiciels personnalis\u00e9s pour entreprises - Organisateur","description":"Depuis plus de 30 ans, l'entreprise L\u00f6wenfels est synonyme de logiciels personnalis\u00e9s. Les besoins des clients sont au centre de ses pr\u00e9occupations.","robots":{"index":"index","follow":"follow","max-snippet":"max-snippet:-1","max-image-preview":"max-image-preview:large","max-video-preview":"max-video-preview:-1"},"canonical":"https:\/\/www.organisator.ch\/fr\/gestion-2\/it\/2022-10-25\/individuelle-software-fuer-unternehmen\/","og_locale":"fr_FR","og_type":"article","og_title":"Individuelle Software f\u00fcr Unternehmen - Organisator","og_description":"Seit \u00fcber 30 Jahren steht die Firma L\u00f6wenfels f\u00fcr individuelle Software. Im Mittelpunkt stehen dabei die Kundenbed\u00fcrfnisse.","og_url":"https:\/\/www.organisator.ch\/fr\/gestion-2\/it\/2022-10-25\/individuelle-software-fuer-unternehmen\/","og_site_name":"Organisator","article_publisher":"https:\/\/www.facebook.com\/OrganisatorFachmagazin","article_published_time":"2022-10-25T01:51:27+00:00","og_image":[{"width":680,"height":454,"url":"https:\/\/www.organisator.ch\/wp-content\/uploads\/2022\/10\/Individuelle-Software-fuer-Unternehmen_Organiastor.jpg","type":"image\/jpeg"}],"author":"thomas.berner","twitter_card":"summary_large_image","schema":{"@context":"https:\/\/schema.org","@graph":[{"@type":"Article","@id":"https:\/\/www.organisator.ch\/management\/it\/2022-10-25\/individuelle-software-fuer-unternehmen\/#article","isPartOf":{"@id":"https:\/\/www.organisator.ch\/management\/it\/2022-10-25\/individuelle-software-fuer-unternehmen\/"},"author":{"name":"thomas.berner","@id":"https:\/\/www.organisator.ch\/#\/schema\/person\/6f650f90b2842cd4c0cc334b4e36f67e"},"headline":"Individuelle Software f\u00fcr Unternehmen","datePublished":"2022-10-25T01:51:27+00:00","mainEntityOfPage":{"@id":"https:\/\/www.organisator.ch\/management\/it\/2022-10-25\/individuelle-software-fuer-unternehmen\/"},"wordCount":486,"publisher":{"@id":"https:\/\/www.organisator.ch\/#organization"},"image":{"@id":"https:\/\/www.organisator.ch\/management\/it\/2022-10-25\/individuelle-software-fuer-unternehmen\/#primaryimage"},"thumbnailUrl":"https:\/\/www.organisator.ch\/wp-content\/uploads\/2022\/10\/Individuelle-Software-fuer-Unternehmen_Organiastor.jpg","keywords":["Digitalisierung","IT\u2009&amp;\u2009Business Software","Publireportage"],"articleSection":["IT"],"inLanguage":"fr-FR"},{"@type":"WebPage","@id":"https:\/\/www.organisator.ch\/management\/it\/2022-10-25\/individuelle-software-fuer-unternehmen\/","url":"https:\/\/www.organisator.ch\/management\/it\/2022-10-25\/individuelle-software-fuer-unternehmen\/","name":"Logiciels personnalis\u00e9s pour entreprises - Organisateur","isPartOf":{"@id":"https:\/\/www.organisator.ch\/#website"},"primaryImageOfPage":{"@id":"https:\/\/www.organisator.ch\/management\/it\/2022-10-25\/individuelle-software-fuer-unternehmen\/#primaryimage"},"image":{"@id":"https:\/\/www.organisator.ch\/management\/it\/2022-10-25\/individuelle-software-fuer-unternehmen\/#primaryimage"},"thumbnailUrl":"https:\/\/www.organisator.ch\/wp-content\/uploads\/2022\/10\/Individuelle-Software-fuer-Unternehmen_Organiastor.jpg","datePublished":"2022-10-25T01:51:27+00:00","description":"Depuis plus de 30 ans, l'entreprise L\u00f6wenfels est synonyme de logiciels personnalis\u00e9s. Les besoins des clients sont au centre de ses pr\u00e9occupations.","breadcrumb":{"@id":"https:\/\/www.organisator.ch\/management\/it\/2022-10-25\/individuelle-software-fuer-unternehmen\/#breadcrumb"},"inLanguage":"fr-FR","potentialAction":[{"@type":"ReadAction","target":["https:\/\/www.organisator.ch\/management\/it\/2022-10-25\/individuelle-software-fuer-unternehmen\/"]}]},{"@type":"ImageObject","inLanguage":"fr-FR","@id":"https:\/\/www.organisator.ch\/management\/it\/2022-10-25\/individuelle-software-fuer-unternehmen\/#primaryimage","url":"https:\/\/www.organisator.ch\/wp-content\/uploads\/2022\/10\/Individuelle-Software-fuer-Unternehmen_Organiastor.jpg","contentUrl":"https:\/\/www.organisator.ch\/wp-content\/uploads\/2022\/10\/Individuelle-Software-fuer-Unternehmen_Organiastor.jpg","width":680,"height":454,"caption":"(Bild: zVg)"},{"@type":"BreadcrumbList","@id":"https:\/\/www.organisator.ch\/management\/it\/2022-10-25\/individuelle-software-fuer-unternehmen\/#breadcrumb","itemListElement":[{"@type":"ListItem","position":1,"name":"Home","item":"https:\/\/www.organisator.ch\/"},{"@type":"ListItem","position":2,"name":"Individuelle Software f\u00fcr Unternehmen"}]},{"@type":"WebSite","@id":"https:\/\/www.organisator.ch\/#website","url":"https:\/\/www.organisator.ch\/","name":"Organisateur","description":"Comp\u00e9tence et comp\u00e9tence. Proches de la pratique. L'ORGANISATEUR pr\u00e9pare 10 num\u00e9ros par an sur les th\u00e8mes essentiels pour les dirigeants de PME.","publisher":{"@id":"https:\/\/www.organisator.ch\/#organization"},"potentialAction":[{"@type":"SearchAction","target":{"@type":"EntryPoint","urlTemplate":"https:\/\/www.organisator.ch\/?s={search_term_string}"},"query-input":{"@type":"PropertyValueSpecification","valueRequired":true,"valueName":"search_term_string"}}],"inLanguage":"fr-FR"},{"@type":"Organization","@id":"https:\/\/www.organisator.ch\/#organization","name":"Organisateur","url":"https:\/\/www.organisator.ch\/","logo":{"@type":"ImageObject","inLanguage":"fr-FR","@id":"https:\/\/www.organisator.ch\/#\/schema\/logo\/image\/","url":"https:\/\/www.organisator.ch\/wp-content\/uploads\/2022\/01\/Logo_Organisator_Website.png","contentUrl":"https:\/\/www.organisator.ch\/wp-content\/uploads\/2022\/01\/Logo_Organisator_Website.png","width":800,"height":77,"caption":"Organisator"},"image":{"@id":"https:\/\/www.organisator.ch\/#\/schema\/logo\/image\/"},"sameAs":["https:\/\/www.facebook.com\/OrganisatorFachmagazin","https:\/\/www.linkedin.com\/showcase\/organisator-das-magazin-fr-kmu","https:\/\/www.xing.com\/news\/pages\/organisator-ch-695","https:\/\/www.youtube.com\/channel\/UCGP2Sq0iWaZwT3BdIAQFYpw"]},{"@type":"Person","@id":"https:\/\/www.organisator.ch\/#\/schema\/person\/6f650f90b2842cd4c0cc334b4e36f67e","name":"thomas.berner","image":{"@type":"ImageObject","inLanguage":"fr-FR","@id":"https:\/\/secure.gravatar.com\/avatar\/ac5001d2a36cb6c6cd3e50789007ffca834b477b74a2144564522e944eabff61?s=96&d=mm&r=g","url":"https:\/\/secure.gravatar.com\/avatar\/ac5001d2a36cb6c6cd3e50789007ffca834b477b74a2144564522e944eabff61?s=96&d=mm&r=g","contentUrl":"https:\/\/secure.gravatar.com\/avatar\/ac5001d2a36cb6c6cd3e50789007ffca834b477b74a2144564522e944eabff61?s=96&d=mm&r=g","caption":"thomas.berner"},"url":"https:\/\/www.organisator.ch\/fr\/author\/thomas-berner\/"}]}},"_links":{"self":[{"href":"https:\/\/www.organisator.ch\/fr\/wp-json\/wp\/v2\/posts\/17316","targetHints":{"allow":["GET"]}}],"collection":[{"href":"https:\/\/www.organisator.ch\/fr\/wp-json\/wp\/v2\/posts"}],"about":[{"href":"https:\/\/www.organisator.ch\/fr\/wp-json\/wp\/v2\/types\/post"}],"author":[{"embeddable":true,"href":"https:\/\/www.organisator.ch\/fr\/wp-json\/wp\/v2\/users\/4"}],"replies":[{"embeddable":true,"href":"https:\/\/www.organisator.ch\/fr\/wp-json\/wp\/v2\/comments?post=17316"}],"version-history":[{"count":3,"href":"https:\/\/www.organisator.ch\/fr\/wp-json\/wp\/v2\/posts\/17316\/revisions"}],"predecessor-version":[{"id":17321,"href":"https:\/\/www.organisator.ch\/fr\/wp-json\/wp\/v2\/posts\/17316\/revisions\/17321"}],"wp:featuredmedia":[{"embeddable":true,"href":"https:\/\/www.organisator.ch\/fr\/wp-json\/wp\/v2\/media\/17319"}],"wp:attachment":[{"href":"https:\/\/www.organisator.ch\/fr\/wp-json\/wp\/v2\/media?parent=17316"}],"wp:term":[{"taxonomy":"category","embeddable":true,"href":"https:\/\/www.organisator.ch\/fr\/wp-json\/wp\/v2\/categories?post=17316"},{"taxonomy":"post_tag","embeddable":true,"href":"https:\/\/www.organisator.ch\/fr\/wp-json\/wp\/v2\/tags?post=17316"}],"curies":[{"name":"wp","href":"https:\/\/api.w.org\/{rel}","templated":true}]}}