{"id":1746,"date":"2018-06-20T14:16:14","date_gmt":"2018-06-20T12:16:14","guid":{"rendered":"https:\/\/www.umweltperspektiven.ch\/?p=1746"},"modified":"2022-02-09T11:10:09","modified_gmt":"2022-02-09T10:10:09","slug":"die-by-maria-stiftung-setzt-da-an-wo-die-schuhe-druecken","status":"publish","type":"post","link":"https:\/\/www.organisator.ch\/fr\/sustainability\/2018-06-20\/die-by-maria-stiftung-setzt-da-an-wo-die-schuhe-druecken\/","title":{"rendered":"La fondation \"By Maria\" intervient l\u00e0 o\u00f9 les chaussures font mal"},"content":{"rendered":"<figure id=\"attachment_1747\" aria-describedby=\"caption-attachment-1747\" style=\"width: 680px\" class=\"wp-caption alignnone\"><img loading=\"lazy\" decoding=\"async\" class=\"size-medium wp-image-1747\" src=\"\/\/www.umweltperspektiven.ch\/wp-content\/uploads\/2018\/06\/catalinajossencardozo11000pxbildbridge.jpg\" alt=\"\" width=\"680\" height=\"454\" srcset=\"https:\/\/www.organisator.ch\/wp-content\/uploads\/2018\/06\/catalinajossencardozo11000pxbildbridge.jpg 1000w, https:\/\/www.organisator.ch\/wp-content\/uploads\/2018\/06\/catalinajossencardozo11000pxbildbridge-680x454.jpg 680w, https:\/\/www.organisator.ch\/wp-content\/uploads\/2018\/06\/catalinajossencardozo11000pxbildbridge-768x512.jpg 768w, https:\/\/www.organisator.ch\/wp-content\/uploads\/2018\/06\/catalinajossencardozo11000pxbildbridge-18x12.jpg 18w, https:\/\/www.organisator.ch\/wp-content\/uploads\/2018\/06\/catalinajossencardozo11000pxbildbridge-262x175.jpg 262w, https:\/\/www.organisator.ch\/wp-content\/uploads\/2018\/06\/catalinajossencardozo11000pxbildbridge-525x350.jpg 525w, https:\/\/www.organisator.ch\/wp-content\/uploads\/2018\/06\/catalinajossencardozo11000pxbildbridge-920x614.jpg 920w, https:\/\/www.organisator.ch\/wp-content\/uploads\/2018\/06\/catalinajossencardozo11000pxbildbridge-300x200.jpg 300w\" sizes=\"auto, (max-width: 680px) 100vw, 680px\" \/><figcaption id=\"caption-attachment-1747\" class=\"wp-caption-text\">Catalina Jossen Cardozo dans son atelier de chaussures. (Image : Magazine HSLU)<\/figcaption><\/figure>\n<p>Environ 55 millions de paires de chaussures sont produites chaque ann\u00e9e en Colombie et export\u00e9es dans le monde entier. La production de chaussures est donc l'un des secteurs \u00e9conomiques les plus importants de ce pays sud-am\u00e9ricain. En raison de la concurrence croissante de la Chine, la pression augmente toutefois - surtout sur les nombreux petits ateliers. \"Pour eux, les choses sont loin d'aller bien\", explique Catalina Jossen Cardozo.<\/p>\n<p>Elle doit le savoir : pendant six ans, cette Colombienne d'origine a travaill\u00e9 dans le secteur en tant qu'entrepreneuse et consultante ind\u00e9pendante.<\/p>\n<h2>Durable et \u00e9quitable<\/h2>\n<p>C'est par amour que Catalina Jossen Cardozo s'est install\u00e9e en Suisse en 2014 et a d\u00e9cid\u00e9 de faire un master au d\u00e9partement Design &amp; Art de la Haute \u00e9cole de Lucerne. D\u00e8s le d\u00e9but, il \u00e9tait clair pour elle qu'elle voulait consacrer sa th\u00e8se de master \u00e0 l'industrie de la chaussure de son pays d'origine, mais pas en tant que designer de chaussures chics. \"La question centrale \u00e9tait pour moi : comment relier les petits producteurs, les designers et les clients finaux et promouvoir une production durable de chaussures ?\", explique la jeune femme de 35 ans.<\/p>\n<p>Leur id\u00e9e : une plateforme en ligne, y compris un syst\u00e8me modulaire 3D, permettant aux designers de concevoir des chaussures et de les faire produire en Colombie en petites s\u00e9ries et avec un travail manuel de qualit\u00e9. Les consommateurs finaux ach\u00e8tent les produits, pour la plupart fabriqu\u00e9s sur mesure, \u00e0 un prix raisonnable, et les cordonniers colombiens re\u00e7oivent un salaire \u00e9quitable et participent directement au produit de la vente.<\/p>\n<h2>D'abord un travail de master, puis un projet de recherche<\/h2>\n<p>Pour son travail intitul\u00e9 \"By Maria\", Catalina Jossen Cardozo a re\u00e7u l'ann\u00e9e derni\u00e8re une distinction pour les dipl\u00f4m\u00e9s exceptionnels de la Haute \u00e9cole de Lucerne. Le comit\u00e9 a \u00e9galement \u00e9t\u00e9 convaincu par \"Bridge\" : le nouveau programme d'encouragement du Fonds national suisse (FNS) et de la Commission pour la technologie et l'innovation (CTI) s'adresse aux jeunes chercheurs qui d\u00e9veloppent leurs connaissances en applications ou services concrets.<\/p>\n<p>101 id\u00e9es ont \u00e9t\u00e9 soumises lors du premier appel d'offres et onze - dont \"By Maria\" - ont \u00e9t\u00e9 retenues dans le programme. L'une des raisons de cette d\u00e9cision est que le concept de Catalina Jossen Cardozo a \u00e9galement du potentiel pour les industries artisanales traditionnelles en Suisse, qui sont g\u00e9n\u00e9ralement davantage situ\u00e9es dans le segment des prix moyens \u00e0 \u00e9lev\u00e9s.<\/p>\n<h2>Une fondation pour les cordonniers<\/h2>\n<p>Gr\u00e2ce au programme Bridge, la jeune chercheuse peut poursuivre son travail avec une petite \u00e9quipe internationale. \"\u00c0 Bogot\u00e1, nous avons organis\u00e9 des ateliers avec des cordonniers int\u00e9ress\u00e9s. Nous avons analys\u00e9 comment ils organisaient leur travail jusqu'\u00e0 pr\u00e9sent, de quels mat\u00e9riaux ils disposaient et ce dont ils avaient besoin en termes d'\u00e9quipement suppl\u00e9mentaire ou de savoir-faire.\" Afin de mieux soutenir les cordonniers sur place, la fondation \"By Maria\" a \u00e9t\u00e9 cr\u00e9\u00e9e.<\/p>\n<p>Celle-ci met gratuitement des \u00e9quipements \u00e0 la disposition des ateliers participants et prend m\u00eame en charge les prestations sociales des collaborateurs des petites entreprises. \"Il est important pour nous que ces derniers ne consid\u00e8rent pas cela comme un simple cadeau\", souligne Jossen Cardozo. C'est pourquoi les cordonniers s'engagent \u00e0 s'investir \u00e0 long terme dans le projet et \u00e0 participer r\u00e9guli\u00e8rement \u00e0 des formations continues gratuites. \"En fin de compte, le client final doit recevoir des produits de haute qualit\u00e9\".<\/p>\n<h2>Tester le concept de durabilit\u00e9<\/h2>\n<p>Non seulement les besoins des cordonniers, mais aussi ceux des designers et des acheteurs ont \u00e9t\u00e9 identifi\u00e9s lors d'ateliers, car \"s'ils ne sont pas convaincus, l'outil ne prendra jamais son envol\", explique Catalina Jossen Cardozo. Comment, par exemple, pr\u00e9senter de mani\u00e8re attrayante toute la gamme de pi\u00e8ces d\u00e9tach\u00e9es d'une chaussure - semelles, talons, diff\u00e9rents mat\u00e9riaux de dessus ou fermetures ?<\/p>\n<p>Comment les instructions pour mesurer un pied ou, plus g\u00e9n\u00e9ralement, les voies de communication dans l'outil doivent-elles \u00eatre con\u00e7ues de mani\u00e8re attrayante et compr\u00e9hensible ? Selon Jossen Cardozo, on se situe ici entre des exigences \u00e9lev\u00e9es en mati\u00e8re de design et des possibilit\u00e9s financi\u00e8res modestes. Jossen Cardozo se souvient qu'il a \u00e9t\u00e9 difficile de faire comprendre cela \u00e0 un informaticien.<\/p>\n<p>\"Il nous a fallu beaucoup de temps avant de trouver quelqu'un pour programmer la plateforme, qui comprenne que nous n'en sommes qu'au d\u00e9but et qu'il n'est pas certain que nous puissions vraiment gagner de l'argent, ni quand\". Il ne s'agit pas non plus d'une boutique en ligne \u00e0 la Zalando : \"Pour nous, il est d'abord essentiel de v\u00e9rifier si notre concept fonctionne.<\/p>\n<p>Ce n'est qu'apr\u00e8s avoir acquis de l'exp\u00e9rience que nous pourrons d\u00e9velopper le site web et faire programmer un outil 3D pour les designers\", explique Jossen Cardozo. Elle avance maintenant d'un bon pas vers le test pratique : Cette ann\u00e9e encore, la version test de la plateforme devrait \u00eatre mise en ligne et les premi\u00e8res chaussures \"Made by Maria\" devraient \u00eatre produites.<\/p>\n<p>Plus d'informations sous :\u00a0<a href=\"\/\/www.bymaria.ch\/\">www.bymaria.ch<\/a><\/p>","protected":false},"excerpt":{"rendered":"<p>Rund 55 Millionen Paar Schuhe werden j\u00e4hrlich in Kolumbien produziert und in die ganze Welt exportiert. Damit geh\u00f6rt die Schuhproduktion zu den wichtigsten Wirtschaftszweigen des s\u00fcdamerikanischen Landes. Aufgrund der zunehmenden Konkurrenz aus China steigt jedoch der Druck \u2013 vor allem auf die vielen kleinen Werkst\u00e4tten. \u00abF\u00fcr die l\u00e4uft es alles andere als gut\u00bb, sagt Catalina [&hellip;]<\/p>\n","protected":false},"author":5,"featured_media":1747,"comment_status":"open","ping_status":"open","sticky":false,"template":"","format":"standard","meta":{"_acf_changed":false,"_yoast_wpseo_focuskw":"Schuhe","_yoast_wpseo_metadesc":"Schuhe sind die grosse Leidenschaft von Catalina Jossen Cardozo. Jedoch nicht f\u00fcr den Gebrauch oder als begehrte Sammlerobjekte \u2013 vielmehr entwickelt die Master-Absolventin und Jungforscherin eine Online-Plattform f\u00fcr Nachhaltigkeit.","articlekey":"","footnotes":""},"categories":[580],"tags":[973,1156,2246,2297],"class_list":["post-1746","post","type-post","status-publish","format-standard","has-post-thumbnail","hentry","category-sustainability","tag-design","tag-faire-loehne","tag-sustainability","tag-textilindustrie"],"acf":[],"yoast_head":"<!-- This site is optimized with the Yoast SEO plugin v27.5 - https:\/\/yoast.com\/product\/yoast-seo-wordpress\/ -->\n<title>Die &quot;By Maria&quot;-Stiftung setzt da an, wo die Schuhe dr\u00fccken - Organisator<\/title>\n<meta name=\"description\" content=\"Schuhe sind die grosse Leidenschaft von Catalina Jossen Cardozo. Jedoch nicht f\u00fcr den Gebrauch oder als begehrte Sammlerobjekte \u2013 vielmehr entwickelt die Master-Absolventin und Jungforscherin eine Online-Plattform f\u00fcr Nachhaltigkeit.\" \/>\n<meta name=\"robots\" content=\"index, follow, max-snippet:-1, max-image-preview:large, max-video-preview:-1\" \/>\n<link rel=\"canonical\" href=\"https:\/\/www.organisator.ch\/fr\/sustainability\/2018-06-20\/die-by-maria-stiftung-setzt-da-an-wo-die-schuhe-druecken\/\" \/>\n<meta property=\"og:locale\" content=\"fr_FR\" \/>\n<meta property=\"og:type\" content=\"article\" \/>\n<meta property=\"og:title\" content=\"Die &quot;By Maria&quot;-Stiftung setzt da an, wo die Schuhe dr\u00fccken - Organisator\" \/>\n<meta property=\"og:description\" content=\"Schuhe sind die grosse Leidenschaft von Catalina Jossen Cardozo. Jedoch nicht f\u00fcr den Gebrauch oder als begehrte Sammlerobjekte \u2013 vielmehr entwickelt die Master-Absolventin und Jungforscherin eine Online-Plattform f\u00fcr Nachhaltigkeit.\" \/>\n<meta property=\"og:url\" content=\"https:\/\/www.organisator.ch\/fr\/sustainability\/2018-06-20\/die-by-maria-stiftung-setzt-da-an-wo-die-schuhe-druecken\/\" \/>\n<meta property=\"og:site_name\" content=\"Organisator\" \/>\n<meta property=\"article:publisher\" content=\"https:\/\/www.facebook.com\/OrganisatorFachmagazin\" \/>\n<meta property=\"article:published_time\" content=\"2018-06-20T12:16:14+00:00\" \/>\n<meta property=\"article:modified_time\" content=\"2022-02-09T10:10:09+00:00\" \/>\n<meta property=\"og:image\" content=\"https:\/\/www.organisator.ch\/wp-content\/uploads\/2018\/06\/catalinajossencardozo11000pxbildbridge.jpg\" \/>\n\t<meta property=\"og:image:width\" content=\"1000\" \/>\n\t<meta property=\"og:image:height\" content=\"667\" \/>\n\t<meta property=\"og:image:type\" content=\"image\/jpeg\" \/>\n<meta name=\"author\" content=\"michael.merz\" \/>\n<meta name=\"twitter:card\" content=\"summary_large_image\" \/>\n<script type=\"application\/ld+json\" class=\"yoast-schema-graph\">{\"@context\":\"https:\\\/\\\/schema.org\",\"@graph\":[{\"@type\":\"Article\",\"@id\":\"https:\\\/\\\/www.organisator.ch\\\/sustainability\\\/2018-06-20\\\/die-by-maria-stiftung-setzt-da-an-wo-die-schuhe-druecken\\\/#article\",\"isPartOf\":{\"@id\":\"https:\\\/\\\/www.organisator.ch\\\/sustainability\\\/2018-06-20\\\/die-by-maria-stiftung-setzt-da-an-wo-die-schuhe-druecken\\\/\"},\"author\":{\"name\":\"michael.merz\",\"@id\":\"https:\\\/\\\/www.organisator.ch\\\/#\\\/schema\\\/person\\\/134708ca9321c57b0362cceb7948ffbd\"},\"headline\":\"Die &#8222;By Maria&#8220;-Stiftung setzt da an, wo die Schuhe dr\u00fccken\",\"datePublished\":\"2018-06-20T12:16:14+00:00\",\"dateModified\":\"2022-02-09T10:10:09+00:00\",\"mainEntityOfPage\":{\"@id\":\"https:\\\/\\\/www.organisator.ch\\\/sustainability\\\/2018-06-20\\\/die-by-maria-stiftung-setzt-da-an-wo-die-schuhe-druecken\\\/\"},\"wordCount\":727,\"commentCount\":0,\"publisher\":{\"@id\":\"https:\\\/\\\/www.organisator.ch\\\/#organization\"},\"image\":{\"@id\":\"https:\\\/\\\/www.organisator.ch\\\/sustainability\\\/2018-06-20\\\/die-by-maria-stiftung-setzt-da-an-wo-die-schuhe-druecken\\\/#primaryimage\"},\"thumbnailUrl\":\"https:\\\/\\\/www.organisator.ch\\\/wp-content\\\/uploads\\\/2018\\\/06\\\/catalinajossencardozo11000pxbildbridge.jpg\",\"keywords\":[\"Design\",\"Faire L\u00f6hne\",\"Sustainability\",\"Textilindustrie\"],\"articleSection\":[\"SUSTAINABILITY\"],\"inLanguage\":\"fr-FR\"},{\"@type\":\"WebPage\",\"@id\":\"https:\\\/\\\/www.organisator.ch\\\/sustainability\\\/2018-06-20\\\/die-by-maria-stiftung-setzt-da-an-wo-die-schuhe-druecken\\\/\",\"url\":\"https:\\\/\\\/www.organisator.ch\\\/sustainability\\\/2018-06-20\\\/die-by-maria-stiftung-setzt-da-an-wo-die-schuhe-druecken\\\/\",\"name\":\"Die \\\"By Maria\\\"-Stiftung setzt da an, wo die Schuhe dr\u00fccken - Organisator\",\"isPartOf\":{\"@id\":\"https:\\\/\\\/www.organisator.ch\\\/#website\"},\"primaryImageOfPage\":{\"@id\":\"https:\\\/\\\/www.organisator.ch\\\/sustainability\\\/2018-06-20\\\/die-by-maria-stiftung-setzt-da-an-wo-die-schuhe-druecken\\\/#primaryimage\"},\"image\":{\"@id\":\"https:\\\/\\\/www.organisator.ch\\\/sustainability\\\/2018-06-20\\\/die-by-maria-stiftung-setzt-da-an-wo-die-schuhe-druecken\\\/#primaryimage\"},\"thumbnailUrl\":\"https:\\\/\\\/www.organisator.ch\\\/wp-content\\\/uploads\\\/2018\\\/06\\\/catalinajossencardozo11000pxbildbridge.jpg\",\"datePublished\":\"2018-06-20T12:16:14+00:00\",\"dateModified\":\"2022-02-09T10:10:09+00:00\",\"description\":\"Schuhe sind die grosse Leidenschaft von Catalina Jossen Cardozo. Jedoch nicht f\u00fcr den Gebrauch oder als begehrte Sammlerobjekte \u2013 vielmehr entwickelt die Master-Absolventin und Jungforscherin eine Online-Plattform f\u00fcr Nachhaltigkeit.\",\"breadcrumb\":{\"@id\":\"https:\\\/\\\/www.organisator.ch\\\/sustainability\\\/2018-06-20\\\/die-by-maria-stiftung-setzt-da-an-wo-die-schuhe-druecken\\\/#breadcrumb\"},\"inLanguage\":\"fr-FR\",\"potentialAction\":[{\"@type\":\"ReadAction\",\"target\":[\"https:\\\/\\\/www.organisator.ch\\\/sustainability\\\/2018-06-20\\\/die-by-maria-stiftung-setzt-da-an-wo-die-schuhe-druecken\\\/\"]}]},{\"@type\":\"ImageObject\",\"inLanguage\":\"fr-FR\",\"@id\":\"https:\\\/\\\/www.organisator.ch\\\/sustainability\\\/2018-06-20\\\/die-by-maria-stiftung-setzt-da-an-wo-die-schuhe-druecken\\\/#primaryimage\",\"url\":\"https:\\\/\\\/www.organisator.ch\\\/wp-content\\\/uploads\\\/2018\\\/06\\\/catalinajossencardozo11000pxbildbridge.jpg\",\"contentUrl\":\"https:\\\/\\\/www.organisator.ch\\\/wp-content\\\/uploads\\\/2018\\\/06\\\/catalinajossencardozo11000pxbildbridge.jpg\",\"width\":1000,\"height\":667,\"caption\":\"Catalina Jossen Cardozo in ihrem Schuh-Atelier. (Bild: HSLU Magazin)\"},{\"@type\":\"BreadcrumbList\",\"@id\":\"https:\\\/\\\/www.organisator.ch\\\/sustainability\\\/2018-06-20\\\/die-by-maria-stiftung-setzt-da-an-wo-die-schuhe-druecken\\\/#breadcrumb\",\"itemListElement\":[{\"@type\":\"ListItem\",\"position\":1,\"name\":\"Home\",\"item\":\"https:\\\/\\\/www.organisator.ch\\\/\"},{\"@type\":\"ListItem\",\"position\":2,\"name\":\"Die &#8222;By Maria&#8220;-Stiftung setzt da an, wo die Schuhe dr\u00fccken\"}]},{\"@type\":\"WebSite\",\"@id\":\"https:\\\/\\\/www.organisator.ch\\\/#website\",\"url\":\"https:\\\/\\\/www.organisator.ch\\\/\",\"name\":\"Organisator\",\"description\":\"Kompetent. Praxisnah. Der ORGANISATOR bereitet in 10 Ausgaben pro Jahr die wesentlichen Themen f\u00fcr F\u00fchrungskr\u00e4fte von KMU auf.\",\"publisher\":{\"@id\":\"https:\\\/\\\/www.organisator.ch\\\/#organization\"},\"potentialAction\":[{\"@type\":\"SearchAction\",\"target\":{\"@type\":\"EntryPoint\",\"urlTemplate\":\"https:\\\/\\\/www.organisator.ch\\\/?s={search_term_string}\"},\"query-input\":{\"@type\":\"PropertyValueSpecification\",\"valueRequired\":true,\"valueName\":\"search_term_string\"}}],\"inLanguage\":\"fr-FR\"},{\"@type\":\"Organization\",\"@id\":\"https:\\\/\\\/www.organisator.ch\\\/#organization\",\"name\":\"Organisator\",\"url\":\"https:\\\/\\\/www.organisator.ch\\\/\",\"logo\":{\"@type\":\"ImageObject\",\"inLanguage\":\"fr-FR\",\"@id\":\"https:\\\/\\\/www.organisator.ch\\\/#\\\/schema\\\/logo\\\/image\\\/\",\"url\":\"https:\\\/\\\/www.organisator.ch\\\/wp-content\\\/uploads\\\/2022\\\/01\\\/Logo_Organisator_Website.png\",\"contentUrl\":\"https:\\\/\\\/www.organisator.ch\\\/wp-content\\\/uploads\\\/2022\\\/01\\\/Logo_Organisator_Website.png\",\"width\":800,\"height\":77,\"caption\":\"Organisator\"},\"image\":{\"@id\":\"https:\\\/\\\/www.organisator.ch\\\/#\\\/schema\\\/logo\\\/image\\\/\"},\"sameAs\":[\"https:\\\/\\\/www.facebook.com\\\/OrganisatorFachmagazin\",\"https:\\\/\\\/www.linkedin.com\\\/showcase\\\/organisator-das-magazin-fr-kmu\",\"https:\\\/\\\/www.xing.com\\\/news\\\/pages\\\/organisator-ch-695\",\"https:\\\/\\\/www.youtube.com\\\/channel\\\/UCGP2Sq0iWaZwT3BdIAQFYpw\"]},{\"@type\":\"Person\",\"@id\":\"https:\\\/\\\/www.organisator.ch\\\/#\\\/schema\\\/person\\\/134708ca9321c57b0362cceb7948ffbd\",\"name\":\"michael.merz\",\"image\":{\"@type\":\"ImageObject\",\"inLanguage\":\"fr-FR\",\"@id\":\"https:\\\/\\\/secure.gravatar.com\\\/avatar\\\/?s=96&d=mm&r=g\",\"url\":\"https:\\\/\\\/secure.gravatar.com\\\/avatar\\\/?s=96&d=mm&r=g\",\"contentUrl\":\"https:\\\/\\\/secure.gravatar.com\\\/avatar\\\/?s=96&d=mm&r=g\",\"caption\":\"michael.merz\"},\"url\":\"https:\\\/\\\/www.organisator.ch\\\/fr\\\/author\\\/michael-merz\\\/\"}]}<\/script>\n<!-- \/ Yoast SEO plugin. -->","yoast_head_json":{"title":"La fondation \"By Maria\" intervient l\u00e0 o\u00f9 les chaussures font mal - Organisateur","description":"Les chaussures sont la grande passion de Catalina Jossen Cardozo. Mais pas pour l'utiliser ou en tant qu'objet de collection convoit\u00e9 - la dipl\u00f4m\u00e9e de master et jeune chercheuse d\u00e9veloppe plut\u00f4t une plateforme en ligne pour la durabilit\u00e9.","robots":{"index":"index","follow":"follow","max-snippet":"max-snippet:-1","max-image-preview":"max-image-preview:large","max-video-preview":"max-video-preview:-1"},"canonical":"https:\/\/www.organisator.ch\/fr\/sustainability\/2018-06-20\/die-by-maria-stiftung-setzt-da-an-wo-die-schuhe-druecken\/","og_locale":"fr_FR","og_type":"article","og_title":"Die \"By Maria\"-Stiftung setzt da an, wo die Schuhe dr\u00fccken - Organisator","og_description":"Schuhe sind die grosse Leidenschaft von Catalina Jossen Cardozo. Jedoch nicht f\u00fcr den Gebrauch oder als begehrte Sammlerobjekte \u2013 vielmehr entwickelt die Master-Absolventin und Jungforscherin eine Online-Plattform f\u00fcr Nachhaltigkeit.","og_url":"https:\/\/www.organisator.ch\/fr\/sustainability\/2018-06-20\/die-by-maria-stiftung-setzt-da-an-wo-die-schuhe-druecken\/","og_site_name":"Organisator","article_publisher":"https:\/\/www.facebook.com\/OrganisatorFachmagazin","article_published_time":"2018-06-20T12:16:14+00:00","article_modified_time":"2022-02-09T10:10:09+00:00","og_image":[{"width":1000,"height":667,"url":"https:\/\/www.organisator.ch\/wp-content\/uploads\/2018\/06\/catalinajossencardozo11000pxbildbridge.jpg","type":"image\/jpeg"}],"author":"michael.merz","twitter_card":"summary_large_image","schema":{"@context":"https:\/\/schema.org","@graph":[{"@type":"Article","@id":"https:\/\/www.organisator.ch\/sustainability\/2018-06-20\/die-by-maria-stiftung-setzt-da-an-wo-die-schuhe-druecken\/#article","isPartOf":{"@id":"https:\/\/www.organisator.ch\/sustainability\/2018-06-20\/die-by-maria-stiftung-setzt-da-an-wo-die-schuhe-druecken\/"},"author":{"name":"michael.merz","@id":"https:\/\/www.organisator.ch\/#\/schema\/person\/134708ca9321c57b0362cceb7948ffbd"},"headline":"Die &#8222;By Maria&#8220;-Stiftung setzt da an, wo die Schuhe dr\u00fccken","datePublished":"2018-06-20T12:16:14+00:00","dateModified":"2022-02-09T10:10:09+00:00","mainEntityOfPage":{"@id":"https:\/\/www.organisator.ch\/sustainability\/2018-06-20\/die-by-maria-stiftung-setzt-da-an-wo-die-schuhe-druecken\/"},"wordCount":727,"commentCount":0,"publisher":{"@id":"https:\/\/www.organisator.ch\/#organization"},"image":{"@id":"https:\/\/www.organisator.ch\/sustainability\/2018-06-20\/die-by-maria-stiftung-setzt-da-an-wo-die-schuhe-druecken\/#primaryimage"},"thumbnailUrl":"https:\/\/www.organisator.ch\/wp-content\/uploads\/2018\/06\/catalinajossencardozo11000pxbildbridge.jpg","keywords":["Design","Faire L\u00f6hne","Sustainability","Textilindustrie"],"articleSection":["SUSTAINABILITY"],"inLanguage":"fr-FR"},{"@type":"WebPage","@id":"https:\/\/www.organisator.ch\/sustainability\/2018-06-20\/die-by-maria-stiftung-setzt-da-an-wo-die-schuhe-druecken\/","url":"https:\/\/www.organisator.ch\/sustainability\/2018-06-20\/die-by-maria-stiftung-setzt-da-an-wo-die-schuhe-druecken\/","name":"La fondation \"By Maria\" intervient l\u00e0 o\u00f9 les chaussures font mal - Organisateur","isPartOf":{"@id":"https:\/\/www.organisator.ch\/#website"},"primaryImageOfPage":{"@id":"https:\/\/www.organisator.ch\/sustainability\/2018-06-20\/die-by-maria-stiftung-setzt-da-an-wo-die-schuhe-druecken\/#primaryimage"},"image":{"@id":"https:\/\/www.organisator.ch\/sustainability\/2018-06-20\/die-by-maria-stiftung-setzt-da-an-wo-die-schuhe-druecken\/#primaryimage"},"thumbnailUrl":"https:\/\/www.organisator.ch\/wp-content\/uploads\/2018\/06\/catalinajossencardozo11000pxbildbridge.jpg","datePublished":"2018-06-20T12:16:14+00:00","dateModified":"2022-02-09T10:10:09+00:00","description":"Les chaussures sont la grande passion de Catalina Jossen Cardozo. Mais pas pour l'utiliser ou en tant qu'objet de collection convoit\u00e9 - la dipl\u00f4m\u00e9e de master et jeune chercheuse d\u00e9veloppe plut\u00f4t une plateforme en ligne pour la durabilit\u00e9.","breadcrumb":{"@id":"https:\/\/www.organisator.ch\/sustainability\/2018-06-20\/die-by-maria-stiftung-setzt-da-an-wo-die-schuhe-druecken\/#breadcrumb"},"inLanguage":"fr-FR","potentialAction":[{"@type":"ReadAction","target":["https:\/\/www.organisator.ch\/sustainability\/2018-06-20\/die-by-maria-stiftung-setzt-da-an-wo-die-schuhe-druecken\/"]}]},{"@type":"ImageObject","inLanguage":"fr-FR","@id":"https:\/\/www.organisator.ch\/sustainability\/2018-06-20\/die-by-maria-stiftung-setzt-da-an-wo-die-schuhe-druecken\/#primaryimage","url":"https:\/\/www.organisator.ch\/wp-content\/uploads\/2018\/06\/catalinajossencardozo11000pxbildbridge.jpg","contentUrl":"https:\/\/www.organisator.ch\/wp-content\/uploads\/2018\/06\/catalinajossencardozo11000pxbildbridge.jpg","width":1000,"height":667,"caption":"Catalina Jossen Cardozo in ihrem Schuh-Atelier. (Bild: HSLU Magazin)"},{"@type":"BreadcrumbList","@id":"https:\/\/www.organisator.ch\/sustainability\/2018-06-20\/die-by-maria-stiftung-setzt-da-an-wo-die-schuhe-druecken\/#breadcrumb","itemListElement":[{"@type":"ListItem","position":1,"name":"Home","item":"https:\/\/www.organisator.ch\/"},{"@type":"ListItem","position":2,"name":"Die &#8222;By Maria&#8220;-Stiftung setzt da an, wo die Schuhe dr\u00fccken"}]},{"@type":"WebSite","@id":"https:\/\/www.organisator.ch\/#website","url":"https:\/\/www.organisator.ch\/","name":"Organisateur","description":"Comp\u00e9tence et comp\u00e9tence. Proches de la pratique. L'ORGANISATEUR pr\u00e9pare 10 num\u00e9ros par an sur les th\u00e8mes essentiels pour les dirigeants de PME.","publisher":{"@id":"https:\/\/www.organisator.ch\/#organization"},"potentialAction":[{"@type":"SearchAction","target":{"@type":"EntryPoint","urlTemplate":"https:\/\/www.organisator.ch\/?s={search_term_string}"},"query-input":{"@type":"PropertyValueSpecification","valueRequired":true,"valueName":"search_term_string"}}],"inLanguage":"fr-FR"},{"@type":"Organization","@id":"https:\/\/www.organisator.ch\/#organization","name":"Organisateur","url":"https:\/\/www.organisator.ch\/","logo":{"@type":"ImageObject","inLanguage":"fr-FR","@id":"https:\/\/www.organisator.ch\/#\/schema\/logo\/image\/","url":"https:\/\/www.organisator.ch\/wp-content\/uploads\/2022\/01\/Logo_Organisator_Website.png","contentUrl":"https:\/\/www.organisator.ch\/wp-content\/uploads\/2022\/01\/Logo_Organisator_Website.png","width":800,"height":77,"caption":"Organisator"},"image":{"@id":"https:\/\/www.organisator.ch\/#\/schema\/logo\/image\/"},"sameAs":["https:\/\/www.facebook.com\/OrganisatorFachmagazin","https:\/\/www.linkedin.com\/showcase\/organisator-das-magazin-fr-kmu","https:\/\/www.xing.com\/news\/pages\/organisator-ch-695","https:\/\/www.youtube.com\/channel\/UCGP2Sq0iWaZwT3BdIAQFYpw"]},{"@type":"Person","@id":"https:\/\/www.organisator.ch\/#\/schema\/person\/134708ca9321c57b0362cceb7948ffbd","name":"michael.merz","image":{"@type":"ImageObject","inLanguage":"fr-FR","@id":"https:\/\/secure.gravatar.com\/avatar\/?s=96&d=mm&r=g","url":"https:\/\/secure.gravatar.com\/avatar\/?s=96&d=mm&r=g","contentUrl":"https:\/\/secure.gravatar.com\/avatar\/?s=96&d=mm&r=g","caption":"michael.merz"},"url":"https:\/\/www.organisator.ch\/fr\/author\/michael-merz\/"}]}},"_links":{"self":[{"href":"https:\/\/www.organisator.ch\/fr\/wp-json\/wp\/v2\/posts\/1746","targetHints":{"allow":["GET"]}}],"collection":[{"href":"https:\/\/www.organisator.ch\/fr\/wp-json\/wp\/v2\/posts"}],"about":[{"href":"https:\/\/www.organisator.ch\/fr\/wp-json\/wp\/v2\/types\/post"}],"author":[{"embeddable":true,"href":"https:\/\/www.organisator.ch\/fr\/wp-json\/wp\/v2\/users\/5"}],"replies":[{"embeddable":true,"href":"https:\/\/www.organisator.ch\/fr\/wp-json\/wp\/v2\/comments?post=1746"}],"version-history":[{"count":1,"href":"https:\/\/www.organisator.ch\/fr\/wp-json\/wp\/v2\/posts\/1746\/revisions"}],"predecessor-version":[{"id":10923,"href":"https:\/\/www.organisator.ch\/fr\/wp-json\/wp\/v2\/posts\/1746\/revisions\/10923"}],"wp:featuredmedia":[{"embeddable":true,"href":"https:\/\/www.organisator.ch\/fr\/wp-json\/wp\/v2\/media\/1747"}],"wp:attachment":[{"href":"https:\/\/www.organisator.ch\/fr\/wp-json\/wp\/v2\/media?parent=1746"}],"wp:term":[{"taxonomy":"category","embeddable":true,"href":"https:\/\/www.organisator.ch\/fr\/wp-json\/wp\/v2\/categories?post=1746"},{"taxonomy":"post_tag","embeddable":true,"href":"https:\/\/www.organisator.ch\/fr\/wp-json\/wp\/v2\/tags?post=1746"}],"curies":[{"name":"wp","href":"https:\/\/api.w.org\/{rel}","templated":true}]}}