{"id":17492,"date":"2022-10-26T19:13:09","date_gmt":"2022-10-26T17:13:09","guid":{"rendered":"https:\/\/www.organisator.ch\/?p=17492"},"modified":"2022-10-26T19:13:09","modified_gmt":"2022-10-26T17:13:09","slug":"business-mode-bunt-sind-schon-die-waelder-gelb-die-stoppelfelder","status":"publish","type":"post","link":"https:\/\/www.organisator.ch\/fr\/allgemein\/2022-10-26\/business-mode-bunt-sind-schon-die-waelder-gelb-die-stoppelfelder\/","title":{"rendered":"Mode business : Les for\u00eats sont d\u00e9j\u00e0 color\u00e9es, les chaumes jaunes ..."},"content":{"rendered":"<section class=\"focus\">\n<figure id=\"attachment_17493\" aria-describedby=\"caption-attachment-17493\" style=\"width: 900px\" class=\"wp-caption alignnone\"><img loading=\"lazy\" decoding=\"async\" class=\"wp-image-17493 size-full\" src=\"https:\/\/www.organisator.ch\/wp-content\/uploads\/2022\/10\/Organisator-Bunt-sind-schon-die-Waelder-gelb-die-Stoppelfelder\u2009...-1-Kopie.jpg\" alt=\"\" width=\"900\" height=\"600\" srcset=\"https:\/\/www.organisator.ch\/wp-content\/uploads\/2022\/10\/Organisator-Bunt-sind-schon-die-Waelder-gelb-die-Stoppelfelder\u2009...-1-Kopie.jpg 900w, https:\/\/www.organisator.ch\/wp-content\/uploads\/2022\/10\/Organisator-Bunt-sind-schon-die-Waelder-gelb-die-Stoppelfelder\u2009...-1-Kopie-680x453.jpg 680w, https:\/\/www.organisator.ch\/wp-content\/uploads\/2022\/10\/Organisator-Bunt-sind-schon-die-Waelder-gelb-die-Stoppelfelder\u2009...-1-Kopie-768x512.jpg 768w, https:\/\/www.organisator.ch\/wp-content\/uploads\/2022\/10\/Organisator-Bunt-sind-schon-die-Waelder-gelb-die-Stoppelfelder\u2009...-1-Kopie-18x12.jpg 18w, https:\/\/www.organisator.ch\/wp-content\/uploads\/2022\/10\/Organisator-Bunt-sind-schon-die-Waelder-gelb-die-Stoppelfelder\u2009...-1-Kopie-263x175.jpg 263w, https:\/\/www.organisator.ch\/wp-content\/uploads\/2022\/10\/Organisator-Bunt-sind-schon-die-Waelder-gelb-die-Stoppelfelder\u2009...-1-Kopie-525x350.jpg 525w, https:\/\/www.organisator.ch\/wp-content\/uploads\/2022\/10\/Organisator-Bunt-sind-schon-die-Waelder-gelb-die-Stoppelfelder\u2009...-1-Kopie-300x200.jpg 300w\" sizes=\"auto, (max-width: 900px) 100vw, 900px\" \/><figcaption id=\"caption-attachment-17493\" class=\"wp-caption-text\">Image 1:Tendance : robe-pantalon \u00e0 motifs<br \/>Image : ledergerber.mode<\/figcaption><\/figure>\n<p>Les jours d'automne et donc les tendances d'automne et d'hiver arrivent chez nous. En quoi consistent les tendances actuelles de la mode et la tenue d'affaires automnale pour la femme, ledergerber.mode le sait par exemple :<\/p>\n<p>Le temps des manteaux et des bottes est de retour. Dans ce contexte, le trench-coat polyvalent et classique est le grand succ\u00e8s de la saison. Les nouvelles variations, comme les manteaux \u00e0 d\u00e9coupes ou \u00e0 imprim\u00e9s, ainsi que les manteaux en laine de qualit\u00e9 sup\u00e9rieure, font battre notre c\u0153ur de modeuse. Sp\u00e9cialement pour l'hiver, chaque garde-robe doit comporter une longue doudoune, avec ou sans manches, associ\u00e9e \u00e0 une chaussure de coll\u00e8ge \u00e0 fort profil.<\/p>\n<p>Pour les tenues d'affaires, les costumes deux pi\u00e8ces sont \u00e0 la mode. Qu'ils soient \u00e0 motifs ou \u00e0 rayures, les deux-pi\u00e8ces sont incontournables dans le monde des affaires. Les rayures et les coupes classiques prennent le relais. Les longues maxi-jupes en g\u00e9n\u00e9ral sont \u00e0 la mode, associ\u00e9es \u00e0 des bottes de motard ou des bottes \u00e0 talons hauts. De pr\u00e9f\u00e9rence dans des couleurs comme le noir et le gris avec des blazers cintr\u00e9s. Cet automne et cet hiver, on couronnera volontiers la silhouette avec des coupes amples. Ce sont surtout les blazers dad, les blouses \u00e0 pinces, les pantalons \u00e0 plis, les jupes crayon, mais aussi les tailleurs-pantalons amples avec une ceinture \u00e0 la taille qui attirent les regards (photo 1).<\/p>\n<p>Le choix des mati\u00e8res est au premier plan cette saison. Pour le business, la femme mise sur des lainages nobles ainsi que sur le velours et la soie. Pour les jours plus froids, on les combine avec des tricots et des pulls en maille ; au choix avec ou sans col roul\u00e9. En mode oversize, m\u00eame avec des motifs g\u00e9om\u00e9triques color\u00e9s, des imprim\u00e9s ou des inscriptions.<\/p>\n<p>Nous pouvons regarder avec impatience les couleurs de cette saison : dans l'esprit de \"black is beautiful\", nous trouvons beaucoup de noir avec des accents de couleur qui ont de l'allure : des couleurs vives et \u00e9clatantes ; en premier lieu le bleu n\u00e9on ou le bleu cyan, suivi par le rose, le vert n\u00e9on jusqu'au vert sauge, un m\u00e9lange de violet et de bleu ainsi que l'orange. Pour les \u00e9v\u00e9nements professionnels du soir, les tons m\u00e9talliques scintillants sont \u00e0 l'ordre du jour.<\/p>\n<h3>Le chic d\u00e9contract\u00e9 au bureau<\/h3>\n<p>Le gentleman britannique est synonyme de classicisme et d'\u00e9l\u00e9gance qui ne se d\u00e9mode jamais. Il est synonyme d'authenticit\u00e9, de go\u00fbt raffin\u00e9 et de sens aigu du style. Que ce soit pour le quotidien d\u00e9contract\u00e9 au bureau, l'after-work ou une entr\u00e9e en sc\u00e8ne styl\u00e9e : l'inspiration mode de la Grande-Bretagne constitue la base de la garde-robe de l'homme du monde. Des tons bruns chauds, du blanc cass\u00e9 et du bordeaux - c'est le code couleur des looks d'hiver chics. Les paisleys, les carreaux, les imprim\u00e9s et le tweed citent le style et la tradition britanniques. Les pantalons en velours c\u00f4tel\u00e9, les chemises oxford et les pulls en cachemire de qualit\u00e9 sup\u00e9rieure sont le choix id\u00e9al pour les froides journ\u00e9es d'hiver.<\/p>\n<figure id=\"attachment_17496\" aria-describedby=\"caption-attachment-17496\" style=\"width: 900px\" class=\"wp-caption alignnone\"><img loading=\"lazy\" decoding=\"async\" class=\"size-full wp-image-17496\" src=\"https:\/\/www.organisator.ch\/wp-content\/uploads\/2022\/10\/Organisator-Bunt-sind-schon-die-Waelder-gelb-die-Stoppelfelder ...-4-Copie.jpg\" alt=\"\" width=\"900\" height=\"600\" srcset=\"\" sizes=\"auto, (max-width: 900px) 100vw, 900px\" data-srcset=\"\" \/><figcaption id=\"caption-attachment-17496\" class=\"wp-caption-text\">Photo 2 : PKZ Men d\u00e9marre la prochaine saison d'hiver avec des styles exclusifs, les tendances signature de l'ind\u00e9niable Brit-Chic et des tenues d\u00e9contract\u00e9es !<br \/>Image : PKZ<\/figcaption><\/figure>\n<p>Un bon costume doit avoir une coupe parfaite : c'est pourquoi l'\u00e9quipe Made-to-Measure de PKZ propose une mode sur mesure pour un look professionnel. Dans les Tall-Collections, l'homme trouve en outre un choix vari\u00e9 de grandes marques comme Boss et Windsor. (photo 2) !<\/p>\n<h3>150 ans d'harmonie et de style<\/h3>\n<p>Shiseido est n\u00e9 en 1872, un groupe d'entreprises fond\u00e9 par Arinobu Fukuhara. De la toute premi\u00e8re pharmacie au Japon, dans le quartier de Ginza \u00e0 Tokyo, Shiseido s'est aujourd'hui d\u00e9velopp\u00e9e dans le monde entier avec une harmonie toujours dynamique et une qualit\u00e9 japonaise. Voici un point fort juste \u00e0 l'occasion de son 150e anniversaire :<\/p>\n<figure id=\"attachment_17494\" aria-describedby=\"caption-attachment-17494\" style=\"width: 900px\" class=\"wp-caption alignnone\"><img loading=\"lazy\" decoding=\"async\" class=\"size-full wp-image-17494\" src=\"https:\/\/www.organisator.ch\/wp-content\/uploads\/2022\/10\/Organisator-Bunt-sind-schon-die-Waelder-gelb-die-Stoppelfelder\u20092-Kopie.jpg\" alt=\"\" width=\"900\" height=\"600\" srcset=\"https:\/\/www.organisator.ch\/wp-content\/uploads\/2022\/10\/Organisator-Bunt-sind-schon-die-Waelder-gelb-die-Stoppelfelder\u20092-Kopie.jpg 900w, https:\/\/www.organisator.ch\/wp-content\/uploads\/2022\/10\/Organisator-Bunt-sind-schon-die-Waelder-gelb-die-Stoppelfelder\u20092-Kopie-680x453.jpg 680w, https:\/\/www.organisator.ch\/wp-content\/uploads\/2022\/10\/Organisator-Bunt-sind-schon-die-Waelder-gelb-die-Stoppelfelder\u20092-Kopie-768x512.jpg 768w, https:\/\/www.organisator.ch\/wp-content\/uploads\/2022\/10\/Organisator-Bunt-sind-schon-die-Waelder-gelb-die-Stoppelfelder\u20092-Kopie-18x12.jpg 18w, https:\/\/www.organisator.ch\/wp-content\/uploads\/2022\/10\/Organisator-Bunt-sind-schon-die-Waelder-gelb-die-Stoppelfelder\u20092-Kopie-263x175.jpg 263w, https:\/\/www.organisator.ch\/wp-content\/uploads\/2022\/10\/Organisator-Bunt-sind-schon-die-Waelder-gelb-die-Stoppelfelder\u20092-Kopie-525x350.jpg 525w, https:\/\/www.organisator.ch\/wp-content\/uploads\/2022\/10\/Organisator-Bunt-sind-schon-die-Waelder-gelb-die-Stoppelfelder\u20092-Kopie-300x200.jpg 300w\" sizes=\"auto, (max-width: 900px) 100vw, 900px\" \/><figcaption id=\"caption-attachment-17494\" class=\"wp-caption-text\">Photo 3 : Shiseido Ultimune Power 150 ans<br \/>Image : Shiseido<\/figcaption><\/figure>\n<p>\u00c9dition anniversaire Ultimune Power-Shot pour le 150e anniversaire (disponible d\u00e8s l'automne chez Jelmoli Suisse) : une formulation concentr\u00e9e du s\u00e9rum anti-\u00e2ge #1. Un concentr\u00e9 \u00e9tonnamment l\u00e9ger et intense qui est rapidement absorb\u00e9 par la peau. Ultimune Power Shot est dot\u00e9 de la technologie ImuGeneration150TM, qui permet \u00e0 la peau de b\u00e9n\u00e9ficier des ingr\u00e9dients hautement efficaces d'Ultimune en concentration 15 fois sup\u00e9rieure (photo 3).<\/p>\n<figure id=\"attachment_17495\" aria-describedby=\"caption-attachment-17495\" style=\"width: 900px\" class=\"wp-caption alignnone\"><img loading=\"lazy\" decoding=\"async\" class=\"size-full wp-image-17495\" src=\"https:\/\/www.organisator.ch\/wp-content\/uploads\/2022\/10\/Organisator-Bunt-sind-schon-die-Waelder-gelb-die-Stoppelfelder\u20093-Kopie.jpg\" alt=\"\" width=\"900\" height=\"600\" srcset=\"https:\/\/www.organisator.ch\/wp-content\/uploads\/2022\/10\/Organisator-Bunt-sind-schon-die-Waelder-gelb-die-Stoppelfelder\u20093-Kopie.jpg 900w, https:\/\/www.organisator.ch\/wp-content\/uploads\/2022\/10\/Organisator-Bunt-sind-schon-die-Waelder-gelb-die-Stoppelfelder\u20093-Kopie-680x453.jpg 680w, https:\/\/www.organisator.ch\/wp-content\/uploads\/2022\/10\/Organisator-Bunt-sind-schon-die-Waelder-gelb-die-Stoppelfelder\u20093-Kopie-768x512.jpg 768w, https:\/\/www.organisator.ch\/wp-content\/uploads\/2022\/10\/Organisator-Bunt-sind-schon-die-Waelder-gelb-die-Stoppelfelder\u20093-Kopie-18x12.jpg 18w, https:\/\/www.organisator.ch\/wp-content\/uploads\/2022\/10\/Organisator-Bunt-sind-schon-die-Waelder-gelb-die-Stoppelfelder\u20093-Kopie-263x175.jpg 263w, https:\/\/www.organisator.ch\/wp-content\/uploads\/2022\/10\/Organisator-Bunt-sind-schon-die-Waelder-gelb-die-Stoppelfelder\u20093-Kopie-525x350.jpg 525w, https:\/\/www.organisator.ch\/wp-content\/uploads\/2022\/10\/Organisator-Bunt-sind-schon-die-Waelder-gelb-die-Stoppelfelder\u20093-Kopie-300x200.jpg 300w\" sizes=\"auto, (max-width: 900px) 100vw, 900px\" \/><figcaption id=\"caption-attachment-17495\" class=\"wp-caption-text\">Image 4 : Shiseido BOP Skin Filler<br \/>Image : Shiseido<\/figcaption><\/figure>\n<p>Bio-Performance-Skin-Filler-Seren (disponible \u00e0 partir de l'automne chez Jelmoli Suisse) : pour la premi\u00e8re fois, il est possible, avec les Bio-Performance-Skin Filler-Seren, de faire p\u00e9n\u00e9trer de l'acide hyaluronique de haut poids mol\u00e9culaire dans la peau tout en profitant de ses propri\u00e9t\u00e9s hydratantes et repulpantes maximales - une premi\u00e8re en cosm\u00e9tique. Les deux s\u00e9rums (Night Infill et Day Full Expansion) agissent en synergie et donnent \u00e0 la peau un aspect plus jeune d\u00e8s la premi\u00e8re application (photo 4).<\/p>\n<\/section>\n<section>\n<h3>Auteur<\/h3>\n<p>Barbara R\u00fcttimann est une chroniqueuse r\u00e9guli\u00e8re de mode et de style de vie pour ORGANISATOR.<\/p>\n<p>&gt;<a href=\"https:\/\/www.rbconsulting.info\/\">www.rbconsulting.info\/<\/a><\/p>\n<\/section>","protected":false},"excerpt":{"rendered":"<p>Die Herbsttage und somit auch die Herbst- und Wintertrends treffen bei uns ein. Worin die aktuellen Modetrends bestehen und das herbstliche Business-Outfit f\u00fcr die Frau, weiss z.B. ledergerber.mode: Die Zeit der M\u00e4ntel und Boots ist wieder da. Dabei ist der Allrounder und Klassiker Trenchcoat der Renner der Saison. Die neuen Variationen wie z.B. M\u00e4ntel mit [&hellip;]<\/p>\n","protected":false},"author":1,"featured_media":17496,"comment_status":"closed","ping_status":"closed","sticky":false,"template":"","format":"standard","meta":{"_acf_changed":false,"_yoast_wpseo_focuskw":"Business-Mode","_yoast_wpseo_metadesc":"Herbstt\u00f6ne in den W\u00e4ldern, da und dort die ersten regnerischen Tage: Was bedeutet das f\u00fcr die Business-Mode?","articlekey":"","footnotes":""},"categories":[1],"tags":[3431,108,2633],"class_list":["post-17492","post","type-post","status-publish","format-standard","has-post-thumbnail","hentry","category-allgemein","tag-ausgabe-9-10-2022","tag-business-und-style","tag-mode"],"acf":[],"yoast_head":"<!-- This site is optimized with the Yoast SEO plugin v27.5 - https:\/\/yoast.com\/product\/yoast-seo-wordpress\/ -->\n<title>Business-Mode: Bunt sind schon die W\u00e4lder, gelb die Stoppelfelder\u2009... - Organisator<\/title>\n<meta name=\"description\" content=\"Herbstt\u00f6ne in den W\u00e4ldern, da und dort die ersten regnerischen Tage: Was bedeutet das f\u00fcr die Business-Mode?\" \/>\n<meta name=\"robots\" content=\"index, follow, max-snippet:-1, max-image-preview:large, max-video-preview:-1\" \/>\n<link rel=\"canonical\" href=\"https:\/\/www.organisator.ch\/fr\/general\/2022-10-26\/business-mode-bunt-sind-schon-die-waelder-gelb-die-stoppelfelder\/\" \/>\n<meta property=\"og:locale\" content=\"fr_FR\" \/>\n<meta property=\"og:type\" content=\"article\" \/>\n<meta property=\"og:title\" content=\"Business-Mode: Bunt sind schon die W\u00e4lder, gelb die Stoppelfelder\u2009... - Organisator\" \/>\n<meta property=\"og:description\" content=\"Herbstt\u00f6ne in den W\u00e4ldern, da und dort die ersten regnerischen Tage: Was bedeutet das f\u00fcr die Business-Mode?\" \/>\n<meta property=\"og:url\" content=\"https:\/\/www.organisator.ch\/fr\/general\/2022-10-26\/business-mode-bunt-sind-schon-die-waelder-gelb-die-stoppelfelder\/\" \/>\n<meta property=\"og:site_name\" content=\"Organisator\" \/>\n<meta property=\"article:publisher\" content=\"https:\/\/www.facebook.com\/OrganisatorFachmagazin\" \/>\n<meta property=\"article:published_time\" content=\"2022-10-26T17:13:09+00:00\" \/>\n<meta property=\"og:image\" content=\"https:\/\/www.organisator.ch\/wp-content\/uploads\/2022\/10\/Organisator-Bunt-sind-schon-die-Waelder-gelb-die-Stoppelfelder\u2009...-4-Kopie.jpg\" \/>\n\t<meta property=\"og:image:width\" content=\"768\" \/>\n\t<meta property=\"og:image:height\" content=\"512\" \/>\n\t<meta property=\"og:image:type\" content=\"image\/jpeg\" \/>\n<meta name=\"author\" content=\"admin\" \/>\n<meta name=\"twitter:card\" content=\"summary_large_image\" \/>\n<script type=\"application\/ld+json\" class=\"yoast-schema-graph\">{\"@context\":\"https:\\\/\\\/schema.org\",\"@graph\":[{\"@type\":\"Article\",\"@id\":\"https:\\\/\\\/www.organisator.ch\\\/allgemein\\\/2022-10-26\\\/business-mode-bunt-sind-schon-die-waelder-gelb-die-stoppelfelder\\\/#article\",\"isPartOf\":{\"@id\":\"https:\\\/\\\/www.organisator.ch\\\/allgemein\\\/2022-10-26\\\/business-mode-bunt-sind-schon-die-waelder-gelb-die-stoppelfelder\\\/\"},\"author\":{\"name\":\"admin\",\"@id\":\"https:\\\/\\\/www.organisator.ch\\\/#\\\/schema\\\/person\\\/aa2bace6c5c5aad60102004a50c4eb1c\"},\"headline\":\"Business-Mode: Bunt sind schon die W\u00e4lder, gelb die Stoppelfelder\u2009&#8230;\",\"datePublished\":\"2022-10-26T17:13:09+00:00\",\"mainEntityOfPage\":{\"@id\":\"https:\\\/\\\/www.organisator.ch\\\/allgemein\\\/2022-10-26\\\/business-mode-bunt-sind-schon-die-waelder-gelb-die-stoppelfelder\\\/\"},\"wordCount\":688,\"publisher\":{\"@id\":\"https:\\\/\\\/www.organisator.ch\\\/#organization\"},\"image\":{\"@id\":\"https:\\\/\\\/www.organisator.ch\\\/allgemein\\\/2022-10-26\\\/business-mode-bunt-sind-schon-die-waelder-gelb-die-stoppelfelder\\\/#primaryimage\"},\"thumbnailUrl\":\"https:\\\/\\\/www.organisator.ch\\\/wp-content\\\/uploads\\\/2022\\\/10\\\/Organisator-Bunt-sind-schon-die-Waelder-gelb-die-Stoppelfelder\u2009...-4-Kopie.jpg\",\"keywords\":[\"Ausgabe 9-10\\\/2022\",\"Business und Style\",\"Mode\"],\"articleSection\":[\"Allgemein\"],\"inLanguage\":\"fr-FR\"},{\"@type\":\"WebPage\",\"@id\":\"https:\\\/\\\/www.organisator.ch\\\/allgemein\\\/2022-10-26\\\/business-mode-bunt-sind-schon-die-waelder-gelb-die-stoppelfelder\\\/\",\"url\":\"https:\\\/\\\/www.organisator.ch\\\/allgemein\\\/2022-10-26\\\/business-mode-bunt-sind-schon-die-waelder-gelb-die-stoppelfelder\\\/\",\"name\":\"Business-Mode: Bunt sind schon die W\u00e4lder, gelb die Stoppelfelder\u2009... - Organisator\",\"isPartOf\":{\"@id\":\"https:\\\/\\\/www.organisator.ch\\\/#website\"},\"primaryImageOfPage\":{\"@id\":\"https:\\\/\\\/www.organisator.ch\\\/allgemein\\\/2022-10-26\\\/business-mode-bunt-sind-schon-die-waelder-gelb-die-stoppelfelder\\\/#primaryimage\"},\"image\":{\"@id\":\"https:\\\/\\\/www.organisator.ch\\\/allgemein\\\/2022-10-26\\\/business-mode-bunt-sind-schon-die-waelder-gelb-die-stoppelfelder\\\/#primaryimage\"},\"thumbnailUrl\":\"https:\\\/\\\/www.organisator.ch\\\/wp-content\\\/uploads\\\/2022\\\/10\\\/Organisator-Bunt-sind-schon-die-Waelder-gelb-die-Stoppelfelder\u2009...-4-Kopie.jpg\",\"datePublished\":\"2022-10-26T17:13:09+00:00\",\"description\":\"Herbstt\u00f6ne in den W\u00e4ldern, da und dort die ersten regnerischen Tage: Was bedeutet das f\u00fcr die Business-Mode?\",\"breadcrumb\":{\"@id\":\"https:\\\/\\\/www.organisator.ch\\\/allgemein\\\/2022-10-26\\\/business-mode-bunt-sind-schon-die-waelder-gelb-die-stoppelfelder\\\/#breadcrumb\"},\"inLanguage\":\"fr-FR\",\"potentialAction\":[{\"@type\":\"ReadAction\",\"target\":[\"https:\\\/\\\/www.organisator.ch\\\/allgemein\\\/2022-10-26\\\/business-mode-bunt-sind-schon-die-waelder-gelb-die-stoppelfelder\\\/\"]}]},{\"@type\":\"ImageObject\",\"inLanguage\":\"fr-FR\",\"@id\":\"https:\\\/\\\/www.organisator.ch\\\/allgemein\\\/2022-10-26\\\/business-mode-bunt-sind-schon-die-waelder-gelb-die-stoppelfelder\\\/#primaryimage\",\"url\":\"https:\\\/\\\/www.organisator.ch\\\/wp-content\\\/uploads\\\/2022\\\/10\\\/Organisator-Bunt-sind-schon-die-Waelder-gelb-die-Stoppelfelder\u2009...-4-Kopie.jpg\",\"contentUrl\":\"https:\\\/\\\/www.organisator.ch\\\/wp-content\\\/uploads\\\/2022\\\/10\\\/Organisator-Bunt-sind-schon-die-Waelder-gelb-die-Stoppelfelder\u2009...-4-Kopie.jpg\",\"width\":900,\"height\":600,\"caption\":\"Bild 2: Mit exklusiven Styles, den Signature-Trends des unverkennbaren Brit-Chic und l\u00e4ssigen Outfits startet PKZ Men in die kommende Wintersaison! Bild: PKZ\"},{\"@type\":\"BreadcrumbList\",\"@id\":\"https:\\\/\\\/www.organisator.ch\\\/allgemein\\\/2022-10-26\\\/business-mode-bunt-sind-schon-die-waelder-gelb-die-stoppelfelder\\\/#breadcrumb\",\"itemListElement\":[{\"@type\":\"ListItem\",\"position\":1,\"name\":\"Home\",\"item\":\"https:\\\/\\\/www.organisator.ch\\\/\"},{\"@type\":\"ListItem\",\"position\":2,\"name\":\"Business-Mode: Bunt sind schon die W\u00e4lder, gelb die Stoppelfelder\u2009&#8230;\"}]},{\"@type\":\"WebSite\",\"@id\":\"https:\\\/\\\/www.organisator.ch\\\/#website\",\"url\":\"https:\\\/\\\/www.organisator.ch\\\/\",\"name\":\"Organisator\",\"description\":\"Kompetent. Praxisnah. Der ORGANISATOR bereitet in 10 Ausgaben pro Jahr die wesentlichen Themen f\u00fcr F\u00fchrungskr\u00e4fte von KMU auf.\",\"publisher\":{\"@id\":\"https:\\\/\\\/www.organisator.ch\\\/#organization\"},\"potentialAction\":[{\"@type\":\"SearchAction\",\"target\":{\"@type\":\"EntryPoint\",\"urlTemplate\":\"https:\\\/\\\/www.organisator.ch\\\/?s={search_term_string}\"},\"query-input\":{\"@type\":\"PropertyValueSpecification\",\"valueRequired\":true,\"valueName\":\"search_term_string\"}}],\"inLanguage\":\"fr-FR\"},{\"@type\":\"Organization\",\"@id\":\"https:\\\/\\\/www.organisator.ch\\\/#organization\",\"name\":\"Organisator\",\"url\":\"https:\\\/\\\/www.organisator.ch\\\/\",\"logo\":{\"@type\":\"ImageObject\",\"inLanguage\":\"fr-FR\",\"@id\":\"https:\\\/\\\/www.organisator.ch\\\/#\\\/schema\\\/logo\\\/image\\\/\",\"url\":\"https:\\\/\\\/www.organisator.ch\\\/wp-content\\\/uploads\\\/2022\\\/01\\\/Logo_Organisator_Website.png\",\"contentUrl\":\"https:\\\/\\\/www.organisator.ch\\\/wp-content\\\/uploads\\\/2022\\\/01\\\/Logo_Organisator_Website.png\",\"width\":800,\"height\":77,\"caption\":\"Organisator\"},\"image\":{\"@id\":\"https:\\\/\\\/www.organisator.ch\\\/#\\\/schema\\\/logo\\\/image\\\/\"},\"sameAs\":[\"https:\\\/\\\/www.facebook.com\\\/OrganisatorFachmagazin\",\"https:\\\/\\\/www.linkedin.com\\\/showcase\\\/organisator-das-magazin-fr-kmu\",\"https:\\\/\\\/www.xing.com\\\/news\\\/pages\\\/organisator-ch-695\",\"https:\\\/\\\/www.youtube.com\\\/channel\\\/UCGP2Sq0iWaZwT3BdIAQFYpw\"]},{\"@type\":\"Person\",\"@id\":\"https:\\\/\\\/www.organisator.ch\\\/#\\\/schema\\\/person\\\/aa2bace6c5c5aad60102004a50c4eb1c\",\"name\":\"admin\",\"image\":{\"@type\":\"ImageObject\",\"inLanguage\":\"fr-FR\",\"@id\":\"https:\\\/\\\/secure.gravatar.com\\\/avatar\\\/ae2f4d718e6c49043e314ce431e7e645d646302a24a5ef5a8bc8e3f5a032e319?s=96&d=mm&r=g\",\"url\":\"https:\\\/\\\/secure.gravatar.com\\\/avatar\\\/ae2f4d718e6c49043e314ce431e7e645d646302a24a5ef5a8bc8e3f5a032e319?s=96&d=mm&r=g\",\"contentUrl\":\"https:\\\/\\\/secure.gravatar.com\\\/avatar\\\/ae2f4d718e6c49043e314ce431e7e645d646302a24a5ef5a8bc8e3f5a032e319?s=96&d=mm&r=g\",\"caption\":\"admin\"},\"sameAs\":[\"https:\\\/\\\/www.organisator.ch\"],\"url\":\"https:\\\/\\\/www.organisator.ch\\\/fr\\\/author\\\/admin\\\/\"}]}<\/script>\n<!-- \/ Yoast SEO plugin. -->","yoast_head_json":{"title":"Mode business : Les for\u00eats sont d\u00e9j\u00e0 color\u00e9es, les chaumes jaunes ... - Organisateur","description":"Des tons automnaux dans les for\u00eats, ici et l\u00e0 les premiers jours de pluie : qu'est-ce que cela signifie pour la mode business ?","robots":{"index":"index","follow":"follow","max-snippet":"max-snippet:-1","max-image-preview":"max-image-preview:large","max-video-preview":"max-video-preview:-1"},"canonical":"https:\/\/www.organisator.ch\/fr\/general\/2022-10-26\/business-mode-bunt-sind-schon-die-waelder-gelb-die-stoppelfelder\/","og_locale":"fr_FR","og_type":"article","og_title":"Business-Mode: Bunt sind schon die W\u00e4lder, gelb die Stoppelfelder\u2009... - Organisator","og_description":"Herbstt\u00f6ne in den W\u00e4ldern, da und dort die ersten regnerischen Tage: Was bedeutet das f\u00fcr die Business-Mode?","og_url":"https:\/\/www.organisator.ch\/fr\/general\/2022-10-26\/business-mode-bunt-sind-schon-die-waelder-gelb-die-stoppelfelder\/","og_site_name":"Organisator","article_publisher":"https:\/\/www.facebook.com\/OrganisatorFachmagazin","article_published_time":"2022-10-26T17:13:09+00:00","og_image":[{"url":"https:\/\/www.organisator.ch\/wp-content\/uploads\/2022\/10\/Organisator-Bunt-sind-schon-die-Waelder-gelb-die-Stoppelfelder\u2009...-4-Kopie.jpg","width":768,"height":512,"type":"image\/jpeg"}],"author":"admin","twitter_card":"summary_large_image","schema":{"@context":"https:\/\/schema.org","@graph":[{"@type":"Article","@id":"https:\/\/www.organisator.ch\/allgemein\/2022-10-26\/business-mode-bunt-sind-schon-die-waelder-gelb-die-stoppelfelder\/#article","isPartOf":{"@id":"https:\/\/www.organisator.ch\/allgemein\/2022-10-26\/business-mode-bunt-sind-schon-die-waelder-gelb-die-stoppelfelder\/"},"author":{"name":"admin","@id":"https:\/\/www.organisator.ch\/#\/schema\/person\/aa2bace6c5c5aad60102004a50c4eb1c"},"headline":"Business-Mode: Bunt sind schon die W\u00e4lder, gelb die Stoppelfelder\u2009&#8230;","datePublished":"2022-10-26T17:13:09+00:00","mainEntityOfPage":{"@id":"https:\/\/www.organisator.ch\/allgemein\/2022-10-26\/business-mode-bunt-sind-schon-die-waelder-gelb-die-stoppelfelder\/"},"wordCount":688,"publisher":{"@id":"https:\/\/www.organisator.ch\/#organization"},"image":{"@id":"https:\/\/www.organisator.ch\/allgemein\/2022-10-26\/business-mode-bunt-sind-schon-die-waelder-gelb-die-stoppelfelder\/#primaryimage"},"thumbnailUrl":"https:\/\/www.organisator.ch\/wp-content\/uploads\/2022\/10\/Organisator-Bunt-sind-schon-die-Waelder-gelb-die-Stoppelfelder\u2009...-4-Kopie.jpg","keywords":["Ausgabe 9-10\/2022","Business und Style","Mode"],"articleSection":["Allgemein"],"inLanguage":"fr-FR"},{"@type":"WebPage","@id":"https:\/\/www.organisator.ch\/allgemein\/2022-10-26\/business-mode-bunt-sind-schon-die-waelder-gelb-die-stoppelfelder\/","url":"https:\/\/www.organisator.ch\/allgemein\/2022-10-26\/business-mode-bunt-sind-schon-die-waelder-gelb-die-stoppelfelder\/","name":"Mode business : Les for\u00eats sont d\u00e9j\u00e0 color\u00e9es, les chaumes jaunes ... - Organisateur","isPartOf":{"@id":"https:\/\/www.organisator.ch\/#website"},"primaryImageOfPage":{"@id":"https:\/\/www.organisator.ch\/allgemein\/2022-10-26\/business-mode-bunt-sind-schon-die-waelder-gelb-die-stoppelfelder\/#primaryimage"},"image":{"@id":"https:\/\/www.organisator.ch\/allgemein\/2022-10-26\/business-mode-bunt-sind-schon-die-waelder-gelb-die-stoppelfelder\/#primaryimage"},"thumbnailUrl":"https:\/\/www.organisator.ch\/wp-content\/uploads\/2022\/10\/Organisator-Bunt-sind-schon-die-Waelder-gelb-die-Stoppelfelder\u2009...-4-Kopie.jpg","datePublished":"2022-10-26T17:13:09+00:00","description":"Des tons automnaux dans les for\u00eats, ici et l\u00e0 les premiers jours de pluie : qu'est-ce que cela signifie pour la mode business ?","breadcrumb":{"@id":"https:\/\/www.organisator.ch\/allgemein\/2022-10-26\/business-mode-bunt-sind-schon-die-waelder-gelb-die-stoppelfelder\/#breadcrumb"},"inLanguage":"fr-FR","potentialAction":[{"@type":"ReadAction","target":["https:\/\/www.organisator.ch\/allgemein\/2022-10-26\/business-mode-bunt-sind-schon-die-waelder-gelb-die-stoppelfelder\/"]}]},{"@type":"ImageObject","inLanguage":"fr-FR","@id":"https:\/\/www.organisator.ch\/allgemein\/2022-10-26\/business-mode-bunt-sind-schon-die-waelder-gelb-die-stoppelfelder\/#primaryimage","url":"https:\/\/www.organisator.ch\/wp-content\/uploads\/2022\/10\/Organisator-Bunt-sind-schon-die-Waelder-gelb-die-Stoppelfelder\u2009...-4-Kopie.jpg","contentUrl":"https:\/\/www.organisator.ch\/wp-content\/uploads\/2022\/10\/Organisator-Bunt-sind-schon-die-Waelder-gelb-die-Stoppelfelder\u2009...-4-Kopie.jpg","width":900,"height":600,"caption":"Bild 2: Mit exklusiven Styles, den Signature-Trends des unverkennbaren Brit-Chic und l\u00e4ssigen Outfits startet PKZ Men in die kommende Wintersaison! Bild: PKZ"},{"@type":"BreadcrumbList","@id":"https:\/\/www.organisator.ch\/allgemein\/2022-10-26\/business-mode-bunt-sind-schon-die-waelder-gelb-die-stoppelfelder\/#breadcrumb","itemListElement":[{"@type":"ListItem","position":1,"name":"Home","item":"https:\/\/www.organisator.ch\/"},{"@type":"ListItem","position":2,"name":"Business-Mode: Bunt sind schon die W\u00e4lder, gelb die Stoppelfelder\u2009&#8230;"}]},{"@type":"WebSite","@id":"https:\/\/www.organisator.ch\/#website","url":"https:\/\/www.organisator.ch\/","name":"Organisateur","description":"Comp\u00e9tence et comp\u00e9tence. Proches de la pratique. L'ORGANISATEUR pr\u00e9pare 10 num\u00e9ros par an sur les th\u00e8mes essentiels pour les dirigeants de PME.","publisher":{"@id":"https:\/\/www.organisator.ch\/#organization"},"potentialAction":[{"@type":"SearchAction","target":{"@type":"EntryPoint","urlTemplate":"https:\/\/www.organisator.ch\/?s={search_term_string}"},"query-input":{"@type":"PropertyValueSpecification","valueRequired":true,"valueName":"search_term_string"}}],"inLanguage":"fr-FR"},{"@type":"Organization","@id":"https:\/\/www.organisator.ch\/#organization","name":"Organisateur","url":"https:\/\/www.organisator.ch\/","logo":{"@type":"ImageObject","inLanguage":"fr-FR","@id":"https:\/\/www.organisator.ch\/#\/schema\/logo\/image\/","url":"https:\/\/www.organisator.ch\/wp-content\/uploads\/2022\/01\/Logo_Organisator_Website.png","contentUrl":"https:\/\/www.organisator.ch\/wp-content\/uploads\/2022\/01\/Logo_Organisator_Website.png","width":800,"height":77,"caption":"Organisator"},"image":{"@id":"https:\/\/www.organisator.ch\/#\/schema\/logo\/image\/"},"sameAs":["https:\/\/www.facebook.com\/OrganisatorFachmagazin","https:\/\/www.linkedin.com\/showcase\/organisator-das-magazin-fr-kmu","https:\/\/www.xing.com\/news\/pages\/organisator-ch-695","https:\/\/www.youtube.com\/channel\/UCGP2Sq0iWaZwT3BdIAQFYpw"]},{"@type":"Person","@id":"https:\/\/www.organisator.ch\/#\/schema\/person\/aa2bace6c5c5aad60102004a50c4eb1c","name":"admin","image":{"@type":"ImageObject","inLanguage":"fr-FR","@id":"https:\/\/secure.gravatar.com\/avatar\/ae2f4d718e6c49043e314ce431e7e645d646302a24a5ef5a8bc8e3f5a032e319?s=96&d=mm&r=g","url":"https:\/\/secure.gravatar.com\/avatar\/ae2f4d718e6c49043e314ce431e7e645d646302a24a5ef5a8bc8e3f5a032e319?s=96&d=mm&r=g","contentUrl":"https:\/\/secure.gravatar.com\/avatar\/ae2f4d718e6c49043e314ce431e7e645d646302a24a5ef5a8bc8e3f5a032e319?s=96&d=mm&r=g","caption":"admin"},"sameAs":["https:\/\/www.organisator.ch"],"url":"https:\/\/www.organisator.ch\/fr\/author\/admin\/"}]}},"_links":{"self":[{"href":"https:\/\/www.organisator.ch\/fr\/wp-json\/wp\/v2\/posts\/17492","targetHints":{"allow":["GET"]}}],"collection":[{"href":"https:\/\/www.organisator.ch\/fr\/wp-json\/wp\/v2\/posts"}],"about":[{"href":"https:\/\/www.organisator.ch\/fr\/wp-json\/wp\/v2\/types\/post"}],"author":[{"embeddable":true,"href":"https:\/\/www.organisator.ch\/fr\/wp-json\/wp\/v2\/users\/1"}],"replies":[{"embeddable":true,"href":"https:\/\/www.organisator.ch\/fr\/wp-json\/wp\/v2\/comments?post=17492"}],"version-history":[{"count":4,"href":"https:\/\/www.organisator.ch\/fr\/wp-json\/wp\/v2\/posts\/17492\/revisions"}],"predecessor-version":[{"id":17534,"href":"https:\/\/www.organisator.ch\/fr\/wp-json\/wp\/v2\/posts\/17492\/revisions\/17534"}],"wp:featuredmedia":[{"embeddable":true,"href":"https:\/\/www.organisator.ch\/fr\/wp-json\/wp\/v2\/media\/17496"}],"wp:attachment":[{"href":"https:\/\/www.organisator.ch\/fr\/wp-json\/wp\/v2\/media?parent=17492"}],"wp:term":[{"taxonomy":"category","embeddable":true,"href":"https:\/\/www.organisator.ch\/fr\/wp-json\/wp\/v2\/categories?post=17492"},{"taxonomy":"post_tag","embeddable":true,"href":"https:\/\/www.organisator.ch\/fr\/wp-json\/wp\/v2\/tags?post=17492"}],"curies":[{"name":"wp","href":"https:\/\/api.w.org\/{rel}","templated":true}]}}