{"id":1758,"date":"2017-04-12T07:00:47","date_gmt":"2017-04-12T05:00:47","guid":{"rendered":"https:\/\/www.organisator.ch\/?p=1758"},"modified":"2017-04-12T07:00:47","modified_gmt":"2017-04-12T05:00:47","slug":"video-so-geht-vernetztes-fuehren","status":"publish","type":"post","link":"https:\/\/www.organisator.ch\/fr\/management\/2017-04-12\/video-so-geht-vernetztes-fuehren\/","title":{"rendered":"Vid\u00e9o de pr\u00e9sentation : Comment diriger en r\u00e9seau"},"content":{"rendered":"<figure id=\"attachment_1760\" aria-describedby=\"caption-attachment-1760\" style=\"width: 640px\" class=\"wp-caption alignnone\"><img loading=\"lazy\" decoding=\"async\" class=\"size-full wp-image-1760\" src=\"https:\/\/www.organisator.ch\/wp-content\/uploads\/2017\/04\/Video-So-geht-vernetztes-Fuehren_Organisator.jpg\" alt=\"\" width=\"640\" height=\"427\" srcset=\"https:\/\/www.organisator.ch\/wp-content\/uploads\/2017\/04\/Video-So-geht-vernetztes-Fuehren_Organisator.jpg 640w, https:\/\/www.organisator.ch\/wp-content\/uploads\/2017\/04\/Video-So-geht-vernetztes-Fuehren_Organisator-16x12.jpg 16w, https:\/\/www.organisator.ch\/wp-content\/uploads\/2017\/04\/Video-So-geht-vernetztes-Fuehren_Organisator-262x175.jpg 262w, https:\/\/www.organisator.ch\/wp-content\/uploads\/2017\/04\/Video-So-geht-vernetztes-Fuehren_Organisator-525x350.jpg 525w, https:\/\/www.organisator.ch\/wp-content\/uploads\/2017\/04\/Video-So-geht-vernetztes-Fuehren_Organisator-300x200.jpg 300w\" sizes=\"auto, (max-width: 640px) 100vw, 640px\" \/><figcaption id=\"caption-attachment-1760\" class=\"wp-caption-text\">La gestion en r\u00e9seau : Dans les coop\u00e9rations qui fonctionnent, chaque partenaire apporte sa contribution appropri\u00e9e. (Image : alotofpeople - Fotolia.com)<\/figcaption><\/figure>\n<p>Avec des connaissances d'initi\u00e9s et des exemples de bonnes pratiques, des praticiens et des penseurs occupant diff\u00e9rentes positions dans l'\u00e9conomie et d'autres organisations montrent comment ils peuvent rester p\u00e9rennes gr\u00e2ce \u00e0 une gestion en r\u00e9seau et \u00e0 diff\u00e9rentes formes de coop\u00e9ration. L'extrait suivant du film \"Vernetztes F\u00fchren\" de cinco.systems, d'une dur\u00e9e de 50 minutes, donne une premi\u00e8re impulsion dans ce sens.<\/p>\n<p><iframe loading=\"lazy\" src=\"https:\/\/www.youtube.com\/embed\/6rDsIitQ2gg\" width=\"675\" height=\"380\" frameborder=\"0\" allowfullscreen=\"allowfullscreen\"><\/iframe><\/p>\n<p>Plus d'informations : <a href=\"https:\/\/www.cinco-systems.de\/\">cinco.systems<\/a><\/p>\n<p>&nbsp;<\/p>","protected":false},"excerpt":{"rendered":"<p>Avec des connaissances d'initi\u00e9s et des exemples de bonnes pratiques, des praticiens et des penseurs occupant diff\u00e9rentes positions dans l'\u00e9conomie et d'autres organisations montrent comment ils peuvent rester p\u00e9rennes gr\u00e2ce \u00e0 une gestion en r\u00e9seau et \u00e0 diff\u00e9rentes formes de coop\u00e9ration. L'extrait suivant du film \u201eVernetztes F\u00fchren\u201c de cinco.systems, d'une dur\u00e9e de 50 minutes, donne les premi\u00e8res impulsions \u00e0 ce sujet\u201c. Pour plus d'informations : cinco.systems &nbsp;<\/p>","protected":false},"author":4,"featured_media":1760,"comment_status":"open","ping_status":"open","sticky":false,"template":"","format":"standard","meta":{"_acf_changed":false,"_yoast_wpseo_focuskw":"vernetztes F\u00fchren","_yoast_wpseo_metadesc":"Kooperationen sind das Mittel der Wahl, um Ressourcen effektiv zu nutzen oder sich mit externen Akteuren zu vernetzen. Ein Kurzfilm gibt Inputs dazu.","articlekey":"","footnotes":""},"categories":[28],"tags":[103,335,396,508],"class_list":["post-1758","post","type-post","status-publish","format-standard","has-post-thumbnail","hentry","category-management","tag-business-excellence","tag-management-und-unternehmensfuehrung","tag-projektentwicklung","tag-vermischtes"],"acf":[],"yoast_head":"<!-- This site is optimized with the Yoast SEO plugin v27.4 - https:\/\/yoast.com\/product\/yoast-seo-wordpress\/ -->\n<title>Video: So geht vernetztes F\u00fchren - Organisator<\/title>\n<meta name=\"description\" content=\"Kooperationen sind das Mittel der Wahl, um Ressourcen effektiv zu nutzen oder sich mit externen Akteuren zu vernetzen. Ein Kurzfilm gibt Inputs dazu.\" \/>\n<meta name=\"robots\" content=\"index, follow, max-snippet:-1, max-image-preview:large, max-video-preview:-1\" \/>\n<link rel=\"canonical\" href=\"https:\/\/www.organisator.ch\/fr\/gestion-2\/2017-04-12\/video-so-geht-vernetztes-fuehren\/\" \/>\n<meta property=\"og:locale\" content=\"fr_FR\" \/>\n<meta property=\"og:type\" content=\"article\" \/>\n<meta property=\"og:title\" content=\"Video: So geht vernetztes F\u00fchren\" \/>\n<meta property=\"og:description\" content=\"Kooperationen sind das Mittel der Wahl, um Ressourcen effektiv zu nutzen. Ein Kurzfilm von cinco.systems gibt Inputs dazu.\" \/>\n<meta property=\"og:url\" content=\"https:\/\/www.organisator.ch\/fr\/gestion-2\/2017-04-12\/video-so-geht-vernetztes-fuehren\/\" \/>\n<meta property=\"og:site_name\" content=\"Organisator\" \/>\n<meta property=\"article:publisher\" content=\"https:\/\/www.facebook.com\/OrganisatorFachmagazin\" \/>\n<meta property=\"article:published_time\" content=\"2017-04-12T05:00:47+00:00\" \/>\n<meta property=\"og:image\" content=\"https:\/\/www.organisator.ch\/wp-content\/uploads\/2017\/04\/Video-So-geht-vernetztes-Fuehren_Organisator.jpg\" \/>\n\t<meta property=\"og:image:width\" content=\"640\" \/>\n\t<meta property=\"og:image:height\" content=\"427\" \/>\n\t<meta property=\"og:image:type\" content=\"image\/jpeg\" \/>\n<meta name=\"author\" content=\"thomas.berner\" \/>\n<meta name=\"twitter:card\" content=\"summary_large_image\" \/>\n<script type=\"application\/ld+json\" class=\"yoast-schema-graph\">{\"@context\":\"https:\\\/\\\/schema.org\",\"@graph\":[{\"@type\":\"Article\",\"@id\":\"https:\\\/\\\/www.organisator.ch\\\/management\\\/2017-04-12\\\/video-so-geht-vernetztes-fuehren\\\/#article\",\"isPartOf\":{\"@id\":\"https:\\\/\\\/www.organisator.ch\\\/management\\\/2017-04-12\\\/video-so-geht-vernetztes-fuehren\\\/\"},\"author\":{\"name\":\"thomas.berner\",\"@id\":\"https:\\\/\\\/www.organisator.ch\\\/#\\\/schema\\\/person\\\/6f650f90b2842cd4c0cc334b4e36f67e\"},\"headline\":\"Video: So geht vernetztes F\u00fchren\",\"datePublished\":\"2017-04-12T05:00:47+00:00\",\"mainEntityOfPage\":{\"@id\":\"https:\\\/\\\/www.organisator.ch\\\/management\\\/2017-04-12\\\/video-so-geht-vernetztes-fuehren\\\/\"},\"wordCount\":85,\"commentCount\":0,\"publisher\":{\"@id\":\"https:\\\/\\\/www.organisator.ch\\\/#organization\"},\"image\":{\"@id\":\"https:\\\/\\\/www.organisator.ch\\\/management\\\/2017-04-12\\\/video-so-geht-vernetztes-fuehren\\\/#primaryimage\"},\"thumbnailUrl\":\"https:\\\/\\\/www.organisator.ch\\\/wp-content\\\/uploads\\\/2017\\\/04\\\/Video-So-geht-vernetztes-Fuehren_Organisator.jpg\",\"keywords\":[\"Business Excellence\",\"Management und Unternehmensf\u00fchrung\",\"Projektentwicklung\",\"Vermischtes\"],\"articleSection\":[\"MANAGEMENT\"],\"inLanguage\":\"fr-FR\"},{\"@type\":\"WebPage\",\"@id\":\"https:\\\/\\\/www.organisator.ch\\\/management\\\/2017-04-12\\\/video-so-geht-vernetztes-fuehren\\\/\",\"url\":\"https:\\\/\\\/www.organisator.ch\\\/management\\\/2017-04-12\\\/video-so-geht-vernetztes-fuehren\\\/\",\"name\":\"Video: So geht vernetztes F\u00fchren - Organisator\",\"isPartOf\":{\"@id\":\"https:\\\/\\\/www.organisator.ch\\\/#website\"},\"primaryImageOfPage\":{\"@id\":\"https:\\\/\\\/www.organisator.ch\\\/management\\\/2017-04-12\\\/video-so-geht-vernetztes-fuehren\\\/#primaryimage\"},\"image\":{\"@id\":\"https:\\\/\\\/www.organisator.ch\\\/management\\\/2017-04-12\\\/video-so-geht-vernetztes-fuehren\\\/#primaryimage\"},\"thumbnailUrl\":\"https:\\\/\\\/www.organisator.ch\\\/wp-content\\\/uploads\\\/2017\\\/04\\\/Video-So-geht-vernetztes-Fuehren_Organisator.jpg\",\"datePublished\":\"2017-04-12T05:00:47+00:00\",\"description\":\"Kooperationen sind das Mittel der Wahl, um Ressourcen effektiv zu nutzen oder sich mit externen Akteuren zu vernetzen. Ein Kurzfilm gibt Inputs dazu.\",\"breadcrumb\":{\"@id\":\"https:\\\/\\\/www.organisator.ch\\\/management\\\/2017-04-12\\\/video-so-geht-vernetztes-fuehren\\\/#breadcrumb\"},\"inLanguage\":\"fr-FR\",\"potentialAction\":[{\"@type\":\"ReadAction\",\"target\":[\"https:\\\/\\\/www.organisator.ch\\\/management\\\/2017-04-12\\\/video-so-geht-vernetztes-fuehren\\\/\"]}]},{\"@type\":\"ImageObject\",\"inLanguage\":\"fr-FR\",\"@id\":\"https:\\\/\\\/www.organisator.ch\\\/management\\\/2017-04-12\\\/video-so-geht-vernetztes-fuehren\\\/#primaryimage\",\"url\":\"https:\\\/\\\/www.organisator.ch\\\/wp-content\\\/uploads\\\/2017\\\/04\\\/Video-So-geht-vernetztes-Fuehren_Organisator.jpg\",\"contentUrl\":\"https:\\\/\\\/www.organisator.ch\\\/wp-content\\\/uploads\\\/2017\\\/04\\\/Video-So-geht-vernetztes-Fuehren_Organisator.jpg\",\"width\":640,\"height\":427,\"caption\":\"In funktionierenden Kooperationen bringt jeder Partner seinen passenden Beitrag ein. (Bild: alotofpeople - Fotolia.com)\"},{\"@type\":\"BreadcrumbList\",\"@id\":\"https:\\\/\\\/www.organisator.ch\\\/management\\\/2017-04-12\\\/video-so-geht-vernetztes-fuehren\\\/#breadcrumb\",\"itemListElement\":[{\"@type\":\"ListItem\",\"position\":1,\"name\":\"Home\",\"item\":\"https:\\\/\\\/www.organisator.ch\\\/\"},{\"@type\":\"ListItem\",\"position\":2,\"name\":\"Video: So geht vernetztes F\u00fchren\"}]},{\"@type\":\"WebSite\",\"@id\":\"https:\\\/\\\/www.organisator.ch\\\/#website\",\"url\":\"https:\\\/\\\/www.organisator.ch\\\/\",\"name\":\"Organisator\",\"description\":\"Kompetent. Praxisnah. Der ORGANISATOR bereitet in 10 Ausgaben pro Jahr die wesentlichen Themen f\u00fcr F\u00fchrungskr\u00e4fte von KMU auf.\",\"publisher\":{\"@id\":\"https:\\\/\\\/www.organisator.ch\\\/#organization\"},\"potentialAction\":[{\"@type\":\"SearchAction\",\"target\":{\"@type\":\"EntryPoint\",\"urlTemplate\":\"https:\\\/\\\/www.organisator.ch\\\/?s={search_term_string}\"},\"query-input\":{\"@type\":\"PropertyValueSpecification\",\"valueRequired\":true,\"valueName\":\"search_term_string\"}}],\"inLanguage\":\"fr-FR\"},{\"@type\":\"Organization\",\"@id\":\"https:\\\/\\\/www.organisator.ch\\\/#organization\",\"name\":\"Organisator\",\"url\":\"https:\\\/\\\/www.organisator.ch\\\/\",\"logo\":{\"@type\":\"ImageObject\",\"inLanguage\":\"fr-FR\",\"@id\":\"https:\\\/\\\/www.organisator.ch\\\/#\\\/schema\\\/logo\\\/image\\\/\",\"url\":\"https:\\\/\\\/www.organisator.ch\\\/wp-content\\\/uploads\\\/2022\\\/01\\\/Logo_Organisator_Website.png\",\"contentUrl\":\"https:\\\/\\\/www.organisator.ch\\\/wp-content\\\/uploads\\\/2022\\\/01\\\/Logo_Organisator_Website.png\",\"width\":800,\"height\":77,\"caption\":\"Organisator\"},\"image\":{\"@id\":\"https:\\\/\\\/www.organisator.ch\\\/#\\\/schema\\\/logo\\\/image\\\/\"},\"sameAs\":[\"https:\\\/\\\/www.facebook.com\\\/OrganisatorFachmagazin\",\"https:\\\/\\\/www.linkedin.com\\\/showcase\\\/organisator-das-magazin-fr-kmu\",\"https:\\\/\\\/www.xing.com\\\/news\\\/pages\\\/organisator-ch-695\",\"https:\\\/\\\/www.youtube.com\\\/channel\\\/UCGP2Sq0iWaZwT3BdIAQFYpw\"]},{\"@type\":\"Person\",\"@id\":\"https:\\\/\\\/www.organisator.ch\\\/#\\\/schema\\\/person\\\/6f650f90b2842cd4c0cc334b4e36f67e\",\"name\":\"thomas.berner\",\"image\":{\"@type\":\"ImageObject\",\"inLanguage\":\"fr-FR\",\"@id\":\"https:\\\/\\\/secure.gravatar.com\\\/avatar\\\/ac5001d2a36cb6c6cd3e50789007ffca834b477b74a2144564522e944eabff61?s=96&d=mm&r=g\",\"url\":\"https:\\\/\\\/secure.gravatar.com\\\/avatar\\\/ac5001d2a36cb6c6cd3e50789007ffca834b477b74a2144564522e944eabff61?s=96&d=mm&r=g\",\"contentUrl\":\"https:\\\/\\\/secure.gravatar.com\\\/avatar\\\/ac5001d2a36cb6c6cd3e50789007ffca834b477b74a2144564522e944eabff61?s=96&d=mm&r=g\",\"caption\":\"thomas.berner\"},\"url\":\"https:\\\/\\\/www.organisator.ch\\\/fr\\\/author\\\/thomas-berner\\\/\"}]}<\/script>\n<!-- \/ Yoast SEO plugin. -->","yoast_head_json":{"title":"Vid\u00e9o de pr\u00e9sentation : Comment diriger en r\u00e9seau - Organisateur","description":"La coop\u00e9ration est le moyen par excellence d'utiliser efficacement les ressources ou de se mettre en r\u00e9seau avec des acteurs externes. Un court-m\u00e9trage donne des informations \u00e0 ce sujet.","robots":{"index":"index","follow":"follow","max-snippet":"max-snippet:-1","max-image-preview":"max-image-preview:large","max-video-preview":"max-video-preview:-1"},"canonical":"https:\/\/www.organisator.ch\/fr\/gestion-2\/2017-04-12\/video-so-geht-vernetztes-fuehren\/","og_locale":"fr_FR","og_type":"article","og_title":"Video: So geht vernetztes F\u00fchren","og_description":"Kooperationen sind das Mittel der Wahl, um Ressourcen effektiv zu nutzen. Ein Kurzfilm von cinco.systems gibt Inputs dazu.","og_url":"https:\/\/www.organisator.ch\/fr\/gestion-2\/2017-04-12\/video-so-geht-vernetztes-fuehren\/","og_site_name":"Organisator","article_publisher":"https:\/\/www.facebook.com\/OrganisatorFachmagazin","article_published_time":"2017-04-12T05:00:47+00:00","og_image":[{"width":640,"height":427,"url":"https:\/\/www.organisator.ch\/wp-content\/uploads\/2017\/04\/Video-So-geht-vernetztes-Fuehren_Organisator.jpg","type":"image\/jpeg"}],"author":"thomas.berner","twitter_card":"summary_large_image","schema":{"@context":"https:\/\/schema.org","@graph":[{"@type":"Article","@id":"https:\/\/www.organisator.ch\/management\/2017-04-12\/video-so-geht-vernetztes-fuehren\/#article","isPartOf":{"@id":"https:\/\/www.organisator.ch\/management\/2017-04-12\/video-so-geht-vernetztes-fuehren\/"},"author":{"name":"thomas.berner","@id":"https:\/\/www.organisator.ch\/#\/schema\/person\/6f650f90b2842cd4c0cc334b4e36f67e"},"headline":"Video: So geht vernetztes F\u00fchren","datePublished":"2017-04-12T05:00:47+00:00","mainEntityOfPage":{"@id":"https:\/\/www.organisator.ch\/management\/2017-04-12\/video-so-geht-vernetztes-fuehren\/"},"wordCount":85,"commentCount":0,"publisher":{"@id":"https:\/\/www.organisator.ch\/#organization"},"image":{"@id":"https:\/\/www.organisator.ch\/management\/2017-04-12\/video-so-geht-vernetztes-fuehren\/#primaryimage"},"thumbnailUrl":"https:\/\/www.organisator.ch\/wp-content\/uploads\/2017\/04\/Video-So-geht-vernetztes-Fuehren_Organisator.jpg","keywords":["Business Excellence","Management und Unternehmensf\u00fchrung","Projektentwicklung","Vermischtes"],"articleSection":["MANAGEMENT"],"inLanguage":"fr-FR"},{"@type":"WebPage","@id":"https:\/\/www.organisator.ch\/management\/2017-04-12\/video-so-geht-vernetztes-fuehren\/","url":"https:\/\/www.organisator.ch\/management\/2017-04-12\/video-so-geht-vernetztes-fuehren\/","name":"Vid\u00e9o de pr\u00e9sentation : Comment diriger en r\u00e9seau - Organisateur","isPartOf":{"@id":"https:\/\/www.organisator.ch\/#website"},"primaryImageOfPage":{"@id":"https:\/\/www.organisator.ch\/management\/2017-04-12\/video-so-geht-vernetztes-fuehren\/#primaryimage"},"image":{"@id":"https:\/\/www.organisator.ch\/management\/2017-04-12\/video-so-geht-vernetztes-fuehren\/#primaryimage"},"thumbnailUrl":"https:\/\/www.organisator.ch\/wp-content\/uploads\/2017\/04\/Video-So-geht-vernetztes-Fuehren_Organisator.jpg","datePublished":"2017-04-12T05:00:47+00:00","description":"La coop\u00e9ration est le moyen par excellence d'utiliser efficacement les ressources ou de se mettre en r\u00e9seau avec des acteurs externes. Un court-m\u00e9trage donne des informations \u00e0 ce sujet.","breadcrumb":{"@id":"https:\/\/www.organisator.ch\/management\/2017-04-12\/video-so-geht-vernetztes-fuehren\/#breadcrumb"},"inLanguage":"fr-FR","potentialAction":[{"@type":"ReadAction","target":["https:\/\/www.organisator.ch\/management\/2017-04-12\/video-so-geht-vernetztes-fuehren\/"]}]},{"@type":"ImageObject","inLanguage":"fr-FR","@id":"https:\/\/www.organisator.ch\/management\/2017-04-12\/video-so-geht-vernetztes-fuehren\/#primaryimage","url":"https:\/\/www.organisator.ch\/wp-content\/uploads\/2017\/04\/Video-So-geht-vernetztes-Fuehren_Organisator.jpg","contentUrl":"https:\/\/www.organisator.ch\/wp-content\/uploads\/2017\/04\/Video-So-geht-vernetztes-Fuehren_Organisator.jpg","width":640,"height":427,"caption":"In funktionierenden Kooperationen bringt jeder Partner seinen passenden Beitrag ein. (Bild: alotofpeople - Fotolia.com)"},{"@type":"BreadcrumbList","@id":"https:\/\/www.organisator.ch\/management\/2017-04-12\/video-so-geht-vernetztes-fuehren\/#breadcrumb","itemListElement":[{"@type":"ListItem","position":1,"name":"Home","item":"https:\/\/www.organisator.ch\/"},{"@type":"ListItem","position":2,"name":"Video: So geht vernetztes F\u00fchren"}]},{"@type":"WebSite","@id":"https:\/\/www.organisator.ch\/#website","url":"https:\/\/www.organisator.ch\/","name":"Organisateur","description":"Comp\u00e9tence et comp\u00e9tence. Proches de la pratique. L'ORGANISATEUR pr\u00e9pare 10 num\u00e9ros par an sur les th\u00e8mes essentiels pour les dirigeants de PME.","publisher":{"@id":"https:\/\/www.organisator.ch\/#organization"},"potentialAction":[{"@type":"SearchAction","target":{"@type":"EntryPoint","urlTemplate":"https:\/\/www.organisator.ch\/?s={search_term_string}"},"query-input":{"@type":"PropertyValueSpecification","valueRequired":true,"valueName":"search_term_string"}}],"inLanguage":"fr-FR"},{"@type":"Organization","@id":"https:\/\/www.organisator.ch\/#organization","name":"Organisateur","url":"https:\/\/www.organisator.ch\/","logo":{"@type":"ImageObject","inLanguage":"fr-FR","@id":"https:\/\/www.organisator.ch\/#\/schema\/logo\/image\/","url":"https:\/\/www.organisator.ch\/wp-content\/uploads\/2022\/01\/Logo_Organisator_Website.png","contentUrl":"https:\/\/www.organisator.ch\/wp-content\/uploads\/2022\/01\/Logo_Organisator_Website.png","width":800,"height":77,"caption":"Organisator"},"image":{"@id":"https:\/\/www.organisator.ch\/#\/schema\/logo\/image\/"},"sameAs":["https:\/\/www.facebook.com\/OrganisatorFachmagazin","https:\/\/www.linkedin.com\/showcase\/organisator-das-magazin-fr-kmu","https:\/\/www.xing.com\/news\/pages\/organisator-ch-695","https:\/\/www.youtube.com\/channel\/UCGP2Sq0iWaZwT3BdIAQFYpw"]},{"@type":"Person","@id":"https:\/\/www.organisator.ch\/#\/schema\/person\/6f650f90b2842cd4c0cc334b4e36f67e","name":"thomas.berner","image":{"@type":"ImageObject","inLanguage":"fr-FR","@id":"https:\/\/secure.gravatar.com\/avatar\/ac5001d2a36cb6c6cd3e50789007ffca834b477b74a2144564522e944eabff61?s=96&d=mm&r=g","url":"https:\/\/secure.gravatar.com\/avatar\/ac5001d2a36cb6c6cd3e50789007ffca834b477b74a2144564522e944eabff61?s=96&d=mm&r=g","contentUrl":"https:\/\/secure.gravatar.com\/avatar\/ac5001d2a36cb6c6cd3e50789007ffca834b477b74a2144564522e944eabff61?s=96&d=mm&r=g","caption":"thomas.berner"},"url":"https:\/\/www.organisator.ch\/fr\/author\/thomas-berner\/"}]}},"_links":{"self":[{"href":"https:\/\/www.organisator.ch\/fr\/wp-json\/wp\/v2\/posts\/1758","targetHints":{"allow":["GET"]}}],"collection":[{"href":"https:\/\/www.organisator.ch\/fr\/wp-json\/wp\/v2\/posts"}],"about":[{"href":"https:\/\/www.organisator.ch\/fr\/wp-json\/wp\/v2\/types\/post"}],"author":[{"embeddable":true,"href":"https:\/\/www.organisator.ch\/fr\/wp-json\/wp\/v2\/users\/4"}],"replies":[{"embeddable":true,"href":"https:\/\/www.organisator.ch\/fr\/wp-json\/wp\/v2\/comments?post=1758"}],"version-history":[{"count":0,"href":"https:\/\/www.organisator.ch\/fr\/wp-json\/wp\/v2\/posts\/1758\/revisions"}],"wp:featuredmedia":[{"embeddable":true,"href":"https:\/\/www.organisator.ch\/fr\/wp-json\/wp\/v2\/media\/1760"}],"wp:attachment":[{"href":"https:\/\/www.organisator.ch\/fr\/wp-json\/wp\/v2\/media?parent=1758"}],"wp:term":[{"taxonomy":"category","embeddable":true,"href":"https:\/\/www.organisator.ch\/fr\/wp-json\/wp\/v2\/categories?post=1758"},{"taxonomy":"post_tag","embeddable":true,"href":"https:\/\/www.organisator.ch\/fr\/wp-json\/wp\/v2\/tags?post=1758"}],"curies":[{"name":"wp","href":"https:\/\/api.w.org\/{rel}","templated":true}]}}