{"id":17607,"date":"2022-10-31T08:12:31","date_gmt":"2022-10-31T07:12:31","guid":{"rendered":"https:\/\/www.m-q.ch\/?p=17113"},"modified":"2024-11-20T14:50:06","modified_gmt":"2024-11-20T13:50:06","slug":"wie-gehen-datacenter-mit-strommangel-und-versorgungssicherheit-um","status":"publish","type":"post","link":"https:\/\/www.organisator.ch\/fr\/operational-excellence\/2022-10-31\/wie-gehen-datacenter-mit-strommangel-und-versorgungssicherheit-um\/","title":{"rendered":"Comment les centres de donn\u00e9es g\u00e8rent-ils les p\u00e9nuries d'\u00e9lectricit\u00e9 et la s\u00e9curit\u00e9 de l'approvisionnement ?"},"content":{"rendered":"<figure id=\"attachment_17114\" class=\"wp-caption alignnone\" style=\"width: 680px\" aria-describedby=\"caption-attachment-17114\"><img class=\"alignnone wp-image-17114 size-full\" src=\"https:\/\/www.m-q.ch\/wp-content\/uploads\/2022\/10\/Wie-gehen-Datacenter-mit-Strommangel-und-Versorgungssicherheit-um_MQ.jpg\" alt=\"Centre de donn\u00e9es vert\" width=\"680\" height=\"454\" \/>\r\n<figcaption id=\"caption-attachment-17114\" class=\"wp-caption-text\">Ueli Maurer se fait montrer le centre de donn\u00e9es par Roger S\u00fcess, CEO de Green. (Image : Green.ch \/ Philipp Schmidli)<\/figcaption>\r\n<\/figure>\r\n<p>Aujourd'hui, aucune entreprise ne peut se passer de donn\u00e9es. Les exigences en mati\u00e8re de disponibilit\u00e9 et de s\u00e9curit\u00e9 des syst\u00e8mes, d'augmentation de l'efficacit\u00e9, de durabilit\u00e9 et, en fin de compte, de gestion des donn\u00e9es ont \u00e9norm\u00e9ment augment\u00e9. Les centres de donn\u00e9es, qui abritent une multitude de syst\u00e8mes et stockent donc d'\u00e9normes quantit\u00e9s de donn\u00e9es, doivent \u00eatre parfaitement pr\u00e9par\u00e9s aux situations d'urgence et aux interruptions, y compris aux p\u00e9nuries d'\u00e9lectricit\u00e9, et garantir un fonctionnement sans faille. Fin octobre 2022, le conseiller f\u00e9d\u00e9ral Ueli Maurer a \u00e9galement eu un aper\u00e7u de la mani\u00e8re dont Green, en tant que premier fournisseur suisse de datacenters, assure la continuit\u00e9 des activit\u00e9s et une exploitation durable des datacenters.<\/p>\r\n<h3>Une demande en hausse\u00a0<\/h3>\r\n<p>En raison de la demande croissante, les fournisseurs internationaux de cloud tels qu'Amazon Web Services, Google et Microsoft construisent \u00e9galement en Suisse leurs propres r\u00e9gions de cloud dans des centres de donn\u00e9es de grands fournisseurs. Les hyperscalers ne sont pas les seuls \u00e0 s'\u00e9tendre, les grandes entreprises et les PME profitent \u00e9galement des avantages de centres de donn\u00e9es modernes et \u00e0 l'abri de la consommation d'\u00e9nergie. De la PME \u00e0 la grande entreprise, tous sont en route vers le cloud. Le site de donn\u00e9es suisse joue un r\u00f4le central dans ce contexte. Ueli Maurer y voit une grande chance pour la Suisse. C'est pourquoi, selon lui, la politique doit tout mettre en \u0153uvre pour continuer \u00e0 garantir la s\u00e9curit\u00e9 juridique et veiller \u00e0 la fiabilit\u00e9 de la stabilit\u00e9 du syst\u00e8me.<\/p>\r\n<h3>Haut niveau de s\u00e9curit\u00e9 de fonctionnement<\/h3>\r\n<p>Green ressent \u00e9galement la forte demande. Au cours des trois derni\u00e8res ann\u00e9es, Green a plus que doubl\u00e9 sa capacit\u00e9. De nombreuses entreprises transf\u00e8rent leurs propres salles de serveurs et syst\u00e8mes vers des centres de donn\u00e9es externes ou directement vers le cloud public. En optant pour Green, elles b\u00e9n\u00e9ficient d'une s\u00e9curit\u00e9 accrue, d'une gestion \u00e9nerg\u00e9tiquement efficace, de connexions de donn\u00e9es compl\u00e8tes, du personnel sp\u00e9cialis\u00e9 n\u00e9cessaire ainsi que d'un approvisionnement \u00e9nerg\u00e9tique s\u00fbr.<\/p>\r\n<p>\"Chez Green, les entreprises b\u00e9n\u00e9ficient depuis toujours d'une infrastructure con\u00e7ue pour fonctionner de mani\u00e8re transparente et efficace sur le plan \u00e9nerg\u00e9tique\", explique Roger S\u00fcess, CEO de Green, lors de la visite guid\u00e9e du Green Datacenter \u00e0 Lupfig. \"Notre alimentation \u00e9lectrique de secours fait partie de notre concept de s\u00e9curit\u00e9. Elle se compose sur tous nos sites d'onduleurs soutenus par des batteries, de g\u00e9n\u00e9rateurs diesel, de r\u00e9serves de diesel et de cha\u00eenes d'approvisionnement s\u00e9curis\u00e9es\", explique Andrea Campomilla, COO responsable des datacenters chez Green. Cela permet de compenser les interruptions et de garantir un fonctionnement sans faille.<\/p>\r\n<h3><strong>Les data centers ne sont pas une partie du probl\u00e8me, mais une partie de la solution<\/strong><\/h3>\r\n<p>Dans le contexte de la crise \u00e9nerg\u00e9tique, la question s'est tr\u00e8s vite pos\u00e9e de savoir si les centres de donn\u00e9es, gros consommateurs d'\u00e9nergie, n'\u00e9taient pas de v\u00e9ritables gouffres \u00e9nerg\u00e9tiques et comment et o\u00f9 il \u00e9tait possible de faire des \u00e9conomies. Roger S\u00fcess explique : \"Plus de 80 pour cent de la consommation d'\u00e9nergie dans un centre de donn\u00e9es est due \u00e0 l'exploitation du mat\u00e9riel. Les grands centres de donn\u00e9es sont d\u00e9j\u00e0 fortement optimis\u00e9s aujourd'hui, ils consomment moins de 20 pour cent de la consommation totale d'\u00e9nergie pour le refroidissement, la s\u00e9curit\u00e9 et les installations\". Il faudrait donc commencer par la virtualisation, par un mat\u00e9riel plus efficace ou par une externalisation des syst\u00e8mes. Des \u00e9tudes montrent en effet que les anciens centres informatiques d'entreprise pourraient \u00e9conomiser jusqu'\u00e0 46 pour cent d'\u00e9nergie en fonctionnement. Ils refroidissent souvent trop, sont peu optimis\u00e9s et ne mettent pas en \u0153uvre de nouveaux concepts tels que l'utilisation de la chaleur r\u00e9siduelle comme chauffage, le refroidissement naturel par l'air ambiant (freecooling) et un refroidissement cibl\u00e9. Ces facteurs pr\u00e9sentent un tr\u00e8s grand potentiel d'optimisation de la consommation : Chez Green, l'utilisation de la chaleur r\u00e9siduelle sur le nouveau site de Dielsdorf fournira de la chaleur de chauffage et de processus \u00e0 environ 3 500 m\u00e9nages ainsi qu'\u00e0 l'industrie et au commerce. Comme le r\u00e9seau de chaleur est construit en circuit ferm\u00e9, il fournit du froid en retour \u00e0 Green. Cela r\u00e9duit les frais de refroidissement dans le centre de donn\u00e9es et permet d'\u00e9conomiser de l'\u00e9nergie. Tous les datacenters Green utilisent le freecooling plus de 300 jours par an et les serveurs sont encapsul\u00e9s afin de garantir un refroidissement efficace. De plus, Green investit en permanence dans l'optimisation de l'efficacit\u00e9 \u00e9nerg\u00e9tique avec de nouveaux concepts et installations, dans l'optimisation de l'exploitation et dans l'utilisation d'\u00e9nergie renouvelable pour l'exploitation du centre de donn\u00e9es.<\/p>\r\n<h3>Comment les centres de donn\u00e9es peuvent devenir des centrales \u00e9lectriques<\/h3>\r\n<p>Ueli Maurer voit une utilit\u00e9 int\u00e9ressante \u00e0 l'alimentation \u00e9lectrique de secours \u00e9tendue et co\u00fbteuse des centres de donn\u00e9es dans le contexte de la p\u00e9nurie d'\u00e9lectricit\u00e9 : \"Lorsque nous sommes confront\u00e9s \u00e0 une p\u00e9nurie d'\u00e9lectricit\u00e9, nous avons besoin de tout le monde. Les centres de donn\u00e9es peuvent y apporter une contribution tr\u00e8s importante. Ils disposent d'une grande capacit\u00e9 qu'ils pourraient alimenter\". Mettre \u00e0 disposition les g\u00e9n\u00e9rateurs diesel existants en cas de p\u00e9nurie d'\u00e9lectricit\u00e9, Green est favorable \u00e0 ce concept et est d\u00e9j\u00e0 en contact \u00e9troit avec les autorit\u00e9s comp\u00e9tentes et le pool d'\u00e9nergie de r\u00e9glage. \"Les g\u00e9n\u00e9rateurs sont d\u00e9j\u00e0 pr\u00e9par\u00e9s et pourraient \u00eatre utilis\u00e9s en cas d'urgence\", estime Roger S\u00fcess. Green soutient d\u00e9j\u00e0 le r\u00e9seau \u00e9nerg\u00e9tique tertiaire avec son installation de secours. D\u00e8s que les ordonnances et les d\u00e9tails correspondants auront \u00e9t\u00e9 clarifi\u00e9s, Green pourra injecter de l'\u00e9nergie dans le r\u00e9seau avec l'installation d'alimentation de secours. Et ainsi soutenir l'approvisionnement en \u00e9nergie et stabiliser le r\u00e9seau. \"Les centres de calcul font partie de la solution et nous sommes pr\u00eats \u00e0 apporter notre aide en situation de crise\", constate Roger S\u00fcess.<\/p>\r\n<p>La crise \u00e9nerg\u00e9tique touche toutes les entreprises et soul\u00e8ve de nombreuses questions sur la s\u00e9curit\u00e9 de l'approvisionnement. Elle devrait conduire \u00e0 une nouvelle acc\u00e9l\u00e9ration de l'externalisation des syst\u00e8mes informatiques et de l'externalisation des centres de donn\u00e9es. Il devient de moins en moins int\u00e9ressant pour les entreprises d'assumer elles-m\u00eames la responsabilit\u00e9 de la s\u00e9curit\u00e9, de l'efficacit\u00e9 \u00e9nerg\u00e9tique et de la s\u00e9curit\u00e9 de l'approvisionnement.<\/p>\r\n<p><em>Source : <a href=\"http:\/\/www.green.ch\/\">Green.ch<\/a><\/em><\/p>\n<p class=\"syndicated-attribution\">Cet article est paru initialement sur m-q.ch - <a href=\"https:\/\/www.m-q.ch\/de\/wie-gehen-datacenter-mit-strommangel-und-versorgungssicherheit-um\/\" target=\"_blank\">https:\/\/www.m-q.ch\/de\/wie-gehen-datacenter-mit-strommangel-und-versorgungssicherheit-um\/<\/a><\/p>","protected":false},"excerpt":{"rendered":"<p>Kein Unternehmen kommt heute ohne Daten aus. Die Anspr\u00fcche an Verf\u00fcgbarkeit und Sicherheit von Systemen, Effizienzsteigerung, Nachhaltigkeit und letztendlich auch ans Datenmanagement sind enorm gestiegen. Datacenter, die eine Vielzahl von Systemen beherbergen und damit auch riesige Mengen an Daten speichern, m\u00fcssen auf Notf\u00e4lle und Unterbrechungen, dazu z\u00e4hlen auch Strommangellagen, umfassend vorbereitet sein und einen nahtlosen [\u2026]<\/p>\n","protected":false},"author":8,"featured_media":0,"comment_status":"closed","ping_status":"closed","sticky":false,"template":"","format":"standard","meta":{"_acf_changed":false,"_yoast_wpseo_focuskw":"Green Datacenter","_yoast_wpseo_metadesc":"Green.ch zeigt Ueli Maurer nachhaltigen Betrieb und Sicherheitskonzepte. Datacenter unterst\u00fctzen Energiesicherheit und Effizienz.","articlekey":"","footnotes":""},"categories":[582],"tags":[3480],"class_list":["post-17607","post","type-post","status-publish","format-standard","hentry","category-operational-excellence","tag-datacenter"],"acf":[],"yoast_head":"<!-- This site is optimized with the Yoast SEO plugin v27.5 - https:\/\/yoast.com\/product\/yoast-seo-wordpress\/ -->\n<title>Wie gehen Datacenter mit Strommangel und Versorgungssicherheit um? - Organisator<\/title>\n<meta name=\"description\" content=\"Green.ch zeigt Ueli Maurer nachhaltigen Betrieb und Sicherheitskonzepte. Datacenter unterst\u00fctzen Energiesicherheit und Effizienz.\" \/>\n<meta name=\"robots\" content=\"index, follow, max-snippet:-1, max-image-preview:large, max-video-preview:-1\" \/>\n<link rel=\"canonical\" href=\"https:\/\/www.organisator.ch\/fr\/excellence-operationnelle\/2022-10-31\/wie-gehen-datacenter-mit-strommangel-und-versorgungssicherheit-um\/\" \/>\n<meta property=\"og:locale\" content=\"fr_FR\" \/>\n<meta property=\"og:type\" content=\"article\" \/>\n<meta property=\"og:title\" content=\"Wie gehen Datacenter mit Strommangel und Versorgungssicherheit um? - Organisator\" \/>\n<meta property=\"og:description\" content=\"Green.ch zeigt Ueli Maurer nachhaltigen Betrieb und Sicherheitskonzepte. Datacenter unterst\u00fctzen Energiesicherheit und Effizienz.\" \/>\n<meta property=\"og:url\" content=\"https:\/\/www.organisator.ch\/fr\/excellence-operationnelle\/2022-10-31\/wie-gehen-datacenter-mit-strommangel-und-versorgungssicherheit-um\/\" \/>\n<meta property=\"og:site_name\" content=\"Organisator\" \/>\n<meta property=\"article:publisher\" content=\"https:\/\/www.facebook.com\/OrganisatorFachmagazin\" \/>\n<meta property=\"article:published_time\" content=\"2022-10-31T07:12:31+00:00\" \/>\n<meta property=\"article:modified_time\" content=\"2024-11-20T13:50:06+00:00\" \/>\n<meta name=\"author\" content=\"galledia\" \/>\n<meta name=\"twitter:card\" content=\"summary_large_image\" \/>\n<meta name=\"twitter:creator\" content=\"@admin\" \/>\n<script type=\"application\/ld+json\" class=\"yoast-schema-graph\">{\"@context\":\"https:\\\/\\\/schema.org\",\"@graph\":[{\"@type\":\"Article\",\"@id\":\"https:\\\/\\\/www.organisator.ch\\\/operational-excellence\\\/2022-10-31\\\/wie-gehen-datacenter-mit-strommangel-und-versorgungssicherheit-um\\\/#article\",\"isPartOf\":{\"@id\":\"https:\\\/\\\/www.organisator.ch\\\/operational-excellence\\\/2022-10-31\\\/wie-gehen-datacenter-mit-strommangel-und-versorgungssicherheit-um\\\/\"},\"author\":{\"name\":\"galledia\",\"@id\":\"https:\\\/\\\/www.organisator.ch\\\/#\\\/schema\\\/person\\\/4e51799071cd2dd1232ac003643ef5f0\"},\"headline\":\"Wie gehen Datacenter mit Strommangel und Versorgungssicherheit um?\",\"datePublished\":\"2022-10-31T07:12:31+00:00\",\"dateModified\":\"2024-11-20T13:50:06+00:00\",\"mainEntityOfPage\":{\"@id\":\"https:\\\/\\\/www.organisator.ch\\\/operational-excellence\\\/2022-10-31\\\/wie-gehen-datacenter-mit-strommangel-und-versorgungssicherheit-um\\\/\"},\"wordCount\":840,\"publisher\":{\"@id\":\"https:\\\/\\\/www.organisator.ch\\\/#organization\"},\"image\":{\"@id\":\"https:\\\/\\\/www.organisator.ch\\\/operational-excellence\\\/2022-10-31\\\/wie-gehen-datacenter-mit-strommangel-und-versorgungssicherheit-um\\\/#primaryimage\"},\"thumbnailUrl\":\"https:\\\/\\\/www.m-q.ch\\\/wp-content\\\/uploads\\\/2022\\\/10\\\/Wie-gehen-Datacenter-mit-Strommangel-und-Versorgungssicherheit-um_MQ.jpg\",\"keywords\":[\"Datacenter\"],\"articleSection\":[\"OPERATIONAL EXCELLENCE\"],\"inLanguage\":\"fr-FR\"},{\"@type\":\"WebPage\",\"@id\":\"https:\\\/\\\/www.organisator.ch\\\/operational-excellence\\\/2022-10-31\\\/wie-gehen-datacenter-mit-strommangel-und-versorgungssicherheit-um\\\/\",\"url\":\"https:\\\/\\\/www.organisator.ch\\\/operational-excellence\\\/2022-10-31\\\/wie-gehen-datacenter-mit-strommangel-und-versorgungssicherheit-um\\\/\",\"name\":\"Wie gehen Datacenter mit Strommangel und Versorgungssicherheit um? - Organisator\",\"isPartOf\":{\"@id\":\"https:\\\/\\\/www.organisator.ch\\\/#website\"},\"primaryImageOfPage\":{\"@id\":\"https:\\\/\\\/www.organisator.ch\\\/operational-excellence\\\/2022-10-31\\\/wie-gehen-datacenter-mit-strommangel-und-versorgungssicherheit-um\\\/#primaryimage\"},\"image\":{\"@id\":\"https:\\\/\\\/www.organisator.ch\\\/operational-excellence\\\/2022-10-31\\\/wie-gehen-datacenter-mit-strommangel-und-versorgungssicherheit-um\\\/#primaryimage\"},\"thumbnailUrl\":\"https:\\\/\\\/www.m-q.ch\\\/wp-content\\\/uploads\\\/2022\\\/10\\\/Wie-gehen-Datacenter-mit-Strommangel-und-Versorgungssicherheit-um_MQ.jpg\",\"datePublished\":\"2022-10-31T07:12:31+00:00\",\"dateModified\":\"2024-11-20T13:50:06+00:00\",\"description\":\"Green.ch zeigt Ueli Maurer nachhaltigen Betrieb und Sicherheitskonzepte. Datacenter unterst\u00fctzen Energiesicherheit und Effizienz.\",\"breadcrumb\":{\"@id\":\"https:\\\/\\\/www.organisator.ch\\\/operational-excellence\\\/2022-10-31\\\/wie-gehen-datacenter-mit-strommangel-und-versorgungssicherheit-um\\\/#breadcrumb\"},\"inLanguage\":\"fr-FR\",\"potentialAction\":[{\"@type\":\"ReadAction\",\"target\":[\"https:\\\/\\\/www.organisator.ch\\\/operational-excellence\\\/2022-10-31\\\/wie-gehen-datacenter-mit-strommangel-und-versorgungssicherheit-um\\\/\"]}]},{\"@type\":\"ImageObject\",\"inLanguage\":\"fr-FR\",\"@id\":\"https:\\\/\\\/www.organisator.ch\\\/operational-excellence\\\/2022-10-31\\\/wie-gehen-datacenter-mit-strommangel-und-versorgungssicherheit-um\\\/#primaryimage\",\"url\":\"https:\\\/\\\/www.m-q.ch\\\/wp-content\\\/uploads\\\/2022\\\/10\\\/Wie-gehen-Datacenter-mit-Strommangel-und-Versorgungssicherheit-um_MQ.jpg\",\"contentUrl\":\"https:\\\/\\\/www.m-q.ch\\\/wp-content\\\/uploads\\\/2022\\\/10\\\/Wie-gehen-Datacenter-mit-Strommangel-und-Versorgungssicherheit-um_MQ.jpg\"},{\"@type\":\"BreadcrumbList\",\"@id\":\"https:\\\/\\\/www.organisator.ch\\\/operational-excellence\\\/2022-10-31\\\/wie-gehen-datacenter-mit-strommangel-und-versorgungssicherheit-um\\\/#breadcrumb\",\"itemListElement\":[{\"@type\":\"ListItem\",\"position\":1,\"name\":\"Home\",\"item\":\"https:\\\/\\\/www.organisator.ch\\\/\"},{\"@type\":\"ListItem\",\"position\":2,\"name\":\"Wie gehen Datacenter mit Strommangel und Versorgungssicherheit um?\"}]},{\"@type\":\"WebSite\",\"@id\":\"https:\\\/\\\/www.organisator.ch\\\/#website\",\"url\":\"https:\\\/\\\/www.organisator.ch\\\/\",\"name\":\"Organisator\",\"description\":\"Kompetent. Praxisnah. Der ORGANISATOR bereitet in 10 Ausgaben pro Jahr die wesentlichen Themen f\u00fcr F\u00fchrungskr\u00e4fte von KMU auf.\",\"publisher\":{\"@id\":\"https:\\\/\\\/www.organisator.ch\\\/#organization\"},\"potentialAction\":[{\"@type\":\"SearchAction\",\"target\":{\"@type\":\"EntryPoint\",\"urlTemplate\":\"https:\\\/\\\/www.organisator.ch\\\/?s={search_term_string}\"},\"query-input\":{\"@type\":\"PropertyValueSpecification\",\"valueRequired\":true,\"valueName\":\"search_term_string\"}}],\"inLanguage\":\"fr-FR\"},{\"@type\":\"Organization\",\"@id\":\"https:\\\/\\\/www.organisator.ch\\\/#organization\",\"name\":\"Organisator\",\"url\":\"https:\\\/\\\/www.organisator.ch\\\/\",\"logo\":{\"@type\":\"ImageObject\",\"inLanguage\":\"fr-FR\",\"@id\":\"https:\\\/\\\/www.organisator.ch\\\/#\\\/schema\\\/logo\\\/image\\\/\",\"url\":\"https:\\\/\\\/www.organisator.ch\\\/wp-content\\\/uploads\\\/2022\\\/01\\\/Logo_Organisator_Website.png\",\"contentUrl\":\"https:\\\/\\\/www.organisator.ch\\\/wp-content\\\/uploads\\\/2022\\\/01\\\/Logo_Organisator_Website.png\",\"width\":800,\"height\":77,\"caption\":\"Organisator\"},\"image\":{\"@id\":\"https:\\\/\\\/www.organisator.ch\\\/#\\\/schema\\\/logo\\\/image\\\/\"},\"sameAs\":[\"https:\\\/\\\/www.facebook.com\\\/OrganisatorFachmagazin\",\"https:\\\/\\\/www.linkedin.com\\\/showcase\\\/organisator-das-magazin-fr-kmu\",\"https:\\\/\\\/www.xing.com\\\/news\\\/pages\\\/organisator-ch-695\",\"https:\\\/\\\/www.youtube.com\\\/channel\\\/UCGP2Sq0iWaZwT3BdIAQFYpw\"]},{\"@type\":\"Person\",\"@id\":\"https:\\\/\\\/www.organisator.ch\\\/#\\\/schema\\\/person\\\/4e51799071cd2dd1232ac003643ef5f0\",\"name\":\"galledia\",\"image\":{\"@type\":\"ImageObject\",\"inLanguage\":\"fr-FR\",\"@id\":\"https:\\\/\\\/secure.gravatar.com\\\/avatar\\\/78a7f90c01fc2bfc875782a0d4922b37cde2cf184ce347b91316d23cd7f69a36?s=96&d=mm&r=g\",\"url\":\"https:\\\/\\\/secure.gravatar.com\\\/avatar\\\/78a7f90c01fc2bfc875782a0d4922b37cde2cf184ce347b91316d23cd7f69a36?s=96&d=mm&r=g\",\"contentUrl\":\"https:\\\/\\\/secure.gravatar.com\\\/avatar\\\/78a7f90c01fc2bfc875782a0d4922b37cde2cf184ce347b91316d23cd7f69a36?s=96&d=mm&r=g\",\"caption\":\"galledia\"},\"sameAs\":[\"https:\\\/\\\/x.com\\\/admin\"],\"url\":\"https:\\\/\\\/www.organisator.ch\\\/fr\\\/author\\\/galledia\\\/\"}]}<\/script>\n<!-- \/ Yoast SEO plugin. -->","yoast_head_json":{"title":"Comment les centres de donn\u00e9es font-ils face \u00e0 la p\u00e9nurie d'\u00e9lectricit\u00e9 et \u00e0 la s\u00e9curit\u00e9 de l'approvisionnement ? - Organisateur","description":"Green.ch montre \u00e0 Ueli Maurer une exploitation durable et des concepts de s\u00e9curit\u00e9. Les centres de donn\u00e9es soutiennent la s\u00e9curit\u00e9 \u00e9nerg\u00e9tique et l'efficacit\u00e9.","robots":{"index":"index","follow":"follow","max-snippet":"max-snippet:-1","max-image-preview":"max-image-preview:large","max-video-preview":"max-video-preview:-1"},"canonical":"https:\/\/www.organisator.ch\/fr\/excellence-operationnelle\/2022-10-31\/wie-gehen-datacenter-mit-strommangel-und-versorgungssicherheit-um\/","og_locale":"fr_FR","og_type":"article","og_title":"Wie gehen Datacenter mit Strommangel und Versorgungssicherheit um? - Organisator","og_description":"Green.ch zeigt Ueli Maurer nachhaltigen Betrieb und Sicherheitskonzepte. Datacenter unterst\u00fctzen Energiesicherheit und Effizienz.","og_url":"https:\/\/www.organisator.ch\/fr\/excellence-operationnelle\/2022-10-31\/wie-gehen-datacenter-mit-strommangel-und-versorgungssicherheit-um\/","og_site_name":"Organisator","article_publisher":"https:\/\/www.facebook.com\/OrganisatorFachmagazin","article_published_time":"2022-10-31T07:12:31+00:00","article_modified_time":"2024-11-20T13:50:06+00:00","author":"galledia","twitter_card":"summary_large_image","twitter_creator":"@admin","schema":{"@context":"https:\/\/schema.org","@graph":[{"@type":"Article","@id":"https:\/\/www.organisator.ch\/operational-excellence\/2022-10-31\/wie-gehen-datacenter-mit-strommangel-und-versorgungssicherheit-um\/#article","isPartOf":{"@id":"https:\/\/www.organisator.ch\/operational-excellence\/2022-10-31\/wie-gehen-datacenter-mit-strommangel-und-versorgungssicherheit-um\/"},"author":{"name":"galledia","@id":"https:\/\/www.organisator.ch\/#\/schema\/person\/4e51799071cd2dd1232ac003643ef5f0"},"headline":"Wie gehen Datacenter mit Strommangel und Versorgungssicherheit um?","datePublished":"2022-10-31T07:12:31+00:00","dateModified":"2024-11-20T13:50:06+00:00","mainEntityOfPage":{"@id":"https:\/\/www.organisator.ch\/operational-excellence\/2022-10-31\/wie-gehen-datacenter-mit-strommangel-und-versorgungssicherheit-um\/"},"wordCount":840,"publisher":{"@id":"https:\/\/www.organisator.ch\/#organization"},"image":{"@id":"https:\/\/www.organisator.ch\/operational-excellence\/2022-10-31\/wie-gehen-datacenter-mit-strommangel-und-versorgungssicherheit-um\/#primaryimage"},"thumbnailUrl":"https:\/\/www.m-q.ch\/wp-content\/uploads\/2022\/10\/Wie-gehen-Datacenter-mit-Strommangel-und-Versorgungssicherheit-um_MQ.jpg","keywords":["Datacenter"],"articleSection":["OPERATIONAL EXCELLENCE"],"inLanguage":"fr-FR"},{"@type":"WebPage","@id":"https:\/\/www.organisator.ch\/operational-excellence\/2022-10-31\/wie-gehen-datacenter-mit-strommangel-und-versorgungssicherheit-um\/","url":"https:\/\/www.organisator.ch\/operational-excellence\/2022-10-31\/wie-gehen-datacenter-mit-strommangel-und-versorgungssicherheit-um\/","name":"Comment les centres de donn\u00e9es font-ils face \u00e0 la p\u00e9nurie d'\u00e9lectricit\u00e9 et \u00e0 la s\u00e9curit\u00e9 de l'approvisionnement ? - Organisateur","isPartOf":{"@id":"https:\/\/www.organisator.ch\/#website"},"primaryImageOfPage":{"@id":"https:\/\/www.organisator.ch\/operational-excellence\/2022-10-31\/wie-gehen-datacenter-mit-strommangel-und-versorgungssicherheit-um\/#primaryimage"},"image":{"@id":"https:\/\/www.organisator.ch\/operational-excellence\/2022-10-31\/wie-gehen-datacenter-mit-strommangel-und-versorgungssicherheit-um\/#primaryimage"},"thumbnailUrl":"https:\/\/www.m-q.ch\/wp-content\/uploads\/2022\/10\/Wie-gehen-Datacenter-mit-Strommangel-und-Versorgungssicherheit-um_MQ.jpg","datePublished":"2022-10-31T07:12:31+00:00","dateModified":"2024-11-20T13:50:06+00:00","description":"Green.ch montre \u00e0 Ueli Maurer une exploitation durable et des concepts de s\u00e9curit\u00e9. Les centres de donn\u00e9es soutiennent la s\u00e9curit\u00e9 \u00e9nerg\u00e9tique et l'efficacit\u00e9.","breadcrumb":{"@id":"https:\/\/www.organisator.ch\/operational-excellence\/2022-10-31\/wie-gehen-datacenter-mit-strommangel-und-versorgungssicherheit-um\/#breadcrumb"},"inLanguage":"fr-FR","potentialAction":[{"@type":"ReadAction","target":["https:\/\/www.organisator.ch\/operational-excellence\/2022-10-31\/wie-gehen-datacenter-mit-strommangel-und-versorgungssicherheit-um\/"]}]},{"@type":"ImageObject","inLanguage":"fr-FR","@id":"https:\/\/www.organisator.ch\/operational-excellence\/2022-10-31\/wie-gehen-datacenter-mit-strommangel-und-versorgungssicherheit-um\/#primaryimage","url":"https:\/\/www.m-q.ch\/wp-content\/uploads\/2022\/10\/Wie-gehen-Datacenter-mit-Strommangel-und-Versorgungssicherheit-um_MQ.jpg","contentUrl":"https:\/\/www.m-q.ch\/wp-content\/uploads\/2022\/10\/Wie-gehen-Datacenter-mit-Strommangel-und-Versorgungssicherheit-um_MQ.jpg"},{"@type":"BreadcrumbList","@id":"https:\/\/www.organisator.ch\/operational-excellence\/2022-10-31\/wie-gehen-datacenter-mit-strommangel-und-versorgungssicherheit-um\/#breadcrumb","itemListElement":[{"@type":"ListItem","position":1,"name":"Home","item":"https:\/\/www.organisator.ch\/"},{"@type":"ListItem","position":2,"name":"Wie gehen Datacenter mit Strommangel und Versorgungssicherheit um?"}]},{"@type":"WebSite","@id":"https:\/\/www.organisator.ch\/#website","url":"https:\/\/www.organisator.ch\/","name":"Organisateur","description":"Comp\u00e9tence et comp\u00e9tence. Proches de la pratique. L'ORGANISATEUR pr\u00e9pare 10 num\u00e9ros par an sur les th\u00e8mes essentiels pour les dirigeants de PME.","publisher":{"@id":"https:\/\/www.organisator.ch\/#organization"},"potentialAction":[{"@type":"SearchAction","target":{"@type":"EntryPoint","urlTemplate":"https:\/\/www.organisator.ch\/?s={search_term_string}"},"query-input":{"@type":"PropertyValueSpecification","valueRequired":true,"valueName":"search_term_string"}}],"inLanguage":"fr-FR"},{"@type":"Organization","@id":"https:\/\/www.organisator.ch\/#organization","name":"Organisateur","url":"https:\/\/www.organisator.ch\/","logo":{"@type":"ImageObject","inLanguage":"fr-FR","@id":"https:\/\/www.organisator.ch\/#\/schema\/logo\/image\/","url":"https:\/\/www.organisator.ch\/wp-content\/uploads\/2022\/01\/Logo_Organisator_Website.png","contentUrl":"https:\/\/www.organisator.ch\/wp-content\/uploads\/2022\/01\/Logo_Organisator_Website.png","width":800,"height":77,"caption":"Organisator"},"image":{"@id":"https:\/\/www.organisator.ch\/#\/schema\/logo\/image\/"},"sameAs":["https:\/\/www.facebook.com\/OrganisatorFachmagazin","https:\/\/www.linkedin.com\/showcase\/organisator-das-magazin-fr-kmu","https:\/\/www.xing.com\/news\/pages\/organisator-ch-695","https:\/\/www.youtube.com\/channel\/UCGP2Sq0iWaZwT3BdIAQFYpw"]},{"@type":"Person","@id":"https:\/\/www.organisator.ch\/#\/schema\/person\/4e51799071cd2dd1232ac003643ef5f0","name":"galledia","image":{"@type":"ImageObject","inLanguage":"fr-FR","@id":"https:\/\/secure.gravatar.com\/avatar\/78a7f90c01fc2bfc875782a0d4922b37cde2cf184ce347b91316d23cd7f69a36?s=96&d=mm&r=g","url":"https:\/\/secure.gravatar.com\/avatar\/78a7f90c01fc2bfc875782a0d4922b37cde2cf184ce347b91316d23cd7f69a36?s=96&d=mm&r=g","contentUrl":"https:\/\/secure.gravatar.com\/avatar\/78a7f90c01fc2bfc875782a0d4922b37cde2cf184ce347b91316d23cd7f69a36?s=96&d=mm&r=g","caption":"galledia"},"sameAs":["https:\/\/x.com\/admin"],"url":"https:\/\/www.organisator.ch\/fr\/author\/galledia\/"}]}},"_links":{"self":[{"href":"https:\/\/www.organisator.ch\/fr\/wp-json\/wp\/v2\/posts\/17607","targetHints":{"allow":["GET"]}}],"collection":[{"href":"https:\/\/www.organisator.ch\/fr\/wp-json\/wp\/v2\/posts"}],"about":[{"href":"https:\/\/www.organisator.ch\/fr\/wp-json\/wp\/v2\/types\/post"}],"author":[{"embeddable":true,"href":"https:\/\/www.organisator.ch\/fr\/wp-json\/wp\/v2\/users\/8"}],"replies":[{"embeddable":true,"href":"https:\/\/www.organisator.ch\/fr\/wp-json\/wp\/v2\/comments?post=17607"}],"version-history":[{"count":4,"href":"https:\/\/www.organisator.ch\/fr\/wp-json\/wp\/v2\/posts\/17607\/revisions"}],"predecessor-version":[{"id":33684,"href":"https:\/\/www.organisator.ch\/fr\/wp-json\/wp\/v2\/posts\/17607\/revisions\/33684"}],"wp:attachment":[{"href":"https:\/\/www.organisator.ch\/fr\/wp-json\/wp\/v2\/media?parent=17607"}],"wp:term":[{"taxonomy":"category","embeddable":true,"href":"https:\/\/www.organisator.ch\/fr\/wp-json\/wp\/v2\/categories?post=17607"},{"taxonomy":"post_tag","embeddable":true,"href":"https:\/\/www.organisator.ch\/fr\/wp-json\/wp\/v2\/tags?post=17607"}],"curies":[{"name":"wp","href":"https:\/\/api.w.org\/{rel}","templated":true}]}}