{"id":17639,"date":"2022-10-31T13:48:51","date_gmt":"2022-10-31T12:48:51","guid":{"rendered":"https:\/\/www.organisator.ch\/?p=17639"},"modified":"2022-10-31T13:48:51","modified_gmt":"2022-10-31T12:48:51","slug":"modernster-innovationspark-der-schweiz-eroeffnet","status":"publish","type":"post","link":"https:\/\/www.organisator.ch\/fr\/allgemein\/2022-10-31\/modernster-innovationspark-der-schweiz-eroeffnet\/","title":{"rendered":"Inauguration du parc d'innovation le plus moderne de Suisse"},"content":{"rendered":"<figure id=\"attachment_17643\" aria-describedby=\"caption-attachment-17643\" style=\"width: 680px\" class=\"wp-caption alignnone\"><img loading=\"lazy\" decoding=\"async\" class=\"size-full wp-image-17643\" src=\"https:\/\/www.organisator.ch\/wp-content\/uploads\/2022\/10\/Modernster-Innovationspark-der-Schweiz-eroeffnet-1_Organsiator.jpg\" alt=\"\" width=\"680\" height=\"466\" srcset=\"https:\/\/www.organisator.ch\/wp-content\/uploads\/2022\/10\/Modernster-Innovationspark-der-Schweiz-eroeffnet-1_Organsiator.jpg 680w, https:\/\/www.organisator.ch\/wp-content\/uploads\/2022\/10\/Modernster-Innovationspark-der-Schweiz-eroeffnet-1_Organsiator-18x12.jpg 18w, https:\/\/www.organisator.ch\/wp-content\/uploads\/2022\/10\/Modernster-Innovationspark-der-Schweiz-eroeffnet-1_Organsiator-255x175.jpg 255w, https:\/\/www.organisator.ch\/wp-content\/uploads\/2022\/10\/Modernster-Innovationspark-der-Schweiz-eroeffnet-1_Organsiator-511x350.jpg 511w, https:\/\/www.organisator.ch\/wp-content\/uploads\/2022\/10\/Modernster-Innovationspark-der-Schweiz-eroeffnet-1_Organsiator-300x206.jpg 300w\" sizes=\"auto, (max-width: 680px) 100vw, 680px\" \/><figcaption id=\"caption-attachment-17643\" class=\"wp-caption-text\">Le ministre de l'\u00e9conomie Guy Parmelin lors du discours d'ouverture du Main Campus du Switzerland Innovation Park Basel Area. (Image : Basel Area)<\/figcaption><\/figure>\n<p>Le parc d'innovation le plus moderne de Suisse, selon ses propres dires, a \u00e9t\u00e9 inaugur\u00e9 en grande pompe le samedi 29 octobre 2022 en pr\u00e9sence du conseiller f\u00e9d\u00e9ral Guy Parmelin. \"Le cluster des sciences de la vie de la r\u00e9gion de B\u00e2le a non seulement une importance \u00e9norme pour l'\u00e9conomie suisse, mais il occupe \u00e9galement une position de pointe en Europe et dans le monde. Je suis convaincu que le Main Campus du Switzerland Innovation Park Basel Area valorisera encore davantage l'importance de la r\u00e9gion\", a d\u00e9clar\u00e9 le chef du D\u00e9partement f\u00e9d\u00e9ral de l'\u00e9conomie, de la formation et de la recherche, dans son discours. Quelque 200 invit\u00e9s issus des milieux \u00e9conomiques et politiques ont particip\u00e9 \u00e0 la c\u00e9r\u00e9monie d'ouverture dans la zone de Bachgraben \u00e0 Allschwil, juste \u00e0 la limite de la ville de B\u00e2le. Les trois cantons porteurs du Switzerland Innovation Park Basel Area \u00e9taient repr\u00e9sent\u00e9s par les conseillers d'Etat Thomas Weber (BL), Kaspar Sutter (BS) et Jacques Gerber (JU), qui ont particip\u00e9 \u00e0 une table ronde avec le conseiller f\u00e9d\u00e9ral Parmelin. Lors de la c\u00e9r\u00e9monie d'ouverture, diverses personnalit\u00e9s ont exprim\u00e9 leurs souhaits pour l'avenir du Main Campus, dont Raymond Cron, directeur de Switzerland Innovation : \"Je souhaite que le Switzerland Innovation Park Basel Area s'\u00e9tablisse comme un phare international pour les projets innovants dans le domaine de la sant\u00e9 et des sciences de la vie\". Le Switzerland Innovation Park Basel Area, avec ses quatre sites, est l'un des six parcs d'innovation du r\u00e9seau national de la fondation Switzerland Innovation.<\/p>\n<figure id=\"attachment_17644\" aria-describedby=\"caption-attachment-17644\" style=\"width: 680px\" class=\"wp-caption alignnone\"><img loading=\"lazy\" decoding=\"async\" class=\"size-full wp-image-17644\" src=\"https:\/\/www.organisator.ch\/wp-content\/uploads\/2022\/10\/Modernster-Innovationspark-der-Schweiz-eroeffnet-2_Organsiator.jpg\" alt=\"\" width=\"680\" height=\"431\" srcset=\"https:\/\/www.organisator.ch\/wp-content\/uploads\/2022\/10\/Modernster-Innovationspark-der-Schweiz-eroeffnet-2_Organsiator.jpg 680w, https:\/\/www.organisator.ch\/wp-content\/uploads\/2022\/10\/Modernster-Innovationspark-der-Schweiz-eroeffnet-2_Organsiator-18x12.jpg 18w, https:\/\/www.organisator.ch\/wp-content\/uploads\/2022\/10\/Modernster-Innovationspark-der-Schweiz-eroeffnet-2_Organsiator-276x175.jpg 276w, https:\/\/www.organisator.ch\/wp-content\/uploads\/2022\/10\/Modernster-Innovationspark-der-Schweiz-eroeffnet-2_Organsiator-552x350.jpg 552w, https:\/\/www.organisator.ch\/wp-content\/uploads\/2022\/10\/Modernster-Innovationspark-der-Schweiz-eroeffnet-2_Organsiator-300x190.jpg 300w\" sizes=\"auto, (max-width: 680px) 100vw, 680px\" \/><figcaption id=\"caption-attachment-17644\" class=\"wp-caption-text\">Visualisation du parc d'innovation le plus moderne de Suisse. (Image : Basel Area)<\/figcaption><\/figure>\n<p>Le Main Campus, qui vient d'ouvrir ses portes, a \u00e9t\u00e9 con\u00e7u par les architectes Herzog &amp; de Meuron et r\u00e9alis\u00e9 par le ma\u00eetre d'ouvrage Senn Resources AG. Actuellement, environ 70 pour cent des quelque 50'000 m2 de surface utile sont d\u00e9j\u00e0 lou\u00e9s. Les locataires se composent actuellement de 38 entreprises et institutions, dont l'Universit\u00e9 de B\u00e2le, Johnson &amp; Johnson, Basilea ainsi que de nombreuses start-up. 30 \u00e0 40 pour cent de la surface sont des laboratoires, les surfaces restantes sont pr\u00e9vues pour des bureaux, des salles d'\u00e9v\u00e9nements et de formation ainsi qu'une aula. Environ 2'000 personnes pourront travailler dans le b\u00e2timent. Elles pourront se rencontrer gr\u00e2ce \u00e0 une terrasse continue \u00e0 l'int\u00e9rieur et \u00e0 l'ext\u00e9rieur, ce qui favorisera l'\u00e9change d'id\u00e9es et animera l'\u00e9cosyst\u00e8me d'innovation. Le c\u0153ur du Main Campus est une cour int\u00e9rieure verdoyante de la taille d'un terrain de football, o\u00f9 il est possible de se d\u00e9tendre et de se restaurer. Le Main Campus est situ\u00e9 au c\u0153ur du \"Life Sciences Meile\" dans le Bachgraben, \u00e0 proximit\u00e9 imm\u00e9diate de voisins tels que l'Institut Tropical et de Sant\u00e9 Publique Suisse, Skan, Abbott et Idorsia.<\/p>\n<p><em>Sources et informations compl\u00e9mentaires : <a href=\"http:\/\/www.baselarea.swiss\">www.baselarea.swiss<\/a>, <a href=\"http:\/\/www.maincampus.ch\">www.maincampus.ch<\/a><\/em><\/p>","protected":false},"excerpt":{"rendered":"<p>Der nach eigenen Angaben modernste Innovationspark der Schweiz wurde am Samstag, 29. Oktober 2022 im Beisein von Bundesrat Guy Parmelin feierlich er\u00f6ffnet.\u00a0\u00abDer Life Sciences Cluster der Basel Area hat nicht nur f\u00fcr die Schweizer Volkswirtschaft eine enorme Bedeutung, sondern nimmt auch europa- und weltweit eine Spitzenposition ein. Ich bin \u00fcberzeugt, dass der Main Campus des [&hellip;]<\/p>\n","protected":false},"author":4,"featured_media":17643,"comment_status":"closed","ping_status":"closed","sticky":false,"template":"","format":"standard","meta":{"_acf_changed":false,"_yoast_wpseo_focuskw":"Innovationspark","_yoast_wpseo_metadesc":"Der Main Campus des Switzerland Innovation Park Basel Area, der wohl modernste Innovationspark der Schweiz, wurde feierlich er\u00f6ffnet.","articlekey":"","footnotes":""},"categories":[1],"tags":[274,451,2707],"class_list":["post-17639","post","type-post","status-publish","format-standard","has-post-thumbnail","hentry","category-allgemein","tag-innovation","tag-startups","tag-wirtschaftsfoerderung"],"acf":[],"yoast_head":"<!-- This site is optimized with the Yoast SEO plugin v27.5 - https:\/\/yoast.com\/product\/yoast-seo-wordpress\/ -->\n<title>Modernster Innovationspark der Schweiz er\u00f6ffnet - Organisator<\/title>\n<meta name=\"description\" content=\"Der Main Campus des Switzerland Innovation Park Basel Area, der wohl modernste Innovationspark der Schweiz, wurde feierlich er\u00f6ffnet.\" \/>\n<meta name=\"robots\" content=\"index, follow, max-snippet:-1, max-image-preview:large, max-video-preview:-1\" \/>\n<link rel=\"canonical\" href=\"https:\/\/www.organisator.ch\/fr\/general\/2022-10-31\/modernster-innovationspark-der-schweiz-eroeffnet\/\" \/>\n<meta property=\"og:locale\" content=\"fr_FR\" \/>\n<meta property=\"og:type\" content=\"article\" \/>\n<meta property=\"og:title\" content=\"Modernster Innovationspark der Schweiz er\u00f6ffnet\" \/>\n<meta property=\"og:description\" content=\"Der Main Campus des Switzerland Innovation Park Basel Area, der wohl modernste Innovationspark der Schweiz, wurde feierlich er\u00f6ffnet.\" \/>\n<meta property=\"og:url\" content=\"https:\/\/www.organisator.ch\/fr\/general\/2022-10-31\/modernster-innovationspark-der-schweiz-eroeffnet\/\" \/>\n<meta property=\"og:site_name\" content=\"Organisator\" \/>\n<meta property=\"article:publisher\" content=\"https:\/\/www.facebook.com\/OrganisatorFachmagazin\" \/>\n<meta property=\"article:published_time\" content=\"2022-10-31T12:48:51+00:00\" \/>\n<meta property=\"og:image\" content=\"https:\/\/www.organisator.ch\/wp-content\/uploads\/2022\/10\/Modernster-Innovationspark-der-Schweiz-eroeffnet-2_Organsiator.jpg\" \/>\n\t<meta property=\"og:image:width\" content=\"680\" \/>\n\t<meta property=\"og:image:height\" content=\"431\" \/>\n\t<meta property=\"og:image:type\" content=\"image\/jpeg\" \/>\n<meta name=\"author\" content=\"thomas.berner\" \/>\n<meta name=\"twitter:card\" content=\"summary_large_image\" \/>\n<meta name=\"twitter:title\" content=\"Modernster #Innovationspark der Schweiz er\u00f6ffnet\" \/>\n<meta name=\"twitter:description\" content=\"Der Main Campus des Switzerland Innovation Park Basel Area, der wohl modernste #Innovationspark der Schweiz, wurde feierlich er\u00f6ffnet.\" \/>\n<meta name=\"twitter:image\" content=\"https:\/\/www.organisator.ch\/wp-content\/uploads\/2022\/10\/Modernster-Innovationspark-der-Schweiz-eroeffnet-2_Organsiator.jpg\" \/>\n<script type=\"application\/ld+json\" class=\"yoast-schema-graph\">{\"@context\":\"https:\\\/\\\/schema.org\",\"@graph\":[{\"@type\":\"Article\",\"@id\":\"https:\\\/\\\/www.organisator.ch\\\/allgemein\\\/2022-10-31\\\/modernster-innovationspark-der-schweiz-eroeffnet\\\/#article\",\"isPartOf\":{\"@id\":\"https:\\\/\\\/www.organisator.ch\\\/allgemein\\\/2022-10-31\\\/modernster-innovationspark-der-schweiz-eroeffnet\\\/\"},\"author\":{\"name\":\"thomas.berner\",\"@id\":\"https:\\\/\\\/www.organisator.ch\\\/#\\\/schema\\\/person\\\/6f650f90b2842cd4c0cc334b4e36f67e\"},\"headline\":\"Modernster Innovationspark der Schweiz er\u00f6ffnet\",\"datePublished\":\"2022-10-31T12:48:51+00:00\",\"mainEntityOfPage\":{\"@id\":\"https:\\\/\\\/www.organisator.ch\\\/allgemein\\\/2022-10-31\\\/modernster-innovationspark-der-schweiz-eroeffnet\\\/\"},\"wordCount\":438,\"publisher\":{\"@id\":\"https:\\\/\\\/www.organisator.ch\\\/#organization\"},\"image\":{\"@id\":\"https:\\\/\\\/www.organisator.ch\\\/allgemein\\\/2022-10-31\\\/modernster-innovationspark-der-schweiz-eroeffnet\\\/#primaryimage\"},\"thumbnailUrl\":\"https:\\\/\\\/www.organisator.ch\\\/wp-content\\\/uploads\\\/2022\\\/10\\\/Modernster-Innovationspark-der-Schweiz-eroeffnet-1_Organsiator.jpg\",\"keywords\":[\"Innovation\",\"Startups\",\"Wirtschaftsf\u00f6rderung\"],\"articleSection\":[\"Allgemein\"],\"inLanguage\":\"fr-FR\"},{\"@type\":\"WebPage\",\"@id\":\"https:\\\/\\\/www.organisator.ch\\\/allgemein\\\/2022-10-31\\\/modernster-innovationspark-der-schweiz-eroeffnet\\\/\",\"url\":\"https:\\\/\\\/www.organisator.ch\\\/allgemein\\\/2022-10-31\\\/modernster-innovationspark-der-schweiz-eroeffnet\\\/\",\"name\":\"Modernster Innovationspark der Schweiz er\u00f6ffnet - Organisator\",\"isPartOf\":{\"@id\":\"https:\\\/\\\/www.organisator.ch\\\/#website\"},\"primaryImageOfPage\":{\"@id\":\"https:\\\/\\\/www.organisator.ch\\\/allgemein\\\/2022-10-31\\\/modernster-innovationspark-der-schweiz-eroeffnet\\\/#primaryimage\"},\"image\":{\"@id\":\"https:\\\/\\\/www.organisator.ch\\\/allgemein\\\/2022-10-31\\\/modernster-innovationspark-der-schweiz-eroeffnet\\\/#primaryimage\"},\"thumbnailUrl\":\"https:\\\/\\\/www.organisator.ch\\\/wp-content\\\/uploads\\\/2022\\\/10\\\/Modernster-Innovationspark-der-Schweiz-eroeffnet-1_Organsiator.jpg\",\"datePublished\":\"2022-10-31T12:48:51+00:00\",\"description\":\"Der Main Campus des Switzerland Innovation Park Basel Area, der wohl modernste Innovationspark der Schweiz, wurde feierlich er\u00f6ffnet.\",\"breadcrumb\":{\"@id\":\"https:\\\/\\\/www.organisator.ch\\\/allgemein\\\/2022-10-31\\\/modernster-innovationspark-der-schweiz-eroeffnet\\\/#breadcrumb\"},\"inLanguage\":\"fr-FR\",\"potentialAction\":[{\"@type\":\"ReadAction\",\"target\":[\"https:\\\/\\\/www.organisator.ch\\\/allgemein\\\/2022-10-31\\\/modernster-innovationspark-der-schweiz-eroeffnet\\\/\"]}]},{\"@type\":\"ImageObject\",\"inLanguage\":\"fr-FR\",\"@id\":\"https:\\\/\\\/www.organisator.ch\\\/allgemein\\\/2022-10-31\\\/modernster-innovationspark-der-schweiz-eroeffnet\\\/#primaryimage\",\"url\":\"https:\\\/\\\/www.organisator.ch\\\/wp-content\\\/uploads\\\/2022\\\/10\\\/Modernster-Innovationspark-der-Schweiz-eroeffnet-1_Organsiator.jpg\",\"contentUrl\":\"https:\\\/\\\/www.organisator.ch\\\/wp-content\\\/uploads\\\/2022\\\/10\\\/Modernster-Innovationspark-der-Schweiz-eroeffnet-1_Organsiator.jpg\",\"width\":680,\"height\":466,\"caption\":\"Wirtschaftsminister Guy Parmelin bei der Er\u00f6ffnungsansprache zum Main Campus des Switzerland Innovation Park Basel Area. (Bild: Basel Area)\"},{\"@type\":\"BreadcrumbList\",\"@id\":\"https:\\\/\\\/www.organisator.ch\\\/allgemein\\\/2022-10-31\\\/modernster-innovationspark-der-schweiz-eroeffnet\\\/#breadcrumb\",\"itemListElement\":[{\"@type\":\"ListItem\",\"position\":1,\"name\":\"Home\",\"item\":\"https:\\\/\\\/www.organisator.ch\\\/\"},{\"@type\":\"ListItem\",\"position\":2,\"name\":\"Modernster Innovationspark der Schweiz er\u00f6ffnet\"}]},{\"@type\":\"WebSite\",\"@id\":\"https:\\\/\\\/www.organisator.ch\\\/#website\",\"url\":\"https:\\\/\\\/www.organisator.ch\\\/\",\"name\":\"Organisator\",\"description\":\"Kompetent. Praxisnah. Der ORGANISATOR bereitet in 10 Ausgaben pro Jahr die wesentlichen Themen f\u00fcr F\u00fchrungskr\u00e4fte von KMU auf.\",\"publisher\":{\"@id\":\"https:\\\/\\\/www.organisator.ch\\\/#organization\"},\"potentialAction\":[{\"@type\":\"SearchAction\",\"target\":{\"@type\":\"EntryPoint\",\"urlTemplate\":\"https:\\\/\\\/www.organisator.ch\\\/?s={search_term_string}\"},\"query-input\":{\"@type\":\"PropertyValueSpecification\",\"valueRequired\":true,\"valueName\":\"search_term_string\"}}],\"inLanguage\":\"fr-FR\"},{\"@type\":\"Organization\",\"@id\":\"https:\\\/\\\/www.organisator.ch\\\/#organization\",\"name\":\"Organisator\",\"url\":\"https:\\\/\\\/www.organisator.ch\\\/\",\"logo\":{\"@type\":\"ImageObject\",\"inLanguage\":\"fr-FR\",\"@id\":\"https:\\\/\\\/www.organisator.ch\\\/#\\\/schema\\\/logo\\\/image\\\/\",\"url\":\"https:\\\/\\\/www.organisator.ch\\\/wp-content\\\/uploads\\\/2022\\\/01\\\/Logo_Organisator_Website.png\",\"contentUrl\":\"https:\\\/\\\/www.organisator.ch\\\/wp-content\\\/uploads\\\/2022\\\/01\\\/Logo_Organisator_Website.png\",\"width\":800,\"height\":77,\"caption\":\"Organisator\"},\"image\":{\"@id\":\"https:\\\/\\\/www.organisator.ch\\\/#\\\/schema\\\/logo\\\/image\\\/\"},\"sameAs\":[\"https:\\\/\\\/www.facebook.com\\\/OrganisatorFachmagazin\",\"https:\\\/\\\/www.linkedin.com\\\/showcase\\\/organisator-das-magazin-fr-kmu\",\"https:\\\/\\\/www.xing.com\\\/news\\\/pages\\\/organisator-ch-695\",\"https:\\\/\\\/www.youtube.com\\\/channel\\\/UCGP2Sq0iWaZwT3BdIAQFYpw\"]},{\"@type\":\"Person\",\"@id\":\"https:\\\/\\\/www.organisator.ch\\\/#\\\/schema\\\/person\\\/6f650f90b2842cd4c0cc334b4e36f67e\",\"name\":\"thomas.berner\",\"image\":{\"@type\":\"ImageObject\",\"inLanguage\":\"fr-FR\",\"@id\":\"https:\\\/\\\/secure.gravatar.com\\\/avatar\\\/ac5001d2a36cb6c6cd3e50789007ffca834b477b74a2144564522e944eabff61?s=96&d=mm&r=g\",\"url\":\"https:\\\/\\\/secure.gravatar.com\\\/avatar\\\/ac5001d2a36cb6c6cd3e50789007ffca834b477b74a2144564522e944eabff61?s=96&d=mm&r=g\",\"contentUrl\":\"https:\\\/\\\/secure.gravatar.com\\\/avatar\\\/ac5001d2a36cb6c6cd3e50789007ffca834b477b74a2144564522e944eabff61?s=96&d=mm&r=g\",\"caption\":\"thomas.berner\"},\"url\":\"https:\\\/\\\/www.organisator.ch\\\/fr\\\/author\\\/thomas-berner\\\/\"}]}<\/script>\n<!-- \/ Yoast SEO plugin. -->","yoast_head_json":{"title":"Le parc d'innovation le plus moderne de Suisse ouvre ses portes - Organisateur","description":"Le Main Campus du Switzerland Innovation Park Basel Area, sans doute le parc d'innovation le plus moderne de Suisse, a \u00e9t\u00e9 inaugur\u00e9 en grande pompe.","robots":{"index":"index","follow":"follow","max-snippet":"max-snippet:-1","max-image-preview":"max-image-preview:large","max-video-preview":"max-video-preview:-1"},"canonical":"https:\/\/www.organisator.ch\/fr\/general\/2022-10-31\/modernster-innovationspark-der-schweiz-eroeffnet\/","og_locale":"fr_FR","og_type":"article","og_title":"Modernster Innovationspark der Schweiz er\u00f6ffnet","og_description":"Der Main Campus des Switzerland Innovation Park Basel Area, der wohl modernste Innovationspark der Schweiz, wurde feierlich er\u00f6ffnet.","og_url":"https:\/\/www.organisator.ch\/fr\/general\/2022-10-31\/modernster-innovationspark-der-schweiz-eroeffnet\/","og_site_name":"Organisator","article_publisher":"https:\/\/www.facebook.com\/OrganisatorFachmagazin","article_published_time":"2022-10-31T12:48:51+00:00","og_image":[{"width":680,"height":431,"url":"https:\/\/www.organisator.ch\/wp-content\/uploads\/2022\/10\/Modernster-Innovationspark-der-Schweiz-eroeffnet-2_Organsiator.jpg","type":"image\/jpeg"}],"author":"thomas.berner","twitter_card":"summary_large_image","twitter_title":"Modernster #Innovationspark der Schweiz er\u00f6ffnet","twitter_description":"Der Main Campus des Switzerland Innovation Park Basel Area, der wohl modernste #Innovationspark der Schweiz, wurde feierlich er\u00f6ffnet.","twitter_image":"https:\/\/www.organisator.ch\/wp-content\/uploads\/2022\/10\/Modernster-Innovationspark-der-Schweiz-eroeffnet-2_Organsiator.jpg","schema":{"@context":"https:\/\/schema.org","@graph":[{"@type":"Article","@id":"https:\/\/www.organisator.ch\/allgemein\/2022-10-31\/modernster-innovationspark-der-schweiz-eroeffnet\/#article","isPartOf":{"@id":"https:\/\/www.organisator.ch\/allgemein\/2022-10-31\/modernster-innovationspark-der-schweiz-eroeffnet\/"},"author":{"name":"thomas.berner","@id":"https:\/\/www.organisator.ch\/#\/schema\/person\/6f650f90b2842cd4c0cc334b4e36f67e"},"headline":"Modernster Innovationspark der Schweiz er\u00f6ffnet","datePublished":"2022-10-31T12:48:51+00:00","mainEntityOfPage":{"@id":"https:\/\/www.organisator.ch\/allgemein\/2022-10-31\/modernster-innovationspark-der-schweiz-eroeffnet\/"},"wordCount":438,"publisher":{"@id":"https:\/\/www.organisator.ch\/#organization"},"image":{"@id":"https:\/\/www.organisator.ch\/allgemein\/2022-10-31\/modernster-innovationspark-der-schweiz-eroeffnet\/#primaryimage"},"thumbnailUrl":"https:\/\/www.organisator.ch\/wp-content\/uploads\/2022\/10\/Modernster-Innovationspark-der-Schweiz-eroeffnet-1_Organsiator.jpg","keywords":["Innovation","Startups","Wirtschaftsf\u00f6rderung"],"articleSection":["Allgemein"],"inLanguage":"fr-FR"},{"@type":"WebPage","@id":"https:\/\/www.organisator.ch\/allgemein\/2022-10-31\/modernster-innovationspark-der-schweiz-eroeffnet\/","url":"https:\/\/www.organisator.ch\/allgemein\/2022-10-31\/modernster-innovationspark-der-schweiz-eroeffnet\/","name":"Le parc d'innovation le plus moderne de Suisse ouvre ses portes - Organisateur","isPartOf":{"@id":"https:\/\/www.organisator.ch\/#website"},"primaryImageOfPage":{"@id":"https:\/\/www.organisator.ch\/allgemein\/2022-10-31\/modernster-innovationspark-der-schweiz-eroeffnet\/#primaryimage"},"image":{"@id":"https:\/\/www.organisator.ch\/allgemein\/2022-10-31\/modernster-innovationspark-der-schweiz-eroeffnet\/#primaryimage"},"thumbnailUrl":"https:\/\/www.organisator.ch\/wp-content\/uploads\/2022\/10\/Modernster-Innovationspark-der-Schweiz-eroeffnet-1_Organsiator.jpg","datePublished":"2022-10-31T12:48:51+00:00","description":"Le Main Campus du Switzerland Innovation Park Basel Area, sans doute le parc d'innovation le plus moderne de Suisse, a \u00e9t\u00e9 inaugur\u00e9 en grande pompe.","breadcrumb":{"@id":"https:\/\/www.organisator.ch\/allgemein\/2022-10-31\/modernster-innovationspark-der-schweiz-eroeffnet\/#breadcrumb"},"inLanguage":"fr-FR","potentialAction":[{"@type":"ReadAction","target":["https:\/\/www.organisator.ch\/allgemein\/2022-10-31\/modernster-innovationspark-der-schweiz-eroeffnet\/"]}]},{"@type":"ImageObject","inLanguage":"fr-FR","@id":"https:\/\/www.organisator.ch\/allgemein\/2022-10-31\/modernster-innovationspark-der-schweiz-eroeffnet\/#primaryimage","url":"https:\/\/www.organisator.ch\/wp-content\/uploads\/2022\/10\/Modernster-Innovationspark-der-Schweiz-eroeffnet-1_Organsiator.jpg","contentUrl":"https:\/\/www.organisator.ch\/wp-content\/uploads\/2022\/10\/Modernster-Innovationspark-der-Schweiz-eroeffnet-1_Organsiator.jpg","width":680,"height":466,"caption":"Wirtschaftsminister Guy Parmelin bei der Er\u00f6ffnungsansprache zum Main Campus des Switzerland Innovation Park Basel Area. (Bild: Basel Area)"},{"@type":"BreadcrumbList","@id":"https:\/\/www.organisator.ch\/allgemein\/2022-10-31\/modernster-innovationspark-der-schweiz-eroeffnet\/#breadcrumb","itemListElement":[{"@type":"ListItem","position":1,"name":"Home","item":"https:\/\/www.organisator.ch\/"},{"@type":"ListItem","position":2,"name":"Modernster Innovationspark der Schweiz er\u00f6ffnet"}]},{"@type":"WebSite","@id":"https:\/\/www.organisator.ch\/#website","url":"https:\/\/www.organisator.ch\/","name":"Organisateur","description":"Comp\u00e9tence et comp\u00e9tence. Proches de la pratique. L'ORGANISATEUR pr\u00e9pare 10 num\u00e9ros par an sur les th\u00e8mes essentiels pour les dirigeants de PME.","publisher":{"@id":"https:\/\/www.organisator.ch\/#organization"},"potentialAction":[{"@type":"SearchAction","target":{"@type":"EntryPoint","urlTemplate":"https:\/\/www.organisator.ch\/?s={search_term_string}"},"query-input":{"@type":"PropertyValueSpecification","valueRequired":true,"valueName":"search_term_string"}}],"inLanguage":"fr-FR"},{"@type":"Organization","@id":"https:\/\/www.organisator.ch\/#organization","name":"Organisateur","url":"https:\/\/www.organisator.ch\/","logo":{"@type":"ImageObject","inLanguage":"fr-FR","@id":"https:\/\/www.organisator.ch\/#\/schema\/logo\/image\/","url":"https:\/\/www.organisator.ch\/wp-content\/uploads\/2022\/01\/Logo_Organisator_Website.png","contentUrl":"https:\/\/www.organisator.ch\/wp-content\/uploads\/2022\/01\/Logo_Organisator_Website.png","width":800,"height":77,"caption":"Organisator"},"image":{"@id":"https:\/\/www.organisator.ch\/#\/schema\/logo\/image\/"},"sameAs":["https:\/\/www.facebook.com\/OrganisatorFachmagazin","https:\/\/www.linkedin.com\/showcase\/organisator-das-magazin-fr-kmu","https:\/\/www.xing.com\/news\/pages\/organisator-ch-695","https:\/\/www.youtube.com\/channel\/UCGP2Sq0iWaZwT3BdIAQFYpw"]},{"@type":"Person","@id":"https:\/\/www.organisator.ch\/#\/schema\/person\/6f650f90b2842cd4c0cc334b4e36f67e","name":"thomas.berner","image":{"@type":"ImageObject","inLanguage":"fr-FR","@id":"https:\/\/secure.gravatar.com\/avatar\/ac5001d2a36cb6c6cd3e50789007ffca834b477b74a2144564522e944eabff61?s=96&d=mm&r=g","url":"https:\/\/secure.gravatar.com\/avatar\/ac5001d2a36cb6c6cd3e50789007ffca834b477b74a2144564522e944eabff61?s=96&d=mm&r=g","contentUrl":"https:\/\/secure.gravatar.com\/avatar\/ac5001d2a36cb6c6cd3e50789007ffca834b477b74a2144564522e944eabff61?s=96&d=mm&r=g","caption":"thomas.berner"},"url":"https:\/\/www.organisator.ch\/fr\/author\/thomas-berner\/"}]}},"_links":{"self":[{"href":"https:\/\/www.organisator.ch\/fr\/wp-json\/wp\/v2\/posts\/17639","targetHints":{"allow":["GET"]}}],"collection":[{"href":"https:\/\/www.organisator.ch\/fr\/wp-json\/wp\/v2\/posts"}],"about":[{"href":"https:\/\/www.organisator.ch\/fr\/wp-json\/wp\/v2\/types\/post"}],"author":[{"embeddable":true,"href":"https:\/\/www.organisator.ch\/fr\/wp-json\/wp\/v2\/users\/4"}],"replies":[{"embeddable":true,"href":"https:\/\/www.organisator.ch\/fr\/wp-json\/wp\/v2\/comments?post=17639"}],"version-history":[{"count":1,"href":"https:\/\/www.organisator.ch\/fr\/wp-json\/wp\/v2\/posts\/17639\/revisions"}],"predecessor-version":[{"id":17645,"href":"https:\/\/www.organisator.ch\/fr\/wp-json\/wp\/v2\/posts\/17639\/revisions\/17645"}],"wp:featuredmedia":[{"embeddable":true,"href":"https:\/\/www.organisator.ch\/fr\/wp-json\/wp\/v2\/media\/17643"}],"wp:attachment":[{"href":"https:\/\/www.organisator.ch\/fr\/wp-json\/wp\/v2\/media?parent=17639"}],"wp:term":[{"taxonomy":"category","embeddable":true,"href":"https:\/\/www.organisator.ch\/fr\/wp-json\/wp\/v2\/categories?post=17639"},{"taxonomy":"post_tag","embeddable":true,"href":"https:\/\/www.organisator.ch\/fr\/wp-json\/wp\/v2\/tags?post=17639"}],"curies":[{"name":"wp","href":"https:\/\/api.w.org\/{rel}","templated":true}]}}