{"id":17640,"date":"2022-10-31T13:24:58","date_gmt":"2022-10-31T12:24:58","guid":{"rendered":"https:\/\/www.m-q.ch\/?p=17116"},"modified":"2024-11-20T14:42:21","modified_gmt":"2024-11-20T13:42:21","slug":"k-2022-messeverlauf-erfuellt-hoechste-erwartungen","status":"publish","type":"post","link":"https:\/\/www.organisator.ch\/fr\/operational-excellence\/2022-10-31\/k-2022-messeverlauf-erfuellt-hoechste-erwartungen\/","title":{"rendered":"K 2022 - Le d\u00e9roulement du salon r\u00e9pond aux attentes les plus \u00e9lev\u00e9es"},"content":{"rendered":"<figure id=\"attachment_17117\" class=\"wp-caption alignnone\" style=\"width: 680px\" aria-describedby=\"caption-attachment-17117\"><img class=\"alignnone wp-image-17117 size-full\" src=\"https:\/\/www.m-q.ch\/wp-content\/uploads\/2022\/10\/K-2022-Messeverlauf-erfuellt-hoechste-Erwartungen-1_MQ.jpg\" alt=\"K 2022\" width=\"680\" height=\"453\" \/>\r\n<figcaption id=\"caption-attachment-17117\" class=\"wp-caption-text\">Les fournisseurs de mati\u00e8res premi\u00e8res et de produits auxiliaires ont pr\u00e9sent\u00e9 les derniers d\u00e9veloppements de la recherche sur les polym\u00e8res \u00e0 l'occasion de K 2022. Les mat\u00e9riaux qui contribuent \u00e0 un \u00e9quilibre \u00e9conomique et \u00e9cologique gr\u00e2ce \u00e0 une efficacit\u00e9 accrue des ressources et qui peuvent \u00eatre r\u00e9int\u00e9gr\u00e9s dans l'\u00e9conomie circulaire \u00e0 la fin de leur cycle de vie \u00e9taient au centre de l'attention.  (Photo : Messe D\u00fcsseldorf)<\/figcaption>\r\n<\/figure>\r\n<p>La joie de l'industrie des mati\u00e8res plastiques et du caoutchouc de pouvoir enfin \u00e9changer personnellement au niveau mondial apr\u00e8s trois ans a marqu\u00e9 le d\u00e9roulement de la K 2022 D\u00fcsseldorf et a cr\u00e9\u00e9 une excellente ambiance parmi les 3.037 exposants. 176.000 visiteurs professionnels de tous les continents se sont rendus \u00e0 D\u00fcsseldorf pour leur principal \u00e9v\u00e9nement professionnel. La part des visiteurs internationaux \u00e0 la K 2022 s'est maintenue \u00e0 un niveau \u00e9lev\u00e9 et constant, avec plus de 70 %.<\/p>\r\n<h3>Poser les jalons d'un avenir plus durable<\/h3>\r\n<p>Le site <a href=\"https:\/\/www.m-q.ch\/de\/die-europaeische-kunststoffindustrie-im-bann-von-preissteigerungen-und-stagnation\/\">Le salon s'est termin\u00e9 le 26 octobre 2022<\/a> s'est achev\u00e9e. Les entreprises ont fait \u00e9tat de contacts exceptionnellement bons et d'une nette disposition \u00e0 investir de la part des visiteurs professionnels, de l'\u00e9tablissement de nouvelles relations clients prometteuses et de nombreuses conclusions d'affaires, parfois spontan\u00e9es. L'impr\u00e9visibilit\u00e9 et le caract\u00e8re impr\u00e9visible des \u00e9v\u00e9nements actuels cr\u00e9ent certes une situation globale tendue dans le secteur, mais cela n'a en rien entam\u00e9 l'engagement des exposants et l'int\u00e9r\u00eat des visiteurs, bien au contraire : \"La K 2022 \u00e9tait justement le lieu id\u00e9al pour poser ensemble et activement les jalons de l'avenir, en ces temps de temp\u00eate et alors que l'industrie des mati\u00e8res plastiques se trouve en plein processus de transformation vers une \u00e9conomie circulaire\", a d\u00e9clar\u00e9 Ulrich Reifenh\u00e4user, pr\u00e9sident du comit\u00e9 des exposants de la K 2022. Les visiteurs professionnels auraient \u00e9t\u00e9 particuli\u00e8rement enthousiasm\u00e9s par la multitude de nouveaux d\u00e9veloppements technologiques pr\u00e9sent\u00e9s par les producteurs de mati\u00e8res premi\u00e8res, les constructeurs de machines et les transformateurs de mati\u00e8res plastiques pour la r\u00e9alisation de l'\u00e9conomie circulaire, la pr\u00e9servation des ressources et le th\u00e8me de la protection du climat.<\/p>\r\n<p>Les visiteurs professionnels de la K de cette ann\u00e9e sont venus de 157 nations sur les bords du Rhin. Outre l'Allemagne, les pays europ\u00e9ens fortement repr\u00e9sent\u00e9s du c\u00f4t\u00e9 des visiteurs \u00e9taient les Pays-Bas, l'Italie, la Turquie, la France, la Belgique, la Pologne et l'Espagne. La port\u00e9e de la K est comme d'habitude forte, avec une part de 42 % de visiteurs d'outre-mer parmi les professionnels internationaux. Alors que les visiteurs de l'Asie de l'Est, en particulier, \u00e9taient moins nombreux que lors de la K d'il y a trois ans en raison des conditions actuellement plus difficiles dans ces pays en raison des dispositions de quarantaine, de nombreux visiteurs des \u00c9tats-Unis, du Br\u00e9sil et de l'Inde ont pu \u00eatre accueillis \u00e0 la K 2022.<\/p>\r\n<h3>La construction d'installations et l'\u00e9conomie circulaire tr\u00e8s en vogue \u00e0 la K 2022<\/h3>\r\n<p>Pour environ deux tiers des visiteurs interrog\u00e9s, la construction de machines et d'installations occupait la premi\u00e8re place de l'int\u00e9r\u00eat port\u00e9 \u00e0 l'offre. 57 %, soit 5 % de plus qu'\u00e0 K 2019, ont d\u00e9clar\u00e9 \u00eatre int\u00e9ress\u00e9s par les mati\u00e8res premi\u00e8res et auxiliaires, les recyclats et les bioplastiques \u00e9tant particuli\u00e8rement appr\u00e9ci\u00e9s. Pour 28 %, les semi-produits et les pi\u00e8ces techniques en plastique et en caoutchouc constituaient la raison principale de leur venue (plusieurs r\u00e9ponses possibles). Plus de 70 % des visiteurs appartiennent \u00e0 des cadres sup\u00e9rieurs et moyens.<\/p>\r\n<figure id=\"attachment_17118\" class=\"wp-caption alignnone\" style=\"width: 680px\" aria-describedby=\"caption-attachment-17118\"><img class=\"size-full wp-image-17118\" src=\"https:\/\/www.m-q.ch\/wp-content\/uploads\/2022\/10\/K-2022-Messeverlauf-erfuellt-hoechste-Erwartungen-2_MQ.jpg\" alt=\"\" width=\"680\" height=\"453\" \/>\r\n<figcaption id=\"caption-attachment-17118\" class=\"wp-caption-text\">En 2022, le salon K de D\u00fcsseldorf a de nouveau accueilli un forum sur l'\u00e9conomie circulaire. La VDMA (Association allemande des constructeurs de machines et d'installations), en tant qu'organisateur, et 13 de ses entreprises membres ont d\u00e9montr\u00e9 l'importance de la technologie dans la mise en \u0153uvre de l'\u00e9conomie circulaire dans l'industrie plastique. (Photo : Messe D\u00fcsseldorf)<\/figcaption>\r\n<\/figure>\r\n<p>Au cours des huit jours du salon, il est apparu clairement que la K de cette ann\u00e9e avait choisi le bon th\u00e8me, \u00e0 savoir l'\u00e9conomie circulaire, la protection du climat et la num\u00e9risation. En ce qui concerne les intentions d'investissement, les machines et les \u00e9quipements pour le traitement et le recyclage se sont distingu\u00e9s avec 43 %. La durabilit\u00e9, mais aussi l'\u00e9conomie circulaire et l'efficacit\u00e9 \u00e9nerg\u00e9tique\/des ressources dans la production \u00e9taient particuli\u00e8rement en vue. Environ 40 pour cent des d\u00e9cideurs ont indiqu\u00e9 qu'ils se penchaient sur le th\u00e8me de la d\u00e9carbonisation.<\/p>\r\n<p>Les Specials de la K, qui se sont \u00e9galement concentr\u00e9s sur les trois sujets chauds, ont \u00e9galement rencontr\u00e9 un grand succ\u00e8s. L'exposition sp\u00e9ciale officielle Plastics shape the future s'est concentr\u00e9e sur les d\u00e9fis \u00e9conomiques, sociaux et \u00e9cologiques et les approches de solutions autour des th\u00e8mes principaux de la K, dans le cadre de discussions et de conf\u00e9rences de haut niveau, et a enregistr\u00e9 des gradins bien remplis.  Le Circular Economy Forum, au cours duquel la VDMA et 13 de ses entreprises membres ont illustr\u00e9 de mani\u00e8re impressionnante l'importance de la technologie dans la mise en \u0153uvre de l'\u00e9conomie circulaire dans l'industrie des mati\u00e8res plastiques, a marqu\u00e9 des points aupr\u00e8s du public international avec des d\u00e9monstrations en direct et une quantit\u00e9 de connaissances approfondies ainsi que des informations d\u00e9taill\u00e9es sur le sujet.<\/p>\r\n<h3>Pr\u00e9sentation d'un projet de d\u00e9monstration international<\/h3>\r\n<p>Le langage mondial de la production, OPC UA, a \u00e9galement fait l'objet de nombreuses discussions au salon K de D\u00fcsseldorf cette ann\u00e9e. Il permet de coordonner de mani\u00e8re plus pr\u00e9cise et plus cibl\u00e9e les param\u00e8tres de traitement des machines et appareils impliqu\u00e9s. Ceci est \u00e0 son tour consid\u00e9r\u00e9 comme une condition importante pour une gestion optimis\u00e9e du cycle. Quarante entreprises de huit pays ont particip\u00e9 \u00e0 un projet de d\u00e9monstration OPC UA lors du salon.<\/p>\r\n<p>Le Science Campus a permis aux exposants et aux visiteurs de la K 2022 d'avoir un aper\u00e7u concentr\u00e9 des activit\u00e9s et des r\u00e9sultats scientifiques dans le secteur des mati\u00e8res plastiques et du caoutchouc. De nombreux \u00e9tablissements d'enseignement sup\u00e9rieur, instituts et organismes de promotion y ont offert la possibilit\u00e9 d'un dialogue direct.<\/p>\r\n<p><em>Le prochain salon K \u00e0 D\u00fcsseldorf aura lieu du 08 au 15 octobre 2025. Plus d'informations sur <a href=\"http:\/\/www.k-online.de\/\">www.k-online.de<\/a><\/em><\/p>\n<p class=\"syndicated-attribution\">Cet article est paru initialement sur m-q.ch - <a href=\"https:\/\/www.m-q.ch\/de\/k-2022-messeverlauf-erfuellt-hoechste-erwartungen\/\" target=\"_blank\">https:\/\/www.m-q.ch\/de\/k-2022-messeverlauf-erfuellt-hoechste-erwartungen\/<\/a><\/p>","protected":false},"excerpt":{"rendered":"<p>Die Freude der Kunststoff- und Kautschukindustrie dar\u00fcber, sich nach drei Jahren endlich wieder auf globaler Ebene pers\u00f6nlich austauschen zu k\u00f6nnen, pr\u00e4gte den Verlauf der K 2022 D\u00fcsseldorf und sorgte f\u00fcr hervorragende Stimmung bei den 3.037 Ausstellern. 176.000 Fachbesucherinnen und -besucher\u00a0 aller Kontinente reisten zu ihrem wichtigsten Branchenevent nach D\u00fcsseldorf. Der Anteil internationaler G\u00e4ste bei der [\u2026]<\/p>\n","protected":false},"author":8,"featured_media":0,"comment_status":"closed","ping_status":"closed","sticky":false,"template":"","format":"standard","meta":{"_acf_changed":false,"_yoast_wpseo_focuskw":"K 2022","_yoast_wpseo_metadesc":"K 2022: Entwicklungen der Polymerforschung f\u00f6rdern Ressourceneffizienz und Kreislaufwirtschaft. Fachmesse setzt Ma\u00dfst\u00e4be.","articlekey":"","footnotes":""},"categories":[582],"tags":[],"class_list":["post-17640","post","type-post","status-publish","format-standard","hentry","category-operational-excellence"],"acf":[],"yoast_head":"<!-- This site is optimized with the Yoast SEO plugin v27.5 - https:\/\/yoast.com\/product\/yoast-seo-wordpress\/ -->\n<title>K 2022 \u2013 Messeverlauf erf\u00fcllt h\u00f6chste Erwartungen - Organisator<\/title>\n<meta name=\"description\" content=\"K 2022: Entwicklungen der Polymerforschung f\u00f6rdern Ressourceneffizienz und Kreislaufwirtschaft. Fachmesse setzt Ma\u00dfst\u00e4be.\" \/>\n<meta name=\"robots\" content=\"index, follow, max-snippet:-1, max-image-preview:large, max-video-preview:-1\" \/>\n<link rel=\"canonical\" href=\"https:\/\/www.organisator.ch\/fr\/excellence-operationnelle\/2022-10-31\/k-2022-messeverlauf-erfuellt-hoechste-erwartungen\/\" \/>\n<meta property=\"og:locale\" content=\"fr_FR\" \/>\n<meta property=\"og:type\" content=\"article\" \/>\n<meta property=\"og:title\" content=\"K 2022 \u2013 Messeverlauf erf\u00fcllt h\u00f6chste Erwartungen - Organisator\" \/>\n<meta property=\"og:description\" content=\"K 2022: Entwicklungen der Polymerforschung f\u00f6rdern Ressourceneffizienz und Kreislaufwirtschaft. Fachmesse setzt Ma\u00dfst\u00e4be.\" \/>\n<meta property=\"og:url\" content=\"https:\/\/www.organisator.ch\/fr\/excellence-operationnelle\/2022-10-31\/k-2022-messeverlauf-erfuellt-hoechste-erwartungen\/\" \/>\n<meta property=\"og:site_name\" content=\"Organisator\" \/>\n<meta property=\"article:publisher\" content=\"https:\/\/www.facebook.com\/OrganisatorFachmagazin\" \/>\n<meta property=\"article:published_time\" content=\"2022-10-31T12:24:58+00:00\" \/>\n<meta property=\"article:modified_time\" content=\"2024-11-20T13:42:21+00:00\" \/>\n<meta name=\"author\" content=\"galledia\" \/>\n<meta name=\"twitter:card\" content=\"summary_large_image\" \/>\n<meta name=\"twitter:creator\" content=\"@admin\" \/>\n<script type=\"application\/ld+json\" class=\"yoast-schema-graph\">{\"@context\":\"https:\\\/\\\/schema.org\",\"@graph\":[{\"@type\":\"Article\",\"@id\":\"https:\\\/\\\/www.organisator.ch\\\/operational-excellence\\\/2022-10-31\\\/k-2022-messeverlauf-erfuellt-hoechste-erwartungen\\\/#article\",\"isPartOf\":{\"@id\":\"https:\\\/\\\/www.organisator.ch\\\/operational-excellence\\\/2022-10-31\\\/k-2022-messeverlauf-erfuellt-hoechste-erwartungen\\\/\"},\"author\":{\"name\":\"galledia\",\"@id\":\"https:\\\/\\\/www.organisator.ch\\\/#\\\/schema\\\/person\\\/4e51799071cd2dd1232ac003643ef5f0\"},\"headline\":\"K 2022 \u2013 Messeverlauf erf\u00fcllt h\u00f6chste Erwartungen\",\"datePublished\":\"2022-10-31T12:24:58+00:00\",\"dateModified\":\"2024-11-20T13:42:21+00:00\",\"mainEntityOfPage\":{\"@id\":\"https:\\\/\\\/www.organisator.ch\\\/operational-excellence\\\/2022-10-31\\\/k-2022-messeverlauf-erfuellt-hoechste-erwartungen\\\/\"},\"wordCount\":796,\"publisher\":{\"@id\":\"https:\\\/\\\/www.organisator.ch\\\/#organization\"},\"image\":{\"@id\":\"https:\\\/\\\/www.organisator.ch\\\/operational-excellence\\\/2022-10-31\\\/k-2022-messeverlauf-erfuellt-hoechste-erwartungen\\\/#primaryimage\"},\"thumbnailUrl\":\"https:\\\/\\\/www.m-q.ch\\\/wp-content\\\/uploads\\\/2022\\\/10\\\/K-2022-Messeverlauf-erfuellt-hoechste-Erwartungen-1_MQ.jpg\",\"articleSection\":[\"OPERATIONAL EXCELLENCE\"],\"inLanguage\":\"fr-FR\"},{\"@type\":\"WebPage\",\"@id\":\"https:\\\/\\\/www.organisator.ch\\\/operational-excellence\\\/2022-10-31\\\/k-2022-messeverlauf-erfuellt-hoechste-erwartungen\\\/\",\"url\":\"https:\\\/\\\/www.organisator.ch\\\/operational-excellence\\\/2022-10-31\\\/k-2022-messeverlauf-erfuellt-hoechste-erwartungen\\\/\",\"name\":\"K 2022 \u2013 Messeverlauf erf\u00fcllt h\u00f6chste Erwartungen - Organisator\",\"isPartOf\":{\"@id\":\"https:\\\/\\\/www.organisator.ch\\\/#website\"},\"primaryImageOfPage\":{\"@id\":\"https:\\\/\\\/www.organisator.ch\\\/operational-excellence\\\/2022-10-31\\\/k-2022-messeverlauf-erfuellt-hoechste-erwartungen\\\/#primaryimage\"},\"image\":{\"@id\":\"https:\\\/\\\/www.organisator.ch\\\/operational-excellence\\\/2022-10-31\\\/k-2022-messeverlauf-erfuellt-hoechste-erwartungen\\\/#primaryimage\"},\"thumbnailUrl\":\"https:\\\/\\\/www.m-q.ch\\\/wp-content\\\/uploads\\\/2022\\\/10\\\/K-2022-Messeverlauf-erfuellt-hoechste-Erwartungen-1_MQ.jpg\",\"datePublished\":\"2022-10-31T12:24:58+00:00\",\"dateModified\":\"2024-11-20T13:42:21+00:00\",\"description\":\"K 2022: Entwicklungen der Polymerforschung f\u00f6rdern Ressourceneffizienz und Kreislaufwirtschaft. Fachmesse setzt Ma\u00dfst\u00e4be.\",\"breadcrumb\":{\"@id\":\"https:\\\/\\\/www.organisator.ch\\\/operational-excellence\\\/2022-10-31\\\/k-2022-messeverlauf-erfuellt-hoechste-erwartungen\\\/#breadcrumb\"},\"inLanguage\":\"fr-FR\",\"potentialAction\":[{\"@type\":\"ReadAction\",\"target\":[\"https:\\\/\\\/www.organisator.ch\\\/operational-excellence\\\/2022-10-31\\\/k-2022-messeverlauf-erfuellt-hoechste-erwartungen\\\/\"]}]},{\"@type\":\"ImageObject\",\"inLanguage\":\"fr-FR\",\"@id\":\"https:\\\/\\\/www.organisator.ch\\\/operational-excellence\\\/2022-10-31\\\/k-2022-messeverlauf-erfuellt-hoechste-erwartungen\\\/#primaryimage\",\"url\":\"https:\\\/\\\/www.m-q.ch\\\/wp-content\\\/uploads\\\/2022\\\/10\\\/K-2022-Messeverlauf-erfuellt-hoechste-Erwartungen-1_MQ.jpg\",\"contentUrl\":\"https:\\\/\\\/www.m-q.ch\\\/wp-content\\\/uploads\\\/2022\\\/10\\\/K-2022-Messeverlauf-erfuellt-hoechste-Erwartungen-1_MQ.jpg\"},{\"@type\":\"BreadcrumbList\",\"@id\":\"https:\\\/\\\/www.organisator.ch\\\/operational-excellence\\\/2022-10-31\\\/k-2022-messeverlauf-erfuellt-hoechste-erwartungen\\\/#breadcrumb\",\"itemListElement\":[{\"@type\":\"ListItem\",\"position\":1,\"name\":\"Home\",\"item\":\"https:\\\/\\\/www.organisator.ch\\\/\"},{\"@type\":\"ListItem\",\"position\":2,\"name\":\"K 2022 \u2013 Messeverlauf erf\u00fcllt h\u00f6chste Erwartungen\"}]},{\"@type\":\"WebSite\",\"@id\":\"https:\\\/\\\/www.organisator.ch\\\/#website\",\"url\":\"https:\\\/\\\/www.organisator.ch\\\/\",\"name\":\"Organisator\",\"description\":\"Kompetent. Praxisnah. Der ORGANISATOR bereitet in 10 Ausgaben pro Jahr die wesentlichen Themen f\u00fcr F\u00fchrungskr\u00e4fte von KMU auf.\",\"publisher\":{\"@id\":\"https:\\\/\\\/www.organisator.ch\\\/#organization\"},\"potentialAction\":[{\"@type\":\"SearchAction\",\"target\":{\"@type\":\"EntryPoint\",\"urlTemplate\":\"https:\\\/\\\/www.organisator.ch\\\/?s={search_term_string}\"},\"query-input\":{\"@type\":\"PropertyValueSpecification\",\"valueRequired\":true,\"valueName\":\"search_term_string\"}}],\"inLanguage\":\"fr-FR\"},{\"@type\":\"Organization\",\"@id\":\"https:\\\/\\\/www.organisator.ch\\\/#organization\",\"name\":\"Organisator\",\"url\":\"https:\\\/\\\/www.organisator.ch\\\/\",\"logo\":{\"@type\":\"ImageObject\",\"inLanguage\":\"fr-FR\",\"@id\":\"https:\\\/\\\/www.organisator.ch\\\/#\\\/schema\\\/logo\\\/image\\\/\",\"url\":\"https:\\\/\\\/www.organisator.ch\\\/wp-content\\\/uploads\\\/2022\\\/01\\\/Logo_Organisator_Website.png\",\"contentUrl\":\"https:\\\/\\\/www.organisator.ch\\\/wp-content\\\/uploads\\\/2022\\\/01\\\/Logo_Organisator_Website.png\",\"width\":800,\"height\":77,\"caption\":\"Organisator\"},\"image\":{\"@id\":\"https:\\\/\\\/www.organisator.ch\\\/#\\\/schema\\\/logo\\\/image\\\/\"},\"sameAs\":[\"https:\\\/\\\/www.facebook.com\\\/OrganisatorFachmagazin\",\"https:\\\/\\\/www.linkedin.com\\\/showcase\\\/organisator-das-magazin-fr-kmu\",\"https:\\\/\\\/www.xing.com\\\/news\\\/pages\\\/organisator-ch-695\",\"https:\\\/\\\/www.youtube.com\\\/channel\\\/UCGP2Sq0iWaZwT3BdIAQFYpw\"]},{\"@type\":\"Person\",\"@id\":\"https:\\\/\\\/www.organisator.ch\\\/#\\\/schema\\\/person\\\/4e51799071cd2dd1232ac003643ef5f0\",\"name\":\"galledia\",\"image\":{\"@type\":\"ImageObject\",\"inLanguage\":\"fr-FR\",\"@id\":\"https:\\\/\\\/secure.gravatar.com\\\/avatar\\\/78a7f90c01fc2bfc875782a0d4922b37cde2cf184ce347b91316d23cd7f69a36?s=96&d=mm&r=g\",\"url\":\"https:\\\/\\\/secure.gravatar.com\\\/avatar\\\/78a7f90c01fc2bfc875782a0d4922b37cde2cf184ce347b91316d23cd7f69a36?s=96&d=mm&r=g\",\"contentUrl\":\"https:\\\/\\\/secure.gravatar.com\\\/avatar\\\/78a7f90c01fc2bfc875782a0d4922b37cde2cf184ce347b91316d23cd7f69a36?s=96&d=mm&r=g\",\"caption\":\"galledia\"},\"sameAs\":[\"https:\\\/\\\/x.com\\\/admin\"],\"url\":\"https:\\\/\\\/www.organisator.ch\\\/fr\\\/author\\\/galledia\\\/\"}]}<\/script>\n<!-- \/ Yoast SEO plugin. -->","yoast_head_json":{"title":"K 2022 - Le salon r\u00e9pond aux attentes les plus \u00e9lev\u00e9es - Organisateur","description":"K 2022 : les d\u00e9veloppements de la recherche sur les polym\u00e8res favorisent l'efficacit\u00e9 des ressources et l'\u00e9conomie circulaire. Le salon professionnel pose des jalons.","robots":{"index":"index","follow":"follow","max-snippet":"max-snippet:-1","max-image-preview":"max-image-preview:large","max-video-preview":"max-video-preview:-1"},"canonical":"https:\/\/www.organisator.ch\/fr\/excellence-operationnelle\/2022-10-31\/k-2022-messeverlauf-erfuellt-hoechste-erwartungen\/","og_locale":"fr_FR","og_type":"article","og_title":"K 2022 \u2013 Messeverlauf erf\u00fcllt h\u00f6chste Erwartungen - Organisator","og_description":"K 2022: Entwicklungen der Polymerforschung f\u00f6rdern Ressourceneffizienz und Kreislaufwirtschaft. Fachmesse setzt Ma\u00dfst\u00e4be.","og_url":"https:\/\/www.organisator.ch\/fr\/excellence-operationnelle\/2022-10-31\/k-2022-messeverlauf-erfuellt-hoechste-erwartungen\/","og_site_name":"Organisator","article_publisher":"https:\/\/www.facebook.com\/OrganisatorFachmagazin","article_published_time":"2022-10-31T12:24:58+00:00","article_modified_time":"2024-11-20T13:42:21+00:00","author":"galledia","twitter_card":"summary_large_image","twitter_creator":"@admin","schema":{"@context":"https:\/\/schema.org","@graph":[{"@type":"Article","@id":"https:\/\/www.organisator.ch\/operational-excellence\/2022-10-31\/k-2022-messeverlauf-erfuellt-hoechste-erwartungen\/#article","isPartOf":{"@id":"https:\/\/www.organisator.ch\/operational-excellence\/2022-10-31\/k-2022-messeverlauf-erfuellt-hoechste-erwartungen\/"},"author":{"name":"galledia","@id":"https:\/\/www.organisator.ch\/#\/schema\/person\/4e51799071cd2dd1232ac003643ef5f0"},"headline":"K 2022 \u2013 Messeverlauf erf\u00fcllt h\u00f6chste Erwartungen","datePublished":"2022-10-31T12:24:58+00:00","dateModified":"2024-11-20T13:42:21+00:00","mainEntityOfPage":{"@id":"https:\/\/www.organisator.ch\/operational-excellence\/2022-10-31\/k-2022-messeverlauf-erfuellt-hoechste-erwartungen\/"},"wordCount":796,"publisher":{"@id":"https:\/\/www.organisator.ch\/#organization"},"image":{"@id":"https:\/\/www.organisator.ch\/operational-excellence\/2022-10-31\/k-2022-messeverlauf-erfuellt-hoechste-erwartungen\/#primaryimage"},"thumbnailUrl":"https:\/\/www.m-q.ch\/wp-content\/uploads\/2022\/10\/K-2022-Messeverlauf-erfuellt-hoechste-Erwartungen-1_MQ.jpg","articleSection":["OPERATIONAL EXCELLENCE"],"inLanguage":"fr-FR"},{"@type":"WebPage","@id":"https:\/\/www.organisator.ch\/operational-excellence\/2022-10-31\/k-2022-messeverlauf-erfuellt-hoechste-erwartungen\/","url":"https:\/\/www.organisator.ch\/operational-excellence\/2022-10-31\/k-2022-messeverlauf-erfuellt-hoechste-erwartungen\/","name":"K 2022 - Le salon r\u00e9pond aux attentes les plus \u00e9lev\u00e9es - Organisateur","isPartOf":{"@id":"https:\/\/www.organisator.ch\/#website"},"primaryImageOfPage":{"@id":"https:\/\/www.organisator.ch\/operational-excellence\/2022-10-31\/k-2022-messeverlauf-erfuellt-hoechste-erwartungen\/#primaryimage"},"image":{"@id":"https:\/\/www.organisator.ch\/operational-excellence\/2022-10-31\/k-2022-messeverlauf-erfuellt-hoechste-erwartungen\/#primaryimage"},"thumbnailUrl":"https:\/\/www.m-q.ch\/wp-content\/uploads\/2022\/10\/K-2022-Messeverlauf-erfuellt-hoechste-Erwartungen-1_MQ.jpg","datePublished":"2022-10-31T12:24:58+00:00","dateModified":"2024-11-20T13:42:21+00:00","description":"K 2022 : les d\u00e9veloppements de la recherche sur les polym\u00e8res favorisent l'efficacit\u00e9 des ressources et l'\u00e9conomie circulaire. Le salon professionnel pose des jalons.","breadcrumb":{"@id":"https:\/\/www.organisator.ch\/operational-excellence\/2022-10-31\/k-2022-messeverlauf-erfuellt-hoechste-erwartungen\/#breadcrumb"},"inLanguage":"fr-FR","potentialAction":[{"@type":"ReadAction","target":["https:\/\/www.organisator.ch\/operational-excellence\/2022-10-31\/k-2022-messeverlauf-erfuellt-hoechste-erwartungen\/"]}]},{"@type":"ImageObject","inLanguage":"fr-FR","@id":"https:\/\/www.organisator.ch\/operational-excellence\/2022-10-31\/k-2022-messeverlauf-erfuellt-hoechste-erwartungen\/#primaryimage","url":"https:\/\/www.m-q.ch\/wp-content\/uploads\/2022\/10\/K-2022-Messeverlauf-erfuellt-hoechste-Erwartungen-1_MQ.jpg","contentUrl":"https:\/\/www.m-q.ch\/wp-content\/uploads\/2022\/10\/K-2022-Messeverlauf-erfuellt-hoechste-Erwartungen-1_MQ.jpg"},{"@type":"BreadcrumbList","@id":"https:\/\/www.organisator.ch\/operational-excellence\/2022-10-31\/k-2022-messeverlauf-erfuellt-hoechste-erwartungen\/#breadcrumb","itemListElement":[{"@type":"ListItem","position":1,"name":"Home","item":"https:\/\/www.organisator.ch\/"},{"@type":"ListItem","position":2,"name":"K 2022 \u2013 Messeverlauf erf\u00fcllt h\u00f6chste Erwartungen"}]},{"@type":"WebSite","@id":"https:\/\/www.organisator.ch\/#website","url":"https:\/\/www.organisator.ch\/","name":"Organisateur","description":"Comp\u00e9tence et comp\u00e9tence. Proches de la pratique. L'ORGANISATEUR pr\u00e9pare 10 num\u00e9ros par an sur les th\u00e8mes essentiels pour les dirigeants de PME.","publisher":{"@id":"https:\/\/www.organisator.ch\/#organization"},"potentialAction":[{"@type":"SearchAction","target":{"@type":"EntryPoint","urlTemplate":"https:\/\/www.organisator.ch\/?s={search_term_string}"},"query-input":{"@type":"PropertyValueSpecification","valueRequired":true,"valueName":"search_term_string"}}],"inLanguage":"fr-FR"},{"@type":"Organization","@id":"https:\/\/www.organisator.ch\/#organization","name":"Organisateur","url":"https:\/\/www.organisator.ch\/","logo":{"@type":"ImageObject","inLanguage":"fr-FR","@id":"https:\/\/www.organisator.ch\/#\/schema\/logo\/image\/","url":"https:\/\/www.organisator.ch\/wp-content\/uploads\/2022\/01\/Logo_Organisator_Website.png","contentUrl":"https:\/\/www.organisator.ch\/wp-content\/uploads\/2022\/01\/Logo_Organisator_Website.png","width":800,"height":77,"caption":"Organisator"},"image":{"@id":"https:\/\/www.organisator.ch\/#\/schema\/logo\/image\/"},"sameAs":["https:\/\/www.facebook.com\/OrganisatorFachmagazin","https:\/\/www.linkedin.com\/showcase\/organisator-das-magazin-fr-kmu","https:\/\/www.xing.com\/news\/pages\/organisator-ch-695","https:\/\/www.youtube.com\/channel\/UCGP2Sq0iWaZwT3BdIAQFYpw"]},{"@type":"Person","@id":"https:\/\/www.organisator.ch\/#\/schema\/person\/4e51799071cd2dd1232ac003643ef5f0","name":"galledia","image":{"@type":"ImageObject","inLanguage":"fr-FR","@id":"https:\/\/secure.gravatar.com\/avatar\/78a7f90c01fc2bfc875782a0d4922b37cde2cf184ce347b91316d23cd7f69a36?s=96&d=mm&r=g","url":"https:\/\/secure.gravatar.com\/avatar\/78a7f90c01fc2bfc875782a0d4922b37cde2cf184ce347b91316d23cd7f69a36?s=96&d=mm&r=g","contentUrl":"https:\/\/secure.gravatar.com\/avatar\/78a7f90c01fc2bfc875782a0d4922b37cde2cf184ce347b91316d23cd7f69a36?s=96&d=mm&r=g","caption":"galledia"},"sameAs":["https:\/\/x.com\/admin"],"url":"https:\/\/www.organisator.ch\/fr\/author\/galledia\/"}]}},"_links":{"self":[{"href":"https:\/\/www.organisator.ch\/fr\/wp-json\/wp\/v2\/posts\/17640","targetHints":{"allow":["GET"]}}],"collection":[{"href":"https:\/\/www.organisator.ch\/fr\/wp-json\/wp\/v2\/posts"}],"about":[{"href":"https:\/\/www.organisator.ch\/fr\/wp-json\/wp\/v2\/types\/post"}],"author":[{"embeddable":true,"href":"https:\/\/www.organisator.ch\/fr\/wp-json\/wp\/v2\/users\/8"}],"replies":[{"embeddable":true,"href":"https:\/\/www.organisator.ch\/fr\/wp-json\/wp\/v2\/comments?post=17640"}],"version-history":[{"count":4,"href":"https:\/\/www.organisator.ch\/fr\/wp-json\/wp\/v2\/posts\/17640\/revisions"}],"predecessor-version":[{"id":33681,"href":"https:\/\/www.organisator.ch\/fr\/wp-json\/wp\/v2\/posts\/17640\/revisions\/33681"}],"wp:attachment":[{"href":"https:\/\/www.organisator.ch\/fr\/wp-json\/wp\/v2\/media?parent=17640"}],"wp:term":[{"taxonomy":"category","embeddable":true,"href":"https:\/\/www.organisator.ch\/fr\/wp-json\/wp\/v2\/categories?post=17640"},{"taxonomy":"post_tag","embeddable":true,"href":"https:\/\/www.organisator.ch\/fr\/wp-json\/wp\/v2\/tags?post=17640"}],"curies":[{"name":"wp","href":"https:\/\/api.w.org\/{rel}","templated":true}]}}