{"id":17676,"date":"2022-11-02T10:45:50","date_gmt":"2022-11-02T09:45:50","guid":{"rendered":"https:\/\/www.m-q.ch\/?p=17125"},"modified":"2024-11-20T14:23:56","modified_gmt":"2024-11-20T13:23:56","slug":"ifas-2022-erfolgreiche-rueckkehr-der-gesundheits-fachmesse","status":"publish","type":"post","link":"https:\/\/www.organisator.ch\/fr\/operational-excellence\/2022-11-02\/ifas-2022-erfolgreiche-rueckkehr-der-gesundheits-fachmesse\/","title":{"rendered":"IFAS 2022 : retour r\u00e9ussi du salon professionnel de la sant\u00e9"},"content":{"rendered":"<figure id=\"attachment_17126\" class=\"wp-caption alignnone\" style=\"width: 680px\" aria-describedby=\"caption-attachment-17126\"><img class=\"alignnone wp-image-17126 size-full\" src=\"https:\/\/www.m-q.ch\/wp-content\/uploads\/2022\/11\/IFAS-2022-Erfolgreiche-Rueckkehr-der-Gesundheits-Fachmesse_MQ.jpg\" alt=\"Salon de la sant\u00e9 IFAS\" width=\"680\" height=\"453\" \/>\r\n<figcaption id=\"caption-attachment-17126\" class=\"wp-caption-text\">Le salon professionnel de la sant\u00e9 IFAS 2022 a d\u00e9pass\u00e9 les attentes. (Photo : IFAS)<\/figcaption>\r\n<\/figure>\r\n<p>Le nombre de visiteurs a d\u00e9pass\u00e9 les attentes pour l'IFAS 2022, comme le font savoir les organisateurs de ce qui est sans doute le plus important salon professionnel de la sant\u00e9 en Suisse. Le salon a lieu tous les deux ans et offre une vaste plate-forme d'information aux principaux fournisseurs de la branche dans les domaines de la consommation et de la logistique, de l'informatique, de l'am\u00e9nagement et de l'\u00e9quipement, de la r\u00e9\u00e9ducation, de la th\u00e9rapie et de la physioth\u00e9rapie, de la technique m\u00e9dicale et de l'\u00e9lectrom\u00e9decine, du diagnostic et de la technique de laboratoire ainsi que de la formation et du perfectionnement. Heinz Salzgeber, directeur de marque de l'IFAS depuis de nombreuses ann\u00e9es, dresse un bilan tout \u00e0 fait positif : \"Le nombre et l'int\u00e9r\u00eat des visiteurs sont extr\u00eamement r\u00e9jouissants apr\u00e8s une pause de quatre ans. Il est particuli\u00e8rement positif que l'IFAS ait pu plus que jamais remplir son r\u00f4le de lieu de transfert de connaissances et de r\u00e9seautage. C'est ce que confirment \u00e9galement le Forum IFAS de cette ann\u00e9e, compos\u00e9 de personnalit\u00e9s de haut niveau, et CareFair - le salon suisse de l'emploi pour les professions de la sant\u00e9, qui ont connu une excellente fr\u00e9quentation pendant les trois jours du salon. L'IFAS 2022 a confirm\u00e9 que la demande d'une plateforme d'information physique sur le march\u00e9 de la sant\u00e9 est toujours tr\u00e8s forte\".<\/p>\r\n<h3>MyLeg remporte le IFASinnovation Challenge - le prix du public va \u00e0 hirncoach<\/h3>\r\n<p>L'IFASinnovation Challenge, initi\u00e9 par Cosanum et organis\u00e9 en partenariat avec l'IFAS, a d\u00e9sign\u00e9 pour la troisi\u00e8me fois un vainqueur lors de l'IFAS 2022. Le prix, dot\u00e9 de 25 000 francs suisses, a \u00e9t\u00e9 d\u00e9cern\u00e9 cette ann\u00e9e \u00e0 la start-up MyLeg, bas\u00e9e \u00e0 Zurich. Avec son innovation, un feedback sensoriel pour l'int\u00e9gration de proth\u00e8ses, la startup veut permettre aux personnes amput\u00e9es de la jambe de mener une vie presque normale et ind\u00e9pendante, sans restrictions ni douleurs. La startup hirncoach a suscit\u00e9 un grand int\u00e9r\u00eat aupr\u00e8s des visiteurs et a re\u00e7u le prix du public gr\u00e2ce \u00e0 son programme scientifiquement fond\u00e9 visant \u00e0 am\u00e9liorer les performances mentales.<\/p>\r\n<h3>Le Forum IFAS et CareFair affichent les meilleurs r\u00e9sultats<\/h3>\r\n<p>Depuis de nombreuses ann\u00e9es, le forum IFAS fait partie du programme fixe du salon. Mais aucune autre ann\u00e9e auparavant, le forum nouvellement organis\u00e9 en collaboration avec healthinal n'avait suscit\u00e9 un tel int\u00e9r\u00eat de la part des visiteurs. Tous les expos\u00e9s et tables rondes sur les th\u00e8mes de la protection des donn\u00e9es, du dossier \u00e9lectronique du patient (DEP), de l'innovation et de la nouvelle gestion des soins de sant\u00e9 ainsi que sur la p\u00e9nurie de personnel qualifi\u00e9 et l'avenir des soins de sant\u00e9 se sont d\u00e9roul\u00e9s devant des gradins pleins \u00e0 craquer.<\/p>\r\n<p>Int\u00e9gr\u00e9 pour la troisi\u00e8me fois \u00e0 l'IFAS, CareFair - le salon suisse de l'emploi pour les professions de la sant\u00e9 - a \u00e9t\u00e9 la plus grande \u00e9dition jusqu'\u00e0 pr\u00e9sent, avec plus de 20 h\u00f4pitaux, cliniques et homes participants. Il s'est \u00e9galement r\u00e9v\u00e9l\u00e9 \u00eatre un p\u00f4le d'attraction pour les visiteurs. \"L'int\u00e9r\u00eat \u00e9tait impressionnant et a confirm\u00e9 une fois de plus l'importance de telles plates-formes d'emploi physiques pour les employeurs et les employ\u00e9s\", r\u00e9sume Franziska Held, directrice du salon CareFair. La prochaine IFAS aura lieu du 22 au 24 octobre 2024 \u00e0 Messe Z\u00fcrich.<\/p>\r\n<p><em>Plus d'informations : <a href=\"http:\/\/www.ifas-expo.ch\/\">www.ifas-expo.ch<\/a><\/em><\/p>\n<p class=\"syndicated-attribution\">Cet article est paru initialement sur m-q.ch - <a href=\"https:\/\/www.m-q.ch\/de\/ifas-2022-erfolgreiche-rueckkehr-der-gesundheits-fachmesse\/\" target=\"_blank\">https:\/\/www.m-q.ch\/de\/ifas-2022-erfolgreiche-rueckkehr-der-gesundheits-fachmesse\/<\/a><\/p>","protected":false},"excerpt":{"rendered":"<p>Die Besucherzahlen haben die Erwartungen an die IFAS 2022 \u00fcbertroffen, wie die Organisatoren der schweizweit wohl wichtigsten Gesundheits-Fachmesse mitteilen. Die Messe findet alle zwei Jahre statt und bietet f\u00fchrenden Branchenanbietern aus den Bereichen Verbrauch &amp; Logistik, Informatik, Einrichtung &amp; Ausstattung, Reha, Therapie &amp; Physio, Medizintechnik &amp; Elektromedizin, Diagnostik &amp; Labortechnik sowie Aus- und Weiterbildung eine [\u2026]<\/p>\n","protected":false},"author":8,"featured_media":0,"comment_status":"closed","ping_status":"closed","sticky":false,"template":"","format":"standard","meta":{"_acf_changed":false,"_yoast_wpseo_focuskw":"IFAS Gesundheitsmesse","_yoast_wpseo_metadesc":"IFAS 2022 \u00fcbertrifft Erwartungen: Mehr Besucher und Networking. N\u00e4chste Messe im Oktober 2024 in Z\u00fcrich.","articlekey":"","footnotes":""},"categories":[582],"tags":[],"class_list":["post-17676","post","type-post","status-publish","format-standard","hentry","category-operational-excellence"],"acf":[],"yoast_head":"<!-- This site is optimized with the Yoast SEO plugin v27.5 - https:\/\/yoast.com\/product\/yoast-seo-wordpress\/ -->\n<title>IFAS 2022: Erfolgreiche R\u00fcckkehr der Gesundheits-Fachmesse - Organisator<\/title>\n<meta name=\"description\" content=\"IFAS 2022 \u00fcbertrifft Erwartungen: Mehr Besucher und Networking. N\u00e4chste Messe im Oktober 2024 in Z\u00fcrich.\" \/>\n<meta name=\"robots\" content=\"index, follow, max-snippet:-1, max-image-preview:large, max-video-preview:-1\" \/>\n<link rel=\"canonical\" href=\"https:\/\/www.organisator.ch\/fr\/excellence-operationnelle\/2022-11-02\/ifas-2022-erfolgreiche-rueckkehr-der-gesundheits-fachmesse\/\" \/>\n<meta property=\"og:locale\" content=\"fr_FR\" \/>\n<meta property=\"og:type\" content=\"article\" \/>\n<meta property=\"og:title\" content=\"IFAS 2022: Erfolgreiche R\u00fcckkehr der Gesundheits-Fachmesse - Organisator\" \/>\n<meta property=\"og:description\" content=\"IFAS 2022 \u00fcbertrifft Erwartungen: Mehr Besucher und Networking. N\u00e4chste Messe im Oktober 2024 in Z\u00fcrich.\" \/>\n<meta property=\"og:url\" content=\"https:\/\/www.organisator.ch\/fr\/excellence-operationnelle\/2022-11-02\/ifas-2022-erfolgreiche-rueckkehr-der-gesundheits-fachmesse\/\" \/>\n<meta property=\"og:site_name\" content=\"Organisator\" \/>\n<meta property=\"article:publisher\" content=\"https:\/\/www.facebook.com\/OrganisatorFachmagazin\" \/>\n<meta property=\"article:published_time\" content=\"2022-11-02T09:45:50+00:00\" \/>\n<meta property=\"article:modified_time\" content=\"2024-11-20T13:23:56+00:00\" \/>\n<meta name=\"author\" content=\"galledia\" \/>\n<meta name=\"twitter:card\" content=\"summary_large_image\" \/>\n<meta name=\"twitter:creator\" content=\"@admin\" \/>\n<script type=\"application\/ld+json\" class=\"yoast-schema-graph\">{\"@context\":\"https:\\\/\\\/schema.org\",\"@graph\":[{\"@type\":\"Article\",\"@id\":\"https:\\\/\\\/www.organisator.ch\\\/operational-excellence\\\/2022-11-02\\\/ifas-2022-erfolgreiche-rueckkehr-der-gesundheits-fachmesse\\\/#article\",\"isPartOf\":{\"@id\":\"https:\\\/\\\/www.organisator.ch\\\/operational-excellence\\\/2022-11-02\\\/ifas-2022-erfolgreiche-rueckkehr-der-gesundheits-fachmesse\\\/\"},\"author\":{\"name\":\"galledia\",\"@id\":\"https:\\\/\\\/www.organisator.ch\\\/#\\\/schema\\\/person\\\/4e51799071cd2dd1232ac003643ef5f0\"},\"headline\":\"IFAS 2022: Erfolgreiche R\u00fcckkehr der Gesundheits-Fachmesse\",\"datePublished\":\"2022-11-02T09:45:50+00:00\",\"dateModified\":\"2024-11-20T13:23:56+00:00\",\"mainEntityOfPage\":{\"@id\":\"https:\\\/\\\/www.organisator.ch\\\/operational-excellence\\\/2022-11-02\\\/ifas-2022-erfolgreiche-rueckkehr-der-gesundheits-fachmesse\\\/\"},\"wordCount\":432,\"publisher\":{\"@id\":\"https:\\\/\\\/www.organisator.ch\\\/#organization\"},\"image\":{\"@id\":\"https:\\\/\\\/www.organisator.ch\\\/operational-excellence\\\/2022-11-02\\\/ifas-2022-erfolgreiche-rueckkehr-der-gesundheits-fachmesse\\\/#primaryimage\"},\"thumbnailUrl\":\"https:\\\/\\\/www.m-q.ch\\\/wp-content\\\/uploads\\\/2022\\\/11\\\/IFAS-2022-Erfolgreiche-Rueckkehr-der-Gesundheits-Fachmesse_MQ.jpg\",\"articleSection\":[\"OPERATIONAL EXCELLENCE\"],\"inLanguage\":\"fr-FR\"},{\"@type\":\"WebPage\",\"@id\":\"https:\\\/\\\/www.organisator.ch\\\/operational-excellence\\\/2022-11-02\\\/ifas-2022-erfolgreiche-rueckkehr-der-gesundheits-fachmesse\\\/\",\"url\":\"https:\\\/\\\/www.organisator.ch\\\/operational-excellence\\\/2022-11-02\\\/ifas-2022-erfolgreiche-rueckkehr-der-gesundheits-fachmesse\\\/\",\"name\":\"IFAS 2022: Erfolgreiche R\u00fcckkehr der Gesundheits-Fachmesse - Organisator\",\"isPartOf\":{\"@id\":\"https:\\\/\\\/www.organisator.ch\\\/#website\"},\"primaryImageOfPage\":{\"@id\":\"https:\\\/\\\/www.organisator.ch\\\/operational-excellence\\\/2022-11-02\\\/ifas-2022-erfolgreiche-rueckkehr-der-gesundheits-fachmesse\\\/#primaryimage\"},\"image\":{\"@id\":\"https:\\\/\\\/www.organisator.ch\\\/operational-excellence\\\/2022-11-02\\\/ifas-2022-erfolgreiche-rueckkehr-der-gesundheits-fachmesse\\\/#primaryimage\"},\"thumbnailUrl\":\"https:\\\/\\\/www.m-q.ch\\\/wp-content\\\/uploads\\\/2022\\\/11\\\/IFAS-2022-Erfolgreiche-Rueckkehr-der-Gesundheits-Fachmesse_MQ.jpg\",\"datePublished\":\"2022-11-02T09:45:50+00:00\",\"dateModified\":\"2024-11-20T13:23:56+00:00\",\"description\":\"IFAS 2022 \u00fcbertrifft Erwartungen: Mehr Besucher und Networking. N\u00e4chste Messe im Oktober 2024 in Z\u00fcrich.\",\"breadcrumb\":{\"@id\":\"https:\\\/\\\/www.organisator.ch\\\/operational-excellence\\\/2022-11-02\\\/ifas-2022-erfolgreiche-rueckkehr-der-gesundheits-fachmesse\\\/#breadcrumb\"},\"inLanguage\":\"fr-FR\",\"potentialAction\":[{\"@type\":\"ReadAction\",\"target\":[\"https:\\\/\\\/www.organisator.ch\\\/operational-excellence\\\/2022-11-02\\\/ifas-2022-erfolgreiche-rueckkehr-der-gesundheits-fachmesse\\\/\"]}]},{\"@type\":\"ImageObject\",\"inLanguage\":\"fr-FR\",\"@id\":\"https:\\\/\\\/www.organisator.ch\\\/operational-excellence\\\/2022-11-02\\\/ifas-2022-erfolgreiche-rueckkehr-der-gesundheits-fachmesse\\\/#primaryimage\",\"url\":\"https:\\\/\\\/www.m-q.ch\\\/wp-content\\\/uploads\\\/2022\\\/11\\\/IFAS-2022-Erfolgreiche-Rueckkehr-der-Gesundheits-Fachmesse_MQ.jpg\",\"contentUrl\":\"https:\\\/\\\/www.m-q.ch\\\/wp-content\\\/uploads\\\/2022\\\/11\\\/IFAS-2022-Erfolgreiche-Rueckkehr-der-Gesundheits-Fachmesse_MQ.jpg\"},{\"@type\":\"BreadcrumbList\",\"@id\":\"https:\\\/\\\/www.organisator.ch\\\/operational-excellence\\\/2022-11-02\\\/ifas-2022-erfolgreiche-rueckkehr-der-gesundheits-fachmesse\\\/#breadcrumb\",\"itemListElement\":[{\"@type\":\"ListItem\",\"position\":1,\"name\":\"Home\",\"item\":\"https:\\\/\\\/www.organisator.ch\\\/\"},{\"@type\":\"ListItem\",\"position\":2,\"name\":\"IFAS 2022: Erfolgreiche R\u00fcckkehr der Gesundheits-Fachmesse\"}]},{\"@type\":\"WebSite\",\"@id\":\"https:\\\/\\\/www.organisator.ch\\\/#website\",\"url\":\"https:\\\/\\\/www.organisator.ch\\\/\",\"name\":\"Organisator\",\"description\":\"Kompetent. Praxisnah. Der ORGANISATOR bereitet in 10 Ausgaben pro Jahr die wesentlichen Themen f\u00fcr F\u00fchrungskr\u00e4fte von KMU auf.\",\"publisher\":{\"@id\":\"https:\\\/\\\/www.organisator.ch\\\/#organization\"},\"potentialAction\":[{\"@type\":\"SearchAction\",\"target\":{\"@type\":\"EntryPoint\",\"urlTemplate\":\"https:\\\/\\\/www.organisator.ch\\\/?s={search_term_string}\"},\"query-input\":{\"@type\":\"PropertyValueSpecification\",\"valueRequired\":true,\"valueName\":\"search_term_string\"}}],\"inLanguage\":\"fr-FR\"},{\"@type\":\"Organization\",\"@id\":\"https:\\\/\\\/www.organisator.ch\\\/#organization\",\"name\":\"Organisator\",\"url\":\"https:\\\/\\\/www.organisator.ch\\\/\",\"logo\":{\"@type\":\"ImageObject\",\"inLanguage\":\"fr-FR\",\"@id\":\"https:\\\/\\\/www.organisator.ch\\\/#\\\/schema\\\/logo\\\/image\\\/\",\"url\":\"https:\\\/\\\/www.organisator.ch\\\/wp-content\\\/uploads\\\/2022\\\/01\\\/Logo_Organisator_Website.png\",\"contentUrl\":\"https:\\\/\\\/www.organisator.ch\\\/wp-content\\\/uploads\\\/2022\\\/01\\\/Logo_Organisator_Website.png\",\"width\":800,\"height\":77,\"caption\":\"Organisator\"},\"image\":{\"@id\":\"https:\\\/\\\/www.organisator.ch\\\/#\\\/schema\\\/logo\\\/image\\\/\"},\"sameAs\":[\"https:\\\/\\\/www.facebook.com\\\/OrganisatorFachmagazin\",\"https:\\\/\\\/www.linkedin.com\\\/showcase\\\/organisator-das-magazin-fr-kmu\",\"https:\\\/\\\/www.xing.com\\\/news\\\/pages\\\/organisator-ch-695\",\"https:\\\/\\\/www.youtube.com\\\/channel\\\/UCGP2Sq0iWaZwT3BdIAQFYpw\"]},{\"@type\":\"Person\",\"@id\":\"https:\\\/\\\/www.organisator.ch\\\/#\\\/schema\\\/person\\\/4e51799071cd2dd1232ac003643ef5f0\",\"name\":\"galledia\",\"image\":{\"@type\":\"ImageObject\",\"inLanguage\":\"fr-FR\",\"@id\":\"https:\\\/\\\/secure.gravatar.com\\\/avatar\\\/78a7f90c01fc2bfc875782a0d4922b37cde2cf184ce347b91316d23cd7f69a36?s=96&d=mm&r=g\",\"url\":\"https:\\\/\\\/secure.gravatar.com\\\/avatar\\\/78a7f90c01fc2bfc875782a0d4922b37cde2cf184ce347b91316d23cd7f69a36?s=96&d=mm&r=g\",\"contentUrl\":\"https:\\\/\\\/secure.gravatar.com\\\/avatar\\\/78a7f90c01fc2bfc875782a0d4922b37cde2cf184ce347b91316d23cd7f69a36?s=96&d=mm&r=g\",\"caption\":\"galledia\"},\"sameAs\":[\"https:\\\/\\\/x.com\\\/admin\"],\"url\":\"https:\\\/\\\/www.organisator.ch\\\/fr\\\/author\\\/galledia\\\/\"}]}<\/script>\n<!-- \/ Yoast SEO plugin. -->","yoast_head_json":{"title":"IFAS 2022 : retour r\u00e9ussi du salon professionnel de la sant\u00e9 - Organisateur","description":"IFAS 2022 d\u00e9passe les attentes : Plus de visiteurs et de networking. Prochain salon en octobre 2024 \u00e0 Zurich.","robots":{"index":"index","follow":"follow","max-snippet":"max-snippet:-1","max-image-preview":"max-image-preview:large","max-video-preview":"max-video-preview:-1"},"canonical":"https:\/\/www.organisator.ch\/fr\/excellence-operationnelle\/2022-11-02\/ifas-2022-erfolgreiche-rueckkehr-der-gesundheits-fachmesse\/","og_locale":"fr_FR","og_type":"article","og_title":"IFAS 2022: Erfolgreiche R\u00fcckkehr der Gesundheits-Fachmesse - Organisator","og_description":"IFAS 2022 \u00fcbertrifft Erwartungen: Mehr Besucher und Networking. N\u00e4chste Messe im Oktober 2024 in Z\u00fcrich.","og_url":"https:\/\/www.organisator.ch\/fr\/excellence-operationnelle\/2022-11-02\/ifas-2022-erfolgreiche-rueckkehr-der-gesundheits-fachmesse\/","og_site_name":"Organisator","article_publisher":"https:\/\/www.facebook.com\/OrganisatorFachmagazin","article_published_time":"2022-11-02T09:45:50+00:00","article_modified_time":"2024-11-20T13:23:56+00:00","author":"galledia","twitter_card":"summary_large_image","twitter_creator":"@admin","schema":{"@context":"https:\/\/schema.org","@graph":[{"@type":"Article","@id":"https:\/\/www.organisator.ch\/operational-excellence\/2022-11-02\/ifas-2022-erfolgreiche-rueckkehr-der-gesundheits-fachmesse\/#article","isPartOf":{"@id":"https:\/\/www.organisator.ch\/operational-excellence\/2022-11-02\/ifas-2022-erfolgreiche-rueckkehr-der-gesundheits-fachmesse\/"},"author":{"name":"galledia","@id":"https:\/\/www.organisator.ch\/#\/schema\/person\/4e51799071cd2dd1232ac003643ef5f0"},"headline":"IFAS 2022: Erfolgreiche R\u00fcckkehr der Gesundheits-Fachmesse","datePublished":"2022-11-02T09:45:50+00:00","dateModified":"2024-11-20T13:23:56+00:00","mainEntityOfPage":{"@id":"https:\/\/www.organisator.ch\/operational-excellence\/2022-11-02\/ifas-2022-erfolgreiche-rueckkehr-der-gesundheits-fachmesse\/"},"wordCount":432,"publisher":{"@id":"https:\/\/www.organisator.ch\/#organization"},"image":{"@id":"https:\/\/www.organisator.ch\/operational-excellence\/2022-11-02\/ifas-2022-erfolgreiche-rueckkehr-der-gesundheits-fachmesse\/#primaryimage"},"thumbnailUrl":"https:\/\/www.m-q.ch\/wp-content\/uploads\/2022\/11\/IFAS-2022-Erfolgreiche-Rueckkehr-der-Gesundheits-Fachmesse_MQ.jpg","articleSection":["OPERATIONAL EXCELLENCE"],"inLanguage":"fr-FR"},{"@type":"WebPage","@id":"https:\/\/www.organisator.ch\/operational-excellence\/2022-11-02\/ifas-2022-erfolgreiche-rueckkehr-der-gesundheits-fachmesse\/","url":"https:\/\/www.organisator.ch\/operational-excellence\/2022-11-02\/ifas-2022-erfolgreiche-rueckkehr-der-gesundheits-fachmesse\/","name":"IFAS 2022 : retour r\u00e9ussi du salon professionnel de la sant\u00e9 - Organisateur","isPartOf":{"@id":"https:\/\/www.organisator.ch\/#website"},"primaryImageOfPage":{"@id":"https:\/\/www.organisator.ch\/operational-excellence\/2022-11-02\/ifas-2022-erfolgreiche-rueckkehr-der-gesundheits-fachmesse\/#primaryimage"},"image":{"@id":"https:\/\/www.organisator.ch\/operational-excellence\/2022-11-02\/ifas-2022-erfolgreiche-rueckkehr-der-gesundheits-fachmesse\/#primaryimage"},"thumbnailUrl":"https:\/\/www.m-q.ch\/wp-content\/uploads\/2022\/11\/IFAS-2022-Erfolgreiche-Rueckkehr-der-Gesundheits-Fachmesse_MQ.jpg","datePublished":"2022-11-02T09:45:50+00:00","dateModified":"2024-11-20T13:23:56+00:00","description":"IFAS 2022 d\u00e9passe les attentes : Plus de visiteurs et de networking. Prochain salon en octobre 2024 \u00e0 Zurich.","breadcrumb":{"@id":"https:\/\/www.organisator.ch\/operational-excellence\/2022-11-02\/ifas-2022-erfolgreiche-rueckkehr-der-gesundheits-fachmesse\/#breadcrumb"},"inLanguage":"fr-FR","potentialAction":[{"@type":"ReadAction","target":["https:\/\/www.organisator.ch\/operational-excellence\/2022-11-02\/ifas-2022-erfolgreiche-rueckkehr-der-gesundheits-fachmesse\/"]}]},{"@type":"ImageObject","inLanguage":"fr-FR","@id":"https:\/\/www.organisator.ch\/operational-excellence\/2022-11-02\/ifas-2022-erfolgreiche-rueckkehr-der-gesundheits-fachmesse\/#primaryimage","url":"https:\/\/www.m-q.ch\/wp-content\/uploads\/2022\/11\/IFAS-2022-Erfolgreiche-Rueckkehr-der-Gesundheits-Fachmesse_MQ.jpg","contentUrl":"https:\/\/www.m-q.ch\/wp-content\/uploads\/2022\/11\/IFAS-2022-Erfolgreiche-Rueckkehr-der-Gesundheits-Fachmesse_MQ.jpg"},{"@type":"BreadcrumbList","@id":"https:\/\/www.organisator.ch\/operational-excellence\/2022-11-02\/ifas-2022-erfolgreiche-rueckkehr-der-gesundheits-fachmesse\/#breadcrumb","itemListElement":[{"@type":"ListItem","position":1,"name":"Home","item":"https:\/\/www.organisator.ch\/"},{"@type":"ListItem","position":2,"name":"IFAS 2022: Erfolgreiche R\u00fcckkehr der Gesundheits-Fachmesse"}]},{"@type":"WebSite","@id":"https:\/\/www.organisator.ch\/#website","url":"https:\/\/www.organisator.ch\/","name":"Organisateur","description":"Comp\u00e9tence et comp\u00e9tence. Proches de la pratique. L'ORGANISATEUR pr\u00e9pare 10 num\u00e9ros par an sur les th\u00e8mes essentiels pour les dirigeants de PME.","publisher":{"@id":"https:\/\/www.organisator.ch\/#organization"},"potentialAction":[{"@type":"SearchAction","target":{"@type":"EntryPoint","urlTemplate":"https:\/\/www.organisator.ch\/?s={search_term_string}"},"query-input":{"@type":"PropertyValueSpecification","valueRequired":true,"valueName":"search_term_string"}}],"inLanguage":"fr-FR"},{"@type":"Organization","@id":"https:\/\/www.organisator.ch\/#organization","name":"Organisateur","url":"https:\/\/www.organisator.ch\/","logo":{"@type":"ImageObject","inLanguage":"fr-FR","@id":"https:\/\/www.organisator.ch\/#\/schema\/logo\/image\/","url":"https:\/\/www.organisator.ch\/wp-content\/uploads\/2022\/01\/Logo_Organisator_Website.png","contentUrl":"https:\/\/www.organisator.ch\/wp-content\/uploads\/2022\/01\/Logo_Organisator_Website.png","width":800,"height":77,"caption":"Organisator"},"image":{"@id":"https:\/\/www.organisator.ch\/#\/schema\/logo\/image\/"},"sameAs":["https:\/\/www.facebook.com\/OrganisatorFachmagazin","https:\/\/www.linkedin.com\/showcase\/organisator-das-magazin-fr-kmu","https:\/\/www.xing.com\/news\/pages\/organisator-ch-695","https:\/\/www.youtube.com\/channel\/UCGP2Sq0iWaZwT3BdIAQFYpw"]},{"@type":"Person","@id":"https:\/\/www.organisator.ch\/#\/schema\/person\/4e51799071cd2dd1232ac003643ef5f0","name":"galledia","image":{"@type":"ImageObject","inLanguage":"fr-FR","@id":"https:\/\/secure.gravatar.com\/avatar\/78a7f90c01fc2bfc875782a0d4922b37cde2cf184ce347b91316d23cd7f69a36?s=96&d=mm&r=g","url":"https:\/\/secure.gravatar.com\/avatar\/78a7f90c01fc2bfc875782a0d4922b37cde2cf184ce347b91316d23cd7f69a36?s=96&d=mm&r=g","contentUrl":"https:\/\/secure.gravatar.com\/avatar\/78a7f90c01fc2bfc875782a0d4922b37cde2cf184ce347b91316d23cd7f69a36?s=96&d=mm&r=g","caption":"galledia"},"sameAs":["https:\/\/x.com\/admin"],"url":"https:\/\/www.organisator.ch\/fr\/author\/galledia\/"}]}},"_links":{"self":[{"href":"https:\/\/www.organisator.ch\/fr\/wp-json\/wp\/v2\/posts\/17676","targetHints":{"allow":["GET"]}}],"collection":[{"href":"https:\/\/www.organisator.ch\/fr\/wp-json\/wp\/v2\/posts"}],"about":[{"href":"https:\/\/www.organisator.ch\/fr\/wp-json\/wp\/v2\/types\/post"}],"author":[{"embeddable":true,"href":"https:\/\/www.organisator.ch\/fr\/wp-json\/wp\/v2\/users\/8"}],"replies":[{"embeddable":true,"href":"https:\/\/www.organisator.ch\/fr\/wp-json\/wp\/v2\/comments?post=17676"}],"version-history":[{"count":3,"href":"https:\/\/www.organisator.ch\/fr\/wp-json\/wp\/v2\/posts\/17676\/revisions"}],"predecessor-version":[{"id":33674,"href":"https:\/\/www.organisator.ch\/fr\/wp-json\/wp\/v2\/posts\/17676\/revisions\/33674"}],"wp:attachment":[{"href":"https:\/\/www.organisator.ch\/fr\/wp-json\/wp\/v2\/media?parent=17676"}],"wp:term":[{"taxonomy":"category","embeddable":true,"href":"https:\/\/www.organisator.ch\/fr\/wp-json\/wp\/v2\/categories?post=17676"},{"taxonomy":"post_tag","embeddable":true,"href":"https:\/\/www.organisator.ch\/fr\/wp-json\/wp\/v2\/tags?post=17676"}],"curies":[{"name":"wp","href":"https:\/\/api.w.org\/{rel}","templated":true}]}}