{"id":17698,"date":"2022-11-03T09:55:49","date_gmt":"2022-11-03T08:55:49","guid":{"rendered":"https:\/\/www.m-q.ch\/?p=17128"},"modified":"2024-11-20T14:18:30","modified_gmt":"2024-11-20T13:18:30","slug":"it-sicherheit-personal-als-groesste-herausforderung","status":"publish","type":"post","link":"https:\/\/www.organisator.ch\/fr\/operational-excellence\/2022-11-03\/it-sicherheit-personal-als-groesste-herausforderung\/","title":{"rendered":"S\u00e9curit\u00e9 informatique : le personnel est le plus grand d\u00e9fi"},"content":{"rendered":"<figure id=\"attachment_17129\" class=\"wp-caption alignnone\" style=\"width: 680px\" aria-describedby=\"caption-attachment-17129\"><img class=\"alignnone wp-image-17129 size-full\" src=\"https:\/\/www.m-q.ch\/wp-content\/uploads\/2022\/11\/IT-Sicherheit-Personal-als-groesste-Herausforderung-1_MQ.png\" alt=\"Cybers\u00e9curit\u00e9\" width=\"680\" height=\"387\" \/>\r\n<figcaption id=\"caption-attachment-17129\" class=\"wp-caption-text\">Les solutions de s\u00e9curit\u00e9 informatique pourraient ralentir les syst\u00e8mes et les processus - ce pr\u00e9jug\u00e9 est constant dans les sph\u00e8res dirigeantes. (Graphique : Sophos)<\/figcaption>\r\n<\/figure>\r\n<p>La cybers\u00e9curit\u00e9 dans les entreprises a encore gagn\u00e9 en importance ces derniers temps en raison de diff\u00e9rents facteurs. Il s'agit notamment des \u00e9volutions technologiques ou de la complexit\u00e9 croissante des infrastructures informatiques. Mais les facteurs marqu\u00e9s par le travail agile et mobile, la disponibilit\u00e9 des bureaux \u00e0 domicile, la professionnalisation de la cybercriminalit\u00e9 ainsi que l'aggravation de la situation internationale en mati\u00e8re de menaces ont \u00e9galement une influence accrue. Les r\u00e9sultats d'une r\u00e9cente \u00e9tude de management de Sophos montrent que (comme actuellement presque tous les domaines professionnels et en particulier l'informatique) le domaine sp\u00e9cialis\u00e9 de la s\u00e9curit\u00e9 informatique souffre bien s\u00fbr lui aussi d'une forte p\u00e9nurie de personnel qualifi\u00e9. Mais les d\u00e9cideurs d'entreprise interrog\u00e9s dans la r\u00e9gion DACH voient \u00e9galement des d\u00e9fis dans d'autres domaines.<\/p>\r\n<h3><strong>C'est au niveau du personnel que \u00e7a coince le plus<\/strong><\/h3>\r\n<p>Interrog\u00e9s sur les d\u00e9fis qu'ils estiment devoir relever pour assurer la cybers\u00e9curit\u00e9 dans leur entreprise, les cadres interrog\u00e9s dans les trois pays ont cit\u00e9 le plus souvent la disponibilit\u00e9 du personnel. Les difficult\u00e9s \u00e0 trouver du personnel qualifi\u00e9 sont les plus cit\u00e9es dans les entreprises autrichiennes, avec une fr\u00e9quence de 69,8 %, contre 62,7 % en Allemagne et 58,8 % en Suisse, le chiffre le plus bas.<\/p>\r\n<p>Environ un tiers de toutes les entreprises font appel \u00e0 des services de conseil externes compl\u00e9mentaires pour professionnaliser leur cybers\u00e9curit\u00e9, sous la forme par exemple de <a href=\"https:\/\/www.sophos.com\/de-de\/products\/managed-detection-and-response\">Services MDR<\/a> s'y ajoutent. L'Autriche, en particulier, semble \u00e9galement faire face \u00e0 des d\u00e9fis dans ce domaine. Alors que seulement 11,8 % des directions d'entreprises suisses et 13,9 % des directions d'entreprises allemandes indiquent voir des difficult\u00e9s dans la disponibilit\u00e9 de services de conseil externes, c'est le cas d'un tiers (30,2 %) des personnes interrog\u00e9es en Autriche.<\/p>\r\n<h3><strong>Les patrons craignent que la s\u00e9curit\u00e9 informatique n'entrave les processus de travail<\/strong><\/h3>\r\n<p>Les solutions de s\u00e9curit\u00e9 informatique pourraient ralentir les syst\u00e8mes et les processus - ce pr\u00e9jug\u00e9 est constant dans les sph\u00e8res dirigeantes. 45,1 % des Suisses et 40,3 % des Allemands interrog\u00e9s ont indiqu\u00e9 que, de leur point de vue, la perturbation des processus de travail faisait partie des d\u00e9fis \u00e0 relever pour garantir et mettre en \u0153uvre la cybers\u00e9curit\u00e9. En Autriche, ils ne sont que 28,3 % \u00e0 le mentionner.<\/p>\r\n<p>Deux aspects du monde du travail moderne sont \u00e9galement consid\u00e9r\u00e9s par les patrons comme des d\u00e9fis pour la mise en \u0153uvre de la s\u00e9curit\u00e9 informatique. En Autriche, 45,3 % des personnes interrog\u00e9es s'attendent \u00e0 des difficult\u00e9s dans la coordination de la cybers\u00e9curit\u00e9 avec les modalit\u00e9s des solutions de travail \u00e0 domicile. En Allemagne, 39,8 % des personnes interrog\u00e9es ont un \u0153il critique sur ce point, contre 35,5 % en Suisse.<\/p>\r\n<p>Les m\u00e9thodes agiles sont devenues incontournables dans le travail quotidien moderne. Les solutions de s\u00e9curit\u00e9 disponibles sont-elles suffisamment flexibles pour s'adapter \u00e0 l'agilit\u00e9 des entreprises ? Pas moins de 42,8 % des Allemands, 41,5 % des Autrichiens et 39,2 % des Suisses interrog\u00e9s expriment des doutes \u00e0 ce sujet.<\/p>\r\n<h3><strong>Souvent encore de vieux pr\u00e9jug\u00e9s sur la s\u00e9curit\u00e9 informatique<\/strong><\/h3>\r\n<p>\"Les chiffres concernant les flux de travail et la flexibilit\u00e9 pour les workflows agiles montrent clairement que dans les bureaux de direction, c'est encore souvent une image obsol\u00e8te et traditionnelle de la s\u00e9curit\u00e9 informatique qui pr\u00e9vaut, bas\u00e9e sur des structures rigides\", d\u00e9clare Michael Veit, expert en cybers\u00e9curit\u00e9 chez Sophos. \"Cependant, les solutions de cybers\u00e9curit\u00e9 modernes offrent exactement le contraire et se distinguent par leur modularit\u00e9 et leur flexibilit\u00e9, tant au niveau de l'architecture que de l'utilisation au quotidien. Des technologies telles que Zero Trust, Managed Security Services ou encore les \u00e9cosyst\u00e8mes de cybers\u00e9curit\u00e9 adaptatifs permettent aujourd'hui de travailler de mani\u00e8re flexible, l'utilisateur ne se rendant m\u00eame plus compte des processus de s\u00e9curit\u00e9 informatique en arri\u00e8re-plan\".<\/p>\r\n<h3><strong>Investissements \u00e0 un niveau constant - donn\u00e9es exactes non connues, la Suisse est ici en t\u00eate<\/strong><\/h3>\r\n<p>Lorsqu'on leur demande si les investissements ont chang\u00e9 au cours des deux derni\u00e8res ann\u00e9es, la majorit\u00e9 des personnes interrog\u00e9es en Allemagne (57,2 %) et en Autriche (52,8 %) et 45,1 % en Suisse indiquent que les investissements sont rest\u00e9s \u00e0 un niveau \u00e9lev\u00e9. Les dirigeants d'entreprises suisses sont les plus nombreux (47,1 %) \u00e0 d\u00e9clarer avoir augment\u00e9 leurs investissements au cours des 24 derniers mois. En Allemagne (34,8 %) et en Autriche (32,1), un bon tiers des entreprises ont investi davantage dans la s\u00e9curit\u00e9 informatique. 13,2 % en Autriche, 7,8 % en Suisse et 7,5 % des cadres interrog\u00e9s en Allemagne n'ont pas pu donner d'indications \u00e0 ce sujet.<\/p>\r\n<figure id=\"attachment_17130\" class=\"wp-caption alignnone\" style=\"width: 680px\" aria-describedby=\"caption-attachment-17130\"><img class=\"size-full wp-image-17130\" src=\"https:\/\/www.m-q.ch\/wp-content\/uploads\/2022\/11\/IT-Sicherheit-Personal-als-groesste-Herausforderung-2_MQ.png\" alt=\"\" width=\"680\" height=\"387\" \/>\r\n<figcaption id=\"caption-attachment-17130\" class=\"wp-caption-text\">C'est le montant d\u00e9pens\u00e9 pour la s\u00e9curit\u00e9 informatique dans les pays DACH. (Graphique : Sophos)<\/figcaption>\r\n<\/figure>\r\n<p>Les dirigeants ont eu du mal \u00e0 quantifier la part exacte des d\u00e9penses consacr\u00e9es \u00e0 la s\u00e9curit\u00e9 informatique, certainement en raison de la complexit\u00e9 de tous les facteurs de co\u00fbt de l'informatique. C'est particuli\u00e8rement vrai en Suisse. Pr\u00e8s de la moiti\u00e9 (49 %) des personnes interrog\u00e9es ont indiqu\u00e9 qu'il \u00e9tait impossible de chiffrer cette question. En Allemagne, 36,3 % des entreprises interrog\u00e9es n'ont pas pu indiquer la part de la s\u00e9curit\u00e9 informatique dans leurs d\u00e9penses informatiques, contre 30,2 % en Autriche.<\/p>\r\n<p>Pour le reste, les investissements dans la cybers\u00e9curit\u00e9 se r\u00e9partissent comme suit en DACH : En Allemagne, 20,9 % des entreprises consacrent 5 \u00e0 9 % de leurs d\u00e9penses \u00e0 la s\u00e9curit\u00e9 informatique, 14,4 % investissent 10 \u00e0 19 %. En Autriche, 28,3 % d\u00e9pensent tout de m\u00eame 10 \u00e0 19 % pour la s\u00e9curit\u00e9 informatique et pour 13,2 % des entreprises interrog\u00e9es, la part est m\u00eame de 20 \u00e0 29 %. En Suisse, la situation est la suivante : Ici, 19,6 % des entreprises consacrent 5 \u00e0 9 % de leurs d\u00e9penses \u00e0 la cybers\u00e9curit\u00e9 et 13,7 % investissent m\u00eame 20 \u00e0 29 % de leur budget dans ce domaine important.<\/p>\r\n<p><em>Source : <a href=\"https:\/\/www.sophos.com\/de-de\">Sophos<\/a><\/em><\/p>\n<p class=\"syndicated-attribution\">Cet article est paru initialement sur m-q.ch - <a href=\"https:\/\/www.m-q.ch\/de\/it-sicherheit-personal-als-groesste-herausforderung\/\" target=\"_blank\">https:\/\/www.m-q.ch\/de\/it-sicherheit-personal-als-groesste-herausforderung\/<\/a><\/p>","protected":false},"excerpt":{"rendered":"<p>Die Cybersicherheit in Unternehmen hat durch unterschiedliche Faktoren in der j\u00fcngeren Vergangenheit noch einmal an Bedeutung gewonnen. Hierzu z\u00e4hlen technologische Entwicklungen oder die wachsende Komplexit\u00e4t von IT-Infrastrukturen. Aber auch jene Faktoren, die durch agiles und mobiles Arbeiten, Homeoffice-Verf\u00fcgbarkeiten, die Professionalisierung der Cyberkriminalit\u00e4t sowie eine versch\u00e4rfte internationale Bedrohungslage gepr\u00e4gt sind, nehmen vermehrt Einfluss. Die Ergebnisse einer [\u2026]<\/p>\n","protected":false},"author":8,"featured_media":0,"comment_status":"closed","ping_status":"closed","sticky":false,"template":"","format":"standard","meta":{"_acf_changed":false,"_yoast_wpseo_focuskw":"Cybersicherheit","_yoast_wpseo_metadesc":"Cybersicherheit DACH: Fachkr\u00e4ftemangel und Vorurteile. Studie zeigt Herausforderungen und Investitionen der Unternehmensf\u00fchrungen.","articlekey":"","footnotes":""},"categories":[582],"tags":[],"class_list":["post-17698","post","type-post","status-publish","format-standard","hentry","category-operational-excellence"],"acf":[],"yoast_head":"<!-- This site is optimized with the Yoast SEO plugin v27.5 - https:\/\/yoast.com\/product\/yoast-seo-wordpress\/ -->\n<title>IT-Sicherheit: Personal als gr\u00f6sste Herausforderung - Organisator<\/title>\n<meta name=\"description\" content=\"Cybersicherheit DACH: Fachkr\u00e4ftemangel und Vorurteile. Studie zeigt Herausforderungen und Investitionen der Unternehmensf\u00fchrungen.\" \/>\n<meta name=\"robots\" content=\"index, follow, max-snippet:-1, max-image-preview:large, max-video-preview:-1\" \/>\n<link rel=\"canonical\" href=\"https:\/\/www.organisator.ch\/fr\/excellence-operationnelle\/2022-11-03\/it-sicherheit-personal-als-groesste-herausforderung\/\" \/>\n<meta property=\"og:locale\" content=\"fr_FR\" \/>\n<meta property=\"og:type\" content=\"article\" \/>\n<meta property=\"og:title\" content=\"IT-Sicherheit: Personal als gr\u00f6sste Herausforderung - Organisator\" \/>\n<meta property=\"og:description\" content=\"Cybersicherheit DACH: Fachkr\u00e4ftemangel und Vorurteile. Studie zeigt Herausforderungen und Investitionen der Unternehmensf\u00fchrungen.\" \/>\n<meta property=\"og:url\" content=\"https:\/\/www.organisator.ch\/fr\/excellence-operationnelle\/2022-11-03\/it-sicherheit-personal-als-groesste-herausforderung\/\" \/>\n<meta property=\"og:site_name\" content=\"Organisator\" \/>\n<meta property=\"article:publisher\" content=\"https:\/\/www.facebook.com\/OrganisatorFachmagazin\" \/>\n<meta property=\"article:published_time\" content=\"2022-11-03T08:55:49+00:00\" \/>\n<meta property=\"article:modified_time\" content=\"2024-11-20T13:18:30+00:00\" \/>\n<meta name=\"author\" content=\"galledia\" \/>\n<meta name=\"twitter:card\" content=\"summary_large_image\" \/>\n<meta name=\"twitter:creator\" content=\"@admin\" \/>\n<script type=\"application\/ld+json\" class=\"yoast-schema-graph\">{\"@context\":\"https:\\\/\\\/schema.org\",\"@graph\":[{\"@type\":\"Article\",\"@id\":\"https:\\\/\\\/www.organisator.ch\\\/operational-excellence\\\/2022-11-03\\\/it-sicherheit-personal-als-groesste-herausforderung\\\/#article\",\"isPartOf\":{\"@id\":\"https:\\\/\\\/www.organisator.ch\\\/operational-excellence\\\/2022-11-03\\\/it-sicherheit-personal-als-groesste-herausforderung\\\/\"},\"author\":{\"name\":\"galledia\",\"@id\":\"https:\\\/\\\/www.organisator.ch\\\/#\\\/schema\\\/person\\\/4e51799071cd2dd1232ac003643ef5f0\"},\"headline\":\"IT-Sicherheit: Personal als gr\u00f6sste Herausforderung\",\"datePublished\":\"2022-11-03T08:55:49+00:00\",\"dateModified\":\"2024-11-20T13:18:30+00:00\",\"mainEntityOfPage\":{\"@id\":\"https:\\\/\\\/www.organisator.ch\\\/operational-excellence\\\/2022-11-03\\\/it-sicherheit-personal-als-groesste-herausforderung\\\/\"},\"wordCount\":830,\"publisher\":{\"@id\":\"https:\\\/\\\/www.organisator.ch\\\/#organization\"},\"image\":{\"@id\":\"https:\\\/\\\/www.organisator.ch\\\/operational-excellence\\\/2022-11-03\\\/it-sicherheit-personal-als-groesste-herausforderung\\\/#primaryimage\"},\"thumbnailUrl\":\"https:\\\/\\\/www.m-q.ch\\\/wp-content\\\/uploads\\\/2022\\\/11\\\/IT-Sicherheit-Personal-als-groesste-Herausforderung-1_MQ.png\",\"articleSection\":[\"OPERATIONAL EXCELLENCE\"],\"inLanguage\":\"fr-FR\"},{\"@type\":\"WebPage\",\"@id\":\"https:\\\/\\\/www.organisator.ch\\\/operational-excellence\\\/2022-11-03\\\/it-sicherheit-personal-als-groesste-herausforderung\\\/\",\"url\":\"https:\\\/\\\/www.organisator.ch\\\/operational-excellence\\\/2022-11-03\\\/it-sicherheit-personal-als-groesste-herausforderung\\\/\",\"name\":\"IT-Sicherheit: Personal als gr\u00f6sste Herausforderung - Organisator\",\"isPartOf\":{\"@id\":\"https:\\\/\\\/www.organisator.ch\\\/#website\"},\"primaryImageOfPage\":{\"@id\":\"https:\\\/\\\/www.organisator.ch\\\/operational-excellence\\\/2022-11-03\\\/it-sicherheit-personal-als-groesste-herausforderung\\\/#primaryimage\"},\"image\":{\"@id\":\"https:\\\/\\\/www.organisator.ch\\\/operational-excellence\\\/2022-11-03\\\/it-sicherheit-personal-als-groesste-herausforderung\\\/#primaryimage\"},\"thumbnailUrl\":\"https:\\\/\\\/www.m-q.ch\\\/wp-content\\\/uploads\\\/2022\\\/11\\\/IT-Sicherheit-Personal-als-groesste-Herausforderung-1_MQ.png\",\"datePublished\":\"2022-11-03T08:55:49+00:00\",\"dateModified\":\"2024-11-20T13:18:30+00:00\",\"description\":\"Cybersicherheit DACH: Fachkr\u00e4ftemangel und Vorurteile. Studie zeigt Herausforderungen und Investitionen der Unternehmensf\u00fchrungen.\",\"breadcrumb\":{\"@id\":\"https:\\\/\\\/www.organisator.ch\\\/operational-excellence\\\/2022-11-03\\\/it-sicherheit-personal-als-groesste-herausforderung\\\/#breadcrumb\"},\"inLanguage\":\"fr-FR\",\"potentialAction\":[{\"@type\":\"ReadAction\",\"target\":[\"https:\\\/\\\/www.organisator.ch\\\/operational-excellence\\\/2022-11-03\\\/it-sicherheit-personal-als-groesste-herausforderung\\\/\"]}]},{\"@type\":\"ImageObject\",\"inLanguage\":\"fr-FR\",\"@id\":\"https:\\\/\\\/www.organisator.ch\\\/operational-excellence\\\/2022-11-03\\\/it-sicherheit-personal-als-groesste-herausforderung\\\/#primaryimage\",\"url\":\"https:\\\/\\\/www.m-q.ch\\\/wp-content\\\/uploads\\\/2022\\\/11\\\/IT-Sicherheit-Personal-als-groesste-Herausforderung-1_MQ.png\",\"contentUrl\":\"https:\\\/\\\/www.m-q.ch\\\/wp-content\\\/uploads\\\/2022\\\/11\\\/IT-Sicherheit-Personal-als-groesste-Herausforderung-1_MQ.png\"},{\"@type\":\"BreadcrumbList\",\"@id\":\"https:\\\/\\\/www.organisator.ch\\\/operational-excellence\\\/2022-11-03\\\/it-sicherheit-personal-als-groesste-herausforderung\\\/#breadcrumb\",\"itemListElement\":[{\"@type\":\"ListItem\",\"position\":1,\"name\":\"Home\",\"item\":\"https:\\\/\\\/www.organisator.ch\\\/\"},{\"@type\":\"ListItem\",\"position\":2,\"name\":\"IT-Sicherheit: Personal als gr\u00f6sste Herausforderung\"}]},{\"@type\":\"WebSite\",\"@id\":\"https:\\\/\\\/www.organisator.ch\\\/#website\",\"url\":\"https:\\\/\\\/www.organisator.ch\\\/\",\"name\":\"Organisator\",\"description\":\"Kompetent. Praxisnah. Der ORGANISATOR bereitet in 10 Ausgaben pro Jahr die wesentlichen Themen f\u00fcr F\u00fchrungskr\u00e4fte von KMU auf.\",\"publisher\":{\"@id\":\"https:\\\/\\\/www.organisator.ch\\\/#organization\"},\"potentialAction\":[{\"@type\":\"SearchAction\",\"target\":{\"@type\":\"EntryPoint\",\"urlTemplate\":\"https:\\\/\\\/www.organisator.ch\\\/?s={search_term_string}\"},\"query-input\":{\"@type\":\"PropertyValueSpecification\",\"valueRequired\":true,\"valueName\":\"search_term_string\"}}],\"inLanguage\":\"fr-FR\"},{\"@type\":\"Organization\",\"@id\":\"https:\\\/\\\/www.organisator.ch\\\/#organization\",\"name\":\"Organisator\",\"url\":\"https:\\\/\\\/www.organisator.ch\\\/\",\"logo\":{\"@type\":\"ImageObject\",\"inLanguage\":\"fr-FR\",\"@id\":\"https:\\\/\\\/www.organisator.ch\\\/#\\\/schema\\\/logo\\\/image\\\/\",\"url\":\"https:\\\/\\\/www.organisator.ch\\\/wp-content\\\/uploads\\\/2022\\\/01\\\/Logo_Organisator_Website.png\",\"contentUrl\":\"https:\\\/\\\/www.organisator.ch\\\/wp-content\\\/uploads\\\/2022\\\/01\\\/Logo_Organisator_Website.png\",\"width\":800,\"height\":77,\"caption\":\"Organisator\"},\"image\":{\"@id\":\"https:\\\/\\\/www.organisator.ch\\\/#\\\/schema\\\/logo\\\/image\\\/\"},\"sameAs\":[\"https:\\\/\\\/www.facebook.com\\\/OrganisatorFachmagazin\",\"https:\\\/\\\/www.linkedin.com\\\/showcase\\\/organisator-das-magazin-fr-kmu\",\"https:\\\/\\\/www.xing.com\\\/news\\\/pages\\\/organisator-ch-695\",\"https:\\\/\\\/www.youtube.com\\\/channel\\\/UCGP2Sq0iWaZwT3BdIAQFYpw\"]},{\"@type\":\"Person\",\"@id\":\"https:\\\/\\\/www.organisator.ch\\\/#\\\/schema\\\/person\\\/4e51799071cd2dd1232ac003643ef5f0\",\"name\":\"galledia\",\"image\":{\"@type\":\"ImageObject\",\"inLanguage\":\"fr-FR\",\"@id\":\"https:\\\/\\\/secure.gravatar.com\\\/avatar\\\/78a7f90c01fc2bfc875782a0d4922b37cde2cf184ce347b91316d23cd7f69a36?s=96&d=mm&r=g\",\"url\":\"https:\\\/\\\/secure.gravatar.com\\\/avatar\\\/78a7f90c01fc2bfc875782a0d4922b37cde2cf184ce347b91316d23cd7f69a36?s=96&d=mm&r=g\",\"contentUrl\":\"https:\\\/\\\/secure.gravatar.com\\\/avatar\\\/78a7f90c01fc2bfc875782a0d4922b37cde2cf184ce347b91316d23cd7f69a36?s=96&d=mm&r=g\",\"caption\":\"galledia\"},\"sameAs\":[\"https:\\\/\\\/x.com\\\/admin\"],\"url\":\"https:\\\/\\\/www.organisator.ch\\\/fr\\\/author\\\/galledia\\\/\"}]}<\/script>\n<!-- \/ Yoast SEO plugin. -->","yoast_head_json":{"title":"S\u00e9curit\u00e9 informatique : le personnel, le plus grand d\u00e9fi - Organisateur","description":"Cybers\u00e9curit\u00e9 DACH : manque de personnel qualifi\u00e9 et pr\u00e9jug\u00e9s. Une \u00e9tude r\u00e9v\u00e8le les d\u00e9fis et les investissements des directions d'entreprises.","robots":{"index":"index","follow":"follow","max-snippet":"max-snippet:-1","max-image-preview":"max-image-preview:large","max-video-preview":"max-video-preview:-1"},"canonical":"https:\/\/www.organisator.ch\/fr\/excellence-operationnelle\/2022-11-03\/it-sicherheit-personal-als-groesste-herausforderung\/","og_locale":"fr_FR","og_type":"article","og_title":"IT-Sicherheit: Personal als gr\u00f6sste Herausforderung - Organisator","og_description":"Cybersicherheit DACH: Fachkr\u00e4ftemangel und Vorurteile. Studie zeigt Herausforderungen und Investitionen der Unternehmensf\u00fchrungen.","og_url":"https:\/\/www.organisator.ch\/fr\/excellence-operationnelle\/2022-11-03\/it-sicherheit-personal-als-groesste-herausforderung\/","og_site_name":"Organisator","article_publisher":"https:\/\/www.facebook.com\/OrganisatorFachmagazin","article_published_time":"2022-11-03T08:55:49+00:00","article_modified_time":"2024-11-20T13:18:30+00:00","author":"galledia","twitter_card":"summary_large_image","twitter_creator":"@admin","schema":{"@context":"https:\/\/schema.org","@graph":[{"@type":"Article","@id":"https:\/\/www.organisator.ch\/operational-excellence\/2022-11-03\/it-sicherheit-personal-als-groesste-herausforderung\/#article","isPartOf":{"@id":"https:\/\/www.organisator.ch\/operational-excellence\/2022-11-03\/it-sicherheit-personal-als-groesste-herausforderung\/"},"author":{"name":"galledia","@id":"https:\/\/www.organisator.ch\/#\/schema\/person\/4e51799071cd2dd1232ac003643ef5f0"},"headline":"IT-Sicherheit: Personal als gr\u00f6sste Herausforderung","datePublished":"2022-11-03T08:55:49+00:00","dateModified":"2024-11-20T13:18:30+00:00","mainEntityOfPage":{"@id":"https:\/\/www.organisator.ch\/operational-excellence\/2022-11-03\/it-sicherheit-personal-als-groesste-herausforderung\/"},"wordCount":830,"publisher":{"@id":"https:\/\/www.organisator.ch\/#organization"},"image":{"@id":"https:\/\/www.organisator.ch\/operational-excellence\/2022-11-03\/it-sicherheit-personal-als-groesste-herausforderung\/#primaryimage"},"thumbnailUrl":"https:\/\/www.m-q.ch\/wp-content\/uploads\/2022\/11\/IT-Sicherheit-Personal-als-groesste-Herausforderung-1_MQ.png","articleSection":["OPERATIONAL EXCELLENCE"],"inLanguage":"fr-FR"},{"@type":"WebPage","@id":"https:\/\/www.organisator.ch\/operational-excellence\/2022-11-03\/it-sicherheit-personal-als-groesste-herausforderung\/","url":"https:\/\/www.organisator.ch\/operational-excellence\/2022-11-03\/it-sicherheit-personal-als-groesste-herausforderung\/","name":"S\u00e9curit\u00e9 informatique : le personnel, le plus grand d\u00e9fi - Organisateur","isPartOf":{"@id":"https:\/\/www.organisator.ch\/#website"},"primaryImageOfPage":{"@id":"https:\/\/www.organisator.ch\/operational-excellence\/2022-11-03\/it-sicherheit-personal-als-groesste-herausforderung\/#primaryimage"},"image":{"@id":"https:\/\/www.organisator.ch\/operational-excellence\/2022-11-03\/it-sicherheit-personal-als-groesste-herausforderung\/#primaryimage"},"thumbnailUrl":"https:\/\/www.m-q.ch\/wp-content\/uploads\/2022\/11\/IT-Sicherheit-Personal-als-groesste-Herausforderung-1_MQ.png","datePublished":"2022-11-03T08:55:49+00:00","dateModified":"2024-11-20T13:18:30+00:00","description":"Cybers\u00e9curit\u00e9 DACH : manque de personnel qualifi\u00e9 et pr\u00e9jug\u00e9s. Une \u00e9tude r\u00e9v\u00e8le les d\u00e9fis et les investissements des directions d'entreprises.","breadcrumb":{"@id":"https:\/\/www.organisator.ch\/operational-excellence\/2022-11-03\/it-sicherheit-personal-als-groesste-herausforderung\/#breadcrumb"},"inLanguage":"fr-FR","potentialAction":[{"@type":"ReadAction","target":["https:\/\/www.organisator.ch\/operational-excellence\/2022-11-03\/it-sicherheit-personal-als-groesste-herausforderung\/"]}]},{"@type":"ImageObject","inLanguage":"fr-FR","@id":"https:\/\/www.organisator.ch\/operational-excellence\/2022-11-03\/it-sicherheit-personal-als-groesste-herausforderung\/#primaryimage","url":"https:\/\/www.m-q.ch\/wp-content\/uploads\/2022\/11\/IT-Sicherheit-Personal-als-groesste-Herausforderung-1_MQ.png","contentUrl":"https:\/\/www.m-q.ch\/wp-content\/uploads\/2022\/11\/IT-Sicherheit-Personal-als-groesste-Herausforderung-1_MQ.png"},{"@type":"BreadcrumbList","@id":"https:\/\/www.organisator.ch\/operational-excellence\/2022-11-03\/it-sicherheit-personal-als-groesste-herausforderung\/#breadcrumb","itemListElement":[{"@type":"ListItem","position":1,"name":"Home","item":"https:\/\/www.organisator.ch\/"},{"@type":"ListItem","position":2,"name":"IT-Sicherheit: Personal als gr\u00f6sste Herausforderung"}]},{"@type":"WebSite","@id":"https:\/\/www.organisator.ch\/#website","url":"https:\/\/www.organisator.ch\/","name":"Organisateur","description":"Comp\u00e9tence et comp\u00e9tence. Proches de la pratique. L'ORGANISATEUR pr\u00e9pare 10 num\u00e9ros par an sur les th\u00e8mes essentiels pour les dirigeants de PME.","publisher":{"@id":"https:\/\/www.organisator.ch\/#organization"},"potentialAction":[{"@type":"SearchAction","target":{"@type":"EntryPoint","urlTemplate":"https:\/\/www.organisator.ch\/?s={search_term_string}"},"query-input":{"@type":"PropertyValueSpecification","valueRequired":true,"valueName":"search_term_string"}}],"inLanguage":"fr-FR"},{"@type":"Organization","@id":"https:\/\/www.organisator.ch\/#organization","name":"Organisateur","url":"https:\/\/www.organisator.ch\/","logo":{"@type":"ImageObject","inLanguage":"fr-FR","@id":"https:\/\/www.organisator.ch\/#\/schema\/logo\/image\/","url":"https:\/\/www.organisator.ch\/wp-content\/uploads\/2022\/01\/Logo_Organisator_Website.png","contentUrl":"https:\/\/www.organisator.ch\/wp-content\/uploads\/2022\/01\/Logo_Organisator_Website.png","width":800,"height":77,"caption":"Organisator"},"image":{"@id":"https:\/\/www.organisator.ch\/#\/schema\/logo\/image\/"},"sameAs":["https:\/\/www.facebook.com\/OrganisatorFachmagazin","https:\/\/www.linkedin.com\/showcase\/organisator-das-magazin-fr-kmu","https:\/\/www.xing.com\/news\/pages\/organisator-ch-695","https:\/\/www.youtube.com\/channel\/UCGP2Sq0iWaZwT3BdIAQFYpw"]},{"@type":"Person","@id":"https:\/\/www.organisator.ch\/#\/schema\/person\/4e51799071cd2dd1232ac003643ef5f0","name":"galledia","image":{"@type":"ImageObject","inLanguage":"fr-FR","@id":"https:\/\/secure.gravatar.com\/avatar\/78a7f90c01fc2bfc875782a0d4922b37cde2cf184ce347b91316d23cd7f69a36?s=96&d=mm&r=g","url":"https:\/\/secure.gravatar.com\/avatar\/78a7f90c01fc2bfc875782a0d4922b37cde2cf184ce347b91316d23cd7f69a36?s=96&d=mm&r=g","contentUrl":"https:\/\/secure.gravatar.com\/avatar\/78a7f90c01fc2bfc875782a0d4922b37cde2cf184ce347b91316d23cd7f69a36?s=96&d=mm&r=g","caption":"galledia"},"sameAs":["https:\/\/x.com\/admin"],"url":"https:\/\/www.organisator.ch\/fr\/author\/galledia\/"}]}},"_links":{"self":[{"href":"https:\/\/www.organisator.ch\/fr\/wp-json\/wp\/v2\/posts\/17698","targetHints":{"allow":["GET"]}}],"collection":[{"href":"https:\/\/www.organisator.ch\/fr\/wp-json\/wp\/v2\/posts"}],"about":[{"href":"https:\/\/www.organisator.ch\/fr\/wp-json\/wp\/v2\/types\/post"}],"author":[{"embeddable":true,"href":"https:\/\/www.organisator.ch\/fr\/wp-json\/wp\/v2\/users\/8"}],"replies":[{"embeddable":true,"href":"https:\/\/www.organisator.ch\/fr\/wp-json\/wp\/v2\/comments?post=17698"}],"version-history":[{"count":3,"href":"https:\/\/www.organisator.ch\/fr\/wp-json\/wp\/v2\/posts\/17698\/revisions"}],"predecessor-version":[{"id":33671,"href":"https:\/\/www.organisator.ch\/fr\/wp-json\/wp\/v2\/posts\/17698\/revisions\/33671"}],"wp:attachment":[{"href":"https:\/\/www.organisator.ch\/fr\/wp-json\/wp\/v2\/media?parent=17698"}],"wp:term":[{"taxonomy":"category","embeddable":true,"href":"https:\/\/www.organisator.ch\/fr\/wp-json\/wp\/v2\/categories?post=17698"},{"taxonomy":"post_tag","embeddable":true,"href":"https:\/\/www.organisator.ch\/fr\/wp-json\/wp\/v2\/tags?post=17698"}],"curies":[{"name":"wp","href":"https:\/\/api.w.org\/{rel}","templated":true}]}}