{"id":17710,"date":"2022-11-04T07:42:31","date_gmt":"2022-11-04T06:42:31","guid":{"rendered":"https:\/\/www.organisator.ch\/?p=17710"},"modified":"2022-11-04T07:42:31","modified_gmt":"2022-11-04T06:42:31","slug":"thurgauer-rezepturen-gegen-krisen","status":"publish","type":"post","link":"https:\/\/www.organisator.ch\/fr\/management\/2022-11-04\/thurgauer-rezepturen-gegen-krisen\/","title":{"rendered":"Des recettes thurgoviennes contre les crises"},"content":{"rendered":"<figure id=\"attachment_17711\" aria-describedby=\"caption-attachment-17711\" style=\"width: 680px\" class=\"wp-caption alignnone\"><img loading=\"lazy\" decoding=\"async\" class=\"size-full wp-image-17711\" src=\"https:\/\/www.organisator.ch\/wp-content\/uploads\/2022\/11\/Thurgauer-Rezepturen-gegen-Krisen_Organisator.jpg\" alt=\"\" width=\"680\" height=\"453\" srcset=\"https:\/\/www.organisator.ch\/wp-content\/uploads\/2022\/11\/Thurgauer-Rezepturen-gegen-Krisen_Organisator.jpg 680w, https:\/\/www.organisator.ch\/wp-content\/uploads\/2022\/11\/Thurgauer-Rezepturen-gegen-Krisen_Organisator-18x12.jpg 18w, https:\/\/www.organisator.ch\/wp-content\/uploads\/2022\/11\/Thurgauer-Rezepturen-gegen-Krisen_Organisator-263x175.jpg 263w, https:\/\/www.organisator.ch\/wp-content\/uploads\/2022\/11\/Thurgauer-Rezepturen-gegen-Krisen_Organisator-525x350.jpg 525w, https:\/\/www.organisator.ch\/wp-content\/uploads\/2022\/11\/Thurgauer-Rezepturen-gegen-Krisen_Organisator-300x200.jpg 300w\" sizes=\"auto, (max-width: 680px) 100vw, 680px\" \/><figcaption id=\"caption-attachment-17711\" class=\"wp-caption-text\">Hans-Werner Sinn au Forum \u00e9conomique de Thurgovie. (Image : zVg)<\/figcaption><\/figure>\n<p>De la r\u00e9gion \u00e0 l'\u00e9conomie mondiale, de la PME \u00e0 la grande banque internationale : les intervenants du 26e Forum \u00e9conomique de Thurgovie (WFT) ont couvert tout l'\u00e9ventail de l'activit\u00e9 \u00e9conomique \u00e0 l'heure actuelle. Selon l'\u00e9conomiste allemand et ancien directeur de l'institut Ifo de Munich, Hans-Werner Sinn, la situation d'inflation plus ou moins \u00e9lev\u00e9e en Suisse et dans d'autres pays, accompagn\u00e9e d'une stagnation, a une cause : les \"cygnes noirs\". Il appelle ainsi les \u00e9v\u00e9nements extr\u00eames auxquels personne ne s'attend.<\/p>\n<h3><strong>La Suisse \"comparativement splendide<\/strong><\/h3>\n<p>Sinn a parl\u00e9 d'une \"situation tout \u00e0 fait exceptionnelle\" dans laquelle se trouvent aujourd'hui les \u00e9conomies nationales. Elle est due \u00e0 des goulots d'\u00e9tranglement persistants dans les livraisons, provoqu\u00e9s par la crise de Corona, \u00e0 la p\u00e9nurie d'\u00e9nergie ainsi qu'\u00e0 \"l'orgie d'endettement \u00e9tatique\". L'\u00e9conomie suisse se maintient pourtant \"relativement bien\", par exemple en regardant l'Allemagne. Lors de l'entretien avec l'animatrice Mona Vetsch, Hans-Werner Sinn a fait preuve d'un optimisme discret : \"Il faut une crise pour agir\".<\/p>\n<p>L'ancien banquier Oswald Gr\u00fcbel, qui a dirig\u00e9 aussi bien le Credit Suisse que l'UBS, a surtout \u00e9voqu\u00e9 le Credit Suisse, secou\u00e9 par les crises. La Suisse a besoin de deux grandes banques pour pouvoir mettre suffisamment de liquidit\u00e9s \u00e0 la disposition de l'\u00e9conomie suisse. Gr\u00fcbel voit l'avenir du Credit Suisse de mani\u00e8re mod\u00e9r\u00e9ment positive et a conseill\u00e9 d'acheter exceptionnellement une action CS (moins ch\u00e8re dans l'\u00e9tat actuel des choses) plut\u00f4t qu'une saucisse \u00e0 griller.<\/p>\n<h3><strong>Rem\u00e8de contre la crise capillaire<\/strong><\/h3>\n<p>En tant que repr\u00e9sentante d'une PME thurgovienne, Sandra Banholzer, CEO de la soci\u00e9t\u00e9 Rausch AG de Kreuzlingen, a expliqu\u00e9 comment son entreprise reste capable d'innover m\u00eame en temps de crise : avec une culture d'entreprise vivante, de la mobilit\u00e9, une bonne communication et un marketing impertinent. Comme exemple d'innovation \u00e0 venir, elle a annonc\u00e9 une nouvelle recette contre les crises capillaires, impr\u00e9gn\u00e9e d'extrait de pomme p\u00e9tillant de Thurgovie.<\/p>\n<p>Monika B\u00fctler, professeur honoraire \u00e0 la HSG, a mis l'accent sur les conditions-cadres qui permettent \u00e0 une PME de r\u00e9sister et de g\u00e9rer avec succ\u00e8s m\u00eame en temps de crise. Gr\u00e2ce \u00e0 une collaboration et une r\u00e9partition des t\u00e2ches relativement bonnes entre l'\u00c9tat et le secteur priv\u00e9, la Suisse a r\u00e9ussi \u00e0 traverser la crise relativement bien en p\u00e9riode de Corona, a-t-elle expliqu\u00e9. \"Si la Suisse continue \u00e0 r\u00e9ussir\", a d\u00e9clar\u00e9 B\u00fctler, \"\u00e0 organiser les institutions de mani\u00e8re \u00e0 ce que tous conservent leur capacit\u00e9 de r\u00e9sistance et l'acc\u00e8s aux ressources, nous r\u00e9ussirons la transition vers le nouveau monde\".<\/p>\n<h3><strong>Thurgovien de l'ann\u00e9e<\/strong><\/h3>\n<p>Pour la premi\u00e8re fois, un entretien avec le Thurgauer de l'ann\u00e9e fra\u00eechement \u00e9lu a \u00e9t\u00e9 int\u00e9gr\u00e9 au forum \u00e9conomique - en coop\u00e9ration avec le Thurgauer Zeitung. Cette fois, c'est le satiriste Thomas G\u00f6tz qui a \u00e9t\u00e9 r\u00e9compens\u00e9, lui qui, ann\u00e9e apr\u00e8s ann\u00e9e, tend un miroir aux Thurgoviens sous le titre \"Erg\u00f6tzliches\". Thomas G\u00f6tz a enseign\u00e9 aux participants de la WFT : \"La Thurgovie est le canton des courtes distances - mais parfois aussi des longues lignes\".<\/p>\n<p>Pour la premi\u00e8re fois \u00e9galement, la Banque cantonale de Thurgovie \u00e9tait le sponsor principal de la WFT. Dans son allocution de bienvenue, son CEO Thomas Koller a cit\u00e9, en s'inspirant de Winston Churchill, quatre \u00e9l\u00e9ments permettant de sortir des crises : la connaissance, la confiance, l'action et le plaisir. Avec 330 participants, le Forum \u00e9conomique de Thurgovie a fait salle comble.  Le 27e Forum \u00e9conomique de Thurgovie aura lieu le 16 novembre 2023.<\/p>\n<p><em>Plus d'informations : <a href=\"https:\/\/www.wft.ch\/\">Forum \u00e9conomique de Thurgovie<\/a><\/em><\/p>","protected":false},"excerpt":{"rendered":"<p>Von der Region zur Weltwirtschaft, vom KMU zur internationalen Grossbank: Die Referentinnen und Referenten am 26. Thurgauer Wirtschaftsforum (WFT) deckten die gesamte Bandbreite des Wirtschaftens in heutiger Zeit ab. Die Situation mit unterschiedlich hoher Inflation in der Schweiz und weiteren L\u00e4ndern bei gleichzeitiger Stagnation hat gem\u00e4ss dem deutschen Volkswirtschafter und ehemaligen Direktor des M\u00fcnchner ifo-Instituts, [&hellip;]<\/p>\n","protected":false},"author":4,"featured_media":17711,"comment_status":"closed","ping_status":"closed","sticky":false,"template":"","format":"standard","meta":{"_acf_changed":false,"_yoast_wpseo_focuskw":"Thurgauer","_yoast_wpseo_metadesc":"Das Thurgauer Wirtschaftsforum vom 3. November 2022 hat sich mit der Finanzwelt und Wirtschaft im Kontext der aktuellen Krisen befasst.","articlekey":"","footnotes":""},"categories":[28],"tags":[193,335,531],"class_list":["post-17710","post","type-post","status-publish","format-standard","has-post-thumbnail","hentry","category-management","tag-fachkongressfachmesse","tag-management-und-unternehmensfuehrung","tag-wirtschaftspolitik"],"acf":[],"yoast_head":"<!-- This site is optimized with the Yoast SEO plugin v27.5 - https:\/\/yoast.com\/product\/yoast-seo-wordpress\/ -->\n<title>Thurgauer Rezepturen gegen Krisen - Organisator<\/title>\n<meta name=\"description\" content=\"Das Thurgauer Wirtschaftsforum vom 3. November 2022 hat sich mit der Finanzwelt und Wirtschaft im Kontext der aktuellen Krisen befasst.\" \/>\n<meta name=\"robots\" content=\"index, follow, max-snippet:-1, max-image-preview:large, max-video-preview:-1\" \/>\n<link rel=\"canonical\" href=\"https:\/\/www.organisator.ch\/fr\/gestion-2\/2022-11-04\/thurgauer-rezepturen-gegen-krisen\/\" \/>\n<meta property=\"og:locale\" content=\"fr_FR\" \/>\n<meta property=\"og:type\" content=\"article\" \/>\n<meta property=\"og:title\" content=\"Thurgauer Rezepturen gegen Krisen\" \/>\n<meta property=\"og:description\" content=\"Das Thurgauer Wirtschaftsforum vom 3. November 2022 hat sich mit der Finanzwelt und Wirtschaft im Kontext der aktuellen Krisen befasst.\" \/>\n<meta property=\"og:url\" content=\"https:\/\/www.organisator.ch\/fr\/gestion-2\/2022-11-04\/thurgauer-rezepturen-gegen-krisen\/\" \/>\n<meta property=\"og:site_name\" content=\"Organisator\" \/>\n<meta property=\"article:publisher\" content=\"https:\/\/www.facebook.com\/OrganisatorFachmagazin\" \/>\n<meta property=\"article:published_time\" content=\"2022-11-04T06:42:31+00:00\" \/>\n<meta property=\"og:image\" content=\"https:\/\/www.organisator.ch\/wp-content\/uploads\/2022\/11\/Thurgauer-Rezepturen-gegen-Krisen_Organisator.jpg\" \/>\n\t<meta property=\"og:image:width\" content=\"680\" \/>\n\t<meta property=\"og:image:height\" content=\"453\" \/>\n\t<meta property=\"og:image:type\" content=\"image\/jpeg\" \/>\n<meta name=\"author\" content=\"thomas.berner\" \/>\n<meta name=\"twitter:card\" content=\"summary_large_image\" \/>\n<meta name=\"twitter:title\" content=\"#Thurgauer #Rezepturen gegen #Krisen\" \/>\n<meta name=\"twitter:description\" content=\"Das #Thurgauer #Wirtschaftsforum vom 3. November 2022 hat sich mit der #Finanzwelt und Wirtschaft im Kontext der aktuellen #Krisen befasst.\" \/>\n<meta name=\"twitter:image\" content=\"https:\/\/www.organisator.ch\/wp-content\/uploads\/2022\/11\/Thurgauer-Rezepturen-gegen-Krisen_Organisator.jpg\" \/>\n<script type=\"application\/ld+json\" class=\"yoast-schema-graph\">{\"@context\":\"https:\\\/\\\/schema.org\",\"@graph\":[{\"@type\":\"Article\",\"@id\":\"https:\\\/\\\/www.organisator.ch\\\/management\\\/2022-11-04\\\/thurgauer-rezepturen-gegen-krisen\\\/#article\",\"isPartOf\":{\"@id\":\"https:\\\/\\\/www.organisator.ch\\\/management\\\/2022-11-04\\\/thurgauer-rezepturen-gegen-krisen\\\/\"},\"author\":{\"name\":\"thomas.berner\",\"@id\":\"https:\\\/\\\/www.organisator.ch\\\/#\\\/schema\\\/person\\\/6f650f90b2842cd4c0cc334b4e36f67e\"},\"headline\":\"Thurgauer Rezepturen gegen Krisen\",\"datePublished\":\"2022-11-04T06:42:31+00:00\",\"mainEntityOfPage\":{\"@id\":\"https:\\\/\\\/www.organisator.ch\\\/management\\\/2022-11-04\\\/thurgauer-rezepturen-gegen-krisen\\\/\"},\"wordCount\":500,\"publisher\":{\"@id\":\"https:\\\/\\\/www.organisator.ch\\\/#organization\"},\"image\":{\"@id\":\"https:\\\/\\\/www.organisator.ch\\\/management\\\/2022-11-04\\\/thurgauer-rezepturen-gegen-krisen\\\/#primaryimage\"},\"thumbnailUrl\":\"https:\\\/\\\/www.organisator.ch\\\/wp-content\\\/uploads\\\/2022\\\/11\\\/Thurgauer-Rezepturen-gegen-Krisen_Organisator.jpg\",\"keywords\":[\"Fachkongress\\\/Fachmesse\",\"Management und Unternehmensf\u00fchrung\",\"Wirtschaftspolitik\"],\"articleSection\":[\"MANAGEMENT\"],\"inLanguage\":\"fr-FR\"},{\"@type\":\"WebPage\",\"@id\":\"https:\\\/\\\/www.organisator.ch\\\/management\\\/2022-11-04\\\/thurgauer-rezepturen-gegen-krisen\\\/\",\"url\":\"https:\\\/\\\/www.organisator.ch\\\/management\\\/2022-11-04\\\/thurgauer-rezepturen-gegen-krisen\\\/\",\"name\":\"Thurgauer Rezepturen gegen Krisen - Organisator\",\"isPartOf\":{\"@id\":\"https:\\\/\\\/www.organisator.ch\\\/#website\"},\"primaryImageOfPage\":{\"@id\":\"https:\\\/\\\/www.organisator.ch\\\/management\\\/2022-11-04\\\/thurgauer-rezepturen-gegen-krisen\\\/#primaryimage\"},\"image\":{\"@id\":\"https:\\\/\\\/www.organisator.ch\\\/management\\\/2022-11-04\\\/thurgauer-rezepturen-gegen-krisen\\\/#primaryimage\"},\"thumbnailUrl\":\"https:\\\/\\\/www.organisator.ch\\\/wp-content\\\/uploads\\\/2022\\\/11\\\/Thurgauer-Rezepturen-gegen-Krisen_Organisator.jpg\",\"datePublished\":\"2022-11-04T06:42:31+00:00\",\"description\":\"Das Thurgauer Wirtschaftsforum vom 3. November 2022 hat sich mit der Finanzwelt und Wirtschaft im Kontext der aktuellen Krisen befasst.\",\"breadcrumb\":{\"@id\":\"https:\\\/\\\/www.organisator.ch\\\/management\\\/2022-11-04\\\/thurgauer-rezepturen-gegen-krisen\\\/#breadcrumb\"},\"inLanguage\":\"fr-FR\",\"potentialAction\":[{\"@type\":\"ReadAction\",\"target\":[\"https:\\\/\\\/www.organisator.ch\\\/management\\\/2022-11-04\\\/thurgauer-rezepturen-gegen-krisen\\\/\"]}]},{\"@type\":\"ImageObject\",\"inLanguage\":\"fr-FR\",\"@id\":\"https:\\\/\\\/www.organisator.ch\\\/management\\\/2022-11-04\\\/thurgauer-rezepturen-gegen-krisen\\\/#primaryimage\",\"url\":\"https:\\\/\\\/www.organisator.ch\\\/wp-content\\\/uploads\\\/2022\\\/11\\\/Thurgauer-Rezepturen-gegen-Krisen_Organisator.jpg\",\"contentUrl\":\"https:\\\/\\\/www.organisator.ch\\\/wp-content\\\/uploads\\\/2022\\\/11\\\/Thurgauer-Rezepturen-gegen-Krisen_Organisator.jpg\",\"width\":680,\"height\":453,\"caption\":\"Hans-Werner Sinn am Thurgauer Wirtschaftsforum. (Bild: zVg)\"},{\"@type\":\"BreadcrumbList\",\"@id\":\"https:\\\/\\\/www.organisator.ch\\\/management\\\/2022-11-04\\\/thurgauer-rezepturen-gegen-krisen\\\/#breadcrumb\",\"itemListElement\":[{\"@type\":\"ListItem\",\"position\":1,\"name\":\"Home\",\"item\":\"https:\\\/\\\/www.organisator.ch\\\/\"},{\"@type\":\"ListItem\",\"position\":2,\"name\":\"Thurgauer Rezepturen gegen Krisen\"}]},{\"@type\":\"WebSite\",\"@id\":\"https:\\\/\\\/www.organisator.ch\\\/#website\",\"url\":\"https:\\\/\\\/www.organisator.ch\\\/\",\"name\":\"Organisator\",\"description\":\"Kompetent. Praxisnah. Der ORGANISATOR bereitet in 10 Ausgaben pro Jahr die wesentlichen Themen f\u00fcr F\u00fchrungskr\u00e4fte von KMU auf.\",\"publisher\":{\"@id\":\"https:\\\/\\\/www.organisator.ch\\\/#organization\"},\"potentialAction\":[{\"@type\":\"SearchAction\",\"target\":{\"@type\":\"EntryPoint\",\"urlTemplate\":\"https:\\\/\\\/www.organisator.ch\\\/?s={search_term_string}\"},\"query-input\":{\"@type\":\"PropertyValueSpecification\",\"valueRequired\":true,\"valueName\":\"search_term_string\"}}],\"inLanguage\":\"fr-FR\"},{\"@type\":\"Organization\",\"@id\":\"https:\\\/\\\/www.organisator.ch\\\/#organization\",\"name\":\"Organisator\",\"url\":\"https:\\\/\\\/www.organisator.ch\\\/\",\"logo\":{\"@type\":\"ImageObject\",\"inLanguage\":\"fr-FR\",\"@id\":\"https:\\\/\\\/www.organisator.ch\\\/#\\\/schema\\\/logo\\\/image\\\/\",\"url\":\"https:\\\/\\\/www.organisator.ch\\\/wp-content\\\/uploads\\\/2022\\\/01\\\/Logo_Organisator_Website.png\",\"contentUrl\":\"https:\\\/\\\/www.organisator.ch\\\/wp-content\\\/uploads\\\/2022\\\/01\\\/Logo_Organisator_Website.png\",\"width\":800,\"height\":77,\"caption\":\"Organisator\"},\"image\":{\"@id\":\"https:\\\/\\\/www.organisator.ch\\\/#\\\/schema\\\/logo\\\/image\\\/\"},\"sameAs\":[\"https:\\\/\\\/www.facebook.com\\\/OrganisatorFachmagazin\",\"https:\\\/\\\/www.linkedin.com\\\/showcase\\\/organisator-das-magazin-fr-kmu\",\"https:\\\/\\\/www.xing.com\\\/news\\\/pages\\\/organisator-ch-695\",\"https:\\\/\\\/www.youtube.com\\\/channel\\\/UCGP2Sq0iWaZwT3BdIAQFYpw\"]},{\"@type\":\"Person\",\"@id\":\"https:\\\/\\\/www.organisator.ch\\\/#\\\/schema\\\/person\\\/6f650f90b2842cd4c0cc334b4e36f67e\",\"name\":\"thomas.berner\",\"image\":{\"@type\":\"ImageObject\",\"inLanguage\":\"fr-FR\",\"@id\":\"https:\\\/\\\/secure.gravatar.com\\\/avatar\\\/ac5001d2a36cb6c6cd3e50789007ffca834b477b74a2144564522e944eabff61?s=96&d=mm&r=g\",\"url\":\"https:\\\/\\\/secure.gravatar.com\\\/avatar\\\/ac5001d2a36cb6c6cd3e50789007ffca834b477b74a2144564522e944eabff61?s=96&d=mm&r=g\",\"contentUrl\":\"https:\\\/\\\/secure.gravatar.com\\\/avatar\\\/ac5001d2a36cb6c6cd3e50789007ffca834b477b74a2144564522e944eabff61?s=96&d=mm&r=g\",\"caption\":\"thomas.berner\"},\"url\":\"https:\\\/\\\/www.organisator.ch\\\/fr\\\/author\\\/thomas-berner\\\/\"}]}<\/script>\n<!-- \/ Yoast SEO plugin. -->","yoast_head_json":{"title":"Recettes thurgoviennes contre les crises - Organisateur","description":"Le Forum \u00e9conomique de Thurgovie du 3 novembre 2022 s'est pench\u00e9 sur le monde financier et l'\u00e9conomie dans le contexte des crises actuelles.","robots":{"index":"index","follow":"follow","max-snippet":"max-snippet:-1","max-image-preview":"max-image-preview:large","max-video-preview":"max-video-preview:-1"},"canonical":"https:\/\/www.organisator.ch\/fr\/gestion-2\/2022-11-04\/thurgauer-rezepturen-gegen-krisen\/","og_locale":"fr_FR","og_type":"article","og_title":"Thurgauer Rezepturen gegen Krisen","og_description":"Das Thurgauer Wirtschaftsforum vom 3. November 2022 hat sich mit der Finanzwelt und Wirtschaft im Kontext der aktuellen Krisen befasst.","og_url":"https:\/\/www.organisator.ch\/fr\/gestion-2\/2022-11-04\/thurgauer-rezepturen-gegen-krisen\/","og_site_name":"Organisator","article_publisher":"https:\/\/www.facebook.com\/OrganisatorFachmagazin","article_published_time":"2022-11-04T06:42:31+00:00","og_image":[{"width":680,"height":453,"url":"https:\/\/www.organisator.ch\/wp-content\/uploads\/2022\/11\/Thurgauer-Rezepturen-gegen-Krisen_Organisator.jpg","type":"image\/jpeg"}],"author":"thomas.berner","twitter_card":"summary_large_image","twitter_title":"#Thurgauer #Rezepturen gegen #Krisen","twitter_description":"Das #Thurgauer #Wirtschaftsforum vom 3. November 2022 hat sich mit der #Finanzwelt und Wirtschaft im Kontext der aktuellen #Krisen befasst.","twitter_image":"https:\/\/www.organisator.ch\/wp-content\/uploads\/2022\/11\/Thurgauer-Rezepturen-gegen-Krisen_Organisator.jpg","schema":{"@context":"https:\/\/schema.org","@graph":[{"@type":"Article","@id":"https:\/\/www.organisator.ch\/management\/2022-11-04\/thurgauer-rezepturen-gegen-krisen\/#article","isPartOf":{"@id":"https:\/\/www.organisator.ch\/management\/2022-11-04\/thurgauer-rezepturen-gegen-krisen\/"},"author":{"name":"thomas.berner","@id":"https:\/\/www.organisator.ch\/#\/schema\/person\/6f650f90b2842cd4c0cc334b4e36f67e"},"headline":"Thurgauer Rezepturen gegen Krisen","datePublished":"2022-11-04T06:42:31+00:00","mainEntityOfPage":{"@id":"https:\/\/www.organisator.ch\/management\/2022-11-04\/thurgauer-rezepturen-gegen-krisen\/"},"wordCount":500,"publisher":{"@id":"https:\/\/www.organisator.ch\/#organization"},"image":{"@id":"https:\/\/www.organisator.ch\/management\/2022-11-04\/thurgauer-rezepturen-gegen-krisen\/#primaryimage"},"thumbnailUrl":"https:\/\/www.organisator.ch\/wp-content\/uploads\/2022\/11\/Thurgauer-Rezepturen-gegen-Krisen_Organisator.jpg","keywords":["Fachkongress\/Fachmesse","Management und Unternehmensf\u00fchrung","Wirtschaftspolitik"],"articleSection":["MANAGEMENT"],"inLanguage":"fr-FR"},{"@type":"WebPage","@id":"https:\/\/www.organisator.ch\/management\/2022-11-04\/thurgauer-rezepturen-gegen-krisen\/","url":"https:\/\/www.organisator.ch\/management\/2022-11-04\/thurgauer-rezepturen-gegen-krisen\/","name":"Recettes thurgoviennes contre les crises - Organisateur","isPartOf":{"@id":"https:\/\/www.organisator.ch\/#website"},"primaryImageOfPage":{"@id":"https:\/\/www.organisator.ch\/management\/2022-11-04\/thurgauer-rezepturen-gegen-krisen\/#primaryimage"},"image":{"@id":"https:\/\/www.organisator.ch\/management\/2022-11-04\/thurgauer-rezepturen-gegen-krisen\/#primaryimage"},"thumbnailUrl":"https:\/\/www.organisator.ch\/wp-content\/uploads\/2022\/11\/Thurgauer-Rezepturen-gegen-Krisen_Organisator.jpg","datePublished":"2022-11-04T06:42:31+00:00","description":"Le Forum \u00e9conomique de Thurgovie du 3 novembre 2022 s'est pench\u00e9 sur le monde financier et l'\u00e9conomie dans le contexte des crises actuelles.","breadcrumb":{"@id":"https:\/\/www.organisator.ch\/management\/2022-11-04\/thurgauer-rezepturen-gegen-krisen\/#breadcrumb"},"inLanguage":"fr-FR","potentialAction":[{"@type":"ReadAction","target":["https:\/\/www.organisator.ch\/management\/2022-11-04\/thurgauer-rezepturen-gegen-krisen\/"]}]},{"@type":"ImageObject","inLanguage":"fr-FR","@id":"https:\/\/www.organisator.ch\/management\/2022-11-04\/thurgauer-rezepturen-gegen-krisen\/#primaryimage","url":"https:\/\/www.organisator.ch\/wp-content\/uploads\/2022\/11\/Thurgauer-Rezepturen-gegen-Krisen_Organisator.jpg","contentUrl":"https:\/\/www.organisator.ch\/wp-content\/uploads\/2022\/11\/Thurgauer-Rezepturen-gegen-Krisen_Organisator.jpg","width":680,"height":453,"caption":"Hans-Werner Sinn am Thurgauer Wirtschaftsforum. (Bild: zVg)"},{"@type":"BreadcrumbList","@id":"https:\/\/www.organisator.ch\/management\/2022-11-04\/thurgauer-rezepturen-gegen-krisen\/#breadcrumb","itemListElement":[{"@type":"ListItem","position":1,"name":"Home","item":"https:\/\/www.organisator.ch\/"},{"@type":"ListItem","position":2,"name":"Thurgauer Rezepturen gegen Krisen"}]},{"@type":"WebSite","@id":"https:\/\/www.organisator.ch\/#website","url":"https:\/\/www.organisator.ch\/","name":"Organisateur","description":"Comp\u00e9tence et comp\u00e9tence. Proches de la pratique. L'ORGANISATEUR pr\u00e9pare 10 num\u00e9ros par an sur les th\u00e8mes essentiels pour les dirigeants de PME.","publisher":{"@id":"https:\/\/www.organisator.ch\/#organization"},"potentialAction":[{"@type":"SearchAction","target":{"@type":"EntryPoint","urlTemplate":"https:\/\/www.organisator.ch\/?s={search_term_string}"},"query-input":{"@type":"PropertyValueSpecification","valueRequired":true,"valueName":"search_term_string"}}],"inLanguage":"fr-FR"},{"@type":"Organization","@id":"https:\/\/www.organisator.ch\/#organization","name":"Organisateur","url":"https:\/\/www.organisator.ch\/","logo":{"@type":"ImageObject","inLanguage":"fr-FR","@id":"https:\/\/www.organisator.ch\/#\/schema\/logo\/image\/","url":"https:\/\/www.organisator.ch\/wp-content\/uploads\/2022\/01\/Logo_Organisator_Website.png","contentUrl":"https:\/\/www.organisator.ch\/wp-content\/uploads\/2022\/01\/Logo_Organisator_Website.png","width":800,"height":77,"caption":"Organisator"},"image":{"@id":"https:\/\/www.organisator.ch\/#\/schema\/logo\/image\/"},"sameAs":["https:\/\/www.facebook.com\/OrganisatorFachmagazin","https:\/\/www.linkedin.com\/showcase\/organisator-das-magazin-fr-kmu","https:\/\/www.xing.com\/news\/pages\/organisator-ch-695","https:\/\/www.youtube.com\/channel\/UCGP2Sq0iWaZwT3BdIAQFYpw"]},{"@type":"Person","@id":"https:\/\/www.organisator.ch\/#\/schema\/person\/6f650f90b2842cd4c0cc334b4e36f67e","name":"thomas.berner","image":{"@type":"ImageObject","inLanguage":"fr-FR","@id":"https:\/\/secure.gravatar.com\/avatar\/ac5001d2a36cb6c6cd3e50789007ffca834b477b74a2144564522e944eabff61?s=96&d=mm&r=g","url":"https:\/\/secure.gravatar.com\/avatar\/ac5001d2a36cb6c6cd3e50789007ffca834b477b74a2144564522e944eabff61?s=96&d=mm&r=g","contentUrl":"https:\/\/secure.gravatar.com\/avatar\/ac5001d2a36cb6c6cd3e50789007ffca834b477b74a2144564522e944eabff61?s=96&d=mm&r=g","caption":"thomas.berner"},"url":"https:\/\/www.organisator.ch\/fr\/author\/thomas-berner\/"}]}},"_links":{"self":[{"href":"https:\/\/www.organisator.ch\/fr\/wp-json\/wp\/v2\/posts\/17710","targetHints":{"allow":["GET"]}}],"collection":[{"href":"https:\/\/www.organisator.ch\/fr\/wp-json\/wp\/v2\/posts"}],"about":[{"href":"https:\/\/www.organisator.ch\/fr\/wp-json\/wp\/v2\/types\/post"}],"author":[{"embeddable":true,"href":"https:\/\/www.organisator.ch\/fr\/wp-json\/wp\/v2\/users\/4"}],"replies":[{"embeddable":true,"href":"https:\/\/www.organisator.ch\/fr\/wp-json\/wp\/v2\/comments?post=17710"}],"version-history":[{"count":1,"href":"https:\/\/www.organisator.ch\/fr\/wp-json\/wp\/v2\/posts\/17710\/revisions"}],"predecessor-version":[{"id":17712,"href":"https:\/\/www.organisator.ch\/fr\/wp-json\/wp\/v2\/posts\/17710\/revisions\/17712"}],"wp:featuredmedia":[{"embeddable":true,"href":"https:\/\/www.organisator.ch\/fr\/wp-json\/wp\/v2\/media\/17711"}],"wp:attachment":[{"href":"https:\/\/www.organisator.ch\/fr\/wp-json\/wp\/v2\/media?parent=17710"}],"wp:term":[{"taxonomy":"category","embeddable":true,"href":"https:\/\/www.organisator.ch\/fr\/wp-json\/wp\/v2\/categories?post=17710"},{"taxonomy":"post_tag","embeddable":true,"href":"https:\/\/www.organisator.ch\/fr\/wp-json\/wp\/v2\/tags?post=17710"}],"curies":[{"name":"wp","href":"https:\/\/api.w.org\/{rel}","templated":true}]}}