{"id":17744,"date":"2022-11-07T14:01:27","date_gmt":"2022-11-07T13:01:27","guid":{"rendered":"https:\/\/www.organisator.ch\/?p=17744"},"modified":"2022-11-07T14:01:27","modified_gmt":"2022-11-07T13:01:27","slug":"greenpeace-schweiz-wird-immer-unglaubwuerdiger","status":"publish","type":"post","link":"https:\/\/www.organisator.ch\/fr\/sustainability\/2022-11-07\/greenpeace-schweiz-wird-immer-unglaubwuerdiger\/","title":{"rendered":"Greenpeace : La Suisse devient de moins en moins cr\u00e9dible"},"content":{"rendered":"<figure id=\"attachment_17745\" aria-describedby=\"caption-attachment-17745\" style=\"width: 680px\" class=\"wp-caption alignnone\"><img loading=\"lazy\" decoding=\"async\" class=\"size-full wp-image-17745\" src=\"https:\/\/www.organisator.ch\/wp-content\/uploads\/2022\/11\/Greenpeace-Schweiz-wird-immer-unglaubwuerdiger_Organisator.jpg\" alt=\"\" width=\"680\" height=\"453\" srcset=\"https:\/\/www.organisator.ch\/wp-content\/uploads\/2022\/11\/Greenpeace-Schweiz-wird-immer-unglaubwuerdiger_Organisator.jpg 680w, https:\/\/www.organisator.ch\/wp-content\/uploads\/2022\/11\/Greenpeace-Schweiz-wird-immer-unglaubwuerdiger_Organisator-18x12.jpg 18w, https:\/\/www.organisator.ch\/wp-content\/uploads\/2022\/11\/Greenpeace-Schweiz-wird-immer-unglaubwuerdiger_Organisator-263x175.jpg 263w, https:\/\/www.organisator.ch\/wp-content\/uploads\/2022\/11\/Greenpeace-Schweiz-wird-immer-unglaubwuerdiger_Organisator-525x350.jpg 525w, https:\/\/www.organisator.ch\/wp-content\/uploads\/2022\/11\/Greenpeace-Schweiz-wird-immer-unglaubwuerdiger_Organisator-300x200.jpg 300w\" sizes=\"auto, (max-width: 680px) 100vw, 680px\" \/><figcaption id=\"caption-attachment-17745\" class=\"wp-caption-text\">Il n'y a pas de \"plan\u00e8te B\" : selon Greenpeace, cela vaut aussi pour la Suisse, qui serait tr\u00e8s en retard sur les objectifs climatiques. (Image : Unsplash.com)<\/figcaption><\/figure>\n<p>Pour que la COP27 contribue r\u00e9ellement \u00e0 atteindre les objectifs de l'accord de Paris, Greenpeace estime que la Suisse et les autres pays riches doivent d'urgence am\u00e9liorer leurs strat\u00e9gies climatiques largement insuffisantes et prendre leurs responsabilit\u00e9s. Ils doivent s'engager \u00e0 financer suffisamment la gestion des pertes et des dommages caus\u00e9s par les catastrophes climatiques, demande encore l'organisation environnementale. Il faut en outre des engagements pour soutenir financi\u00e8rement les pays \u00e0 faible revenu dans leur adaptation aux cons\u00e9quences du changement climatique et pour renforcer leur capacit\u00e9 de r\u00e9sistance.<\/p>\n<p>\"Malgr\u00e9 les extr\u00eames climatiques de ces derniers mois, qui ont sem\u00e9 la mort et la destruction, malgr\u00e9 les r\u00e9centes d\u00e9couvertes qui montrent clairement que des points de basculement dangereux sont probablement d\u00e9clench\u00e9s \u00e0 partir d'un r\u00e9chauffement global de 1,5\u00b0C, la Suisse campe sur sa position largement insuffisante\", d\u00e9clare Georg Klingler, expert en climat et \u00e9nergie chez Greenpeace Suisse.<\/p>\n<h3>Greenpeace met la Suisse au pilori<\/h3>\n<p>Des analyses internationales comparant les efforts de protection du climat de diff\u00e9rents pays montreraient clairement les lacunes de la politique climatique suisse, \u00e9crit Greenpeace dans un communiqu\u00e9 de presse. Les points suivants sont notamment d\u00e9nonc\u00e9s :<\/p>\n<ul>\n<li>La Suisse n'a pas tenu ses engagements en mati\u00e8re de protection climatique pour 2020 et n'est pas mieux plac\u00e9e pour 2030 : si tous les pays s'alignaient sur les ambitions de la Suisse, la plan\u00e8te se r\u00e9chaufferait jusqu'\u00e0 3\u00b0C par rapport au niveau pr\u00e9industriel. L'avenir de l'humanit\u00e9 serait ainsi menac\u00e9.<\/li>\n<li>Au lieu d'une r\u00e9duction des \u00e9missions de gaz \u00e0 effet de serre de 50 pour cent d'ici 2030, la Suisse devrait atteindre au moins 61 pour cent par rapport au niveau de 1990 sur son territoire. Et ce sans tenir compte des r\u00e9ductions d'\u00e9missions r\u00e9alis\u00e9es dans d'autres pays. De telles r\u00e9ductions devraient s'ajouter \u00e0 l'objectif national et conduire \u00e0 ce que la Suisse r\u00e9duise d'ici 2030 plus d'\u00e9missions qu'elle n'en a \u00e9mis en 1990.<\/li>\n<li>La r\u00e9gulation des flux financiers reste un \u00e9norme probl\u00e8me. Sept ans apr\u00e8s l'adoption de l'accord de Paris, la Suisse ne dispose toujours pas de directives contraignantes pour r\u00e9duire les dommages climatiques mondiaux caus\u00e9s par la place financi\u00e8re et donc aussi par la Banque nationale suisse. La place financi\u00e8re suisse alimente actuellement un r\u00e9chauffement global de 4\u00b0C. La place financi\u00e8re suisse est le plus grand levier de protection du climat en Suisse, affirme l'organisation environnementale.<\/li>\n<li>La position de la Suisse concernant le financement d'un d\u00e9veloppement respectueux du climat et des dommages climatiques dans les pays qui ont relativement peu contribu\u00e9 au r\u00e9chauffement climatique par le pass\u00e9 laisse \u00e9galement \u00e0 d\u00e9sirer. Au lieu de mettre \u00e0 disposition de nouveaux fonds pour r\u00e9soudre le probl\u00e8me qui menace la plan\u00e8te et r\u00e9duire les souffrances, les fonds de la coop\u00e9ration au d\u00e9veloppement seraient r\u00e9affect\u00e9s et compens\u00e9s par des cr\u00e9dits priv\u00e9s.<\/li>\n<\/ul>\n<h3>COP27 avec peu d'attentes<\/h3>\n<p>L'organisation environnementale Greenpeace est elle-m\u00eame pr\u00e9sente \u00e0 la conf\u00e9rence avec une d\u00e9l\u00e9gation internationale. Ses repr\u00e9sentants s'engagent \u00e0 ce que des progr\u00e8s soient r\u00e9alis\u00e9s en mati\u00e8re de justice climatique ainsi que pour le maintien d'un r\u00e9chauffement global maximal de 1,5\u00b0C. Selon <a href=\"https:\/\/www.organisator.ch\/de\/sustainability\/2022-11-04\/cop27-mind-the-gap\/\">Appr\u00e9ciation des experts<\/a> mais les r\u00e9sultats de la COP27 devraient \u00e0 nouveau \u00eatre faibles. Il semble que l'agenda de nombreux pays industrialis\u00e9s soit actuellement davantage dict\u00e9 par la guerre en Ukraine que par une crise climatique mondiale.<\/p>\n<p><em><a href=\"https:\/\/www.greenpeace.ch\/de\/\">Source<\/a><\/em><\/p>","protected":false},"excerpt":{"rendered":"<p>Damit die COP27 tats\u00e4chlich dazu beitr\u00e4gt, die Ziele des Pariser Abkommens zu erreichen, m\u00fcssen gem\u00e4ss Greenpeace die Schweiz und die anderen reichen L\u00e4nder ihre weitgehend unzureichenden Klimastrategien dringend verbessern und Verantwortung \u00fcbernehmen. Sie m\u00fcssten sich verpflichten, die Bew\u00e4ltigung von Verlusten und Sch\u00e4den durch Klimakatastrophen ausreichend zu finanzieren, fordert die Umweltorganisation weiter. Es brauche zudem Zusagen [&hellip;]<\/p>\n","protected":false},"author":4,"featured_media":17745,"comment_status":"closed","ping_status":"closed","sticky":false,"template":"","format":"standard","meta":{"_acf_changed":false,"_yoast_wpseo_focuskw":"Greenpeace","_yoast_wpseo_metadesc":"Die COP27 in Sharm El Sheikh hat begonnen. Laut Greenpeace stehe die Klimakonferenz im Zeichen der Ignoranz von L\u00e4ndern wie der Schweiz.","articlekey":"","footnotes":""},"categories":[580],"tags":[3491,1319,1513,358],"class_list":["post-17744","post","type-post","status-publish","format-standard","has-post-thumbnail","hentry","category-sustainability","tag-cop27","tag-greenpeace","tag-klimakonferenz","tag-nachhaltige-wirtschaft"],"acf":[],"yoast_head":"<!-- This site is optimized with the Yoast SEO plugin v27.5 - https:\/\/yoast.com\/product\/yoast-seo-wordpress\/ -->\n<title>Greenpeace: Schweiz wird immer unglaubw\u00fcrdiger - Organisator<\/title>\n<meta name=\"description\" content=\"Die COP27 in Sharm El Sheikh hat begonnen. Laut Greenpeace stehe die Klimakonferenz im Zeichen der Ignoranz von L\u00e4ndern wie der Schweiz.\" \/>\n<meta name=\"robots\" content=\"index, follow, max-snippet:-1, max-image-preview:large, max-video-preview:-1\" \/>\n<link rel=\"canonical\" href=\"https:\/\/www.organisator.ch\/fr\/sustainability\/2022-11-07\/greenpeace-schweiz-wird-immer-unglaubwuerdiger\/\" \/>\n<meta property=\"og:locale\" content=\"fr_FR\" \/>\n<meta property=\"og:type\" content=\"article\" \/>\n<meta property=\"og:title\" content=\"Greenpeace: Schweiz wird immer unglaubw\u00fcrdiger\" \/>\n<meta property=\"og:description\" content=\"Die COP27 in Sharm El Sheikh hat begonnen. Laut Greenpeace stehe die Klimakonferenz im Zeichen der Ignoranz von L\u00e4ndern wie der Schweiz.\" \/>\n<meta property=\"og:url\" content=\"https:\/\/www.organisator.ch\/fr\/sustainability\/2022-11-07\/greenpeace-schweiz-wird-immer-unglaubwuerdiger\/\" \/>\n<meta property=\"og:site_name\" content=\"Organisator\" \/>\n<meta property=\"article:publisher\" content=\"https:\/\/www.facebook.com\/OrganisatorFachmagazin\" \/>\n<meta property=\"article:published_time\" content=\"2022-11-07T13:01:27+00:00\" \/>\n<meta property=\"og:image\" content=\"https:\/\/www.organisator.ch\/wp-content\/uploads\/2022\/11\/Greenpeace-Schweiz-wird-immer-unglaubwuerdiger_Organisator.jpg\" \/>\n\t<meta property=\"og:image:width\" content=\"680\" \/>\n\t<meta property=\"og:image:height\" content=\"453\" \/>\n\t<meta property=\"og:image:type\" content=\"image\/jpeg\" \/>\n<meta name=\"author\" content=\"thomas.berner\" \/>\n<meta name=\"twitter:card\" content=\"summary_large_image\" \/>\n<meta name=\"twitter:title\" content=\"#Greenpeace: Schweiz wird immer unglaubw\u00fcrdiger\" \/>\n<meta name=\"twitter:description\" content=\"Die #COP27 in Sharm El Sheikh hat begonnen. Laut #Greenpeace stehe die #Klimakonferenz im Zeichen der Ignoranz von L\u00e4ndern wie der Schweiz.\" \/>\n<meta name=\"twitter:image\" content=\"https:\/\/www.organisator.ch\/wp-content\/uploads\/2022\/11\/Greenpeace-Schweiz-wird-immer-unglaubwuerdiger_Organisator.jpg\" \/>\n<script type=\"application\/ld+json\" class=\"yoast-schema-graph\">{\"@context\":\"https:\\\/\\\/schema.org\",\"@graph\":[{\"@type\":\"Article\",\"@id\":\"https:\\\/\\\/www.organisator.ch\\\/sustainability\\\/2022-11-07\\\/greenpeace-schweiz-wird-immer-unglaubwuerdiger\\\/#article\",\"isPartOf\":{\"@id\":\"https:\\\/\\\/www.organisator.ch\\\/sustainability\\\/2022-11-07\\\/greenpeace-schweiz-wird-immer-unglaubwuerdiger\\\/\"},\"author\":{\"name\":\"thomas.berner\",\"@id\":\"https:\\\/\\\/www.organisator.ch\\\/#\\\/schema\\\/person\\\/6f650f90b2842cd4c0cc334b4e36f67e\"},\"headline\":\"Greenpeace: Schweiz wird immer unglaubw\u00fcrdiger\",\"datePublished\":\"2022-11-07T13:01:27+00:00\",\"mainEntityOfPage\":{\"@id\":\"https:\\\/\\\/www.organisator.ch\\\/sustainability\\\/2022-11-07\\\/greenpeace-schweiz-wird-immer-unglaubwuerdiger\\\/\"},\"wordCount\":538,\"publisher\":{\"@id\":\"https:\\\/\\\/www.organisator.ch\\\/#organization\"},\"image\":{\"@id\":\"https:\\\/\\\/www.organisator.ch\\\/sustainability\\\/2022-11-07\\\/greenpeace-schweiz-wird-immer-unglaubwuerdiger\\\/#primaryimage\"},\"thumbnailUrl\":\"https:\\\/\\\/www.organisator.ch\\\/wp-content\\\/uploads\\\/2022\\\/11\\\/Greenpeace-Schweiz-wird-immer-unglaubwuerdiger_Organisator.jpg\",\"keywords\":[\"COP27\",\"Greenpeace\",\"Klimakonferenz\",\"Nachhaltige Wirtschaft\"],\"articleSection\":[\"SUSTAINABILITY\"],\"inLanguage\":\"fr-FR\"},{\"@type\":\"WebPage\",\"@id\":\"https:\\\/\\\/www.organisator.ch\\\/sustainability\\\/2022-11-07\\\/greenpeace-schweiz-wird-immer-unglaubwuerdiger\\\/\",\"url\":\"https:\\\/\\\/www.organisator.ch\\\/sustainability\\\/2022-11-07\\\/greenpeace-schweiz-wird-immer-unglaubwuerdiger\\\/\",\"name\":\"Greenpeace: Schweiz wird immer unglaubw\u00fcrdiger - Organisator\",\"isPartOf\":{\"@id\":\"https:\\\/\\\/www.organisator.ch\\\/#website\"},\"primaryImageOfPage\":{\"@id\":\"https:\\\/\\\/www.organisator.ch\\\/sustainability\\\/2022-11-07\\\/greenpeace-schweiz-wird-immer-unglaubwuerdiger\\\/#primaryimage\"},\"image\":{\"@id\":\"https:\\\/\\\/www.organisator.ch\\\/sustainability\\\/2022-11-07\\\/greenpeace-schweiz-wird-immer-unglaubwuerdiger\\\/#primaryimage\"},\"thumbnailUrl\":\"https:\\\/\\\/www.organisator.ch\\\/wp-content\\\/uploads\\\/2022\\\/11\\\/Greenpeace-Schweiz-wird-immer-unglaubwuerdiger_Organisator.jpg\",\"datePublished\":\"2022-11-07T13:01:27+00:00\",\"description\":\"Die COP27 in Sharm El Sheikh hat begonnen. Laut Greenpeace stehe die Klimakonferenz im Zeichen der Ignoranz von L\u00e4ndern wie der Schweiz.\",\"breadcrumb\":{\"@id\":\"https:\\\/\\\/www.organisator.ch\\\/sustainability\\\/2022-11-07\\\/greenpeace-schweiz-wird-immer-unglaubwuerdiger\\\/#breadcrumb\"},\"inLanguage\":\"fr-FR\",\"potentialAction\":[{\"@type\":\"ReadAction\",\"target\":[\"https:\\\/\\\/www.organisator.ch\\\/sustainability\\\/2022-11-07\\\/greenpeace-schweiz-wird-immer-unglaubwuerdiger\\\/\"]}]},{\"@type\":\"ImageObject\",\"inLanguage\":\"fr-FR\",\"@id\":\"https:\\\/\\\/www.organisator.ch\\\/sustainability\\\/2022-11-07\\\/greenpeace-schweiz-wird-immer-unglaubwuerdiger\\\/#primaryimage\",\"url\":\"https:\\\/\\\/www.organisator.ch\\\/wp-content\\\/uploads\\\/2022\\\/11\\\/Greenpeace-Schweiz-wird-immer-unglaubwuerdiger_Organisator.jpg\",\"contentUrl\":\"https:\\\/\\\/www.organisator.ch\\\/wp-content\\\/uploads\\\/2022\\\/11\\\/Greenpeace-Schweiz-wird-immer-unglaubwuerdiger_Organisator.jpg\",\"width\":680,\"height\":453,\"caption\":\"Es gibt keinen \\\"Planet B\\\": Laut Greenpeace gilt das auch f\u00fcr die Schweiz, die den Klimazielen weit hinterherhinke. (Bild: Unsplash.com)\"},{\"@type\":\"BreadcrumbList\",\"@id\":\"https:\\\/\\\/www.organisator.ch\\\/sustainability\\\/2022-11-07\\\/greenpeace-schweiz-wird-immer-unglaubwuerdiger\\\/#breadcrumb\",\"itemListElement\":[{\"@type\":\"ListItem\",\"position\":1,\"name\":\"Home\",\"item\":\"https:\\\/\\\/www.organisator.ch\\\/\"},{\"@type\":\"ListItem\",\"position\":2,\"name\":\"Greenpeace: Schweiz wird immer unglaubw\u00fcrdiger\"}]},{\"@type\":\"WebSite\",\"@id\":\"https:\\\/\\\/www.organisator.ch\\\/#website\",\"url\":\"https:\\\/\\\/www.organisator.ch\\\/\",\"name\":\"Organisator\",\"description\":\"Kompetent. Praxisnah. Der ORGANISATOR bereitet in 10 Ausgaben pro Jahr die wesentlichen Themen f\u00fcr F\u00fchrungskr\u00e4fte von KMU auf.\",\"publisher\":{\"@id\":\"https:\\\/\\\/www.organisator.ch\\\/#organization\"},\"potentialAction\":[{\"@type\":\"SearchAction\",\"target\":{\"@type\":\"EntryPoint\",\"urlTemplate\":\"https:\\\/\\\/www.organisator.ch\\\/?s={search_term_string}\"},\"query-input\":{\"@type\":\"PropertyValueSpecification\",\"valueRequired\":true,\"valueName\":\"search_term_string\"}}],\"inLanguage\":\"fr-FR\"},{\"@type\":\"Organization\",\"@id\":\"https:\\\/\\\/www.organisator.ch\\\/#organization\",\"name\":\"Organisator\",\"url\":\"https:\\\/\\\/www.organisator.ch\\\/\",\"logo\":{\"@type\":\"ImageObject\",\"inLanguage\":\"fr-FR\",\"@id\":\"https:\\\/\\\/www.organisator.ch\\\/#\\\/schema\\\/logo\\\/image\\\/\",\"url\":\"https:\\\/\\\/www.organisator.ch\\\/wp-content\\\/uploads\\\/2022\\\/01\\\/Logo_Organisator_Website.png\",\"contentUrl\":\"https:\\\/\\\/www.organisator.ch\\\/wp-content\\\/uploads\\\/2022\\\/01\\\/Logo_Organisator_Website.png\",\"width\":800,\"height\":77,\"caption\":\"Organisator\"},\"image\":{\"@id\":\"https:\\\/\\\/www.organisator.ch\\\/#\\\/schema\\\/logo\\\/image\\\/\"},\"sameAs\":[\"https:\\\/\\\/www.facebook.com\\\/OrganisatorFachmagazin\",\"https:\\\/\\\/www.linkedin.com\\\/showcase\\\/organisator-das-magazin-fr-kmu\",\"https:\\\/\\\/www.xing.com\\\/news\\\/pages\\\/organisator-ch-695\",\"https:\\\/\\\/www.youtube.com\\\/channel\\\/UCGP2Sq0iWaZwT3BdIAQFYpw\"]},{\"@type\":\"Person\",\"@id\":\"https:\\\/\\\/www.organisator.ch\\\/#\\\/schema\\\/person\\\/6f650f90b2842cd4c0cc334b4e36f67e\",\"name\":\"thomas.berner\",\"image\":{\"@type\":\"ImageObject\",\"inLanguage\":\"fr-FR\",\"@id\":\"https:\\\/\\\/secure.gravatar.com\\\/avatar\\\/ac5001d2a36cb6c6cd3e50789007ffca834b477b74a2144564522e944eabff61?s=96&d=mm&r=g\",\"url\":\"https:\\\/\\\/secure.gravatar.com\\\/avatar\\\/ac5001d2a36cb6c6cd3e50789007ffca834b477b74a2144564522e944eabff61?s=96&d=mm&r=g\",\"contentUrl\":\"https:\\\/\\\/secure.gravatar.com\\\/avatar\\\/ac5001d2a36cb6c6cd3e50789007ffca834b477b74a2144564522e944eabff61?s=96&d=mm&r=g\",\"caption\":\"thomas.berner\"},\"url\":\"https:\\\/\\\/www.organisator.ch\\\/fr\\\/author\\\/thomas-berner\\\/\"}]}<\/script>\n<!-- \/ Yoast SEO plugin. -->","yoast_head_json":{"title":"Greenpeace : La Suisse est de moins en moins cr\u00e9dible - Organisateur","description":"La COP27 a d\u00e9but\u00e9 \u00e0 Sharm El Sheikh. Selon Greenpeace, la conf\u00e9rence sur le climat est plac\u00e9e sous le signe de l'ignorance de pays comme la Suisse.","robots":{"index":"index","follow":"follow","max-snippet":"max-snippet:-1","max-image-preview":"max-image-preview:large","max-video-preview":"max-video-preview:-1"},"canonical":"https:\/\/www.organisator.ch\/fr\/sustainability\/2022-11-07\/greenpeace-schweiz-wird-immer-unglaubwuerdiger\/","og_locale":"fr_FR","og_type":"article","og_title":"Greenpeace: Schweiz wird immer unglaubw\u00fcrdiger","og_description":"Die COP27 in Sharm El Sheikh hat begonnen. Laut Greenpeace stehe die Klimakonferenz im Zeichen der Ignoranz von L\u00e4ndern wie der Schweiz.","og_url":"https:\/\/www.organisator.ch\/fr\/sustainability\/2022-11-07\/greenpeace-schweiz-wird-immer-unglaubwuerdiger\/","og_site_name":"Organisator","article_publisher":"https:\/\/www.facebook.com\/OrganisatorFachmagazin","article_published_time":"2022-11-07T13:01:27+00:00","og_image":[{"width":680,"height":453,"url":"https:\/\/www.organisator.ch\/wp-content\/uploads\/2022\/11\/Greenpeace-Schweiz-wird-immer-unglaubwuerdiger_Organisator.jpg","type":"image\/jpeg"}],"author":"thomas.berner","twitter_card":"summary_large_image","twitter_title":"#Greenpeace: Schweiz wird immer unglaubw\u00fcrdiger","twitter_description":"Die #COP27 in Sharm El Sheikh hat begonnen. Laut #Greenpeace stehe die #Klimakonferenz im Zeichen der Ignoranz von L\u00e4ndern wie der Schweiz.","twitter_image":"https:\/\/www.organisator.ch\/wp-content\/uploads\/2022\/11\/Greenpeace-Schweiz-wird-immer-unglaubwuerdiger_Organisator.jpg","schema":{"@context":"https:\/\/schema.org","@graph":[{"@type":"Article","@id":"https:\/\/www.organisator.ch\/sustainability\/2022-11-07\/greenpeace-schweiz-wird-immer-unglaubwuerdiger\/#article","isPartOf":{"@id":"https:\/\/www.organisator.ch\/sustainability\/2022-11-07\/greenpeace-schweiz-wird-immer-unglaubwuerdiger\/"},"author":{"name":"thomas.berner","@id":"https:\/\/www.organisator.ch\/#\/schema\/person\/6f650f90b2842cd4c0cc334b4e36f67e"},"headline":"Greenpeace: Schweiz wird immer unglaubw\u00fcrdiger","datePublished":"2022-11-07T13:01:27+00:00","mainEntityOfPage":{"@id":"https:\/\/www.organisator.ch\/sustainability\/2022-11-07\/greenpeace-schweiz-wird-immer-unglaubwuerdiger\/"},"wordCount":538,"publisher":{"@id":"https:\/\/www.organisator.ch\/#organization"},"image":{"@id":"https:\/\/www.organisator.ch\/sustainability\/2022-11-07\/greenpeace-schweiz-wird-immer-unglaubwuerdiger\/#primaryimage"},"thumbnailUrl":"https:\/\/www.organisator.ch\/wp-content\/uploads\/2022\/11\/Greenpeace-Schweiz-wird-immer-unglaubwuerdiger_Organisator.jpg","keywords":["COP27","Greenpeace","Klimakonferenz","Nachhaltige Wirtschaft"],"articleSection":["SUSTAINABILITY"],"inLanguage":"fr-FR"},{"@type":"WebPage","@id":"https:\/\/www.organisator.ch\/sustainability\/2022-11-07\/greenpeace-schweiz-wird-immer-unglaubwuerdiger\/","url":"https:\/\/www.organisator.ch\/sustainability\/2022-11-07\/greenpeace-schweiz-wird-immer-unglaubwuerdiger\/","name":"Greenpeace : La Suisse est de moins en moins cr\u00e9dible - Organisateur","isPartOf":{"@id":"https:\/\/www.organisator.ch\/#website"},"primaryImageOfPage":{"@id":"https:\/\/www.organisator.ch\/sustainability\/2022-11-07\/greenpeace-schweiz-wird-immer-unglaubwuerdiger\/#primaryimage"},"image":{"@id":"https:\/\/www.organisator.ch\/sustainability\/2022-11-07\/greenpeace-schweiz-wird-immer-unglaubwuerdiger\/#primaryimage"},"thumbnailUrl":"https:\/\/www.organisator.ch\/wp-content\/uploads\/2022\/11\/Greenpeace-Schweiz-wird-immer-unglaubwuerdiger_Organisator.jpg","datePublished":"2022-11-07T13:01:27+00:00","description":"La COP27 a d\u00e9but\u00e9 \u00e0 Sharm El Sheikh. Selon Greenpeace, la conf\u00e9rence sur le climat est plac\u00e9e sous le signe de l'ignorance de pays comme la Suisse.","breadcrumb":{"@id":"https:\/\/www.organisator.ch\/sustainability\/2022-11-07\/greenpeace-schweiz-wird-immer-unglaubwuerdiger\/#breadcrumb"},"inLanguage":"fr-FR","potentialAction":[{"@type":"ReadAction","target":["https:\/\/www.organisator.ch\/sustainability\/2022-11-07\/greenpeace-schweiz-wird-immer-unglaubwuerdiger\/"]}]},{"@type":"ImageObject","inLanguage":"fr-FR","@id":"https:\/\/www.organisator.ch\/sustainability\/2022-11-07\/greenpeace-schweiz-wird-immer-unglaubwuerdiger\/#primaryimage","url":"https:\/\/www.organisator.ch\/wp-content\/uploads\/2022\/11\/Greenpeace-Schweiz-wird-immer-unglaubwuerdiger_Organisator.jpg","contentUrl":"https:\/\/www.organisator.ch\/wp-content\/uploads\/2022\/11\/Greenpeace-Schweiz-wird-immer-unglaubwuerdiger_Organisator.jpg","width":680,"height":453,"caption":"Es gibt keinen \"Planet B\": Laut Greenpeace gilt das auch f\u00fcr die Schweiz, die den Klimazielen weit hinterherhinke. (Bild: Unsplash.com)"},{"@type":"BreadcrumbList","@id":"https:\/\/www.organisator.ch\/sustainability\/2022-11-07\/greenpeace-schweiz-wird-immer-unglaubwuerdiger\/#breadcrumb","itemListElement":[{"@type":"ListItem","position":1,"name":"Home","item":"https:\/\/www.organisator.ch\/"},{"@type":"ListItem","position":2,"name":"Greenpeace: Schweiz wird immer unglaubw\u00fcrdiger"}]},{"@type":"WebSite","@id":"https:\/\/www.organisator.ch\/#website","url":"https:\/\/www.organisator.ch\/","name":"Organisateur","description":"Comp\u00e9tence et comp\u00e9tence. Proches de la pratique. L'ORGANISATEUR pr\u00e9pare 10 num\u00e9ros par an sur les th\u00e8mes essentiels pour les dirigeants de PME.","publisher":{"@id":"https:\/\/www.organisator.ch\/#organization"},"potentialAction":[{"@type":"SearchAction","target":{"@type":"EntryPoint","urlTemplate":"https:\/\/www.organisator.ch\/?s={search_term_string}"},"query-input":{"@type":"PropertyValueSpecification","valueRequired":true,"valueName":"search_term_string"}}],"inLanguage":"fr-FR"},{"@type":"Organization","@id":"https:\/\/www.organisator.ch\/#organization","name":"Organisateur","url":"https:\/\/www.organisator.ch\/","logo":{"@type":"ImageObject","inLanguage":"fr-FR","@id":"https:\/\/www.organisator.ch\/#\/schema\/logo\/image\/","url":"https:\/\/www.organisator.ch\/wp-content\/uploads\/2022\/01\/Logo_Organisator_Website.png","contentUrl":"https:\/\/www.organisator.ch\/wp-content\/uploads\/2022\/01\/Logo_Organisator_Website.png","width":800,"height":77,"caption":"Organisator"},"image":{"@id":"https:\/\/www.organisator.ch\/#\/schema\/logo\/image\/"},"sameAs":["https:\/\/www.facebook.com\/OrganisatorFachmagazin","https:\/\/www.linkedin.com\/showcase\/organisator-das-magazin-fr-kmu","https:\/\/www.xing.com\/news\/pages\/organisator-ch-695","https:\/\/www.youtube.com\/channel\/UCGP2Sq0iWaZwT3BdIAQFYpw"]},{"@type":"Person","@id":"https:\/\/www.organisator.ch\/#\/schema\/person\/6f650f90b2842cd4c0cc334b4e36f67e","name":"thomas.berner","image":{"@type":"ImageObject","inLanguage":"fr-FR","@id":"https:\/\/secure.gravatar.com\/avatar\/ac5001d2a36cb6c6cd3e50789007ffca834b477b74a2144564522e944eabff61?s=96&d=mm&r=g","url":"https:\/\/secure.gravatar.com\/avatar\/ac5001d2a36cb6c6cd3e50789007ffca834b477b74a2144564522e944eabff61?s=96&d=mm&r=g","contentUrl":"https:\/\/secure.gravatar.com\/avatar\/ac5001d2a36cb6c6cd3e50789007ffca834b477b74a2144564522e944eabff61?s=96&d=mm&r=g","caption":"thomas.berner"},"url":"https:\/\/www.organisator.ch\/fr\/author\/thomas-berner\/"}]}},"_links":{"self":[{"href":"https:\/\/www.organisator.ch\/fr\/wp-json\/wp\/v2\/posts\/17744","targetHints":{"allow":["GET"]}}],"collection":[{"href":"https:\/\/www.organisator.ch\/fr\/wp-json\/wp\/v2\/posts"}],"about":[{"href":"https:\/\/www.organisator.ch\/fr\/wp-json\/wp\/v2\/types\/post"}],"author":[{"embeddable":true,"href":"https:\/\/www.organisator.ch\/fr\/wp-json\/wp\/v2\/users\/4"}],"replies":[{"embeddable":true,"href":"https:\/\/www.organisator.ch\/fr\/wp-json\/wp\/v2\/comments?post=17744"}],"version-history":[{"count":3,"href":"https:\/\/www.organisator.ch\/fr\/wp-json\/wp\/v2\/posts\/17744\/revisions"}],"predecessor-version":[{"id":17760,"href":"https:\/\/www.organisator.ch\/fr\/wp-json\/wp\/v2\/posts\/17744\/revisions\/17760"}],"wp:featuredmedia":[{"embeddable":true,"href":"https:\/\/www.organisator.ch\/fr\/wp-json\/wp\/v2\/media\/17745"}],"wp:attachment":[{"href":"https:\/\/www.organisator.ch\/fr\/wp-json\/wp\/v2\/media?parent=17744"}],"wp:term":[{"taxonomy":"category","embeddable":true,"href":"https:\/\/www.organisator.ch\/fr\/wp-json\/wp\/v2\/categories?post=17744"},{"taxonomy":"post_tag","embeddable":true,"href":"https:\/\/www.organisator.ch\/fr\/wp-json\/wp\/v2\/tags?post=17744"}],"curies":[{"name":"wp","href":"https:\/\/api.w.org\/{rel}","templated":true}]}}