{"id":17753,"date":"2022-11-08T07:40:11","date_gmt":"2022-11-08T06:40:11","guid":{"rendered":"https:\/\/www.m-q.ch\/?p=17140"},"modified":"2024-11-20T13:56:38","modified_gmt":"2024-11-20T12:56:38","slug":"einen-notfall-erkennen-voraussetzung-fuer-die-richtige-erste-hilfe","status":"publish","type":"post","link":"https:\/\/www.organisator.ch\/fr\/operational-excellence\/2022-11-08\/einen-notfall-erkennen-voraussetzung-fuer-die-richtige-erste-hilfe\/","title":{"rendered":"Reconna\u00eetre une urgence : Condition pr\u00e9alable aux premiers secours appropri\u00e9s"},"content":{"rendered":"<figure id=\"attachment_17141\" class=\"wp-caption alignnone\" style=\"width: 680px\" aria-describedby=\"caption-attachment-17141\"><img class=\"alignnone wp-image-17141 size-full\" src=\"https:\/\/www.m-q.ch\/wp-content\/uploads\/2022\/11\/Einen-Notfall-erkennen-Voraussetzung-fuer-die-richtige-Erste-Hilfe_MQ.jpg\" alt=\"Attaque c\u00e9r\u00e9brale Premi\u00e8re\" width=\"680\" height=\"454\" \/>\r\n<figcaption id=\"caption-attachment-17141\" class=\"wp-caption-text\">Les sanitaires d'entreprise de Scintilla SA \u00e0 St. Niklaus (VS) ont reconnu l'urgence et ont imm\u00e9diatement prodigu\u00e9 les premiers secours. (Photo : ASFS)<\/figcaption>\r\n<\/figure>\r\n<p>C'est un matin d'octobre 2021 qu'un collaborateur de Scintilla AG, dans la localit\u00e9 valaisanne de St. Niklaus, a soudain vu des pi\u00e8ces lui \u00e9chapper des mains. Un sup\u00e9rieur s'en est aper\u00e7u et en a inform\u00e9 Christian Juon.<\/p>\r\n<h3>Bien reconna\u00eetre une attaque c\u00e9r\u00e9brale<\/h3>\r\n<p>\"L'employ\u00e9 n'avait aucune force dans la main\", raconte le secouriste Christian Juon. Il a pens\u00e9 \u00e0 une attaque c\u00e9r\u00e9brale et a effectu\u00e9 le BE FAST Check. Les lettres repr\u00e9sentent les diff\u00e9rents sympt\u00f4mes possibles d'une attaque c\u00e9r\u00e9brale :<\/p>\r\n<ul>\r\n\t<li>B : \u00c9quilibre\/\u00e9quilibre : existe-t-il un trouble de l'\u00e9quilibre ou une inclinaison gauche\/droite lors de la marche ?<\/li>\r\n\t<li>E : Eyes\/Yeux : Y a-t-il un trouble ou une perte de la vision ?<\/li>\r\n\t<li>Q : Face\/visage : le patient peut-il sourire ou froncer les sourcils ?<\/li>\r\n\t<li>A : Arms\/Arme : Le patient peut-il tendre les deux bras puis retourner les paumes de ses mains ?<\/li>\r\n\t<li>S : Speech\/langage : le patient peut-il r\u00e9p\u00e9ter une phrase simple ?<\/li>\r\n\t<li>T : Time\/temps : depuis combien de temps les sympt\u00f4mes existent-ils ?<\/li>\r\n<\/ul>\r\n<p>\"Lors du contr\u00f4le BE FAST, seul le A \u00e9tait anormal. Le patient n'a pas serr\u00e9 une main\", raconte Christian Juon. Il a imm\u00e9diatement alert\u00e9 la centrale d'appel d'urgence 144 et inform\u00e9 la direction des services sanitaires de l'entreprise, qui n'\u00e9tait pas dans les locaux le jour de l'\u00e9v\u00e9nement. \"J'ai pris en charge le patient et j'ai profit\u00e9 de ce temps pour recueillir des informations suppl\u00e9mentaires concernant les sympt\u00f4mes, les \u00e9ventuelles allergies ou les m\u00e9dicaments du patient, l'histoire du patient, la derni\u00e8re prise alimentaire, les \u00e9v\u00e9nements pr\u00e9c\u00e9dant l'incident ou les \u00e9ventuels facteurs de risque\".<\/p>\r\n<h3>Les premiers secours ont permis d'\u00e9viter le pire<\/h3>\r\n<p>Les services de secours sont rapidement arriv\u00e9s et, apr\u00e8s quelques tests suppl\u00e9mentaires, ont fait appel \u00e0 l'h\u00e9licopt\u00e8re de sauvetage. Le patient a \u00e9t\u00e9 directement transport\u00e9 \u00e0 l'h\u00f4pital central de Sion. \"Il s'agissait effectivement d'une attaque c\u00e9r\u00e9brale et \u00e0 l'h\u00f4pital, il en a eu une autre\", raconte Christian Juon. \"Apr\u00e8s quelques jours d'hospitalisation, le patient a pu sortir et aller en r\u00e9\u00e9ducation. Pendant longtemps, il est rest\u00e9 faible. Il a fallu du temps et de la patience, mais depuis, il va de mieux en mieux\".<\/p>\r\n<h3><strong>\u00c9loge de l'ASPAS<\/strong><\/h3>\r\n<p>La compagne du patient n'a cess\u00e9 de souligner aux secouristes d'entreprise de Scintilla AG que c'est uniquement gr\u00e2ce \u00e0 l'intervention exemplaire de Christian Juon que tout a pu s'arranger. Stefan K\u00fchnis, pr\u00e9sident de l'Association suisse des sanitaires d'entreprise (ASSE), abonde dans le m\u00eame sens : \"Sans des premiers secours rapides et appropri\u00e9s, cette intervention n'aurait gu\u00e8re pu se terminer aussi bien. Il est essentiel de reconna\u00eetre une urgence comme telle. Ce n'est qu'ainsi que l'on peut apporter les premiers secours. Or, dans le cas d'une attaque c\u00e9r\u00e9brale, cette reconnaissance est souvent difficile. Le fait que le secouriste ait r\u00e9agi imm\u00e9diatement alors qu'il n'y avait qu'un seul sympt\u00f4me m\u00e9rite des f\u00e9licitations et des applaudissements. Et le fait qu'il n'ait pas seulement reconnu l'urgence, mais qu'il ait aussi su exactement ce qu'il fallait faire, a beaucoup \u00e0 voir avec une bonne organisation et avec la formation initiale et continue. C'est pourquoi ce n'est pas seulement Christian Juon qui m\u00e9rite cet Award, mais l'ensemble du service sanitaire d'entreprise de Scintilla AG\".<\/p>\r\n<p><em>Source : <a href=\"http:\/\/www.svbs-asse.ch\/\">www.svbs-asse.ch<\/a><\/em><\/p>\r\n<blockquote>\r\n<h2><strong>Le SVBS AWARD r\u00e9compense les premiers secours efficaces<\/strong><\/h2>\r\n<p>L'Association suisse des sanitaires d'entreprise (ASSE) r\u00e9compense chaque ann\u00e9e les secouristes de l'ann\u00e9e. Sont r\u00e9compens\u00e9s des projets particuli\u00e8rement innovants dans le domaine des premiers secours ou des interventions exemplaires en tant que secouriste. L'ASFS souhaite ainsi, d'une part, exprimer ses louanges et sa gratitude. Mais surtout, ces histoires prim\u00e9es doivent inspirer d'autres secouristes \u00e0 devenir tout aussi actifs et \u00e0 mettre en \u0153uvre un projet de premiers secours similaire dans leur entreprise ou leur environnement, ou \u00e0 faire appel \u00e0 leurs connaissances en cas d'urgence et \u00e0 aider au mieux. En plus du SVBS AWARD, les laur\u00e9ats recevront un prix en esp\u00e8ces d'une valeur de 2500 francs suisses, sponsoris\u00e9 par IVF HARTMANN AG et la plate-forme pharmacied'entreprise.ch.<\/p>\r\n<p>Si vous souhaitez inspirer d'autres secouristes avec vos histoires ou vos projets, vous trouverez le formulaire de candidature pour le prochain SVBS AWARD 2022 sous <a href=\"http:\/\/www.svbs-asse.ch\/anlaesse\/svbs-award\/\">www.svbs-asse.ch\/anlaesse\/svbs-award\/<\/a>. Les demandes de prix doivent \u00eatre envoy\u00e9es au plus tard le 1er avril 2023. La remise des prix aura lieu dans le cadre du \"Ersthelfer Symposium\" au KKL Luzern, le 4 novembre 2023.<\/p>\r\n<\/blockquote>\n<p class=\"syndicated-attribution\">Cet article est paru initialement sur m-q.ch - <a href=\"https:\/\/www.m-q.ch\/de\/einen-notfall-erkennen-voraussetzung-fuer-die-richtige-erste-hilfe\/\" target=\"_blank\">https:\/\/www.m-q.ch\/de\/einen-notfall-erkennen-voraussetzung-fuer-die-richtige-erste-hilfe\/<\/a><\/p>","protected":false},"excerpt":{"rendered":"<p>Es war an einem Morgen im Oktober 2021, als einem Mitarbeitenden der Scintilla AG in der Walliser Ortschaft St. Niklaus pl\u00f6tzlich Teile aus der Hand fielen. Ein Vorgesetzter bemerkte das und informierte Christian Juon. Schlaganfall richtig erkannt \u00abDer Mitarbeiter hatte keine Kraft in der Hand\u00bb, erz\u00e4hlt Ersthelfer Christian Juon. Er dachte an einen Schlaganfall und [\u2026]<\/p>\n","protected":false},"author":8,"featured_media":0,"comment_status":"closed","ping_status":"closed","sticky":false,"template":"","format":"standard","meta":{"_acf_changed":false,"_yoast_wpseo_focuskw":"Schlaganfall Erste","_yoast_wpseo_metadesc":"Betriebssanit\u00e4ter der Scintilla AG retteten Leben durch sofortige Erste Hilfe bei Schlaganfall. Vorbildlicher Einsatz.","articlekey":"","footnotes":""},"categories":[582],"tags":[3496,3497],"class_list":["post-17753","post","type-post","status-publish","format-standard","hentry","category-operational-excellence","tag-erste-hilfe","tag-notfallmanagement"],"acf":[],"yoast_head":"<!-- This site is optimized with the Yoast SEO plugin v27.5 - https:\/\/yoast.com\/product\/yoast-seo-wordpress\/ -->\n<title>Einen Notfall erkennen: Voraussetzung f\u00fcr die richtige Erste Hilfe - Organisator<\/title>\n<meta name=\"description\" content=\"Betriebssanit\u00e4ter der Scintilla AG retteten Leben durch sofortige Erste Hilfe bei Schlaganfall. Vorbildlicher Einsatz.\" \/>\n<meta name=\"robots\" content=\"index, follow, max-snippet:-1, max-image-preview:large, max-video-preview:-1\" \/>\n<link rel=\"canonical\" href=\"https:\/\/www.organisator.ch\/fr\/excellence-operationnelle\/2022-11-08\/einen-notfall-erkennen-voraussetzung-fuer-die-richtige-erste-hilfe\/\" \/>\n<meta property=\"og:locale\" content=\"fr_FR\" \/>\n<meta property=\"og:type\" content=\"article\" \/>\n<meta property=\"og:title\" content=\"Einen Notfall erkennen: Voraussetzung f\u00fcr die richtige Erste Hilfe - Organisator\" \/>\n<meta property=\"og:description\" content=\"Betriebssanit\u00e4ter der Scintilla AG retteten Leben durch sofortige Erste Hilfe bei Schlaganfall. Vorbildlicher Einsatz.\" \/>\n<meta property=\"og:url\" content=\"https:\/\/www.organisator.ch\/fr\/excellence-operationnelle\/2022-11-08\/einen-notfall-erkennen-voraussetzung-fuer-die-richtige-erste-hilfe\/\" \/>\n<meta property=\"og:site_name\" content=\"Organisator\" \/>\n<meta property=\"article:publisher\" content=\"https:\/\/www.facebook.com\/OrganisatorFachmagazin\" \/>\n<meta property=\"article:published_time\" content=\"2022-11-08T06:40:11+00:00\" \/>\n<meta property=\"article:modified_time\" content=\"2024-11-20T12:56:38+00:00\" \/>\n<meta name=\"author\" content=\"galledia\" \/>\n<meta name=\"twitter:card\" content=\"summary_large_image\" \/>\n<meta name=\"twitter:creator\" content=\"@admin\" \/>\n<script type=\"application\/ld+json\" class=\"yoast-schema-graph\">{\"@context\":\"https:\\\/\\\/schema.org\",\"@graph\":[{\"@type\":\"Article\",\"@id\":\"https:\\\/\\\/www.organisator.ch\\\/operational-excellence\\\/2022-11-08\\\/einen-notfall-erkennen-voraussetzung-fuer-die-richtige-erste-hilfe\\\/#article\",\"isPartOf\":{\"@id\":\"https:\\\/\\\/www.organisator.ch\\\/operational-excellence\\\/2022-11-08\\\/einen-notfall-erkennen-voraussetzung-fuer-die-richtige-erste-hilfe\\\/\"},\"author\":{\"name\":\"galledia\",\"@id\":\"https:\\\/\\\/www.organisator.ch\\\/#\\\/schema\\\/person\\\/4e51799071cd2dd1232ac003643ef5f0\"},\"headline\":\"Einen Notfall erkennen: Voraussetzung f\u00fcr die richtige Erste Hilfe\",\"datePublished\":\"2022-11-08T06:40:11+00:00\",\"dateModified\":\"2024-11-20T12:56:38+00:00\",\"mainEntityOfPage\":{\"@id\":\"https:\\\/\\\/www.organisator.ch\\\/operational-excellence\\\/2022-11-08\\\/einen-notfall-erkennen-voraussetzung-fuer-die-richtige-erste-hilfe\\\/\"},\"wordCount\":661,\"publisher\":{\"@id\":\"https:\\\/\\\/www.organisator.ch\\\/#organization\"},\"image\":{\"@id\":\"https:\\\/\\\/www.organisator.ch\\\/operational-excellence\\\/2022-11-08\\\/einen-notfall-erkennen-voraussetzung-fuer-die-richtige-erste-hilfe\\\/#primaryimage\"},\"thumbnailUrl\":\"https:\\\/\\\/www.m-q.ch\\\/wp-content\\\/uploads\\\/2022\\\/11\\\/Einen-Notfall-erkennen-Voraussetzung-fuer-die-richtige-Erste-Hilfe_MQ.jpg\",\"keywords\":[\"Erste Hilfe\",\"Notfallmanagement\"],\"articleSection\":[\"OPERATIONAL EXCELLENCE\"],\"inLanguage\":\"fr-FR\"},{\"@type\":\"WebPage\",\"@id\":\"https:\\\/\\\/www.organisator.ch\\\/operational-excellence\\\/2022-11-08\\\/einen-notfall-erkennen-voraussetzung-fuer-die-richtige-erste-hilfe\\\/\",\"url\":\"https:\\\/\\\/www.organisator.ch\\\/operational-excellence\\\/2022-11-08\\\/einen-notfall-erkennen-voraussetzung-fuer-die-richtige-erste-hilfe\\\/\",\"name\":\"Einen Notfall erkennen: Voraussetzung f\u00fcr die richtige Erste Hilfe - Organisator\",\"isPartOf\":{\"@id\":\"https:\\\/\\\/www.organisator.ch\\\/#website\"},\"primaryImageOfPage\":{\"@id\":\"https:\\\/\\\/www.organisator.ch\\\/operational-excellence\\\/2022-11-08\\\/einen-notfall-erkennen-voraussetzung-fuer-die-richtige-erste-hilfe\\\/#primaryimage\"},\"image\":{\"@id\":\"https:\\\/\\\/www.organisator.ch\\\/operational-excellence\\\/2022-11-08\\\/einen-notfall-erkennen-voraussetzung-fuer-die-richtige-erste-hilfe\\\/#primaryimage\"},\"thumbnailUrl\":\"https:\\\/\\\/www.m-q.ch\\\/wp-content\\\/uploads\\\/2022\\\/11\\\/Einen-Notfall-erkennen-Voraussetzung-fuer-die-richtige-Erste-Hilfe_MQ.jpg\",\"datePublished\":\"2022-11-08T06:40:11+00:00\",\"dateModified\":\"2024-11-20T12:56:38+00:00\",\"description\":\"Betriebssanit\u00e4ter der Scintilla AG retteten Leben durch sofortige Erste Hilfe bei Schlaganfall. Vorbildlicher Einsatz.\",\"breadcrumb\":{\"@id\":\"https:\\\/\\\/www.organisator.ch\\\/operational-excellence\\\/2022-11-08\\\/einen-notfall-erkennen-voraussetzung-fuer-die-richtige-erste-hilfe\\\/#breadcrumb\"},\"inLanguage\":\"fr-FR\",\"potentialAction\":[{\"@type\":\"ReadAction\",\"target\":[\"https:\\\/\\\/www.organisator.ch\\\/operational-excellence\\\/2022-11-08\\\/einen-notfall-erkennen-voraussetzung-fuer-die-richtige-erste-hilfe\\\/\"]}]},{\"@type\":\"ImageObject\",\"inLanguage\":\"fr-FR\",\"@id\":\"https:\\\/\\\/www.organisator.ch\\\/operational-excellence\\\/2022-11-08\\\/einen-notfall-erkennen-voraussetzung-fuer-die-richtige-erste-hilfe\\\/#primaryimage\",\"url\":\"https:\\\/\\\/www.m-q.ch\\\/wp-content\\\/uploads\\\/2022\\\/11\\\/Einen-Notfall-erkennen-Voraussetzung-fuer-die-richtige-Erste-Hilfe_MQ.jpg\",\"contentUrl\":\"https:\\\/\\\/www.m-q.ch\\\/wp-content\\\/uploads\\\/2022\\\/11\\\/Einen-Notfall-erkennen-Voraussetzung-fuer-die-richtige-Erste-Hilfe_MQ.jpg\"},{\"@type\":\"BreadcrumbList\",\"@id\":\"https:\\\/\\\/www.organisator.ch\\\/operational-excellence\\\/2022-11-08\\\/einen-notfall-erkennen-voraussetzung-fuer-die-richtige-erste-hilfe\\\/#breadcrumb\",\"itemListElement\":[{\"@type\":\"ListItem\",\"position\":1,\"name\":\"Home\",\"item\":\"https:\\\/\\\/www.organisator.ch\\\/\"},{\"@type\":\"ListItem\",\"position\":2,\"name\":\"Einen Notfall erkennen: Voraussetzung f\u00fcr die richtige Erste Hilfe\"}]},{\"@type\":\"WebSite\",\"@id\":\"https:\\\/\\\/www.organisator.ch\\\/#website\",\"url\":\"https:\\\/\\\/www.organisator.ch\\\/\",\"name\":\"Organisator\",\"description\":\"Kompetent. Praxisnah. Der ORGANISATOR bereitet in 10 Ausgaben pro Jahr die wesentlichen Themen f\u00fcr F\u00fchrungskr\u00e4fte von KMU auf.\",\"publisher\":{\"@id\":\"https:\\\/\\\/www.organisator.ch\\\/#organization\"},\"potentialAction\":[{\"@type\":\"SearchAction\",\"target\":{\"@type\":\"EntryPoint\",\"urlTemplate\":\"https:\\\/\\\/www.organisator.ch\\\/?s={search_term_string}\"},\"query-input\":{\"@type\":\"PropertyValueSpecification\",\"valueRequired\":true,\"valueName\":\"search_term_string\"}}],\"inLanguage\":\"fr-FR\"},{\"@type\":\"Organization\",\"@id\":\"https:\\\/\\\/www.organisator.ch\\\/#organization\",\"name\":\"Organisator\",\"url\":\"https:\\\/\\\/www.organisator.ch\\\/\",\"logo\":{\"@type\":\"ImageObject\",\"inLanguage\":\"fr-FR\",\"@id\":\"https:\\\/\\\/www.organisator.ch\\\/#\\\/schema\\\/logo\\\/image\\\/\",\"url\":\"https:\\\/\\\/www.organisator.ch\\\/wp-content\\\/uploads\\\/2022\\\/01\\\/Logo_Organisator_Website.png\",\"contentUrl\":\"https:\\\/\\\/www.organisator.ch\\\/wp-content\\\/uploads\\\/2022\\\/01\\\/Logo_Organisator_Website.png\",\"width\":800,\"height\":77,\"caption\":\"Organisator\"},\"image\":{\"@id\":\"https:\\\/\\\/www.organisator.ch\\\/#\\\/schema\\\/logo\\\/image\\\/\"},\"sameAs\":[\"https:\\\/\\\/www.facebook.com\\\/OrganisatorFachmagazin\",\"https:\\\/\\\/www.linkedin.com\\\/showcase\\\/organisator-das-magazin-fr-kmu\",\"https:\\\/\\\/www.xing.com\\\/news\\\/pages\\\/organisator-ch-695\",\"https:\\\/\\\/www.youtube.com\\\/channel\\\/UCGP2Sq0iWaZwT3BdIAQFYpw\"]},{\"@type\":\"Person\",\"@id\":\"https:\\\/\\\/www.organisator.ch\\\/#\\\/schema\\\/person\\\/4e51799071cd2dd1232ac003643ef5f0\",\"name\":\"galledia\",\"image\":{\"@type\":\"ImageObject\",\"inLanguage\":\"fr-FR\",\"@id\":\"https:\\\/\\\/secure.gravatar.com\\\/avatar\\\/78a7f90c01fc2bfc875782a0d4922b37cde2cf184ce347b91316d23cd7f69a36?s=96&d=mm&r=g\",\"url\":\"https:\\\/\\\/secure.gravatar.com\\\/avatar\\\/78a7f90c01fc2bfc875782a0d4922b37cde2cf184ce347b91316d23cd7f69a36?s=96&d=mm&r=g\",\"contentUrl\":\"https:\\\/\\\/secure.gravatar.com\\\/avatar\\\/78a7f90c01fc2bfc875782a0d4922b37cde2cf184ce347b91316d23cd7f69a36?s=96&d=mm&r=g\",\"caption\":\"galledia\"},\"sameAs\":[\"https:\\\/\\\/x.com\\\/admin\"],\"url\":\"https:\\\/\\\/www.organisator.ch\\\/fr\\\/author\\\/galledia\\\/\"}]}<\/script>\n<!-- \/ Yoast SEO plugin. -->","yoast_head_json":{"title":"Reconna\u00eetre une urgence : Condition pr\u00e9alable pour les premiers secours appropri\u00e9s - Organisateur","description":"Les secouristes d'entreprise de Scintilla AG ont sauv\u00e9 des vies en prodiguant imm\u00e9diatement les premiers soins en cas d'attaque c\u00e9r\u00e9brale. Une intervention exemplaire.","robots":{"index":"index","follow":"follow","max-snippet":"max-snippet:-1","max-image-preview":"max-image-preview:large","max-video-preview":"max-video-preview:-1"},"canonical":"https:\/\/www.organisator.ch\/fr\/excellence-operationnelle\/2022-11-08\/einen-notfall-erkennen-voraussetzung-fuer-die-richtige-erste-hilfe\/","og_locale":"fr_FR","og_type":"article","og_title":"Einen Notfall erkennen: Voraussetzung f\u00fcr die richtige Erste Hilfe - Organisator","og_description":"Betriebssanit\u00e4ter der Scintilla AG retteten Leben durch sofortige Erste Hilfe bei Schlaganfall. Vorbildlicher Einsatz.","og_url":"https:\/\/www.organisator.ch\/fr\/excellence-operationnelle\/2022-11-08\/einen-notfall-erkennen-voraussetzung-fuer-die-richtige-erste-hilfe\/","og_site_name":"Organisator","article_publisher":"https:\/\/www.facebook.com\/OrganisatorFachmagazin","article_published_time":"2022-11-08T06:40:11+00:00","article_modified_time":"2024-11-20T12:56:38+00:00","author":"galledia","twitter_card":"summary_large_image","twitter_creator":"@admin","schema":{"@context":"https:\/\/schema.org","@graph":[{"@type":"Article","@id":"https:\/\/www.organisator.ch\/operational-excellence\/2022-11-08\/einen-notfall-erkennen-voraussetzung-fuer-die-richtige-erste-hilfe\/#article","isPartOf":{"@id":"https:\/\/www.organisator.ch\/operational-excellence\/2022-11-08\/einen-notfall-erkennen-voraussetzung-fuer-die-richtige-erste-hilfe\/"},"author":{"name":"galledia","@id":"https:\/\/www.organisator.ch\/#\/schema\/person\/4e51799071cd2dd1232ac003643ef5f0"},"headline":"Einen Notfall erkennen: Voraussetzung f\u00fcr die richtige Erste Hilfe","datePublished":"2022-11-08T06:40:11+00:00","dateModified":"2024-11-20T12:56:38+00:00","mainEntityOfPage":{"@id":"https:\/\/www.organisator.ch\/operational-excellence\/2022-11-08\/einen-notfall-erkennen-voraussetzung-fuer-die-richtige-erste-hilfe\/"},"wordCount":661,"publisher":{"@id":"https:\/\/www.organisator.ch\/#organization"},"image":{"@id":"https:\/\/www.organisator.ch\/operational-excellence\/2022-11-08\/einen-notfall-erkennen-voraussetzung-fuer-die-richtige-erste-hilfe\/#primaryimage"},"thumbnailUrl":"https:\/\/www.m-q.ch\/wp-content\/uploads\/2022\/11\/Einen-Notfall-erkennen-Voraussetzung-fuer-die-richtige-Erste-Hilfe_MQ.jpg","keywords":["Erste Hilfe","Notfallmanagement"],"articleSection":["OPERATIONAL EXCELLENCE"],"inLanguage":"fr-FR"},{"@type":"WebPage","@id":"https:\/\/www.organisator.ch\/operational-excellence\/2022-11-08\/einen-notfall-erkennen-voraussetzung-fuer-die-richtige-erste-hilfe\/","url":"https:\/\/www.organisator.ch\/operational-excellence\/2022-11-08\/einen-notfall-erkennen-voraussetzung-fuer-die-richtige-erste-hilfe\/","name":"Reconna\u00eetre une urgence : Condition pr\u00e9alable pour les premiers secours appropri\u00e9s - Organisateur","isPartOf":{"@id":"https:\/\/www.organisator.ch\/#website"},"primaryImageOfPage":{"@id":"https:\/\/www.organisator.ch\/operational-excellence\/2022-11-08\/einen-notfall-erkennen-voraussetzung-fuer-die-richtige-erste-hilfe\/#primaryimage"},"image":{"@id":"https:\/\/www.organisator.ch\/operational-excellence\/2022-11-08\/einen-notfall-erkennen-voraussetzung-fuer-die-richtige-erste-hilfe\/#primaryimage"},"thumbnailUrl":"https:\/\/www.m-q.ch\/wp-content\/uploads\/2022\/11\/Einen-Notfall-erkennen-Voraussetzung-fuer-die-richtige-Erste-Hilfe_MQ.jpg","datePublished":"2022-11-08T06:40:11+00:00","dateModified":"2024-11-20T12:56:38+00:00","description":"Les secouristes d'entreprise de Scintilla AG ont sauv\u00e9 des vies en prodiguant imm\u00e9diatement les premiers soins en cas d'attaque c\u00e9r\u00e9brale. Une intervention exemplaire.","breadcrumb":{"@id":"https:\/\/www.organisator.ch\/operational-excellence\/2022-11-08\/einen-notfall-erkennen-voraussetzung-fuer-die-richtige-erste-hilfe\/#breadcrumb"},"inLanguage":"fr-FR","potentialAction":[{"@type":"ReadAction","target":["https:\/\/www.organisator.ch\/operational-excellence\/2022-11-08\/einen-notfall-erkennen-voraussetzung-fuer-die-richtige-erste-hilfe\/"]}]},{"@type":"ImageObject","inLanguage":"fr-FR","@id":"https:\/\/www.organisator.ch\/operational-excellence\/2022-11-08\/einen-notfall-erkennen-voraussetzung-fuer-die-richtige-erste-hilfe\/#primaryimage","url":"https:\/\/www.m-q.ch\/wp-content\/uploads\/2022\/11\/Einen-Notfall-erkennen-Voraussetzung-fuer-die-richtige-Erste-Hilfe_MQ.jpg","contentUrl":"https:\/\/www.m-q.ch\/wp-content\/uploads\/2022\/11\/Einen-Notfall-erkennen-Voraussetzung-fuer-die-richtige-Erste-Hilfe_MQ.jpg"},{"@type":"BreadcrumbList","@id":"https:\/\/www.organisator.ch\/operational-excellence\/2022-11-08\/einen-notfall-erkennen-voraussetzung-fuer-die-richtige-erste-hilfe\/#breadcrumb","itemListElement":[{"@type":"ListItem","position":1,"name":"Home","item":"https:\/\/www.organisator.ch\/"},{"@type":"ListItem","position":2,"name":"Einen Notfall erkennen: Voraussetzung f\u00fcr die richtige Erste Hilfe"}]},{"@type":"WebSite","@id":"https:\/\/www.organisator.ch\/#website","url":"https:\/\/www.organisator.ch\/","name":"Organisateur","description":"Comp\u00e9tence et comp\u00e9tence. Proches de la pratique. L'ORGANISATEUR pr\u00e9pare 10 num\u00e9ros par an sur les th\u00e8mes essentiels pour les dirigeants de PME.","publisher":{"@id":"https:\/\/www.organisator.ch\/#organization"},"potentialAction":[{"@type":"SearchAction","target":{"@type":"EntryPoint","urlTemplate":"https:\/\/www.organisator.ch\/?s={search_term_string}"},"query-input":{"@type":"PropertyValueSpecification","valueRequired":true,"valueName":"search_term_string"}}],"inLanguage":"fr-FR"},{"@type":"Organization","@id":"https:\/\/www.organisator.ch\/#organization","name":"Organisateur","url":"https:\/\/www.organisator.ch\/","logo":{"@type":"ImageObject","inLanguage":"fr-FR","@id":"https:\/\/www.organisator.ch\/#\/schema\/logo\/image\/","url":"https:\/\/www.organisator.ch\/wp-content\/uploads\/2022\/01\/Logo_Organisator_Website.png","contentUrl":"https:\/\/www.organisator.ch\/wp-content\/uploads\/2022\/01\/Logo_Organisator_Website.png","width":800,"height":77,"caption":"Organisator"},"image":{"@id":"https:\/\/www.organisator.ch\/#\/schema\/logo\/image\/"},"sameAs":["https:\/\/www.facebook.com\/OrganisatorFachmagazin","https:\/\/www.linkedin.com\/showcase\/organisator-das-magazin-fr-kmu","https:\/\/www.xing.com\/news\/pages\/organisator-ch-695","https:\/\/www.youtube.com\/channel\/UCGP2Sq0iWaZwT3BdIAQFYpw"]},{"@type":"Person","@id":"https:\/\/www.organisator.ch\/#\/schema\/person\/4e51799071cd2dd1232ac003643ef5f0","name":"galledia","image":{"@type":"ImageObject","inLanguage":"fr-FR","@id":"https:\/\/secure.gravatar.com\/avatar\/78a7f90c01fc2bfc875782a0d4922b37cde2cf184ce347b91316d23cd7f69a36?s=96&d=mm&r=g","url":"https:\/\/secure.gravatar.com\/avatar\/78a7f90c01fc2bfc875782a0d4922b37cde2cf184ce347b91316d23cd7f69a36?s=96&d=mm&r=g","contentUrl":"https:\/\/secure.gravatar.com\/avatar\/78a7f90c01fc2bfc875782a0d4922b37cde2cf184ce347b91316d23cd7f69a36?s=96&d=mm&r=g","caption":"galledia"},"sameAs":["https:\/\/x.com\/admin"],"url":"https:\/\/www.organisator.ch\/fr\/author\/galledia\/"}]}},"_links":{"self":[{"href":"https:\/\/www.organisator.ch\/fr\/wp-json\/wp\/v2\/posts\/17753","targetHints":{"allow":["GET"]}}],"collection":[{"href":"https:\/\/www.organisator.ch\/fr\/wp-json\/wp\/v2\/posts"}],"about":[{"href":"https:\/\/www.organisator.ch\/fr\/wp-json\/wp\/v2\/types\/post"}],"author":[{"embeddable":true,"href":"https:\/\/www.organisator.ch\/fr\/wp-json\/wp\/v2\/users\/8"}],"replies":[{"embeddable":true,"href":"https:\/\/www.organisator.ch\/fr\/wp-json\/wp\/v2\/comments?post=17753"}],"version-history":[{"count":3,"href":"https:\/\/www.organisator.ch\/fr\/wp-json\/wp\/v2\/posts\/17753\/revisions"}],"predecessor-version":[{"id":33656,"href":"https:\/\/www.organisator.ch\/fr\/wp-json\/wp\/v2\/posts\/17753\/revisions\/33656"}],"wp:attachment":[{"href":"https:\/\/www.organisator.ch\/fr\/wp-json\/wp\/v2\/media?parent=17753"}],"wp:term":[{"taxonomy":"category","embeddable":true,"href":"https:\/\/www.organisator.ch\/fr\/wp-json\/wp\/v2\/categories?post=17753"},{"taxonomy":"post_tag","embeddable":true,"href":"https:\/\/www.organisator.ch\/fr\/wp-json\/wp\/v2\/tags?post=17753"}],"curies":[{"name":"wp","href":"https:\/\/api.w.org\/{rel}","templated":true}]}}