{"id":17761,"date":"2022-11-09T10:21:10","date_gmt":"2022-11-09T09:21:10","guid":{"rendered":"https:\/\/www.organisator.ch\/?p=17761"},"modified":"2022-11-21T16:34:16","modified_gmt":"2022-11-21T15:34:16","slug":"schwere-kost-und-gegenwind-in-der-hoehle-der-loewen","status":"publish","type":"post","link":"https:\/\/www.organisator.ch\/fr\/management\/2022-11-09\/schwere-kost-und-gegenwind-in-der-hoehle-der-loewen\/","title":{"rendered":"Des aliments difficiles et des vents contraires dans la grotte des lions"},"content":{"rendered":"<figure id=\"attachment_17763\" aria-describedby=\"caption-attachment-17763\" style=\"width: 680px\" class=\"wp-caption alignnone\"><img loading=\"lazy\" decoding=\"async\" class=\"size-full wp-image-17763\" src=\"https:\/\/www.organisator.ch\/wp-content\/uploads\/2022\/11\/Schwere-Kost-und-Gegenwind-in-der-Hoehle-der-Loewen-1_Organisator.jpg\" alt=\"\" width=\"680\" height=\"454\" srcset=\"https:\/\/www.organisator.ch\/wp-content\/uploads\/2022\/11\/Schwere-Kost-und-Gegenwind-in-der-Hoehle-der-Loewen-1_Organisator.jpg 680w, https:\/\/www.organisator.ch\/wp-content\/uploads\/2022\/11\/Schwere-Kost-und-Gegenwind-in-der-Hoehle-der-Loewen-1_Organisator-18x12.jpg 18w, https:\/\/www.organisator.ch\/wp-content\/uploads\/2022\/11\/Schwere-Kost-und-Gegenwind-in-der-Hoehle-der-Loewen-1_Organisator-262x175.jpg 262w, https:\/\/www.organisator.ch\/wp-content\/uploads\/2022\/11\/Schwere-Kost-und-Gegenwind-in-der-Hoehle-der-Loewen-1_Organisator-524x350.jpg 524w, https:\/\/www.organisator.ch\/wp-content\/uploads\/2022\/11\/Schwere-Kost-und-Gegenwind-in-der-Hoehle-der-Loewen-1_Organisator-300x200.jpg 300w\" sizes=\"auto, (max-width: 680px) 100vw, 680px\" \/><figcaption id=\"caption-attachment-17763\" class=\"wp-caption-text\">Mario von Bergen, Robin Muster et Aurelio Perucca pr\u00e9sentent leur plateforme d'investissement pour les placements alternatifs et ont obtenu pour cela un investissement de 500'000 francs. (Image : Filip Stropek \/ CH Media)<\/figcaption><\/figure>\n<p>Avez-vous d\u00e9j\u00e0 envisag\u00e9 de placer votre argent de mani\u00e8re alternative ? Si c'est le cas, \"Splint Invest\" pourrait vous int\u00e9resser. \"Splint Invest\" est une application qui permet \u00e0 tout un chacun d'investir dans des articles de luxe ou des objets de collection, par exemple dans des montres, des vins exclusifs ou des bouteilles de whisky en \u00e9dition limit\u00e9e. L'investissement minimum est de 50 francs, la p\u00e9riode d'investissement de trois \u00e0 douze ans. Si un client vend un objet en r\u00e9alisant un b\u00e9n\u00e9fice, les fondateurs en profitent \u00e9galement et se versent des salaires bas. Les trois fondateurs de l'entreprise, Mario von Bergen, Robin Muster et Aurelio Perucca de Zoug, voient dans leur application une alternative aux placements financiers conventionnels, o\u00f9 les rendements sont actuellement plut\u00f4t faibles. L'id\u00e9e est de ne plus r\u00e9server les placements alternatifs dans des objets de valeur stable, comme les produits de luxe exclusifs, aux seuls riches. Des rendements de 10 \u00e0 12 pour cent devraient \u00eatre possibles. Les trois hommes se sont lanc\u00e9s dans la course avec un capital de 200 000 francs contre 2 pour cent de parts de l'entreprise. Puis, comme \u00e0 l'accoutum\u00e9e, les questions critiques des lionnes et des lions ont suivi, par exemple sur la gestion et le stockage de ces actifs. Et le nombre de clients et d'actifs a bien s\u00fbr aussi int\u00e9ress\u00e9 les investisseurs potentiels. Seulement voil\u00e0 : au moment de l'enregistrement de l'\u00e9mission, l'application n'\u00e9tait en direct que depuis six mois, mais on comptait tout de m\u00eame d\u00e9j\u00e0 4000 t\u00e9l\u00e9chargements. Environ 250 utilisateurs ont investi un total de 250 000 francs, et au cours du trimestre suivant, la fortune investie devrait atteindre 2 millions, selon les pr\u00e9visions. M\u00eame si Mario, Robin et Aurelio avaient une r\u00e9ponse compr\u00e9hensible \u00e0 toutes les questions, les lions sont rest\u00e9s r\u00e9ticents. Roland Brack a \u00e9t\u00e9 le premier \u00e0 sortir. Lukas Speiser trouvait l'id\u00e9e passionnante, mais Anja Graf aurait mont\u00e9 le mod\u00e8le commercial diff\u00e9remment : Mieux vaut acheter soi-m\u00eame les produits de luxe. Elle s'est alors retir\u00e9e de la course aux ench\u00e8res. Lukas Speiser, J\u00fcrg Schwarzenbach et Patrick Mollet en ont discut\u00e9 \u00e0 trois, mais ont trouv\u00e9 l'\u00e9valuation de 10 millions trop \u00e9lev\u00e9e. Ils se sont toutefois d\u00e9clar\u00e9s pr\u00eats \u00e0 donner un \"coup de pouce\" de 500 000 francs contre 7,5 pour cent. La contre-proposition des fondateurs de l'entreprise a suivi imm\u00e9diatement : 500'000 contre 6 pour cent. Lukas Speiser a toutefois insist\u00e9 sur les 7,5 pour cent. Apr\u00e8s une br\u00e8ve h\u00e9sitation, Mario, Robin et Aurelio ont tout de m\u00eame accept\u00e9 de participer. Une fois de plus, il s'est av\u00e9r\u00e9 que les solutions de placement financier int\u00e9ressantes trouvaient un \u00e9cho favorable dans l'antre des lions. Comme on le sait, Roland Brack a investi dans plusieurs start-ups financi\u00e8res de ce type, notamment dans \"Findependent\" de la derni\u00e8re saison. L'\u00e9mission actuelle en a \u00e9galement parl\u00e9 bri\u00e8vement, de m\u00eame que de la nomination ult\u00e9rieure de Lukas Speiser au conseil d'administration.<\/p>\n<h3><strong>Le chocolat v\u00e9g\u00e9talien, un aliment trop lourd pour les investissements<\/strong><\/h3>\n<p>CAROPHA - Un chocolat qui n'en est pas un. C'est avec cela que Philipp Kern, Rebecca Reichertz et Nora Zejnullahu-Maliqi de Rorschach (SG) sont entr\u00e9s dans la grotte des lions. Le produit qu'ils ont pr\u00e9sent\u00e9 ressemble certes \u00e0 du chocolat et a le m\u00eame go\u00fbt - \u00e0 l'\u00e9tonnement des lions ; \"fascinant\", selon Tobias Reichmuth par exemple. Une tablette de Caropha est compos\u00e9e de fruits de caroubier et est v\u00e9g\u00e9talienne. Elle ne contient pas d'allerg\u00e8nes, de caf\u00e9ine, de th\u00e9obromine, de sucre cristallis\u00e9 ou de cholest\u00e9rol. Pendant 40 ans, la recette a dormi dans le tiroir de Philipp Kern, boulanger-p\u00e2tissier et confiseur de formation, comme il l'a racont\u00e9. Les trois hommes ont offert dix pour cent de parts de l'entreprise contre un investissement des lions - sans indiquer de montant dans un premier temps. Un montant de 400 000 francs a ensuite \u00e9t\u00e9 ajout\u00e9 \u00e0 titre d'information. \"C'est un num\u00e9ro de maison\", a constat\u00e9 Bettina Hein avec humour. J\u00fcrg Schwarzenbach a ensuite demand\u00e9 quels \u00e9taient les autres plans. Actuellement, on a une capacit\u00e9 de 300 tablettes par jour, la fabrication co\u00fbte 7,30 francs, elles sont vendues au prix de 11,50 francs dans la boutique en ligne, a expliqu\u00e9 Philipp Kern. Avec l'investissement de 400'000 francs, on veut s'offrir une installation de production pour une production de 800'000 tablettes par an. Tobias Reichmuth s'est demand\u00e9 si Caropha ne pourrait pas \u00e9galement collaborer avec des chocolatiers existants. En effet, selon Philipp Kern, ces derniers sont int\u00e9ress\u00e9s. Mais Tobias Reichmuth a creus\u00e9 encore un peu plus et a voulu savoir comment on justifiait la valorisation \u00e9lev\u00e9e de l'entreprise de 4 millions. La r\u00e9ponse n'a pas convaincu Bettina Hein : trop \u00e9lev\u00e9e pour ce qui a d\u00e9j\u00e0 \u00e9t\u00e9 fait et trop bas\u00e9e sur des pronostics. Elle a donc renonc\u00e9 \u00e0 investir. J\u00fcrg Schwarzenbach s'est \u00e9galement retir\u00e9, car l'entreprise lui semblait encore trop peu d\u00e9velopp\u00e9e. Le probl\u00e8me de Roland Brack \u00e9tait son manque de connaissance du secteur alimentaire, c'est pourquoi il a lui aussi quitt\u00e9 l'entreprise. Lukas Speiser aurait bien voulu acheter le produit, mais il a \u00e9galement jug\u00e9 l'\u00e9valuation de l'entreprise trop \u00e9lev\u00e9e. Restait Tobias Reichmuth, toujours int\u00e9ress\u00e9 par les produits durables. Il n'\u00e9tait pas non plus pr\u00eat \u00e0 investir, mais a propos\u00e9 d'apporter son soutien au d\u00e9veloppement strat\u00e9gique de l'entreprise. Une fois de plus, il s'est av\u00e9r\u00e9 qu'un bon produit permet certes de gagner le c\u0153ur des lions, mais que si la structure de l'entreprise n'est pas (encore) tout \u00e0 fait adapt\u00e9e, un feedback positif est la seule chose qui reste comme \"investissement\". Philipp Kern et ses deux camarades n'ont en tout cas pas \u00e9t\u00e9 d\u00e9\u00e7us par le verdict.<\/p>\n<h3><strong>Un produit avec de bonnes approches, mais pas encore assez abouti<\/strong><\/h3>\n<p>VE COOK ! - derri\u00e8re cette appellation se cachent des kits de cuisine v\u00e9g\u00e9taliens pr\u00e9sent\u00e9s par Niklas Bubori et Adriana Bubori d'Oberengstringen (ZH). De quoi il s'agit : pour faciliter la cuisine v\u00e9g\u00e9talienne, la start-up a d\u00e9velopp\u00e9 ces kits pour diff\u00e9rents plats, compos\u00e9s du substitut de viande ad\u00e9quat, des \u00e9pices appropri\u00e9es et d'un mode d'emploi \u00e9tape par \u00e9tape pour la pr\u00e9paration. Sans exhausteurs de go\u00fbt, uniquement avec des ingr\u00e9dients naturels. Ce serait en fait tout \u00e0 fait dans l'esprit de Tobias Reichmuth, qui se d\u00e9clare v\u00e9g\u00e9talien et qui - comme il l'a racont\u00e9 - aime aussi cuisiner lui-m\u00eame. Il devrait investir 200 000 francs contre 10 pour cent, c'est en tout cas ce que lui ont propos\u00e9 les deux jeunes entrepreneurs. Mais il s'agissait d'abord de go\u00fbter, et les lions ont donc pu d\u00e9guster de la sauce bolognaise (avec des granul\u00e9s de soja) et du \"chili sans carne\" (avec des granul\u00e9s de pois et de haricots pour remplacer la viande). Tout le monde a sembl\u00e9 appr\u00e9cier. Toutefois : pour les plats servis, divers ingr\u00e9dients frais devaient encore \u00eatre ajout\u00e9s en suppl\u00e9ment. C'est un fait qui a quelque peu d\u00e9rang\u00e9 Lukas Speiser. Mais ensuite, comme toujours, il s'agissait aussi de chiffres cl\u00e9s : Le produit est disponible dans le commerce au prix de 5,20 francs. La production a lieu en Allemagne, ce qui a imm\u00e9diatement amen\u00e9 Tobias Reichmuth \u00e0 poser la question suivante : pourquoi vise-t-on le march\u00e9 suisse, nettement plus petit ? Sans attendre la r\u00e9ponse, J\u00fcrg Schwarzenbach a d\u00e9j\u00e0 rendu son verdict : \"Ce n'est pas pour moi\". Bettina Hein trouvait certes le produit passionnant, mais ne se voyait pas non plus comme une investisseuse. De m\u00eame, Tobias Reichmuth n'aurait \u00e9t\u00e9 int\u00e9ress\u00e9 en tant qu'investisseur que si Ve Cook ! s'\u00e9tait concentr\u00e9 sur l'Allemagne. se concentrerait sur le march\u00e9 allemand, plus important, et s'est donc retir\u00e9. Lukas Speiser estimait que le potentiel du march\u00e9 n'\u00e9tait pas assez \u00e9lev\u00e9 et qu'il manquait une USP claire. Il ne voulait pas non plus investir. Enfin, Roland Brack a certes propos\u00e9 sa collaboration, mais il n'\u00e9tait pas question pour lui non plus d'investir. Les deux jeunes entrepreneurs ont donc d\u00fb quitter le studio sans accord.<\/p>\n<figure id=\"attachment_17765\" aria-describedby=\"caption-attachment-17765\" style=\"width: 680px\" class=\"wp-caption alignnone\"><img loading=\"lazy\" decoding=\"async\" class=\"size-full wp-image-17765\" src=\"https:\/\/www.organisator.ch\/wp-content\/uploads\/2022\/11\/Schwere-Kost-und-Gegenwind-in-der-Hoehle-der-Loewen-2_Organisator.jpg\" alt=\"\" width=\"680\" height=\"522\" srcset=\"https:\/\/www.organisator.ch\/wp-content\/uploads\/2022\/11\/Schwere-Kost-und-Gegenwind-in-der-Hoehle-der-Loewen-2_Organisator.jpg 680w, https:\/\/www.organisator.ch\/wp-content\/uploads\/2022\/11\/Schwere-Kost-und-Gegenwind-in-der-Hoehle-der-Loewen-2_Organisator-16x12.jpg 16w, https:\/\/www.organisator.ch\/wp-content\/uploads\/2022\/11\/Schwere-Kost-und-Gegenwind-in-der-Hoehle-der-Loewen-2_Organisator-228x175.jpg 228w, https:\/\/www.organisator.ch\/wp-content\/uploads\/2022\/11\/Schwere-Kost-und-Gegenwind-in-der-Hoehle-der-Loewen-2_Organisator-456x350.jpg 456w, https:\/\/www.organisator.ch\/wp-content\/uploads\/2022\/11\/Schwere-Kost-und-Gegenwind-in-der-Hoehle-der-Loewen-2_Organisator-300x230.jpg 300w\" sizes=\"auto, (max-width: 680px) 100vw, 680px\" \/><figcaption id=\"caption-attachment-17765\" class=\"wp-caption-text\">Ils ont convaincu deux lions avec une id\u00e9e sympathique et une offre non conventionnelle : Jonas Trachsel et Stefan Christiani avec Nevio. (Image : Filip Stropek \/ CH Media)<\/figcaption><\/figure>\n<h3><strong>Une id\u00e9e sympathique qui pla\u00eet<\/strong><\/h3>\n<p>Storylino, repr\u00e9sent\u00e9 par Jonas Trachsel et Stefan Christiani, propose des histoires audio personnalis\u00e9es pour les enfants de 3 \u00e0 9 ans. Apr\u00e8s avoir saisi quelques mots-cl\u00e9s, une histoire individuelle est ensuite assembl\u00e9e \u00e0 partir de fragments d'histoire pr\u00e9enregistr\u00e9s - un peu comme cela se passe aujourd'hui pour les annonces dans les gares. Pour leur pitch, ils ont amen\u00e9 leur \"plus grand fan\", Nevio, sept ans, qui a tout de suite pu faire une d\u00e9monstration du fonctionnement. L'id\u00e9e semble d\u00e9j\u00e0 \u00eatre appr\u00e9ci\u00e9e par d'autres enfants - mais l'entreprise n'en est encore qu'\u00e0 ses d\u00e9buts. Mais les deux jeunes entrepreneurs op\u00e8rent sur un march\u00e9 en pleine croissance : le march\u00e9 des histoires audio cro\u00eet de 15 pour cent par an, ont-ils expliqu\u00e9 au groupe d'investisseurs. Et la personnalisation est une m\u00e9ga-tendance. Ils recherchent maintenant un mentor qui les aidera \u00e0 d\u00e9velopper l'entreprise. 1 franc pour 4 pour cent de parts, mais coupl\u00e9 \u00e0 un droit de pr\u00e9emption sur 8 pour cent suppl\u00e9mentaires de l'entreprise pour 120'000 francs, telle est l'offre innovante des deux entrepreneurs. Dans la suite de leurs explications, Jonas et Christian ont r\u00e9v\u00e9l\u00e9 qu'ils souhaitaient surtout se concentrer sur le march\u00e9 allemand (reconnaissable rien que par le site web storyline.de), tout en consid\u00e9rant que le march\u00e9 suisse \u00e9tait \u00e9galement couvert. Plusieurs auteurs et narrateurs sont actuellement engag\u00e9s, chacun \u00e9tant r\u00e9mun\u00e9r\u00e9 par un pourcentage sur chaque histoire vendue. Les histoires plus courtes co\u00fbtent 6 euros, les plus longues 8 euros. Dans deux ans, les fondateurs veulent atteindre un chiffre d'affaires de 1,7 million. J\u00fcrg Schwarzenbach a trouv\u00e9 l'id\u00e9e fascinante et s'est montr\u00e9 enthousiaste. Lukas Speiser a \u00e9t\u00e9 le premier \u00e0 lui offrir un franc pour 4 pour cent et \u00e0 lui apporter son savoir-faire en mati\u00e8re de marketing et de branding. Roland Brack l'a \u00e9galement rejoint, tandis qu'Anja Graf et Patrick Mollet se sont retir\u00e9s. On attend maintenant avec impatience de voir comment Storylino va se d\u00e9velopper.<\/p>\n<h3><strong>Trop de vents contraires pour les petites centrales \u00e9oliennes et solaires<\/strong><\/h3>\n<p>Le fondateur de NewGreenTec, Frido Stutz de D\u00fcbendorf, a d\u00e9velopp\u00e9 de petites centrales \u00e9oliennes et solaires qui peuvent \u00eatre plac\u00e9es sur le toit ou dans le jardin et qui produisent au moins la moiti\u00e9 des besoins annuels en \u00e9lectricit\u00e9 d'un m\u00e9nage. Elles ne font pas de bruit et int\u00e8grent toute la technologie n\u00e9cessaire (commande, onduleur, stockage). Frido Stutz et son \u00e9quipe voulaient 300'000 francs contre une participation de 15 pour cent dans l'entreprise. Douze produits ont d\u00e9j\u00e0 \u00e9t\u00e9 vendus, a-t-on appris. Mais le potentiel est grand, car il y a en Suisse environ 1,7 million de toits sur lesquels cet appareil pourrait \u00eatre plac\u00e9. Les appareils sont disponibles en deux versions, \u00e0 9000 ou 15000 francs. Ils peuvent produire environ 3500 kW\/h. Anja Graf trouve que ce n'est pas assez \u00e9conomique. Elle a \u00e9galement demand\u00e9 si les appareils pouvaient \u00eatre install\u00e9s sans autorisation. Frido Stutz a r\u00e9pondu que cela d\u00e9pendait des autorit\u00e9s de construction. On se trouve un peu dans une zone grise. \"Ce qui n'est pas explicitement autoris\u00e9 est interdit\", a r\u00e9torqu\u00e9 Roland Brack. Le contexte r\u00e9glementaire non clarifi\u00e9 a \u00e9galement incit\u00e9 Lukas Speiser \u00e0 ne pas s'engager en tant qu'investisseur. Anja Graf, elle aussi, a estim\u00e9 qu'il y avait encore trop d'incertitudes et s'est retir\u00e9e. Roland Brack, bien que partisan des technologies durables, n'a pas non plus particip\u00e9. J\u00fcrg Schwarzenbach n'a pas non plus propos\u00e9 d'accord. Restait Patrick Mollet : mais il a lui aussi quitt\u00e9 le projet. Il y avait donc beaucoup de vent contraire dans la grotte des lions.<\/p>\n<figure id=\"attachment_17764\" aria-describedby=\"caption-attachment-17764\" style=\"width: 680px\" class=\"wp-caption alignnone\"><img loading=\"lazy\" decoding=\"async\" class=\"size-full wp-image-17764\" src=\"https:\/\/www.organisator.ch\/wp-content\/uploads\/2022\/11\/Schwere-Kost-und-Gegenwind-in-der-Hoehle-der-Loewen-3_Organisator.jpg\" alt=\"\" width=\"680\" height=\"541\" srcset=\"https:\/\/www.organisator.ch\/wp-content\/uploads\/2022\/11\/Schwere-Kost-und-Gegenwind-in-der-Hoehle-der-Loewen-3_Organisator.jpg 680w, https:\/\/www.organisator.ch\/wp-content\/uploads\/2022\/11\/Schwere-Kost-und-Gegenwind-in-der-Hoehle-der-Loewen-3_Organisator-15x12.jpg 15w, https:\/\/www.organisator.ch\/wp-content\/uploads\/2022\/11\/Schwere-Kost-und-Gegenwind-in-der-Hoehle-der-Loewen-3_Organisator-220x175.jpg 220w, https:\/\/www.organisator.ch\/wp-content\/uploads\/2022\/11\/Schwere-Kost-und-Gegenwind-in-der-Hoehle-der-Loewen-3_Organisator-440x350.jpg 440w, https:\/\/www.organisator.ch\/wp-content\/uploads\/2022\/11\/Schwere-Kost-und-Gegenwind-in-der-Hoehle-der-Loewen-3_Organisator-300x239.jpg 300w\" sizes=\"auto, (max-width: 680px) 100vw, 680px\" \/><figcaption id=\"caption-attachment-17764\" class=\"wp-caption-text\">La lionne Bettina Hein a \u00e9t\u00e9 la seule \u00e0 comprendre le mod\u00e8le commercial d'Aathavan Chiwacumar et de Sarankan Ravendran. Pour les autres investisseurs, \"memoria\" \u00e9tait trop difficile \u00e0 comprendre. (Image : Filip Stropek \/ CH Media)<\/figcaption><\/figure>\n<h3><strong>Encore du lourd, mais cette fois avec une fin heureuse<\/strong><\/h3>\n<p>Aathavan Chiwacumar et Sarankan Ravendran de Villmergen (AG) se sont lanc\u00e9s dans la course avec Memoria, des solutions logicielles pour le bureau sans papier. 200'000 francs contre 2,5 pour cent de participation \u00e0 l'entreprise, tel \u00e9tait le capital n\u00e9cessaire. Il s'est av\u00e9r\u00e9 que le produit est complexe et offre de tr\u00e8s nombreuses fonctions. La pr\u00e9sentation du produit \u00e9tait plus d\u00e9routante que clarifiante. Seule l'entrepreneuse technologique Bettina Hein a compris ce que les deux fondateurs proposaient r\u00e9ellement. Pour trois investisseurs sur cinq, on n'a pas appuy\u00e9 sur les bons boutons. Les r\u00e9ponses aux questions r\u00e9p\u00e9t\u00e9es concernant les mod\u00e8les d'abonnement, le pricing et les diff\u00e9rents modules n'\u00e9taient pas non plus satisfaisantes et les fondateurs ont d\u00fb faire face \u00e0 des refus. Bettina Hein a attendu le plus longtemps pour donner son verdict : En tant que personne qui a fait des affaires avec des solutions logicielles toute sa vie, elle a su garder la t\u00eate froide. Elle a fait une offre de 200 000 francs contre une participation de 10 pour cent. Aathavan Chiwacumar et Sarankan Ravendran ont accept\u00e9 cette offre. Les logiciels en tant que service ne sont pas simples \u00e0 comprendre. C'\u00e9tait d'autant plus agr\u00e9able pour eux d'avoir trouv\u00e9 le bon investisseur, qui les aide \u00e0 rendre la solution encore plus commercialisable.<\/p>\n<p><em>Plus d'informations sur les prochains envois :\u00a0<a href=\"https:\/\/www.oneplus.ch\/detail\/1000604\">https:\/\/www.oneplus.ch\/detail\/1000604<\/a><\/em><\/p>","protected":false},"excerpt":{"rendered":"<p>Haben Sie auch schon \u00fcberlegt, ob Sie Ihr Geld nicht alternativ anlegen m\u00f6chten? Falls ja, dann w\u00e4re wohl \u00abSplint Invest\u00bb ein Thema. \u00abSplint Invest\u00bb ist eine App, mit der jeder und jede in Luxusartikel oder Sammelobjekte investieren kann, z.B. in Uhren, exklusive Weine oder limitierte Whiskey-Flaschen. Das Mindest-Investment betr\u00e4gt 50.- Franken, der Investitionszeitraum drei bis [&hellip;]<\/p>\n","protected":false},"author":4,"featured_media":17763,"comment_status":"closed","ping_status":"closed","sticky":false,"template":"","format":"standard","meta":{"_acf_changed":false,"_yoast_wpseo_focuskw":"Schwere Kost","_yoast_wpseo_metadesc":"Die 6. Folge von \u00abDie H\u00f6hle der L\u00f6wen Schweiz\u00bb vom 8. November 2022 bot f\u00fcr Nicht-Fachleute schwere Kost. Doch trotzdem kam es zu zwei Deals.","articlekey":"","footnotes":""},"categories":[28],"tags":[2683,335,451],"class_list":["post-17761","post","type-post","status-publish","format-standard","has-post-thumbnail","hentry","category-management","tag-hoehle-der-loewen","tag-management-und-unternehmensfuehrung","tag-startups"],"acf":[],"yoast_head":"<!-- This site is optimized with the Yoast SEO plugin v27.5 - https:\/\/yoast.com\/product\/yoast-seo-wordpress\/ -->\n<title>Schwere Kost und Gegenwind in der H\u00f6hle der L\u00f6wen - Organisator<\/title>\n<meta name=\"description\" content=\"Die 6. Folge von \u00abDie H\u00f6hle der L\u00f6wen Schweiz\u00bb vom 8. November 2022 bot f\u00fcr Nicht-Fachleute schwere Kost. Doch trotzdem kam es zu zwei Deals.\" \/>\n<meta name=\"robots\" content=\"index, follow, max-snippet:-1, max-image-preview:large, max-video-preview:-1\" \/>\n<link rel=\"canonical\" href=\"https:\/\/www.organisator.ch\/fr\/gestion-2\/2022-11-09\/schwere-kost-und-gegenwind-in-der-hoehle-der-loewen\/\" \/>\n<meta property=\"og:locale\" content=\"fr_FR\" \/>\n<meta property=\"og:type\" content=\"article\" \/>\n<meta property=\"og:title\" content=\"Schwere Kost und Gegenwind in der H\u00f6hle der L\u00f6wen\" \/>\n<meta property=\"og:description\" content=\"Die 6. Folge von \u00abDie H\u00f6hle der L\u00f6wen Schweiz\u00bb vom 8. November 2022 bot f\u00fcr Nicht-Fachleute schwere Kost. Doch trotzdem kam es zu zwei Deals.\" \/>\n<meta property=\"og:url\" content=\"https:\/\/www.organisator.ch\/fr\/gestion-2\/2022-11-09\/schwere-kost-und-gegenwind-in-der-hoehle-der-loewen\/\" \/>\n<meta property=\"og:site_name\" content=\"Organisator\" \/>\n<meta property=\"article:publisher\" content=\"https:\/\/www.facebook.com\/OrganisatorFachmagazin\" \/>\n<meta property=\"article:published_time\" content=\"2022-11-09T09:21:10+00:00\" \/>\n<meta property=\"article:modified_time\" content=\"2022-11-21T15:34:16+00:00\" \/>\n<meta property=\"og:image\" content=\"https:\/\/www.organisator.ch\/wp-content\/uploads\/2022\/11\/Schwere-Kost-und-Gegenwind-in-der-Hoehle-der-Loewen-1_Organisator.jpg\" \/>\n\t<meta property=\"og:image:width\" content=\"680\" \/>\n\t<meta property=\"og:image:height\" content=\"454\" \/>\n\t<meta property=\"og:image:type\" content=\"image\/jpeg\" \/>\n<meta name=\"author\" content=\"thomas.berner\" \/>\n<meta name=\"twitter:card\" content=\"summary_large_image\" \/>\n<meta name=\"twitter:title\" content=\"Schwere Kost und #Gegenwind in der H\u00f6hle der #L\u00f6wen\" \/>\n<meta name=\"twitter:description\" content=\"Die 6. Folge von \u00abDie H\u00f6hle der L\u00f6wen Schweiz\u00bb vom 8. November 2022 bot f\u00fcr #Nicht-Fachleute schwere Kost. Doch trotzdem kam es zu zwei Deals.\" \/>\n<meta name=\"twitter:image\" content=\"https:\/\/www.organisator.ch\/wp-content\/uploads\/2022\/11\/Schwere-Kost-und-Gegenwind-in-der-Hoehle-der-Loewen-1_Organisator.jpg\" \/>\n<script type=\"application\/ld+json\" class=\"yoast-schema-graph\">{\"@context\":\"https:\\\/\\\/schema.org\",\"@graph\":[{\"@type\":\"Article\",\"@id\":\"https:\\\/\\\/www.organisator.ch\\\/management\\\/2022-11-09\\\/schwere-kost-und-gegenwind-in-der-hoehle-der-loewen\\\/#article\",\"isPartOf\":{\"@id\":\"https:\\\/\\\/www.organisator.ch\\\/management\\\/2022-11-09\\\/schwere-kost-und-gegenwind-in-der-hoehle-der-loewen\\\/\"},\"author\":{\"name\":\"thomas.berner\",\"@id\":\"https:\\\/\\\/www.organisator.ch\\\/#\\\/schema\\\/person\\\/6f650f90b2842cd4c0cc334b4e36f67e\"},\"headline\":\"Schwere Kost und Gegenwind in der H\u00f6hle der L\u00f6wen\",\"datePublished\":\"2022-11-09T09:21:10+00:00\",\"dateModified\":\"2022-11-21T15:34:16+00:00\",\"mainEntityOfPage\":{\"@id\":\"https:\\\/\\\/www.organisator.ch\\\/management\\\/2022-11-09\\\/schwere-kost-und-gegenwind-in-der-hoehle-der-loewen\\\/\"},\"wordCount\":2030,\"publisher\":{\"@id\":\"https:\\\/\\\/www.organisator.ch\\\/#organization\"},\"image\":{\"@id\":\"https:\\\/\\\/www.organisator.ch\\\/management\\\/2022-11-09\\\/schwere-kost-und-gegenwind-in-der-hoehle-der-loewen\\\/#primaryimage\"},\"thumbnailUrl\":\"https:\\\/\\\/www.organisator.ch\\\/wp-content\\\/uploads\\\/2022\\\/11\\\/Schwere-Kost-und-Gegenwind-in-der-Hoehle-der-Loewen-1_Organisator.jpg\",\"keywords\":[\"H\u00f6hle der L\u00f6wen\",\"Management und Unternehmensf\u00fchrung\",\"Startups\"],\"articleSection\":[\"MANAGEMENT\"],\"inLanguage\":\"fr-FR\"},{\"@type\":\"WebPage\",\"@id\":\"https:\\\/\\\/www.organisator.ch\\\/management\\\/2022-11-09\\\/schwere-kost-und-gegenwind-in-der-hoehle-der-loewen\\\/\",\"url\":\"https:\\\/\\\/www.organisator.ch\\\/management\\\/2022-11-09\\\/schwere-kost-und-gegenwind-in-der-hoehle-der-loewen\\\/\",\"name\":\"Schwere Kost und Gegenwind in der H\u00f6hle der L\u00f6wen - Organisator\",\"isPartOf\":{\"@id\":\"https:\\\/\\\/www.organisator.ch\\\/#website\"},\"primaryImageOfPage\":{\"@id\":\"https:\\\/\\\/www.organisator.ch\\\/management\\\/2022-11-09\\\/schwere-kost-und-gegenwind-in-der-hoehle-der-loewen\\\/#primaryimage\"},\"image\":{\"@id\":\"https:\\\/\\\/www.organisator.ch\\\/management\\\/2022-11-09\\\/schwere-kost-und-gegenwind-in-der-hoehle-der-loewen\\\/#primaryimage\"},\"thumbnailUrl\":\"https:\\\/\\\/www.organisator.ch\\\/wp-content\\\/uploads\\\/2022\\\/11\\\/Schwere-Kost-und-Gegenwind-in-der-Hoehle-der-Loewen-1_Organisator.jpg\",\"datePublished\":\"2022-11-09T09:21:10+00:00\",\"dateModified\":\"2022-11-21T15:34:16+00:00\",\"description\":\"Die 6. Folge von \u00abDie H\u00f6hle der L\u00f6wen Schweiz\u00bb vom 8. November 2022 bot f\u00fcr Nicht-Fachleute schwere Kost. Doch trotzdem kam es zu zwei Deals.\",\"breadcrumb\":{\"@id\":\"https:\\\/\\\/www.organisator.ch\\\/management\\\/2022-11-09\\\/schwere-kost-und-gegenwind-in-der-hoehle-der-loewen\\\/#breadcrumb\"},\"inLanguage\":\"fr-FR\",\"potentialAction\":[{\"@type\":\"ReadAction\",\"target\":[\"https:\\\/\\\/www.organisator.ch\\\/management\\\/2022-11-09\\\/schwere-kost-und-gegenwind-in-der-hoehle-der-loewen\\\/\"]}]},{\"@type\":\"ImageObject\",\"inLanguage\":\"fr-FR\",\"@id\":\"https:\\\/\\\/www.organisator.ch\\\/management\\\/2022-11-09\\\/schwere-kost-und-gegenwind-in-der-hoehle-der-loewen\\\/#primaryimage\",\"url\":\"https:\\\/\\\/www.organisator.ch\\\/wp-content\\\/uploads\\\/2022\\\/11\\\/Schwere-Kost-und-Gegenwind-in-der-Hoehle-der-Loewen-1_Organisator.jpg\",\"contentUrl\":\"https:\\\/\\\/www.organisator.ch\\\/wp-content\\\/uploads\\\/2022\\\/11\\\/Schwere-Kost-und-Gegenwind-in-der-Hoehle-der-Loewen-1_Organisator.jpg\",\"width\":680,\"height\":454,\"caption\":\"Mario von Bergen, Robin Muster und Aurelio Perucca pr\u00e4sentieren ihre Investmentplattform f\u00fcr alternative Anlagen und holten daf\u00fcr ein Investment von 500'000 Franken ab. (Bild: Filip Stropek \\\/ CH Media)\"},{\"@type\":\"BreadcrumbList\",\"@id\":\"https:\\\/\\\/www.organisator.ch\\\/management\\\/2022-11-09\\\/schwere-kost-und-gegenwind-in-der-hoehle-der-loewen\\\/#breadcrumb\",\"itemListElement\":[{\"@type\":\"ListItem\",\"position\":1,\"name\":\"Home\",\"item\":\"https:\\\/\\\/www.organisator.ch\\\/\"},{\"@type\":\"ListItem\",\"position\":2,\"name\":\"Schwere Kost und Gegenwind in der H\u00f6hle der L\u00f6wen\"}]},{\"@type\":\"WebSite\",\"@id\":\"https:\\\/\\\/www.organisator.ch\\\/#website\",\"url\":\"https:\\\/\\\/www.organisator.ch\\\/\",\"name\":\"Organisator\",\"description\":\"Kompetent. Praxisnah. Der ORGANISATOR bereitet in 10 Ausgaben pro Jahr die wesentlichen Themen f\u00fcr F\u00fchrungskr\u00e4fte von KMU auf.\",\"publisher\":{\"@id\":\"https:\\\/\\\/www.organisator.ch\\\/#organization\"},\"potentialAction\":[{\"@type\":\"SearchAction\",\"target\":{\"@type\":\"EntryPoint\",\"urlTemplate\":\"https:\\\/\\\/www.organisator.ch\\\/?s={search_term_string}\"},\"query-input\":{\"@type\":\"PropertyValueSpecification\",\"valueRequired\":true,\"valueName\":\"search_term_string\"}}],\"inLanguage\":\"fr-FR\"},{\"@type\":\"Organization\",\"@id\":\"https:\\\/\\\/www.organisator.ch\\\/#organization\",\"name\":\"Organisator\",\"url\":\"https:\\\/\\\/www.organisator.ch\\\/\",\"logo\":{\"@type\":\"ImageObject\",\"inLanguage\":\"fr-FR\",\"@id\":\"https:\\\/\\\/www.organisator.ch\\\/#\\\/schema\\\/logo\\\/image\\\/\",\"url\":\"https:\\\/\\\/www.organisator.ch\\\/wp-content\\\/uploads\\\/2022\\\/01\\\/Logo_Organisator_Website.png\",\"contentUrl\":\"https:\\\/\\\/www.organisator.ch\\\/wp-content\\\/uploads\\\/2022\\\/01\\\/Logo_Organisator_Website.png\",\"width\":800,\"height\":77,\"caption\":\"Organisator\"},\"image\":{\"@id\":\"https:\\\/\\\/www.organisator.ch\\\/#\\\/schema\\\/logo\\\/image\\\/\"},\"sameAs\":[\"https:\\\/\\\/www.facebook.com\\\/OrganisatorFachmagazin\",\"https:\\\/\\\/www.linkedin.com\\\/showcase\\\/organisator-das-magazin-fr-kmu\",\"https:\\\/\\\/www.xing.com\\\/news\\\/pages\\\/organisator-ch-695\",\"https:\\\/\\\/www.youtube.com\\\/channel\\\/UCGP2Sq0iWaZwT3BdIAQFYpw\"]},{\"@type\":\"Person\",\"@id\":\"https:\\\/\\\/www.organisator.ch\\\/#\\\/schema\\\/person\\\/6f650f90b2842cd4c0cc334b4e36f67e\",\"name\":\"thomas.berner\",\"image\":{\"@type\":\"ImageObject\",\"inLanguage\":\"fr-FR\",\"@id\":\"https:\\\/\\\/secure.gravatar.com\\\/avatar\\\/ac5001d2a36cb6c6cd3e50789007ffca834b477b74a2144564522e944eabff61?s=96&d=mm&r=g\",\"url\":\"https:\\\/\\\/secure.gravatar.com\\\/avatar\\\/ac5001d2a36cb6c6cd3e50789007ffca834b477b74a2144564522e944eabff61?s=96&d=mm&r=g\",\"contentUrl\":\"https:\\\/\\\/secure.gravatar.com\\\/avatar\\\/ac5001d2a36cb6c6cd3e50789007ffca834b477b74a2144564522e944eabff61?s=96&d=mm&r=g\",\"caption\":\"thomas.berner\"},\"url\":\"https:\\\/\\\/www.organisator.ch\\\/fr\\\/author\\\/thomas-berner\\\/\"}]}<\/script>\n<!-- \/ Yoast SEO plugin. -->","yoast_head_json":{"title":"Des aliments difficiles et des vents contraires dans la \"grotte des lions\" - Organisateur","description":"Le 6e \u00e9pisode de \"Die H\u00f6hle der L\u00f6wen Schweiz\", diffus\u00e9 le 8 novembre 2022, a \u00e9t\u00e9 difficile \u00e0 suivre pour les non-sp\u00e9cialistes. Mais cela n'a pas emp\u00each\u00e9 la conclusion de deux march\u00e9s.","robots":{"index":"index","follow":"follow","max-snippet":"max-snippet:-1","max-image-preview":"max-image-preview:large","max-video-preview":"max-video-preview:-1"},"canonical":"https:\/\/www.organisator.ch\/fr\/gestion-2\/2022-11-09\/schwere-kost-und-gegenwind-in-der-hoehle-der-loewen\/","og_locale":"fr_FR","og_type":"article","og_title":"Schwere Kost und Gegenwind in der H\u00f6hle der L\u00f6wen","og_description":"Die 6. Folge von \u00abDie H\u00f6hle der L\u00f6wen Schweiz\u00bb vom 8. November 2022 bot f\u00fcr Nicht-Fachleute schwere Kost. Doch trotzdem kam es zu zwei Deals.","og_url":"https:\/\/www.organisator.ch\/fr\/gestion-2\/2022-11-09\/schwere-kost-und-gegenwind-in-der-hoehle-der-loewen\/","og_site_name":"Organisator","article_publisher":"https:\/\/www.facebook.com\/OrganisatorFachmagazin","article_published_time":"2022-11-09T09:21:10+00:00","article_modified_time":"2022-11-21T15:34:16+00:00","og_image":[{"width":680,"height":454,"url":"https:\/\/www.organisator.ch\/wp-content\/uploads\/2022\/11\/Schwere-Kost-und-Gegenwind-in-der-Hoehle-der-Loewen-1_Organisator.jpg","type":"image\/jpeg"}],"author":"thomas.berner","twitter_card":"summary_large_image","twitter_title":"Schwere Kost und #Gegenwind in der H\u00f6hle der #L\u00f6wen","twitter_description":"Die 6. Folge von \u00abDie H\u00f6hle der L\u00f6wen Schweiz\u00bb vom 8. November 2022 bot f\u00fcr #Nicht-Fachleute schwere Kost. Doch trotzdem kam es zu zwei Deals.","twitter_image":"https:\/\/www.organisator.ch\/wp-content\/uploads\/2022\/11\/Schwere-Kost-und-Gegenwind-in-der-Hoehle-der-Loewen-1_Organisator.jpg","schema":{"@context":"https:\/\/schema.org","@graph":[{"@type":"Article","@id":"https:\/\/www.organisator.ch\/management\/2022-11-09\/schwere-kost-und-gegenwind-in-der-hoehle-der-loewen\/#article","isPartOf":{"@id":"https:\/\/www.organisator.ch\/management\/2022-11-09\/schwere-kost-und-gegenwind-in-der-hoehle-der-loewen\/"},"author":{"name":"thomas.berner","@id":"https:\/\/www.organisator.ch\/#\/schema\/person\/6f650f90b2842cd4c0cc334b4e36f67e"},"headline":"Schwere Kost und Gegenwind in der H\u00f6hle der L\u00f6wen","datePublished":"2022-11-09T09:21:10+00:00","dateModified":"2022-11-21T15:34:16+00:00","mainEntityOfPage":{"@id":"https:\/\/www.organisator.ch\/management\/2022-11-09\/schwere-kost-und-gegenwind-in-der-hoehle-der-loewen\/"},"wordCount":2030,"publisher":{"@id":"https:\/\/www.organisator.ch\/#organization"},"image":{"@id":"https:\/\/www.organisator.ch\/management\/2022-11-09\/schwere-kost-und-gegenwind-in-der-hoehle-der-loewen\/#primaryimage"},"thumbnailUrl":"https:\/\/www.organisator.ch\/wp-content\/uploads\/2022\/11\/Schwere-Kost-und-Gegenwind-in-der-Hoehle-der-Loewen-1_Organisator.jpg","keywords":["H\u00f6hle der L\u00f6wen","Management und Unternehmensf\u00fchrung","Startups"],"articleSection":["MANAGEMENT"],"inLanguage":"fr-FR"},{"@type":"WebPage","@id":"https:\/\/www.organisator.ch\/management\/2022-11-09\/schwere-kost-und-gegenwind-in-der-hoehle-der-loewen\/","url":"https:\/\/www.organisator.ch\/management\/2022-11-09\/schwere-kost-und-gegenwind-in-der-hoehle-der-loewen\/","name":"Des aliments difficiles et des vents contraires dans la \"grotte des lions\" - Organisateur","isPartOf":{"@id":"https:\/\/www.organisator.ch\/#website"},"primaryImageOfPage":{"@id":"https:\/\/www.organisator.ch\/management\/2022-11-09\/schwere-kost-und-gegenwind-in-der-hoehle-der-loewen\/#primaryimage"},"image":{"@id":"https:\/\/www.organisator.ch\/management\/2022-11-09\/schwere-kost-und-gegenwind-in-der-hoehle-der-loewen\/#primaryimage"},"thumbnailUrl":"https:\/\/www.organisator.ch\/wp-content\/uploads\/2022\/11\/Schwere-Kost-und-Gegenwind-in-der-Hoehle-der-Loewen-1_Organisator.jpg","datePublished":"2022-11-09T09:21:10+00:00","dateModified":"2022-11-21T15:34:16+00:00","description":"Le 6e \u00e9pisode de \"Die H\u00f6hle der L\u00f6wen Schweiz\", diffus\u00e9 le 8 novembre 2022, a \u00e9t\u00e9 difficile \u00e0 suivre pour les non-sp\u00e9cialistes. Mais cela n'a pas emp\u00each\u00e9 la conclusion de deux march\u00e9s.","breadcrumb":{"@id":"https:\/\/www.organisator.ch\/management\/2022-11-09\/schwere-kost-und-gegenwind-in-der-hoehle-der-loewen\/#breadcrumb"},"inLanguage":"fr-FR","potentialAction":[{"@type":"ReadAction","target":["https:\/\/www.organisator.ch\/management\/2022-11-09\/schwere-kost-und-gegenwind-in-der-hoehle-der-loewen\/"]}]},{"@type":"ImageObject","inLanguage":"fr-FR","@id":"https:\/\/www.organisator.ch\/management\/2022-11-09\/schwere-kost-und-gegenwind-in-der-hoehle-der-loewen\/#primaryimage","url":"https:\/\/www.organisator.ch\/wp-content\/uploads\/2022\/11\/Schwere-Kost-und-Gegenwind-in-der-Hoehle-der-Loewen-1_Organisator.jpg","contentUrl":"https:\/\/www.organisator.ch\/wp-content\/uploads\/2022\/11\/Schwere-Kost-und-Gegenwind-in-der-Hoehle-der-Loewen-1_Organisator.jpg","width":680,"height":454,"caption":"Mario von Bergen, Robin Muster und Aurelio Perucca pr\u00e4sentieren ihre Investmentplattform f\u00fcr alternative Anlagen und holten daf\u00fcr ein Investment von 500'000 Franken ab. (Bild: Filip Stropek \/ CH Media)"},{"@type":"BreadcrumbList","@id":"https:\/\/www.organisator.ch\/management\/2022-11-09\/schwere-kost-und-gegenwind-in-der-hoehle-der-loewen\/#breadcrumb","itemListElement":[{"@type":"ListItem","position":1,"name":"Home","item":"https:\/\/www.organisator.ch\/"},{"@type":"ListItem","position":2,"name":"Schwere Kost und Gegenwind in der H\u00f6hle der L\u00f6wen"}]},{"@type":"WebSite","@id":"https:\/\/www.organisator.ch\/#website","url":"https:\/\/www.organisator.ch\/","name":"Organisateur","description":"Comp\u00e9tence et comp\u00e9tence. Proches de la pratique. L'ORGANISATEUR pr\u00e9pare 10 num\u00e9ros par an sur les th\u00e8mes essentiels pour les dirigeants de PME.","publisher":{"@id":"https:\/\/www.organisator.ch\/#organization"},"potentialAction":[{"@type":"SearchAction","target":{"@type":"EntryPoint","urlTemplate":"https:\/\/www.organisator.ch\/?s={search_term_string}"},"query-input":{"@type":"PropertyValueSpecification","valueRequired":true,"valueName":"search_term_string"}}],"inLanguage":"fr-FR"},{"@type":"Organization","@id":"https:\/\/www.organisator.ch\/#organization","name":"Organisateur","url":"https:\/\/www.organisator.ch\/","logo":{"@type":"ImageObject","inLanguage":"fr-FR","@id":"https:\/\/www.organisator.ch\/#\/schema\/logo\/image\/","url":"https:\/\/www.organisator.ch\/wp-content\/uploads\/2022\/01\/Logo_Organisator_Website.png","contentUrl":"https:\/\/www.organisator.ch\/wp-content\/uploads\/2022\/01\/Logo_Organisator_Website.png","width":800,"height":77,"caption":"Organisator"},"image":{"@id":"https:\/\/www.organisator.ch\/#\/schema\/logo\/image\/"},"sameAs":["https:\/\/www.facebook.com\/OrganisatorFachmagazin","https:\/\/www.linkedin.com\/showcase\/organisator-das-magazin-fr-kmu","https:\/\/www.xing.com\/news\/pages\/organisator-ch-695","https:\/\/www.youtube.com\/channel\/UCGP2Sq0iWaZwT3BdIAQFYpw"]},{"@type":"Person","@id":"https:\/\/www.organisator.ch\/#\/schema\/person\/6f650f90b2842cd4c0cc334b4e36f67e","name":"thomas.berner","image":{"@type":"ImageObject","inLanguage":"fr-FR","@id":"https:\/\/secure.gravatar.com\/avatar\/ac5001d2a36cb6c6cd3e50789007ffca834b477b74a2144564522e944eabff61?s=96&d=mm&r=g","url":"https:\/\/secure.gravatar.com\/avatar\/ac5001d2a36cb6c6cd3e50789007ffca834b477b74a2144564522e944eabff61?s=96&d=mm&r=g","contentUrl":"https:\/\/secure.gravatar.com\/avatar\/ac5001d2a36cb6c6cd3e50789007ffca834b477b74a2144564522e944eabff61?s=96&d=mm&r=g","caption":"thomas.berner"},"url":"https:\/\/www.organisator.ch\/fr\/author\/thomas-berner\/"}]}},"_links":{"self":[{"href":"https:\/\/www.organisator.ch\/fr\/wp-json\/wp\/v2\/posts\/17761","targetHints":{"allow":["GET"]}}],"collection":[{"href":"https:\/\/www.organisator.ch\/fr\/wp-json\/wp\/v2\/posts"}],"about":[{"href":"https:\/\/www.organisator.ch\/fr\/wp-json\/wp\/v2\/types\/post"}],"author":[{"embeddable":true,"href":"https:\/\/www.organisator.ch\/fr\/wp-json\/wp\/v2\/users\/4"}],"replies":[{"embeddable":true,"href":"https:\/\/www.organisator.ch\/fr\/wp-json\/wp\/v2\/comments?post=17761"}],"version-history":[{"count":2,"href":"https:\/\/www.organisator.ch\/fr\/wp-json\/wp\/v2\/posts\/17761\/revisions"}],"predecessor-version":[{"id":17767,"href":"https:\/\/www.organisator.ch\/fr\/wp-json\/wp\/v2\/posts\/17761\/revisions\/17767"}],"wp:featuredmedia":[{"embeddable":true,"href":"https:\/\/www.organisator.ch\/fr\/wp-json\/wp\/v2\/media\/17763"}],"wp:attachment":[{"href":"https:\/\/www.organisator.ch\/fr\/wp-json\/wp\/v2\/media?parent=17761"}],"wp:term":[{"taxonomy":"category","embeddable":true,"href":"https:\/\/www.organisator.ch\/fr\/wp-json\/wp\/v2\/categories?post=17761"},{"taxonomy":"post_tag","embeddable":true,"href":"https:\/\/www.organisator.ch\/fr\/wp-json\/wp\/v2\/tags?post=17761"}],"curies":[{"name":"wp","href":"https:\/\/api.w.org\/{rel}","templated":true}]}}