{"id":1778,"date":"2018-07-09T12:40:14","date_gmt":"2018-07-09T10:40:14","guid":{"rendered":"https:\/\/www.umweltperspektiven.ch\/?p=1778"},"modified":"2022-02-09T11:05:36","modified_gmt":"2022-02-09T10:05:36","slug":"129000-tonnen-elektroschrott-im-2017-gesammelt","status":"publish","type":"post","link":"https:\/\/www.organisator.ch\/fr\/sustainability\/2018-07-09\/129000-tonnen-elektroschrott-im-2017-gesammelt\/","title":{"rendered":"129 000 tonnes de d\u00e9chets \u00e9lectroniques collect\u00e9es en 2017"},"content":{"rendered":"<figure id=\"attachment_1779\" aria-describedby=\"caption-attachment-1779\" style=\"width: 680px\" class=\"wp-caption alignnone\"><img loading=\"lazy\" decoding=\"async\" class=\"size-medium wp-image-1779\" src=\"\/\/www.umweltperspektiven.ch\/wp-content\/uploads\/2018\/07\/radon2.jpg\" alt=\"\" width=\"680\" height=\"467\" \/><figcaption id=\"caption-attachment-1779\" class=\"wp-caption-text\">Il n'y a pas que dans les garages des consommateurs que l'on trouve de moins en moins d'appareils \u00e0 tubes cathodiques. (Image : depositphotos)<\/figcaption><\/figure>\n<p>Tous les appareils \u00e9lectriques et \u00e9lectroniques rapport\u00e9s en Suisse ne sont pas des d\u00e9chets \u00e9lectroniques. D'une part, une contribution anticip\u00e9e de recyclage (CAR), due \u00e0 l'achat d'un nouveau produit, se cache encore dans l'appareil usag\u00e9. D'autre part, les nombreux appareils \u00e9lectroniques recyclables contiennent des composants pr\u00e9cieux.<\/p>\n<p>Le recyclage de l'\u00e9lectronique est organis\u00e9 et g\u00e9r\u00e9 par les deux syst\u00e8mes de reprise Swico Recycling et SENS eRecycling. En 2017, 129 218 tonnes de d\u00e9chets \u00e9lectroniques ont \u00e9t\u00e9 produites au total (137 808 l'ann\u00e9e pr\u00e9c\u00e9dente). Cela correspond \u00e0 15 kg par habitant. En termes de poids total, 62% sont des appareils m\u00e9nagers et des ampoules (SENS eRecycling), 38% sont des appareils usag\u00e9s issus de l'informatique, des t\u00e9l\u00e9communications et de l'\u00e9lectronique grand public (Swico Recycling).<\/p>\n<p><strong>La baisse de la t\u00e9l\u00e9vision se fait toujours sentir<\/strong><br \/>\nLa tendance vers des produits TIC \u00e0 la fois plus performants et plus l\u00e9gers s'est poursuivie en 2017. Au total, 48'525 tonnes d'appareils issus de l'informatique, de l'\u00e9lectronique grand public et des t\u00e9l\u00e9communications ont \u00e9t\u00e9 rapport\u00e9es (52'362 tonnes l'ann\u00e9e pr\u00e9c\u00e9dente). Le nombre de pi\u00e8ces a donc continu\u00e9 d'augmenter, mais le poids total des quantit\u00e9s r\u00e9cup\u00e9r\u00e9es par Swico Recycling a baiss\u00e9 d'environ 7,3 pour cent. Le principal moteur reste le changement de technologie des t\u00e9l\u00e9viseurs, qui repr\u00e9sentent une grande partie des tonnages de Swico : Alors que les appareils \u00e0 tubes cathodiques \u00e9taient autrefois rapport\u00e9s, ce sont aujourd'hui de plus en plus des \u00e9crans plats plus l\u00e9gers. Le nombre de moniteurs PC CRT rapport\u00e9s a baiss\u00e9 de 26%, celui des t\u00e9l\u00e9viseurs CRT de 24%.<\/p>\n<p><strong>De plus en plus de personnes participent<\/strong><\/p>\n<p>Le syst\u00e8me de reprise volontaire Swico Recycling jouit \u00e9galement d'une grande popularit\u00e9 aupr\u00e8s des fabricants et des importateurs de TIC, d'\u00e9lectronique grand public &amp; de bureautique. Le nombre de signataires de la convention, c'est-\u00e0-dire d'entreprises qui participent au syst\u00e8me et ajoutent la contribution anticip\u00e9e de recyclage \u00e0 leurs appareils, a augment\u00e9 l'ann\u00e9e derni\u00e8re de 42 nouveaux partenaires pour atteindre 568 entreprises (+8%). Il est r\u00e9jouissant de constater qu'en Suisse, dans le domaine des TIC et de l'\u00e9lectronique grand public, il n'y a pas de resquilleurs qui mettent en p\u00e9ril la solidarit\u00e9. Vous trouverez d'autres chiffres et informations dans le <a href=\"\/\/swico.us7.list-manage.com\/track\/click?u=04612cfcc7c2a1d40b4229878&amp;id=8308413c7f&amp;e=b74ab90633\">Swico Rapport annuel 2017<\/a>.<\/p>\n<p><strong>Comptes de fonds \u00e9quilibr\u00e9s chez SENS eRecycling<\/strong><br \/>\nL'ann\u00e9e derni\u00e8re, SENS eRecycling a remani\u00e9 son syst\u00e8me de retour volontaire pour le rendre encore plus l\u00e9ger et efficace. Gr\u00e2ce \u00e0 cette mise \u00e0 jour proactive du syst\u00e8me et aux bons prix des mati\u00e8res premi\u00e8res, SENS peut se targuer d'un r\u00e9sultat r\u00e9jouissant pour l'exercice 2017 et peut ainsi compenser le manque de recettes du fonds d\u00fb aux achats \u00e0 l'\u00e9tranger et au commerce en ligne \u00e9tranger. Avec 722 fabricants et importateurs affili\u00e9s, le syst\u00e8me de reprise est tr\u00e8s bien implant\u00e9 et largement soutenu dans toute la Suisse. Vous trouverez plus d'informations sur les chiffres et les points forts de 2017 dans le <a href=\"\/\/swico.us7.list-manage.com\/track\/click?u=04612cfcc7c2a1d40b4229878&amp;id=88c71d6f87&amp;e=b74ab90633\">Rapport d'activit\u00e9 2017<\/a>.<\/p>\n<p><strong>Volumes de reprise des appareils m\u00e9nagers similaires \u00e0 l'ann\u00e9e pr\u00e9c\u00e9dente<\/strong><br \/>\nLe syst\u00e8me SENS a permis de reprendre et de traiter 80'000 tonnes d'appareils \u00e9lectriques et \u00e9lectroniques. Par rapport \u00e0 l'ann\u00e9e pr\u00e9c\u00e9dente, la quantit\u00e9 reprise est rest\u00e9e stable ou a m\u00eame l\u00e9g\u00e8rement diminu\u00e9 dans presque toutes les cat\u00e9gories. L'\u00e9volution dans le domaine du photovolta\u00efque est passionnante - depuis d\u00e9but 2015, les modules sont repris dans tous les centres de collecte SENS. Les installations photovolta\u00efques de premi\u00e8re g\u00e9n\u00e9ration sont d\u00e9sormais continuellement d\u00e9mont\u00e9es et remplac\u00e9es par des installations modernes et efficaces. Cette tendance se refl\u00e8te tr\u00e8s clairement dans les taux de reprise : Alors qu'en 2015, environ 70 tonnes de modules photovolta\u00efques \u00e9taient recycl\u00e9es avec SENS, ce chiffre est pass\u00e9 \u00e0 337 tonnes en 2017. Ces quantit\u00e9s restent toutefois tr\u00e8s faibles.<\/p>\n<p>Vous trouverez des informations d\u00e9taill\u00e9es sur les diff\u00e9rentes cat\u00e9gories d'appareils dans le rapport technique sur nos sites web respectifs : <a href=\"\/\/swico.us7.list-manage.com\/track\/click?u=04612cfcc7c2a1d40b4229878&amp;id=0456f966cf&amp;e=b74ab90633\">swico.ch<\/a> et <a href=\"\/\/swico.us7.list-manage.com\/track\/click?u=04612cfcc7c2a1d40b4229878&amp;id=3a6c691b23&amp;e=b74ab90633\">eRecycling.ch<\/a><\/p>","protected":false},"excerpt":{"rendered":"<p>Es ist nicht alles Elektroschrott, was in der Schweiz an Elektro- und Elektronik-Ger\u00e4te zur\u00fcck gebracht wird. Einersseits steckt noch ein vorgezogener Recyclingbeitrag (VRB), der beim Kauf eines neuen Produkts anf\u00e4llt, im Altger\u00e4t. Andererseits finden sich in den vielen recycelbaren Elektronikger\u00e4ten wertvolle Komponenten. Organisiert und verwaltet wird das Elektronik-Recycling durch die beiden R\u00fccknahmesysteme Swico Recycling und [&hellip;]<\/p>\n","protected":false},"author":5,"featured_media":9558,"comment_status":"open","ping_status":"open","sticky":false,"template":"","format":"standard","meta":{"_acf_changed":false,"_yoast_wpseo_focuskw":"Elektroschrott","_yoast_wpseo_metadesc":"Elektroschrott l\u00e4sst gr\u00fcssen: Die Schweizer Bev\u00f6lkerung hat im Jahr 2017 etwas \u00fcber 129\u2019000 Tonnen Elektro- und Elektronik-Altger\u00e4te entsorgt.","articlekey":"","footnotes":""},"categories":[580],"tags":[1007,1033,1987,424],"class_list":["post-1778","post","type-post","status-publish","format-standard","has-post-thumbnail","hentry","category-sustainability","tag-e-recycling","tag-elektro-schrott","tag-recycling","tag-schweiz"],"acf":[],"yoast_head":"<!-- This site is optimized with the Yoast SEO plugin v27.4 - https:\/\/yoast.com\/product\/yoast-seo-wordpress\/ -->\n<title>129\u2018000 Tonnen Elektroschrott im 2017 gesammelt - Organisator<\/title>\n<meta name=\"description\" content=\"Elektroschrott l\u00e4sst gr\u00fcssen: Die Schweizer Bev\u00f6lkerung hat im Jahr 2017 etwas \u00fcber 129\u2019000 Tonnen Elektro- und Elektronik-Altger\u00e4te entsorgt.\" \/>\n<meta name=\"robots\" content=\"index, follow, max-snippet:-1, max-image-preview:large, max-video-preview:-1\" \/>\n<link rel=\"canonical\" href=\"https:\/\/www.organisator.ch\/fr\/sustainability\/2018-07-09\/129000-tonnen-elektroschrott-im-2017-gesammelt\/\" \/>\n<meta property=\"og:locale\" content=\"fr_FR\" \/>\n<meta property=\"og:type\" content=\"article\" \/>\n<meta property=\"og:title\" content=\"129\u2018000 Tonnen Elektroschrott im 2017 gesammelt - Organisator\" \/>\n<meta property=\"og:description\" content=\"Elektroschrott l\u00e4sst gr\u00fcssen: Die Schweizer Bev\u00f6lkerung hat im Jahr 2017 etwas \u00fcber 129\u2019000 Tonnen Elektro- und Elektronik-Altger\u00e4te entsorgt.\" \/>\n<meta property=\"og:url\" content=\"https:\/\/www.organisator.ch\/fr\/sustainability\/2018-07-09\/129000-tonnen-elektroschrott-im-2017-gesammelt\/\" \/>\n<meta property=\"og:site_name\" content=\"Organisator\" \/>\n<meta property=\"article:publisher\" content=\"https:\/\/www.facebook.com\/OrganisatorFachmagazin\" \/>\n<meta property=\"article:published_time\" content=\"2018-07-09T10:40:14+00:00\" \/>\n<meta property=\"article:modified_time\" content=\"2022-02-09T10:05:36+00:00\" \/>\n<meta property=\"og:image\" content=\"https:\/\/www.organisator.ch\/wp-content\/uploads\/2018\/07\/radon2.jpg\" \/>\n\t<meta property=\"og:image:width\" content=\"1497\" \/>\n\t<meta property=\"og:image:height\" content=\"1028\" \/>\n\t<meta property=\"og:image:type\" content=\"image\/jpeg\" \/>\n<meta name=\"author\" content=\"michael.merz\" \/>\n<meta name=\"twitter:card\" content=\"summary_large_image\" \/>\n<script type=\"application\/ld+json\" class=\"yoast-schema-graph\">{\"@context\":\"https:\\\/\\\/schema.org\",\"@graph\":[{\"@type\":\"Article\",\"@id\":\"https:\\\/\\\/www.organisator.ch\\\/sustainability\\\/2018-07-09\\\/129000-tonnen-elektroschrott-im-2017-gesammelt\\\/#article\",\"isPartOf\":{\"@id\":\"https:\\\/\\\/www.organisator.ch\\\/sustainability\\\/2018-07-09\\\/129000-tonnen-elektroschrott-im-2017-gesammelt\\\/\"},\"author\":{\"name\":\"michael.merz\",\"@id\":\"https:\\\/\\\/www.organisator.ch\\\/#\\\/schema\\\/person\\\/134708ca9321c57b0362cceb7948ffbd\"},\"headline\":\"129\u2018000 Tonnen Elektroschrott im 2017 gesammelt\",\"datePublished\":\"2018-07-09T10:40:14+00:00\",\"dateModified\":\"2022-02-09T10:05:36+00:00\",\"mainEntityOfPage\":{\"@id\":\"https:\\\/\\\/www.organisator.ch\\\/sustainability\\\/2018-07-09\\\/129000-tonnen-elektroschrott-im-2017-gesammelt\\\/\"},\"wordCount\":529,\"commentCount\":0,\"publisher\":{\"@id\":\"https:\\\/\\\/www.organisator.ch\\\/#organization\"},\"image\":{\"@id\":\"https:\\\/\\\/www.organisator.ch\\\/sustainability\\\/2018-07-09\\\/129000-tonnen-elektroschrott-im-2017-gesammelt\\\/#primaryimage\"},\"thumbnailUrl\":\"https:\\\/\\\/www.organisator.ch\\\/wp-content\\\/uploads\\\/2018\\\/07\\\/radon2.jpg\",\"keywords\":[\"E-Recycling\",\"Elektro-Schrott\",\"Recycling\",\"Schweiz\"],\"articleSection\":[\"SUSTAINABILITY\"],\"inLanguage\":\"fr-FR\"},{\"@type\":\"WebPage\",\"@id\":\"https:\\\/\\\/www.organisator.ch\\\/sustainability\\\/2018-07-09\\\/129000-tonnen-elektroschrott-im-2017-gesammelt\\\/\",\"url\":\"https:\\\/\\\/www.organisator.ch\\\/sustainability\\\/2018-07-09\\\/129000-tonnen-elektroschrott-im-2017-gesammelt\\\/\",\"name\":\"129\u2018000 Tonnen Elektroschrott im 2017 gesammelt - Organisator\",\"isPartOf\":{\"@id\":\"https:\\\/\\\/www.organisator.ch\\\/#website\"},\"primaryImageOfPage\":{\"@id\":\"https:\\\/\\\/www.organisator.ch\\\/sustainability\\\/2018-07-09\\\/129000-tonnen-elektroschrott-im-2017-gesammelt\\\/#primaryimage\"},\"image\":{\"@id\":\"https:\\\/\\\/www.organisator.ch\\\/sustainability\\\/2018-07-09\\\/129000-tonnen-elektroschrott-im-2017-gesammelt\\\/#primaryimage\"},\"thumbnailUrl\":\"https:\\\/\\\/www.organisator.ch\\\/wp-content\\\/uploads\\\/2018\\\/07\\\/radon2.jpg\",\"datePublished\":\"2018-07-09T10:40:14+00:00\",\"dateModified\":\"2022-02-09T10:05:36+00:00\",\"description\":\"Elektroschrott l\u00e4sst gr\u00fcssen: Die Schweizer Bev\u00f6lkerung hat im Jahr 2017 etwas \u00fcber 129\u2019000 Tonnen Elektro- und Elektronik-Altger\u00e4te entsorgt.\",\"breadcrumb\":{\"@id\":\"https:\\\/\\\/www.organisator.ch\\\/sustainability\\\/2018-07-09\\\/129000-tonnen-elektroschrott-im-2017-gesammelt\\\/#breadcrumb\"},\"inLanguage\":\"fr-FR\",\"potentialAction\":[{\"@type\":\"ReadAction\",\"target\":[\"https:\\\/\\\/www.organisator.ch\\\/sustainability\\\/2018-07-09\\\/129000-tonnen-elektroschrott-im-2017-gesammelt\\\/\"]}]},{\"@type\":\"ImageObject\",\"inLanguage\":\"fr-FR\",\"@id\":\"https:\\\/\\\/www.organisator.ch\\\/sustainability\\\/2018-07-09\\\/129000-tonnen-elektroschrott-im-2017-gesammelt\\\/#primaryimage\",\"url\":\"https:\\\/\\\/www.organisator.ch\\\/wp-content\\\/uploads\\\/2018\\\/07\\\/radon2.jpg\",\"contentUrl\":\"https:\\\/\\\/www.organisator.ch\\\/wp-content\\\/uploads\\\/2018\\\/07\\\/radon2.jpg\",\"width\":1497,\"height\":1028,\"caption\":\"Nicht nur in Garagen von Konsumenten stehen immer weniger R\u00f6hrenger\u00e4te herum. (Bild: depositphotos)\"},{\"@type\":\"BreadcrumbList\",\"@id\":\"https:\\\/\\\/www.organisator.ch\\\/sustainability\\\/2018-07-09\\\/129000-tonnen-elektroschrott-im-2017-gesammelt\\\/#breadcrumb\",\"itemListElement\":[{\"@type\":\"ListItem\",\"position\":1,\"name\":\"Home\",\"item\":\"https:\\\/\\\/www.organisator.ch\\\/\"},{\"@type\":\"ListItem\",\"position\":2,\"name\":\"129\u2018000 Tonnen Elektroschrott im 2017 gesammelt\"}]},{\"@type\":\"WebSite\",\"@id\":\"https:\\\/\\\/www.organisator.ch\\\/#website\",\"url\":\"https:\\\/\\\/www.organisator.ch\\\/\",\"name\":\"Organisator\",\"description\":\"Kompetent. Praxisnah. Der ORGANISATOR bereitet in 10 Ausgaben pro Jahr die wesentlichen Themen f\u00fcr F\u00fchrungskr\u00e4fte von KMU auf.\",\"publisher\":{\"@id\":\"https:\\\/\\\/www.organisator.ch\\\/#organization\"},\"potentialAction\":[{\"@type\":\"SearchAction\",\"target\":{\"@type\":\"EntryPoint\",\"urlTemplate\":\"https:\\\/\\\/www.organisator.ch\\\/?s={search_term_string}\"},\"query-input\":{\"@type\":\"PropertyValueSpecification\",\"valueRequired\":true,\"valueName\":\"search_term_string\"}}],\"inLanguage\":\"fr-FR\"},{\"@type\":\"Organization\",\"@id\":\"https:\\\/\\\/www.organisator.ch\\\/#organization\",\"name\":\"Organisator\",\"url\":\"https:\\\/\\\/www.organisator.ch\\\/\",\"logo\":{\"@type\":\"ImageObject\",\"inLanguage\":\"fr-FR\",\"@id\":\"https:\\\/\\\/www.organisator.ch\\\/#\\\/schema\\\/logo\\\/image\\\/\",\"url\":\"https:\\\/\\\/www.organisator.ch\\\/wp-content\\\/uploads\\\/2022\\\/01\\\/Logo_Organisator_Website.png\",\"contentUrl\":\"https:\\\/\\\/www.organisator.ch\\\/wp-content\\\/uploads\\\/2022\\\/01\\\/Logo_Organisator_Website.png\",\"width\":800,\"height\":77,\"caption\":\"Organisator\"},\"image\":{\"@id\":\"https:\\\/\\\/www.organisator.ch\\\/#\\\/schema\\\/logo\\\/image\\\/\"},\"sameAs\":[\"https:\\\/\\\/www.facebook.com\\\/OrganisatorFachmagazin\",\"https:\\\/\\\/www.linkedin.com\\\/showcase\\\/organisator-das-magazin-fr-kmu\",\"https:\\\/\\\/www.xing.com\\\/news\\\/pages\\\/organisator-ch-695\",\"https:\\\/\\\/www.youtube.com\\\/channel\\\/UCGP2Sq0iWaZwT3BdIAQFYpw\"]},{\"@type\":\"Person\",\"@id\":\"https:\\\/\\\/www.organisator.ch\\\/#\\\/schema\\\/person\\\/134708ca9321c57b0362cceb7948ffbd\",\"name\":\"michael.merz\",\"image\":{\"@type\":\"ImageObject\",\"inLanguage\":\"fr-FR\",\"@id\":\"https:\\\/\\\/secure.gravatar.com\\\/avatar\\\/?s=96&d=mm&r=g\",\"url\":\"https:\\\/\\\/secure.gravatar.com\\\/avatar\\\/?s=96&d=mm&r=g\",\"contentUrl\":\"https:\\\/\\\/secure.gravatar.com\\\/avatar\\\/?s=96&d=mm&r=g\",\"caption\":\"michael.merz\"},\"url\":\"https:\\\/\\\/www.organisator.ch\\\/fr\\\/author\\\/michael-merz\\\/\"}]}<\/script>\n<!-- \/ Yoast SEO plugin. -->","yoast_head_json":{"title":"129 000 tonnes de d\u00e9chets \u00e9lectroniques collect\u00e9es en 2017 - Organisateur","description":"Les d\u00e9chets \u00e9lectroniques nous saluent : En 2017, la population suisse a \u00e9limin\u00e9 un peu plus de 129 000 tonnes de d\u00e9chets d'\u00e9quipements \u00e9lectriques et \u00e9lectroniques.","robots":{"index":"index","follow":"follow","max-snippet":"max-snippet:-1","max-image-preview":"max-image-preview:large","max-video-preview":"max-video-preview:-1"},"canonical":"https:\/\/www.organisator.ch\/fr\/sustainability\/2018-07-09\/129000-tonnen-elektroschrott-im-2017-gesammelt\/","og_locale":"fr_FR","og_type":"article","og_title":"129\u2018000 Tonnen Elektroschrott im 2017 gesammelt - Organisator","og_description":"Elektroschrott l\u00e4sst gr\u00fcssen: Die Schweizer Bev\u00f6lkerung hat im Jahr 2017 etwas \u00fcber 129\u2019000 Tonnen Elektro- und Elektronik-Altger\u00e4te entsorgt.","og_url":"https:\/\/www.organisator.ch\/fr\/sustainability\/2018-07-09\/129000-tonnen-elektroschrott-im-2017-gesammelt\/","og_site_name":"Organisator","article_publisher":"https:\/\/www.facebook.com\/OrganisatorFachmagazin","article_published_time":"2018-07-09T10:40:14+00:00","article_modified_time":"2022-02-09T10:05:36+00:00","og_image":[{"width":1497,"height":1028,"url":"https:\/\/www.organisator.ch\/wp-content\/uploads\/2018\/07\/radon2.jpg","type":"image\/jpeg"}],"author":"michael.merz","twitter_card":"summary_large_image","schema":{"@context":"https:\/\/schema.org","@graph":[{"@type":"Article","@id":"https:\/\/www.organisator.ch\/sustainability\/2018-07-09\/129000-tonnen-elektroschrott-im-2017-gesammelt\/#article","isPartOf":{"@id":"https:\/\/www.organisator.ch\/sustainability\/2018-07-09\/129000-tonnen-elektroschrott-im-2017-gesammelt\/"},"author":{"name":"michael.merz","@id":"https:\/\/www.organisator.ch\/#\/schema\/person\/134708ca9321c57b0362cceb7948ffbd"},"headline":"129\u2018000 Tonnen Elektroschrott im 2017 gesammelt","datePublished":"2018-07-09T10:40:14+00:00","dateModified":"2022-02-09T10:05:36+00:00","mainEntityOfPage":{"@id":"https:\/\/www.organisator.ch\/sustainability\/2018-07-09\/129000-tonnen-elektroschrott-im-2017-gesammelt\/"},"wordCount":529,"commentCount":0,"publisher":{"@id":"https:\/\/www.organisator.ch\/#organization"},"image":{"@id":"https:\/\/www.organisator.ch\/sustainability\/2018-07-09\/129000-tonnen-elektroschrott-im-2017-gesammelt\/#primaryimage"},"thumbnailUrl":"https:\/\/www.organisator.ch\/wp-content\/uploads\/2018\/07\/radon2.jpg","keywords":["E-Recycling","Elektro-Schrott","Recycling","Schweiz"],"articleSection":["SUSTAINABILITY"],"inLanguage":"fr-FR"},{"@type":"WebPage","@id":"https:\/\/www.organisator.ch\/sustainability\/2018-07-09\/129000-tonnen-elektroschrott-im-2017-gesammelt\/","url":"https:\/\/www.organisator.ch\/sustainability\/2018-07-09\/129000-tonnen-elektroschrott-im-2017-gesammelt\/","name":"129 000 tonnes de d\u00e9chets \u00e9lectroniques collect\u00e9es en 2017 - Organisateur","isPartOf":{"@id":"https:\/\/www.organisator.ch\/#website"},"primaryImageOfPage":{"@id":"https:\/\/www.organisator.ch\/sustainability\/2018-07-09\/129000-tonnen-elektroschrott-im-2017-gesammelt\/#primaryimage"},"image":{"@id":"https:\/\/www.organisator.ch\/sustainability\/2018-07-09\/129000-tonnen-elektroschrott-im-2017-gesammelt\/#primaryimage"},"thumbnailUrl":"https:\/\/www.organisator.ch\/wp-content\/uploads\/2018\/07\/radon2.jpg","datePublished":"2018-07-09T10:40:14+00:00","dateModified":"2022-02-09T10:05:36+00:00","description":"Les d\u00e9chets \u00e9lectroniques nous saluent : En 2017, la population suisse a \u00e9limin\u00e9 un peu plus de 129 000 tonnes de d\u00e9chets d'\u00e9quipements \u00e9lectriques et \u00e9lectroniques.","breadcrumb":{"@id":"https:\/\/www.organisator.ch\/sustainability\/2018-07-09\/129000-tonnen-elektroschrott-im-2017-gesammelt\/#breadcrumb"},"inLanguage":"fr-FR","potentialAction":[{"@type":"ReadAction","target":["https:\/\/www.organisator.ch\/sustainability\/2018-07-09\/129000-tonnen-elektroschrott-im-2017-gesammelt\/"]}]},{"@type":"ImageObject","inLanguage":"fr-FR","@id":"https:\/\/www.organisator.ch\/sustainability\/2018-07-09\/129000-tonnen-elektroschrott-im-2017-gesammelt\/#primaryimage","url":"https:\/\/www.organisator.ch\/wp-content\/uploads\/2018\/07\/radon2.jpg","contentUrl":"https:\/\/www.organisator.ch\/wp-content\/uploads\/2018\/07\/radon2.jpg","width":1497,"height":1028,"caption":"Nicht nur in Garagen von Konsumenten stehen immer weniger R\u00f6hrenger\u00e4te herum. (Bild: depositphotos)"},{"@type":"BreadcrumbList","@id":"https:\/\/www.organisator.ch\/sustainability\/2018-07-09\/129000-tonnen-elektroschrott-im-2017-gesammelt\/#breadcrumb","itemListElement":[{"@type":"ListItem","position":1,"name":"Home","item":"https:\/\/www.organisator.ch\/"},{"@type":"ListItem","position":2,"name":"129\u2018000 Tonnen Elektroschrott im 2017 gesammelt"}]},{"@type":"WebSite","@id":"https:\/\/www.organisator.ch\/#website","url":"https:\/\/www.organisator.ch\/","name":"Organisateur","description":"Comp\u00e9tence et comp\u00e9tence. Proches de la pratique. L'ORGANISATEUR pr\u00e9pare 10 num\u00e9ros par an sur les th\u00e8mes essentiels pour les dirigeants de PME.","publisher":{"@id":"https:\/\/www.organisator.ch\/#organization"},"potentialAction":[{"@type":"SearchAction","target":{"@type":"EntryPoint","urlTemplate":"https:\/\/www.organisator.ch\/?s={search_term_string}"},"query-input":{"@type":"PropertyValueSpecification","valueRequired":true,"valueName":"search_term_string"}}],"inLanguage":"fr-FR"},{"@type":"Organization","@id":"https:\/\/www.organisator.ch\/#organization","name":"Organisateur","url":"https:\/\/www.organisator.ch\/","logo":{"@type":"ImageObject","inLanguage":"fr-FR","@id":"https:\/\/www.organisator.ch\/#\/schema\/logo\/image\/","url":"https:\/\/www.organisator.ch\/wp-content\/uploads\/2022\/01\/Logo_Organisator_Website.png","contentUrl":"https:\/\/www.organisator.ch\/wp-content\/uploads\/2022\/01\/Logo_Organisator_Website.png","width":800,"height":77,"caption":"Organisator"},"image":{"@id":"https:\/\/www.organisator.ch\/#\/schema\/logo\/image\/"},"sameAs":["https:\/\/www.facebook.com\/OrganisatorFachmagazin","https:\/\/www.linkedin.com\/showcase\/organisator-das-magazin-fr-kmu","https:\/\/www.xing.com\/news\/pages\/organisator-ch-695","https:\/\/www.youtube.com\/channel\/UCGP2Sq0iWaZwT3BdIAQFYpw"]},{"@type":"Person","@id":"https:\/\/www.organisator.ch\/#\/schema\/person\/134708ca9321c57b0362cceb7948ffbd","name":"michael.merz","image":{"@type":"ImageObject","inLanguage":"fr-FR","@id":"https:\/\/secure.gravatar.com\/avatar\/?s=96&d=mm&r=g","url":"https:\/\/secure.gravatar.com\/avatar\/?s=96&d=mm&r=g","contentUrl":"https:\/\/secure.gravatar.com\/avatar\/?s=96&d=mm&r=g","caption":"michael.merz"},"url":"https:\/\/www.organisator.ch\/fr\/author\/michael-merz\/"}]}},"_links":{"self":[{"href":"https:\/\/www.organisator.ch\/fr\/wp-json\/wp\/v2\/posts\/1778","targetHints":{"allow":["GET"]}}],"collection":[{"href":"https:\/\/www.organisator.ch\/fr\/wp-json\/wp\/v2\/posts"}],"about":[{"href":"https:\/\/www.organisator.ch\/fr\/wp-json\/wp\/v2\/types\/post"}],"author":[{"embeddable":true,"href":"https:\/\/www.organisator.ch\/fr\/wp-json\/wp\/v2\/users\/5"}],"replies":[{"embeddable":true,"href":"https:\/\/www.organisator.ch\/fr\/wp-json\/wp\/v2\/comments?post=1778"}],"version-history":[{"count":1,"href":"https:\/\/www.organisator.ch\/fr\/wp-json\/wp\/v2\/posts\/1778\/revisions"}],"predecessor-version":[{"id":10416,"href":"https:\/\/www.organisator.ch\/fr\/wp-json\/wp\/v2\/posts\/1778\/revisions\/10416"}],"wp:featuredmedia":[{"embeddable":true,"href":"https:\/\/www.organisator.ch\/fr\/wp-json\/wp\/v2\/media\/9558"}],"wp:attachment":[{"href":"https:\/\/www.organisator.ch\/fr\/wp-json\/wp\/v2\/media?parent=1778"}],"wp:term":[{"taxonomy":"category","embeddable":true,"href":"https:\/\/www.organisator.ch\/fr\/wp-json\/wp\/v2\/categories?post=1778"},{"taxonomy":"post_tag","embeddable":true,"href":"https:\/\/www.organisator.ch\/fr\/wp-json\/wp\/v2\/tags?post=1778"}],"curies":[{"name":"wp","href":"https:\/\/api.w.org\/{rel}","templated":true}]}}