{"id":17780,"date":"2022-11-10T08:39:23","date_gmt":"2022-11-10T07:39:23","guid":{"rendered":"https:\/\/www.m-q.ch\/?p=17154"},"modified":"2024-11-20T10:54:24","modified_gmt":"2024-11-20T09:54:24","slug":"klimarisiken-als-langfristige-herausforderung-fuer-unternehmen","status":"publish","type":"post","link":"https:\/\/www.organisator.ch\/fr\/operational-excellence\/2022-11-10\/klimarisiken-als-langfristige-herausforderung-fuer-unternehmen\/","title":{"rendered":"Les risques climatiques, un d\u00e9fi \u00e0 long terme pour les entreprises"},"content":{"rendered":"<figure id=\"attachment_17156\" class=\"wp-caption alignnone\" style=\"width: 680px\" aria-describedby=\"caption-attachment-17156\"><img class=\"alignnone wp-image-17156 size-full\" src=\"https:\/\/www.m-q.ch\/wp-content\/uploads\/2022\/11\/Klimarisiken-als-langfristige-Herausforderung-fuer-Unternehmen-1_MQ.jpg\" alt=\"Risques climatiques entreprises\" width=\"680\" height=\"419\" \/>\r\n<figcaption id=\"caption-attachment-17156\" class=\"wp-caption-text\">Le changement climatique et les risques climatiques qui en d\u00e9coulent sollicitent de plus en plus les risk managers dans les entreprises. (Image : Unsplash.com)<\/figcaption>\r\n<\/figure>\r\n<p>Les activit\u00e9s des entreprises ont un impact sur l'environnement de diff\u00e9rentes mani\u00e8res, que ce soit sous la forme d'\u00e9missions de gaz \u00e0 effet de serre, de consommation d'\u00e9nergie, de gestion des d\u00e9chets et d'utilisation de l'eau, ou sous la forme d'aspects environnementaux dans l'offre de produits et de services. En cons\u00e9quence, les entreprises ont la responsabilit\u00e9 de tout mettre en \u0153uvre pour r\u00e9duire leur impact sur l'environnement. \"En Suisse et en Allemagne, toutes les organisations n'assument pas cette responsabilit\u00e9 de la m\u00eame mani\u00e8re\", explique Stefan Hunziker, auteur du rapport ERM 2022 et directeur du centre de comp\u00e9tences Risk &amp; Compliance \u00e0 la Haute \u00e9cole de Lucerne. Les r\u00e9sultats de l'ERM Report 2022 le montrent : Le plus grand obstacle \u00e0 une plus grande responsabilit\u00e9 environnementale est le co\u00fbt n\u00e9cessaire pour se comporter de mani\u00e8re plus \u00e9cologique en tant qu'entreprise. Environ deux tiers des personnes interrog\u00e9es consid\u00e8rent cela comme un obstacle majeur. En outre, les PME en particulier voient un impact suppos\u00e9 plus faible de leur part sur l'environnement, ce qui entra\u00eene une responsabilit\u00e9 environnementale moindre (voir graphique ci-dessous).<\/p>\r\n<figure id=\"attachment_17155\" class=\"wp-caption alignnone\" style=\"width: 680px\" aria-describedby=\"caption-attachment-17155\"><img class=\"size-full wp-image-17155\" src=\"https:\/\/www.m-q.ch\/wp-content\/uploads\/2022\/11\/Klimarisiken-als-langfristige-Herausforderung-fuer-Unternehmen-2_MQ.jpg\" alt=\"\" width=\"680\" height=\"409\" \/>\r\n<figcaption id=\"caption-attachment-17155\" class=\"wp-caption-text\">Alors que la perception de ne pas pouvoir faire grand-chose tout seul est une raison souvent cit\u00e9e pour renoncer \u00e0 assumer une responsabilit\u00e9 environnementale, seules quelques entreprises citent les co\u00fbts \u00e9lev\u00e9s comme justification. (Figure : obstacles per\u00e7us qui parlent contre la prise de responsabilit\u00e9 environnementale de l'entreprise ; graphique : Haute \u00e9cole de Lucerne)<\/figcaption>\r\n<\/figure>\r\n<p>A cela s'ajoute la pression per\u00e7ue par les entreprises de la part des parties prenantes internes et externes, qui agit sur la responsabilit\u00e9 environnementale de l'entreprise. Cela signifie que plus la perception de la pression exerc\u00e9e sur une entreprise est forte, plus sa responsabilit\u00e9 environnementale est marqu\u00e9e. Les grandes entreprises, en particulier, per\u00e7oivent cette pression beaucoup plus fortement que les PME. Dans toutes les dimensions de la responsabilit\u00e9 environnementale interrog\u00e9es, les grandes entreprises sont donc un peu en avance sur les PME et font d\u00e9j\u00e0 explicitement auditer et \u00e9valuer leur responsabilit\u00e9 environnementale par des organismes externes. Cela favorise l'am\u00e9lioration de l'image des entreprises en ce qui concerne leur responsabilit\u00e9 environnementale, ce qui est consid\u00e9r\u00e9 comme l'avantage le plus fort per\u00e7u par la responsabilit\u00e9 environnementale de sa propre entreprise.<\/p>\r\n<h3>Les risques climatiques n'ont qu'une importance moyenne pour les entreprises<\/h3>\r\n<p>Le changement climatique entra\u00eene de nombreux effets n\u00e9gatifs pour l'homme et l'environnement en raison des interactions et interd\u00e9pendances complexes entre les \u00e9l\u00e9ments les plus divers de l'\u00e9cosph\u00e8re. Tous les acteurs de l'\u00e9conomie et de la soci\u00e9t\u00e9 doivent s'adapter \u00e0 cette nouvelle r\u00e9alit\u00e9. Pour mieux cerner le sujet, les personnes interrog\u00e9es dans le cadre de l'\u00e9tude de la HSLU devaient d'abord \u00e9valuer le degr\u00e9 d'implication de diff\u00e9rents risques dans leur entreprise. Il en ressort clairement que les risques climatiques n'ont qu'une importance moyenne. \"Les risques de march\u00e9 et les risques strat\u00e9giques sont consid\u00e9r\u00e9s comme plus importants, ce qui est surprenant compte tenu de l'actualit\u00e9 du sujet\", explique Hunziker.<\/p>\r\n<h3>Cat\u00e9gorisation difficile au sein de la gestion des risques<\/h3>\r\n<p>Les entreprises ont notamment du mal \u00e0 cat\u00e9goriser les risques climatiques, comme le montre l'\u00e9tude de la HSLU. Une entreprise sur trois ne cat\u00e9gorise pas les risques climatiques comme une cat\u00e9gorie de risque \u00e0 part enti\u00e8re dans le processus de gestion des risques de l'entreprise. \"A cela s'ajoute le fait que seule une entreprise sur deux \u00e9value les risques climatiques de mani\u00e8re interdisciplinaire \u00e0 travers diff\u00e9rentes fonctions et domaines de l'entreprise\", pr\u00e9cise l'expert de la HSLU. L'auteur de l'\u00e9tude ajoute : \"En tenant compte de tous les indicateurs recens\u00e9s, on peut retenir qu'un recensement r\u00e9gulier et \u00e9galitaire des risques climatiques en tant que cat\u00e9gorie de risque autonome augmenterait nettement l'importance des risques climatiques dans la gestion des risques de l'entreprise\".<\/p>\r\n<h3>Les entreprises se fient \u00e0 l'auto-\u00e9valuation<\/h3>\r\n<p>Une entreprise sur trois n'\u00e9value pas du tout les risques climatiques. Selon les auteurs de l'\u00e9tude de la HSLU, cela s'explique notamment par le manque de donn\u00e9es historiques disponibles sur les risques climatiques. \"M\u00eame pour l'\u00e9valuation des risques, les entreprises qui \u00e9valuent les risques climatiques se fient davantage \u00e0 leur propre auto-\u00e9valuation comme m\u00e9thode d'\u00e9valuation des risques\", explique Stefan Hunziker. Dans ce domaine, le manque de comp\u00e9tences pour analyser et \u00e9valuer les risques climatiques semble \u00eatre le plus grand d\u00e9fi.<\/p>\r\n<h3>Int\u00e9gration insatisfaisante des risques climatiques<\/h3>\r\n<p>Pour finir, les repr\u00e9sentants des entreprises ont \u00e9t\u00e9 pri\u00e9s d'\u00e9valuer leur satisfaction quant au degr\u00e9 de maturit\u00e9 actuel de l'int\u00e9gration des risques climatiques dans la gestion des risques. Une grande partie d'entre elles (environ deux tiers) sont insatisfaites ou tout au plus partiellement satisfaites de la prise en compte des risques climatiques dans le cadre de la gestion des risques d'entreprise. Seule une entreprise sur treize est tr\u00e8s satisfaite de la gestion et de l'int\u00e9gration des risques climatiques dans le Risk Management. \"Cet ensemble de th\u00e8mes est encore tr\u00e8s nouveau pour de nombreuses entreprises\", explique Hunziker. De nombreuses entreprises commencent tout juste \u00e0 s'int\u00e9resser \u00e0 une \u00e9ventuelle int\u00e9gration dans la gestion des risques. Il semble qu'il y ait encore une grande incertitude quant \u00e0 la saisie, l'analyse et l'\u00e9valuation de tels risques. Mais de nombreuses personnes interrog\u00e9es ne voient tout simplement pas encore l'importance de ce th\u00e8me complexe pour leur entreprise. Stefan Hunziker : \"Un changement de mentalit\u00e9 devrait avoir lieu ici, afin que les entreprises soient pr\u00eates \u00e0 consacrer plus de temps et de moyens financiers \u00e0 l'acquisition du savoir-faire n\u00e9cessaire\".<\/p>\r\n<p><em>Source : <a href=\"http:\/\/www.hslu.ch\/\">Haute \u00e9cole de Lucerne<\/a><\/em><\/p>\r\n<blockquote>\r\n<h2>Rapport ERM 2022<\/h2>\r\n<p>Les entreprises sont soumises \u00e0 une multitude de r\u00e9glementations, d'engagements internes et d'attentes des diff\u00e9rentes parties prenantes. Elles doivent donc r\u00e9fl\u00e9chir \u00e0 la mani\u00e8re dont elles veulent g\u00e9rer les risques climatiques li\u00e9s \u00e0 leurs activit\u00e9s. Le rapport ERM 2022 se concentre donc sur la question de savoir dans quelle mesure l'int\u00e9gration de ces risques dans la gestion des risques d'entreprise des entreprises en Suisse et en Allemagne a d\u00e9j\u00e0 eu lieu. Les auteurs de l'\u00e9tude ont d\u00e9duit des r\u00e9sultats de l'enqu\u00eate men\u00e9e aupr\u00e8s des entreprises allemandes et suisses des messages cl\u00e9s pour la pratique, qui mettent \u00e9galement en \u00e9vidence d'autres potentiels d'am\u00e9lioration pour la gestion des risques climatiques. L'\u00e9tude a \u00e9t\u00e9 r\u00e9dig\u00e9e par l'Institut f\u00fcr Finanzdienstleistungen IFZ de la Haute \u00e9cole de Lucerne en collaboration avec l'Institut f\u00fcr Controlling de la Fachhochschule Kiel.<\/p>\r\n<\/blockquote>\n<p class=\"syndicated-attribution\">Cet article est paru initialement sur m-q.ch - <a href=\"https:\/\/www.m-q.ch\/de\/klimarisiken-als-langfristige-herausforderung-fuer-unternehmen\/\" target=\"_blank\">https:\/\/www.m-q.ch\/de\/klimarisiken-als-langfristige-herausforderung-fuer-unternehmen\/<\/a><\/p>","protected":false},"excerpt":{"rendered":"<p>Die Gesch\u00e4ftst\u00e4tigkeit von Unternehmen wirkt sich \u00fcber unterschiedliche Wege auf die Umwelt aus \u2013 sei es in Form von Treibhausgasemissionen, Energieverbrauch, Abfallmanagement und Wasserverbrauch oder in Form von Umweltaspekten im Produkte- und Dienstleistungsangebot. Entsprechend stehen die Unternehmen in der Verantwortung, alles daf\u00fcr zu tun, um die durch sie verursachten Auswirkungen auf die Umwelt zu verringern. [\u2026]<\/p>\n","protected":false},"author":8,"featured_media":0,"comment_status":"closed","ping_status":"closed","sticky":false,"template":"","format":"standard","meta":{"_acf_changed":false,"_yoast_wpseo_focuskw":"Klimarisiken Unternehmen","_yoast_wpseo_metadesc":"ERM Report 2022: Klimarisiken fordern Unternehmen verst\u00e4rkt. Umweltverantwortung und Risikomanagement im Fokus.","articlekey":"","footnotes":""},"categories":[582],"tags":[3501],"class_list":["post-17780","post","type-post","status-publish","format-standard","hentry","category-operational-excellence","tag-klimarisiken"],"acf":[],"yoast_head":"<!-- This site is optimized with the Yoast SEO plugin v27.5 - https:\/\/yoast.com\/product\/yoast-seo-wordpress\/ -->\n<title>Klimarisiken als langfristige Herausforderung f\u00fcr Unternehmen - Organisator<\/title>\n<meta name=\"description\" content=\"ERM Report 2022: Klimarisiken fordern Unternehmen verst\u00e4rkt. Umweltverantwortung und Risikomanagement im Fokus.\" \/>\n<meta name=\"robots\" content=\"index, follow, max-snippet:-1, max-image-preview:large, max-video-preview:-1\" \/>\n<link rel=\"canonical\" href=\"https:\/\/www.organisator.ch\/fr\/excellence-operationnelle\/2022-11-10\/klimarisiken-als-langfristige-herausforderung-fuer-unternehmen\/\" \/>\n<meta property=\"og:locale\" content=\"fr_FR\" \/>\n<meta property=\"og:type\" content=\"article\" \/>\n<meta property=\"og:title\" content=\"Klimarisiken als langfristige Herausforderung f\u00fcr Unternehmen - Organisator\" \/>\n<meta property=\"og:description\" content=\"ERM Report 2022: Klimarisiken fordern Unternehmen verst\u00e4rkt. Umweltverantwortung und Risikomanagement im Fokus.\" \/>\n<meta property=\"og:url\" content=\"https:\/\/www.organisator.ch\/fr\/excellence-operationnelle\/2022-11-10\/klimarisiken-als-langfristige-herausforderung-fuer-unternehmen\/\" \/>\n<meta property=\"og:site_name\" content=\"Organisator\" \/>\n<meta property=\"article:publisher\" content=\"https:\/\/www.facebook.com\/OrganisatorFachmagazin\" \/>\n<meta property=\"article:published_time\" content=\"2022-11-10T07:39:23+00:00\" \/>\n<meta property=\"article:modified_time\" content=\"2024-11-20T09:54:24+00:00\" \/>\n<meta name=\"author\" content=\"galledia\" \/>\n<meta name=\"twitter:card\" content=\"summary_large_image\" \/>\n<meta name=\"twitter:creator\" content=\"@admin\" \/>\n<script type=\"application\/ld+json\" class=\"yoast-schema-graph\">{\"@context\":\"https:\\\/\\\/schema.org\",\"@graph\":[{\"@type\":\"Article\",\"@id\":\"https:\\\/\\\/www.organisator.ch\\\/operational-excellence\\\/2022-11-10\\\/klimarisiken-als-langfristige-herausforderung-fuer-unternehmen\\\/#article\",\"isPartOf\":{\"@id\":\"https:\\\/\\\/www.organisator.ch\\\/operational-excellence\\\/2022-11-10\\\/klimarisiken-als-langfristige-herausforderung-fuer-unternehmen\\\/\"},\"author\":{\"name\":\"galledia\",\"@id\":\"https:\\\/\\\/www.organisator.ch\\\/#\\\/schema\\\/person\\\/4e51799071cd2dd1232ac003643ef5f0\"},\"headline\":\"Klimarisiken als langfristige Herausforderung f\u00fcr Unternehmen\",\"datePublished\":\"2022-11-10T07:39:23+00:00\",\"dateModified\":\"2024-11-20T09:54:24+00:00\",\"mainEntityOfPage\":{\"@id\":\"https:\\\/\\\/www.organisator.ch\\\/operational-excellence\\\/2022-11-10\\\/klimarisiken-als-langfristige-herausforderung-fuer-unternehmen\\\/\"},\"wordCount\":899,\"publisher\":{\"@id\":\"https:\\\/\\\/www.organisator.ch\\\/#organization\"},\"image\":{\"@id\":\"https:\\\/\\\/www.organisator.ch\\\/operational-excellence\\\/2022-11-10\\\/klimarisiken-als-langfristige-herausforderung-fuer-unternehmen\\\/#primaryimage\"},\"thumbnailUrl\":\"https:\\\/\\\/www.m-q.ch\\\/wp-content\\\/uploads\\\/2022\\\/11\\\/Klimarisiken-als-langfristige-Herausforderung-fuer-Unternehmen-1_MQ.jpg\",\"keywords\":[\"Klimarisiken\"],\"articleSection\":[\"OPERATIONAL EXCELLENCE\"],\"inLanguage\":\"fr-FR\"},{\"@type\":\"WebPage\",\"@id\":\"https:\\\/\\\/www.organisator.ch\\\/operational-excellence\\\/2022-11-10\\\/klimarisiken-als-langfristige-herausforderung-fuer-unternehmen\\\/\",\"url\":\"https:\\\/\\\/www.organisator.ch\\\/operational-excellence\\\/2022-11-10\\\/klimarisiken-als-langfristige-herausforderung-fuer-unternehmen\\\/\",\"name\":\"Klimarisiken als langfristige Herausforderung f\u00fcr Unternehmen - Organisator\",\"isPartOf\":{\"@id\":\"https:\\\/\\\/www.organisator.ch\\\/#website\"},\"primaryImageOfPage\":{\"@id\":\"https:\\\/\\\/www.organisator.ch\\\/operational-excellence\\\/2022-11-10\\\/klimarisiken-als-langfristige-herausforderung-fuer-unternehmen\\\/#primaryimage\"},\"image\":{\"@id\":\"https:\\\/\\\/www.organisator.ch\\\/operational-excellence\\\/2022-11-10\\\/klimarisiken-als-langfristige-herausforderung-fuer-unternehmen\\\/#primaryimage\"},\"thumbnailUrl\":\"https:\\\/\\\/www.m-q.ch\\\/wp-content\\\/uploads\\\/2022\\\/11\\\/Klimarisiken-als-langfristige-Herausforderung-fuer-Unternehmen-1_MQ.jpg\",\"datePublished\":\"2022-11-10T07:39:23+00:00\",\"dateModified\":\"2024-11-20T09:54:24+00:00\",\"description\":\"ERM Report 2022: Klimarisiken fordern Unternehmen verst\u00e4rkt. Umweltverantwortung und Risikomanagement im Fokus.\",\"breadcrumb\":{\"@id\":\"https:\\\/\\\/www.organisator.ch\\\/operational-excellence\\\/2022-11-10\\\/klimarisiken-als-langfristige-herausforderung-fuer-unternehmen\\\/#breadcrumb\"},\"inLanguage\":\"fr-FR\",\"potentialAction\":[{\"@type\":\"ReadAction\",\"target\":[\"https:\\\/\\\/www.organisator.ch\\\/operational-excellence\\\/2022-11-10\\\/klimarisiken-als-langfristige-herausforderung-fuer-unternehmen\\\/\"]}]},{\"@type\":\"ImageObject\",\"inLanguage\":\"fr-FR\",\"@id\":\"https:\\\/\\\/www.organisator.ch\\\/operational-excellence\\\/2022-11-10\\\/klimarisiken-als-langfristige-herausforderung-fuer-unternehmen\\\/#primaryimage\",\"url\":\"https:\\\/\\\/www.m-q.ch\\\/wp-content\\\/uploads\\\/2022\\\/11\\\/Klimarisiken-als-langfristige-Herausforderung-fuer-Unternehmen-1_MQ.jpg\",\"contentUrl\":\"https:\\\/\\\/www.m-q.ch\\\/wp-content\\\/uploads\\\/2022\\\/11\\\/Klimarisiken-als-langfristige-Herausforderung-fuer-Unternehmen-1_MQ.jpg\"},{\"@type\":\"BreadcrumbList\",\"@id\":\"https:\\\/\\\/www.organisator.ch\\\/operational-excellence\\\/2022-11-10\\\/klimarisiken-als-langfristige-herausforderung-fuer-unternehmen\\\/#breadcrumb\",\"itemListElement\":[{\"@type\":\"ListItem\",\"position\":1,\"name\":\"Home\",\"item\":\"https:\\\/\\\/www.organisator.ch\\\/\"},{\"@type\":\"ListItem\",\"position\":2,\"name\":\"Klimarisiken als langfristige Herausforderung f\u00fcr Unternehmen\"}]},{\"@type\":\"WebSite\",\"@id\":\"https:\\\/\\\/www.organisator.ch\\\/#website\",\"url\":\"https:\\\/\\\/www.organisator.ch\\\/\",\"name\":\"Organisator\",\"description\":\"Kompetent. Praxisnah. Der ORGANISATOR bereitet in 10 Ausgaben pro Jahr die wesentlichen Themen f\u00fcr F\u00fchrungskr\u00e4fte von KMU auf.\",\"publisher\":{\"@id\":\"https:\\\/\\\/www.organisator.ch\\\/#organization\"},\"potentialAction\":[{\"@type\":\"SearchAction\",\"target\":{\"@type\":\"EntryPoint\",\"urlTemplate\":\"https:\\\/\\\/www.organisator.ch\\\/?s={search_term_string}\"},\"query-input\":{\"@type\":\"PropertyValueSpecification\",\"valueRequired\":true,\"valueName\":\"search_term_string\"}}],\"inLanguage\":\"fr-FR\"},{\"@type\":\"Organization\",\"@id\":\"https:\\\/\\\/www.organisator.ch\\\/#organization\",\"name\":\"Organisator\",\"url\":\"https:\\\/\\\/www.organisator.ch\\\/\",\"logo\":{\"@type\":\"ImageObject\",\"inLanguage\":\"fr-FR\",\"@id\":\"https:\\\/\\\/www.organisator.ch\\\/#\\\/schema\\\/logo\\\/image\\\/\",\"url\":\"https:\\\/\\\/www.organisator.ch\\\/wp-content\\\/uploads\\\/2022\\\/01\\\/Logo_Organisator_Website.png\",\"contentUrl\":\"https:\\\/\\\/www.organisator.ch\\\/wp-content\\\/uploads\\\/2022\\\/01\\\/Logo_Organisator_Website.png\",\"width\":800,\"height\":77,\"caption\":\"Organisator\"},\"image\":{\"@id\":\"https:\\\/\\\/www.organisator.ch\\\/#\\\/schema\\\/logo\\\/image\\\/\"},\"sameAs\":[\"https:\\\/\\\/www.facebook.com\\\/OrganisatorFachmagazin\",\"https:\\\/\\\/www.linkedin.com\\\/showcase\\\/organisator-das-magazin-fr-kmu\",\"https:\\\/\\\/www.xing.com\\\/news\\\/pages\\\/organisator-ch-695\",\"https:\\\/\\\/www.youtube.com\\\/channel\\\/UCGP2Sq0iWaZwT3BdIAQFYpw\"]},{\"@type\":\"Person\",\"@id\":\"https:\\\/\\\/www.organisator.ch\\\/#\\\/schema\\\/person\\\/4e51799071cd2dd1232ac003643ef5f0\",\"name\":\"galledia\",\"image\":{\"@type\":\"ImageObject\",\"inLanguage\":\"fr-FR\",\"@id\":\"https:\\\/\\\/secure.gravatar.com\\\/avatar\\\/78a7f90c01fc2bfc875782a0d4922b37cde2cf184ce347b91316d23cd7f69a36?s=96&d=mm&r=g\",\"url\":\"https:\\\/\\\/secure.gravatar.com\\\/avatar\\\/78a7f90c01fc2bfc875782a0d4922b37cde2cf184ce347b91316d23cd7f69a36?s=96&d=mm&r=g\",\"contentUrl\":\"https:\\\/\\\/secure.gravatar.com\\\/avatar\\\/78a7f90c01fc2bfc875782a0d4922b37cde2cf184ce347b91316d23cd7f69a36?s=96&d=mm&r=g\",\"caption\":\"galledia\"},\"sameAs\":[\"https:\\\/\\\/x.com\\\/admin\"],\"url\":\"https:\\\/\\\/www.organisator.ch\\\/fr\\\/author\\\/galledia\\\/\"}]}<\/script>\n<!-- \/ Yoast SEO plugin. -->","yoast_head_json":{"title":"Les risques climatiques, un d\u00e9fi \u00e0 long terme pour les entreprises - Organisateur","description":"Rapport ERM 2022 : Les risques climatiques sollicitent davantage les entreprises. Responsabilit\u00e9 environnementale et gestion des risques en ligne de mire.","robots":{"index":"index","follow":"follow","max-snippet":"max-snippet:-1","max-image-preview":"max-image-preview:large","max-video-preview":"max-video-preview:-1"},"canonical":"https:\/\/www.organisator.ch\/fr\/excellence-operationnelle\/2022-11-10\/klimarisiken-als-langfristige-herausforderung-fuer-unternehmen\/","og_locale":"fr_FR","og_type":"article","og_title":"Klimarisiken als langfristige Herausforderung f\u00fcr Unternehmen - Organisator","og_description":"ERM Report 2022: Klimarisiken fordern Unternehmen verst\u00e4rkt. Umweltverantwortung und Risikomanagement im Fokus.","og_url":"https:\/\/www.organisator.ch\/fr\/excellence-operationnelle\/2022-11-10\/klimarisiken-als-langfristige-herausforderung-fuer-unternehmen\/","og_site_name":"Organisator","article_publisher":"https:\/\/www.facebook.com\/OrganisatorFachmagazin","article_published_time":"2022-11-10T07:39:23+00:00","article_modified_time":"2024-11-20T09:54:24+00:00","author":"galledia","twitter_card":"summary_large_image","twitter_creator":"@admin","schema":{"@context":"https:\/\/schema.org","@graph":[{"@type":"Article","@id":"https:\/\/www.organisator.ch\/operational-excellence\/2022-11-10\/klimarisiken-als-langfristige-herausforderung-fuer-unternehmen\/#article","isPartOf":{"@id":"https:\/\/www.organisator.ch\/operational-excellence\/2022-11-10\/klimarisiken-als-langfristige-herausforderung-fuer-unternehmen\/"},"author":{"name":"galledia","@id":"https:\/\/www.organisator.ch\/#\/schema\/person\/4e51799071cd2dd1232ac003643ef5f0"},"headline":"Klimarisiken als langfristige Herausforderung f\u00fcr Unternehmen","datePublished":"2022-11-10T07:39:23+00:00","dateModified":"2024-11-20T09:54:24+00:00","mainEntityOfPage":{"@id":"https:\/\/www.organisator.ch\/operational-excellence\/2022-11-10\/klimarisiken-als-langfristige-herausforderung-fuer-unternehmen\/"},"wordCount":899,"publisher":{"@id":"https:\/\/www.organisator.ch\/#organization"},"image":{"@id":"https:\/\/www.organisator.ch\/operational-excellence\/2022-11-10\/klimarisiken-als-langfristige-herausforderung-fuer-unternehmen\/#primaryimage"},"thumbnailUrl":"https:\/\/www.m-q.ch\/wp-content\/uploads\/2022\/11\/Klimarisiken-als-langfristige-Herausforderung-fuer-Unternehmen-1_MQ.jpg","keywords":["Klimarisiken"],"articleSection":["OPERATIONAL EXCELLENCE"],"inLanguage":"fr-FR"},{"@type":"WebPage","@id":"https:\/\/www.organisator.ch\/operational-excellence\/2022-11-10\/klimarisiken-als-langfristige-herausforderung-fuer-unternehmen\/","url":"https:\/\/www.organisator.ch\/operational-excellence\/2022-11-10\/klimarisiken-als-langfristige-herausforderung-fuer-unternehmen\/","name":"Les risques climatiques, un d\u00e9fi \u00e0 long terme pour les entreprises - Organisateur","isPartOf":{"@id":"https:\/\/www.organisator.ch\/#website"},"primaryImageOfPage":{"@id":"https:\/\/www.organisator.ch\/operational-excellence\/2022-11-10\/klimarisiken-als-langfristige-herausforderung-fuer-unternehmen\/#primaryimage"},"image":{"@id":"https:\/\/www.organisator.ch\/operational-excellence\/2022-11-10\/klimarisiken-als-langfristige-herausforderung-fuer-unternehmen\/#primaryimage"},"thumbnailUrl":"https:\/\/www.m-q.ch\/wp-content\/uploads\/2022\/11\/Klimarisiken-als-langfristige-Herausforderung-fuer-Unternehmen-1_MQ.jpg","datePublished":"2022-11-10T07:39:23+00:00","dateModified":"2024-11-20T09:54:24+00:00","description":"Rapport ERM 2022 : Les risques climatiques sollicitent davantage les entreprises. Responsabilit\u00e9 environnementale et gestion des risques en ligne de mire.","breadcrumb":{"@id":"https:\/\/www.organisator.ch\/operational-excellence\/2022-11-10\/klimarisiken-als-langfristige-herausforderung-fuer-unternehmen\/#breadcrumb"},"inLanguage":"fr-FR","potentialAction":[{"@type":"ReadAction","target":["https:\/\/www.organisator.ch\/operational-excellence\/2022-11-10\/klimarisiken-als-langfristige-herausforderung-fuer-unternehmen\/"]}]},{"@type":"ImageObject","inLanguage":"fr-FR","@id":"https:\/\/www.organisator.ch\/operational-excellence\/2022-11-10\/klimarisiken-als-langfristige-herausforderung-fuer-unternehmen\/#primaryimage","url":"https:\/\/www.m-q.ch\/wp-content\/uploads\/2022\/11\/Klimarisiken-als-langfristige-Herausforderung-fuer-Unternehmen-1_MQ.jpg","contentUrl":"https:\/\/www.m-q.ch\/wp-content\/uploads\/2022\/11\/Klimarisiken-als-langfristige-Herausforderung-fuer-Unternehmen-1_MQ.jpg"},{"@type":"BreadcrumbList","@id":"https:\/\/www.organisator.ch\/operational-excellence\/2022-11-10\/klimarisiken-als-langfristige-herausforderung-fuer-unternehmen\/#breadcrumb","itemListElement":[{"@type":"ListItem","position":1,"name":"Home","item":"https:\/\/www.organisator.ch\/"},{"@type":"ListItem","position":2,"name":"Klimarisiken als langfristige Herausforderung f\u00fcr Unternehmen"}]},{"@type":"WebSite","@id":"https:\/\/www.organisator.ch\/#website","url":"https:\/\/www.organisator.ch\/","name":"Organisateur","description":"Comp\u00e9tence et comp\u00e9tence. Proches de la pratique. L'ORGANISATEUR pr\u00e9pare 10 num\u00e9ros par an sur les th\u00e8mes essentiels pour les dirigeants de PME.","publisher":{"@id":"https:\/\/www.organisator.ch\/#organization"},"potentialAction":[{"@type":"SearchAction","target":{"@type":"EntryPoint","urlTemplate":"https:\/\/www.organisator.ch\/?s={search_term_string}"},"query-input":{"@type":"PropertyValueSpecification","valueRequired":true,"valueName":"search_term_string"}}],"inLanguage":"fr-FR"},{"@type":"Organization","@id":"https:\/\/www.organisator.ch\/#organization","name":"Organisateur","url":"https:\/\/www.organisator.ch\/","logo":{"@type":"ImageObject","inLanguage":"fr-FR","@id":"https:\/\/www.organisator.ch\/#\/schema\/logo\/image\/","url":"https:\/\/www.organisator.ch\/wp-content\/uploads\/2022\/01\/Logo_Organisator_Website.png","contentUrl":"https:\/\/www.organisator.ch\/wp-content\/uploads\/2022\/01\/Logo_Organisator_Website.png","width":800,"height":77,"caption":"Organisator"},"image":{"@id":"https:\/\/www.organisator.ch\/#\/schema\/logo\/image\/"},"sameAs":["https:\/\/www.facebook.com\/OrganisatorFachmagazin","https:\/\/www.linkedin.com\/showcase\/organisator-das-magazin-fr-kmu","https:\/\/www.xing.com\/news\/pages\/organisator-ch-695","https:\/\/www.youtube.com\/channel\/UCGP2Sq0iWaZwT3BdIAQFYpw"]},{"@type":"Person","@id":"https:\/\/www.organisator.ch\/#\/schema\/person\/4e51799071cd2dd1232ac003643ef5f0","name":"galledia","image":{"@type":"ImageObject","inLanguage":"fr-FR","@id":"https:\/\/secure.gravatar.com\/avatar\/78a7f90c01fc2bfc875782a0d4922b37cde2cf184ce347b91316d23cd7f69a36?s=96&d=mm&r=g","url":"https:\/\/secure.gravatar.com\/avatar\/78a7f90c01fc2bfc875782a0d4922b37cde2cf184ce347b91316d23cd7f69a36?s=96&d=mm&r=g","contentUrl":"https:\/\/secure.gravatar.com\/avatar\/78a7f90c01fc2bfc875782a0d4922b37cde2cf184ce347b91316d23cd7f69a36?s=96&d=mm&r=g","caption":"galledia"},"sameAs":["https:\/\/x.com\/admin"],"url":"https:\/\/www.organisator.ch\/fr\/author\/galledia\/"}]}},"_links":{"self":[{"href":"https:\/\/www.organisator.ch\/fr\/wp-json\/wp\/v2\/posts\/17780","targetHints":{"allow":["GET"]}}],"collection":[{"href":"https:\/\/www.organisator.ch\/fr\/wp-json\/wp\/v2\/posts"}],"about":[{"href":"https:\/\/www.organisator.ch\/fr\/wp-json\/wp\/v2\/types\/post"}],"author":[{"embeddable":true,"href":"https:\/\/www.organisator.ch\/fr\/wp-json\/wp\/v2\/users\/8"}],"replies":[{"embeddable":true,"href":"https:\/\/www.organisator.ch\/fr\/wp-json\/wp\/v2\/comments?post=17780"}],"version-history":[{"count":3,"href":"https:\/\/www.organisator.ch\/fr\/wp-json\/wp\/v2\/posts\/17780\/revisions"}],"predecessor-version":[{"id":33643,"href":"https:\/\/www.organisator.ch\/fr\/wp-json\/wp\/v2\/posts\/17780\/revisions\/33643"}],"wp:attachment":[{"href":"https:\/\/www.organisator.ch\/fr\/wp-json\/wp\/v2\/media?parent=17780"}],"wp:term":[{"taxonomy":"category","embeddable":true,"href":"https:\/\/www.organisator.ch\/fr\/wp-json\/wp\/v2\/categories?post=17780"},{"taxonomy":"post_tag","embeddable":true,"href":"https:\/\/www.organisator.ch\/fr\/wp-json\/wp\/v2\/tags?post=17780"}],"curies":[{"name":"wp","href":"https:\/\/api.w.org\/{rel}","templated":true}]}}