{"id":17809,"date":"2022-11-14T08:01:21","date_gmt":"2022-11-14T07:01:21","guid":{"rendered":"https:\/\/www.organisator.ch\/?p=17809"},"modified":"2022-11-14T08:01:21","modified_gmt":"2022-11-14T07:01:21","slug":"frauenanteil-in-schweizer-verwaltungsraeten-steigt-langsam","status":"publish","type":"post","link":"https:\/\/www.organisator.ch\/fr\/human-resources\/2022-11-14\/frauenanteil-in-schweizer-verwaltungsraeten-steigt-langsam\/","title":{"rendered":"La proportion de femmes dans les conseils d'administration suisses augmente lentement"},"content":{"rendered":"<figure id=\"attachment_17810\" aria-describedby=\"caption-attachment-17810\" style=\"width: 680px\" class=\"wp-caption alignnone\"><img loading=\"lazy\" decoding=\"async\" class=\"size-full wp-image-17810\" src=\"https:\/\/www.organisator.ch\/wp-content\/uploads\/2022\/11\/Frauenanteil-in-Schweizer-Verwaltungsraeten-steigt-langsam_Organisator.jpg\" alt=\"\" width=\"680\" height=\"454\" srcset=\"https:\/\/www.organisator.ch\/wp-content\/uploads\/2022\/11\/Frauenanteil-in-Schweizer-Verwaltungsraeten-steigt-langsam_Organisator.jpg 680w, https:\/\/www.organisator.ch\/wp-content\/uploads\/2022\/11\/Frauenanteil-in-Schweizer-Verwaltungsraeten-steigt-langsam_Organisator-18x12.jpg 18w, https:\/\/www.organisator.ch\/wp-content\/uploads\/2022\/11\/Frauenanteil-in-Schweizer-Verwaltungsraeten-steigt-langsam_Organisator-375x250.jpg 375w, https:\/\/www.organisator.ch\/wp-content\/uploads\/2022\/11\/Frauenanteil-in-Schweizer-Verwaltungsraeten-steigt-langsam_Organisator-524x350.jpg 524w\" sizes=\"auto, (max-width: 680px) 100vw, 680px\" \/><figcaption id=\"caption-attachment-17810\" class=\"wp-caption-text\">Selon une analyse, il reste encore un long chemin \u00e0 parcourir pour parvenir \u00e0 une v\u00e9ritable diversit\u00e9 dans les conseils d'administration suisses : depuis 2004, la proportion de femmes a par exemple augment\u00e9 moins rapidement que dans d'autres pays d'Europe occidentale. (Image : Depositphotos.com)<\/figcaption><\/figure>\n<p>Le cabinet de conseil en ressources humaines Egon Zehnder a publi\u00e9 les r\u00e9sultats du Global Board Diversity Tracker 2022. Depuis 2004 d\u00e9j\u00e0, cette \u00e9tude analyse la diversit\u00e9 des conseils d'administration en termes de sexe, d'\u00e2ge et d'internationalit\u00e9 au niveau mondial. Les r\u00e9sultats montrent que la proportion de conseils d'administration diversifi\u00e9s n'augmente que tr\u00e8s lentement. La Suisse, en particulier, est toujours \u00e0 la tra\u00eene en ce qui concerne la diversit\u00e9 des postes de direction. Ainsi, depuis la premi\u00e8re \u00e9tude r\u00e9alis\u00e9e il y a 18 ans, la proportion de femmes dans les conseils d'administration suisses n'est que de 29,1 pour cent. Ce chiffre est inf\u00e9rieur \u00e0 la moyenne d'Europe occidentale de 35,5 %. Depuis 2004, la France a augment\u00e9 sa part de femmes de six pour cent \u00e0 45,3 pour cent au total, ce qui la place en t\u00eate des pays d'Europe occidentale.<\/p>\n<h3>Augmenter la proportion de femmes : Le rythme en Suisse est trop lent<\/h3>\n<p>Toutes les entreprises suisses analys\u00e9es ont au moins une femme dans leur conseil d'administration : 100 pour cent des entreprises suisses analys\u00e9es ont d\u00e9sormais au moins une femme dans leur conseil d'administration. En 2020, ce chiffre \u00e9tait encore de 97,6 pour cent. Ce serait certes r\u00e9jouissant, mais : \"Les r\u00e9sultats devraient \u00eatre un appel au r\u00e9veil pour les managers et les managers femmes en Suisse. Un changement de mentalit\u00e9 doit avoir lieu lors de l'attribution des postes de direction\", d\u00e9clare Dominik Schaller, Managing Partner d'Egon Zehnder Suisse. \"Car le changement doit commencer \u00e0 la t\u00eate de l'entreprise. Ce n'est qu'ainsi que des dirigeants d'horizons diff\u00e9rents pourront servir de mod\u00e8les \u00e0 l'ensemble de l'organisation et fa\u00e7onner une culture inclusive\".<\/p>\n<p>Si l'on consid\u00e8re l'ensemble de l'Europe occidentale, la proportion de femmes dans les conseils d'administration a augment\u00e9 plus rapidement au cours des deux derni\u00e8res ann\u00e9es qu'au cours des dix ann\u00e9es pr\u00e9c\u00e9dentes. Aujourd'hui, les femmes sont nettement plus nombreuses dans les conseils d'administration que la moyenne mondiale. C'est \u00e9galement le cas en Suisse, mais il convient de noter que sur les 10,6% de nouveaux si\u00e8ges dans les conseils d'administration, 6,8% \u00e9taient occup\u00e9s par des hommes et seulement 3,8% par des femmes. La taille moyenne des conseils d'administration en Suisse est de 9,7 si\u00e8ges.<\/p>\n<h3>Les conseils d'administration ne s'internationalisent que lentement \u00e0 l'\u00e9chelle mondiale<\/h3>\n<p>Ind\u00e9pendamment du sexe, la proportion moyenne de membres de conseils d'administration d'origine internationale est d'environ un quart au niveau mondial - et diminue depuis 2012 dans presque toutes les r\u00e9gions du monde. Avec une moyenne de pr\u00e8s de 39 %, l'Europe occidentale est la seule r\u00e9gion \u00e0 enregistrer une tendance \u00e0 la hausse continue, bien que plut\u00f4t lente. La Suisse fait ici figure d'exception et se situe dans ce domaine, avec une part de 63,5 pour cent, nettement au-dessus de la moyenne d'Europe occidentale. Il convient de noter la part tr\u00e8s \u00e9lev\u00e9e de femmes d'origine internationale dans les conseils d'administration, qui s'\u00e9l\u00e8ve m\u00eame \u00e0 75,8 % en Suisse.<\/p>\n<p>\"Le fait que le vivier de talents pour les femmes membres de conseils d'administration en Suisse se trouve principalement \u00e0 l'\u00e9tranger donne \u00e0 r\u00e9fl\u00e9chir\", d\u00e9clare Simone Stebler, conseill\u00e8re et responsable Diversity &amp; Inclusion chez Egon Zehnder Suisse. \"Il faut mettre en place des pipelines de talents divers, notamment pour les r\u00f4les de CFO et de CEO. Des \u00e9quipes diversifi\u00e9es ne sont pas seulement plus performantes sur le plan \u00e9conomique, mais aussi plus innovantes dans le d\u00e9veloppement de produits, plus r\u00e9silientes en cas de crise et plus cr\u00e9atives dans les situations probl\u00e9matiques. La mise en place d'une culture d'entreprise inclusive est indispensable pour attirer et d\u00e9velopper ces divers talents - jusqu'aux plus hauts \u00e9chelons de direction\".<\/p>\n<p><em>Source : <a href=\"https:\/\/www.egonzehnder.com\/\">Egon Zehnder<\/a><\/em><\/p>","protected":false},"excerpt":{"rendered":"<p>Das Personalberatungsunternehmen Egon Zehnder hat die Ergebnisse des Global Board Diversity Trackers 2022 ver\u00f6ffentlicht. Die Studie analysiert bereits seit 2004, wie divers Verwaltungsr\u00e4te in Bezug auf Geschlecht, Alter und Internationalit\u00e4t auf globaler Ebene aufgestellt sind. Die Ergebnisse zeigen, dass der Anteil diverser Verwaltungsr\u00e4te nur sehr langsam steigt. Insbesondere die Schweiz hinkt bei der diversen Besetzung [&hellip;]<\/p>\n","protected":false},"author":4,"featured_media":17810,"comment_status":"closed","ping_status":"closed","sticky":false,"template":"","format":"standard","meta":{"_acf_changed":false,"_yoast_wpseo_focuskw":"Frauenanteil","_yoast_wpseo_metadesc":"Innert 18 Jahren stieg laut Egon Zehnder der Frauenanteil in Schweizer Verwaltungsr\u00e4ten von 9 Prozent im Jahr 2004 nur um 20,1 Prozent.","articlekey":"","footnotes":""},"categories":[579],"tags":[159,254,459,513],"class_list":["post-17809","post","type-post","status-publish","format-standard","has-post-thumbnail","hentry","category-human-resources","tag-diversity","tag-hrm","tag-studie","tag-verwaltungsraete"],"acf":[],"yoast_head":"<!-- This site is optimized with the Yoast SEO plugin v27.5 - https:\/\/yoast.com\/product\/yoast-seo-wordpress\/ -->\n<title>Frauenanteil in Schweizer Verwaltungsr\u00e4ten steigt langsam - Organisator<\/title>\n<meta name=\"description\" content=\"Innert 18 Jahren stieg laut Egon Zehnder der Frauenanteil in Schweizer Verwaltungsr\u00e4ten von 9 Prozent im Jahr 2004 nur um 20,1 Prozent.\" \/>\n<meta name=\"robots\" content=\"index, follow, max-snippet:-1, max-image-preview:large, max-video-preview:-1\" \/>\n<link rel=\"canonical\" href=\"https:\/\/www.organisator.ch\/fr\/ressources-humaines\/2022-11-14\/frauenanteil-in-schweizer-verwaltungsraeten-steigt-langsam\/\" \/>\n<meta property=\"og:locale\" content=\"fr_FR\" \/>\n<meta property=\"og:type\" content=\"article\" \/>\n<meta property=\"og:title\" content=\"Frauenanteil in Schweizer Verwaltungsr\u00e4ten steigt langsam\" \/>\n<meta property=\"og:description\" content=\"Innert 18 Jahren stieg laut Egon Zehnder der Frauenanteil in Schweizer Verwaltungsr\u00e4ten von 9 Prozent im Jahr 2004 nur um 20,1 Prozent.\" \/>\n<meta property=\"og:url\" content=\"https:\/\/www.organisator.ch\/fr\/ressources-humaines\/2022-11-14\/frauenanteil-in-schweizer-verwaltungsraeten-steigt-langsam\/\" \/>\n<meta property=\"og:site_name\" content=\"Organisator\" \/>\n<meta property=\"article:publisher\" content=\"https:\/\/www.facebook.com\/OrganisatorFachmagazin\" \/>\n<meta property=\"article:published_time\" content=\"2022-11-14T07:01:21+00:00\" \/>\n<meta property=\"og:image\" content=\"https:\/\/www.organisator.ch\/wp-content\/uploads\/2022\/11\/Frauenanteil-in-Schweizer-Verwaltungsraeten-steigt-langsam_Organisator.jpg\" \/>\n\t<meta property=\"og:image:width\" content=\"680\" \/>\n\t<meta property=\"og:image:height\" content=\"454\" \/>\n\t<meta property=\"og:image:type\" content=\"image\/jpeg\" \/>\n<meta name=\"author\" content=\"thomas.berner\" \/>\n<meta name=\"twitter:card\" content=\"summary_large_image\" \/>\n<meta name=\"twitter:title\" content=\"#Frauenanteil in Schweizer #Verwaltungsr\u00e4ten steigt langsam\" \/>\n<meta name=\"twitter:description\" content=\"Innert 18 Jahren stieg laut Egon Zehnder der #Frauenanteil in Schweizer #Verwaltungsr\u00e4ten von 9 Prozent im Jahr 2004 nur um 20,1 Prozent.\" \/>\n<meta name=\"twitter:image\" content=\"https:\/\/www.organisator.ch\/wp-content\/uploads\/2022\/11\/Frauenanteil-in-Schweizer-Verwaltungsraeten-steigt-langsam_Organisator.jpg\" \/>\n<script type=\"application\/ld+json\" class=\"yoast-schema-graph\">{\"@context\":\"https:\\\/\\\/schema.org\",\"@graph\":[{\"@type\":\"Article\",\"@id\":\"https:\\\/\\\/www.organisator.ch\\\/human-resources\\\/2022-11-14\\\/frauenanteil-in-schweizer-verwaltungsraeten-steigt-langsam\\\/#article\",\"isPartOf\":{\"@id\":\"https:\\\/\\\/www.organisator.ch\\\/human-resources\\\/2022-11-14\\\/frauenanteil-in-schweizer-verwaltungsraeten-steigt-langsam\\\/\"},\"author\":{\"name\":\"thomas.berner\",\"@id\":\"https:\\\/\\\/www.organisator.ch\\\/#\\\/schema\\\/person\\\/6f650f90b2842cd4c0cc334b4e36f67e\"},\"headline\":\"Frauenanteil in Schweizer Verwaltungsr\u00e4ten steigt langsam\",\"datePublished\":\"2022-11-14T07:01:21+00:00\",\"mainEntityOfPage\":{\"@id\":\"https:\\\/\\\/www.organisator.ch\\\/human-resources\\\/2022-11-14\\\/frauenanteil-in-schweizer-verwaltungsraeten-steigt-langsam\\\/\"},\"wordCount\":530,\"publisher\":{\"@id\":\"https:\\\/\\\/www.organisator.ch\\\/#organization\"},\"image\":{\"@id\":\"https:\\\/\\\/www.organisator.ch\\\/human-resources\\\/2022-11-14\\\/frauenanteil-in-schweizer-verwaltungsraeten-steigt-langsam\\\/#primaryimage\"},\"thumbnailUrl\":\"https:\\\/\\\/www.organisator.ch\\\/wp-content\\\/uploads\\\/2022\\\/11\\\/Frauenanteil-in-Schweizer-Verwaltungsraeten-steigt-langsam_Organisator.jpg\",\"keywords\":[\"Diversity\",\"HRM\",\"Studie\",\"Verwaltungsr\u00e4te\"],\"articleSection\":[\"HUMAN RESOURCES\"],\"inLanguage\":\"fr-FR\"},{\"@type\":\"WebPage\",\"@id\":\"https:\\\/\\\/www.organisator.ch\\\/human-resources\\\/2022-11-14\\\/frauenanteil-in-schweizer-verwaltungsraeten-steigt-langsam\\\/\",\"url\":\"https:\\\/\\\/www.organisator.ch\\\/human-resources\\\/2022-11-14\\\/frauenanteil-in-schweizer-verwaltungsraeten-steigt-langsam\\\/\",\"name\":\"Frauenanteil in Schweizer Verwaltungsr\u00e4ten steigt langsam - Organisator\",\"isPartOf\":{\"@id\":\"https:\\\/\\\/www.organisator.ch\\\/#website\"},\"primaryImageOfPage\":{\"@id\":\"https:\\\/\\\/www.organisator.ch\\\/human-resources\\\/2022-11-14\\\/frauenanteil-in-schweizer-verwaltungsraeten-steigt-langsam\\\/#primaryimage\"},\"image\":{\"@id\":\"https:\\\/\\\/www.organisator.ch\\\/human-resources\\\/2022-11-14\\\/frauenanteil-in-schweizer-verwaltungsraeten-steigt-langsam\\\/#primaryimage\"},\"thumbnailUrl\":\"https:\\\/\\\/www.organisator.ch\\\/wp-content\\\/uploads\\\/2022\\\/11\\\/Frauenanteil-in-Schweizer-Verwaltungsraeten-steigt-langsam_Organisator.jpg\",\"datePublished\":\"2022-11-14T07:01:21+00:00\",\"description\":\"Innert 18 Jahren stieg laut Egon Zehnder der Frauenanteil in Schweizer Verwaltungsr\u00e4ten von 9 Prozent im Jahr 2004 nur um 20,1 Prozent.\",\"breadcrumb\":{\"@id\":\"https:\\\/\\\/www.organisator.ch\\\/human-resources\\\/2022-11-14\\\/frauenanteil-in-schweizer-verwaltungsraeten-steigt-langsam\\\/#breadcrumb\"},\"inLanguage\":\"fr-FR\",\"potentialAction\":[{\"@type\":\"ReadAction\",\"target\":[\"https:\\\/\\\/www.organisator.ch\\\/human-resources\\\/2022-11-14\\\/frauenanteil-in-schweizer-verwaltungsraeten-steigt-langsam\\\/\"]}]},{\"@type\":\"ImageObject\",\"inLanguage\":\"fr-FR\",\"@id\":\"https:\\\/\\\/www.organisator.ch\\\/human-resources\\\/2022-11-14\\\/frauenanteil-in-schweizer-verwaltungsraeten-steigt-langsam\\\/#primaryimage\",\"url\":\"https:\\\/\\\/www.organisator.ch\\\/wp-content\\\/uploads\\\/2022\\\/11\\\/Frauenanteil-in-Schweizer-Verwaltungsraeten-steigt-langsam_Organisator.jpg\",\"contentUrl\":\"https:\\\/\\\/www.organisator.ch\\\/wp-content\\\/uploads\\\/2022\\\/11\\\/Frauenanteil-in-Schweizer-Verwaltungsraeten-steigt-langsam_Organisator.jpg\",\"width\":680,\"height\":454,\"caption\":\"Zu echter Diversity in Schweizer Verwaltungsr\u00e4ten ist es laut einer Analyse noch ein weiter Weg: So ist etwa der Frauenanteil seit 2004 weniger schnell angestiegen als in anderen westeurop\u00e4ischen L\u00e4ndern. (Bild: Depositphotos.com)\"},{\"@type\":\"BreadcrumbList\",\"@id\":\"https:\\\/\\\/www.organisator.ch\\\/human-resources\\\/2022-11-14\\\/frauenanteil-in-schweizer-verwaltungsraeten-steigt-langsam\\\/#breadcrumb\",\"itemListElement\":[{\"@type\":\"ListItem\",\"position\":1,\"name\":\"Home\",\"item\":\"https:\\\/\\\/www.organisator.ch\\\/\"},{\"@type\":\"ListItem\",\"position\":2,\"name\":\"Frauenanteil in Schweizer Verwaltungsr\u00e4ten steigt langsam\"}]},{\"@type\":\"WebSite\",\"@id\":\"https:\\\/\\\/www.organisator.ch\\\/#website\",\"url\":\"https:\\\/\\\/www.organisator.ch\\\/\",\"name\":\"Organisator\",\"description\":\"Kompetent. Praxisnah. Der ORGANISATOR bereitet in 10 Ausgaben pro Jahr die wesentlichen Themen f\u00fcr F\u00fchrungskr\u00e4fte von KMU auf.\",\"publisher\":{\"@id\":\"https:\\\/\\\/www.organisator.ch\\\/#organization\"},\"potentialAction\":[{\"@type\":\"SearchAction\",\"target\":{\"@type\":\"EntryPoint\",\"urlTemplate\":\"https:\\\/\\\/www.organisator.ch\\\/?s={search_term_string}\"},\"query-input\":{\"@type\":\"PropertyValueSpecification\",\"valueRequired\":true,\"valueName\":\"search_term_string\"}}],\"inLanguage\":\"fr-FR\"},{\"@type\":\"Organization\",\"@id\":\"https:\\\/\\\/www.organisator.ch\\\/#organization\",\"name\":\"Organisator\",\"url\":\"https:\\\/\\\/www.organisator.ch\\\/\",\"logo\":{\"@type\":\"ImageObject\",\"inLanguage\":\"fr-FR\",\"@id\":\"https:\\\/\\\/www.organisator.ch\\\/#\\\/schema\\\/logo\\\/image\\\/\",\"url\":\"https:\\\/\\\/www.organisator.ch\\\/wp-content\\\/uploads\\\/2022\\\/01\\\/Logo_Organisator_Website.png\",\"contentUrl\":\"https:\\\/\\\/www.organisator.ch\\\/wp-content\\\/uploads\\\/2022\\\/01\\\/Logo_Organisator_Website.png\",\"width\":800,\"height\":77,\"caption\":\"Organisator\"},\"image\":{\"@id\":\"https:\\\/\\\/www.organisator.ch\\\/#\\\/schema\\\/logo\\\/image\\\/\"},\"sameAs\":[\"https:\\\/\\\/www.facebook.com\\\/OrganisatorFachmagazin\",\"https:\\\/\\\/www.linkedin.com\\\/showcase\\\/organisator-das-magazin-fr-kmu\",\"https:\\\/\\\/www.xing.com\\\/news\\\/pages\\\/organisator-ch-695\",\"https:\\\/\\\/www.youtube.com\\\/channel\\\/UCGP2Sq0iWaZwT3BdIAQFYpw\"]},{\"@type\":\"Person\",\"@id\":\"https:\\\/\\\/www.organisator.ch\\\/#\\\/schema\\\/person\\\/6f650f90b2842cd4c0cc334b4e36f67e\",\"name\":\"thomas.berner\",\"image\":{\"@type\":\"ImageObject\",\"inLanguage\":\"fr-FR\",\"@id\":\"https:\\\/\\\/secure.gravatar.com\\\/avatar\\\/ac5001d2a36cb6c6cd3e50789007ffca834b477b74a2144564522e944eabff61?s=96&d=mm&r=g\",\"url\":\"https:\\\/\\\/secure.gravatar.com\\\/avatar\\\/ac5001d2a36cb6c6cd3e50789007ffca834b477b74a2144564522e944eabff61?s=96&d=mm&r=g\",\"contentUrl\":\"https:\\\/\\\/secure.gravatar.com\\\/avatar\\\/ac5001d2a36cb6c6cd3e50789007ffca834b477b74a2144564522e944eabff61?s=96&d=mm&r=g\",\"caption\":\"thomas.berner\"},\"url\":\"https:\\\/\\\/www.organisator.ch\\\/fr\\\/author\\\/thomas-berner\\\/\"}]}<\/script>\n<!-- \/ Yoast SEO plugin. -->","yoast_head_json":{"title":"La proportion de femmes dans les conseils d'administration suisses augmente lentement - Organisateur","description":"Selon Egon Zehnder, en 18 ans, la proportion de femmes dans les conseils d'administration suisses n'a augment\u00e9 que de 20,1 %, alors qu'elle \u00e9tait de 9 % en 2004.","robots":{"index":"index","follow":"follow","max-snippet":"max-snippet:-1","max-image-preview":"max-image-preview:large","max-video-preview":"max-video-preview:-1"},"canonical":"https:\/\/www.organisator.ch\/fr\/ressources-humaines\/2022-11-14\/frauenanteil-in-schweizer-verwaltungsraeten-steigt-langsam\/","og_locale":"fr_FR","og_type":"article","og_title":"Frauenanteil in Schweizer Verwaltungsr\u00e4ten steigt langsam","og_description":"Innert 18 Jahren stieg laut Egon Zehnder der Frauenanteil in Schweizer Verwaltungsr\u00e4ten von 9 Prozent im Jahr 2004 nur um 20,1 Prozent.","og_url":"https:\/\/www.organisator.ch\/fr\/ressources-humaines\/2022-11-14\/frauenanteil-in-schweizer-verwaltungsraeten-steigt-langsam\/","og_site_name":"Organisator","article_publisher":"https:\/\/www.facebook.com\/OrganisatorFachmagazin","article_published_time":"2022-11-14T07:01:21+00:00","og_image":[{"width":680,"height":454,"url":"https:\/\/www.organisator.ch\/wp-content\/uploads\/2022\/11\/Frauenanteil-in-Schweizer-Verwaltungsraeten-steigt-langsam_Organisator.jpg","type":"image\/jpeg"}],"author":"thomas.berner","twitter_card":"summary_large_image","twitter_title":"#Frauenanteil in Schweizer #Verwaltungsr\u00e4ten steigt langsam","twitter_description":"Innert 18 Jahren stieg laut Egon Zehnder der #Frauenanteil in Schweizer #Verwaltungsr\u00e4ten von 9 Prozent im Jahr 2004 nur um 20,1 Prozent.","twitter_image":"https:\/\/www.organisator.ch\/wp-content\/uploads\/2022\/11\/Frauenanteil-in-Schweizer-Verwaltungsraeten-steigt-langsam_Organisator.jpg","schema":{"@context":"https:\/\/schema.org","@graph":[{"@type":"Article","@id":"https:\/\/www.organisator.ch\/human-resources\/2022-11-14\/frauenanteil-in-schweizer-verwaltungsraeten-steigt-langsam\/#article","isPartOf":{"@id":"https:\/\/www.organisator.ch\/human-resources\/2022-11-14\/frauenanteil-in-schweizer-verwaltungsraeten-steigt-langsam\/"},"author":{"name":"thomas.berner","@id":"https:\/\/www.organisator.ch\/#\/schema\/person\/6f650f90b2842cd4c0cc334b4e36f67e"},"headline":"Frauenanteil in Schweizer Verwaltungsr\u00e4ten steigt langsam","datePublished":"2022-11-14T07:01:21+00:00","mainEntityOfPage":{"@id":"https:\/\/www.organisator.ch\/human-resources\/2022-11-14\/frauenanteil-in-schweizer-verwaltungsraeten-steigt-langsam\/"},"wordCount":530,"publisher":{"@id":"https:\/\/www.organisator.ch\/#organization"},"image":{"@id":"https:\/\/www.organisator.ch\/human-resources\/2022-11-14\/frauenanteil-in-schweizer-verwaltungsraeten-steigt-langsam\/#primaryimage"},"thumbnailUrl":"https:\/\/www.organisator.ch\/wp-content\/uploads\/2022\/11\/Frauenanteil-in-Schweizer-Verwaltungsraeten-steigt-langsam_Organisator.jpg","keywords":["Diversity","HRM","Studie","Verwaltungsr\u00e4te"],"articleSection":["HUMAN RESOURCES"],"inLanguage":"fr-FR"},{"@type":"WebPage","@id":"https:\/\/www.organisator.ch\/human-resources\/2022-11-14\/frauenanteil-in-schweizer-verwaltungsraeten-steigt-langsam\/","url":"https:\/\/www.organisator.ch\/human-resources\/2022-11-14\/frauenanteil-in-schweizer-verwaltungsraeten-steigt-langsam\/","name":"La proportion de femmes dans les conseils d'administration suisses augmente lentement - Organisateur","isPartOf":{"@id":"https:\/\/www.organisator.ch\/#website"},"primaryImageOfPage":{"@id":"https:\/\/www.organisator.ch\/human-resources\/2022-11-14\/frauenanteil-in-schweizer-verwaltungsraeten-steigt-langsam\/#primaryimage"},"image":{"@id":"https:\/\/www.organisator.ch\/human-resources\/2022-11-14\/frauenanteil-in-schweizer-verwaltungsraeten-steigt-langsam\/#primaryimage"},"thumbnailUrl":"https:\/\/www.organisator.ch\/wp-content\/uploads\/2022\/11\/Frauenanteil-in-Schweizer-Verwaltungsraeten-steigt-langsam_Organisator.jpg","datePublished":"2022-11-14T07:01:21+00:00","description":"Selon Egon Zehnder, en 18 ans, la proportion de femmes dans les conseils d'administration suisses n'a augment\u00e9 que de 20,1 %, alors qu'elle \u00e9tait de 9 % en 2004.","breadcrumb":{"@id":"https:\/\/www.organisator.ch\/human-resources\/2022-11-14\/frauenanteil-in-schweizer-verwaltungsraeten-steigt-langsam\/#breadcrumb"},"inLanguage":"fr-FR","potentialAction":[{"@type":"ReadAction","target":["https:\/\/www.organisator.ch\/human-resources\/2022-11-14\/frauenanteil-in-schweizer-verwaltungsraeten-steigt-langsam\/"]}]},{"@type":"ImageObject","inLanguage":"fr-FR","@id":"https:\/\/www.organisator.ch\/human-resources\/2022-11-14\/frauenanteil-in-schweizer-verwaltungsraeten-steigt-langsam\/#primaryimage","url":"https:\/\/www.organisator.ch\/wp-content\/uploads\/2022\/11\/Frauenanteil-in-Schweizer-Verwaltungsraeten-steigt-langsam_Organisator.jpg","contentUrl":"https:\/\/www.organisator.ch\/wp-content\/uploads\/2022\/11\/Frauenanteil-in-Schweizer-Verwaltungsraeten-steigt-langsam_Organisator.jpg","width":680,"height":454,"caption":"Zu echter Diversity in Schweizer Verwaltungsr\u00e4ten ist es laut einer Analyse noch ein weiter Weg: So ist etwa der Frauenanteil seit 2004 weniger schnell angestiegen als in anderen westeurop\u00e4ischen L\u00e4ndern. (Bild: Depositphotos.com)"},{"@type":"BreadcrumbList","@id":"https:\/\/www.organisator.ch\/human-resources\/2022-11-14\/frauenanteil-in-schweizer-verwaltungsraeten-steigt-langsam\/#breadcrumb","itemListElement":[{"@type":"ListItem","position":1,"name":"Home","item":"https:\/\/www.organisator.ch\/"},{"@type":"ListItem","position":2,"name":"Frauenanteil in Schweizer Verwaltungsr\u00e4ten steigt langsam"}]},{"@type":"WebSite","@id":"https:\/\/www.organisator.ch\/#website","url":"https:\/\/www.organisator.ch\/","name":"Organisateur","description":"Comp\u00e9tence et comp\u00e9tence. Proches de la pratique. L'ORGANISATEUR pr\u00e9pare 10 num\u00e9ros par an sur les th\u00e8mes essentiels pour les dirigeants de PME.","publisher":{"@id":"https:\/\/www.organisator.ch\/#organization"},"potentialAction":[{"@type":"SearchAction","target":{"@type":"EntryPoint","urlTemplate":"https:\/\/www.organisator.ch\/?s={search_term_string}"},"query-input":{"@type":"PropertyValueSpecification","valueRequired":true,"valueName":"search_term_string"}}],"inLanguage":"fr-FR"},{"@type":"Organization","@id":"https:\/\/www.organisator.ch\/#organization","name":"Organisateur","url":"https:\/\/www.organisator.ch\/","logo":{"@type":"ImageObject","inLanguage":"fr-FR","@id":"https:\/\/www.organisator.ch\/#\/schema\/logo\/image\/","url":"https:\/\/www.organisator.ch\/wp-content\/uploads\/2022\/01\/Logo_Organisator_Website.png","contentUrl":"https:\/\/www.organisator.ch\/wp-content\/uploads\/2022\/01\/Logo_Organisator_Website.png","width":800,"height":77,"caption":"Organisator"},"image":{"@id":"https:\/\/www.organisator.ch\/#\/schema\/logo\/image\/"},"sameAs":["https:\/\/www.facebook.com\/OrganisatorFachmagazin","https:\/\/www.linkedin.com\/showcase\/organisator-das-magazin-fr-kmu","https:\/\/www.xing.com\/news\/pages\/organisator-ch-695","https:\/\/www.youtube.com\/channel\/UCGP2Sq0iWaZwT3BdIAQFYpw"]},{"@type":"Person","@id":"https:\/\/www.organisator.ch\/#\/schema\/person\/6f650f90b2842cd4c0cc334b4e36f67e","name":"thomas.berner","image":{"@type":"ImageObject","inLanguage":"fr-FR","@id":"https:\/\/secure.gravatar.com\/avatar\/ac5001d2a36cb6c6cd3e50789007ffca834b477b74a2144564522e944eabff61?s=96&d=mm&r=g","url":"https:\/\/secure.gravatar.com\/avatar\/ac5001d2a36cb6c6cd3e50789007ffca834b477b74a2144564522e944eabff61?s=96&d=mm&r=g","contentUrl":"https:\/\/secure.gravatar.com\/avatar\/ac5001d2a36cb6c6cd3e50789007ffca834b477b74a2144564522e944eabff61?s=96&d=mm&r=g","caption":"thomas.berner"},"url":"https:\/\/www.organisator.ch\/fr\/author\/thomas-berner\/"}]}},"_links":{"self":[{"href":"https:\/\/www.organisator.ch\/fr\/wp-json\/wp\/v2\/posts\/17809","targetHints":{"allow":["GET"]}}],"collection":[{"href":"https:\/\/www.organisator.ch\/fr\/wp-json\/wp\/v2\/posts"}],"about":[{"href":"https:\/\/www.organisator.ch\/fr\/wp-json\/wp\/v2\/types\/post"}],"author":[{"embeddable":true,"href":"https:\/\/www.organisator.ch\/fr\/wp-json\/wp\/v2\/users\/4"}],"replies":[{"embeddable":true,"href":"https:\/\/www.organisator.ch\/fr\/wp-json\/wp\/v2\/comments?post=17809"}],"version-history":[{"count":1,"href":"https:\/\/www.organisator.ch\/fr\/wp-json\/wp\/v2\/posts\/17809\/revisions"}],"predecessor-version":[{"id":17811,"href":"https:\/\/www.organisator.ch\/fr\/wp-json\/wp\/v2\/posts\/17809\/revisions\/17811"}],"wp:featuredmedia":[{"embeddable":true,"href":"https:\/\/www.organisator.ch\/fr\/wp-json\/wp\/v2\/media\/17810"}],"wp:attachment":[{"href":"https:\/\/www.organisator.ch\/fr\/wp-json\/wp\/v2\/media?parent=17809"}],"wp:term":[{"taxonomy":"category","embeddable":true,"href":"https:\/\/www.organisator.ch\/fr\/wp-json\/wp\/v2\/categories?post=17809"},{"taxonomy":"post_tag","embeddable":true,"href":"https:\/\/www.organisator.ch\/fr\/wp-json\/wp\/v2\/tags?post=17809"}],"curies":[{"name":"wp","href":"https:\/\/api.w.org\/{rel}","templated":true}]}}