{"id":17812,"date":"2022-11-14T08:25:33","date_gmt":"2022-11-14T07:25:33","guid":{"rendered":"https:\/\/www.m-q.ch\/?p=17163"},"modified":"2024-11-20T10:49:48","modified_gmt":"2024-11-20T09:49:48","slug":"klimawandel-laut-axa-studie-groesste-bedrohung","status":"publish","type":"post","link":"https:\/\/www.organisator.ch\/fr\/operational-excellence\/2022-11-14\/klimawandel-laut-axa-studie-groesste-bedrohung\/","title":{"rendered":"Le changement climatique est la plus grande menace selon une \u00e9tude AXA"},"content":{"rendered":"<figure id=\"attachment_17164\" class=\"wp-caption alignnone\" style=\"width: 680px\" aria-describedby=\"caption-attachment-17164\"><img class=\"alignnone wp-image-17164 size-full\" src=\"https:\/\/www.m-q.ch\/wp-content\/uploads\/2022\/11\/Klimawandel-laut-AXA-Studie-groesste-Bedrohung_MQ.jpg\" alt=\"Rapport sur les risques futurs\" width=\"680\" height=\"536\" \/>\r\n<figcaption id=\"caption-attachment-17164\" class=\"wp-caption-text\">Pour la premi\u00e8re fois, le changement climatique est per\u00e7u comme la plus grande menace. (Image : Depositphotos.com)<\/figcaption>\r\n<\/figure>\r\n<p>Pour le Future Risk Report, AXA a de nouveau interrog\u00e9 plus de 23 000 participants dans le monde entier, experts en gestion des risques et personnes du public, sur leur perception des risques futurs. Pour la premi\u00e8re fois en neuf ans d'existence de l'\u00e9tude, le changement climatique a \u00e9t\u00e9 class\u00e9 comme le risque le plus important. L'ann\u00e9e derni\u00e8re, c'\u00e9taient les cyber-risques aux \u00c9tats-Unis et les pand\u00e9mies et les maladies infectieuses en Asie qui pr\u00e9occupaient le plus les experts. Alors que les risques sanitaires font toujours partie des plus grandes menaces en Asie et en Afrique, le risque de pand\u00e9mie en Europe et en Am\u00e9rique a \u00e9t\u00e9 rel\u00e9gu\u00e9 cette ann\u00e9e au second plan par les risques \u00e9conomiques et g\u00e9opolitiques.<\/p>\r\n<h3>Le changement climatique est la plus grande menace mondiale<\/h3>\r\n<p>En Suisse, 76 % des experts sont pr\u00e9occup\u00e9s par les risques et les effets du changement climatique (11 % de plus que l'ann\u00e9e pr\u00e9c\u00e9dente). Comme il y a un an, ils estiment donc \u00e0 nouveau que le changement climatique est la plus grande menace. Pour la premi\u00e8re fois depuis la r\u00e9alisation de l'\u00e9tude, les experts de toutes les r\u00e9gions sont \u00e9galement de cet avis - l'ann\u00e9e derni\u00e8re, le changement climatique n'occupait la premi\u00e8re place dans la comparaison r\u00e9gionale qu'en Europe. Il convient \u00e9galement de noter que le changement climatique est d\u00e9sormais consid\u00e9r\u00e9 comme la plus grande menace potentielle par les personnes interrog\u00e9es au sein de la population am\u00e9ricaine. Les seules exceptions r\u00e9gionales sont les personnes interrog\u00e9es issues des populations d'Afrique et d'Asie - de leur point de vue, les risques sanitaires continueront \u00e0 constituer le plus grand potentiel de menace dans les ann\u00e9es \u00e0 venir.<\/p>\r\n<p>La confiance dans les institutions publiques pour lutter contre le changement climatique a diminu\u00e9 par rapport \u00e0 l'ann\u00e9e derni\u00e8re : Seuls 14 pour cent des experts mondiaux et 27 pour cent des personnes issues de la population ont indiqu\u00e9 que les autorit\u00e9s \u00e9taient pr\u00e9par\u00e9es aux risques \u00e0 venir. Lors de l'enqu\u00eate men\u00e9e il y a un an, ils \u00e9taient encore 5 % de plus des deux c\u00f4t\u00e9s.<\/p>\r\n<h3>Les risques \u00e9conomiques augmentent<\/h3>\r\n<p>La menace actuelle est en outre aliment\u00e9e par la guerre en Ukraine et les probl\u00e8mes g\u00e9opolitiques et \u00e9conomiques qui en d\u00e9coulent. Pour la premi\u00e8re fois, trois risques \u00e9conomiques figurent dans le top 10 du classement mondial (stabilit\u00e9 financi\u00e8re, risques macro\u00e9conomiques, risques li\u00e9s \u00e0 la politique mon\u00e9taire et fiscale). Ils se mat\u00e9rialisent par une hausse des prix de l'\u00e9nergie et des denr\u00e9es alimentaires ainsi que des taux d'inflation, et rec\u00e8lent, selon les expertes, un potentiel croissant de troubles et de mouvements sociaux. En Suisse aussi, les circonstances de la guerre ont eu un impact sur les pr\u00e9visions des experts : L'approvisionnement en \u00e9nergie (4e rang) et les menaces macro\u00e9conomiques (9e rang) figurent d\u00e9sormais parmi les dix risques les plus importants.<\/p>\r\n<p>Parall\u00e8lement, les tensions g\u00e9opolitiques ont \u00e9galement \u00e9t\u00e9 class\u00e9es parmi les principaux risques par 64 % des experts suisses, soit 20 % de plus que l'ann\u00e9e pr\u00e9c\u00e9dente.<\/p>\r\n<h3>La Suisse se sent moins menac\u00e9e par le changement climatique<\/h3>\r\n<p>Les experts en gestion des risques interrog\u00e9s estiment que la population mondiale est de plus en plus vuln\u00e9rable. 89 pour cent - soit cinq pour cent de plus que l'ann\u00e9e derni\u00e8re - estiment qu'elle est plus vuln\u00e9rable aujourd'hui qu'elle ne l'\u00e9tait au cours des cinq derni\u00e8res ann\u00e9es. Bien que les experts suisses per\u00e7oivent \u00e9galement la population mondiale (86 pour cent), la population de leur continent (84 pour cent) ainsi que leur propre population nationale (56 pour cent) comme \u00e9tant majoritairement plus vuln\u00e9rables, ils sont les seuls experts \u00e0 consid\u00e9rer leur population urbaine (42 pour cent) comme \u00e9tant majoritairement plus r\u00e9sistante ou au moins aussi r\u00e9sistante aux risques qu'au cours des cinq derni\u00e8res ann\u00e9es.<\/p>\r\n<p>M\u00eame si le changement climatique est per\u00e7u comme une menace majeure, il semble que les <a href=\"https:\/\/www.m-q.ch\/de\/klimarisiken-als-langfristige-herausforderung-fuer-unternehmen\/\">Les risques climatiques dans les entreprises semblent toujours sous-\u00e9valu\u00e9s, comme l'a r\u00e9cemment r\u00e9v\u00e9l\u00e9 une autre \u00e9tude<\/a>.<\/p>\r\n<p><em>Source : <a href=\"https:\/\/www.axa.ch\/de\/privatkunden.html\">Axa<\/a><\/em><\/p>\r\n<blockquote>\r\n<h3>Perception des risques par la population suisse<\/h3>\r\n<p>L'\u00e9tude montre aussi clairement que les risques ne sont pas toujours \u00e9valu\u00e9s de la m\u00eame mani\u00e8re par la population que par les experts. Les dix risques suivants repr\u00e9sentent, du point de vue des Suisses, les plus grandes menaces \u00e0 venir :<\/p>\r\n<ol>\r\n\t<li>Changement climatique<\/li>\r\n\t<li>Pand\u00e9mies et maladies infectieuses<\/li>\r\n\t<li>Pollution de l'environnement<\/li>\r\n\t<li>Approvisionnement en \u00e9nergie<\/li>\r\n\t<li>Cyber-risques<\/li>\r\n\t<li>Instabilit\u00e9 g\u00e9opolitique<\/li>\r\n\t<li>Tensions et mouvements sociaux<\/li>\r\n\t<li>Nouvelles menaces de s\u00e9curit\u00e9 et terrorisme<\/li>\r\n\t<li>Ressources naturelles et biodiversit\u00e9<\/li>\r\n\t<li>Stabilit\u00e9 financi\u00e8re<\/li>\r\n<\/ol>\r\n<p>Entre mai et juin 2022, pr\u00e8s de 4 500 experts en gestion des risques de 58 pays et 19 000 personnes issues de 15 pays diff\u00e9rents ont particip\u00e9 \u00e0 l'enqu\u00eate Future Risk Report 2022. Ils ont \u00e9t\u00e9 interrog\u00e9s sur les risques auxquels la soci\u00e9t\u00e9 sera la plus expos\u00e9e \u00e0 l'avenir.\u00a0<\/p>\r\n<\/blockquote>\n<p class=\"syndicated-attribution\">Cet article est paru initialement sur m-q.ch - <a href=\"https:\/\/www.m-q.ch\/de\/klimawandel-laut-axa-studie-groesste-bedrohung\/\" target=\"_blank\">https:\/\/www.m-q.ch\/de\/klimawandel-laut-axa-studie-groesste-bedrohung\/<\/a><\/p>","protected":false},"excerpt":{"rendered":"<p>Wiederum hat die AXA f\u00fcr den Future Risk Report weltweit \u00fcber 23\u2019000 Teilnehmende, bestehend aus Risikomanagement-Expertinnen und -Experten sowie Personen aus der Bev\u00f6lkerung, zu ihrer Wahrnehmung k\u00fcnftiger Risiken befragt. Erstmals in der neunj\u00e4hrigen Geschichte der Studie wurde dabei der Klimawandel als gr\u00f6sstes Risiko eingestuft. Im letzten Jahr waren es in den Vereinigten Staaten noch die [\u2026]<\/p>\n","protected":false},"author":8,"featured_media":0,"comment_status":"closed","ping_status":"closed","sticky":false,"template":"","format":"standard","meta":{"_acf_changed":false,"_yoast_wpseo_focuskw":"Future Risk Report","_yoast_wpseo_metadesc":"Future Risk Report 2022: Klimawandel erstmals als gr\u00f6sste Bedrohung wahrgenommen. Experten sind besorgt.","articlekey":"","footnotes":""},"categories":[582],"tags":[],"class_list":["post-17812","post","type-post","status-publish","format-standard","hentry","category-operational-excellence"],"acf":[],"yoast_head":"<!-- This site is optimized with the Yoast SEO plugin v27.5 - https:\/\/yoast.com\/product\/yoast-seo-wordpress\/ -->\n<title>Klimawandel laut AXA-Studie gr\u00f6sste Bedrohung - Organisator<\/title>\n<meta name=\"description\" content=\"Future Risk Report 2022: Klimawandel erstmals als gr\u00f6sste Bedrohung wahrgenommen. Experten sind besorgt.\" \/>\n<meta name=\"robots\" content=\"index, follow, max-snippet:-1, max-image-preview:large, max-video-preview:-1\" \/>\n<link rel=\"canonical\" href=\"https:\/\/www.organisator.ch\/fr\/excellence-operationnelle\/2022-11-14\/klimawandel-laut-axa-studie-groesste-bedrohung\/\" \/>\n<meta property=\"og:locale\" content=\"fr_FR\" \/>\n<meta property=\"og:type\" content=\"article\" \/>\n<meta property=\"og:title\" content=\"Klimawandel laut AXA-Studie gr\u00f6sste Bedrohung - Organisator\" \/>\n<meta property=\"og:description\" content=\"Future Risk Report 2022: Klimawandel erstmals als gr\u00f6sste Bedrohung wahrgenommen. Experten sind besorgt.\" \/>\n<meta property=\"og:url\" content=\"https:\/\/www.organisator.ch\/fr\/excellence-operationnelle\/2022-11-14\/klimawandel-laut-axa-studie-groesste-bedrohung\/\" \/>\n<meta property=\"og:site_name\" content=\"Organisator\" \/>\n<meta property=\"article:publisher\" content=\"https:\/\/www.facebook.com\/OrganisatorFachmagazin\" \/>\n<meta property=\"article:published_time\" content=\"2022-11-14T07:25:33+00:00\" \/>\n<meta property=\"article:modified_time\" content=\"2024-11-20T09:49:48+00:00\" \/>\n<meta property=\"og:image\" content=\"https:\/\/www.organisator.ch\/wp-content\/uploads\/2022\/10\/Lehrstellen-Angebot-im-Jahr-2023-moeglicherweise-kleiner_Organisator.jpg\" \/>\n\t<meta property=\"og:image:width\" content=\"680\" \/>\n\t<meta property=\"og:image:height\" content=\"453\" \/>\n\t<meta property=\"og:image:type\" content=\"image\/jpeg\" \/>\n<meta name=\"author\" content=\"galledia\" \/>\n<meta name=\"twitter:card\" content=\"summary_large_image\" \/>\n<meta name=\"twitter:creator\" content=\"@admin\" \/>\n<script type=\"application\/ld+json\" class=\"yoast-schema-graph\">{\"@context\":\"https:\\\/\\\/schema.org\",\"@graph\":[{\"@type\":\"Article\",\"@id\":\"https:\\\/\\\/www.organisator.ch\\\/operational-excellence\\\/2022-11-14\\\/klimawandel-laut-axa-studie-groesste-bedrohung\\\/#article\",\"isPartOf\":{\"@id\":\"https:\\\/\\\/www.organisator.ch\\\/operational-excellence\\\/2022-11-14\\\/klimawandel-laut-axa-studie-groesste-bedrohung\\\/\"},\"author\":{\"name\":\"galledia\",\"@id\":\"https:\\\/\\\/www.organisator.ch\\\/#\\\/schema\\\/person\\\/4e51799071cd2dd1232ac003643ef5f0\"},\"headline\":\"Klimawandel laut AXA-Studie gr\u00f6sste Bedrohung\",\"datePublished\":\"2022-11-14T07:25:33+00:00\",\"dateModified\":\"2024-11-20T09:49:48+00:00\",\"mainEntityOfPage\":{\"@id\":\"https:\\\/\\\/www.organisator.ch\\\/operational-excellence\\\/2022-11-14\\\/klimawandel-laut-axa-studie-groesste-bedrohung\\\/\"},\"wordCount\":680,\"publisher\":{\"@id\":\"https:\\\/\\\/www.organisator.ch\\\/#organization\"},\"image\":{\"@id\":\"https:\\\/\\\/www.organisator.ch\\\/operational-excellence\\\/2022-11-14\\\/klimawandel-laut-axa-studie-groesste-bedrohung\\\/#primaryimage\"},\"thumbnailUrl\":\"https:\\\/\\\/www.m-q.ch\\\/wp-content\\\/uploads\\\/2022\\\/11\\\/Klimawandel-laut-AXA-Studie-groesste-Bedrohung_MQ.jpg\",\"articleSection\":[\"OPERATIONAL EXCELLENCE\"],\"inLanguage\":\"fr-FR\"},{\"@type\":\"WebPage\",\"@id\":\"https:\\\/\\\/www.organisator.ch\\\/operational-excellence\\\/2022-11-14\\\/klimawandel-laut-axa-studie-groesste-bedrohung\\\/\",\"url\":\"https:\\\/\\\/www.organisator.ch\\\/operational-excellence\\\/2022-11-14\\\/klimawandel-laut-axa-studie-groesste-bedrohung\\\/\",\"name\":\"Klimawandel laut AXA-Studie gr\u00f6sste Bedrohung - Organisator\",\"isPartOf\":{\"@id\":\"https:\\\/\\\/www.organisator.ch\\\/#website\"},\"primaryImageOfPage\":{\"@id\":\"https:\\\/\\\/www.organisator.ch\\\/operational-excellence\\\/2022-11-14\\\/klimawandel-laut-axa-studie-groesste-bedrohung\\\/#primaryimage\"},\"image\":{\"@id\":\"https:\\\/\\\/www.organisator.ch\\\/operational-excellence\\\/2022-11-14\\\/klimawandel-laut-axa-studie-groesste-bedrohung\\\/#primaryimage\"},\"thumbnailUrl\":\"https:\\\/\\\/www.m-q.ch\\\/wp-content\\\/uploads\\\/2022\\\/11\\\/Klimawandel-laut-AXA-Studie-groesste-Bedrohung_MQ.jpg\",\"datePublished\":\"2022-11-14T07:25:33+00:00\",\"dateModified\":\"2024-11-20T09:49:48+00:00\",\"description\":\"Future Risk Report 2022: Klimawandel erstmals als gr\u00f6sste Bedrohung wahrgenommen. Experten sind besorgt.\",\"breadcrumb\":{\"@id\":\"https:\\\/\\\/www.organisator.ch\\\/operational-excellence\\\/2022-11-14\\\/klimawandel-laut-axa-studie-groesste-bedrohung\\\/#breadcrumb\"},\"inLanguage\":\"fr-FR\",\"potentialAction\":[{\"@type\":\"ReadAction\",\"target\":[\"https:\\\/\\\/www.organisator.ch\\\/operational-excellence\\\/2022-11-14\\\/klimawandel-laut-axa-studie-groesste-bedrohung\\\/\"]}]},{\"@type\":\"ImageObject\",\"inLanguage\":\"fr-FR\",\"@id\":\"https:\\\/\\\/www.organisator.ch\\\/operational-excellence\\\/2022-11-14\\\/klimawandel-laut-axa-studie-groesste-bedrohung\\\/#primaryimage\",\"url\":\"https:\\\/\\\/www.m-q.ch\\\/wp-content\\\/uploads\\\/2022\\\/11\\\/Klimawandel-laut-AXA-Studie-groesste-Bedrohung_MQ.jpg\",\"contentUrl\":\"https:\\\/\\\/www.m-q.ch\\\/wp-content\\\/uploads\\\/2022\\\/11\\\/Klimawandel-laut-AXA-Studie-groesste-Bedrohung_MQ.jpg\"},{\"@type\":\"BreadcrumbList\",\"@id\":\"https:\\\/\\\/www.organisator.ch\\\/operational-excellence\\\/2022-11-14\\\/klimawandel-laut-axa-studie-groesste-bedrohung\\\/#breadcrumb\",\"itemListElement\":[{\"@type\":\"ListItem\",\"position\":1,\"name\":\"Home\",\"item\":\"https:\\\/\\\/www.organisator.ch\\\/\"},{\"@type\":\"ListItem\",\"position\":2,\"name\":\"Klimawandel laut AXA-Studie gr\u00f6sste Bedrohung\"}]},{\"@type\":\"WebSite\",\"@id\":\"https:\\\/\\\/www.organisator.ch\\\/#website\",\"url\":\"https:\\\/\\\/www.organisator.ch\\\/\",\"name\":\"Organisator\",\"description\":\"Kompetent. Praxisnah. Der ORGANISATOR bereitet in 10 Ausgaben pro Jahr die wesentlichen Themen f\u00fcr F\u00fchrungskr\u00e4fte von KMU auf.\",\"publisher\":{\"@id\":\"https:\\\/\\\/www.organisator.ch\\\/#organization\"},\"potentialAction\":[{\"@type\":\"SearchAction\",\"target\":{\"@type\":\"EntryPoint\",\"urlTemplate\":\"https:\\\/\\\/www.organisator.ch\\\/?s={search_term_string}\"},\"query-input\":{\"@type\":\"PropertyValueSpecification\",\"valueRequired\":true,\"valueName\":\"search_term_string\"}}],\"inLanguage\":\"fr-FR\"},{\"@type\":\"Organization\",\"@id\":\"https:\\\/\\\/www.organisator.ch\\\/#organization\",\"name\":\"Organisator\",\"url\":\"https:\\\/\\\/www.organisator.ch\\\/\",\"logo\":{\"@type\":\"ImageObject\",\"inLanguage\":\"fr-FR\",\"@id\":\"https:\\\/\\\/www.organisator.ch\\\/#\\\/schema\\\/logo\\\/image\\\/\",\"url\":\"https:\\\/\\\/www.organisator.ch\\\/wp-content\\\/uploads\\\/2022\\\/01\\\/Logo_Organisator_Website.png\",\"contentUrl\":\"https:\\\/\\\/www.organisator.ch\\\/wp-content\\\/uploads\\\/2022\\\/01\\\/Logo_Organisator_Website.png\",\"width\":800,\"height\":77,\"caption\":\"Organisator\"},\"image\":{\"@id\":\"https:\\\/\\\/www.organisator.ch\\\/#\\\/schema\\\/logo\\\/image\\\/\"},\"sameAs\":[\"https:\\\/\\\/www.facebook.com\\\/OrganisatorFachmagazin\",\"https:\\\/\\\/www.linkedin.com\\\/showcase\\\/organisator-das-magazin-fr-kmu\",\"https:\\\/\\\/www.xing.com\\\/news\\\/pages\\\/organisator-ch-695\",\"https:\\\/\\\/www.youtube.com\\\/channel\\\/UCGP2Sq0iWaZwT3BdIAQFYpw\"]},{\"@type\":\"Person\",\"@id\":\"https:\\\/\\\/www.organisator.ch\\\/#\\\/schema\\\/person\\\/4e51799071cd2dd1232ac003643ef5f0\",\"name\":\"galledia\",\"image\":{\"@type\":\"ImageObject\",\"inLanguage\":\"fr-FR\",\"@id\":\"https:\\\/\\\/secure.gravatar.com\\\/avatar\\\/78a7f90c01fc2bfc875782a0d4922b37cde2cf184ce347b91316d23cd7f69a36?s=96&d=mm&r=g\",\"url\":\"https:\\\/\\\/secure.gravatar.com\\\/avatar\\\/78a7f90c01fc2bfc875782a0d4922b37cde2cf184ce347b91316d23cd7f69a36?s=96&d=mm&r=g\",\"contentUrl\":\"https:\\\/\\\/secure.gravatar.com\\\/avatar\\\/78a7f90c01fc2bfc875782a0d4922b37cde2cf184ce347b91316d23cd7f69a36?s=96&d=mm&r=g\",\"caption\":\"galledia\"},\"sameAs\":[\"https:\\\/\\\/x.com\\\/admin\"],\"url\":\"https:\\\/\\\/www.organisator.ch\\\/fr\\\/author\\\/galledia\\\/\"}]}<\/script>\n<!-- \/ Yoast SEO plugin. -->","yoast_head_json":{"title":"Le changement climatique est la plus grande menace selon une \u00e9tude AXA - Organisateur","description":"Future Risk Report 2022 : le changement climatique est per\u00e7u pour la premi\u00e8re fois comme la plus grande menace. Les experts sont inquiets.","robots":{"index":"index","follow":"follow","max-snippet":"max-snippet:-1","max-image-preview":"max-image-preview:large","max-video-preview":"max-video-preview:-1"},"canonical":"https:\/\/www.organisator.ch\/fr\/excellence-operationnelle\/2022-11-14\/klimawandel-laut-axa-studie-groesste-bedrohung\/","og_locale":"fr_FR","og_type":"article","og_title":"Klimawandel laut AXA-Studie gr\u00f6sste Bedrohung - Organisator","og_description":"Future Risk Report 2022: Klimawandel erstmals als gr\u00f6sste Bedrohung wahrgenommen. Experten sind besorgt.","og_url":"https:\/\/www.organisator.ch\/fr\/excellence-operationnelle\/2022-11-14\/klimawandel-laut-axa-studie-groesste-bedrohung\/","og_site_name":"Organisator","article_publisher":"https:\/\/www.facebook.com\/OrganisatorFachmagazin","article_published_time":"2022-11-14T07:25:33+00:00","article_modified_time":"2024-11-20T09:49:48+00:00","og_image":[{"width":680,"height":453,"url":"https:\/\/www.organisator.ch\/wp-content\/uploads\/2022\/10\/Lehrstellen-Angebot-im-Jahr-2023-moeglicherweise-kleiner_Organisator.jpg","type":"image\/jpeg"}],"author":"galledia","twitter_card":"summary_large_image","twitter_creator":"@admin","schema":{"@context":"https:\/\/schema.org","@graph":[{"@type":"Article","@id":"https:\/\/www.organisator.ch\/operational-excellence\/2022-11-14\/klimawandel-laut-axa-studie-groesste-bedrohung\/#article","isPartOf":{"@id":"https:\/\/www.organisator.ch\/operational-excellence\/2022-11-14\/klimawandel-laut-axa-studie-groesste-bedrohung\/"},"author":{"name":"galledia","@id":"https:\/\/www.organisator.ch\/#\/schema\/person\/4e51799071cd2dd1232ac003643ef5f0"},"headline":"Klimawandel laut AXA-Studie gr\u00f6sste Bedrohung","datePublished":"2022-11-14T07:25:33+00:00","dateModified":"2024-11-20T09:49:48+00:00","mainEntityOfPage":{"@id":"https:\/\/www.organisator.ch\/operational-excellence\/2022-11-14\/klimawandel-laut-axa-studie-groesste-bedrohung\/"},"wordCount":680,"publisher":{"@id":"https:\/\/www.organisator.ch\/#organization"},"image":{"@id":"https:\/\/www.organisator.ch\/operational-excellence\/2022-11-14\/klimawandel-laut-axa-studie-groesste-bedrohung\/#primaryimage"},"thumbnailUrl":"https:\/\/www.m-q.ch\/wp-content\/uploads\/2022\/11\/Klimawandel-laut-AXA-Studie-groesste-Bedrohung_MQ.jpg","articleSection":["OPERATIONAL EXCELLENCE"],"inLanguage":"fr-FR"},{"@type":"WebPage","@id":"https:\/\/www.organisator.ch\/operational-excellence\/2022-11-14\/klimawandel-laut-axa-studie-groesste-bedrohung\/","url":"https:\/\/www.organisator.ch\/operational-excellence\/2022-11-14\/klimawandel-laut-axa-studie-groesste-bedrohung\/","name":"Le changement climatique est la plus grande menace selon une \u00e9tude AXA - Organisateur","isPartOf":{"@id":"https:\/\/www.organisator.ch\/#website"},"primaryImageOfPage":{"@id":"https:\/\/www.organisator.ch\/operational-excellence\/2022-11-14\/klimawandel-laut-axa-studie-groesste-bedrohung\/#primaryimage"},"image":{"@id":"https:\/\/www.organisator.ch\/operational-excellence\/2022-11-14\/klimawandel-laut-axa-studie-groesste-bedrohung\/#primaryimage"},"thumbnailUrl":"https:\/\/www.m-q.ch\/wp-content\/uploads\/2022\/11\/Klimawandel-laut-AXA-Studie-groesste-Bedrohung_MQ.jpg","datePublished":"2022-11-14T07:25:33+00:00","dateModified":"2024-11-20T09:49:48+00:00","description":"Future Risk Report 2022 : le changement climatique est per\u00e7u pour la premi\u00e8re fois comme la plus grande menace. Les experts sont inquiets.","breadcrumb":{"@id":"https:\/\/www.organisator.ch\/operational-excellence\/2022-11-14\/klimawandel-laut-axa-studie-groesste-bedrohung\/#breadcrumb"},"inLanguage":"fr-FR","potentialAction":[{"@type":"ReadAction","target":["https:\/\/www.organisator.ch\/operational-excellence\/2022-11-14\/klimawandel-laut-axa-studie-groesste-bedrohung\/"]}]},{"@type":"ImageObject","inLanguage":"fr-FR","@id":"https:\/\/www.organisator.ch\/operational-excellence\/2022-11-14\/klimawandel-laut-axa-studie-groesste-bedrohung\/#primaryimage","url":"https:\/\/www.m-q.ch\/wp-content\/uploads\/2022\/11\/Klimawandel-laut-AXA-Studie-groesste-Bedrohung_MQ.jpg","contentUrl":"https:\/\/www.m-q.ch\/wp-content\/uploads\/2022\/11\/Klimawandel-laut-AXA-Studie-groesste-Bedrohung_MQ.jpg"},{"@type":"BreadcrumbList","@id":"https:\/\/www.organisator.ch\/operational-excellence\/2022-11-14\/klimawandel-laut-axa-studie-groesste-bedrohung\/#breadcrumb","itemListElement":[{"@type":"ListItem","position":1,"name":"Home","item":"https:\/\/www.organisator.ch\/"},{"@type":"ListItem","position":2,"name":"Klimawandel laut AXA-Studie gr\u00f6sste Bedrohung"}]},{"@type":"WebSite","@id":"https:\/\/www.organisator.ch\/#website","url":"https:\/\/www.organisator.ch\/","name":"Organisateur","description":"Comp\u00e9tence et comp\u00e9tence. Proches de la pratique. L'ORGANISATEUR pr\u00e9pare 10 num\u00e9ros par an sur les th\u00e8mes essentiels pour les dirigeants de PME.","publisher":{"@id":"https:\/\/www.organisator.ch\/#organization"},"potentialAction":[{"@type":"SearchAction","target":{"@type":"EntryPoint","urlTemplate":"https:\/\/www.organisator.ch\/?s={search_term_string}"},"query-input":{"@type":"PropertyValueSpecification","valueRequired":true,"valueName":"search_term_string"}}],"inLanguage":"fr-FR"},{"@type":"Organization","@id":"https:\/\/www.organisator.ch\/#organization","name":"Organisateur","url":"https:\/\/www.organisator.ch\/","logo":{"@type":"ImageObject","inLanguage":"fr-FR","@id":"https:\/\/www.organisator.ch\/#\/schema\/logo\/image\/","url":"https:\/\/www.organisator.ch\/wp-content\/uploads\/2022\/01\/Logo_Organisator_Website.png","contentUrl":"https:\/\/www.organisator.ch\/wp-content\/uploads\/2022\/01\/Logo_Organisator_Website.png","width":800,"height":77,"caption":"Organisator"},"image":{"@id":"https:\/\/www.organisator.ch\/#\/schema\/logo\/image\/"},"sameAs":["https:\/\/www.facebook.com\/OrganisatorFachmagazin","https:\/\/www.linkedin.com\/showcase\/organisator-das-magazin-fr-kmu","https:\/\/www.xing.com\/news\/pages\/organisator-ch-695","https:\/\/www.youtube.com\/channel\/UCGP2Sq0iWaZwT3BdIAQFYpw"]},{"@type":"Person","@id":"https:\/\/www.organisator.ch\/#\/schema\/person\/4e51799071cd2dd1232ac003643ef5f0","name":"galledia","image":{"@type":"ImageObject","inLanguage":"fr-FR","@id":"https:\/\/secure.gravatar.com\/avatar\/78a7f90c01fc2bfc875782a0d4922b37cde2cf184ce347b91316d23cd7f69a36?s=96&d=mm&r=g","url":"https:\/\/secure.gravatar.com\/avatar\/78a7f90c01fc2bfc875782a0d4922b37cde2cf184ce347b91316d23cd7f69a36?s=96&d=mm&r=g","contentUrl":"https:\/\/secure.gravatar.com\/avatar\/78a7f90c01fc2bfc875782a0d4922b37cde2cf184ce347b91316d23cd7f69a36?s=96&d=mm&r=g","caption":"galledia"},"sameAs":["https:\/\/x.com\/admin"],"url":"https:\/\/www.organisator.ch\/fr\/author\/galledia\/"}]}},"_links":{"self":[{"href":"https:\/\/www.organisator.ch\/fr\/wp-json\/wp\/v2\/posts\/17812","targetHints":{"allow":["GET"]}}],"collection":[{"href":"https:\/\/www.organisator.ch\/fr\/wp-json\/wp\/v2\/posts"}],"about":[{"href":"https:\/\/www.organisator.ch\/fr\/wp-json\/wp\/v2\/types\/post"}],"author":[{"embeddable":true,"href":"https:\/\/www.organisator.ch\/fr\/wp-json\/wp\/v2\/users\/8"}],"replies":[{"embeddable":true,"href":"https:\/\/www.organisator.ch\/fr\/wp-json\/wp\/v2\/comments?post=17812"}],"version-history":[{"count":4,"href":"https:\/\/www.organisator.ch\/fr\/wp-json\/wp\/v2\/posts\/17812\/revisions"}],"predecessor-version":[{"id":33638,"href":"https:\/\/www.organisator.ch\/fr\/wp-json\/wp\/v2\/posts\/17812\/revisions\/33638"}],"wp:attachment":[{"href":"https:\/\/www.organisator.ch\/fr\/wp-json\/wp\/v2\/media?parent=17812"}],"wp:term":[{"taxonomy":"category","embeddable":true,"href":"https:\/\/www.organisator.ch\/fr\/wp-json\/wp\/v2\/categories?post=17812"},{"taxonomy":"post_tag","embeddable":true,"href":"https:\/\/www.organisator.ch\/fr\/wp-json\/wp\/v2\/tags?post=17812"}],"curies":[{"name":"wp","href":"https:\/\/api.w.org\/{rel}","templated":true}]}}