{"id":17825,"date":"2022-11-15T13:05:56","date_gmt":"2022-11-15T12:05:56","guid":{"rendered":"https:\/\/www.organisator.ch\/?p=17825"},"modified":"2022-11-15T13:05:56","modified_gmt":"2022-11-15T12:05:56","slug":"die-schweizer-berufsbildung-potenziale-und-herausforderungen","status":"publish","type":"post","link":"https:\/\/www.organisator.ch\/fr\/weiterbildung\/2022-11-15\/die-schweizer-berufsbildung-potenziale-und-herausforderungen\/","title":{"rendered":"La formation professionnelle suisse - Potentiels et d\u00e9fis"},"content":{"rendered":"<figure id=\"attachment_17826\" aria-describedby=\"caption-attachment-17826\" style=\"width: 680px\" class=\"wp-caption alignnone\"><img loading=\"lazy\" decoding=\"async\" class=\"size-full wp-image-17826\" src=\"https:\/\/www.organisator.ch\/wp-content\/uploads\/2022\/11\/Die-Schweizer-Berufsbildung---Potenziale-und-Herausforderungen_Organisator.jpg\" alt=\"\" width=\"680\" height=\"402\" srcset=\"\" sizes=\"auto, (max-width: 680px) 100vw, 680px\" data-srcset=\"\" \/><figcaption id=\"caption-attachment-17826\" class=\"wp-caption-text\">Quelle est la direction \u00e0 prendre ? La formation professionnelle suisse offre diff\u00e9rentes voies. (Image : Haute \u00e9cole f\u00e9d\u00e9rale pour la formation professionnelle IFFP)<\/figcaption><\/figure>\n<p>Avec son syst\u00e8me de formation professionnelle, la Suisse suit de plus en plus une voie particuli\u00e8re en Europe et se distingue aussi de plus en plus nettement de ses voisins allemands et autrichiens. Nulle part ailleurs, la formation professionnelle duale n'est rest\u00e9e aussi forte et la s\u00e9paration entre formation professionnelle et formation acad\u00e9mique aussi nette, comme le montre le nouveau rapport de tendance du <a href=\"https:\/\/www.ehb.swiss\/forschung\/obs\">Observatoire suisse de la formation professionnelle OBS IFFP<\/a> de l'entreprise. Cela pr\u00e9sente des avantages, mais aussi des d\u00e9fis.<\/p>\n<h3>La culture g\u00e9n\u00e9rale gagne en importance<\/h3>\n<p>Parmi les points forts de la formation professionnelle suisse figurent jusqu'\u00e0 aujourd'hui sa grande proximit\u00e9 avec la pratique et le march\u00e9 du travail ainsi que le faible taux de ch\u00f4mage des jeunes. Pr\u00e8s de 60% des jeunes suivent une formation professionnelle duale - un taux qu'aucun autre pays europ\u00e9en ne conna\u00eet. En outre, 91% des jeunes ont obtenu en Suisse un dipl\u00f4me du degr\u00e9 secondaire II \u00e0 l'\u00e2ge de 25 ans, un taux tr\u00e8s \u00e9lev\u00e9 en comparaison internationale.<\/p>\n<p>Il est n\u00e9anmoins n\u00e9cessaire de r\u00e9agir aux changements technologiques, \u00e9conomiques et sociaux. La question de la relation id\u00e9ale entre la formation professionnelle et la formation g\u00e9n\u00e9rale est au c\u0153ur de ce processus. Elle se pose lorsqu'il s'agit de choisir entre une voie gymnasiale\/g\u00e9n\u00e9rale et une voie professionnelle. Elle se pose \u00e9galement dans le cadre de la formation professionnelle, o\u00f9 certains apprentissages pr\u00e9voient une part scolaire deux fois plus importante que d'autres. De plus, la maturit\u00e9 professionnelle (MP) est tr\u00e8s in\u00e9galement r\u00e9pandue selon les professions et les cantons.<\/p>\n<h3>Les exigences augmentent<\/h3>\n<p>Les changements structurels du monde du travail rendent l'apprentissage tout au long de la vie encore plus important dans les contextes scolaires et d'entreprise. La capacit\u00e9 \u00e0 s'adapter \u00e0 de nouvelles conditions professionnelles gagne en importance. Ce changement se traduit \u00e9galement par le fait qu'il y a davantage d'apprentis dans les formations professionnelles duales avec une part scolaire plus importante. Mais l'augmentation de la part des \u00e9coles professionnelles dans la formation initiale duale entra\u00eene aussi un conflit d'objectifs : si les apprentis vont plus \u00e0 l'\u00e9cole, ils manquent dans les entreprises, ce qui d\u00e9t\u00e9riore le rapport co\u00fbts\/b\u00e9n\u00e9fices de l'entreprise.<\/p>\n<p>Les chercheuses et chercheurs de l'IFFP se prononcent en faveur d'un d\u00e9bat ouvert sur l'avenir et le potentiel d'optimisation du syst\u00e8me de formation suisse. En particulier sur sa perm\u00e9abilit\u00e9 effective, qui pourrait encore \u00eatre augment\u00e9e, comme le montre un regard sur les pays voisins. Il s'agit \u00e9galement de r\u00e9fl\u00e9chir \u00e0 des offres de formation suppl\u00e9mentaires au niveau secondaire II, qui offrent une alternative aux jeunes qui n'ont pas r\u00e9ussi leur formation professionnelle initiale.<\/p>\n<p><em>Le rapport de tendance \"Champs de tensions dans la formation professionnelle au niveau international et en Suisse - d\u00e9veloppements, d\u00e9fis, potentiels\" est disponible sous : <a href=\"http:\/\/www.ehb.swiss\/forschung\/obs\/themen-und-trends\/spannungsfelder-der-berufsbildung-international-schweiz\">www.ehb.swiss\/forschung\/obs\/themen-und-trends\/spannungsfelder-der-berufsbildung-international-schweiz<\/a><\/em><\/p>","protected":false},"excerpt":{"rendered":"<p>Die Schweiz geht mit ihrem Berufsbildungssystem in Europa zunehmend einen Sonderweg und unterscheidet sich immer deutlicher auch von ihren Nachbarl\u00e4ndern Deutschland und \u00d6sterreich. Nirgendwo sonst ist die duale Berufsbildung so stark geblieben und die Trennung zwischen beruflicher und akademischer Bildung so klar, wie der neue Trendbericht des Schweizerischen Observatoriums f\u00fcr die Berufsbildung OBS EHB aufzeigt. [&hellip;]<\/p>\n","protected":false},"author":4,"featured_media":17826,"comment_status":"closed","ping_status":"closed","sticky":false,"template":"","format":"standard","meta":{"_acf_changed":false,"_yoast_wpseo_focuskw":"Schweizer Berufsbildung","_yoast_wpseo_metadesc":"Die Schweizer Berufsbildung ist etwas Besonderes: In keinem anderen Land absolvieren so viele Jugendliche eine Berufslehre.","articlekey":"","footnotes":""},"categories":[30],"tags":[62,73,533],"class_list":["post-17825","post","type-post","status-publish","format-standard","has-post-thumbnail","hentry","category-weiterbildung","tag-aus-weiterbildung","tag-berufsbildung","tag-wissenschaft"],"acf":[],"yoast_head":"<!-- This site is optimized with the Yoast SEO plugin v27.4 - https:\/\/yoast.com\/product\/yoast-seo-wordpress\/ -->\n<title>Die Schweizer Berufsbildung \u2013 Potenziale und Herausforderungen - Organisator<\/title>\n<meta name=\"description\" content=\"Die Schweizer Berufsbildung ist etwas Besonderes: In keinem anderen Land absolvieren so viele Jugendliche eine Berufslehre.\" \/>\n<meta name=\"robots\" content=\"index, follow, max-snippet:-1, max-image-preview:large, max-video-preview:-1\" \/>\n<link rel=\"canonical\" href=\"https:\/\/www.organisator.ch\/fr\/formation-continue-2\/2022-11-15\/die-schweizer-berufsbildung-potenziale-und-herausforderungen\/\" \/>\n<meta property=\"og:locale\" content=\"fr_FR\" \/>\n<meta property=\"og:type\" content=\"article\" \/>\n<meta property=\"og:title\" content=\"Die Schweizer Berufsbildung \u2013 Potenziale und Herausforderungen\" \/>\n<meta property=\"og:description\" content=\"Die Schweizer Berufsbildung ist etwas Besonderes: In keinem anderen Land absolvieren so viele Jugendliche eine Berufslehre.\" \/>\n<meta property=\"og:url\" content=\"https:\/\/www.organisator.ch\/fr\/formation-continue-2\/2022-11-15\/die-schweizer-berufsbildung-potenziale-und-herausforderungen\/\" \/>\n<meta property=\"og:site_name\" content=\"Organisator\" \/>\n<meta property=\"article:publisher\" content=\"https:\/\/www.facebook.com\/OrganisatorFachmagazin\" \/>\n<meta property=\"article:published_time\" content=\"2022-11-15T12:05:56+00:00\" \/>\n<meta property=\"og:image\" content=\"https:\/\/www.organisator.ch\/wp-content\/uploads\/2022\/11\/Die-Schweizer-Berufsbildung-\u2013-Potenziale-und-Herausforderungen_Organisator.jpg\" \/>\n\t<meta property=\"og:image:width\" content=\"680\" \/>\n\t<meta property=\"og:image:height\" content=\"402\" \/>\n\t<meta property=\"og:image:type\" content=\"image\/jpeg\" \/>\n<meta name=\"author\" content=\"thomas.berner\" \/>\n<meta name=\"twitter:card\" content=\"summary_large_image\" \/>\n<meta name=\"twitter:title\" content=\"Die Schweizer #Berufsbildung \u2013 Potenziale und #Herausforderungen\" \/>\n<meta name=\"twitter:description\" content=\"Die Schweizer #Berufsbildung ist etwas Besonderes: In keinem anderen Land absolvieren so viele Jugendliche eine #Berufslehre.\" \/>\n<meta name=\"twitter:image\" content=\"https:\/\/www.organisator.ch\/wp-content\/uploads\/2022\/11\/Die-Schweizer-Berufsbildung-\u2013-Potenziale-und-Herausforderungen_Organisator.jpg\" \/>\n<script type=\"application\/ld+json\" class=\"yoast-schema-graph\">{\"@context\":\"https:\\\/\\\/schema.org\",\"@graph\":[{\"@type\":\"Article\",\"@id\":\"https:\\\/\\\/www.organisator.ch\\\/weiterbildung\\\/2022-11-15\\\/die-schweizer-berufsbildung-potenziale-und-herausforderungen\\\/#article\",\"isPartOf\":{\"@id\":\"https:\\\/\\\/www.organisator.ch\\\/weiterbildung\\\/2022-11-15\\\/die-schweizer-berufsbildung-potenziale-und-herausforderungen\\\/\"},\"author\":{\"name\":\"thomas.berner\",\"@id\":\"https:\\\/\\\/www.organisator.ch\\\/#\\\/schema\\\/person\\\/6f650f90b2842cd4c0cc334b4e36f67e\"},\"headline\":\"Die Schweizer Berufsbildung \u2013 Potenziale und Herausforderungen\",\"datePublished\":\"2022-11-15T12:05:56+00:00\",\"mainEntityOfPage\":{\"@id\":\"https:\\\/\\\/www.organisator.ch\\\/weiterbildung\\\/2022-11-15\\\/die-schweizer-berufsbildung-potenziale-und-herausforderungen\\\/\"},\"wordCount\":421,\"publisher\":{\"@id\":\"https:\\\/\\\/www.organisator.ch\\\/#organization\"},\"image\":{\"@id\":\"https:\\\/\\\/www.organisator.ch\\\/weiterbildung\\\/2022-11-15\\\/die-schweizer-berufsbildung-potenziale-und-herausforderungen\\\/#primaryimage\"},\"thumbnailUrl\":\"https:\\\/\\\/www.organisator.ch\\\/wp-content\\\/uploads\\\/2022\\\/11\\\/Die-Schweizer-Berufsbildung-\u2013-Potenziale-und-Herausforderungen_Organisator.jpg\",\"keywords\":[\"Aus-\\\/Weiterbildung\",\"Berufsbildung\",\"Wissenschaft\"],\"articleSection\":[\"WEITERBILDUNG\"],\"inLanguage\":\"fr-FR\"},{\"@type\":\"WebPage\",\"@id\":\"https:\\\/\\\/www.organisator.ch\\\/weiterbildung\\\/2022-11-15\\\/die-schweizer-berufsbildung-potenziale-und-herausforderungen\\\/\",\"url\":\"https:\\\/\\\/www.organisator.ch\\\/weiterbildung\\\/2022-11-15\\\/die-schweizer-berufsbildung-potenziale-und-herausforderungen\\\/\",\"name\":\"Die Schweizer Berufsbildung \u2013 Potenziale und Herausforderungen - Organisator\",\"isPartOf\":{\"@id\":\"https:\\\/\\\/www.organisator.ch\\\/#website\"},\"primaryImageOfPage\":{\"@id\":\"https:\\\/\\\/www.organisator.ch\\\/weiterbildung\\\/2022-11-15\\\/die-schweizer-berufsbildung-potenziale-und-herausforderungen\\\/#primaryimage\"},\"image\":{\"@id\":\"https:\\\/\\\/www.organisator.ch\\\/weiterbildung\\\/2022-11-15\\\/die-schweizer-berufsbildung-potenziale-und-herausforderungen\\\/#primaryimage\"},\"thumbnailUrl\":\"https:\\\/\\\/www.organisator.ch\\\/wp-content\\\/uploads\\\/2022\\\/11\\\/Die-Schweizer-Berufsbildung-\u2013-Potenziale-und-Herausforderungen_Organisator.jpg\",\"datePublished\":\"2022-11-15T12:05:56+00:00\",\"description\":\"Die Schweizer Berufsbildung ist etwas Besonderes: In keinem anderen Land absolvieren so viele Jugendliche eine Berufslehre.\",\"breadcrumb\":{\"@id\":\"https:\\\/\\\/www.organisator.ch\\\/weiterbildung\\\/2022-11-15\\\/die-schweizer-berufsbildung-potenziale-und-herausforderungen\\\/#breadcrumb\"},\"inLanguage\":\"fr-FR\",\"potentialAction\":[{\"@type\":\"ReadAction\",\"target\":[\"https:\\\/\\\/www.organisator.ch\\\/weiterbildung\\\/2022-11-15\\\/die-schweizer-berufsbildung-potenziale-und-herausforderungen\\\/\"]}]},{\"@type\":\"ImageObject\",\"inLanguage\":\"fr-FR\",\"@id\":\"https:\\\/\\\/www.organisator.ch\\\/weiterbildung\\\/2022-11-15\\\/die-schweizer-berufsbildung-potenziale-und-herausforderungen\\\/#primaryimage\",\"url\":\"https:\\\/\\\/www.organisator.ch\\\/wp-content\\\/uploads\\\/2022\\\/11\\\/Die-Schweizer-Berufsbildung-\u2013-Potenziale-und-Herausforderungen_Organisator.jpg\",\"contentUrl\":\"https:\\\/\\\/www.organisator.ch\\\/wp-content\\\/uploads\\\/2022\\\/11\\\/Die-Schweizer-Berufsbildung-\u2013-Potenziale-und-Herausforderungen_Organisator.jpg\",\"width\":680,\"height\":402,\"caption\":\"Wohin geht die Reise? Die Schweizer Berufsbildung bietet verschiedene Wege. (Bild: Eidgen\u00f6ssische Hochschule f\u00fcr Berufsbildung EHB)\"},{\"@type\":\"BreadcrumbList\",\"@id\":\"https:\\\/\\\/www.organisator.ch\\\/weiterbildung\\\/2022-11-15\\\/die-schweizer-berufsbildung-potenziale-und-herausforderungen\\\/#breadcrumb\",\"itemListElement\":[{\"@type\":\"ListItem\",\"position\":1,\"name\":\"Home\",\"item\":\"https:\\\/\\\/www.organisator.ch\\\/\"},{\"@type\":\"ListItem\",\"position\":2,\"name\":\"Die Schweizer Berufsbildung \u2013 Potenziale und Herausforderungen\"}]},{\"@type\":\"WebSite\",\"@id\":\"https:\\\/\\\/www.organisator.ch\\\/#website\",\"url\":\"https:\\\/\\\/www.organisator.ch\\\/\",\"name\":\"Organisator\",\"description\":\"Kompetent. Praxisnah. Der ORGANISATOR bereitet in 10 Ausgaben pro Jahr die wesentlichen Themen f\u00fcr F\u00fchrungskr\u00e4fte von KMU auf.\",\"publisher\":{\"@id\":\"https:\\\/\\\/www.organisator.ch\\\/#organization\"},\"potentialAction\":[{\"@type\":\"SearchAction\",\"target\":{\"@type\":\"EntryPoint\",\"urlTemplate\":\"https:\\\/\\\/www.organisator.ch\\\/?s={search_term_string}\"},\"query-input\":{\"@type\":\"PropertyValueSpecification\",\"valueRequired\":true,\"valueName\":\"search_term_string\"}}],\"inLanguage\":\"fr-FR\"},{\"@type\":\"Organization\",\"@id\":\"https:\\\/\\\/www.organisator.ch\\\/#organization\",\"name\":\"Organisator\",\"url\":\"https:\\\/\\\/www.organisator.ch\\\/\",\"logo\":{\"@type\":\"ImageObject\",\"inLanguage\":\"fr-FR\",\"@id\":\"https:\\\/\\\/www.organisator.ch\\\/#\\\/schema\\\/logo\\\/image\\\/\",\"url\":\"https:\\\/\\\/www.organisator.ch\\\/wp-content\\\/uploads\\\/2022\\\/01\\\/Logo_Organisator_Website.png\",\"contentUrl\":\"https:\\\/\\\/www.organisator.ch\\\/wp-content\\\/uploads\\\/2022\\\/01\\\/Logo_Organisator_Website.png\",\"width\":800,\"height\":77,\"caption\":\"Organisator\"},\"image\":{\"@id\":\"https:\\\/\\\/www.organisator.ch\\\/#\\\/schema\\\/logo\\\/image\\\/\"},\"sameAs\":[\"https:\\\/\\\/www.facebook.com\\\/OrganisatorFachmagazin\",\"https:\\\/\\\/www.linkedin.com\\\/showcase\\\/organisator-das-magazin-fr-kmu\",\"https:\\\/\\\/www.xing.com\\\/news\\\/pages\\\/organisator-ch-695\",\"https:\\\/\\\/www.youtube.com\\\/channel\\\/UCGP2Sq0iWaZwT3BdIAQFYpw\"]},{\"@type\":\"Person\",\"@id\":\"https:\\\/\\\/www.organisator.ch\\\/#\\\/schema\\\/person\\\/6f650f90b2842cd4c0cc334b4e36f67e\",\"name\":\"thomas.berner\",\"image\":{\"@type\":\"ImageObject\",\"inLanguage\":\"fr-FR\",\"@id\":\"https:\\\/\\\/secure.gravatar.com\\\/avatar\\\/ac5001d2a36cb6c6cd3e50789007ffca834b477b74a2144564522e944eabff61?s=96&d=mm&r=g\",\"url\":\"https:\\\/\\\/secure.gravatar.com\\\/avatar\\\/ac5001d2a36cb6c6cd3e50789007ffca834b477b74a2144564522e944eabff61?s=96&d=mm&r=g\",\"contentUrl\":\"https:\\\/\\\/secure.gravatar.com\\\/avatar\\\/ac5001d2a36cb6c6cd3e50789007ffca834b477b74a2144564522e944eabff61?s=96&d=mm&r=g\",\"caption\":\"thomas.berner\"},\"url\":\"https:\\\/\\\/www.organisator.ch\\\/fr\\\/author\\\/thomas-berner\\\/\"}]}<\/script>\n<!-- \/ Yoast SEO plugin. -->","yoast_head_json":{"title":"La formation professionnelle suisse - Potentiels et d\u00e9fis - Organisateur","description":"La formation professionnelle suisse est particuli\u00e8re : dans aucun autre pays, autant de jeunes suivent un apprentissage professionnel.","robots":{"index":"index","follow":"follow","max-snippet":"max-snippet:-1","max-image-preview":"max-image-preview:large","max-video-preview":"max-video-preview:-1"},"canonical":"https:\/\/www.organisator.ch\/fr\/formation-continue-2\/2022-11-15\/die-schweizer-berufsbildung-potenziale-und-herausforderungen\/","og_locale":"fr_FR","og_type":"article","og_title":"Die Schweizer Berufsbildung \u2013 Potenziale und Herausforderungen","og_description":"Die Schweizer Berufsbildung ist etwas Besonderes: In keinem anderen Land absolvieren so viele Jugendliche eine Berufslehre.","og_url":"https:\/\/www.organisator.ch\/fr\/formation-continue-2\/2022-11-15\/die-schweizer-berufsbildung-potenziale-und-herausforderungen\/","og_site_name":"Organisator","article_publisher":"https:\/\/www.facebook.com\/OrganisatorFachmagazin","article_published_time":"2022-11-15T12:05:56+00:00","og_image":[{"width":680,"height":402,"url":"https:\/\/www.organisator.ch\/wp-content\/uploads\/2022\/11\/Die-Schweizer-Berufsbildung-\u2013-Potenziale-und-Herausforderungen_Organisator.jpg","type":"image\/jpeg"}],"author":"thomas.berner","twitter_card":"summary_large_image","twitter_title":"Die Schweizer #Berufsbildung \u2013 Potenziale und #Herausforderungen","twitter_description":"Die Schweizer #Berufsbildung ist etwas Besonderes: In keinem anderen Land absolvieren so viele Jugendliche eine #Berufslehre.","twitter_image":"https:\/\/www.organisator.ch\/wp-content\/uploads\/2022\/11\/Die-Schweizer-Berufsbildung-\u2013-Potenziale-und-Herausforderungen_Organisator.jpg","schema":{"@context":"https:\/\/schema.org","@graph":[{"@type":"Article","@id":"https:\/\/www.organisator.ch\/weiterbildung\/2022-11-15\/die-schweizer-berufsbildung-potenziale-und-herausforderungen\/#article","isPartOf":{"@id":"https:\/\/www.organisator.ch\/weiterbildung\/2022-11-15\/die-schweizer-berufsbildung-potenziale-und-herausforderungen\/"},"author":{"name":"thomas.berner","@id":"https:\/\/www.organisator.ch\/#\/schema\/person\/6f650f90b2842cd4c0cc334b4e36f67e"},"headline":"Die Schweizer Berufsbildung \u2013 Potenziale und Herausforderungen","datePublished":"2022-11-15T12:05:56+00:00","mainEntityOfPage":{"@id":"https:\/\/www.organisator.ch\/weiterbildung\/2022-11-15\/die-schweizer-berufsbildung-potenziale-und-herausforderungen\/"},"wordCount":421,"publisher":{"@id":"https:\/\/www.organisator.ch\/#organization"},"image":{"@id":"https:\/\/www.organisator.ch\/weiterbildung\/2022-11-15\/die-schweizer-berufsbildung-potenziale-und-herausforderungen\/#primaryimage"},"thumbnailUrl":"https:\/\/www.organisator.ch\/wp-content\/uploads\/2022\/11\/Die-Schweizer-Berufsbildung-\u2013-Potenziale-und-Herausforderungen_Organisator.jpg","keywords":["Aus-\/Weiterbildung","Berufsbildung","Wissenschaft"],"articleSection":["WEITERBILDUNG"],"inLanguage":"fr-FR"},{"@type":"WebPage","@id":"https:\/\/www.organisator.ch\/weiterbildung\/2022-11-15\/die-schweizer-berufsbildung-potenziale-und-herausforderungen\/","url":"https:\/\/www.organisator.ch\/weiterbildung\/2022-11-15\/die-schweizer-berufsbildung-potenziale-und-herausforderungen\/","name":"La formation professionnelle suisse - Potentiels et d\u00e9fis - Organisateur","isPartOf":{"@id":"https:\/\/www.organisator.ch\/#website"},"primaryImageOfPage":{"@id":"https:\/\/www.organisator.ch\/weiterbildung\/2022-11-15\/die-schweizer-berufsbildung-potenziale-und-herausforderungen\/#primaryimage"},"image":{"@id":"https:\/\/www.organisator.ch\/weiterbildung\/2022-11-15\/die-schweizer-berufsbildung-potenziale-und-herausforderungen\/#primaryimage"},"thumbnailUrl":"https:\/\/www.organisator.ch\/wp-content\/uploads\/2022\/11\/Die-Schweizer-Berufsbildung-\u2013-Potenziale-und-Herausforderungen_Organisator.jpg","datePublished":"2022-11-15T12:05:56+00:00","description":"La formation professionnelle suisse est particuli\u00e8re : dans aucun autre pays, autant de jeunes suivent un apprentissage professionnel.","breadcrumb":{"@id":"https:\/\/www.organisator.ch\/weiterbildung\/2022-11-15\/die-schweizer-berufsbildung-potenziale-und-herausforderungen\/#breadcrumb"},"inLanguage":"fr-FR","potentialAction":[{"@type":"ReadAction","target":["https:\/\/www.organisator.ch\/weiterbildung\/2022-11-15\/die-schweizer-berufsbildung-potenziale-und-herausforderungen\/"]}]},{"@type":"ImageObject","inLanguage":"fr-FR","@id":"https:\/\/www.organisator.ch\/weiterbildung\/2022-11-15\/die-schweizer-berufsbildung-potenziale-und-herausforderungen\/#primaryimage","url":"https:\/\/www.organisator.ch\/wp-content\/uploads\/2022\/11\/Die-Schweizer-Berufsbildung-\u2013-Potenziale-und-Herausforderungen_Organisator.jpg","contentUrl":"https:\/\/www.organisator.ch\/wp-content\/uploads\/2022\/11\/Die-Schweizer-Berufsbildung-\u2013-Potenziale-und-Herausforderungen_Organisator.jpg","width":680,"height":402,"caption":"Wohin geht die Reise? Die Schweizer Berufsbildung bietet verschiedene Wege. (Bild: Eidgen\u00f6ssische Hochschule f\u00fcr Berufsbildung EHB)"},{"@type":"BreadcrumbList","@id":"https:\/\/www.organisator.ch\/weiterbildung\/2022-11-15\/die-schweizer-berufsbildung-potenziale-und-herausforderungen\/#breadcrumb","itemListElement":[{"@type":"ListItem","position":1,"name":"Home","item":"https:\/\/www.organisator.ch\/"},{"@type":"ListItem","position":2,"name":"Die Schweizer Berufsbildung \u2013 Potenziale und Herausforderungen"}]},{"@type":"WebSite","@id":"https:\/\/www.organisator.ch\/#website","url":"https:\/\/www.organisator.ch\/","name":"Organisateur","description":"Comp\u00e9tence et comp\u00e9tence. Proches de la pratique. L'ORGANISATEUR pr\u00e9pare 10 num\u00e9ros par an sur les th\u00e8mes essentiels pour les dirigeants de PME.","publisher":{"@id":"https:\/\/www.organisator.ch\/#organization"},"potentialAction":[{"@type":"SearchAction","target":{"@type":"EntryPoint","urlTemplate":"https:\/\/www.organisator.ch\/?s={search_term_string}"},"query-input":{"@type":"PropertyValueSpecification","valueRequired":true,"valueName":"search_term_string"}}],"inLanguage":"fr-FR"},{"@type":"Organization","@id":"https:\/\/www.organisator.ch\/#organization","name":"Organisateur","url":"https:\/\/www.organisator.ch\/","logo":{"@type":"ImageObject","inLanguage":"fr-FR","@id":"https:\/\/www.organisator.ch\/#\/schema\/logo\/image\/","url":"https:\/\/www.organisator.ch\/wp-content\/uploads\/2022\/01\/Logo_Organisator_Website.png","contentUrl":"https:\/\/www.organisator.ch\/wp-content\/uploads\/2022\/01\/Logo_Organisator_Website.png","width":800,"height":77,"caption":"Organisator"},"image":{"@id":"https:\/\/www.organisator.ch\/#\/schema\/logo\/image\/"},"sameAs":["https:\/\/www.facebook.com\/OrganisatorFachmagazin","https:\/\/www.linkedin.com\/showcase\/organisator-das-magazin-fr-kmu","https:\/\/www.xing.com\/news\/pages\/organisator-ch-695","https:\/\/www.youtube.com\/channel\/UCGP2Sq0iWaZwT3BdIAQFYpw"]},{"@type":"Person","@id":"https:\/\/www.organisator.ch\/#\/schema\/person\/6f650f90b2842cd4c0cc334b4e36f67e","name":"thomas.berner","image":{"@type":"ImageObject","inLanguage":"fr-FR","@id":"https:\/\/secure.gravatar.com\/avatar\/ac5001d2a36cb6c6cd3e50789007ffca834b477b74a2144564522e944eabff61?s=96&d=mm&r=g","url":"https:\/\/secure.gravatar.com\/avatar\/ac5001d2a36cb6c6cd3e50789007ffca834b477b74a2144564522e944eabff61?s=96&d=mm&r=g","contentUrl":"https:\/\/secure.gravatar.com\/avatar\/ac5001d2a36cb6c6cd3e50789007ffca834b477b74a2144564522e944eabff61?s=96&d=mm&r=g","caption":"thomas.berner"},"url":"https:\/\/www.organisator.ch\/fr\/author\/thomas-berner\/"}]}},"_links":{"self":[{"href":"https:\/\/www.organisator.ch\/fr\/wp-json\/wp\/v2\/posts\/17825","targetHints":{"allow":["GET"]}}],"collection":[{"href":"https:\/\/www.organisator.ch\/fr\/wp-json\/wp\/v2\/posts"}],"about":[{"href":"https:\/\/www.organisator.ch\/fr\/wp-json\/wp\/v2\/types\/post"}],"author":[{"embeddable":true,"href":"https:\/\/www.organisator.ch\/fr\/wp-json\/wp\/v2\/users\/4"}],"replies":[{"embeddable":true,"href":"https:\/\/www.organisator.ch\/fr\/wp-json\/wp\/v2\/comments?post=17825"}],"version-history":[{"count":1,"href":"https:\/\/www.organisator.ch\/fr\/wp-json\/wp\/v2\/posts\/17825\/revisions"}],"predecessor-version":[{"id":17827,"href":"https:\/\/www.organisator.ch\/fr\/wp-json\/wp\/v2\/posts\/17825\/revisions\/17827"}],"wp:featuredmedia":[{"embeddable":true,"href":"https:\/\/www.organisator.ch\/fr\/wp-json\/wp\/v2\/media\/17826"}],"wp:attachment":[{"href":"https:\/\/www.organisator.ch\/fr\/wp-json\/wp\/v2\/media?parent=17825"}],"wp:term":[{"taxonomy":"category","embeddable":true,"href":"https:\/\/www.organisator.ch\/fr\/wp-json\/wp\/v2\/categories?post=17825"},{"taxonomy":"post_tag","embeddable":true,"href":"https:\/\/www.organisator.ch\/fr\/wp-json\/wp\/v2\/tags?post=17825"}],"curies":[{"name":"wp","href":"https:\/\/api.w.org\/{rel}","templated":true}]}}