{"id":17851,"date":"2022-11-17T08:50:19","date_gmt":"2022-11-17T07:50:19","guid":{"rendered":"https:\/\/www.organisator.ch\/?p=17851"},"modified":"2022-11-17T08:50:19","modified_gmt":"2022-11-17T07:50:19","slug":"swissmem-der-abschwung-hat-die-industrie-erreicht","status":"publish","type":"post","link":"https:\/\/www.organisator.ch\/fr\/allgemein\/2022-11-17\/swissmem-der-abschwung-hat-die-industrie-erreicht\/","title":{"rendered":"Swissmem : Le ralentissement a atteint l'industrie"},"content":{"rendered":"<figure id=\"attachment_17852\" aria-describedby=\"caption-attachment-17852\" style=\"width: 680px\" class=\"wp-caption alignnone\"><img loading=\"lazy\" decoding=\"async\" class=\"size-full wp-image-17852\" src=\"https:\/\/www.organisator.ch\/wp-content\/uploads\/2022\/11\/Swissmem-Der-Abschwung-hat-die-Industrie-erreicht_Organisator.jpg\" alt=\"\" width=\"680\" height=\"461\" srcset=\"https:\/\/www.organisator.ch\/wp-content\/uploads\/2022\/11\/Swissmem-Der-Abschwung-hat-die-Industrie-erreicht_Organisator.jpg 680w, https:\/\/www.organisator.ch\/wp-content\/uploads\/2022\/11\/Swissmem-Der-Abschwung-hat-die-Industrie-erreicht_Organisator-18x12.jpg 18w, https:\/\/www.organisator.ch\/wp-content\/uploads\/2022\/11\/Swissmem-Der-Abschwung-hat-die-Industrie-erreicht_Organisator-375x254.jpg 375w, https:\/\/www.organisator.ch\/wp-content\/uploads\/2022\/11\/Swissmem-Der-Abschwung-hat-die-Industrie-erreicht_Organisator-516x350.jpg 516w\" sizes=\"auto, (max-width: 680px) 100vw, 680px\" \/><figcaption id=\"caption-attachment-17852\" class=\"wp-caption-text\">Les entreprises industrielles continuent de souder activement, mais le troisi\u00e8me trimestre a vu un effondrement des commandes en Suisse. (Image : Unsplash.com)<\/figcaption><\/figure>\n<p>Le ralentissement semble avoir atteint l'industrie : Selon l'association fa\u00eeti\u00e8re Swissmem, les entr\u00e9es de commandes dans l'industrie MEM ont baiss\u00e9 de -12,4 pour cent au troisi\u00e8me trimestre 2022 par rapport au m\u00eame trimestre de l'ann\u00e9e pr\u00e9c\u00e9dente. Au troisi\u00e8me trimestre, ce sont surtout les commandes de l'\u00e9tranger qui se sont litt\u00e9ralement effondr\u00e9es par rapport au deuxi\u00e8me trimestre 2022, avec un recul de -21,1 pour cent. Gr\u00e2ce \u00e0 un bon premier semestre, les entr\u00e9es de commandes ont augment\u00e9 de +2,3 pour cent sur l'ensemble des neuf premiers mois par rapport \u00e0 la m\u00eame p\u00e9riode de l'ann\u00e9e pr\u00e9c\u00e9dente. La dynamique de croissance s'essouffle \u00e9galement au niveau du chiffre d'affaires. Au troisi\u00e8me trimestre 2022, le chiffre d'affaires a encore augment\u00e9 de +4,6% par rapport au m\u00eame trimestre de l'ann\u00e9e pr\u00e9c\u00e9dente. Pour l'ensemble de la p\u00e9riode de janvier \u00e0 septembre 2022, la croissance est de +9,6 pour cent par rapport \u00e0 la m\u00eame p\u00e9riode de l'ann\u00e9e pr\u00e9c\u00e9dente. Cette \u00e9volution concerne les PME et les grandes entreprises dans des proportions similaires. L'utilisation des capacit\u00e9s dans les entreprises a atteint son point culminant au premier trimestre 2022 avec 91,9 pour cent. Il s'est r\u00e9duit jusqu'au troisi\u00e8me trimestre \u00e0 89,5 pour cent, ce qui reste toutefois sup\u00e9rieur \u00e0 la moyenne \u00e0 long terme de 86,2 pour cent.<\/p>\n<h3>Des chiffres d'exportation (encore) bons<\/h3>\n<p>Selon les chiffres de l'Administration f\u00e9d\u00e9rale des douanes, les exportations de biens de l'industrie MEM ont augment\u00e9 de +7,0% au cours des neuf premiers mois de 2022 par rapport \u00e0 la m\u00eame p\u00e9riode de l'ann\u00e9e pr\u00e9c\u00e9dente et ont atteint une valeur de marchandises de 54 milliards de francs. Tous les principaux d\u00e9bouch\u00e9s ont connu une \u00e9volution positive. Les exportations ont augment\u00e9 de +13,3% vers l'Asie, de +7,8% vers les Etats-Unis et de +5,6% vers l'UE. Tous les groupes de produits ont enregistr\u00e9 une hausse des exportations. Les exportations de m\u00e9taux ont augment\u00e9 de +11,0%, celles d'\u00e9lectrotechnique\/\u00e9lectronique de +7,5%, celles de machines de +6,1% et celles d'instruments de pr\u00e9cision de +5,3%. Toutefois, un renversement de tendance se dessine \u00e9galement pour les exportations. On le voit de mani\u00e8re exemplaire avec les exportations de biens vers l'Allemagne, qui repr\u00e9sente pr\u00e8s d'un quart de toutes les exportations de la branche MEM. Au troisi\u00e8me trimestre, celles-ci ont baiss\u00e9 de -1,0% par rapport \u00e0 la m\u00eame p\u00e9riode de l'ann\u00e9e pr\u00e9c\u00e9dente. Au total, la croissance des exportations s'\u00e9levait encore \u00e0 +2,7% au troisi\u00e8me trimestre 2022.<\/p>\n<h3>Perspectives moroses<\/h3>\n<p>La situation est actuellement encore bonne dans la plupart des entreprises de l'industrie MEM suisse. Stefan Brupbacher, directeur de Swissmem, relativise toutefois : \"Le ralentissement a clairement atteint l'industrie suisse. La forte baisse des entr\u00e9es de commandes, notamment en provenance de l'\u00e9tranger, le montre clairement\". De plus, les perspectives s'assombrissent de plus en plus. Depuis deux mois, l'indice des directeurs d'achat de l'industrie (PMI) indique de plus en plus clairement un ralentissement sur la plupart des march\u00e9s. Les entrepreneurs membres de Swissmem sont \u00e9galement plus pessimistes qu'au d\u00e9but de l'ann\u00e9e. Selon la derni\u00e8re enqu\u00eate de Swissmem, un tiers s'attend \u00e0 une baisse des entr\u00e9es de commandes de l'\u00e9tranger au cours des douze prochains mois. Fin 2021, seuls 13 pour cent donnaient cette estimation. 40 pour cent des personnes interrog\u00e9es s'attendent \u00e0 ce que les commandes restent inchang\u00e9es. Seuls 27 % s'attendent \u00e0 une hausse des commandes. Tout au plus peut-on s'attendre \u00e0 des impulsions de croissance en provenance des \u00c9tats-Unis et de l'Inde.<\/p>\n<h3>De nombreux risques pourraient accentuer le ralentissement<\/h3>\n<p>Outre ces perspectives plut\u00f4t sombres, il existe une multitude de risques qui pourraient nettement renforcer la tendance n\u00e9gative. Malgr\u00e9 une certaine d\u00e9tente dans l'approvisionnement en \u00e9lectricit\u00e9 et en gaz, le risque de p\u00e9nurie n'est pas encore \u00e9cart\u00e9. Des pannes impr\u00e9vues de centrales \u00e9lectriques pourraient imm\u00e9diatement aggraver la situation. Des interruptions de livraison ou des contingents d'\u00e9lectricit\u00e9 et de gaz auraient des cons\u00e9quences n\u00e9gatives massives pour l'industrie. La situation g\u00e9opolitique est \u00e9galement source d'incertitudes, ce qui affecte le comportement d'investissement. De plus, l'inflation \u00e9lev\u00e9e sur les principaux march\u00e9s de la branche MEM pourrait conduire \u00e0 de nouvelles hausses des taux d'int\u00e9r\u00eat, ce qui pourrait encore refroidir la conjoncture. Par ailleurs, il existe une pression \u00e0 la hausse sur le franc suisse par rapport \u00e0 l'euro et au dollar am\u00e9ricain, ce qui pourrait d\u00e9t\u00e9riorer la comp\u00e9titivit\u00e9 internationale de l'industrie suisse. Enfin, il n'est pas exclu qu'une variante fortement contagieuse du Covid 19 paralyse \u00e0 nouveau certains march\u00e9s. \"Il n'y a actuellement gu\u00e8re d'indicateurs qui laissent pr\u00e9sager une \u00e9volution positive. Nous devons nous pr\u00e9parer \u00e0 une phase difficile. Nous esp\u00e9rons que la politique reconna\u00eetra les signes du temps et nous assurera de bonnes conditions-cadres. Il faut notamment tenir parole en ce qui concerne la suppression des droits de douane industriels en 2024, ce qui permettra de soulager l'\u00e9conomie et les consommateurs de 500 millions de francs au total. Il faut \u00e9galement d\u00e9bloquer rapidement nos relations avec l'Europe\", exige Stefan Brupbacher.<\/p>\n<p><em>Source : <a href=\"http:\/\/www.swissmem.ch\">Swissmem<\/a><\/em><\/p>","protected":false},"excerpt":{"rendered":"<p>Der Abschwung scheint die Industrie erreicht zu haben: Die Auftragseing\u00e4nge in der MEM-Industrie sanken gem\u00e4ss dem Dachverband Swissmem im dritten Quartal 2022 im Vergleich zum Vorjahresquartal um -12,4 Prozent. Im dritten Quartal sind vor allem die Bestellungen aus dem Ausland im Vergleich zum zweiten Quartal 2022 mit einem R\u00fcckgang von -21,1 Prozent regelrecht eingebrochen. Dank [&hellip;]<\/p>\n","protected":false},"author":4,"featured_media":17852,"comment_status":"closed","ping_status":"closed","sticky":false,"template":"","format":"standard","meta":{"_acf_changed":false,"_yoast_wpseo_focuskw":"Abschwung","_yoast_wpseo_metadesc":"Die Industrie ist noch gut unterwegs, doch nun droht ein Abschwung: Das dritte Quartal 2022 brachte eine Wende bei den Auftragseing\u00e4ngen.","articlekey":"","footnotes":""},"categories":[1],"tags":[266,310,2269],"class_list":["post-17851","post","type-post","status-publish","format-standard","has-post-thumbnail","hentry","category-allgemein","tag-industrie","tag-konjunktur","tag-swissmem"],"acf":[],"yoast_head":"<!-- This site is optimized with the Yoast SEO plugin v27.4 - https:\/\/yoast.com\/product\/yoast-seo-wordpress\/ -->\n<title>Swissmem: Der Abschwung hat die Industrie erreicht - Organisator<\/title>\n<meta name=\"description\" content=\"Die Industrie ist noch gut unterwegs, doch nun droht ein Abschwung: Das dritte Quartal 2022 brachte eine Wende bei den Auftragseing\u00e4ngen.\" \/>\n<meta name=\"robots\" content=\"index, follow, max-snippet:-1, max-image-preview:large, max-video-preview:-1\" \/>\n<link rel=\"canonical\" href=\"https:\/\/www.organisator.ch\/fr\/general\/2022-11-17\/swissmem-der-abschwung-hat-die-industrie-erreicht\/\" \/>\n<meta property=\"og:locale\" content=\"fr_FR\" \/>\n<meta property=\"og:type\" content=\"article\" \/>\n<meta property=\"og:title\" content=\"Swissmem: Der Abschwung hat die Industrie erreicht\" \/>\n<meta property=\"og:description\" content=\"Die Industrie ist noch gut unterwegs, doch nun droht ein Abschwung: Das dritte Quartal 2022 brachte eine Wende bei den Auftragseing\u00e4ngen.\" \/>\n<meta property=\"og:url\" content=\"https:\/\/www.organisator.ch\/fr\/general\/2022-11-17\/swissmem-der-abschwung-hat-die-industrie-erreicht\/\" \/>\n<meta property=\"og:site_name\" content=\"Organisator\" \/>\n<meta property=\"article:publisher\" content=\"https:\/\/www.facebook.com\/OrganisatorFachmagazin\" \/>\n<meta property=\"article:published_time\" content=\"2022-11-17T07:50:19+00:00\" \/>\n<meta property=\"og:image\" content=\"https:\/\/www.organisator.ch\/wp-content\/uploads\/2022\/11\/Swissmem-Der-Abschwung-hat-die-Industrie-erreicht_Organisator.jpg\" \/>\n\t<meta property=\"og:image:width\" content=\"680\" \/>\n\t<meta property=\"og:image:height\" content=\"461\" \/>\n\t<meta property=\"og:image:type\" content=\"image\/jpeg\" \/>\n<meta name=\"author\" content=\"thomas.berner\" \/>\n<meta name=\"twitter:card\" content=\"summary_large_image\" \/>\n<meta name=\"twitter:title\" content=\"#Swissmem: Der #Abschwung hat die Industrie erreicht\" \/>\n<meta name=\"twitter:description\" content=\"Die #Industrie ist noch gut unterwegs, doch nun droht ein #Abschwung: Das dritte Quartal 2022 brachte eine Wende bei den #Auftragseing\u00e4ngen.\" \/>\n<meta name=\"twitter:image\" content=\"https:\/\/www.organisator.ch\/wp-content\/uploads\/2022\/11\/Swissmem-Der-Abschwung-hat-die-Industrie-erreicht_Organisator.jpg\" \/>\n<script type=\"application\/ld+json\" class=\"yoast-schema-graph\">{\"@context\":\"https:\\\/\\\/schema.org\",\"@graph\":[{\"@type\":\"Article\",\"@id\":\"https:\\\/\\\/www.organisator.ch\\\/allgemein\\\/2022-11-17\\\/swissmem-der-abschwung-hat-die-industrie-erreicht\\\/#article\",\"isPartOf\":{\"@id\":\"https:\\\/\\\/www.organisator.ch\\\/allgemein\\\/2022-11-17\\\/swissmem-der-abschwung-hat-die-industrie-erreicht\\\/\"},\"author\":{\"name\":\"thomas.berner\",\"@id\":\"https:\\\/\\\/www.organisator.ch\\\/#\\\/schema\\\/person\\\/6f650f90b2842cd4c0cc334b4e36f67e\"},\"headline\":\"Swissmem: Der Abschwung hat die Industrie erreicht\",\"datePublished\":\"2022-11-17T07:50:19+00:00\",\"mainEntityOfPage\":{\"@id\":\"https:\\\/\\\/www.organisator.ch\\\/allgemein\\\/2022-11-17\\\/swissmem-der-abschwung-hat-die-industrie-erreicht\\\/\"},\"wordCount\":716,\"publisher\":{\"@id\":\"https:\\\/\\\/www.organisator.ch\\\/#organization\"},\"image\":{\"@id\":\"https:\\\/\\\/www.organisator.ch\\\/allgemein\\\/2022-11-17\\\/swissmem-der-abschwung-hat-die-industrie-erreicht\\\/#primaryimage\"},\"thumbnailUrl\":\"https:\\\/\\\/www.organisator.ch\\\/wp-content\\\/uploads\\\/2022\\\/11\\\/Swissmem-Der-Abschwung-hat-die-Industrie-erreicht_Organisator.jpg\",\"keywords\":[\"Industrie\",\"Konjunktur\",\"Swissmem\"],\"articleSection\":[\"Allgemein\"],\"inLanguage\":\"fr-FR\"},{\"@type\":\"WebPage\",\"@id\":\"https:\\\/\\\/www.organisator.ch\\\/allgemein\\\/2022-11-17\\\/swissmem-der-abschwung-hat-die-industrie-erreicht\\\/\",\"url\":\"https:\\\/\\\/www.organisator.ch\\\/allgemein\\\/2022-11-17\\\/swissmem-der-abschwung-hat-die-industrie-erreicht\\\/\",\"name\":\"Swissmem: Der Abschwung hat die Industrie erreicht - Organisator\",\"isPartOf\":{\"@id\":\"https:\\\/\\\/www.organisator.ch\\\/#website\"},\"primaryImageOfPage\":{\"@id\":\"https:\\\/\\\/www.organisator.ch\\\/allgemein\\\/2022-11-17\\\/swissmem-der-abschwung-hat-die-industrie-erreicht\\\/#primaryimage\"},\"image\":{\"@id\":\"https:\\\/\\\/www.organisator.ch\\\/allgemein\\\/2022-11-17\\\/swissmem-der-abschwung-hat-die-industrie-erreicht\\\/#primaryimage\"},\"thumbnailUrl\":\"https:\\\/\\\/www.organisator.ch\\\/wp-content\\\/uploads\\\/2022\\\/11\\\/Swissmem-Der-Abschwung-hat-die-Industrie-erreicht_Organisator.jpg\",\"datePublished\":\"2022-11-17T07:50:19+00:00\",\"description\":\"Die Industrie ist noch gut unterwegs, doch nun droht ein Abschwung: Das dritte Quartal 2022 brachte eine Wende bei den Auftragseing\u00e4ngen.\",\"breadcrumb\":{\"@id\":\"https:\\\/\\\/www.organisator.ch\\\/allgemein\\\/2022-11-17\\\/swissmem-der-abschwung-hat-die-industrie-erreicht\\\/#breadcrumb\"},\"inLanguage\":\"fr-FR\",\"potentialAction\":[{\"@type\":\"ReadAction\",\"target\":[\"https:\\\/\\\/www.organisator.ch\\\/allgemein\\\/2022-11-17\\\/swissmem-der-abschwung-hat-die-industrie-erreicht\\\/\"]}]},{\"@type\":\"ImageObject\",\"inLanguage\":\"fr-FR\",\"@id\":\"https:\\\/\\\/www.organisator.ch\\\/allgemein\\\/2022-11-17\\\/swissmem-der-abschwung-hat-die-industrie-erreicht\\\/#primaryimage\",\"url\":\"https:\\\/\\\/www.organisator.ch\\\/wp-content\\\/uploads\\\/2022\\\/11\\\/Swissmem-Der-Abschwung-hat-die-Industrie-erreicht_Organisator.jpg\",\"contentUrl\":\"https:\\\/\\\/www.organisator.ch\\\/wp-content\\\/uploads\\\/2022\\\/11\\\/Swissmem-Der-Abschwung-hat-die-Industrie-erreicht_Organisator.jpg\",\"width\":680,\"height\":461,\"caption\":\"Noch wird fleissig geschweisst in Industrieunternehmen, doch das dritte Quartal brachte in der Schweiz einen Auftrags-Einbruch. (Bild: Unsplash.com)\"},{\"@type\":\"BreadcrumbList\",\"@id\":\"https:\\\/\\\/www.organisator.ch\\\/allgemein\\\/2022-11-17\\\/swissmem-der-abschwung-hat-die-industrie-erreicht\\\/#breadcrumb\",\"itemListElement\":[{\"@type\":\"ListItem\",\"position\":1,\"name\":\"Home\",\"item\":\"https:\\\/\\\/www.organisator.ch\\\/\"},{\"@type\":\"ListItem\",\"position\":2,\"name\":\"Swissmem: Der Abschwung hat die Industrie erreicht\"}]},{\"@type\":\"WebSite\",\"@id\":\"https:\\\/\\\/www.organisator.ch\\\/#website\",\"url\":\"https:\\\/\\\/www.organisator.ch\\\/\",\"name\":\"Organisator\",\"description\":\"Kompetent. Praxisnah. Der ORGANISATOR bereitet in 10 Ausgaben pro Jahr die wesentlichen Themen f\u00fcr F\u00fchrungskr\u00e4fte von KMU auf.\",\"publisher\":{\"@id\":\"https:\\\/\\\/www.organisator.ch\\\/#organization\"},\"potentialAction\":[{\"@type\":\"SearchAction\",\"target\":{\"@type\":\"EntryPoint\",\"urlTemplate\":\"https:\\\/\\\/www.organisator.ch\\\/?s={search_term_string}\"},\"query-input\":{\"@type\":\"PropertyValueSpecification\",\"valueRequired\":true,\"valueName\":\"search_term_string\"}}],\"inLanguage\":\"fr-FR\"},{\"@type\":\"Organization\",\"@id\":\"https:\\\/\\\/www.organisator.ch\\\/#organization\",\"name\":\"Organisator\",\"url\":\"https:\\\/\\\/www.organisator.ch\\\/\",\"logo\":{\"@type\":\"ImageObject\",\"inLanguage\":\"fr-FR\",\"@id\":\"https:\\\/\\\/www.organisator.ch\\\/#\\\/schema\\\/logo\\\/image\\\/\",\"url\":\"https:\\\/\\\/www.organisator.ch\\\/wp-content\\\/uploads\\\/2022\\\/01\\\/Logo_Organisator_Website.png\",\"contentUrl\":\"https:\\\/\\\/www.organisator.ch\\\/wp-content\\\/uploads\\\/2022\\\/01\\\/Logo_Organisator_Website.png\",\"width\":800,\"height\":77,\"caption\":\"Organisator\"},\"image\":{\"@id\":\"https:\\\/\\\/www.organisator.ch\\\/#\\\/schema\\\/logo\\\/image\\\/\"},\"sameAs\":[\"https:\\\/\\\/www.facebook.com\\\/OrganisatorFachmagazin\",\"https:\\\/\\\/www.linkedin.com\\\/showcase\\\/organisator-das-magazin-fr-kmu\",\"https:\\\/\\\/www.xing.com\\\/news\\\/pages\\\/organisator-ch-695\",\"https:\\\/\\\/www.youtube.com\\\/channel\\\/UCGP2Sq0iWaZwT3BdIAQFYpw\"]},{\"@type\":\"Person\",\"@id\":\"https:\\\/\\\/www.organisator.ch\\\/#\\\/schema\\\/person\\\/6f650f90b2842cd4c0cc334b4e36f67e\",\"name\":\"thomas.berner\",\"image\":{\"@type\":\"ImageObject\",\"inLanguage\":\"fr-FR\",\"@id\":\"https:\\\/\\\/secure.gravatar.com\\\/avatar\\\/ac5001d2a36cb6c6cd3e50789007ffca834b477b74a2144564522e944eabff61?s=96&d=mm&r=g\",\"url\":\"https:\\\/\\\/secure.gravatar.com\\\/avatar\\\/ac5001d2a36cb6c6cd3e50789007ffca834b477b74a2144564522e944eabff61?s=96&d=mm&r=g\",\"contentUrl\":\"https:\\\/\\\/secure.gravatar.com\\\/avatar\\\/ac5001d2a36cb6c6cd3e50789007ffca834b477b74a2144564522e944eabff61?s=96&d=mm&r=g\",\"caption\":\"thomas.berner\"},\"url\":\"https:\\\/\\\/www.organisator.ch\\\/fr\\\/author\\\/thomas-berner\\\/\"}]}<\/script>\n<!-- \/ Yoast SEO plugin. -->","yoast_head_json":{"title":"Swissmem : Le ralentissement a atteint l'industrie - Organisateur","description":"L'industrie se porte encore bien, mais un ralentissement menace d\u00e9sormais : le troisi\u00e8me trimestre 2022 a marqu\u00e9 un tournant dans les entr\u00e9es de commandes.","robots":{"index":"index","follow":"follow","max-snippet":"max-snippet:-1","max-image-preview":"max-image-preview:large","max-video-preview":"max-video-preview:-1"},"canonical":"https:\/\/www.organisator.ch\/fr\/general\/2022-11-17\/swissmem-der-abschwung-hat-die-industrie-erreicht\/","og_locale":"fr_FR","og_type":"article","og_title":"Swissmem: Der Abschwung hat die Industrie erreicht","og_description":"Die Industrie ist noch gut unterwegs, doch nun droht ein Abschwung: Das dritte Quartal 2022 brachte eine Wende bei den Auftragseing\u00e4ngen.","og_url":"https:\/\/www.organisator.ch\/fr\/general\/2022-11-17\/swissmem-der-abschwung-hat-die-industrie-erreicht\/","og_site_name":"Organisator","article_publisher":"https:\/\/www.facebook.com\/OrganisatorFachmagazin","article_published_time":"2022-11-17T07:50:19+00:00","og_image":[{"width":680,"height":461,"url":"https:\/\/www.organisator.ch\/wp-content\/uploads\/2022\/11\/Swissmem-Der-Abschwung-hat-die-Industrie-erreicht_Organisator.jpg","type":"image\/jpeg"}],"author":"thomas.berner","twitter_card":"summary_large_image","twitter_title":"#Swissmem: Der #Abschwung hat die Industrie erreicht","twitter_description":"Die #Industrie ist noch gut unterwegs, doch nun droht ein #Abschwung: Das dritte Quartal 2022 brachte eine Wende bei den #Auftragseing\u00e4ngen.","twitter_image":"https:\/\/www.organisator.ch\/wp-content\/uploads\/2022\/11\/Swissmem-Der-Abschwung-hat-die-Industrie-erreicht_Organisator.jpg","schema":{"@context":"https:\/\/schema.org","@graph":[{"@type":"Article","@id":"https:\/\/www.organisator.ch\/allgemein\/2022-11-17\/swissmem-der-abschwung-hat-die-industrie-erreicht\/#article","isPartOf":{"@id":"https:\/\/www.organisator.ch\/allgemein\/2022-11-17\/swissmem-der-abschwung-hat-die-industrie-erreicht\/"},"author":{"name":"thomas.berner","@id":"https:\/\/www.organisator.ch\/#\/schema\/person\/6f650f90b2842cd4c0cc334b4e36f67e"},"headline":"Swissmem: Der Abschwung hat die Industrie erreicht","datePublished":"2022-11-17T07:50:19+00:00","mainEntityOfPage":{"@id":"https:\/\/www.organisator.ch\/allgemein\/2022-11-17\/swissmem-der-abschwung-hat-die-industrie-erreicht\/"},"wordCount":716,"publisher":{"@id":"https:\/\/www.organisator.ch\/#organization"},"image":{"@id":"https:\/\/www.organisator.ch\/allgemein\/2022-11-17\/swissmem-der-abschwung-hat-die-industrie-erreicht\/#primaryimage"},"thumbnailUrl":"https:\/\/www.organisator.ch\/wp-content\/uploads\/2022\/11\/Swissmem-Der-Abschwung-hat-die-Industrie-erreicht_Organisator.jpg","keywords":["Industrie","Konjunktur","Swissmem"],"articleSection":["Allgemein"],"inLanguage":"fr-FR"},{"@type":"WebPage","@id":"https:\/\/www.organisator.ch\/allgemein\/2022-11-17\/swissmem-der-abschwung-hat-die-industrie-erreicht\/","url":"https:\/\/www.organisator.ch\/allgemein\/2022-11-17\/swissmem-der-abschwung-hat-die-industrie-erreicht\/","name":"Swissmem : Le ralentissement a atteint l'industrie - Organisateur","isPartOf":{"@id":"https:\/\/www.organisator.ch\/#website"},"primaryImageOfPage":{"@id":"https:\/\/www.organisator.ch\/allgemein\/2022-11-17\/swissmem-der-abschwung-hat-die-industrie-erreicht\/#primaryimage"},"image":{"@id":"https:\/\/www.organisator.ch\/allgemein\/2022-11-17\/swissmem-der-abschwung-hat-die-industrie-erreicht\/#primaryimage"},"thumbnailUrl":"https:\/\/www.organisator.ch\/wp-content\/uploads\/2022\/11\/Swissmem-Der-Abschwung-hat-die-Industrie-erreicht_Organisator.jpg","datePublished":"2022-11-17T07:50:19+00:00","description":"L'industrie se porte encore bien, mais un ralentissement menace d\u00e9sormais : le troisi\u00e8me trimestre 2022 a marqu\u00e9 un tournant dans les entr\u00e9es de commandes.","breadcrumb":{"@id":"https:\/\/www.organisator.ch\/allgemein\/2022-11-17\/swissmem-der-abschwung-hat-die-industrie-erreicht\/#breadcrumb"},"inLanguage":"fr-FR","potentialAction":[{"@type":"ReadAction","target":["https:\/\/www.organisator.ch\/allgemein\/2022-11-17\/swissmem-der-abschwung-hat-die-industrie-erreicht\/"]}]},{"@type":"ImageObject","inLanguage":"fr-FR","@id":"https:\/\/www.organisator.ch\/allgemein\/2022-11-17\/swissmem-der-abschwung-hat-die-industrie-erreicht\/#primaryimage","url":"https:\/\/www.organisator.ch\/wp-content\/uploads\/2022\/11\/Swissmem-Der-Abschwung-hat-die-Industrie-erreicht_Organisator.jpg","contentUrl":"https:\/\/www.organisator.ch\/wp-content\/uploads\/2022\/11\/Swissmem-Der-Abschwung-hat-die-Industrie-erreicht_Organisator.jpg","width":680,"height":461,"caption":"Noch wird fleissig geschweisst in Industrieunternehmen, doch das dritte Quartal brachte in der Schweiz einen Auftrags-Einbruch. (Bild: Unsplash.com)"},{"@type":"BreadcrumbList","@id":"https:\/\/www.organisator.ch\/allgemein\/2022-11-17\/swissmem-der-abschwung-hat-die-industrie-erreicht\/#breadcrumb","itemListElement":[{"@type":"ListItem","position":1,"name":"Home","item":"https:\/\/www.organisator.ch\/"},{"@type":"ListItem","position":2,"name":"Swissmem: Der Abschwung hat die Industrie erreicht"}]},{"@type":"WebSite","@id":"https:\/\/www.organisator.ch\/#website","url":"https:\/\/www.organisator.ch\/","name":"Organisateur","description":"Comp\u00e9tence et comp\u00e9tence. Proches de la pratique. L'ORGANISATEUR pr\u00e9pare 10 num\u00e9ros par an sur les th\u00e8mes essentiels pour les dirigeants de PME.","publisher":{"@id":"https:\/\/www.organisator.ch\/#organization"},"potentialAction":[{"@type":"SearchAction","target":{"@type":"EntryPoint","urlTemplate":"https:\/\/www.organisator.ch\/?s={search_term_string}"},"query-input":{"@type":"PropertyValueSpecification","valueRequired":true,"valueName":"search_term_string"}}],"inLanguage":"fr-FR"},{"@type":"Organization","@id":"https:\/\/www.organisator.ch\/#organization","name":"Organisateur","url":"https:\/\/www.organisator.ch\/","logo":{"@type":"ImageObject","inLanguage":"fr-FR","@id":"https:\/\/www.organisator.ch\/#\/schema\/logo\/image\/","url":"https:\/\/www.organisator.ch\/wp-content\/uploads\/2022\/01\/Logo_Organisator_Website.png","contentUrl":"https:\/\/www.organisator.ch\/wp-content\/uploads\/2022\/01\/Logo_Organisator_Website.png","width":800,"height":77,"caption":"Organisator"},"image":{"@id":"https:\/\/www.organisator.ch\/#\/schema\/logo\/image\/"},"sameAs":["https:\/\/www.facebook.com\/OrganisatorFachmagazin","https:\/\/www.linkedin.com\/showcase\/organisator-das-magazin-fr-kmu","https:\/\/www.xing.com\/news\/pages\/organisator-ch-695","https:\/\/www.youtube.com\/channel\/UCGP2Sq0iWaZwT3BdIAQFYpw"]},{"@type":"Person","@id":"https:\/\/www.organisator.ch\/#\/schema\/person\/6f650f90b2842cd4c0cc334b4e36f67e","name":"thomas.berner","image":{"@type":"ImageObject","inLanguage":"fr-FR","@id":"https:\/\/secure.gravatar.com\/avatar\/ac5001d2a36cb6c6cd3e50789007ffca834b477b74a2144564522e944eabff61?s=96&d=mm&r=g","url":"https:\/\/secure.gravatar.com\/avatar\/ac5001d2a36cb6c6cd3e50789007ffca834b477b74a2144564522e944eabff61?s=96&d=mm&r=g","contentUrl":"https:\/\/secure.gravatar.com\/avatar\/ac5001d2a36cb6c6cd3e50789007ffca834b477b74a2144564522e944eabff61?s=96&d=mm&r=g","caption":"thomas.berner"},"url":"https:\/\/www.organisator.ch\/fr\/author\/thomas-berner\/"}]}},"_links":{"self":[{"href":"https:\/\/www.organisator.ch\/fr\/wp-json\/wp\/v2\/posts\/17851","targetHints":{"allow":["GET"]}}],"collection":[{"href":"https:\/\/www.organisator.ch\/fr\/wp-json\/wp\/v2\/posts"}],"about":[{"href":"https:\/\/www.organisator.ch\/fr\/wp-json\/wp\/v2\/types\/post"}],"author":[{"embeddable":true,"href":"https:\/\/www.organisator.ch\/fr\/wp-json\/wp\/v2\/users\/4"}],"replies":[{"embeddable":true,"href":"https:\/\/www.organisator.ch\/fr\/wp-json\/wp\/v2\/comments?post=17851"}],"version-history":[{"count":1,"href":"https:\/\/www.organisator.ch\/fr\/wp-json\/wp\/v2\/posts\/17851\/revisions"}],"predecessor-version":[{"id":17853,"href":"https:\/\/www.organisator.ch\/fr\/wp-json\/wp\/v2\/posts\/17851\/revisions\/17853"}],"wp:featuredmedia":[{"embeddable":true,"href":"https:\/\/www.organisator.ch\/fr\/wp-json\/wp\/v2\/media\/17852"}],"wp:attachment":[{"href":"https:\/\/www.organisator.ch\/fr\/wp-json\/wp\/v2\/media?parent=17851"}],"wp:term":[{"taxonomy":"category","embeddable":true,"href":"https:\/\/www.organisator.ch\/fr\/wp-json\/wp\/v2\/categories?post=17851"},{"taxonomy":"post_tag","embeddable":true,"href":"https:\/\/www.organisator.ch\/fr\/wp-json\/wp\/v2\/tags?post=17851"}],"curies":[{"name":"wp","href":"https:\/\/api.w.org\/{rel}","templated":true}]}}