{"id":17862,"date":"2022-11-18T07:45:28","date_gmt":"2022-11-18T06:45:28","guid":{"rendered":"https:\/\/www.m-q.ch\/?p=17184"},"modified":"2024-11-20T10:14:59","modified_gmt":"2024-11-20T09:14:59","slug":"schweizerische-management-gesellschaft-smg-alleingang-kann-nicht-die-loesung-sein","status":"publish","type":"post","link":"https:\/\/www.organisator.ch\/fr\/operational-excellence\/2022-11-18\/schweizerische-management-gesellschaft-smg-alleingang-kann-nicht-die-loesung-sein\/","title":{"rendered":"Soci\u00e9t\u00e9 Suisse de Management SMG : Faire cavalier seul ne peut pas \u00eatre la solution"},"content":{"rendered":"<figure id=\"attachment_17185\" class=\"wp-caption alignnone\" style=\"width: 680px\" aria-describedby=\"caption-attachment-17185\"><img class=\"alignnone wp-image-17185 size-full\" src=\"https:\/\/www.m-q.ch\/wp-content\/uploads\/2022\/11\/Schweizerische-Management-Gesellschaft-SMG-Alleingang-kann-nicht-die-Loesung-sein-1_MQ.jpg\" alt=\"Forum SMG\" width=\"680\" height=\"454\" \/>\r\n<figcaption id=\"caption-attachment-17185\" class=\"wp-caption-text\">Table ronde sur le th\u00e8me de l'\u00e9nergie. De g. \u00e0 d. : Hans Hess, Maurice Dierick, Monika R\u00fchl, Benedikt Loepfe, Annalisa Manera, Felix Graf. (Image : Soci\u00e9t\u00e9 Suisse de Management SMG)<\/figcaption>\r\n<\/figure>\r\n<p>Le 16 novembre 2022, la Soci\u00e9t\u00e9 Suisse de Management (SSM) a invit\u00e9 pour la 58e fois \u00e0 son traditionnel forum. Bien entendu, les sujets d'actualit\u00e9 n'ont pas manqu\u00e9 \u00e0 cette occasion : Les bouleversements g\u00e9opolitiques actuels ont montr\u00e9 sans m\u00e9nagement \u00e0 quel point notre soci\u00e9t\u00e9 est devenue d\u00e9pendante d'un afflux constant d'\u00e9nergie et de marchandises, a-t-on appris. Pour Lukas Braunschweiler, pr\u00e9sident de la SMG et pr\u00e9sident du conseil d'administration du groupe Tecan, les enseignements tir\u00e9s de la conf\u00e9rence sont clairs : \"Le forum nous a montr\u00e9 de mani\u00e8re impressionnante que nous ne pouvons surmonter les difficult\u00e9s et les d\u00e9fis de notre temps qu'en travaillant ensemble\".<\/p>\r\n<h3>Dr. Detlef Trefzger : \"Sc\u00e9narios futurs du commerce mondial\".<\/h3>\r\n<p>La crise Corona et les perturbations provoqu\u00e9es par la guerre en Ukraine ont d\u00e9r\u00e9gl\u00e9 les cha\u00eenes d'approvisionnement mondiales. Ce ph\u00e9nom\u00e8ne, appel\u00e9 \"bullwhip\" ou effet de fouet, n'est pour Detlef Trefzger qu'un aspect des raisons pour lesquelles les co\u00fbts de transport vont augmenter \u00e0 l'avenir. \"Outre un important besoin de rattrapage dans le renouvellement des infrastructures, c'est surtout la demande croissante de marchandises produites et transport\u00e9es sans impact sur le climat qui influencera de mani\u00e8re d\u00e9terminante les co\u00fbts de transport\".<\/p>\r\n<h3>Jonas Dennler : \"Mission Based Ecosystems - de nouvelles formes de collaboration pour r\u00e9aliser une vision commune\".<\/h3>\r\n<p>Est-il d\u00e9j\u00e0 minuit moins cinq ou minuit moins cinq ? Jonas Dennler, Global Head Sustainability GTM chez SAP, craint que l'objectif de 1,5 degr\u00e9 de l'accord de Paris sur le climat ne puisse pas \u00eatre atteint dans les conditions actuelles. L'exemple de la Norv\u00e8ge, o\u00f9 les trois quarts des nouveaux v\u00e9hicules immatricul\u00e9s sont d\u00e9j\u00e0 \u00e9lectriques, prouve que des objectifs ambitieux peuvent \u00eatre atteints. \"La Norv\u00e8ge montre qu'il est temps de changer de paradigme, de passer d'une approche d'actionnaires \u00e0 une approche de partenariat entre toutes les parties int\u00e9ress\u00e9es. Car ce n'est qu'ensemble qu'il est possible de r\u00e9aliser des objectifs ambitieux\".<\/p>\r\n<h3>Kristine Svinicki : \"Cr\u00e9er un avenir \u00e9nerg\u00e9tique mondial\".<\/h3>\r\n<p>Contrairement \u00e0 l'Europe, l'\u00e9nergie nucl\u00e9aire semble \u00eatre sur le point de conna\u00eetre une sorte de renaissance aux Etats-Unis. Pour Kristine Svinicki, membre du conseil d'administration de TerraPower et ancienne pr\u00e9sidente de l'autorit\u00e9 de r\u00e9gulation nucl\u00e9aire am\u00e9ricaine (NRC), il s'agit notamment, outre d'am\u00e9liorer l'utilisation du combustible nucl\u00e9aire, de mieux harmoniser le mix \u00e9lectrique. \"Le stockage de la chaleur g\u00e9n\u00e9r\u00e9e par l'\u00e9nergie nucl\u00e9aire dans des conteneurs au sodium permet une production d\u00e9centralis\u00e9e de courant \u00e9lectrique en aval. Cela permet d'absorber efficacement les fluctuations de l'\u00e9nergie \u00e9olienne et solaire\", a expliqu\u00e9 l'ing\u00e9nieure nucl\u00e9aire am\u00e9ricaine pour illustrer son approche.<\/p>\r\n<h3>Focus sur l'\u00e9nergie : Renaissance du nucl\u00e9aire ?<\/h3>\r\n<p>Il y a autant d'\u00e9nergie dans 1 cm3 d'uranium que dans 1 tonne de charbon. Pour le professeur Annalisa Manera, l'\u00e9nergie nucl\u00e9aire est donc un \u00e9l\u00e9ment central pour un approvisionnement s\u00fbr et propre. \"Gr\u00e2ce \u00e0 l'\u00e9nergie nucl\u00e9aire et \u00e0 l'\u00e9nergie hydraulique, la production d'\u00e9lectricit\u00e9 de la Suisse est aujourd'hui quasiment neutre en termes de CO2\", a constat\u00e9 la professeure d'\u00e9nergie nucl\u00e9aire \u00e0 l'EPF de Zurich. Hans Hess, pr\u00e9sident de Swissmem pendant de nombreuses ann\u00e9es et aujourd'hui pr\u00e9sident du CA de Synhelion AG, voit dans les r\u00e9cents bouleversements g\u00e9opolitiques un wake-up call salutaire qui conduira \u00e0 davantage d'innovation. Selon Benedikt Loepfe, directeur de l'EWZ de la ville de Zurich, les fournisseurs devront \u00e0 l'avenir s'orienter davantage vers les besoins des consommateurs. Selon Maurice Dierick, membre de la direction de Swissgrid, cela n\u00e9cessite toutefois un syst\u00e8me \"fractal-autonome\" au lieu de l'approvisionnement top-down actuel. Avec Monika R\u00fchl, pr\u00e9sidente de la direction d'economiesuisse, les pan\u00e9listes se sont accord\u00e9s \u00e0 dire qu'en raison de la situation incertaine, un accord fiable sur l'\u00e9lectricit\u00e9 avec l'UE \u00e9tait indispensable. Monika R\u00fchl a en outre soulign\u00e9 que la crise \u00e9nerg\u00e9tique \u00e9tait un probl\u00e8me plut\u00f4t europ\u00e9en, qui pourrait rapidement se transformer en un d\u00e9savantage concurrentiel.<\/p>\r\n<h3>Focus sur la cybers\u00e9curit\u00e9 : la bonne foi comme risque<\/h3>\r\n<p>Chaque ann\u00e9e, environ 25 000 cas de cyberattaques contre des entreprises suisses sont signal\u00e9s. Florian Sch\u00fctz, d\u00e9l\u00e9gu\u00e9 de la Conf\u00e9d\u00e9ration \u00e0 la cybers\u00e9curit\u00e9, estime que le chiffre noir est bien plus \u00e9lev\u00e9. \"Les cyberattaques, comme le montre l'exemple de l'Ukraine, sont devenues un enjeu g\u00e9opolitique. Les entreprises doivent donc prendre la protection de leurs syst\u00e8mes au s\u00e9rieux\". Pour Steven Neubauer, ancien CEO de l'entreprise Comparis, fortement touch\u00e9e par une cyberattaque l'ann\u00e9e derni\u00e8re, il est aujourd'hui imp\u00e9ratif qu'un expert exp\u00e9riment\u00e9 si\u00e8ge au conseil d'administration. Sandra Tobler, cofondatrice de l'entreprise Futurae Technologies, sp\u00e9cialis\u00e9e dans les solutions d'authentification, a d\u00e9clar\u00e9 \u00e0 propos de la probl\u00e9matique que la cr\u00e9dulit\u00e9 qui continue de pr\u00e9valoir en Suisse fait le jeu des escrocs. Une culture de l'erreur bas\u00e9e sur la confiance et favorisant l'apprentissage mutuel pourrait y rem\u00e9dier. Pour le professeur Peter M\u00fcller, directeur du groupe M\u00e9thodologie de programmation \u00e0 l'EPF de Zurich, l'augmentation du t\u00e9l\u00e9travail entra\u00eene un besoin d'agir plus important en ce qui concerne la s\u00e9curit\u00e9 de la transmission des donn\u00e9es entre les collaborateurs et les syst\u00e8mes de l'entreprise. La solution SCION d\u00e9velopp\u00e9e par son institut pourrait contribuer \u00e0 la s\u00e9curit\u00e9 du r\u00e9seau.<\/p>\r\n<figure id=\"attachment_17186\" class=\"wp-caption alignnone\" style=\"width: 680px\" aria-describedby=\"caption-attachment-17186\"><img class=\"wp-image-17186 size-full\" src=\"https:\/\/www.m-q.ch\/wp-content\/uploads\/2022\/11\/Schweizerische-Management-Gesellschaft-SMG-Alleingang-kann-nicht-die-Loesung-sein-2_MQ.jpg\" alt=\"\" width=\"680\" height=\"453\" \/>\r\n<figcaption id=\"caption-attachment-17186\" class=\"wp-caption-text\">Monika B\u00fctler lors du 58e Forum de la SMG. (Photo : Soci\u00e9t\u00e9 Suisse de Management SMG).<\/figcaption>\r\n<\/figure>\r\n<h3>Le professeur Dr. hc. Monika B\u00fctler : \"(Quand) \u00e7a va repartir\" ?<\/h3>\r\n<p>Apr\u00e8s avoir compar\u00e9 les d\u00e9clarations qu'elle avait faites il y a un an \u00e0 l'occasion du forum, l'\u00e9conomiste a conclu que la hausse de l'inflation redout\u00e9e en raison de la politique mon\u00e9taire expansive des banques centrales s'est d\u00e9sormais produite. La professeure s'est toutefois montr\u00e9e confiante quant \u00e0 l'aplatissement prochain de la courbe. Il faut toutefois veiller \u00e0 ce que l'inflation ne touche pas trop fortement les plus faibles \u00e9conomiquement : \"L'inflation est toujours r\u00e9gressive et a un effet n\u00e9gatif sur le revenu disponible\", a-t-elle d\u00e9clar\u00e9 en guise d'avertissement.<\/p>\r\n<h3>Ron Pal : \"Smallholder farmers and tech, the solution to solving the global food challenge\" (Les petits producteurs et la technologie, la solution au d\u00e9fi alimentaire mondial)<\/h3>\r\n<p>470 millions de familles de petits paysans dans le monde produisent environ 40% des denr\u00e9es alimentaires n\u00e9cessaires dans les pays en d\u00e9veloppement. Leur production est toutefois souvent inefficace et \u00e0 petite \u00e9chelle. Le double national suisse et indien souhaite utiliser la technologie pour mieux mettre en r\u00e9seau les producteurs et les acheteurs. \"En reliant num\u00e9riquement les producteurs aux acheteurs, nous cr\u00e9ons une coop\u00e9rative qui profite \u00e0 tous\", a expliqu\u00e9 Ron Pal.<\/p>\r\n<blockquote>\r\n<h2>La Soci\u00e9t\u00e9 suisse de management<\/h2>\r\n<p>Issue en 1961 de l'Institut de gestion d'entreprise (BWI) de l'EPFZ, la Schweizerische<br \/>\r\nLa Soci\u00e9t\u00e9 de Management (SMG) est l'association la plus importante de plus de 1000 dirigeants d'entreprises.<br \/>\r\nd\u00e9cideurs de l'\u00e9conomie suisse. Gr\u00e2ce \u00e0 sa fonction de r\u00e9seau et de plateforme, la<br \/>\r\nSMG dans le cadre de sa manifestation en tant que source d'inspiration pour les entrepreneurs, les cadres de CLevel-<br \/>\r\nles cadres et les administrateurs qui s'occupent de questions de gestion strat\u00e9giques et op\u00e9rationnelles<br \/>\r\nde l'entreprise.<\/p>\r\n<p><em><a href=\"http:\/\/www.smg.ch\/\">www.smg.ch<\/a><\/em><\/p>\r\n<\/blockquote>\n<p class=\"syndicated-attribution\">Cet article est paru initialement sur m-q.ch - <a href=\"https:\/\/www.m-q.ch\/de\/schweizerische-management-gesellschaft-smg-alleingang-kann-nicht-die-loesung-sein\/\" target=\"_blank\">https:\/\/www.m-q.ch\/de\/schweizerische-management-gesellschaft-smg-alleingang-kann-nicht-die-loesung-sein\/<\/a><\/p>","protected":false},"excerpt":{"rendered":"<p>Die Schweizerische Management Gesellschaft (SMG) lud am 16. November 2022 zum 58. Mal zu ihrem traditionellen Forum ein. Nat\u00fcrlich fehlte es an diesem Anlass nicht an aktuellen Themen: Die aktuellen geopolitischen Verwerfungen h\u00e4tten schonungslos aufgezeigt, wie abh\u00e4ngig unsere Gesellschaft von einem stetigen Zufluss von Energie und Waren geworden sei, hiess es. F\u00fcr Lukas Braunschweiler, Pr\u00e4sident [\u2026]<\/p>\n","protected":false},"author":8,"featured_media":0,"comment_status":"closed","ping_status":"closed","sticky":false,"template":"","format":"standard","meta":{"_acf_changed":false,"_yoast_wpseo_focuskw":"SMG Forum","_yoast_wpseo_metadesc":"SMG Forum 2023: Experten diskutieren Energie, Cyber-Sicherheit und wirtschaftliche Herausforderungen. Kooperation im Fokus.","articlekey":"","footnotes":""},"categories":[582],"tags":[],"class_list":["post-17862","post","type-post","status-publish","format-standard","hentry","category-operational-excellence"],"acf":[],"yoast_head":"<!-- This site is optimized with the Yoast SEO plugin v27.5 - https:\/\/yoast.com\/product\/yoast-seo-wordpress\/ -->\n<title>Schweizerische Management Gesellschaft SMG: Alleingang kann nicht die L\u00f6sung sein - Organisator<\/title>\n<meta name=\"description\" content=\"SMG Forum 2023: Experten diskutieren Energie, Cyber-Sicherheit und wirtschaftliche Herausforderungen. Kooperation im Fokus.\" \/>\n<meta name=\"robots\" content=\"index, follow, max-snippet:-1, max-image-preview:large, max-video-preview:-1\" \/>\n<link rel=\"canonical\" href=\"https:\/\/www.organisator.ch\/fr\/excellence-operationnelle\/2022-11-18\/schweizerische-management-gesellschaft-smg-alleingang-kann-nicht-die-loesung-sein\/\" \/>\n<meta property=\"og:locale\" content=\"fr_FR\" \/>\n<meta property=\"og:type\" content=\"article\" \/>\n<meta property=\"og:title\" content=\"Schweizerische Management Gesellschaft SMG: Alleingang kann nicht die L\u00f6sung sein - Organisator\" \/>\n<meta property=\"og:description\" content=\"SMG Forum 2023: Experten diskutieren Energie, Cyber-Sicherheit und wirtschaftliche Herausforderungen. Kooperation im Fokus.\" \/>\n<meta property=\"og:url\" content=\"https:\/\/www.organisator.ch\/fr\/excellence-operationnelle\/2022-11-18\/schweizerische-management-gesellschaft-smg-alleingang-kann-nicht-die-loesung-sein\/\" \/>\n<meta property=\"og:site_name\" content=\"Organisator\" \/>\n<meta property=\"article:publisher\" content=\"https:\/\/www.facebook.com\/OrganisatorFachmagazin\" \/>\n<meta property=\"article:published_time\" content=\"2022-11-18T06:45:28+00:00\" \/>\n<meta property=\"article:modified_time\" content=\"2024-11-20T09:14:59+00:00\" \/>\n<meta property=\"og:image\" content=\"https:\/\/www.organisator.ch\/wp-content\/uploads\/2022\/10\/Introvertiert-oder-extrovertiert-Den-idealen-Arbeitsplatz-finden-1_Organisator.jpg\" \/>\n\t<meta property=\"og:image:width\" content=\"680\" \/>\n\t<meta property=\"og:image:height\" content=\"352\" \/>\n\t<meta property=\"og:image:type\" content=\"image\/jpeg\" \/>\n<meta name=\"author\" content=\"galledia\" \/>\n<meta name=\"twitter:card\" content=\"summary_large_image\" \/>\n<meta name=\"twitter:creator\" content=\"@admin\" \/>\n<script type=\"application\/ld+json\" class=\"yoast-schema-graph\">{\"@context\":\"https:\\\/\\\/schema.org\",\"@graph\":[{\"@type\":\"Article\",\"@id\":\"https:\\\/\\\/www.organisator.ch\\\/operational-excellence\\\/2022-11-18\\\/schweizerische-management-gesellschaft-smg-alleingang-kann-nicht-die-loesung-sein\\\/#article\",\"isPartOf\":{\"@id\":\"https:\\\/\\\/www.organisator.ch\\\/operational-excellence\\\/2022-11-18\\\/schweizerische-management-gesellschaft-smg-alleingang-kann-nicht-die-loesung-sein\\\/\"},\"author\":{\"name\":\"galledia\",\"@id\":\"https:\\\/\\\/www.organisator.ch\\\/#\\\/schema\\\/person\\\/4e51799071cd2dd1232ac003643ef5f0\"},\"headline\":\"Schweizerische Management Gesellschaft SMG: Alleingang kann nicht die L\u00f6sung sein\",\"datePublished\":\"2022-11-18T06:45:28+00:00\",\"dateModified\":\"2024-11-20T09:14:59+00:00\",\"mainEntityOfPage\":{\"@id\":\"https:\\\/\\\/www.organisator.ch\\\/operational-excellence\\\/2022-11-18\\\/schweizerische-management-gesellschaft-smg-alleingang-kann-nicht-die-loesung-sein\\\/\"},\"wordCount\":1039,\"publisher\":{\"@id\":\"https:\\\/\\\/www.organisator.ch\\\/#organization\"},\"image\":{\"@id\":\"https:\\\/\\\/www.organisator.ch\\\/operational-excellence\\\/2022-11-18\\\/schweizerische-management-gesellschaft-smg-alleingang-kann-nicht-die-loesung-sein\\\/#primaryimage\"},\"thumbnailUrl\":\"https:\\\/\\\/www.m-q.ch\\\/wp-content\\\/uploads\\\/2022\\\/11\\\/Schweizerische-Management-Gesellschaft-SMG-Alleingang-kann-nicht-die-Loesung-sein-1_MQ.jpg\",\"articleSection\":[\"OPERATIONAL EXCELLENCE\"],\"inLanguage\":\"fr-FR\"},{\"@type\":\"WebPage\",\"@id\":\"https:\\\/\\\/www.organisator.ch\\\/operational-excellence\\\/2022-11-18\\\/schweizerische-management-gesellschaft-smg-alleingang-kann-nicht-die-loesung-sein\\\/\",\"url\":\"https:\\\/\\\/www.organisator.ch\\\/operational-excellence\\\/2022-11-18\\\/schweizerische-management-gesellschaft-smg-alleingang-kann-nicht-die-loesung-sein\\\/\",\"name\":\"Schweizerische Management Gesellschaft SMG: Alleingang kann nicht die L\u00f6sung sein - Organisator\",\"isPartOf\":{\"@id\":\"https:\\\/\\\/www.organisator.ch\\\/#website\"},\"primaryImageOfPage\":{\"@id\":\"https:\\\/\\\/www.organisator.ch\\\/operational-excellence\\\/2022-11-18\\\/schweizerische-management-gesellschaft-smg-alleingang-kann-nicht-die-loesung-sein\\\/#primaryimage\"},\"image\":{\"@id\":\"https:\\\/\\\/www.organisator.ch\\\/operational-excellence\\\/2022-11-18\\\/schweizerische-management-gesellschaft-smg-alleingang-kann-nicht-die-loesung-sein\\\/#primaryimage\"},\"thumbnailUrl\":\"https:\\\/\\\/www.m-q.ch\\\/wp-content\\\/uploads\\\/2022\\\/11\\\/Schweizerische-Management-Gesellschaft-SMG-Alleingang-kann-nicht-die-Loesung-sein-1_MQ.jpg\",\"datePublished\":\"2022-11-18T06:45:28+00:00\",\"dateModified\":\"2024-11-20T09:14:59+00:00\",\"description\":\"SMG Forum 2023: Experten diskutieren Energie, Cyber-Sicherheit und wirtschaftliche Herausforderungen. Kooperation im Fokus.\",\"breadcrumb\":{\"@id\":\"https:\\\/\\\/www.organisator.ch\\\/operational-excellence\\\/2022-11-18\\\/schweizerische-management-gesellschaft-smg-alleingang-kann-nicht-die-loesung-sein\\\/#breadcrumb\"},\"inLanguage\":\"fr-FR\",\"potentialAction\":[{\"@type\":\"ReadAction\",\"target\":[\"https:\\\/\\\/www.organisator.ch\\\/operational-excellence\\\/2022-11-18\\\/schweizerische-management-gesellschaft-smg-alleingang-kann-nicht-die-loesung-sein\\\/\"]}]},{\"@type\":\"ImageObject\",\"inLanguage\":\"fr-FR\",\"@id\":\"https:\\\/\\\/www.organisator.ch\\\/operational-excellence\\\/2022-11-18\\\/schweizerische-management-gesellschaft-smg-alleingang-kann-nicht-die-loesung-sein\\\/#primaryimage\",\"url\":\"https:\\\/\\\/www.m-q.ch\\\/wp-content\\\/uploads\\\/2022\\\/11\\\/Schweizerische-Management-Gesellschaft-SMG-Alleingang-kann-nicht-die-Loesung-sein-1_MQ.jpg\",\"contentUrl\":\"https:\\\/\\\/www.m-q.ch\\\/wp-content\\\/uploads\\\/2022\\\/11\\\/Schweizerische-Management-Gesellschaft-SMG-Alleingang-kann-nicht-die-Loesung-sein-1_MQ.jpg\"},{\"@type\":\"BreadcrumbList\",\"@id\":\"https:\\\/\\\/www.organisator.ch\\\/operational-excellence\\\/2022-11-18\\\/schweizerische-management-gesellschaft-smg-alleingang-kann-nicht-die-loesung-sein\\\/#breadcrumb\",\"itemListElement\":[{\"@type\":\"ListItem\",\"position\":1,\"name\":\"Home\",\"item\":\"https:\\\/\\\/www.organisator.ch\\\/\"},{\"@type\":\"ListItem\",\"position\":2,\"name\":\"Schweizerische Management Gesellschaft SMG: Alleingang kann nicht die L\u00f6sung sein\"}]},{\"@type\":\"WebSite\",\"@id\":\"https:\\\/\\\/www.organisator.ch\\\/#website\",\"url\":\"https:\\\/\\\/www.organisator.ch\\\/\",\"name\":\"Organisator\",\"description\":\"Kompetent. Praxisnah. Der ORGANISATOR bereitet in 10 Ausgaben pro Jahr die wesentlichen Themen f\u00fcr F\u00fchrungskr\u00e4fte von KMU auf.\",\"publisher\":{\"@id\":\"https:\\\/\\\/www.organisator.ch\\\/#organization\"},\"potentialAction\":[{\"@type\":\"SearchAction\",\"target\":{\"@type\":\"EntryPoint\",\"urlTemplate\":\"https:\\\/\\\/www.organisator.ch\\\/?s={search_term_string}\"},\"query-input\":{\"@type\":\"PropertyValueSpecification\",\"valueRequired\":true,\"valueName\":\"search_term_string\"}}],\"inLanguage\":\"fr-FR\"},{\"@type\":\"Organization\",\"@id\":\"https:\\\/\\\/www.organisator.ch\\\/#organization\",\"name\":\"Organisator\",\"url\":\"https:\\\/\\\/www.organisator.ch\\\/\",\"logo\":{\"@type\":\"ImageObject\",\"inLanguage\":\"fr-FR\",\"@id\":\"https:\\\/\\\/www.organisator.ch\\\/#\\\/schema\\\/logo\\\/image\\\/\",\"url\":\"https:\\\/\\\/www.organisator.ch\\\/wp-content\\\/uploads\\\/2022\\\/01\\\/Logo_Organisator_Website.png\",\"contentUrl\":\"https:\\\/\\\/www.organisator.ch\\\/wp-content\\\/uploads\\\/2022\\\/01\\\/Logo_Organisator_Website.png\",\"width\":800,\"height\":77,\"caption\":\"Organisator\"},\"image\":{\"@id\":\"https:\\\/\\\/www.organisator.ch\\\/#\\\/schema\\\/logo\\\/image\\\/\"},\"sameAs\":[\"https:\\\/\\\/www.facebook.com\\\/OrganisatorFachmagazin\",\"https:\\\/\\\/www.linkedin.com\\\/showcase\\\/organisator-das-magazin-fr-kmu\",\"https:\\\/\\\/www.xing.com\\\/news\\\/pages\\\/organisator-ch-695\",\"https:\\\/\\\/www.youtube.com\\\/channel\\\/UCGP2Sq0iWaZwT3BdIAQFYpw\"]},{\"@type\":\"Person\",\"@id\":\"https:\\\/\\\/www.organisator.ch\\\/#\\\/schema\\\/person\\\/4e51799071cd2dd1232ac003643ef5f0\",\"name\":\"galledia\",\"image\":{\"@type\":\"ImageObject\",\"inLanguage\":\"fr-FR\",\"@id\":\"https:\\\/\\\/secure.gravatar.com\\\/avatar\\\/78a7f90c01fc2bfc875782a0d4922b37cde2cf184ce347b91316d23cd7f69a36?s=96&d=mm&r=g\",\"url\":\"https:\\\/\\\/secure.gravatar.com\\\/avatar\\\/78a7f90c01fc2bfc875782a0d4922b37cde2cf184ce347b91316d23cd7f69a36?s=96&d=mm&r=g\",\"contentUrl\":\"https:\\\/\\\/secure.gravatar.com\\\/avatar\\\/78a7f90c01fc2bfc875782a0d4922b37cde2cf184ce347b91316d23cd7f69a36?s=96&d=mm&r=g\",\"caption\":\"galledia\"},\"sameAs\":[\"https:\\\/\\\/x.com\\\/admin\"],\"url\":\"https:\\\/\\\/www.organisator.ch\\\/fr\\\/author\\\/galledia\\\/\"}]}<\/script>\n<!-- \/ Yoast SEO plugin. -->","yoast_head_json":{"title":"Soci\u00e9t\u00e9 Suisse de Management SMG : Faire cavalier seul ne peut pas \u00eatre la solution - Organisateur","description":"Le Forum SMG 2023 : Des experts discutent d'\u00e9nergie, de cybers\u00e9curit\u00e9 et de d\u00e9fis \u00e9conomiques. La coop\u00e9ration en point de mire.","robots":{"index":"index","follow":"follow","max-snippet":"max-snippet:-1","max-image-preview":"max-image-preview:large","max-video-preview":"max-video-preview:-1"},"canonical":"https:\/\/www.organisator.ch\/fr\/excellence-operationnelle\/2022-11-18\/schweizerische-management-gesellschaft-smg-alleingang-kann-nicht-die-loesung-sein\/","og_locale":"fr_FR","og_type":"article","og_title":"Schweizerische Management Gesellschaft SMG: Alleingang kann nicht die L\u00f6sung sein - Organisator","og_description":"SMG Forum 2023: Experten diskutieren Energie, Cyber-Sicherheit und wirtschaftliche Herausforderungen. Kooperation im Fokus.","og_url":"https:\/\/www.organisator.ch\/fr\/excellence-operationnelle\/2022-11-18\/schweizerische-management-gesellschaft-smg-alleingang-kann-nicht-die-loesung-sein\/","og_site_name":"Organisator","article_publisher":"https:\/\/www.facebook.com\/OrganisatorFachmagazin","article_published_time":"2022-11-18T06:45:28+00:00","article_modified_time":"2024-11-20T09:14:59+00:00","og_image":[{"width":680,"height":352,"url":"https:\/\/www.organisator.ch\/wp-content\/uploads\/2022\/10\/Introvertiert-oder-extrovertiert-Den-idealen-Arbeitsplatz-finden-1_Organisator.jpg","type":"image\/jpeg"}],"author":"galledia","twitter_card":"summary_large_image","twitter_creator":"@admin","schema":{"@context":"https:\/\/schema.org","@graph":[{"@type":"Article","@id":"https:\/\/www.organisator.ch\/operational-excellence\/2022-11-18\/schweizerische-management-gesellschaft-smg-alleingang-kann-nicht-die-loesung-sein\/#article","isPartOf":{"@id":"https:\/\/www.organisator.ch\/operational-excellence\/2022-11-18\/schweizerische-management-gesellschaft-smg-alleingang-kann-nicht-die-loesung-sein\/"},"author":{"name":"galledia","@id":"https:\/\/www.organisator.ch\/#\/schema\/person\/4e51799071cd2dd1232ac003643ef5f0"},"headline":"Schweizerische Management Gesellschaft SMG: Alleingang kann nicht die L\u00f6sung sein","datePublished":"2022-11-18T06:45:28+00:00","dateModified":"2024-11-20T09:14:59+00:00","mainEntityOfPage":{"@id":"https:\/\/www.organisator.ch\/operational-excellence\/2022-11-18\/schweizerische-management-gesellschaft-smg-alleingang-kann-nicht-die-loesung-sein\/"},"wordCount":1039,"publisher":{"@id":"https:\/\/www.organisator.ch\/#organization"},"image":{"@id":"https:\/\/www.organisator.ch\/operational-excellence\/2022-11-18\/schweizerische-management-gesellschaft-smg-alleingang-kann-nicht-die-loesung-sein\/#primaryimage"},"thumbnailUrl":"https:\/\/www.m-q.ch\/wp-content\/uploads\/2022\/11\/Schweizerische-Management-Gesellschaft-SMG-Alleingang-kann-nicht-die-Loesung-sein-1_MQ.jpg","articleSection":["OPERATIONAL EXCELLENCE"],"inLanguage":"fr-FR"},{"@type":"WebPage","@id":"https:\/\/www.organisator.ch\/operational-excellence\/2022-11-18\/schweizerische-management-gesellschaft-smg-alleingang-kann-nicht-die-loesung-sein\/","url":"https:\/\/www.organisator.ch\/operational-excellence\/2022-11-18\/schweizerische-management-gesellschaft-smg-alleingang-kann-nicht-die-loesung-sein\/","name":"Soci\u00e9t\u00e9 Suisse de Management SMG : Faire cavalier seul ne peut pas \u00eatre la solution - Organisateur","isPartOf":{"@id":"https:\/\/www.organisator.ch\/#website"},"primaryImageOfPage":{"@id":"https:\/\/www.organisator.ch\/operational-excellence\/2022-11-18\/schweizerische-management-gesellschaft-smg-alleingang-kann-nicht-die-loesung-sein\/#primaryimage"},"image":{"@id":"https:\/\/www.organisator.ch\/operational-excellence\/2022-11-18\/schweizerische-management-gesellschaft-smg-alleingang-kann-nicht-die-loesung-sein\/#primaryimage"},"thumbnailUrl":"https:\/\/www.m-q.ch\/wp-content\/uploads\/2022\/11\/Schweizerische-Management-Gesellschaft-SMG-Alleingang-kann-nicht-die-Loesung-sein-1_MQ.jpg","datePublished":"2022-11-18T06:45:28+00:00","dateModified":"2024-11-20T09:14:59+00:00","description":"Le Forum SMG 2023 : Des experts discutent d'\u00e9nergie, de cybers\u00e9curit\u00e9 et de d\u00e9fis \u00e9conomiques. La coop\u00e9ration en point de mire.","breadcrumb":{"@id":"https:\/\/www.organisator.ch\/operational-excellence\/2022-11-18\/schweizerische-management-gesellschaft-smg-alleingang-kann-nicht-die-loesung-sein\/#breadcrumb"},"inLanguage":"fr-FR","potentialAction":[{"@type":"ReadAction","target":["https:\/\/www.organisator.ch\/operational-excellence\/2022-11-18\/schweizerische-management-gesellschaft-smg-alleingang-kann-nicht-die-loesung-sein\/"]}]},{"@type":"ImageObject","inLanguage":"fr-FR","@id":"https:\/\/www.organisator.ch\/operational-excellence\/2022-11-18\/schweizerische-management-gesellschaft-smg-alleingang-kann-nicht-die-loesung-sein\/#primaryimage","url":"https:\/\/www.m-q.ch\/wp-content\/uploads\/2022\/11\/Schweizerische-Management-Gesellschaft-SMG-Alleingang-kann-nicht-die-Loesung-sein-1_MQ.jpg","contentUrl":"https:\/\/www.m-q.ch\/wp-content\/uploads\/2022\/11\/Schweizerische-Management-Gesellschaft-SMG-Alleingang-kann-nicht-die-Loesung-sein-1_MQ.jpg"},{"@type":"BreadcrumbList","@id":"https:\/\/www.organisator.ch\/operational-excellence\/2022-11-18\/schweizerische-management-gesellschaft-smg-alleingang-kann-nicht-die-loesung-sein\/#breadcrumb","itemListElement":[{"@type":"ListItem","position":1,"name":"Home","item":"https:\/\/www.organisator.ch\/"},{"@type":"ListItem","position":2,"name":"Schweizerische Management Gesellschaft SMG: Alleingang kann nicht die L\u00f6sung sein"}]},{"@type":"WebSite","@id":"https:\/\/www.organisator.ch\/#website","url":"https:\/\/www.organisator.ch\/","name":"Organisateur","description":"Comp\u00e9tence et comp\u00e9tence. Proches de la pratique. L'ORGANISATEUR pr\u00e9pare 10 num\u00e9ros par an sur les th\u00e8mes essentiels pour les dirigeants de PME.","publisher":{"@id":"https:\/\/www.organisator.ch\/#organization"},"potentialAction":[{"@type":"SearchAction","target":{"@type":"EntryPoint","urlTemplate":"https:\/\/www.organisator.ch\/?s={search_term_string}"},"query-input":{"@type":"PropertyValueSpecification","valueRequired":true,"valueName":"search_term_string"}}],"inLanguage":"fr-FR"},{"@type":"Organization","@id":"https:\/\/www.organisator.ch\/#organization","name":"Organisateur","url":"https:\/\/www.organisator.ch\/","logo":{"@type":"ImageObject","inLanguage":"fr-FR","@id":"https:\/\/www.organisator.ch\/#\/schema\/logo\/image\/","url":"https:\/\/www.organisator.ch\/wp-content\/uploads\/2022\/01\/Logo_Organisator_Website.png","contentUrl":"https:\/\/www.organisator.ch\/wp-content\/uploads\/2022\/01\/Logo_Organisator_Website.png","width":800,"height":77,"caption":"Organisator"},"image":{"@id":"https:\/\/www.organisator.ch\/#\/schema\/logo\/image\/"},"sameAs":["https:\/\/www.facebook.com\/OrganisatorFachmagazin","https:\/\/www.linkedin.com\/showcase\/organisator-das-magazin-fr-kmu","https:\/\/www.xing.com\/news\/pages\/organisator-ch-695","https:\/\/www.youtube.com\/channel\/UCGP2Sq0iWaZwT3BdIAQFYpw"]},{"@type":"Person","@id":"https:\/\/www.organisator.ch\/#\/schema\/person\/4e51799071cd2dd1232ac003643ef5f0","name":"galledia","image":{"@type":"ImageObject","inLanguage":"fr-FR","@id":"https:\/\/secure.gravatar.com\/avatar\/78a7f90c01fc2bfc875782a0d4922b37cde2cf184ce347b91316d23cd7f69a36?s=96&d=mm&r=g","url":"https:\/\/secure.gravatar.com\/avatar\/78a7f90c01fc2bfc875782a0d4922b37cde2cf184ce347b91316d23cd7f69a36?s=96&d=mm&r=g","contentUrl":"https:\/\/secure.gravatar.com\/avatar\/78a7f90c01fc2bfc875782a0d4922b37cde2cf184ce347b91316d23cd7f69a36?s=96&d=mm&r=g","caption":"galledia"},"sameAs":["https:\/\/x.com\/admin"],"url":"https:\/\/www.organisator.ch\/fr\/author\/galledia\/"}]}},"_links":{"self":[{"href":"https:\/\/www.organisator.ch\/fr\/wp-json\/wp\/v2\/posts\/17862","targetHints":{"allow":["GET"]}}],"collection":[{"href":"https:\/\/www.organisator.ch\/fr\/wp-json\/wp\/v2\/posts"}],"about":[{"href":"https:\/\/www.organisator.ch\/fr\/wp-json\/wp\/v2\/types\/post"}],"author":[{"embeddable":true,"href":"https:\/\/www.organisator.ch\/fr\/wp-json\/wp\/v2\/users\/8"}],"replies":[{"embeddable":true,"href":"https:\/\/www.organisator.ch\/fr\/wp-json\/wp\/v2\/comments?post=17862"}],"version-history":[{"count":4,"href":"https:\/\/www.organisator.ch\/fr\/wp-json\/wp\/v2\/posts\/17862\/revisions"}],"predecessor-version":[{"id":33627,"href":"https:\/\/www.organisator.ch\/fr\/wp-json\/wp\/v2\/posts\/17862\/revisions\/33627"}],"wp:attachment":[{"href":"https:\/\/www.organisator.ch\/fr\/wp-json\/wp\/v2\/media?parent=17862"}],"wp:term":[{"taxonomy":"category","embeddable":true,"href":"https:\/\/www.organisator.ch\/fr\/wp-json\/wp\/v2\/categories?post=17862"},{"taxonomy":"post_tag","embeddable":true,"href":"https:\/\/www.organisator.ch\/fr\/wp-json\/wp\/v2\/tags?post=17862"}],"curies":[{"name":"wp","href":"https:\/\/api.w.org\/{rel}","templated":true}]}}