{"id":17881,"date":"2022-11-21T11:24:36","date_gmt":"2022-11-21T10:24:36","guid":{"rendered":"https:\/\/www.organisator.ch\/?p=17881"},"modified":"2022-11-21T11:24:36","modified_gmt":"2022-11-21T10:24:36","slug":"40-millionen-toner-kartuschen-recycelt","status":"publish","type":"post","link":"https:\/\/www.organisator.ch\/fr\/sustainability\/2022-11-21\/40-millionen-toner-kartuschen-recycelt\/","title":{"rendered":"40 millions de cartouches de toner recycl\u00e9es"},"content":{"rendered":"<figure id=\"attachment_17882\" aria-describedby=\"caption-attachment-17882\" style=\"width: 680px\" class=\"wp-caption alignnone\"><img loading=\"lazy\" decoding=\"async\" class=\"size-full wp-image-17882\" src=\"https:\/\/www.organisator.ch\/wp-content\/uploads\/2022\/11\/40-Millionen-Toner-Kartuschen-recycelt_Organisator.jpg\" alt=\"\" width=\"680\" height=\"361\" srcset=\"https:\/\/www.organisator.ch\/wp-content\/uploads\/2022\/11\/40-Millionen-Toner-Kartuschen-recycelt_Organisator.jpg 680w, https:\/\/www.organisator.ch\/wp-content\/uploads\/2022\/11\/40-Millionen-Toner-Kartuschen-recycelt_Organisator-18x10.jpg 18w, https:\/\/www.organisator.ch\/wp-content\/uploads\/2022\/11\/40-Millionen-Toner-Kartuschen-recycelt_Organisator-375x199.jpg 375w, https:\/\/www.organisator.ch\/wp-content\/uploads\/2022\/11\/40-Millionen-Toner-Kartuschen-recycelt_Organisator-659x350.jpg 659w\" sizes=\"auto, (max-width: 680px) 100vw, 680px\" \/><figcaption id=\"caption-attachment-17882\" class=\"wp-caption-text\">Le fabricant d'appareils de bureau Brother dispose de ses propres usines pour le recyclage des cartouches de toner. (Image : Brother)<\/figcaption><\/figure>\n<p>Les clientes et clients Brother du monde entier peuvent envoyer leurs cartouches de toner vides \u00e0 l'une des quatre usines de retraitement situ\u00e9es au Pays de Galles, en Slovaquie, aux \u00c9tats-Unis ou en Asie. Chaque cartouche est soumise \u00e0 un processus de contr\u00f4le rigoureux au cours duquel les composants sont soit r\u00e9utilis\u00e9s, soit remplac\u00e9s. Cela permet de garantir que chaque cartouche remanufactur\u00e9e pr\u00e9sente la m\u00eame qualit\u00e9 qu'une cartouche neuve. Gr\u00e2ce \u00e0 ce processus, Brother affirme que la plupart des cartouches peuvent \u00eatre retrait\u00e9es et r\u00e9introduites dans le circuit. Les pi\u00e8ces qui ne peuvent pas \u00eatre r\u00e9utilis\u00e9es sont recycl\u00e9es, ce qui \u00e9vite de produire des d\u00e9chets.<\/p>\n<h3>86 pour cent de cartouches de toner remanufactur\u00e9es<\/h3>\n<p>Craig McCubbin, Managing Director de Brother Industries UK et Brother Industries Slovakia, explique : \"Dire que nous sommes fiers de cette performance est un euph\u00e9misme. Sur les 40 millions de cartouches retourn\u00e9es par nos clients, 86% ont \u00e9t\u00e9 reconditionn\u00e9es avec notre proc\u00e9d\u00e9 leader sur le march\u00e9. C'est un chiffre impressionnant, unique dans le secteur de l'impression. Notre hi\u00e9rarchie des d\u00e9chets est simple. Nous voulons r\u00e9utiliser le plus possible. En 2021, nos cartouches de toner remanufactur\u00e9es avaient une empreinte \u00e9cologique inf\u00e9rieure de 33 % \u00e0 celle des cartouches neuves. Gr\u00e2ce \u00e0 notre m\u00e9thode de retraitement, Brother \u00e9conomise chaque ann\u00e9e 5'300 tonnes de CO<sub>2<\/sub>. C'est autant que si l'on retirait 1 150 voitures de la route\".<\/p>\n<p>Les installations europ\u00e9ennes de retraitement de Brother ont r\u00e9cemment \u00e9t\u00e9 class\u00e9es comme climatiquement neutres, et le syst\u00e8me de reprise est certifi\u00e9 \"Zero Waste to Landfill\" (z\u00e9ro d\u00e9chet \u00e0 la d\u00e9charge) depuis 2013. Brother est convaincu qu'en r\u00e9duisant les d\u00e9chets \u00e0 toutes les \u00e9tapes du cycle de vie, l'entreprise peut aider ses clientes et clients \u00e0 atteindre leurs propres objectifs de durabilit\u00e9.<\/p>\n<h3>\"Des projets ambitieux\"<\/h3>\n<p>Craig ajoute : \"Notre promesse est simple : lorsqu'un client nous renvoie une cartouche vide, nous veillons \u00e0 ce que toutes les pi\u00e8ces soient retrait\u00e9es ou recycl\u00e9es afin que rien ne finisse dans les d\u00e9charges. En renvoyant des cartouches de toner Brother d'origine usag\u00e9es, une entreprise moyenne peut \u00e9conomiser jusqu'\u00e0 40 kg de CO<sub>2<\/sub> et ainsi r\u00e9duire son empreinte \u00e9cologique et son impact sur l'environnement\".<\/p>\n<p>Le programme de recyclage Brother a \u00e9t\u00e9 lanc\u00e9 en 2004 avec le retraitement d'une poign\u00e9e de cartouches. Depuis, le nombre de cartouches de toner recycl\u00e9es est pass\u00e9 \u00e0 environ 3 millions par an. Mais le fabricant ne veut pas s'arr\u00eater l\u00e0 : Au cours des trois prochaines ann\u00e9es, il souhaite recycler encore plus de cartouches. \"Nous examinons \u00e9galement nos retours de cartouches d'encre et de mat\u00e9riel et nous avons des plans ambitieux pour nous assurer que nos clients puissent retourner tous les produits Brother\", a d\u00e9clar\u00e9 Craig.<\/p>\n<p><em>Plus d'informations sur <a href=\"https:\/\/u12097671.ct.sendgrid.net\/ls\/click?upn=9rudYHeevExQpJ5A1h-2BA7bPBJZlzebsMbsVe43DEI5lQ1wPl-2BR-2FvRt1ZHSSJKbjYD0y-2B4gRPzyDdXrzLzwIBwpKK21JIbXY1JCswOE-2BTnMk-3D0DFb_cGe9W5K-2FCqFb2N07halzpPLZPlpoj2MCK3vCCrYFVEjR5Xhrfkkf2It0LbvlDHb62E6-2B7EypHuBbRVn-2BB0QYpzzJcZzOEsPa6a-2FmNvGdi9zWyiiWhIYujr-2FSw24BTfzpvleCuSiss-2BfbzwA9aSgx1NQD5KryKxfWppCRDQHm6LVclGCIqHdSEycgB9WK30Htsde-2BdH-2FvV8A87cEt-2B9mD4HabnywPCA2jYLbeVe7lxXVHttdBBBWzY0bl5HYprx1QKDBk0MyVoIIIAdoPtCU125cSF76u8F7PW61ssznFvDCwer9Ab-2B7yoDZ8yMNBReVxUIqEoivweSORUXV4rvCx1bYJNdlDsMWRMmBz5y3hDo7MSUO9qlwcKxg1CXzIAT4eNg2fsUGbLF1GBxJRSTmiZdPw2bs9ME-2Bd7b5gELXCqHWI0je5WDeWHc9NMVVXe8sJnuCgZEsLtCZnhbQ60u56bAYZw779unbESSYbfhFjR50YXl-2B7PnunLBtgFJCdF8NaCKd1AT9GisEYOELsKVcD-2BBr-2BOKsnHpaqTMa0zIFFnJS-2BXJD6t1rg60H0PYL3C1BldzmXtH8jEPOP66xvT8qnQ5tMfUYTxHfUI5NOQ9dH9N0-3D\">www.brother.ch\/recycling<\/a><\/em><\/p>","protected":false},"excerpt":{"rendered":"<p>Brother Kundinnen und Kunden auf der ganzen Welt k\u00f6nnen ihre leeren Toner-Kartuschen an eine der vier Wiederaufbereitungsanlagen in Wales, der Slowakei, den USA oder Asien senden. Jede Kartusche durchl\u00e4uft einen strengen Pr\u00fcfprozess, bei dem die Komponenten entweder wiederverwendet oder ersetzt werden. Dadurch wird sichergestellt, dass jede wiederaufbereitete Kartusche die gleiche Qualit\u00e4t wie eine Neue aufweist. [&hellip;]<\/p>\n","protected":false},"author":4,"featured_media":17882,"comment_status":"closed","ping_status":"closed","sticky":false,"template":"","format":"standard","meta":{"_acf_changed":false,"_yoast_wpseo_focuskw":"Toner-Kartuschen","_yoast_wpseo_metadesc":"2004 wurde das Brother Recyclingprogramm in Europa lanciert. Weltweit wurden 40 Millionen Toner-Kartuschen wiederaufbereitet oder recycelt.","articlekey":"","footnotes":""},"categories":[580],"tags":[3512,358,393,1987],"class_list":["post-17881","post","type-post","status-publish","format-standard","has-post-thumbnail","hentry","category-sustainability","tag-buerogeraete","tag-nachhaltige-wirtschaft","tag-produkte","tag-recycling"],"acf":[],"yoast_head":"<!-- This site is optimized with the Yoast SEO plugin v27.4 - https:\/\/yoast.com\/product\/yoast-seo-wordpress\/ -->\n<title>40 Millionen Toner-Kartuschen recycelt - Organisator<\/title>\n<meta name=\"description\" content=\"2004 wurde das Brother Recyclingprogramm in Europa lanciert. Weltweit wurden 40 Millionen Toner-Kartuschen wiederaufbereitet oder recycelt.\" \/>\n<meta name=\"robots\" content=\"index, follow, max-snippet:-1, max-image-preview:large, max-video-preview:-1\" \/>\n<link rel=\"canonical\" href=\"https:\/\/www.organisator.ch\/fr\/sustainability\/2022-11-21\/40-millionen-toner-kartuschen-recycelt\/\" \/>\n<meta property=\"og:locale\" content=\"fr_FR\" \/>\n<meta property=\"og:type\" content=\"article\" \/>\n<meta property=\"og:title\" content=\"40 Millionen Toner-Kartuschen recycelt\" \/>\n<meta property=\"og:description\" content=\"2004 wurde das Brother Recyclingprogramm in Europa lanciert. Weltweit wurden 40 Millionen Toner-Kartuschen wiederaufbereitet oder recycelt.\" \/>\n<meta property=\"og:url\" content=\"https:\/\/www.organisator.ch\/fr\/sustainability\/2022-11-21\/40-millionen-toner-kartuschen-recycelt\/\" \/>\n<meta property=\"og:site_name\" content=\"Organisator\" \/>\n<meta property=\"article:publisher\" content=\"https:\/\/www.facebook.com\/OrganisatorFachmagazin\" \/>\n<meta property=\"article:published_time\" content=\"2022-11-21T10:24:36+00:00\" \/>\n<meta property=\"og:image\" content=\"https:\/\/www.organisator.ch\/wp-content\/uploads\/2022\/11\/40-Millionen-Toner-Kartuschen-recycelt_Organisator.jpg\" \/>\n\t<meta property=\"og:image:width\" content=\"680\" \/>\n\t<meta property=\"og:image:height\" content=\"361\" \/>\n\t<meta property=\"og:image:type\" content=\"image\/jpeg\" \/>\n<meta name=\"author\" content=\"thomas.berner\" \/>\n<meta name=\"twitter:card\" content=\"summary_large_image\" \/>\n<meta name=\"twitter:title\" content=\"40 Millionen #Toner-Kartuschen recycelt\" \/>\n<meta name=\"twitter:description\" content=\"2004 wurde das Brother #Recyclingprogramm in Europa lanciert. Weltweit wurden 40 Millionen #Toner-Kartuschen wiederaufbereitet oder recycelt.\" \/>\n<meta name=\"twitter:image\" content=\"https:\/\/www.organisator.ch\/wp-content\/uploads\/2022\/11\/40-Millionen-Toner-Kartuschen-recycelt_Organisator.jpg\" \/>\n<script type=\"application\/ld+json\" class=\"yoast-schema-graph\">{\"@context\":\"https:\\\/\\\/schema.org\",\"@graph\":[{\"@type\":\"Article\",\"@id\":\"https:\\\/\\\/www.organisator.ch\\\/sustainability\\\/2022-11-21\\\/40-millionen-toner-kartuschen-recycelt\\\/#article\",\"isPartOf\":{\"@id\":\"https:\\\/\\\/www.organisator.ch\\\/sustainability\\\/2022-11-21\\\/40-millionen-toner-kartuschen-recycelt\\\/\"},\"author\":{\"name\":\"thomas.berner\",\"@id\":\"https:\\\/\\\/www.organisator.ch\\\/#\\\/schema\\\/person\\\/6f650f90b2842cd4c0cc334b4e36f67e\"},\"headline\":\"40 Millionen Toner-Kartuschen recycelt\",\"datePublished\":\"2022-11-21T10:24:36+00:00\",\"mainEntityOfPage\":{\"@id\":\"https:\\\/\\\/www.organisator.ch\\\/sustainability\\\/2022-11-21\\\/40-millionen-toner-kartuschen-recycelt\\\/\"},\"wordCount\":436,\"publisher\":{\"@id\":\"https:\\\/\\\/www.organisator.ch\\\/#organization\"},\"image\":{\"@id\":\"https:\\\/\\\/www.organisator.ch\\\/sustainability\\\/2022-11-21\\\/40-millionen-toner-kartuschen-recycelt\\\/#primaryimage\"},\"thumbnailUrl\":\"https:\\\/\\\/www.organisator.ch\\\/wp-content\\\/uploads\\\/2022\\\/11\\\/40-Millionen-Toner-Kartuschen-recycelt_Organisator.jpg\",\"keywords\":[\"B\u00fcroger\u00e4te\",\"Nachhaltige Wirtschaft\",\"Produkte\",\"Recycling\"],\"articleSection\":[\"SUSTAINABILITY\"],\"inLanguage\":\"fr-FR\"},{\"@type\":\"WebPage\",\"@id\":\"https:\\\/\\\/www.organisator.ch\\\/sustainability\\\/2022-11-21\\\/40-millionen-toner-kartuschen-recycelt\\\/\",\"url\":\"https:\\\/\\\/www.organisator.ch\\\/sustainability\\\/2022-11-21\\\/40-millionen-toner-kartuschen-recycelt\\\/\",\"name\":\"40 Millionen Toner-Kartuschen recycelt - Organisator\",\"isPartOf\":{\"@id\":\"https:\\\/\\\/www.organisator.ch\\\/#website\"},\"primaryImageOfPage\":{\"@id\":\"https:\\\/\\\/www.organisator.ch\\\/sustainability\\\/2022-11-21\\\/40-millionen-toner-kartuschen-recycelt\\\/#primaryimage\"},\"image\":{\"@id\":\"https:\\\/\\\/www.organisator.ch\\\/sustainability\\\/2022-11-21\\\/40-millionen-toner-kartuschen-recycelt\\\/#primaryimage\"},\"thumbnailUrl\":\"https:\\\/\\\/www.organisator.ch\\\/wp-content\\\/uploads\\\/2022\\\/11\\\/40-Millionen-Toner-Kartuschen-recycelt_Organisator.jpg\",\"datePublished\":\"2022-11-21T10:24:36+00:00\",\"description\":\"2004 wurde das Brother Recyclingprogramm in Europa lanciert. Weltweit wurden 40 Millionen Toner-Kartuschen wiederaufbereitet oder recycelt.\",\"breadcrumb\":{\"@id\":\"https:\\\/\\\/www.organisator.ch\\\/sustainability\\\/2022-11-21\\\/40-millionen-toner-kartuschen-recycelt\\\/#breadcrumb\"},\"inLanguage\":\"fr-FR\",\"potentialAction\":[{\"@type\":\"ReadAction\",\"target\":[\"https:\\\/\\\/www.organisator.ch\\\/sustainability\\\/2022-11-21\\\/40-millionen-toner-kartuschen-recycelt\\\/\"]}]},{\"@type\":\"ImageObject\",\"inLanguage\":\"fr-FR\",\"@id\":\"https:\\\/\\\/www.organisator.ch\\\/sustainability\\\/2022-11-21\\\/40-millionen-toner-kartuschen-recycelt\\\/#primaryimage\",\"url\":\"https:\\\/\\\/www.organisator.ch\\\/wp-content\\\/uploads\\\/2022\\\/11\\\/40-Millionen-Toner-Kartuschen-recycelt_Organisator.jpg\",\"contentUrl\":\"https:\\\/\\\/www.organisator.ch\\\/wp-content\\\/uploads\\\/2022\\\/11\\\/40-Millionen-Toner-Kartuschen-recycelt_Organisator.jpg\",\"width\":680,\"height\":361,\"caption\":\"Brother verf\u00fcgt \u00fcber eigene Werke f\u00fcr das Recycling von Toner-Kartuschen. (Bild: Brother)\"},{\"@type\":\"BreadcrumbList\",\"@id\":\"https:\\\/\\\/www.organisator.ch\\\/sustainability\\\/2022-11-21\\\/40-millionen-toner-kartuschen-recycelt\\\/#breadcrumb\",\"itemListElement\":[{\"@type\":\"ListItem\",\"position\":1,\"name\":\"Home\",\"item\":\"https:\\\/\\\/www.organisator.ch\\\/\"},{\"@type\":\"ListItem\",\"position\":2,\"name\":\"40 Millionen Toner-Kartuschen recycelt\"}]},{\"@type\":\"WebSite\",\"@id\":\"https:\\\/\\\/www.organisator.ch\\\/#website\",\"url\":\"https:\\\/\\\/www.organisator.ch\\\/\",\"name\":\"Organisator\",\"description\":\"Kompetent. Praxisnah. Der ORGANISATOR bereitet in 10 Ausgaben pro Jahr die wesentlichen Themen f\u00fcr F\u00fchrungskr\u00e4fte von KMU auf.\",\"publisher\":{\"@id\":\"https:\\\/\\\/www.organisator.ch\\\/#organization\"},\"potentialAction\":[{\"@type\":\"SearchAction\",\"target\":{\"@type\":\"EntryPoint\",\"urlTemplate\":\"https:\\\/\\\/www.organisator.ch\\\/?s={search_term_string}\"},\"query-input\":{\"@type\":\"PropertyValueSpecification\",\"valueRequired\":true,\"valueName\":\"search_term_string\"}}],\"inLanguage\":\"fr-FR\"},{\"@type\":\"Organization\",\"@id\":\"https:\\\/\\\/www.organisator.ch\\\/#organization\",\"name\":\"Organisator\",\"url\":\"https:\\\/\\\/www.organisator.ch\\\/\",\"logo\":{\"@type\":\"ImageObject\",\"inLanguage\":\"fr-FR\",\"@id\":\"https:\\\/\\\/www.organisator.ch\\\/#\\\/schema\\\/logo\\\/image\\\/\",\"url\":\"https:\\\/\\\/www.organisator.ch\\\/wp-content\\\/uploads\\\/2022\\\/01\\\/Logo_Organisator_Website.png\",\"contentUrl\":\"https:\\\/\\\/www.organisator.ch\\\/wp-content\\\/uploads\\\/2022\\\/01\\\/Logo_Organisator_Website.png\",\"width\":800,\"height\":77,\"caption\":\"Organisator\"},\"image\":{\"@id\":\"https:\\\/\\\/www.organisator.ch\\\/#\\\/schema\\\/logo\\\/image\\\/\"},\"sameAs\":[\"https:\\\/\\\/www.facebook.com\\\/OrganisatorFachmagazin\",\"https:\\\/\\\/www.linkedin.com\\\/showcase\\\/organisator-das-magazin-fr-kmu\",\"https:\\\/\\\/www.xing.com\\\/news\\\/pages\\\/organisator-ch-695\",\"https:\\\/\\\/www.youtube.com\\\/channel\\\/UCGP2Sq0iWaZwT3BdIAQFYpw\"]},{\"@type\":\"Person\",\"@id\":\"https:\\\/\\\/www.organisator.ch\\\/#\\\/schema\\\/person\\\/6f650f90b2842cd4c0cc334b4e36f67e\",\"name\":\"thomas.berner\",\"image\":{\"@type\":\"ImageObject\",\"inLanguage\":\"fr-FR\",\"@id\":\"https:\\\/\\\/secure.gravatar.com\\\/avatar\\\/ac5001d2a36cb6c6cd3e50789007ffca834b477b74a2144564522e944eabff61?s=96&d=mm&r=g\",\"url\":\"https:\\\/\\\/secure.gravatar.com\\\/avatar\\\/ac5001d2a36cb6c6cd3e50789007ffca834b477b74a2144564522e944eabff61?s=96&d=mm&r=g\",\"contentUrl\":\"https:\\\/\\\/secure.gravatar.com\\\/avatar\\\/ac5001d2a36cb6c6cd3e50789007ffca834b477b74a2144564522e944eabff61?s=96&d=mm&r=g\",\"caption\":\"thomas.berner\"},\"url\":\"https:\\\/\\\/www.organisator.ch\\\/fr\\\/author\\\/thomas-berner\\\/\"}]}<\/script>\n<!-- \/ Yoast SEO plugin. -->","yoast_head_json":{"title":"40 millions de cartouches de toner recycl\u00e9es - Organisateur","description":"En 2004, le programme de recyclage Brother a \u00e9t\u00e9 lanc\u00e9 en Europe. Dans le monde entier, 40 millions de cartouches de toner ont \u00e9t\u00e9 reconditionn\u00e9es ou recycl\u00e9es.","robots":{"index":"index","follow":"follow","max-snippet":"max-snippet:-1","max-image-preview":"max-image-preview:large","max-video-preview":"max-video-preview:-1"},"canonical":"https:\/\/www.organisator.ch\/fr\/sustainability\/2022-11-21\/40-millionen-toner-kartuschen-recycelt\/","og_locale":"fr_FR","og_type":"article","og_title":"40 Millionen Toner-Kartuschen recycelt","og_description":"2004 wurde das Brother Recyclingprogramm in Europa lanciert. Weltweit wurden 40 Millionen Toner-Kartuschen wiederaufbereitet oder recycelt.","og_url":"https:\/\/www.organisator.ch\/fr\/sustainability\/2022-11-21\/40-millionen-toner-kartuschen-recycelt\/","og_site_name":"Organisator","article_publisher":"https:\/\/www.facebook.com\/OrganisatorFachmagazin","article_published_time":"2022-11-21T10:24:36+00:00","og_image":[{"width":680,"height":361,"url":"https:\/\/www.organisator.ch\/wp-content\/uploads\/2022\/11\/40-Millionen-Toner-Kartuschen-recycelt_Organisator.jpg","type":"image\/jpeg"}],"author":"thomas.berner","twitter_card":"summary_large_image","twitter_title":"40 Millionen #Toner-Kartuschen recycelt","twitter_description":"2004 wurde das Brother #Recyclingprogramm in Europa lanciert. Weltweit wurden 40 Millionen #Toner-Kartuschen wiederaufbereitet oder recycelt.","twitter_image":"https:\/\/www.organisator.ch\/wp-content\/uploads\/2022\/11\/40-Millionen-Toner-Kartuschen-recycelt_Organisator.jpg","schema":{"@context":"https:\/\/schema.org","@graph":[{"@type":"Article","@id":"https:\/\/www.organisator.ch\/sustainability\/2022-11-21\/40-millionen-toner-kartuschen-recycelt\/#article","isPartOf":{"@id":"https:\/\/www.organisator.ch\/sustainability\/2022-11-21\/40-millionen-toner-kartuschen-recycelt\/"},"author":{"name":"thomas.berner","@id":"https:\/\/www.organisator.ch\/#\/schema\/person\/6f650f90b2842cd4c0cc334b4e36f67e"},"headline":"40 Millionen Toner-Kartuschen recycelt","datePublished":"2022-11-21T10:24:36+00:00","mainEntityOfPage":{"@id":"https:\/\/www.organisator.ch\/sustainability\/2022-11-21\/40-millionen-toner-kartuschen-recycelt\/"},"wordCount":436,"publisher":{"@id":"https:\/\/www.organisator.ch\/#organization"},"image":{"@id":"https:\/\/www.organisator.ch\/sustainability\/2022-11-21\/40-millionen-toner-kartuschen-recycelt\/#primaryimage"},"thumbnailUrl":"https:\/\/www.organisator.ch\/wp-content\/uploads\/2022\/11\/40-Millionen-Toner-Kartuschen-recycelt_Organisator.jpg","keywords":["B\u00fcroger\u00e4te","Nachhaltige Wirtschaft","Produkte","Recycling"],"articleSection":["SUSTAINABILITY"],"inLanguage":"fr-FR"},{"@type":"WebPage","@id":"https:\/\/www.organisator.ch\/sustainability\/2022-11-21\/40-millionen-toner-kartuschen-recycelt\/","url":"https:\/\/www.organisator.ch\/sustainability\/2022-11-21\/40-millionen-toner-kartuschen-recycelt\/","name":"40 millions de cartouches de toner recycl\u00e9es - Organisateur","isPartOf":{"@id":"https:\/\/www.organisator.ch\/#website"},"primaryImageOfPage":{"@id":"https:\/\/www.organisator.ch\/sustainability\/2022-11-21\/40-millionen-toner-kartuschen-recycelt\/#primaryimage"},"image":{"@id":"https:\/\/www.organisator.ch\/sustainability\/2022-11-21\/40-millionen-toner-kartuschen-recycelt\/#primaryimage"},"thumbnailUrl":"https:\/\/www.organisator.ch\/wp-content\/uploads\/2022\/11\/40-Millionen-Toner-Kartuschen-recycelt_Organisator.jpg","datePublished":"2022-11-21T10:24:36+00:00","description":"En 2004, le programme de recyclage Brother a \u00e9t\u00e9 lanc\u00e9 en Europe. Dans le monde entier, 40 millions de cartouches de toner ont \u00e9t\u00e9 reconditionn\u00e9es ou recycl\u00e9es.","breadcrumb":{"@id":"https:\/\/www.organisator.ch\/sustainability\/2022-11-21\/40-millionen-toner-kartuschen-recycelt\/#breadcrumb"},"inLanguage":"fr-FR","potentialAction":[{"@type":"ReadAction","target":["https:\/\/www.organisator.ch\/sustainability\/2022-11-21\/40-millionen-toner-kartuschen-recycelt\/"]}]},{"@type":"ImageObject","inLanguage":"fr-FR","@id":"https:\/\/www.organisator.ch\/sustainability\/2022-11-21\/40-millionen-toner-kartuschen-recycelt\/#primaryimage","url":"https:\/\/www.organisator.ch\/wp-content\/uploads\/2022\/11\/40-Millionen-Toner-Kartuschen-recycelt_Organisator.jpg","contentUrl":"https:\/\/www.organisator.ch\/wp-content\/uploads\/2022\/11\/40-Millionen-Toner-Kartuschen-recycelt_Organisator.jpg","width":680,"height":361,"caption":"Brother verf\u00fcgt \u00fcber eigene Werke f\u00fcr das Recycling von Toner-Kartuschen. (Bild: Brother)"},{"@type":"BreadcrumbList","@id":"https:\/\/www.organisator.ch\/sustainability\/2022-11-21\/40-millionen-toner-kartuschen-recycelt\/#breadcrumb","itemListElement":[{"@type":"ListItem","position":1,"name":"Home","item":"https:\/\/www.organisator.ch\/"},{"@type":"ListItem","position":2,"name":"40 Millionen Toner-Kartuschen recycelt"}]},{"@type":"WebSite","@id":"https:\/\/www.organisator.ch\/#website","url":"https:\/\/www.organisator.ch\/","name":"Organisateur","description":"Comp\u00e9tence et comp\u00e9tence. Proches de la pratique. L'ORGANISATEUR pr\u00e9pare 10 num\u00e9ros par an sur les th\u00e8mes essentiels pour les dirigeants de PME.","publisher":{"@id":"https:\/\/www.organisator.ch\/#organization"},"potentialAction":[{"@type":"SearchAction","target":{"@type":"EntryPoint","urlTemplate":"https:\/\/www.organisator.ch\/?s={search_term_string}"},"query-input":{"@type":"PropertyValueSpecification","valueRequired":true,"valueName":"search_term_string"}}],"inLanguage":"fr-FR"},{"@type":"Organization","@id":"https:\/\/www.organisator.ch\/#organization","name":"Organisateur","url":"https:\/\/www.organisator.ch\/","logo":{"@type":"ImageObject","inLanguage":"fr-FR","@id":"https:\/\/www.organisator.ch\/#\/schema\/logo\/image\/","url":"https:\/\/www.organisator.ch\/wp-content\/uploads\/2022\/01\/Logo_Organisator_Website.png","contentUrl":"https:\/\/www.organisator.ch\/wp-content\/uploads\/2022\/01\/Logo_Organisator_Website.png","width":800,"height":77,"caption":"Organisator"},"image":{"@id":"https:\/\/www.organisator.ch\/#\/schema\/logo\/image\/"},"sameAs":["https:\/\/www.facebook.com\/OrganisatorFachmagazin","https:\/\/www.linkedin.com\/showcase\/organisator-das-magazin-fr-kmu","https:\/\/www.xing.com\/news\/pages\/organisator-ch-695","https:\/\/www.youtube.com\/channel\/UCGP2Sq0iWaZwT3BdIAQFYpw"]},{"@type":"Person","@id":"https:\/\/www.organisator.ch\/#\/schema\/person\/6f650f90b2842cd4c0cc334b4e36f67e","name":"thomas.berner","image":{"@type":"ImageObject","inLanguage":"fr-FR","@id":"https:\/\/secure.gravatar.com\/avatar\/ac5001d2a36cb6c6cd3e50789007ffca834b477b74a2144564522e944eabff61?s=96&d=mm&r=g","url":"https:\/\/secure.gravatar.com\/avatar\/ac5001d2a36cb6c6cd3e50789007ffca834b477b74a2144564522e944eabff61?s=96&d=mm&r=g","contentUrl":"https:\/\/secure.gravatar.com\/avatar\/ac5001d2a36cb6c6cd3e50789007ffca834b477b74a2144564522e944eabff61?s=96&d=mm&r=g","caption":"thomas.berner"},"url":"https:\/\/www.organisator.ch\/fr\/author\/thomas-berner\/"}]}},"_links":{"self":[{"href":"https:\/\/www.organisator.ch\/fr\/wp-json\/wp\/v2\/posts\/17881","targetHints":{"allow":["GET"]}}],"collection":[{"href":"https:\/\/www.organisator.ch\/fr\/wp-json\/wp\/v2\/posts"}],"about":[{"href":"https:\/\/www.organisator.ch\/fr\/wp-json\/wp\/v2\/types\/post"}],"author":[{"embeddable":true,"href":"https:\/\/www.organisator.ch\/fr\/wp-json\/wp\/v2\/users\/4"}],"replies":[{"embeddable":true,"href":"https:\/\/www.organisator.ch\/fr\/wp-json\/wp\/v2\/comments?post=17881"}],"version-history":[{"count":3,"href":"https:\/\/www.organisator.ch\/fr\/wp-json\/wp\/v2\/posts\/17881\/revisions"}],"predecessor-version":[{"id":17922,"href":"https:\/\/www.organisator.ch\/fr\/wp-json\/wp\/v2\/posts\/17881\/revisions\/17922"}],"wp:featuredmedia":[{"embeddable":true,"href":"https:\/\/www.organisator.ch\/fr\/wp-json\/wp\/v2\/media\/17882"}],"wp:attachment":[{"href":"https:\/\/www.organisator.ch\/fr\/wp-json\/wp\/v2\/media?parent=17881"}],"wp:term":[{"taxonomy":"category","embeddable":true,"href":"https:\/\/www.organisator.ch\/fr\/wp-json\/wp\/v2\/categories?post=17881"},{"taxonomy":"post_tag","embeddable":true,"href":"https:\/\/www.organisator.ch\/fr\/wp-json\/wp\/v2\/tags?post=17881"}],"curies":[{"name":"wp","href":"https:\/\/api.w.org\/{rel}","templated":true}]}}