{"id":17884,"date":"2022-11-21T15:40:49","date_gmt":"2022-11-21T14:40:49","guid":{"rendered":"https:\/\/www.m-q.ch\/?p=17188"},"modified":"2024-11-20T10:06:25","modified_gmt":"2024-11-20T09:06:25","slug":"rueckblick-quality-mining-day-qualitaet-als-motor-des-wandels","status":"publish","type":"post","link":"https:\/\/www.organisator.ch\/fr\/operational-excellence\/2022-11-21\/rueckblick-quality-mining-day-qualitaet-als-motor-des-wandels\/","title":{"rendered":"R\u00e9trospective Quality Mining Day : la qualit\u00e9, moteur du changement"},"content":{"rendered":"<figure id=\"attachment_17189\" class=\"wp-caption alignnone\" style=\"width: 680px\" aria-describedby=\"caption-attachment-17189\"><img class=\"alignnone wp-image-17189 size-full\" src=\"https:\/\/www.m-q.ch\/wp-content\/uploads\/2022\/11\/Rueckblick-Quality-Mining-Day-Qualitaet-als-Motor-des-Wandels_MQ.jpg\" alt=\"Quality Mining Day 2022\" width=\"680\" height=\"453\" \/>\r\n<figcaption id=\"caption-attachment-17189\" class=\"wp-caption-text\">Table ronde lors du Quality Mining Day 2022. (Image : Quality Miners GmbH)<\/figcaption>\r\n<\/figure>\r\n<p>Sven O. Rimmelspacher, Managing Director du fabricant de logiciels CAQ Quality Miners GmbH, situ\u00e9 dans le sud de l'Allemagne, a ouvert le 20 octobre 2022 le Quality Mining Day. Dans son allocution, il a fait r\u00e9f\u00e9rence \u00e0 la capacit\u00e9 de changer sans cesse. Il a appris \u00e0 ses d\u00e9pens que la pente n'est pas toujours raide : \"En 2003, les clients nous ont mis au pied du mur et nous ont dit durement : vous devez faire quelque chose pour votre qualit\u00e9 !\" Pour Rimmelspacher, ce fut un tournant d\u00e9cisif. \"Nous nous sommes r\u00e9invent\u00e9s, nous avons compl\u00e8tement transform\u00e9 notre conception de la qualit\u00e9 et nous l'avons int\u00e9gr\u00e9e comme force motrice dans nos solutions et notre partenariat avec nos clients\".<\/p>\r\n<h3><strong>Tomber et se relever rapidement<\/strong><\/h3>\r\n<p>Le sportif de l'extr\u00eame Norman B\u00fccher, a vu dans l'histoire des Quality Miners la confirmation de sa propre th\u00e8se : \"Lorsque les enfants commencent \u00e0 courir, ils tombent toujours, mais se rel\u00e8vent aussit\u00f4t et continuent. Tomber fait partie de la vie - m\u00eame au travail - ce n'est qu'en tombant que nous apprenons \u00e0 nous d\u00e9passer\". Benedikt Sommerhoff, directeur Innovation &amp; Transformation chez DGQ, trouve lui aussi \"formidable de se remettre en question. L'\u00e9chec est une chance\". Dans le cadre de la table ronde, il a \u00e9voqu\u00e9 avec enthousiasme le fait que \"l'exp\u00e9rimentation est devenue plus porteuse d'espoir en Allemagne\".<\/p>\r\n<p>Lars Vollmer, auteur de best-sellers, a montr\u00e9 de mani\u00e8re imag\u00e9e \u00e0 un public attentif que ce d\u00e9passement de soi peut aussi prendre des allures de \"th\u00e9\u00e2tre d'affaires\". \"Les start-ups agissent intuitivement sur le march\u00e9, c'est ce qui fait leur succ\u00e8s. En grandissant, elles prennent pour mod\u00e8le les erreurs des grandes entreprises\". Des r\u00e8gles \u00e9crites et non \u00e9crites se d\u00e9veloppent pour les processus et le type de collaboration. Les gens les ressentent et se comportent en cons\u00e9quence avec une intelligence syst\u00e9mique. \"C'est pourquoi ils suivent ces r\u00e8gles lors des r\u00e9unions, peu importe qu'elles soient absurdes ou qu'elles n'aboutissent pas. Les r\u00e9unions deviennent une fin en soi\", explique l'orateur.<\/p>\r\n<h3><strong>Identifier la nature du probl\u00e8me<\/strong><\/h3>\r\n<p>Il suffit pourtant d'apprendre \u00e0 distinguer entre un probl\u00e8me compliqu\u00e9 et pr\u00e9visible et un probl\u00e8me complexe et surprenant. Alors que le premier peut \u00eatre r\u00e9solu de mani\u00e8re causale et bas\u00e9e sur les connaissances, avec une gestion propre des processus et de la qualit\u00e9, le second exige de l'inventivit\u00e9 et de la cr\u00e9ativit\u00e9 en dehors des r\u00e8glements. \"Celui qui m\u00e8ne une double action dans ce sens cr\u00e9e un espace pour le succ\u00e8s\", explique Vollmer.<\/p>\r\n<p>Thomas Metten, chef d'\u00e9quipe du service qualit\u00e9 d'Oventrop GmbH &amp; Co. KG, a pu le confirmer gr\u00e2ce \u00e0 sa longue exp\u00e9rience. Lorsqu'en 2003, Oventrop a install\u00e9 le premier syst\u00e8me CAQ de Quality Miners, qui s'appelait encore Pickert GmbH \u00e0 l'\u00e9poque, l'entreprise pensait avoir d\u00e9sormais une parfaite ma\u00eetrise de la qualit\u00e9 de sa production. \"Mais ce n'est que le d\u00e9but du voyage\", explique Metten. Plus de 60 000 plans de contr\u00f4le plus tard, l'entreprise a op\u00e9r\u00e9 un changement culturel de grande ampleur. Entre-temps, non seulement la production, mais aussi des domaines p\u00e9riph\u00e9riques, comme la gestion de l'\u00e9nergie, sont fermement int\u00e9gr\u00e9s dans la gestion de la qualit\u00e9.<\/p>\r\n<h3><strong>La qualit\u00e9 na\u00eet du processus<\/strong><\/h3>\r\n<p>\"Nous avons r\u00e9alis\u00e9 que m\u00eame le gestionnaire d'\u00e9nergie ne veut en fait que surveiller le processus\", explique le responsable qualit\u00e9. \"et le lien entre la gestion de l'\u00e9nergie et les processus de fabrication est en fin de compte, comme le confirme la crise \u00e9nerg\u00e9tique actuelle, extr\u00eamement important\". L'objectif est de standardiser tous les processus d'ici 2023. \"Nous avons \u00e9tabli des indicateurs pour tout, nous identifions les points faibles d\u00e8s le processus et pouvons intervenir imm\u00e9diatement. Nous savons ainsi exactement o\u00f9 nous en sommes. Nous pouvons compl\u00e8tement nous passer de contr\u00f4les ult\u00e9rieurs. Si le processus fonctionne sans d\u00e9faut, le produit final l'est aussi\". Metten est fermement convaincu que \"la qualit\u00e9 na\u00eet du processus\".<\/p>\r\n<p>Alexander Schloske, Senior Expert Quality \u00e0 l'Institut Fraunhofer pour les techniques de production et l'automatisation, a pu \u00e9tayer ses propos par de nombreux exemples pratiques issus de l'industrie : \"La focalisation sur les processus \u00e0 valeur ajout\u00e9e au sein de l'AMDE r\u00e9duit les trivialit\u00e9s et augmente la pertinence\". Selon lui, un facteur de r\u00e9ussite d\u00e9cisif consiste \u00e0 concevoir l'AMDEC en fonction de l'entreprise et de ses objectifs.<\/p>\r\n<p>Ce qui est valable pour Oventrop ne l'est donc pas forc\u00e9ment pour toutes les entreprises. Lors de la table ronde, Lars Vollmer a constat\u00e9 que \"le changement organique est toujours individuel et d\u00e9pend des conditions de l'entreprise et de ses conditions de march\u00e9\". Le Dr Benedikt Sommerhoff a ajout\u00e9 : \"La situation d'une entreprise de logiciels est totalement diff\u00e9rente de celle d'un prestataire de services de nettoyage\".<\/p>\r\n<h3><strong>Le sens cr\u00e9e la valeur<\/strong><\/h3>\r\n<p>Pour Sommerhoff, l'estime est la cl\u00e9 d'un monde du travail ax\u00e9 sur la qualit\u00e9. \"Ce n'est qu'\u00e0 travers l'estime que les gens trouvent un sens \u00e0 leur travail\". Selon Vollmer, ce sens ne doit toutefois pas \u00eatre impos\u00e9 artificiellement de l'ext\u00e9rieur. Il se perd lorsque les gens sont emp\u00each\u00e9s de travailler - et est tout simplement pr\u00e9sent lorsqu'ils sont autoris\u00e9s \u00e0 accomplir des t\u00e2ches avec succ\u00e8s et de mani\u00e8re cibl\u00e9e. Norman B\u00fccher a confirm\u00e9 ces propos dans son expos\u00e9 en expliquant : \"Ce n'est que la question du \"pourquoi\" et donc les motifs qui donnent un sens aux objectifs. Celui qui ne sait pas pourquoi il court ne pourra pas relever les grands d\u00e9fis\". Harry Keller et Jonas Voss, de l'\u00e9quipe des Quality Miners, ont poursuivi sur ce point central dans leur propre expos\u00e9 : \"La gestion de la qualit\u00e9 ne fonctionnera que si nous avons des unit\u00e9s interdisciplinaires qui savent pourquoi elles font quelque chose\". Selon eux, une approche globale avec des objectifs clairs, une communication claire, de la transparence et un cockpit de projet permettant de piloter le projet font que m\u00eame les projets complexes sont couronn\u00e9s de succ\u00e8s.<\/p>\r\n<p>L'\u00e9change actif entre praticiens de tous bords \u00e9tait au premier plan de ce congr\u00e8s sp\u00e9cialis\u00e9. \"Nous avons re\u00e7u un \u00e9norme feedback sur le \"Quality Mining Day\", explique Tobias Brehm, Business Development Manager chez Quality Miners. \"Apr\u00e8s ce succ\u00e8s, nous voulons que ce congr\u00e8s devienne une institution permanente qui continuera \u00e0 prospecter en profondeur pour la qualit\u00e9 dans les ann\u00e9es \u00e0 venir\".<\/p>\r\n<p><em>Source : <a href=\"https:\/\/quality-miners.de\/\">Quality Miners GmbH<\/a><\/em><\/p>\n<p class=\"syndicated-attribution\">Cet article est paru initialement sur m-q.ch - <a href=\"https:\/\/www.m-q.ch\/de\/rueckblick-quality-mining-day-qualitaet-als-motor-des-wandels\/\" target=\"_blank\">https:\/\/www.m-q.ch\/de\/rueckblick-quality-mining-day-qualitaet-als-motor-des-wandels\/<\/a><\/p>","protected":false},"excerpt":{"rendered":"<p>Sven O. Rimmelspacher, Managing Director des s\u00fcddeutschen CAQ-Softwareherstellers Quality Miners GmbH, er\u00f6ffnete am 20. Oktober 2022 den Quality Mining Day. Er verwies in seiner Ansprache auf die F\u00e4higkeit, sich immer wieder zu ver\u00e4ndern. Dass es dabei nicht immer nur steil bergauf geht, das hat er am eigenen Leib erfahren: \u201e2003 haben uns die Kunden in [\u2026]<\/p>\n","protected":false},"author":8,"featured_media":0,"comment_status":"closed","ping_status":"closed","sticky":false,"template":"","format":"standard","meta":{"_acf_changed":false,"_yoast_wpseo_focuskw":"Quality Mining Day 2022","_yoast_wpseo_metadesc":"Quality Mining Day 2022: Experten diskutieren Wandel in der CAQ-Softwarebranche. Qualit\u00e4t entsteht im Prozess.","articlekey":"","footnotes":""},"categories":[582],"tags":[3513],"class_list":["post-17884","post","type-post","status-publish","format-standard","hentry","category-operational-excellence","tag-caq-software"],"acf":[],"yoast_head":"<!-- This site is optimized with the Yoast SEO plugin v27.5 - https:\/\/yoast.com\/product\/yoast-seo-wordpress\/ -->\n<title>R\u00fcckblick Quality Mining Day: Qualit\u00e4t als Motor des Wandels - Organisator<\/title>\n<meta name=\"description\" content=\"Quality Mining Day 2022: Experten diskutieren Wandel in der CAQ-Softwarebranche. Qualit\u00e4t entsteht im Prozess.\" \/>\n<meta name=\"robots\" content=\"index, follow, max-snippet:-1, max-image-preview:large, max-video-preview:-1\" \/>\n<link rel=\"canonical\" href=\"https:\/\/www.organisator.ch\/fr\/excellence-operationnelle\/2022-11-21\/rueckblick-quality-mining-day-qualitaet-als-motor-des-wandels\/\" \/>\n<meta property=\"og:locale\" content=\"fr_FR\" \/>\n<meta property=\"og:type\" content=\"article\" \/>\n<meta property=\"og:title\" content=\"R\u00fcckblick Quality Mining Day: Qualit\u00e4t als Motor des Wandels - Organisator\" \/>\n<meta property=\"og:description\" content=\"Quality Mining Day 2022: Experten diskutieren Wandel in der CAQ-Softwarebranche. Qualit\u00e4t entsteht im Prozess.\" \/>\n<meta property=\"og:url\" content=\"https:\/\/www.organisator.ch\/fr\/excellence-operationnelle\/2022-11-21\/rueckblick-quality-mining-day-qualitaet-als-motor-des-wandels\/\" \/>\n<meta property=\"og:site_name\" content=\"Organisator\" \/>\n<meta property=\"article:publisher\" content=\"https:\/\/www.facebook.com\/OrganisatorFachmagazin\" \/>\n<meta property=\"article:published_time\" content=\"2022-11-21T14:40:49+00:00\" \/>\n<meta property=\"article:modified_time\" content=\"2024-11-20T09:06:25+00:00\" \/>\n<meta property=\"og:image\" content=\"https:\/\/www.organisator.ch\/wp-content\/uploads\/2022\/10\/Schweizer-Digitaltage-2022-Nachwuchsfoerderung-Diversitaet-und-Nachhaltigkeit-im-Fokus_Organisator.jpg\" \/>\n\t<meta property=\"og:image:width\" content=\"680\" \/>\n\t<meta property=\"og:image:height\" content=\"454\" \/>\n\t<meta property=\"og:image:type\" content=\"image\/jpeg\" \/>\n<meta name=\"author\" content=\"galledia\" \/>\n<meta name=\"twitter:card\" content=\"summary_large_image\" \/>\n<meta name=\"twitter:creator\" content=\"@admin\" \/>\n<script type=\"application\/ld+json\" class=\"yoast-schema-graph\">{\"@context\":\"https:\\\/\\\/schema.org\",\"@graph\":[{\"@type\":\"Article\",\"@id\":\"https:\\\/\\\/www.organisator.ch\\\/operational-excellence\\\/2022-11-21\\\/rueckblick-quality-mining-day-qualitaet-als-motor-des-wandels\\\/#article\",\"isPartOf\":{\"@id\":\"https:\\\/\\\/www.organisator.ch\\\/operational-excellence\\\/2022-11-21\\\/rueckblick-quality-mining-day-qualitaet-als-motor-des-wandels\\\/\"},\"author\":{\"name\":\"galledia\",\"@id\":\"https:\\\/\\\/www.organisator.ch\\\/#\\\/schema\\\/person\\\/4e51799071cd2dd1232ac003643ef5f0\"},\"headline\":\"R\u00fcckblick Quality Mining Day: Qualit\u00e4t als Motor des Wandels\",\"datePublished\":\"2022-11-21T14:40:49+00:00\",\"dateModified\":\"2024-11-20T09:06:25+00:00\",\"mainEntityOfPage\":{\"@id\":\"https:\\\/\\\/www.organisator.ch\\\/operational-excellence\\\/2022-11-21\\\/rueckblick-quality-mining-day-qualitaet-als-motor-des-wandels\\\/\"},\"wordCount\":951,\"publisher\":{\"@id\":\"https:\\\/\\\/www.organisator.ch\\\/#organization\"},\"image\":{\"@id\":\"https:\\\/\\\/www.organisator.ch\\\/operational-excellence\\\/2022-11-21\\\/rueckblick-quality-mining-day-qualitaet-als-motor-des-wandels\\\/#primaryimage\"},\"thumbnailUrl\":\"https:\\\/\\\/www.m-q.ch\\\/wp-content\\\/uploads\\\/2022\\\/11\\\/Rueckblick-Quality-Mining-Day-Qualitaet-als-Motor-des-Wandels_MQ.jpg\",\"keywords\":[\"CAQ-Software\"],\"articleSection\":[\"OPERATIONAL EXCELLENCE\"],\"inLanguage\":\"fr-FR\"},{\"@type\":\"WebPage\",\"@id\":\"https:\\\/\\\/www.organisator.ch\\\/operational-excellence\\\/2022-11-21\\\/rueckblick-quality-mining-day-qualitaet-als-motor-des-wandels\\\/\",\"url\":\"https:\\\/\\\/www.organisator.ch\\\/operational-excellence\\\/2022-11-21\\\/rueckblick-quality-mining-day-qualitaet-als-motor-des-wandels\\\/\",\"name\":\"R\u00fcckblick Quality Mining Day: Qualit\u00e4t als Motor des Wandels - Organisator\",\"isPartOf\":{\"@id\":\"https:\\\/\\\/www.organisator.ch\\\/#website\"},\"primaryImageOfPage\":{\"@id\":\"https:\\\/\\\/www.organisator.ch\\\/operational-excellence\\\/2022-11-21\\\/rueckblick-quality-mining-day-qualitaet-als-motor-des-wandels\\\/#primaryimage\"},\"image\":{\"@id\":\"https:\\\/\\\/www.organisator.ch\\\/operational-excellence\\\/2022-11-21\\\/rueckblick-quality-mining-day-qualitaet-als-motor-des-wandels\\\/#primaryimage\"},\"thumbnailUrl\":\"https:\\\/\\\/www.m-q.ch\\\/wp-content\\\/uploads\\\/2022\\\/11\\\/Rueckblick-Quality-Mining-Day-Qualitaet-als-Motor-des-Wandels_MQ.jpg\",\"datePublished\":\"2022-11-21T14:40:49+00:00\",\"dateModified\":\"2024-11-20T09:06:25+00:00\",\"description\":\"Quality Mining Day 2022: Experten diskutieren Wandel in der CAQ-Softwarebranche. Qualit\u00e4t entsteht im Prozess.\",\"breadcrumb\":{\"@id\":\"https:\\\/\\\/www.organisator.ch\\\/operational-excellence\\\/2022-11-21\\\/rueckblick-quality-mining-day-qualitaet-als-motor-des-wandels\\\/#breadcrumb\"},\"inLanguage\":\"fr-FR\",\"potentialAction\":[{\"@type\":\"ReadAction\",\"target\":[\"https:\\\/\\\/www.organisator.ch\\\/operational-excellence\\\/2022-11-21\\\/rueckblick-quality-mining-day-qualitaet-als-motor-des-wandels\\\/\"]}]},{\"@type\":\"ImageObject\",\"inLanguage\":\"fr-FR\",\"@id\":\"https:\\\/\\\/www.organisator.ch\\\/operational-excellence\\\/2022-11-21\\\/rueckblick-quality-mining-day-qualitaet-als-motor-des-wandels\\\/#primaryimage\",\"url\":\"https:\\\/\\\/www.m-q.ch\\\/wp-content\\\/uploads\\\/2022\\\/11\\\/Rueckblick-Quality-Mining-Day-Qualitaet-als-Motor-des-Wandels_MQ.jpg\",\"contentUrl\":\"https:\\\/\\\/www.m-q.ch\\\/wp-content\\\/uploads\\\/2022\\\/11\\\/Rueckblick-Quality-Mining-Day-Qualitaet-als-Motor-des-Wandels_MQ.jpg\"},{\"@type\":\"BreadcrumbList\",\"@id\":\"https:\\\/\\\/www.organisator.ch\\\/operational-excellence\\\/2022-11-21\\\/rueckblick-quality-mining-day-qualitaet-als-motor-des-wandels\\\/#breadcrumb\",\"itemListElement\":[{\"@type\":\"ListItem\",\"position\":1,\"name\":\"Home\",\"item\":\"https:\\\/\\\/www.organisator.ch\\\/\"},{\"@type\":\"ListItem\",\"position\":2,\"name\":\"R\u00fcckblick Quality Mining Day: Qualit\u00e4t als Motor des Wandels\"}]},{\"@type\":\"WebSite\",\"@id\":\"https:\\\/\\\/www.organisator.ch\\\/#website\",\"url\":\"https:\\\/\\\/www.organisator.ch\\\/\",\"name\":\"Organisator\",\"description\":\"Kompetent. Praxisnah. Der ORGANISATOR bereitet in 10 Ausgaben pro Jahr die wesentlichen Themen f\u00fcr F\u00fchrungskr\u00e4fte von KMU auf.\",\"publisher\":{\"@id\":\"https:\\\/\\\/www.organisator.ch\\\/#organization\"},\"potentialAction\":[{\"@type\":\"SearchAction\",\"target\":{\"@type\":\"EntryPoint\",\"urlTemplate\":\"https:\\\/\\\/www.organisator.ch\\\/?s={search_term_string}\"},\"query-input\":{\"@type\":\"PropertyValueSpecification\",\"valueRequired\":true,\"valueName\":\"search_term_string\"}}],\"inLanguage\":\"fr-FR\"},{\"@type\":\"Organization\",\"@id\":\"https:\\\/\\\/www.organisator.ch\\\/#organization\",\"name\":\"Organisator\",\"url\":\"https:\\\/\\\/www.organisator.ch\\\/\",\"logo\":{\"@type\":\"ImageObject\",\"inLanguage\":\"fr-FR\",\"@id\":\"https:\\\/\\\/www.organisator.ch\\\/#\\\/schema\\\/logo\\\/image\\\/\",\"url\":\"https:\\\/\\\/www.organisator.ch\\\/wp-content\\\/uploads\\\/2022\\\/01\\\/Logo_Organisator_Website.png\",\"contentUrl\":\"https:\\\/\\\/www.organisator.ch\\\/wp-content\\\/uploads\\\/2022\\\/01\\\/Logo_Organisator_Website.png\",\"width\":800,\"height\":77,\"caption\":\"Organisator\"},\"image\":{\"@id\":\"https:\\\/\\\/www.organisator.ch\\\/#\\\/schema\\\/logo\\\/image\\\/\"},\"sameAs\":[\"https:\\\/\\\/www.facebook.com\\\/OrganisatorFachmagazin\",\"https:\\\/\\\/www.linkedin.com\\\/showcase\\\/organisator-das-magazin-fr-kmu\",\"https:\\\/\\\/www.xing.com\\\/news\\\/pages\\\/organisator-ch-695\",\"https:\\\/\\\/www.youtube.com\\\/channel\\\/UCGP2Sq0iWaZwT3BdIAQFYpw\"]},{\"@type\":\"Person\",\"@id\":\"https:\\\/\\\/www.organisator.ch\\\/#\\\/schema\\\/person\\\/4e51799071cd2dd1232ac003643ef5f0\",\"name\":\"galledia\",\"image\":{\"@type\":\"ImageObject\",\"inLanguage\":\"fr-FR\",\"@id\":\"https:\\\/\\\/secure.gravatar.com\\\/avatar\\\/78a7f90c01fc2bfc875782a0d4922b37cde2cf184ce347b91316d23cd7f69a36?s=96&d=mm&r=g\",\"url\":\"https:\\\/\\\/secure.gravatar.com\\\/avatar\\\/78a7f90c01fc2bfc875782a0d4922b37cde2cf184ce347b91316d23cd7f69a36?s=96&d=mm&r=g\",\"contentUrl\":\"https:\\\/\\\/secure.gravatar.com\\\/avatar\\\/78a7f90c01fc2bfc875782a0d4922b37cde2cf184ce347b91316d23cd7f69a36?s=96&d=mm&r=g\",\"caption\":\"galledia\"},\"sameAs\":[\"https:\\\/\\\/x.com\\\/admin\"],\"url\":\"https:\\\/\\\/www.organisator.ch\\\/fr\\\/author\\\/galledia\\\/\"}]}<\/script>\n<!-- \/ Yoast SEO plugin. -->","yoast_head_json":{"title":"R\u00e9trospective Quality Mining Day : la qualit\u00e9 comme moteur du changement - Organisateur","description":"Quality Mining Day 2022 : des experts discutent des changements dans le secteur des logiciels CAQ. La qualit\u00e9 na\u00eet du processus.","robots":{"index":"index","follow":"follow","max-snippet":"max-snippet:-1","max-image-preview":"max-image-preview:large","max-video-preview":"max-video-preview:-1"},"canonical":"https:\/\/www.organisator.ch\/fr\/excellence-operationnelle\/2022-11-21\/rueckblick-quality-mining-day-qualitaet-als-motor-des-wandels\/","og_locale":"fr_FR","og_type":"article","og_title":"R\u00fcckblick Quality Mining Day: Qualit\u00e4t als Motor des Wandels - Organisator","og_description":"Quality Mining Day 2022: Experten diskutieren Wandel in der CAQ-Softwarebranche. Qualit\u00e4t entsteht im Prozess.","og_url":"https:\/\/www.organisator.ch\/fr\/excellence-operationnelle\/2022-11-21\/rueckblick-quality-mining-day-qualitaet-als-motor-des-wandels\/","og_site_name":"Organisator","article_publisher":"https:\/\/www.facebook.com\/OrganisatorFachmagazin","article_published_time":"2022-11-21T14:40:49+00:00","article_modified_time":"2024-11-20T09:06:25+00:00","og_image":[{"width":680,"height":454,"url":"https:\/\/www.organisator.ch\/wp-content\/uploads\/2022\/10\/Schweizer-Digitaltage-2022-Nachwuchsfoerderung-Diversitaet-und-Nachhaltigkeit-im-Fokus_Organisator.jpg","type":"image\/jpeg"}],"author":"galledia","twitter_card":"summary_large_image","twitter_creator":"@admin","schema":{"@context":"https:\/\/schema.org","@graph":[{"@type":"Article","@id":"https:\/\/www.organisator.ch\/operational-excellence\/2022-11-21\/rueckblick-quality-mining-day-qualitaet-als-motor-des-wandels\/#article","isPartOf":{"@id":"https:\/\/www.organisator.ch\/operational-excellence\/2022-11-21\/rueckblick-quality-mining-day-qualitaet-als-motor-des-wandels\/"},"author":{"name":"galledia","@id":"https:\/\/www.organisator.ch\/#\/schema\/person\/4e51799071cd2dd1232ac003643ef5f0"},"headline":"R\u00fcckblick Quality Mining Day: Qualit\u00e4t als Motor des Wandels","datePublished":"2022-11-21T14:40:49+00:00","dateModified":"2024-11-20T09:06:25+00:00","mainEntityOfPage":{"@id":"https:\/\/www.organisator.ch\/operational-excellence\/2022-11-21\/rueckblick-quality-mining-day-qualitaet-als-motor-des-wandels\/"},"wordCount":951,"publisher":{"@id":"https:\/\/www.organisator.ch\/#organization"},"image":{"@id":"https:\/\/www.organisator.ch\/operational-excellence\/2022-11-21\/rueckblick-quality-mining-day-qualitaet-als-motor-des-wandels\/#primaryimage"},"thumbnailUrl":"https:\/\/www.m-q.ch\/wp-content\/uploads\/2022\/11\/Rueckblick-Quality-Mining-Day-Qualitaet-als-Motor-des-Wandels_MQ.jpg","keywords":["CAQ-Software"],"articleSection":["OPERATIONAL EXCELLENCE"],"inLanguage":"fr-FR"},{"@type":"WebPage","@id":"https:\/\/www.organisator.ch\/operational-excellence\/2022-11-21\/rueckblick-quality-mining-day-qualitaet-als-motor-des-wandels\/","url":"https:\/\/www.organisator.ch\/operational-excellence\/2022-11-21\/rueckblick-quality-mining-day-qualitaet-als-motor-des-wandels\/","name":"R\u00e9trospective Quality Mining Day : la qualit\u00e9 comme moteur du changement - Organisateur","isPartOf":{"@id":"https:\/\/www.organisator.ch\/#website"},"primaryImageOfPage":{"@id":"https:\/\/www.organisator.ch\/operational-excellence\/2022-11-21\/rueckblick-quality-mining-day-qualitaet-als-motor-des-wandels\/#primaryimage"},"image":{"@id":"https:\/\/www.organisator.ch\/operational-excellence\/2022-11-21\/rueckblick-quality-mining-day-qualitaet-als-motor-des-wandels\/#primaryimage"},"thumbnailUrl":"https:\/\/www.m-q.ch\/wp-content\/uploads\/2022\/11\/Rueckblick-Quality-Mining-Day-Qualitaet-als-Motor-des-Wandels_MQ.jpg","datePublished":"2022-11-21T14:40:49+00:00","dateModified":"2024-11-20T09:06:25+00:00","description":"Quality Mining Day 2022 : des experts discutent des changements dans le secteur des logiciels CAQ. La qualit\u00e9 na\u00eet du processus.","breadcrumb":{"@id":"https:\/\/www.organisator.ch\/operational-excellence\/2022-11-21\/rueckblick-quality-mining-day-qualitaet-als-motor-des-wandels\/#breadcrumb"},"inLanguage":"fr-FR","potentialAction":[{"@type":"ReadAction","target":["https:\/\/www.organisator.ch\/operational-excellence\/2022-11-21\/rueckblick-quality-mining-day-qualitaet-als-motor-des-wandels\/"]}]},{"@type":"ImageObject","inLanguage":"fr-FR","@id":"https:\/\/www.organisator.ch\/operational-excellence\/2022-11-21\/rueckblick-quality-mining-day-qualitaet-als-motor-des-wandels\/#primaryimage","url":"https:\/\/www.m-q.ch\/wp-content\/uploads\/2022\/11\/Rueckblick-Quality-Mining-Day-Qualitaet-als-Motor-des-Wandels_MQ.jpg","contentUrl":"https:\/\/www.m-q.ch\/wp-content\/uploads\/2022\/11\/Rueckblick-Quality-Mining-Day-Qualitaet-als-Motor-des-Wandels_MQ.jpg"},{"@type":"BreadcrumbList","@id":"https:\/\/www.organisator.ch\/operational-excellence\/2022-11-21\/rueckblick-quality-mining-day-qualitaet-als-motor-des-wandels\/#breadcrumb","itemListElement":[{"@type":"ListItem","position":1,"name":"Home","item":"https:\/\/www.organisator.ch\/"},{"@type":"ListItem","position":2,"name":"R\u00fcckblick Quality Mining Day: Qualit\u00e4t als Motor des Wandels"}]},{"@type":"WebSite","@id":"https:\/\/www.organisator.ch\/#website","url":"https:\/\/www.organisator.ch\/","name":"Organisateur","description":"Comp\u00e9tence et comp\u00e9tence. Proches de la pratique. L'ORGANISATEUR pr\u00e9pare 10 num\u00e9ros par an sur les th\u00e8mes essentiels pour les dirigeants de PME.","publisher":{"@id":"https:\/\/www.organisator.ch\/#organization"},"potentialAction":[{"@type":"SearchAction","target":{"@type":"EntryPoint","urlTemplate":"https:\/\/www.organisator.ch\/?s={search_term_string}"},"query-input":{"@type":"PropertyValueSpecification","valueRequired":true,"valueName":"search_term_string"}}],"inLanguage":"fr-FR"},{"@type":"Organization","@id":"https:\/\/www.organisator.ch\/#organization","name":"Organisateur","url":"https:\/\/www.organisator.ch\/","logo":{"@type":"ImageObject","inLanguage":"fr-FR","@id":"https:\/\/www.organisator.ch\/#\/schema\/logo\/image\/","url":"https:\/\/www.organisator.ch\/wp-content\/uploads\/2022\/01\/Logo_Organisator_Website.png","contentUrl":"https:\/\/www.organisator.ch\/wp-content\/uploads\/2022\/01\/Logo_Organisator_Website.png","width":800,"height":77,"caption":"Organisator"},"image":{"@id":"https:\/\/www.organisator.ch\/#\/schema\/logo\/image\/"},"sameAs":["https:\/\/www.facebook.com\/OrganisatorFachmagazin","https:\/\/www.linkedin.com\/showcase\/organisator-das-magazin-fr-kmu","https:\/\/www.xing.com\/news\/pages\/organisator-ch-695","https:\/\/www.youtube.com\/channel\/UCGP2Sq0iWaZwT3BdIAQFYpw"]},{"@type":"Person","@id":"https:\/\/www.organisator.ch\/#\/schema\/person\/4e51799071cd2dd1232ac003643ef5f0","name":"galledia","image":{"@type":"ImageObject","inLanguage":"fr-FR","@id":"https:\/\/secure.gravatar.com\/avatar\/78a7f90c01fc2bfc875782a0d4922b37cde2cf184ce347b91316d23cd7f69a36?s=96&d=mm&r=g","url":"https:\/\/secure.gravatar.com\/avatar\/78a7f90c01fc2bfc875782a0d4922b37cde2cf184ce347b91316d23cd7f69a36?s=96&d=mm&r=g","contentUrl":"https:\/\/secure.gravatar.com\/avatar\/78a7f90c01fc2bfc875782a0d4922b37cde2cf184ce347b91316d23cd7f69a36?s=96&d=mm&r=g","caption":"galledia"},"sameAs":["https:\/\/x.com\/admin"],"url":"https:\/\/www.organisator.ch\/fr\/author\/galledia\/"}]}},"_links":{"self":[{"href":"https:\/\/www.organisator.ch\/fr\/wp-json\/wp\/v2\/posts\/17884","targetHints":{"allow":["GET"]}}],"collection":[{"href":"https:\/\/www.organisator.ch\/fr\/wp-json\/wp\/v2\/posts"}],"about":[{"href":"https:\/\/www.organisator.ch\/fr\/wp-json\/wp\/v2\/types\/post"}],"author":[{"embeddable":true,"href":"https:\/\/www.organisator.ch\/fr\/wp-json\/wp\/v2\/users\/8"}],"replies":[{"embeddable":true,"href":"https:\/\/www.organisator.ch\/fr\/wp-json\/wp\/v2\/comments?post=17884"}],"version-history":[{"count":4,"href":"https:\/\/www.organisator.ch\/fr\/wp-json\/wp\/v2\/posts\/17884\/revisions"}],"predecessor-version":[{"id":33622,"href":"https:\/\/www.organisator.ch\/fr\/wp-json\/wp\/v2\/posts\/17884\/revisions\/33622"}],"wp:attachment":[{"href":"https:\/\/www.organisator.ch\/fr\/wp-json\/wp\/v2\/media?parent=17884"}],"wp:term":[{"taxonomy":"category","embeddable":true,"href":"https:\/\/www.organisator.ch\/fr\/wp-json\/wp\/v2\/categories?post=17884"},{"taxonomy":"post_tag","embeddable":true,"href":"https:\/\/www.organisator.ch\/fr\/wp-json\/wp\/v2\/tags?post=17884"}],"curies":[{"name":"wp","href":"https:\/\/api.w.org\/{rel}","templated":true}]}}