{"id":17888,"date":"2022-11-22T06:18:41","date_gmt":"2022-11-22T05:18:41","guid":{"rendered":"https:\/\/www.organisator.ch\/?p=17888"},"modified":"2022-12-22T09:51:03","modified_gmt":"2022-12-22T08:51:03","slug":"vor-abschluss-der-worldskills-2022-schweiz-unter-den-top-nationen","status":"publish","type":"post","link":"https:\/\/www.organisator.ch\/fr\/weiterbildung\/2022-11-22\/vor-abschluss-der-worldskills-2022-schweiz-unter-den-top-nationen\/","title":{"rendered":"Avant la cl\u00f4ture des WorldSkills 2022 : la Suisse parmi les meilleures nations"},"content":{"rendered":"<figure id=\"attachment_17894\" aria-describedby=\"caption-attachment-17894\" style=\"width: 680px\" class=\"wp-caption alignnone\"><img loading=\"lazy\" decoding=\"async\" class=\"size-full wp-image-17894\" src=\"https:\/\/www.organisator.ch\/wp-content\/uploads\/2022\/11\/Vor-Abschluss-der-WorldSkills-2022-Schweiz-unter-den-Top-Nationen_Organisator.jpg\" alt=\"\" width=\"680\" height=\"453\" srcset=\"https:\/\/www.organisator.ch\/wp-content\/uploads\/2022\/11\/Vor-Abschluss-der-WorldSkills-2022-Schweiz-unter-den-Top-Nationen_Organisator.jpg 680w, https:\/\/www.organisator.ch\/wp-content\/uploads\/2022\/11\/Vor-Abschluss-der-WorldSkills-2022-Schweiz-unter-den-Top-Nationen_Organisator-18x12.jpg 18w, https:\/\/www.organisator.ch\/wp-content\/uploads\/2022\/11\/Vor-Abschluss-der-WorldSkills-2022-Schweiz-unter-den-Top-Nationen_Organisator-375x250.jpg 375w, https:\/\/www.organisator.ch\/wp-content\/uploads\/2022\/11\/Vor-Abschluss-der-WorldSkills-2022-Schweiz-unter-den-Top-Nationen_Organisator-525x350.jpg 525w\" sizes=\"auto, (max-width: 680px) 100vw, 680px\" \/><figcaption id=\"caption-attachment-17894\" class=\"wp-caption-text\">La boulang\u00e8re Vera Stocker (bronze) et la p\u00e2tissi\u00e8re-confiseuse Juliana Th\u00f6ny (or) font partie de l'\u00e9quipe suisse extr\u00eamement performante aux WorldSkills 2022. (Image : Fondation SwissSkills)<\/figcaption><\/figure>\n<p>Le format des Concours Mondiaux des M\u00e9tiers de cette ann\u00e9e est unique en son genre : les 62 \u00e9preuves de la WorldSkills Competition 2022 se d\u00e9roulent depuis septembre dans 15 pays. La Suisse participe \u00e0 34 comp\u00e9titions au total <a href=\"https:\/\/www.organisator.ch\/de\/weiterbildung\/2021-10-13\/42-junge-schweizer-berufs-champions-fuer-die-worldskills-2022-in-shanghai-ausgewaehlt\/\">avec 37 jeunes professionnels<\/a> de l'ann\u00e9e. Ce format alternatif est n\u00e9 entre autres \u00e0 l'initiative de la fondation SwissSkills. Fin mai, les WorldSkills 2022 pr\u00e9vus \u00e0 Shanghai ont \u00e9t\u00e9 annul\u00e9s en raison d'une pand\u00e9mie. La Suisse n'a pas seulement apport\u00e9 l'id\u00e9e et le concept des championnats du monde d\u00e9centralis\u00e9s, elle s'est \u00e9galement mise \u00e0 disposition en tant qu'organisatrice de 14 comp\u00e9titions - aucun autre pays n'a pris en charge l'organisation d'autant de disciplines WorldSkills.<\/p>\n<h3><strong>Bilan interm\u00e9diaire positif pour la Suisse en tant qu'organisateur...<\/strong><\/h3>\n<p>\"Les efforts d\u00e9ploy\u00e9s ont \u00e9t\u00e9 r\u00e9compens\u00e9s. Mettre sur pied 14 championnats du monde en l'espace de quelques semaines sur 9 sites et les organiser avec succ\u00e8s a \u00e9t\u00e9 un \u00e9norme d\u00e9fi. Gr\u00e2ce aux efforts consid\u00e9rables des associations professionnelles participantes et de nombreuses autres organisations et personnes impliqu\u00e9es, nous pouvons tirer un bilan tout \u00e0 fait positif de la WorldSkills Competition en Suisse\", d\u00e9clare Andr\u00e9 Burri, le directeur de SwissSkills. Dans le monde entier, plus de 1000 jeunes professionnels se seraient r\u00e9jouis de participer aux WorldSkills 2022 et s'y seraient pr\u00e9par\u00e9s intensivement. \"Entre-temps, le r\u00eave de participer aux WorldSkills semblait s'\u00eatre envol\u00e9 pour eux. Gr\u00e2ce au format d\u00e9centralis\u00e9, nous avons tout de m\u00eame r\u00e9ussi \u00e0 donner aux jeunes professionnels ambitieux la possibilit\u00e9 de participer aux championnats du monde et d'entretenir des \u00e9changes entre les meilleurs professionnels de leur sp\u00e9cialit\u00e9\".<\/p>\n<h3><strong>...et en tant que nation participante<\/strong><\/h3>\n<p>Outre le bilan positif du point de vue du coorganisateur, le bilan des r\u00e9sultats suisses est \u00e9galement positif avant m\u00eame les derniers concours \u00e0 Salzbourg. Sur les 30 concours auxquels la Suisse a particip\u00e9 jusqu'\u00e0 pr\u00e9sent, l'\u00e9quipe nationale SwissSkills a remport\u00e9 15 m\u00e9dailles et 12 dipl\u00f4mes suppl\u00e9mentaires, appel\u00e9s m\u00e9daillons d'excellence. Jusqu'\u00e0 pr\u00e9sent, les quatre titres suisses aux championnats du monde ont \u00e9t\u00e9 f\u00eat\u00e9s par Juliana Th\u00f6ny (p\u00e2tissi\u00e8re-confiseuse\/Oberlunkhofen, AG), Florent Lacilla (m\u00e9catronicien d'automobiles\/Cottens, FR) et les deux duos Silvan Wiedmer (Winterthur, ZH) et Yunus Ruff (Winterthur, ZH) dans le concours \"Industrie 4.0\" ainsi que Fabian Baumann (Oberdiessbach, BE) et Marc Baumberger (Koppigen, BE) chez les paysagistes.<\/p>\n<h3><strong>Une impressionnante moisson de m\u00e9dailles<\/strong><\/h3>\n<p>La moisson des jeunes professionnels suisses, qui ont tous commenc\u00e9 avec succ\u00e8s leur vie professionnelle par un apprentissage et un CFC, est donc comparable aux pr\u00e9c\u00e9dentes \u00e9ditions des WorldSkills. Seules la Chine et la Cor\u00e9e du Sud ont remport\u00e9 davantage de m\u00e9dailles par rapport au nombre de participants. Toutefois, ces WorldSkills confirment \u00e9galement que la concurrence au sommet absolu est de plus en plus rude. D'autres nations asiatiques ainsi que la France, organisatrice des prochains WorldSkills 2024, ont encore progress\u00e9 par rapport aux derniers WorldSkills 2019 \u00e0 Kazan.<\/p>\n<h3><strong>Salzbourg, derni\u00e8re \u00e9tape des WorldSkills 2022<\/strong><\/h3>\n<p>C'est cette semaine \u00e0 Salzbourg que se d\u00e9cidera qui, de la Suisse ou de la France, sera la nation europ\u00e9enne qui remportera le plus de m\u00e9dailles. \u00c0 partir de jeudi, les quatre derniers participants suisses seront en action : le ma\u00e7on Ben Zaugg (B\u00e4rau, BE), l'installateur-\u00e9lectricien Patrik Siegenthaler (Linden, BE), l'\u00e9lectricien d'installation Yannick Flepp (Sedrun, GR) ainsi que le m\u00e9canicien en machines agricoles Pascal Hofstetter (Wildhaus, SG) mettront tout en \u0153uvre pour que la Suisse poursuive son histoire \u00e0 succ\u00e8s lors de la WorldSkills Competition 2022.<\/p>\n<p><em>Source : <a href=\"http:\/\/www.swiss-skills.ch\">Fondation SwissSkills<\/a><\/em><\/p>\n<blockquote>\n<h3><strong>Aper\u00e7u des r\u00e9sultats suisses obtenus jusqu'\u00e0 pr\u00e9sent aux WorldSkills 2022<\/strong><\/h3>\n<p><u>M\u00e9daille d'or (4)<\/u><\/p>\n<ul>\n<li>P\u00e2tisserie-confiserie : Juliana Th\u00f6ny (Oberlunkhofen\/AG)<\/li>\n<li>M\u00e9catronicien d'automobiles : Florent Lacilla (Cottens\/FR)<\/li>\n<li>Jardinage et am\u00e9nagement paysager : Marc Baumberger (Koppigen\/BE) et Fabian Baumann (Oberdiessbach\/BE)<\/li>\n<li>Industrie 4.0. : Silvan Wiedmer (Winterthur\/ZH) et Yunus Ruff (Winterthur\/ZH)<\/li>\n<\/ul>\n<p><u>M\u00e9daille d'argent (5)<\/u><\/p>\n<ul>\n<li>Technologue en impression : Nina Manser (Kesswil\/TG)<\/li>\n<li>Fleuriste : Jasmin W\u00fcthrich (Gossau\/SG)<\/li>\n<li>T\u00f4lier en carrosserie : Dominik Bartlome (Schwarzenburg\/BE)<\/li>\n<li>R\u00e9ception de l'h\u00f4tel : Tim Oberli (Wiesendangen\/ZH)<\/li>\n<li>\u00c9lectronicien : Mario Liechti (Windisch\/AG)<\/li>\n<\/ul>\n<p><u>M\u00e9daille de bronze (6)<\/u><\/p>\n<ul>\n<li>Boulangerie : Vera Stocker (Gunzwil\/LU)<\/li>\n<li>Service de restauration : Shania Colombo (M\u00fcnchwilen\/TG)<\/li>\n<li>Automaticiens : Dario Fl\u00fckiger (L\u00fctzelfl\u00fch\/BE) et Adrian Matthys (M\u00f6hlin\/AG)<\/li>\n<li>Menuisier en b\u00e2timent : Romain Mingard (Couvet\/NE)<\/li>\n<li>Pl\u00e2trier-secouriste : Adrian B\u00fcttler (Grund bei Gstaad\/BE)<\/li>\n<li>Polym\u00e9canicien en automation : Gil Beutler (Linden\/BE)<\/li>\n<\/ul>\n<p>Mise \u00e0 jour du 28 novembre 2022 :<\/p>\n<p>A la fin de la \"WorldSkills Competition 2022\" d\u00e9centralis\u00e9e, le ma\u00e7on Ben Zaugg (B\u00e4rau\/BE) a remport\u00e9 \u00e0 Salzbourg le cinqui\u00e8me titre mondial pour la Suisse. L'installateur-\u00e9lectricien Patrik Siegenthaler (Linden\/BE), le m\u00e9canicien en machines agricoles Pascal Hofstetter (Wildhaus\/SG) et l'\u00e9lectricien d'installation Yannick Flepp (Sedrun\/GR) ont tous remport\u00e9 le bronze. Avec 19 m\u00e9dailles sur 34 participations, l'\u00e9quipe nationale suisse des m\u00e9tiers est la meilleure nation europ\u00e9enne aux Mondiaux des m\u00e9tiers de cette ann\u00e9e.<\/p><\/blockquote>","protected":false},"excerpt":{"rendered":"<p>Einzigartig ist das Format der diesj\u00e4hrigen Berufs-Weltmeisterschaften: Verteilt \u00fcber 15 L\u00e4nder werden seit September die 62 Wettbewerbe der WorldSkills Competition 2022 durchgef\u00fchrt. Die Schweiz nimmt an insgesamt 34 Wettk\u00e4mpfen mit 37 jungen Berufsleuten daran teil. Entstanden ist dieses Alternativformat unter anderem auf Initiative der Stiftung SwissSkills. Erst Ende Mai wurden die in Shanghai geplanten WorldSkills [&hellip;]<\/p>\n","protected":false},"author":4,"featured_media":17894,"comment_status":"closed","ping_status":"closed","sticky":false,"template":"","format":"standard","meta":{"_acf_changed":false,"_yoast_wpseo_focuskw":"WorldSkills 2022","_yoast_wpseo_metadesc":"Am kommenden Sonntag gehen in Salzburg die dezentral \u00fcber drei Monate durchgef\u00fchrten WorldSkills Competition 2022 zu Ende.","articlekey":"","footnotes":""},"categories":[30],"tags":[62,73,3134,2709],"class_list":["post-17888","post","type-post","status-publish","format-standard","has-post-thumbnail","hentry","category-weiterbildung","tag-aus-weiterbildung","tag-berufsbildung","tag-berufsweltmeisterschaften","tag-worldskills"],"acf":[],"yoast_head":"<!-- This site is optimized with the Yoast SEO plugin v27.5 - https:\/\/yoast.com\/product\/yoast-seo-wordpress\/ -->\n<title>Vor Abschluss der WorldSkills 2022: Schweiz unter den Top-Nationen - Organisator<\/title>\n<meta name=\"description\" content=\"Am kommenden Sonntag gehen in Salzburg die dezentral \u00fcber drei Monate durchgef\u00fchrten WorldSkills Competition 2022 zu Ende.\" \/>\n<meta name=\"robots\" content=\"index, follow, max-snippet:-1, max-image-preview:large, max-video-preview:-1\" \/>\n<link rel=\"canonical\" href=\"https:\/\/www.organisator.ch\/fr\/formation-continue-2\/2022-11-22\/vor-abschluss-der-worldskills-2022-schweiz-unter-den-top-nationen\/\" \/>\n<meta property=\"og:locale\" content=\"fr_FR\" \/>\n<meta property=\"og:type\" content=\"article\" \/>\n<meta property=\"og:title\" content=\"Vor Abschluss der #WorldSkills 2022: Schweiz unter den #Top-Nationen\" \/>\n<meta property=\"og:description\" content=\"Am kommenden Sonntag gehen in #Salzburg die dezentral \u00fcber drei Monate durchgef\u00fchrten #WorldSkills Competition 2022 zu Ende.\" \/>\n<meta property=\"og:url\" content=\"https:\/\/www.organisator.ch\/fr\/formation-continue-2\/2022-11-22\/vor-abschluss-der-worldskills-2022-schweiz-unter-den-top-nationen\/\" \/>\n<meta property=\"og:site_name\" content=\"Organisator\" \/>\n<meta property=\"article:publisher\" content=\"https:\/\/www.facebook.com\/OrganisatorFachmagazin\" \/>\n<meta property=\"article:published_time\" content=\"2022-11-22T05:18:41+00:00\" \/>\n<meta property=\"article:modified_time\" content=\"2022-12-22T08:51:03+00:00\" \/>\n<meta property=\"og:image\" content=\"https:\/\/www.organisator.ch\/wp-content\/uploads\/2022\/11\/Vor-Abschluss-der-WorldSkills-2022-Schweiz-unter-den-Top-Nationen_Organisator.jpg\" \/>\n\t<meta property=\"og:image:width\" content=\"680\" \/>\n\t<meta property=\"og:image:height\" content=\"453\" \/>\n\t<meta property=\"og:image:type\" content=\"image\/jpeg\" \/>\n<meta name=\"author\" content=\"thomas.berner\" \/>\n<meta name=\"twitter:card\" content=\"summary_large_image\" \/>\n<meta name=\"twitter:description\" content=\"Am kommenden Sonntag gehen in Salzburg die dezentral \u00fcber drei Monate durchgef\u00fchrten WorldSkills Competition 2022 zu Ende.\" \/>\n<meta name=\"twitter:image\" content=\"https:\/\/www.organisator.ch\/wp-content\/uploads\/2022\/11\/Vor-Abschluss-der-WorldSkills-2022-Schweiz-unter-den-Top-Nationen_Organisator.jpg\" \/>\n<script type=\"application\/ld+json\" class=\"yoast-schema-graph\">{\"@context\":\"https:\\\/\\\/schema.org\",\"@graph\":[{\"@type\":\"Article\",\"@id\":\"https:\\\/\\\/www.organisator.ch\\\/weiterbildung\\\/2022-11-22\\\/vor-abschluss-der-worldskills-2022-schweiz-unter-den-top-nationen\\\/#article\",\"isPartOf\":{\"@id\":\"https:\\\/\\\/www.organisator.ch\\\/weiterbildung\\\/2022-11-22\\\/vor-abschluss-der-worldskills-2022-schweiz-unter-den-top-nationen\\\/\"},\"author\":{\"name\":\"thomas.berner\",\"@id\":\"https:\\\/\\\/www.organisator.ch\\\/#\\\/schema\\\/person\\\/6f650f90b2842cd4c0cc334b4e36f67e\"},\"headline\":\"Vor Abschluss der WorldSkills 2022: Schweiz unter den Top-Nationen\",\"datePublished\":\"2022-11-22T05:18:41+00:00\",\"dateModified\":\"2022-12-22T08:51:03+00:00\",\"mainEntityOfPage\":{\"@id\":\"https:\\\/\\\/www.organisator.ch\\\/weiterbildung\\\/2022-11-22\\\/vor-abschluss-der-worldskills-2022-schweiz-unter-den-top-nationen\\\/\"},\"wordCount\":712,\"publisher\":{\"@id\":\"https:\\\/\\\/www.organisator.ch\\\/#organization\"},\"image\":{\"@id\":\"https:\\\/\\\/www.organisator.ch\\\/weiterbildung\\\/2022-11-22\\\/vor-abschluss-der-worldskills-2022-schweiz-unter-den-top-nationen\\\/#primaryimage\"},\"thumbnailUrl\":\"https:\\\/\\\/www.organisator.ch\\\/wp-content\\\/uploads\\\/2022\\\/11\\\/Vor-Abschluss-der-WorldSkills-2022-Schweiz-unter-den-Top-Nationen_Organisator.jpg\",\"keywords\":[\"Aus-\\\/Weiterbildung\",\"Berufsbildung\",\"Berufsweltmeisterschaften\",\"WorldSkills\"],\"articleSection\":[\"WEITERBILDUNG\"],\"inLanguage\":\"fr-FR\"},{\"@type\":\"WebPage\",\"@id\":\"https:\\\/\\\/www.organisator.ch\\\/weiterbildung\\\/2022-11-22\\\/vor-abschluss-der-worldskills-2022-schweiz-unter-den-top-nationen\\\/\",\"url\":\"https:\\\/\\\/www.organisator.ch\\\/weiterbildung\\\/2022-11-22\\\/vor-abschluss-der-worldskills-2022-schweiz-unter-den-top-nationen\\\/\",\"name\":\"Vor Abschluss der WorldSkills 2022: Schweiz unter den Top-Nationen - Organisator\",\"isPartOf\":{\"@id\":\"https:\\\/\\\/www.organisator.ch\\\/#website\"},\"primaryImageOfPage\":{\"@id\":\"https:\\\/\\\/www.organisator.ch\\\/weiterbildung\\\/2022-11-22\\\/vor-abschluss-der-worldskills-2022-schweiz-unter-den-top-nationen\\\/#primaryimage\"},\"image\":{\"@id\":\"https:\\\/\\\/www.organisator.ch\\\/weiterbildung\\\/2022-11-22\\\/vor-abschluss-der-worldskills-2022-schweiz-unter-den-top-nationen\\\/#primaryimage\"},\"thumbnailUrl\":\"https:\\\/\\\/www.organisator.ch\\\/wp-content\\\/uploads\\\/2022\\\/11\\\/Vor-Abschluss-der-WorldSkills-2022-Schweiz-unter-den-Top-Nationen_Organisator.jpg\",\"datePublished\":\"2022-11-22T05:18:41+00:00\",\"dateModified\":\"2022-12-22T08:51:03+00:00\",\"description\":\"Am kommenden Sonntag gehen in Salzburg die dezentral \u00fcber drei Monate durchgef\u00fchrten WorldSkills Competition 2022 zu Ende.\",\"breadcrumb\":{\"@id\":\"https:\\\/\\\/www.organisator.ch\\\/weiterbildung\\\/2022-11-22\\\/vor-abschluss-der-worldskills-2022-schweiz-unter-den-top-nationen\\\/#breadcrumb\"},\"inLanguage\":\"fr-FR\",\"potentialAction\":[{\"@type\":\"ReadAction\",\"target\":[\"https:\\\/\\\/www.organisator.ch\\\/weiterbildung\\\/2022-11-22\\\/vor-abschluss-der-worldskills-2022-schweiz-unter-den-top-nationen\\\/\"]}]},{\"@type\":\"ImageObject\",\"inLanguage\":\"fr-FR\",\"@id\":\"https:\\\/\\\/www.organisator.ch\\\/weiterbildung\\\/2022-11-22\\\/vor-abschluss-der-worldskills-2022-schweiz-unter-den-top-nationen\\\/#primaryimage\",\"url\":\"https:\\\/\\\/www.organisator.ch\\\/wp-content\\\/uploads\\\/2022\\\/11\\\/Vor-Abschluss-der-WorldSkills-2022-Schweiz-unter-den-Top-Nationen_Organisator.jpg\",\"contentUrl\":\"https:\\\/\\\/www.organisator.ch\\\/wp-content\\\/uploads\\\/2022\\\/11\\\/Vor-Abschluss-der-WorldSkills-2022-Schweiz-unter-den-Top-Nationen_Organisator.jpg\",\"width\":680,\"height\":453,\"caption\":\"B\u00e4ckerin Vera Stocker (Bronze) und Konditorin-Confiseurin Juliana Th\u00f6ny (Gold) geh\u00f6ren zum \u00e4usserst erfolgreichen SwissSkills National Team. (Bild: Stiftung SwissSkills)\"},{\"@type\":\"BreadcrumbList\",\"@id\":\"https:\\\/\\\/www.organisator.ch\\\/weiterbildung\\\/2022-11-22\\\/vor-abschluss-der-worldskills-2022-schweiz-unter-den-top-nationen\\\/#breadcrumb\",\"itemListElement\":[{\"@type\":\"ListItem\",\"position\":1,\"name\":\"Home\",\"item\":\"https:\\\/\\\/www.organisator.ch\\\/\"},{\"@type\":\"ListItem\",\"position\":2,\"name\":\"Vor Abschluss der WorldSkills 2022: Schweiz unter den Top-Nationen\"}]},{\"@type\":\"WebSite\",\"@id\":\"https:\\\/\\\/www.organisator.ch\\\/#website\",\"url\":\"https:\\\/\\\/www.organisator.ch\\\/\",\"name\":\"Organisator\",\"description\":\"Kompetent. Praxisnah. Der ORGANISATOR bereitet in 10 Ausgaben pro Jahr die wesentlichen Themen f\u00fcr F\u00fchrungskr\u00e4fte von KMU auf.\",\"publisher\":{\"@id\":\"https:\\\/\\\/www.organisator.ch\\\/#organization\"},\"potentialAction\":[{\"@type\":\"SearchAction\",\"target\":{\"@type\":\"EntryPoint\",\"urlTemplate\":\"https:\\\/\\\/www.organisator.ch\\\/?s={search_term_string}\"},\"query-input\":{\"@type\":\"PropertyValueSpecification\",\"valueRequired\":true,\"valueName\":\"search_term_string\"}}],\"inLanguage\":\"fr-FR\"},{\"@type\":\"Organization\",\"@id\":\"https:\\\/\\\/www.organisator.ch\\\/#organization\",\"name\":\"Organisator\",\"url\":\"https:\\\/\\\/www.organisator.ch\\\/\",\"logo\":{\"@type\":\"ImageObject\",\"inLanguage\":\"fr-FR\",\"@id\":\"https:\\\/\\\/www.organisator.ch\\\/#\\\/schema\\\/logo\\\/image\\\/\",\"url\":\"https:\\\/\\\/www.organisator.ch\\\/wp-content\\\/uploads\\\/2022\\\/01\\\/Logo_Organisator_Website.png\",\"contentUrl\":\"https:\\\/\\\/www.organisator.ch\\\/wp-content\\\/uploads\\\/2022\\\/01\\\/Logo_Organisator_Website.png\",\"width\":800,\"height\":77,\"caption\":\"Organisator\"},\"image\":{\"@id\":\"https:\\\/\\\/www.organisator.ch\\\/#\\\/schema\\\/logo\\\/image\\\/\"},\"sameAs\":[\"https:\\\/\\\/www.facebook.com\\\/OrganisatorFachmagazin\",\"https:\\\/\\\/www.linkedin.com\\\/showcase\\\/organisator-das-magazin-fr-kmu\",\"https:\\\/\\\/www.xing.com\\\/news\\\/pages\\\/organisator-ch-695\",\"https:\\\/\\\/www.youtube.com\\\/channel\\\/UCGP2Sq0iWaZwT3BdIAQFYpw\"]},{\"@type\":\"Person\",\"@id\":\"https:\\\/\\\/www.organisator.ch\\\/#\\\/schema\\\/person\\\/6f650f90b2842cd4c0cc334b4e36f67e\",\"name\":\"thomas.berner\",\"image\":{\"@type\":\"ImageObject\",\"inLanguage\":\"fr-FR\",\"@id\":\"https:\\\/\\\/secure.gravatar.com\\\/avatar\\\/ac5001d2a36cb6c6cd3e50789007ffca834b477b74a2144564522e944eabff61?s=96&d=mm&r=g\",\"url\":\"https:\\\/\\\/secure.gravatar.com\\\/avatar\\\/ac5001d2a36cb6c6cd3e50789007ffca834b477b74a2144564522e944eabff61?s=96&d=mm&r=g\",\"contentUrl\":\"https:\\\/\\\/secure.gravatar.com\\\/avatar\\\/ac5001d2a36cb6c6cd3e50789007ffca834b477b74a2144564522e944eabff61?s=96&d=mm&r=g\",\"caption\":\"thomas.berner\"},\"url\":\"https:\\\/\\\/www.organisator.ch\\\/fr\\\/author\\\/thomas-berner\\\/\"}]}<\/script>\n<!-- \/ Yoast SEO plugin. -->","yoast_head_json":{"title":"Avant la cl\u00f4ture des WorldSkills 2022 : la Suisse parmi les meilleures nations - Organisateur","description":"Dimanche prochain, les WorldSkills Competition 2022, organis\u00e9es de mani\u00e8re d\u00e9centralis\u00e9e sur trois mois, s'ach\u00e8veront \u00e0 Salzbourg.","robots":{"index":"index","follow":"follow","max-snippet":"max-snippet:-1","max-image-preview":"max-image-preview:large","max-video-preview":"max-video-preview:-1"},"canonical":"https:\/\/www.organisator.ch\/fr\/formation-continue-2\/2022-11-22\/vor-abschluss-der-worldskills-2022-schweiz-unter-den-top-nationen\/","og_locale":"fr_FR","og_type":"article","og_title":"Vor Abschluss der #WorldSkills 2022: Schweiz unter den #Top-Nationen","og_description":"Am kommenden Sonntag gehen in #Salzburg die dezentral \u00fcber drei Monate durchgef\u00fchrten #WorldSkills Competition 2022 zu Ende.","og_url":"https:\/\/www.organisator.ch\/fr\/formation-continue-2\/2022-11-22\/vor-abschluss-der-worldskills-2022-schweiz-unter-den-top-nationen\/","og_site_name":"Organisator","article_publisher":"https:\/\/www.facebook.com\/OrganisatorFachmagazin","article_published_time":"2022-11-22T05:18:41+00:00","article_modified_time":"2022-12-22T08:51:03+00:00","og_image":[{"width":680,"height":453,"url":"https:\/\/www.organisator.ch\/wp-content\/uploads\/2022\/11\/Vor-Abschluss-der-WorldSkills-2022-Schweiz-unter-den-Top-Nationen_Organisator.jpg","type":"image\/jpeg"}],"author":"thomas.berner","twitter_card":"summary_large_image","twitter_description":"Am kommenden Sonntag gehen in Salzburg die dezentral \u00fcber drei Monate durchgef\u00fchrten WorldSkills Competition 2022 zu Ende.","twitter_image":"https:\/\/www.organisator.ch\/wp-content\/uploads\/2022\/11\/Vor-Abschluss-der-WorldSkills-2022-Schweiz-unter-den-Top-Nationen_Organisator.jpg","schema":{"@context":"https:\/\/schema.org","@graph":[{"@type":"Article","@id":"https:\/\/www.organisator.ch\/weiterbildung\/2022-11-22\/vor-abschluss-der-worldskills-2022-schweiz-unter-den-top-nationen\/#article","isPartOf":{"@id":"https:\/\/www.organisator.ch\/weiterbildung\/2022-11-22\/vor-abschluss-der-worldskills-2022-schweiz-unter-den-top-nationen\/"},"author":{"name":"thomas.berner","@id":"https:\/\/www.organisator.ch\/#\/schema\/person\/6f650f90b2842cd4c0cc334b4e36f67e"},"headline":"Vor Abschluss der WorldSkills 2022: Schweiz unter den Top-Nationen","datePublished":"2022-11-22T05:18:41+00:00","dateModified":"2022-12-22T08:51:03+00:00","mainEntityOfPage":{"@id":"https:\/\/www.organisator.ch\/weiterbildung\/2022-11-22\/vor-abschluss-der-worldskills-2022-schweiz-unter-den-top-nationen\/"},"wordCount":712,"publisher":{"@id":"https:\/\/www.organisator.ch\/#organization"},"image":{"@id":"https:\/\/www.organisator.ch\/weiterbildung\/2022-11-22\/vor-abschluss-der-worldskills-2022-schweiz-unter-den-top-nationen\/#primaryimage"},"thumbnailUrl":"https:\/\/www.organisator.ch\/wp-content\/uploads\/2022\/11\/Vor-Abschluss-der-WorldSkills-2022-Schweiz-unter-den-Top-Nationen_Organisator.jpg","keywords":["Aus-\/Weiterbildung","Berufsbildung","Berufsweltmeisterschaften","WorldSkills"],"articleSection":["WEITERBILDUNG"],"inLanguage":"fr-FR"},{"@type":"WebPage","@id":"https:\/\/www.organisator.ch\/weiterbildung\/2022-11-22\/vor-abschluss-der-worldskills-2022-schweiz-unter-den-top-nationen\/","url":"https:\/\/www.organisator.ch\/weiterbildung\/2022-11-22\/vor-abschluss-der-worldskills-2022-schweiz-unter-den-top-nationen\/","name":"Avant la cl\u00f4ture des WorldSkills 2022 : la Suisse parmi les meilleures nations - Organisateur","isPartOf":{"@id":"https:\/\/www.organisator.ch\/#website"},"primaryImageOfPage":{"@id":"https:\/\/www.organisator.ch\/weiterbildung\/2022-11-22\/vor-abschluss-der-worldskills-2022-schweiz-unter-den-top-nationen\/#primaryimage"},"image":{"@id":"https:\/\/www.organisator.ch\/weiterbildung\/2022-11-22\/vor-abschluss-der-worldskills-2022-schweiz-unter-den-top-nationen\/#primaryimage"},"thumbnailUrl":"https:\/\/www.organisator.ch\/wp-content\/uploads\/2022\/11\/Vor-Abschluss-der-WorldSkills-2022-Schweiz-unter-den-Top-Nationen_Organisator.jpg","datePublished":"2022-11-22T05:18:41+00:00","dateModified":"2022-12-22T08:51:03+00:00","description":"Dimanche prochain, les WorldSkills Competition 2022, organis\u00e9es de mani\u00e8re d\u00e9centralis\u00e9e sur trois mois, s'ach\u00e8veront \u00e0 Salzbourg.","breadcrumb":{"@id":"https:\/\/www.organisator.ch\/weiterbildung\/2022-11-22\/vor-abschluss-der-worldskills-2022-schweiz-unter-den-top-nationen\/#breadcrumb"},"inLanguage":"fr-FR","potentialAction":[{"@type":"ReadAction","target":["https:\/\/www.organisator.ch\/weiterbildung\/2022-11-22\/vor-abschluss-der-worldskills-2022-schweiz-unter-den-top-nationen\/"]}]},{"@type":"ImageObject","inLanguage":"fr-FR","@id":"https:\/\/www.organisator.ch\/weiterbildung\/2022-11-22\/vor-abschluss-der-worldskills-2022-schweiz-unter-den-top-nationen\/#primaryimage","url":"https:\/\/www.organisator.ch\/wp-content\/uploads\/2022\/11\/Vor-Abschluss-der-WorldSkills-2022-Schweiz-unter-den-Top-Nationen_Organisator.jpg","contentUrl":"https:\/\/www.organisator.ch\/wp-content\/uploads\/2022\/11\/Vor-Abschluss-der-WorldSkills-2022-Schweiz-unter-den-Top-Nationen_Organisator.jpg","width":680,"height":453,"caption":"B\u00e4ckerin Vera Stocker (Bronze) und Konditorin-Confiseurin Juliana Th\u00f6ny (Gold) geh\u00f6ren zum \u00e4usserst erfolgreichen SwissSkills National Team. (Bild: Stiftung SwissSkills)"},{"@type":"BreadcrumbList","@id":"https:\/\/www.organisator.ch\/weiterbildung\/2022-11-22\/vor-abschluss-der-worldskills-2022-schweiz-unter-den-top-nationen\/#breadcrumb","itemListElement":[{"@type":"ListItem","position":1,"name":"Home","item":"https:\/\/www.organisator.ch\/"},{"@type":"ListItem","position":2,"name":"Vor Abschluss der WorldSkills 2022: Schweiz unter den Top-Nationen"}]},{"@type":"WebSite","@id":"https:\/\/www.organisator.ch\/#website","url":"https:\/\/www.organisator.ch\/","name":"Organisateur","description":"Comp\u00e9tence et comp\u00e9tence. Proches de la pratique. L'ORGANISATEUR pr\u00e9pare 10 num\u00e9ros par an sur les th\u00e8mes essentiels pour les dirigeants de PME.","publisher":{"@id":"https:\/\/www.organisator.ch\/#organization"},"potentialAction":[{"@type":"SearchAction","target":{"@type":"EntryPoint","urlTemplate":"https:\/\/www.organisator.ch\/?s={search_term_string}"},"query-input":{"@type":"PropertyValueSpecification","valueRequired":true,"valueName":"search_term_string"}}],"inLanguage":"fr-FR"},{"@type":"Organization","@id":"https:\/\/www.organisator.ch\/#organization","name":"Organisateur","url":"https:\/\/www.organisator.ch\/","logo":{"@type":"ImageObject","inLanguage":"fr-FR","@id":"https:\/\/www.organisator.ch\/#\/schema\/logo\/image\/","url":"https:\/\/www.organisator.ch\/wp-content\/uploads\/2022\/01\/Logo_Organisator_Website.png","contentUrl":"https:\/\/www.organisator.ch\/wp-content\/uploads\/2022\/01\/Logo_Organisator_Website.png","width":800,"height":77,"caption":"Organisator"},"image":{"@id":"https:\/\/www.organisator.ch\/#\/schema\/logo\/image\/"},"sameAs":["https:\/\/www.facebook.com\/OrganisatorFachmagazin","https:\/\/www.linkedin.com\/showcase\/organisator-das-magazin-fr-kmu","https:\/\/www.xing.com\/news\/pages\/organisator-ch-695","https:\/\/www.youtube.com\/channel\/UCGP2Sq0iWaZwT3BdIAQFYpw"]},{"@type":"Person","@id":"https:\/\/www.organisator.ch\/#\/schema\/person\/6f650f90b2842cd4c0cc334b4e36f67e","name":"thomas.berner","image":{"@type":"ImageObject","inLanguage":"fr-FR","@id":"https:\/\/secure.gravatar.com\/avatar\/ac5001d2a36cb6c6cd3e50789007ffca834b477b74a2144564522e944eabff61?s=96&d=mm&r=g","url":"https:\/\/secure.gravatar.com\/avatar\/ac5001d2a36cb6c6cd3e50789007ffca834b477b74a2144564522e944eabff61?s=96&d=mm&r=g","contentUrl":"https:\/\/secure.gravatar.com\/avatar\/ac5001d2a36cb6c6cd3e50789007ffca834b477b74a2144564522e944eabff61?s=96&d=mm&r=g","caption":"thomas.berner"},"url":"https:\/\/www.organisator.ch\/fr\/author\/thomas-berner\/"}]}},"_links":{"self":[{"href":"https:\/\/www.organisator.ch\/fr\/wp-json\/wp\/v2\/posts\/17888","targetHints":{"allow":["GET"]}}],"collection":[{"href":"https:\/\/www.organisator.ch\/fr\/wp-json\/wp\/v2\/posts"}],"about":[{"href":"https:\/\/www.organisator.ch\/fr\/wp-json\/wp\/v2\/types\/post"}],"author":[{"embeddable":true,"href":"https:\/\/www.organisator.ch\/fr\/wp-json\/wp\/v2\/users\/4"}],"replies":[{"embeddable":true,"href":"https:\/\/www.organisator.ch\/fr\/wp-json\/wp\/v2\/comments?post=17888"}],"version-history":[{"count":5,"href":"https:\/\/www.organisator.ch\/fr\/wp-json\/wp\/v2\/posts\/17888\/revisions"}],"predecessor-version":[{"id":17952,"href":"https:\/\/www.organisator.ch\/fr\/wp-json\/wp\/v2\/posts\/17888\/revisions\/17952"}],"wp:featuredmedia":[{"embeddable":true,"href":"https:\/\/www.organisator.ch\/fr\/wp-json\/wp\/v2\/media\/17894"}],"wp:attachment":[{"href":"https:\/\/www.organisator.ch\/fr\/wp-json\/wp\/v2\/media?parent=17888"}],"wp:term":[{"taxonomy":"category","embeddable":true,"href":"https:\/\/www.organisator.ch\/fr\/wp-json\/wp\/v2\/categories?post=17888"},{"taxonomy":"post_tag","embeddable":true,"href":"https:\/\/www.organisator.ch\/fr\/wp-json\/wp\/v2\/tags?post=17888"}],"curies":[{"name":"wp","href":"https:\/\/api.w.org\/{rel}","templated":true}]}}