{"id":17899,"date":"2022-11-22T10:59:55","date_gmt":"2022-11-22T09:59:55","guid":{"rendered":"https:\/\/www.organisator.ch\/?p=17899"},"modified":"2022-11-22T10:59:55","modified_gmt":"2022-11-22T09:59:55","slug":"faigle-erhaelt-neuen-chief-digital-officer","status":"publish","type":"post","link":"https:\/\/www.organisator.ch\/fr\/management\/2022-11-22\/faigle-erhaelt-neuen-chief-digital-officer\/","title":{"rendered":"Faigle se dote d'un nouveau Chief Digital Officer"},"content":{"rendered":"<figure id=\"attachment_17900\" aria-describedby=\"caption-attachment-17900\" style=\"width: 680px\" class=\"wp-caption alignnone\"><img loading=\"lazy\" decoding=\"async\" class=\"size-full wp-image-17900\" src=\"https:\/\/www.organisator.ch\/wp-content\/uploads\/2022\/11\/Faigle-erhaelt-neuen-Chief-Digital-Officer_Organisator.jpg\" alt=\"\" width=\"680\" height=\"677\" srcset=\"https:\/\/www.organisator.ch\/wp-content\/uploads\/2022\/11\/Faigle-erhaelt-neuen-Chief-Digital-Officer_Organisator.jpg 680w, https:\/\/www.organisator.ch\/wp-content\/uploads\/2022\/11\/Faigle-erhaelt-neuen-Chief-Digital-Officer_Organisator-150x150.jpg 150w, https:\/\/www.organisator.ch\/wp-content\/uploads\/2022\/11\/Faigle-erhaelt-neuen-Chief-Digital-Officer_Organisator-12x12.jpg 12w, https:\/\/www.organisator.ch\/wp-content\/uploads\/2022\/11\/Faigle-erhaelt-neuen-Chief-Digital-Officer_Organisator-301x300.jpg 301w, https:\/\/www.organisator.ch\/wp-content\/uploads\/2022\/11\/Faigle-erhaelt-neuen-Chief-Digital-Officer_Organisator-352x350.jpg 352w, https:\/\/www.organisator.ch\/wp-content\/uploads\/2022\/11\/Faigle-erhaelt-neuen-Chief-Digital-Officer_Organisator-250x250.jpg 250w\" sizes=\"auto, (max-width: 680px) 100vw, 680px\" \/><figcaption id=\"caption-attachment-17900\" class=\"wp-caption-text\">Stephen Trowbridge est le nouveau Chief Digital Office chez Faigle. (Image : zVg)<\/figcaption><\/figure>\n<p>Depuis plus de 85 ans, le groupe Faigle propose des produits pour une gestion efficace et efficiente de l'information et des sorties et accompagne ses clients sur le chemin de la transformation num\u00e9rique - de la planification strat\u00e9gique \u00e0 l'impl\u00e9mentation op\u00e9rationnelle. L'entreprise se renforce maintenant avec Stephen Trowbridge ; il devient le nouveau Chief Digital Officer. Il apporte avec lui une grande exp\u00e9rience dans les domaines de la num\u00e9risation, du d\u00e9veloppement et de l'ing\u00e9nierie, ce qui sera tr\u00e8s important pour la num\u00e9risation en interne et en externe. Stephen Trowbridge travaillera en \u00e9troite collaboration avec Simeon Roth, le CEO du groupe, afin de poursuivre le d\u00e9veloppement de l'entreprise.<\/p>\n<p>\"Je me r\u00e9jouis beaucoup du d\u00e9fi de pouvoir soutenir Faigle dans tous les aspects num\u00e9riques, afin que nous puissions renforcer notre offre et accompagner encore mieux nos clients dans leur voyage num\u00e9rique\", dit Stephen Trowbridge.  Avec Stephen Trowbridge, le groupe Faigle veut, selon ses propres dires, souligner son exigence d'offrir des solutions num\u00e9riques sur mesure avec le meilleur service et d'augmenter cela de mani\u00e8re durable.<\/p>\n<p>Le CEO Simeon Roth se r\u00e9jouit de cette d\u00e9cision importante : \"Avec l'arriv\u00e9e de Stephen au sein de la direction, nous serons en mesure de soutenir et de d\u00e9velopper encore mieux nos clients dans la transformation num\u00e9rique de leurs entreprises. Mais nous profiterons \u00e9galement en interne de pouvoir travailler efficacement avec des outils num\u00e9riques\".<\/p>\n<p><em>Source : <a href=\"http:\/\/www.faigle.ch\">Groupe Faigle<\/a><\/em><\/p>","protected":false},"excerpt":{"rendered":"<p>Seit mehr als 85 Jahren bietet die Faigle Gruppe Produkte f\u00fcr ein effektives und effizientes Informations- und Output Management und begleitet ihre Kunden auf dem Weg der digitalen Transformation \u2013 von der strategischen Planung bis zur operativen Implementierung. Nun verst\u00e4rkt sich das Unternehmen durch Stephen Trowbridge; er wird neuer Chief Digital Officer. Er bringt einen [&hellip;]<\/p>\n","protected":false},"author":4,"featured_media":0,"comment_status":"closed","ping_status":"closed","sticky":false,"template":"","format":"standard","meta":{"_acf_changed":false,"_yoast_wpseo_focuskw":"Faigle","_yoast_wpseo_metadesc":"Die Faigle Gruppe verst\u00e4rkt ihre Gesch\u00e4ftsleitung mit Stephen Trowbridge als neuem Chief Digital Officer.","articlekey":"","footnotes":""},"categories":[28],"tags":[156,335,381],"class_list":["post-17899","post","type-post","status-publish","format-standard","hentry","category-management","tag-digitalisierung","tag-management-und-unternehmensfuehrung","tag-personalia"],"acf":[],"yoast_head":"<!-- This site is optimized with the Yoast SEO plugin v27.5 - https:\/\/yoast.com\/product\/yoast-seo-wordpress\/ -->\n<title>Faigle erh\u00e4lt neuen Chief Digital Officer - Organisator<\/title>\n<meta name=\"description\" content=\"Die Faigle Gruppe verst\u00e4rkt ihre Gesch\u00e4ftsleitung mit Stephen Trowbridge als neuem Chief Digital Officer.\" \/>\n<meta name=\"robots\" content=\"index, follow, max-snippet:-1, max-image-preview:large, max-video-preview:-1\" \/>\n<link rel=\"canonical\" href=\"https:\/\/www.organisator.ch\/fr\/gestion-2\/2022-11-22\/faigle-erhaelt-neuen-chief-digital-officer\/\" \/>\n<meta property=\"og:locale\" content=\"fr_FR\" \/>\n<meta property=\"og:type\" content=\"article\" \/>\n<meta property=\"og:title\" content=\"Faigle erh\u00e4lt neuen Chief Digital Officer\" \/>\n<meta property=\"og:description\" content=\"Die Faigle Gruppe verst\u00e4rkt ihre Gesch\u00e4ftsleitung mit Stephen Trowbridge als neuem Chief Digital Officer.\" \/>\n<meta property=\"og:url\" content=\"https:\/\/www.organisator.ch\/fr\/gestion-2\/2022-11-22\/faigle-erhaelt-neuen-chief-digital-officer\/\" \/>\n<meta property=\"og:site_name\" content=\"Organisator\" \/>\n<meta property=\"article:publisher\" content=\"https:\/\/www.facebook.com\/OrganisatorFachmagazin\" \/>\n<meta property=\"article:published_time\" content=\"2022-11-22T09:59:55+00:00\" \/>\n<meta property=\"og:image\" content=\"https:\/\/www.organisator.ch\/wp-content\/uploads\/2022\/11\/Faigle-erhaelt-neuen-Chief-Digital-Officer_Organisator.jpg\" \/>\n\t<meta property=\"og:image:width\" content=\"680\" \/>\n\t<meta property=\"og:image:height\" content=\"677\" \/>\n\t<meta property=\"og:image:type\" content=\"image\/jpeg\" \/>\n<meta name=\"author\" content=\"thomas.berner\" \/>\n<meta name=\"twitter:card\" content=\"summary_large_image\" \/>\n<meta name=\"twitter:title\" content=\"#Faigle erh\u00e4lt neuen Chief Digital Officer\" \/>\n<meta name=\"twitter:description\" content=\"Die #Faigle Gruppe verst\u00e4rkt ihre #Gesch\u00e4ftsleitung mit Stephen #Trowbridge als neuem Chief Digital Officer.\" \/>\n<meta name=\"twitter:image\" content=\"https:\/\/www.organisator.ch\/wp-content\/uploads\/2022\/11\/Faigle-erhaelt-neuen-Chief-Digital-Officer_Organisator.jpg\" \/>\n<script type=\"application\/ld+json\" class=\"yoast-schema-graph\">{\"@context\":\"https:\\\/\\\/schema.org\",\"@graph\":[{\"@type\":\"Article\",\"@id\":\"https:\\\/\\\/www.organisator.ch\\\/management\\\/2022-11-22\\\/faigle-erhaelt-neuen-chief-digital-officer\\\/#article\",\"isPartOf\":{\"@id\":\"https:\\\/\\\/www.organisator.ch\\\/management\\\/2022-11-22\\\/faigle-erhaelt-neuen-chief-digital-officer\\\/\"},\"author\":{\"name\":\"thomas.berner\",\"@id\":\"https:\\\/\\\/www.organisator.ch\\\/#\\\/schema\\\/person\\\/6f650f90b2842cd4c0cc334b4e36f67e\"},\"headline\":\"Faigle erh\u00e4lt neuen Chief Digital Officer\",\"datePublished\":\"2022-11-22T09:59:55+00:00\",\"mainEntityOfPage\":{\"@id\":\"https:\\\/\\\/www.organisator.ch\\\/management\\\/2022-11-22\\\/faigle-erhaelt-neuen-chief-digital-officer\\\/\"},\"wordCount\":240,\"publisher\":{\"@id\":\"https:\\\/\\\/www.organisator.ch\\\/#organization\"},\"image\":{\"@id\":\"https:\\\/\\\/www.organisator.ch\\\/management\\\/2022-11-22\\\/faigle-erhaelt-neuen-chief-digital-officer\\\/#primaryimage\"},\"thumbnailUrl\":\"https:\\\/\\\/www.organisator.ch\\\/wp-content\\\/uploads\\\/2022\\\/11\\\/Faigle-erhaelt-neuen-Chief-Digital-Officer_Organisator.jpg\",\"keywords\":[\"Digitalisierung\",\"Management und Unternehmensf\u00fchrung\",\"Personalia\"],\"articleSection\":[\"MANAGEMENT\"],\"inLanguage\":\"fr-FR\"},{\"@type\":\"WebPage\",\"@id\":\"https:\\\/\\\/www.organisator.ch\\\/management\\\/2022-11-22\\\/faigle-erhaelt-neuen-chief-digital-officer\\\/\",\"url\":\"https:\\\/\\\/www.organisator.ch\\\/management\\\/2022-11-22\\\/faigle-erhaelt-neuen-chief-digital-officer\\\/\",\"name\":\"Faigle erh\u00e4lt neuen Chief Digital Officer - Organisator\",\"isPartOf\":{\"@id\":\"https:\\\/\\\/www.organisator.ch\\\/#website\"},\"primaryImageOfPage\":{\"@id\":\"https:\\\/\\\/www.organisator.ch\\\/management\\\/2022-11-22\\\/faigle-erhaelt-neuen-chief-digital-officer\\\/#primaryimage\"},\"image\":{\"@id\":\"https:\\\/\\\/www.organisator.ch\\\/management\\\/2022-11-22\\\/faigle-erhaelt-neuen-chief-digital-officer\\\/#primaryimage\"},\"thumbnailUrl\":\"https:\\\/\\\/www.organisator.ch\\\/wp-content\\\/uploads\\\/2022\\\/11\\\/Faigle-erhaelt-neuen-Chief-Digital-Officer_Organisator.jpg\",\"datePublished\":\"2022-11-22T09:59:55+00:00\",\"description\":\"Die Faigle Gruppe verst\u00e4rkt ihre Gesch\u00e4ftsleitung mit Stephen Trowbridge als neuem Chief Digital Officer.\",\"breadcrumb\":{\"@id\":\"https:\\\/\\\/www.organisator.ch\\\/management\\\/2022-11-22\\\/faigle-erhaelt-neuen-chief-digital-officer\\\/#breadcrumb\"},\"inLanguage\":\"fr-FR\",\"potentialAction\":[{\"@type\":\"ReadAction\",\"target\":[\"https:\\\/\\\/www.organisator.ch\\\/management\\\/2022-11-22\\\/faigle-erhaelt-neuen-chief-digital-officer\\\/\"]}]},{\"@type\":\"ImageObject\",\"inLanguage\":\"fr-FR\",\"@id\":\"https:\\\/\\\/www.organisator.ch\\\/management\\\/2022-11-22\\\/faigle-erhaelt-neuen-chief-digital-officer\\\/#primaryimage\",\"url\":\"https:\\\/\\\/www.organisator.ch\\\/wp-content\\\/uploads\\\/2022\\\/11\\\/Faigle-erhaelt-neuen-Chief-Digital-Officer_Organisator.jpg\",\"contentUrl\":\"https:\\\/\\\/www.organisator.ch\\\/wp-content\\\/uploads\\\/2022\\\/11\\\/Faigle-erhaelt-neuen-Chief-Digital-Officer_Organisator.jpg\"},{\"@type\":\"BreadcrumbList\",\"@id\":\"https:\\\/\\\/www.organisator.ch\\\/management\\\/2022-11-22\\\/faigle-erhaelt-neuen-chief-digital-officer\\\/#breadcrumb\",\"itemListElement\":[{\"@type\":\"ListItem\",\"position\":1,\"name\":\"Home\",\"item\":\"https:\\\/\\\/www.organisator.ch\\\/\"},{\"@type\":\"ListItem\",\"position\":2,\"name\":\"Faigle erh\u00e4lt neuen Chief Digital Officer\"}]},{\"@type\":\"WebSite\",\"@id\":\"https:\\\/\\\/www.organisator.ch\\\/#website\",\"url\":\"https:\\\/\\\/www.organisator.ch\\\/\",\"name\":\"Organisator\",\"description\":\"Kompetent. Praxisnah. Der ORGANISATOR bereitet in 10 Ausgaben pro Jahr die wesentlichen Themen f\u00fcr F\u00fchrungskr\u00e4fte von KMU auf.\",\"publisher\":{\"@id\":\"https:\\\/\\\/www.organisator.ch\\\/#organization\"},\"potentialAction\":[{\"@type\":\"SearchAction\",\"target\":{\"@type\":\"EntryPoint\",\"urlTemplate\":\"https:\\\/\\\/www.organisator.ch\\\/?s={search_term_string}\"},\"query-input\":{\"@type\":\"PropertyValueSpecification\",\"valueRequired\":true,\"valueName\":\"search_term_string\"}}],\"inLanguage\":\"fr-FR\"},{\"@type\":\"Organization\",\"@id\":\"https:\\\/\\\/www.organisator.ch\\\/#organization\",\"name\":\"Organisator\",\"url\":\"https:\\\/\\\/www.organisator.ch\\\/\",\"logo\":{\"@type\":\"ImageObject\",\"inLanguage\":\"fr-FR\",\"@id\":\"https:\\\/\\\/www.organisator.ch\\\/#\\\/schema\\\/logo\\\/image\\\/\",\"url\":\"https:\\\/\\\/www.organisator.ch\\\/wp-content\\\/uploads\\\/2022\\\/01\\\/Logo_Organisator_Website.png\",\"contentUrl\":\"https:\\\/\\\/www.organisator.ch\\\/wp-content\\\/uploads\\\/2022\\\/01\\\/Logo_Organisator_Website.png\",\"width\":800,\"height\":77,\"caption\":\"Organisator\"},\"image\":{\"@id\":\"https:\\\/\\\/www.organisator.ch\\\/#\\\/schema\\\/logo\\\/image\\\/\"},\"sameAs\":[\"https:\\\/\\\/www.facebook.com\\\/OrganisatorFachmagazin\",\"https:\\\/\\\/www.linkedin.com\\\/showcase\\\/organisator-das-magazin-fr-kmu\",\"https:\\\/\\\/www.xing.com\\\/news\\\/pages\\\/organisator-ch-695\",\"https:\\\/\\\/www.youtube.com\\\/channel\\\/UCGP2Sq0iWaZwT3BdIAQFYpw\"]},{\"@type\":\"Person\",\"@id\":\"https:\\\/\\\/www.organisator.ch\\\/#\\\/schema\\\/person\\\/6f650f90b2842cd4c0cc334b4e36f67e\",\"name\":\"thomas.berner\",\"image\":{\"@type\":\"ImageObject\",\"inLanguage\":\"fr-FR\",\"@id\":\"https:\\\/\\\/secure.gravatar.com\\\/avatar\\\/ac5001d2a36cb6c6cd3e50789007ffca834b477b74a2144564522e944eabff61?s=96&d=mm&r=g\",\"url\":\"https:\\\/\\\/secure.gravatar.com\\\/avatar\\\/ac5001d2a36cb6c6cd3e50789007ffca834b477b74a2144564522e944eabff61?s=96&d=mm&r=g\",\"contentUrl\":\"https:\\\/\\\/secure.gravatar.com\\\/avatar\\\/ac5001d2a36cb6c6cd3e50789007ffca834b477b74a2144564522e944eabff61?s=96&d=mm&r=g\",\"caption\":\"thomas.berner\"},\"url\":\"https:\\\/\\\/www.organisator.ch\\\/fr\\\/author\\\/thomas-berner\\\/\"}]}<\/script>\n<!-- \/ Yoast SEO plugin. -->","yoast_head_json":{"title":"Faigle re\u00e7oit un nouveau Chief Digital Officer - Organisateur","description":"Le groupe Faigle renforce sa direction avec Stephen Trowbridge comme nouveau Chief Digital Officer.","robots":{"index":"index","follow":"follow","max-snippet":"max-snippet:-1","max-image-preview":"max-image-preview:large","max-video-preview":"max-video-preview:-1"},"canonical":"https:\/\/www.organisator.ch\/fr\/gestion-2\/2022-11-22\/faigle-erhaelt-neuen-chief-digital-officer\/","og_locale":"fr_FR","og_type":"article","og_title":"Faigle erh\u00e4lt neuen Chief Digital Officer","og_description":"Die Faigle Gruppe verst\u00e4rkt ihre Gesch\u00e4ftsleitung mit Stephen Trowbridge als neuem Chief Digital Officer.","og_url":"https:\/\/www.organisator.ch\/fr\/gestion-2\/2022-11-22\/faigle-erhaelt-neuen-chief-digital-officer\/","og_site_name":"Organisator","article_publisher":"https:\/\/www.facebook.com\/OrganisatorFachmagazin","article_published_time":"2022-11-22T09:59:55+00:00","og_image":[{"width":680,"height":677,"url":"https:\/\/www.organisator.ch\/wp-content\/uploads\/2022\/11\/Faigle-erhaelt-neuen-Chief-Digital-Officer_Organisator.jpg","type":"image\/jpeg"}],"author":"thomas.berner","twitter_card":"summary_large_image","twitter_title":"#Faigle erh\u00e4lt neuen Chief Digital Officer","twitter_description":"Die #Faigle Gruppe verst\u00e4rkt ihre #Gesch\u00e4ftsleitung mit Stephen #Trowbridge als neuem Chief Digital Officer.","twitter_image":"https:\/\/www.organisator.ch\/wp-content\/uploads\/2022\/11\/Faigle-erhaelt-neuen-Chief-Digital-Officer_Organisator.jpg","schema":{"@context":"https:\/\/schema.org","@graph":[{"@type":"Article","@id":"https:\/\/www.organisator.ch\/management\/2022-11-22\/faigle-erhaelt-neuen-chief-digital-officer\/#article","isPartOf":{"@id":"https:\/\/www.organisator.ch\/management\/2022-11-22\/faigle-erhaelt-neuen-chief-digital-officer\/"},"author":{"name":"thomas.berner","@id":"https:\/\/www.organisator.ch\/#\/schema\/person\/6f650f90b2842cd4c0cc334b4e36f67e"},"headline":"Faigle erh\u00e4lt neuen Chief Digital Officer","datePublished":"2022-11-22T09:59:55+00:00","mainEntityOfPage":{"@id":"https:\/\/www.organisator.ch\/management\/2022-11-22\/faigle-erhaelt-neuen-chief-digital-officer\/"},"wordCount":240,"publisher":{"@id":"https:\/\/www.organisator.ch\/#organization"},"image":{"@id":"https:\/\/www.organisator.ch\/management\/2022-11-22\/faigle-erhaelt-neuen-chief-digital-officer\/#primaryimage"},"thumbnailUrl":"https:\/\/www.organisator.ch\/wp-content\/uploads\/2022\/11\/Faigle-erhaelt-neuen-Chief-Digital-Officer_Organisator.jpg","keywords":["Digitalisierung","Management und Unternehmensf\u00fchrung","Personalia"],"articleSection":["MANAGEMENT"],"inLanguage":"fr-FR"},{"@type":"WebPage","@id":"https:\/\/www.organisator.ch\/management\/2022-11-22\/faigle-erhaelt-neuen-chief-digital-officer\/","url":"https:\/\/www.organisator.ch\/management\/2022-11-22\/faigle-erhaelt-neuen-chief-digital-officer\/","name":"Faigle re\u00e7oit un nouveau Chief Digital Officer - Organisateur","isPartOf":{"@id":"https:\/\/www.organisator.ch\/#website"},"primaryImageOfPage":{"@id":"https:\/\/www.organisator.ch\/management\/2022-11-22\/faigle-erhaelt-neuen-chief-digital-officer\/#primaryimage"},"image":{"@id":"https:\/\/www.organisator.ch\/management\/2022-11-22\/faigle-erhaelt-neuen-chief-digital-officer\/#primaryimage"},"thumbnailUrl":"https:\/\/www.organisator.ch\/wp-content\/uploads\/2022\/11\/Faigle-erhaelt-neuen-Chief-Digital-Officer_Organisator.jpg","datePublished":"2022-11-22T09:59:55+00:00","description":"Le groupe Faigle renforce sa direction avec Stephen Trowbridge comme nouveau Chief Digital Officer.","breadcrumb":{"@id":"https:\/\/www.organisator.ch\/management\/2022-11-22\/faigle-erhaelt-neuen-chief-digital-officer\/#breadcrumb"},"inLanguage":"fr-FR","potentialAction":[{"@type":"ReadAction","target":["https:\/\/www.organisator.ch\/management\/2022-11-22\/faigle-erhaelt-neuen-chief-digital-officer\/"]}]},{"@type":"ImageObject","inLanguage":"fr-FR","@id":"https:\/\/www.organisator.ch\/management\/2022-11-22\/faigle-erhaelt-neuen-chief-digital-officer\/#primaryimage","url":"https:\/\/www.organisator.ch\/wp-content\/uploads\/2022\/11\/Faigle-erhaelt-neuen-Chief-Digital-Officer_Organisator.jpg","contentUrl":"https:\/\/www.organisator.ch\/wp-content\/uploads\/2022\/11\/Faigle-erhaelt-neuen-Chief-Digital-Officer_Organisator.jpg"},{"@type":"BreadcrumbList","@id":"https:\/\/www.organisator.ch\/management\/2022-11-22\/faigle-erhaelt-neuen-chief-digital-officer\/#breadcrumb","itemListElement":[{"@type":"ListItem","position":1,"name":"Home","item":"https:\/\/www.organisator.ch\/"},{"@type":"ListItem","position":2,"name":"Faigle erh\u00e4lt neuen Chief Digital Officer"}]},{"@type":"WebSite","@id":"https:\/\/www.organisator.ch\/#website","url":"https:\/\/www.organisator.ch\/","name":"Organisateur","description":"Comp\u00e9tence et comp\u00e9tence. Proches de la pratique. L'ORGANISATEUR pr\u00e9pare 10 num\u00e9ros par an sur les th\u00e8mes essentiels pour les dirigeants de PME.","publisher":{"@id":"https:\/\/www.organisator.ch\/#organization"},"potentialAction":[{"@type":"SearchAction","target":{"@type":"EntryPoint","urlTemplate":"https:\/\/www.organisator.ch\/?s={search_term_string}"},"query-input":{"@type":"PropertyValueSpecification","valueRequired":true,"valueName":"search_term_string"}}],"inLanguage":"fr-FR"},{"@type":"Organization","@id":"https:\/\/www.organisator.ch\/#organization","name":"Organisateur","url":"https:\/\/www.organisator.ch\/","logo":{"@type":"ImageObject","inLanguage":"fr-FR","@id":"https:\/\/www.organisator.ch\/#\/schema\/logo\/image\/","url":"https:\/\/www.organisator.ch\/wp-content\/uploads\/2022\/01\/Logo_Organisator_Website.png","contentUrl":"https:\/\/www.organisator.ch\/wp-content\/uploads\/2022\/01\/Logo_Organisator_Website.png","width":800,"height":77,"caption":"Organisator"},"image":{"@id":"https:\/\/www.organisator.ch\/#\/schema\/logo\/image\/"},"sameAs":["https:\/\/www.facebook.com\/OrganisatorFachmagazin","https:\/\/www.linkedin.com\/showcase\/organisator-das-magazin-fr-kmu","https:\/\/www.xing.com\/news\/pages\/organisator-ch-695","https:\/\/www.youtube.com\/channel\/UCGP2Sq0iWaZwT3BdIAQFYpw"]},{"@type":"Person","@id":"https:\/\/www.organisator.ch\/#\/schema\/person\/6f650f90b2842cd4c0cc334b4e36f67e","name":"thomas.berner","image":{"@type":"ImageObject","inLanguage":"fr-FR","@id":"https:\/\/secure.gravatar.com\/avatar\/ac5001d2a36cb6c6cd3e50789007ffca834b477b74a2144564522e944eabff61?s=96&d=mm&r=g","url":"https:\/\/secure.gravatar.com\/avatar\/ac5001d2a36cb6c6cd3e50789007ffca834b477b74a2144564522e944eabff61?s=96&d=mm&r=g","contentUrl":"https:\/\/secure.gravatar.com\/avatar\/ac5001d2a36cb6c6cd3e50789007ffca834b477b74a2144564522e944eabff61?s=96&d=mm&r=g","caption":"thomas.berner"},"url":"https:\/\/www.organisator.ch\/fr\/author\/thomas-berner\/"}]}},"_links":{"self":[{"href":"https:\/\/www.organisator.ch\/fr\/wp-json\/wp\/v2\/posts\/17899","targetHints":{"allow":["GET"]}}],"collection":[{"href":"https:\/\/www.organisator.ch\/fr\/wp-json\/wp\/v2\/posts"}],"about":[{"href":"https:\/\/www.organisator.ch\/fr\/wp-json\/wp\/v2\/types\/post"}],"author":[{"embeddable":true,"href":"https:\/\/www.organisator.ch\/fr\/wp-json\/wp\/v2\/users\/4"}],"replies":[{"embeddable":true,"href":"https:\/\/www.organisator.ch\/fr\/wp-json\/wp\/v2\/comments?post=17899"}],"version-history":[{"count":1,"href":"https:\/\/www.organisator.ch\/fr\/wp-json\/wp\/v2\/posts\/17899\/revisions"}],"predecessor-version":[{"id":17901,"href":"https:\/\/www.organisator.ch\/fr\/wp-json\/wp\/v2\/posts\/17899\/revisions\/17901"}],"wp:attachment":[{"href":"https:\/\/www.organisator.ch\/fr\/wp-json\/wp\/v2\/media?parent=17899"}],"wp:term":[{"taxonomy":"category","embeddable":true,"href":"https:\/\/www.organisator.ch\/fr\/wp-json\/wp\/v2\/categories?post=17899"},{"taxonomy":"post_tag","embeddable":true,"href":"https:\/\/www.organisator.ch\/fr\/wp-json\/wp\/v2\/tags?post=17899"}],"curies":[{"name":"wp","href":"https:\/\/api.w.org\/{rel}","templated":true}]}}