{"id":17906,"date":"2022-11-23T09:03:44","date_gmt":"2022-11-23T08:03:44","guid":{"rendered":"https:\/\/www.organisator.ch\/?p=17906"},"modified":"2022-11-23T09:03:44","modified_gmt":"2022-11-23T08:03:44","slug":"berufliche-eingliederung-als-loesung-gegen-den-fachkraeftemangel","status":"publish","type":"post","link":"https:\/\/www.organisator.ch\/fr\/human-resources\/2022-11-23\/berufliche-eingliederung-als-loesung-gegen-den-fachkraeftemangel\/","title":{"rendered":"L'insertion professionnelle comme solution \u00e0 la p\u00e9nurie de main-d'\u0153uvre qualifi\u00e9e"},"content":{"rendered":"<figure id=\"attachment_17907\" aria-describedby=\"caption-attachment-17907\" style=\"width: 680px\" class=\"wp-caption alignnone\"><img loading=\"lazy\" decoding=\"async\" class=\"size-full wp-image-17907\" src=\"https:\/\/www.organisator.ch\/wp-content\/uploads\/2022\/11\/Berufliche-Eingliederung-als-Loesung-gegen-den-Fachkraeftemangel_Organisator.jpg\" alt=\"\" width=\"680\" height=\"434\" srcset=\"https:\/\/www.organisator.ch\/wp-content\/uploads\/2022\/11\/Berufliche-Eingliederung-als-Loesung-gegen-den-Fachkraeftemangel_Organisator.jpg 680w, https:\/\/www.organisator.ch\/wp-content\/uploads\/2022\/11\/Berufliche-Eingliederung-als-Loesung-gegen-den-Fachkraeftemangel_Organisator-18x12.jpg 18w, https:\/\/www.organisator.ch\/wp-content\/uploads\/2022\/11\/Berufliche-Eingliederung-als-Loesung-gegen-den-Fachkraeftemangel_Organisator-375x239.jpg 375w, https:\/\/www.organisator.ch\/wp-content\/uploads\/2022\/11\/Berufliche-Eingliederung-als-Loesung-gegen-den-Fachkraeftemangel_Organisator-548x350.jpg 548w\" sizes=\"auto, (max-width: 680px) 100vw, 680px\" \/><figcaption id=\"caption-attachment-17907\" class=\"wp-caption-text\">Un colloque s'est pench\u00e9 sur le potentiel de la (r\u00e9)insertion professionnelle comme solution contre la p\u00e9nurie de main-d'\u0153uvre qualifi\u00e9e. (Image : Compasso)<\/figcaption><\/figure>\n<p>La plate-forme <a href=\"http:\/\/www.compasso.ch\">Compasso<\/a> est un r\u00e9seau neutre et actif au niveau national avec un large soutien de plus de 90 membres. Il joue un r\u00f4le important dans l'int\u00e9gration professionnelle des personnes handicap\u00e9es en mettant en r\u00e9seau les employeurs avec les partenaires pertinents du syst\u00e8me afin de d\u00e9velopper ensemble des processus et des instruments adapt\u00e9s \u00e0 la pratique.<\/p>\n<h3>L'insertion ou la r\u00e9insertion professionnelle comme solution \u00e0 la p\u00e9nurie de main-d'\u0153uvre qualifi\u00e9e<\/h3>\n<p>Suivant cette vision, le colloque de cette ann\u00e9e avait pour th\u00e8me : \"La (r\u00e9)insertion professionnelle comme solution \u00e0 la p\u00e9nurie de main-d'\u0153uvre qualifi\u00e9e - un potentiel en friche\".<br \/>\nDes experts sp\u00e9cialis\u00e9s issus des domaines du conseil en \u00e9conomie publique, des services sp\u00e9cialis\u00e9s dans l'insertion professionnelle ainsi que du domaine des assurances sociales ont pr\u00e9sent\u00e9 leurs conclusions, des exemples pratiques r\u00e9ussis ainsi que les premiers r\u00e9sultats d'une \u00e9tude en cours sur le th\u00e8me de la p\u00e9nurie de personnel qualifi\u00e9 \u00e0 l'Office AI de Berne. L'objectif de cette manifestation \u00e9tait l'\u00e9change, le d\u00e9veloppement d'approches de solutions ainsi que l'\u00e9laboration de mesures concr\u00e8tes pour lutter contre la p\u00e9nurie de personnel qualifi\u00e9 sous l'aspect de la (r\u00e9)int\u00e9gration. Des repr\u00e9sentants des plus grands employeurs suisses comme les CFF, Swisscom, la Poste suisse, des cadres et des d\u00e9cideurs de PME ainsi que des sp\u00e9cialistes de l'int\u00e9gration et des partenaires sociaux de fondations et d'organisations renomm\u00e9es \u00e9taient de la partie.<\/p>\n<p>Les changements d\u00e9mographiques, la faible conciliation entre travail et responsabilit\u00e9s extraprofessionnelles et le souhait de mod\u00e8les de travail plus flexibles ont \u00e9t\u00e9 consid\u00e9r\u00e9s comme des signes des temps. Ils font partie des plus grands d\u00e9fis pour le march\u00e9 du travail suisse. Dans un avenir proche, la Suisse manquera de nombreux travailleurs. Pour contrer la p\u00e9nurie de main-d'\u0153uvre attendue en Suisse, il faut maintenant trouver des solutions orient\u00e9es vers l'avenir.<\/p>\n<h3>Mieux exploiter les ressources<\/h3>\n<p>Les participants \u00e0 la conf\u00e9rence \u00e9taient unanimes : l'un des potentiels r\u00e9side dans la (r\u00e9)insertion professionnelle des personnes qui ont quitt\u00e9 ou risquent de quitter le monde du travail suite \u00e0 une maladie ou un accident. La (r\u00e9)insertion sur le march\u00e9 du travail permet de mieux exploiter le savoir-faire national, ce qui profite aussi bien \u00e0 l'\u00e9conomie qu'\u00e0 la soci\u00e9t\u00e9.<\/p>\n<p>Le colloque Compasso de cette ann\u00e9e s'est pench\u00e9 sur les approches permettant d'illustrer et d'utiliser concr\u00e8tement le potentiel de la (r\u00e9)insertion professionnelle pour le march\u00e9 du travail suisse. Des contributions d'experts et des \u00e9changes d'exp\u00e9riences anim\u00e9s ont permis de d\u00e9couvrir le potentiel inexploit\u00e9 de la (r\u00e9)insertion professionnelle et la mani\u00e8re dont celle-ci peut r\u00e9pondre aux d\u00e9fis futurs du march\u00e9 du travail suisse. Des parcours en petits groupes ont permis d'aborder les processus de recrutement sans barri\u00e8res, l'am\u00e9nagement durable des conditions d'embauche de sp\u00e9cialistes souffrant d'un handicap ainsi que le th\u00e8me de la reconversion professionnelle.<\/p>","protected":false},"excerpt":{"rendered":"<p>Die Plattform Compasso ist ein neutrales und national t\u00e4tiges Netzwerk mit einer breiten Tr\u00e4gerschaft von \u00fcber 90 Mitgliedern. Es nimmt eine wichtige Rolle in der beruflichen Eingliederung von Menschen mit Beeintr\u00e4chtigungen ein, indem es die Arbeitgeber mit den relevanten Systempartnern vernetzt, um gemeinsam praxistaugliche Prozesse und Instrumente zu entwickeln. Berufliche (Wieder-)Eingliederung als L\u00f6sungsansatz f\u00fcr den [&hellip;]<\/p>\n","protected":false},"author":4,"featured_media":17907,"comment_status":"closed","ping_status":"closed","sticky":false,"template":"","format":"standard","meta":{"_acf_changed":false,"_yoast_wpseo_focuskw":"Eingliederung","_yoast_wpseo_metadesc":"Bei Massnahmen zur Bek\u00e4mpfung des Fachkr\u00e4ftemangels stellt die (Wieder-)Eingliederung einen zentralen Ansatz dar.","articlekey":"","footnotes":""},"categories":[579],"tags":[3518,193,194,254],"class_list":["post-17906","post","type-post","status-publish","format-standard","has-post-thumbnail","hentry","category-human-resources","tag-berufliche-wiedereingliederung","tag-fachkongressfachmesse","tag-fachkraeftemangel","tag-hrm"],"acf":[],"yoast_head":"<!-- This site is optimized with the Yoast SEO plugin v27.5 - https:\/\/yoast.com\/product\/yoast-seo-wordpress\/ -->\n<title>Berufliche Eingliederung als L\u00f6sung gegen den Fachkr\u00e4ftemangel - Organisator<\/title>\n<meta name=\"description\" content=\"Bei Massnahmen zur Bek\u00e4mpfung des Fachkr\u00e4ftemangels stellt die (Wieder-)Eingliederung einen zentralen Ansatz dar.\" \/>\n<meta name=\"robots\" content=\"index, follow, max-snippet:-1, max-image-preview:large, max-video-preview:-1\" \/>\n<link rel=\"canonical\" href=\"https:\/\/www.organisator.ch\/fr\/ressources-humaines\/2022-11-23\/berufliche-eingliederung-als-loesung-gegen-den-fachkraeftemangel\/\" \/>\n<meta property=\"og:locale\" content=\"fr_FR\" \/>\n<meta property=\"og:type\" content=\"article\" \/>\n<meta property=\"og:title\" content=\"Berufliche Eingliederung als L\u00f6sung gegen den Fachkr\u00e4ftemangel\" \/>\n<meta property=\"og:description\" content=\"Bei Massnahmen zur Bek\u00e4mpfung des Fachkr\u00e4ftemangels stellt die (Wieder-)Eingliederung einen zentralen Ansatz dar.\" \/>\n<meta property=\"og:url\" content=\"https:\/\/www.organisator.ch\/fr\/ressources-humaines\/2022-11-23\/berufliche-eingliederung-als-loesung-gegen-den-fachkraeftemangel\/\" \/>\n<meta property=\"og:site_name\" content=\"Organisator\" \/>\n<meta property=\"article:publisher\" content=\"https:\/\/www.facebook.com\/OrganisatorFachmagazin\" \/>\n<meta property=\"article:published_time\" content=\"2022-11-23T08:03:44+00:00\" \/>\n<meta property=\"og:image\" content=\"https:\/\/www.organisator.ch\/wp-content\/uploads\/2022\/11\/Berufliche-Eingliederung-als-Loesung-gegen-den-Fachkraeftemangel_Organisator.jpg\" \/>\n\t<meta property=\"og:image:width\" content=\"680\" \/>\n\t<meta property=\"og:image:height\" content=\"434\" \/>\n\t<meta property=\"og:image:type\" content=\"image\/jpeg\" \/>\n<meta name=\"author\" content=\"thomas.berner\" \/>\n<meta name=\"twitter:card\" content=\"summary_large_image\" \/>\n<meta name=\"twitter:title\" content=\"Berufliche #Eingliederung als L\u00f6sung gegen den #Fachkr\u00e4ftemangel\" \/>\n<meta name=\"twitter:description\" content=\"Bei Massnahmen zur #Bek\u00e4mpfung des #Fachkr\u00e4ftemangels stellt die #(Wieder-)Eingliederung einen zentralen Ansatz dar.\" \/>\n<meta name=\"twitter:image\" content=\"https:\/\/www.organisator.ch\/wp-content\/uploads\/2022\/11\/Berufliche-Eingliederung-als-Loesung-gegen-den-Fachkraeftemangel_Organisator.jpg\" \/>\n<script type=\"application\/ld+json\" class=\"yoast-schema-graph\">{\"@context\":\"https:\\\/\\\/schema.org\",\"@graph\":[{\"@type\":\"Article\",\"@id\":\"https:\\\/\\\/www.organisator.ch\\\/human-resources\\\/2022-11-23\\\/berufliche-eingliederung-als-loesung-gegen-den-fachkraeftemangel\\\/#article\",\"isPartOf\":{\"@id\":\"https:\\\/\\\/www.organisator.ch\\\/human-resources\\\/2022-11-23\\\/berufliche-eingliederung-als-loesung-gegen-den-fachkraeftemangel\\\/\"},\"author\":{\"name\":\"thomas.berner\",\"@id\":\"https:\\\/\\\/www.organisator.ch\\\/#\\\/schema\\\/person\\\/6f650f90b2842cd4c0cc334b4e36f67e\"},\"headline\":\"Berufliche Eingliederung als L\u00f6sung gegen den Fachkr\u00e4ftemangel\",\"datePublished\":\"2022-11-23T08:03:44+00:00\",\"mainEntityOfPage\":{\"@id\":\"https:\\\/\\\/www.organisator.ch\\\/human-resources\\\/2022-11-23\\\/berufliche-eingliederung-als-loesung-gegen-den-fachkraeftemangel\\\/\"},\"wordCount\":434,\"publisher\":{\"@id\":\"https:\\\/\\\/www.organisator.ch\\\/#organization\"},\"image\":{\"@id\":\"https:\\\/\\\/www.organisator.ch\\\/human-resources\\\/2022-11-23\\\/berufliche-eingliederung-als-loesung-gegen-den-fachkraeftemangel\\\/#primaryimage\"},\"thumbnailUrl\":\"https:\\\/\\\/www.organisator.ch\\\/wp-content\\\/uploads\\\/2022\\\/11\\\/Berufliche-Eingliederung-als-Loesung-gegen-den-Fachkraeftemangel_Organisator.jpg\",\"keywords\":[\"Berufliche Wiedereingliederung\",\"Fachkongress\\\/Fachmesse\",\"Fachkr\u00e4ftemangel\",\"HRM\"],\"articleSection\":[\"HUMAN RESOURCES\"],\"inLanguage\":\"fr-FR\"},{\"@type\":\"WebPage\",\"@id\":\"https:\\\/\\\/www.organisator.ch\\\/human-resources\\\/2022-11-23\\\/berufliche-eingliederung-als-loesung-gegen-den-fachkraeftemangel\\\/\",\"url\":\"https:\\\/\\\/www.organisator.ch\\\/human-resources\\\/2022-11-23\\\/berufliche-eingliederung-als-loesung-gegen-den-fachkraeftemangel\\\/\",\"name\":\"Berufliche Eingliederung als L\u00f6sung gegen den Fachkr\u00e4ftemangel - Organisator\",\"isPartOf\":{\"@id\":\"https:\\\/\\\/www.organisator.ch\\\/#website\"},\"primaryImageOfPage\":{\"@id\":\"https:\\\/\\\/www.organisator.ch\\\/human-resources\\\/2022-11-23\\\/berufliche-eingliederung-als-loesung-gegen-den-fachkraeftemangel\\\/#primaryimage\"},\"image\":{\"@id\":\"https:\\\/\\\/www.organisator.ch\\\/human-resources\\\/2022-11-23\\\/berufliche-eingliederung-als-loesung-gegen-den-fachkraeftemangel\\\/#primaryimage\"},\"thumbnailUrl\":\"https:\\\/\\\/www.organisator.ch\\\/wp-content\\\/uploads\\\/2022\\\/11\\\/Berufliche-Eingliederung-als-Loesung-gegen-den-Fachkraeftemangel_Organisator.jpg\",\"datePublished\":\"2022-11-23T08:03:44+00:00\",\"description\":\"Bei Massnahmen zur Bek\u00e4mpfung des Fachkr\u00e4ftemangels stellt die (Wieder-)Eingliederung einen zentralen Ansatz dar.\",\"breadcrumb\":{\"@id\":\"https:\\\/\\\/www.organisator.ch\\\/human-resources\\\/2022-11-23\\\/berufliche-eingliederung-als-loesung-gegen-den-fachkraeftemangel\\\/#breadcrumb\"},\"inLanguage\":\"fr-FR\",\"potentialAction\":[{\"@type\":\"ReadAction\",\"target\":[\"https:\\\/\\\/www.organisator.ch\\\/human-resources\\\/2022-11-23\\\/berufliche-eingliederung-als-loesung-gegen-den-fachkraeftemangel\\\/\"]}]},{\"@type\":\"ImageObject\",\"inLanguage\":\"fr-FR\",\"@id\":\"https:\\\/\\\/www.organisator.ch\\\/human-resources\\\/2022-11-23\\\/berufliche-eingliederung-als-loesung-gegen-den-fachkraeftemangel\\\/#primaryimage\",\"url\":\"https:\\\/\\\/www.organisator.ch\\\/wp-content\\\/uploads\\\/2022\\\/11\\\/Berufliche-Eingliederung-als-Loesung-gegen-den-Fachkraeftemangel_Organisator.jpg\",\"contentUrl\":\"https:\\\/\\\/www.organisator.ch\\\/wp-content\\\/uploads\\\/2022\\\/11\\\/Berufliche-Eingliederung-als-Loesung-gegen-den-Fachkraeftemangel_Organisator.jpg\",\"width\":680,\"height\":434,\"caption\":\"Eine Fachtagung befasste sich mit dem Potenzial beruflicher (Wieder-) Eingliederung gegen den Fachkr\u00e4ftemangel. (Bild: Compasso)\"},{\"@type\":\"BreadcrumbList\",\"@id\":\"https:\\\/\\\/www.organisator.ch\\\/human-resources\\\/2022-11-23\\\/berufliche-eingliederung-als-loesung-gegen-den-fachkraeftemangel\\\/#breadcrumb\",\"itemListElement\":[{\"@type\":\"ListItem\",\"position\":1,\"name\":\"Home\",\"item\":\"https:\\\/\\\/www.organisator.ch\\\/\"},{\"@type\":\"ListItem\",\"position\":2,\"name\":\"Berufliche Eingliederung als L\u00f6sung gegen den Fachkr\u00e4ftemangel\"}]},{\"@type\":\"WebSite\",\"@id\":\"https:\\\/\\\/www.organisator.ch\\\/#website\",\"url\":\"https:\\\/\\\/www.organisator.ch\\\/\",\"name\":\"Organisator\",\"description\":\"Kompetent. Praxisnah. Der ORGANISATOR bereitet in 10 Ausgaben pro Jahr die wesentlichen Themen f\u00fcr F\u00fchrungskr\u00e4fte von KMU auf.\",\"publisher\":{\"@id\":\"https:\\\/\\\/www.organisator.ch\\\/#organization\"},\"potentialAction\":[{\"@type\":\"SearchAction\",\"target\":{\"@type\":\"EntryPoint\",\"urlTemplate\":\"https:\\\/\\\/www.organisator.ch\\\/?s={search_term_string}\"},\"query-input\":{\"@type\":\"PropertyValueSpecification\",\"valueRequired\":true,\"valueName\":\"search_term_string\"}}],\"inLanguage\":\"fr-FR\"},{\"@type\":\"Organization\",\"@id\":\"https:\\\/\\\/www.organisator.ch\\\/#organization\",\"name\":\"Organisator\",\"url\":\"https:\\\/\\\/www.organisator.ch\\\/\",\"logo\":{\"@type\":\"ImageObject\",\"inLanguage\":\"fr-FR\",\"@id\":\"https:\\\/\\\/www.organisator.ch\\\/#\\\/schema\\\/logo\\\/image\\\/\",\"url\":\"https:\\\/\\\/www.organisator.ch\\\/wp-content\\\/uploads\\\/2022\\\/01\\\/Logo_Organisator_Website.png\",\"contentUrl\":\"https:\\\/\\\/www.organisator.ch\\\/wp-content\\\/uploads\\\/2022\\\/01\\\/Logo_Organisator_Website.png\",\"width\":800,\"height\":77,\"caption\":\"Organisator\"},\"image\":{\"@id\":\"https:\\\/\\\/www.organisator.ch\\\/#\\\/schema\\\/logo\\\/image\\\/\"},\"sameAs\":[\"https:\\\/\\\/www.facebook.com\\\/OrganisatorFachmagazin\",\"https:\\\/\\\/www.linkedin.com\\\/showcase\\\/organisator-das-magazin-fr-kmu\",\"https:\\\/\\\/www.xing.com\\\/news\\\/pages\\\/organisator-ch-695\",\"https:\\\/\\\/www.youtube.com\\\/channel\\\/UCGP2Sq0iWaZwT3BdIAQFYpw\"]},{\"@type\":\"Person\",\"@id\":\"https:\\\/\\\/www.organisator.ch\\\/#\\\/schema\\\/person\\\/6f650f90b2842cd4c0cc334b4e36f67e\",\"name\":\"thomas.berner\",\"image\":{\"@type\":\"ImageObject\",\"inLanguage\":\"fr-FR\",\"@id\":\"https:\\\/\\\/secure.gravatar.com\\\/avatar\\\/ac5001d2a36cb6c6cd3e50789007ffca834b477b74a2144564522e944eabff61?s=96&d=mm&r=g\",\"url\":\"https:\\\/\\\/secure.gravatar.com\\\/avatar\\\/ac5001d2a36cb6c6cd3e50789007ffca834b477b74a2144564522e944eabff61?s=96&d=mm&r=g\",\"contentUrl\":\"https:\\\/\\\/secure.gravatar.com\\\/avatar\\\/ac5001d2a36cb6c6cd3e50789007ffca834b477b74a2144564522e944eabff61?s=96&d=mm&r=g\",\"caption\":\"thomas.berner\"},\"url\":\"https:\\\/\\\/www.organisator.ch\\\/fr\\\/author\\\/thomas-berner\\\/\"}]}<\/script>\n<!-- \/ Yoast SEO plugin. -->","yoast_head_json":{"title":"L'insertion professionnelle comme solution \u00e0 la p\u00e9nurie de main-d'\u0153uvre qualifi\u00e9e - Organisateur","description":"La (r\u00e9)insertion constitue une approche centrale des mesures de lutte contre la p\u00e9nurie de main-d'\u0153uvre qualifi\u00e9e.","robots":{"index":"index","follow":"follow","max-snippet":"max-snippet:-1","max-image-preview":"max-image-preview:large","max-video-preview":"max-video-preview:-1"},"canonical":"https:\/\/www.organisator.ch\/fr\/ressources-humaines\/2022-11-23\/berufliche-eingliederung-als-loesung-gegen-den-fachkraeftemangel\/","og_locale":"fr_FR","og_type":"article","og_title":"Berufliche Eingliederung als L\u00f6sung gegen den Fachkr\u00e4ftemangel","og_description":"Bei Massnahmen zur Bek\u00e4mpfung des Fachkr\u00e4ftemangels stellt die (Wieder-)Eingliederung einen zentralen Ansatz dar.","og_url":"https:\/\/www.organisator.ch\/fr\/ressources-humaines\/2022-11-23\/berufliche-eingliederung-als-loesung-gegen-den-fachkraeftemangel\/","og_site_name":"Organisator","article_publisher":"https:\/\/www.facebook.com\/OrganisatorFachmagazin","article_published_time":"2022-11-23T08:03:44+00:00","og_image":[{"width":680,"height":434,"url":"https:\/\/www.organisator.ch\/wp-content\/uploads\/2022\/11\/Berufliche-Eingliederung-als-Loesung-gegen-den-Fachkraeftemangel_Organisator.jpg","type":"image\/jpeg"}],"author":"thomas.berner","twitter_card":"summary_large_image","twitter_title":"Berufliche #Eingliederung als L\u00f6sung gegen den #Fachkr\u00e4ftemangel","twitter_description":"Bei Massnahmen zur #Bek\u00e4mpfung des #Fachkr\u00e4ftemangels stellt die #(Wieder-)Eingliederung einen zentralen Ansatz dar.","twitter_image":"https:\/\/www.organisator.ch\/wp-content\/uploads\/2022\/11\/Berufliche-Eingliederung-als-Loesung-gegen-den-Fachkraeftemangel_Organisator.jpg","schema":{"@context":"https:\/\/schema.org","@graph":[{"@type":"Article","@id":"https:\/\/www.organisator.ch\/human-resources\/2022-11-23\/berufliche-eingliederung-als-loesung-gegen-den-fachkraeftemangel\/#article","isPartOf":{"@id":"https:\/\/www.organisator.ch\/human-resources\/2022-11-23\/berufliche-eingliederung-als-loesung-gegen-den-fachkraeftemangel\/"},"author":{"name":"thomas.berner","@id":"https:\/\/www.organisator.ch\/#\/schema\/person\/6f650f90b2842cd4c0cc334b4e36f67e"},"headline":"Berufliche Eingliederung als L\u00f6sung gegen den Fachkr\u00e4ftemangel","datePublished":"2022-11-23T08:03:44+00:00","mainEntityOfPage":{"@id":"https:\/\/www.organisator.ch\/human-resources\/2022-11-23\/berufliche-eingliederung-als-loesung-gegen-den-fachkraeftemangel\/"},"wordCount":434,"publisher":{"@id":"https:\/\/www.organisator.ch\/#organization"},"image":{"@id":"https:\/\/www.organisator.ch\/human-resources\/2022-11-23\/berufliche-eingliederung-als-loesung-gegen-den-fachkraeftemangel\/#primaryimage"},"thumbnailUrl":"https:\/\/www.organisator.ch\/wp-content\/uploads\/2022\/11\/Berufliche-Eingliederung-als-Loesung-gegen-den-Fachkraeftemangel_Organisator.jpg","keywords":["Berufliche Wiedereingliederung","Fachkongress\/Fachmesse","Fachkr\u00e4ftemangel","HRM"],"articleSection":["HUMAN RESOURCES"],"inLanguage":"fr-FR"},{"@type":"WebPage","@id":"https:\/\/www.organisator.ch\/human-resources\/2022-11-23\/berufliche-eingliederung-als-loesung-gegen-den-fachkraeftemangel\/","url":"https:\/\/www.organisator.ch\/human-resources\/2022-11-23\/berufliche-eingliederung-als-loesung-gegen-den-fachkraeftemangel\/","name":"L'insertion professionnelle comme solution \u00e0 la p\u00e9nurie de main-d'\u0153uvre qualifi\u00e9e - Organisateur","isPartOf":{"@id":"https:\/\/www.organisator.ch\/#website"},"primaryImageOfPage":{"@id":"https:\/\/www.organisator.ch\/human-resources\/2022-11-23\/berufliche-eingliederung-als-loesung-gegen-den-fachkraeftemangel\/#primaryimage"},"image":{"@id":"https:\/\/www.organisator.ch\/human-resources\/2022-11-23\/berufliche-eingliederung-als-loesung-gegen-den-fachkraeftemangel\/#primaryimage"},"thumbnailUrl":"https:\/\/www.organisator.ch\/wp-content\/uploads\/2022\/11\/Berufliche-Eingliederung-als-Loesung-gegen-den-Fachkraeftemangel_Organisator.jpg","datePublished":"2022-11-23T08:03:44+00:00","description":"La (r\u00e9)insertion constitue une approche centrale des mesures de lutte contre la p\u00e9nurie de main-d'\u0153uvre qualifi\u00e9e.","breadcrumb":{"@id":"https:\/\/www.organisator.ch\/human-resources\/2022-11-23\/berufliche-eingliederung-als-loesung-gegen-den-fachkraeftemangel\/#breadcrumb"},"inLanguage":"fr-FR","potentialAction":[{"@type":"ReadAction","target":["https:\/\/www.organisator.ch\/human-resources\/2022-11-23\/berufliche-eingliederung-als-loesung-gegen-den-fachkraeftemangel\/"]}]},{"@type":"ImageObject","inLanguage":"fr-FR","@id":"https:\/\/www.organisator.ch\/human-resources\/2022-11-23\/berufliche-eingliederung-als-loesung-gegen-den-fachkraeftemangel\/#primaryimage","url":"https:\/\/www.organisator.ch\/wp-content\/uploads\/2022\/11\/Berufliche-Eingliederung-als-Loesung-gegen-den-Fachkraeftemangel_Organisator.jpg","contentUrl":"https:\/\/www.organisator.ch\/wp-content\/uploads\/2022\/11\/Berufliche-Eingliederung-als-Loesung-gegen-den-Fachkraeftemangel_Organisator.jpg","width":680,"height":434,"caption":"Eine Fachtagung befasste sich mit dem Potenzial beruflicher (Wieder-) Eingliederung gegen den Fachkr\u00e4ftemangel. (Bild: Compasso)"},{"@type":"BreadcrumbList","@id":"https:\/\/www.organisator.ch\/human-resources\/2022-11-23\/berufliche-eingliederung-als-loesung-gegen-den-fachkraeftemangel\/#breadcrumb","itemListElement":[{"@type":"ListItem","position":1,"name":"Home","item":"https:\/\/www.organisator.ch\/"},{"@type":"ListItem","position":2,"name":"Berufliche Eingliederung als L\u00f6sung gegen den Fachkr\u00e4ftemangel"}]},{"@type":"WebSite","@id":"https:\/\/www.organisator.ch\/#website","url":"https:\/\/www.organisator.ch\/","name":"Organisateur","description":"Comp\u00e9tence et comp\u00e9tence. Proches de la pratique. L'ORGANISATEUR pr\u00e9pare 10 num\u00e9ros par an sur les th\u00e8mes essentiels pour les dirigeants de PME.","publisher":{"@id":"https:\/\/www.organisator.ch\/#organization"},"potentialAction":[{"@type":"SearchAction","target":{"@type":"EntryPoint","urlTemplate":"https:\/\/www.organisator.ch\/?s={search_term_string}"},"query-input":{"@type":"PropertyValueSpecification","valueRequired":true,"valueName":"search_term_string"}}],"inLanguage":"fr-FR"},{"@type":"Organization","@id":"https:\/\/www.organisator.ch\/#organization","name":"Organisateur","url":"https:\/\/www.organisator.ch\/","logo":{"@type":"ImageObject","inLanguage":"fr-FR","@id":"https:\/\/www.organisator.ch\/#\/schema\/logo\/image\/","url":"https:\/\/www.organisator.ch\/wp-content\/uploads\/2022\/01\/Logo_Organisator_Website.png","contentUrl":"https:\/\/www.organisator.ch\/wp-content\/uploads\/2022\/01\/Logo_Organisator_Website.png","width":800,"height":77,"caption":"Organisator"},"image":{"@id":"https:\/\/www.organisator.ch\/#\/schema\/logo\/image\/"},"sameAs":["https:\/\/www.facebook.com\/OrganisatorFachmagazin","https:\/\/www.linkedin.com\/showcase\/organisator-das-magazin-fr-kmu","https:\/\/www.xing.com\/news\/pages\/organisator-ch-695","https:\/\/www.youtube.com\/channel\/UCGP2Sq0iWaZwT3BdIAQFYpw"]},{"@type":"Person","@id":"https:\/\/www.organisator.ch\/#\/schema\/person\/6f650f90b2842cd4c0cc334b4e36f67e","name":"thomas.berner","image":{"@type":"ImageObject","inLanguage":"fr-FR","@id":"https:\/\/secure.gravatar.com\/avatar\/ac5001d2a36cb6c6cd3e50789007ffca834b477b74a2144564522e944eabff61?s=96&d=mm&r=g","url":"https:\/\/secure.gravatar.com\/avatar\/ac5001d2a36cb6c6cd3e50789007ffca834b477b74a2144564522e944eabff61?s=96&d=mm&r=g","contentUrl":"https:\/\/secure.gravatar.com\/avatar\/ac5001d2a36cb6c6cd3e50789007ffca834b477b74a2144564522e944eabff61?s=96&d=mm&r=g","caption":"thomas.berner"},"url":"https:\/\/www.organisator.ch\/fr\/author\/thomas-berner\/"}]}},"_links":{"self":[{"href":"https:\/\/www.organisator.ch\/fr\/wp-json\/wp\/v2\/posts\/17906","targetHints":{"allow":["GET"]}}],"collection":[{"href":"https:\/\/www.organisator.ch\/fr\/wp-json\/wp\/v2\/posts"}],"about":[{"href":"https:\/\/www.organisator.ch\/fr\/wp-json\/wp\/v2\/types\/post"}],"author":[{"embeddable":true,"href":"https:\/\/www.organisator.ch\/fr\/wp-json\/wp\/v2\/users\/4"}],"replies":[{"embeddable":true,"href":"https:\/\/www.organisator.ch\/fr\/wp-json\/wp\/v2\/comments?post=17906"}],"version-history":[{"count":1,"href":"https:\/\/www.organisator.ch\/fr\/wp-json\/wp\/v2\/posts\/17906\/revisions"}],"predecessor-version":[{"id":17908,"href":"https:\/\/www.organisator.ch\/fr\/wp-json\/wp\/v2\/posts\/17906\/revisions\/17908"}],"wp:featuredmedia":[{"embeddable":true,"href":"https:\/\/www.organisator.ch\/fr\/wp-json\/wp\/v2\/media\/17907"}],"wp:attachment":[{"href":"https:\/\/www.organisator.ch\/fr\/wp-json\/wp\/v2\/media?parent=17906"}],"wp:term":[{"taxonomy":"category","embeddable":true,"href":"https:\/\/www.organisator.ch\/fr\/wp-json\/wp\/v2\/categories?post=17906"},{"taxonomy":"post_tag","embeddable":true,"href":"https:\/\/www.organisator.ch\/fr\/wp-json\/wp\/v2\/tags?post=17906"}],"curies":[{"name":"wp","href":"https:\/\/api.w.org\/{rel}","templated":true}]}}