{"id":17923,"date":"2022-11-24T13:30:50","date_gmt":"2022-11-24T12:30:50","guid":{"rendered":"https:\/\/www.m-q.ch\/?p=17201"},"modified":"2024-11-20T09:09:05","modified_gmt":"2024-11-20T08:09:05","slug":"wirtschaftliche-grundversorgung-im-krisenfall-weitgehend-gewaehrleistet","status":"publish","type":"post","link":"https:\/\/www.organisator.ch\/fr\/operational-excellence\/2022-11-24\/wirtschaftliche-grundversorgung-im-krisenfall-weitgehend-gewaehrleistet\/","title":{"rendered":"L'approvisionnement \u00e9conomique de base largement garanti en cas de crise"},"content":{"rendered":"<figure id=\"attachment_17202\" class=\"wp-caption alignnone\" style=\"width: 680px\" aria-describedby=\"caption-attachment-17202\"><img class=\"alignnone wp-image-17202 size-full\" src=\"https:\/\/www.m-q.ch\/wp-content\/uploads\/2022\/11\/Wirtschaftliche-Grundversorgung-im-Krisenfall-weitgehend-gewaehrleistet-1_MQ.jpg\" alt=\"Barom\u00e8tre de la r\u00e9silience Deloitte\" width=\"680\" height=\"453\" \/>\r\n<figcaption id=\"caption-attachment-17202\" class=\"wp-caption-text\">En mati\u00e8re d'approvisionnement de base, le secteur de l'\u00e9nergie fait preuve d'une \u00e9tonnante r\u00e9silience en cas de crise. (Image : Pixabay.com)<\/figcaption>\r\n<\/figure>\r\n<p>Le cabinet d'audit Deloitte a publi\u00e9 un nouveau barom\u00e8tre de la r\u00e9silience de l'\u00e9conomie suisse. Pour ce faire, les auteurs ont divis\u00e9 l'\u00e9conomie en huit domaines avec d'autres sous-domaines. Chaque sous-domaine a ensuite \u00e9t\u00e9 analys\u00e9 en fonction de sa capacit\u00e9 de r\u00e9sistance \u00e0 trois sc\u00e9narios s\u00e9lectionn\u00e9s. Les sc\u00e9narios choisis sont, premi\u00e8rement, une pand\u00e9mie hautement contagieuse et pathog\u00e8ne, deuxi\u00e8mement, une aggravation des tensions politiques mondiales avec la formation de blocs, une augmentation des sanctions et l'interruption des cha\u00eenes d'approvisionnement et, troisi\u00e8mement, une nouvelle aggravation du changement climatique avec des \u00e9v\u00e9nements climatiques extr\u00eames comme des vagues de chaleur ou des inondations. Dans tous ces sc\u00e9narios, on peut supposer qu'il existe un risque consid\u00e9rable pour l'approvisionnement de base.<\/p>\r\n<h3>Des diff\u00e9rences consid\u00e9rables entre les secteurs \u00e9conomiques<\/h3>\r\n<p>L'\u00e9tude fait appara\u00eetre des diff\u00e9rences consid\u00e9rables entre les huit domaines essentiels au fonctionnement de l'\u00e9conomie : L'infrastructure des march\u00e9s financiers, par exemple, fait preuve d'une r\u00e9silience r\u00e9jouissante. L'approvisionnement \u00e9nerg\u00e9tique, dont on parle beaucoup actuellement, pr\u00e9sente certes certaines faiblesses, mais l'approvisionnement de base peut \u00eatre maintenu dans une large mesure. L'approvisionnement en soins de sant\u00e9 se montre moins r\u00e9silient, car il subirait des restrictions consid\u00e9rables dans les sc\u00e9narios \"Pand\u00e9mie mondiale\" et \"Tensions g\u00e9opolitiques et formation de blocs\". La logistique est \u00e9galement tr\u00e8s vuln\u00e9rable en raison de la mondialisation, notamment dans l'optique du sc\u00e9nario Tensions g\u00e9opolitiques. \"L\u00e0 o\u00f9 des personnes assument des t\u00e2ches importantes sur place, cela devient difficile en cas de crise\", explique Ralph Wyss, associ\u00e9 et responsable du secteur industriel D\u00e9fense, s\u00e9curit\u00e9 et justice chez Deloitte Suisse.<\/p>\r\n<h3>La logistique doit \u00eatre renforc\u00e9e en tant que pi\u00e8ce ma\u00eetresse<\/h3>\r\n<p>Si certaines lacunes dans les soins de sant\u00e9 ne sont gu\u00e8re surprenantes en cas de pand\u00e9mie grave, la r\u00e9silience de la logistique peut tr\u00e8s bien \u00eatre renforc\u00e9e. Il appara\u00eet clairement que l'\u00e9conomie suisse est fortement d\u00e9pendante de cha\u00eenes d'approvisionnement mondiales qui ne sont pas r\u00e9silientes en cas de pand\u00e9mie ou d'augmentation des tensions politiques. \"Une logistique qui fonctionne est au c\u0153ur de l'\u00e9conomie. Les entreprises et les associations devraient donc s'attaquer rapidement aux points faibles mis en \u00e9vidence par l'\u00e9tude\", explique Ralph Wyss.<\/p>\r\n<h3>R\u00e9silience fortement d\u00e9pendante du sc\u00e9nario<\/h3>\r\n<p>Des trois sc\u00e9narios analys\u00e9s, c'est une pand\u00e9mie qui a le plus d'impact sur l'\u00e9conomie suisse - m\u00eame si la Suisse et le monde entier ont d\u00e9j\u00e0 acquis beaucoup d'exp\u00e9rience avec Covid-19 : \"Il est tr\u00e8s difficile de construire une meilleure r\u00e9silience dans le cas d'une pand\u00e9mie encore plus contagieuse. En fin de compte, dans un tel cas, les personnes en bonne sant\u00e9 aident les personnes malades. Tant que la technologie ne remplacera pas l'homme de mani\u00e8re significative, la faiblesse du syst\u00e8me persistera\", explique Ralph Wyss.<\/p>\r\n<figure id=\"attachment_17203\" class=\"wp-caption alignnone\" style=\"width: 680px\" aria-describedby=\"caption-attachment-17203\"><img class=\"size-full wp-image-17203\" src=\"https:\/\/www.m-q.ch\/wp-content\/uploads\/2022\/11\/Wirtschaftliche-Grundversorgung-im-Krisenfall-weitgehend-gewaehrleistet-2_MQ.jpg\" alt=\"\" width=\"680\" height=\"423\" \/>\r\n<figcaption id=\"caption-attachment-17203\" class=\"wp-caption-text\">Valeurs de r\u00e9silience en Suisse selon les sc\u00e9narios. (Graphique : Deloitte)<\/figcaption>\r\n<\/figure>\r\n<p>L'augmentation des \u00e9v\u00e9nements climatiques extr\u00eames a un impact moins important, mais qui commence \u00e0 se faire sentir. Outre la logistique, ceux-ci ont de plus en plus d'impact sur l'approvisionnement alimentaire. \"Dans les trois \u00e0 cinq prochaines ann\u00e9es, il ne faut pas s'attendre \u00e0 ce que des \u00e9v\u00e9nements climatiques extr\u00eames mettent en p\u00e9ril l'approvisionnement de base de l'\u00e9conomie suisse. Les pr\u00e9visions plus lointaines d\u00e9pendent fortement du succ\u00e8s de la communaut\u00e9 internationale \u00e0 stopper la hausse globale des temp\u00e9ratures\", explique C\u00e9line Neuenschwander, chercheuse chez Deloitte Suisse et responsable de l'\u00e9tude.<\/p>\r\n<h3>La s\u00e9curit\u00e9 publique d\u00e9pend fortement du syst\u00e8me de milice<\/h3>\r\n<p>Dans tous les sc\u00e9narios, la s\u00e9curit\u00e9 publique fait preuve d'une grande r\u00e9silience face aux crises. Le service sanitaire, qui subit de fortes restrictions dans le sc\u00e9nario de pand\u00e9mie, constitue une exception. L'arm\u00e9e, en tant que dernier recours pour le maintien de la s\u00e9curit\u00e9 publique, conna\u00eet des difficult\u00e9s, surtout dans le sc\u00e9nario Tensions g\u00e9opolitiques, car il est difficile de se procurer des armements. De plus, de nombreuses institutions telles que l'arm\u00e9e, la protection civile, les cellules de crise, mais aussi les pompiers, reposent sur le syst\u00e8me de milice dans presque tout le pays. \"Au fur et \u00e0 mesure de la dur\u00e9e d'une crise, les personnes responsables d'une fonction de milice devront retourner \u00e0 leur m\u00e9tier d'origine. C'est le grand d\u00e9fi pour notre syst\u00e8me de milice qui, par ailleurs, fonctionne bien\", explique Ralph Wyss.<\/p>\r\n<h3>R\u00e9silience encourageante de l'infrastructure des march\u00e9s financiers et de l'approvisionnement en \u00e9nergie<\/h3>\r\n<p>Du c\u00f4t\u00e9 positif, on trouve l'infrastructure des march\u00e9s financiers et l'approvisionnement en \u00e9nergie, qui pr\u00e9sentent tous deux des valeurs de r\u00e9silience \u00e9lev\u00e9es dans l'\u00e9valuation globale. Toutefois, en cas de fortes tensions g\u00e9opolitiques et d'intensification des blocs, la r\u00e9silience de l'approvisionnement \u00e9nerg\u00e9tique suisse diminue rapidement. \"Face \u00e0 une \u00e9conomie de plus en plus num\u00e9ris\u00e9e, un approvisionnement \u00e9nerg\u00e9tique vuln\u00e9rable est probl\u00e9matique. Actuellement, la plupart des entreprises ont donc pris des mesures pour comprendre plus pr\u00e9cis\u00e9ment leur propre consommation et se pr\u00e9parent \u00e0 r\u00e9duire leur consommation d'\u00e9lectricit\u00e9 \u00e0 court terme et \u00e0 planifier la gestion du contingentement et des coupures de courant\", explique Ralph Wyss.<\/p>\r\n<p>L'\u00e9tude fait volontairement la distinction entre le maintien de la situation confortable actuelle et un service universel qui ne fournirait que le n\u00e9cessaire. \"Il s'av\u00e8re heureusement que l'\u00e9conomie suisse est en mesure d'assurer un bon service de base, \u00e0 quelques exceptions pr\u00e8s. Les points faibles identifi\u00e9s montrent toutefois que les entreprises et les autorit\u00e9s doivent aborder le th\u00e8me de la r\u00e9silience de mani\u00e8re large. La focalisation actuelle sur l'approvisionnement en \u00e9nergie est certes importante, mais elle ne rend pas compte de l'ampleur des d\u00e9fis \u00e0 relever\", conclut Ralph Wyss.<\/p>\r\n<p><em>Source : <a href=\"https:\/\/www2.deloitte.com\/ch\/de.html\">Deloitte<\/a><\/em><\/p>\n<p class=\"syndicated-attribution\">Cet article est paru initialement sur m-q.ch - <a href=\"https:\/\/www.m-q.ch\/de\/wirtschaftliche-grundversorgung-im-krisenfall-weitgehend-gewaehrleistet\/\" target=\"_blank\">https:\/\/www.m-q.ch\/de\/wirtschaftliche-grundversorgung-im-krisenfall-weitgehend-gewaehrleistet\/<\/a><\/p>","protected":false},"excerpt":{"rendered":"<p>Das Wirtschaftspr\u00fcfungsunternehmen Deloitte hat einen neuen Resilienz-Barometer f\u00fcr die Schweizer Wirtschaft ver\u00f6ffentlicht. Zu diesem Zweck haben die Autorinnen und Autoren die Wirtschaft in acht Bereiche mit weiteren Unterbereichen eingeteilt. Jeder Unterbereich wurde dann auf seine Widerstandskraft gegen\u00fcber drei ausgew\u00e4hlten Szenarien untersucht. Als Szenarien gew\u00e4hlt wurden erstens eine hochansteckende und krankmachende Pandemie, zweitens eine Versch\u00e4rfung der [\u2026]<\/p>\n","protected":false},"author":8,"featured_media":0,"comment_status":"closed","ping_status":"closed","sticky":false,"template":"","format":"standard","meta":{"_acf_changed":false,"_yoast_wpseo_focuskw":"Deloitte Resilienz-Barometer","_yoast_wpseo_metadesc":"Deloitte Resilienz-Barometer 2023: Schweizer Wirtschaft zeigt Schwachstellen und St\u00e4rken in Krisenzeiten. Logistik st\u00e4rken.","articlekey":"","footnotes":""},"categories":[582],"tags":[3521],"class_list":["post-17923","post","type-post","status-publish","format-standard","hentry","category-operational-excellence","tag-grundversorgung"],"acf":[],"yoast_head":"<!-- This site is optimized with the Yoast SEO plugin v27.5 - https:\/\/yoast.com\/product\/yoast-seo-wordpress\/ -->\n<title>Wirtschaftliche Grundversorgung im Krisenfall weitgehend gew\u00e4hrleistet - Organisator<\/title>\n<meta name=\"description\" content=\"Deloitte Resilienz-Barometer 2023: Schweizer Wirtschaft zeigt Schwachstellen und St\u00e4rken in Krisenzeiten. Logistik st\u00e4rken.\" \/>\n<meta name=\"robots\" content=\"index, follow, max-snippet:-1, max-image-preview:large, max-video-preview:-1\" \/>\n<link rel=\"canonical\" href=\"https:\/\/www.organisator.ch\/fr\/excellence-operationnelle\/2022-11-24\/wirtschaftliche-grundversorgung-im-krisenfall-weitgehend-gewaehrleistet\/\" \/>\n<meta property=\"og:locale\" content=\"fr_FR\" \/>\n<meta property=\"og:type\" content=\"article\" \/>\n<meta property=\"og:title\" content=\"Wirtschaftliche Grundversorgung im Krisenfall weitgehend gew\u00e4hrleistet - Organisator\" \/>\n<meta property=\"og:description\" content=\"Deloitte Resilienz-Barometer 2023: Schweizer Wirtschaft zeigt Schwachstellen und St\u00e4rken in Krisenzeiten. Logistik st\u00e4rken.\" \/>\n<meta property=\"og:url\" content=\"https:\/\/www.organisator.ch\/fr\/excellence-operationnelle\/2022-11-24\/wirtschaftliche-grundversorgung-im-krisenfall-weitgehend-gewaehrleistet\/\" \/>\n<meta property=\"og:site_name\" content=\"Organisator\" \/>\n<meta property=\"article:publisher\" content=\"https:\/\/www.facebook.com\/OrganisatorFachmagazin\" \/>\n<meta property=\"article:published_time\" content=\"2022-11-24T12:30:50+00:00\" \/>\n<meta property=\"article:modified_time\" content=\"2024-11-20T08:09:05+00:00\" \/>\n<meta name=\"author\" content=\"galledia\" \/>\n<meta name=\"twitter:card\" content=\"summary_large_image\" \/>\n<meta name=\"twitter:creator\" content=\"@admin\" \/>\n<script type=\"application\/ld+json\" class=\"yoast-schema-graph\">{\"@context\":\"https:\\\/\\\/schema.org\",\"@graph\":[{\"@type\":\"Article\",\"@id\":\"https:\\\/\\\/www.organisator.ch\\\/operational-excellence\\\/2022-11-24\\\/wirtschaftliche-grundversorgung-im-krisenfall-weitgehend-gewaehrleistet\\\/#article\",\"isPartOf\":{\"@id\":\"https:\\\/\\\/www.organisator.ch\\\/operational-excellence\\\/2022-11-24\\\/wirtschaftliche-grundversorgung-im-krisenfall-weitgehend-gewaehrleistet\\\/\"},\"author\":{\"name\":\"galledia\",\"@id\":\"https:\\\/\\\/www.organisator.ch\\\/#\\\/schema\\\/person\\\/4e51799071cd2dd1232ac003643ef5f0\"},\"headline\":\"Wirtschaftliche Grundversorgung im Krisenfall weitgehend gew\u00e4hrleistet\",\"datePublished\":\"2022-11-24T12:30:50+00:00\",\"dateModified\":\"2024-11-20T08:09:05+00:00\",\"mainEntityOfPage\":{\"@id\":\"https:\\\/\\\/www.organisator.ch\\\/operational-excellence\\\/2022-11-24\\\/wirtschaftliche-grundversorgung-im-krisenfall-weitgehend-gewaehrleistet\\\/\"},\"wordCount\":788,\"publisher\":{\"@id\":\"https:\\\/\\\/www.organisator.ch\\\/#organization\"},\"image\":{\"@id\":\"https:\\\/\\\/www.organisator.ch\\\/operational-excellence\\\/2022-11-24\\\/wirtschaftliche-grundversorgung-im-krisenfall-weitgehend-gewaehrleistet\\\/#primaryimage\"},\"thumbnailUrl\":\"https:\\\/\\\/www.m-q.ch\\\/wp-content\\\/uploads\\\/2022\\\/11\\\/Wirtschaftliche-Grundversorgung-im-Krisenfall-weitgehend-gewaehrleistet-1_MQ.jpg\",\"keywords\":[\"Grundversorgung\"],\"articleSection\":[\"OPERATIONAL EXCELLENCE\"],\"inLanguage\":\"fr-FR\"},{\"@type\":\"WebPage\",\"@id\":\"https:\\\/\\\/www.organisator.ch\\\/operational-excellence\\\/2022-11-24\\\/wirtschaftliche-grundversorgung-im-krisenfall-weitgehend-gewaehrleistet\\\/\",\"url\":\"https:\\\/\\\/www.organisator.ch\\\/operational-excellence\\\/2022-11-24\\\/wirtschaftliche-grundversorgung-im-krisenfall-weitgehend-gewaehrleistet\\\/\",\"name\":\"Wirtschaftliche Grundversorgung im Krisenfall weitgehend gew\u00e4hrleistet - Organisator\",\"isPartOf\":{\"@id\":\"https:\\\/\\\/www.organisator.ch\\\/#website\"},\"primaryImageOfPage\":{\"@id\":\"https:\\\/\\\/www.organisator.ch\\\/operational-excellence\\\/2022-11-24\\\/wirtschaftliche-grundversorgung-im-krisenfall-weitgehend-gewaehrleistet\\\/#primaryimage\"},\"image\":{\"@id\":\"https:\\\/\\\/www.organisator.ch\\\/operational-excellence\\\/2022-11-24\\\/wirtschaftliche-grundversorgung-im-krisenfall-weitgehend-gewaehrleistet\\\/#primaryimage\"},\"thumbnailUrl\":\"https:\\\/\\\/www.m-q.ch\\\/wp-content\\\/uploads\\\/2022\\\/11\\\/Wirtschaftliche-Grundversorgung-im-Krisenfall-weitgehend-gewaehrleistet-1_MQ.jpg\",\"datePublished\":\"2022-11-24T12:30:50+00:00\",\"dateModified\":\"2024-11-20T08:09:05+00:00\",\"description\":\"Deloitte Resilienz-Barometer 2023: Schweizer Wirtschaft zeigt Schwachstellen und St\u00e4rken in Krisenzeiten. Logistik st\u00e4rken.\",\"breadcrumb\":{\"@id\":\"https:\\\/\\\/www.organisator.ch\\\/operational-excellence\\\/2022-11-24\\\/wirtschaftliche-grundversorgung-im-krisenfall-weitgehend-gewaehrleistet\\\/#breadcrumb\"},\"inLanguage\":\"fr-FR\",\"potentialAction\":[{\"@type\":\"ReadAction\",\"target\":[\"https:\\\/\\\/www.organisator.ch\\\/operational-excellence\\\/2022-11-24\\\/wirtschaftliche-grundversorgung-im-krisenfall-weitgehend-gewaehrleistet\\\/\"]}]},{\"@type\":\"ImageObject\",\"inLanguage\":\"fr-FR\",\"@id\":\"https:\\\/\\\/www.organisator.ch\\\/operational-excellence\\\/2022-11-24\\\/wirtschaftliche-grundversorgung-im-krisenfall-weitgehend-gewaehrleistet\\\/#primaryimage\",\"url\":\"https:\\\/\\\/www.m-q.ch\\\/wp-content\\\/uploads\\\/2022\\\/11\\\/Wirtschaftliche-Grundversorgung-im-Krisenfall-weitgehend-gewaehrleistet-1_MQ.jpg\",\"contentUrl\":\"https:\\\/\\\/www.m-q.ch\\\/wp-content\\\/uploads\\\/2022\\\/11\\\/Wirtschaftliche-Grundversorgung-im-Krisenfall-weitgehend-gewaehrleistet-1_MQ.jpg\"},{\"@type\":\"BreadcrumbList\",\"@id\":\"https:\\\/\\\/www.organisator.ch\\\/operational-excellence\\\/2022-11-24\\\/wirtschaftliche-grundversorgung-im-krisenfall-weitgehend-gewaehrleistet\\\/#breadcrumb\",\"itemListElement\":[{\"@type\":\"ListItem\",\"position\":1,\"name\":\"Home\",\"item\":\"https:\\\/\\\/www.organisator.ch\\\/\"},{\"@type\":\"ListItem\",\"position\":2,\"name\":\"Wirtschaftliche Grundversorgung im Krisenfall weitgehend gew\u00e4hrleistet\"}]},{\"@type\":\"WebSite\",\"@id\":\"https:\\\/\\\/www.organisator.ch\\\/#website\",\"url\":\"https:\\\/\\\/www.organisator.ch\\\/\",\"name\":\"Organisator\",\"description\":\"Kompetent. Praxisnah. Der ORGANISATOR bereitet in 10 Ausgaben pro Jahr die wesentlichen Themen f\u00fcr F\u00fchrungskr\u00e4fte von KMU auf.\",\"publisher\":{\"@id\":\"https:\\\/\\\/www.organisator.ch\\\/#organization\"},\"potentialAction\":[{\"@type\":\"SearchAction\",\"target\":{\"@type\":\"EntryPoint\",\"urlTemplate\":\"https:\\\/\\\/www.organisator.ch\\\/?s={search_term_string}\"},\"query-input\":{\"@type\":\"PropertyValueSpecification\",\"valueRequired\":true,\"valueName\":\"search_term_string\"}}],\"inLanguage\":\"fr-FR\"},{\"@type\":\"Organization\",\"@id\":\"https:\\\/\\\/www.organisator.ch\\\/#organization\",\"name\":\"Organisator\",\"url\":\"https:\\\/\\\/www.organisator.ch\\\/\",\"logo\":{\"@type\":\"ImageObject\",\"inLanguage\":\"fr-FR\",\"@id\":\"https:\\\/\\\/www.organisator.ch\\\/#\\\/schema\\\/logo\\\/image\\\/\",\"url\":\"https:\\\/\\\/www.organisator.ch\\\/wp-content\\\/uploads\\\/2022\\\/01\\\/Logo_Organisator_Website.png\",\"contentUrl\":\"https:\\\/\\\/www.organisator.ch\\\/wp-content\\\/uploads\\\/2022\\\/01\\\/Logo_Organisator_Website.png\",\"width\":800,\"height\":77,\"caption\":\"Organisator\"},\"image\":{\"@id\":\"https:\\\/\\\/www.organisator.ch\\\/#\\\/schema\\\/logo\\\/image\\\/\"},\"sameAs\":[\"https:\\\/\\\/www.facebook.com\\\/OrganisatorFachmagazin\",\"https:\\\/\\\/www.linkedin.com\\\/showcase\\\/organisator-das-magazin-fr-kmu\",\"https:\\\/\\\/www.xing.com\\\/news\\\/pages\\\/organisator-ch-695\",\"https:\\\/\\\/www.youtube.com\\\/channel\\\/UCGP2Sq0iWaZwT3BdIAQFYpw\"]},{\"@type\":\"Person\",\"@id\":\"https:\\\/\\\/www.organisator.ch\\\/#\\\/schema\\\/person\\\/4e51799071cd2dd1232ac003643ef5f0\",\"name\":\"galledia\",\"image\":{\"@type\":\"ImageObject\",\"inLanguage\":\"fr-FR\",\"@id\":\"https:\\\/\\\/secure.gravatar.com\\\/avatar\\\/78a7f90c01fc2bfc875782a0d4922b37cde2cf184ce347b91316d23cd7f69a36?s=96&d=mm&r=g\",\"url\":\"https:\\\/\\\/secure.gravatar.com\\\/avatar\\\/78a7f90c01fc2bfc875782a0d4922b37cde2cf184ce347b91316d23cd7f69a36?s=96&d=mm&r=g\",\"contentUrl\":\"https:\\\/\\\/secure.gravatar.com\\\/avatar\\\/78a7f90c01fc2bfc875782a0d4922b37cde2cf184ce347b91316d23cd7f69a36?s=96&d=mm&r=g\",\"caption\":\"galledia\"},\"sameAs\":[\"https:\\\/\\\/x.com\\\/admin\"],\"url\":\"https:\\\/\\\/www.organisator.ch\\\/fr\\\/author\\\/galledia\\\/\"}]}<\/script>\n<!-- \/ Yoast SEO plugin. -->","yoast_head_json":{"title":"L'approvisionnement \u00e9conomique de base largement garanti en cas de crise - Organisateur","description":"Barom\u00e8tre de la r\u00e9silience Deloitte 2023 : L'\u00e9conomie suisse r\u00e9v\u00e8le ses points faibles et ses points forts en temps de crise. Renforcer la logistique.","robots":{"index":"index","follow":"follow","max-snippet":"max-snippet:-1","max-image-preview":"max-image-preview:large","max-video-preview":"max-video-preview:-1"},"canonical":"https:\/\/www.organisator.ch\/fr\/excellence-operationnelle\/2022-11-24\/wirtschaftliche-grundversorgung-im-krisenfall-weitgehend-gewaehrleistet\/","og_locale":"fr_FR","og_type":"article","og_title":"Wirtschaftliche Grundversorgung im Krisenfall weitgehend gew\u00e4hrleistet - Organisator","og_description":"Deloitte Resilienz-Barometer 2023: Schweizer Wirtschaft zeigt Schwachstellen und St\u00e4rken in Krisenzeiten. Logistik st\u00e4rken.","og_url":"https:\/\/www.organisator.ch\/fr\/excellence-operationnelle\/2022-11-24\/wirtschaftliche-grundversorgung-im-krisenfall-weitgehend-gewaehrleistet\/","og_site_name":"Organisator","article_publisher":"https:\/\/www.facebook.com\/OrganisatorFachmagazin","article_published_time":"2022-11-24T12:30:50+00:00","article_modified_time":"2024-11-20T08:09:05+00:00","author":"galledia","twitter_card":"summary_large_image","twitter_creator":"@admin","schema":{"@context":"https:\/\/schema.org","@graph":[{"@type":"Article","@id":"https:\/\/www.organisator.ch\/operational-excellence\/2022-11-24\/wirtschaftliche-grundversorgung-im-krisenfall-weitgehend-gewaehrleistet\/#article","isPartOf":{"@id":"https:\/\/www.organisator.ch\/operational-excellence\/2022-11-24\/wirtschaftliche-grundversorgung-im-krisenfall-weitgehend-gewaehrleistet\/"},"author":{"name":"galledia","@id":"https:\/\/www.organisator.ch\/#\/schema\/person\/4e51799071cd2dd1232ac003643ef5f0"},"headline":"Wirtschaftliche Grundversorgung im Krisenfall weitgehend gew\u00e4hrleistet","datePublished":"2022-11-24T12:30:50+00:00","dateModified":"2024-11-20T08:09:05+00:00","mainEntityOfPage":{"@id":"https:\/\/www.organisator.ch\/operational-excellence\/2022-11-24\/wirtschaftliche-grundversorgung-im-krisenfall-weitgehend-gewaehrleistet\/"},"wordCount":788,"publisher":{"@id":"https:\/\/www.organisator.ch\/#organization"},"image":{"@id":"https:\/\/www.organisator.ch\/operational-excellence\/2022-11-24\/wirtschaftliche-grundversorgung-im-krisenfall-weitgehend-gewaehrleistet\/#primaryimage"},"thumbnailUrl":"https:\/\/www.m-q.ch\/wp-content\/uploads\/2022\/11\/Wirtschaftliche-Grundversorgung-im-Krisenfall-weitgehend-gewaehrleistet-1_MQ.jpg","keywords":["Grundversorgung"],"articleSection":["OPERATIONAL EXCELLENCE"],"inLanguage":"fr-FR"},{"@type":"WebPage","@id":"https:\/\/www.organisator.ch\/operational-excellence\/2022-11-24\/wirtschaftliche-grundversorgung-im-krisenfall-weitgehend-gewaehrleistet\/","url":"https:\/\/www.organisator.ch\/operational-excellence\/2022-11-24\/wirtschaftliche-grundversorgung-im-krisenfall-weitgehend-gewaehrleistet\/","name":"L'approvisionnement \u00e9conomique de base largement garanti en cas de crise - Organisateur","isPartOf":{"@id":"https:\/\/www.organisator.ch\/#website"},"primaryImageOfPage":{"@id":"https:\/\/www.organisator.ch\/operational-excellence\/2022-11-24\/wirtschaftliche-grundversorgung-im-krisenfall-weitgehend-gewaehrleistet\/#primaryimage"},"image":{"@id":"https:\/\/www.organisator.ch\/operational-excellence\/2022-11-24\/wirtschaftliche-grundversorgung-im-krisenfall-weitgehend-gewaehrleistet\/#primaryimage"},"thumbnailUrl":"https:\/\/www.m-q.ch\/wp-content\/uploads\/2022\/11\/Wirtschaftliche-Grundversorgung-im-Krisenfall-weitgehend-gewaehrleistet-1_MQ.jpg","datePublished":"2022-11-24T12:30:50+00:00","dateModified":"2024-11-20T08:09:05+00:00","description":"Barom\u00e8tre de la r\u00e9silience Deloitte 2023 : L'\u00e9conomie suisse r\u00e9v\u00e8le ses points faibles et ses points forts en temps de crise. Renforcer la logistique.","breadcrumb":{"@id":"https:\/\/www.organisator.ch\/operational-excellence\/2022-11-24\/wirtschaftliche-grundversorgung-im-krisenfall-weitgehend-gewaehrleistet\/#breadcrumb"},"inLanguage":"fr-FR","potentialAction":[{"@type":"ReadAction","target":["https:\/\/www.organisator.ch\/operational-excellence\/2022-11-24\/wirtschaftliche-grundversorgung-im-krisenfall-weitgehend-gewaehrleistet\/"]}]},{"@type":"ImageObject","inLanguage":"fr-FR","@id":"https:\/\/www.organisator.ch\/operational-excellence\/2022-11-24\/wirtschaftliche-grundversorgung-im-krisenfall-weitgehend-gewaehrleistet\/#primaryimage","url":"https:\/\/www.m-q.ch\/wp-content\/uploads\/2022\/11\/Wirtschaftliche-Grundversorgung-im-Krisenfall-weitgehend-gewaehrleistet-1_MQ.jpg","contentUrl":"https:\/\/www.m-q.ch\/wp-content\/uploads\/2022\/11\/Wirtschaftliche-Grundversorgung-im-Krisenfall-weitgehend-gewaehrleistet-1_MQ.jpg"},{"@type":"BreadcrumbList","@id":"https:\/\/www.organisator.ch\/operational-excellence\/2022-11-24\/wirtschaftliche-grundversorgung-im-krisenfall-weitgehend-gewaehrleistet\/#breadcrumb","itemListElement":[{"@type":"ListItem","position":1,"name":"Home","item":"https:\/\/www.organisator.ch\/"},{"@type":"ListItem","position":2,"name":"Wirtschaftliche Grundversorgung im Krisenfall weitgehend gew\u00e4hrleistet"}]},{"@type":"WebSite","@id":"https:\/\/www.organisator.ch\/#website","url":"https:\/\/www.organisator.ch\/","name":"Organisateur","description":"Comp\u00e9tence et comp\u00e9tence. Proches de la pratique. L'ORGANISATEUR pr\u00e9pare 10 num\u00e9ros par an sur les th\u00e8mes essentiels pour les dirigeants de PME.","publisher":{"@id":"https:\/\/www.organisator.ch\/#organization"},"potentialAction":[{"@type":"SearchAction","target":{"@type":"EntryPoint","urlTemplate":"https:\/\/www.organisator.ch\/?s={search_term_string}"},"query-input":{"@type":"PropertyValueSpecification","valueRequired":true,"valueName":"search_term_string"}}],"inLanguage":"fr-FR"},{"@type":"Organization","@id":"https:\/\/www.organisator.ch\/#organization","name":"Organisateur","url":"https:\/\/www.organisator.ch\/","logo":{"@type":"ImageObject","inLanguage":"fr-FR","@id":"https:\/\/www.organisator.ch\/#\/schema\/logo\/image\/","url":"https:\/\/www.organisator.ch\/wp-content\/uploads\/2022\/01\/Logo_Organisator_Website.png","contentUrl":"https:\/\/www.organisator.ch\/wp-content\/uploads\/2022\/01\/Logo_Organisator_Website.png","width":800,"height":77,"caption":"Organisator"},"image":{"@id":"https:\/\/www.organisator.ch\/#\/schema\/logo\/image\/"},"sameAs":["https:\/\/www.facebook.com\/OrganisatorFachmagazin","https:\/\/www.linkedin.com\/showcase\/organisator-das-magazin-fr-kmu","https:\/\/www.xing.com\/news\/pages\/organisator-ch-695","https:\/\/www.youtube.com\/channel\/UCGP2Sq0iWaZwT3BdIAQFYpw"]},{"@type":"Person","@id":"https:\/\/www.organisator.ch\/#\/schema\/person\/4e51799071cd2dd1232ac003643ef5f0","name":"galledia","image":{"@type":"ImageObject","inLanguage":"fr-FR","@id":"https:\/\/secure.gravatar.com\/avatar\/78a7f90c01fc2bfc875782a0d4922b37cde2cf184ce347b91316d23cd7f69a36?s=96&d=mm&r=g","url":"https:\/\/secure.gravatar.com\/avatar\/78a7f90c01fc2bfc875782a0d4922b37cde2cf184ce347b91316d23cd7f69a36?s=96&d=mm&r=g","contentUrl":"https:\/\/secure.gravatar.com\/avatar\/78a7f90c01fc2bfc875782a0d4922b37cde2cf184ce347b91316d23cd7f69a36?s=96&d=mm&r=g","caption":"galledia"},"sameAs":["https:\/\/x.com\/admin"],"url":"https:\/\/www.organisator.ch\/fr\/author\/galledia\/"}]}},"_links":{"self":[{"href":"https:\/\/www.organisator.ch\/fr\/wp-json\/wp\/v2\/posts\/17923","targetHints":{"allow":["GET"]}}],"collection":[{"href":"https:\/\/www.organisator.ch\/fr\/wp-json\/wp\/v2\/posts"}],"about":[{"href":"https:\/\/www.organisator.ch\/fr\/wp-json\/wp\/v2\/types\/post"}],"author":[{"embeddable":true,"href":"https:\/\/www.organisator.ch\/fr\/wp-json\/wp\/v2\/users\/8"}],"replies":[{"embeddable":true,"href":"https:\/\/www.organisator.ch\/fr\/wp-json\/wp\/v2\/comments?post=17923"}],"version-history":[{"count":4,"href":"https:\/\/www.organisator.ch\/fr\/wp-json\/wp\/v2\/posts\/17923\/revisions"}],"predecessor-version":[{"id":33606,"href":"https:\/\/www.organisator.ch\/fr\/wp-json\/wp\/v2\/posts\/17923\/revisions\/33606"}],"wp:attachment":[{"href":"https:\/\/www.organisator.ch\/fr\/wp-json\/wp\/v2\/media?parent=17923"}],"wp:term":[{"taxonomy":"category","embeddable":true,"href":"https:\/\/www.organisator.ch\/fr\/wp-json\/wp\/v2\/categories?post=17923"},{"taxonomy":"post_tag","embeddable":true,"href":"https:\/\/www.organisator.ch\/fr\/wp-json\/wp\/v2\/tags?post=17923"}],"curies":[{"name":"wp","href":"https:\/\/api.w.org\/{rel}","templated":true}]}}