{"id":1794,"date":"2017-04-13T17:15:24","date_gmt":"2017-04-13T15:15:24","guid":{"rendered":"https:\/\/www.organisator.ch\/?p=1794"},"modified":"2017-04-13T17:15:24","modified_gmt":"2017-04-13T15:15:24","slug":"kmu-studie-2017","status":"publish","type":"post","link":"https:\/\/www.organisator.ch\/fr\/allgemein\/2017-04-13\/kmu-studie-2017\/","title":{"rendered":"\u00c9tude sur les PME 2017"},"content":{"rendered":"<figure id=\"attachment_1795\" aria-describedby=\"caption-attachment-1795\" style=\"width: 640px\" class=\"wp-caption alignnone\"><img loading=\"lazy\" decoding=\"async\" class=\"size-full wp-image-1795\" src=\"https:\/\/www.organisator.ch\/wp-content\/uploads\/2017\/04\/KMU-Studie-2017-org-organisator.jpg\" alt=\"\" width=\"640\" height=\"405\" srcset=\"https:\/\/www.organisator.ch\/wp-content\/uploads\/2017\/04\/KMU-Studie-2017-org-organisator.jpg 640w, https:\/\/www.organisator.ch\/wp-content\/uploads\/2017\/04\/KMU-Studie-2017-org-organisator-16x10.jpg 16w, https:\/\/www.organisator.ch\/wp-content\/uploads\/2017\/04\/KMU-Studie-2017-org-organisator-277x175.jpg 277w, https:\/\/www.organisator.ch\/wp-content\/uploads\/2017\/04\/KMU-Studie-2017-org-organisator-553x350.jpg 553w, https:\/\/www.organisator.ch\/wp-content\/uploads\/2017\/04\/KMU-Studie-2017-org-organisator-300x190.jpg 300w\" sizes=\"auto, (max-width: 640px) 100vw, 640px\" \/><figcaption id=\"caption-attachment-1795\" class=\"wp-caption-text\">Selon la nouvelle \u00e9tude sur les PME, les dirigeants de PME ont en moyenne pr\u00e8s de 49 ans. (Image : depositphotos)<\/figcaption><\/figure>\n<p>La derni\u00e8re \u00e9dition de l'\u00e9tude PME suisses 2017, qui reprend les chiffres collect\u00e9s par l'OFS en 2014, montre que le paysage entrepreneurial suisse n'est pas domin\u00e9 par les grandes entreprises de 250 collaborateurs et plus, mais par ce que l'on appelle les micro-entreprises de moins de 10 collaborateurs (92.4%). Les petites et moyennes entreprises suisses (99.8% de toutes les entreprises) emploient au total environ deux tiers du personnel des entreprises marchandes.<\/p>\n<p>Malgr\u00e9 leur domination, il serait faux de mettre toutes les PME dans le m\u00eame panier. Malgr\u00e9 une taille d'entreprise similaire, il existe d'\u00e9normes diff\u00e9rences. Ainsi, le coiffeur, la boulangerie, l'entreprise de peinture ou l'agence de publicit\u00e9 du coin comptent tout autant parmi les PME que les leaders mondiaux de la haute technologie dans le domaine de la technique m\u00e9dicale ou de la fabrication de drones.<\/p>\n<p><strong>La Suisse compte de nombreuses entreprises individuelles<\/strong><\/p>\n<p>En ce qui concerne les formes juridiques, on constate que la plupart des PME sont organis\u00e9es en entreprises individuelles. Dans l'agriculture en particulier, pr\u00e8s de 88% des PME sont des entreprises individuelles. Les PME du secteur de l'industrie et des services sont souvent organis\u00e9es en soci\u00e9t\u00e9s anonymes ou en S\u00e0rl. Plus la taille de l'entreprise augmente, plus le nombre de soci\u00e9t\u00e9s individuelles et de S\u00e0rl tend \u00e0 diminuer.<\/p>\n<p><strong>Les directeurs ont environ 50 ans<\/strong><\/p>\n<p>Une nouveaut\u00e9 de la pr\u00e9sente \u00e9tude a \u00e9t\u00e9 d'examiner de plus pr\u00e8s l'\u00e2ge de la direction. Pour ce faire, nous avons utilis\u00e9 l'enqu\u00eate de l'Office f\u00e9d\u00e9ral de la statistique (ESPA) sur la population active. Le r\u00e9sultat montre que, tous secteurs confondus, l'\u00e2ge moyen des dirigeants se situe autour de 50 ans. Les dirigeants des micro-entreprises sont en moyenne plus \u00e2g\u00e9s que ceux des petites et moyennes entreprises. Ainsi, les cadres des micro-entreprises ont en moyenne pr\u00e8s de 49 ans et les directeurs 50 ans.<\/p>\n<p>Dans les entreprises de plus de 100 employ\u00e9s, les cadres ont en moyenne 44 ans et les chefs d'entreprise 47 ans. Si l'on regarde au-del\u00e0 des fronti\u00e8res, on constate que la part des PME est similaire dans la plupart des pays europ\u00e9ens, mais qu'il existe des diff\u00e9rences en termes de nombre d'employ\u00e9s. Ainsi, les grandes entreprises britanniques et allemandes emploient proportionnellement plus de personnes que leurs homologues suisses.<\/p>\n<p>PME-HSG et OBT s'int\u00e9ressent depuis des d\u00e9cennies aux int\u00e9r\u00eats et aux d\u00e9fis des PME, que ce soit dans la recherche ou dans la pratique entrepreneuriale. La pr\u00e9sente s\u00e9rie d'\u00e9tudes, bas\u00e9e sur les chiffres les plus r\u00e9cents de l'OFS, vise \u00e0 offrir une plus-value aux entrepreneurs et \u00e0 la soci\u00e9t\u00e9 en donnant une vue d'ensemble des PME en Suisse et en comparaison internationale.<\/p>\n<p>On peut attendre avec impatience les prochains chiffres sur les PME de l'OFS \u00e0 la fin de cette ann\u00e9e, car ils montreront les effets partiels de l'abolition du cours plancher franc-euro sur les PME.<\/p>\n<p>L'\u00e9tude sur les PME suisses peut \u00eatre consult\u00e9e sur ces <a href=\"http:\/\/www.kmu.unisg.ch\/kmu-zahlen\">Site <\/a>peut \u00eatre t\u00e9l\u00e9charg\u00e9.<\/p>\n<p>&nbsp;<\/p>\n<p>&nbsp;<\/p>","protected":false},"excerpt":{"rendered":"<p>Die aktuellste Ausgabe der Schweizer KMU-Studie 2017 mit den vom BfS im Jahr 2014 erhobenen Zahlen zeigt, dass nicht grosse Unternehmen ab 250 Mitarbeitenden, sondern sogenannte Kleinstunternehmen mit weniger als 10 Mitarbeitenden (92.4%) die Schweizer Unternehmenslandschaft dominieren. Die Schweizer Klein- und Mittelunternehmen (99.8% aller Unternehmen) besch\u00e4ftigen total etwa zwei Drittel der Belegschaft der marktwirtschaftlichen Unternehmen. [&hellip;]<\/p>\n","protected":false},"author":5,"featured_media":1795,"comment_status":"open","ping_status":"open","sticky":false,"template":"","format":"standard","meta":{"_acf_changed":false,"_yoast_wpseo_focuskw":"KMU-Studie 2017","_yoast_wpseo_metadesc":"Die aktuelle Schweizer KMU-Studie mit den Zahlen des Bundesamts f\u00fcr Statistik (BfS) ist nun bereits die 5. Ausgabe dieser Studienserie.","articlekey":"","footnotes":""},"categories":[1],"tags":[238,301,304],"class_list":["post-1794","post","type-post","status-publish","format-standard","has-post-thumbnail","hentry","category-allgemein","tag-geschaeftsfuehrung","tag-kmu","tag-kmu-studie-2017"],"acf":[],"yoast_head":"<!-- This site is optimized with the Yoast SEO plugin v27.4 - https:\/\/yoast.com\/product\/yoast-seo-wordpress\/ -->\n<title>KMU-Studie 2017 - Organisator<\/title>\n<meta name=\"description\" content=\"Die aktuelle Schweizer KMU-Studie mit den Zahlen des Bundesamts f\u00fcr Statistik (BfS) ist nun bereits die 5. Ausgabe dieser Studienserie.\" \/>\n<meta name=\"robots\" content=\"index, follow, max-snippet:-1, max-image-preview:large, max-video-preview:-1\" \/>\n<link rel=\"canonical\" href=\"https:\/\/www.organisator.ch\/fr\/general\/2017-04-13\/kmu-studie-2017\/\" \/>\n<meta property=\"og:locale\" content=\"fr_FR\" \/>\n<meta property=\"og:type\" content=\"article\" \/>\n<meta property=\"og:title\" content=\"KMU-Studie 2017 - Organisator\" \/>\n<meta property=\"og:description\" content=\"Die aktuelle Schweizer KMU-Studie mit den Zahlen des Bundesamts f\u00fcr Statistik (BfS) ist nun bereits die 5. Ausgabe dieser Studienserie.\" \/>\n<meta property=\"og:url\" content=\"https:\/\/www.organisator.ch\/fr\/general\/2017-04-13\/kmu-studie-2017\/\" \/>\n<meta property=\"og:site_name\" content=\"Organisator\" \/>\n<meta property=\"article:publisher\" content=\"https:\/\/www.facebook.com\/OrganisatorFachmagazin\" \/>\n<meta property=\"article:published_time\" content=\"2017-04-13T15:15:24+00:00\" \/>\n<meta property=\"og:image\" content=\"https:\/\/www.organisator.ch\/wp-content\/uploads\/2017\/04\/KMU-Studie-2017-org-organisator.jpg\" \/>\n\t<meta property=\"og:image:width\" content=\"640\" \/>\n\t<meta property=\"og:image:height\" content=\"405\" \/>\n\t<meta property=\"og:image:type\" content=\"image\/jpeg\" \/>\n<meta name=\"author\" content=\"michael.merz\" \/>\n<meta name=\"twitter:card\" content=\"summary_large_image\" \/>\n<script type=\"application\/ld+json\" class=\"yoast-schema-graph\">{\"@context\":\"https:\\\/\\\/schema.org\",\"@graph\":[{\"@type\":\"Article\",\"@id\":\"https:\\\/\\\/www.organisator.ch\\\/de\\\/allgemein\\\/2017-04-13\\\/kmu-studie-2017\\\/#article\",\"isPartOf\":{\"@id\":\"https:\\\/\\\/www.organisator.ch\\\/de\\\/allgemein\\\/2017-04-13\\\/kmu-studie-2017\\\/\"},\"author\":{\"name\":\"michael.merz\",\"@id\":\"https:\\\/\\\/www.organisator.ch\\\/#\\\/schema\\\/person\\\/134708ca9321c57b0362cceb7948ffbd\"},\"headline\":\"KMU-Studie 2017\",\"datePublished\":\"2017-04-13T15:15:24+00:00\",\"mainEntityOfPage\":{\"@id\":\"https:\\\/\\\/www.organisator.ch\\\/de\\\/allgemein\\\/2017-04-13\\\/kmu-studie-2017\\\/\"},\"wordCount\":431,\"commentCount\":0,\"publisher\":{\"@id\":\"https:\\\/\\\/www.organisator.ch\\\/#organization\"},\"image\":{\"@id\":\"https:\\\/\\\/www.organisator.ch\\\/de\\\/allgemein\\\/2017-04-13\\\/kmu-studie-2017\\\/#primaryimage\"},\"thumbnailUrl\":\"https:\\\/\\\/www.organisator.ch\\\/wp-content\\\/uploads\\\/2017\\\/04\\\/KMU-Studie-2017-org-organisator.jpg\",\"keywords\":[\"Gesch\u00e4ftsf\u00fchrung\",\"KMU\",\"KMU-Studie 2017\"],\"articleSection\":[\"Allgemein\"],\"inLanguage\":\"fr-FR\"},{\"@type\":\"WebPage\",\"@id\":\"https:\\\/\\\/www.organisator.ch\\\/de\\\/allgemein\\\/2017-04-13\\\/kmu-studie-2017\\\/\",\"url\":\"https:\\\/\\\/www.organisator.ch\\\/de\\\/allgemein\\\/2017-04-13\\\/kmu-studie-2017\\\/\",\"name\":\"KMU-Studie 2017 - Organisator\",\"isPartOf\":{\"@id\":\"https:\\\/\\\/www.organisator.ch\\\/#website\"},\"primaryImageOfPage\":{\"@id\":\"https:\\\/\\\/www.organisator.ch\\\/de\\\/allgemein\\\/2017-04-13\\\/kmu-studie-2017\\\/#primaryimage\"},\"image\":{\"@id\":\"https:\\\/\\\/www.organisator.ch\\\/de\\\/allgemein\\\/2017-04-13\\\/kmu-studie-2017\\\/#primaryimage\"},\"thumbnailUrl\":\"https:\\\/\\\/www.organisator.ch\\\/wp-content\\\/uploads\\\/2017\\\/04\\\/KMU-Studie-2017-org-organisator.jpg\",\"datePublished\":\"2017-04-13T15:15:24+00:00\",\"description\":\"Die aktuelle Schweizer KMU-Studie mit den Zahlen des Bundesamts f\u00fcr Statistik (BfS) ist nun bereits die 5. Ausgabe dieser Studienserie.\",\"breadcrumb\":{\"@id\":\"https:\\\/\\\/www.organisator.ch\\\/de\\\/allgemein\\\/2017-04-13\\\/kmu-studie-2017\\\/#breadcrumb\"},\"inLanguage\":\"fr-FR\",\"potentialAction\":[{\"@type\":\"ReadAction\",\"target\":[\"https:\\\/\\\/www.organisator.ch\\\/de\\\/allgemein\\\/2017-04-13\\\/kmu-studie-2017\\\/\"]}]},{\"@type\":\"ImageObject\",\"inLanguage\":\"fr-FR\",\"@id\":\"https:\\\/\\\/www.organisator.ch\\\/de\\\/allgemein\\\/2017-04-13\\\/kmu-studie-2017\\\/#primaryimage\",\"url\":\"https:\\\/\\\/www.organisator.ch\\\/wp-content\\\/uploads\\\/2017\\\/04\\\/KMU-Studie-2017-org-organisator.jpg\",\"contentUrl\":\"https:\\\/\\\/www.organisator.ch\\\/wp-content\\\/uploads\\\/2017\\\/04\\\/KMU-Studie-2017-org-organisator.jpg\",\"width\":640,\"height\":405,\"caption\":\"Laut der neuen KMU Studie sind KMU F\u00fchrungskr\u00e4fte im Schnitt fast 49 alt. (Bild: depositphotos)\"},{\"@type\":\"BreadcrumbList\",\"@id\":\"https:\\\/\\\/www.organisator.ch\\\/de\\\/allgemein\\\/2017-04-13\\\/kmu-studie-2017\\\/#breadcrumb\",\"itemListElement\":[{\"@type\":\"ListItem\",\"position\":1,\"name\":\"Home\",\"item\":\"https:\\\/\\\/www.organisator.ch\\\/\"},{\"@type\":\"ListItem\",\"position\":2,\"name\":\"KMU-Studie 2017\"}]},{\"@type\":\"WebSite\",\"@id\":\"https:\\\/\\\/www.organisator.ch\\\/#website\",\"url\":\"https:\\\/\\\/www.organisator.ch\\\/\",\"name\":\"Organisator\",\"description\":\"Kompetent. Praxisnah. Der ORGANISATOR bereitet in 10 Ausgaben pro Jahr die wesentlichen Themen f\u00fcr F\u00fchrungskr\u00e4fte von KMU auf.\",\"publisher\":{\"@id\":\"https:\\\/\\\/www.organisator.ch\\\/#organization\"},\"potentialAction\":[{\"@type\":\"SearchAction\",\"target\":{\"@type\":\"EntryPoint\",\"urlTemplate\":\"https:\\\/\\\/www.organisator.ch\\\/?s={search_term_string}\"},\"query-input\":{\"@type\":\"PropertyValueSpecification\",\"valueRequired\":true,\"valueName\":\"search_term_string\"}}],\"inLanguage\":\"fr-FR\"},{\"@type\":\"Organization\",\"@id\":\"https:\\\/\\\/www.organisator.ch\\\/#organization\",\"name\":\"Organisator\",\"url\":\"https:\\\/\\\/www.organisator.ch\\\/\",\"logo\":{\"@type\":\"ImageObject\",\"inLanguage\":\"fr-FR\",\"@id\":\"https:\\\/\\\/www.organisator.ch\\\/#\\\/schema\\\/logo\\\/image\\\/\",\"url\":\"https:\\\/\\\/www.organisator.ch\\\/wp-content\\\/uploads\\\/2022\\\/01\\\/Logo_Organisator_Website.png\",\"contentUrl\":\"https:\\\/\\\/www.organisator.ch\\\/wp-content\\\/uploads\\\/2022\\\/01\\\/Logo_Organisator_Website.png\",\"width\":800,\"height\":77,\"caption\":\"Organisator\"},\"image\":{\"@id\":\"https:\\\/\\\/www.organisator.ch\\\/#\\\/schema\\\/logo\\\/image\\\/\"},\"sameAs\":[\"https:\\\/\\\/www.facebook.com\\\/OrganisatorFachmagazin\",\"https:\\\/\\\/www.linkedin.com\\\/showcase\\\/organisator-das-magazin-fr-kmu\",\"https:\\\/\\\/www.xing.com\\\/news\\\/pages\\\/organisator-ch-695\",\"https:\\\/\\\/www.youtube.com\\\/channel\\\/UCGP2Sq0iWaZwT3BdIAQFYpw\"]},{\"@type\":\"Person\",\"@id\":\"https:\\\/\\\/www.organisator.ch\\\/#\\\/schema\\\/person\\\/134708ca9321c57b0362cceb7948ffbd\",\"name\":\"michael.merz\",\"image\":{\"@type\":\"ImageObject\",\"inLanguage\":\"fr-FR\",\"@id\":\"https:\\\/\\\/secure.gravatar.com\\\/avatar\\\/?s=96&d=mm&r=g\",\"url\":\"https:\\\/\\\/secure.gravatar.com\\\/avatar\\\/?s=96&d=mm&r=g\",\"contentUrl\":\"https:\\\/\\\/secure.gravatar.com\\\/avatar\\\/?s=96&d=mm&r=g\",\"caption\":\"michael.merz\"},\"url\":\"https:\\\/\\\/www.organisator.ch\\\/fr\\\/author\\\/michael-merz\\\/\"}]}<\/script>\n<!-- \/ Yoast SEO plugin. -->","yoast_head_json":{"title":"\u00c9tude PME 2017 - Organisateur","description":"La derni\u00e8re \u00e9tude sur les PME suisses, qui reprend les chiffres de l'Office f\u00e9d\u00e9ral de la statistique (OFS), est d\u00e9j\u00e0 la 5e \u00e9dition de cette s\u00e9rie d'\u00e9tudes.","robots":{"index":"index","follow":"follow","max-snippet":"max-snippet:-1","max-image-preview":"max-image-preview:large","max-video-preview":"max-video-preview:-1"},"canonical":"https:\/\/www.organisator.ch\/fr\/general\/2017-04-13\/kmu-studie-2017\/","og_locale":"fr_FR","og_type":"article","og_title":"KMU-Studie 2017 - Organisator","og_description":"Die aktuelle Schweizer KMU-Studie mit den Zahlen des Bundesamts f\u00fcr Statistik (BfS) ist nun bereits die 5. Ausgabe dieser Studienserie.","og_url":"https:\/\/www.organisator.ch\/fr\/general\/2017-04-13\/kmu-studie-2017\/","og_site_name":"Organisator","article_publisher":"https:\/\/www.facebook.com\/OrganisatorFachmagazin","article_published_time":"2017-04-13T15:15:24+00:00","og_image":[{"width":640,"height":405,"url":"https:\/\/www.organisator.ch\/wp-content\/uploads\/2017\/04\/KMU-Studie-2017-org-organisator.jpg","type":"image\/jpeg"}],"author":"michael.merz","twitter_card":"summary_large_image","schema":{"@context":"https:\/\/schema.org","@graph":[{"@type":"Article","@id":"https:\/\/www.organisator.ch\/de\/allgemein\/2017-04-13\/kmu-studie-2017\/#article","isPartOf":{"@id":"https:\/\/www.organisator.ch\/de\/allgemein\/2017-04-13\/kmu-studie-2017\/"},"author":{"name":"michael.merz","@id":"https:\/\/www.organisator.ch\/#\/schema\/person\/134708ca9321c57b0362cceb7948ffbd"},"headline":"KMU-Studie 2017","datePublished":"2017-04-13T15:15:24+00:00","mainEntityOfPage":{"@id":"https:\/\/www.organisator.ch\/de\/allgemein\/2017-04-13\/kmu-studie-2017\/"},"wordCount":431,"commentCount":0,"publisher":{"@id":"https:\/\/www.organisator.ch\/#organization"},"image":{"@id":"https:\/\/www.organisator.ch\/de\/allgemein\/2017-04-13\/kmu-studie-2017\/#primaryimage"},"thumbnailUrl":"https:\/\/www.organisator.ch\/wp-content\/uploads\/2017\/04\/KMU-Studie-2017-org-organisator.jpg","keywords":["Gesch\u00e4ftsf\u00fchrung","KMU","KMU-Studie 2017"],"articleSection":["Allgemein"],"inLanguage":"fr-FR"},{"@type":"WebPage","@id":"https:\/\/www.organisator.ch\/de\/allgemein\/2017-04-13\/kmu-studie-2017\/","url":"https:\/\/www.organisator.ch\/de\/allgemein\/2017-04-13\/kmu-studie-2017\/","name":"\u00c9tude PME 2017 - Organisateur","isPartOf":{"@id":"https:\/\/www.organisator.ch\/#website"},"primaryImageOfPage":{"@id":"https:\/\/www.organisator.ch\/de\/allgemein\/2017-04-13\/kmu-studie-2017\/#primaryimage"},"image":{"@id":"https:\/\/www.organisator.ch\/de\/allgemein\/2017-04-13\/kmu-studie-2017\/#primaryimage"},"thumbnailUrl":"https:\/\/www.organisator.ch\/wp-content\/uploads\/2017\/04\/KMU-Studie-2017-org-organisator.jpg","datePublished":"2017-04-13T15:15:24+00:00","description":"La derni\u00e8re \u00e9tude sur les PME suisses, qui reprend les chiffres de l'Office f\u00e9d\u00e9ral de la statistique (OFS), est d\u00e9j\u00e0 la 5e \u00e9dition de cette s\u00e9rie d'\u00e9tudes.","breadcrumb":{"@id":"https:\/\/www.organisator.ch\/de\/allgemein\/2017-04-13\/kmu-studie-2017\/#breadcrumb"},"inLanguage":"fr-FR","potentialAction":[{"@type":"ReadAction","target":["https:\/\/www.organisator.ch\/de\/allgemein\/2017-04-13\/kmu-studie-2017\/"]}]},{"@type":"ImageObject","inLanguage":"fr-FR","@id":"https:\/\/www.organisator.ch\/de\/allgemein\/2017-04-13\/kmu-studie-2017\/#primaryimage","url":"https:\/\/www.organisator.ch\/wp-content\/uploads\/2017\/04\/KMU-Studie-2017-org-organisator.jpg","contentUrl":"https:\/\/www.organisator.ch\/wp-content\/uploads\/2017\/04\/KMU-Studie-2017-org-organisator.jpg","width":640,"height":405,"caption":"Laut der neuen KMU Studie sind KMU F\u00fchrungskr\u00e4fte im Schnitt fast 49 alt. (Bild: depositphotos)"},{"@type":"BreadcrumbList","@id":"https:\/\/www.organisator.ch\/de\/allgemein\/2017-04-13\/kmu-studie-2017\/#breadcrumb","itemListElement":[{"@type":"ListItem","position":1,"name":"Home","item":"https:\/\/www.organisator.ch\/"},{"@type":"ListItem","position":2,"name":"KMU-Studie 2017"}]},{"@type":"WebSite","@id":"https:\/\/www.organisator.ch\/#website","url":"https:\/\/www.organisator.ch\/","name":"Organisateur","description":"Comp\u00e9tence et comp\u00e9tence. Proches de la pratique. L'ORGANISATEUR pr\u00e9pare 10 num\u00e9ros par an sur les th\u00e8mes essentiels pour les dirigeants de PME.","publisher":{"@id":"https:\/\/www.organisator.ch\/#organization"},"potentialAction":[{"@type":"SearchAction","target":{"@type":"EntryPoint","urlTemplate":"https:\/\/www.organisator.ch\/?s={search_term_string}"},"query-input":{"@type":"PropertyValueSpecification","valueRequired":true,"valueName":"search_term_string"}}],"inLanguage":"fr-FR"},{"@type":"Organization","@id":"https:\/\/www.organisator.ch\/#organization","name":"Organisateur","url":"https:\/\/www.organisator.ch\/","logo":{"@type":"ImageObject","inLanguage":"fr-FR","@id":"https:\/\/www.organisator.ch\/#\/schema\/logo\/image\/","url":"https:\/\/www.organisator.ch\/wp-content\/uploads\/2022\/01\/Logo_Organisator_Website.png","contentUrl":"https:\/\/www.organisator.ch\/wp-content\/uploads\/2022\/01\/Logo_Organisator_Website.png","width":800,"height":77,"caption":"Organisator"},"image":{"@id":"https:\/\/www.organisator.ch\/#\/schema\/logo\/image\/"},"sameAs":["https:\/\/www.facebook.com\/OrganisatorFachmagazin","https:\/\/www.linkedin.com\/showcase\/organisator-das-magazin-fr-kmu","https:\/\/www.xing.com\/news\/pages\/organisator-ch-695","https:\/\/www.youtube.com\/channel\/UCGP2Sq0iWaZwT3BdIAQFYpw"]},{"@type":"Person","@id":"https:\/\/www.organisator.ch\/#\/schema\/person\/134708ca9321c57b0362cceb7948ffbd","name":"michael.merz","image":{"@type":"ImageObject","inLanguage":"fr-FR","@id":"https:\/\/secure.gravatar.com\/avatar\/?s=96&d=mm&r=g","url":"https:\/\/secure.gravatar.com\/avatar\/?s=96&d=mm&r=g","contentUrl":"https:\/\/secure.gravatar.com\/avatar\/?s=96&d=mm&r=g","caption":"michael.merz"},"url":"https:\/\/www.organisator.ch\/fr\/author\/michael-merz\/"}]}},"_links":{"self":[{"href":"https:\/\/www.organisator.ch\/fr\/wp-json\/wp\/v2\/posts\/1794","targetHints":{"allow":["GET"]}}],"collection":[{"href":"https:\/\/www.organisator.ch\/fr\/wp-json\/wp\/v2\/posts"}],"about":[{"href":"https:\/\/www.organisator.ch\/fr\/wp-json\/wp\/v2\/types\/post"}],"author":[{"embeddable":true,"href":"https:\/\/www.organisator.ch\/fr\/wp-json\/wp\/v2\/users\/5"}],"replies":[{"embeddable":true,"href":"https:\/\/www.organisator.ch\/fr\/wp-json\/wp\/v2\/comments?post=1794"}],"version-history":[{"count":0,"href":"https:\/\/www.organisator.ch\/fr\/wp-json\/wp\/v2\/posts\/1794\/revisions"}],"wp:featuredmedia":[{"embeddable":true,"href":"https:\/\/www.organisator.ch\/fr\/wp-json\/wp\/v2\/media\/1795"}],"wp:attachment":[{"href":"https:\/\/www.organisator.ch\/fr\/wp-json\/wp\/v2\/media?parent=1794"}],"wp:term":[{"taxonomy":"category","embeddable":true,"href":"https:\/\/www.organisator.ch\/fr\/wp-json\/wp\/v2\/categories?post=1794"},{"taxonomy":"post_tag","embeddable":true,"href":"https:\/\/www.organisator.ch\/fr\/wp-json\/wp\/v2\/tags?post=1794"}],"curies":[{"name":"wp","href":"https:\/\/api.w.org\/{rel}","templated":true}]}}